{"id":1068307,"date":"2025-12-10T18:48:45","date_gmt":"2025-12-10T17:48:45","guid":{"rendered":"https:\/\/www.ugtcomunicaciones.es\/wordpress\/?p=1068307"},"modified":"2025-12-11T09:54:52","modified_gmt":"2025-12-11T08:54:52","slug":"ugt-avances-prorroga-iii-cev","status":"publish","type":"post","link":"https:\/\/www.ugtcomunicaciones.es\/wordpress\/ugt-avances-prorroga-iii-cev\/","title":{"rendered":"Avances significativos en la III reuni\u00f3n para la pr\u00f3rroga del III CEV"},"content":{"rendered":"<p>UGT valora positivamente los avances obtenidos en la tercera reuni\u00f3n de la negociaci\u00f3n para la pr\u00f3rroga del III Convenio de Empresas Vinculadas (CEV). Aunque varios puntos est\u00e1n pendientes de firma, el sindicato subraya que los progresos alcanzados permiten vislumbrar un escenario favorable, siempre que se sigan atendiendo las reivindicaciones clave a\u00fan pendientes.<\/p>\n<p><strong>Principales logros alcanzados (pendientes de firma)<\/strong><\/p>\n<p><strong>Incrementos salariales<\/strong><br \/>\nUGT ha logrado asegurar una subida salarial del 1,5% por cada a\u00f1o de vigencia del convenio, junto con un plus de octubre de 300 euros \u2014del cual la mitad quedar\u00e1 consolidada\u2014. Adem\u00e1s, se mantiene el actual modelo retributivo, incluyendo bienios y saltos de nivel, as\u00ed como la garant\u00eda de conservaci\u00f3n del complemento en situaciones de Incapacidad Temporal.<\/p>\n<p><strong>Aval para adquisici\u00f3n de vivienda<\/strong><br \/>\nLa empresa acepta elevar hasta 100.000 euros el importe m\u00e1ximo del aval destinado a la compra de primera vivienda.<\/p>\n<p><strong>Teletrabajo y flexibilidad<\/strong><br \/>\nSe habilita la opci\u00f3n de teletrabajo en horario de tarde.<br \/>\nLas fiestas locales podr\u00e1n acumularse y redistribuirse, permitiendo su disfrute en periodos como Semana Santa o Navidad.<\/p>\n<p><strong>Movilidad geogr\u00e1fica voluntaria<\/strong><br \/>\nLa empresa se compromete, a petici\u00f3n de UGT, a activar m\u00e1s de 100 procesos de movilidad geogr\u00e1fica voluntaria en los pr\u00f3ximos meses, con el fin de reforzar el empleo en los territorios.<\/p>\n<p><strong>Promoci\u00f3n y desarrollo profesional<\/strong><br \/>\nTras nuestra solicitud, la empresa presentar\u00e1 en la pr\u00f3xima reuni\u00f3n un modelo de promoci\u00f3n y desarrollo profesional.<\/p>\n<p><strong>Situaci\u00f3n actual de la negociaci\u00f3n<\/strong><br \/>\nUGT considera positivos los avances, aunque advierte de que a\u00fan quedan elementos esenciales por desarrollar para alcanzar un acuerdo final realista y equilibrado.<br \/>\nHemos sido claros:<br \/>\nno aceptar\u00e1 ninguna propuesta final que no incluya dos revisiones salariales, una el 31 de diciembre de 2026 y otra al t\u00e9rmino de la pr\u00f3rroga en 2030.<\/p>\n<p><strong>Reivindicaciones pendientes para UGT<\/strong><\/p>\n<p>\u2022 Incremento sustancial de la bolsa de Tiempo de Trabajo (TT).<br \/>\n\u2022 Duplicaci\u00f3n de la p\u00f3liza de reembolso dental.<br \/>\n\u2022 Kilometraje fijado en 0,33 \u20ac\/km para todas las plantillas a partir del 1 de enero de 2026.<br \/>\n\u2022 Convocatoria de un volumen significativo de concursos de m\u00e9ritos, a la espera de concreci\u00f3n por parte de la empresa.<br \/>\n\u2022 Permisos retribuidos: eliminaci\u00f3n del l\u00edmite de 21 d\u00edas y posibilidad de uso fraccionado.<br \/>\n\u2022 Mejoras en el protocolo de emergencias para incorporar automatismos eficaces.<br \/>\n\u2022 Avances en la reducci\u00f3n del tiempo de trabajo mediante un c\u00f3mputo anual m\u00e1s reducido.<\/p>\n<p><strong>Un \u00fanico proceso negociador<\/strong><br \/>\nUGT reitera que las negociaciones del convenio y del ERE forman parte de un \u00fanico proceso que debe avanzar de forma paralela y equilibrada.<br \/>\nLa organizaci\u00f3n sindical recuerda a la empresa que, si desea alcanzar un acuerdo, conoce perfectamente cu\u00e1les son las reivindicaciones que a\u00fan deben resolverse.<\/p>\n","protected":false},"excerpt":{"rendered":"<p>UGT valora positivamente los avances obtenidos en la tercera reuni\u00f3n de la negociaci\u00f3n para la pr\u00f3rroga del III Convenio de Empresas Vinculadas (CEV). Aunque varios puntos est\u00e1n pendientes de firma, el sindicato subraya que los progresos alcanzados permiten vislumbrar un escenario favorable, siempre que se sigan atendiendo las reivindicaciones clave a\u00fan pendientes. Principales logros alcanzados [&hellip;]<\/p>\n","protected":false},"author":10,"featured_media":1068308,"comment_status":"closed","ping_status":"closed","sticky":false,"template":"","format":"standard","meta":{"footnotes":""},"categories":[8,25,7,26],"tags":[],"class_list":["post-1068307","post","type-post","status-publish","format-standard","has-post-thumbnail","hentry","category-telefonica-cev","category-telefonica","category-telefonica-moviles","category-telefonica-soluciones"],"yoast_head":"<!-- This site is optimized with the Yoast SEO Premium plugin v27.3 (Yoast SEO v27.4) - https:\/\/yoast.com\/product\/yoast-seo-premium-wordpress\/ -->\n<title>Avances significativos en la III reuni\u00f3n para la pr\u00f3rroga del III CEV - UGT Comunicaciones<\/title>\n<meta name=\"description\" content=\"UGT valora positivamente los avances en la tercera reuni\u00f3n de la negociaci\u00f3n para la pr\u00f3rroga del III Convenio de Empresas Vinculadas (CEV).\" \/>\n<meta name=\"robots\" content=\"index, follow, max-snippet:-1, max-image-preview:large, max-video-preview:-1\" \/>\n<link rel=\"canonical\" href=\"https:\/\/www.ugtcomunicaciones.es\/wordpress\/ugt-avances-prorroga-iii-cev\/\" \/>\n<meta property=\"og:locale\" content=\"es_ES\" \/>\n<meta property=\"og:type\" content=\"article\" \/>\n<meta property=\"og:title\" content=\"Avances significativos en la III reuni\u00f3n para la pr\u00f3rroga del III CEV\" \/>\n<meta property=\"og:description\" content=\"UGT valora positivamente los avances en la tercera reuni\u00f3n de la negociaci\u00f3n para la pr\u00f3rroga del III Convenio de Empresas Vinculadas (CEV).\" \/>\n<meta property=\"og:url\" content=\"https:\/\/www.ugtcomunicaciones.es\/wordpress\/ugt-avances-prorroga-iii-cev\/\" \/>\n<meta property=\"og:site_name\" content=\"UGT Comunicaciones\" \/>\n<meta property=\"article:publisher\" content=\"https:\/\/www.facebook.com\/ugt.comunicaciones\/\" \/>\n<meta property=\"article:published_time\" content=\"2025-12-10T17:48:45+00:00\" \/>\n<meta property=\"article:modified_time\" content=\"2025-12-11T08:54:52+00:00\" \/>\n<meta property=\"og:image\" content=\"https:\/\/www.ugtcomunicaciones.es\/wordpress\/wp-content\/uploads\/2025\/12\/1951.jpg\" \/>\n\t<meta property=\"og:image:width\" content=\"1500\" \/>\n\t<meta property=\"og:image:height\" content=\"1000\" \/>\n\t<meta property=\"og:image:type\" content=\"image\/jpeg\" \/>\n<meta name=\"author\" content=\"UGT\" \/>\n<meta name=\"twitter:card\" content=\"summary_large_image\" \/>\n<meta name=\"twitter:creator\" content=\"@ugtcom\" \/>\n<meta name=\"twitter:site\" content=\"@ugtcom\" \/>\n<meta name=\"twitter:label1\" content=\"Escrito por\" \/>\n\t<meta name=\"twitter:data1\" content=\"UGT\" \/>\n\t<meta name=\"twitter:label2\" content=\"Tiempo de lectura\" \/>\n\t<meta name=\"twitter:data2\" content=\"3 minutos\" \/>\n<script type=\"application\/ld+json\" class=\"yoast-schema-graph\">{\"@context\":\"https:\\\/\\\/schema.org\",\"@graph\":[{\"@type\":\"Article\",\"@id\":\"https:\\\/\\\/www.ugtcomunicaciones.es\\\/wordpress\\\/ugt-avances-prorroga-iii-cev\\\/#article\",\"isPartOf\":{\"@id\":\"https:\\\/\\\/www.ugtcomunicaciones.es\\\/wordpress\\\/ugt-avances-prorroga-iii-cev\\\/\"},\"author\":{\"name\":\"UGT\",\"@id\":\"https:\\\/\\\/www.ugtcomunicaciones.es\\\/wordpress\\\/#\\\/schema\\\/person\\\/75f8547d370622a8ad1e5b7efe72bebc\"},\"headline\":\"Avances significativos en la III reuni\u00f3n para la pr\u00f3rroga del III CEV\",\"datePublished\":\"2025-12-10T17:48:45+00:00\",\"dateModified\":\"2025-12-11T08:54:52+00:00\",\"mainEntityOfPage\":{\"@id\":\"https:\\\/\\\/www.ugtcomunicaciones.es\\\/wordpress\\\/ugt-avances-prorroga-iii-cev\\\/\"},\"wordCount\":473,\"publisher\":{\"@id\":\"https:\\\/\\\/www.ugtcomunicaciones.es\\\/wordpress\\\/#organization\"},\"image\":{\"@id\":\"https:\\\/\\\/www.ugtcomunicaciones.es\\\/wordpress\\\/ugt-avances-prorroga-iii-cev\\\/#primaryimage\"},\"thumbnailUrl\":\"https:\\\/\\\/www.ugtcomunicaciones.es\\\/wordpress\\\/wp-content\\\/uploads\\\/2025\\\/12\\\/1951.jpg\",\"articleSection\":[\"Telef\u00f3nica CEV\",\"Telef\u00f3nica de Espa\u00f1a\",\"Telef\u00f3nica M\u00f3viles\",\"Telef\u00f3nica Soluciones\"],\"inLanguage\":\"es\"},{\"@type\":\"WebPage\",\"@id\":\"https:\\\/\\\/www.ugtcomunicaciones.es\\\/wordpress\\\/ugt-avances-prorroga-iii-cev\\\/\",\"url\":\"https:\\\/\\\/www.ugtcomunicaciones.es\\\/wordpress\\\/ugt-avances-prorroga-iii-cev\\\/\",\"name\":\"Avances significativos en la III reuni\u00f3n para la pr\u00f3rroga del III CEV - UGT Comunicaciones\",\"isPartOf\":{\"@id\":\"https:\\\/\\\/www.ugtcomunicaciones.es\\\/wordpress\\\/#website\"},\"primaryImageOfPage\":{\"@id\":\"https:\\\/\\\/www.ugtcomunicaciones.es\\\/wordpress\\\/ugt-avances-prorroga-iii-cev\\\/#primaryimage\"},\"image\":{\"@id\":\"https:\\\/\\\/www.ugtcomunicaciones.es\\\/wordpress\\\/ugt-avances-prorroga-iii-cev\\\/#primaryimage\"},\"thumbnailUrl\":\"https:\\\/\\\/www.ugtcomunicaciones.es\\\/wordpress\\\/wp-content\\\/uploads\\\/2025\\\/12\\\/1951.jpg\",\"datePublished\":\"2025-12-10T17:48:45+00:00\",\"dateModified\":\"2025-12-11T08:54:52+00:00\",\"description\":\"UGT valora positivamente los avances en la tercera reuni\u00f3n de la negociaci\u00f3n para la pr\u00f3rroga del III Convenio de Empresas Vinculadas (CEV).\",\"breadcrumb\":{\"@id\":\"https:\\\/\\\/www.ugtcomunicaciones.es\\\/wordpress\\\/ugt-avances-prorroga-iii-cev\\\/#breadcrumb\"},\"inLanguage\":\"es\",\"potentialAction\":[{\"@type\":\"ReadAction\",\"target\":[\"https:\\\/\\\/www.ugtcomunicaciones.es\\\/wordpress\\\/ugt-avances-prorroga-iii-cev\\\/\"]}]},{\"@type\":\"ImageObject\",\"inLanguage\":\"es\",\"@id\":\"https:\\\/\\\/www.ugtcomunicaciones.es\\\/wordpress\\\/ugt-avances-prorroga-iii-cev\\\/#primaryimage\",\"url\":\"https:\\\/\\\/www.ugtcomunicaciones.es\\\/wordpress\\\/wp-content\\\/uploads\\\/2025\\\/12\\\/1951.jpg\",\"contentUrl\":\"https:\\\/\\\/www.ugtcomunicaciones.es\\\/wordpress\\\/wp-content\\\/uploads\\\/2025\\\/12\\\/1951.jpg\",\"width\":1500,\"height\":1000,\"caption\":\"Avances pr\u00f3rroga CEV\"},{\"@type\":\"BreadcrumbList\",\"@id\":\"https:\\\/\\\/www.ugtcomunicaciones.es\\\/wordpress\\\/ugt-avances-prorroga-iii-cev\\\/#breadcrumb\",\"itemListElement\":[{\"@type\":\"ListItem\",\"position\":1,\"name\":\"Portada\",\"item\":\"https:\\\/\\\/www.ugtcomunicaciones.es\\\/wordpress\\\/\"},{\"@type\":\"ListItem\",\"position\":2,\"name\":\"Avances significativos en la III reuni\u00f3n para la pr\u00f3rroga del III CEV\"}]},{\"@type\":\"WebSite\",\"@id\":\"https:\\\/\\\/www.ugtcomunicaciones.es\\\/wordpress\\\/#website\",\"url\":\"https:\\\/\\\/www.ugtcomunicaciones.es\\\/wordpress\\\/\",\"name\":\"UGT Comunicaciones\",\"description\":\"Sindicato de Telecomunicaciones\",\"publisher\":{\"@id\":\"https:\\\/\\\/www.ugtcomunicaciones.es\\\/wordpress\\\/#organization\"},\"potentialAction\":[{\"@type\":\"SearchAction\",\"target\":{\"@type\":\"EntryPoint\",\"urlTemplate\":\"https:\\\/\\\/www.ugtcomunicaciones.es\\\/wordpress\\\/?s={search_term_string}\"},\"query-input\":{\"@type\":\"PropertyValueSpecification\",\"valueRequired\":true,\"valueName\":\"search_term_string\"}}],\"inLanguage\":\"es\"},{\"@type\":\"Organization\",\"@id\":\"https:\\\/\\\/www.ugtcomunicaciones.es\\\/wordpress\\\/#organization\",\"name\":\"UGT Comunicaciones\",\"url\":\"https:\\\/\\\/www.ugtcomunicaciones.es\\\/wordpress\\\/\",\"logo\":{\"@type\":\"ImageObject\",\"inLanguage\":\"es\",\"@id\":\"https:\\\/\\\/www.ugtcomunicaciones.es\\\/wordpress\\\/#\\\/schema\\\/logo\\\/image\\\/\",\"url\":\"https:\\\/\\\/www.ugtcomunicaciones.es\\\/wordpress\\\/wp-content\\\/uploads\\\/2024\\\/04\\\/comunicaciones_logo.png\",\"contentUrl\":\"https:\\\/\\\/www.ugtcomunicaciones.es\\\/wordpress\\\/wp-content\\\/uploads\\\/2024\\\/04\\\/comunicaciones_logo.png\",\"width\":298,\"height\":81,\"caption\":\"UGT Comunicaciones\"},\"image\":{\"@id\":\"https:\\\/\\\/www.ugtcomunicaciones.es\\\/wordpress\\\/#\\\/schema\\\/logo\\\/image\\\/\"},\"sameAs\":[\"https:\\\/\\\/www.facebook.com\\\/ugt.comunicaciones\\\/\",\"https:\\\/\\\/x.com\\\/ugtcom\"]},{\"@type\":\"Person\",\"@id\":\"https:\\\/\\\/www.ugtcomunicaciones.es\\\/wordpress\\\/#\\\/schema\\\/person\\\/75f8547d370622a8ad1e5b7efe72bebc\",\"name\":\"UGT\",\"image\":{\"@type\":\"ImageObject\",\"inLanguage\":\"es\",\"@id\":\"https:\\\/\\\/secure.gravatar.com\\\/avatar\\\/af9239a359a6ab48283fe5a98378a8044a76e2dd16b6945431659307f867ccc8?s=96&d=mm&r=g\",\"url\":\"https:\\\/\\\/secure.gravatar.com\\\/avatar\\\/af9239a359a6ab48283fe5a98378a8044a76e2dd16b6945431659307f867ccc8?s=96&d=mm&r=g\",\"contentUrl\":\"https:\\\/\\\/secure.gravatar.com\\\/avatar\\\/af9239a359a6ab48283fe5a98378a8044a76e2dd16b6945431659307f867ccc8?s=96&d=mm&r=g\",\"caption\":\"UGT\"}}]}<\/script>\n<!-- \/ Yoast SEO Premium plugin. -->","yoast_head_json":{"title":"Avances significativos en la III reuni\u00f3n para la pr\u00f3rroga del III CEV - UGT Comunicaciones","description":"UGT valora positivamente los avances en la tercera reuni\u00f3n de la negociaci\u00f3n para la pr\u00f3rroga del III Convenio de Empresas Vinculadas (CEV).","robots":{"index":"index","follow":"follow","max-snippet":"max-snippet:-1","max-image-preview":"max-image-preview:large","max-video-preview":"max-video-preview:-1"},"canonical":"https:\/\/www.ugtcomunicaciones.es\/wordpress\/ugt-avances-prorroga-iii-cev\/","og_locale":"es_ES","og_type":"article","og_title":"Avances significativos en la III reuni\u00f3n para la pr\u00f3rroga del III CEV","og_description":"UGT valora positivamente los avances en la tercera reuni\u00f3n de la negociaci\u00f3n para la pr\u00f3rroga del III Convenio de Empresas Vinculadas (CEV).","og_url":"https:\/\/www.ugtcomunicaciones.es\/wordpress\/ugt-avances-prorroga-iii-cev\/","og_site_name":"UGT Comunicaciones","article_publisher":"https:\/\/www.facebook.com\/ugt.comunicaciones\/","article_published_time":"2025-12-10T17:48:45+00:00","article_modified_time":"2025-12-11T08:54:52+00:00","og_image":[{"width":1500,"height":1000,"url":"https:\/\/www.ugtcomunicaciones.es\/wordpress\/wp-content\/uploads\/2025\/12\/1951.jpg","type":"image\/jpeg"}],"author":"UGT","twitter_card":"summary_large_image","twitter_creator":"@ugtcom","twitter_site":"@ugtcom","twitter_misc":{"Escrito por":"UGT","Tiempo de lectura":"3 minutos"},"schema":{"@context":"https:\/\/schema.org","@graph":[{"@type":"Article","@id":"https:\/\/www.ugtcomunicaciones.es\/wordpress\/ugt-avances-prorroga-iii-cev\/#article","isPartOf":{"@id":"https:\/\/www.ugtcomunicaciones.es\/wordpress\/ugt-avances-prorroga-iii-cev\/"},"author":{"name":"UGT","@id":"https:\/\/www.ugtcomunicaciones.es\/wordpress\/#\/schema\/person\/75f8547d370622a8ad1e5b7efe72bebc"},"headline":"Avances significativos en la III reuni\u00f3n para la pr\u00f3rroga del III CEV","datePublished":"2025-12-10T17:48:45+00:00","dateModified":"2025-12-11T08:54:52+00:00","mainEntityOfPage":{"@id":"https:\/\/www.ugtcomunicaciones.es\/wordpress\/ugt-avances-prorroga-iii-cev\/"},"wordCount":473,"publisher":{"@id":"https:\/\/www.ugtcomunicaciones.es\/wordpress\/#organization"},"image":{"@id":"https:\/\/www.ugtcomunicaciones.es\/wordpress\/ugt-avances-prorroga-iii-cev\/#primaryimage"},"thumbnailUrl":"https:\/\/www.ugtcomunicaciones.es\/wordpress\/wp-content\/uploads\/2025\/12\/1951.jpg","articleSection":["Telef\u00f3nica CEV","Telef\u00f3nica de Espa\u00f1a","Telef\u00f3nica M\u00f3viles","Telef\u00f3nica Soluciones"],"inLanguage":"es"},{"@type":"WebPage","@id":"https:\/\/www.ugtcomunicaciones.es\/wordpress\/ugt-avances-prorroga-iii-cev\/","url":"https:\/\/www.ugtcomunicaciones.es\/wordpress\/ugt-avances-prorroga-iii-cev\/","name":"Avances significativos en la III reuni\u00f3n para la pr\u00f3rroga del III CEV - UGT Comunicaciones","isPartOf":{"@id":"https:\/\/www.ugtcomunicaciones.es\/wordpress\/#website"},"primaryImageOfPage":{"@id":"https:\/\/www.ugtcomunicaciones.es\/wordpress\/ugt-avances-prorroga-iii-cev\/#primaryimage"},"image":{"@id":"https:\/\/www.ugtcomunicaciones.es\/wordpress\/ugt-avances-prorroga-iii-cev\/#primaryimage"},"thumbnailUrl":"https:\/\/www.ugtcomunicaciones.es\/wordpress\/wp-content\/uploads\/2025\/12\/1951.jpg","datePublished":"2025-12-10T17:48:45+00:00","dateModified":"2025-12-11T08:54:52+00:00","description":"UGT valora positivamente los avances en la tercera reuni\u00f3n de la negociaci\u00f3n para la pr\u00f3rroga del III Convenio de Empresas Vinculadas (CEV).","breadcrumb":{"@id":"https:\/\/www.ugtcomunicaciones.es\/wordpress\/ugt-avances-prorroga-iii-cev\/#breadcrumb"},"inLanguage":"es","potentialAction":[{"@type":"ReadAction","target":["https:\/\/www.ugtcomunicaciones.es\/wordpress\/ugt-avances-prorroga-iii-cev\/"]}]},{"@type":"ImageObject","inLanguage":"es","@id":"https:\/\/www.ugtcomunicaciones.es\/wordpress\/ugt-avances-prorroga-iii-cev\/#primaryimage","url":"https:\/\/www.ugtcomunicaciones.es\/wordpress\/wp-content\/uploads\/2025\/12\/1951.jpg","contentUrl":"https:\/\/www.ugtcomunicaciones.es\/wordpress\/wp-content\/uploads\/2025\/12\/1951.jpg","width":1500,"height":1000,"caption":"Avances pr\u00f3rroga CEV"},{"@type":"BreadcrumbList","@id":"https:\/\/www.ugtcomunicaciones.es\/wordpress\/ugt-avances-prorroga-iii-cev\/#breadcrumb","itemListElement":[{"@type":"ListItem","position":1,"name":"Portada","item":"https:\/\/www.ugtcomunicaciones.es\/wordpress\/"},{"@type":"ListItem","position":2,"name":"Avances significativos en la III reuni\u00f3n para la pr\u00f3rroga del III CEV"}]},{"@type":"WebSite","@id":"https:\/\/www.ugtcomunicaciones.es\/wordpress\/#website","url":"https:\/\/www.ugtcomunicaciones.es\/wordpress\/","name":"UGT Comunicaciones","description":"Sindicato de Telecomunicaciones","publisher":{"@id":"https:\/\/www.ugtcomunicaciones.es\/wordpress\/#organization"},"potentialAction":[{"@type":"SearchAction","target":{"@type":"EntryPoint","urlTemplate":"https:\/\/www.ugtcomunicaciones.es\/wordpress\/?s={search_term_string}"},"query-input":{"@type":"PropertyValueSpecification","valueRequired":true,"valueName":"search_term_string"}}],"inLanguage":"es"},{"@type":"Organization","@id":"https:\/\/www.ugtcomunicaciones.es\/wordpress\/#organization","name":"UGT Comunicaciones","url":"https:\/\/www.ugtcomunicaciones.es\/wordpress\/","logo":{"@type":"ImageObject","inLanguage":"es","@id":"https:\/\/www.ugtcomunicaciones.es\/wordpress\/#\/schema\/logo\/image\/","url":"https:\/\/www.ugtcomunicaciones.es\/wordpress\/wp-content\/uploads\/2024\/04\/comunicaciones_logo.png","contentUrl":"https:\/\/www.ugtcomunicaciones.es\/wordpress\/wp-content\/uploads\/2024\/04\/comunicaciones_logo.png","width":298,"height":81,"caption":"UGT Comunicaciones"},"image":{"@id":"https:\/\/www.ugtcomunicaciones.es\/wordpress\/#\/schema\/logo\/image\/"},"sameAs":["https:\/\/www.facebook.com\/ugt.comunicaciones\/","https:\/\/x.com\/ugtcom"]},{"@type":"Person","@id":"https:\/\/www.ugtcomunicaciones.es\/wordpress\/#\/schema\/person\/75f8547d370622a8ad1e5b7efe72bebc","name":"UGT","image":{"@type":"ImageObject","inLanguage":"es","@id":"https:\/\/secure.gravatar.com\/avatar\/af9239a359a6ab48283fe5a98378a8044a76e2dd16b6945431659307f867ccc8?s=96&d=mm&r=g","url":"https:\/\/secure.gravatar.com\/avatar\/af9239a359a6ab48283fe5a98378a8044a76e2dd16b6945431659307f867ccc8?s=96&d=mm&r=g","contentUrl":"https:\/\/secure.gravatar.com\/avatar\/af9239a359a6ab48283fe5a98378a8044a76e2dd16b6945431659307f867ccc8?s=96&d=mm&r=g","caption":"UGT"}}]}},"_links":{"self":[{"href":"https:\/\/www.ugtcomunicaciones.es\/wordpress\/wp-json\/wp\/v2\/posts\/1068307","targetHints":{"allow":["GET"]}}],"collection":[{"href":"https:\/\/www.ugtcomunicaciones.es\/wordpress\/wp-json\/wp\/v2\/posts"}],"about":[{"href":"https:\/\/www.ugtcomunicaciones.es\/wordpress\/wp-json\/wp\/v2\/types\/post"}],"author":[{"embeddable":true,"href":"https:\/\/www.ugtcomunicaciones.es\/wordpress\/wp-json\/wp\/v2\/users\/10"}],"replies":[{"embeddable":true,"href":"https:\/\/www.ugtcomunicaciones.es\/wordpress\/wp-json\/wp\/v2\/comments?post=1068307"}],"version-history":[{"count":1,"href":"https:\/\/www.ugtcomunicaciones.es\/wordpress\/wp-json\/wp\/v2\/posts\/1068307\/revisions"}],"predecessor-version":[{"id":1068309,"href":"https:\/\/www.ugtcomunicaciones.es\/wordpress\/wp-json\/wp\/v2\/posts\/1068307\/revisions\/1068309"}],"wp:featuredmedia":[{"embeddable":true,"href":"https:\/\/www.ugtcomunicaciones.es\/wordpress\/wp-json\/wp\/v2\/media\/1068308"}],"wp:attachment":[{"href":"https:\/\/www.ugtcomunicaciones.es\/wordpress\/wp-json\/wp\/v2\/media?parent=1068307"}],"wp:term":[{"taxonomy":"category","embeddable":true,"href":"https:\/\/www.ugtcomunicaciones.es\/wordpress\/wp-json\/wp\/v2\/categories?post=1068307"},{"taxonomy":"post_tag","embeddable":true,"href":"https:\/\/www.ugtcomunicaciones.es\/wordpress\/wp-json\/wp\/v2\/tags?post=1068307"}],"curies":[{"name":"wp","href":"https:\/\/api.w.org\/{rel}","templated":true}]}}