{"id":1068312,"date":"2025-12-15T18:01:40","date_gmt":"2025-12-15T17:01:40","guid":{"rendered":"https:\/\/www.ugtcomunicaciones.es\/wordpress\/?p=1068312"},"modified":"2025-12-16T18:04:21","modified_gmt":"2025-12-16T17:04:21","slug":"ugt-exige-garantizar-voluntariedad-ere-cev","status":"publish","type":"post","link":"https:\/\/www.ugtcomunicaciones.es\/wordpress\/ugt-exige-garantizar-voluntariedad-ere-cev\/","title":{"rendered":"UGT exige avances decisivos para garantizar la voluntariedad en el ERE del CEV"},"content":{"rendered":"<p style=\"text-align: justify;\">En el marco de la sexta reuni\u00f3n de la Comisi\u00f3n Negociadora del ERE, la empresa ha presentado hoy una nueva propuesta que incorpora algunos avances como resultado de las demandas planteadas por UGT, aunque el sindicato considera que sigue siendo claramente insuficiente para alcanzar un acuerdo.<\/p>\n<p style=\"text-align: justify;\">Entre los aspectos positivos de la propuesta empresarial, UGT destaca la aceptaci\u00f3n de una renta lineal voluntaria de 61 a 65 a\u00f1os\u00a0 para aquellas personas que deban extender su Convenio Especial con la Seguridad Social m\u00e1s all\u00e1 de los 63 a\u00f1os, pasando del binomio 68% de 55 a 62 y del 38% de los 63 a los 65 a una renta lineal de los 61 a los 65, as\u00ed como la extensi\u00f3n de la p\u00f3liza de salud durante todo el periodo del CESS, si bien el sindicato insiste en que esta cobertura debe mantenerse para todas las personas hasta el acceso efectivo a la jubilaci\u00f3n.<\/p>\n<p style=\"text-align: justify;\">Asimismo, la empresa ha reducido el n\u00famero m\u00ednimo de salidas pretendidas hasta las 4.000 personas en el conjunto del CEV, un paso que UGT valora, pero que considera insuficiente, ya que sigue siendo imprescindible rebajar a\u00fan m\u00e1s esta cifra para garantizar que el proceso sea 100 % voluntario.<\/p>\n<p style=\"text-align: justify;\">Otro de los avances es que mandos y personas vetadas no computar\u00e1n dentro del 35 % de las \u00e1reas cr\u00edticas, permitiendo su salida sin afectar al c\u00e1lculo. No obstante, UGT reclama que se sigan aceptando solicitudes voluntarias por encima de ese 35 % durante toda la vigencia del ERE.<\/p>\n<p style=\"text-align: justify;\">En cuanto a las ventanas de salida, la empresa plantea como opci\u00f3n preferente marzo de 2026, con salidas adicionales a lo largo de 2026 y 2027 y, de manera excepcional, en 2028. UGT exige que este calendario pueda analizarse y, cuando sea posible, adelantarse a trav\u00e9s de la Comisi\u00f3n de Seguimiento.<\/p>\n<p style=\"text-align: justify;\">Pese a estos avances parciales, UGT considera que la propuesta no responde a las necesidades de la plantilla y exige una propuesta final que incorpore, como m\u00ednimo:<\/p>\n<p style=\"text-align: justify;\">* Una rebaja significativa del n\u00famero m\u00ednimo de salidas, que garantice la inexistencia de despidos forzosos.<\/p>\n<p style=\"text-align: justify;\">* El incremento hasta el 10 % de las nuevas contrataciones vinculadas al plan, con un reparto equilibrado territorialmente y por Direcciones.<\/p>\n<p style=\"text-align: justify;\">* La extensi\u00f3n de la cobertura sanitaria hasta el acceso a la jubilaci\u00f3n , en igualdad de condiciones para todas las personas, incluida la jubilaci\u00f3n anticipada en cualquiera de sus modalidades.<\/p>\n<p style=\"text-align: justify;\">* La facilitaci\u00f3n del reconocimiento del periodo trabajado como becario o becaria en la Compa\u00f1\u00eda , para poder acreditar ante la Seguridad Social los a\u00f1os de cotizaci\u00f3n derivados de antiguas pr\u00e1cticas formativas.<\/p>\n<p style=\"text-align: justify;\">* La celebraci\u00f3n de reuniones peri\u00f3dicas de la Comisi\u00f3n de Seguimiento que permitan priorizar a las personas retenidas en el ERE anterior, aceptar solicitudes voluntarias por encima del 35 % en \u00e1reas cr\u00edticas, garantizar transparencia y anticipaci\u00f3n en las fechas de salida, analizar situaciones particulares para evitar cualquier caso forzoso y mantener \u00edntegramente las condiciones del ERE anterior (cl\u00e1usulas de FC, subidas salariales, rentas de jornada completa para JSFB, c\u00f3mputo de bienios, promociones, actualizaciones anuales del CESS a base m\u00e1xima, ofertas comerciales, fondos sociales, entre otras).<\/p>\n<p style=\"text-align: justify;\">Desde UGT se insiste en que solo atendiendo a estas demandas ser\u00e1 posible alcanzar un acuerdo, a la espera tambi\u00e9n de avances en el marco de la negociaci\u00f3n de los convenios colectivos.<\/p>\n","protected":false},"excerpt":{"rendered":"<p>En el marco de la sexta reuni\u00f3n de la Comisi\u00f3n Negociadora del ERE, la empresa ha presentado hoy una nueva propuesta que incorpora algunos avances como resultado de las demandas planteadas por UGT, aunque el sindicato considera que sigue siendo claramente insuficiente para alcanzar un acuerdo. Entre los aspectos positivos de la propuesta empresarial, UGT [&hellip;]<\/p>\n","protected":false},"author":10,"featured_media":1068313,"comment_status":"closed","ping_status":"closed","sticky":false,"template":"","format":"standard","meta":{"footnotes":""},"categories":[8,25,7,26],"tags":[],"class_list":["post-1068312","post","type-post","status-publish","format-standard","has-post-thumbnail","hentry","category-telefonica-cev","category-telefonica","category-telefonica-moviles","category-telefonica-soluciones"],"yoast_head":"<!-- This site is optimized with the Yoast SEO Premium plugin v27.3 (Yoast SEO v27.4) - https:\/\/yoast.com\/product\/yoast-seo-premium-wordpress\/ -->\n<title>UGT exige garantizar la voluntariedad en el ERE del CEV<\/title>\n<meta name=\"description\" content=\"UGT en la VI reun\u00edn de negociaci\u00f3n ha exigido avances decisivos para garantizar la voluntariedad en el ERE del CEV.\" \/>\n<meta name=\"robots\" content=\"index, follow, max-snippet:-1, max-image-preview:large, max-video-preview:-1\" \/>\n<link rel=\"canonical\" href=\"https:\/\/www.ugtcomunicaciones.es\/wordpress\/ugt-exige-garantizar-voluntariedad-ere-cev\/\" \/>\n<meta property=\"og:locale\" content=\"es_ES\" \/>\n<meta property=\"og:type\" content=\"article\" \/>\n<meta property=\"og:title\" content=\"UGT exige avances decisivos para garantizar la voluntariedad en el ERE del CEV\" \/>\n<meta property=\"og:description\" content=\"UGT en la VI reun\u00edn de negociaci\u00f3n ha exigido avances decisivos para garantizar la voluntariedad en el ERE del CEV.\" \/>\n<meta property=\"og:url\" content=\"https:\/\/www.ugtcomunicaciones.es\/wordpress\/ugt-exige-garantizar-voluntariedad-ere-cev\/\" \/>\n<meta property=\"og:site_name\" content=\"UGT Comunicaciones\" \/>\n<meta property=\"article:publisher\" content=\"https:\/\/www.facebook.com\/ugt.comunicaciones\/\" \/>\n<meta property=\"article:published_time\" content=\"2025-12-15T17:01:40+00:00\" \/>\n<meta property=\"article:modified_time\" content=\"2025-12-16T17:04:21+00:00\" \/>\n<meta property=\"og:image\" content=\"https:\/\/www.ugtcomunicaciones.es\/wordpress\/wp-content\/uploads\/2025\/12\/12386.jpg\" \/>\n\t<meta property=\"og:image:width\" content=\"1000\" \/>\n\t<meta property=\"og:image:height\" content=\"750\" \/>\n\t<meta property=\"og:image:type\" content=\"image\/jpeg\" \/>\n<meta name=\"author\" content=\"UGT\" \/>\n<meta name=\"twitter:card\" content=\"summary_large_image\" \/>\n<meta name=\"twitter:creator\" content=\"@ugtcom\" \/>\n<meta name=\"twitter:site\" content=\"@ugtcom\" \/>\n<meta name=\"twitter:label1\" content=\"Escrito por\" \/>\n\t<meta name=\"twitter:data1\" content=\"UGT\" \/>\n\t<meta name=\"twitter:label2\" content=\"Tiempo de lectura\" \/>\n\t<meta name=\"twitter:data2\" content=\"3 minutos\" \/>\n<script type=\"application\/ld+json\" class=\"yoast-schema-graph\">{\"@context\":\"https:\\\/\\\/schema.org\",\"@graph\":[{\"@type\":\"Article\",\"@id\":\"https:\\\/\\\/www.ugtcomunicaciones.es\\\/wordpress\\\/ugt-exige-garantizar-voluntariedad-ere-cev\\\/#article\",\"isPartOf\":{\"@id\":\"https:\\\/\\\/www.ugtcomunicaciones.es\\\/wordpress\\\/ugt-exige-garantizar-voluntariedad-ere-cev\\\/\"},\"author\":{\"name\":\"UGT\",\"@id\":\"https:\\\/\\\/www.ugtcomunicaciones.es\\\/wordpress\\\/#\\\/schema\\\/person\\\/75f8547d370622a8ad1e5b7efe72bebc\"},\"headline\":\"UGT exige avances decisivos para garantizar la voluntariedad en el ERE del CEV\",\"datePublished\":\"2025-12-15T17:01:40+00:00\",\"dateModified\":\"2025-12-16T17:04:21+00:00\",\"mainEntityOfPage\":{\"@id\":\"https:\\\/\\\/www.ugtcomunicaciones.es\\\/wordpress\\\/ugt-exige-garantizar-voluntariedad-ere-cev\\\/\"},\"wordCount\":565,\"publisher\":{\"@id\":\"https:\\\/\\\/www.ugtcomunicaciones.es\\\/wordpress\\\/#organization\"},\"image\":{\"@id\":\"https:\\\/\\\/www.ugtcomunicaciones.es\\\/wordpress\\\/ugt-exige-garantizar-voluntariedad-ere-cev\\\/#primaryimage\"},\"thumbnailUrl\":\"https:\\\/\\\/www.ugtcomunicaciones.es\\\/wordpress\\\/wp-content\\\/uploads\\\/2025\\\/12\\\/12386.jpg\",\"articleSection\":[\"Telef\u00f3nica CEV\",\"Telef\u00f3nica de Espa\u00f1a\",\"Telef\u00f3nica M\u00f3viles\",\"Telef\u00f3nica Soluciones\"],\"inLanguage\":\"es\"},{\"@type\":\"WebPage\",\"@id\":\"https:\\\/\\\/www.ugtcomunicaciones.es\\\/wordpress\\\/ugt-exige-garantizar-voluntariedad-ere-cev\\\/\",\"url\":\"https:\\\/\\\/www.ugtcomunicaciones.es\\\/wordpress\\\/ugt-exige-garantizar-voluntariedad-ere-cev\\\/\",\"name\":\"UGT exige garantizar la voluntariedad en el ERE del CEV\",\"isPartOf\":{\"@id\":\"https:\\\/\\\/www.ugtcomunicaciones.es\\\/wordpress\\\/#website\"},\"primaryImageOfPage\":{\"@id\":\"https:\\\/\\\/www.ugtcomunicaciones.es\\\/wordpress\\\/ugt-exige-garantizar-voluntariedad-ere-cev\\\/#primaryimage\"},\"image\":{\"@id\":\"https:\\\/\\\/www.ugtcomunicaciones.es\\\/wordpress\\\/ugt-exige-garantizar-voluntariedad-ere-cev\\\/#primaryimage\"},\"thumbnailUrl\":\"https:\\\/\\\/www.ugtcomunicaciones.es\\\/wordpress\\\/wp-content\\\/uploads\\\/2025\\\/12\\\/12386.jpg\",\"datePublished\":\"2025-12-15T17:01:40+00:00\",\"dateModified\":\"2025-12-16T17:04:21+00:00\",\"description\":\"UGT en la VI reun\u00edn de negociaci\u00f3n ha exigido avances decisivos para garantizar la voluntariedad en el ERE del CEV.\",\"breadcrumb\":{\"@id\":\"https:\\\/\\\/www.ugtcomunicaciones.es\\\/wordpress\\\/ugt-exige-garantizar-voluntariedad-ere-cev\\\/#breadcrumb\"},\"inLanguage\":\"es\",\"potentialAction\":[{\"@type\":\"ReadAction\",\"target\":[\"https:\\\/\\\/www.ugtcomunicaciones.es\\\/wordpress\\\/ugt-exige-garantizar-voluntariedad-ere-cev\\\/\"]}]},{\"@type\":\"ImageObject\",\"inLanguage\":\"es\",\"@id\":\"https:\\\/\\\/www.ugtcomunicaciones.es\\\/wordpress\\\/ugt-exige-garantizar-voluntariedad-ere-cev\\\/#primaryimage\",\"url\":\"https:\\\/\\\/www.ugtcomunicaciones.es\\\/wordpress\\\/wp-content\\\/uploads\\\/2025\\\/12\\\/12386.jpg\",\"contentUrl\":\"https:\\\/\\\/www.ugtcomunicaciones.es\\\/wordpress\\\/wp-content\\\/uploads\\\/2025\\\/12\\\/12386.jpg\",\"width\":1000,\"height\":750,\"caption\":\"voluntariedad\"},{\"@type\":\"BreadcrumbList\",\"@id\":\"https:\\\/\\\/www.ugtcomunicaciones.es\\\/wordpress\\\/ugt-exige-garantizar-voluntariedad-ere-cev\\\/#breadcrumb\",\"itemListElement\":[{\"@type\":\"ListItem\",\"position\":1,\"name\":\"Portada\",\"item\":\"https:\\\/\\\/www.ugtcomunicaciones.es\\\/wordpress\\\/\"},{\"@type\":\"ListItem\",\"position\":2,\"name\":\"UGT exige avances decisivos para garantizar la voluntariedad en el ERE del CEV\"}]},{\"@type\":\"WebSite\",\"@id\":\"https:\\\/\\\/www.ugtcomunicaciones.es\\\/wordpress\\\/#website\",\"url\":\"https:\\\/\\\/www.ugtcomunicaciones.es\\\/wordpress\\\/\",\"name\":\"UGT Comunicaciones\",\"description\":\"Sindicato de Telecomunicaciones\",\"publisher\":{\"@id\":\"https:\\\/\\\/www.ugtcomunicaciones.es\\\/wordpress\\\/#organization\"},\"potentialAction\":[{\"@type\":\"SearchAction\",\"target\":{\"@type\":\"EntryPoint\",\"urlTemplate\":\"https:\\\/\\\/www.ugtcomunicaciones.es\\\/wordpress\\\/?s={search_term_string}\"},\"query-input\":{\"@type\":\"PropertyValueSpecification\",\"valueRequired\":true,\"valueName\":\"search_term_string\"}}],\"inLanguage\":\"es\"},{\"@type\":\"Organization\",\"@id\":\"https:\\\/\\\/www.ugtcomunicaciones.es\\\/wordpress\\\/#organization\",\"name\":\"UGT Comunicaciones\",\"url\":\"https:\\\/\\\/www.ugtcomunicaciones.es\\\/wordpress\\\/\",\"logo\":{\"@type\":\"ImageObject\",\"inLanguage\":\"es\",\"@id\":\"https:\\\/\\\/www.ugtcomunicaciones.es\\\/wordpress\\\/#\\\/schema\\\/logo\\\/image\\\/\",\"url\":\"https:\\\/\\\/www.ugtcomunicaciones.es\\\/wordpress\\\/wp-content\\\/uploads\\\/2024\\\/04\\\/comunicaciones_logo.png\",\"contentUrl\":\"https:\\\/\\\/www.ugtcomunicaciones.es\\\/wordpress\\\/wp-content\\\/uploads\\\/2024\\\/04\\\/comunicaciones_logo.png\",\"width\":298,\"height\":81,\"caption\":\"UGT Comunicaciones\"},\"image\":{\"@id\":\"https:\\\/\\\/www.ugtcomunicaciones.es\\\/wordpress\\\/#\\\/schema\\\/logo\\\/image\\\/\"},\"sameAs\":[\"https:\\\/\\\/www.facebook.com\\\/ugt.comunicaciones\\\/\",\"https:\\\/\\\/x.com\\\/ugtcom\"]},{\"@type\":\"Person\",\"@id\":\"https:\\\/\\\/www.ugtcomunicaciones.es\\\/wordpress\\\/#\\\/schema\\\/person\\\/75f8547d370622a8ad1e5b7efe72bebc\",\"name\":\"UGT\",\"image\":{\"@type\":\"ImageObject\",\"inLanguage\":\"es\",\"@id\":\"https:\\\/\\\/secure.gravatar.com\\\/avatar\\\/af9239a359a6ab48283fe5a98378a8044a76e2dd16b6945431659307f867ccc8?s=96&d=mm&r=g\",\"url\":\"https:\\\/\\\/secure.gravatar.com\\\/avatar\\\/af9239a359a6ab48283fe5a98378a8044a76e2dd16b6945431659307f867ccc8?s=96&d=mm&r=g\",\"contentUrl\":\"https:\\\/\\\/secure.gravatar.com\\\/avatar\\\/af9239a359a6ab48283fe5a98378a8044a76e2dd16b6945431659307f867ccc8?s=96&d=mm&r=g\",\"caption\":\"UGT\"}}]}<\/script>\n<!-- \/ Yoast SEO Premium plugin. -->","yoast_head_json":{"title":"UGT exige garantizar la voluntariedad en el ERE del CEV","description":"UGT en la VI reun\u00edn de negociaci\u00f3n ha exigido avances decisivos para garantizar la voluntariedad en el ERE del CEV.","robots":{"index":"index","follow":"follow","max-snippet":"max-snippet:-1","max-image-preview":"max-image-preview:large","max-video-preview":"max-video-preview:-1"},"canonical":"https:\/\/www.ugtcomunicaciones.es\/wordpress\/ugt-exige-garantizar-voluntariedad-ere-cev\/","og_locale":"es_ES","og_type":"article","og_title":"UGT exige avances decisivos para garantizar la voluntariedad en el ERE del CEV","og_description":"UGT en la VI reun\u00edn de negociaci\u00f3n ha exigido avances decisivos para garantizar la voluntariedad en el ERE del CEV.","og_url":"https:\/\/www.ugtcomunicaciones.es\/wordpress\/ugt-exige-garantizar-voluntariedad-ere-cev\/","og_site_name":"UGT Comunicaciones","article_publisher":"https:\/\/www.facebook.com\/ugt.comunicaciones\/","article_published_time":"2025-12-15T17:01:40+00:00","article_modified_time":"2025-12-16T17:04:21+00:00","og_image":[{"width":1000,"height":750,"url":"https:\/\/www.ugtcomunicaciones.es\/wordpress\/wp-content\/uploads\/2025\/12\/12386.jpg","type":"image\/jpeg"}],"author":"UGT","twitter_card":"summary_large_image","twitter_creator":"@ugtcom","twitter_site":"@ugtcom","twitter_misc":{"Escrito por":"UGT","Tiempo de lectura":"3 minutos"},"schema":{"@context":"https:\/\/schema.org","@graph":[{"@type":"Article","@id":"https:\/\/www.ugtcomunicaciones.es\/wordpress\/ugt-exige-garantizar-voluntariedad-ere-cev\/#article","isPartOf":{"@id":"https:\/\/www.ugtcomunicaciones.es\/wordpress\/ugt-exige-garantizar-voluntariedad-ere-cev\/"},"author":{"name":"UGT","@id":"https:\/\/www.ugtcomunicaciones.es\/wordpress\/#\/schema\/person\/75f8547d370622a8ad1e5b7efe72bebc"},"headline":"UGT exige avances decisivos para garantizar la voluntariedad en el ERE del CEV","datePublished":"2025-12-15T17:01:40+00:00","dateModified":"2025-12-16T17:04:21+00:00","mainEntityOfPage":{"@id":"https:\/\/www.ugtcomunicaciones.es\/wordpress\/ugt-exige-garantizar-voluntariedad-ere-cev\/"},"wordCount":565,"publisher":{"@id":"https:\/\/www.ugtcomunicaciones.es\/wordpress\/#organization"},"image":{"@id":"https:\/\/www.ugtcomunicaciones.es\/wordpress\/ugt-exige-garantizar-voluntariedad-ere-cev\/#primaryimage"},"thumbnailUrl":"https:\/\/www.ugtcomunicaciones.es\/wordpress\/wp-content\/uploads\/2025\/12\/12386.jpg","articleSection":["Telef\u00f3nica CEV","Telef\u00f3nica de Espa\u00f1a","Telef\u00f3nica M\u00f3viles","Telef\u00f3nica Soluciones"],"inLanguage":"es"},{"@type":"WebPage","@id":"https:\/\/www.ugtcomunicaciones.es\/wordpress\/ugt-exige-garantizar-voluntariedad-ere-cev\/","url":"https:\/\/www.ugtcomunicaciones.es\/wordpress\/ugt-exige-garantizar-voluntariedad-ere-cev\/","name":"UGT exige garantizar la voluntariedad en el ERE del CEV","isPartOf":{"@id":"https:\/\/www.ugtcomunicaciones.es\/wordpress\/#website"},"primaryImageOfPage":{"@id":"https:\/\/www.ugtcomunicaciones.es\/wordpress\/ugt-exige-garantizar-voluntariedad-ere-cev\/#primaryimage"},"image":{"@id":"https:\/\/www.ugtcomunicaciones.es\/wordpress\/ugt-exige-garantizar-voluntariedad-ere-cev\/#primaryimage"},"thumbnailUrl":"https:\/\/www.ugtcomunicaciones.es\/wordpress\/wp-content\/uploads\/2025\/12\/12386.jpg","datePublished":"2025-12-15T17:01:40+00:00","dateModified":"2025-12-16T17:04:21+00:00","description":"UGT en la VI reun\u00edn de negociaci\u00f3n ha exigido avances decisivos para garantizar la voluntariedad en el ERE del CEV.","breadcrumb":{"@id":"https:\/\/www.ugtcomunicaciones.es\/wordpress\/ugt-exige-garantizar-voluntariedad-ere-cev\/#breadcrumb"},"inLanguage":"es","potentialAction":[{"@type":"ReadAction","target":["https:\/\/www.ugtcomunicaciones.es\/wordpress\/ugt-exige-garantizar-voluntariedad-ere-cev\/"]}]},{"@type":"ImageObject","inLanguage":"es","@id":"https:\/\/www.ugtcomunicaciones.es\/wordpress\/ugt-exige-garantizar-voluntariedad-ere-cev\/#primaryimage","url":"https:\/\/www.ugtcomunicaciones.es\/wordpress\/wp-content\/uploads\/2025\/12\/12386.jpg","contentUrl":"https:\/\/www.ugtcomunicaciones.es\/wordpress\/wp-content\/uploads\/2025\/12\/12386.jpg","width":1000,"height":750,"caption":"voluntariedad"},{"@type":"BreadcrumbList","@id":"https:\/\/www.ugtcomunicaciones.es\/wordpress\/ugt-exige-garantizar-voluntariedad-ere-cev\/#breadcrumb","itemListElement":[{"@type":"ListItem","position":1,"name":"Portada","item":"https:\/\/www.ugtcomunicaciones.es\/wordpress\/"},{"@type":"ListItem","position":2,"name":"UGT exige avances decisivos para garantizar la voluntariedad en el ERE del CEV"}]},{"@type":"WebSite","@id":"https:\/\/www.ugtcomunicaciones.es\/wordpress\/#website","url":"https:\/\/www.ugtcomunicaciones.es\/wordpress\/","name":"UGT Comunicaciones","description":"Sindicato de Telecomunicaciones","publisher":{"@id":"https:\/\/www.ugtcomunicaciones.es\/wordpress\/#organization"},"potentialAction":[{"@type":"SearchAction","target":{"@type":"EntryPoint","urlTemplate":"https:\/\/www.ugtcomunicaciones.es\/wordpress\/?s={search_term_string}"},"query-input":{"@type":"PropertyValueSpecification","valueRequired":true,"valueName":"search_term_string"}}],"inLanguage":"es"},{"@type":"Organization","@id":"https:\/\/www.ugtcomunicaciones.es\/wordpress\/#organization","name":"UGT Comunicaciones","url":"https:\/\/www.ugtcomunicaciones.es\/wordpress\/","logo":{"@type":"ImageObject","inLanguage":"es","@id":"https:\/\/www.ugtcomunicaciones.es\/wordpress\/#\/schema\/logo\/image\/","url":"https:\/\/www.ugtcomunicaciones.es\/wordpress\/wp-content\/uploads\/2024\/04\/comunicaciones_logo.png","contentUrl":"https:\/\/www.ugtcomunicaciones.es\/wordpress\/wp-content\/uploads\/2024\/04\/comunicaciones_logo.png","width":298,"height":81,"caption":"UGT Comunicaciones"},"image":{"@id":"https:\/\/www.ugtcomunicaciones.es\/wordpress\/#\/schema\/logo\/image\/"},"sameAs":["https:\/\/www.facebook.com\/ugt.comunicaciones\/","https:\/\/x.com\/ugtcom"]},{"@type":"Person","@id":"https:\/\/www.ugtcomunicaciones.es\/wordpress\/#\/schema\/person\/75f8547d370622a8ad1e5b7efe72bebc","name":"UGT","image":{"@type":"ImageObject","inLanguage":"es","@id":"https:\/\/secure.gravatar.com\/avatar\/af9239a359a6ab48283fe5a98378a8044a76e2dd16b6945431659307f867ccc8?s=96&d=mm&r=g","url":"https:\/\/secure.gravatar.com\/avatar\/af9239a359a6ab48283fe5a98378a8044a76e2dd16b6945431659307f867ccc8?s=96&d=mm&r=g","contentUrl":"https:\/\/secure.gravatar.com\/avatar\/af9239a359a6ab48283fe5a98378a8044a76e2dd16b6945431659307f867ccc8?s=96&d=mm&r=g","caption":"UGT"}}]}},"_links":{"self":[{"href":"https:\/\/www.ugtcomunicaciones.es\/wordpress\/wp-json\/wp\/v2\/posts\/1068312","targetHints":{"allow":["GET"]}}],"collection":[{"href":"https:\/\/www.ugtcomunicaciones.es\/wordpress\/wp-json\/wp\/v2\/posts"}],"about":[{"href":"https:\/\/www.ugtcomunicaciones.es\/wordpress\/wp-json\/wp\/v2\/types\/post"}],"author":[{"embeddable":true,"href":"https:\/\/www.ugtcomunicaciones.es\/wordpress\/wp-json\/wp\/v2\/users\/10"}],"replies":[{"embeddable":true,"href":"https:\/\/www.ugtcomunicaciones.es\/wordpress\/wp-json\/wp\/v2\/comments?post=1068312"}],"version-history":[{"count":2,"href":"https:\/\/www.ugtcomunicaciones.es\/wordpress\/wp-json\/wp\/v2\/posts\/1068312\/revisions"}],"predecessor-version":[{"id":1068316,"href":"https:\/\/www.ugtcomunicaciones.es\/wordpress\/wp-json\/wp\/v2\/posts\/1068312\/revisions\/1068316"}],"wp:featuredmedia":[{"embeddable":true,"href":"https:\/\/www.ugtcomunicaciones.es\/wordpress\/wp-json\/wp\/v2\/media\/1068313"}],"wp:attachment":[{"href":"https:\/\/www.ugtcomunicaciones.es\/wordpress\/wp-json\/wp\/v2\/media?parent=1068312"}],"wp:term":[{"taxonomy":"category","embeddable":true,"href":"https:\/\/www.ugtcomunicaciones.es\/wordpress\/wp-json\/wp\/v2\/categories?post=1068312"},{"taxonomy":"post_tag","embeddable":true,"href":"https:\/\/www.ugtcomunicaciones.es\/wordpress\/wp-json\/wp\/v2\/tags?post=1068312"}],"curies":[{"name":"wp","href":"https:\/\/api.w.org\/{rel}","templated":true}]}}