{"id":1068378,"date":"2026-01-22T12:09:18","date_gmt":"2026-01-22T11:09:18","guid":{"rendered":"https:\/\/www.ugtcomunicaciones.es\/wordpress\/?p=1068378"},"modified":"2026-01-22T12:09:18","modified_gmt":"2026-01-22T11:09:18","slug":"nuevo-protocolo-actuacion-emergencias-telefonica","status":"publish","type":"post","link":"https:\/\/www.ugtcomunicaciones.es\/wordpress\/nuevo-protocolo-actuacion-emergencias-telefonica\/","title":{"rendered":"Nuevo protocolo de actuaci\u00f3n ante emergencias por riesgos extraordinarios en Telef\u00f3nica"},"content":{"rendered":"<p style=\"text-align: justify;\">Con la firma de la Pr\u00f3rroga del III CEV,<strong> UGT<\/strong> logr\u00f3 incorporar a nuestro convenio el primer <strong>Protocolo de actuaci\u00f3n ante emergencias por riesgos extraordinarios en Telef\u00f3nica. \u00a0<\/strong><\/p>\n<p style=\"text-align: justify;\">Este nuevo protocolo refuerza de manera decisiva la protecci\u00f3n de la salud, la seguridad y la integridad de las personas trabajadoras, incorporando <strong>medidas autom\u00e1ticas de flexibilidad, incluido el teletrabajo<\/strong>, en funci\u00f3n de criterios objetivos como el nivel de alerta declarado por la <strong>AEMET<\/strong>, la declaraci\u00f3n oficial de cierre de colegios y\/o la supresi\u00f3n del transporte p\u00fablico.<\/p>\n<p style=\"text-align: justify;\">Tras los hechos acontecidos con la DANA en 2024 desde <strong>UGT<\/strong> tuvimos clara la necesidad de dotarnos de un protocolo espec\u00edfico y estable que nos protegiera frente cualquier emergencia por riesgos extraordinarios, cada vez m\u00e1s frecuentes y severos.<\/p>\n<p style=\"text-align: justify;\">Hasta la fecha, la protecci\u00f3n de las personas trabajadoras se hab\u00eda sustentado en un seguimiento continuo de las alertas meteorol\u00f3gicas y en la adopci\u00f3n de medidas puntuales consensuadas con la empresa. Sin embargo, <strong>UGT reclam\u00e1bamos ir m\u00e1s all\u00e1 y lograr un marco normativo claro, preventivo y autom\u00e1tico<\/strong>, que evitara deber esperar a la concesi\u00f3n de las medidas por parte de la Compa\u00f1\u00eda y garantizara una respuesta inmediata y eficaz para proteger la integridad f\u00edsica y la salud de todas las personas ante cualquier situaci\u00f3n de riesgo que pueda acontecer.<\/p>\n<p style=\"text-align: justify;\">Con la firma de este protocolo, <strong>logramos avanzar de manera decisiva<\/strong>, estableciendo un sistema de actuaci\u00f3n <strong>transparente, estructurado y adaptado a los distintos niveles de alerta de la AEMET<\/strong>, que contempla fen\u00f3menos meteorol\u00f3gicos extremos o cualquier otro episodio que pueda requerir de medidas especiales de protecci\u00f3n, como: inundaciones, terremotos, incendios, nevadas, amenazas, etc.<\/p>\n<p style=\"text-align: justify;\">Como resumen, <strong>entre otras medidas<\/strong>, el protocolo recoge:<\/p>\n<ul style=\"text-align: justify;\">\n<li>En caso de <strong>nivel de<\/strong> <strong>alerta roja<\/strong>: <strong>Teletrabajo autom\u00e1tico<\/strong> para las personas trabajadoras afectadas. Se aplicar\u00e1 en todas aquellas localidades afectadas por el nivel de alerta donde exista instalaci\u00f3n o centro de trabajo, as\u00ed como tambi\u00e9n all\u00ed donde est\u00e9 registrado el domicilio habitual y\/o segunda residencia debidamente notificada.<\/li>\n<li>Nivel de <strong>nivel de alerta naranja<\/strong>: <strong>Teletrabajo autom\u00e1tico <\/strong>cuando la alerta naranja <u>vaya acompa\u00f1ada<\/u> de <strong>cierre de colegios y\/o de la supresi\u00f3n del uso del transporte p\u00fablico<\/strong> por dicha emergencia. Igualmente se aplicar\u00e1 en los centros de trabajo afectados por la alerta, as\u00ed como en funci\u00f3n del lugar de domicilio habitual y\/o segunda residencia debidamente notificada.<\/li>\n<\/ul>\n<p style=\"text-align: justify;\">En ambos casos, cuando el teletrabajo no es compatible con la actividad, las personas deber\u00e1n ponerse en contacto con su mando antes de realizar ning\u00fan desplazamiento, procur\u00e1ndose actividades accesorias compatibles con el trabajo a distancia.<\/p>\n<p style=\"text-align: justify;\">El teletrabajo se extender\u00e1 igualmente al d\u00eda siguiente natural cuando la situaci\u00f3n de alerta\/emergencia se haya mantenido durante las 20:00 horas de la tarde anterior.<\/p>\n<p style=\"text-align: justify;\">Este protocolo cobra especial relevancia porque <strong>se implanta en un contexto de ausencia de desarrollo normativo espec\u00edfico a nivel estatal<\/strong>, que pone de manifiesto la necesidad de <strong>UGT de adelantarse a la publicaci\u00f3n normativa<\/strong>, impulsando soluciones reales para proteger a las personas trabajadoras antes de que los riesgos se conviertan en da\u00f1os.<\/p>\n<p style=\"text-align: justify;\">Desde <strong>UGT <\/strong>consideramos que la inclusi\u00f3n de este protocolo en el <strong>III Convenio de Empresas Vinculadas<\/strong> supone un <strong>avance fundamental en el sistema preventivo<\/strong>, adapt\u00e1ndolo a una realidad clim\u00e1tica cambiante y extrema, y consolidando un modelo de relaciones laborales que sit\u00faa la <strong>salud, la seguridad y la vida de las personas por encima de cualquier otra consideraci\u00f3n<\/strong>.<\/p>\n<p style=\"text-align: justify;\">Reafirmamos nuestro compromiso firme e irrenunciable con el bienestar de las personas trabajadoras de Telef\u00f3nica, y seguiremos impulsando medidas que protejan de manera efectiva frente a las nuevas contingencias.<\/p>\n<p style=\"text-align: justify;\"><strong>UGT \u2013 Defendiendo hoy la salud y la seguridad del ma\u00f1ana<\/strong><\/p>\n","protected":false},"excerpt":{"rendered":"<p>Con la firma de la Pr\u00f3rroga del III CEV, UGT logr\u00f3 incorporar a nuestro convenio el primer Protocolo de actuaci\u00f3n ante emergencias por riesgos extraordinarios en Telef\u00f3nica. \u00a0 Este nuevo protocolo refuerza de manera decisiva la protecci\u00f3n de la salud, la seguridad y la integridad de las personas trabajadoras, incorporando medidas autom\u00e1ticas de flexibilidad, incluido [&hellip;]<\/p>\n","protected":false},"author":10,"featured_media":1068379,"comment_status":"closed","ping_status":"closed","sticky":false,"template":"","format":"standard","meta":{"footnotes":""},"categories":[8,25,7,26],"tags":[],"class_list":["post-1068378","post","type-post","status-publish","format-standard","has-post-thumbnail","hentry","category-telefonica-cev","category-telefonica","category-telefonica-moviles","category-telefonica-soluciones"],"yoast_head":"<!-- This site is optimized with the Yoast SEO Premium plugin v27.3 (Yoast SEO v27.4) - https:\/\/yoast.com\/product\/yoast-seo-premium-wordpress\/ -->\n<title>Nuevo protocolo de actuaci\u00f3n ante emergencias por riesgos extraordinarios en Telef\u00f3nica - UGT Comunicaciones<\/title>\n<meta name=\"description\" content=\"UGT logr\u00f3 incorporar a nuestro convenio el primer Protocolo de actuaci\u00f3n ante emergencias por riesgos extraordinarios en Telef\u00f3nica.\" \/>\n<meta name=\"robots\" content=\"index, follow, max-snippet:-1, max-image-preview:large, max-video-preview:-1\" \/>\n<link rel=\"canonical\" href=\"https:\/\/www.ugtcomunicaciones.es\/wordpress\/nuevo-protocolo-actuacion-emergencias-telefonica\/\" \/>\n<meta property=\"og:locale\" content=\"es_ES\" \/>\n<meta property=\"og:type\" content=\"article\" \/>\n<meta property=\"og:title\" content=\"Nuevo protocolo de actuaci\u00f3n ante emergencias por riesgos extraordinarios en Telef\u00f3nica\" \/>\n<meta property=\"og:description\" content=\"UGT logr\u00f3 incorporar a nuestro convenio el primer Protocolo de actuaci\u00f3n ante emergencias por riesgos extraordinarios en Telef\u00f3nica.\" \/>\n<meta property=\"og:url\" content=\"https:\/\/www.ugtcomunicaciones.es\/wordpress\/nuevo-protocolo-actuacion-emergencias-telefonica\/\" \/>\n<meta property=\"og:site_name\" content=\"UGT Comunicaciones\" \/>\n<meta property=\"article:publisher\" content=\"https:\/\/www.facebook.com\/ugt.comunicaciones\/\" \/>\n<meta property=\"article:published_time\" content=\"2026-01-22T11:09:18+00:00\" \/>\n<meta property=\"og:image\" content=\"https:\/\/www.ugtcomunicaciones.es\/wordpress\/wp-content\/uploads\/2026\/01\/semaforo-meteorologico_logo-scaled.png\" \/>\n\t<meta property=\"og:image:width\" content=\"2560\" \/>\n\t<meta property=\"og:image:height\" content=\"1200\" \/>\n\t<meta property=\"og:image:type\" content=\"image\/png\" \/>\n<meta name=\"author\" content=\"UGT\" \/>\n<meta name=\"twitter:card\" content=\"summary_large_image\" \/>\n<meta name=\"twitter:creator\" content=\"@ugtcom\" \/>\n<meta name=\"twitter:site\" content=\"@ugtcom\" \/>\n<meta name=\"twitter:label1\" content=\"Escrito por\" \/>\n\t<meta name=\"twitter:data1\" content=\"UGT\" \/>\n\t<meta name=\"twitter:label2\" content=\"Tiempo de lectura\" \/>\n\t<meta name=\"twitter:data2\" content=\"3 minutos\" \/>\n<script type=\"application\/ld+json\" class=\"yoast-schema-graph\">{\"@context\":\"https:\\\/\\\/schema.org\",\"@graph\":[{\"@type\":\"Article\",\"@id\":\"https:\\\/\\\/www.ugtcomunicaciones.es\\\/wordpress\\\/nuevo-protocolo-actuacion-emergencias-telefonica\\\/#article\",\"isPartOf\":{\"@id\":\"https:\\\/\\\/www.ugtcomunicaciones.es\\\/wordpress\\\/nuevo-protocolo-actuacion-emergencias-telefonica\\\/\"},\"author\":{\"name\":\"UGT\",\"@id\":\"https:\\\/\\\/www.ugtcomunicaciones.es\\\/wordpress\\\/#\\\/schema\\\/person\\\/75f8547d370622a8ad1e5b7efe72bebc\"},\"headline\":\"Nuevo protocolo de actuaci\u00f3n ante emergencias por riesgos extraordinarios en Telef\u00f3nica\",\"datePublished\":\"2026-01-22T11:09:18+00:00\",\"mainEntityOfPage\":{\"@id\":\"https:\\\/\\\/www.ugtcomunicaciones.es\\\/wordpress\\\/nuevo-protocolo-actuacion-emergencias-telefonica\\\/\"},\"wordCount\":648,\"publisher\":{\"@id\":\"https:\\\/\\\/www.ugtcomunicaciones.es\\\/wordpress\\\/#organization\"},\"image\":{\"@id\":\"https:\\\/\\\/www.ugtcomunicaciones.es\\\/wordpress\\\/nuevo-protocolo-actuacion-emergencias-telefonica\\\/#primaryimage\"},\"thumbnailUrl\":\"https:\\\/\\\/www.ugtcomunicaciones.es\\\/wordpress\\\/wp-content\\\/uploads\\\/2026\\\/01\\\/semaforo-meteorologico_logo-scaled.png\",\"articleSection\":[\"Telef\u00f3nica CEV\",\"Telef\u00f3nica de Espa\u00f1a\",\"Telef\u00f3nica M\u00f3viles\",\"Telef\u00f3nica Soluciones\"],\"inLanguage\":\"es\"},{\"@type\":\"WebPage\",\"@id\":\"https:\\\/\\\/www.ugtcomunicaciones.es\\\/wordpress\\\/nuevo-protocolo-actuacion-emergencias-telefonica\\\/\",\"url\":\"https:\\\/\\\/www.ugtcomunicaciones.es\\\/wordpress\\\/nuevo-protocolo-actuacion-emergencias-telefonica\\\/\",\"name\":\"Nuevo protocolo de actuaci\u00f3n ante emergencias por riesgos extraordinarios en Telef\u00f3nica - UGT Comunicaciones\",\"isPartOf\":{\"@id\":\"https:\\\/\\\/www.ugtcomunicaciones.es\\\/wordpress\\\/#website\"},\"primaryImageOfPage\":{\"@id\":\"https:\\\/\\\/www.ugtcomunicaciones.es\\\/wordpress\\\/nuevo-protocolo-actuacion-emergencias-telefonica\\\/#primaryimage\"},\"image\":{\"@id\":\"https:\\\/\\\/www.ugtcomunicaciones.es\\\/wordpress\\\/nuevo-protocolo-actuacion-emergencias-telefonica\\\/#primaryimage\"},\"thumbnailUrl\":\"https:\\\/\\\/www.ugtcomunicaciones.es\\\/wordpress\\\/wp-content\\\/uploads\\\/2026\\\/01\\\/semaforo-meteorologico_logo-scaled.png\",\"datePublished\":\"2026-01-22T11:09:18+00:00\",\"description\":\"UGT logr\u00f3 incorporar a nuestro convenio el primer Protocolo de actuaci\u00f3n ante emergencias por riesgos extraordinarios en Telef\u00f3nica.\",\"breadcrumb\":{\"@id\":\"https:\\\/\\\/www.ugtcomunicaciones.es\\\/wordpress\\\/nuevo-protocolo-actuacion-emergencias-telefonica\\\/#breadcrumb\"},\"inLanguage\":\"es\",\"potentialAction\":[{\"@type\":\"ReadAction\",\"target\":[\"https:\\\/\\\/www.ugtcomunicaciones.es\\\/wordpress\\\/nuevo-protocolo-actuacion-emergencias-telefonica\\\/\"]}]},{\"@type\":\"ImageObject\",\"inLanguage\":\"es\",\"@id\":\"https:\\\/\\\/www.ugtcomunicaciones.es\\\/wordpress\\\/nuevo-protocolo-actuacion-emergencias-telefonica\\\/#primaryimage\",\"url\":\"https:\\\/\\\/www.ugtcomunicaciones.es\\\/wordpress\\\/wp-content\\\/uploads\\\/2026\\\/01\\\/semaforo-meteorologico_logo-scaled.png\",\"contentUrl\":\"https:\\\/\\\/www.ugtcomunicaciones.es\\\/wordpress\\\/wp-content\\\/uploads\\\/2026\\\/01\\\/semaforo-meteorologico_logo-scaled.png\",\"width\":2560,\"height\":1200,\"caption\":\"Protocolo actuaci\u00f3n emergencias\"},{\"@type\":\"BreadcrumbList\",\"@id\":\"https:\\\/\\\/www.ugtcomunicaciones.es\\\/wordpress\\\/nuevo-protocolo-actuacion-emergencias-telefonica\\\/#breadcrumb\",\"itemListElement\":[{\"@type\":\"ListItem\",\"position\":1,\"name\":\"Portada\",\"item\":\"https:\\\/\\\/www.ugtcomunicaciones.es\\\/wordpress\\\/\"},{\"@type\":\"ListItem\",\"position\":2,\"name\":\"Nuevo protocolo de actuaci\u00f3n ante emergencias por riesgos extraordinarios en Telef\u00f3nica\"}]},{\"@type\":\"WebSite\",\"@id\":\"https:\\\/\\\/www.ugtcomunicaciones.es\\\/wordpress\\\/#website\",\"url\":\"https:\\\/\\\/www.ugtcomunicaciones.es\\\/wordpress\\\/\",\"name\":\"UGT Comunicaciones\",\"description\":\"Sindicato de Telecomunicaciones\",\"publisher\":{\"@id\":\"https:\\\/\\\/www.ugtcomunicaciones.es\\\/wordpress\\\/#organization\"},\"potentialAction\":[{\"@type\":\"SearchAction\",\"target\":{\"@type\":\"EntryPoint\",\"urlTemplate\":\"https:\\\/\\\/www.ugtcomunicaciones.es\\\/wordpress\\\/?s={search_term_string}\"},\"query-input\":{\"@type\":\"PropertyValueSpecification\",\"valueRequired\":true,\"valueName\":\"search_term_string\"}}],\"inLanguage\":\"es\"},{\"@type\":\"Organization\",\"@id\":\"https:\\\/\\\/www.ugtcomunicaciones.es\\\/wordpress\\\/#organization\",\"name\":\"UGT Comunicaciones\",\"url\":\"https:\\\/\\\/www.ugtcomunicaciones.es\\\/wordpress\\\/\",\"logo\":{\"@type\":\"ImageObject\",\"inLanguage\":\"es\",\"@id\":\"https:\\\/\\\/www.ugtcomunicaciones.es\\\/wordpress\\\/#\\\/schema\\\/logo\\\/image\\\/\",\"url\":\"https:\\\/\\\/www.ugtcomunicaciones.es\\\/wordpress\\\/wp-content\\\/uploads\\\/2024\\\/04\\\/comunicaciones_logo.png\",\"contentUrl\":\"https:\\\/\\\/www.ugtcomunicaciones.es\\\/wordpress\\\/wp-content\\\/uploads\\\/2024\\\/04\\\/comunicaciones_logo.png\",\"width\":298,\"height\":81,\"caption\":\"UGT Comunicaciones\"},\"image\":{\"@id\":\"https:\\\/\\\/www.ugtcomunicaciones.es\\\/wordpress\\\/#\\\/schema\\\/logo\\\/image\\\/\"},\"sameAs\":[\"https:\\\/\\\/www.facebook.com\\\/ugt.comunicaciones\\\/\",\"https:\\\/\\\/x.com\\\/ugtcom\"]},{\"@type\":\"Person\",\"@id\":\"https:\\\/\\\/www.ugtcomunicaciones.es\\\/wordpress\\\/#\\\/schema\\\/person\\\/75f8547d370622a8ad1e5b7efe72bebc\",\"name\":\"UGT\",\"image\":{\"@type\":\"ImageObject\",\"inLanguage\":\"es\",\"@id\":\"https:\\\/\\\/secure.gravatar.com\\\/avatar\\\/af9239a359a6ab48283fe5a98378a8044a76e2dd16b6945431659307f867ccc8?s=96&d=mm&r=g\",\"url\":\"https:\\\/\\\/secure.gravatar.com\\\/avatar\\\/af9239a359a6ab48283fe5a98378a8044a76e2dd16b6945431659307f867ccc8?s=96&d=mm&r=g\",\"contentUrl\":\"https:\\\/\\\/secure.gravatar.com\\\/avatar\\\/af9239a359a6ab48283fe5a98378a8044a76e2dd16b6945431659307f867ccc8?s=96&d=mm&r=g\",\"caption\":\"UGT\"}}]}<\/script>\n<!-- \/ Yoast SEO Premium plugin. -->","yoast_head_json":{"title":"Nuevo protocolo de actuaci\u00f3n ante emergencias por riesgos extraordinarios en Telef\u00f3nica - UGT Comunicaciones","description":"UGT logr\u00f3 incorporar a nuestro convenio el primer Protocolo de actuaci\u00f3n ante emergencias por riesgos extraordinarios en Telef\u00f3nica.","robots":{"index":"index","follow":"follow","max-snippet":"max-snippet:-1","max-image-preview":"max-image-preview:large","max-video-preview":"max-video-preview:-1"},"canonical":"https:\/\/www.ugtcomunicaciones.es\/wordpress\/nuevo-protocolo-actuacion-emergencias-telefonica\/","og_locale":"es_ES","og_type":"article","og_title":"Nuevo protocolo de actuaci\u00f3n ante emergencias por riesgos extraordinarios en Telef\u00f3nica","og_description":"UGT logr\u00f3 incorporar a nuestro convenio el primer Protocolo de actuaci\u00f3n ante emergencias por riesgos extraordinarios en Telef\u00f3nica.","og_url":"https:\/\/www.ugtcomunicaciones.es\/wordpress\/nuevo-protocolo-actuacion-emergencias-telefonica\/","og_site_name":"UGT Comunicaciones","article_publisher":"https:\/\/www.facebook.com\/ugt.comunicaciones\/","article_published_time":"2026-01-22T11:09:18+00:00","og_image":[{"width":2560,"height":1200,"url":"https:\/\/www.ugtcomunicaciones.es\/wordpress\/wp-content\/uploads\/2026\/01\/semaforo-meteorologico_logo-scaled.png","type":"image\/png"}],"author":"UGT","twitter_card":"summary_large_image","twitter_creator":"@ugtcom","twitter_site":"@ugtcom","twitter_misc":{"Escrito por":"UGT","Tiempo de lectura":"3 minutos"},"schema":{"@context":"https:\/\/schema.org","@graph":[{"@type":"Article","@id":"https:\/\/www.ugtcomunicaciones.es\/wordpress\/nuevo-protocolo-actuacion-emergencias-telefonica\/#article","isPartOf":{"@id":"https:\/\/www.ugtcomunicaciones.es\/wordpress\/nuevo-protocolo-actuacion-emergencias-telefonica\/"},"author":{"name":"UGT","@id":"https:\/\/www.ugtcomunicaciones.es\/wordpress\/#\/schema\/person\/75f8547d370622a8ad1e5b7efe72bebc"},"headline":"Nuevo protocolo de actuaci\u00f3n ante emergencias por riesgos extraordinarios en Telef\u00f3nica","datePublished":"2026-01-22T11:09:18+00:00","mainEntityOfPage":{"@id":"https:\/\/www.ugtcomunicaciones.es\/wordpress\/nuevo-protocolo-actuacion-emergencias-telefonica\/"},"wordCount":648,"publisher":{"@id":"https:\/\/www.ugtcomunicaciones.es\/wordpress\/#organization"},"image":{"@id":"https:\/\/www.ugtcomunicaciones.es\/wordpress\/nuevo-protocolo-actuacion-emergencias-telefonica\/#primaryimage"},"thumbnailUrl":"https:\/\/www.ugtcomunicaciones.es\/wordpress\/wp-content\/uploads\/2026\/01\/semaforo-meteorologico_logo-scaled.png","articleSection":["Telef\u00f3nica CEV","Telef\u00f3nica de Espa\u00f1a","Telef\u00f3nica M\u00f3viles","Telef\u00f3nica Soluciones"],"inLanguage":"es"},{"@type":"WebPage","@id":"https:\/\/www.ugtcomunicaciones.es\/wordpress\/nuevo-protocolo-actuacion-emergencias-telefonica\/","url":"https:\/\/www.ugtcomunicaciones.es\/wordpress\/nuevo-protocolo-actuacion-emergencias-telefonica\/","name":"Nuevo protocolo de actuaci\u00f3n ante emergencias por riesgos extraordinarios en Telef\u00f3nica - UGT Comunicaciones","isPartOf":{"@id":"https:\/\/www.ugtcomunicaciones.es\/wordpress\/#website"},"primaryImageOfPage":{"@id":"https:\/\/www.ugtcomunicaciones.es\/wordpress\/nuevo-protocolo-actuacion-emergencias-telefonica\/#primaryimage"},"image":{"@id":"https:\/\/www.ugtcomunicaciones.es\/wordpress\/nuevo-protocolo-actuacion-emergencias-telefonica\/#primaryimage"},"thumbnailUrl":"https:\/\/www.ugtcomunicaciones.es\/wordpress\/wp-content\/uploads\/2026\/01\/semaforo-meteorologico_logo-scaled.png","datePublished":"2026-01-22T11:09:18+00:00","description":"UGT logr\u00f3 incorporar a nuestro convenio el primer Protocolo de actuaci\u00f3n ante emergencias por riesgos extraordinarios en Telef\u00f3nica.","breadcrumb":{"@id":"https:\/\/www.ugtcomunicaciones.es\/wordpress\/nuevo-protocolo-actuacion-emergencias-telefonica\/#breadcrumb"},"inLanguage":"es","potentialAction":[{"@type":"ReadAction","target":["https:\/\/www.ugtcomunicaciones.es\/wordpress\/nuevo-protocolo-actuacion-emergencias-telefonica\/"]}]},{"@type":"ImageObject","inLanguage":"es","@id":"https:\/\/www.ugtcomunicaciones.es\/wordpress\/nuevo-protocolo-actuacion-emergencias-telefonica\/#primaryimage","url":"https:\/\/www.ugtcomunicaciones.es\/wordpress\/wp-content\/uploads\/2026\/01\/semaforo-meteorologico_logo-scaled.png","contentUrl":"https:\/\/www.ugtcomunicaciones.es\/wordpress\/wp-content\/uploads\/2026\/01\/semaforo-meteorologico_logo-scaled.png","width":2560,"height":1200,"caption":"Protocolo actuaci\u00f3n emergencias"},{"@type":"BreadcrumbList","@id":"https:\/\/www.ugtcomunicaciones.es\/wordpress\/nuevo-protocolo-actuacion-emergencias-telefonica\/#breadcrumb","itemListElement":[{"@type":"ListItem","position":1,"name":"Portada","item":"https:\/\/www.ugtcomunicaciones.es\/wordpress\/"},{"@type":"ListItem","position":2,"name":"Nuevo protocolo de actuaci\u00f3n ante emergencias por riesgos extraordinarios en Telef\u00f3nica"}]},{"@type":"WebSite","@id":"https:\/\/www.ugtcomunicaciones.es\/wordpress\/#website","url":"https:\/\/www.ugtcomunicaciones.es\/wordpress\/","name":"UGT Comunicaciones","description":"Sindicato de Telecomunicaciones","publisher":{"@id":"https:\/\/www.ugtcomunicaciones.es\/wordpress\/#organization"},"potentialAction":[{"@type":"SearchAction","target":{"@type":"EntryPoint","urlTemplate":"https:\/\/www.ugtcomunicaciones.es\/wordpress\/?s={search_term_string}"},"query-input":{"@type":"PropertyValueSpecification","valueRequired":true,"valueName":"search_term_string"}}],"inLanguage":"es"},{"@type":"Organization","@id":"https:\/\/www.ugtcomunicaciones.es\/wordpress\/#organization","name":"UGT Comunicaciones","url":"https:\/\/www.ugtcomunicaciones.es\/wordpress\/","logo":{"@type":"ImageObject","inLanguage":"es","@id":"https:\/\/www.ugtcomunicaciones.es\/wordpress\/#\/schema\/logo\/image\/","url":"https:\/\/www.ugtcomunicaciones.es\/wordpress\/wp-content\/uploads\/2024\/04\/comunicaciones_logo.png","contentUrl":"https:\/\/www.ugtcomunicaciones.es\/wordpress\/wp-content\/uploads\/2024\/04\/comunicaciones_logo.png","width":298,"height":81,"caption":"UGT Comunicaciones"},"image":{"@id":"https:\/\/www.ugtcomunicaciones.es\/wordpress\/#\/schema\/logo\/image\/"},"sameAs":["https:\/\/www.facebook.com\/ugt.comunicaciones\/","https:\/\/x.com\/ugtcom"]},{"@type":"Person","@id":"https:\/\/www.ugtcomunicaciones.es\/wordpress\/#\/schema\/person\/75f8547d370622a8ad1e5b7efe72bebc","name":"UGT","image":{"@type":"ImageObject","inLanguage":"es","@id":"https:\/\/secure.gravatar.com\/avatar\/af9239a359a6ab48283fe5a98378a8044a76e2dd16b6945431659307f867ccc8?s=96&d=mm&r=g","url":"https:\/\/secure.gravatar.com\/avatar\/af9239a359a6ab48283fe5a98378a8044a76e2dd16b6945431659307f867ccc8?s=96&d=mm&r=g","contentUrl":"https:\/\/secure.gravatar.com\/avatar\/af9239a359a6ab48283fe5a98378a8044a76e2dd16b6945431659307f867ccc8?s=96&d=mm&r=g","caption":"UGT"}}]}},"_links":{"self":[{"href":"https:\/\/www.ugtcomunicaciones.es\/wordpress\/wp-json\/wp\/v2\/posts\/1068378","targetHints":{"allow":["GET"]}}],"collection":[{"href":"https:\/\/www.ugtcomunicaciones.es\/wordpress\/wp-json\/wp\/v2\/posts"}],"about":[{"href":"https:\/\/www.ugtcomunicaciones.es\/wordpress\/wp-json\/wp\/v2\/types\/post"}],"author":[{"embeddable":true,"href":"https:\/\/www.ugtcomunicaciones.es\/wordpress\/wp-json\/wp\/v2\/users\/10"}],"replies":[{"embeddable":true,"href":"https:\/\/www.ugtcomunicaciones.es\/wordpress\/wp-json\/wp\/v2\/comments?post=1068378"}],"version-history":[{"count":1,"href":"https:\/\/www.ugtcomunicaciones.es\/wordpress\/wp-json\/wp\/v2\/posts\/1068378\/revisions"}],"predecessor-version":[{"id":1068380,"href":"https:\/\/www.ugtcomunicaciones.es\/wordpress\/wp-json\/wp\/v2\/posts\/1068378\/revisions\/1068380"}],"wp:featuredmedia":[{"embeddable":true,"href":"https:\/\/www.ugtcomunicaciones.es\/wordpress\/wp-json\/wp\/v2\/media\/1068379"}],"wp:attachment":[{"href":"https:\/\/www.ugtcomunicaciones.es\/wordpress\/wp-json\/wp\/v2\/media?parent=1068378"}],"wp:term":[{"taxonomy":"category","embeddable":true,"href":"https:\/\/www.ugtcomunicaciones.es\/wordpress\/wp-json\/wp\/v2\/categories?post=1068378"},{"taxonomy":"post_tag","embeddable":true,"href":"https:\/\/www.ugtcomunicaciones.es\/wordpress\/wp-json\/wp\/v2\/tags?post=1068378"}],"curies":[{"name":"wp","href":"https:\/\/api.w.org\/{rel}","templated":true}]}}