{"id":1068386,"date":"2026-01-29T12:56:23","date_gmt":"2026-01-29T11:56:23","guid":{"rendered":"https:\/\/www.ugtcomunicaciones.es\/wordpress\/?p=1068386"},"modified":"2026-01-29T15:36:51","modified_gmt":"2026-01-29T14:36:51","slug":"ugt-logra-confirmacion-del-inss-te-acoges-al-ere-podrias-volver-a-trabajar-sin-afectar-a-tu-jubilacion","status":"publish","type":"post","link":"https:\/\/www.ugtcomunicaciones.es\/wordpress\/ugt-logra-confirmacion-del-inss-te-acoges-al-ere-podrias-volver-a-trabajar-sin-afectar-a-tu-jubilacion\/","title":{"rendered":"UGT logra confirmaci\u00f3n del INSS: \u00bfTe acoges al ERE? Podr\u00edas volver a trabajar sin afectar a tu jubilaci\u00f3n"},"content":{"rendered":"<p style=\"text-align: justify;\"><strong>UGT<\/strong> hemos defendido siempre que las personas trabajadoras deben contar con informaci\u00f3n clara y actualizada. Por ello, desde <strong>UGT<\/strong> trasladamos a la Comisi\u00f3n Ejecutiva del Instituto Nacional de la Seguridad Social (INSS) una consulta clave: <strong>\u00bfQu\u00e9 ocurre si una persona que se acoge el ERE decide volver a trabajar, ya sea por cuenta ajena o como aut\u00f3noma?, \u00bfSe mantiene el derecho a la jubilaci\u00f3n anticipada involuntaria<\/strong> del art\u00edculo 207 del Texto Refundido de la Ley General de la Seguridad Social?<\/p>\n<p style=\"text-align: justify;\"><strong>La respuesta oficial del INSS, emitida conforme el criterio de gesti\u00f3n actual \u2014<a href=\"https:\/\/www.ugtcomunicaciones.es\/wordpress\/wp-content\/uploads\/2026\/01\/INSS.-Cont.-UGT-J.-anticipada-Dic-.pdf\" target=\"_blank\" rel=\"noopener\">accede aqu\u00ed al informe<\/a>\u2014 es clara:<\/strong><\/p>\n<p style=\"padding-left: 40px; text-align: justify;\"><strong><em>\u00abLos trabajadores que hayan cesado en la empresa como consecuencia de un ERE, de reunir el resto de los requisitos necesarios, mantendr\u00e1n el derecho al acceso a la jubilaci\u00f3n anticipada involuntaria por la v\u00eda del art\u00edculo 207 del TRLGSS, aunque hayan vuelto a trabajar despu\u00e9s de dicho cese, siempre que cuando el mismo se produjo acreditasen 33 a\u00f1os de cotizaci\u00f3n efectiva, no siendo relevante, a estos efectos, que la causa del cese de esos trabajos posteriores sea un despido improcedente o cualquier otra causa\u00bb<\/em><\/strong><\/p>\n<p style=\"text-align: justify;\">Adem\u00e1s, el informe aclara que:<\/p>\n<ul style=\"text-align: justify;\">\n<li>Para computar los 33 a\u00f1os exigidos, sin tener en cuenta esos trabajos posteriores, s\u00ed <strong>pueden contabilizarse las cotizaciones derivadas del per\u00edodo de desempleo, del convenio especial con la seguridad social<\/strong> suscrito tras el ERE o del subsidio para mayores de 52 a\u00f1os.<\/li>\n<li>No importa la causa por la que termine ese trabajo posterior: puede ser un despido improcedente o cualquier otra situaci\u00f3n.<\/li>\n<\/ul>\n<p style=\"text-align: justify;\"><strong>\u00bfQu\u00e9 significa esto para las personas de Telef\u00f3nica? <\/strong>Significa libertad real de elecci\u00f3n.<\/p>\n<p style=\"text-align: justify;\">Quien se acoja al ERE puede:<\/p>\n<ul style=\"text-align: justify;\">\n<li>Volver a trabajar si lo desea,<\/li>\n<li>Emprender, trabajar por cuenta propia,<\/li>\n<li>aceptar un contrato temporal,<\/li>\n<li>o no trabajar m\u00e1s.<\/li>\n<\/ul>\n<p style=\"text-align: justify;\">Y ninguna de esas decisiones afectar\u00eda, de mantenerse la normativa y el criterio actual, al derecho ni a las condiciones de su futura jubilaci\u00f3n anticipada involuntaria derivada del ERE.<\/p>\n<p style=\"text-align: justify;\">No se pierden ventajas. No se modifica el c\u00e1lculo.<\/p>\n<p style=\"text-align: justify;\">Una aclaraci\u00f3n importante gracias al trabajo de <strong>UGT<\/strong> y que representa el mantenimiento del criterio de gesti\u00f3n 12\/2015 a la nueva legislaci\u00f3n en materia de jubilaci\u00f3n anticipada involuntaria.<\/p>\n<p style=\"text-align: justify;\">No obstante, entendemos que ser\u00eda conveniente que a los que pudiera afectar este criterio de gesti\u00f3n, guarden copia del informe sobre la consulta realizada por la representante de <strong>UGT<\/strong> y que hemos vinculado al presente comunicado, dado el propio desconocimiento que pudieran tener algunos funcionarios en las diferentes delegaciones del INSS a la hora de aplicarlo.\u00a0 Igualmente, tambi\u00e9n hay que estar vigilantes de posteriores modificaciones legislativas, ya que estos criterios de gesti\u00f3n no son vinculantes, ni definitivos y pueden estar sujetos a cambios e interpretaciones.<\/p>\n<p style=\"text-align: justify;\">Desde <strong>UGT<\/strong>, como siempre, os mantendremos informados para que cont\u00e9is con la informaci\u00f3n m\u00e1s actualizada.<\/p>\n","protected":false},"excerpt":{"rendered":"<p>UGT hemos defendido siempre que las personas trabajadoras deben contar con informaci\u00f3n clara y actualizada. Por ello, desde UGT trasladamos a la Comisi\u00f3n Ejecutiva del Instituto Nacional de la Seguridad Social (INSS) una consulta clave: \u00bfQu\u00e9 ocurre si una persona que se acoge el ERE decide volver a trabajar, ya sea por cuenta ajena o [&hellip;]<\/p>\n","protected":false},"author":10,"featured_media":1068388,"comment_status":"closed","ping_status":"closed","sticky":false,"template":"","format":"standard","meta":{"footnotes":""},"categories":[8,25,7,26],"tags":[],"class_list":["post-1068386","post","type-post","status-publish","format-standard","has-post-thumbnail","hentry","category-telefonica-cev","category-telefonica","category-telefonica-moviles","category-telefonica-soluciones"],"yoast_head":"<!-- This site is optimized with the Yoast SEO Premium plugin v27.3 (Yoast SEO v27.4) - https:\/\/yoast.com\/product\/yoast-seo-premium-wordpress\/ -->\n<title>\u00bfERE? Podr\u00edas volver a trabajar sin afectar a tu jubilaci\u00f3n<\/title>\n<meta name=\"description\" content=\"UGT logra confirmaci\u00f3n del INSS: \u00bfTe acoges al ERE? Podr\u00edas volver a trabajar sin afectar a tu jubilaci\u00f3n si tienes 33 a\u00f1os cotizados\" \/>\n<meta name=\"robots\" content=\"index, follow, max-snippet:-1, max-image-preview:large, max-video-preview:-1\" \/>\n<link rel=\"canonical\" href=\"https:\/\/www.ugtcomunicaciones.es\/wordpress\/ugt-logra-confirmacion-del-inss-te-acoges-al-ere-podrias-volver-a-trabajar-sin-afectar-a-tu-jubilacion\/\" \/>\n<meta property=\"og:locale\" content=\"es_ES\" \/>\n<meta property=\"og:type\" content=\"article\" \/>\n<meta property=\"og:title\" content=\"UGT logra confirmaci\u00f3n del INSS: \u00bfTe acoges al ERE? Podr\u00edas volver a trabajar sin afectar a tu jubilaci\u00f3n\" \/>\n<meta property=\"og:description\" content=\"UGT logra confirmaci\u00f3n del INSS: \u00bfTe acoges al ERE? Podr\u00edas volver a trabajar sin afectar a tu jubilaci\u00f3n si tienes 33 a\u00f1os cotizados\" \/>\n<meta property=\"og:url\" content=\"https:\/\/www.ugtcomunicaciones.es\/wordpress\/ugt-logra-confirmacion-del-inss-te-acoges-al-ere-podrias-volver-a-trabajar-sin-afectar-a-tu-jubilacion\/\" \/>\n<meta property=\"og:site_name\" content=\"UGT Comunicaciones\" \/>\n<meta property=\"article:publisher\" content=\"https:\/\/www.facebook.com\/ugt.comunicaciones\/\" \/>\n<meta property=\"article:published_time\" content=\"2026-01-29T11:56:23+00:00\" \/>\n<meta property=\"article:modified_time\" content=\"2026-01-29T14:36:51+00:00\" \/>\n<meta property=\"og:image\" content=\"https:\/\/www.ugtcomunicaciones.es\/wordpress\/wp-content\/uploads\/2026\/01\/14433.jpg\" \/>\n\t<meta property=\"og:image:width\" content=\"1000\" \/>\n\t<meta property=\"og:image:height\" content=\"667\" \/>\n\t<meta property=\"og:image:type\" content=\"image\/jpeg\" \/>\n<meta name=\"author\" content=\"UGT\" \/>\n<meta name=\"twitter:card\" content=\"summary_large_image\" \/>\n<meta name=\"twitter:creator\" content=\"@ugtcom\" \/>\n<meta name=\"twitter:site\" content=\"@ugtcom\" \/>\n<meta name=\"twitter:label1\" content=\"Escrito por\" \/>\n\t<meta name=\"twitter:data1\" content=\"UGT\" \/>\n\t<meta name=\"twitter:label2\" content=\"Tiempo de lectura\" \/>\n\t<meta name=\"twitter:data2\" content=\"3 minutos\" \/>\n<script type=\"application\/ld+json\" class=\"yoast-schema-graph\">{\"@context\":\"https:\\\/\\\/schema.org\",\"@graph\":[{\"@type\":\"Article\",\"@id\":\"https:\\\/\\\/www.ugtcomunicaciones.es\\\/wordpress\\\/ugt-logra-confirmacion-del-inss-te-acoges-al-ere-podrias-volver-a-trabajar-sin-afectar-a-tu-jubilacion\\\/#article\",\"isPartOf\":{\"@id\":\"https:\\\/\\\/www.ugtcomunicaciones.es\\\/wordpress\\\/ugt-logra-confirmacion-del-inss-te-acoges-al-ere-podrias-volver-a-trabajar-sin-afectar-a-tu-jubilacion\\\/\"},\"author\":{\"name\":\"UGT\",\"@id\":\"https:\\\/\\\/www.ugtcomunicaciones.es\\\/wordpress\\\/#\\\/schema\\\/person\\\/75f8547d370622a8ad1e5b7efe72bebc\"},\"headline\":\"UGT logra confirmaci\u00f3n del INSS: \u00bfTe acoges al ERE? Podr\u00edas volver a trabajar sin afectar a tu jubilaci\u00f3n\",\"datePublished\":\"2026-01-29T11:56:23+00:00\",\"dateModified\":\"2026-01-29T14:36:51+00:00\",\"mainEntityOfPage\":{\"@id\":\"https:\\\/\\\/www.ugtcomunicaciones.es\\\/wordpress\\\/ugt-logra-confirmacion-del-inss-te-acoges-al-ere-podrias-volver-a-trabajar-sin-afectar-a-tu-jubilacion\\\/\"},\"wordCount\":503,\"publisher\":{\"@id\":\"https:\\\/\\\/www.ugtcomunicaciones.es\\\/wordpress\\\/#organization\"},\"image\":{\"@id\":\"https:\\\/\\\/www.ugtcomunicaciones.es\\\/wordpress\\\/ugt-logra-confirmacion-del-inss-te-acoges-al-ere-podrias-volver-a-trabajar-sin-afectar-a-tu-jubilacion\\\/#primaryimage\"},\"thumbnailUrl\":\"https:\\\/\\\/www.ugtcomunicaciones.es\\\/wordpress\\\/wp-content\\\/uploads\\\/2026\\\/01\\\/14433.jpg\",\"articleSection\":[\"Telef\u00f3nica CEV\",\"Telef\u00f3nica de Espa\u00f1a\",\"Telef\u00f3nica M\u00f3viles\",\"Telef\u00f3nica Soluciones\"],\"inLanguage\":\"es\"},{\"@type\":\"WebPage\",\"@id\":\"https:\\\/\\\/www.ugtcomunicaciones.es\\\/wordpress\\\/ugt-logra-confirmacion-del-inss-te-acoges-al-ere-podrias-volver-a-trabajar-sin-afectar-a-tu-jubilacion\\\/\",\"url\":\"https:\\\/\\\/www.ugtcomunicaciones.es\\\/wordpress\\\/ugt-logra-confirmacion-del-inss-te-acoges-al-ere-podrias-volver-a-trabajar-sin-afectar-a-tu-jubilacion\\\/\",\"name\":\"\u00bfERE? Podr\u00edas volver a trabajar sin afectar a tu jubilaci\u00f3n\",\"isPartOf\":{\"@id\":\"https:\\\/\\\/www.ugtcomunicaciones.es\\\/wordpress\\\/#website\"},\"primaryImageOfPage\":{\"@id\":\"https:\\\/\\\/www.ugtcomunicaciones.es\\\/wordpress\\\/ugt-logra-confirmacion-del-inss-te-acoges-al-ere-podrias-volver-a-trabajar-sin-afectar-a-tu-jubilacion\\\/#primaryimage\"},\"image\":{\"@id\":\"https:\\\/\\\/www.ugtcomunicaciones.es\\\/wordpress\\\/ugt-logra-confirmacion-del-inss-te-acoges-al-ere-podrias-volver-a-trabajar-sin-afectar-a-tu-jubilacion\\\/#primaryimage\"},\"thumbnailUrl\":\"https:\\\/\\\/www.ugtcomunicaciones.es\\\/wordpress\\\/wp-content\\\/uploads\\\/2026\\\/01\\\/14433.jpg\",\"datePublished\":\"2026-01-29T11:56:23+00:00\",\"dateModified\":\"2026-01-29T14:36:51+00:00\",\"description\":\"UGT logra confirmaci\u00f3n del INSS: \u00bfTe acoges al ERE? Podr\u00edas volver a trabajar sin afectar a tu jubilaci\u00f3n si tienes 33 a\u00f1os cotizados\",\"breadcrumb\":{\"@id\":\"https:\\\/\\\/www.ugtcomunicaciones.es\\\/wordpress\\\/ugt-logra-confirmacion-del-inss-te-acoges-al-ere-podrias-volver-a-trabajar-sin-afectar-a-tu-jubilacion\\\/#breadcrumb\"},\"inLanguage\":\"es\",\"potentialAction\":[{\"@type\":\"ReadAction\",\"target\":[\"https:\\\/\\\/www.ugtcomunicaciones.es\\\/wordpress\\\/ugt-logra-confirmacion-del-inss-te-acoges-al-ere-podrias-volver-a-trabajar-sin-afectar-a-tu-jubilacion\\\/\"]}]},{\"@type\":\"ImageObject\",\"inLanguage\":\"es\",\"@id\":\"https:\\\/\\\/www.ugtcomunicaciones.es\\\/wordpress\\\/ugt-logra-confirmacion-del-inss-te-acoges-al-ere-podrias-volver-a-trabajar-sin-afectar-a-tu-jubilacion\\\/#primaryimage\",\"url\":\"https:\\\/\\\/www.ugtcomunicaciones.es\\\/wordpress\\\/wp-content\\\/uploads\\\/2026\\\/01\\\/14433.jpg\",\"contentUrl\":\"https:\\\/\\\/www.ugtcomunicaciones.es\\\/wordpress\\\/wp-content\\\/uploads\\\/2026\\\/01\\\/14433.jpg\",\"width\":1000,\"height\":667,\"caption\":\"volver a trabajar sin afectar a tu jubilaci\u00f3n\"},{\"@type\":\"BreadcrumbList\",\"@id\":\"https:\\\/\\\/www.ugtcomunicaciones.es\\\/wordpress\\\/ugt-logra-confirmacion-del-inss-te-acoges-al-ere-podrias-volver-a-trabajar-sin-afectar-a-tu-jubilacion\\\/#breadcrumb\",\"itemListElement\":[{\"@type\":\"ListItem\",\"position\":1,\"name\":\"Portada\",\"item\":\"https:\\\/\\\/www.ugtcomunicaciones.es\\\/wordpress\\\/\"},{\"@type\":\"ListItem\",\"position\":2,\"name\":\"UGT logra confirmaci\u00f3n del INSS: \u00bfTe acoges al ERE? Podr\u00edas volver a trabajar sin afectar a tu jubilaci\u00f3n\"}]},{\"@type\":\"WebSite\",\"@id\":\"https:\\\/\\\/www.ugtcomunicaciones.es\\\/wordpress\\\/#website\",\"url\":\"https:\\\/\\\/www.ugtcomunicaciones.es\\\/wordpress\\\/\",\"name\":\"UGT Comunicaciones\",\"description\":\"Sindicato de Telecomunicaciones\",\"publisher\":{\"@id\":\"https:\\\/\\\/www.ugtcomunicaciones.es\\\/wordpress\\\/#organization\"},\"potentialAction\":[{\"@type\":\"SearchAction\",\"target\":{\"@type\":\"EntryPoint\",\"urlTemplate\":\"https:\\\/\\\/www.ugtcomunicaciones.es\\\/wordpress\\\/?s={search_term_string}\"},\"query-input\":{\"@type\":\"PropertyValueSpecification\",\"valueRequired\":true,\"valueName\":\"search_term_string\"}}],\"inLanguage\":\"es\"},{\"@type\":\"Organization\",\"@id\":\"https:\\\/\\\/www.ugtcomunicaciones.es\\\/wordpress\\\/#organization\",\"name\":\"UGT Comunicaciones\",\"url\":\"https:\\\/\\\/www.ugtcomunicaciones.es\\\/wordpress\\\/\",\"logo\":{\"@type\":\"ImageObject\",\"inLanguage\":\"es\",\"@id\":\"https:\\\/\\\/www.ugtcomunicaciones.es\\\/wordpress\\\/#\\\/schema\\\/logo\\\/image\\\/\",\"url\":\"https:\\\/\\\/www.ugtcomunicaciones.es\\\/wordpress\\\/wp-content\\\/uploads\\\/2024\\\/04\\\/comunicaciones_logo.png\",\"contentUrl\":\"https:\\\/\\\/www.ugtcomunicaciones.es\\\/wordpress\\\/wp-content\\\/uploads\\\/2024\\\/04\\\/comunicaciones_logo.png\",\"width\":298,\"height\":81,\"caption\":\"UGT Comunicaciones\"},\"image\":{\"@id\":\"https:\\\/\\\/www.ugtcomunicaciones.es\\\/wordpress\\\/#\\\/schema\\\/logo\\\/image\\\/\"},\"sameAs\":[\"https:\\\/\\\/www.facebook.com\\\/ugt.comunicaciones\\\/\",\"https:\\\/\\\/x.com\\\/ugtcom\"]},{\"@type\":\"Person\",\"@id\":\"https:\\\/\\\/www.ugtcomunicaciones.es\\\/wordpress\\\/#\\\/schema\\\/person\\\/75f8547d370622a8ad1e5b7efe72bebc\",\"name\":\"UGT\",\"image\":{\"@type\":\"ImageObject\",\"inLanguage\":\"es\",\"@id\":\"https:\\\/\\\/secure.gravatar.com\\\/avatar\\\/af9239a359a6ab48283fe5a98378a8044a76e2dd16b6945431659307f867ccc8?s=96&d=mm&r=g\",\"url\":\"https:\\\/\\\/secure.gravatar.com\\\/avatar\\\/af9239a359a6ab48283fe5a98378a8044a76e2dd16b6945431659307f867ccc8?s=96&d=mm&r=g\",\"contentUrl\":\"https:\\\/\\\/secure.gravatar.com\\\/avatar\\\/af9239a359a6ab48283fe5a98378a8044a76e2dd16b6945431659307f867ccc8?s=96&d=mm&r=g\",\"caption\":\"UGT\"}}]}<\/script>\n<!-- \/ Yoast SEO Premium plugin. -->","yoast_head_json":{"title":"\u00bfERE? Podr\u00edas volver a trabajar sin afectar a tu jubilaci\u00f3n","description":"UGT logra confirmaci\u00f3n del INSS: \u00bfTe acoges al ERE? Podr\u00edas volver a trabajar sin afectar a tu jubilaci\u00f3n si tienes 33 a\u00f1os cotizados","robots":{"index":"index","follow":"follow","max-snippet":"max-snippet:-1","max-image-preview":"max-image-preview:large","max-video-preview":"max-video-preview:-1"},"canonical":"https:\/\/www.ugtcomunicaciones.es\/wordpress\/ugt-logra-confirmacion-del-inss-te-acoges-al-ere-podrias-volver-a-trabajar-sin-afectar-a-tu-jubilacion\/","og_locale":"es_ES","og_type":"article","og_title":"UGT logra confirmaci\u00f3n del INSS: \u00bfTe acoges al ERE? Podr\u00edas volver a trabajar sin afectar a tu jubilaci\u00f3n","og_description":"UGT logra confirmaci\u00f3n del INSS: \u00bfTe acoges al ERE? Podr\u00edas volver a trabajar sin afectar a tu jubilaci\u00f3n si tienes 33 a\u00f1os cotizados","og_url":"https:\/\/www.ugtcomunicaciones.es\/wordpress\/ugt-logra-confirmacion-del-inss-te-acoges-al-ere-podrias-volver-a-trabajar-sin-afectar-a-tu-jubilacion\/","og_site_name":"UGT Comunicaciones","article_publisher":"https:\/\/www.facebook.com\/ugt.comunicaciones\/","article_published_time":"2026-01-29T11:56:23+00:00","article_modified_time":"2026-01-29T14:36:51+00:00","og_image":[{"width":1000,"height":667,"url":"https:\/\/www.ugtcomunicaciones.es\/wordpress\/wp-content\/uploads\/2026\/01\/14433.jpg","type":"image\/jpeg"}],"author":"UGT","twitter_card":"summary_large_image","twitter_creator":"@ugtcom","twitter_site":"@ugtcom","twitter_misc":{"Escrito por":"UGT","Tiempo de lectura":"3 minutos"},"schema":{"@context":"https:\/\/schema.org","@graph":[{"@type":"Article","@id":"https:\/\/www.ugtcomunicaciones.es\/wordpress\/ugt-logra-confirmacion-del-inss-te-acoges-al-ere-podrias-volver-a-trabajar-sin-afectar-a-tu-jubilacion\/#article","isPartOf":{"@id":"https:\/\/www.ugtcomunicaciones.es\/wordpress\/ugt-logra-confirmacion-del-inss-te-acoges-al-ere-podrias-volver-a-trabajar-sin-afectar-a-tu-jubilacion\/"},"author":{"name":"UGT","@id":"https:\/\/www.ugtcomunicaciones.es\/wordpress\/#\/schema\/person\/75f8547d370622a8ad1e5b7efe72bebc"},"headline":"UGT logra confirmaci\u00f3n del INSS: \u00bfTe acoges al ERE? Podr\u00edas volver a trabajar sin afectar a tu jubilaci\u00f3n","datePublished":"2026-01-29T11:56:23+00:00","dateModified":"2026-01-29T14:36:51+00:00","mainEntityOfPage":{"@id":"https:\/\/www.ugtcomunicaciones.es\/wordpress\/ugt-logra-confirmacion-del-inss-te-acoges-al-ere-podrias-volver-a-trabajar-sin-afectar-a-tu-jubilacion\/"},"wordCount":503,"publisher":{"@id":"https:\/\/www.ugtcomunicaciones.es\/wordpress\/#organization"},"image":{"@id":"https:\/\/www.ugtcomunicaciones.es\/wordpress\/ugt-logra-confirmacion-del-inss-te-acoges-al-ere-podrias-volver-a-trabajar-sin-afectar-a-tu-jubilacion\/#primaryimage"},"thumbnailUrl":"https:\/\/www.ugtcomunicaciones.es\/wordpress\/wp-content\/uploads\/2026\/01\/14433.jpg","articleSection":["Telef\u00f3nica CEV","Telef\u00f3nica de Espa\u00f1a","Telef\u00f3nica M\u00f3viles","Telef\u00f3nica Soluciones"],"inLanguage":"es"},{"@type":"WebPage","@id":"https:\/\/www.ugtcomunicaciones.es\/wordpress\/ugt-logra-confirmacion-del-inss-te-acoges-al-ere-podrias-volver-a-trabajar-sin-afectar-a-tu-jubilacion\/","url":"https:\/\/www.ugtcomunicaciones.es\/wordpress\/ugt-logra-confirmacion-del-inss-te-acoges-al-ere-podrias-volver-a-trabajar-sin-afectar-a-tu-jubilacion\/","name":"\u00bfERE? Podr\u00edas volver a trabajar sin afectar a tu jubilaci\u00f3n","isPartOf":{"@id":"https:\/\/www.ugtcomunicaciones.es\/wordpress\/#website"},"primaryImageOfPage":{"@id":"https:\/\/www.ugtcomunicaciones.es\/wordpress\/ugt-logra-confirmacion-del-inss-te-acoges-al-ere-podrias-volver-a-trabajar-sin-afectar-a-tu-jubilacion\/#primaryimage"},"image":{"@id":"https:\/\/www.ugtcomunicaciones.es\/wordpress\/ugt-logra-confirmacion-del-inss-te-acoges-al-ere-podrias-volver-a-trabajar-sin-afectar-a-tu-jubilacion\/#primaryimage"},"thumbnailUrl":"https:\/\/www.ugtcomunicaciones.es\/wordpress\/wp-content\/uploads\/2026\/01\/14433.jpg","datePublished":"2026-01-29T11:56:23+00:00","dateModified":"2026-01-29T14:36:51+00:00","description":"UGT logra confirmaci\u00f3n del INSS: \u00bfTe acoges al ERE? Podr\u00edas volver a trabajar sin afectar a tu jubilaci\u00f3n si tienes 33 a\u00f1os cotizados","breadcrumb":{"@id":"https:\/\/www.ugtcomunicaciones.es\/wordpress\/ugt-logra-confirmacion-del-inss-te-acoges-al-ere-podrias-volver-a-trabajar-sin-afectar-a-tu-jubilacion\/#breadcrumb"},"inLanguage":"es","potentialAction":[{"@type":"ReadAction","target":["https:\/\/www.ugtcomunicaciones.es\/wordpress\/ugt-logra-confirmacion-del-inss-te-acoges-al-ere-podrias-volver-a-trabajar-sin-afectar-a-tu-jubilacion\/"]}]},{"@type":"ImageObject","inLanguage":"es","@id":"https:\/\/www.ugtcomunicaciones.es\/wordpress\/ugt-logra-confirmacion-del-inss-te-acoges-al-ere-podrias-volver-a-trabajar-sin-afectar-a-tu-jubilacion\/#primaryimage","url":"https:\/\/www.ugtcomunicaciones.es\/wordpress\/wp-content\/uploads\/2026\/01\/14433.jpg","contentUrl":"https:\/\/www.ugtcomunicaciones.es\/wordpress\/wp-content\/uploads\/2026\/01\/14433.jpg","width":1000,"height":667,"caption":"volver a trabajar sin afectar a tu jubilaci\u00f3n"},{"@type":"BreadcrumbList","@id":"https:\/\/www.ugtcomunicaciones.es\/wordpress\/ugt-logra-confirmacion-del-inss-te-acoges-al-ere-podrias-volver-a-trabajar-sin-afectar-a-tu-jubilacion\/#breadcrumb","itemListElement":[{"@type":"ListItem","position":1,"name":"Portada","item":"https:\/\/www.ugtcomunicaciones.es\/wordpress\/"},{"@type":"ListItem","position":2,"name":"UGT logra confirmaci\u00f3n del INSS: \u00bfTe acoges al ERE? Podr\u00edas volver a trabajar sin afectar a tu jubilaci\u00f3n"}]},{"@type":"WebSite","@id":"https:\/\/www.ugtcomunicaciones.es\/wordpress\/#website","url":"https:\/\/www.ugtcomunicaciones.es\/wordpress\/","name":"UGT Comunicaciones","description":"Sindicato de Telecomunicaciones","publisher":{"@id":"https:\/\/www.ugtcomunicaciones.es\/wordpress\/#organization"},"potentialAction":[{"@type":"SearchAction","target":{"@type":"EntryPoint","urlTemplate":"https:\/\/www.ugtcomunicaciones.es\/wordpress\/?s={search_term_string}"},"query-input":{"@type":"PropertyValueSpecification","valueRequired":true,"valueName":"search_term_string"}}],"inLanguage":"es"},{"@type":"Organization","@id":"https:\/\/www.ugtcomunicaciones.es\/wordpress\/#organization","name":"UGT Comunicaciones","url":"https:\/\/www.ugtcomunicaciones.es\/wordpress\/","logo":{"@type":"ImageObject","inLanguage":"es","@id":"https:\/\/www.ugtcomunicaciones.es\/wordpress\/#\/schema\/logo\/image\/","url":"https:\/\/www.ugtcomunicaciones.es\/wordpress\/wp-content\/uploads\/2024\/04\/comunicaciones_logo.png","contentUrl":"https:\/\/www.ugtcomunicaciones.es\/wordpress\/wp-content\/uploads\/2024\/04\/comunicaciones_logo.png","width":298,"height":81,"caption":"UGT Comunicaciones"},"image":{"@id":"https:\/\/www.ugtcomunicaciones.es\/wordpress\/#\/schema\/logo\/image\/"},"sameAs":["https:\/\/www.facebook.com\/ugt.comunicaciones\/","https:\/\/x.com\/ugtcom"]},{"@type":"Person","@id":"https:\/\/www.ugtcomunicaciones.es\/wordpress\/#\/schema\/person\/75f8547d370622a8ad1e5b7efe72bebc","name":"UGT","image":{"@type":"ImageObject","inLanguage":"es","@id":"https:\/\/secure.gravatar.com\/avatar\/af9239a359a6ab48283fe5a98378a8044a76e2dd16b6945431659307f867ccc8?s=96&d=mm&r=g","url":"https:\/\/secure.gravatar.com\/avatar\/af9239a359a6ab48283fe5a98378a8044a76e2dd16b6945431659307f867ccc8?s=96&d=mm&r=g","contentUrl":"https:\/\/secure.gravatar.com\/avatar\/af9239a359a6ab48283fe5a98378a8044a76e2dd16b6945431659307f867ccc8?s=96&d=mm&r=g","caption":"UGT"}}]}},"_links":{"self":[{"href":"https:\/\/www.ugtcomunicaciones.es\/wordpress\/wp-json\/wp\/v2\/posts\/1068386","targetHints":{"allow":["GET"]}}],"collection":[{"href":"https:\/\/www.ugtcomunicaciones.es\/wordpress\/wp-json\/wp\/v2\/posts"}],"about":[{"href":"https:\/\/www.ugtcomunicaciones.es\/wordpress\/wp-json\/wp\/v2\/types\/post"}],"author":[{"embeddable":true,"href":"https:\/\/www.ugtcomunicaciones.es\/wordpress\/wp-json\/wp\/v2\/users\/10"}],"replies":[{"embeddable":true,"href":"https:\/\/www.ugtcomunicaciones.es\/wordpress\/wp-json\/wp\/v2\/comments?post=1068386"}],"version-history":[{"count":4,"href":"https:\/\/www.ugtcomunicaciones.es\/wordpress\/wp-json\/wp\/v2\/posts\/1068386\/revisions"}],"predecessor-version":[{"id":1068392,"href":"https:\/\/www.ugtcomunicaciones.es\/wordpress\/wp-json\/wp\/v2\/posts\/1068386\/revisions\/1068392"}],"wp:featuredmedia":[{"embeddable":true,"href":"https:\/\/www.ugtcomunicaciones.es\/wordpress\/wp-json\/wp\/v2\/media\/1068388"}],"wp:attachment":[{"href":"https:\/\/www.ugtcomunicaciones.es\/wordpress\/wp-json\/wp\/v2\/media?parent=1068386"}],"wp:term":[{"taxonomy":"category","embeddable":true,"href":"https:\/\/www.ugtcomunicaciones.es\/wordpress\/wp-json\/wp\/v2\/categories?post=1068386"},{"taxonomy":"post_tag","embeddable":true,"href":"https:\/\/www.ugtcomunicaciones.es\/wordpress\/wp-json\/wp\/v2\/tags?post=1068386"}],"curies":[{"name":"wp","href":"https:\/\/api.w.org\/{rel}","templated":true}]}}