{"id":1068462,"date":"2026-03-16T06:00:29","date_gmt":"2026-03-16T05:00:29","guid":{"rendered":"https:\/\/www.ugtcomunicaciones.es\/wordpress\/?p=1068462"},"modified":"2026-03-11T12:01:31","modified_gmt":"2026-03-11T11:01:31","slug":"mercado-telecos-diciembre-2025-solo-digi-y-movistar-resisten-en-positivo","status":"publish","type":"post","link":"https:\/\/www.ugtcomunicaciones.es\/wordpress\/mercado-telecos-diciembre-2025-solo-digi-y-movistar-resisten-en-positivo\/","title":{"rendered":"Mercado Telecos diciembre 2025: s\u00f3lo DIGI y Movistar resisten en positivo"},"content":{"rendered":"<p style=\"text-align: justify;\">Fin de ejercicio estad\u00edstico marcado por el par\u00f3n en la difusi\u00f3n de datos por parte de la CNMC, que no ha difundido registros de octubre y noviembre. Si bien no hemos encontrado una explicaci\u00f3n, la nota el pie del regulador en su <a href=\"https:\/\/www.cnmc.es\/prensa\/datos-diciembre-telecos-20260219\" target=\"_blank\" rel=\"noopener\">nota de prensa<\/a>\u00a0parece mostrar una explicaci\u00f3n: \u201c<em>El aumento en octubre y noviembre de 2025 es debido a la portabilidad de n\u00fameros de Movistar a Orange por la adjudicaci\u00f3n a este \u00faltimo operador de las l\u00edneas del proyecto CORA <a href=\"https:\/\/www.redestelecom.es\/operadoras\/nuevos-ajustes-de-cora-iii-telefonica-se-queda-con-el-lote-3\/\" target=\"_blank\" rel=\"noopener\">1<\/a> y <a href=\"https:\/\/elpais.com\/economia\/2025-10-04\/el-gobierno-anula-la-adjudicacion-a-masorange-del-contrato-de-ciberseguridad-del-estado.html\" target=\"_blank\" rel=\"noopener\">2<\/a>. <\/em><\/p>\n<p style=\"text-align: justify;\">En cuanto a los resultados, destacar que s\u00f3lo la dominadora DIGI y una renacida Movistar consiguen mantener el tipo en todas las l\u00edneas de negocio, si bien las diferencias entre ellas son abisales (Digi sextuplica la ganancias de Telef\u00f3nica). El resto, mal paradas.<\/p>\n<p style=\"text-align: justify;\"><strong>Acumulado de accesos por operador para todas los segmentos minoristas<\/strong><\/p>\n<p><img decoding=\"async\" class=\"aligncenter wp-image-1068464 size-full lazyload\" data-src=\"https:\/\/www.ugtcomunicaciones.es\/wordpress\/wp-content\/uploads\/2026\/03\/Merc_01.jpg\" alt=\"\" width=\"572\" height=\"146\" data-srcset=\"https:\/\/www.ugtcomunicaciones.es\/wordpress\/wp-content\/uploads\/2026\/03\/Merc_01.jpg 572w, https:\/\/www.ugtcomunicaciones.es\/wordpress\/wp-content\/uploads\/2026\/03\/Merc_01-300x77.jpg 300w\" data-sizes=\"(max-width: 572px) 100vw, 572px\" src=\"data:image\/svg+xml;base64,PHN2ZyB3aWR0aD0iMSIgaGVpZ2h0PSIxIiB4bWxucz0iaHR0cDovL3d3dy53My5vcmcvMjAwMC9zdmciPjwvc3ZnPg==\" style=\"--smush-placeholder-width: 572px; --smush-placeholder-aspect-ratio: 572\/146;\" \/><\/p>\n<p style=\"text-align: justify;\"><strong>Panor\u00e1mica general<\/strong><\/p>\n<p style=\"text-align: justify;\">Reversi\u00f3n en las tendencias, aminorando el ritmo la BAF y la telefon\u00eda fija, mejorando BAM y fija:<\/p>\n<p><img decoding=\"async\" class=\"aligncenter wp-image-1068477 size-full lazyload\" data-src=\"https:\/\/www.ugtcomunicaciones.es\/wordpress\/wp-content\/uploads\/2026\/03\/Merc_02.jpg\" alt=\"\" width=\"744\" height=\"295\" data-srcset=\"https:\/\/www.ugtcomunicaciones.es\/wordpress\/wp-content\/uploads\/2026\/03\/Merc_02.jpg 744w, https:\/\/www.ugtcomunicaciones.es\/wordpress\/wp-content\/uploads\/2026\/03\/Merc_02-300x119.jpg 300w, https:\/\/www.ugtcomunicaciones.es\/wordpress\/wp-content\/uploads\/2026\/03\/Merc_02-640x254.jpg 640w, https:\/\/www.ugtcomunicaciones.es\/wordpress\/wp-content\/uploads\/2026\/03\/Merc_02-681x270.jpg 681w, https:\/\/www.ugtcomunicaciones.es\/wordpress\/wp-content\/uploads\/2026\/03\/Merc_02-741x295.jpg 741w\" data-sizes=\"(max-width: 744px) 100vw, 744px\" src=\"data:image\/svg+xml;base64,PHN2ZyB3aWR0aD0iMSIgaGVpZ2h0PSIxIiB4bWxucz0iaHR0cDovL3d3dy53My5vcmcvMjAwMC9zdmciPjwvc3ZnPg==\" style=\"--smush-placeholder-width: 744px; --smush-placeholder-aspect-ratio: 744\/295;\" \/><\/p>\n<p style=\"text-align: justify;\"><strong>Mercado de banda ancha fija<\/strong><\/p>\n<ol style=\"text-align: justify;\">\n<li><strong> Comportamiento mensual BAF<\/strong><\/li>\n<\/ol>\n<p style=\"text-align: justify;\">Nada ensombrece la pujanza de Digi, salvo una Movistar que sigue encadenando meses en positivo. M\u00e1sOrange y Vodafone casi calcan los n\u00fameros rojos:<img decoding=\"async\" class=\"aligncenter wp-image-1068476 size-full lazyload\" data-src=\"https:\/\/www.ugtcomunicaciones.es\/wordpress\/wp-content\/uploads\/2026\/03\/Merc_03.jpg\" alt=\"\" width=\"660\" height=\"269\" data-srcset=\"https:\/\/www.ugtcomunicaciones.es\/wordpress\/wp-content\/uploads\/2026\/03\/Merc_03.jpg 660w, https:\/\/www.ugtcomunicaciones.es\/wordpress\/wp-content\/uploads\/2026\/03\/Merc_03-300x122.jpg 300w, https:\/\/www.ugtcomunicaciones.es\/wordpress\/wp-content\/uploads\/2026\/03\/Merc_03-640x261.jpg 640w\" data-sizes=\"(max-width: 660px) 100vw, 660px\" src=\"data:image\/svg+xml;base64,PHN2ZyB3aWR0aD0iMSIgaGVpZ2h0PSIxIiB4bWxucz0iaHR0cDovL3d3dy53My5vcmcvMjAwMC9zdmciPjwvc3ZnPg==\" style=\"--smush-placeholder-width: 660px; --smush-placeholder-aspect-ratio: 660\/269;\" \/><\/p>\n<p style=\"text-align: justify;\">Cuotas de mercado: M\u00e1sOrange se asoma a perder el 36% mientras que Digi consolidan el 13%<\/p>\n<p><img decoding=\"async\" class=\"aligncenter wp-image-1068475 size-full lazyload\" data-src=\"https:\/\/www.ugtcomunicaciones.es\/wordpress\/wp-content\/uploads\/2026\/03\/Merc_04.jpg\" alt=\"\" width=\"609\" height=\"252\" data-srcset=\"https:\/\/www.ugtcomunicaciones.es\/wordpress\/wp-content\/uploads\/2026\/03\/Merc_04.jpg 609w, https:\/\/www.ugtcomunicaciones.es\/wordpress\/wp-content\/uploads\/2026\/03\/Merc_04-300x124.jpg 300w\" data-sizes=\"(max-width: 609px) 100vw, 609px\" src=\"data:image\/svg+xml;base64,PHN2ZyB3aWR0aD0iMSIgaGVpZ2h0PSIxIiB4bWxucz0iaHR0cDovL3d3dy53My5vcmcvMjAwMC9zdmciPjwvc3ZnPg==\" style=\"--smush-placeholder-width: 609px; --smush-placeholder-aspect-ratio: 609\/252;\" \/><\/p>\n<ol style=\"text-align: justify;\" start=\"2\">\n<li><strong> Comportamiento anual BAF<\/strong><\/li>\n<\/ol>\n<p style=\"text-align: justify;\">Las estad\u00edsticas interanuales quedan condicionadas por los hechos se\u00f1alados al principio. No obstante, las cifras de Digi siguen siendo asombrosas y las de Movistar, m\u00e1s que convincentes:<\/p>\n<p><img decoding=\"async\" class=\"aligncenter wp-image-1068474 size-full lazyload\" data-src=\"https:\/\/www.ugtcomunicaciones.es\/wordpress\/wp-content\/uploads\/2026\/03\/Merc_05.jpg\" alt=\"\" width=\"643\" height=\"403\" data-srcset=\"https:\/\/www.ugtcomunicaciones.es\/wordpress\/wp-content\/uploads\/2026\/03\/Merc_05.jpg 643w, https:\/\/www.ugtcomunicaciones.es\/wordpress\/wp-content\/uploads\/2026\/03\/Merc_05-300x188.jpg 300w, https:\/\/www.ugtcomunicaciones.es\/wordpress\/wp-content\/uploads\/2026\/03\/Merc_05-640x401.jpg 640w\" data-sizes=\"(max-width: 643px) 100vw, 643px\" src=\"data:image\/svg+xml;base64,PHN2ZyB3aWR0aD0iMSIgaGVpZ2h0PSIxIiB4bWxucz0iaHR0cDovL3d3dy53My5vcmcvMjAwMC9zdmciPjwvc3ZnPg==\" style=\"--smush-placeholder-width: 643px; --smush-placeholder-aspect-ratio: 643\/403;\" \/><\/p>\n<p style=\"text-align: justify;\"><strong>Mercado de telefon\u00eda m\u00f3vil<\/strong><\/p>\n<ol style=\"text-align: justify;\">\n<li><strong> Comportamiento mensual BAM<\/strong><\/li>\n<\/ol>\n<p style=\"text-align: justify;\">Panor\u00e1mica muy parecida a la de la BAF, con matices: menor dominio de Digi, m\u00e1s ca\u00edda de los naranjas y hundimiento de las OMV:<\/p>\n<p><img decoding=\"async\" class=\"aligncenter wp-image-1068473 size-full lazyload\" data-src=\"https:\/\/www.ugtcomunicaciones.es\/wordpress\/wp-content\/uploads\/2026\/03\/Merc_06.jpg\" alt=\"\" width=\"643\" height=\"349\" data-srcset=\"https:\/\/www.ugtcomunicaciones.es\/wordpress\/wp-content\/uploads\/2026\/03\/Merc_06.jpg 643w, https:\/\/www.ugtcomunicaciones.es\/wordpress\/wp-content\/uploads\/2026\/03\/Merc_06-300x163.jpg 300w, https:\/\/www.ugtcomunicaciones.es\/wordpress\/wp-content\/uploads\/2026\/03\/Merc_06-640x347.jpg 640w\" data-sizes=\"(max-width: 643px) 100vw, 643px\" src=\"data:image\/svg+xml;base64,PHN2ZyB3aWR0aD0iMSIgaGVpZ2h0PSIxIiB4bWxucz0iaHR0cDovL3d3dy53My5vcmcvMjAwMC9zdmciPjwvc3ZnPg==\" style=\"--smush-placeholder-width: 643px; --smush-placeholder-aspect-ratio: 643\/349;\" \/><\/p>\n<p style=\"text-align: justify;\">Cuotas de mercado: M\u00e1sOrange vuelve a perder el 40%, Digi a punto de alcanzar el trece.<\/p>\n<p><img decoding=\"async\" class=\"aligncenter wp-image-1068472 size-full lazyload\" data-src=\"https:\/\/www.ugtcomunicaciones.es\/wordpress\/wp-content\/uploads\/2026\/03\/Merc_07.jpg\" alt=\"\" width=\"623\" height=\"291\" data-srcset=\"https:\/\/www.ugtcomunicaciones.es\/wordpress\/wp-content\/uploads\/2026\/03\/Merc_07.jpg 623w, https:\/\/www.ugtcomunicaciones.es\/wordpress\/wp-content\/uploads\/2026\/03\/Merc_07-300x140.jpg 300w\" data-sizes=\"(max-width: 623px) 100vw, 623px\" src=\"data:image\/svg+xml;base64,PHN2ZyB3aWR0aD0iMSIgaGVpZ2h0PSIxIiB4bWxucz0iaHR0cDovL3d3dy53My5vcmcvMjAwMC9zdmciPjwvc3ZnPg==\" style=\"--smush-placeholder-width: 623px; --smush-placeholder-aspect-ratio: 623\/291;\" \/><\/p>\n<ol style=\"text-align: justify;\" start=\"2\">\n<li><strong> Comportamiento anual BAM<\/strong><\/li>\n<\/ol>\n<p><img decoding=\"async\" class=\"aligncenter wp-image-1068471 size-full lazyload\" data-src=\"https:\/\/www.ugtcomunicaciones.es\/wordpress\/wp-content\/uploads\/2026\/03\/Merc_08.jpg\" alt=\"\" width=\"643\" height=\"353\" data-srcset=\"https:\/\/www.ugtcomunicaciones.es\/wordpress\/wp-content\/uploads\/2026\/03\/Merc_08.jpg 643w, https:\/\/www.ugtcomunicaciones.es\/wordpress\/wp-content\/uploads\/2026\/03\/Merc_08-300x165.jpg 300w, https:\/\/www.ugtcomunicaciones.es\/wordpress\/wp-content\/uploads\/2026\/03\/Merc_08-640x350.jpg 640w\" data-sizes=\"(max-width: 643px) 100vw, 643px\" src=\"data:image\/svg+xml;base64,PHN2ZyB3aWR0aD0iMSIgaGVpZ2h0PSIxIiB4bWxucz0iaHR0cDovL3d3dy53My5vcmcvMjAwMC9zdmciPjwvc3ZnPg==\" style=\"--smush-placeholder-width: 643px; --smush-placeholder-aspect-ratio: 643\/353;\" \/><\/p>\n<ol style=\"text-align: justify;\" start=\"3\">\n<li><strong> Comportamiento mensual telefon\u00eda m\u00f3vil vocal<\/strong><\/li>\n<\/ol>\n<p style=\"text-align: justify;\">\u00a0O+ contin\u00faa con su fortaleza en este segmento, a costa de Vodafone y, especialmente, las OMV.<\/p>\n<p><img decoding=\"async\" class=\"aligncenter wp-image-1068470 size-full lazyload\" data-src=\"https:\/\/www.ugtcomunicaciones.es\/wordpress\/wp-content\/uploads\/2026\/03\/Merc_09.jpg\" alt=\"\" width=\"654\" height=\"293\" data-srcset=\"https:\/\/www.ugtcomunicaciones.es\/wordpress\/wp-content\/uploads\/2026\/03\/Merc_09.jpg 654w, https:\/\/www.ugtcomunicaciones.es\/wordpress\/wp-content\/uploads\/2026\/03\/Merc_09-300x134.jpg 300w, https:\/\/www.ugtcomunicaciones.es\/wordpress\/wp-content\/uploads\/2026\/03\/Merc_09-640x287.jpg 640w\" data-sizes=\"(max-width: 654px) 100vw, 654px\" src=\"data:image\/svg+xml;base64,PHN2ZyB3aWR0aD0iMSIgaGVpZ2h0PSIxIiB4bWxucz0iaHR0cDovL3d3dy53My5vcmcvMjAwMC9zdmciPjwvc3ZnPg==\" style=\"--smush-placeholder-width: 654px; --smush-placeholder-aspect-ratio: 654\/293;\" \/><\/p>\n<p style=\"text-align: justify;\">Cuotas de mercado: Sin grandes movimientos, aunque las OMV acusan mucho las p\u00e9rdidas.<\/p>\n<p><img decoding=\"async\" class=\"aligncenter wp-image-1068469 size-full lazyload\" data-src=\"https:\/\/www.ugtcomunicaciones.es\/wordpress\/wp-content\/uploads\/2026\/03\/Merc_10.jpg\" alt=\"\" width=\"642\" height=\"290\" data-srcset=\"https:\/\/www.ugtcomunicaciones.es\/wordpress\/wp-content\/uploads\/2026\/03\/Merc_10.jpg 642w, https:\/\/www.ugtcomunicaciones.es\/wordpress\/wp-content\/uploads\/2026\/03\/Merc_10-300x136.jpg 300w, https:\/\/www.ugtcomunicaciones.es\/wordpress\/wp-content\/uploads\/2026\/03\/Merc_10-640x290.jpg 640w\" data-sizes=\"(max-width: 642px) 100vw, 642px\" src=\"data:image\/svg+xml;base64,PHN2ZyB3aWR0aD0iMSIgaGVpZ2h0PSIxIiB4bWxucz0iaHR0cDovL3d3dy53My5vcmcvMjAwMC9zdmciPjwvc3ZnPg==\" style=\"--smush-placeholder-width: 642px; --smush-placeholder-aspect-ratio: 642\/290;\" \/><\/p>\n<ol style=\"text-align: justify;\" start=\"4\">\n<li><strong> Comportamiento anual telefon\u00eda m\u00f3vil vocal<\/strong><\/li>\n<\/ol>\n<p style=\"text-align: justify;\"><strong> <img decoding=\"async\" class=\"aligncenter wp-image-1068468 size-full lazyload\" data-src=\"https:\/\/www.ugtcomunicaciones.es\/wordpress\/wp-content\/uploads\/2026\/03\/Merc_11.jpg\" alt=\"\" width=\"643\" height=\"384\" data-srcset=\"https:\/\/www.ugtcomunicaciones.es\/wordpress\/wp-content\/uploads\/2026\/03\/Merc_11.jpg 643w, https:\/\/www.ugtcomunicaciones.es\/wordpress\/wp-content\/uploads\/2026\/03\/Merc_11-300x179.jpg 300w, https:\/\/www.ugtcomunicaciones.es\/wordpress\/wp-content\/uploads\/2026\/03\/Merc_11-640x382.jpg 640w\" data-sizes=\"(max-width: 643px) 100vw, 643px\" src=\"data:image\/svg+xml;base64,PHN2ZyB3aWR0aD0iMSIgaGVpZ2h0PSIxIiB4bWxucz0iaHR0cDovL3d3dy53My5vcmcvMjAwMC9zdmciPjwvc3ZnPg==\" style=\"--smush-placeholder-width: 643px; --smush-placeholder-aspect-ratio: 643\/384;\" \/><\/strong><\/p>\n<p style=\"text-align: justify;\"><strong>Mercado de Telefon\u00eda Fija vocal<\/strong><\/p>\n<ol style=\"text-align: justify;\">\n<li><strong> Comportamiento mensual telefon\u00eda fija vocal<\/strong><\/li>\n<\/ol>\n<p style=\"text-align: justify;\">\u00danica l\u00ednea de negocio donde Movistar acusa p\u00e9rdidas. M\u00e1sOrange se lleva la peor parte con el habitual dominio de Digi, aunque con un modesto volumen de altas:<\/p>\n<p><img decoding=\"async\" class=\"aligncenter wp-image-1068467 size-full lazyload\" data-src=\"https:\/\/www.ugtcomunicaciones.es\/wordpress\/wp-content\/uploads\/2026\/03\/Merc_12.jpg\" alt=\"\" width=\"643\" height=\"304\" data-srcset=\"https:\/\/www.ugtcomunicaciones.es\/wordpress\/wp-content\/uploads\/2026\/03\/Merc_12.jpg 643w, https:\/\/www.ugtcomunicaciones.es\/wordpress\/wp-content\/uploads\/2026\/03\/Merc_12-300x142.jpg 300w, https:\/\/www.ugtcomunicaciones.es\/wordpress\/wp-content\/uploads\/2026\/03\/Merc_12-640x304.jpg 640w\" data-sizes=\"(max-width: 643px) 100vw, 643px\" src=\"data:image\/svg+xml;base64,PHN2ZyB3aWR0aD0iMSIgaGVpZ2h0PSIxIiB4bWxucz0iaHR0cDovL3d3dy53My5vcmcvMjAwMC9zdmciPjwvc3ZnPg==\" style=\"--smush-placeholder-width: 643px; --smush-placeholder-aspect-ratio: 643\/304;\" \/><\/p>\n<p style=\"text-align: justify;\">Cuotas de mercado en telefon\u00eda fija:<\/p>\n<p style=\"text-align: justify;\"><strong><img decoding=\"async\" class=\"aligncenter wp-image-1068466 size-full lazyload\" data-src=\"https:\/\/www.ugtcomunicaciones.es\/wordpress\/wp-content\/uploads\/2026\/03\/Merc_13.jpg\" alt=\"\" width=\"582\" height=\"291\" data-srcset=\"https:\/\/www.ugtcomunicaciones.es\/wordpress\/wp-content\/uploads\/2026\/03\/Merc_13.jpg 582w, https:\/\/www.ugtcomunicaciones.es\/wordpress\/wp-content\/uploads\/2026\/03\/Merc_13-300x150.jpg 300w\" data-sizes=\"(max-width: 582px) 100vw, 582px\" src=\"data:image\/svg+xml;base64,PHN2ZyB3aWR0aD0iMSIgaGVpZ2h0PSIxIiB4bWxucz0iaHR0cDovL3d3dy53My5vcmcvMjAwMC9zdmciPjwvc3ZnPg==\" style=\"--smush-placeholder-width: 582px; --smush-placeholder-aspect-ratio: 582\/291;\" \/>\u00a0<\/strong><\/p>\n<ol start=\"2\">\n<li style=\"text-align: justify;\"><strong> Comportamiento anual telefon\u00eda fija vocal<\/strong><\/li>\n<\/ol>\n<p><img decoding=\"async\" class=\"aligncenter wp-image-1068465 size-full lazyload\" data-src=\"https:\/\/www.ugtcomunicaciones.es\/wordpress\/wp-content\/uploads\/2026\/03\/Merc_14.jpg\" alt=\"\" width=\"654\" height=\"392\" data-srcset=\"https:\/\/www.ugtcomunicaciones.es\/wordpress\/wp-content\/uploads\/2026\/03\/Merc_14.jpg 654w, https:\/\/www.ugtcomunicaciones.es\/wordpress\/wp-content\/uploads\/2026\/03\/Merc_14-300x180.jpg 300w, https:\/\/www.ugtcomunicaciones.es\/wordpress\/wp-content\/uploads\/2026\/03\/Merc_14-640x384.jpg 640w\" data-sizes=\"(max-width: 654px) 100vw, 654px\" src=\"data:image\/svg+xml;base64,PHN2ZyB3aWR0aD0iMSIgaGVpZ2h0PSIxIiB4bWxucz0iaHR0cDovL3d3dy53My5vcmcvMjAwMC9zdmciPjwvc3ZnPg==\" style=\"--smush-placeholder-width: 654px; --smush-placeholder-aspect-ratio: 654\/392;\" \/><\/p>\n<h4 style=\"text-align: right;\"><span style=\"color: #ff0000;\"><strong>UGT<\/strong><\/span><strong> Comunicaciones<\/strong><\/h4>\n<p><a href=\"#_ftnref1\" name=\"_ftn1\"><\/a><\/p>\n","protected":false},"excerpt":{"rendered":"<p>Fin de ejercicio estad\u00edstico marcado por el par\u00f3n en la difusi\u00f3n de datos por parte de la CNMC, que no ha difundido registros de octubre y noviembre. Si bien no hemos encontrado una explicaci\u00f3n, la nota el pie del regulador en su nota de prensa\u00a0parece mostrar una explicaci\u00f3n: \u201cEl aumento en octubre y noviembre de [&hellip;]<\/p>\n","protected":false},"author":3,"featured_media":1068482,"comment_status":"closed","ping_status":"closed","sticky":false,"template":"","format":"standard","meta":{"footnotes":""},"categories":[13,12],"tags":[],"class_list":["post-1068462","post","type-post","status-publish","format-standard","has-post-thumbnail","hentry","category-mercado-comunicaciones","category-regulacion"],"yoast_head":"<!-- This site is optimized with the Yoast SEO Premium plugin v27.3 (Yoast SEO v27.4) - https:\/\/yoast.com\/product\/yoast-seo-premium-wordpress\/ -->\n<title>Mercado Telecos diciembre 2025: s\u00f3lo DIGI y Movistar resisten en positivo - UGT Comunicaciones<\/title>\n<meta name=\"robots\" content=\"index, follow, max-snippet:-1, max-image-preview:large, max-video-preview:-1\" \/>\n<link rel=\"canonical\" href=\"https:\/\/www.ugtcomunicaciones.es\/wordpress\/mercado-telecos-diciembre-2025-solo-digi-y-movistar-resisten-en-positivo\/\" \/>\n<meta property=\"og:locale\" content=\"es_ES\" \/>\n<meta property=\"og:type\" content=\"article\" \/>\n<meta property=\"og:title\" content=\"Mercado Telecos diciembre 2025: s\u00f3lo DIGI y Movistar resisten en positivo\" \/>\n<meta property=\"og:description\" content=\"Fin de ejercicio estad\u00edstico marcado por el par\u00f3n en la difusi\u00f3n de datos por parte de la CNMC, que no ha difundido registros de octubre y noviembre. Si bien no hemos encontrado una explicaci\u00f3n, la nota el pie del regulador en su nota de prensa\u00a0parece mostrar una explicaci\u00f3n: \u201cEl aumento en octubre y noviembre de [&hellip;]\" \/>\n<meta property=\"og:url\" content=\"https:\/\/www.ugtcomunicaciones.es\/wordpress\/mercado-telecos-diciembre-2025-solo-digi-y-movistar-resisten-en-positivo\/\" \/>\n<meta property=\"og:site_name\" content=\"UGT Comunicaciones\" \/>\n<meta property=\"article:publisher\" content=\"https:\/\/www.facebook.com\/ugt.comunicaciones\/\" \/>\n<meta property=\"article:published_time\" content=\"2026-03-16T05:00:29+00:00\" \/>\n<meta property=\"og:image\" content=\"https:\/\/www.ugtcomunicaciones.es\/wordpress\/wp-content\/uploads\/2026\/03\/Merc_15.jpg\" \/>\n\t<meta property=\"og:image:width\" content=\"600\" \/>\n\t<meta property=\"og:image:height\" content=\"400\" \/>\n\t<meta property=\"og:image:type\" content=\"image\/jpeg\" \/>\n<meta name=\"author\" content=\"UGT\" \/>\n<meta name=\"twitter:card\" content=\"summary_large_image\" \/>\n<meta name=\"twitter:creator\" content=\"@ugtcom\" \/>\n<meta name=\"twitter:site\" content=\"@ugtcom\" \/>\n<meta name=\"twitter:label1\" content=\"Escrito por\" \/>\n\t<meta name=\"twitter:data1\" content=\"UGT\" \/>\n\t<meta name=\"twitter:label2\" content=\"Tiempo de lectura\" \/>\n\t<meta name=\"twitter:data2\" content=\"5 minutos\" \/>\n<script type=\"application\/ld+json\" class=\"yoast-schema-graph\">{\"@context\":\"https:\\\/\\\/schema.org\",\"@graph\":[{\"@type\":\"Article\",\"@id\":\"https:\\\/\\\/www.ugtcomunicaciones.es\\\/wordpress\\\/mercado-telecos-diciembre-2025-solo-digi-y-movistar-resisten-en-positivo\\\/#article\",\"isPartOf\":{\"@id\":\"https:\\\/\\\/www.ugtcomunicaciones.es\\\/wordpress\\\/mercado-telecos-diciembre-2025-solo-digi-y-movistar-resisten-en-positivo\\\/\"},\"author\":{\"name\":\"UGT\",\"@id\":\"https:\\\/\\\/www.ugtcomunicaciones.es\\\/wordpress\\\/#\\\/schema\\\/person\\\/eba0fc3fe5b444531d94d4368cba89ed\"},\"headline\":\"Mercado Telecos diciembre 2025: s\u00f3lo DIGI y Movistar resisten en positivo\",\"datePublished\":\"2026-03-16T05:00:29+00:00\",\"mainEntityOfPage\":{\"@id\":\"https:\\\/\\\/www.ugtcomunicaciones.es\\\/wordpress\\\/mercado-telecos-diciembre-2025-solo-digi-y-movistar-resisten-en-positivo\\\/\"},\"wordCount\":416,\"publisher\":{\"@id\":\"https:\\\/\\\/www.ugtcomunicaciones.es\\\/wordpress\\\/#organization\"},\"image\":{\"@id\":\"https:\\\/\\\/www.ugtcomunicaciones.es\\\/wordpress\\\/mercado-telecos-diciembre-2025-solo-digi-y-movistar-resisten-en-positivo\\\/#primaryimage\"},\"thumbnailUrl\":\"https:\\\/\\\/www.ugtcomunicaciones.es\\\/wordpress\\\/wp-content\\\/uploads\\\/2026\\\/03\\\/Merc_15.jpg\",\"articleSection\":[\"Mercado Comunicaciones\",\"Regulaci\u00f3n\"],\"inLanguage\":\"es\"},{\"@type\":\"WebPage\",\"@id\":\"https:\\\/\\\/www.ugtcomunicaciones.es\\\/wordpress\\\/mercado-telecos-diciembre-2025-solo-digi-y-movistar-resisten-en-positivo\\\/\",\"url\":\"https:\\\/\\\/www.ugtcomunicaciones.es\\\/wordpress\\\/mercado-telecos-diciembre-2025-solo-digi-y-movistar-resisten-en-positivo\\\/\",\"name\":\"Mercado Telecos diciembre 2025: s\u00f3lo DIGI y Movistar resisten en positivo - UGT Comunicaciones\",\"isPartOf\":{\"@id\":\"https:\\\/\\\/www.ugtcomunicaciones.es\\\/wordpress\\\/#website\"},\"primaryImageOfPage\":{\"@id\":\"https:\\\/\\\/www.ugtcomunicaciones.es\\\/wordpress\\\/mercado-telecos-diciembre-2025-solo-digi-y-movistar-resisten-en-positivo\\\/#primaryimage\"},\"image\":{\"@id\":\"https:\\\/\\\/www.ugtcomunicaciones.es\\\/wordpress\\\/mercado-telecos-diciembre-2025-solo-digi-y-movistar-resisten-en-positivo\\\/#primaryimage\"},\"thumbnailUrl\":\"https:\\\/\\\/www.ugtcomunicaciones.es\\\/wordpress\\\/wp-content\\\/uploads\\\/2026\\\/03\\\/Merc_15.jpg\",\"datePublished\":\"2026-03-16T05:00:29+00:00\",\"breadcrumb\":{\"@id\":\"https:\\\/\\\/www.ugtcomunicaciones.es\\\/wordpress\\\/mercado-telecos-diciembre-2025-solo-digi-y-movistar-resisten-en-positivo\\\/#breadcrumb\"},\"inLanguage\":\"es\",\"potentialAction\":[{\"@type\":\"ReadAction\",\"target\":[\"https:\\\/\\\/www.ugtcomunicaciones.es\\\/wordpress\\\/mercado-telecos-diciembre-2025-solo-digi-y-movistar-resisten-en-positivo\\\/\"]}]},{\"@type\":\"ImageObject\",\"inLanguage\":\"es\",\"@id\":\"https:\\\/\\\/www.ugtcomunicaciones.es\\\/wordpress\\\/mercado-telecos-diciembre-2025-solo-digi-y-movistar-resisten-en-positivo\\\/#primaryimage\",\"url\":\"https:\\\/\\\/www.ugtcomunicaciones.es\\\/wordpress\\\/wp-content\\\/uploads\\\/2026\\\/03\\\/Merc_15.jpg\",\"contentUrl\":\"https:\\\/\\\/www.ugtcomunicaciones.es\\\/wordpress\\\/wp-content\\\/uploads\\\/2026\\\/03\\\/Merc_15.jpg\",\"width\":600,\"height\":400,\"caption\":\"Women enjoy traveling on the map to the train station. Holiday travel ideas.\"},{\"@type\":\"BreadcrumbList\",\"@id\":\"https:\\\/\\\/www.ugtcomunicaciones.es\\\/wordpress\\\/mercado-telecos-diciembre-2025-solo-digi-y-movistar-resisten-en-positivo\\\/#breadcrumb\",\"itemListElement\":[{\"@type\":\"ListItem\",\"position\":1,\"name\":\"Portada\",\"item\":\"https:\\\/\\\/www.ugtcomunicaciones.es\\\/wordpress\\\/\"},{\"@type\":\"ListItem\",\"position\":2,\"name\":\"Mercado Telecos diciembre 2025: s\u00f3lo DIGI y Movistar resisten en positivo\"}]},{\"@type\":\"WebSite\",\"@id\":\"https:\\\/\\\/www.ugtcomunicaciones.es\\\/wordpress\\\/#website\",\"url\":\"https:\\\/\\\/www.ugtcomunicaciones.es\\\/wordpress\\\/\",\"name\":\"UGT Comunicaciones\",\"description\":\"Sindicato de Telecomunicaciones\",\"publisher\":{\"@id\":\"https:\\\/\\\/www.ugtcomunicaciones.es\\\/wordpress\\\/#organization\"},\"potentialAction\":[{\"@type\":\"SearchAction\",\"target\":{\"@type\":\"EntryPoint\",\"urlTemplate\":\"https:\\\/\\\/www.ugtcomunicaciones.es\\\/wordpress\\\/?s={search_term_string}\"},\"query-input\":{\"@type\":\"PropertyValueSpecification\",\"valueRequired\":true,\"valueName\":\"search_term_string\"}}],\"inLanguage\":\"es\"},{\"@type\":\"Organization\",\"@id\":\"https:\\\/\\\/www.ugtcomunicaciones.es\\\/wordpress\\\/#organization\",\"name\":\"UGT Comunicaciones\",\"url\":\"https:\\\/\\\/www.ugtcomunicaciones.es\\\/wordpress\\\/\",\"logo\":{\"@type\":\"ImageObject\",\"inLanguage\":\"es\",\"@id\":\"https:\\\/\\\/www.ugtcomunicaciones.es\\\/wordpress\\\/#\\\/schema\\\/logo\\\/image\\\/\",\"url\":\"https:\\\/\\\/www.ugtcomunicaciones.es\\\/wordpress\\\/wp-content\\\/uploads\\\/2024\\\/04\\\/comunicaciones_logo.png\",\"contentUrl\":\"https:\\\/\\\/www.ugtcomunicaciones.es\\\/wordpress\\\/wp-content\\\/uploads\\\/2024\\\/04\\\/comunicaciones_logo.png\",\"width\":298,\"height\":81,\"caption\":\"UGT Comunicaciones\"},\"image\":{\"@id\":\"https:\\\/\\\/www.ugtcomunicaciones.es\\\/wordpress\\\/#\\\/schema\\\/logo\\\/image\\\/\"},\"sameAs\":[\"https:\\\/\\\/www.facebook.com\\\/ugt.comunicaciones\\\/\",\"https:\\\/\\\/x.com\\\/ugtcom\"]},{\"@type\":\"Person\",\"@id\":\"https:\\\/\\\/www.ugtcomunicaciones.es\\\/wordpress\\\/#\\\/schema\\\/person\\\/eba0fc3fe5b444531d94d4368cba89ed\",\"name\":\"UGT\",\"image\":{\"@type\":\"ImageObject\",\"inLanguage\":\"es\",\"@id\":\"https:\\\/\\\/secure.gravatar.com\\\/avatar\\\/2a16057d620a4c646bcfc171c4f23030879ebbdd346f0525bd5d4a564e57e13d?s=96&d=mm&r=g\",\"url\":\"https:\\\/\\\/secure.gravatar.com\\\/avatar\\\/2a16057d620a4c646bcfc171c4f23030879ebbdd346f0525bd5d4a564e57e13d?s=96&d=mm&r=g\",\"contentUrl\":\"https:\\\/\\\/secure.gravatar.com\\\/avatar\\\/2a16057d620a4c646bcfc171c4f23030879ebbdd346f0525bd5d4a564e57e13d?s=96&d=mm&r=g\",\"caption\":\"UGT\"}}]}<\/script>\n<!-- \/ Yoast SEO Premium plugin. -->","yoast_head_json":{"title":"Mercado Telecos diciembre 2025: s\u00f3lo DIGI y Movistar resisten en positivo - UGT Comunicaciones","robots":{"index":"index","follow":"follow","max-snippet":"max-snippet:-1","max-image-preview":"max-image-preview:large","max-video-preview":"max-video-preview:-1"},"canonical":"https:\/\/www.ugtcomunicaciones.es\/wordpress\/mercado-telecos-diciembre-2025-solo-digi-y-movistar-resisten-en-positivo\/","og_locale":"es_ES","og_type":"article","og_title":"Mercado Telecos diciembre 2025: s\u00f3lo DIGI y Movistar resisten en positivo","og_description":"Fin de ejercicio estad\u00edstico marcado por el par\u00f3n en la difusi\u00f3n de datos por parte de la CNMC, que no ha difundido registros de octubre y noviembre. Si bien no hemos encontrado una explicaci\u00f3n, la nota el pie del regulador en su nota de prensa\u00a0parece mostrar una explicaci\u00f3n: \u201cEl aumento en octubre y noviembre de [&hellip;]","og_url":"https:\/\/www.ugtcomunicaciones.es\/wordpress\/mercado-telecos-diciembre-2025-solo-digi-y-movistar-resisten-en-positivo\/","og_site_name":"UGT Comunicaciones","article_publisher":"https:\/\/www.facebook.com\/ugt.comunicaciones\/","article_published_time":"2026-03-16T05:00:29+00:00","og_image":[{"width":600,"height":400,"url":"https:\/\/www.ugtcomunicaciones.es\/wordpress\/wp-content\/uploads\/2026\/03\/Merc_15.jpg","type":"image\/jpeg"}],"author":"UGT","twitter_card":"summary_large_image","twitter_creator":"@ugtcom","twitter_site":"@ugtcom","twitter_misc":{"Escrito por":"UGT","Tiempo de lectura":"5 minutos"},"schema":{"@context":"https:\/\/schema.org","@graph":[{"@type":"Article","@id":"https:\/\/www.ugtcomunicaciones.es\/wordpress\/mercado-telecos-diciembre-2025-solo-digi-y-movistar-resisten-en-positivo\/#article","isPartOf":{"@id":"https:\/\/www.ugtcomunicaciones.es\/wordpress\/mercado-telecos-diciembre-2025-solo-digi-y-movistar-resisten-en-positivo\/"},"author":{"name":"UGT","@id":"https:\/\/www.ugtcomunicaciones.es\/wordpress\/#\/schema\/person\/eba0fc3fe5b444531d94d4368cba89ed"},"headline":"Mercado Telecos diciembre 2025: s\u00f3lo DIGI y Movistar resisten en positivo","datePublished":"2026-03-16T05:00:29+00:00","mainEntityOfPage":{"@id":"https:\/\/www.ugtcomunicaciones.es\/wordpress\/mercado-telecos-diciembre-2025-solo-digi-y-movistar-resisten-en-positivo\/"},"wordCount":416,"publisher":{"@id":"https:\/\/www.ugtcomunicaciones.es\/wordpress\/#organization"},"image":{"@id":"https:\/\/www.ugtcomunicaciones.es\/wordpress\/mercado-telecos-diciembre-2025-solo-digi-y-movistar-resisten-en-positivo\/#primaryimage"},"thumbnailUrl":"https:\/\/www.ugtcomunicaciones.es\/wordpress\/wp-content\/uploads\/2026\/03\/Merc_15.jpg","articleSection":["Mercado Comunicaciones","Regulaci\u00f3n"],"inLanguage":"es"},{"@type":"WebPage","@id":"https:\/\/www.ugtcomunicaciones.es\/wordpress\/mercado-telecos-diciembre-2025-solo-digi-y-movistar-resisten-en-positivo\/","url":"https:\/\/www.ugtcomunicaciones.es\/wordpress\/mercado-telecos-diciembre-2025-solo-digi-y-movistar-resisten-en-positivo\/","name":"Mercado Telecos diciembre 2025: s\u00f3lo DIGI y Movistar resisten en positivo - UGT Comunicaciones","isPartOf":{"@id":"https:\/\/www.ugtcomunicaciones.es\/wordpress\/#website"},"primaryImageOfPage":{"@id":"https:\/\/www.ugtcomunicaciones.es\/wordpress\/mercado-telecos-diciembre-2025-solo-digi-y-movistar-resisten-en-positivo\/#primaryimage"},"image":{"@id":"https:\/\/www.ugtcomunicaciones.es\/wordpress\/mercado-telecos-diciembre-2025-solo-digi-y-movistar-resisten-en-positivo\/#primaryimage"},"thumbnailUrl":"https:\/\/www.ugtcomunicaciones.es\/wordpress\/wp-content\/uploads\/2026\/03\/Merc_15.jpg","datePublished":"2026-03-16T05:00:29+00:00","breadcrumb":{"@id":"https:\/\/www.ugtcomunicaciones.es\/wordpress\/mercado-telecos-diciembre-2025-solo-digi-y-movistar-resisten-en-positivo\/#breadcrumb"},"inLanguage":"es","potentialAction":[{"@type":"ReadAction","target":["https:\/\/www.ugtcomunicaciones.es\/wordpress\/mercado-telecos-diciembre-2025-solo-digi-y-movistar-resisten-en-positivo\/"]}]},{"@type":"ImageObject","inLanguage":"es","@id":"https:\/\/www.ugtcomunicaciones.es\/wordpress\/mercado-telecos-diciembre-2025-solo-digi-y-movistar-resisten-en-positivo\/#primaryimage","url":"https:\/\/www.ugtcomunicaciones.es\/wordpress\/wp-content\/uploads\/2026\/03\/Merc_15.jpg","contentUrl":"https:\/\/www.ugtcomunicaciones.es\/wordpress\/wp-content\/uploads\/2026\/03\/Merc_15.jpg","width":600,"height":400,"caption":"Women enjoy traveling on the map to the train station. Holiday travel ideas."},{"@type":"BreadcrumbList","@id":"https:\/\/www.ugtcomunicaciones.es\/wordpress\/mercado-telecos-diciembre-2025-solo-digi-y-movistar-resisten-en-positivo\/#breadcrumb","itemListElement":[{"@type":"ListItem","position":1,"name":"Portada","item":"https:\/\/www.ugtcomunicaciones.es\/wordpress\/"},{"@type":"ListItem","position":2,"name":"Mercado Telecos diciembre 2025: s\u00f3lo DIGI y Movistar resisten en positivo"}]},{"@type":"WebSite","@id":"https:\/\/www.ugtcomunicaciones.es\/wordpress\/#website","url":"https:\/\/www.ugtcomunicaciones.es\/wordpress\/","name":"UGT Comunicaciones","description":"Sindicato de Telecomunicaciones","publisher":{"@id":"https:\/\/www.ugtcomunicaciones.es\/wordpress\/#organization"},"potentialAction":[{"@type":"SearchAction","target":{"@type":"EntryPoint","urlTemplate":"https:\/\/www.ugtcomunicaciones.es\/wordpress\/?s={search_term_string}"},"query-input":{"@type":"PropertyValueSpecification","valueRequired":true,"valueName":"search_term_string"}}],"inLanguage":"es"},{"@type":"Organization","@id":"https:\/\/www.ugtcomunicaciones.es\/wordpress\/#organization","name":"UGT Comunicaciones","url":"https:\/\/www.ugtcomunicaciones.es\/wordpress\/","logo":{"@type":"ImageObject","inLanguage":"es","@id":"https:\/\/www.ugtcomunicaciones.es\/wordpress\/#\/schema\/logo\/image\/","url":"https:\/\/www.ugtcomunicaciones.es\/wordpress\/wp-content\/uploads\/2024\/04\/comunicaciones_logo.png","contentUrl":"https:\/\/www.ugtcomunicaciones.es\/wordpress\/wp-content\/uploads\/2024\/04\/comunicaciones_logo.png","width":298,"height":81,"caption":"UGT Comunicaciones"},"image":{"@id":"https:\/\/www.ugtcomunicaciones.es\/wordpress\/#\/schema\/logo\/image\/"},"sameAs":["https:\/\/www.facebook.com\/ugt.comunicaciones\/","https:\/\/x.com\/ugtcom"]},{"@type":"Person","@id":"https:\/\/www.ugtcomunicaciones.es\/wordpress\/#\/schema\/person\/eba0fc3fe5b444531d94d4368cba89ed","name":"UGT","image":{"@type":"ImageObject","inLanguage":"es","@id":"https:\/\/secure.gravatar.com\/avatar\/2a16057d620a4c646bcfc171c4f23030879ebbdd346f0525bd5d4a564e57e13d?s=96&d=mm&r=g","url":"https:\/\/secure.gravatar.com\/avatar\/2a16057d620a4c646bcfc171c4f23030879ebbdd346f0525bd5d4a564e57e13d?s=96&d=mm&r=g","contentUrl":"https:\/\/secure.gravatar.com\/avatar\/2a16057d620a4c646bcfc171c4f23030879ebbdd346f0525bd5d4a564e57e13d?s=96&d=mm&r=g","caption":"UGT"}}]}},"_links":{"self":[{"href":"https:\/\/www.ugtcomunicaciones.es\/wordpress\/wp-json\/wp\/v2\/posts\/1068462","targetHints":{"allow":["GET"]}}],"collection":[{"href":"https:\/\/www.ugtcomunicaciones.es\/wordpress\/wp-json\/wp\/v2\/posts"}],"about":[{"href":"https:\/\/www.ugtcomunicaciones.es\/wordpress\/wp-json\/wp\/v2\/types\/post"}],"author":[{"embeddable":true,"href":"https:\/\/www.ugtcomunicaciones.es\/wordpress\/wp-json\/wp\/v2\/users\/3"}],"replies":[{"embeddable":true,"href":"https:\/\/www.ugtcomunicaciones.es\/wordpress\/wp-json\/wp\/v2\/comments?post=1068462"}],"version-history":[{"count":3,"href":"https:\/\/www.ugtcomunicaciones.es\/wordpress\/wp-json\/wp\/v2\/posts\/1068462\/revisions"}],"predecessor-version":[{"id":1068481,"href":"https:\/\/www.ugtcomunicaciones.es\/wordpress\/wp-json\/wp\/v2\/posts\/1068462\/revisions\/1068481"}],"wp:featuredmedia":[{"embeddable":true,"href":"https:\/\/www.ugtcomunicaciones.es\/wordpress\/wp-json\/wp\/v2\/media\/1068482"}],"wp:attachment":[{"href":"https:\/\/www.ugtcomunicaciones.es\/wordpress\/wp-json\/wp\/v2\/media?parent=1068462"}],"wp:term":[{"taxonomy":"category","embeddable":true,"href":"https:\/\/www.ugtcomunicaciones.es\/wordpress\/wp-json\/wp\/v2\/categories?post=1068462"},{"taxonomy":"post_tag","embeddable":true,"href":"https:\/\/www.ugtcomunicaciones.es\/wordpress\/wp-json\/wp\/v2\/tags?post=1068462"}],"curies":[{"name":"wp","href":"https:\/\/api.w.org\/{rel}","templated":true}]}}