{"id":1068490,"date":"2026-03-13T10:58:46","date_gmt":"2026-03-13T09:58:46","guid":{"rendered":"https:\/\/www.ugtcomunicaciones.es\/wordpress\/?p=1068490"},"modified":"2026-03-13T09:33:49","modified_gmt":"2026-03-13T08:33:49","slug":"ugt-exige-nuevas-vias-progresion-profesional-en-telefonica","status":"publish","type":"post","link":"https:\/\/www.ugtcomunicaciones.es\/wordpress\/ugt-exige-nuevas-vias-progresion-profesional-en-telefonica\/","title":{"rendered":"UGT exige abrir nuevas v\u00edas de progresi\u00f3n profesional en Telef\u00f3nica"},"content":{"rendered":"<p style=\"text-align: justify;\">La negociaci\u00f3n colectiva ha sido, hist\u00f3ricamente, el pilar que nos ha permitido avanzar y consolidar nuevos derechos para la plantilla en Telef\u00f3nica, adapt\u00e1ndonos a los cambios regulatorios, garantizando la empleabilidad y facilitando la incorporaci\u00f3n de talento en cada etapa de la compa\u00f1\u00eda.<\/p>\n<p style=\"text-align: justify;\">Gracias a ella, nos dotamos en su momento de unos procedimientos de progresi\u00f3n profesional que supusieron un avance significativo: aportaron transparencia, acompa\u00f1aron la evoluci\u00f3n tecnol\u00f3gica, posibilitaron cambios de categor\u00edas y funciones y ofrecieron un marco de crecimiento para muchos profesionales.<\/p>\n<p style=\"text-align: justify;\">Sin embargo, desde <strong>UGT<\/strong> tenemos claro que el sistema vigente, adecuado para la realidad de entonces, ha ido mostrando limitaciones en el contexto actual de la compa\u00f1\u00eda. Hoy trabajamos en equipos m\u00e1s reducidos, en \u00e1reas m\u00e1s tensionadas, con funciones renovadas y con perfiles cada vez m\u00e1s especializados. La transformaci\u00f3n tecnol\u00f3gica de la empresa, los procesos de salida y la incorporaci\u00f3n de nuevas capacidades han configurado un <strong>escenario diferente<\/strong> que <strong>exige adaptar y abrir nuevos caminos de progresi\u00f3n profesional<\/strong>.<\/p>\n<p style=\"text-align: justify;\">Desde <strong>UGT<\/strong> consideramos imprescindible <strong>crear nuevas v\u00edas de desarrollo y crecimiento <\/strong>que permitan responder a las aspiraciones de la plantilla y, al mismo tiempo, a las necesidades actuales de las \u00e1reas, garantizando que las nuevas v\u00edas de crecimiento profesional sean \u00fatiles, equitativas, universales y alineadas con la realidad del empleo.<\/p>\n<p style=\"text-align: justify;\">En este contexto, desde <strong>UGT <\/strong>exigimos a la empresa el cumplimiento de los compromisos de nuevos <strong>concursos de m\u00e9ritos<\/strong> adquiridos durante la pr\u00f3rroga del III CEV y, al mismo tiempo, dar <strong>un paso m\u00e1s all\u00e1<\/strong>. Por ello, hemos solicitado la convocatoria de una reuni\u00f3n de la <strong>comisi\u00f3n interempresas de ordenaci\u00f3n de recursos <\/strong>para abordar la creaci\u00f3n de <strong>nuevos itinerarios de progresi\u00f3n y carreras profesionales<\/strong> que permitan impulsar el crecimiento profesional de la plantilla, su reconocimiento, reforzar el sentimiento de pertenencia y ofrecer un horizonte de futuro claro dentro de la compa\u00f1\u00eda.<\/p>\n<p style=\"text-align: justify;\">Entendemos que es imprescindible avanzar hacia <strong>procesos abiertos<\/strong> que alineen los conocimientos, capacidades y aspiraciones de las personas trabajadoras con las funciones y objetivos de empleo de la empresa, garantizando al mismo tiempo un <strong>reconocimiento profesional<\/strong> acorde, <strong>sin restricciones<\/strong> derivadas del grupo profesional, de la Direcci\u00f3n o del \u00e1rea de origen, facilitando as\u00ed una verdadera movilidad y desarrollo dentro de la organizaci\u00f3n.<\/p>\n<p style=\"text-align: justify;\">En <strong>UGT<\/strong> <strong>seguimos trabajando para impulsar nuevas v\u00edas de desarrollo profesional que respondan a las necesidades de la plantilla que seguiremos escribiendo el futuro de Telef\u00f3nica.<\/strong><\/p>\n","protected":false},"excerpt":{"rendered":"<p>La negociaci\u00f3n colectiva ha sido, hist\u00f3ricamente, el pilar que nos ha permitido avanzar y consolidar nuevos derechos para la plantilla en Telef\u00f3nica, adapt\u00e1ndonos a los cambios regulatorios, garantizando la empleabilidad y facilitando la incorporaci\u00f3n de talento en cada etapa de la compa\u00f1\u00eda. Gracias a ella, nos dotamos en su momento de unos procedimientos de progresi\u00f3n [&hellip;]<\/p>\n","protected":false},"author":10,"featured_media":1068491,"comment_status":"closed","ping_status":"closed","sticky":false,"template":"","format":"standard","meta":{"footnotes":""},"categories":[8,25,7,26],"tags":[],"class_list":["post-1068490","post","type-post","status-publish","format-standard","has-post-thumbnail","hentry","category-telefonica-cev","category-telefonica","category-telefonica-moviles","category-telefonica-soluciones"],"yoast_head":"<!-- This site is optimized with the Yoast SEO Premium plugin v27.3 (Yoast SEO v27.4) - https:\/\/yoast.com\/product\/yoast-seo-premium-wordpress\/ -->\n<title>UGT exige nuevas v\u00edas de progresi\u00f3n profesional en Telef\u00f3nica<\/title>\n<meta name=\"description\" content=\"UGT considera imprescindible crear nuevas v\u00edas de desarrollo y crecimiento que permitan responder a las aspiraciones de la plantilla.\" \/>\n<meta name=\"robots\" content=\"index, follow, max-snippet:-1, max-image-preview:large, max-video-preview:-1\" \/>\n<link rel=\"canonical\" href=\"https:\/\/www.ugtcomunicaciones.es\/wordpress\/ugt-exige-nuevas-vias-progresion-profesional-en-telefonica\/\" \/>\n<meta property=\"og:locale\" content=\"es_ES\" \/>\n<meta property=\"og:type\" content=\"article\" \/>\n<meta property=\"og:title\" content=\"UGT exige abrir nuevas v\u00edas de progresi\u00f3n profesional en Telef\u00f3nica\" \/>\n<meta property=\"og:description\" content=\"UGT considera imprescindible crear nuevas v\u00edas de desarrollo y crecimiento que permitan responder a las aspiraciones de la plantilla.\" \/>\n<meta property=\"og:url\" content=\"https:\/\/www.ugtcomunicaciones.es\/wordpress\/ugt-exige-nuevas-vias-progresion-profesional-en-telefonica\/\" \/>\n<meta property=\"og:site_name\" content=\"UGT Comunicaciones\" \/>\n<meta property=\"article:publisher\" content=\"https:\/\/www.facebook.com\/ugt.comunicaciones\/\" \/>\n<meta property=\"article:published_time\" content=\"2026-03-13T09:58:46+00:00\" \/>\n<meta property=\"og:image\" content=\"https:\/\/www.ugtcomunicaciones.es\/wordpress\/wp-content\/uploads\/2026\/03\/84757.jpg\" \/>\n\t<meta property=\"og:image:width\" content=\"1000\" \/>\n\t<meta property=\"og:image:height\" content=\"707\" \/>\n\t<meta property=\"og:image:type\" content=\"image\/jpeg\" \/>\n<meta name=\"author\" content=\"UGT\" \/>\n<meta name=\"twitter:card\" content=\"summary_large_image\" \/>\n<meta name=\"twitter:creator\" content=\"@ugtcom\" \/>\n<meta name=\"twitter:site\" content=\"@ugtcom\" \/>\n<meta name=\"twitter:label1\" content=\"Escrito por\" \/>\n\t<meta name=\"twitter:data1\" content=\"UGT\" \/>\n\t<meta name=\"twitter:label2\" content=\"Tiempo de lectura\" \/>\n\t<meta name=\"twitter:data2\" content=\"2 minutos\" \/>\n<script type=\"application\/ld+json\" class=\"yoast-schema-graph\">{\"@context\":\"https:\\\/\\\/schema.org\",\"@graph\":[{\"@type\":\"Article\",\"@id\":\"https:\\\/\\\/www.ugtcomunicaciones.es\\\/wordpress\\\/ugt-exige-nuevas-vias-progresion-profesional-en-telefonica\\\/#article\",\"isPartOf\":{\"@id\":\"https:\\\/\\\/www.ugtcomunicaciones.es\\\/wordpress\\\/ugt-exige-nuevas-vias-progresion-profesional-en-telefonica\\\/\"},\"author\":{\"name\":\"UGT\",\"@id\":\"https:\\\/\\\/www.ugtcomunicaciones.es\\\/wordpress\\\/#\\\/schema\\\/person\\\/75f8547d370622a8ad1e5b7efe72bebc\"},\"headline\":\"UGT exige abrir nuevas v\u00edas de progresi\u00f3n profesional en Telef\u00f3nica\",\"datePublished\":\"2026-03-13T09:58:46+00:00\",\"mainEntityOfPage\":{\"@id\":\"https:\\\/\\\/www.ugtcomunicaciones.es\\\/wordpress\\\/ugt-exige-nuevas-vias-progresion-profesional-en-telefonica\\\/\"},\"wordCount\":436,\"publisher\":{\"@id\":\"https:\\\/\\\/www.ugtcomunicaciones.es\\\/wordpress\\\/#organization\"},\"image\":{\"@id\":\"https:\\\/\\\/www.ugtcomunicaciones.es\\\/wordpress\\\/ugt-exige-nuevas-vias-progresion-profesional-en-telefonica\\\/#primaryimage\"},\"thumbnailUrl\":\"https:\\\/\\\/www.ugtcomunicaciones.es\\\/wordpress\\\/wp-content\\\/uploads\\\/2026\\\/03\\\/84757.jpg\",\"articleSection\":[\"Telef\u00f3nica CEV\",\"Telef\u00f3nica de Espa\u00f1a\",\"Telef\u00f3nica M\u00f3viles\",\"Telef\u00f3nica Soluciones\"],\"inLanguage\":\"es\"},{\"@type\":\"WebPage\",\"@id\":\"https:\\\/\\\/www.ugtcomunicaciones.es\\\/wordpress\\\/ugt-exige-nuevas-vias-progresion-profesional-en-telefonica\\\/\",\"url\":\"https:\\\/\\\/www.ugtcomunicaciones.es\\\/wordpress\\\/ugt-exige-nuevas-vias-progresion-profesional-en-telefonica\\\/\",\"name\":\"UGT exige nuevas v\u00edas de progresi\u00f3n profesional en Telef\u00f3nica\",\"isPartOf\":{\"@id\":\"https:\\\/\\\/www.ugtcomunicaciones.es\\\/wordpress\\\/#website\"},\"primaryImageOfPage\":{\"@id\":\"https:\\\/\\\/www.ugtcomunicaciones.es\\\/wordpress\\\/ugt-exige-nuevas-vias-progresion-profesional-en-telefonica\\\/#primaryimage\"},\"image\":{\"@id\":\"https:\\\/\\\/www.ugtcomunicaciones.es\\\/wordpress\\\/ugt-exige-nuevas-vias-progresion-profesional-en-telefonica\\\/#primaryimage\"},\"thumbnailUrl\":\"https:\\\/\\\/www.ugtcomunicaciones.es\\\/wordpress\\\/wp-content\\\/uploads\\\/2026\\\/03\\\/84757.jpg\",\"datePublished\":\"2026-03-13T09:58:46+00:00\",\"description\":\"UGT considera imprescindible crear nuevas v\u00edas de desarrollo y crecimiento que permitan responder a las aspiraciones de la plantilla.\",\"breadcrumb\":{\"@id\":\"https:\\\/\\\/www.ugtcomunicaciones.es\\\/wordpress\\\/ugt-exige-nuevas-vias-progresion-profesional-en-telefonica\\\/#breadcrumb\"},\"inLanguage\":\"es\",\"potentialAction\":[{\"@type\":\"ReadAction\",\"target\":[\"https:\\\/\\\/www.ugtcomunicaciones.es\\\/wordpress\\\/ugt-exige-nuevas-vias-progresion-profesional-en-telefonica\\\/\"]}]},{\"@type\":\"ImageObject\",\"inLanguage\":\"es\",\"@id\":\"https:\\\/\\\/www.ugtcomunicaciones.es\\\/wordpress\\\/ugt-exige-nuevas-vias-progresion-profesional-en-telefonica\\\/#primaryimage\",\"url\":\"https:\\\/\\\/www.ugtcomunicaciones.es\\\/wordpress\\\/wp-content\\\/uploads\\\/2026\\\/03\\\/84757.jpg\",\"contentUrl\":\"https:\\\/\\\/www.ugtcomunicaciones.es\\\/wordpress\\\/wp-content\\\/uploads\\\/2026\\\/03\\\/84757.jpg\",\"width\":1000,\"height\":707,\"caption\":\"progresi\u00f3n profesional en Telef\u00f3nica\"},{\"@type\":\"BreadcrumbList\",\"@id\":\"https:\\\/\\\/www.ugtcomunicaciones.es\\\/wordpress\\\/ugt-exige-nuevas-vias-progresion-profesional-en-telefonica\\\/#breadcrumb\",\"itemListElement\":[{\"@type\":\"ListItem\",\"position\":1,\"name\":\"Portada\",\"item\":\"https:\\\/\\\/www.ugtcomunicaciones.es\\\/wordpress\\\/\"},{\"@type\":\"ListItem\",\"position\":2,\"name\":\"UGT exige abrir nuevas v\u00edas de progresi\u00f3n profesional en Telef\u00f3nica\"}]},{\"@type\":\"WebSite\",\"@id\":\"https:\\\/\\\/www.ugtcomunicaciones.es\\\/wordpress\\\/#website\",\"url\":\"https:\\\/\\\/www.ugtcomunicaciones.es\\\/wordpress\\\/\",\"name\":\"UGT Comunicaciones\",\"description\":\"Sindicato de Telecomunicaciones\",\"publisher\":{\"@id\":\"https:\\\/\\\/www.ugtcomunicaciones.es\\\/wordpress\\\/#organization\"},\"potentialAction\":[{\"@type\":\"SearchAction\",\"target\":{\"@type\":\"EntryPoint\",\"urlTemplate\":\"https:\\\/\\\/www.ugtcomunicaciones.es\\\/wordpress\\\/?s={search_term_string}\"},\"query-input\":{\"@type\":\"PropertyValueSpecification\",\"valueRequired\":true,\"valueName\":\"search_term_string\"}}],\"inLanguage\":\"es\"},{\"@type\":\"Organization\",\"@id\":\"https:\\\/\\\/www.ugtcomunicaciones.es\\\/wordpress\\\/#organization\",\"name\":\"UGT Comunicaciones\",\"url\":\"https:\\\/\\\/www.ugtcomunicaciones.es\\\/wordpress\\\/\",\"logo\":{\"@type\":\"ImageObject\",\"inLanguage\":\"es\",\"@id\":\"https:\\\/\\\/www.ugtcomunicaciones.es\\\/wordpress\\\/#\\\/schema\\\/logo\\\/image\\\/\",\"url\":\"https:\\\/\\\/www.ugtcomunicaciones.es\\\/wordpress\\\/wp-content\\\/uploads\\\/2024\\\/04\\\/comunicaciones_logo.png\",\"contentUrl\":\"https:\\\/\\\/www.ugtcomunicaciones.es\\\/wordpress\\\/wp-content\\\/uploads\\\/2024\\\/04\\\/comunicaciones_logo.png\",\"width\":298,\"height\":81,\"caption\":\"UGT Comunicaciones\"},\"image\":{\"@id\":\"https:\\\/\\\/www.ugtcomunicaciones.es\\\/wordpress\\\/#\\\/schema\\\/logo\\\/image\\\/\"},\"sameAs\":[\"https:\\\/\\\/www.facebook.com\\\/ugt.comunicaciones\\\/\",\"https:\\\/\\\/x.com\\\/ugtcom\"]},{\"@type\":\"Person\",\"@id\":\"https:\\\/\\\/www.ugtcomunicaciones.es\\\/wordpress\\\/#\\\/schema\\\/person\\\/75f8547d370622a8ad1e5b7efe72bebc\",\"name\":\"UGT\",\"image\":{\"@type\":\"ImageObject\",\"inLanguage\":\"es\",\"@id\":\"https:\\\/\\\/secure.gravatar.com\\\/avatar\\\/af9239a359a6ab48283fe5a98378a8044a76e2dd16b6945431659307f867ccc8?s=96&d=mm&r=g\",\"url\":\"https:\\\/\\\/secure.gravatar.com\\\/avatar\\\/af9239a359a6ab48283fe5a98378a8044a76e2dd16b6945431659307f867ccc8?s=96&d=mm&r=g\",\"contentUrl\":\"https:\\\/\\\/secure.gravatar.com\\\/avatar\\\/af9239a359a6ab48283fe5a98378a8044a76e2dd16b6945431659307f867ccc8?s=96&d=mm&r=g\",\"caption\":\"UGT\"}}]}<\/script>\n<!-- \/ Yoast SEO Premium plugin. -->","yoast_head_json":{"title":"UGT exige nuevas v\u00edas de progresi\u00f3n profesional en Telef\u00f3nica","description":"UGT considera imprescindible crear nuevas v\u00edas de desarrollo y crecimiento que permitan responder a las aspiraciones de la plantilla.","robots":{"index":"index","follow":"follow","max-snippet":"max-snippet:-1","max-image-preview":"max-image-preview:large","max-video-preview":"max-video-preview:-1"},"canonical":"https:\/\/www.ugtcomunicaciones.es\/wordpress\/ugt-exige-nuevas-vias-progresion-profesional-en-telefonica\/","og_locale":"es_ES","og_type":"article","og_title":"UGT exige abrir nuevas v\u00edas de progresi\u00f3n profesional en Telef\u00f3nica","og_description":"UGT considera imprescindible crear nuevas v\u00edas de desarrollo y crecimiento que permitan responder a las aspiraciones de la plantilla.","og_url":"https:\/\/www.ugtcomunicaciones.es\/wordpress\/ugt-exige-nuevas-vias-progresion-profesional-en-telefonica\/","og_site_name":"UGT Comunicaciones","article_publisher":"https:\/\/www.facebook.com\/ugt.comunicaciones\/","article_published_time":"2026-03-13T09:58:46+00:00","og_image":[{"width":1000,"height":707,"url":"https:\/\/www.ugtcomunicaciones.es\/wordpress\/wp-content\/uploads\/2026\/03\/84757.jpg","type":"image\/jpeg"}],"author":"UGT","twitter_card":"summary_large_image","twitter_creator":"@ugtcom","twitter_site":"@ugtcom","twitter_misc":{"Escrito por":"UGT","Tiempo de lectura":"2 minutos"},"schema":{"@context":"https:\/\/schema.org","@graph":[{"@type":"Article","@id":"https:\/\/www.ugtcomunicaciones.es\/wordpress\/ugt-exige-nuevas-vias-progresion-profesional-en-telefonica\/#article","isPartOf":{"@id":"https:\/\/www.ugtcomunicaciones.es\/wordpress\/ugt-exige-nuevas-vias-progresion-profesional-en-telefonica\/"},"author":{"name":"UGT","@id":"https:\/\/www.ugtcomunicaciones.es\/wordpress\/#\/schema\/person\/75f8547d370622a8ad1e5b7efe72bebc"},"headline":"UGT exige abrir nuevas v\u00edas de progresi\u00f3n profesional en Telef\u00f3nica","datePublished":"2026-03-13T09:58:46+00:00","mainEntityOfPage":{"@id":"https:\/\/www.ugtcomunicaciones.es\/wordpress\/ugt-exige-nuevas-vias-progresion-profesional-en-telefonica\/"},"wordCount":436,"publisher":{"@id":"https:\/\/www.ugtcomunicaciones.es\/wordpress\/#organization"},"image":{"@id":"https:\/\/www.ugtcomunicaciones.es\/wordpress\/ugt-exige-nuevas-vias-progresion-profesional-en-telefonica\/#primaryimage"},"thumbnailUrl":"https:\/\/www.ugtcomunicaciones.es\/wordpress\/wp-content\/uploads\/2026\/03\/84757.jpg","articleSection":["Telef\u00f3nica CEV","Telef\u00f3nica de Espa\u00f1a","Telef\u00f3nica M\u00f3viles","Telef\u00f3nica Soluciones"],"inLanguage":"es"},{"@type":"WebPage","@id":"https:\/\/www.ugtcomunicaciones.es\/wordpress\/ugt-exige-nuevas-vias-progresion-profesional-en-telefonica\/","url":"https:\/\/www.ugtcomunicaciones.es\/wordpress\/ugt-exige-nuevas-vias-progresion-profesional-en-telefonica\/","name":"UGT exige nuevas v\u00edas de progresi\u00f3n profesional en Telef\u00f3nica","isPartOf":{"@id":"https:\/\/www.ugtcomunicaciones.es\/wordpress\/#website"},"primaryImageOfPage":{"@id":"https:\/\/www.ugtcomunicaciones.es\/wordpress\/ugt-exige-nuevas-vias-progresion-profesional-en-telefonica\/#primaryimage"},"image":{"@id":"https:\/\/www.ugtcomunicaciones.es\/wordpress\/ugt-exige-nuevas-vias-progresion-profesional-en-telefonica\/#primaryimage"},"thumbnailUrl":"https:\/\/www.ugtcomunicaciones.es\/wordpress\/wp-content\/uploads\/2026\/03\/84757.jpg","datePublished":"2026-03-13T09:58:46+00:00","description":"UGT considera imprescindible crear nuevas v\u00edas de desarrollo y crecimiento que permitan responder a las aspiraciones de la plantilla.","breadcrumb":{"@id":"https:\/\/www.ugtcomunicaciones.es\/wordpress\/ugt-exige-nuevas-vias-progresion-profesional-en-telefonica\/#breadcrumb"},"inLanguage":"es","potentialAction":[{"@type":"ReadAction","target":["https:\/\/www.ugtcomunicaciones.es\/wordpress\/ugt-exige-nuevas-vias-progresion-profesional-en-telefonica\/"]}]},{"@type":"ImageObject","inLanguage":"es","@id":"https:\/\/www.ugtcomunicaciones.es\/wordpress\/ugt-exige-nuevas-vias-progresion-profesional-en-telefonica\/#primaryimage","url":"https:\/\/www.ugtcomunicaciones.es\/wordpress\/wp-content\/uploads\/2026\/03\/84757.jpg","contentUrl":"https:\/\/www.ugtcomunicaciones.es\/wordpress\/wp-content\/uploads\/2026\/03\/84757.jpg","width":1000,"height":707,"caption":"progresi\u00f3n profesional en Telef\u00f3nica"},{"@type":"BreadcrumbList","@id":"https:\/\/www.ugtcomunicaciones.es\/wordpress\/ugt-exige-nuevas-vias-progresion-profesional-en-telefonica\/#breadcrumb","itemListElement":[{"@type":"ListItem","position":1,"name":"Portada","item":"https:\/\/www.ugtcomunicaciones.es\/wordpress\/"},{"@type":"ListItem","position":2,"name":"UGT exige abrir nuevas v\u00edas de progresi\u00f3n profesional en Telef\u00f3nica"}]},{"@type":"WebSite","@id":"https:\/\/www.ugtcomunicaciones.es\/wordpress\/#website","url":"https:\/\/www.ugtcomunicaciones.es\/wordpress\/","name":"UGT Comunicaciones","description":"Sindicato de Telecomunicaciones","publisher":{"@id":"https:\/\/www.ugtcomunicaciones.es\/wordpress\/#organization"},"potentialAction":[{"@type":"SearchAction","target":{"@type":"EntryPoint","urlTemplate":"https:\/\/www.ugtcomunicaciones.es\/wordpress\/?s={search_term_string}"},"query-input":{"@type":"PropertyValueSpecification","valueRequired":true,"valueName":"search_term_string"}}],"inLanguage":"es"},{"@type":"Organization","@id":"https:\/\/www.ugtcomunicaciones.es\/wordpress\/#organization","name":"UGT Comunicaciones","url":"https:\/\/www.ugtcomunicaciones.es\/wordpress\/","logo":{"@type":"ImageObject","inLanguage":"es","@id":"https:\/\/www.ugtcomunicaciones.es\/wordpress\/#\/schema\/logo\/image\/","url":"https:\/\/www.ugtcomunicaciones.es\/wordpress\/wp-content\/uploads\/2024\/04\/comunicaciones_logo.png","contentUrl":"https:\/\/www.ugtcomunicaciones.es\/wordpress\/wp-content\/uploads\/2024\/04\/comunicaciones_logo.png","width":298,"height":81,"caption":"UGT Comunicaciones"},"image":{"@id":"https:\/\/www.ugtcomunicaciones.es\/wordpress\/#\/schema\/logo\/image\/"},"sameAs":["https:\/\/www.facebook.com\/ugt.comunicaciones\/","https:\/\/x.com\/ugtcom"]},{"@type":"Person","@id":"https:\/\/www.ugtcomunicaciones.es\/wordpress\/#\/schema\/person\/75f8547d370622a8ad1e5b7efe72bebc","name":"UGT","image":{"@type":"ImageObject","inLanguage":"es","@id":"https:\/\/secure.gravatar.com\/avatar\/af9239a359a6ab48283fe5a98378a8044a76e2dd16b6945431659307f867ccc8?s=96&d=mm&r=g","url":"https:\/\/secure.gravatar.com\/avatar\/af9239a359a6ab48283fe5a98378a8044a76e2dd16b6945431659307f867ccc8?s=96&d=mm&r=g","contentUrl":"https:\/\/secure.gravatar.com\/avatar\/af9239a359a6ab48283fe5a98378a8044a76e2dd16b6945431659307f867ccc8?s=96&d=mm&r=g","caption":"UGT"}}]}},"_links":{"self":[{"href":"https:\/\/www.ugtcomunicaciones.es\/wordpress\/wp-json\/wp\/v2\/posts\/1068490","targetHints":{"allow":["GET"]}}],"collection":[{"href":"https:\/\/www.ugtcomunicaciones.es\/wordpress\/wp-json\/wp\/v2\/posts"}],"about":[{"href":"https:\/\/www.ugtcomunicaciones.es\/wordpress\/wp-json\/wp\/v2\/types\/post"}],"author":[{"embeddable":true,"href":"https:\/\/www.ugtcomunicaciones.es\/wordpress\/wp-json\/wp\/v2\/users\/10"}],"replies":[{"embeddable":true,"href":"https:\/\/www.ugtcomunicaciones.es\/wordpress\/wp-json\/wp\/v2\/comments?post=1068490"}],"version-history":[{"count":1,"href":"https:\/\/www.ugtcomunicaciones.es\/wordpress\/wp-json\/wp\/v2\/posts\/1068490\/revisions"}],"predecessor-version":[{"id":1068492,"href":"https:\/\/www.ugtcomunicaciones.es\/wordpress\/wp-json\/wp\/v2\/posts\/1068490\/revisions\/1068492"}],"wp:featuredmedia":[{"embeddable":true,"href":"https:\/\/www.ugtcomunicaciones.es\/wordpress\/wp-json\/wp\/v2\/media\/1068491"}],"wp:attachment":[{"href":"https:\/\/www.ugtcomunicaciones.es\/wordpress\/wp-json\/wp\/v2\/media?parent=1068490"}],"wp:term":[{"taxonomy":"category","embeddable":true,"href":"https:\/\/www.ugtcomunicaciones.es\/wordpress\/wp-json\/wp\/v2\/categories?post=1068490"},{"taxonomy":"post_tag","embeddable":true,"href":"https:\/\/www.ugtcomunicaciones.es\/wordpress\/wp-json\/wp\/v2\/tags?post=1068490"}],"curies":[{"name":"wp","href":"https:\/\/api.w.org\/{rel}","templated":true}]}}