{"id":1068494,"date":"2026-03-17T11:06:27","date_gmt":"2026-03-17T10:06:27","guid":{"rendered":"https:\/\/www.ugtcomunicaciones.es\/wordpress\/?p=1068494"},"modified":"2026-03-17T11:18:12","modified_gmt":"2026-03-17T10:18:12","slug":"las-personas-en-la-estrategia-de-futuro-de-telefonica","status":"publish","type":"post","link":"https:\/\/www.ugtcomunicaciones.es\/wordpress\/las-personas-en-la-estrategia-de-futuro-de-telefonica\/","title":{"rendered":"Las personas en la estrategia de futuro de Telef\u00f3nica"},"content":{"rendered":"<p style=\"text-align: justify;\"><strong>Una reflexi\u00f3n de <span style=\"color: #ff0000;\">UGT<\/span> sobre nuestro presente y nuestro ma\u00f1ana<\/strong><\/p>\n<p style=\"text-align: justify;\">En los \u00faltimos meses hemos vivido procesos intensos: despidos colectivos negociados, acuerdos de gran calado y la firma de convenios que garantizan estabilidad hasta la pr\u00f3xima d\u00e9cada. Pero, m\u00e1s all\u00e1 de estos hitos, desde <span style=\"color: #ff0000;\"><strong>UGT<\/strong><\/span> queremos abrir una reflexi\u00f3n conjunta sobre el entorno sectorial, estrat\u00e9gico y regulatorio que condiciona nuestro futuro como plantilla. Hablamos, en definitiva, del <strong>futuro estrat\u00e9gico de Telef\u00f3nica<\/strong> y del papel que las personas debemos ocupar en \u00e9l.<\/p>\n<p style=\"text-align: justify;\">Por la amplitud y complejidad del an\u00e1lisis, lo dividiremos en dos comunicados. En esta primera parte abordamos los pilares internos que hoy sostienen nuestra realidad laboral y econ\u00f3mica. En la segunda, profundizaremos en el contexto sectorial y regulatorio que marcar\u00e1 nuestro ma\u00f1ana.<\/p>\n<ol style=\"text-align: justify;\">\n<li><strong> Derechos laborales y Convenio Colectivo: nuestro punto de partida<\/strong><\/li>\n<\/ol>\n<p style=\"text-align: justify;\">Antes de mirar hacia fuera, debemos valorar lo que ya hemos construido. Nuestro Convenio Colectivo garantiza condiciones laborales s\u00f3lidas hasta el <strong>31 de diciembre de 2030<\/strong>, situ\u00e1ndose entre los m\u00e1s avanzados y protectores del pa\u00eds. Su extensi\u00f3n \u2014m\u00e1s de <strong>223 art\u00edculos<\/strong> y m\u00e1s de <strong>20 anexos y disposiciones<\/strong>\u2014 refleja el nivel de detalle y seguridad que ofrece en, entre otras materias, estabilidad laboral, garant\u00edas colectivas, salarios, jornada, conciliaci\u00f3n o derechos sociales.<\/p>\n<p style=\"text-align: justify;\">Pocas plantillas en Espa\u00f1a pueden presumir de un marco tan robusto. Pero esta fortaleza no debe llevarnos a la complacencia: debemos seguir atentos al entorno, anticiparnos a los cambios y prepararnos para cualquier escenario.<\/p>\n<ol style=\"text-align: justify;\" start=\"2\">\n<li><strong> Disciplina financiera: un nuevo enfoque de gesti\u00f3n<\/strong><\/li>\n<\/ol>\n<p style=\"text-align: justify;\">Uno de los rasgos m\u00e1s visibles del actual equipo directivo es su apuesta por la <strong>disciplina financiera<\/strong>. No se trata solo de un discurso: decisiones como la venta de activos en Latam \u2014ya prevista en el anterior plan estrat\u00e9gico, pero ejecutada ahora\u2014 evidencian una voluntad clara de ordenar el balance y reforzar la posici\u00f3n de la compa\u00f1\u00eda.<\/p>\n<p style=\"text-align: justify;\">Desde <span style=\"color: #ff0000;\"><strong>UGT <\/strong><\/span>defendemos que toda decisi\u00f3n financiera debe respetar dos l\u00edmites evidentes:<\/p>\n<ul style=\"text-align: justify;\">\n<li><strong>las garant\u00edas recogidas en nuestro Convenio<\/strong>,<\/li>\n<li><strong>y la tradici\u00f3n de di\u00e1logo social honesto, estable y basado en el consenso que defendemos desde nuestra organizaci\u00f3n<\/strong>.<\/li>\n<\/ul>\n<p style=\"text-align: justify;\">Los despidos colectivos pactados dentro del per\u00edmetro del CEV o la reciente pr\u00f3rroga del III CEV son un ejemplo de c\u00f3mo equilibrar intereses empresariales y de la plantilla: extensi\u00f3n y ampliaci\u00f3n de nuestros derechos, voluntariedad real en las extinciones, condiciones econ\u00f3micas pactadas y beneficios sociales claros y previsibles.<\/p>\n<ol style=\"text-align: justify;\" start=\"3\">\n<li><strong> Deuda y\/o ampliaciones de capital: decisiones que tambi\u00e9n nos afectan<\/strong><\/li>\n<\/ol>\n<p style=\"text-align: justify;\">Para la plantilla, la deuda o una posible ampliaci\u00f3n de capital <strong>no son asuntos ajenos ni meramente financieros<\/strong>. Los antecedentes de operaciones corporativas que no superan un examen de racionalidad financiera cuando se mira hacia atr\u00e1s son numerosos y la historia reciente nos ense\u00f1a que las decisiones corporativas mal planteadas acaban repercutiendo en las personas trabajadoras.<\/p>\n<p style=\"text-align: justify;\">Recordemos:<\/p>\n<ul style=\"text-align: justify;\">\n<li>La elevada deuda acumulada durante a\u00f1os lastr\u00f3 la acci\u00f3n y gener\u00f3 dudas sobre la solvencia de la compa\u00f1\u00eda.<\/li>\n<li>Esa situaci\u00f3n tension\u00f3 numerosas negociaciones colectivas y gener\u00f3 incertidumbre innecesaria.<\/li>\n<li>La crisis financiera de la d\u00e9cada pasada dej\u00f3 claro que una mala praxis en las corporaciones siempre termina recayendo sobre los hombros de las plantillas.<\/li>\n<\/ul>\n<p style=\"text-align: justify;\">Por eso, desde<span style=\"color: #ff0000;\"> <strong>UGT<\/strong><\/span> consideramos que cualquier operaci\u00f3n corporativa debe evaluarse no solo por su rentabilidad inmediata, sino por su <strong>sostenibilidad a largo plazo<\/strong> y su impacto en el empleo y en la estabilidad de la plantilla.<\/p>\n<ol style=\"text-align: justify;\" start=\"4\">\n<li><strong> Conclusi\u00f3n de esta primera parte: las finanzas tambi\u00e9n son un asunto de personas<\/strong><\/li>\n<\/ol>\n<p style=\"text-align: justify;\">Las decisiones financieras y los movimientos corporativos forman parte del poder de direcci\u00f3n empresarial, s\u00ed, pero <strong>no son ajenos a nuestra valoraci\u00f3n, ni a nuestra capacidad de cr\u00edtica o de oposici\u00f3n cuando sea necesario<\/strong>.<\/p>\n<p style=\"text-align: justify;\">Desde <span style=\"color: #ff0000;\"><strong>UGT<\/strong><\/span> defendemos un modelo de gesti\u00f3n donde:<\/p>\n<ul style=\"text-align: justify;\">\n<li>las personas trabajadoras seamos <strong>parte esencial <\/strong>de cualquier decisi\u00f3n estrat\u00e9gica,<\/li>\n<li>el <strong>equilibrio<\/strong> entre empresa y plantilla sea la base del futuro,<\/li>\n<li>y el <strong>empleo de calidad<\/strong> siga siendo el eje sobre el que gire todo lo dem\u00e1s.<\/li>\n<\/ul>\n<p style=\"text-align: justify;\">El futuro de Telef\u00f3nica no puede construirse sin quienes lo hacemos posible cada d\u00eda.<\/p>\n","protected":false},"excerpt":{"rendered":"<p>Una reflexi\u00f3n de UGT sobre nuestro presente y nuestro ma\u00f1ana En los \u00faltimos meses hemos vivido procesos intensos: despidos colectivos negociados, acuerdos de gran calado y la firma de convenios que garantizan estabilidad hasta la pr\u00f3xima d\u00e9cada. Pero, m\u00e1s all\u00e1 de estos hitos, desde UGT queremos abrir una reflexi\u00f3n conjunta sobre el entorno sectorial, estrat\u00e9gico [&hellip;]<\/p>\n","protected":false},"author":3,"featured_media":1068495,"comment_status":"closed","ping_status":"closed","sticky":false,"template":"","format":"standard","meta":{"footnotes":""},"categories":[8,25,7,26],"tags":[],"class_list":["post-1068494","post","type-post","status-publish","format-standard","has-post-thumbnail","hentry","category-telefonica-cev","category-telefonica","category-telefonica-moviles","category-telefonica-soluciones"],"yoast_head":"<!-- This site is optimized with the Yoast SEO Premium plugin v27.3 (Yoast SEO v27.4) - https:\/\/yoast.com\/product\/yoast-seo-premium-wordpress\/ -->\n<title>Las personas en la estrategia de futuro de Telef\u00f3nica - UGT Comunicaciones<\/title>\n<meta name=\"robots\" content=\"index, follow, max-snippet:-1, max-image-preview:large, max-video-preview:-1\" \/>\n<link rel=\"canonical\" href=\"https:\/\/www.ugtcomunicaciones.es\/wordpress\/las-personas-en-la-estrategia-de-futuro-de-telefonica\/\" \/>\n<meta property=\"og:locale\" content=\"es_ES\" \/>\n<meta property=\"og:type\" content=\"article\" \/>\n<meta property=\"og:title\" content=\"Las personas en la estrategia de futuro de Telef\u00f3nica\" \/>\n<meta property=\"og:description\" content=\"Una reflexi\u00f3n de UGT sobre nuestro presente y nuestro ma\u00f1ana En los \u00faltimos meses hemos vivido procesos intensos: despidos colectivos negociados, acuerdos de gran calado y la firma de convenios que garantizan estabilidad hasta la pr\u00f3xima d\u00e9cada. Pero, m\u00e1s all\u00e1 de estos hitos, desde UGT queremos abrir una reflexi\u00f3n conjunta sobre el entorno sectorial, estrat\u00e9gico [&hellip;]\" \/>\n<meta property=\"og:url\" content=\"https:\/\/www.ugtcomunicaciones.es\/wordpress\/las-personas-en-la-estrategia-de-futuro-de-telefonica\/\" \/>\n<meta property=\"og:site_name\" content=\"UGT Comunicaciones\" \/>\n<meta property=\"article:publisher\" content=\"https:\/\/www.facebook.com\/ugt.comunicaciones\/\" \/>\n<meta property=\"article:published_time\" content=\"2026-03-17T10:06:27+00:00\" \/>\n<meta property=\"article:modified_time\" content=\"2026-03-17T10:18:12+00:00\" \/>\n<meta property=\"og:image\" content=\"https:\/\/www.ugtcomunicaciones.es\/wordpress\/wp-content\/uploads\/2026\/03\/las_personas.jpeg\" \/>\n\t<meta property=\"og:image:width\" content=\"1000\" \/>\n\t<meta property=\"og:image:height\" content=\"563\" \/>\n\t<meta property=\"og:image:type\" content=\"image\/jpeg\" \/>\n<meta name=\"author\" content=\"UGT\" \/>\n<meta name=\"twitter:card\" content=\"summary_large_image\" \/>\n<meta name=\"twitter:creator\" content=\"@ugtcom\" \/>\n<meta name=\"twitter:site\" content=\"@ugtcom\" \/>\n<meta name=\"twitter:label1\" content=\"Escrito por\" \/>\n\t<meta name=\"twitter:data1\" content=\"UGT\" \/>\n\t<meta name=\"twitter:label2\" content=\"Tiempo de lectura\" \/>\n\t<meta name=\"twitter:data2\" content=\"4 minutos\" \/>\n<script type=\"application\/ld+json\" class=\"yoast-schema-graph\">{\"@context\":\"https:\\\/\\\/schema.org\",\"@graph\":[{\"@type\":\"Article\",\"@id\":\"https:\\\/\\\/www.ugtcomunicaciones.es\\\/wordpress\\\/las-personas-en-la-estrategia-de-futuro-de-telefonica\\\/#article\",\"isPartOf\":{\"@id\":\"https:\\\/\\\/www.ugtcomunicaciones.es\\\/wordpress\\\/las-personas-en-la-estrategia-de-futuro-de-telefonica\\\/\"},\"author\":{\"name\":\"UGT\",\"@id\":\"https:\\\/\\\/www.ugtcomunicaciones.es\\\/wordpress\\\/#\\\/schema\\\/person\\\/eba0fc3fe5b444531d94d4368cba89ed\"},\"headline\":\"Las personas en la estrategia de futuro de Telef\u00f3nica\",\"datePublished\":\"2026-03-17T10:06:27+00:00\",\"dateModified\":\"2026-03-17T10:18:12+00:00\",\"mainEntityOfPage\":{\"@id\":\"https:\\\/\\\/www.ugtcomunicaciones.es\\\/wordpress\\\/las-personas-en-la-estrategia-de-futuro-de-telefonica\\\/\"},\"wordCount\":717,\"publisher\":{\"@id\":\"https:\\\/\\\/www.ugtcomunicaciones.es\\\/wordpress\\\/#organization\"},\"image\":{\"@id\":\"https:\\\/\\\/www.ugtcomunicaciones.es\\\/wordpress\\\/las-personas-en-la-estrategia-de-futuro-de-telefonica\\\/#primaryimage\"},\"thumbnailUrl\":\"https:\\\/\\\/www.ugtcomunicaciones.es\\\/wordpress\\\/wp-content\\\/uploads\\\/2026\\\/03\\\/las_personas.jpeg\",\"articleSection\":[\"Telef\u00f3nica CEV\",\"Telef\u00f3nica de Espa\u00f1a\",\"Telef\u00f3nica M\u00f3viles\",\"Telef\u00f3nica Soluciones\"],\"inLanguage\":\"es\"},{\"@type\":\"WebPage\",\"@id\":\"https:\\\/\\\/www.ugtcomunicaciones.es\\\/wordpress\\\/las-personas-en-la-estrategia-de-futuro-de-telefonica\\\/\",\"url\":\"https:\\\/\\\/www.ugtcomunicaciones.es\\\/wordpress\\\/las-personas-en-la-estrategia-de-futuro-de-telefonica\\\/\",\"name\":\"Las personas en la estrategia de futuro de Telef\u00f3nica - UGT Comunicaciones\",\"isPartOf\":{\"@id\":\"https:\\\/\\\/www.ugtcomunicaciones.es\\\/wordpress\\\/#website\"},\"primaryImageOfPage\":{\"@id\":\"https:\\\/\\\/www.ugtcomunicaciones.es\\\/wordpress\\\/las-personas-en-la-estrategia-de-futuro-de-telefonica\\\/#primaryimage\"},\"image\":{\"@id\":\"https:\\\/\\\/www.ugtcomunicaciones.es\\\/wordpress\\\/las-personas-en-la-estrategia-de-futuro-de-telefonica\\\/#primaryimage\"},\"thumbnailUrl\":\"https:\\\/\\\/www.ugtcomunicaciones.es\\\/wordpress\\\/wp-content\\\/uploads\\\/2026\\\/03\\\/las_personas.jpeg\",\"datePublished\":\"2026-03-17T10:06:27+00:00\",\"dateModified\":\"2026-03-17T10:18:12+00:00\",\"breadcrumb\":{\"@id\":\"https:\\\/\\\/www.ugtcomunicaciones.es\\\/wordpress\\\/las-personas-en-la-estrategia-de-futuro-de-telefonica\\\/#breadcrumb\"},\"inLanguage\":\"es\",\"potentialAction\":[{\"@type\":\"ReadAction\",\"target\":[\"https:\\\/\\\/www.ugtcomunicaciones.es\\\/wordpress\\\/las-personas-en-la-estrategia-de-futuro-de-telefonica\\\/\"]}]},{\"@type\":\"ImageObject\",\"inLanguage\":\"es\",\"@id\":\"https:\\\/\\\/www.ugtcomunicaciones.es\\\/wordpress\\\/las-personas-en-la-estrategia-de-futuro-de-telefonica\\\/#primaryimage\",\"url\":\"https:\\\/\\\/www.ugtcomunicaciones.es\\\/wordpress\\\/wp-content\\\/uploads\\\/2026\\\/03\\\/las_personas.jpeg\",\"contentUrl\":\"https:\\\/\\\/www.ugtcomunicaciones.es\\\/wordpress\\\/wp-content\\\/uploads\\\/2026\\\/03\\\/las_personas.jpeg\",\"width\":1000,\"height\":563},{\"@type\":\"BreadcrumbList\",\"@id\":\"https:\\\/\\\/www.ugtcomunicaciones.es\\\/wordpress\\\/las-personas-en-la-estrategia-de-futuro-de-telefonica\\\/#breadcrumb\",\"itemListElement\":[{\"@type\":\"ListItem\",\"position\":1,\"name\":\"Portada\",\"item\":\"https:\\\/\\\/www.ugtcomunicaciones.es\\\/wordpress\\\/\"},{\"@type\":\"ListItem\",\"position\":2,\"name\":\"Las personas en la estrategia de futuro de Telef\u00f3nica\"}]},{\"@type\":\"WebSite\",\"@id\":\"https:\\\/\\\/www.ugtcomunicaciones.es\\\/wordpress\\\/#website\",\"url\":\"https:\\\/\\\/www.ugtcomunicaciones.es\\\/wordpress\\\/\",\"name\":\"UGT Comunicaciones\",\"description\":\"Sindicato de Telecomunicaciones\",\"publisher\":{\"@id\":\"https:\\\/\\\/www.ugtcomunicaciones.es\\\/wordpress\\\/#organization\"},\"potentialAction\":[{\"@type\":\"SearchAction\",\"target\":{\"@type\":\"EntryPoint\",\"urlTemplate\":\"https:\\\/\\\/www.ugtcomunicaciones.es\\\/wordpress\\\/?s={search_term_string}\"},\"query-input\":{\"@type\":\"PropertyValueSpecification\",\"valueRequired\":true,\"valueName\":\"search_term_string\"}}],\"inLanguage\":\"es\"},{\"@type\":\"Organization\",\"@id\":\"https:\\\/\\\/www.ugtcomunicaciones.es\\\/wordpress\\\/#organization\",\"name\":\"UGT Comunicaciones\",\"url\":\"https:\\\/\\\/www.ugtcomunicaciones.es\\\/wordpress\\\/\",\"logo\":{\"@type\":\"ImageObject\",\"inLanguage\":\"es\",\"@id\":\"https:\\\/\\\/www.ugtcomunicaciones.es\\\/wordpress\\\/#\\\/schema\\\/logo\\\/image\\\/\",\"url\":\"https:\\\/\\\/www.ugtcomunicaciones.es\\\/wordpress\\\/wp-content\\\/uploads\\\/2024\\\/04\\\/comunicaciones_logo.png\",\"contentUrl\":\"https:\\\/\\\/www.ugtcomunicaciones.es\\\/wordpress\\\/wp-content\\\/uploads\\\/2024\\\/04\\\/comunicaciones_logo.png\",\"width\":298,\"height\":81,\"caption\":\"UGT Comunicaciones\"},\"image\":{\"@id\":\"https:\\\/\\\/www.ugtcomunicaciones.es\\\/wordpress\\\/#\\\/schema\\\/logo\\\/image\\\/\"},\"sameAs\":[\"https:\\\/\\\/www.facebook.com\\\/ugt.comunicaciones\\\/\",\"https:\\\/\\\/x.com\\\/ugtcom\"]},{\"@type\":\"Person\",\"@id\":\"https:\\\/\\\/www.ugtcomunicaciones.es\\\/wordpress\\\/#\\\/schema\\\/person\\\/eba0fc3fe5b444531d94d4368cba89ed\",\"name\":\"UGT\",\"image\":{\"@type\":\"ImageObject\",\"inLanguage\":\"es\",\"@id\":\"https:\\\/\\\/secure.gravatar.com\\\/avatar\\\/2a16057d620a4c646bcfc171c4f23030879ebbdd346f0525bd5d4a564e57e13d?s=96&d=mm&r=g\",\"url\":\"https:\\\/\\\/secure.gravatar.com\\\/avatar\\\/2a16057d620a4c646bcfc171c4f23030879ebbdd346f0525bd5d4a564e57e13d?s=96&d=mm&r=g\",\"contentUrl\":\"https:\\\/\\\/secure.gravatar.com\\\/avatar\\\/2a16057d620a4c646bcfc171c4f23030879ebbdd346f0525bd5d4a564e57e13d?s=96&d=mm&r=g\",\"caption\":\"UGT\"}}]}<\/script>\n<!-- \/ Yoast SEO Premium plugin. -->","yoast_head_json":{"title":"Las personas en la estrategia de futuro de Telef\u00f3nica - UGT Comunicaciones","robots":{"index":"index","follow":"follow","max-snippet":"max-snippet:-1","max-image-preview":"max-image-preview:large","max-video-preview":"max-video-preview:-1"},"canonical":"https:\/\/www.ugtcomunicaciones.es\/wordpress\/las-personas-en-la-estrategia-de-futuro-de-telefonica\/","og_locale":"es_ES","og_type":"article","og_title":"Las personas en la estrategia de futuro de Telef\u00f3nica","og_description":"Una reflexi\u00f3n de UGT sobre nuestro presente y nuestro ma\u00f1ana En los \u00faltimos meses hemos vivido procesos intensos: despidos colectivos negociados, acuerdos de gran calado y la firma de convenios que garantizan estabilidad hasta la pr\u00f3xima d\u00e9cada. Pero, m\u00e1s all\u00e1 de estos hitos, desde UGT queremos abrir una reflexi\u00f3n conjunta sobre el entorno sectorial, estrat\u00e9gico [&hellip;]","og_url":"https:\/\/www.ugtcomunicaciones.es\/wordpress\/las-personas-en-la-estrategia-de-futuro-de-telefonica\/","og_site_name":"UGT Comunicaciones","article_publisher":"https:\/\/www.facebook.com\/ugt.comunicaciones\/","article_published_time":"2026-03-17T10:06:27+00:00","article_modified_time":"2026-03-17T10:18:12+00:00","og_image":[{"width":1000,"height":563,"url":"https:\/\/www.ugtcomunicaciones.es\/wordpress\/wp-content\/uploads\/2026\/03\/las_personas.jpeg","type":"image\/jpeg"}],"author":"UGT","twitter_card":"summary_large_image","twitter_creator":"@ugtcom","twitter_site":"@ugtcom","twitter_misc":{"Escrito por":"UGT","Tiempo de lectura":"4 minutos"},"schema":{"@context":"https:\/\/schema.org","@graph":[{"@type":"Article","@id":"https:\/\/www.ugtcomunicaciones.es\/wordpress\/las-personas-en-la-estrategia-de-futuro-de-telefonica\/#article","isPartOf":{"@id":"https:\/\/www.ugtcomunicaciones.es\/wordpress\/las-personas-en-la-estrategia-de-futuro-de-telefonica\/"},"author":{"name":"UGT","@id":"https:\/\/www.ugtcomunicaciones.es\/wordpress\/#\/schema\/person\/eba0fc3fe5b444531d94d4368cba89ed"},"headline":"Las personas en la estrategia de futuro de Telef\u00f3nica","datePublished":"2026-03-17T10:06:27+00:00","dateModified":"2026-03-17T10:18:12+00:00","mainEntityOfPage":{"@id":"https:\/\/www.ugtcomunicaciones.es\/wordpress\/las-personas-en-la-estrategia-de-futuro-de-telefonica\/"},"wordCount":717,"publisher":{"@id":"https:\/\/www.ugtcomunicaciones.es\/wordpress\/#organization"},"image":{"@id":"https:\/\/www.ugtcomunicaciones.es\/wordpress\/las-personas-en-la-estrategia-de-futuro-de-telefonica\/#primaryimage"},"thumbnailUrl":"https:\/\/www.ugtcomunicaciones.es\/wordpress\/wp-content\/uploads\/2026\/03\/las_personas.jpeg","articleSection":["Telef\u00f3nica CEV","Telef\u00f3nica de Espa\u00f1a","Telef\u00f3nica M\u00f3viles","Telef\u00f3nica Soluciones"],"inLanguage":"es"},{"@type":"WebPage","@id":"https:\/\/www.ugtcomunicaciones.es\/wordpress\/las-personas-en-la-estrategia-de-futuro-de-telefonica\/","url":"https:\/\/www.ugtcomunicaciones.es\/wordpress\/las-personas-en-la-estrategia-de-futuro-de-telefonica\/","name":"Las personas en la estrategia de futuro de Telef\u00f3nica - UGT Comunicaciones","isPartOf":{"@id":"https:\/\/www.ugtcomunicaciones.es\/wordpress\/#website"},"primaryImageOfPage":{"@id":"https:\/\/www.ugtcomunicaciones.es\/wordpress\/las-personas-en-la-estrategia-de-futuro-de-telefonica\/#primaryimage"},"image":{"@id":"https:\/\/www.ugtcomunicaciones.es\/wordpress\/las-personas-en-la-estrategia-de-futuro-de-telefonica\/#primaryimage"},"thumbnailUrl":"https:\/\/www.ugtcomunicaciones.es\/wordpress\/wp-content\/uploads\/2026\/03\/las_personas.jpeg","datePublished":"2026-03-17T10:06:27+00:00","dateModified":"2026-03-17T10:18:12+00:00","breadcrumb":{"@id":"https:\/\/www.ugtcomunicaciones.es\/wordpress\/las-personas-en-la-estrategia-de-futuro-de-telefonica\/#breadcrumb"},"inLanguage":"es","potentialAction":[{"@type":"ReadAction","target":["https:\/\/www.ugtcomunicaciones.es\/wordpress\/las-personas-en-la-estrategia-de-futuro-de-telefonica\/"]}]},{"@type":"ImageObject","inLanguage":"es","@id":"https:\/\/www.ugtcomunicaciones.es\/wordpress\/las-personas-en-la-estrategia-de-futuro-de-telefonica\/#primaryimage","url":"https:\/\/www.ugtcomunicaciones.es\/wordpress\/wp-content\/uploads\/2026\/03\/las_personas.jpeg","contentUrl":"https:\/\/www.ugtcomunicaciones.es\/wordpress\/wp-content\/uploads\/2026\/03\/las_personas.jpeg","width":1000,"height":563},{"@type":"BreadcrumbList","@id":"https:\/\/www.ugtcomunicaciones.es\/wordpress\/las-personas-en-la-estrategia-de-futuro-de-telefonica\/#breadcrumb","itemListElement":[{"@type":"ListItem","position":1,"name":"Portada","item":"https:\/\/www.ugtcomunicaciones.es\/wordpress\/"},{"@type":"ListItem","position":2,"name":"Las personas en la estrategia de futuro de Telef\u00f3nica"}]},{"@type":"WebSite","@id":"https:\/\/www.ugtcomunicaciones.es\/wordpress\/#website","url":"https:\/\/www.ugtcomunicaciones.es\/wordpress\/","name":"UGT Comunicaciones","description":"Sindicato de Telecomunicaciones","publisher":{"@id":"https:\/\/www.ugtcomunicaciones.es\/wordpress\/#organization"},"potentialAction":[{"@type":"SearchAction","target":{"@type":"EntryPoint","urlTemplate":"https:\/\/www.ugtcomunicaciones.es\/wordpress\/?s={search_term_string}"},"query-input":{"@type":"PropertyValueSpecification","valueRequired":true,"valueName":"search_term_string"}}],"inLanguage":"es"},{"@type":"Organization","@id":"https:\/\/www.ugtcomunicaciones.es\/wordpress\/#organization","name":"UGT Comunicaciones","url":"https:\/\/www.ugtcomunicaciones.es\/wordpress\/","logo":{"@type":"ImageObject","inLanguage":"es","@id":"https:\/\/www.ugtcomunicaciones.es\/wordpress\/#\/schema\/logo\/image\/","url":"https:\/\/www.ugtcomunicaciones.es\/wordpress\/wp-content\/uploads\/2024\/04\/comunicaciones_logo.png","contentUrl":"https:\/\/www.ugtcomunicaciones.es\/wordpress\/wp-content\/uploads\/2024\/04\/comunicaciones_logo.png","width":298,"height":81,"caption":"UGT Comunicaciones"},"image":{"@id":"https:\/\/www.ugtcomunicaciones.es\/wordpress\/#\/schema\/logo\/image\/"},"sameAs":["https:\/\/www.facebook.com\/ugt.comunicaciones\/","https:\/\/x.com\/ugtcom"]},{"@type":"Person","@id":"https:\/\/www.ugtcomunicaciones.es\/wordpress\/#\/schema\/person\/eba0fc3fe5b444531d94d4368cba89ed","name":"UGT","image":{"@type":"ImageObject","inLanguage":"es","@id":"https:\/\/secure.gravatar.com\/avatar\/2a16057d620a4c646bcfc171c4f23030879ebbdd346f0525bd5d4a564e57e13d?s=96&d=mm&r=g","url":"https:\/\/secure.gravatar.com\/avatar\/2a16057d620a4c646bcfc171c4f23030879ebbdd346f0525bd5d4a564e57e13d?s=96&d=mm&r=g","contentUrl":"https:\/\/secure.gravatar.com\/avatar\/2a16057d620a4c646bcfc171c4f23030879ebbdd346f0525bd5d4a564e57e13d?s=96&d=mm&r=g","caption":"UGT"}}]}},"_links":{"self":[{"href":"https:\/\/www.ugtcomunicaciones.es\/wordpress\/wp-json\/wp\/v2\/posts\/1068494","targetHints":{"allow":["GET"]}}],"collection":[{"href":"https:\/\/www.ugtcomunicaciones.es\/wordpress\/wp-json\/wp\/v2\/posts"}],"about":[{"href":"https:\/\/www.ugtcomunicaciones.es\/wordpress\/wp-json\/wp\/v2\/types\/post"}],"author":[{"embeddable":true,"href":"https:\/\/www.ugtcomunicaciones.es\/wordpress\/wp-json\/wp\/v2\/users\/3"}],"replies":[{"embeddable":true,"href":"https:\/\/www.ugtcomunicaciones.es\/wordpress\/wp-json\/wp\/v2\/comments?post=1068494"}],"version-history":[{"count":4,"href":"https:\/\/www.ugtcomunicaciones.es\/wordpress\/wp-json\/wp\/v2\/posts\/1068494\/revisions"}],"predecessor-version":[{"id":1068499,"href":"https:\/\/www.ugtcomunicaciones.es\/wordpress\/wp-json\/wp\/v2\/posts\/1068494\/revisions\/1068499"}],"wp:featuredmedia":[{"embeddable":true,"href":"https:\/\/www.ugtcomunicaciones.es\/wordpress\/wp-json\/wp\/v2\/media\/1068495"}],"wp:attachment":[{"href":"https:\/\/www.ugtcomunicaciones.es\/wordpress\/wp-json\/wp\/v2\/media?parent=1068494"}],"wp:term":[{"taxonomy":"category","embeddable":true,"href":"https:\/\/www.ugtcomunicaciones.es\/wordpress\/wp-json\/wp\/v2\/categories?post=1068494"},{"taxonomy":"post_tag","embeddable":true,"href":"https:\/\/www.ugtcomunicaciones.es\/wordpress\/wp-json\/wp\/v2\/tags?post=1068494"}],"curies":[{"name":"wp","href":"https:\/\/api.w.org\/{rel}","templated":true}]}}