{"id":1068617,"date":"2026-04-29T16:57:14","date_gmt":"2026-04-29T15:57:14","guid":{"rendered":"https:\/\/www.ugtcomunicaciones.es\/wordpress\/?p=1068617"},"modified":"2026-04-29T16:57:14","modified_gmt":"2026-04-29T15:57:14","slug":"inteligencia-artificial-impacta-empleo-44000-puestos-menos-sector-tecnologico","status":"publish","type":"post","link":"https:\/\/www.ugtcomunicaciones.es\/wordpress\/inteligencia-artificial-impacta-empleo-44000-puestos-menos-sector-tecnologico\/","title":{"rendered":"La Inteligencia Artificial impacta en el empleo: 44.000 puestos menos en el sector tecnol\u00f3gico"},"content":{"rendered":"<p><span style=\"font-weight: 400;\">El avance de la Inteligencia Artificial (IA) est\u00e1 transformando radicalmente el panorama laboral en Espa\u00f1a. Seg\u00fan los \u00faltimos datos, el sector tecnol\u00f3gico ha registrado una p\u00e9rdida de <\/span><b>44.000 empleos<\/b><span style=\"font-weight: 400;\"> en el \u00faltimo a\u00f1o, una cifra que pone de manifiesto el desaf\u00edo que supone la automatizaci\u00f3n para miles de profesionales. Desde <\/span><b>UGT Comunicaciones<\/b><span style=\"font-weight: 400;\">, realizamos un seguimiento exhaustivo de esta transici\u00f3n para garantizar que la tecnolog\u00eda no sea un sustituto, sino un complemento que respete los derechos laborales.<\/span><\/p>\n<p><b>Jos\u00e9 Varela<\/b><span style=\"font-weight: 400;\">, responsable de IA y digitalizaci\u00f3n de <\/span><b>UGT<\/b><span style=\"font-weight: 400;\">, destaca que el impacto se concentra principalmente en dos perfiles: el personal de <\/span><b>atenci\u00f3n al cliente<\/b><span style=\"font-weight: 400;\"> y los <\/span><b>programadores<\/b><span style=\"font-weight: 400;\">. Varela advierte que, mientras los usuarios interact\u00faan cada vez m\u00e1s con <\/span><i><span style=\"font-weight: 400;\">chatbots<\/span><\/i><span style=\"font-weight: 400;\">, en el \u00e1rea t\u00e9cnica la IA est\u00e1 asumiendo tareas de c\u00f3digo que antes realizaban personas. Esta situaci\u00f3n afecta con especial dureza a quienes est\u00e1n iniciando su carrera profesional, ya que las tareas m\u00e1s mec\u00e1nicas son las primeras en ser automatizadas.<\/span><\/p>\n<p><span style=\"font-weight: 400;\">A pesar de estas cifras, el sindicato subraya que la IA no es infalible y que la <\/span><b>supervisi\u00f3n humana<\/b><span style=\"font-weight: 400;\"> sigue siendo imprescindible para evitar errores y sesgos. La apuesta debe pasar por el reciclaje profesional y una regulaci\u00f3n que proteja el empleo de calidad frente a la reducci\u00f3n de costes desmedida.<\/span><\/p>\n<p><span style=\"font-weight: 400;\">Toda la informaci\u00f3n en este <a href=\"https:\/\/www.lasexta.com\/noticias\/economia\/esta-pasando-acaba-40000-puestos-trabajo-ultimo-ano_2026042969f20b4a1ba3656059a2a6e8.html\" target=\"_blank\" rel=\"noopener\">enlace<\/a><\/span><\/p>\n","protected":false},"excerpt":{"rendered":"<p>El avance de la Inteligencia Artificial (IA) est\u00e1 transformando radicalmente el panorama laboral en Espa\u00f1a. Seg\u00fan los \u00faltimos datos, el sector tecnol\u00f3gico ha registrado una p\u00e9rdida de 44.000 empleos en el \u00faltimo a\u00f1o, una cifra que pone de manifiesto el desaf\u00edo que supone la automatizaci\u00f3n para miles de profesionales. Desde UGT Comunicaciones, realizamos un seguimiento [&hellip;]<\/p>\n","protected":false},"author":8,"featured_media":1068618,"comment_status":"closed","ping_status":"closed","sticky":false,"template":"","format":"standard","meta":{"footnotes":""},"categories":[14,12],"tags":[],"class_list":["post-1068617","post","type-post","status-publish","format-standard","has-post-thumbnail","hentry","category-opinion","category-regulacion"],"yoast_head":"<!-- This site is optimized with the Yoast SEO Premium plugin v27.3 (Yoast SEO v27.4) - https:\/\/yoast.com\/product\/yoast-seo-premium-wordpress\/ -->\n<title>La Inteligencia Artificial impacta en el empleo: 44.000 puestos menos en el sector tecnol\u00f3gico - UGT Comunicaciones<\/title>\n<meta name=\"robots\" content=\"index, follow, max-snippet:-1, max-image-preview:large, max-video-preview:-1\" \/>\n<link rel=\"canonical\" href=\"https:\/\/www.ugtcomunicaciones.es\/wordpress\/inteligencia-artificial-impacta-empleo-44000-puestos-menos-sector-tecnologico\/\" \/>\n<meta property=\"og:locale\" content=\"es_ES\" \/>\n<meta property=\"og:type\" content=\"article\" \/>\n<meta property=\"og:title\" content=\"La Inteligencia Artificial impacta en el empleo: 44.000 puestos menos en el sector tecnol\u00f3gico\" \/>\n<meta property=\"og:description\" content=\"El avance de la Inteligencia Artificial (IA) est\u00e1 transformando radicalmente el panorama laboral en Espa\u00f1a. Seg\u00fan los \u00faltimos datos, el sector tecnol\u00f3gico ha registrado una p\u00e9rdida de 44.000 empleos en el \u00faltimo a\u00f1o, una cifra que pone de manifiesto el desaf\u00edo que supone la automatizaci\u00f3n para miles de profesionales. Desde UGT Comunicaciones, realizamos un seguimiento [&hellip;]\" \/>\n<meta property=\"og:url\" content=\"https:\/\/www.ugtcomunicaciones.es\/wordpress\/inteligencia-artificial-impacta-empleo-44000-puestos-menos-sector-tecnologico\/\" \/>\n<meta property=\"og:site_name\" content=\"UGT Comunicaciones\" \/>\n<meta property=\"article:publisher\" content=\"https:\/\/www.facebook.com\/ugt.comunicaciones\/\" \/>\n<meta property=\"article:published_time\" content=\"2026-04-29T15:57:14+00:00\" \/>\n<meta property=\"og:image\" content=\"https:\/\/www.ugtcomunicaciones.es\/wordpress\/wp-content\/uploads\/2026\/04\/Jose-Varela-IA-La-Sexta.png\" \/>\n\t<meta property=\"og:image:width\" content=\"792\" \/>\n\t<meta property=\"og:image:height\" content=\"438\" \/>\n\t<meta property=\"og:image:type\" content=\"image\/png\" \/>\n<meta name=\"author\" content=\"UGT\" \/>\n<meta name=\"twitter:card\" content=\"summary_large_image\" \/>\n<meta name=\"twitter:creator\" content=\"@ugtcom\" \/>\n<meta name=\"twitter:site\" content=\"@ugtcom\" \/>\n<meta name=\"twitter:label1\" content=\"Escrito por\" \/>\n\t<meta name=\"twitter:data1\" content=\"UGT\" \/>\n\t<meta name=\"twitter:label2\" content=\"Tiempo de lectura\" \/>\n\t<meta name=\"twitter:data2\" content=\"2 minutos\" \/>\n<script type=\"application\/ld+json\" class=\"yoast-schema-graph\">{\"@context\":\"https:\\\/\\\/schema.org\",\"@graph\":[{\"@type\":\"Article\",\"@id\":\"https:\\\/\\\/www.ugtcomunicaciones.es\\\/wordpress\\\/inteligencia-artificial-impacta-empleo-44000-puestos-menos-sector-tecnologico\\\/#article\",\"isPartOf\":{\"@id\":\"https:\\\/\\\/www.ugtcomunicaciones.es\\\/wordpress\\\/inteligencia-artificial-impacta-empleo-44000-puestos-menos-sector-tecnologico\\\/\"},\"author\":{\"name\":\"UGT\",\"@id\":\"https:\\\/\\\/www.ugtcomunicaciones.es\\\/wordpress\\\/#\\\/schema\\\/person\\\/c5832697c991fe71075d106bc70c9a23\"},\"headline\":\"La Inteligencia Artificial impacta en el empleo: 44.000 puestos menos en el sector tecnol\u00f3gico\",\"datePublished\":\"2026-04-29T15:57:14+00:00\",\"mainEntityOfPage\":{\"@id\":\"https:\\\/\\\/www.ugtcomunicaciones.es\\\/wordpress\\\/inteligencia-artificial-impacta-empleo-44000-puestos-menos-sector-tecnologico\\\/\"},\"wordCount\":249,\"publisher\":{\"@id\":\"https:\\\/\\\/www.ugtcomunicaciones.es\\\/wordpress\\\/#organization\"},\"image\":{\"@id\":\"https:\\\/\\\/www.ugtcomunicaciones.es\\\/wordpress\\\/inteligencia-artificial-impacta-empleo-44000-puestos-menos-sector-tecnologico\\\/#primaryimage\"},\"thumbnailUrl\":\"https:\\\/\\\/www.ugtcomunicaciones.es\\\/wordpress\\\/wp-content\\\/uploads\\\/2026\\\/04\\\/Jose-Varela-IA-La-Sexta.png\",\"articleSection\":[\"Opini\u00f3n\",\"Regulaci\u00f3n\"],\"inLanguage\":\"es\"},{\"@type\":\"WebPage\",\"@id\":\"https:\\\/\\\/www.ugtcomunicaciones.es\\\/wordpress\\\/inteligencia-artificial-impacta-empleo-44000-puestos-menos-sector-tecnologico\\\/\",\"url\":\"https:\\\/\\\/www.ugtcomunicaciones.es\\\/wordpress\\\/inteligencia-artificial-impacta-empleo-44000-puestos-menos-sector-tecnologico\\\/\",\"name\":\"La Inteligencia Artificial impacta en el empleo: 44.000 puestos menos en el sector tecnol\u00f3gico - UGT Comunicaciones\",\"isPartOf\":{\"@id\":\"https:\\\/\\\/www.ugtcomunicaciones.es\\\/wordpress\\\/#website\"},\"primaryImageOfPage\":{\"@id\":\"https:\\\/\\\/www.ugtcomunicaciones.es\\\/wordpress\\\/inteligencia-artificial-impacta-empleo-44000-puestos-menos-sector-tecnologico\\\/#primaryimage\"},\"image\":{\"@id\":\"https:\\\/\\\/www.ugtcomunicaciones.es\\\/wordpress\\\/inteligencia-artificial-impacta-empleo-44000-puestos-menos-sector-tecnologico\\\/#primaryimage\"},\"thumbnailUrl\":\"https:\\\/\\\/www.ugtcomunicaciones.es\\\/wordpress\\\/wp-content\\\/uploads\\\/2026\\\/04\\\/Jose-Varela-IA-La-Sexta.png\",\"datePublished\":\"2026-04-29T15:57:14+00:00\",\"breadcrumb\":{\"@id\":\"https:\\\/\\\/www.ugtcomunicaciones.es\\\/wordpress\\\/inteligencia-artificial-impacta-empleo-44000-puestos-menos-sector-tecnologico\\\/#breadcrumb\"},\"inLanguage\":\"es\",\"potentialAction\":[{\"@type\":\"ReadAction\",\"target\":[\"https:\\\/\\\/www.ugtcomunicaciones.es\\\/wordpress\\\/inteligencia-artificial-impacta-empleo-44000-puestos-menos-sector-tecnologico\\\/\"]}]},{\"@type\":\"ImageObject\",\"inLanguage\":\"es\",\"@id\":\"https:\\\/\\\/www.ugtcomunicaciones.es\\\/wordpress\\\/inteligencia-artificial-impacta-empleo-44000-puestos-menos-sector-tecnologico\\\/#primaryimage\",\"url\":\"https:\\\/\\\/www.ugtcomunicaciones.es\\\/wordpress\\\/wp-content\\\/uploads\\\/2026\\\/04\\\/Jose-Varela-IA-La-Sexta.png\",\"contentUrl\":\"https:\\\/\\\/www.ugtcomunicaciones.es\\\/wordpress\\\/wp-content\\\/uploads\\\/2026\\\/04\\\/Jose-Varela-IA-La-Sexta.png\",\"width\":792,\"height\":438},{\"@type\":\"BreadcrumbList\",\"@id\":\"https:\\\/\\\/www.ugtcomunicaciones.es\\\/wordpress\\\/inteligencia-artificial-impacta-empleo-44000-puestos-menos-sector-tecnologico\\\/#breadcrumb\",\"itemListElement\":[{\"@type\":\"ListItem\",\"position\":1,\"name\":\"Portada\",\"item\":\"https:\\\/\\\/www.ugtcomunicaciones.es\\\/wordpress\\\/\"},{\"@type\":\"ListItem\",\"position\":2,\"name\":\"La Inteligencia Artificial impacta en el empleo: 44.000 puestos menos en el sector tecnol\u00f3gico\"}]},{\"@type\":\"WebSite\",\"@id\":\"https:\\\/\\\/www.ugtcomunicaciones.es\\\/wordpress\\\/#website\",\"url\":\"https:\\\/\\\/www.ugtcomunicaciones.es\\\/wordpress\\\/\",\"name\":\"UGT Comunicaciones\",\"description\":\"Sindicato de Telecomunicaciones\",\"publisher\":{\"@id\":\"https:\\\/\\\/www.ugtcomunicaciones.es\\\/wordpress\\\/#organization\"},\"potentialAction\":[{\"@type\":\"SearchAction\",\"target\":{\"@type\":\"EntryPoint\",\"urlTemplate\":\"https:\\\/\\\/www.ugtcomunicaciones.es\\\/wordpress\\\/?s={search_term_string}\"},\"query-input\":{\"@type\":\"PropertyValueSpecification\",\"valueRequired\":true,\"valueName\":\"search_term_string\"}}],\"inLanguage\":\"es\"},{\"@type\":\"Organization\",\"@id\":\"https:\\\/\\\/www.ugtcomunicaciones.es\\\/wordpress\\\/#organization\",\"name\":\"UGT Comunicaciones\",\"url\":\"https:\\\/\\\/www.ugtcomunicaciones.es\\\/wordpress\\\/\",\"logo\":{\"@type\":\"ImageObject\",\"inLanguage\":\"es\",\"@id\":\"https:\\\/\\\/www.ugtcomunicaciones.es\\\/wordpress\\\/#\\\/schema\\\/logo\\\/image\\\/\",\"url\":\"https:\\\/\\\/www.ugtcomunicaciones.es\\\/wordpress\\\/wp-content\\\/uploads\\\/2024\\\/04\\\/comunicaciones_logo.png\",\"contentUrl\":\"https:\\\/\\\/www.ugtcomunicaciones.es\\\/wordpress\\\/wp-content\\\/uploads\\\/2024\\\/04\\\/comunicaciones_logo.png\",\"width\":298,\"height\":81,\"caption\":\"UGT Comunicaciones\"},\"image\":{\"@id\":\"https:\\\/\\\/www.ugtcomunicaciones.es\\\/wordpress\\\/#\\\/schema\\\/logo\\\/image\\\/\"},\"sameAs\":[\"https:\\\/\\\/www.facebook.com\\\/ugt.comunicaciones\\\/\",\"https:\\\/\\\/x.com\\\/ugtcom\"]},{\"@type\":\"Person\",\"@id\":\"https:\\\/\\\/www.ugtcomunicaciones.es\\\/wordpress\\\/#\\\/schema\\\/person\\\/c5832697c991fe71075d106bc70c9a23\",\"name\":\"UGT\",\"image\":{\"@type\":\"ImageObject\",\"inLanguage\":\"es\",\"@id\":\"https:\\\/\\\/secure.gravatar.com\\\/avatar\\\/dd1616245c7b0acc4a49731f0bd544f05506efa3993d3353b5c4141dbe80b813?s=96&d=mm&r=g\",\"url\":\"https:\\\/\\\/secure.gravatar.com\\\/avatar\\\/dd1616245c7b0acc4a49731f0bd544f05506efa3993d3353b5c4141dbe80b813?s=96&d=mm&r=g\",\"contentUrl\":\"https:\\\/\\\/secure.gravatar.com\\\/avatar\\\/dd1616245c7b0acc4a49731f0bd544f05506efa3993d3353b5c4141dbe80b813?s=96&d=mm&r=g\",\"caption\":\"UGT\"}}]}<\/script>\n<!-- \/ Yoast SEO Premium plugin. -->","yoast_head_json":{"title":"La Inteligencia Artificial impacta en el empleo: 44.000 puestos menos en el sector tecnol\u00f3gico - UGT Comunicaciones","robots":{"index":"index","follow":"follow","max-snippet":"max-snippet:-1","max-image-preview":"max-image-preview:large","max-video-preview":"max-video-preview:-1"},"canonical":"https:\/\/www.ugtcomunicaciones.es\/wordpress\/inteligencia-artificial-impacta-empleo-44000-puestos-menos-sector-tecnologico\/","og_locale":"es_ES","og_type":"article","og_title":"La Inteligencia Artificial impacta en el empleo: 44.000 puestos menos en el sector tecnol\u00f3gico","og_description":"El avance de la Inteligencia Artificial (IA) est\u00e1 transformando radicalmente el panorama laboral en Espa\u00f1a. Seg\u00fan los \u00faltimos datos, el sector tecnol\u00f3gico ha registrado una p\u00e9rdida de 44.000 empleos en el \u00faltimo a\u00f1o, una cifra que pone de manifiesto el desaf\u00edo que supone la automatizaci\u00f3n para miles de profesionales. Desde UGT Comunicaciones, realizamos un seguimiento [&hellip;]","og_url":"https:\/\/www.ugtcomunicaciones.es\/wordpress\/inteligencia-artificial-impacta-empleo-44000-puestos-menos-sector-tecnologico\/","og_site_name":"UGT Comunicaciones","article_publisher":"https:\/\/www.facebook.com\/ugt.comunicaciones\/","article_published_time":"2026-04-29T15:57:14+00:00","og_image":[{"width":792,"height":438,"url":"https:\/\/www.ugtcomunicaciones.es\/wordpress\/wp-content\/uploads\/2026\/04\/Jose-Varela-IA-La-Sexta.png","type":"image\/png"}],"author":"UGT","twitter_card":"summary_large_image","twitter_creator":"@ugtcom","twitter_site":"@ugtcom","twitter_misc":{"Escrito por":"UGT","Tiempo de lectura":"2 minutos"},"schema":{"@context":"https:\/\/schema.org","@graph":[{"@type":"Article","@id":"https:\/\/www.ugtcomunicaciones.es\/wordpress\/inteligencia-artificial-impacta-empleo-44000-puestos-menos-sector-tecnologico\/#article","isPartOf":{"@id":"https:\/\/www.ugtcomunicaciones.es\/wordpress\/inteligencia-artificial-impacta-empleo-44000-puestos-menos-sector-tecnologico\/"},"author":{"name":"UGT","@id":"https:\/\/www.ugtcomunicaciones.es\/wordpress\/#\/schema\/person\/c5832697c991fe71075d106bc70c9a23"},"headline":"La Inteligencia Artificial impacta en el empleo: 44.000 puestos menos en el sector tecnol\u00f3gico","datePublished":"2026-04-29T15:57:14+00:00","mainEntityOfPage":{"@id":"https:\/\/www.ugtcomunicaciones.es\/wordpress\/inteligencia-artificial-impacta-empleo-44000-puestos-menos-sector-tecnologico\/"},"wordCount":249,"publisher":{"@id":"https:\/\/www.ugtcomunicaciones.es\/wordpress\/#organization"},"image":{"@id":"https:\/\/www.ugtcomunicaciones.es\/wordpress\/inteligencia-artificial-impacta-empleo-44000-puestos-menos-sector-tecnologico\/#primaryimage"},"thumbnailUrl":"https:\/\/www.ugtcomunicaciones.es\/wordpress\/wp-content\/uploads\/2026\/04\/Jose-Varela-IA-La-Sexta.png","articleSection":["Opini\u00f3n","Regulaci\u00f3n"],"inLanguage":"es"},{"@type":"WebPage","@id":"https:\/\/www.ugtcomunicaciones.es\/wordpress\/inteligencia-artificial-impacta-empleo-44000-puestos-menos-sector-tecnologico\/","url":"https:\/\/www.ugtcomunicaciones.es\/wordpress\/inteligencia-artificial-impacta-empleo-44000-puestos-menos-sector-tecnologico\/","name":"La Inteligencia Artificial impacta en el empleo: 44.000 puestos menos en el sector tecnol\u00f3gico - UGT Comunicaciones","isPartOf":{"@id":"https:\/\/www.ugtcomunicaciones.es\/wordpress\/#website"},"primaryImageOfPage":{"@id":"https:\/\/www.ugtcomunicaciones.es\/wordpress\/inteligencia-artificial-impacta-empleo-44000-puestos-menos-sector-tecnologico\/#primaryimage"},"image":{"@id":"https:\/\/www.ugtcomunicaciones.es\/wordpress\/inteligencia-artificial-impacta-empleo-44000-puestos-menos-sector-tecnologico\/#primaryimage"},"thumbnailUrl":"https:\/\/www.ugtcomunicaciones.es\/wordpress\/wp-content\/uploads\/2026\/04\/Jose-Varela-IA-La-Sexta.png","datePublished":"2026-04-29T15:57:14+00:00","breadcrumb":{"@id":"https:\/\/www.ugtcomunicaciones.es\/wordpress\/inteligencia-artificial-impacta-empleo-44000-puestos-menos-sector-tecnologico\/#breadcrumb"},"inLanguage":"es","potentialAction":[{"@type":"ReadAction","target":["https:\/\/www.ugtcomunicaciones.es\/wordpress\/inteligencia-artificial-impacta-empleo-44000-puestos-menos-sector-tecnologico\/"]}]},{"@type":"ImageObject","inLanguage":"es","@id":"https:\/\/www.ugtcomunicaciones.es\/wordpress\/inteligencia-artificial-impacta-empleo-44000-puestos-menos-sector-tecnologico\/#primaryimage","url":"https:\/\/www.ugtcomunicaciones.es\/wordpress\/wp-content\/uploads\/2026\/04\/Jose-Varela-IA-La-Sexta.png","contentUrl":"https:\/\/www.ugtcomunicaciones.es\/wordpress\/wp-content\/uploads\/2026\/04\/Jose-Varela-IA-La-Sexta.png","width":792,"height":438},{"@type":"BreadcrumbList","@id":"https:\/\/www.ugtcomunicaciones.es\/wordpress\/inteligencia-artificial-impacta-empleo-44000-puestos-menos-sector-tecnologico\/#breadcrumb","itemListElement":[{"@type":"ListItem","position":1,"name":"Portada","item":"https:\/\/www.ugtcomunicaciones.es\/wordpress\/"},{"@type":"ListItem","position":2,"name":"La Inteligencia Artificial impacta en el empleo: 44.000 puestos menos en el sector tecnol\u00f3gico"}]},{"@type":"WebSite","@id":"https:\/\/www.ugtcomunicaciones.es\/wordpress\/#website","url":"https:\/\/www.ugtcomunicaciones.es\/wordpress\/","name":"UGT Comunicaciones","description":"Sindicato de Telecomunicaciones","publisher":{"@id":"https:\/\/www.ugtcomunicaciones.es\/wordpress\/#organization"},"potentialAction":[{"@type":"SearchAction","target":{"@type":"EntryPoint","urlTemplate":"https:\/\/www.ugtcomunicaciones.es\/wordpress\/?s={search_term_string}"},"query-input":{"@type":"PropertyValueSpecification","valueRequired":true,"valueName":"search_term_string"}}],"inLanguage":"es"},{"@type":"Organization","@id":"https:\/\/www.ugtcomunicaciones.es\/wordpress\/#organization","name":"UGT Comunicaciones","url":"https:\/\/www.ugtcomunicaciones.es\/wordpress\/","logo":{"@type":"ImageObject","inLanguage":"es","@id":"https:\/\/www.ugtcomunicaciones.es\/wordpress\/#\/schema\/logo\/image\/","url":"https:\/\/www.ugtcomunicaciones.es\/wordpress\/wp-content\/uploads\/2024\/04\/comunicaciones_logo.png","contentUrl":"https:\/\/www.ugtcomunicaciones.es\/wordpress\/wp-content\/uploads\/2024\/04\/comunicaciones_logo.png","width":298,"height":81,"caption":"UGT Comunicaciones"},"image":{"@id":"https:\/\/www.ugtcomunicaciones.es\/wordpress\/#\/schema\/logo\/image\/"},"sameAs":["https:\/\/www.facebook.com\/ugt.comunicaciones\/","https:\/\/x.com\/ugtcom"]},{"@type":"Person","@id":"https:\/\/www.ugtcomunicaciones.es\/wordpress\/#\/schema\/person\/c5832697c991fe71075d106bc70c9a23","name":"UGT","image":{"@type":"ImageObject","inLanguage":"es","@id":"https:\/\/secure.gravatar.com\/avatar\/dd1616245c7b0acc4a49731f0bd544f05506efa3993d3353b5c4141dbe80b813?s=96&d=mm&r=g","url":"https:\/\/secure.gravatar.com\/avatar\/dd1616245c7b0acc4a49731f0bd544f05506efa3993d3353b5c4141dbe80b813?s=96&d=mm&r=g","contentUrl":"https:\/\/secure.gravatar.com\/avatar\/dd1616245c7b0acc4a49731f0bd544f05506efa3993d3353b5c4141dbe80b813?s=96&d=mm&r=g","caption":"UGT"}}]}},"_links":{"self":[{"href":"https:\/\/www.ugtcomunicaciones.es\/wordpress\/wp-json\/wp\/v2\/posts\/1068617","targetHints":{"allow":["GET"]}}],"collection":[{"href":"https:\/\/www.ugtcomunicaciones.es\/wordpress\/wp-json\/wp\/v2\/posts"}],"about":[{"href":"https:\/\/www.ugtcomunicaciones.es\/wordpress\/wp-json\/wp\/v2\/types\/post"}],"author":[{"embeddable":true,"href":"https:\/\/www.ugtcomunicaciones.es\/wordpress\/wp-json\/wp\/v2\/users\/8"}],"replies":[{"embeddable":true,"href":"https:\/\/www.ugtcomunicaciones.es\/wordpress\/wp-json\/wp\/v2\/comments?post=1068617"}],"version-history":[{"count":2,"href":"https:\/\/www.ugtcomunicaciones.es\/wordpress\/wp-json\/wp\/v2\/posts\/1068617\/revisions"}],"predecessor-version":[{"id":1068620,"href":"https:\/\/www.ugtcomunicaciones.es\/wordpress\/wp-json\/wp\/v2\/posts\/1068617\/revisions\/1068620"}],"wp:featuredmedia":[{"embeddable":true,"href":"https:\/\/www.ugtcomunicaciones.es\/wordpress\/wp-json\/wp\/v2\/media\/1068618"}],"wp:attachment":[{"href":"https:\/\/www.ugtcomunicaciones.es\/wordpress\/wp-json\/wp\/v2\/media?parent=1068617"}],"wp:term":[{"taxonomy":"category","embeddable":true,"href":"https:\/\/www.ugtcomunicaciones.es\/wordpress\/wp-json\/wp\/v2\/categories?post=1068617"},{"taxonomy":"post_tag","embeddable":true,"href":"https:\/\/www.ugtcomunicaciones.es\/wordpress\/wp-json\/wp\/v2\/tags?post=1068617"}],"curies":[{"name":"wp","href":"https:\/\/api.w.org\/{rel}","templated":true}]}}