{"id":1068628,"date":"2026-04-30T08:07:04","date_gmt":"2026-04-30T07:07:04","guid":{"rendered":"https:\/\/www.ugtcomunicaciones.es\/wordpress\/?p=1068628"},"modified":"2026-04-30T09:08:05","modified_gmt":"2026-04-30T08:08:05","slug":"el-tsunami-de-la-ia-en-espana-productividad-record-frente-a-la-incertidumbre-laboral","status":"publish","type":"post","link":"https:\/\/www.ugtcomunicaciones.es\/wordpress\/el-tsunami-de-la-ia-en-espana-productividad-record-frente-a-la-incertidumbre-laboral\/","title":{"rendered":"El tsunami de la IA en Espa\u00f1a: productividad r\u00e9cord frente a la incertidumbre laboral"},"content":{"rendered":"<h3 style=\"text-align: justify\"><b>La implementaci\u00f3n de la Inteligencia Artificial dispara la eficiencia en las empresas pero acelera la destrucci\u00f3n de empleo t\u00e9cnico por la falta de planes de recualificaci\u00f3n.<\/b><\/h3>\n<p style=\"text-align: justify\"><span style=\"font-weight: 400\">El mercado laboral espa\u00f1ol ha alcanzado un punto de inflexi\u00f3n este abril de 2026. Seg\u00fan los indicadores m\u00e1s recientes, la Inteligencia Artificial generativa ya ha impulsado la productividad en el <\/span><b>63% de las compa\u00f1\u00edas de nuestro pa\u00eds<\/b><span style=\"font-weight: 400\"> (1). Sin embargo, este crecimiento oculta una realidad social compleja: la velocidad de la automatizaci\u00f3n est\u00e1 superando la capacidad de adaptaci\u00f3n de las plantillas, provocando una destrucci\u00f3n de empleo en el sector tecnol\u00f3gico a ritmos que no se ve\u00edan en la \u00faltima d\u00e9cada (2).<\/span><\/p>\n<p style=\"text-align: justify\"><span style=\"font-weight: 400\">Desde <\/span><span style=\"color: #ff0000\"><b>UGT Comunicaciones<\/b><\/span><span style=\"font-weight: 400\"> observamos con preocupaci\u00f3n c\u00f3mo la inversi\u00f3n corporativa se concentra de forma masiva en infraestructuras de IA, mientras se descuida el factor humano. En el sector de la comunicaci\u00f3n y el marketing, <\/span><b>6 de cada 10 profesionales ya integran estas herramientas en su d\u00eda a d\u00eda<\/b><span style=\"font-weight: 400\"> (3), pero el <\/span><b>39% de los trabajadores confiesa sentir un temor real por la estabilidad de su puesto<\/b><span style=\"font-weight: 400\"> ante el avance de los algoritmos (1).<\/span><\/p>\n<p style=\"text-align: justify\"><span style=\"font-weight: 400\">La clave para una transici\u00f3n justa reside en la <\/span><b>formaci\u00f3n continua<\/b><span style=\"font-weight: 400\">. Informes de consultor\u00eda estrat\u00e9gica se\u00f1alan que, aunque el <\/span><b>84% de las organizaciones espa\u00f1olas ha adoptado la IA<\/b><span style=\"font-weight: 400\">, la inmensa mayor\u00eda no ha redise\u00f1ado los roles de trabajo para proteger el empleo (4).\u00a0<\/span><\/p>\n<p style=\"text-align: justify\"><span style=\"font-weight: 400\">Por ello, <\/span><span style=\"color: #ff0000\"><b>UGT Comunicaciones<\/b><\/span><span style=\"font-weight: 400\"> insiste en que la negociaci\u00f3n colectiva debe priorizar la <\/span><b>recualificaci\u00f3n (reskilling)<\/b><span style=\"font-weight: 400\">, garantizando que el avance tecnol\u00f3gico sea una herramienta de apoyo y no un sustituto indiscriminado de la experiencia humana.<\/span><\/p>\n<p style=\"text-align: justify\"><b>Toda la informaci\u00f3n en estos enlaces:<\/b><\/p>\n<p><span style=\"font-weight: 400\">\u00a0(1)<\/span><span style=\"font-weight: 400\"> <a href=\"https:\/\/www.randstad.es\/nosotros\/sala-prensa\/63-empresas-espanolas-asegura-que-ia-aumentado-productividad-plantilla-ultimo-ano\/\">pincha aqu\u00ed<\/a><\/span><\/p>\n<p>(2) <a href=\"https:\/\/www.elconfidencial.com\/economia\/2026-04-29\/destruccion-empleo-ritmo-record-tecnologico-ia_4346780\/\">pincha aqu\u00ed<\/a><\/p>\n<p>(3) <a href=\"https:\/\/nosotros.infojobs.net\/\">pincha aqu\u00ed<\/a><\/p>\n<p>(4) <a href=\"https:\/\/orlandosuarez.net\/notas\/informe-deloitte-ia-empresas-2026\/\">pincha aqu\u00ed<\/a><\/p>\n","protected":false},"excerpt":{"rendered":"<p>La implementaci\u00f3n de la Inteligencia Artificial dispara la eficiencia en las empresas pero acelera la destrucci\u00f3n de empleo t\u00e9cnico por la falta de planes de recualificaci\u00f3n. El mercado laboral espa\u00f1ol ha alcanzado un punto de inflexi\u00f3n este abril de 2026. Seg\u00fan los indicadores m\u00e1s recientes, la Inteligencia Artificial generativa ya ha impulsado la productividad en [&hellip;]<\/p>\n","protected":false},"author":11,"featured_media":293733,"comment_status":"closed","ping_status":"closed","sticky":false,"template":"","format":"standard","meta":{"footnotes":""},"categories":[14,12],"tags":[],"class_list":["post-1068628","post","type-post","status-publish","format-standard","has-post-thumbnail","hentry","category-opinion","category-regulacion"],"yoast_head":"<!-- This site is optimized with the Yoast SEO Premium plugin v27.3 (Yoast SEO v27.4) - https:\/\/yoast.com\/product\/yoast-seo-premium-wordpress\/ -->\n<title>El tsunami de la IA en Espa\u00f1a: productividad r\u00e9cord frente a la incertidumbre laboral - UGT Comunicaciones<\/title>\n<meta name=\"robots\" content=\"index, follow, max-snippet:-1, max-image-preview:large, max-video-preview:-1\" \/>\n<link rel=\"canonical\" href=\"https:\/\/www.ugtcomunicaciones.es\/wordpress\/el-tsunami-de-la-ia-en-espana-productividad-record-frente-a-la-incertidumbre-laboral\/\" \/>\n<meta property=\"og:locale\" content=\"es_ES\" \/>\n<meta property=\"og:type\" content=\"article\" \/>\n<meta property=\"og:title\" content=\"El tsunami de la IA en Espa\u00f1a: productividad r\u00e9cord frente a la incertidumbre laboral\" \/>\n<meta property=\"og:description\" content=\"La implementaci\u00f3n de la Inteligencia Artificial dispara la eficiencia en las empresas pero acelera la destrucci\u00f3n de empleo t\u00e9cnico por la falta de planes de recualificaci\u00f3n. El mercado laboral espa\u00f1ol ha alcanzado un punto de inflexi\u00f3n este abril de 2026. Seg\u00fan los indicadores m\u00e1s recientes, la Inteligencia Artificial generativa ya ha impulsado la productividad en [&hellip;]\" \/>\n<meta property=\"og:url\" content=\"https:\/\/www.ugtcomunicaciones.es\/wordpress\/el-tsunami-de-la-ia-en-espana-productividad-record-frente-a-la-incertidumbre-laboral\/\" \/>\n<meta property=\"og:site_name\" content=\"UGT Comunicaciones\" \/>\n<meta property=\"article:publisher\" content=\"https:\/\/www.facebook.com\/ugt.comunicaciones\/\" \/>\n<meta property=\"article:published_time\" content=\"2026-04-30T07:07:04+00:00\" \/>\n<meta property=\"article:modified_time\" content=\"2026-04-30T08:08:05+00:00\" \/>\n<meta property=\"og:image\" content=\"https:\/\/www.ugtcomunicaciones.es\/wordpress\/wp-content\/uploads\/2019\/02\/Inteligencia-artificial-1.jpg\" \/>\n\t<meta property=\"og:image:width\" content=\"600\" \/>\n\t<meta property=\"og:image:height\" content=\"570\" \/>\n\t<meta property=\"og:image:type\" content=\"image\/jpeg\" \/>\n<meta name=\"author\" content=\"okal74\" \/>\n<meta name=\"twitter:card\" content=\"summary_large_image\" \/>\n<meta name=\"twitter:creator\" content=\"@ugtcom\" \/>\n<meta name=\"twitter:site\" content=\"@ugtcom\" \/>\n<meta name=\"twitter:label1\" content=\"Escrito por\" \/>\n\t<meta name=\"twitter:data1\" content=\"okal74\" \/>\n\t<meta name=\"twitter:label2\" content=\"Tiempo de lectura\" \/>\n\t<meta name=\"twitter:data2\" content=\"2 minutos\" \/>\n<script type=\"application\/ld+json\" class=\"yoast-schema-graph\">{\"@context\":\"https:\\\/\\\/schema.org\",\"@graph\":[{\"@type\":\"Article\",\"@id\":\"https:\\\/\\\/www.ugtcomunicaciones.es\\\/wordpress\\\/el-tsunami-de-la-ia-en-espana-productividad-record-frente-a-la-incertidumbre-laboral\\\/#article\",\"isPartOf\":{\"@id\":\"https:\\\/\\\/www.ugtcomunicaciones.es\\\/wordpress\\\/el-tsunami-de-la-ia-en-espana-productividad-record-frente-a-la-incertidumbre-laboral\\\/\"},\"author\":{\"name\":\"okal74\",\"@id\":\"https:\\\/\\\/www.ugtcomunicaciones.es\\\/wordpress\\\/#\\\/schema\\\/person\\\/ab47d9dcc042d2dba534b9a6bafb9f1d\"},\"headline\":\"El tsunami de la IA en Espa\u00f1a: productividad r\u00e9cord frente a la incertidumbre laboral\",\"datePublished\":\"2026-04-30T07:07:04+00:00\",\"dateModified\":\"2026-04-30T08:08:05+00:00\",\"mainEntityOfPage\":{\"@id\":\"https:\\\/\\\/www.ugtcomunicaciones.es\\\/wordpress\\\/el-tsunami-de-la-ia-en-espana-productividad-record-frente-a-la-incertidumbre-laboral\\\/\"},\"wordCount\":310,\"publisher\":{\"@id\":\"https:\\\/\\\/www.ugtcomunicaciones.es\\\/wordpress\\\/#organization\"},\"image\":{\"@id\":\"https:\\\/\\\/www.ugtcomunicaciones.es\\\/wordpress\\\/el-tsunami-de-la-ia-en-espana-productividad-record-frente-a-la-incertidumbre-laboral\\\/#primaryimage\"},\"thumbnailUrl\":\"https:\\\/\\\/www.ugtcomunicaciones.es\\\/wordpress\\\/wp-content\\\/uploads\\\/2019\\\/02\\\/Inteligencia-artificial-1.jpg\",\"articleSection\":[\"Opini\u00f3n\",\"Regulaci\u00f3n\"],\"inLanguage\":\"es\"},{\"@type\":\"WebPage\",\"@id\":\"https:\\\/\\\/www.ugtcomunicaciones.es\\\/wordpress\\\/el-tsunami-de-la-ia-en-espana-productividad-record-frente-a-la-incertidumbre-laboral\\\/\",\"url\":\"https:\\\/\\\/www.ugtcomunicaciones.es\\\/wordpress\\\/el-tsunami-de-la-ia-en-espana-productividad-record-frente-a-la-incertidumbre-laboral\\\/\",\"name\":\"El tsunami de la IA en Espa\u00f1a: productividad r\u00e9cord frente a la incertidumbre laboral - UGT Comunicaciones\",\"isPartOf\":{\"@id\":\"https:\\\/\\\/www.ugtcomunicaciones.es\\\/wordpress\\\/#website\"},\"primaryImageOfPage\":{\"@id\":\"https:\\\/\\\/www.ugtcomunicaciones.es\\\/wordpress\\\/el-tsunami-de-la-ia-en-espana-productividad-record-frente-a-la-incertidumbre-laboral\\\/#primaryimage\"},\"image\":{\"@id\":\"https:\\\/\\\/www.ugtcomunicaciones.es\\\/wordpress\\\/el-tsunami-de-la-ia-en-espana-productividad-record-frente-a-la-incertidumbre-laboral\\\/#primaryimage\"},\"thumbnailUrl\":\"https:\\\/\\\/www.ugtcomunicaciones.es\\\/wordpress\\\/wp-content\\\/uploads\\\/2019\\\/02\\\/Inteligencia-artificial-1.jpg\",\"datePublished\":\"2026-04-30T07:07:04+00:00\",\"dateModified\":\"2026-04-30T08:08:05+00:00\",\"breadcrumb\":{\"@id\":\"https:\\\/\\\/www.ugtcomunicaciones.es\\\/wordpress\\\/el-tsunami-de-la-ia-en-espana-productividad-record-frente-a-la-incertidumbre-laboral\\\/#breadcrumb\"},\"inLanguage\":\"es\",\"potentialAction\":[{\"@type\":\"ReadAction\",\"target\":[\"https:\\\/\\\/www.ugtcomunicaciones.es\\\/wordpress\\\/el-tsunami-de-la-ia-en-espana-productividad-record-frente-a-la-incertidumbre-laboral\\\/\"]}]},{\"@type\":\"ImageObject\",\"inLanguage\":\"es\",\"@id\":\"https:\\\/\\\/www.ugtcomunicaciones.es\\\/wordpress\\\/el-tsunami-de-la-ia-en-espana-productividad-record-frente-a-la-incertidumbre-laboral\\\/#primaryimage\",\"url\":\"https:\\\/\\\/www.ugtcomunicaciones.es\\\/wordpress\\\/wp-content\\\/uploads\\\/2019\\\/02\\\/Inteligencia-artificial-1.jpg\",\"contentUrl\":\"https:\\\/\\\/www.ugtcomunicaciones.es\\\/wordpress\\\/wp-content\\\/uploads\\\/2019\\\/02\\\/Inteligencia-artificial-1.jpg\",\"width\":600,\"height\":570,\"caption\":\"Inteligencia artificial-1\"},{\"@type\":\"BreadcrumbList\",\"@id\":\"https:\\\/\\\/www.ugtcomunicaciones.es\\\/wordpress\\\/el-tsunami-de-la-ia-en-espana-productividad-record-frente-a-la-incertidumbre-laboral\\\/#breadcrumb\",\"itemListElement\":[{\"@type\":\"ListItem\",\"position\":1,\"name\":\"Portada\",\"item\":\"https:\\\/\\\/www.ugtcomunicaciones.es\\\/wordpress\\\/\"},{\"@type\":\"ListItem\",\"position\":2,\"name\":\"El tsunami de la IA en Espa\u00f1a: productividad r\u00e9cord frente a la incertidumbre laboral\"}]},{\"@type\":\"WebSite\",\"@id\":\"https:\\\/\\\/www.ugtcomunicaciones.es\\\/wordpress\\\/#website\",\"url\":\"https:\\\/\\\/www.ugtcomunicaciones.es\\\/wordpress\\\/\",\"name\":\"UGT Comunicaciones\",\"description\":\"Sindicato de Telecomunicaciones\",\"publisher\":{\"@id\":\"https:\\\/\\\/www.ugtcomunicaciones.es\\\/wordpress\\\/#organization\"},\"potentialAction\":[{\"@type\":\"SearchAction\",\"target\":{\"@type\":\"EntryPoint\",\"urlTemplate\":\"https:\\\/\\\/www.ugtcomunicaciones.es\\\/wordpress\\\/?s={search_term_string}\"},\"query-input\":{\"@type\":\"PropertyValueSpecification\",\"valueRequired\":true,\"valueName\":\"search_term_string\"}}],\"inLanguage\":\"es\"},{\"@type\":\"Organization\",\"@id\":\"https:\\\/\\\/www.ugtcomunicaciones.es\\\/wordpress\\\/#organization\",\"name\":\"UGT Comunicaciones\",\"url\":\"https:\\\/\\\/www.ugtcomunicaciones.es\\\/wordpress\\\/\",\"logo\":{\"@type\":\"ImageObject\",\"inLanguage\":\"es\",\"@id\":\"https:\\\/\\\/www.ugtcomunicaciones.es\\\/wordpress\\\/#\\\/schema\\\/logo\\\/image\\\/\",\"url\":\"https:\\\/\\\/www.ugtcomunicaciones.es\\\/wordpress\\\/wp-content\\\/uploads\\\/2024\\\/04\\\/comunicaciones_logo.png\",\"contentUrl\":\"https:\\\/\\\/www.ugtcomunicaciones.es\\\/wordpress\\\/wp-content\\\/uploads\\\/2024\\\/04\\\/comunicaciones_logo.png\",\"width\":298,\"height\":81,\"caption\":\"UGT Comunicaciones\"},\"image\":{\"@id\":\"https:\\\/\\\/www.ugtcomunicaciones.es\\\/wordpress\\\/#\\\/schema\\\/logo\\\/image\\\/\"},\"sameAs\":[\"https:\\\/\\\/www.facebook.com\\\/ugt.comunicaciones\\\/\",\"https:\\\/\\\/x.com\\\/ugtcom\"]},{\"@type\":\"Person\",\"@id\":\"https:\\\/\\\/www.ugtcomunicaciones.es\\\/wordpress\\\/#\\\/schema\\\/person\\\/ab47d9dcc042d2dba534b9a6bafb9f1d\",\"name\":\"okal74\",\"image\":{\"@type\":\"ImageObject\",\"inLanguage\":\"es\",\"@id\":\"https:\\\/\\\/secure.gravatar.com\\\/avatar\\\/fb1ca0e9f0f5e962f0b65b4a6f1118b9d7d9fb7c8879021ea276a584918cec48?s=96&d=mm&r=g\",\"url\":\"https:\\\/\\\/secure.gravatar.com\\\/avatar\\\/fb1ca0e9f0f5e962f0b65b4a6f1118b9d7d9fb7c8879021ea276a584918cec48?s=96&d=mm&r=g\",\"contentUrl\":\"https:\\\/\\\/secure.gravatar.com\\\/avatar\\\/fb1ca0e9f0f5e962f0b65b4a6f1118b9d7d9fb7c8879021ea276a584918cec48?s=96&d=mm&r=g\",\"caption\":\"okal74\"}}]}<\/script>\n<!-- \/ Yoast SEO Premium plugin. -->","yoast_head_json":{"title":"El tsunami de la IA en Espa\u00f1a: productividad r\u00e9cord frente a la incertidumbre laboral - UGT Comunicaciones","robots":{"index":"index","follow":"follow","max-snippet":"max-snippet:-1","max-image-preview":"max-image-preview:large","max-video-preview":"max-video-preview:-1"},"canonical":"https:\/\/www.ugtcomunicaciones.es\/wordpress\/el-tsunami-de-la-ia-en-espana-productividad-record-frente-a-la-incertidumbre-laboral\/","og_locale":"es_ES","og_type":"article","og_title":"El tsunami de la IA en Espa\u00f1a: productividad r\u00e9cord frente a la incertidumbre laboral","og_description":"La implementaci\u00f3n de la Inteligencia Artificial dispara la eficiencia en las empresas pero acelera la destrucci\u00f3n de empleo t\u00e9cnico por la falta de planes de recualificaci\u00f3n. El mercado laboral espa\u00f1ol ha alcanzado un punto de inflexi\u00f3n este abril de 2026. Seg\u00fan los indicadores m\u00e1s recientes, la Inteligencia Artificial generativa ya ha impulsado la productividad en [&hellip;]","og_url":"https:\/\/www.ugtcomunicaciones.es\/wordpress\/el-tsunami-de-la-ia-en-espana-productividad-record-frente-a-la-incertidumbre-laboral\/","og_site_name":"UGT Comunicaciones","article_publisher":"https:\/\/www.facebook.com\/ugt.comunicaciones\/","article_published_time":"2026-04-30T07:07:04+00:00","article_modified_time":"2026-04-30T08:08:05+00:00","og_image":[{"width":600,"height":570,"url":"https:\/\/www.ugtcomunicaciones.es\/wordpress\/wp-content\/uploads\/2019\/02\/Inteligencia-artificial-1.jpg","type":"image\/jpeg"}],"author":"okal74","twitter_card":"summary_large_image","twitter_creator":"@ugtcom","twitter_site":"@ugtcom","twitter_misc":{"Escrito por":"okal74","Tiempo de lectura":"2 minutos"},"schema":{"@context":"https:\/\/schema.org","@graph":[{"@type":"Article","@id":"https:\/\/www.ugtcomunicaciones.es\/wordpress\/el-tsunami-de-la-ia-en-espana-productividad-record-frente-a-la-incertidumbre-laboral\/#article","isPartOf":{"@id":"https:\/\/www.ugtcomunicaciones.es\/wordpress\/el-tsunami-de-la-ia-en-espana-productividad-record-frente-a-la-incertidumbre-laboral\/"},"author":{"name":"okal74","@id":"https:\/\/www.ugtcomunicaciones.es\/wordpress\/#\/schema\/person\/ab47d9dcc042d2dba534b9a6bafb9f1d"},"headline":"El tsunami de la IA en Espa\u00f1a: productividad r\u00e9cord frente a la incertidumbre laboral","datePublished":"2026-04-30T07:07:04+00:00","dateModified":"2026-04-30T08:08:05+00:00","mainEntityOfPage":{"@id":"https:\/\/www.ugtcomunicaciones.es\/wordpress\/el-tsunami-de-la-ia-en-espana-productividad-record-frente-a-la-incertidumbre-laboral\/"},"wordCount":310,"publisher":{"@id":"https:\/\/www.ugtcomunicaciones.es\/wordpress\/#organization"},"image":{"@id":"https:\/\/www.ugtcomunicaciones.es\/wordpress\/el-tsunami-de-la-ia-en-espana-productividad-record-frente-a-la-incertidumbre-laboral\/#primaryimage"},"thumbnailUrl":"https:\/\/www.ugtcomunicaciones.es\/wordpress\/wp-content\/uploads\/2019\/02\/Inteligencia-artificial-1.jpg","articleSection":["Opini\u00f3n","Regulaci\u00f3n"],"inLanguage":"es"},{"@type":"WebPage","@id":"https:\/\/www.ugtcomunicaciones.es\/wordpress\/el-tsunami-de-la-ia-en-espana-productividad-record-frente-a-la-incertidumbre-laboral\/","url":"https:\/\/www.ugtcomunicaciones.es\/wordpress\/el-tsunami-de-la-ia-en-espana-productividad-record-frente-a-la-incertidumbre-laboral\/","name":"El tsunami de la IA en Espa\u00f1a: productividad r\u00e9cord frente a la incertidumbre laboral - UGT Comunicaciones","isPartOf":{"@id":"https:\/\/www.ugtcomunicaciones.es\/wordpress\/#website"},"primaryImageOfPage":{"@id":"https:\/\/www.ugtcomunicaciones.es\/wordpress\/el-tsunami-de-la-ia-en-espana-productividad-record-frente-a-la-incertidumbre-laboral\/#primaryimage"},"image":{"@id":"https:\/\/www.ugtcomunicaciones.es\/wordpress\/el-tsunami-de-la-ia-en-espana-productividad-record-frente-a-la-incertidumbre-laboral\/#primaryimage"},"thumbnailUrl":"https:\/\/www.ugtcomunicaciones.es\/wordpress\/wp-content\/uploads\/2019\/02\/Inteligencia-artificial-1.jpg","datePublished":"2026-04-30T07:07:04+00:00","dateModified":"2026-04-30T08:08:05+00:00","breadcrumb":{"@id":"https:\/\/www.ugtcomunicaciones.es\/wordpress\/el-tsunami-de-la-ia-en-espana-productividad-record-frente-a-la-incertidumbre-laboral\/#breadcrumb"},"inLanguage":"es","potentialAction":[{"@type":"ReadAction","target":["https:\/\/www.ugtcomunicaciones.es\/wordpress\/el-tsunami-de-la-ia-en-espana-productividad-record-frente-a-la-incertidumbre-laboral\/"]}]},{"@type":"ImageObject","inLanguage":"es","@id":"https:\/\/www.ugtcomunicaciones.es\/wordpress\/el-tsunami-de-la-ia-en-espana-productividad-record-frente-a-la-incertidumbre-laboral\/#primaryimage","url":"https:\/\/www.ugtcomunicaciones.es\/wordpress\/wp-content\/uploads\/2019\/02\/Inteligencia-artificial-1.jpg","contentUrl":"https:\/\/www.ugtcomunicaciones.es\/wordpress\/wp-content\/uploads\/2019\/02\/Inteligencia-artificial-1.jpg","width":600,"height":570,"caption":"Inteligencia artificial-1"},{"@type":"BreadcrumbList","@id":"https:\/\/www.ugtcomunicaciones.es\/wordpress\/el-tsunami-de-la-ia-en-espana-productividad-record-frente-a-la-incertidumbre-laboral\/#breadcrumb","itemListElement":[{"@type":"ListItem","position":1,"name":"Portada","item":"https:\/\/www.ugtcomunicaciones.es\/wordpress\/"},{"@type":"ListItem","position":2,"name":"El tsunami de la IA en Espa\u00f1a: productividad r\u00e9cord frente a la incertidumbre laboral"}]},{"@type":"WebSite","@id":"https:\/\/www.ugtcomunicaciones.es\/wordpress\/#website","url":"https:\/\/www.ugtcomunicaciones.es\/wordpress\/","name":"UGT Comunicaciones","description":"Sindicato de Telecomunicaciones","publisher":{"@id":"https:\/\/www.ugtcomunicaciones.es\/wordpress\/#organization"},"potentialAction":[{"@type":"SearchAction","target":{"@type":"EntryPoint","urlTemplate":"https:\/\/www.ugtcomunicaciones.es\/wordpress\/?s={search_term_string}"},"query-input":{"@type":"PropertyValueSpecification","valueRequired":true,"valueName":"search_term_string"}}],"inLanguage":"es"},{"@type":"Organization","@id":"https:\/\/www.ugtcomunicaciones.es\/wordpress\/#organization","name":"UGT Comunicaciones","url":"https:\/\/www.ugtcomunicaciones.es\/wordpress\/","logo":{"@type":"ImageObject","inLanguage":"es","@id":"https:\/\/www.ugtcomunicaciones.es\/wordpress\/#\/schema\/logo\/image\/","url":"https:\/\/www.ugtcomunicaciones.es\/wordpress\/wp-content\/uploads\/2024\/04\/comunicaciones_logo.png","contentUrl":"https:\/\/www.ugtcomunicaciones.es\/wordpress\/wp-content\/uploads\/2024\/04\/comunicaciones_logo.png","width":298,"height":81,"caption":"UGT Comunicaciones"},"image":{"@id":"https:\/\/www.ugtcomunicaciones.es\/wordpress\/#\/schema\/logo\/image\/"},"sameAs":["https:\/\/www.facebook.com\/ugt.comunicaciones\/","https:\/\/x.com\/ugtcom"]},{"@type":"Person","@id":"https:\/\/www.ugtcomunicaciones.es\/wordpress\/#\/schema\/person\/ab47d9dcc042d2dba534b9a6bafb9f1d","name":"okal74","image":{"@type":"ImageObject","inLanguage":"es","@id":"https:\/\/secure.gravatar.com\/avatar\/fb1ca0e9f0f5e962f0b65b4a6f1118b9d7d9fb7c8879021ea276a584918cec48?s=96&d=mm&r=g","url":"https:\/\/secure.gravatar.com\/avatar\/fb1ca0e9f0f5e962f0b65b4a6f1118b9d7d9fb7c8879021ea276a584918cec48?s=96&d=mm&r=g","contentUrl":"https:\/\/secure.gravatar.com\/avatar\/fb1ca0e9f0f5e962f0b65b4a6f1118b9d7d9fb7c8879021ea276a584918cec48?s=96&d=mm&r=g","caption":"okal74"}}]}},"_links":{"self":[{"href":"https:\/\/www.ugtcomunicaciones.es\/wordpress\/wp-json\/wp\/v2\/posts\/1068628","targetHints":{"allow":["GET"]}}],"collection":[{"href":"https:\/\/www.ugtcomunicaciones.es\/wordpress\/wp-json\/wp\/v2\/posts"}],"about":[{"href":"https:\/\/www.ugtcomunicaciones.es\/wordpress\/wp-json\/wp\/v2\/types\/post"}],"author":[{"embeddable":true,"href":"https:\/\/www.ugtcomunicaciones.es\/wordpress\/wp-json\/wp\/v2\/users\/11"}],"replies":[{"embeddable":true,"href":"https:\/\/www.ugtcomunicaciones.es\/wordpress\/wp-json\/wp\/v2\/comments?post=1068628"}],"version-history":[{"count":3,"href":"https:\/\/www.ugtcomunicaciones.es\/wordpress\/wp-json\/wp\/v2\/posts\/1068628\/revisions"}],"predecessor-version":[{"id":1068634,"href":"https:\/\/www.ugtcomunicaciones.es\/wordpress\/wp-json\/wp\/v2\/posts\/1068628\/revisions\/1068634"}],"wp:featuredmedia":[{"embeddable":true,"href":"https:\/\/www.ugtcomunicaciones.es\/wordpress\/wp-json\/wp\/v2\/media\/293733"}],"wp:attachment":[{"href":"https:\/\/www.ugtcomunicaciones.es\/wordpress\/wp-json\/wp\/v2\/media?parent=1068628"}],"wp:term":[{"taxonomy":"category","embeddable":true,"href":"https:\/\/www.ugtcomunicaciones.es\/wordpress\/wp-json\/wp\/v2\/categories?post=1068628"},{"taxonomy":"post_tag","embeddable":true,"href":"https:\/\/www.ugtcomunicaciones.es\/wordpress\/wp-json\/wp\/v2\/tags?post=1068628"}],"curies":[{"name":"wp","href":"https:\/\/api.w.org\/{rel}","templated":true}]}}