{"id":1068635,"date":"2026-04-30T10:34:27","date_gmt":"2026-04-30T09:34:27","guid":{"rendered":"https:\/\/www.ugtcomunicaciones.es\/wordpress\/?p=1068635"},"modified":"2026-04-30T12:13:20","modified_gmt":"2026-04-30T11:13:20","slug":"1o-de-mayo-un-compromiso-por-el-progreso-y-la-cohesion-social","status":"publish","type":"post","link":"https:\/\/www.ugtcomunicaciones.es\/wordpress\/1o-de-mayo-un-compromiso-por-el-progreso-y-la-cohesion-social\/","title":{"rendered":"1\u00ba de Mayo: Un compromiso  por el progreso y la cohesi\u00f3n social"},"content":{"rendered":"<p style=\"text-align: justify;\">Nos acercamos a este Primero de Mayo en un contexto internacional complejo, donde <strong>la inestabilidad, las nuevas tecnolog\u00edas<\/strong> y el impacto de <strong>la guerra<\/strong> condicionan nuestra realidad cotidiana. Ante la erosi\u00f3n de las normas internacionales, el sindicalismo debe actuar como un factor de equilibrio, defendiendo la paz y el respeto a los derechos humanos.<\/p>\n<p style=\"text-align: justify;\">Esta labor trasciende nuestras fronteras. Por ello, desde UGT, <strong>junto con la Confederaci\u00f3n Europea de Sindicatos<\/strong>, insistimos en la necesidad de una <strong>respuesta social de la Uni\u00f3n Europea<\/strong>. Es el momento de que las pol\u00edticas comunitarias se enfoquen en proteger a las personas, el empleo y fortalecer un modelo de bienestar que nos permita afrontar con seguridad los retos globales.<\/p>\n<p style=\"text-align: justify;\"><strong>Frente a la divisi\u00f3n, nuestra respuesta es clara: m\u00e1s democracia y una defensa firme de los derechos esenciales<\/strong>. En este sentido, es urgente garantizar el futuro del empleo, el acceso a una <strong>vivienda<\/strong> digna y continuar con la senda de mejora de los <strong>salarios<\/strong>, pilares fundamentales para una vida plena y para la estabilidad de las familias trabajadoras.<\/p>\n<p style=\"text-align: justify;\">Para consolidar un futuro de prosperidad compartida, <strong>necesitamos consolidar y avanzar en nuestros derechos<\/strong>. Asimismo, debemos gestionar la transformaci\u00f3n tecnol\u00f3gica digital y la<strong> inteligencia artificial <\/strong>de modo que el aumento de la productividad redunde en una mejora de la calidad de vida y en un reparto m\u00e1s justo del tiempo de trabajo.<\/p>\n<p style=\"text-align: justify;\">Con el objetivo de <strong>seguir construyendo una sociedad m\u00e1s justa y equilibrada,<\/strong> os invitamos a participar en la jornada de reivindicaci\u00f3n y compromiso colectivo del 1\u00ba de Mayo de 2026.<\/p>\n<p>Puedes acceder a nuestro comunicado conjunto en el siguiente enlace :<a href=\"https:\/\/www.ugt.es\/sites\/default\/files\/Manifiesto_1Mayo2026_UGT-CCOO.pdf\"> pincha aqu\u00ed<\/a><\/p>\n","protected":false},"excerpt":{"rendered":"<p>Nos acercamos a este Primero de Mayo en un contexto internacional complejo, donde la inestabilidad, las nuevas tecnolog\u00edas y el impacto de la guerra condicionan nuestra realidad cotidiana. Ante la erosi\u00f3n de las normas internacionales, el sindicalismo debe actuar como un factor de equilibrio, defendiendo la paz y el respeto a los derechos humanos. Esta [&hellip;]<\/p>\n","protected":false},"author":11,"featured_media":1068647,"comment_status":"closed","ping_status":"closed","sticky":false,"template":"","format":"standard","meta":{"footnotes":""},"categories":[8,25,7,26],"tags":[],"class_list":["post-1068635","post","type-post","status-publish","format-standard","has-post-thumbnail","hentry","category-telefonica-cev","category-telefonica","category-telefonica-moviles","category-telefonica-soluciones"],"yoast_head":"<!-- This site is optimized with the Yoast SEO Premium plugin v27.3 (Yoast SEO v27.4) - https:\/\/yoast.com\/product\/yoast-seo-premium-wordpress\/ -->\n<title>1\u00ba de Mayo: Un compromiso por el progreso y la cohesi\u00f3n social - UGT Comunicaciones<\/title>\n<meta name=\"robots\" content=\"index, follow, max-snippet:-1, max-image-preview:large, max-video-preview:-1\" \/>\n<link rel=\"canonical\" href=\"https:\/\/www.ugtcomunicaciones.es\/wordpress\/1o-de-mayo-un-compromiso-por-el-progreso-y-la-cohesion-social\/\" \/>\n<meta property=\"og:locale\" content=\"es_ES\" \/>\n<meta property=\"og:type\" content=\"article\" \/>\n<meta property=\"og:title\" content=\"1\u00ba de Mayo: Un compromiso por el progreso y la cohesi\u00f3n social\" \/>\n<meta property=\"og:description\" content=\"Nos acercamos a este Primero de Mayo en un contexto internacional complejo, donde la inestabilidad, las nuevas tecnolog\u00edas y el impacto de la guerra condicionan nuestra realidad cotidiana. Ante la erosi\u00f3n de las normas internacionales, el sindicalismo debe actuar como un factor de equilibrio, defendiendo la paz y el respeto a los derechos humanos. Esta [&hellip;]\" \/>\n<meta property=\"og:url\" content=\"https:\/\/www.ugtcomunicaciones.es\/wordpress\/1o-de-mayo-un-compromiso-por-el-progreso-y-la-cohesion-social\/\" \/>\n<meta property=\"og:site_name\" content=\"UGT Comunicaciones\" \/>\n<meta property=\"article:publisher\" content=\"https:\/\/www.facebook.com\/ugt.comunicaciones\/\" \/>\n<meta property=\"article:published_time\" content=\"2026-04-30T09:34:27+00:00\" \/>\n<meta property=\"article:modified_time\" content=\"2026-04-30T11:13:20+00:00\" \/>\n<meta property=\"og:image\" content=\"https:\/\/www.ugtcomunicaciones.es\/wordpress\/wp-content\/uploads\/2026\/04\/1-de-mayo-2026.jpg\" \/>\n\t<meta property=\"og:image:width\" content=\"1920\" \/>\n\t<meta property=\"og:image:height\" content=\"1080\" \/>\n\t<meta property=\"og:image:type\" content=\"image\/jpeg\" \/>\n<meta name=\"author\" content=\"okal74\" \/>\n<meta name=\"twitter:card\" content=\"summary_large_image\" \/>\n<meta name=\"twitter:creator\" content=\"@ugtcom\" \/>\n<meta name=\"twitter:site\" content=\"@ugtcom\" \/>\n<meta name=\"twitter:label1\" content=\"Escrito por\" \/>\n\t<meta name=\"twitter:data1\" content=\"okal74\" \/>\n\t<meta name=\"twitter:label2\" content=\"Tiempo de lectura\" \/>\n\t<meta name=\"twitter:data2\" content=\"2 minutos\" \/>\n<script type=\"application\/ld+json\" class=\"yoast-schema-graph\">{\"@context\":\"https:\\\/\\\/schema.org\",\"@graph\":[{\"@type\":\"Article\",\"@id\":\"https:\\\/\\\/www.ugtcomunicaciones.es\\\/wordpress\\\/1o-de-mayo-un-compromiso-por-el-progreso-y-la-cohesion-social\\\/#article\",\"isPartOf\":{\"@id\":\"https:\\\/\\\/www.ugtcomunicaciones.es\\\/wordpress\\\/1o-de-mayo-un-compromiso-por-el-progreso-y-la-cohesion-social\\\/\"},\"author\":{\"name\":\"okal74\",\"@id\":\"https:\\\/\\\/www.ugtcomunicaciones.es\\\/wordpress\\\/#\\\/schema\\\/person\\\/ab47d9dcc042d2dba534b9a6bafb9f1d\"},\"headline\":\"1\u00ba de Mayo: Un compromiso por el progreso y la cohesi\u00f3n social\",\"datePublished\":\"2026-04-30T09:34:27+00:00\",\"dateModified\":\"2026-04-30T11:13:20+00:00\",\"mainEntityOfPage\":{\"@id\":\"https:\\\/\\\/www.ugtcomunicaciones.es\\\/wordpress\\\/1o-de-mayo-un-compromiso-por-el-progreso-y-la-cohesion-social\\\/\"},\"wordCount\":288,\"publisher\":{\"@id\":\"https:\\\/\\\/www.ugtcomunicaciones.es\\\/wordpress\\\/#organization\"},\"image\":{\"@id\":\"https:\\\/\\\/www.ugtcomunicaciones.es\\\/wordpress\\\/1o-de-mayo-un-compromiso-por-el-progreso-y-la-cohesion-social\\\/#primaryimage\"},\"thumbnailUrl\":\"https:\\\/\\\/www.ugtcomunicaciones.es\\\/wordpress\\\/wp-content\\\/uploads\\\/2026\\\/04\\\/1-de-mayo-2026.jpg\",\"articleSection\":[\"Telef\u00f3nica CEV\",\"Telef\u00f3nica de Espa\u00f1a\",\"Telef\u00f3nica M\u00f3viles\",\"Telef\u00f3nica Soluciones\"],\"inLanguage\":\"es\"},{\"@type\":\"WebPage\",\"@id\":\"https:\\\/\\\/www.ugtcomunicaciones.es\\\/wordpress\\\/1o-de-mayo-un-compromiso-por-el-progreso-y-la-cohesion-social\\\/\",\"url\":\"https:\\\/\\\/www.ugtcomunicaciones.es\\\/wordpress\\\/1o-de-mayo-un-compromiso-por-el-progreso-y-la-cohesion-social\\\/\",\"name\":\"1\u00ba de Mayo: Un compromiso por el progreso y la cohesi\u00f3n social - UGT Comunicaciones\",\"isPartOf\":{\"@id\":\"https:\\\/\\\/www.ugtcomunicaciones.es\\\/wordpress\\\/#website\"},\"primaryImageOfPage\":{\"@id\":\"https:\\\/\\\/www.ugtcomunicaciones.es\\\/wordpress\\\/1o-de-mayo-un-compromiso-por-el-progreso-y-la-cohesion-social\\\/#primaryimage\"},\"image\":{\"@id\":\"https:\\\/\\\/www.ugtcomunicaciones.es\\\/wordpress\\\/1o-de-mayo-un-compromiso-por-el-progreso-y-la-cohesion-social\\\/#primaryimage\"},\"thumbnailUrl\":\"https:\\\/\\\/www.ugtcomunicaciones.es\\\/wordpress\\\/wp-content\\\/uploads\\\/2026\\\/04\\\/1-de-mayo-2026.jpg\",\"datePublished\":\"2026-04-30T09:34:27+00:00\",\"dateModified\":\"2026-04-30T11:13:20+00:00\",\"breadcrumb\":{\"@id\":\"https:\\\/\\\/www.ugtcomunicaciones.es\\\/wordpress\\\/1o-de-mayo-un-compromiso-por-el-progreso-y-la-cohesion-social\\\/#breadcrumb\"},\"inLanguage\":\"es\",\"potentialAction\":[{\"@type\":\"ReadAction\",\"target\":[\"https:\\\/\\\/www.ugtcomunicaciones.es\\\/wordpress\\\/1o-de-mayo-un-compromiso-por-el-progreso-y-la-cohesion-social\\\/\"]}]},{\"@type\":\"ImageObject\",\"inLanguage\":\"es\",\"@id\":\"https:\\\/\\\/www.ugtcomunicaciones.es\\\/wordpress\\\/1o-de-mayo-un-compromiso-por-el-progreso-y-la-cohesion-social\\\/#primaryimage\",\"url\":\"https:\\\/\\\/www.ugtcomunicaciones.es\\\/wordpress\\\/wp-content\\\/uploads\\\/2026\\\/04\\\/1-de-mayo-2026.jpg\",\"contentUrl\":\"https:\\\/\\\/www.ugtcomunicaciones.es\\\/wordpress\\\/wp-content\\\/uploads\\\/2026\\\/04\\\/1-de-mayo-2026.jpg\",\"width\":1920,\"height\":1080},{\"@type\":\"BreadcrumbList\",\"@id\":\"https:\\\/\\\/www.ugtcomunicaciones.es\\\/wordpress\\\/1o-de-mayo-un-compromiso-por-el-progreso-y-la-cohesion-social\\\/#breadcrumb\",\"itemListElement\":[{\"@type\":\"ListItem\",\"position\":1,\"name\":\"Portada\",\"item\":\"https:\\\/\\\/www.ugtcomunicaciones.es\\\/wordpress\\\/\"},{\"@type\":\"ListItem\",\"position\":2,\"name\":\"1\u00ba de Mayo: Un compromiso por el progreso y la cohesi\u00f3n social\"}]},{\"@type\":\"WebSite\",\"@id\":\"https:\\\/\\\/www.ugtcomunicaciones.es\\\/wordpress\\\/#website\",\"url\":\"https:\\\/\\\/www.ugtcomunicaciones.es\\\/wordpress\\\/\",\"name\":\"UGT Comunicaciones\",\"description\":\"Sindicato de Telecomunicaciones\",\"publisher\":{\"@id\":\"https:\\\/\\\/www.ugtcomunicaciones.es\\\/wordpress\\\/#organization\"},\"potentialAction\":[{\"@type\":\"SearchAction\",\"target\":{\"@type\":\"EntryPoint\",\"urlTemplate\":\"https:\\\/\\\/www.ugtcomunicaciones.es\\\/wordpress\\\/?s={search_term_string}\"},\"query-input\":{\"@type\":\"PropertyValueSpecification\",\"valueRequired\":true,\"valueName\":\"search_term_string\"}}],\"inLanguage\":\"es\"},{\"@type\":\"Organization\",\"@id\":\"https:\\\/\\\/www.ugtcomunicaciones.es\\\/wordpress\\\/#organization\",\"name\":\"UGT Comunicaciones\",\"url\":\"https:\\\/\\\/www.ugtcomunicaciones.es\\\/wordpress\\\/\",\"logo\":{\"@type\":\"ImageObject\",\"inLanguage\":\"es\",\"@id\":\"https:\\\/\\\/www.ugtcomunicaciones.es\\\/wordpress\\\/#\\\/schema\\\/logo\\\/image\\\/\",\"url\":\"https:\\\/\\\/www.ugtcomunicaciones.es\\\/wordpress\\\/wp-content\\\/uploads\\\/2024\\\/04\\\/comunicaciones_logo.png\",\"contentUrl\":\"https:\\\/\\\/www.ugtcomunicaciones.es\\\/wordpress\\\/wp-content\\\/uploads\\\/2024\\\/04\\\/comunicaciones_logo.png\",\"width\":298,\"height\":81,\"caption\":\"UGT Comunicaciones\"},\"image\":{\"@id\":\"https:\\\/\\\/www.ugtcomunicaciones.es\\\/wordpress\\\/#\\\/schema\\\/logo\\\/image\\\/\"},\"sameAs\":[\"https:\\\/\\\/www.facebook.com\\\/ugt.comunicaciones\\\/\",\"https:\\\/\\\/x.com\\\/ugtcom\"]},{\"@type\":\"Person\",\"@id\":\"https:\\\/\\\/www.ugtcomunicaciones.es\\\/wordpress\\\/#\\\/schema\\\/person\\\/ab47d9dcc042d2dba534b9a6bafb9f1d\",\"name\":\"okal74\",\"image\":{\"@type\":\"ImageObject\",\"inLanguage\":\"es\",\"@id\":\"https:\\\/\\\/secure.gravatar.com\\\/avatar\\\/fb1ca0e9f0f5e962f0b65b4a6f1118b9d7d9fb7c8879021ea276a584918cec48?s=96&d=mm&r=g\",\"url\":\"https:\\\/\\\/secure.gravatar.com\\\/avatar\\\/fb1ca0e9f0f5e962f0b65b4a6f1118b9d7d9fb7c8879021ea276a584918cec48?s=96&d=mm&r=g\",\"contentUrl\":\"https:\\\/\\\/secure.gravatar.com\\\/avatar\\\/fb1ca0e9f0f5e962f0b65b4a6f1118b9d7d9fb7c8879021ea276a584918cec48?s=96&d=mm&r=g\",\"caption\":\"okal74\"}}]}<\/script>\n<!-- \/ Yoast SEO Premium plugin. -->","yoast_head_json":{"title":"1\u00ba de Mayo: Un compromiso por el progreso y la cohesi\u00f3n social - UGT Comunicaciones","robots":{"index":"index","follow":"follow","max-snippet":"max-snippet:-1","max-image-preview":"max-image-preview:large","max-video-preview":"max-video-preview:-1"},"canonical":"https:\/\/www.ugtcomunicaciones.es\/wordpress\/1o-de-mayo-un-compromiso-por-el-progreso-y-la-cohesion-social\/","og_locale":"es_ES","og_type":"article","og_title":"1\u00ba de Mayo: Un compromiso por el progreso y la cohesi\u00f3n social","og_description":"Nos acercamos a este Primero de Mayo en un contexto internacional complejo, donde la inestabilidad, las nuevas tecnolog\u00edas y el impacto de la guerra condicionan nuestra realidad cotidiana. Ante la erosi\u00f3n de las normas internacionales, el sindicalismo debe actuar como un factor de equilibrio, defendiendo la paz y el respeto a los derechos humanos. Esta [&hellip;]","og_url":"https:\/\/www.ugtcomunicaciones.es\/wordpress\/1o-de-mayo-un-compromiso-por-el-progreso-y-la-cohesion-social\/","og_site_name":"UGT Comunicaciones","article_publisher":"https:\/\/www.facebook.com\/ugt.comunicaciones\/","article_published_time":"2026-04-30T09:34:27+00:00","article_modified_time":"2026-04-30T11:13:20+00:00","og_image":[{"width":1920,"height":1080,"url":"https:\/\/www.ugtcomunicaciones.es\/wordpress\/wp-content\/uploads\/2026\/04\/1-de-mayo-2026.jpg","type":"image\/jpeg"}],"author":"okal74","twitter_card":"summary_large_image","twitter_creator":"@ugtcom","twitter_site":"@ugtcom","twitter_misc":{"Escrito por":"okal74","Tiempo de lectura":"2 minutos"},"schema":{"@context":"https:\/\/schema.org","@graph":[{"@type":"Article","@id":"https:\/\/www.ugtcomunicaciones.es\/wordpress\/1o-de-mayo-un-compromiso-por-el-progreso-y-la-cohesion-social\/#article","isPartOf":{"@id":"https:\/\/www.ugtcomunicaciones.es\/wordpress\/1o-de-mayo-un-compromiso-por-el-progreso-y-la-cohesion-social\/"},"author":{"name":"okal74","@id":"https:\/\/www.ugtcomunicaciones.es\/wordpress\/#\/schema\/person\/ab47d9dcc042d2dba534b9a6bafb9f1d"},"headline":"1\u00ba de Mayo: Un compromiso por el progreso y la cohesi\u00f3n social","datePublished":"2026-04-30T09:34:27+00:00","dateModified":"2026-04-30T11:13:20+00:00","mainEntityOfPage":{"@id":"https:\/\/www.ugtcomunicaciones.es\/wordpress\/1o-de-mayo-un-compromiso-por-el-progreso-y-la-cohesion-social\/"},"wordCount":288,"publisher":{"@id":"https:\/\/www.ugtcomunicaciones.es\/wordpress\/#organization"},"image":{"@id":"https:\/\/www.ugtcomunicaciones.es\/wordpress\/1o-de-mayo-un-compromiso-por-el-progreso-y-la-cohesion-social\/#primaryimage"},"thumbnailUrl":"https:\/\/www.ugtcomunicaciones.es\/wordpress\/wp-content\/uploads\/2026\/04\/1-de-mayo-2026.jpg","articleSection":["Telef\u00f3nica CEV","Telef\u00f3nica de Espa\u00f1a","Telef\u00f3nica M\u00f3viles","Telef\u00f3nica Soluciones"],"inLanguage":"es"},{"@type":"WebPage","@id":"https:\/\/www.ugtcomunicaciones.es\/wordpress\/1o-de-mayo-un-compromiso-por-el-progreso-y-la-cohesion-social\/","url":"https:\/\/www.ugtcomunicaciones.es\/wordpress\/1o-de-mayo-un-compromiso-por-el-progreso-y-la-cohesion-social\/","name":"1\u00ba de Mayo: Un compromiso por el progreso y la cohesi\u00f3n social - UGT Comunicaciones","isPartOf":{"@id":"https:\/\/www.ugtcomunicaciones.es\/wordpress\/#website"},"primaryImageOfPage":{"@id":"https:\/\/www.ugtcomunicaciones.es\/wordpress\/1o-de-mayo-un-compromiso-por-el-progreso-y-la-cohesion-social\/#primaryimage"},"image":{"@id":"https:\/\/www.ugtcomunicaciones.es\/wordpress\/1o-de-mayo-un-compromiso-por-el-progreso-y-la-cohesion-social\/#primaryimage"},"thumbnailUrl":"https:\/\/www.ugtcomunicaciones.es\/wordpress\/wp-content\/uploads\/2026\/04\/1-de-mayo-2026.jpg","datePublished":"2026-04-30T09:34:27+00:00","dateModified":"2026-04-30T11:13:20+00:00","breadcrumb":{"@id":"https:\/\/www.ugtcomunicaciones.es\/wordpress\/1o-de-mayo-un-compromiso-por-el-progreso-y-la-cohesion-social\/#breadcrumb"},"inLanguage":"es","potentialAction":[{"@type":"ReadAction","target":["https:\/\/www.ugtcomunicaciones.es\/wordpress\/1o-de-mayo-un-compromiso-por-el-progreso-y-la-cohesion-social\/"]}]},{"@type":"ImageObject","inLanguage":"es","@id":"https:\/\/www.ugtcomunicaciones.es\/wordpress\/1o-de-mayo-un-compromiso-por-el-progreso-y-la-cohesion-social\/#primaryimage","url":"https:\/\/www.ugtcomunicaciones.es\/wordpress\/wp-content\/uploads\/2026\/04\/1-de-mayo-2026.jpg","contentUrl":"https:\/\/www.ugtcomunicaciones.es\/wordpress\/wp-content\/uploads\/2026\/04\/1-de-mayo-2026.jpg","width":1920,"height":1080},{"@type":"BreadcrumbList","@id":"https:\/\/www.ugtcomunicaciones.es\/wordpress\/1o-de-mayo-un-compromiso-por-el-progreso-y-la-cohesion-social\/#breadcrumb","itemListElement":[{"@type":"ListItem","position":1,"name":"Portada","item":"https:\/\/www.ugtcomunicaciones.es\/wordpress\/"},{"@type":"ListItem","position":2,"name":"1\u00ba de Mayo: Un compromiso por el progreso y la cohesi\u00f3n social"}]},{"@type":"WebSite","@id":"https:\/\/www.ugtcomunicaciones.es\/wordpress\/#website","url":"https:\/\/www.ugtcomunicaciones.es\/wordpress\/","name":"UGT Comunicaciones","description":"Sindicato de Telecomunicaciones","publisher":{"@id":"https:\/\/www.ugtcomunicaciones.es\/wordpress\/#organization"},"potentialAction":[{"@type":"SearchAction","target":{"@type":"EntryPoint","urlTemplate":"https:\/\/www.ugtcomunicaciones.es\/wordpress\/?s={search_term_string}"},"query-input":{"@type":"PropertyValueSpecification","valueRequired":true,"valueName":"search_term_string"}}],"inLanguage":"es"},{"@type":"Organization","@id":"https:\/\/www.ugtcomunicaciones.es\/wordpress\/#organization","name":"UGT Comunicaciones","url":"https:\/\/www.ugtcomunicaciones.es\/wordpress\/","logo":{"@type":"ImageObject","inLanguage":"es","@id":"https:\/\/www.ugtcomunicaciones.es\/wordpress\/#\/schema\/logo\/image\/","url":"https:\/\/www.ugtcomunicaciones.es\/wordpress\/wp-content\/uploads\/2024\/04\/comunicaciones_logo.png","contentUrl":"https:\/\/www.ugtcomunicaciones.es\/wordpress\/wp-content\/uploads\/2024\/04\/comunicaciones_logo.png","width":298,"height":81,"caption":"UGT Comunicaciones"},"image":{"@id":"https:\/\/www.ugtcomunicaciones.es\/wordpress\/#\/schema\/logo\/image\/"},"sameAs":["https:\/\/www.facebook.com\/ugt.comunicaciones\/","https:\/\/x.com\/ugtcom"]},{"@type":"Person","@id":"https:\/\/www.ugtcomunicaciones.es\/wordpress\/#\/schema\/person\/ab47d9dcc042d2dba534b9a6bafb9f1d","name":"okal74","image":{"@type":"ImageObject","inLanguage":"es","@id":"https:\/\/secure.gravatar.com\/avatar\/fb1ca0e9f0f5e962f0b65b4a6f1118b9d7d9fb7c8879021ea276a584918cec48?s=96&d=mm&r=g","url":"https:\/\/secure.gravatar.com\/avatar\/fb1ca0e9f0f5e962f0b65b4a6f1118b9d7d9fb7c8879021ea276a584918cec48?s=96&d=mm&r=g","contentUrl":"https:\/\/secure.gravatar.com\/avatar\/fb1ca0e9f0f5e962f0b65b4a6f1118b9d7d9fb7c8879021ea276a584918cec48?s=96&d=mm&r=g","caption":"okal74"}}]}},"_links":{"self":[{"href":"https:\/\/www.ugtcomunicaciones.es\/wordpress\/wp-json\/wp\/v2\/posts\/1068635","targetHints":{"allow":["GET"]}}],"collection":[{"href":"https:\/\/www.ugtcomunicaciones.es\/wordpress\/wp-json\/wp\/v2\/posts"}],"about":[{"href":"https:\/\/www.ugtcomunicaciones.es\/wordpress\/wp-json\/wp\/v2\/types\/post"}],"author":[{"embeddable":true,"href":"https:\/\/www.ugtcomunicaciones.es\/wordpress\/wp-json\/wp\/v2\/users\/11"}],"replies":[{"embeddable":true,"href":"https:\/\/www.ugtcomunicaciones.es\/wordpress\/wp-json\/wp\/v2\/comments?post=1068635"}],"version-history":[{"count":6,"href":"https:\/\/www.ugtcomunicaciones.es\/wordpress\/wp-json\/wp\/v2\/posts\/1068635\/revisions"}],"predecessor-version":[{"id":1068648,"href":"https:\/\/www.ugtcomunicaciones.es\/wordpress\/wp-json\/wp\/v2\/posts\/1068635\/revisions\/1068648"}],"wp:featuredmedia":[{"embeddable":true,"href":"https:\/\/www.ugtcomunicaciones.es\/wordpress\/wp-json\/wp\/v2\/media\/1068647"}],"wp:attachment":[{"href":"https:\/\/www.ugtcomunicaciones.es\/wordpress\/wp-json\/wp\/v2\/media?parent=1068635"}],"wp:term":[{"taxonomy":"category","embeddable":true,"href":"https:\/\/www.ugtcomunicaciones.es\/wordpress\/wp-json\/wp\/v2\/categories?post=1068635"},{"taxonomy":"post_tag","embeddable":true,"href":"https:\/\/www.ugtcomunicaciones.es\/wordpress\/wp-json\/wp\/v2\/tags?post=1068635"}],"curies":[{"name":"wp","href":"https:\/\/api.w.org\/{rel}","templated":true}]}}