{"id":111213,"date":"2018-02-22T17:10:19","date_gmt":"2018-02-22T15:10:19","guid":{"rendered":"http:\/\/ugtcomunicaciones.es\/wordpress\/?p=111213"},"modified":"2018-06-26T14:10:42","modified_gmt":"2018-06-26T12:10:42","slug":"ugt-creacion-empleo","status":"publish","type":"post","link":"https:\/\/www.ugtcomunicaciones.es\/wordpress\/ugt-creacion-empleo\/","title":{"rendered":"UGT apuesta por la creaci\u00f3n de empleo: nuevas plazas para comercial"},"content":{"rendered":"<p style=\"text-align: justify;\" align=\"justify\"><strong><img decoding=\"async\" class=\"aligncenter size-full wp-image-111214 lazyload\" data-src=\"http:\/\/ugtcomunicaciones.es\/wordpress\/wp-content\/uploads\/2018\/02\/comercial.jpg\" alt=\"\" width=\"640\" height=\"427\" data-srcset=\"https:\/\/www.ugtcomunicaciones.es\/wordpress\/wp-content\/uploads\/2018\/02\/comercial.jpg 640w, https:\/\/www.ugtcomunicaciones.es\/wordpress\/wp-content\/uploads\/2018\/02\/comercial-300x200.jpg 300w, https:\/\/www.ugtcomunicaciones.es\/wordpress\/wp-content\/uploads\/2018\/02\/comercial-630x420.jpg 630w\" data-sizes=\"(max-width: 640px) 100vw, 640px\" src=\"data:image\/svg+xml;base64,PHN2ZyB3aWR0aD0iMSIgaGVpZ2h0PSIxIiB4bWxucz0iaHR0cDovL3d3dy53My5vcmcvMjAwMC9zdmciPjwvc3ZnPg==\" style=\"--smush-placeholder-width: 640px; --smush-placeholder-aspect-ratio: 640\/427;\" \/>La decidida apuesta de<\/strong>\u00a0<strong>UGT<\/strong>\u00a0por el \u00e1rea de comercial, para garantizar el buen posicionamiento de Telef\u00f3nica en el Sector como mejor garant\u00eda de la continuidad y futuro de nuestros puestos de trabajo, ha fructificado en el anuncio por la Empresa de una inminente\u00a0<strong>convocatoria de vendedores<\/strong>.<\/p>\n<p style=\"text-align: justify;\">As\u00ed, en cumplimiento de los acuerdos del CEV y de la creaci\u00f3n de empleo ligada al PSI, negociados por\u00a0<strong>UGT<\/strong>, la Empresa crear\u00e1\u00a0<strong>nuevas plazas de vendedores con las siguientes bases:<\/strong><\/p>\n<p style=\"text-align: justify;\" align=\"justify\"><strong>RESPONSABLE DE VENTAS<\/strong><\/p>\n<p style=\"text-align: justify;\" align=\"justify\">Telef\u00f3nica Espa\u00f1a<\/p>\n<p style=\"text-align: justify;\" align=\"justify\">Buscamos comerciales con experiencia en consultor\u00eda de Telecomunicaciones, dentro de un departamento de Venta a Empresas\/Grandes Clientes, para hacer crecer los negocios de nuestros clientes con foco en los sectores p\u00fablico y privado. Para ello, ser\u00e1 necesario un elevado conocimiento de soluciones TI y demostrada experiencia en negociaciones de alto impacto.<\/p>\n<p style=\"text-align: justify;\">Gestionar\u00e1n una cartera de clientes dise\u00f1ando la estrategia comercial para conseguir los objetivos comerciales del \u00e1rea y elaborando una propuesta personalizada manejando datos t\u00e9cnicos y presupuestarios.<\/p>\n<p style=\"text-align: justify;\">Atender\u00e1n personalmente a clientes con alta capacidad comercial y de representaci\u00f3n de Telef\u00f3nica, dando una atenci\u00f3n global al mismo, desde la consultor\u00eda inicial a los puntos de insatisfacci\u00f3n.<\/p>\n<p style=\"text-align: justify;\">Gestionar\u00e1n proyectos para ayudar a nuestros clientes a crecer en su capacidad de comunicaci\u00f3n y desarrollo T.I. Liderar\u00e1n desde el acuerdo comercial a la implantaci\u00f3n final, trabajando coordinadamente con los departamentos implicados dentro de Telef\u00f3nica.<\/p>\n<p style=\"text-align: justify;\"><strong>LUGAR DE TRABAJO<\/strong><\/p>\n<p style=\"text-align: justify;\">Zona Centro, Catalu\u00f1a, Levante y Murcia, con vacantes posibles en Madrid, Toledo, Albacete, Barcelona, Lleida, Girona, Castell\u00f3n y Murcia, con posibilidad de ampliar a otras localidades.<\/p>\n<p style=\"text-align: justify;\"><strong>FORMACI\u00d3N<\/strong><\/p>\n<p style=\"text-align: justify;\">Valorable Ingenier\u00edas Inform\u00e1tica o Telecomunicaciones, Formaci\u00f3n profesional de Grado Superior en las \u00e1reas de Inform\u00e1tica, Telecomunicaci\u00f3n y comercial, Formaci\u00f3n Complementaria en las \u00e1reas TI y Comerciales, as\u00ed como certificaciones T\u00e9cnicas.<\/p>\n<p style=\"text-align: justify;\"><strong>CONOCIMIENTOS<\/strong><\/p>\n<ul style=\"text-align: justify;\">\n<li>Conocimiento actualizado de los productos y servicios de telecomunicaciones.<\/li>\n<li>Conocimiento del Mercado de las Telecomunicaciones y la competencia.<\/li>\n<li>Conocimientos financieros<\/li>\n<li>T\u00e9cnicas de negociaci\u00f3n y venta consultiva.<\/li>\n<li>Valorable ingl\u00e9s<\/li>\n<\/ul>\n<p style=\"text-align: justify;\"><strong>EXPERIENCIA<\/strong><\/p>\n<ul style=\"text-align: justify;\">\n<li>Valorable experiencia comercial m\u00ednima entre 1 y 3 a\u00f1os en venta consultiva de Telecomunicaciones y servicios\/productos TI atendiendo a cuentas del sector de Empresas o Grandes Clientes<\/li>\n<li>Atenci\u00f3n integral de clientes, desde la venta a la instalaci\u00f3n y posteriores incidencias de operaci\u00f3n y facturaci\u00f3n.<\/li>\n<li>Valorable experiencia en gesti\u00f3n de proyectos a medida, implicando a las \u00e1reas de ingenier\u00eda, operaciones, facturaci\u00f3n y cobros.<\/li>\n<\/ul>\n<p style=\"text-align: justify;\">La posici\u00f3n a ocupar, la retribuci\u00f3n asociada y el plan incentivos comerciales estar\u00e1n determinados por la experiencia previa y val\u00eda del candidato, pudiendo tener como clientes Empresas de tama\u00f1o medio hasta Grandes Corporaciones. En todos los casos, la incorporaci\u00f3n ser\u00eda en \u00e1reas de gran dinamismo y con amplias oportunidades de desarrollo profesional en el \u00e1rea de ventas.<\/p>\n<p style=\"text-align: justify;\">Estando a\u00fan pendiente de concretar el n\u00famero total de plazas,\u00a0<strong>UGT<\/strong>\u00a0<strong>valora positivamente esta iniciativa<\/strong>, por cuanto significa para la necesaria creaci\u00f3n de empleo joven y el mensaje de solidez empresarial que recupera la imagen y liderazgo de Telef\u00f3nica en generaci\u00f3n de empleo de calidad y con derechos.<\/p>\n","protected":false},"excerpt":{"rendered":"<p>La decidida apuesta de\u00a0UGT\u00a0por el \u00e1rea de comercial, para garantizar el buen posicionamiento de Telef\u00f3nica en el Sector como mejor garant\u00eda de la continuidad y futuro de nuestros puestos de trabajo, ha fructificado en el anuncio por la Empresa de una inminente\u00a0convocatoria de vendedores. As\u00ed, en cumplimiento de los acuerdos del CEV y de la [&hellip;]<\/p>\n","protected":false},"author":3,"featured_media":111214,"comment_status":"closed","ping_status":"closed","sticky":false,"template":"","format":"standard","meta":{"footnotes":""},"categories":[8,25,7],"tags":[],"class_list":["post-111213","post","type-post","status-publish","format-standard","has-post-thumbnail","hentry","category-telefonica-cev","category-telefonica","category-telefonica-moviles"],"yoast_head":"<!-- This site is optimized with the Yoast SEO Premium plugin v27.3 (Yoast SEO v27.4) - https:\/\/yoast.com\/product\/yoast-seo-premium-wordpress\/ -->\n<title>UGT apuesta por la creaci\u00f3n de empleo: nuevas plazas para comercial<\/title>\n<meta name=\"description\" content=\"La decidida apuesta de UGT por el \u00e1rea de comercial, para garantizar el buen posicionamiento de Telef\u00f3nica en el Sector como mejor garant\u00eda de...\" \/>\n<meta name=\"robots\" content=\"index, follow, max-snippet:-1, max-image-preview:large, max-video-preview:-1\" \/>\n<link rel=\"canonical\" href=\"https:\/\/www.ugtcomunicaciones.es\/wordpress\/ugt-creacion-empleo\/\" \/>\n<meta property=\"og:locale\" content=\"es_ES\" \/>\n<meta property=\"og:type\" content=\"article\" \/>\n<meta property=\"og:title\" content=\"UGT apuesta por la creaci\u00f3n de empleo: nuevas plazas para comercial\" \/>\n<meta property=\"og:description\" content=\"La decidida apuesta de UGT por el \u00e1rea de comercial, para garantizar el buen posicionamiento de Telef\u00f3nica en el Sector como mejor garant\u00eda de...\" \/>\n<meta property=\"og:url\" content=\"https:\/\/www.ugtcomunicaciones.es\/wordpress\/ugt-creacion-empleo\/\" \/>\n<meta property=\"og:site_name\" content=\"UGT Comunicaciones\" \/>\n<meta property=\"article:publisher\" content=\"https:\/\/www.facebook.com\/ugt.comunicaciones\/\" \/>\n<meta property=\"article:published_time\" content=\"2018-02-22T15:10:19+00:00\" \/>\n<meta property=\"article:modified_time\" content=\"2018-06-26T12:10:42+00:00\" \/>\n<meta property=\"og:image\" content=\"https:\/\/www.ugtcomunicaciones.es\/wordpress\/wp-content\/uploads\/2018\/02\/comercial.jpg\" \/>\n\t<meta property=\"og:image:width\" content=\"640\" \/>\n\t<meta property=\"og:image:height\" content=\"427\" \/>\n\t<meta property=\"og:image:type\" content=\"image\/jpeg\" \/>\n<meta name=\"author\" content=\"UGT\" \/>\n<meta name=\"twitter:card\" content=\"summary_large_image\" \/>\n<meta name=\"twitter:creator\" content=\"@ugtcom\" \/>\n<meta name=\"twitter:site\" content=\"@ugtcom\" \/>\n<meta name=\"twitter:label1\" content=\"Escrito por\" \/>\n\t<meta name=\"twitter:data1\" content=\"UGT\" \/>\n\t<meta name=\"twitter:label2\" content=\"Tiempo de lectura\" \/>\n\t<meta name=\"twitter:data2\" content=\"3 minutos\" \/>\n<script type=\"application\/ld+json\" class=\"yoast-schema-graph\">{\"@context\":\"https:\\\/\\\/schema.org\",\"@graph\":[{\"@type\":\"Article\",\"@id\":\"https:\\\/\\\/www.ugtcomunicaciones.es\\\/wordpress\\\/ugt-creacion-empleo\\\/#article\",\"isPartOf\":{\"@id\":\"https:\\\/\\\/www.ugtcomunicaciones.es\\\/wordpress\\\/ugt-creacion-empleo\\\/\"},\"author\":{\"name\":\"UGT\",\"@id\":\"https:\\\/\\\/www.ugtcomunicaciones.es\\\/wordpress\\\/#\\\/schema\\\/person\\\/eba0fc3fe5b444531d94d4368cba89ed\"},\"headline\":\"UGT apuesta por la creaci\u00f3n de empleo: nuevas plazas para comercial\",\"datePublished\":\"2018-02-22T15:10:19+00:00\",\"dateModified\":\"2018-06-26T12:10:42+00:00\",\"mainEntityOfPage\":{\"@id\":\"https:\\\/\\\/www.ugtcomunicaciones.es\\\/wordpress\\\/ugt-creacion-empleo\\\/\"},\"wordCount\":548,\"publisher\":{\"@id\":\"https:\\\/\\\/www.ugtcomunicaciones.es\\\/wordpress\\\/#organization\"},\"image\":{\"@id\":\"https:\\\/\\\/www.ugtcomunicaciones.es\\\/wordpress\\\/ugt-creacion-empleo\\\/#primaryimage\"},\"thumbnailUrl\":\"https:\\\/\\\/www.ugtcomunicaciones.es\\\/wordpress\\\/wp-content\\\/uploads\\\/2018\\\/02\\\/comercial.jpg\",\"articleSection\":[\"Telef\u00f3nica CEV\",\"Telef\u00f3nica de Espa\u00f1a\",\"Telef\u00f3nica M\u00f3viles\"],\"inLanguage\":\"es\"},{\"@type\":\"WebPage\",\"@id\":\"https:\\\/\\\/www.ugtcomunicaciones.es\\\/wordpress\\\/ugt-creacion-empleo\\\/\",\"url\":\"https:\\\/\\\/www.ugtcomunicaciones.es\\\/wordpress\\\/ugt-creacion-empleo\\\/\",\"name\":\"UGT apuesta por la creaci\u00f3n de empleo: nuevas plazas para comercial\",\"isPartOf\":{\"@id\":\"https:\\\/\\\/www.ugtcomunicaciones.es\\\/wordpress\\\/#website\"},\"primaryImageOfPage\":{\"@id\":\"https:\\\/\\\/www.ugtcomunicaciones.es\\\/wordpress\\\/ugt-creacion-empleo\\\/#primaryimage\"},\"image\":{\"@id\":\"https:\\\/\\\/www.ugtcomunicaciones.es\\\/wordpress\\\/ugt-creacion-empleo\\\/#primaryimage\"},\"thumbnailUrl\":\"https:\\\/\\\/www.ugtcomunicaciones.es\\\/wordpress\\\/wp-content\\\/uploads\\\/2018\\\/02\\\/comercial.jpg\",\"datePublished\":\"2018-02-22T15:10:19+00:00\",\"dateModified\":\"2018-06-26T12:10:42+00:00\",\"description\":\"La decidida apuesta de UGT por el \u00e1rea de comercial, para garantizar el buen posicionamiento de Telef\u00f3nica en el Sector como mejor garant\u00eda de...\",\"breadcrumb\":{\"@id\":\"https:\\\/\\\/www.ugtcomunicaciones.es\\\/wordpress\\\/ugt-creacion-empleo\\\/#breadcrumb\"},\"inLanguage\":\"es\",\"potentialAction\":[{\"@type\":\"ReadAction\",\"target\":[\"https:\\\/\\\/www.ugtcomunicaciones.es\\\/wordpress\\\/ugt-creacion-empleo\\\/\"]}]},{\"@type\":\"ImageObject\",\"inLanguage\":\"es\",\"@id\":\"https:\\\/\\\/www.ugtcomunicaciones.es\\\/wordpress\\\/ugt-creacion-empleo\\\/#primaryimage\",\"url\":\"https:\\\/\\\/www.ugtcomunicaciones.es\\\/wordpress\\\/wp-content\\\/uploads\\\/2018\\\/02\\\/comercial.jpg\",\"contentUrl\":\"https:\\\/\\\/www.ugtcomunicaciones.es\\\/wordpress\\\/wp-content\\\/uploads\\\/2018\\\/02\\\/comercial.jpg\",\"width\":640,\"height\":427},{\"@type\":\"BreadcrumbList\",\"@id\":\"https:\\\/\\\/www.ugtcomunicaciones.es\\\/wordpress\\\/ugt-creacion-empleo\\\/#breadcrumb\",\"itemListElement\":[{\"@type\":\"ListItem\",\"position\":1,\"name\":\"Portada\",\"item\":\"https:\\\/\\\/www.ugtcomunicaciones.es\\\/wordpress\\\/\"},{\"@type\":\"ListItem\",\"position\":2,\"name\":\"UGT apuesta por la creaci\u00f3n de empleo: nuevas plazas para comercial\"}]},{\"@type\":\"WebSite\",\"@id\":\"https:\\\/\\\/www.ugtcomunicaciones.es\\\/wordpress\\\/#website\",\"url\":\"https:\\\/\\\/www.ugtcomunicaciones.es\\\/wordpress\\\/\",\"name\":\"UGT Comunicaciones\",\"description\":\"Sindicato de Telecomunicaciones\",\"publisher\":{\"@id\":\"https:\\\/\\\/www.ugtcomunicaciones.es\\\/wordpress\\\/#organization\"},\"potentialAction\":[{\"@type\":\"SearchAction\",\"target\":{\"@type\":\"EntryPoint\",\"urlTemplate\":\"https:\\\/\\\/www.ugtcomunicaciones.es\\\/wordpress\\\/?s={search_term_string}\"},\"query-input\":{\"@type\":\"PropertyValueSpecification\",\"valueRequired\":true,\"valueName\":\"search_term_string\"}}],\"inLanguage\":\"es\"},{\"@type\":\"Organization\",\"@id\":\"https:\\\/\\\/www.ugtcomunicaciones.es\\\/wordpress\\\/#organization\",\"name\":\"UGT Comunicaciones\",\"url\":\"https:\\\/\\\/www.ugtcomunicaciones.es\\\/wordpress\\\/\",\"logo\":{\"@type\":\"ImageObject\",\"inLanguage\":\"es\",\"@id\":\"https:\\\/\\\/www.ugtcomunicaciones.es\\\/wordpress\\\/#\\\/schema\\\/logo\\\/image\\\/\",\"url\":\"https:\\\/\\\/www.ugtcomunicaciones.es\\\/wordpress\\\/wp-content\\\/uploads\\\/2024\\\/04\\\/comunicaciones_logo.png\",\"contentUrl\":\"https:\\\/\\\/www.ugtcomunicaciones.es\\\/wordpress\\\/wp-content\\\/uploads\\\/2024\\\/04\\\/comunicaciones_logo.png\",\"width\":298,\"height\":81,\"caption\":\"UGT Comunicaciones\"},\"image\":{\"@id\":\"https:\\\/\\\/www.ugtcomunicaciones.es\\\/wordpress\\\/#\\\/schema\\\/logo\\\/image\\\/\"},\"sameAs\":[\"https:\\\/\\\/www.facebook.com\\\/ugt.comunicaciones\\\/\",\"https:\\\/\\\/x.com\\\/ugtcom\"]},{\"@type\":\"Person\",\"@id\":\"https:\\\/\\\/www.ugtcomunicaciones.es\\\/wordpress\\\/#\\\/schema\\\/person\\\/eba0fc3fe5b444531d94d4368cba89ed\",\"name\":\"UGT\",\"image\":{\"@type\":\"ImageObject\",\"inLanguage\":\"es\",\"@id\":\"https:\\\/\\\/secure.gravatar.com\\\/avatar\\\/2a16057d620a4c646bcfc171c4f23030879ebbdd346f0525bd5d4a564e57e13d?s=96&d=mm&r=g\",\"url\":\"https:\\\/\\\/secure.gravatar.com\\\/avatar\\\/2a16057d620a4c646bcfc171c4f23030879ebbdd346f0525bd5d4a564e57e13d?s=96&d=mm&r=g\",\"contentUrl\":\"https:\\\/\\\/secure.gravatar.com\\\/avatar\\\/2a16057d620a4c646bcfc171c4f23030879ebbdd346f0525bd5d4a564e57e13d?s=96&d=mm&r=g\",\"caption\":\"UGT\"}}]}<\/script>\n<!-- \/ Yoast SEO Premium plugin. -->","yoast_head_json":{"title":"UGT apuesta por la creaci\u00f3n de empleo: nuevas plazas para comercial","description":"La decidida apuesta de UGT por el \u00e1rea de comercial, para garantizar el buen posicionamiento de Telef\u00f3nica en el Sector como mejor garant\u00eda de...","robots":{"index":"index","follow":"follow","max-snippet":"max-snippet:-1","max-image-preview":"max-image-preview:large","max-video-preview":"max-video-preview:-1"},"canonical":"https:\/\/www.ugtcomunicaciones.es\/wordpress\/ugt-creacion-empleo\/","og_locale":"es_ES","og_type":"article","og_title":"UGT apuesta por la creaci\u00f3n de empleo: nuevas plazas para comercial","og_description":"La decidida apuesta de UGT por el \u00e1rea de comercial, para garantizar el buen posicionamiento de Telef\u00f3nica en el Sector como mejor garant\u00eda de...","og_url":"https:\/\/www.ugtcomunicaciones.es\/wordpress\/ugt-creacion-empleo\/","og_site_name":"UGT Comunicaciones","article_publisher":"https:\/\/www.facebook.com\/ugt.comunicaciones\/","article_published_time":"2018-02-22T15:10:19+00:00","article_modified_time":"2018-06-26T12:10:42+00:00","og_image":[{"width":640,"height":427,"url":"https:\/\/www.ugtcomunicaciones.es\/wordpress\/wp-content\/uploads\/2018\/02\/comercial.jpg","type":"image\/jpeg"}],"author":"UGT","twitter_card":"summary_large_image","twitter_creator":"@ugtcom","twitter_site":"@ugtcom","twitter_misc":{"Escrito por":"UGT","Tiempo de lectura":"3 minutos"},"schema":{"@context":"https:\/\/schema.org","@graph":[{"@type":"Article","@id":"https:\/\/www.ugtcomunicaciones.es\/wordpress\/ugt-creacion-empleo\/#article","isPartOf":{"@id":"https:\/\/www.ugtcomunicaciones.es\/wordpress\/ugt-creacion-empleo\/"},"author":{"name":"UGT","@id":"https:\/\/www.ugtcomunicaciones.es\/wordpress\/#\/schema\/person\/eba0fc3fe5b444531d94d4368cba89ed"},"headline":"UGT apuesta por la creaci\u00f3n de empleo: nuevas plazas para comercial","datePublished":"2018-02-22T15:10:19+00:00","dateModified":"2018-06-26T12:10:42+00:00","mainEntityOfPage":{"@id":"https:\/\/www.ugtcomunicaciones.es\/wordpress\/ugt-creacion-empleo\/"},"wordCount":548,"publisher":{"@id":"https:\/\/www.ugtcomunicaciones.es\/wordpress\/#organization"},"image":{"@id":"https:\/\/www.ugtcomunicaciones.es\/wordpress\/ugt-creacion-empleo\/#primaryimage"},"thumbnailUrl":"https:\/\/www.ugtcomunicaciones.es\/wordpress\/wp-content\/uploads\/2018\/02\/comercial.jpg","articleSection":["Telef\u00f3nica CEV","Telef\u00f3nica de Espa\u00f1a","Telef\u00f3nica M\u00f3viles"],"inLanguage":"es"},{"@type":"WebPage","@id":"https:\/\/www.ugtcomunicaciones.es\/wordpress\/ugt-creacion-empleo\/","url":"https:\/\/www.ugtcomunicaciones.es\/wordpress\/ugt-creacion-empleo\/","name":"UGT apuesta por la creaci\u00f3n de empleo: nuevas plazas para comercial","isPartOf":{"@id":"https:\/\/www.ugtcomunicaciones.es\/wordpress\/#website"},"primaryImageOfPage":{"@id":"https:\/\/www.ugtcomunicaciones.es\/wordpress\/ugt-creacion-empleo\/#primaryimage"},"image":{"@id":"https:\/\/www.ugtcomunicaciones.es\/wordpress\/ugt-creacion-empleo\/#primaryimage"},"thumbnailUrl":"https:\/\/www.ugtcomunicaciones.es\/wordpress\/wp-content\/uploads\/2018\/02\/comercial.jpg","datePublished":"2018-02-22T15:10:19+00:00","dateModified":"2018-06-26T12:10:42+00:00","description":"La decidida apuesta de UGT por el \u00e1rea de comercial, para garantizar el buen posicionamiento de Telef\u00f3nica en el Sector como mejor garant\u00eda de...","breadcrumb":{"@id":"https:\/\/www.ugtcomunicaciones.es\/wordpress\/ugt-creacion-empleo\/#breadcrumb"},"inLanguage":"es","potentialAction":[{"@type":"ReadAction","target":["https:\/\/www.ugtcomunicaciones.es\/wordpress\/ugt-creacion-empleo\/"]}]},{"@type":"ImageObject","inLanguage":"es","@id":"https:\/\/www.ugtcomunicaciones.es\/wordpress\/ugt-creacion-empleo\/#primaryimage","url":"https:\/\/www.ugtcomunicaciones.es\/wordpress\/wp-content\/uploads\/2018\/02\/comercial.jpg","contentUrl":"https:\/\/www.ugtcomunicaciones.es\/wordpress\/wp-content\/uploads\/2018\/02\/comercial.jpg","width":640,"height":427},{"@type":"BreadcrumbList","@id":"https:\/\/www.ugtcomunicaciones.es\/wordpress\/ugt-creacion-empleo\/#breadcrumb","itemListElement":[{"@type":"ListItem","position":1,"name":"Portada","item":"https:\/\/www.ugtcomunicaciones.es\/wordpress\/"},{"@type":"ListItem","position":2,"name":"UGT apuesta por la creaci\u00f3n de empleo: nuevas plazas para comercial"}]},{"@type":"WebSite","@id":"https:\/\/www.ugtcomunicaciones.es\/wordpress\/#website","url":"https:\/\/www.ugtcomunicaciones.es\/wordpress\/","name":"UGT Comunicaciones","description":"Sindicato de Telecomunicaciones","publisher":{"@id":"https:\/\/www.ugtcomunicaciones.es\/wordpress\/#organization"},"potentialAction":[{"@type":"SearchAction","target":{"@type":"EntryPoint","urlTemplate":"https:\/\/www.ugtcomunicaciones.es\/wordpress\/?s={search_term_string}"},"query-input":{"@type":"PropertyValueSpecification","valueRequired":true,"valueName":"search_term_string"}}],"inLanguage":"es"},{"@type":"Organization","@id":"https:\/\/www.ugtcomunicaciones.es\/wordpress\/#organization","name":"UGT Comunicaciones","url":"https:\/\/www.ugtcomunicaciones.es\/wordpress\/","logo":{"@type":"ImageObject","inLanguage":"es","@id":"https:\/\/www.ugtcomunicaciones.es\/wordpress\/#\/schema\/logo\/image\/","url":"https:\/\/www.ugtcomunicaciones.es\/wordpress\/wp-content\/uploads\/2024\/04\/comunicaciones_logo.png","contentUrl":"https:\/\/www.ugtcomunicaciones.es\/wordpress\/wp-content\/uploads\/2024\/04\/comunicaciones_logo.png","width":298,"height":81,"caption":"UGT Comunicaciones"},"image":{"@id":"https:\/\/www.ugtcomunicaciones.es\/wordpress\/#\/schema\/logo\/image\/"},"sameAs":["https:\/\/www.facebook.com\/ugt.comunicaciones\/","https:\/\/x.com\/ugtcom"]},{"@type":"Person","@id":"https:\/\/www.ugtcomunicaciones.es\/wordpress\/#\/schema\/person\/eba0fc3fe5b444531d94d4368cba89ed","name":"UGT","image":{"@type":"ImageObject","inLanguage":"es","@id":"https:\/\/secure.gravatar.com\/avatar\/2a16057d620a4c646bcfc171c4f23030879ebbdd346f0525bd5d4a564e57e13d?s=96&d=mm&r=g","url":"https:\/\/secure.gravatar.com\/avatar\/2a16057d620a4c646bcfc171c4f23030879ebbdd346f0525bd5d4a564e57e13d?s=96&d=mm&r=g","contentUrl":"https:\/\/secure.gravatar.com\/avatar\/2a16057d620a4c646bcfc171c4f23030879ebbdd346f0525bd5d4a564e57e13d?s=96&d=mm&r=g","caption":"UGT"}}]}},"_links":{"self":[{"href":"https:\/\/www.ugtcomunicaciones.es\/wordpress\/wp-json\/wp\/v2\/posts\/111213","targetHints":{"allow":["GET"]}}],"collection":[{"href":"https:\/\/www.ugtcomunicaciones.es\/wordpress\/wp-json\/wp\/v2\/posts"}],"about":[{"href":"https:\/\/www.ugtcomunicaciones.es\/wordpress\/wp-json\/wp\/v2\/types\/post"}],"author":[{"embeddable":true,"href":"https:\/\/www.ugtcomunicaciones.es\/wordpress\/wp-json\/wp\/v2\/users\/3"}],"replies":[{"embeddable":true,"href":"https:\/\/www.ugtcomunicaciones.es\/wordpress\/wp-json\/wp\/v2\/comments?post=111213"}],"version-history":[{"count":0,"href":"https:\/\/www.ugtcomunicaciones.es\/wordpress\/wp-json\/wp\/v2\/posts\/111213\/revisions"}],"wp:featuredmedia":[{"embeddable":true,"href":"https:\/\/www.ugtcomunicaciones.es\/wordpress\/wp-json\/wp\/v2\/media\/111214"}],"wp:attachment":[{"href":"https:\/\/www.ugtcomunicaciones.es\/wordpress\/wp-json\/wp\/v2\/media?parent=111213"}],"wp:term":[{"taxonomy":"category","embeddable":true,"href":"https:\/\/www.ugtcomunicaciones.es\/wordpress\/wp-json\/wp\/v2\/categories?post=111213"},{"taxonomy":"post_tag","embeddable":true,"href":"https:\/\/www.ugtcomunicaciones.es\/wordpress\/wp-json\/wp\/v2\/tags?post=111213"}],"curies":[{"name":"wp","href":"https:\/\/api.w.org\/{rel}","templated":true}]}}