{"id":117189,"date":"2018-03-19T08:00:53","date_gmt":"2018-03-19T06:00:53","guid":{"rendered":"http:\/\/ugtcomunicaciones.es\/wordpress\/?p=117189"},"modified":"2018-03-13T11:12:37","modified_gmt":"2018-03-13T09:12:37","slug":"european-digital-skills-awards-2017","status":"publish","type":"post","link":"https:\/\/www.ugtcomunicaciones.es\/wordpress\/european-digital-skills-awards-2017\/","title":{"rendered":"European Digital Skills Awards 2017"},"content":{"rendered":"<p style=\"text-align: justify;\">Los conocimientos inform\u00e1ticos son una de las piedras angulares del mercado \u00fanico digital planteado por la Comisi\u00f3n Europea. De hecho, la propia Comisi\u00f3n present\u00f3 recientemente su plan de choque para mejorar las habilidades y competencias digitales de los europeos, dentro de la llamada <em>\u00abCoalici\u00f3n en favor de las capacidades digitales y el empleo<a href=\"#_ftn1\" name=\"_ftnref1\"><strong>[1]<\/strong><\/a>\u00bb<\/em>.<\/p>\n<p style=\"text-align: justify;\"><img decoding=\"async\" class=\"size-full wp-image-117190 alignleft lazyload\" data-src=\"http:\/\/ugtcomunicaciones.es\/wordpress\/wp-content\/uploads\/2018\/03\/skill-01-19-03-18.jpg\" alt=\"skill-01-19-03-18\" width=\"202\" height=\"116\" src=\"data:image\/svg+xml;base64,PHN2ZyB3aWR0aD0iMSIgaGVpZ2h0PSIxIiB4bWxucz0iaHR0cDovL3d3dy53My5vcmcvMjAwMC9zdmciPjwvc3ZnPg==\" style=\"--smush-placeholder-width: 202px; --smush-placeholder-aspect-ratio: 202\/116;\" \/>Para concienciar y alentar a gobiernos y ciudadanos, la CE ha creado los premios europeos de habilidades digitales (<em>Digital Skills Awards<\/em>), que se resolvieron a principios de diciembre en Bruselas.<\/p>\n<p style=\"text-align: justify;\">Las categor\u00edas para participar eran cinco<a href=\"#_ftn2\" name=\"_ftnref2\">[2]<\/a>:<\/p>\n<ul style=\"text-align: justify;\">\n<li><strong>Habilidades digitales para todos<\/strong>: proyectos centrados en el desarrollo de habilidades digitales que permitan a todos los ciudadanos participar activamente en nuestra sociedad digital<\/li>\n<li><strong>Habilidades digitales para la fuerza de trabajo<\/strong>: planes de desarrollo de habilidades digitales para la econom\u00eda digital; por ejemplo, mejora de las cualificaciones o de reciclaje de los trabajadores o de solicitantes de empleo<\/li>\n<li><strong>M\u00e1s y mejores profesionales de las TIC en Europa<\/strong>: centrada en el desarrollo de habilidades digitales de alto nivel para los profesionales de las TIC en todos los sectores de la industria<\/li>\n<li><strong>Habilidades digitales en la educaci\u00f3n<\/strong>: proyectos que buscan la transformaci\u00f3n de la ense\u00f1anza y el aprendizaje de las competencias digitales en una perspectiva de aprendizaje permanente, incluida la formaci\u00f3n de los profesores<\/li>\n<li><strong>Habilidades digitales para mujeres y ni\u00f1as: <\/strong>con el fin de atraerlas para aprender las competencias digitales esenciales para la vida y el trabajo.<\/li>\n<\/ul>\n<p style=\"text-align: justify;\"><img decoding=\"async\" class=\"size-full wp-image-117191 alignright lazyload\" data-src=\"http:\/\/ugtcomunicaciones.es\/wordpress\/wp-content\/uploads\/2018\/03\/skill-02-19-03-18.png\" alt=\"skill-02-19-03-18\" width=\"146\" height=\"84\" src=\"data:image\/svg+xml;base64,PHN2ZyB3aWR0aD0iMSIgaGVpZ2h0PSIxIiB4bWxucz0iaHR0cDovL3d3dy53My5vcmcvMjAwMC9zdmciPjwvc3ZnPg==\" style=\"--smush-placeholder-width: 146px; --smush-placeholder-aspect-ratio: 146\/84;\" \/>Veinte de 243 proyectos fueron declarados finalistas<a href=\"#_ftn3\" name=\"_ftnref3\"><sup>[3]<\/sup><\/a>, entre los que destacamos un proyecto meramente espa\u00f1ol \u2013 <em>la Fundaci\u00f3n Cibervoluntarios<a href=\"#_ftn4\" name=\"_ftnref4\"><strong>[4]<\/strong><\/a>, <\/em>una organizaci\u00f3n con 1.500 voluntarios en toda Espa\u00f1a que organizan talleres para capacitar a ciudadanos en competencias digitales-.<\/p>\n<p style=\"text-align: justify;\">Lamentablemente, la candidatura espa\u00f1ola no se hizo con el galard\u00f3n en la primera categor\u00eda , que recay\u00f3 en Asociatia Techsoup, de Rumania, gracias a un programa dirigido a estudiantes de escuela primaria en las partes m\u00e1s pobres del pa\u00eds<a href=\"#_ftn5\" name=\"_ftnref5\">[5]<\/a>.<\/p>\n<p style=\"text-align: justify;\">El resto de categor\u00edas fueron a parar a Google, Bertelsmann y Udacity<a href=\"#_ftn6\" name=\"_ftnref6\">[6]<\/a>, por un proyecto para capacitar a especialistas en TIC, a NumericALL<a href=\"#_ftn7\" name=\"_ftnref7\">[7]<\/a>, una escuela de programaci\u00f3n nacida de una asociaci\u00f3n p\u00fablico-privada entre el Ministerio de Trabajo y Empleo de Luxemburgo y la compa\u00f1\u00eda NumericALL, a Digitaal.Talent@Gent<a href=\"#_ftn8\" name=\"_ftnref8\">[8]<\/a>, que ofrece alquiler de hardware gratuito para escuelas y organizaciones y, finalmente, a IT for She<a href=\"#_ftn9\" name=\"_ftnref9\">[9]<\/a>, un proyecto polaco que ayuda a las estudiantes de inform\u00e1tica y TI a encontrar trabajo.<\/p>\n<p><img decoding=\"async\" class=\"size-full wp-image-117192 aligncenter lazyload\" data-src=\"http:\/\/ugtcomunicaciones.es\/wordpress\/wp-content\/uploads\/2018\/03\/skill-03-19-03-18.jpg\" alt=\"skill-03-19-03-18\" width=\"315\" height=\"150\" data-srcset=\"https:\/\/www.ugtcomunicaciones.es\/wordpress\/wp-content\/uploads\/2018\/03\/skill-03-19-03-18.jpg 315w, https:\/\/www.ugtcomunicaciones.es\/wordpress\/wp-content\/uploads\/2018\/03\/skill-03-19-03-18-300x143.jpg 300w\" data-sizes=\"(max-width: 315px) 100vw, 315px\" src=\"data:image\/svg+xml;base64,PHN2ZyB3aWR0aD0iMSIgaGVpZ2h0PSIxIiB4bWxucz0iaHR0cDovL3d3dy53My5vcmcvMjAwMC9zdmciPjwvc3ZnPg==\" style=\"--smush-placeholder-width: 315px; --smush-placeholder-aspect-ratio: 315\/150;\" \/><\/p>\n<h3 style=\"text-align: right;\"><span style=\"color: #ff0000;\"><strong>UGT<\/strong><\/span><strong> Comunicaciones<\/strong><\/h3>\n<p>&nbsp;<\/p>\n<p><span style=\"font-size: xx-small;\"><a href=\"#_ftnref1\" name=\"_ftn1\">[1]<\/a> <a href=\"http:\/\/ugtcomunicaciones.es\/wordpress\/wp-content\/uploads\/2018\/03\/la_ce_insiste_sin_habilidades_digitales_.pdf\" target=\"_blank\" rel=\"noopener\">http:\/\/ugtcomunicaciones.es\/wordpress\/wp-content\/uploads\/2018\/03\/la_ce_insiste_sin_habilidades_digitales_.pdf<\/a><br \/>\n<a href=\"#_ftnref2\" name=\"_ftn2\">[2]<\/a> <a href=\"https:\/\/ec.europa.eu\/digital-single-market\/en\/news\/launch-european-digital-skills-awards-2017\" target=\"_blank\" rel=\"noopener\">https:\/\/ec.europa.eu\/digital-single-market\/en\/news\/launch-european-digital-skills-awards-2017<\/a><br \/>\n<a href=\"#_ftnref3\" name=\"_ftn3\">[3]<\/a> <a href=\"https:\/\/ec.europa.eu\/digital-single-market\/en\/news\/20-outstanding-projects-reach-finals-european-digital-skills-awards-2017\" target=\"_blank\" rel=\"noopener\">https:\/\/ec.europa.eu\/digital-single-market\/en\/news\/20-outstanding-projects-reach-finals-european-digital-skills-awards-2017<\/a><br \/>\n<a href=\"#_ftnref4\" name=\"_ftn4\">[4]<\/a> <a href=\"https:\/\/www.cibervoluntarios.org\/es\" target=\"_blank\" rel=\"noopener\">https:\/\/www.cibervoluntarios.org\/es<\/a><br \/>\n<a href=\"#_ftnref5\" name=\"_ftn5\">[5]<\/a> <a href=\"http:\/\/openingopportunities.ro\" target=\"_blank\" rel=\"noopener\">http:\/\/openingopportunities.ro<\/a><br \/>\n<a href=\"#_ftnref6\" name=\"_ftn6\">[6]<\/a> <a href=\"https:\/\/www.blog.google\/topics\/google-europe\/funding-udacity-scholarships-digital-skills\/\" target=\"_blank\" rel=\"noopener\">https:\/\/www.blog.google\/topics\/google-europe\/funding-udacity-scholarships-digital-skills\/<\/a><br \/>\n<a href=\"#_ftnref7\" name=\"_ftn7\">[7]<\/a> <a href=\"http:\/\/www.luxembourg.public.lu\/en\/actualites\/2016\/10\/17-fit4coding\/index.html\" target=\"_blank\" rel=\"noopener\">http:\/\/www.luxembourg.public.lu\/en\/actualites\/2016\/10\/17-fit4coding\/index.html<\/a><br \/>\n<a href=\"#_ftnref8\" name=\"_ftn8\">[8]<\/a> <a href=\"https:\/\/stad.gent\/samenleven-welzijn-gezondheid\/alle-gentenaars-digitaal\" target=\"_blank\" rel=\"noopener\">https:\/\/stad.gent\/samenleven-welzijn-gezondheid\/alle-gentenaars-digitaal<\/a><br \/>\n<a href=\"#_ftnref9\" name=\"_ftn9\">[9]<\/a> <a href=\"http:\/\/www.itforshe.pl\" target=\"_blank\" rel=\"noopener\">http:\/\/www.itforshe.pl<\/a><\/span><\/p>\n","protected":false},"excerpt":{"rendered":"<p>Los conocimientos inform\u00e1ticos son una de las piedras angulares del mercado \u00fanico digital planteado por la Comisi\u00f3n Europea. De hecho, la propia Comisi\u00f3n present\u00f3 recientemente su plan de choque para mejorar las habilidades y competencias digitales de los europeos, dentro de la llamada \u00abCoalici\u00f3n en favor de las capacidades digitales y el empleo[1]\u00bb. Para concienciar [&hellip;]<\/p>\n","protected":false},"author":3,"featured_media":117203,"comment_status":"closed","ping_status":"closed","sticky":false,"template":"","format":"standard","meta":{"footnotes":""},"categories":[13,12],"tags":[],"class_list":["post-117189","post","type-post","status-publish","format-standard","has-post-thumbnail","hentry","category-mercado-comunicaciones","category-regulacion"],"yoast_head":"<!-- This site is optimized with the Yoast SEO Premium plugin v27.3 (Yoast SEO v27.4) - https:\/\/yoast.com\/product\/yoast-seo-premium-wordpress\/ -->\n<title>European Digital Skills Awards 2017 - UGT Comunicaciones<\/title>\n<meta name=\"description\" content=\"Los conocimientos inform\u00e1ticos son una de las piedras angulares del mercado \u00fanico digital planteado por la Comisi\u00f3n Europea. De hecho, la propia Comisi\u00f3n present\u00f3 recientemente su plan de choque para mejorar las habilidades y competencias digitales de los europeos, dentro de la llamada \u00abCoalici\u00f3n en favor de las...\" \/>\n<meta name=\"robots\" content=\"index, follow, max-snippet:-1, max-image-preview:large, max-video-preview:-1\" \/>\n<link rel=\"canonical\" href=\"https:\/\/www.ugtcomunicaciones.es\/wordpress\/european-digital-skills-awards-2017\/\" \/>\n<meta property=\"og:locale\" content=\"es_ES\" \/>\n<meta property=\"og:type\" content=\"article\" \/>\n<meta property=\"og:title\" content=\"European Digital Skills Awards 2017\" \/>\n<meta property=\"og:description\" content=\"Los conocimientos inform\u00e1ticos son una de las piedras angulares del mercado \u00fanico digital planteado por la Comisi\u00f3n Europea. De hecho, la propia Comisi\u00f3n present\u00f3 recientemente su plan de choque para mejorar las habilidades y competencias digitales de los europeos, dentro de la llamada \u00abCoalici\u00f3n en favor de las...\" \/>\n<meta property=\"og:url\" content=\"https:\/\/www.ugtcomunicaciones.es\/wordpress\/european-digital-skills-awards-2017\/\" \/>\n<meta property=\"og:site_name\" content=\"UGT Comunicaciones\" \/>\n<meta property=\"article:publisher\" content=\"https:\/\/www.facebook.com\/ugt.comunicaciones\/\" \/>\n<meta property=\"article:published_time\" content=\"2018-03-19T06:00:53+00:00\" \/>\n<meta property=\"og:image\" content=\"https:\/\/www.ugtcomunicaciones.es\/wordpress\/wp-content\/uploads\/2018\/03\/skill-portada-19-03-18.jpg\" \/>\n\t<meta property=\"og:image:width\" content=\"600\" \/>\n\t<meta property=\"og:image:height\" content=\"399\" \/>\n\t<meta property=\"og:image:type\" content=\"image\/jpeg\" \/>\n<meta name=\"author\" content=\"UGT\" \/>\n<meta name=\"twitter:card\" content=\"summary_large_image\" \/>\n<meta name=\"twitter:creator\" content=\"@ugtcom\" \/>\n<meta name=\"twitter:site\" content=\"@ugtcom\" \/>\n<meta name=\"twitter:label1\" content=\"Escrito por\" \/>\n\t<meta name=\"twitter:data1\" content=\"UGT\" \/>\n\t<meta name=\"twitter:label2\" content=\"Tiempo de lectura\" \/>\n\t<meta name=\"twitter:data2\" content=\"2 minutos\" \/>\n<script type=\"application\/ld+json\" class=\"yoast-schema-graph\">{\"@context\":\"https:\\\/\\\/schema.org\",\"@graph\":[{\"@type\":\"Article\",\"@id\":\"https:\\\/\\\/www.ugtcomunicaciones.es\\\/wordpress\\\/european-digital-skills-awards-2017\\\/#article\",\"isPartOf\":{\"@id\":\"https:\\\/\\\/www.ugtcomunicaciones.es\\\/wordpress\\\/european-digital-skills-awards-2017\\\/\"},\"author\":{\"name\":\"UGT\",\"@id\":\"https:\\\/\\\/www.ugtcomunicaciones.es\\\/wordpress\\\/#\\\/schema\\\/person\\\/eba0fc3fe5b444531d94d4368cba89ed\"},\"headline\":\"European Digital Skills Awards 2017\",\"datePublished\":\"2018-03-19T06:00:53+00:00\",\"mainEntityOfPage\":{\"@id\":\"https:\\\/\\\/www.ugtcomunicaciones.es\\\/wordpress\\\/european-digital-skills-awards-2017\\\/\"},\"wordCount\":484,\"publisher\":{\"@id\":\"https:\\\/\\\/www.ugtcomunicaciones.es\\\/wordpress\\\/#organization\"},\"image\":{\"@id\":\"https:\\\/\\\/www.ugtcomunicaciones.es\\\/wordpress\\\/european-digital-skills-awards-2017\\\/#primaryimage\"},\"thumbnailUrl\":\"https:\\\/\\\/www.ugtcomunicaciones.es\\\/wordpress\\\/wp-content\\\/uploads\\\/2018\\\/03\\\/skill-portada-19-03-18.jpg\",\"articleSection\":[\"Mercado Comunicaciones\",\"Regulaci\u00f3n\"],\"inLanguage\":\"es\"},{\"@type\":\"WebPage\",\"@id\":\"https:\\\/\\\/www.ugtcomunicaciones.es\\\/wordpress\\\/european-digital-skills-awards-2017\\\/\",\"url\":\"https:\\\/\\\/www.ugtcomunicaciones.es\\\/wordpress\\\/european-digital-skills-awards-2017\\\/\",\"name\":\"European Digital Skills Awards 2017 - UGT Comunicaciones\",\"isPartOf\":{\"@id\":\"https:\\\/\\\/www.ugtcomunicaciones.es\\\/wordpress\\\/#website\"},\"primaryImageOfPage\":{\"@id\":\"https:\\\/\\\/www.ugtcomunicaciones.es\\\/wordpress\\\/european-digital-skills-awards-2017\\\/#primaryimage\"},\"image\":{\"@id\":\"https:\\\/\\\/www.ugtcomunicaciones.es\\\/wordpress\\\/european-digital-skills-awards-2017\\\/#primaryimage\"},\"thumbnailUrl\":\"https:\\\/\\\/www.ugtcomunicaciones.es\\\/wordpress\\\/wp-content\\\/uploads\\\/2018\\\/03\\\/skill-portada-19-03-18.jpg\",\"datePublished\":\"2018-03-19T06:00:53+00:00\",\"description\":\"Los conocimientos inform\u00e1ticos son una de las piedras angulares del mercado \u00fanico digital planteado por la Comisi\u00f3n Europea. De hecho, la propia Comisi\u00f3n present\u00f3 recientemente su plan de choque para mejorar las habilidades y competencias digitales de los europeos, dentro de la llamada \u00abCoalici\u00f3n en favor de las...\",\"breadcrumb\":{\"@id\":\"https:\\\/\\\/www.ugtcomunicaciones.es\\\/wordpress\\\/european-digital-skills-awards-2017\\\/#breadcrumb\"},\"inLanguage\":\"es\",\"potentialAction\":[{\"@type\":\"ReadAction\",\"target\":[\"https:\\\/\\\/www.ugtcomunicaciones.es\\\/wordpress\\\/european-digital-skills-awards-2017\\\/\"]}]},{\"@type\":\"ImageObject\",\"inLanguage\":\"es\",\"@id\":\"https:\\\/\\\/www.ugtcomunicaciones.es\\\/wordpress\\\/european-digital-skills-awards-2017\\\/#primaryimage\",\"url\":\"https:\\\/\\\/www.ugtcomunicaciones.es\\\/wordpress\\\/wp-content\\\/uploads\\\/2018\\\/03\\\/skill-portada-19-03-18.jpg\",\"contentUrl\":\"https:\\\/\\\/www.ugtcomunicaciones.es\\\/wordpress\\\/wp-content\\\/uploads\\\/2018\\\/03\\\/skill-portada-19-03-18.jpg\",\"width\":600,\"height\":399,\"caption\":\"skill-portada-19-03-18\"},{\"@type\":\"BreadcrumbList\",\"@id\":\"https:\\\/\\\/www.ugtcomunicaciones.es\\\/wordpress\\\/european-digital-skills-awards-2017\\\/#breadcrumb\",\"itemListElement\":[{\"@type\":\"ListItem\",\"position\":1,\"name\":\"Portada\",\"item\":\"https:\\\/\\\/www.ugtcomunicaciones.es\\\/wordpress\\\/\"},{\"@type\":\"ListItem\",\"position\":2,\"name\":\"European Digital Skills Awards 2017\"}]},{\"@type\":\"WebSite\",\"@id\":\"https:\\\/\\\/www.ugtcomunicaciones.es\\\/wordpress\\\/#website\",\"url\":\"https:\\\/\\\/www.ugtcomunicaciones.es\\\/wordpress\\\/\",\"name\":\"UGT Comunicaciones\",\"description\":\"Sindicato de Telecomunicaciones\",\"publisher\":{\"@id\":\"https:\\\/\\\/www.ugtcomunicaciones.es\\\/wordpress\\\/#organization\"},\"potentialAction\":[{\"@type\":\"SearchAction\",\"target\":{\"@type\":\"EntryPoint\",\"urlTemplate\":\"https:\\\/\\\/www.ugtcomunicaciones.es\\\/wordpress\\\/?s={search_term_string}\"},\"query-input\":{\"@type\":\"PropertyValueSpecification\",\"valueRequired\":true,\"valueName\":\"search_term_string\"}}],\"inLanguage\":\"es\"},{\"@type\":\"Organization\",\"@id\":\"https:\\\/\\\/www.ugtcomunicaciones.es\\\/wordpress\\\/#organization\",\"name\":\"UGT Comunicaciones\",\"url\":\"https:\\\/\\\/www.ugtcomunicaciones.es\\\/wordpress\\\/\",\"logo\":{\"@type\":\"ImageObject\",\"inLanguage\":\"es\",\"@id\":\"https:\\\/\\\/www.ugtcomunicaciones.es\\\/wordpress\\\/#\\\/schema\\\/logo\\\/image\\\/\",\"url\":\"https:\\\/\\\/www.ugtcomunicaciones.es\\\/wordpress\\\/wp-content\\\/uploads\\\/2024\\\/04\\\/comunicaciones_logo.png\",\"contentUrl\":\"https:\\\/\\\/www.ugtcomunicaciones.es\\\/wordpress\\\/wp-content\\\/uploads\\\/2024\\\/04\\\/comunicaciones_logo.png\",\"width\":298,\"height\":81,\"caption\":\"UGT Comunicaciones\"},\"image\":{\"@id\":\"https:\\\/\\\/www.ugtcomunicaciones.es\\\/wordpress\\\/#\\\/schema\\\/logo\\\/image\\\/\"},\"sameAs\":[\"https:\\\/\\\/www.facebook.com\\\/ugt.comunicaciones\\\/\",\"https:\\\/\\\/x.com\\\/ugtcom\"]},{\"@type\":\"Person\",\"@id\":\"https:\\\/\\\/www.ugtcomunicaciones.es\\\/wordpress\\\/#\\\/schema\\\/person\\\/eba0fc3fe5b444531d94d4368cba89ed\",\"name\":\"UGT\",\"image\":{\"@type\":\"ImageObject\",\"inLanguage\":\"es\",\"@id\":\"https:\\\/\\\/secure.gravatar.com\\\/avatar\\\/2a16057d620a4c646bcfc171c4f23030879ebbdd346f0525bd5d4a564e57e13d?s=96&d=mm&r=g\",\"url\":\"https:\\\/\\\/secure.gravatar.com\\\/avatar\\\/2a16057d620a4c646bcfc171c4f23030879ebbdd346f0525bd5d4a564e57e13d?s=96&d=mm&r=g\",\"contentUrl\":\"https:\\\/\\\/secure.gravatar.com\\\/avatar\\\/2a16057d620a4c646bcfc171c4f23030879ebbdd346f0525bd5d4a564e57e13d?s=96&d=mm&r=g\",\"caption\":\"UGT\"}}]}<\/script>\n<!-- \/ Yoast SEO Premium plugin. -->","yoast_head_json":{"title":"European Digital Skills Awards 2017 - UGT Comunicaciones","description":"Los conocimientos inform\u00e1ticos son una de las piedras angulares del mercado \u00fanico digital planteado por la Comisi\u00f3n Europea. De hecho, la propia Comisi\u00f3n present\u00f3 recientemente su plan de choque para mejorar las habilidades y competencias digitales de los europeos, dentro de la llamada \u00abCoalici\u00f3n en favor de las...","robots":{"index":"index","follow":"follow","max-snippet":"max-snippet:-1","max-image-preview":"max-image-preview:large","max-video-preview":"max-video-preview:-1"},"canonical":"https:\/\/www.ugtcomunicaciones.es\/wordpress\/european-digital-skills-awards-2017\/","og_locale":"es_ES","og_type":"article","og_title":"European Digital Skills Awards 2017","og_description":"Los conocimientos inform\u00e1ticos son una de las piedras angulares del mercado \u00fanico digital planteado por la Comisi\u00f3n Europea. De hecho, la propia Comisi\u00f3n present\u00f3 recientemente su plan de choque para mejorar las habilidades y competencias digitales de los europeos, dentro de la llamada \u00abCoalici\u00f3n en favor de las...","og_url":"https:\/\/www.ugtcomunicaciones.es\/wordpress\/european-digital-skills-awards-2017\/","og_site_name":"UGT Comunicaciones","article_publisher":"https:\/\/www.facebook.com\/ugt.comunicaciones\/","article_published_time":"2018-03-19T06:00:53+00:00","og_image":[{"width":600,"height":399,"url":"https:\/\/www.ugtcomunicaciones.es\/wordpress\/wp-content\/uploads\/2018\/03\/skill-portada-19-03-18.jpg","type":"image\/jpeg"}],"author":"UGT","twitter_card":"summary_large_image","twitter_creator":"@ugtcom","twitter_site":"@ugtcom","twitter_misc":{"Escrito por":"UGT","Tiempo de lectura":"2 minutos"},"schema":{"@context":"https:\/\/schema.org","@graph":[{"@type":"Article","@id":"https:\/\/www.ugtcomunicaciones.es\/wordpress\/european-digital-skills-awards-2017\/#article","isPartOf":{"@id":"https:\/\/www.ugtcomunicaciones.es\/wordpress\/european-digital-skills-awards-2017\/"},"author":{"name":"UGT","@id":"https:\/\/www.ugtcomunicaciones.es\/wordpress\/#\/schema\/person\/eba0fc3fe5b444531d94d4368cba89ed"},"headline":"European Digital Skills Awards 2017","datePublished":"2018-03-19T06:00:53+00:00","mainEntityOfPage":{"@id":"https:\/\/www.ugtcomunicaciones.es\/wordpress\/european-digital-skills-awards-2017\/"},"wordCount":484,"publisher":{"@id":"https:\/\/www.ugtcomunicaciones.es\/wordpress\/#organization"},"image":{"@id":"https:\/\/www.ugtcomunicaciones.es\/wordpress\/european-digital-skills-awards-2017\/#primaryimage"},"thumbnailUrl":"https:\/\/www.ugtcomunicaciones.es\/wordpress\/wp-content\/uploads\/2018\/03\/skill-portada-19-03-18.jpg","articleSection":["Mercado Comunicaciones","Regulaci\u00f3n"],"inLanguage":"es"},{"@type":"WebPage","@id":"https:\/\/www.ugtcomunicaciones.es\/wordpress\/european-digital-skills-awards-2017\/","url":"https:\/\/www.ugtcomunicaciones.es\/wordpress\/european-digital-skills-awards-2017\/","name":"European Digital Skills Awards 2017 - UGT Comunicaciones","isPartOf":{"@id":"https:\/\/www.ugtcomunicaciones.es\/wordpress\/#website"},"primaryImageOfPage":{"@id":"https:\/\/www.ugtcomunicaciones.es\/wordpress\/european-digital-skills-awards-2017\/#primaryimage"},"image":{"@id":"https:\/\/www.ugtcomunicaciones.es\/wordpress\/european-digital-skills-awards-2017\/#primaryimage"},"thumbnailUrl":"https:\/\/www.ugtcomunicaciones.es\/wordpress\/wp-content\/uploads\/2018\/03\/skill-portada-19-03-18.jpg","datePublished":"2018-03-19T06:00:53+00:00","description":"Los conocimientos inform\u00e1ticos son una de las piedras angulares del mercado \u00fanico digital planteado por la Comisi\u00f3n Europea. De hecho, la propia Comisi\u00f3n present\u00f3 recientemente su plan de choque para mejorar las habilidades y competencias digitales de los europeos, dentro de la llamada \u00abCoalici\u00f3n en favor de las...","breadcrumb":{"@id":"https:\/\/www.ugtcomunicaciones.es\/wordpress\/european-digital-skills-awards-2017\/#breadcrumb"},"inLanguage":"es","potentialAction":[{"@type":"ReadAction","target":["https:\/\/www.ugtcomunicaciones.es\/wordpress\/european-digital-skills-awards-2017\/"]}]},{"@type":"ImageObject","inLanguage":"es","@id":"https:\/\/www.ugtcomunicaciones.es\/wordpress\/european-digital-skills-awards-2017\/#primaryimage","url":"https:\/\/www.ugtcomunicaciones.es\/wordpress\/wp-content\/uploads\/2018\/03\/skill-portada-19-03-18.jpg","contentUrl":"https:\/\/www.ugtcomunicaciones.es\/wordpress\/wp-content\/uploads\/2018\/03\/skill-portada-19-03-18.jpg","width":600,"height":399,"caption":"skill-portada-19-03-18"},{"@type":"BreadcrumbList","@id":"https:\/\/www.ugtcomunicaciones.es\/wordpress\/european-digital-skills-awards-2017\/#breadcrumb","itemListElement":[{"@type":"ListItem","position":1,"name":"Portada","item":"https:\/\/www.ugtcomunicaciones.es\/wordpress\/"},{"@type":"ListItem","position":2,"name":"European Digital Skills Awards 2017"}]},{"@type":"WebSite","@id":"https:\/\/www.ugtcomunicaciones.es\/wordpress\/#website","url":"https:\/\/www.ugtcomunicaciones.es\/wordpress\/","name":"UGT Comunicaciones","description":"Sindicato de Telecomunicaciones","publisher":{"@id":"https:\/\/www.ugtcomunicaciones.es\/wordpress\/#organization"},"potentialAction":[{"@type":"SearchAction","target":{"@type":"EntryPoint","urlTemplate":"https:\/\/www.ugtcomunicaciones.es\/wordpress\/?s={search_term_string}"},"query-input":{"@type":"PropertyValueSpecification","valueRequired":true,"valueName":"search_term_string"}}],"inLanguage":"es"},{"@type":"Organization","@id":"https:\/\/www.ugtcomunicaciones.es\/wordpress\/#organization","name":"UGT Comunicaciones","url":"https:\/\/www.ugtcomunicaciones.es\/wordpress\/","logo":{"@type":"ImageObject","inLanguage":"es","@id":"https:\/\/www.ugtcomunicaciones.es\/wordpress\/#\/schema\/logo\/image\/","url":"https:\/\/www.ugtcomunicaciones.es\/wordpress\/wp-content\/uploads\/2024\/04\/comunicaciones_logo.png","contentUrl":"https:\/\/www.ugtcomunicaciones.es\/wordpress\/wp-content\/uploads\/2024\/04\/comunicaciones_logo.png","width":298,"height":81,"caption":"UGT Comunicaciones"},"image":{"@id":"https:\/\/www.ugtcomunicaciones.es\/wordpress\/#\/schema\/logo\/image\/"},"sameAs":["https:\/\/www.facebook.com\/ugt.comunicaciones\/","https:\/\/x.com\/ugtcom"]},{"@type":"Person","@id":"https:\/\/www.ugtcomunicaciones.es\/wordpress\/#\/schema\/person\/eba0fc3fe5b444531d94d4368cba89ed","name":"UGT","image":{"@type":"ImageObject","inLanguage":"es","@id":"https:\/\/secure.gravatar.com\/avatar\/2a16057d620a4c646bcfc171c4f23030879ebbdd346f0525bd5d4a564e57e13d?s=96&d=mm&r=g","url":"https:\/\/secure.gravatar.com\/avatar\/2a16057d620a4c646bcfc171c4f23030879ebbdd346f0525bd5d4a564e57e13d?s=96&d=mm&r=g","contentUrl":"https:\/\/secure.gravatar.com\/avatar\/2a16057d620a4c646bcfc171c4f23030879ebbdd346f0525bd5d4a564e57e13d?s=96&d=mm&r=g","caption":"UGT"}}]}},"_links":{"self":[{"href":"https:\/\/www.ugtcomunicaciones.es\/wordpress\/wp-json\/wp\/v2\/posts\/117189","targetHints":{"allow":["GET"]}}],"collection":[{"href":"https:\/\/www.ugtcomunicaciones.es\/wordpress\/wp-json\/wp\/v2\/posts"}],"about":[{"href":"https:\/\/www.ugtcomunicaciones.es\/wordpress\/wp-json\/wp\/v2\/types\/post"}],"author":[{"embeddable":true,"href":"https:\/\/www.ugtcomunicaciones.es\/wordpress\/wp-json\/wp\/v2\/users\/3"}],"replies":[{"embeddable":true,"href":"https:\/\/www.ugtcomunicaciones.es\/wordpress\/wp-json\/wp\/v2\/comments?post=117189"}],"version-history":[{"count":0,"href":"https:\/\/www.ugtcomunicaciones.es\/wordpress\/wp-json\/wp\/v2\/posts\/117189\/revisions"}],"wp:featuredmedia":[{"embeddable":true,"href":"https:\/\/www.ugtcomunicaciones.es\/wordpress\/wp-json\/wp\/v2\/media\/117203"}],"wp:attachment":[{"href":"https:\/\/www.ugtcomunicaciones.es\/wordpress\/wp-json\/wp\/v2\/media?parent=117189"}],"wp:term":[{"taxonomy":"category","embeddable":true,"href":"https:\/\/www.ugtcomunicaciones.es\/wordpress\/wp-json\/wp\/v2\/categories?post=117189"},{"taxonomy":"post_tag","embeddable":true,"href":"https:\/\/www.ugtcomunicaciones.es\/wordpress\/wp-json\/wp\/v2\/tags?post=117189"}],"curies":[{"name":"wp","href":"https:\/\/api.w.org\/{rel}","templated":true}]}}