{"id":117247,"date":"2018-03-19T08:00:08","date_gmt":"2018-03-19T06:00:08","guid":{"rendered":"http:\/\/ugtcomunicaciones.es\/wordpress\/?p=117247"},"modified":"2018-03-09T13:35:17","modified_gmt":"2018-03-09T11:35:17","slug":"la-banda-ancha-la-union-europea-julio-2017","status":"publish","type":"post","link":"https:\/\/www.ugtcomunicaciones.es\/wordpress\/la-banda-ancha-la-union-europea-julio-2017\/","title":{"rendered":"La banda ancha en la Uni\u00f3n Europea, julio de 2017"},"content":{"rendered":"<p style=\"text-align: justify;\">La Comisi\u00f3n Europea publica anualmente, normalmente en junio\/julio de cada ejercicio<a href=\"#_ftn1\" name=\"_ftnref1\">[1]<\/a>, una panor\u00e1mica sobre el estado de la Banda Ancha en el entorno de la Uni\u00f3n.<\/p>\n<p style=\"text-align: justify;\"><img decoding=\"async\" class=\"size-full wp-image-117248 alignleft lazyload\" data-src=\"http:\/\/ugtcomunicaciones.es\/wordpress\/wp-content\/uploads\/2018\/03\/banda-01-19-03-18.png\" alt=\"banda-01-19-03-18\" width=\"188\" height=\"125\" src=\"data:image\/svg+xml;base64,PHN2ZyB3aWR0aD0iMSIgaGVpZ2h0PSIxIiB4bWxucz0iaHR0cDovL3d3dy53My5vcmcvMjAwMC9zdmciPjwvc3ZnPg==\" style=\"--smush-placeholder-width: 188px; --smush-placeholder-aspect-ratio: 188\/125;\" \/>En concreto, y tal y como estipula la propia CE, <em>\u201ceste informe presenta las \u00faltimas estad\u00edsticas de los mercados de banda ancha europeos, incluido el n\u00famero de suscripciones de banda ancha fija y m\u00f3vil, datos sobre la competencia, velocidades de banda ancha, as\u00ed como las tecnolog\u00edas de acceso de pr\u00f3xima generaci\u00f3n\u201d<\/em>.<\/p>\n<p style=\"text-align: justify;\">Los datos que presenta el informe son tanto generalistas como para cada Estado Miembro, y van desde la banda ancha m\u00f3vil hasta la fija, en cualquiera de sus variantes tecnol\u00f3gicas.<\/p>\n<p style=\"text-align: justify;\">Entrando al detalle, en banda ancha fija, Espa\u00f1a continua registrando el cuarto lugar en Europa por n\u00famero de l\u00edneas:<\/p>\n<p><img decoding=\"async\" class=\"size-full wp-image-117250 aligncenter lazyload\" data-src=\"http:\/\/ugtcomunicaciones.es\/wordpress\/wp-content\/uploads\/2018\/03\/banda-02-19-03-18-1.png\" alt=\"banda-02-19-03-18\" width=\"600\" height=\"284\" data-srcset=\"https:\/\/www.ugtcomunicaciones.es\/wordpress\/wp-content\/uploads\/2018\/03\/banda-02-19-03-18-1.png 600w, https:\/\/www.ugtcomunicaciones.es\/wordpress\/wp-content\/uploads\/2018\/03\/banda-02-19-03-18-1-300x142.png 300w\" data-sizes=\"(max-width: 600px) 100vw, 600px\" src=\"data:image\/svg+xml;base64,PHN2ZyB3aWR0aD0iMSIgaGVpZ2h0PSIxIiB4bWxucz0iaHR0cDovL3d3dy53My5vcmcvMjAwMC9zdmciPjwvc3ZnPg==\" style=\"--smush-placeholder-width: 600px; --smush-placeholder-aspect-ratio: 600\/284;\" \/><\/p>\n<p style=\"text-align: justify;\">Aunque este buen dato, que \u00fanicamente representa el tama\u00f1o de un mercado, no se traslada a la penetraci\u00f3n real de la banda ancha fija, hasta el punto de situarnos en una mediocre posici\u00f3n:<\/p>\n<p><img decoding=\"async\" class=\"size-full wp-image-117251 aligncenter lazyload\" data-src=\"http:\/\/ugtcomunicaciones.es\/wordpress\/wp-content\/uploads\/2018\/03\/banda-03-19-03-18.png\" alt=\"banda-03-19-03-18\" width=\"600\" height=\"283\" data-srcset=\"https:\/\/www.ugtcomunicaciones.es\/wordpress\/wp-content\/uploads\/2018\/03\/banda-03-19-03-18.png 600w, https:\/\/www.ugtcomunicaciones.es\/wordpress\/wp-content\/uploads\/2018\/03\/banda-03-19-03-18-300x142.png 300w\" data-sizes=\"(max-width: 600px) 100vw, 600px\" src=\"data:image\/svg+xml;base64,PHN2ZyB3aWR0aD0iMSIgaGVpZ2h0PSIxIiB4bWxucz0iaHR0cDovL3d3dy53My5vcmcvMjAwMC9zdmciPjwvc3ZnPg==\" style=\"--smush-placeholder-width: 600px; --smush-placeholder-aspect-ratio: 600\/283;\" \/><\/p>\n<p style=\"text-align: justify;\">Algo semejante pasa en el negocio m\u00f3vil, aunque el posicionamiento en el caso de la penetraci\u00f3n es sensiblemente mejor, pero inferior a lo que nos deber\u00eda corresponder y con p\u00e9rdida de posiciones con respecto a 2016<a href=\"#_ftn2\" name=\"_ftnref2\">[2]<\/a>:<\/p>\n<p><img decoding=\"async\" class=\"size-full wp-image-117252 aligncenter lazyload\" data-src=\"http:\/\/ugtcomunicaciones.es\/wordpress\/wp-content\/uploads\/2018\/03\/banda-04-19-03-18.png\" alt=\"banda-04-19-03-18\" width=\"600\" height=\"285\" data-srcset=\"https:\/\/www.ugtcomunicaciones.es\/wordpress\/wp-content\/uploads\/2018\/03\/banda-04-19-03-18.png 600w, https:\/\/www.ugtcomunicaciones.es\/wordpress\/wp-content\/uploads\/2018\/03\/banda-04-19-03-18-300x143.png 300w\" data-sizes=\"(max-width: 600px) 100vw, 600px\" src=\"data:image\/svg+xml;base64,PHN2ZyB3aWR0aD0iMSIgaGVpZ2h0PSIxIiB4bWxucz0iaHR0cDovL3d3dy53My5vcmcvMjAwMC9zdmciPjwvc3ZnPg==\" style=\"--smush-placeholder-width: 600px; --smush-placeholder-aspect-ratio: 600\/285;\" \/><\/p>\n<p style=\"text-align: justify;\">Si acometemos la visi\u00f3n por tecnolog\u00edas, centr\u00e1ndonos en las NGN, los posicionamientos de Espa\u00f1a vuelven a ser decepcionantes, salvo en la tecnolog\u00eda FTTH, en donde si encontramos a Espa\u00f1a en el lugar que le corresponde por potencial econ\u00f3mico dentro de la UE:<\/p>\n<p><img decoding=\"async\" class=\"size-full wp-image-117253 aligncenter lazyload\" data-src=\"http:\/\/ugtcomunicaciones.es\/wordpress\/wp-content\/uploads\/2018\/03\/banda-05-19-03-18.png\" alt=\"banda-05-19-03-18\" width=\"600\" height=\"300\" data-srcset=\"https:\/\/www.ugtcomunicaciones.es\/wordpress\/wp-content\/uploads\/2018\/03\/banda-05-19-03-18.png 600w, https:\/\/www.ugtcomunicaciones.es\/wordpress\/wp-content\/uploads\/2018\/03\/banda-05-19-03-18-300x150.png 300w\" data-sizes=\"(max-width: 600px) 100vw, 600px\" src=\"data:image\/svg+xml;base64,PHN2ZyB3aWR0aD0iMSIgaGVpZ2h0PSIxIiB4bWxucz0iaHR0cDovL3d3dy53My5vcmcvMjAwMC9zdmciPjwvc3ZnPg==\" style=\"--smush-placeholder-width: 600px; --smush-placeholder-aspect-ratio: 600\/300;\" \/><\/p>\n<p><img decoding=\"async\" class=\"size-full wp-image-117254 aligncenter lazyload\" data-src=\"http:\/\/ugtcomunicaciones.es\/wordpress\/wp-content\/uploads\/2018\/03\/banda-06-19-03-18.png\" alt=\"banda-06-19-03-18\" width=\"600\" height=\"322\" data-srcset=\"https:\/\/www.ugtcomunicaciones.es\/wordpress\/wp-content\/uploads\/2018\/03\/banda-06-19-03-18.png 600w, https:\/\/www.ugtcomunicaciones.es\/wordpress\/wp-content\/uploads\/2018\/03\/banda-06-19-03-18-300x160.png 300w\" data-sizes=\"(max-width: 600px) 100vw, 600px\" src=\"data:image\/svg+xml;base64,PHN2ZyB3aWR0aD0iMSIgaGVpZ2h0PSIxIiB4bWxucz0iaHR0cDovL3d3dy53My5vcmcvMjAwMC9zdmciPjwvc3ZnPg==\" style=\"--smush-placeholder-width: 600px; --smush-placeholder-aspect-ratio: 600\/322;\" \/><\/p>\n<p><img decoding=\"async\" class=\"size-full wp-image-117255 aligncenter lazyload\" data-src=\"http:\/\/ugtcomunicaciones.es\/wordpress\/wp-content\/uploads\/2018\/03\/banda-07-19-03-18.png\" alt=\"banda-07-19-03-18\" width=\"487\" height=\"133\" data-srcset=\"https:\/\/www.ugtcomunicaciones.es\/wordpress\/wp-content\/uploads\/2018\/03\/banda-07-19-03-18.png 487w, https:\/\/www.ugtcomunicaciones.es\/wordpress\/wp-content\/uploads\/2018\/03\/banda-07-19-03-18-300x82.png 300w\" data-sizes=\"(max-width: 487px) 100vw, 487px\" src=\"data:image\/svg+xml;base64,PHN2ZyB3aWR0aD0iMSIgaGVpZ2h0PSIxIiB4bWxucz0iaHR0cDovL3d3dy53My5vcmcvMjAwMC9zdmciPjwvc3ZnPg==\" style=\"--smush-placeholder-width: 487px; --smush-placeholder-aspect-ratio: 487\/133;\" \/><\/p>\n<p style=\"text-align: justify;\">Este potencial en fibra ejerce un efecto tractor muy evidente sobre las velocidades medias y altas, aunque a\u00fan insuficiente:<\/p>\n<p><img decoding=\"async\" class=\"size-full wp-image-117256 aligncenter lazyload\" data-src=\"http:\/\/ugtcomunicaciones.es\/wordpress\/wp-content\/uploads\/2018\/03\/banda-08-19-03-18.png\" alt=\"banda-08-19-03-18\" width=\"600\" height=\"411\" data-srcset=\"https:\/\/www.ugtcomunicaciones.es\/wordpress\/wp-content\/uploads\/2018\/03\/banda-08-19-03-18.png 600w, https:\/\/www.ugtcomunicaciones.es\/wordpress\/wp-content\/uploads\/2018\/03\/banda-08-19-03-18-300x206.png 300w\" data-sizes=\"(max-width: 600px) 100vw, 600px\" src=\"data:image\/svg+xml;base64,PHN2ZyB3aWR0aD0iMSIgaGVpZ2h0PSIxIiB4bWxucz0iaHR0cDovL3d3dy53My5vcmcvMjAwMC9zdmciPjwvc3ZnPg==\" style=\"--smush-placeholder-width: 600px; --smush-placeholder-aspect-ratio: 600\/411;\" \/><\/p>\n<p><img decoding=\"async\" class=\"size-full wp-image-117257 aligncenter lazyload\" data-src=\"http:\/\/ugtcomunicaciones.es\/wordpress\/wp-content\/uploads\/2018\/03\/banda-09-19-03-18.png\" alt=\"banda-09-19-03-18\" width=\"600\" height=\"328\" data-srcset=\"https:\/\/www.ugtcomunicaciones.es\/wordpress\/wp-content\/uploads\/2018\/03\/banda-09-19-03-18.png 600w, https:\/\/www.ugtcomunicaciones.es\/wordpress\/wp-content\/uploads\/2018\/03\/banda-09-19-03-18-300x164.png 300w\" data-sizes=\"(max-width: 600px) 100vw, 600px\" src=\"data:image\/svg+xml;base64,PHN2ZyB3aWR0aD0iMSIgaGVpZ2h0PSIxIiB4bWxucz0iaHR0cDovL3d3dy53My5vcmcvMjAwMC9zdmciPjwvc3ZnPg==\" style=\"--smush-placeholder-width: 600px; --smush-placeholder-aspect-ratio: 600\/328;\" \/><\/p>\n<p style=\"text-align: justify;\">Por \u00faltimo, en cuanto a la configuraci\u00f3n del mercado nacional en t\u00e9rminos de xDSL, Espa\u00f1a se destaca como un mercado m\u00e1s que competitivo: los operadores entrantes poseen de una cuota de mercado del 58%:<\/p>\n<p><img decoding=\"async\" class=\"size-full wp-image-117258 aligncenter lazyload\" data-src=\"http:\/\/ugtcomunicaciones.es\/wordpress\/wp-content\/uploads\/2018\/03\/banda-10-19-03-18.png\" alt=\"banda-10-19-03-18\" width=\"600\" height=\"328\" data-srcset=\"https:\/\/www.ugtcomunicaciones.es\/wordpress\/wp-content\/uploads\/2018\/03\/banda-10-19-03-18.png 600w, https:\/\/www.ugtcomunicaciones.es\/wordpress\/wp-content\/uploads\/2018\/03\/banda-10-19-03-18-300x164.png 300w\" data-sizes=\"(max-width: 600px) 100vw, 600px\" src=\"data:image\/svg+xml;base64,PHN2ZyB3aWR0aD0iMSIgaGVpZ2h0PSIxIiB4bWxucz0iaHR0cDovL3d3dy53My5vcmcvMjAwMC9zdmciPjwvc3ZnPg==\" style=\"--smush-placeholder-width: 600px; --smush-placeholder-aspect-ratio: 600\/328;\" \/><\/p>\n<p style=\"text-align: justify;\">Las conclusiones vuelven a confirmar lo demostrado en ocasiones anteriores<a href=\"#_ftn3\" name=\"_ftnref3\">[3]<\/a>: la potencialidad de las infraestructuras espa\u00f1olas no es el problema: es la falta de adopci\u00f3n, de demanda, la que hace que nuestro pa\u00eds decline a puestos no acordes con el tama\u00f1o de nuestra econom\u00eda.<\/p>\n<p>&nbsp;<\/p>\n<h3 style=\"text-align: right;\"><span style=\"color: #ff0000;\"><strong>UGT<\/strong><\/span><strong> Comunicaciones<\/strong><\/h3>\n<p><span style=\"font-size: xx-small;\"><a href=\"#_ftnref1\" name=\"_ftn1\">[1]<\/a> <a href=\"https:\/\/ec.europa.eu\/digital-single-market\/en\/news\/broadband-data-files-digital-scoreboard-2017\" target=\"_blank\" rel=\"noopener\">https:\/\/ec.europa.eu\/digital-single-market\/en\/news\/broadband-data-files-digital-scoreboard-2017<\/a><br \/>\n<a href=\"#_ftnref2\" name=\"_ftn2\">[2]<\/a> <a href=\"http:\/\/ugtcomunicaciones.es\/wordpress\/la-banda-ancha-en-la-union-europea-junio-de-2016\/\" target=\"_blank\" rel=\"noopener\">http:\/\/ugtcomunicaciones.es\/wordpress\/la-banda-ancha-en-la-union-europea-junio-de-2016\/<\/a><br \/>\n<a href=\"#_ftnref3\" name=\"_ftn3\">[3]<\/a> <a href=\"http:\/\/www.smcugt.org\/archivos\/elementos\/2015\/revocando_mitos.pdf\" target=\"_blank\" rel=\"noopener\">http:\/\/www.smcugt.org\/archivos\/elementos\/2015\/revocando_mitos.pdf<\/a><\/span><\/p>\n","protected":false},"excerpt":{"rendered":"<p>La Comisi\u00f3n Europea publica anualmente, normalmente en junio\/julio de cada ejercicio[1], una panor\u00e1mica sobre el estado de la Banda Ancha en el entorno de la Uni\u00f3n. En concreto, y tal y como estipula la propia CE, \u201ceste informe presenta las \u00faltimas estad\u00edsticas de los mercados de banda ancha europeos, incluido el n\u00famero de suscripciones de [&hellip;]<\/p>\n","protected":false},"author":3,"featured_media":117269,"comment_status":"closed","ping_status":"closed","sticky":false,"template":"","format":"standard","meta":{"footnotes":""},"categories":[13,12],"tags":[],"class_list":["post-117247","post","type-post","status-publish","format-standard","has-post-thumbnail","hentry","category-mercado-comunicaciones","category-regulacion"],"yoast_head":"<!-- This site is optimized with the Yoast SEO Premium plugin v27.3 (Yoast SEO v27.4) - https:\/\/yoast.com\/product\/yoast-seo-premium-wordpress\/ -->\n<title>La banda ancha en la Uni\u00f3n Europea, julio de 2017 - UGT Comunicaciones<\/title>\n<meta name=\"description\" content=\"La Comisi\u00f3n Europea publica anualmente, normalmente en junio\/julio de cada ejercicio, una panor\u00e1mica sobre el estado de la Banda Ancha en el entorno de la Uni\u00f3n. En concreto, y tal y como estipula la propia CE, \u201ceste informe presenta las \u00faltimas estad\u00edsticas de los mercados de banda ancha europeos, incluido el...\" \/>\n<meta name=\"robots\" content=\"index, follow, max-snippet:-1, max-image-preview:large, max-video-preview:-1\" \/>\n<link rel=\"canonical\" href=\"https:\/\/www.ugtcomunicaciones.es\/wordpress\/la-banda-ancha-la-union-europea-julio-2017\/\" \/>\n<meta property=\"og:locale\" content=\"es_ES\" \/>\n<meta property=\"og:type\" content=\"article\" \/>\n<meta property=\"og:title\" content=\"La banda ancha en la Uni\u00f3n Europea, julio de 2017\" \/>\n<meta property=\"og:description\" content=\"La Comisi\u00f3n Europea publica anualmente, normalmente en junio\/julio de cada ejercicio, una panor\u00e1mica sobre el estado de la Banda Ancha en el entorno de la Uni\u00f3n. En concreto, y tal y como estipula la propia CE, \u201ceste informe presenta las \u00faltimas estad\u00edsticas de los mercados de banda ancha europeos, incluido el...\" \/>\n<meta property=\"og:url\" content=\"https:\/\/www.ugtcomunicaciones.es\/wordpress\/la-banda-ancha-la-union-europea-julio-2017\/\" \/>\n<meta property=\"og:site_name\" content=\"UGT Comunicaciones\" \/>\n<meta property=\"article:publisher\" content=\"https:\/\/www.facebook.com\/ugt.comunicaciones\/\" \/>\n<meta property=\"article:published_time\" content=\"2018-03-19T06:00:08+00:00\" \/>\n<meta property=\"og:image\" content=\"https:\/\/www.ugtcomunicaciones.es\/wordpress\/wp-content\/uploads\/2018\/03\/banda-portada-19-03-18.jpg\" \/>\n\t<meta property=\"og:image:width\" content=\"600\" \/>\n\t<meta property=\"og:image:height\" content=\"496\" \/>\n\t<meta property=\"og:image:type\" content=\"image\/jpeg\" \/>\n<meta name=\"author\" content=\"UGT\" \/>\n<meta name=\"twitter:card\" content=\"summary_large_image\" \/>\n<meta name=\"twitter:creator\" content=\"@ugtcom\" \/>\n<meta name=\"twitter:site\" content=\"@ugtcom\" \/>\n<meta name=\"twitter:label1\" content=\"Escrito por\" \/>\n\t<meta name=\"twitter:data1\" content=\"UGT\" \/>\n\t<meta name=\"twitter:label2\" content=\"Tiempo de lectura\" \/>\n\t<meta name=\"twitter:data2\" content=\"2 minutos\" \/>\n<script type=\"application\/ld+json\" class=\"yoast-schema-graph\">{\"@context\":\"https:\\\/\\\/schema.org\",\"@graph\":[{\"@type\":\"Article\",\"@id\":\"https:\\\/\\\/www.ugtcomunicaciones.es\\\/wordpress\\\/la-banda-ancha-la-union-europea-julio-2017\\\/#article\",\"isPartOf\":{\"@id\":\"https:\\\/\\\/www.ugtcomunicaciones.es\\\/wordpress\\\/la-banda-ancha-la-union-europea-julio-2017\\\/\"},\"author\":{\"name\":\"UGT\",\"@id\":\"https:\\\/\\\/www.ugtcomunicaciones.es\\\/wordpress\\\/#\\\/schema\\\/person\\\/eba0fc3fe5b444531d94d4368cba89ed\"},\"headline\":\"La banda ancha en la Uni\u00f3n Europea, julio de 2017\",\"datePublished\":\"2018-03-19T06:00:08+00:00\",\"mainEntityOfPage\":{\"@id\":\"https:\\\/\\\/www.ugtcomunicaciones.es\\\/wordpress\\\/la-banda-ancha-la-union-europea-julio-2017\\\/\"},\"wordCount\":406,\"publisher\":{\"@id\":\"https:\\\/\\\/www.ugtcomunicaciones.es\\\/wordpress\\\/#organization\"},\"image\":{\"@id\":\"https:\\\/\\\/www.ugtcomunicaciones.es\\\/wordpress\\\/la-banda-ancha-la-union-europea-julio-2017\\\/#primaryimage\"},\"thumbnailUrl\":\"https:\\\/\\\/www.ugtcomunicaciones.es\\\/wordpress\\\/wp-content\\\/uploads\\\/2018\\\/03\\\/banda-portada-19-03-18.jpg\",\"articleSection\":[\"Mercado Comunicaciones\",\"Regulaci\u00f3n\"],\"inLanguage\":\"es\"},{\"@type\":\"WebPage\",\"@id\":\"https:\\\/\\\/www.ugtcomunicaciones.es\\\/wordpress\\\/la-banda-ancha-la-union-europea-julio-2017\\\/\",\"url\":\"https:\\\/\\\/www.ugtcomunicaciones.es\\\/wordpress\\\/la-banda-ancha-la-union-europea-julio-2017\\\/\",\"name\":\"La banda ancha en la Uni\u00f3n Europea, julio de 2017 - UGT Comunicaciones\",\"isPartOf\":{\"@id\":\"https:\\\/\\\/www.ugtcomunicaciones.es\\\/wordpress\\\/#website\"},\"primaryImageOfPage\":{\"@id\":\"https:\\\/\\\/www.ugtcomunicaciones.es\\\/wordpress\\\/la-banda-ancha-la-union-europea-julio-2017\\\/#primaryimage\"},\"image\":{\"@id\":\"https:\\\/\\\/www.ugtcomunicaciones.es\\\/wordpress\\\/la-banda-ancha-la-union-europea-julio-2017\\\/#primaryimage\"},\"thumbnailUrl\":\"https:\\\/\\\/www.ugtcomunicaciones.es\\\/wordpress\\\/wp-content\\\/uploads\\\/2018\\\/03\\\/banda-portada-19-03-18.jpg\",\"datePublished\":\"2018-03-19T06:00:08+00:00\",\"description\":\"La Comisi\u00f3n Europea publica anualmente, normalmente en junio\\\/julio de cada ejercicio, una panor\u00e1mica sobre el estado de la Banda Ancha en el entorno de la Uni\u00f3n. En concreto, y tal y como estipula la propia CE, \u201ceste informe presenta las \u00faltimas estad\u00edsticas de los mercados de banda ancha europeos, incluido el...\",\"breadcrumb\":{\"@id\":\"https:\\\/\\\/www.ugtcomunicaciones.es\\\/wordpress\\\/la-banda-ancha-la-union-europea-julio-2017\\\/#breadcrumb\"},\"inLanguage\":\"es\",\"potentialAction\":[{\"@type\":\"ReadAction\",\"target\":[\"https:\\\/\\\/www.ugtcomunicaciones.es\\\/wordpress\\\/la-banda-ancha-la-union-europea-julio-2017\\\/\"]}]},{\"@type\":\"ImageObject\",\"inLanguage\":\"es\",\"@id\":\"https:\\\/\\\/www.ugtcomunicaciones.es\\\/wordpress\\\/la-banda-ancha-la-union-europea-julio-2017\\\/#primaryimage\",\"url\":\"https:\\\/\\\/www.ugtcomunicaciones.es\\\/wordpress\\\/wp-content\\\/uploads\\\/2018\\\/03\\\/banda-portada-19-03-18.jpg\",\"contentUrl\":\"https:\\\/\\\/www.ugtcomunicaciones.es\\\/wordpress\\\/wp-content\\\/uploads\\\/2018\\\/03\\\/banda-portada-19-03-18.jpg\",\"width\":600,\"height\":496,\"caption\":\"banda-portada-19-03-18\"},{\"@type\":\"BreadcrumbList\",\"@id\":\"https:\\\/\\\/www.ugtcomunicaciones.es\\\/wordpress\\\/la-banda-ancha-la-union-europea-julio-2017\\\/#breadcrumb\",\"itemListElement\":[{\"@type\":\"ListItem\",\"position\":1,\"name\":\"Portada\",\"item\":\"https:\\\/\\\/www.ugtcomunicaciones.es\\\/wordpress\\\/\"},{\"@type\":\"ListItem\",\"position\":2,\"name\":\"La banda ancha en la Uni\u00f3n Europea, julio de 2017\"}]},{\"@type\":\"WebSite\",\"@id\":\"https:\\\/\\\/www.ugtcomunicaciones.es\\\/wordpress\\\/#website\",\"url\":\"https:\\\/\\\/www.ugtcomunicaciones.es\\\/wordpress\\\/\",\"name\":\"UGT Comunicaciones\",\"description\":\"Sindicato de Telecomunicaciones\",\"publisher\":{\"@id\":\"https:\\\/\\\/www.ugtcomunicaciones.es\\\/wordpress\\\/#organization\"},\"potentialAction\":[{\"@type\":\"SearchAction\",\"target\":{\"@type\":\"EntryPoint\",\"urlTemplate\":\"https:\\\/\\\/www.ugtcomunicaciones.es\\\/wordpress\\\/?s={search_term_string}\"},\"query-input\":{\"@type\":\"PropertyValueSpecification\",\"valueRequired\":true,\"valueName\":\"search_term_string\"}}],\"inLanguage\":\"es\"},{\"@type\":\"Organization\",\"@id\":\"https:\\\/\\\/www.ugtcomunicaciones.es\\\/wordpress\\\/#organization\",\"name\":\"UGT Comunicaciones\",\"url\":\"https:\\\/\\\/www.ugtcomunicaciones.es\\\/wordpress\\\/\",\"logo\":{\"@type\":\"ImageObject\",\"inLanguage\":\"es\",\"@id\":\"https:\\\/\\\/www.ugtcomunicaciones.es\\\/wordpress\\\/#\\\/schema\\\/logo\\\/image\\\/\",\"url\":\"https:\\\/\\\/www.ugtcomunicaciones.es\\\/wordpress\\\/wp-content\\\/uploads\\\/2024\\\/04\\\/comunicaciones_logo.png\",\"contentUrl\":\"https:\\\/\\\/www.ugtcomunicaciones.es\\\/wordpress\\\/wp-content\\\/uploads\\\/2024\\\/04\\\/comunicaciones_logo.png\",\"width\":298,\"height\":81,\"caption\":\"UGT Comunicaciones\"},\"image\":{\"@id\":\"https:\\\/\\\/www.ugtcomunicaciones.es\\\/wordpress\\\/#\\\/schema\\\/logo\\\/image\\\/\"},\"sameAs\":[\"https:\\\/\\\/www.facebook.com\\\/ugt.comunicaciones\\\/\",\"https:\\\/\\\/x.com\\\/ugtcom\"]},{\"@type\":\"Person\",\"@id\":\"https:\\\/\\\/www.ugtcomunicaciones.es\\\/wordpress\\\/#\\\/schema\\\/person\\\/eba0fc3fe5b444531d94d4368cba89ed\",\"name\":\"UGT\",\"image\":{\"@type\":\"ImageObject\",\"inLanguage\":\"es\",\"@id\":\"https:\\\/\\\/secure.gravatar.com\\\/avatar\\\/2a16057d620a4c646bcfc171c4f23030879ebbdd346f0525bd5d4a564e57e13d?s=96&d=mm&r=g\",\"url\":\"https:\\\/\\\/secure.gravatar.com\\\/avatar\\\/2a16057d620a4c646bcfc171c4f23030879ebbdd346f0525bd5d4a564e57e13d?s=96&d=mm&r=g\",\"contentUrl\":\"https:\\\/\\\/secure.gravatar.com\\\/avatar\\\/2a16057d620a4c646bcfc171c4f23030879ebbdd346f0525bd5d4a564e57e13d?s=96&d=mm&r=g\",\"caption\":\"UGT\"}}]}<\/script>\n<!-- \/ Yoast SEO Premium plugin. -->","yoast_head_json":{"title":"La banda ancha en la Uni\u00f3n Europea, julio de 2017 - UGT Comunicaciones","description":"La Comisi\u00f3n Europea publica anualmente, normalmente en junio\/julio de cada ejercicio, una panor\u00e1mica sobre el estado de la Banda Ancha en el entorno de la Uni\u00f3n. En concreto, y tal y como estipula la propia CE, \u201ceste informe presenta las \u00faltimas estad\u00edsticas de los mercados de banda ancha europeos, incluido el...","robots":{"index":"index","follow":"follow","max-snippet":"max-snippet:-1","max-image-preview":"max-image-preview:large","max-video-preview":"max-video-preview:-1"},"canonical":"https:\/\/www.ugtcomunicaciones.es\/wordpress\/la-banda-ancha-la-union-europea-julio-2017\/","og_locale":"es_ES","og_type":"article","og_title":"La banda ancha en la Uni\u00f3n Europea, julio de 2017","og_description":"La Comisi\u00f3n Europea publica anualmente, normalmente en junio\/julio de cada ejercicio, una panor\u00e1mica sobre el estado de la Banda Ancha en el entorno de la Uni\u00f3n. En concreto, y tal y como estipula la propia CE, \u201ceste informe presenta las \u00faltimas estad\u00edsticas de los mercados de banda ancha europeos, incluido el...","og_url":"https:\/\/www.ugtcomunicaciones.es\/wordpress\/la-banda-ancha-la-union-europea-julio-2017\/","og_site_name":"UGT Comunicaciones","article_publisher":"https:\/\/www.facebook.com\/ugt.comunicaciones\/","article_published_time":"2018-03-19T06:00:08+00:00","og_image":[{"width":600,"height":496,"url":"https:\/\/www.ugtcomunicaciones.es\/wordpress\/wp-content\/uploads\/2018\/03\/banda-portada-19-03-18.jpg","type":"image\/jpeg"}],"author":"UGT","twitter_card":"summary_large_image","twitter_creator":"@ugtcom","twitter_site":"@ugtcom","twitter_misc":{"Escrito por":"UGT","Tiempo de lectura":"2 minutos"},"schema":{"@context":"https:\/\/schema.org","@graph":[{"@type":"Article","@id":"https:\/\/www.ugtcomunicaciones.es\/wordpress\/la-banda-ancha-la-union-europea-julio-2017\/#article","isPartOf":{"@id":"https:\/\/www.ugtcomunicaciones.es\/wordpress\/la-banda-ancha-la-union-europea-julio-2017\/"},"author":{"name":"UGT","@id":"https:\/\/www.ugtcomunicaciones.es\/wordpress\/#\/schema\/person\/eba0fc3fe5b444531d94d4368cba89ed"},"headline":"La banda ancha en la Uni\u00f3n Europea, julio de 2017","datePublished":"2018-03-19T06:00:08+00:00","mainEntityOfPage":{"@id":"https:\/\/www.ugtcomunicaciones.es\/wordpress\/la-banda-ancha-la-union-europea-julio-2017\/"},"wordCount":406,"publisher":{"@id":"https:\/\/www.ugtcomunicaciones.es\/wordpress\/#organization"},"image":{"@id":"https:\/\/www.ugtcomunicaciones.es\/wordpress\/la-banda-ancha-la-union-europea-julio-2017\/#primaryimage"},"thumbnailUrl":"https:\/\/www.ugtcomunicaciones.es\/wordpress\/wp-content\/uploads\/2018\/03\/banda-portada-19-03-18.jpg","articleSection":["Mercado Comunicaciones","Regulaci\u00f3n"],"inLanguage":"es"},{"@type":"WebPage","@id":"https:\/\/www.ugtcomunicaciones.es\/wordpress\/la-banda-ancha-la-union-europea-julio-2017\/","url":"https:\/\/www.ugtcomunicaciones.es\/wordpress\/la-banda-ancha-la-union-europea-julio-2017\/","name":"La banda ancha en la Uni\u00f3n Europea, julio de 2017 - UGT Comunicaciones","isPartOf":{"@id":"https:\/\/www.ugtcomunicaciones.es\/wordpress\/#website"},"primaryImageOfPage":{"@id":"https:\/\/www.ugtcomunicaciones.es\/wordpress\/la-banda-ancha-la-union-europea-julio-2017\/#primaryimage"},"image":{"@id":"https:\/\/www.ugtcomunicaciones.es\/wordpress\/la-banda-ancha-la-union-europea-julio-2017\/#primaryimage"},"thumbnailUrl":"https:\/\/www.ugtcomunicaciones.es\/wordpress\/wp-content\/uploads\/2018\/03\/banda-portada-19-03-18.jpg","datePublished":"2018-03-19T06:00:08+00:00","description":"La Comisi\u00f3n Europea publica anualmente, normalmente en junio\/julio de cada ejercicio, una panor\u00e1mica sobre el estado de la Banda Ancha en el entorno de la Uni\u00f3n. En concreto, y tal y como estipula la propia CE, \u201ceste informe presenta las \u00faltimas estad\u00edsticas de los mercados de banda ancha europeos, incluido el...","breadcrumb":{"@id":"https:\/\/www.ugtcomunicaciones.es\/wordpress\/la-banda-ancha-la-union-europea-julio-2017\/#breadcrumb"},"inLanguage":"es","potentialAction":[{"@type":"ReadAction","target":["https:\/\/www.ugtcomunicaciones.es\/wordpress\/la-banda-ancha-la-union-europea-julio-2017\/"]}]},{"@type":"ImageObject","inLanguage":"es","@id":"https:\/\/www.ugtcomunicaciones.es\/wordpress\/la-banda-ancha-la-union-europea-julio-2017\/#primaryimage","url":"https:\/\/www.ugtcomunicaciones.es\/wordpress\/wp-content\/uploads\/2018\/03\/banda-portada-19-03-18.jpg","contentUrl":"https:\/\/www.ugtcomunicaciones.es\/wordpress\/wp-content\/uploads\/2018\/03\/banda-portada-19-03-18.jpg","width":600,"height":496,"caption":"banda-portada-19-03-18"},{"@type":"BreadcrumbList","@id":"https:\/\/www.ugtcomunicaciones.es\/wordpress\/la-banda-ancha-la-union-europea-julio-2017\/#breadcrumb","itemListElement":[{"@type":"ListItem","position":1,"name":"Portada","item":"https:\/\/www.ugtcomunicaciones.es\/wordpress\/"},{"@type":"ListItem","position":2,"name":"La banda ancha en la Uni\u00f3n Europea, julio de 2017"}]},{"@type":"WebSite","@id":"https:\/\/www.ugtcomunicaciones.es\/wordpress\/#website","url":"https:\/\/www.ugtcomunicaciones.es\/wordpress\/","name":"UGT Comunicaciones","description":"Sindicato de Telecomunicaciones","publisher":{"@id":"https:\/\/www.ugtcomunicaciones.es\/wordpress\/#organization"},"potentialAction":[{"@type":"SearchAction","target":{"@type":"EntryPoint","urlTemplate":"https:\/\/www.ugtcomunicaciones.es\/wordpress\/?s={search_term_string}"},"query-input":{"@type":"PropertyValueSpecification","valueRequired":true,"valueName":"search_term_string"}}],"inLanguage":"es"},{"@type":"Organization","@id":"https:\/\/www.ugtcomunicaciones.es\/wordpress\/#organization","name":"UGT Comunicaciones","url":"https:\/\/www.ugtcomunicaciones.es\/wordpress\/","logo":{"@type":"ImageObject","inLanguage":"es","@id":"https:\/\/www.ugtcomunicaciones.es\/wordpress\/#\/schema\/logo\/image\/","url":"https:\/\/www.ugtcomunicaciones.es\/wordpress\/wp-content\/uploads\/2024\/04\/comunicaciones_logo.png","contentUrl":"https:\/\/www.ugtcomunicaciones.es\/wordpress\/wp-content\/uploads\/2024\/04\/comunicaciones_logo.png","width":298,"height":81,"caption":"UGT Comunicaciones"},"image":{"@id":"https:\/\/www.ugtcomunicaciones.es\/wordpress\/#\/schema\/logo\/image\/"},"sameAs":["https:\/\/www.facebook.com\/ugt.comunicaciones\/","https:\/\/x.com\/ugtcom"]},{"@type":"Person","@id":"https:\/\/www.ugtcomunicaciones.es\/wordpress\/#\/schema\/person\/eba0fc3fe5b444531d94d4368cba89ed","name":"UGT","image":{"@type":"ImageObject","inLanguage":"es","@id":"https:\/\/secure.gravatar.com\/avatar\/2a16057d620a4c646bcfc171c4f23030879ebbdd346f0525bd5d4a564e57e13d?s=96&d=mm&r=g","url":"https:\/\/secure.gravatar.com\/avatar\/2a16057d620a4c646bcfc171c4f23030879ebbdd346f0525bd5d4a564e57e13d?s=96&d=mm&r=g","contentUrl":"https:\/\/secure.gravatar.com\/avatar\/2a16057d620a4c646bcfc171c4f23030879ebbdd346f0525bd5d4a564e57e13d?s=96&d=mm&r=g","caption":"UGT"}}]}},"_links":{"self":[{"href":"https:\/\/www.ugtcomunicaciones.es\/wordpress\/wp-json\/wp\/v2\/posts\/117247","targetHints":{"allow":["GET"]}}],"collection":[{"href":"https:\/\/www.ugtcomunicaciones.es\/wordpress\/wp-json\/wp\/v2\/posts"}],"about":[{"href":"https:\/\/www.ugtcomunicaciones.es\/wordpress\/wp-json\/wp\/v2\/types\/post"}],"author":[{"embeddable":true,"href":"https:\/\/www.ugtcomunicaciones.es\/wordpress\/wp-json\/wp\/v2\/users\/3"}],"replies":[{"embeddable":true,"href":"https:\/\/www.ugtcomunicaciones.es\/wordpress\/wp-json\/wp\/v2\/comments?post=117247"}],"version-history":[{"count":0,"href":"https:\/\/www.ugtcomunicaciones.es\/wordpress\/wp-json\/wp\/v2\/posts\/117247\/revisions"}],"wp:featuredmedia":[{"embeddable":true,"href":"https:\/\/www.ugtcomunicaciones.es\/wordpress\/wp-json\/wp\/v2\/media\/117269"}],"wp:attachment":[{"href":"https:\/\/www.ugtcomunicaciones.es\/wordpress\/wp-json\/wp\/v2\/media?parent=117247"}],"wp:term":[{"taxonomy":"category","embeddable":true,"href":"https:\/\/www.ugtcomunicaciones.es\/wordpress\/wp-json\/wp\/v2\/categories?post=117247"},{"taxonomy":"post_tag","embeddable":true,"href":"https:\/\/www.ugtcomunicaciones.es\/wordpress\/wp-json\/wp\/v2\/tags?post=117247"}],"curies":[{"name":"wp","href":"https:\/\/api.w.org\/{rel}","templated":true}]}}