{"id":1201,"date":"2017-04-03T13:13:03","date_gmt":"2017-04-03T12:13:03","guid":{"rendered":"http:\/\/www.ugtcom.h2301842.stratoserver.net\/wordpress\/wordpress\/?p=1201"},"modified":"2017-06-26T12:47:33","modified_gmt":"2017-06-26T11:47:33","slug":"informe-la-sociedad-la-informacion-espana-2016","status":"publish","type":"post","link":"https:\/\/www.ugtcomunicaciones.es\/wordpress\/informe-la-sociedad-la-informacion-espana-2016\/","title":{"rendered":"Informe la sociedad de la informaci\u00f3n en Espa\u00f1a 2016"},"content":{"rendered":"<p style=\"text-align: justify;\">Como todos los a\u00f1os, la Fundaci\u00f3n Telef\u00f3nica acaba de presentar su informe sobre el estado de la Sociedad de la Informaci\u00f3n en Espa\u00f1a, en este caso correspondiente al ejercicio 2016 y que suma ya su decimos\u00e9ptima edici\u00f3n.<\/p>\n<p style=\"text-align: justify;\">El documento<a href=\"#_ftn1\" name=\"_ftnref1\">[1]<\/a> es un compendio de datos recogidos de multitud de<img decoding=\"async\" class=\"wp-image-1202 alignright lazyload\" data-src=\"http:\/\/www.ugtcom.h2301842.stratoserver.net\/wordpress\/wordpress\/wp-content\/uploads\/2017\/03\/siE16.png\" alt=\"\" width=\"153\" height=\"143\" src=\"data:image\/svg+xml;base64,PHN2ZyB3aWR0aD0iMSIgaGVpZ2h0PSIxIiB4bWxucz0iaHR0cDovL3d3dy53My5vcmcvMjAwMC9zdmciPjwvc3ZnPg==\" style=\"--smush-placeholder-width: 153px; --smush-placeholder-aspect-ratio: 153\/143;\" \/> organismos y fuentes oficiales (CNMC, ONTSI, INE, Eurostat, Agenda Digital, OCDE, ITU, etc.), los cuales ya hemos compartido y comentado en diferentes ocasiones a lo largo de los \u00faltimos meses. Sin embargo, existen noticias nuevas que consideramos importante destacar, a modo de s\u00edntesis, especialmente en el apartado referido a <em>Vida y Realidad Digital<\/em>.<\/p>\n<p style=\"text-align: justify;\"><strong>CONECTIVIDAD: ESPA\u00d1A CONSOLIDA EL LIDERAZGO EUROPEO EN INFRAESTRUCTURAS<\/strong><\/p>\n<ul style=\"text-align: justify;\">\n<li>El despliegue de fibra \u00f3ptica hasta el hogar supera los 22,6 millones de accesos, con un crecimiento del 23,1%.<\/li>\n<li>Por primera vez, el pasado mes de agosto el n\u00famero de l\u00edneas de nueva generaci\u00f3n (6,74 millones) super\u00f3 el n\u00famero de l\u00edneas ADSL (6,67 millones).<\/li>\n<li>En telefon\u00eda m\u00f3vil, el 95 % de la poblaci\u00f3n tiene cobertura 4G, 19 puntos m\u00e1s que un a\u00f1o antes. El tr\u00e1fico por la red 4G ha crecido un 208%.<\/li>\n<\/ul>\n<p style=\"text-align: justify;\"><strong>EL SMARTPHONE AUMENTA SU DOMINIO Y CRECE LA TV DE PAGO<\/strong><\/p>\n<ul style=\"text-align: justify;\">\n<li>El 91,7% de los internautas se conecta con un Smartphone, 3,5 puntos m\u00e1s que un a\u00f1o antes.<\/li>\n<li>El acceso con el ordenador cae 5,1 puntos hasta el 73,1% de los internautas.<\/li>\n<li>El 15,2% de los hogares se conectan a internet desde la televisi\u00f3n, y ya existen 5,8 millones de suscriptores de la TV de pago.<\/li>\n<\/ul>\n<p style=\"text-align: justify;\"><strong>TENDENCIAS DE COMPORTAMIENTO<\/strong><\/p>\n<ul style=\"text-align: justify;\">\n<li>La mensajer\u00eda instant\u00e1nea ya es utilizada por el 94,5 de los internautas y el \u00e1mbito de comunicaci\u00f3n con familiares y amigos se ampl\u00eda a la empresa.<\/li>\n<\/ul>\n<ul style=\"text-align: justify;\">\n<li>El 50,1% de los internautas (17,2 millones) han realizado compras por internet, un 4,2% m\u00e1s de compradores, y un 21,5% m\u00e1s en volumen de compra.<\/li>\n<\/ul>\n<p style=\"text-align: justify;\"><img decoding=\"async\" class=\"aligncenter wp-image-1203 size-full lazyload\" data-src=\"http:\/\/ugtcomunicaciones.es\/wordpress\/wp-content\/uploads\/2017\/03\/uso-internet.png\" alt=\"\" width=\"357\" height=\"598\" data-srcset=\"https:\/\/www.ugtcomunicaciones.es\/wordpress\/wp-content\/uploads\/2017\/03\/uso-internet.png 357w, https:\/\/www.ugtcomunicaciones.es\/wordpress\/wp-content\/uploads\/2017\/03\/uso-internet-179x300.png 179w, https:\/\/www.ugtcomunicaciones.es\/wordpress\/wp-content\/uploads\/2017\/03\/uso-internet-251x420.png 251w\" data-sizes=\"(max-width: 357px) 100vw, 357px\" src=\"data:image\/svg+xml;base64,PHN2ZyB3aWR0aD0iMSIgaGVpZ2h0PSIxIiB4bWxucz0iaHR0cDovL3d3dy53My5vcmcvMjAwMC9zdmciPjwvc3ZnPg==\" style=\"--smush-placeholder-width: 357px; --smush-placeholder-aspect-ratio: 357\/598;\" \/><\/p>\n<ul style=\"text-align: justify;\">\n<li>La digitalizaci\u00f3n sigue ganando terreno en todos los \u00e1mbitos, excepto en la lectura de libros. El 82,6% de los usuarios acceden a internet para la b\u00fasqueda de informaci\u00f3n sobre productos y servicios, el 80,1% para el uso del correo electr\u00f3nico y el 77,6% para la lectura de noticias.<\/li>\n<\/ul>\n<p style=\"text-align: justify;\"><img decoding=\"async\" class=\"aligncenter wp-image-1204 size-full lazyload\" data-src=\"http:\/\/ugtcomunicaciones.es\/wordpress\/wp-content\/uploads\/2017\/03\/dispositivos.png\" alt=\"\" width=\"642\" height=\"336\" data-srcset=\"https:\/\/www.ugtcomunicaciones.es\/wordpress\/wp-content\/uploads\/2017\/03\/dispositivos.png 642w, https:\/\/www.ugtcomunicaciones.es\/wordpress\/wp-content\/uploads\/2017\/03\/dispositivos-300x157.png 300w, https:\/\/www.ugtcomunicaciones.es\/wordpress\/wp-content\/uploads\/2017\/03\/dispositivos-640x336.png 640w\" data-sizes=\"(max-width: 642px) 100vw, 642px\" src=\"data:image\/svg+xml;base64,PHN2ZyB3aWR0aD0iMSIgaGVpZ2h0PSIxIiB4bWxucz0iaHR0cDovL3d3dy53My5vcmcvMjAwMC9zdmciPjwvc3ZnPg==\" style=\"--smush-placeholder-width: 642px; --smush-placeholder-aspect-ratio: 642\/336;\" \/><\/p>\n<ul style=\"text-align: justify;\">\n<li>El 79% de los internautas que tiene m\u00f3vil de empresa lo utiliza para su vida personal y el 68% instala aplicaciones personales en el m\u00f3vil de empresa.<\/li>\n<\/ul>\n<p style=\"text-align: justify;\"><img decoding=\"async\" class=\"aligncenter wp-image-1205 size-full lazyload\" data-src=\"http:\/\/ugtcomunicaciones.es\/wordpress\/wp-content\/uploads\/2017\/03\/uso-privado-movil-empresa.png\" alt=\"\" width=\"567\" height=\"209\" data-srcset=\"https:\/\/www.ugtcomunicaciones.es\/wordpress\/wp-content\/uploads\/2017\/03\/uso-privado-movil-empresa.png 567w, https:\/\/www.ugtcomunicaciones.es\/wordpress\/wp-content\/uploads\/2017\/03\/uso-privado-movil-empresa-300x111.png 300w\" data-sizes=\"(max-width: 567px) 100vw, 567px\" src=\"data:image\/svg+xml;base64,PHN2ZyB3aWR0aD0iMSIgaGVpZ2h0PSIxIiB4bWxucz0iaHR0cDovL3d3dy53My5vcmcvMjAwMC9zdmciPjwvc3ZnPg==\" style=\"--smush-placeholder-width: 567px; --smush-placeholder-aspect-ratio: 567\/209;\" \/><\/p>\n<ul style=\"text-align: justify;\">\n<li>El 37,9% de los internautas toma decisiones no planificadas sobre la marcha relacionada con el ocio.<\/li>\n<\/ul>\n<ul style=\"text-align: justify;\">\n<li>El v\u00eddeo se convierte en la estrella de la formaci\u00f3n: el 79,6 de los internautas recurren al v\u00eddeo con intenciones formativas, porcentaje que se eleva hasta el 95,1% en los j\u00f3venes entre 14 y 19 a\u00f1os.<\/li>\n<\/ul>\n<ul style=\"text-align: justify;\">\n<li>El m\u00f3vil derriba las \u00faltimas barreras entre el \u00e1mbito f\u00edsico y digital: entre los j\u00f3venes, el 43,9% de los internautas han encontrado buenos amigos, el 28,7% ha encontrado pareja, el 40,2% compa\u00f1eros profesionales y el 16,2% compa\u00f1eros para participar en actividades pol\u00edticas.<\/li>\n<\/ul>\n<p style=\"text-align: justify;\"><img decoding=\"async\" class=\"aligncenter wp-image-1206 size-full lazyload\" data-src=\"http:\/\/ugtcomunicaciones.es\/wordpress\/wp-content\/uploads\/2017\/03\/internautas.png\" alt=\"\" width=\"485\" height=\"399\" data-srcset=\"https:\/\/www.ugtcomunicaciones.es\/wordpress\/wp-content\/uploads\/2017\/03\/internautas.png 485w, https:\/\/www.ugtcomunicaciones.es\/wordpress\/wp-content\/uploads\/2017\/03\/internautas-300x247.png 300w\" data-sizes=\"(max-width: 485px) 100vw, 485px\" src=\"data:image\/svg+xml;base64,PHN2ZyB3aWR0aD0iMSIgaGVpZ2h0PSIxIiB4bWxucz0iaHR0cDovL3d3dy53My5vcmcvMjAwMC9zdmciPjwvc3ZnPg==\" style=\"--smush-placeholder-width: 485px; --smush-placeholder-aspect-ratio: 485\/399;\" \/><\/p>\n<ul style=\"text-align: justify;\">\n<li>El v\u00eddeo tambi\u00e9n avanza en la comunicaci\u00f3n: el uso de la videollamada aumenta un 106% entre los j\u00f3venes hasta ser utilizada por el 44,5% de los usuarios en este segmento de edad.<\/li>\n<\/ul>\n<ul style=\"text-align: justify;\">\n<li>El 86,2% desear\u00eda bloquear la publicidad mientras navega.<\/li>\n<\/ul>\n<ul style=\"text-align: justify;\">\n<li>Para preservar la privacidad, el 59,6% de los internautas desactiva el GPS de su m\u00f3vil, el 50,4 % \u201cgestiona\u201d sus contrase\u00f1as y el 48,7% desconecta o tapa sus c\u00e1maras web.<\/li>\n<\/ul>\n<ul>\n<li style=\"text-align: justify;\">En el caso de los j\u00f3venes, el 75,5% entre catorce y diecinueve a\u00f1os desconecta la webcam y el 70,3% desconecta el GPS para preservar su privacidad.\n<p style=\"text-align: justify;\"><img decoding=\"async\" class=\"aligncenter wp-image-1207 size-full lazyload\" data-src=\"http:\/\/ugtcomunicaciones.es\/wordpress\/wp-content\/uploads\/2017\/03\/privacidad.png\" alt=\"\" width=\"700\" height=\"410\" data-srcset=\"https:\/\/www.ugtcomunicaciones.es\/wordpress\/wp-content\/uploads\/2017\/03\/privacidad.png 700w, https:\/\/www.ugtcomunicaciones.es\/wordpress\/wp-content\/uploads\/2017\/03\/privacidad-300x176.png 300w, https:\/\/www.ugtcomunicaciones.es\/wordpress\/wp-content\/uploads\/2017\/03\/privacidad-640x375.png 640w, https:\/\/www.ugtcomunicaciones.es\/wordpress\/wp-content\/uploads\/2017\/03\/privacidad-681x400.png 681w\" data-sizes=\"(max-width: 700px) 100vw, 700px\" src=\"data:image\/svg+xml;base64,PHN2ZyB3aWR0aD0iMSIgaGVpZ2h0PSIxIiB4bWxucz0iaHR0cDovL3d3dy53My5vcmcvMjAwMC9zdmciPjwvc3ZnPg==\" style=\"--smush-placeholder-width: 700px; --smush-placeholder-aspect-ratio: 700\/410;\" \/><\/p>\n<\/li>\n<\/ul>\n<p><a href=\"#_ftnref1\" name=\"_ftn1\">[1]<\/a> <a href=\"http:\/\/www.fundaciontelefonica.com\/arte_cultura\/publicaciones-listado\/pagina-item-publicaciones\/itempubli\/483\/\" target=\"_blank\" rel=\"noopener noreferrer\">http:\/\/www.fundaciontelefonica.com\/arte_cultura\/publicaciones-listado\/pagina-item-publicaciones\/itempubli\/483\/<\/a><\/p>\n","protected":false},"excerpt":{"rendered":"<p>Como todos los a\u00f1os, la Fundaci\u00f3n Telef\u00f3nica acaba de presentar su informe sobre el estado de la Sociedad de la Informaci\u00f3n en Espa\u00f1a, en este caso correspondiente al ejercicio 2016 y que suma ya su decimos\u00e9ptima edici\u00f3n. El documento[1] es un compendio de datos recogidos de multitud de organismos y fuentes oficiales (CNMC, ONTSI, INE, [&hellip;]<\/p>\n","protected":false},"author":3,"featured_media":1230,"comment_status":"open","ping_status":"closed","sticky":false,"template":"","format":"standard","meta":{"footnotes":""},"categories":[16,12],"tags":[],"class_list":["post-1201","post","type-post","status-publish","format-standard","has-post-thumbnail","hentry","category-internet","category-regulacion"],"yoast_head":"<!-- This site is optimized with the Yoast SEO Premium plugin v27.3 (Yoast SEO v27.4) - https:\/\/yoast.com\/product\/yoast-seo-premium-wordpress\/ -->\n<title>Informe la sociedad de la informaci\u00f3n en Espa\u00f1a 2016 - UGT Comunicaciones<\/title>\n<meta name=\"robots\" content=\"index, follow, max-snippet:-1, max-image-preview:large, max-video-preview:-1\" \/>\n<link rel=\"canonical\" href=\"https:\/\/www.ugtcomunicaciones.es\/wordpress\/informe-la-sociedad-la-informacion-espana-2016\/\" \/>\n<meta property=\"og:locale\" content=\"es_ES\" \/>\n<meta property=\"og:type\" content=\"article\" \/>\n<meta property=\"og:title\" content=\"Informe la sociedad de la informaci\u00f3n en Espa\u00f1a 2016\" \/>\n<meta property=\"og:description\" content=\"Como todos los a\u00f1os, la Fundaci\u00f3n Telef\u00f3nica acaba de presentar su informe sobre el estado de la Sociedad de la Informaci\u00f3n en Espa\u00f1a, en este caso correspondiente al ejercicio 2016 y que suma ya su decimos\u00e9ptima edici\u00f3n. El documento[1] es un compendio de datos recogidos de multitud de organismos y fuentes oficiales (CNMC, ONTSI, INE, [&hellip;]\" \/>\n<meta property=\"og:url\" content=\"https:\/\/www.ugtcomunicaciones.es\/wordpress\/informe-la-sociedad-la-informacion-espana-2016\/\" \/>\n<meta property=\"og:site_name\" content=\"UGT Comunicaciones\" \/>\n<meta property=\"article:publisher\" content=\"https:\/\/www.facebook.com\/ugt.comunicaciones\/\" \/>\n<meta property=\"article:published_time\" content=\"2017-04-03T12:13:03+00:00\" \/>\n<meta property=\"article:modified_time\" content=\"2017-06-26T11:47:33+00:00\" \/>\n<meta property=\"og:image\" content=\"https:\/\/www.ugtcomunicaciones.es\/wordpress\/wp-content\/uploads\/2017\/04\/bloques-copia.png\" \/>\n\t<meta property=\"og:image:width\" content=\"730\" \/>\n\t<meta property=\"og:image:height\" content=\"411\" \/>\n\t<meta property=\"og:image:type\" content=\"image\/png\" \/>\n<meta name=\"author\" content=\"UGT\" \/>\n<meta name=\"twitter:card\" content=\"summary_large_image\" \/>\n<meta name=\"twitter:creator\" content=\"@ugtcom\" \/>\n<meta name=\"twitter:site\" content=\"@ugtcom\" \/>\n<meta name=\"twitter:label1\" content=\"Escrito por\" \/>\n\t<meta name=\"twitter:data1\" content=\"UGT\" \/>\n\t<meta name=\"twitter:label2\" content=\"Tiempo de lectura\" \/>\n\t<meta name=\"twitter:data2\" content=\"3 minutos\" \/>\n<script type=\"application\/ld+json\" class=\"yoast-schema-graph\">{\"@context\":\"https:\\\/\\\/schema.org\",\"@graph\":[{\"@type\":\"Article\",\"@id\":\"https:\\\/\\\/www.ugtcomunicaciones.es\\\/wordpress\\\/informe-la-sociedad-la-informacion-espana-2016\\\/#article\",\"isPartOf\":{\"@id\":\"https:\\\/\\\/www.ugtcomunicaciones.es\\\/wordpress\\\/informe-la-sociedad-la-informacion-espana-2016\\\/\"},\"author\":{\"name\":\"UGT\",\"@id\":\"https:\\\/\\\/www.ugtcomunicaciones.es\\\/wordpress\\\/#\\\/schema\\\/person\\\/eba0fc3fe5b444531d94d4368cba89ed\"},\"headline\":\"Informe la sociedad de la informaci\u00f3n en Espa\u00f1a 2016\",\"datePublished\":\"2017-04-03T12:13:03+00:00\",\"dateModified\":\"2017-06-26T11:47:33+00:00\",\"mainEntityOfPage\":{\"@id\":\"https:\\\/\\\/www.ugtcomunicaciones.es\\\/wordpress\\\/informe-la-sociedad-la-informacion-espana-2016\\\/\"},\"wordCount\":599,\"commentCount\":0,\"publisher\":{\"@id\":\"https:\\\/\\\/www.ugtcomunicaciones.es\\\/wordpress\\\/#organization\"},\"image\":{\"@id\":\"https:\\\/\\\/www.ugtcomunicaciones.es\\\/wordpress\\\/informe-la-sociedad-la-informacion-espana-2016\\\/#primaryimage\"},\"thumbnailUrl\":\"https:\\\/\\\/www.ugtcomunicaciones.es\\\/wordpress\\\/wp-content\\\/uploads\\\/2017\\\/04\\\/bloques-copia.png\",\"articleSection\":[\"Internet\",\"Regulaci\u00f3n\"],\"inLanguage\":\"es\",\"potentialAction\":[{\"@type\":\"CommentAction\",\"name\":\"Comment\",\"target\":[\"https:\\\/\\\/www.ugtcomunicaciones.es\\\/wordpress\\\/informe-la-sociedad-la-informacion-espana-2016\\\/#respond\"]}]},{\"@type\":\"WebPage\",\"@id\":\"https:\\\/\\\/www.ugtcomunicaciones.es\\\/wordpress\\\/informe-la-sociedad-la-informacion-espana-2016\\\/\",\"url\":\"https:\\\/\\\/www.ugtcomunicaciones.es\\\/wordpress\\\/informe-la-sociedad-la-informacion-espana-2016\\\/\",\"name\":\"Informe la sociedad de la informaci\u00f3n en Espa\u00f1a 2016 - UGT Comunicaciones\",\"isPartOf\":{\"@id\":\"https:\\\/\\\/www.ugtcomunicaciones.es\\\/wordpress\\\/#website\"},\"primaryImageOfPage\":{\"@id\":\"https:\\\/\\\/www.ugtcomunicaciones.es\\\/wordpress\\\/informe-la-sociedad-la-informacion-espana-2016\\\/#primaryimage\"},\"image\":{\"@id\":\"https:\\\/\\\/www.ugtcomunicaciones.es\\\/wordpress\\\/informe-la-sociedad-la-informacion-espana-2016\\\/#primaryimage\"},\"thumbnailUrl\":\"https:\\\/\\\/www.ugtcomunicaciones.es\\\/wordpress\\\/wp-content\\\/uploads\\\/2017\\\/04\\\/bloques-copia.png\",\"datePublished\":\"2017-04-03T12:13:03+00:00\",\"dateModified\":\"2017-06-26T11:47:33+00:00\",\"breadcrumb\":{\"@id\":\"https:\\\/\\\/www.ugtcomunicaciones.es\\\/wordpress\\\/informe-la-sociedad-la-informacion-espana-2016\\\/#breadcrumb\"},\"inLanguage\":\"es\",\"potentialAction\":[{\"@type\":\"ReadAction\",\"target\":[\"https:\\\/\\\/www.ugtcomunicaciones.es\\\/wordpress\\\/informe-la-sociedad-la-informacion-espana-2016\\\/\"]}]},{\"@type\":\"ImageObject\",\"inLanguage\":\"es\",\"@id\":\"https:\\\/\\\/www.ugtcomunicaciones.es\\\/wordpress\\\/informe-la-sociedad-la-informacion-espana-2016\\\/#primaryimage\",\"url\":\"https:\\\/\\\/www.ugtcomunicaciones.es\\\/wordpress\\\/wp-content\\\/uploads\\\/2017\\\/04\\\/bloques-copia.png\",\"contentUrl\":\"https:\\\/\\\/www.ugtcomunicaciones.es\\\/wordpress\\\/wp-content\\\/uploads\\\/2017\\\/04\\\/bloques-copia.png\",\"width\":730,\"height\":411},{\"@type\":\"BreadcrumbList\",\"@id\":\"https:\\\/\\\/www.ugtcomunicaciones.es\\\/wordpress\\\/informe-la-sociedad-la-informacion-espana-2016\\\/#breadcrumb\",\"itemListElement\":[{\"@type\":\"ListItem\",\"position\":1,\"name\":\"Portada\",\"item\":\"https:\\\/\\\/www.ugtcomunicaciones.es\\\/wordpress\\\/\"},{\"@type\":\"ListItem\",\"position\":2,\"name\":\"Informe la sociedad de la informaci\u00f3n en Espa\u00f1a 2016\"}]},{\"@type\":\"WebSite\",\"@id\":\"https:\\\/\\\/www.ugtcomunicaciones.es\\\/wordpress\\\/#website\",\"url\":\"https:\\\/\\\/www.ugtcomunicaciones.es\\\/wordpress\\\/\",\"name\":\"UGT Comunicaciones\",\"description\":\"Sindicato de Telecomunicaciones\",\"publisher\":{\"@id\":\"https:\\\/\\\/www.ugtcomunicaciones.es\\\/wordpress\\\/#organization\"},\"potentialAction\":[{\"@type\":\"SearchAction\",\"target\":{\"@type\":\"EntryPoint\",\"urlTemplate\":\"https:\\\/\\\/www.ugtcomunicaciones.es\\\/wordpress\\\/?s={search_term_string}\"},\"query-input\":{\"@type\":\"PropertyValueSpecification\",\"valueRequired\":true,\"valueName\":\"search_term_string\"}}],\"inLanguage\":\"es\"},{\"@type\":\"Organization\",\"@id\":\"https:\\\/\\\/www.ugtcomunicaciones.es\\\/wordpress\\\/#organization\",\"name\":\"UGT Comunicaciones\",\"url\":\"https:\\\/\\\/www.ugtcomunicaciones.es\\\/wordpress\\\/\",\"logo\":{\"@type\":\"ImageObject\",\"inLanguage\":\"es\",\"@id\":\"https:\\\/\\\/www.ugtcomunicaciones.es\\\/wordpress\\\/#\\\/schema\\\/logo\\\/image\\\/\",\"url\":\"https:\\\/\\\/www.ugtcomunicaciones.es\\\/wordpress\\\/wp-content\\\/uploads\\\/2024\\\/04\\\/comunicaciones_logo.png\",\"contentUrl\":\"https:\\\/\\\/www.ugtcomunicaciones.es\\\/wordpress\\\/wp-content\\\/uploads\\\/2024\\\/04\\\/comunicaciones_logo.png\",\"width\":298,\"height\":81,\"caption\":\"UGT Comunicaciones\"},\"image\":{\"@id\":\"https:\\\/\\\/www.ugtcomunicaciones.es\\\/wordpress\\\/#\\\/schema\\\/logo\\\/image\\\/\"},\"sameAs\":[\"https:\\\/\\\/www.facebook.com\\\/ugt.comunicaciones\\\/\",\"https:\\\/\\\/x.com\\\/ugtcom\"]},{\"@type\":\"Person\",\"@id\":\"https:\\\/\\\/www.ugtcomunicaciones.es\\\/wordpress\\\/#\\\/schema\\\/person\\\/eba0fc3fe5b444531d94d4368cba89ed\",\"name\":\"UGT\",\"image\":{\"@type\":\"ImageObject\",\"inLanguage\":\"es\",\"@id\":\"https:\\\/\\\/secure.gravatar.com\\\/avatar\\\/2a16057d620a4c646bcfc171c4f23030879ebbdd346f0525bd5d4a564e57e13d?s=96&d=mm&r=g\",\"url\":\"https:\\\/\\\/secure.gravatar.com\\\/avatar\\\/2a16057d620a4c646bcfc171c4f23030879ebbdd346f0525bd5d4a564e57e13d?s=96&d=mm&r=g\",\"contentUrl\":\"https:\\\/\\\/secure.gravatar.com\\\/avatar\\\/2a16057d620a4c646bcfc171c4f23030879ebbdd346f0525bd5d4a564e57e13d?s=96&d=mm&r=g\",\"caption\":\"UGT\"}}]}<\/script>\n<!-- \/ Yoast SEO Premium plugin. -->","yoast_head_json":{"title":"Informe la sociedad de la informaci\u00f3n en Espa\u00f1a 2016 - UGT Comunicaciones","robots":{"index":"index","follow":"follow","max-snippet":"max-snippet:-1","max-image-preview":"max-image-preview:large","max-video-preview":"max-video-preview:-1"},"canonical":"https:\/\/www.ugtcomunicaciones.es\/wordpress\/informe-la-sociedad-la-informacion-espana-2016\/","og_locale":"es_ES","og_type":"article","og_title":"Informe la sociedad de la informaci\u00f3n en Espa\u00f1a 2016","og_description":"Como todos los a\u00f1os, la Fundaci\u00f3n Telef\u00f3nica acaba de presentar su informe sobre el estado de la Sociedad de la Informaci\u00f3n en Espa\u00f1a, en este caso correspondiente al ejercicio 2016 y que suma ya su decimos\u00e9ptima edici\u00f3n. El documento[1] es un compendio de datos recogidos de multitud de organismos y fuentes oficiales (CNMC, ONTSI, INE, [&hellip;]","og_url":"https:\/\/www.ugtcomunicaciones.es\/wordpress\/informe-la-sociedad-la-informacion-espana-2016\/","og_site_name":"UGT Comunicaciones","article_publisher":"https:\/\/www.facebook.com\/ugt.comunicaciones\/","article_published_time":"2017-04-03T12:13:03+00:00","article_modified_time":"2017-06-26T11:47:33+00:00","og_image":[{"width":730,"height":411,"url":"https:\/\/www.ugtcomunicaciones.es\/wordpress\/wp-content\/uploads\/2017\/04\/bloques-copia.png","type":"image\/png"}],"author":"UGT","twitter_card":"summary_large_image","twitter_creator":"@ugtcom","twitter_site":"@ugtcom","twitter_misc":{"Escrito por":"UGT","Tiempo de lectura":"3 minutos"},"schema":{"@context":"https:\/\/schema.org","@graph":[{"@type":"Article","@id":"https:\/\/www.ugtcomunicaciones.es\/wordpress\/informe-la-sociedad-la-informacion-espana-2016\/#article","isPartOf":{"@id":"https:\/\/www.ugtcomunicaciones.es\/wordpress\/informe-la-sociedad-la-informacion-espana-2016\/"},"author":{"name":"UGT","@id":"https:\/\/www.ugtcomunicaciones.es\/wordpress\/#\/schema\/person\/eba0fc3fe5b444531d94d4368cba89ed"},"headline":"Informe la sociedad de la informaci\u00f3n en Espa\u00f1a 2016","datePublished":"2017-04-03T12:13:03+00:00","dateModified":"2017-06-26T11:47:33+00:00","mainEntityOfPage":{"@id":"https:\/\/www.ugtcomunicaciones.es\/wordpress\/informe-la-sociedad-la-informacion-espana-2016\/"},"wordCount":599,"commentCount":0,"publisher":{"@id":"https:\/\/www.ugtcomunicaciones.es\/wordpress\/#organization"},"image":{"@id":"https:\/\/www.ugtcomunicaciones.es\/wordpress\/informe-la-sociedad-la-informacion-espana-2016\/#primaryimage"},"thumbnailUrl":"https:\/\/www.ugtcomunicaciones.es\/wordpress\/wp-content\/uploads\/2017\/04\/bloques-copia.png","articleSection":["Internet","Regulaci\u00f3n"],"inLanguage":"es","potentialAction":[{"@type":"CommentAction","name":"Comment","target":["https:\/\/www.ugtcomunicaciones.es\/wordpress\/informe-la-sociedad-la-informacion-espana-2016\/#respond"]}]},{"@type":"WebPage","@id":"https:\/\/www.ugtcomunicaciones.es\/wordpress\/informe-la-sociedad-la-informacion-espana-2016\/","url":"https:\/\/www.ugtcomunicaciones.es\/wordpress\/informe-la-sociedad-la-informacion-espana-2016\/","name":"Informe la sociedad de la informaci\u00f3n en Espa\u00f1a 2016 - UGT Comunicaciones","isPartOf":{"@id":"https:\/\/www.ugtcomunicaciones.es\/wordpress\/#website"},"primaryImageOfPage":{"@id":"https:\/\/www.ugtcomunicaciones.es\/wordpress\/informe-la-sociedad-la-informacion-espana-2016\/#primaryimage"},"image":{"@id":"https:\/\/www.ugtcomunicaciones.es\/wordpress\/informe-la-sociedad-la-informacion-espana-2016\/#primaryimage"},"thumbnailUrl":"https:\/\/www.ugtcomunicaciones.es\/wordpress\/wp-content\/uploads\/2017\/04\/bloques-copia.png","datePublished":"2017-04-03T12:13:03+00:00","dateModified":"2017-06-26T11:47:33+00:00","breadcrumb":{"@id":"https:\/\/www.ugtcomunicaciones.es\/wordpress\/informe-la-sociedad-la-informacion-espana-2016\/#breadcrumb"},"inLanguage":"es","potentialAction":[{"@type":"ReadAction","target":["https:\/\/www.ugtcomunicaciones.es\/wordpress\/informe-la-sociedad-la-informacion-espana-2016\/"]}]},{"@type":"ImageObject","inLanguage":"es","@id":"https:\/\/www.ugtcomunicaciones.es\/wordpress\/informe-la-sociedad-la-informacion-espana-2016\/#primaryimage","url":"https:\/\/www.ugtcomunicaciones.es\/wordpress\/wp-content\/uploads\/2017\/04\/bloques-copia.png","contentUrl":"https:\/\/www.ugtcomunicaciones.es\/wordpress\/wp-content\/uploads\/2017\/04\/bloques-copia.png","width":730,"height":411},{"@type":"BreadcrumbList","@id":"https:\/\/www.ugtcomunicaciones.es\/wordpress\/informe-la-sociedad-la-informacion-espana-2016\/#breadcrumb","itemListElement":[{"@type":"ListItem","position":1,"name":"Portada","item":"https:\/\/www.ugtcomunicaciones.es\/wordpress\/"},{"@type":"ListItem","position":2,"name":"Informe la sociedad de la informaci\u00f3n en Espa\u00f1a 2016"}]},{"@type":"WebSite","@id":"https:\/\/www.ugtcomunicaciones.es\/wordpress\/#website","url":"https:\/\/www.ugtcomunicaciones.es\/wordpress\/","name":"UGT Comunicaciones","description":"Sindicato de Telecomunicaciones","publisher":{"@id":"https:\/\/www.ugtcomunicaciones.es\/wordpress\/#organization"},"potentialAction":[{"@type":"SearchAction","target":{"@type":"EntryPoint","urlTemplate":"https:\/\/www.ugtcomunicaciones.es\/wordpress\/?s={search_term_string}"},"query-input":{"@type":"PropertyValueSpecification","valueRequired":true,"valueName":"search_term_string"}}],"inLanguage":"es"},{"@type":"Organization","@id":"https:\/\/www.ugtcomunicaciones.es\/wordpress\/#organization","name":"UGT Comunicaciones","url":"https:\/\/www.ugtcomunicaciones.es\/wordpress\/","logo":{"@type":"ImageObject","inLanguage":"es","@id":"https:\/\/www.ugtcomunicaciones.es\/wordpress\/#\/schema\/logo\/image\/","url":"https:\/\/www.ugtcomunicaciones.es\/wordpress\/wp-content\/uploads\/2024\/04\/comunicaciones_logo.png","contentUrl":"https:\/\/www.ugtcomunicaciones.es\/wordpress\/wp-content\/uploads\/2024\/04\/comunicaciones_logo.png","width":298,"height":81,"caption":"UGT Comunicaciones"},"image":{"@id":"https:\/\/www.ugtcomunicaciones.es\/wordpress\/#\/schema\/logo\/image\/"},"sameAs":["https:\/\/www.facebook.com\/ugt.comunicaciones\/","https:\/\/x.com\/ugtcom"]},{"@type":"Person","@id":"https:\/\/www.ugtcomunicaciones.es\/wordpress\/#\/schema\/person\/eba0fc3fe5b444531d94d4368cba89ed","name":"UGT","image":{"@type":"ImageObject","inLanguage":"es","@id":"https:\/\/secure.gravatar.com\/avatar\/2a16057d620a4c646bcfc171c4f23030879ebbdd346f0525bd5d4a564e57e13d?s=96&d=mm&r=g","url":"https:\/\/secure.gravatar.com\/avatar\/2a16057d620a4c646bcfc171c4f23030879ebbdd346f0525bd5d4a564e57e13d?s=96&d=mm&r=g","contentUrl":"https:\/\/secure.gravatar.com\/avatar\/2a16057d620a4c646bcfc171c4f23030879ebbdd346f0525bd5d4a564e57e13d?s=96&d=mm&r=g","caption":"UGT"}}]}},"_links":{"self":[{"href":"https:\/\/www.ugtcomunicaciones.es\/wordpress\/wp-json\/wp\/v2\/posts\/1201","targetHints":{"allow":["GET"]}}],"collection":[{"href":"https:\/\/www.ugtcomunicaciones.es\/wordpress\/wp-json\/wp\/v2\/posts"}],"about":[{"href":"https:\/\/www.ugtcomunicaciones.es\/wordpress\/wp-json\/wp\/v2\/types\/post"}],"author":[{"embeddable":true,"href":"https:\/\/www.ugtcomunicaciones.es\/wordpress\/wp-json\/wp\/v2\/users\/3"}],"replies":[{"embeddable":true,"href":"https:\/\/www.ugtcomunicaciones.es\/wordpress\/wp-json\/wp\/v2\/comments?post=1201"}],"version-history":[{"count":0,"href":"https:\/\/www.ugtcomunicaciones.es\/wordpress\/wp-json\/wp\/v2\/posts\/1201\/revisions"}],"wp:featuredmedia":[{"embeddable":true,"href":"https:\/\/www.ugtcomunicaciones.es\/wordpress\/wp-json\/wp\/v2\/media\/1230"}],"wp:attachment":[{"href":"https:\/\/www.ugtcomunicaciones.es\/wordpress\/wp-json\/wp\/v2\/media?parent=1201"}],"wp:term":[{"taxonomy":"category","embeddable":true,"href":"https:\/\/www.ugtcomunicaciones.es\/wordpress\/wp-json\/wp\/v2\/categories?post=1201"},{"taxonomy":"post_tag","embeddable":true,"href":"https:\/\/www.ugtcomunicaciones.es\/wordpress\/wp-json\/wp\/v2\/tags?post=1201"}],"curies":[{"name":"wp","href":"https:\/\/api.w.org\/{rel}","templated":true}]}}