{"id":124013,"date":"2018-04-02T08:00:36","date_gmt":"2018-04-02T06:00:36","guid":{"rendered":"http:\/\/ugtcomunicaciones.es\/wordpress\/?p=124013"},"modified":"2018-03-20T19:37:54","modified_gmt":"2018-03-20T17:37:54","slug":"ugt-participa-en-el-grupo-de-regulacion-sectorial-de-uni-icts","status":"publish","type":"post","link":"https:\/\/www.ugtcomunicaciones.es\/wordpress\/ugt-participa-en-el-grupo-de-regulacion-sectorial-de-uni-icts\/","title":{"rendered":"UGT participa en el grupo de regulaci\u00f3n sectorial de UNI-ICTS"},"content":{"rendered":"<p style=\"text-align: justify;\"><img decoding=\"async\" class=\"size-full wp-image-47977 alignleft lazyload\" data-src=\"http:\/\/ugtcomunicaciones.es\/wordpress\/wp-content\/uploads\/2017\/10\/logo_uni.png\" alt=\"logo_uni\" width=\"66\" height=\"131\" src=\"data:image\/svg+xml;base64,PHN2ZyB3aWR0aD0iMSIgaGVpZ2h0PSIxIiB4bWxucz0iaHR0cDovL3d3dy53My5vcmcvMjAwMC9zdmciPjwvc3ZnPg==\" style=\"--smush-placeholder-width: 66px; --smush-placeholder-aspect-ratio: 66\/131;\" \/>El pasado jueves 14 de marzo se constituy\u00f3 en Bruselas el grupo de trabajo sobre regulaci\u00f3n en el sector de las comunicaciones, celebr\u00e1ndose un taller al que acudieron representantes de Austria, B\u00e9lgica, Finlandia, Francia, Alemania, Islandia, Rumania, Suecia, Reino Unido, Suiza y, por Espa\u00f1a, \u00fanicamente <span style=\"color: #ff0000;\"><strong>UGT<\/strong><\/span>.<\/p>\n<p style=\"text-align: justify;\">La reuni\u00f3n se articul\u00f3 sobre estos puntos del orden del d\u00eda:<\/p>\n<ol style=\"text-align: justify;\">\n<li><strong>Understanding EU lobbying. <\/strong>Overview: How to lobby the European institutions? Current UNI Europa lobbying campaig<\/li>\n<\/ol>\n<p style=\"text-align: justify;\"><img decoding=\"async\" class=\"size-full wp-image-124014 alignright lazyload\" data-src=\"http:\/\/ugtcomunicaciones.es\/wordpress\/wp-content\/uploads\/2018\/03\/ugt-grupo-01-02-04-18.png\" alt=\"ugt-grupo-01-02-04-18\" width=\"142\" height=\"126\" src=\"data:image\/svg+xml;base64,PHN2ZyB3aWR0aD0iMSIgaGVpZ2h0PSIxIiB4bWxucz0iaHR0cDovL3d3dy53My5vcmcvMjAwMC9zdmciPjwvc3ZnPg==\" style=\"--smush-placeholder-width: 142px; --smush-placeholder-aspect-ratio: 142\/126;\" \/>El primer objetivo era poner a los participantes del taller dentro del contexto europeo, las instituciones que componen la Uni\u00f3n, el reparto por grupos pol\u00edticos del Parlamento europeo, la situaci\u00f3n generada tras el Brexit, y por \u00faltimo, explicar los mecanismos de codecisi\u00f3n vigentes en el espectro comunitario.<\/p>\n<p style=\"text-align: justify;\">Una vez puesto el contexto, UNI explic\u00f3 c\u00f3mo se realiza su trabajo dentro de la maquinaria europea, con ejemplos sobre c\u00f3mo hemos influido en regulaciones sectoriales, directivas comunitarias y otros reglamentos de importancia europea.<\/p>\n<ol style=\"text-align: justify;\" start=\"2\">\n<li>ICTS: Our experience with regulation and lobbying<\/li>\n<\/ol>\n<p style=\"text-align: justify;\">En este paso, se ha hecho un exhaustivo repaso del papel de UNI en las diferentes reformas del Paquete Telecom y sobre otras reglamentaciones importantes (e-Privacy o Digital Skills Coalition) y las acciones realizadas en cada una de ellas. Una de las tareas pendientes es la redacci\u00f3n de un nuevo documento de posicionamiento conjunto con ETNO, en l\u00ednea con el firmado en julio pasado<a href=\"#_ftn1\" name=\"_ftnref1\">[1]<\/a>, sobre el estado de las negociaciones del futuro C\u00f3digo Europeo de Comunicaciones Electr\u00f3nicas.<\/p>\n<p style=\"text-align: justify;\">UNI puso como ejemplo a seguir las acciones e iniciativas de <span style=\"color: #ff0000;\"><strong>UGT<\/strong><\/span>, en concreto, sobre las diferentes revisiones de la norma sectorial de telecomunicaciones europea<a href=\"#_ftn2\" name=\"_ftnref2\">[2]<\/a> y nuestras reuniones con parlamentarios europeos y con el gobierno de Espa\u00f1a<a href=\"#_ftn3\" name=\"_ftnref3\">[3]<\/a>.<\/p>\n<p style=\"text-align: justify;\">La coordinadora desglos\u00f3 varios de los retos a los que se enfrenta el Grupo ante la regulaci\u00f3n:<\/p>\n<ul style=\"text-align: justify;\">\n<li>Retos Internos: El principal es identificar aquellas personas con conocimientos y experiencia entre los sindicatos afiliados. Los reglamentos son muy t\u00e9cnicos, \u00e1ridos y es dif\u00edcil encontrar personas con perspectiva sindical que puedan interpretarlos y darles una lectura social. Adem\u00e1s, se detecta poco inter\u00e9s a nivel sindical sobre estos temas clave, a pesar de su importancia para el futuro del empleo en las operadoras. As\u00ed, y en Espa\u00f1a lo sabemos bien con la incomparecencia del resto de sindicatos, casi nadie dedica tiempo o recursos a esta parte transcendental de nuestra actividad. Finalmente, emerge la necesidad de abreviar los tiempos de decisi\u00f3n interna, en muchas ocasiones excesivamente largos y complejos.<\/li>\n<li>Retos Externos: Se explican las dificultades para mantener un contacto recurrente y continuo con las instituciones de la UE, muchas veces con agendas impenetrables. Adem\u00e1s, existe una fort\u00edsima competencia con el resto de lobbies, especialmente empresas y patronales, que disponen de m\u00e1s recursos, m\u00e1s personal, m\u00e1s tiempo y una presencia continua en Bruselas. Cada operadora tiene al menos una persona dedicada a tal fin en la capital europea, adem\u00e1s de los representantes de las cuatro patronales sectoriales, lo que hace un equipo numeroso y muy potente con el que es muy dif\u00edcil competir.<\/li>\n<\/ul>\n<ol style=\"text-align: justify;\" start=\"3\">\n<li>Affiliates\u2019 examples of lobbying and regulatory affairs<\/li>\n<\/ol>\n<p style=\"text-align: justify;\">Se realizan tres intervenciones explicando experiencias que pueden describirse como de buenas pr\u00e1cticas. Karri Lybeck, del sindicato finland\u00e9s PRO, versa un interesante ejemplo de presi\u00f3n conjunta entre sindicatos, patronales y autoridades locales para cambiar una decisi\u00f3n europea, mientras que Christoph Heil, del sindicato alem\u00e1n ver.di, afirma que la colaboraci\u00f3n entre los sindicatos europeos es clave para modificar las decisiones de los reguladores europeos.<\/p>\n<p style=\"text-align: justify;\">UGT, invitada por UNI a explicar nuestra experiencia en este foro, realiza una presentaci\u00f3n en la que explicamos que, en un contexto espa\u00f1ol de fort\u00edsima destrucci\u00f3n de empleo sectorial y crisis econ\u00f3mica, hemos adoptado una postura de presi\u00f3n regulatoria ante los entes europeos y nacionales en base a tres premisas fundamentales: <strong><em>La regulaci\u00f3n tiene que perseguir e impulsar un crecimiento econ\u00f3mico basado en la creaci\u00f3n permanente de empleo de calidad<\/em><\/strong>,<strong><em> La competencia debe convertirse en un instrumento que garantice el empleo <\/em><\/strong>y<strong><em> No s\u00f3lo se debe invertir en redes, sino que tambi\u00e9n es necesario invertir en personas<\/em><\/strong>.<\/p>\n<p style=\"text-align: justify;\">Sobre estos ejes, hemos construido un Modelo de Sector<a href=\"#_ftn4\" name=\"_ftnref4\">[4]<\/a> viable, sostenible, social y volcado en el empleo de calidad y en el cierre de la Brecha Digital, que estamos defendiendo ante instituciones p\u00fablicas y privadas. Adem\u00e1s, hemos organizado eventos con influyentes actores del sector para explicar nuestro posicionamiento y defender nuestra visi\u00f3n<a href=\"#_ftn5\" name=\"_ftnref5\">[5]<\/a>, acompa\u00f1adas de diversas e influyentes publicaciones, que se visualizan en nuestro Bolet\u00edn quincenal de noticias, un aut\u00e9ntico referente en Espa\u00f1a en opini\u00f3n y cr\u00edtica de la actualidad sectorial.<\/p>\n<p style=\"text-align: justify;\">El Modelo de UGT ha sido, de nuevo, bienvenido por el resto de componentes del grupo, que lo tomar\u00e1n en consideraci\u00f3n prioritaria a la hora de construir el documento base de posicionamiento del Grupo y de UNI ICTS.<\/p>\n<p style=\"text-align: justify;\">Finalmente, se han realizado una serie de grupos de conversaci\u00f3n e intercambio de ideas, que han elevado una serie de iniciativas e ideas al Comit\u00e9 Director para su consideraci\u00f3n, de las cuales iremos dando buena cuenta a medida que vayan cristalizando.<\/p>\n<h3 style=\"text-align: right;\"><span style=\"color: #ff0000;\"><strong>UGT<\/strong><\/span><strong> Comunicaciones<\/strong><\/h3>\n<p>&nbsp;<\/p>\n<p><span style=\"font-size: xx-small;\"><a href=\"#_ftnref1\" name=\"_ftn1\">[1]<\/a> <a href=\"http:\/\/ugtcomunicaciones.es\/wordpress\/ugt-uni-la-principal-patronal-europea-telecomunicaciones-claman-marco-regulador-estimule-empleo-crecimiento-economico-primer-acuerdo-estas-caracteristicas-sector\/\" target=\"_blank\" rel=\"noopener\">http:\/\/ugtcomunicaciones.es\/wordpress\/ugt-uni-la-principal-patronal-europea-telecomunicaciones-claman-marco-regulador-estimule-empleo-crecimiento-economico-primer-acuerdo-estas-caracteristicas-sector\/<\/a><br \/>\n<a href=\"#_ftnref2\" name=\"_ftn2\">[2]<\/a> <a href=\"http:\/\/ugtcomunicaciones.es\/wordpress\/paso-atras-europa-peligro-empleo-sector\/\" target=\"_blank\" rel=\"noopener\">http:\/\/ugtcomunicaciones.es\/wordpress\/paso-atras-europa-peligro-empleo-sector\/<\/a><br \/>\n<a href=\"#_ftnref3\" name=\"_ftn3\">[3]<\/a> <a href=\"http:\/\/ugtcomunicaciones.es\/wordpress\/1525-2\/\" target=\"_blank\" rel=\"noopener\">http:\/\/ugtcomunicaciones.es\/wordpress\/1525-2\/<\/a>; <a href=\"http:\/\/ugtcomunicaciones.es\/wordpress\/ugt-lleva-al-secretario-estado-agenda-digital-la-voz-los-trabajadores-del-sector\/\" target=\"_blank\" rel=\"noopener\">http:\/\/ugtcomunicaciones.es\/wordpress\/ugt-lleva-al-secretario-estado-agenda-digital-la-voz-los-trabajadores-del-sector\/<\/a><br \/>\n<a href=\"#_ftnref4\" name=\"_ftn4\">[4]<\/a> <a href=\"http:\/\/ugtcomunicaciones.es\/wordpress\/ugt-defiende-ante-ministro-agenda-digital-modelo-sector-basado-empleo-calidad\/\" target=\"_blank\" rel=\"noopener\">http:\/\/ugtcomunicaciones.es\/wordpress\/ugt-defiende-ante-ministro-agenda-digital-modelo-sector-basado-empleo-calidad\/<\/a><br \/>\n<a href=\"#_ftnref5\" name=\"_ftn5\">[5]<\/a> <a href=\"http:\/\/ugt-comunicaciones-madrid.es\/2016\/05\/el-papel-de-los-operadores-de-telecomunicaciones-en-la-era-digital\/\" target=\"_blank\" rel=\"noopener\">http:\/\/ugt-comunicaciones-madrid.es\/2016\/05\/el-papel-de-los-operadores-de-telecomunicaciones-en-la-era-digital\/<\/a><\/span><\/p>\n","protected":false},"excerpt":{"rendered":"<p>El pasado jueves 14 de marzo se constituy\u00f3 en Bruselas el grupo de trabajo sobre regulaci\u00f3n en el sector de las comunicaciones, celebr\u00e1ndose un taller al que acudieron representantes de Austria, B\u00e9lgica, Finlandia, Francia, Alemania, Islandia, Rumania, Suecia, Reino Unido, Suiza y, por Espa\u00f1a, \u00fanicamente UGT. La reuni\u00f3n se articul\u00f3 sobre estos puntos del orden [&hellip;]<\/p>\n","protected":false},"author":3,"featured_media":124015,"comment_status":"closed","ping_status":"closed","sticky":false,"template":"","format":"standard","meta":{"footnotes":""},"categories":[13,12],"tags":[],"class_list":["post-124013","post","type-post","status-publish","format-standard","has-post-thumbnail","hentry","category-mercado-comunicaciones","category-regulacion"],"yoast_head":"<!-- This site is optimized with the Yoast SEO Premium plugin v27.3 (Yoast SEO v27.4) - https:\/\/yoast.com\/product\/yoast-seo-premium-wordpress\/ -->\n<title>UGT participa en el grupo de regulaci\u00f3n sectorial de UNI-ICTS - UGT Comunicaciones<\/title>\n<meta name=\"description\" content=\"El pasado jueves 14 de marzo se constituy\u00f3 en Bruselas el grupo de trabajo sobre regulaci\u00f3n en el sector de las comunicaciones, celebr\u00e1ndose un taller al que acudieron representantes de Austria, B\u00e9lgica, Finlandia, Francia, Alemania, Islandia, Rumania, Suecia, Reino Unido, Suiza y, por Espa\u00f1a, \u00fanicamente UGT...\" \/>\n<meta name=\"robots\" content=\"index, follow, max-snippet:-1, max-image-preview:large, max-video-preview:-1\" \/>\n<link rel=\"canonical\" href=\"https:\/\/www.ugtcomunicaciones.es\/wordpress\/ugt-participa-en-el-grupo-de-regulacion-sectorial-de-uni-icts\/\" \/>\n<meta property=\"og:locale\" content=\"es_ES\" \/>\n<meta property=\"og:type\" content=\"article\" \/>\n<meta property=\"og:title\" content=\"UGT participa en el grupo de regulaci\u00f3n sectorial de UNI-ICTS\" \/>\n<meta property=\"og:description\" content=\"El pasado jueves 14 de marzo se constituy\u00f3 en Bruselas el grupo de trabajo sobre regulaci\u00f3n en el sector de las comunicaciones, celebr\u00e1ndose un taller al que acudieron representantes de Austria, B\u00e9lgica, Finlandia, Francia, Alemania, Islandia, Rumania, Suecia, Reino Unido, Suiza y, por Espa\u00f1a, \u00fanicamente UGT...\" \/>\n<meta property=\"og:url\" content=\"https:\/\/www.ugtcomunicaciones.es\/wordpress\/ugt-participa-en-el-grupo-de-regulacion-sectorial-de-uni-icts\/\" \/>\n<meta property=\"og:site_name\" content=\"UGT Comunicaciones\" \/>\n<meta property=\"article:publisher\" content=\"https:\/\/www.facebook.com\/ugt.comunicaciones\/\" \/>\n<meta property=\"article:published_time\" content=\"2018-04-02T06:00:36+00:00\" \/>\n<meta property=\"og:image\" content=\"https:\/\/www.ugtcomunicaciones.es\/wordpress\/wp-content\/uploads\/2018\/03\/ugt-grupo-portada-02-04-18.jpg\" \/>\n\t<meta property=\"og:image:width\" content=\"600\" \/>\n\t<meta property=\"og:image:height\" content=\"318\" \/>\n\t<meta property=\"og:image:type\" content=\"image\/jpeg\" \/>\n<meta name=\"author\" content=\"UGT\" \/>\n<meta name=\"twitter:card\" content=\"summary_large_image\" \/>\n<meta name=\"twitter:creator\" content=\"@ugtcom\" \/>\n<meta name=\"twitter:site\" content=\"@ugtcom\" \/>\n<meta name=\"twitter:label1\" content=\"Escrito por\" \/>\n\t<meta name=\"twitter:data1\" content=\"UGT\" \/>\n\t<meta name=\"twitter:label2\" content=\"Tiempo de lectura\" \/>\n\t<meta name=\"twitter:data2\" content=\"5 minutos\" \/>\n<script type=\"application\/ld+json\" class=\"yoast-schema-graph\">{\"@context\":\"https:\\\/\\\/schema.org\",\"@graph\":[{\"@type\":\"Article\",\"@id\":\"https:\\\/\\\/www.ugtcomunicaciones.es\\\/wordpress\\\/ugt-participa-en-el-grupo-de-regulacion-sectorial-de-uni-icts\\\/#article\",\"isPartOf\":{\"@id\":\"https:\\\/\\\/www.ugtcomunicaciones.es\\\/wordpress\\\/ugt-participa-en-el-grupo-de-regulacion-sectorial-de-uni-icts\\\/\"},\"author\":{\"name\":\"UGT\",\"@id\":\"https:\\\/\\\/www.ugtcomunicaciones.es\\\/wordpress\\\/#\\\/schema\\\/person\\\/eba0fc3fe5b444531d94d4368cba89ed\"},\"headline\":\"UGT participa en el grupo de regulaci\u00f3n sectorial de UNI-ICTS\",\"datePublished\":\"2018-04-02T06:00:36+00:00\",\"mainEntityOfPage\":{\"@id\":\"https:\\\/\\\/www.ugtcomunicaciones.es\\\/wordpress\\\/ugt-participa-en-el-grupo-de-regulacion-sectorial-de-uni-icts\\\/\"},\"wordCount\":922,\"publisher\":{\"@id\":\"https:\\\/\\\/www.ugtcomunicaciones.es\\\/wordpress\\\/#organization\"},\"image\":{\"@id\":\"https:\\\/\\\/www.ugtcomunicaciones.es\\\/wordpress\\\/ugt-participa-en-el-grupo-de-regulacion-sectorial-de-uni-icts\\\/#primaryimage\"},\"thumbnailUrl\":\"https:\\\/\\\/www.ugtcomunicaciones.es\\\/wordpress\\\/wp-content\\\/uploads\\\/2018\\\/03\\\/ugt-grupo-portada-02-04-18.jpg\",\"articleSection\":[\"Mercado Comunicaciones\",\"Regulaci\u00f3n\"],\"inLanguage\":\"es\"},{\"@type\":\"WebPage\",\"@id\":\"https:\\\/\\\/www.ugtcomunicaciones.es\\\/wordpress\\\/ugt-participa-en-el-grupo-de-regulacion-sectorial-de-uni-icts\\\/\",\"url\":\"https:\\\/\\\/www.ugtcomunicaciones.es\\\/wordpress\\\/ugt-participa-en-el-grupo-de-regulacion-sectorial-de-uni-icts\\\/\",\"name\":\"UGT participa en el grupo de regulaci\u00f3n sectorial de UNI-ICTS - UGT Comunicaciones\",\"isPartOf\":{\"@id\":\"https:\\\/\\\/www.ugtcomunicaciones.es\\\/wordpress\\\/#website\"},\"primaryImageOfPage\":{\"@id\":\"https:\\\/\\\/www.ugtcomunicaciones.es\\\/wordpress\\\/ugt-participa-en-el-grupo-de-regulacion-sectorial-de-uni-icts\\\/#primaryimage\"},\"image\":{\"@id\":\"https:\\\/\\\/www.ugtcomunicaciones.es\\\/wordpress\\\/ugt-participa-en-el-grupo-de-regulacion-sectorial-de-uni-icts\\\/#primaryimage\"},\"thumbnailUrl\":\"https:\\\/\\\/www.ugtcomunicaciones.es\\\/wordpress\\\/wp-content\\\/uploads\\\/2018\\\/03\\\/ugt-grupo-portada-02-04-18.jpg\",\"datePublished\":\"2018-04-02T06:00:36+00:00\",\"description\":\"El pasado jueves 14 de marzo se constituy\u00f3 en Bruselas el grupo de trabajo sobre regulaci\u00f3n en el sector de las comunicaciones, celebr\u00e1ndose un taller al que acudieron representantes de Austria, B\u00e9lgica, Finlandia, Francia, Alemania, Islandia, Rumania, Suecia, Reino Unido, Suiza y, por Espa\u00f1a, \u00fanicamente UGT...\",\"breadcrumb\":{\"@id\":\"https:\\\/\\\/www.ugtcomunicaciones.es\\\/wordpress\\\/ugt-participa-en-el-grupo-de-regulacion-sectorial-de-uni-icts\\\/#breadcrumb\"},\"inLanguage\":\"es\",\"potentialAction\":[{\"@type\":\"ReadAction\",\"target\":[\"https:\\\/\\\/www.ugtcomunicaciones.es\\\/wordpress\\\/ugt-participa-en-el-grupo-de-regulacion-sectorial-de-uni-icts\\\/\"]}]},{\"@type\":\"ImageObject\",\"inLanguage\":\"es\",\"@id\":\"https:\\\/\\\/www.ugtcomunicaciones.es\\\/wordpress\\\/ugt-participa-en-el-grupo-de-regulacion-sectorial-de-uni-icts\\\/#primaryimage\",\"url\":\"https:\\\/\\\/www.ugtcomunicaciones.es\\\/wordpress\\\/wp-content\\\/uploads\\\/2018\\\/03\\\/ugt-grupo-portada-02-04-18.jpg\",\"contentUrl\":\"https:\\\/\\\/www.ugtcomunicaciones.es\\\/wordpress\\\/wp-content\\\/uploads\\\/2018\\\/03\\\/ugt-grupo-portada-02-04-18.jpg\",\"width\":600,\"height\":318,\"caption\":\"ugt-grupo-portada-02-04-18\"},{\"@type\":\"BreadcrumbList\",\"@id\":\"https:\\\/\\\/www.ugtcomunicaciones.es\\\/wordpress\\\/ugt-participa-en-el-grupo-de-regulacion-sectorial-de-uni-icts\\\/#breadcrumb\",\"itemListElement\":[{\"@type\":\"ListItem\",\"position\":1,\"name\":\"Portada\",\"item\":\"https:\\\/\\\/www.ugtcomunicaciones.es\\\/wordpress\\\/\"},{\"@type\":\"ListItem\",\"position\":2,\"name\":\"UGT participa en el grupo de regulaci\u00f3n sectorial de UNI-ICTS\"}]},{\"@type\":\"WebSite\",\"@id\":\"https:\\\/\\\/www.ugtcomunicaciones.es\\\/wordpress\\\/#website\",\"url\":\"https:\\\/\\\/www.ugtcomunicaciones.es\\\/wordpress\\\/\",\"name\":\"UGT Comunicaciones\",\"description\":\"Sindicato de Telecomunicaciones\",\"publisher\":{\"@id\":\"https:\\\/\\\/www.ugtcomunicaciones.es\\\/wordpress\\\/#organization\"},\"potentialAction\":[{\"@type\":\"SearchAction\",\"target\":{\"@type\":\"EntryPoint\",\"urlTemplate\":\"https:\\\/\\\/www.ugtcomunicaciones.es\\\/wordpress\\\/?s={search_term_string}\"},\"query-input\":{\"@type\":\"PropertyValueSpecification\",\"valueRequired\":true,\"valueName\":\"search_term_string\"}}],\"inLanguage\":\"es\"},{\"@type\":\"Organization\",\"@id\":\"https:\\\/\\\/www.ugtcomunicaciones.es\\\/wordpress\\\/#organization\",\"name\":\"UGT Comunicaciones\",\"url\":\"https:\\\/\\\/www.ugtcomunicaciones.es\\\/wordpress\\\/\",\"logo\":{\"@type\":\"ImageObject\",\"inLanguage\":\"es\",\"@id\":\"https:\\\/\\\/www.ugtcomunicaciones.es\\\/wordpress\\\/#\\\/schema\\\/logo\\\/image\\\/\",\"url\":\"https:\\\/\\\/www.ugtcomunicaciones.es\\\/wordpress\\\/wp-content\\\/uploads\\\/2024\\\/04\\\/comunicaciones_logo.png\",\"contentUrl\":\"https:\\\/\\\/www.ugtcomunicaciones.es\\\/wordpress\\\/wp-content\\\/uploads\\\/2024\\\/04\\\/comunicaciones_logo.png\",\"width\":298,\"height\":81,\"caption\":\"UGT Comunicaciones\"},\"image\":{\"@id\":\"https:\\\/\\\/www.ugtcomunicaciones.es\\\/wordpress\\\/#\\\/schema\\\/logo\\\/image\\\/\"},\"sameAs\":[\"https:\\\/\\\/www.facebook.com\\\/ugt.comunicaciones\\\/\",\"https:\\\/\\\/x.com\\\/ugtcom\"]},{\"@type\":\"Person\",\"@id\":\"https:\\\/\\\/www.ugtcomunicaciones.es\\\/wordpress\\\/#\\\/schema\\\/person\\\/eba0fc3fe5b444531d94d4368cba89ed\",\"name\":\"UGT\",\"image\":{\"@type\":\"ImageObject\",\"inLanguage\":\"es\",\"@id\":\"https:\\\/\\\/secure.gravatar.com\\\/avatar\\\/2a16057d620a4c646bcfc171c4f23030879ebbdd346f0525bd5d4a564e57e13d?s=96&d=mm&r=g\",\"url\":\"https:\\\/\\\/secure.gravatar.com\\\/avatar\\\/2a16057d620a4c646bcfc171c4f23030879ebbdd346f0525bd5d4a564e57e13d?s=96&d=mm&r=g\",\"contentUrl\":\"https:\\\/\\\/secure.gravatar.com\\\/avatar\\\/2a16057d620a4c646bcfc171c4f23030879ebbdd346f0525bd5d4a564e57e13d?s=96&d=mm&r=g\",\"caption\":\"UGT\"}}]}<\/script>\n<!-- \/ Yoast SEO Premium plugin. -->","yoast_head_json":{"title":"UGT participa en el grupo de regulaci\u00f3n sectorial de UNI-ICTS - UGT Comunicaciones","description":"El pasado jueves 14 de marzo se constituy\u00f3 en Bruselas el grupo de trabajo sobre regulaci\u00f3n en el sector de las comunicaciones, celebr\u00e1ndose un taller al que acudieron representantes de Austria, B\u00e9lgica, Finlandia, Francia, Alemania, Islandia, Rumania, Suecia, Reino Unido, Suiza y, por Espa\u00f1a, \u00fanicamente UGT...","robots":{"index":"index","follow":"follow","max-snippet":"max-snippet:-1","max-image-preview":"max-image-preview:large","max-video-preview":"max-video-preview:-1"},"canonical":"https:\/\/www.ugtcomunicaciones.es\/wordpress\/ugt-participa-en-el-grupo-de-regulacion-sectorial-de-uni-icts\/","og_locale":"es_ES","og_type":"article","og_title":"UGT participa en el grupo de regulaci\u00f3n sectorial de UNI-ICTS","og_description":"El pasado jueves 14 de marzo se constituy\u00f3 en Bruselas el grupo de trabajo sobre regulaci\u00f3n en el sector de las comunicaciones, celebr\u00e1ndose un taller al que acudieron representantes de Austria, B\u00e9lgica, Finlandia, Francia, Alemania, Islandia, Rumania, Suecia, Reino Unido, Suiza y, por Espa\u00f1a, \u00fanicamente UGT...","og_url":"https:\/\/www.ugtcomunicaciones.es\/wordpress\/ugt-participa-en-el-grupo-de-regulacion-sectorial-de-uni-icts\/","og_site_name":"UGT Comunicaciones","article_publisher":"https:\/\/www.facebook.com\/ugt.comunicaciones\/","article_published_time":"2018-04-02T06:00:36+00:00","og_image":[{"width":600,"height":318,"url":"https:\/\/www.ugtcomunicaciones.es\/wordpress\/wp-content\/uploads\/2018\/03\/ugt-grupo-portada-02-04-18.jpg","type":"image\/jpeg"}],"author":"UGT","twitter_card":"summary_large_image","twitter_creator":"@ugtcom","twitter_site":"@ugtcom","twitter_misc":{"Escrito por":"UGT","Tiempo de lectura":"5 minutos"},"schema":{"@context":"https:\/\/schema.org","@graph":[{"@type":"Article","@id":"https:\/\/www.ugtcomunicaciones.es\/wordpress\/ugt-participa-en-el-grupo-de-regulacion-sectorial-de-uni-icts\/#article","isPartOf":{"@id":"https:\/\/www.ugtcomunicaciones.es\/wordpress\/ugt-participa-en-el-grupo-de-regulacion-sectorial-de-uni-icts\/"},"author":{"name":"UGT","@id":"https:\/\/www.ugtcomunicaciones.es\/wordpress\/#\/schema\/person\/eba0fc3fe5b444531d94d4368cba89ed"},"headline":"UGT participa en el grupo de regulaci\u00f3n sectorial de UNI-ICTS","datePublished":"2018-04-02T06:00:36+00:00","mainEntityOfPage":{"@id":"https:\/\/www.ugtcomunicaciones.es\/wordpress\/ugt-participa-en-el-grupo-de-regulacion-sectorial-de-uni-icts\/"},"wordCount":922,"publisher":{"@id":"https:\/\/www.ugtcomunicaciones.es\/wordpress\/#organization"},"image":{"@id":"https:\/\/www.ugtcomunicaciones.es\/wordpress\/ugt-participa-en-el-grupo-de-regulacion-sectorial-de-uni-icts\/#primaryimage"},"thumbnailUrl":"https:\/\/www.ugtcomunicaciones.es\/wordpress\/wp-content\/uploads\/2018\/03\/ugt-grupo-portada-02-04-18.jpg","articleSection":["Mercado Comunicaciones","Regulaci\u00f3n"],"inLanguage":"es"},{"@type":"WebPage","@id":"https:\/\/www.ugtcomunicaciones.es\/wordpress\/ugt-participa-en-el-grupo-de-regulacion-sectorial-de-uni-icts\/","url":"https:\/\/www.ugtcomunicaciones.es\/wordpress\/ugt-participa-en-el-grupo-de-regulacion-sectorial-de-uni-icts\/","name":"UGT participa en el grupo de regulaci\u00f3n sectorial de UNI-ICTS - UGT Comunicaciones","isPartOf":{"@id":"https:\/\/www.ugtcomunicaciones.es\/wordpress\/#website"},"primaryImageOfPage":{"@id":"https:\/\/www.ugtcomunicaciones.es\/wordpress\/ugt-participa-en-el-grupo-de-regulacion-sectorial-de-uni-icts\/#primaryimage"},"image":{"@id":"https:\/\/www.ugtcomunicaciones.es\/wordpress\/ugt-participa-en-el-grupo-de-regulacion-sectorial-de-uni-icts\/#primaryimage"},"thumbnailUrl":"https:\/\/www.ugtcomunicaciones.es\/wordpress\/wp-content\/uploads\/2018\/03\/ugt-grupo-portada-02-04-18.jpg","datePublished":"2018-04-02T06:00:36+00:00","description":"El pasado jueves 14 de marzo se constituy\u00f3 en Bruselas el grupo de trabajo sobre regulaci\u00f3n en el sector de las comunicaciones, celebr\u00e1ndose un taller al que acudieron representantes de Austria, B\u00e9lgica, Finlandia, Francia, Alemania, Islandia, Rumania, Suecia, Reino Unido, Suiza y, por Espa\u00f1a, \u00fanicamente UGT...","breadcrumb":{"@id":"https:\/\/www.ugtcomunicaciones.es\/wordpress\/ugt-participa-en-el-grupo-de-regulacion-sectorial-de-uni-icts\/#breadcrumb"},"inLanguage":"es","potentialAction":[{"@type":"ReadAction","target":["https:\/\/www.ugtcomunicaciones.es\/wordpress\/ugt-participa-en-el-grupo-de-regulacion-sectorial-de-uni-icts\/"]}]},{"@type":"ImageObject","inLanguage":"es","@id":"https:\/\/www.ugtcomunicaciones.es\/wordpress\/ugt-participa-en-el-grupo-de-regulacion-sectorial-de-uni-icts\/#primaryimage","url":"https:\/\/www.ugtcomunicaciones.es\/wordpress\/wp-content\/uploads\/2018\/03\/ugt-grupo-portada-02-04-18.jpg","contentUrl":"https:\/\/www.ugtcomunicaciones.es\/wordpress\/wp-content\/uploads\/2018\/03\/ugt-grupo-portada-02-04-18.jpg","width":600,"height":318,"caption":"ugt-grupo-portada-02-04-18"},{"@type":"BreadcrumbList","@id":"https:\/\/www.ugtcomunicaciones.es\/wordpress\/ugt-participa-en-el-grupo-de-regulacion-sectorial-de-uni-icts\/#breadcrumb","itemListElement":[{"@type":"ListItem","position":1,"name":"Portada","item":"https:\/\/www.ugtcomunicaciones.es\/wordpress\/"},{"@type":"ListItem","position":2,"name":"UGT participa en el grupo de regulaci\u00f3n sectorial de UNI-ICTS"}]},{"@type":"WebSite","@id":"https:\/\/www.ugtcomunicaciones.es\/wordpress\/#website","url":"https:\/\/www.ugtcomunicaciones.es\/wordpress\/","name":"UGT Comunicaciones","description":"Sindicato de Telecomunicaciones","publisher":{"@id":"https:\/\/www.ugtcomunicaciones.es\/wordpress\/#organization"},"potentialAction":[{"@type":"SearchAction","target":{"@type":"EntryPoint","urlTemplate":"https:\/\/www.ugtcomunicaciones.es\/wordpress\/?s={search_term_string}"},"query-input":{"@type":"PropertyValueSpecification","valueRequired":true,"valueName":"search_term_string"}}],"inLanguage":"es"},{"@type":"Organization","@id":"https:\/\/www.ugtcomunicaciones.es\/wordpress\/#organization","name":"UGT Comunicaciones","url":"https:\/\/www.ugtcomunicaciones.es\/wordpress\/","logo":{"@type":"ImageObject","inLanguage":"es","@id":"https:\/\/www.ugtcomunicaciones.es\/wordpress\/#\/schema\/logo\/image\/","url":"https:\/\/www.ugtcomunicaciones.es\/wordpress\/wp-content\/uploads\/2024\/04\/comunicaciones_logo.png","contentUrl":"https:\/\/www.ugtcomunicaciones.es\/wordpress\/wp-content\/uploads\/2024\/04\/comunicaciones_logo.png","width":298,"height":81,"caption":"UGT Comunicaciones"},"image":{"@id":"https:\/\/www.ugtcomunicaciones.es\/wordpress\/#\/schema\/logo\/image\/"},"sameAs":["https:\/\/www.facebook.com\/ugt.comunicaciones\/","https:\/\/x.com\/ugtcom"]},{"@type":"Person","@id":"https:\/\/www.ugtcomunicaciones.es\/wordpress\/#\/schema\/person\/eba0fc3fe5b444531d94d4368cba89ed","name":"UGT","image":{"@type":"ImageObject","inLanguage":"es","@id":"https:\/\/secure.gravatar.com\/avatar\/2a16057d620a4c646bcfc171c4f23030879ebbdd346f0525bd5d4a564e57e13d?s=96&d=mm&r=g","url":"https:\/\/secure.gravatar.com\/avatar\/2a16057d620a4c646bcfc171c4f23030879ebbdd346f0525bd5d4a564e57e13d?s=96&d=mm&r=g","contentUrl":"https:\/\/secure.gravatar.com\/avatar\/2a16057d620a4c646bcfc171c4f23030879ebbdd346f0525bd5d4a564e57e13d?s=96&d=mm&r=g","caption":"UGT"}}]}},"_links":{"self":[{"href":"https:\/\/www.ugtcomunicaciones.es\/wordpress\/wp-json\/wp\/v2\/posts\/124013","targetHints":{"allow":["GET"]}}],"collection":[{"href":"https:\/\/www.ugtcomunicaciones.es\/wordpress\/wp-json\/wp\/v2\/posts"}],"about":[{"href":"https:\/\/www.ugtcomunicaciones.es\/wordpress\/wp-json\/wp\/v2\/types\/post"}],"author":[{"embeddable":true,"href":"https:\/\/www.ugtcomunicaciones.es\/wordpress\/wp-json\/wp\/v2\/users\/3"}],"replies":[{"embeddable":true,"href":"https:\/\/www.ugtcomunicaciones.es\/wordpress\/wp-json\/wp\/v2\/comments?post=124013"}],"version-history":[{"count":0,"href":"https:\/\/www.ugtcomunicaciones.es\/wordpress\/wp-json\/wp\/v2\/posts\/124013\/revisions"}],"wp:featuredmedia":[{"embeddable":true,"href":"https:\/\/www.ugtcomunicaciones.es\/wordpress\/wp-json\/wp\/v2\/media\/124015"}],"wp:attachment":[{"href":"https:\/\/www.ugtcomunicaciones.es\/wordpress\/wp-json\/wp\/v2\/media?parent=124013"}],"wp:term":[{"taxonomy":"category","embeddable":true,"href":"https:\/\/www.ugtcomunicaciones.es\/wordpress\/wp-json\/wp\/v2\/categories?post=124013"},{"taxonomy":"post_tag","embeddable":true,"href":"https:\/\/www.ugtcomunicaciones.es\/wordpress\/wp-json\/wp\/v2\/tags?post=124013"}],"curies":[{"name":"wp","href":"https:\/\/api.w.org\/{rel}","templated":true}]}}