{"id":1291,"date":"2017-04-10T11:49:10","date_gmt":"2017-04-10T10:49:10","guid":{"rendered":"http:\/\/www.ugtcom.h2301842.stratoserver.net\/wordpress\/wordpress\/?p=1291"},"modified":"2017-04-11T12:34:13","modified_gmt":"2017-04-11T11:34:13","slug":"la-empresa-responde-ugt-comprometiendose-una-normalizacion-la-situacion-del-colectivo-ffcc-comercial","status":"publish","type":"post","link":"https:\/\/www.ugtcomunicaciones.es\/wordpress\/la-empresa-responde-ugt-comprometiendose-una-normalizacion-la-situacion-del-colectivo-ffcc-comercial\/","title":{"rendered":"La empresa responde a UGT comprometi\u00e9ndose a una normalizaci\u00f3n de la situaci\u00f3n del colectivo FFCC en Comercial"},"content":{"rendered":"<p style=\"text-align: justify;\">La r\u00e1pida respuesta de la empresa a UGT, comprometi\u00e9ndose a \u201cponer fin de manera definitiva a la controversia judicial\u201d existente con el colectivo de FFCC de Comercial, que significa el pr\u00f3ximo reconocimiento y abono de las cantidades pendientes, resolviendo los contenciosos judiciales existentes, y la normalizaci\u00f3n del derecho a los devengos circunstanciales por vacaciones, a futuro, para todo el colectivo de FFCC de Comercial, excluyendo cualquier discriminaci\u00f3n o agravio comparativo y proporcionando a todos las mismas oportunidades en subidas salariales y promoci\u00f3n.<\/p>\n<p style=\"text-align: justify;\">UGT se hab\u00eda dirigido por escrito a la Empresa el pasado 29 de marzo, instando a que se recondujese la situaci\u00f3n de los FFCC en Comercial, ante el desconcierto existente en ese colectivo,\u00a0derivado del conflicto motivado por la retirada unilateral por la empresa de los devengos circunstanciales por vacaciones, que en su momento oblig\u00f3 a la interposici\u00f3n de un conflicto colectivo por parte de UGT, obteniendo el reconocimiento de ese derecho, y de numerosas demandas individuales ante\u00a0la obstinaci\u00f3n de la empresa en no ejecutar voluntariamente la sentencia.<\/p>\n<p style=\"text-align: justify;\">A ra\u00edz de estos hechos, roto el imprescindible clima de confianza que deber\u00eda reinar entre la direcci\u00f3n de la empresa y los trabajadores en situaci\u00f3n de fuera de convenio, la revisi\u00f3n salarial correspondiente al a\u00f1o 2017 se ha visto contaminada por la sospecha de discriminaci\u00f3n hacia quienes hab\u00edan demandado, forzando el escrito de UGT a la empresa instando a reconducir una situaci\u00f3n que hab\u00eda entrado en una espiral de tensi\u00f3n que a nada bueno, para ninguna de las partes, puede llevar.<\/p>\n<p style=\"text-align: justify;\">Obtenida la respuesta en positivo de la empresa, desde UGT nos mantenemos expectantes sobre los pr\u00f3ximos acontecimientos, en la confianza de que la empresa culminar\u00e1 en breve el compromiso adquirido respecto al colectivo de FFCC de Comercial, recuperando con ello un muy necesario clima de naturalidad y confianza en la relaci\u00f3n laboral entre empresa y sus trabajadores, en este caso fuera de convenio.<\/p>\n","protected":false},"excerpt":{"rendered":"<p>La r\u00e1pida respuesta de la empresa a UGT, comprometi\u00e9ndose a \u201cponer fin de manera definitiva a la controversia judicial\u201d existente con el colectivo de FFCC de Comercial, que significa el pr\u00f3ximo reconocimiento y abono de las cantidades pendientes, resolviendo los contenciosos judiciales existentes, y la normalizaci\u00f3n del derecho a los devengos circunstanciales por vacaciones, a [&hellip;]<\/p>\n","protected":false},"author":3,"featured_media":1302,"comment_status":"open","ping_status":"closed","sticky":false,"template":"","format":"standard","meta":{"footnotes":""},"categories":[8,25,7,26],"tags":[],"class_list":["post-1291","post","type-post","status-publish","format-standard","has-post-thumbnail","hentry","category-telefonica-cev","category-telefonica","category-telefonica-moviles","category-telefonica-soluciones"],"yoast_head":"<!-- This site is optimized with the Yoast SEO Premium plugin v27.3 (Yoast SEO v27.4) - https:\/\/yoast.com\/product\/yoast-seo-premium-wordpress\/ -->\n<title>La empresa responde a UGT comprometi\u00e9ndose a una normalizaci\u00f3n de la situaci\u00f3n del colectivo FFCC en Comercial - UGT Comunicaciones<\/title>\n<meta name=\"robots\" content=\"index, follow, max-snippet:-1, max-image-preview:large, max-video-preview:-1\" \/>\n<link rel=\"canonical\" href=\"https:\/\/www.ugtcomunicaciones.es\/wordpress\/la-empresa-responde-ugt-comprometiendose-una-normalizacion-la-situacion-del-colectivo-ffcc-comercial\/\" \/>\n<meta property=\"og:locale\" content=\"es_ES\" \/>\n<meta property=\"og:type\" content=\"article\" \/>\n<meta property=\"og:title\" content=\"La empresa responde a UGT comprometi\u00e9ndose a una normalizaci\u00f3n de la situaci\u00f3n del colectivo FFCC en Comercial\" \/>\n<meta property=\"og:description\" content=\"La r\u00e1pida respuesta de la empresa a UGT, comprometi\u00e9ndose a \u201cponer fin de manera definitiva a la controversia judicial\u201d existente con el colectivo de FFCC de Comercial, que significa el pr\u00f3ximo reconocimiento y abono de las cantidades pendientes, resolviendo los contenciosos judiciales existentes, y la normalizaci\u00f3n del derecho a los devengos circunstanciales por vacaciones, a [&hellip;]\" \/>\n<meta property=\"og:url\" content=\"https:\/\/www.ugtcomunicaciones.es\/wordpress\/la-empresa-responde-ugt-comprometiendose-una-normalizacion-la-situacion-del-colectivo-ffcc-comercial\/\" \/>\n<meta property=\"og:site_name\" content=\"UGT Comunicaciones\" \/>\n<meta property=\"article:publisher\" content=\"https:\/\/www.facebook.com\/ugt.comunicaciones\/\" \/>\n<meta property=\"article:published_time\" content=\"2017-04-10T10:49:10+00:00\" \/>\n<meta property=\"article:modified_time\" content=\"2017-04-11T11:34:13+00:00\" \/>\n<meta property=\"og:image\" content=\"https:\/\/www.ugtcomunicaciones.es\/wordpress\/wp-content\/uploads\/2017\/04\/carta_UGT.png\" \/>\n\t<meta property=\"og:image:width\" content=\"300\" \/>\n\t<meta property=\"og:image:height\" content=\"240\" \/>\n\t<meta property=\"og:image:type\" content=\"image\/png\" \/>\n<meta name=\"author\" content=\"UGT\" \/>\n<meta name=\"twitter:card\" content=\"summary_large_image\" \/>\n<meta name=\"twitter:creator\" content=\"@ugtcom\" \/>\n<meta name=\"twitter:site\" content=\"@ugtcom\" \/>\n<meta name=\"twitter:label1\" content=\"Escrito por\" \/>\n\t<meta name=\"twitter:data1\" content=\"UGT\" \/>\n\t<meta name=\"twitter:label2\" content=\"Tiempo de lectura\" \/>\n\t<meta name=\"twitter:data2\" content=\"2 minutos\" \/>\n<script type=\"application\/ld+json\" class=\"yoast-schema-graph\">{\"@context\":\"https:\\\/\\\/schema.org\",\"@graph\":[{\"@type\":\"Article\",\"@id\":\"https:\\\/\\\/www.ugtcomunicaciones.es\\\/wordpress\\\/la-empresa-responde-ugt-comprometiendose-una-normalizacion-la-situacion-del-colectivo-ffcc-comercial\\\/#article\",\"isPartOf\":{\"@id\":\"https:\\\/\\\/www.ugtcomunicaciones.es\\\/wordpress\\\/la-empresa-responde-ugt-comprometiendose-una-normalizacion-la-situacion-del-colectivo-ffcc-comercial\\\/\"},\"author\":{\"name\":\"UGT\",\"@id\":\"https:\\\/\\\/www.ugtcomunicaciones.es\\\/wordpress\\\/#\\\/schema\\\/person\\\/eba0fc3fe5b444531d94d4368cba89ed\"},\"headline\":\"La empresa responde a UGT comprometi\u00e9ndose a una normalizaci\u00f3n de la situaci\u00f3n del colectivo FFCC en Comercial\",\"datePublished\":\"2017-04-10T10:49:10+00:00\",\"dateModified\":\"2017-04-11T11:34:13+00:00\",\"mainEntityOfPage\":{\"@id\":\"https:\\\/\\\/www.ugtcomunicaciones.es\\\/wordpress\\\/la-empresa-responde-ugt-comprometiendose-una-normalizacion-la-situacion-del-colectivo-ffcc-comercial\\\/\"},\"wordCount\":356,\"commentCount\":0,\"publisher\":{\"@id\":\"https:\\\/\\\/www.ugtcomunicaciones.es\\\/wordpress\\\/#organization\"},\"image\":{\"@id\":\"https:\\\/\\\/www.ugtcomunicaciones.es\\\/wordpress\\\/la-empresa-responde-ugt-comprometiendose-una-normalizacion-la-situacion-del-colectivo-ffcc-comercial\\\/#primaryimage\"},\"thumbnailUrl\":\"https:\\\/\\\/www.ugtcomunicaciones.es\\\/wordpress\\\/wp-content\\\/uploads\\\/2017\\\/04\\\/carta_UGT.png\",\"articleSection\":[\"Telef\u00f3nica CEV\",\"Telef\u00f3nica de Espa\u00f1a\",\"Telef\u00f3nica M\u00f3viles\",\"Telef\u00f3nica Soluciones\"],\"inLanguage\":\"es\",\"potentialAction\":[{\"@type\":\"CommentAction\",\"name\":\"Comment\",\"target\":[\"https:\\\/\\\/www.ugtcomunicaciones.es\\\/wordpress\\\/la-empresa-responde-ugt-comprometiendose-una-normalizacion-la-situacion-del-colectivo-ffcc-comercial\\\/#respond\"]}]},{\"@type\":\"WebPage\",\"@id\":\"https:\\\/\\\/www.ugtcomunicaciones.es\\\/wordpress\\\/la-empresa-responde-ugt-comprometiendose-una-normalizacion-la-situacion-del-colectivo-ffcc-comercial\\\/\",\"url\":\"https:\\\/\\\/www.ugtcomunicaciones.es\\\/wordpress\\\/la-empresa-responde-ugt-comprometiendose-una-normalizacion-la-situacion-del-colectivo-ffcc-comercial\\\/\",\"name\":\"La empresa responde a UGT comprometi\u00e9ndose a una normalizaci\u00f3n de la situaci\u00f3n del colectivo FFCC en Comercial - UGT Comunicaciones\",\"isPartOf\":{\"@id\":\"https:\\\/\\\/www.ugtcomunicaciones.es\\\/wordpress\\\/#website\"},\"primaryImageOfPage\":{\"@id\":\"https:\\\/\\\/www.ugtcomunicaciones.es\\\/wordpress\\\/la-empresa-responde-ugt-comprometiendose-una-normalizacion-la-situacion-del-colectivo-ffcc-comercial\\\/#primaryimage\"},\"image\":{\"@id\":\"https:\\\/\\\/www.ugtcomunicaciones.es\\\/wordpress\\\/la-empresa-responde-ugt-comprometiendose-una-normalizacion-la-situacion-del-colectivo-ffcc-comercial\\\/#primaryimage\"},\"thumbnailUrl\":\"https:\\\/\\\/www.ugtcomunicaciones.es\\\/wordpress\\\/wp-content\\\/uploads\\\/2017\\\/04\\\/carta_UGT.png\",\"datePublished\":\"2017-04-10T10:49:10+00:00\",\"dateModified\":\"2017-04-11T11:34:13+00:00\",\"breadcrumb\":{\"@id\":\"https:\\\/\\\/www.ugtcomunicaciones.es\\\/wordpress\\\/la-empresa-responde-ugt-comprometiendose-una-normalizacion-la-situacion-del-colectivo-ffcc-comercial\\\/#breadcrumb\"},\"inLanguage\":\"es\",\"potentialAction\":[{\"@type\":\"ReadAction\",\"target\":[\"https:\\\/\\\/www.ugtcomunicaciones.es\\\/wordpress\\\/la-empresa-responde-ugt-comprometiendose-una-normalizacion-la-situacion-del-colectivo-ffcc-comercial\\\/\"]}]},{\"@type\":\"ImageObject\",\"inLanguage\":\"es\",\"@id\":\"https:\\\/\\\/www.ugtcomunicaciones.es\\\/wordpress\\\/la-empresa-responde-ugt-comprometiendose-una-normalizacion-la-situacion-del-colectivo-ffcc-comercial\\\/#primaryimage\",\"url\":\"https:\\\/\\\/www.ugtcomunicaciones.es\\\/wordpress\\\/wp-content\\\/uploads\\\/2017\\\/04\\\/carta_UGT.png\",\"contentUrl\":\"https:\\\/\\\/www.ugtcomunicaciones.es\\\/wordpress\\\/wp-content\\\/uploads\\\/2017\\\/04\\\/carta_UGT.png\",\"width\":300,\"height\":240},{\"@type\":\"BreadcrumbList\",\"@id\":\"https:\\\/\\\/www.ugtcomunicaciones.es\\\/wordpress\\\/la-empresa-responde-ugt-comprometiendose-una-normalizacion-la-situacion-del-colectivo-ffcc-comercial\\\/#breadcrumb\",\"itemListElement\":[{\"@type\":\"ListItem\",\"position\":1,\"name\":\"Portada\",\"item\":\"https:\\\/\\\/www.ugtcomunicaciones.es\\\/wordpress\\\/\"},{\"@type\":\"ListItem\",\"position\":2,\"name\":\"La empresa responde a UGT comprometi\u00e9ndose a una normalizaci\u00f3n de la situaci\u00f3n del colectivo FFCC en Comercial\"}]},{\"@type\":\"WebSite\",\"@id\":\"https:\\\/\\\/www.ugtcomunicaciones.es\\\/wordpress\\\/#website\",\"url\":\"https:\\\/\\\/www.ugtcomunicaciones.es\\\/wordpress\\\/\",\"name\":\"UGT Comunicaciones\",\"description\":\"Sindicato de Telecomunicaciones\",\"publisher\":{\"@id\":\"https:\\\/\\\/www.ugtcomunicaciones.es\\\/wordpress\\\/#organization\"},\"potentialAction\":[{\"@type\":\"SearchAction\",\"target\":{\"@type\":\"EntryPoint\",\"urlTemplate\":\"https:\\\/\\\/www.ugtcomunicaciones.es\\\/wordpress\\\/?s={search_term_string}\"},\"query-input\":{\"@type\":\"PropertyValueSpecification\",\"valueRequired\":true,\"valueName\":\"search_term_string\"}}],\"inLanguage\":\"es\"},{\"@type\":\"Organization\",\"@id\":\"https:\\\/\\\/www.ugtcomunicaciones.es\\\/wordpress\\\/#organization\",\"name\":\"UGT Comunicaciones\",\"url\":\"https:\\\/\\\/www.ugtcomunicaciones.es\\\/wordpress\\\/\",\"logo\":{\"@type\":\"ImageObject\",\"inLanguage\":\"es\",\"@id\":\"https:\\\/\\\/www.ugtcomunicaciones.es\\\/wordpress\\\/#\\\/schema\\\/logo\\\/image\\\/\",\"url\":\"https:\\\/\\\/www.ugtcomunicaciones.es\\\/wordpress\\\/wp-content\\\/uploads\\\/2024\\\/04\\\/comunicaciones_logo.png\",\"contentUrl\":\"https:\\\/\\\/www.ugtcomunicaciones.es\\\/wordpress\\\/wp-content\\\/uploads\\\/2024\\\/04\\\/comunicaciones_logo.png\",\"width\":298,\"height\":81,\"caption\":\"UGT Comunicaciones\"},\"image\":{\"@id\":\"https:\\\/\\\/www.ugtcomunicaciones.es\\\/wordpress\\\/#\\\/schema\\\/logo\\\/image\\\/\"},\"sameAs\":[\"https:\\\/\\\/www.facebook.com\\\/ugt.comunicaciones\\\/\",\"https:\\\/\\\/x.com\\\/ugtcom\"]},{\"@type\":\"Person\",\"@id\":\"https:\\\/\\\/www.ugtcomunicaciones.es\\\/wordpress\\\/#\\\/schema\\\/person\\\/eba0fc3fe5b444531d94d4368cba89ed\",\"name\":\"UGT\",\"image\":{\"@type\":\"ImageObject\",\"inLanguage\":\"es\",\"@id\":\"https:\\\/\\\/secure.gravatar.com\\\/avatar\\\/2a16057d620a4c646bcfc171c4f23030879ebbdd346f0525bd5d4a564e57e13d?s=96&d=mm&r=g\",\"url\":\"https:\\\/\\\/secure.gravatar.com\\\/avatar\\\/2a16057d620a4c646bcfc171c4f23030879ebbdd346f0525bd5d4a564e57e13d?s=96&d=mm&r=g\",\"contentUrl\":\"https:\\\/\\\/secure.gravatar.com\\\/avatar\\\/2a16057d620a4c646bcfc171c4f23030879ebbdd346f0525bd5d4a564e57e13d?s=96&d=mm&r=g\",\"caption\":\"UGT\"}}]}<\/script>\n<!-- \/ Yoast SEO Premium plugin. -->","yoast_head_json":{"title":"La empresa responde a UGT comprometi\u00e9ndose a una normalizaci\u00f3n de la situaci\u00f3n del colectivo FFCC en Comercial - UGT Comunicaciones","robots":{"index":"index","follow":"follow","max-snippet":"max-snippet:-1","max-image-preview":"max-image-preview:large","max-video-preview":"max-video-preview:-1"},"canonical":"https:\/\/www.ugtcomunicaciones.es\/wordpress\/la-empresa-responde-ugt-comprometiendose-una-normalizacion-la-situacion-del-colectivo-ffcc-comercial\/","og_locale":"es_ES","og_type":"article","og_title":"La empresa responde a UGT comprometi\u00e9ndose a una normalizaci\u00f3n de la situaci\u00f3n del colectivo FFCC en Comercial","og_description":"La r\u00e1pida respuesta de la empresa a UGT, comprometi\u00e9ndose a \u201cponer fin de manera definitiva a la controversia judicial\u201d existente con el colectivo de FFCC de Comercial, que significa el pr\u00f3ximo reconocimiento y abono de las cantidades pendientes, resolviendo los contenciosos judiciales existentes, y la normalizaci\u00f3n del derecho a los devengos circunstanciales por vacaciones, a [&hellip;]","og_url":"https:\/\/www.ugtcomunicaciones.es\/wordpress\/la-empresa-responde-ugt-comprometiendose-una-normalizacion-la-situacion-del-colectivo-ffcc-comercial\/","og_site_name":"UGT Comunicaciones","article_publisher":"https:\/\/www.facebook.com\/ugt.comunicaciones\/","article_published_time":"2017-04-10T10:49:10+00:00","article_modified_time":"2017-04-11T11:34:13+00:00","og_image":[{"width":300,"height":240,"url":"https:\/\/www.ugtcomunicaciones.es\/wordpress\/wp-content\/uploads\/2017\/04\/carta_UGT.png","type":"image\/png"}],"author":"UGT","twitter_card":"summary_large_image","twitter_creator":"@ugtcom","twitter_site":"@ugtcom","twitter_misc":{"Escrito por":"UGT","Tiempo de lectura":"2 minutos"},"schema":{"@context":"https:\/\/schema.org","@graph":[{"@type":"Article","@id":"https:\/\/www.ugtcomunicaciones.es\/wordpress\/la-empresa-responde-ugt-comprometiendose-una-normalizacion-la-situacion-del-colectivo-ffcc-comercial\/#article","isPartOf":{"@id":"https:\/\/www.ugtcomunicaciones.es\/wordpress\/la-empresa-responde-ugt-comprometiendose-una-normalizacion-la-situacion-del-colectivo-ffcc-comercial\/"},"author":{"name":"UGT","@id":"https:\/\/www.ugtcomunicaciones.es\/wordpress\/#\/schema\/person\/eba0fc3fe5b444531d94d4368cba89ed"},"headline":"La empresa responde a UGT comprometi\u00e9ndose a una normalizaci\u00f3n de la situaci\u00f3n del colectivo FFCC en Comercial","datePublished":"2017-04-10T10:49:10+00:00","dateModified":"2017-04-11T11:34:13+00:00","mainEntityOfPage":{"@id":"https:\/\/www.ugtcomunicaciones.es\/wordpress\/la-empresa-responde-ugt-comprometiendose-una-normalizacion-la-situacion-del-colectivo-ffcc-comercial\/"},"wordCount":356,"commentCount":0,"publisher":{"@id":"https:\/\/www.ugtcomunicaciones.es\/wordpress\/#organization"},"image":{"@id":"https:\/\/www.ugtcomunicaciones.es\/wordpress\/la-empresa-responde-ugt-comprometiendose-una-normalizacion-la-situacion-del-colectivo-ffcc-comercial\/#primaryimage"},"thumbnailUrl":"https:\/\/www.ugtcomunicaciones.es\/wordpress\/wp-content\/uploads\/2017\/04\/carta_UGT.png","articleSection":["Telef\u00f3nica CEV","Telef\u00f3nica de Espa\u00f1a","Telef\u00f3nica M\u00f3viles","Telef\u00f3nica Soluciones"],"inLanguage":"es","potentialAction":[{"@type":"CommentAction","name":"Comment","target":["https:\/\/www.ugtcomunicaciones.es\/wordpress\/la-empresa-responde-ugt-comprometiendose-una-normalizacion-la-situacion-del-colectivo-ffcc-comercial\/#respond"]}]},{"@type":"WebPage","@id":"https:\/\/www.ugtcomunicaciones.es\/wordpress\/la-empresa-responde-ugt-comprometiendose-una-normalizacion-la-situacion-del-colectivo-ffcc-comercial\/","url":"https:\/\/www.ugtcomunicaciones.es\/wordpress\/la-empresa-responde-ugt-comprometiendose-una-normalizacion-la-situacion-del-colectivo-ffcc-comercial\/","name":"La empresa responde a UGT comprometi\u00e9ndose a una normalizaci\u00f3n de la situaci\u00f3n del colectivo FFCC en Comercial - UGT Comunicaciones","isPartOf":{"@id":"https:\/\/www.ugtcomunicaciones.es\/wordpress\/#website"},"primaryImageOfPage":{"@id":"https:\/\/www.ugtcomunicaciones.es\/wordpress\/la-empresa-responde-ugt-comprometiendose-una-normalizacion-la-situacion-del-colectivo-ffcc-comercial\/#primaryimage"},"image":{"@id":"https:\/\/www.ugtcomunicaciones.es\/wordpress\/la-empresa-responde-ugt-comprometiendose-una-normalizacion-la-situacion-del-colectivo-ffcc-comercial\/#primaryimage"},"thumbnailUrl":"https:\/\/www.ugtcomunicaciones.es\/wordpress\/wp-content\/uploads\/2017\/04\/carta_UGT.png","datePublished":"2017-04-10T10:49:10+00:00","dateModified":"2017-04-11T11:34:13+00:00","breadcrumb":{"@id":"https:\/\/www.ugtcomunicaciones.es\/wordpress\/la-empresa-responde-ugt-comprometiendose-una-normalizacion-la-situacion-del-colectivo-ffcc-comercial\/#breadcrumb"},"inLanguage":"es","potentialAction":[{"@type":"ReadAction","target":["https:\/\/www.ugtcomunicaciones.es\/wordpress\/la-empresa-responde-ugt-comprometiendose-una-normalizacion-la-situacion-del-colectivo-ffcc-comercial\/"]}]},{"@type":"ImageObject","inLanguage":"es","@id":"https:\/\/www.ugtcomunicaciones.es\/wordpress\/la-empresa-responde-ugt-comprometiendose-una-normalizacion-la-situacion-del-colectivo-ffcc-comercial\/#primaryimage","url":"https:\/\/www.ugtcomunicaciones.es\/wordpress\/wp-content\/uploads\/2017\/04\/carta_UGT.png","contentUrl":"https:\/\/www.ugtcomunicaciones.es\/wordpress\/wp-content\/uploads\/2017\/04\/carta_UGT.png","width":300,"height":240},{"@type":"BreadcrumbList","@id":"https:\/\/www.ugtcomunicaciones.es\/wordpress\/la-empresa-responde-ugt-comprometiendose-una-normalizacion-la-situacion-del-colectivo-ffcc-comercial\/#breadcrumb","itemListElement":[{"@type":"ListItem","position":1,"name":"Portada","item":"https:\/\/www.ugtcomunicaciones.es\/wordpress\/"},{"@type":"ListItem","position":2,"name":"La empresa responde a UGT comprometi\u00e9ndose a una normalizaci\u00f3n de la situaci\u00f3n del colectivo FFCC en Comercial"}]},{"@type":"WebSite","@id":"https:\/\/www.ugtcomunicaciones.es\/wordpress\/#website","url":"https:\/\/www.ugtcomunicaciones.es\/wordpress\/","name":"UGT Comunicaciones","description":"Sindicato de Telecomunicaciones","publisher":{"@id":"https:\/\/www.ugtcomunicaciones.es\/wordpress\/#organization"},"potentialAction":[{"@type":"SearchAction","target":{"@type":"EntryPoint","urlTemplate":"https:\/\/www.ugtcomunicaciones.es\/wordpress\/?s={search_term_string}"},"query-input":{"@type":"PropertyValueSpecification","valueRequired":true,"valueName":"search_term_string"}}],"inLanguage":"es"},{"@type":"Organization","@id":"https:\/\/www.ugtcomunicaciones.es\/wordpress\/#organization","name":"UGT Comunicaciones","url":"https:\/\/www.ugtcomunicaciones.es\/wordpress\/","logo":{"@type":"ImageObject","inLanguage":"es","@id":"https:\/\/www.ugtcomunicaciones.es\/wordpress\/#\/schema\/logo\/image\/","url":"https:\/\/www.ugtcomunicaciones.es\/wordpress\/wp-content\/uploads\/2024\/04\/comunicaciones_logo.png","contentUrl":"https:\/\/www.ugtcomunicaciones.es\/wordpress\/wp-content\/uploads\/2024\/04\/comunicaciones_logo.png","width":298,"height":81,"caption":"UGT Comunicaciones"},"image":{"@id":"https:\/\/www.ugtcomunicaciones.es\/wordpress\/#\/schema\/logo\/image\/"},"sameAs":["https:\/\/www.facebook.com\/ugt.comunicaciones\/","https:\/\/x.com\/ugtcom"]},{"@type":"Person","@id":"https:\/\/www.ugtcomunicaciones.es\/wordpress\/#\/schema\/person\/eba0fc3fe5b444531d94d4368cba89ed","name":"UGT","image":{"@type":"ImageObject","inLanguage":"es","@id":"https:\/\/secure.gravatar.com\/avatar\/2a16057d620a4c646bcfc171c4f23030879ebbdd346f0525bd5d4a564e57e13d?s=96&d=mm&r=g","url":"https:\/\/secure.gravatar.com\/avatar\/2a16057d620a4c646bcfc171c4f23030879ebbdd346f0525bd5d4a564e57e13d?s=96&d=mm&r=g","contentUrl":"https:\/\/secure.gravatar.com\/avatar\/2a16057d620a4c646bcfc171c4f23030879ebbdd346f0525bd5d4a564e57e13d?s=96&d=mm&r=g","caption":"UGT"}}]}},"_links":{"self":[{"href":"https:\/\/www.ugtcomunicaciones.es\/wordpress\/wp-json\/wp\/v2\/posts\/1291","targetHints":{"allow":["GET"]}}],"collection":[{"href":"https:\/\/www.ugtcomunicaciones.es\/wordpress\/wp-json\/wp\/v2\/posts"}],"about":[{"href":"https:\/\/www.ugtcomunicaciones.es\/wordpress\/wp-json\/wp\/v2\/types\/post"}],"author":[{"embeddable":true,"href":"https:\/\/www.ugtcomunicaciones.es\/wordpress\/wp-json\/wp\/v2\/users\/3"}],"replies":[{"embeddable":true,"href":"https:\/\/www.ugtcomunicaciones.es\/wordpress\/wp-json\/wp\/v2\/comments?post=1291"}],"version-history":[{"count":0,"href":"https:\/\/www.ugtcomunicaciones.es\/wordpress\/wp-json\/wp\/v2\/posts\/1291\/revisions"}],"wp:featuredmedia":[{"embeddable":true,"href":"https:\/\/www.ugtcomunicaciones.es\/wordpress\/wp-json\/wp\/v2\/media\/1302"}],"wp:attachment":[{"href":"https:\/\/www.ugtcomunicaciones.es\/wordpress\/wp-json\/wp\/v2\/media?parent=1291"}],"wp:term":[{"taxonomy":"category","embeddable":true,"href":"https:\/\/www.ugtcomunicaciones.es\/wordpress\/wp-json\/wp\/v2\/categories?post=1291"},{"taxonomy":"post_tag","embeddable":true,"href":"https:\/\/www.ugtcomunicaciones.es\/wordpress\/wp-json\/wp\/v2\/tags?post=1291"}],"curies":[{"name":"wp","href":"https:\/\/api.w.org\/{rel}","templated":true}]}}