{"id":130452,"date":"2018-04-16T08:00:56","date_gmt":"2018-04-16T06:00:56","guid":{"rendered":"http:\/\/ugtcomunicaciones.es\/wordpress\/?p=130452"},"modified":"2018-04-03T13:23:01","modified_gmt":"2018-04-03T11:23:01","slug":"asi-se-llevaran-los-30-mbps-a-casi-toda-espana","status":"publish","type":"post","link":"https:\/\/www.ugtcomunicaciones.es\/wordpress\/asi-se-llevaran-los-30-mbps-a-casi-toda-espana\/","title":{"rendered":"As\u00ed se llevar\u00e1n los 30 MBPS a (casi) toda Espa\u00f1a"},"content":{"rendered":"<p style=\"text-align: justify;\">El primer dividendo digital sobre la banda de 800 MHz licitado en septiembre de 2011 conllev\u00f3, entre otras materias, un compromiso normativo para que, aquellos operadores adjudicatarios, llevasen <em>\u201c<\/em><em>una cobertura que permita el acceso a una velocidad de 30 megabits por segundo (Mbps) o superior, al menos, al 90 por ciento de los ciudadanos de unidades<\/em> <em>poblacionales de menos de 5.000 habitantes<a href=\"#_ftn1\" name=\"_ftnref1\"><strong>[1]<\/strong><\/a>\u201d<\/em>, teniendo en cuenta que el porcentaje no podr\u00e1 ser inferior, de media, al 85 % en ninguna de las Comunidades. Recordemos que este objetivo es parte tanto de la Agenda Digital para Europa como la Agenda Digital para Espa\u00f1a, como objetivo de universalizaci\u00f3n de la banda ancha.<\/p>\n<p style=\"text-align: justify;\">Si recordamos, los operadores ganadores de aquella subasta fueron Movistar, Orange y Vodafone, que deben <em>\u201ccompletar conjuntamente, antes del 1 de enero de 2020\u201d<\/em> este compromiso de cobertura de 30 Mbps. En la actualidad, la cobertura de 30 Mbps en estas es de un 32%<a href=\"#_ftn2\" name=\"_ftnref2\">[2]<\/a>.<\/p>\n<p style=\"text-align: justify;\">Para llevar a cabo esta labor, tanto la Secretaria de Estado de Agenda Digital (SESIAD) como el regulador nacional de telecos, la CMNC, deben opinar y reglar c\u00f3mo se lleva a cabo este despliegue, cumpli\u00e9ndose el objetivo marcado en la licitaci\u00f3n del espectro.<\/p>\n<p style=\"text-align: justify;\">En este mismo sentido, la CNMC ha hecho p\u00fablica su valoraci\u00f3n del proyecto normativo de la SESIAD, siendo bastante cr\u00edtico con el mismo. As\u00ed, la CNMC critica que se ha tardado mucho en legislar esta obligaci\u00f3n de cobertura (queda menos de un a\u00f1o para la fecha l\u00edmite), a\u00f1adiendo que estamos en un contexto con muchas ayudas p\u00fablicas en marcha, lo que podr\u00eda dar lugar a una <em>\u201cduplicidad de actuaciones al respecto y la financiaci\u00f3n p\u00fablica de unas inversiones que han de hacerse debido a las condiciones establecidas en las concesiones otorgadas para explotar la banda de 800 MHz<a href=\"#_ftn3\" name=\"_ftnref3\"><strong>[3]<\/strong><\/a>\u201d<\/em>. Dicho de otro modo, el regulador previene sobre la posibilidad de que alg\u00fan operador pueda financiar su despliegue de 30 Mbps con nuevos fondos p\u00fablicos, cuando ya est\u00e1 obligado a tal despliegue, con cargo de su propia inversi\u00f3n, por el concurso de liberaci\u00f3n del espectro de 2011.<\/p>\n<p style=\"text-align: justify;\">Por ello, la CNMC recomienda <em>\u201c<\/em><em>advertir o dar suficiente transparencia, al<\/em> <em>resto de Administraciones P\u00fablicas implicadas en la concesi\u00f3n de ayudas al<\/em> <em>despliegue de banda ancha, de la existencia de estas obligaciones de cobertura<\/em> <em>asumidas por los operadores en las licencias de 800 MHz<\/em><em>\u201d.<\/em><\/p>\n<p style=\"text-align: justify;\">Adem\u00e1s, el regulador avisa de que deben eliminarse de la lista de poblaciones candidatas al despliegue aquellas que ya poseen cobertura de 30 Mbps, independientemente de la tecnolog\u00eda que provee esta velocidad. En resumen, la CNMC entiende que, si una poblaci\u00f3n ya tiene cobertura de fibra \u00f3ptica, cable o cualquier otra tecnolog\u00eda fija o m\u00f3vil que soporte conexiones de 30 o m\u00e1s megas, esta poblaci\u00f3n debe suprimirse del listado de poblaciones candidatas.<\/p>\n<p style=\"text-align: justify;\">El reparto de esta cobertura entre los tres operadores adjudicatarios tambi\u00e9n resulta un asunto peliagudo, y para mejorar su coordinaci\u00f3n, la CNMC recomienda que <em>\u201c<\/em><em>en el reparto<\/em> <em>de la cobertura entre los tres operadores m\u00f3viles se tenga en cuenta el dise\u00f1o<\/em> <em>de sus redes y la proximidad de las ubicaciones a otros despliegues del<\/em> <em>operador obligado<\/em><em>\u201d.<\/em><\/p>\n<p style=\"text-align: justify;\">Para finalizar, el ente propone incluir en el pliego una obligaci\u00f3n de compartici\u00f3n de infraestructuras entre Movistar, Orange y Vodafone, siempre <em>\u201c<\/em><em>en<\/em> <em>condiciones no discriminatorias y a precios razonables\u201d<\/em>.<\/p>\n<p style=\"text-align: justify;\"><span style=\"color: #ff0000;\"><strong>UGT<\/strong><\/span> <strong>da la bienvenida a esta plan, que busca cerrar la brecha digital territorial<\/strong><a href=\"#_ftn4\" name=\"_ftnref4\"><strong>[4]<\/strong><\/a><strong> y comparte con la CNMC la cr\u00edtica a lo tard\u00edo del plan, aunque entendemos que, con una \u00f3ptima planificaci\u00f3n y previsi\u00f3n por parte de las operadoras, los trabajadores y trabajadoras de las tres compa\u00f1\u00edas presentan suficiente profesionalidad, capacidad y experiencia para asumir este reto; es m\u00e1s, un despliegue de estas caracter\u00edsticas, y el reto laboral que ello supone, deber\u00eda reafirmar y mejorar las garant\u00edas y derechos de las plantillas de los tres operadores, aumentando as\u00ed sus expectativas sociales y salariales para los pr\u00f3ximos dos a\u00f1os.<\/strong><\/p>\n<h3 style=\"text-align: right;\"><span style=\"color: #ff0000;\"><strong>UGT<\/strong><\/span><strong> Comunicaciones<\/strong><\/h3>\n<p>&nbsp;<\/p>\n<p><span style=\"font-size: xx-small;\"><a href=\"#_ftnref1\" name=\"_ftn1\">[1]<\/a> <a href=\"http:\/\/www.minetad.gob.es\/telecomunicaciones\/es-ES\/Participacion\/Documents\/Consulta-Plan-800Mhz.pdf\" target=\"_blank\" rel=\"noopener\">http:\/\/www.minetad.gob.es\/telecomunicaciones\/es-ES\/Participacion\/Documents\/Consulta-Plan-800Mhz.pdf<\/a><br \/>\n<a href=\"#_ftnref2\" name=\"_ftn2\">[2]<\/a> <a href=\"https:\/\/www.cnmc.es\/node\/367596\" target=\"_blank\" rel=\"noopener\">https:\/\/www.cnmc.es\/node\/367596<\/a><br \/>\n<a href=\"#_ftnref3\" name=\"_ftn3\">[3]<\/a> <a href=\"https:\/\/www.cnmc.es\/sites\/default\/files\/1961308_3.pdf\" target=\"_blank\" rel=\"noopener\">https:\/\/www.cnmc.es\/sites\/default\/files\/1961308_3.pdf<\/a><br \/>\n<a href=\"#_ftnref4\" name=\"_ftn4\">[4]<\/a> <a href=\"http:\/\/www.ugt.es\/SitePages\/NoticiaDetalle.aspx?idElemento=3300\" target=\"_blank\" rel=\"noopener\">http:\/\/www.ugt.es\/SitePages\/NoticiaDetalle.aspx?idElemento=3300<\/a><\/span><\/p>\n","protected":false},"excerpt":{"rendered":"<p>El primer dividendo digital sobre la banda de 800 MHz licitado en septiembre de 2011 conllev\u00f3, entre otras materias, un compromiso normativo para que, aquellos operadores adjudicatarios, llevasen \u201cuna cobertura que permita el acceso a una velocidad de 30 megabits por segundo (Mbps) o superior, al menos, al 90 por ciento de los ciudadanos de [&hellip;]<\/p>\n","protected":false},"author":3,"featured_media":130469,"comment_status":"closed","ping_status":"closed","sticky":false,"template":"","format":"standard","meta":{"footnotes":""},"categories":[14,12],"tags":[],"class_list":["post-130452","post","type-post","status-publish","format-standard","has-post-thumbnail","hentry","category-opinion","category-regulacion"],"yoast_head":"<!-- This site is optimized with the Yoast SEO Premium plugin v27.3 (Yoast SEO v27.4) - https:\/\/yoast.com\/product\/yoast-seo-premium-wordpress\/ -->\n<title>As\u00ed se llevar\u00e1n los 30 MBPS a (casi) toda Espa\u00f1a - UGT Comunicaciones<\/title>\n<meta name=\"description\" content=\"El primer dividendo digital sobre la banda de 800 MHz licitado en septiembre de 2011 conllev\u00f3, entre otras materias, un compromiso normativo para que, aquellos operadores adjudicatarios, llevasen \u201cuna cobertura que permita el acceso a una velocidad de 30 megabits por segundo (Mbps) o superior, al menos, al 90...\" \/>\n<meta name=\"robots\" content=\"index, follow, max-snippet:-1, max-image-preview:large, max-video-preview:-1\" \/>\n<link rel=\"canonical\" href=\"https:\/\/www.ugtcomunicaciones.es\/wordpress\/asi-se-llevaran-los-30-mbps-a-casi-toda-espana\/\" \/>\n<meta property=\"og:locale\" content=\"es_ES\" \/>\n<meta property=\"og:type\" content=\"article\" \/>\n<meta property=\"og:title\" content=\"As\u00ed se llevar\u00e1n los 30 MBPS a (casi) toda Espa\u00f1a\" \/>\n<meta property=\"og:description\" content=\"El primer dividendo digital sobre la banda de 800 MHz licitado en septiembre de 2011 conllev\u00f3, entre otras materias, un compromiso normativo para que, aquellos operadores adjudicatarios, llevasen \u201cuna cobertura que permita el acceso a una velocidad de 30 megabits por segundo (Mbps) o superior, al menos, al 90...\" \/>\n<meta property=\"og:url\" content=\"https:\/\/www.ugtcomunicaciones.es\/wordpress\/asi-se-llevaran-los-30-mbps-a-casi-toda-espana\/\" \/>\n<meta property=\"og:site_name\" content=\"UGT Comunicaciones\" \/>\n<meta property=\"article:publisher\" content=\"https:\/\/www.facebook.com\/ugt.comunicaciones\/\" \/>\n<meta property=\"article:published_time\" content=\"2018-04-16T06:00:56+00:00\" \/>\n<meta property=\"og:image\" content=\"https:\/\/www.ugtcomunicaciones.es\/wordpress\/wp-content\/uploads\/2018\/04\/espana-dividendo-portada-16-04-18.jpg\" \/>\n\t<meta property=\"og:image:width\" content=\"600\" \/>\n\t<meta property=\"og:image:height\" content=\"314\" \/>\n\t<meta property=\"og:image:type\" content=\"image\/jpeg\" \/>\n<meta name=\"author\" content=\"UGT\" \/>\n<meta name=\"twitter:card\" content=\"summary_large_image\" \/>\n<meta name=\"twitter:creator\" content=\"@ugtcom\" \/>\n<meta name=\"twitter:site\" content=\"@ugtcom\" \/>\n<meta name=\"twitter:label1\" content=\"Escrito por\" \/>\n\t<meta name=\"twitter:data1\" content=\"UGT\" \/>\n\t<meta name=\"twitter:label2\" content=\"Tiempo de lectura\" \/>\n\t<meta name=\"twitter:data2\" content=\"4 minutos\" \/>\n<script type=\"application\/ld+json\" class=\"yoast-schema-graph\">{\"@context\":\"https:\\\/\\\/schema.org\",\"@graph\":[{\"@type\":\"Article\",\"@id\":\"https:\\\/\\\/www.ugtcomunicaciones.es\\\/wordpress\\\/asi-se-llevaran-los-30-mbps-a-casi-toda-espana\\\/#article\",\"isPartOf\":{\"@id\":\"https:\\\/\\\/www.ugtcomunicaciones.es\\\/wordpress\\\/asi-se-llevaran-los-30-mbps-a-casi-toda-espana\\\/\"},\"author\":{\"name\":\"UGT\",\"@id\":\"https:\\\/\\\/www.ugtcomunicaciones.es\\\/wordpress\\\/#\\\/schema\\\/person\\\/eba0fc3fe5b444531d94d4368cba89ed\"},\"headline\":\"As\u00ed se llevar\u00e1n los 30 MBPS a (casi) toda Espa\u00f1a\",\"datePublished\":\"2018-04-16T06:00:56+00:00\",\"mainEntityOfPage\":{\"@id\":\"https:\\\/\\\/www.ugtcomunicaciones.es\\\/wordpress\\\/asi-se-llevaran-los-30-mbps-a-casi-toda-espana\\\/\"},\"wordCount\":717,\"publisher\":{\"@id\":\"https:\\\/\\\/www.ugtcomunicaciones.es\\\/wordpress\\\/#organization\"},\"image\":{\"@id\":\"https:\\\/\\\/www.ugtcomunicaciones.es\\\/wordpress\\\/asi-se-llevaran-los-30-mbps-a-casi-toda-espana\\\/#primaryimage\"},\"thumbnailUrl\":\"https:\\\/\\\/www.ugtcomunicaciones.es\\\/wordpress\\\/wp-content\\\/uploads\\\/2018\\\/04\\\/espana-dividendo-portada-16-04-18.jpg\",\"articleSection\":[\"Opini\u00f3n\",\"Regulaci\u00f3n\"],\"inLanguage\":\"es\"},{\"@type\":\"WebPage\",\"@id\":\"https:\\\/\\\/www.ugtcomunicaciones.es\\\/wordpress\\\/asi-se-llevaran-los-30-mbps-a-casi-toda-espana\\\/\",\"url\":\"https:\\\/\\\/www.ugtcomunicaciones.es\\\/wordpress\\\/asi-se-llevaran-los-30-mbps-a-casi-toda-espana\\\/\",\"name\":\"As\u00ed se llevar\u00e1n los 30 MBPS a (casi) toda Espa\u00f1a - UGT Comunicaciones\",\"isPartOf\":{\"@id\":\"https:\\\/\\\/www.ugtcomunicaciones.es\\\/wordpress\\\/#website\"},\"primaryImageOfPage\":{\"@id\":\"https:\\\/\\\/www.ugtcomunicaciones.es\\\/wordpress\\\/asi-se-llevaran-los-30-mbps-a-casi-toda-espana\\\/#primaryimage\"},\"image\":{\"@id\":\"https:\\\/\\\/www.ugtcomunicaciones.es\\\/wordpress\\\/asi-se-llevaran-los-30-mbps-a-casi-toda-espana\\\/#primaryimage\"},\"thumbnailUrl\":\"https:\\\/\\\/www.ugtcomunicaciones.es\\\/wordpress\\\/wp-content\\\/uploads\\\/2018\\\/04\\\/espana-dividendo-portada-16-04-18.jpg\",\"datePublished\":\"2018-04-16T06:00:56+00:00\",\"description\":\"El primer dividendo digital sobre la banda de 800 MHz licitado en septiembre de 2011 conllev\u00f3, entre otras materias, un compromiso normativo para que, aquellos operadores adjudicatarios, llevasen \u201cuna cobertura que permita el acceso a una velocidad de 30 megabits por segundo (Mbps) o superior, al menos, al 90...\",\"breadcrumb\":{\"@id\":\"https:\\\/\\\/www.ugtcomunicaciones.es\\\/wordpress\\\/asi-se-llevaran-los-30-mbps-a-casi-toda-espana\\\/#breadcrumb\"},\"inLanguage\":\"es\",\"potentialAction\":[{\"@type\":\"ReadAction\",\"target\":[\"https:\\\/\\\/www.ugtcomunicaciones.es\\\/wordpress\\\/asi-se-llevaran-los-30-mbps-a-casi-toda-espana\\\/\"]}]},{\"@type\":\"ImageObject\",\"inLanguage\":\"es\",\"@id\":\"https:\\\/\\\/www.ugtcomunicaciones.es\\\/wordpress\\\/asi-se-llevaran-los-30-mbps-a-casi-toda-espana\\\/#primaryimage\",\"url\":\"https:\\\/\\\/www.ugtcomunicaciones.es\\\/wordpress\\\/wp-content\\\/uploads\\\/2018\\\/04\\\/espana-dividendo-portada-16-04-18.jpg\",\"contentUrl\":\"https:\\\/\\\/www.ugtcomunicaciones.es\\\/wordpress\\\/wp-content\\\/uploads\\\/2018\\\/04\\\/espana-dividendo-portada-16-04-18.jpg\",\"width\":600,\"height\":314,\"caption\":\"espana-dividendo-portada-16-04-18\"},{\"@type\":\"BreadcrumbList\",\"@id\":\"https:\\\/\\\/www.ugtcomunicaciones.es\\\/wordpress\\\/asi-se-llevaran-los-30-mbps-a-casi-toda-espana\\\/#breadcrumb\",\"itemListElement\":[{\"@type\":\"ListItem\",\"position\":1,\"name\":\"Portada\",\"item\":\"https:\\\/\\\/www.ugtcomunicaciones.es\\\/wordpress\\\/\"},{\"@type\":\"ListItem\",\"position\":2,\"name\":\"As\u00ed se llevar\u00e1n los 30 MBPS a (casi) toda Espa\u00f1a\"}]},{\"@type\":\"WebSite\",\"@id\":\"https:\\\/\\\/www.ugtcomunicaciones.es\\\/wordpress\\\/#website\",\"url\":\"https:\\\/\\\/www.ugtcomunicaciones.es\\\/wordpress\\\/\",\"name\":\"UGT Comunicaciones\",\"description\":\"Sindicato de Telecomunicaciones\",\"publisher\":{\"@id\":\"https:\\\/\\\/www.ugtcomunicaciones.es\\\/wordpress\\\/#organization\"},\"potentialAction\":[{\"@type\":\"SearchAction\",\"target\":{\"@type\":\"EntryPoint\",\"urlTemplate\":\"https:\\\/\\\/www.ugtcomunicaciones.es\\\/wordpress\\\/?s={search_term_string}\"},\"query-input\":{\"@type\":\"PropertyValueSpecification\",\"valueRequired\":true,\"valueName\":\"search_term_string\"}}],\"inLanguage\":\"es\"},{\"@type\":\"Organization\",\"@id\":\"https:\\\/\\\/www.ugtcomunicaciones.es\\\/wordpress\\\/#organization\",\"name\":\"UGT Comunicaciones\",\"url\":\"https:\\\/\\\/www.ugtcomunicaciones.es\\\/wordpress\\\/\",\"logo\":{\"@type\":\"ImageObject\",\"inLanguage\":\"es\",\"@id\":\"https:\\\/\\\/www.ugtcomunicaciones.es\\\/wordpress\\\/#\\\/schema\\\/logo\\\/image\\\/\",\"url\":\"https:\\\/\\\/www.ugtcomunicaciones.es\\\/wordpress\\\/wp-content\\\/uploads\\\/2024\\\/04\\\/comunicaciones_logo.png\",\"contentUrl\":\"https:\\\/\\\/www.ugtcomunicaciones.es\\\/wordpress\\\/wp-content\\\/uploads\\\/2024\\\/04\\\/comunicaciones_logo.png\",\"width\":298,\"height\":81,\"caption\":\"UGT Comunicaciones\"},\"image\":{\"@id\":\"https:\\\/\\\/www.ugtcomunicaciones.es\\\/wordpress\\\/#\\\/schema\\\/logo\\\/image\\\/\"},\"sameAs\":[\"https:\\\/\\\/www.facebook.com\\\/ugt.comunicaciones\\\/\",\"https:\\\/\\\/x.com\\\/ugtcom\"]},{\"@type\":\"Person\",\"@id\":\"https:\\\/\\\/www.ugtcomunicaciones.es\\\/wordpress\\\/#\\\/schema\\\/person\\\/eba0fc3fe5b444531d94d4368cba89ed\",\"name\":\"UGT\",\"image\":{\"@type\":\"ImageObject\",\"inLanguage\":\"es\",\"@id\":\"https:\\\/\\\/secure.gravatar.com\\\/avatar\\\/2a16057d620a4c646bcfc171c4f23030879ebbdd346f0525bd5d4a564e57e13d?s=96&d=mm&r=g\",\"url\":\"https:\\\/\\\/secure.gravatar.com\\\/avatar\\\/2a16057d620a4c646bcfc171c4f23030879ebbdd346f0525bd5d4a564e57e13d?s=96&d=mm&r=g\",\"contentUrl\":\"https:\\\/\\\/secure.gravatar.com\\\/avatar\\\/2a16057d620a4c646bcfc171c4f23030879ebbdd346f0525bd5d4a564e57e13d?s=96&d=mm&r=g\",\"caption\":\"UGT\"}}]}<\/script>\n<!-- \/ Yoast SEO Premium plugin. -->","yoast_head_json":{"title":"As\u00ed se llevar\u00e1n los 30 MBPS a (casi) toda Espa\u00f1a - UGT Comunicaciones","description":"El primer dividendo digital sobre la banda de 800 MHz licitado en septiembre de 2011 conllev\u00f3, entre otras materias, un compromiso normativo para que, aquellos operadores adjudicatarios, llevasen \u201cuna cobertura que permita el acceso a una velocidad de 30 megabits por segundo (Mbps) o superior, al menos, al 90...","robots":{"index":"index","follow":"follow","max-snippet":"max-snippet:-1","max-image-preview":"max-image-preview:large","max-video-preview":"max-video-preview:-1"},"canonical":"https:\/\/www.ugtcomunicaciones.es\/wordpress\/asi-se-llevaran-los-30-mbps-a-casi-toda-espana\/","og_locale":"es_ES","og_type":"article","og_title":"As\u00ed se llevar\u00e1n los 30 MBPS a (casi) toda Espa\u00f1a","og_description":"El primer dividendo digital sobre la banda de 800 MHz licitado en septiembre de 2011 conllev\u00f3, entre otras materias, un compromiso normativo para que, aquellos operadores adjudicatarios, llevasen \u201cuna cobertura que permita el acceso a una velocidad de 30 megabits por segundo (Mbps) o superior, al menos, al 90...","og_url":"https:\/\/www.ugtcomunicaciones.es\/wordpress\/asi-se-llevaran-los-30-mbps-a-casi-toda-espana\/","og_site_name":"UGT Comunicaciones","article_publisher":"https:\/\/www.facebook.com\/ugt.comunicaciones\/","article_published_time":"2018-04-16T06:00:56+00:00","og_image":[{"width":600,"height":314,"url":"https:\/\/www.ugtcomunicaciones.es\/wordpress\/wp-content\/uploads\/2018\/04\/espana-dividendo-portada-16-04-18.jpg","type":"image\/jpeg"}],"author":"UGT","twitter_card":"summary_large_image","twitter_creator":"@ugtcom","twitter_site":"@ugtcom","twitter_misc":{"Escrito por":"UGT","Tiempo de lectura":"4 minutos"},"schema":{"@context":"https:\/\/schema.org","@graph":[{"@type":"Article","@id":"https:\/\/www.ugtcomunicaciones.es\/wordpress\/asi-se-llevaran-los-30-mbps-a-casi-toda-espana\/#article","isPartOf":{"@id":"https:\/\/www.ugtcomunicaciones.es\/wordpress\/asi-se-llevaran-los-30-mbps-a-casi-toda-espana\/"},"author":{"name":"UGT","@id":"https:\/\/www.ugtcomunicaciones.es\/wordpress\/#\/schema\/person\/eba0fc3fe5b444531d94d4368cba89ed"},"headline":"As\u00ed se llevar\u00e1n los 30 MBPS a (casi) toda Espa\u00f1a","datePublished":"2018-04-16T06:00:56+00:00","mainEntityOfPage":{"@id":"https:\/\/www.ugtcomunicaciones.es\/wordpress\/asi-se-llevaran-los-30-mbps-a-casi-toda-espana\/"},"wordCount":717,"publisher":{"@id":"https:\/\/www.ugtcomunicaciones.es\/wordpress\/#organization"},"image":{"@id":"https:\/\/www.ugtcomunicaciones.es\/wordpress\/asi-se-llevaran-los-30-mbps-a-casi-toda-espana\/#primaryimage"},"thumbnailUrl":"https:\/\/www.ugtcomunicaciones.es\/wordpress\/wp-content\/uploads\/2018\/04\/espana-dividendo-portada-16-04-18.jpg","articleSection":["Opini\u00f3n","Regulaci\u00f3n"],"inLanguage":"es"},{"@type":"WebPage","@id":"https:\/\/www.ugtcomunicaciones.es\/wordpress\/asi-se-llevaran-los-30-mbps-a-casi-toda-espana\/","url":"https:\/\/www.ugtcomunicaciones.es\/wordpress\/asi-se-llevaran-los-30-mbps-a-casi-toda-espana\/","name":"As\u00ed se llevar\u00e1n los 30 MBPS a (casi) toda Espa\u00f1a - UGT Comunicaciones","isPartOf":{"@id":"https:\/\/www.ugtcomunicaciones.es\/wordpress\/#website"},"primaryImageOfPage":{"@id":"https:\/\/www.ugtcomunicaciones.es\/wordpress\/asi-se-llevaran-los-30-mbps-a-casi-toda-espana\/#primaryimage"},"image":{"@id":"https:\/\/www.ugtcomunicaciones.es\/wordpress\/asi-se-llevaran-los-30-mbps-a-casi-toda-espana\/#primaryimage"},"thumbnailUrl":"https:\/\/www.ugtcomunicaciones.es\/wordpress\/wp-content\/uploads\/2018\/04\/espana-dividendo-portada-16-04-18.jpg","datePublished":"2018-04-16T06:00:56+00:00","description":"El primer dividendo digital sobre la banda de 800 MHz licitado en septiembre de 2011 conllev\u00f3, entre otras materias, un compromiso normativo para que, aquellos operadores adjudicatarios, llevasen \u201cuna cobertura que permita el acceso a una velocidad de 30 megabits por segundo (Mbps) o superior, al menos, al 90...","breadcrumb":{"@id":"https:\/\/www.ugtcomunicaciones.es\/wordpress\/asi-se-llevaran-los-30-mbps-a-casi-toda-espana\/#breadcrumb"},"inLanguage":"es","potentialAction":[{"@type":"ReadAction","target":["https:\/\/www.ugtcomunicaciones.es\/wordpress\/asi-se-llevaran-los-30-mbps-a-casi-toda-espana\/"]}]},{"@type":"ImageObject","inLanguage":"es","@id":"https:\/\/www.ugtcomunicaciones.es\/wordpress\/asi-se-llevaran-los-30-mbps-a-casi-toda-espana\/#primaryimage","url":"https:\/\/www.ugtcomunicaciones.es\/wordpress\/wp-content\/uploads\/2018\/04\/espana-dividendo-portada-16-04-18.jpg","contentUrl":"https:\/\/www.ugtcomunicaciones.es\/wordpress\/wp-content\/uploads\/2018\/04\/espana-dividendo-portada-16-04-18.jpg","width":600,"height":314,"caption":"espana-dividendo-portada-16-04-18"},{"@type":"BreadcrumbList","@id":"https:\/\/www.ugtcomunicaciones.es\/wordpress\/asi-se-llevaran-los-30-mbps-a-casi-toda-espana\/#breadcrumb","itemListElement":[{"@type":"ListItem","position":1,"name":"Portada","item":"https:\/\/www.ugtcomunicaciones.es\/wordpress\/"},{"@type":"ListItem","position":2,"name":"As\u00ed se llevar\u00e1n los 30 MBPS a (casi) toda Espa\u00f1a"}]},{"@type":"WebSite","@id":"https:\/\/www.ugtcomunicaciones.es\/wordpress\/#website","url":"https:\/\/www.ugtcomunicaciones.es\/wordpress\/","name":"UGT Comunicaciones","description":"Sindicato de Telecomunicaciones","publisher":{"@id":"https:\/\/www.ugtcomunicaciones.es\/wordpress\/#organization"},"potentialAction":[{"@type":"SearchAction","target":{"@type":"EntryPoint","urlTemplate":"https:\/\/www.ugtcomunicaciones.es\/wordpress\/?s={search_term_string}"},"query-input":{"@type":"PropertyValueSpecification","valueRequired":true,"valueName":"search_term_string"}}],"inLanguage":"es"},{"@type":"Organization","@id":"https:\/\/www.ugtcomunicaciones.es\/wordpress\/#organization","name":"UGT Comunicaciones","url":"https:\/\/www.ugtcomunicaciones.es\/wordpress\/","logo":{"@type":"ImageObject","inLanguage":"es","@id":"https:\/\/www.ugtcomunicaciones.es\/wordpress\/#\/schema\/logo\/image\/","url":"https:\/\/www.ugtcomunicaciones.es\/wordpress\/wp-content\/uploads\/2024\/04\/comunicaciones_logo.png","contentUrl":"https:\/\/www.ugtcomunicaciones.es\/wordpress\/wp-content\/uploads\/2024\/04\/comunicaciones_logo.png","width":298,"height":81,"caption":"UGT Comunicaciones"},"image":{"@id":"https:\/\/www.ugtcomunicaciones.es\/wordpress\/#\/schema\/logo\/image\/"},"sameAs":["https:\/\/www.facebook.com\/ugt.comunicaciones\/","https:\/\/x.com\/ugtcom"]},{"@type":"Person","@id":"https:\/\/www.ugtcomunicaciones.es\/wordpress\/#\/schema\/person\/eba0fc3fe5b444531d94d4368cba89ed","name":"UGT","image":{"@type":"ImageObject","inLanguage":"es","@id":"https:\/\/secure.gravatar.com\/avatar\/2a16057d620a4c646bcfc171c4f23030879ebbdd346f0525bd5d4a564e57e13d?s=96&d=mm&r=g","url":"https:\/\/secure.gravatar.com\/avatar\/2a16057d620a4c646bcfc171c4f23030879ebbdd346f0525bd5d4a564e57e13d?s=96&d=mm&r=g","contentUrl":"https:\/\/secure.gravatar.com\/avatar\/2a16057d620a4c646bcfc171c4f23030879ebbdd346f0525bd5d4a564e57e13d?s=96&d=mm&r=g","caption":"UGT"}}]}},"_links":{"self":[{"href":"https:\/\/www.ugtcomunicaciones.es\/wordpress\/wp-json\/wp\/v2\/posts\/130452","targetHints":{"allow":["GET"]}}],"collection":[{"href":"https:\/\/www.ugtcomunicaciones.es\/wordpress\/wp-json\/wp\/v2\/posts"}],"about":[{"href":"https:\/\/www.ugtcomunicaciones.es\/wordpress\/wp-json\/wp\/v2\/types\/post"}],"author":[{"embeddable":true,"href":"https:\/\/www.ugtcomunicaciones.es\/wordpress\/wp-json\/wp\/v2\/users\/3"}],"replies":[{"embeddable":true,"href":"https:\/\/www.ugtcomunicaciones.es\/wordpress\/wp-json\/wp\/v2\/comments?post=130452"}],"version-history":[{"count":0,"href":"https:\/\/www.ugtcomunicaciones.es\/wordpress\/wp-json\/wp\/v2\/posts\/130452\/revisions"}],"wp:featuredmedia":[{"embeddable":true,"href":"https:\/\/www.ugtcomunicaciones.es\/wordpress\/wp-json\/wp\/v2\/media\/130469"}],"wp:attachment":[{"href":"https:\/\/www.ugtcomunicaciones.es\/wordpress\/wp-json\/wp\/v2\/media?parent=130452"}],"wp:term":[{"taxonomy":"category","embeddable":true,"href":"https:\/\/www.ugtcomunicaciones.es\/wordpress\/wp-json\/wp\/v2\/categories?post=130452"},{"taxonomy":"post_tag","embeddable":true,"href":"https:\/\/www.ugtcomunicaciones.es\/wordpress\/wp-json\/wp\/v2\/tags?post=130452"}],"curies":[{"name":"wp","href":"https:\/\/api.w.org\/{rel}","templated":true}]}}