{"id":1310,"date":"2017-04-17T12:56:18","date_gmt":"2017-04-17T11:56:18","guid":{"rendered":"http:\/\/www.ugtcom.h2301842.stratoserver.net\/wordpress\/wordpress\/?p=1310"},"modified":"2017-06-26T12:40:18","modified_gmt":"2017-06-26T11:40:18","slug":"la-banda-ancha-50-mbps-declarada-servicio-basico-canada","status":"publish","type":"post","link":"https:\/\/www.ugtcomunicaciones.es\/wordpress\/la-banda-ancha-50-mbps-declarada-servicio-basico-canada\/","title":{"rendered":"La banda ancha de 50 Mbps, declarada servicio b\u00e1sico en Canad\u00e1"},"content":{"rendered":"<p style=\"text-align: justify;\">Como resultado de la simbiosis fronteriza de EEUU y Canad\u00e1, esta \u00faltima sigue los pasos de la primera en la declaraci\u00f3n de universalidad de la Banda Ancha<a href=\"#_ftn1\" name=\"_ftnref1\">[1]<\/a>.<\/p>\n<p style=\"text-align: justify;\">La <em>Canadian Radio-television<\/em><em> and Telecommunications Commission<\/em> (CRTC)\u00a0ha d<img decoding=\"async\" class=\"alignright wp-image-1311 size-full lazyload\" data-src=\"http:\/\/ugtcomunicaciones.es\/wordpress\/wp-content\/uploads\/2017\/04\/Bandera-Canada.png\" alt=\"\" width=\"142\" height=\"71\" src=\"data:image\/svg+xml;base64,PHN2ZyB3aWR0aD0iMSIgaGVpZ2h0PSIxIiB4bWxucz0iaHR0cDovL3d3dy53My5vcmcvMjAwMC9zdmciPjwvc3ZnPg==\" style=\"--smush-placeholder-width: 142px; --smush-placeholder-aspect-ratio: 142\/71;\" \/>eclarado la banda ancha como un servicio b\u00e1sico para todos los canadienses, fijando la velocidad m\u00ednima exigible y reservando un fondo presupuestario para conseguirlo<a href=\"#_ftn2\" name=\"_ftnref2\">[2]<\/a>.<\/p>\n<p style=\"text-align: justify;\">De este modo, la CRTC ha estipulado las siguientes condiciones para declarar la banda ancha como Servicio Universal:<\/p>\n<ul style=\"text-align: justify;\">\n<li>La velocidad m\u00ednima ser\u00e1 de 50 megabits por segundo en descarga y de 10 Mbps en subida, para todos los servicios de acceso a Internet de banda ancha fija. Anteriormente a esta norma, las velocidades orientativas se cifraban en 5 y 1 Mbps, respectivamente.<\/li>\n<li>Se estima que el 90% de la poblaci\u00f3n de Canad\u00e1 estar\u00eda en los nuevos m\u00e1rgenes en 2021, alcanz\u00e1ndose el 100% en un m\u00e1ximo de 15 a\u00f1os.<\/li>\n<li>Se establecer\u00e1 una opci\u00f3n de datos ilimitados para dichos servicios.<\/li>\n<li>Se crea un Fondo presupuestario de 750 millones de d\u00f3lares para invertir en nuevas infraestructuras durante el pr\u00f3ximo lustro, orientado a llevar la banda ancha a zonas marginadas.<\/li>\n<\/ul>\n<p style=\"text-align: justify;\">Tal y como asegura el regulador canadiense en su nota de prensa, <em>\u00abel acceso al servicio de Internet de banda ancha es vital y un servicio b\u00e1sico de telecomunicaciones que todos los canadienses tienen derecho a recibir. El futuro de nuestra econom\u00eda, nuestra prosperidad, nuestra sociedad, nos obliga a fijar metas ambiciosas y continuar con la conexi\u00f3n de todos los canadienses para el siglo XXI\u00bb<\/em>.<\/p>\n<p><a href=\"#_ftnref1\" name=\"_ftn1\">[1]<\/a> <a href=\"http:\/\/www.smcugt.org\/noticia\/eeuu-actualiza-su-servicio-universal-y-lo-convierte-en-el-mejor-del-mundo-id-49220.htm\" target=\"_blank\" rel=\"noopener noreferrer\">http:\/\/www.smcugt.org\/noticia\/eeuu-actualiza-su-servicio-universal-y-lo-convierte-en-el-mejor-del-mundo-id-49220.htm<\/a>; <a href=\"http:\/\/www.smcugt.org\/noticia\/eeuu-proclama-a-internet-como-servicio-publico-garantizando-la-neutralidad-de-la-red-id-49644.htm\" target=\"_blank\" rel=\"noopener noreferrer\">http:\/\/www.smcugt.org\/noticia\/eeuu-proclama-a-internet-como-servicio-publico-garantizando-la-neutralidad-de-la-red-id-49644.htm<\/a><br \/>\n<a href=\"#_ftnref2\" name=\"_ftn2\">[2]<\/a> <a href=\"http:\/\/news.gc.ca\/web\/article-en.do?nid=1172599\" target=\"_blank\" rel=\"noopener noreferrer\">http:\/\/news.gc.ca\/web\/article-en.do?nid=1172599<\/a><\/p>\n","protected":false},"excerpt":{"rendered":"<p>Como resultado de la simbiosis fronteriza de EEUU y Canad\u00e1, esta \u00faltima sigue los pasos de la primera en la declaraci\u00f3n de universalidad de la Banda Ancha[1]. La Canadian Radio-television and Telecommunications Commission (CRTC)\u00a0ha declarado la banda ancha como un servicio b\u00e1sico para todos los canadienses, fijando la velocidad m\u00ednima exigible y reservando un fondo [&hellip;]<\/p>\n","protected":false},"author":3,"featured_media":1312,"comment_status":"open","ping_status":"closed","sticky":false,"template":"","format":"standard","meta":{"footnotes":""},"categories":[16,12],"tags":[],"class_list":["post-1310","post","type-post","status-publish","format-standard","has-post-thumbnail","hentry","category-internet","category-regulacion"],"yoast_head":"<!-- This site is optimized with the Yoast SEO Premium plugin v27.3 (Yoast SEO v27.4) - https:\/\/yoast.com\/product\/yoast-seo-premium-wordpress\/ -->\n<title>La banda ancha de 50 Mbps, declarada servicio b\u00e1sico en Canad\u00e1 - UGT Comunicaciones<\/title>\n<meta name=\"robots\" content=\"index, follow, max-snippet:-1, max-image-preview:large, max-video-preview:-1\" \/>\n<link rel=\"canonical\" href=\"https:\/\/www.ugtcomunicaciones.es\/wordpress\/la-banda-ancha-50-mbps-declarada-servicio-basico-canada\/\" \/>\n<meta property=\"og:locale\" content=\"es_ES\" \/>\n<meta property=\"og:type\" content=\"article\" \/>\n<meta property=\"og:title\" content=\"La banda ancha de 50 Mbps, declarada servicio b\u00e1sico en Canad\u00e1\" \/>\n<meta property=\"og:description\" content=\"Como resultado de la simbiosis fronteriza de EEUU y Canad\u00e1, esta \u00faltima sigue los pasos de la primera en la declaraci\u00f3n de universalidad de la Banda Ancha[1]. La Canadian Radio-television and Telecommunications Commission (CRTC)\u00a0ha declarado la banda ancha como un servicio b\u00e1sico para todos los canadienses, fijando la velocidad m\u00ednima exigible y reservando un fondo [&hellip;]\" \/>\n<meta property=\"og:url\" content=\"https:\/\/www.ugtcomunicaciones.es\/wordpress\/la-banda-ancha-50-mbps-declarada-servicio-basico-canada\/\" \/>\n<meta property=\"og:site_name\" content=\"UGT Comunicaciones\" \/>\n<meta property=\"article:publisher\" content=\"https:\/\/www.facebook.com\/ugt.comunicaciones\/\" \/>\n<meta property=\"article:published_time\" content=\"2017-04-17T11:56:18+00:00\" \/>\n<meta property=\"article:modified_time\" content=\"2017-06-26T11:40:18+00:00\" \/>\n<meta property=\"og:image\" content=\"https:\/\/www.ugtcomunicaciones.es\/wordpress\/wp-content\/uploads\/2017\/04\/Canada.jpg\" \/>\n\t<meta property=\"og:image:width\" content=\"650\" \/>\n\t<meta property=\"og:image:height\" content=\"366\" \/>\n\t<meta property=\"og:image:type\" content=\"image\/jpeg\" \/>\n<meta name=\"author\" content=\"UGT\" \/>\n<meta name=\"twitter:card\" content=\"summary_large_image\" \/>\n<meta name=\"twitter:creator\" content=\"@ugtcom\" \/>\n<meta name=\"twitter:site\" content=\"@ugtcom\" \/>\n<meta name=\"twitter:label1\" content=\"Escrito por\" \/>\n\t<meta name=\"twitter:data1\" content=\"UGT\" \/>\n\t<meta name=\"twitter:label2\" content=\"Tiempo de lectura\" \/>\n\t<meta name=\"twitter:data2\" content=\"1 minuto\" \/>\n<script type=\"application\/ld+json\" class=\"yoast-schema-graph\">{\"@context\":\"https:\\\/\\\/schema.org\",\"@graph\":[{\"@type\":\"Article\",\"@id\":\"https:\\\/\\\/www.ugtcomunicaciones.es\\\/wordpress\\\/la-banda-ancha-50-mbps-declarada-servicio-basico-canada\\\/#article\",\"isPartOf\":{\"@id\":\"https:\\\/\\\/www.ugtcomunicaciones.es\\\/wordpress\\\/la-banda-ancha-50-mbps-declarada-servicio-basico-canada\\\/\"},\"author\":{\"name\":\"UGT\",\"@id\":\"https:\\\/\\\/www.ugtcomunicaciones.es\\\/wordpress\\\/#\\\/schema\\\/person\\\/eba0fc3fe5b444531d94d4368cba89ed\"},\"headline\":\"La banda ancha de 50 Mbps, declarada servicio b\u00e1sico en Canad\u00e1\",\"datePublished\":\"2017-04-17T11:56:18+00:00\",\"dateModified\":\"2017-06-26T11:40:18+00:00\",\"mainEntityOfPage\":{\"@id\":\"https:\\\/\\\/www.ugtcomunicaciones.es\\\/wordpress\\\/la-banda-ancha-50-mbps-declarada-servicio-basico-canada\\\/\"},\"wordCount\":290,\"commentCount\":0,\"publisher\":{\"@id\":\"https:\\\/\\\/www.ugtcomunicaciones.es\\\/wordpress\\\/#organization\"},\"image\":{\"@id\":\"https:\\\/\\\/www.ugtcomunicaciones.es\\\/wordpress\\\/la-banda-ancha-50-mbps-declarada-servicio-basico-canada\\\/#primaryimage\"},\"thumbnailUrl\":\"https:\\\/\\\/www.ugtcomunicaciones.es\\\/wordpress\\\/wp-content\\\/uploads\\\/2017\\\/04\\\/Canada.jpg\",\"articleSection\":[\"Internet\",\"Regulaci\u00f3n\"],\"inLanguage\":\"es\",\"potentialAction\":[{\"@type\":\"CommentAction\",\"name\":\"Comment\",\"target\":[\"https:\\\/\\\/www.ugtcomunicaciones.es\\\/wordpress\\\/la-banda-ancha-50-mbps-declarada-servicio-basico-canada\\\/#respond\"]}]},{\"@type\":\"WebPage\",\"@id\":\"https:\\\/\\\/www.ugtcomunicaciones.es\\\/wordpress\\\/la-banda-ancha-50-mbps-declarada-servicio-basico-canada\\\/\",\"url\":\"https:\\\/\\\/www.ugtcomunicaciones.es\\\/wordpress\\\/la-banda-ancha-50-mbps-declarada-servicio-basico-canada\\\/\",\"name\":\"La banda ancha de 50 Mbps, declarada servicio b\u00e1sico en Canad\u00e1 - UGT Comunicaciones\",\"isPartOf\":{\"@id\":\"https:\\\/\\\/www.ugtcomunicaciones.es\\\/wordpress\\\/#website\"},\"primaryImageOfPage\":{\"@id\":\"https:\\\/\\\/www.ugtcomunicaciones.es\\\/wordpress\\\/la-banda-ancha-50-mbps-declarada-servicio-basico-canada\\\/#primaryimage\"},\"image\":{\"@id\":\"https:\\\/\\\/www.ugtcomunicaciones.es\\\/wordpress\\\/la-banda-ancha-50-mbps-declarada-servicio-basico-canada\\\/#primaryimage\"},\"thumbnailUrl\":\"https:\\\/\\\/www.ugtcomunicaciones.es\\\/wordpress\\\/wp-content\\\/uploads\\\/2017\\\/04\\\/Canada.jpg\",\"datePublished\":\"2017-04-17T11:56:18+00:00\",\"dateModified\":\"2017-06-26T11:40:18+00:00\",\"breadcrumb\":{\"@id\":\"https:\\\/\\\/www.ugtcomunicaciones.es\\\/wordpress\\\/la-banda-ancha-50-mbps-declarada-servicio-basico-canada\\\/#breadcrumb\"},\"inLanguage\":\"es\",\"potentialAction\":[{\"@type\":\"ReadAction\",\"target\":[\"https:\\\/\\\/www.ugtcomunicaciones.es\\\/wordpress\\\/la-banda-ancha-50-mbps-declarada-servicio-basico-canada\\\/\"]}]},{\"@type\":\"ImageObject\",\"inLanguage\":\"es\",\"@id\":\"https:\\\/\\\/www.ugtcomunicaciones.es\\\/wordpress\\\/la-banda-ancha-50-mbps-declarada-servicio-basico-canada\\\/#primaryimage\",\"url\":\"https:\\\/\\\/www.ugtcomunicaciones.es\\\/wordpress\\\/wp-content\\\/uploads\\\/2017\\\/04\\\/Canada.jpg\",\"contentUrl\":\"https:\\\/\\\/www.ugtcomunicaciones.es\\\/wordpress\\\/wp-content\\\/uploads\\\/2017\\\/04\\\/Canada.jpg\",\"width\":650,\"height\":366},{\"@type\":\"BreadcrumbList\",\"@id\":\"https:\\\/\\\/www.ugtcomunicaciones.es\\\/wordpress\\\/la-banda-ancha-50-mbps-declarada-servicio-basico-canada\\\/#breadcrumb\",\"itemListElement\":[{\"@type\":\"ListItem\",\"position\":1,\"name\":\"Portada\",\"item\":\"https:\\\/\\\/www.ugtcomunicaciones.es\\\/wordpress\\\/\"},{\"@type\":\"ListItem\",\"position\":2,\"name\":\"La banda ancha de 50 Mbps, declarada servicio b\u00e1sico en Canad\u00e1\"}]},{\"@type\":\"WebSite\",\"@id\":\"https:\\\/\\\/www.ugtcomunicaciones.es\\\/wordpress\\\/#website\",\"url\":\"https:\\\/\\\/www.ugtcomunicaciones.es\\\/wordpress\\\/\",\"name\":\"UGT Comunicaciones\",\"description\":\"Sindicato de Telecomunicaciones\",\"publisher\":{\"@id\":\"https:\\\/\\\/www.ugtcomunicaciones.es\\\/wordpress\\\/#organization\"},\"potentialAction\":[{\"@type\":\"SearchAction\",\"target\":{\"@type\":\"EntryPoint\",\"urlTemplate\":\"https:\\\/\\\/www.ugtcomunicaciones.es\\\/wordpress\\\/?s={search_term_string}\"},\"query-input\":{\"@type\":\"PropertyValueSpecification\",\"valueRequired\":true,\"valueName\":\"search_term_string\"}}],\"inLanguage\":\"es\"},{\"@type\":\"Organization\",\"@id\":\"https:\\\/\\\/www.ugtcomunicaciones.es\\\/wordpress\\\/#organization\",\"name\":\"UGT Comunicaciones\",\"url\":\"https:\\\/\\\/www.ugtcomunicaciones.es\\\/wordpress\\\/\",\"logo\":{\"@type\":\"ImageObject\",\"inLanguage\":\"es\",\"@id\":\"https:\\\/\\\/www.ugtcomunicaciones.es\\\/wordpress\\\/#\\\/schema\\\/logo\\\/image\\\/\",\"url\":\"https:\\\/\\\/www.ugtcomunicaciones.es\\\/wordpress\\\/wp-content\\\/uploads\\\/2024\\\/04\\\/comunicaciones_logo.png\",\"contentUrl\":\"https:\\\/\\\/www.ugtcomunicaciones.es\\\/wordpress\\\/wp-content\\\/uploads\\\/2024\\\/04\\\/comunicaciones_logo.png\",\"width\":298,\"height\":81,\"caption\":\"UGT Comunicaciones\"},\"image\":{\"@id\":\"https:\\\/\\\/www.ugtcomunicaciones.es\\\/wordpress\\\/#\\\/schema\\\/logo\\\/image\\\/\"},\"sameAs\":[\"https:\\\/\\\/www.facebook.com\\\/ugt.comunicaciones\\\/\",\"https:\\\/\\\/x.com\\\/ugtcom\"]},{\"@type\":\"Person\",\"@id\":\"https:\\\/\\\/www.ugtcomunicaciones.es\\\/wordpress\\\/#\\\/schema\\\/person\\\/eba0fc3fe5b444531d94d4368cba89ed\",\"name\":\"UGT\",\"image\":{\"@type\":\"ImageObject\",\"inLanguage\":\"es\",\"@id\":\"https:\\\/\\\/secure.gravatar.com\\\/avatar\\\/2a16057d620a4c646bcfc171c4f23030879ebbdd346f0525bd5d4a564e57e13d?s=96&d=mm&r=g\",\"url\":\"https:\\\/\\\/secure.gravatar.com\\\/avatar\\\/2a16057d620a4c646bcfc171c4f23030879ebbdd346f0525bd5d4a564e57e13d?s=96&d=mm&r=g\",\"contentUrl\":\"https:\\\/\\\/secure.gravatar.com\\\/avatar\\\/2a16057d620a4c646bcfc171c4f23030879ebbdd346f0525bd5d4a564e57e13d?s=96&d=mm&r=g\",\"caption\":\"UGT\"}}]}<\/script>\n<!-- \/ Yoast SEO Premium plugin. -->","yoast_head_json":{"title":"La banda ancha de 50 Mbps, declarada servicio b\u00e1sico en Canad\u00e1 - UGT Comunicaciones","robots":{"index":"index","follow":"follow","max-snippet":"max-snippet:-1","max-image-preview":"max-image-preview:large","max-video-preview":"max-video-preview:-1"},"canonical":"https:\/\/www.ugtcomunicaciones.es\/wordpress\/la-banda-ancha-50-mbps-declarada-servicio-basico-canada\/","og_locale":"es_ES","og_type":"article","og_title":"La banda ancha de 50 Mbps, declarada servicio b\u00e1sico en Canad\u00e1","og_description":"Como resultado de la simbiosis fronteriza de EEUU y Canad\u00e1, esta \u00faltima sigue los pasos de la primera en la declaraci\u00f3n de universalidad de la Banda Ancha[1]. La Canadian Radio-television and Telecommunications Commission (CRTC)\u00a0ha declarado la banda ancha como un servicio b\u00e1sico para todos los canadienses, fijando la velocidad m\u00ednima exigible y reservando un fondo [&hellip;]","og_url":"https:\/\/www.ugtcomunicaciones.es\/wordpress\/la-banda-ancha-50-mbps-declarada-servicio-basico-canada\/","og_site_name":"UGT Comunicaciones","article_publisher":"https:\/\/www.facebook.com\/ugt.comunicaciones\/","article_published_time":"2017-04-17T11:56:18+00:00","article_modified_time":"2017-06-26T11:40:18+00:00","og_image":[{"width":650,"height":366,"url":"https:\/\/www.ugtcomunicaciones.es\/wordpress\/wp-content\/uploads\/2017\/04\/Canada.jpg","type":"image\/jpeg"}],"author":"UGT","twitter_card":"summary_large_image","twitter_creator":"@ugtcom","twitter_site":"@ugtcom","twitter_misc":{"Escrito por":"UGT","Tiempo de lectura":"1 minuto"},"schema":{"@context":"https:\/\/schema.org","@graph":[{"@type":"Article","@id":"https:\/\/www.ugtcomunicaciones.es\/wordpress\/la-banda-ancha-50-mbps-declarada-servicio-basico-canada\/#article","isPartOf":{"@id":"https:\/\/www.ugtcomunicaciones.es\/wordpress\/la-banda-ancha-50-mbps-declarada-servicio-basico-canada\/"},"author":{"name":"UGT","@id":"https:\/\/www.ugtcomunicaciones.es\/wordpress\/#\/schema\/person\/eba0fc3fe5b444531d94d4368cba89ed"},"headline":"La banda ancha de 50 Mbps, declarada servicio b\u00e1sico en Canad\u00e1","datePublished":"2017-04-17T11:56:18+00:00","dateModified":"2017-06-26T11:40:18+00:00","mainEntityOfPage":{"@id":"https:\/\/www.ugtcomunicaciones.es\/wordpress\/la-banda-ancha-50-mbps-declarada-servicio-basico-canada\/"},"wordCount":290,"commentCount":0,"publisher":{"@id":"https:\/\/www.ugtcomunicaciones.es\/wordpress\/#organization"},"image":{"@id":"https:\/\/www.ugtcomunicaciones.es\/wordpress\/la-banda-ancha-50-mbps-declarada-servicio-basico-canada\/#primaryimage"},"thumbnailUrl":"https:\/\/www.ugtcomunicaciones.es\/wordpress\/wp-content\/uploads\/2017\/04\/Canada.jpg","articleSection":["Internet","Regulaci\u00f3n"],"inLanguage":"es","potentialAction":[{"@type":"CommentAction","name":"Comment","target":["https:\/\/www.ugtcomunicaciones.es\/wordpress\/la-banda-ancha-50-mbps-declarada-servicio-basico-canada\/#respond"]}]},{"@type":"WebPage","@id":"https:\/\/www.ugtcomunicaciones.es\/wordpress\/la-banda-ancha-50-mbps-declarada-servicio-basico-canada\/","url":"https:\/\/www.ugtcomunicaciones.es\/wordpress\/la-banda-ancha-50-mbps-declarada-servicio-basico-canada\/","name":"La banda ancha de 50 Mbps, declarada servicio b\u00e1sico en Canad\u00e1 - UGT Comunicaciones","isPartOf":{"@id":"https:\/\/www.ugtcomunicaciones.es\/wordpress\/#website"},"primaryImageOfPage":{"@id":"https:\/\/www.ugtcomunicaciones.es\/wordpress\/la-banda-ancha-50-mbps-declarada-servicio-basico-canada\/#primaryimage"},"image":{"@id":"https:\/\/www.ugtcomunicaciones.es\/wordpress\/la-banda-ancha-50-mbps-declarada-servicio-basico-canada\/#primaryimage"},"thumbnailUrl":"https:\/\/www.ugtcomunicaciones.es\/wordpress\/wp-content\/uploads\/2017\/04\/Canada.jpg","datePublished":"2017-04-17T11:56:18+00:00","dateModified":"2017-06-26T11:40:18+00:00","breadcrumb":{"@id":"https:\/\/www.ugtcomunicaciones.es\/wordpress\/la-banda-ancha-50-mbps-declarada-servicio-basico-canada\/#breadcrumb"},"inLanguage":"es","potentialAction":[{"@type":"ReadAction","target":["https:\/\/www.ugtcomunicaciones.es\/wordpress\/la-banda-ancha-50-mbps-declarada-servicio-basico-canada\/"]}]},{"@type":"ImageObject","inLanguage":"es","@id":"https:\/\/www.ugtcomunicaciones.es\/wordpress\/la-banda-ancha-50-mbps-declarada-servicio-basico-canada\/#primaryimage","url":"https:\/\/www.ugtcomunicaciones.es\/wordpress\/wp-content\/uploads\/2017\/04\/Canada.jpg","contentUrl":"https:\/\/www.ugtcomunicaciones.es\/wordpress\/wp-content\/uploads\/2017\/04\/Canada.jpg","width":650,"height":366},{"@type":"BreadcrumbList","@id":"https:\/\/www.ugtcomunicaciones.es\/wordpress\/la-banda-ancha-50-mbps-declarada-servicio-basico-canada\/#breadcrumb","itemListElement":[{"@type":"ListItem","position":1,"name":"Portada","item":"https:\/\/www.ugtcomunicaciones.es\/wordpress\/"},{"@type":"ListItem","position":2,"name":"La banda ancha de 50 Mbps, declarada servicio b\u00e1sico en Canad\u00e1"}]},{"@type":"WebSite","@id":"https:\/\/www.ugtcomunicaciones.es\/wordpress\/#website","url":"https:\/\/www.ugtcomunicaciones.es\/wordpress\/","name":"UGT Comunicaciones","description":"Sindicato de Telecomunicaciones","publisher":{"@id":"https:\/\/www.ugtcomunicaciones.es\/wordpress\/#organization"},"potentialAction":[{"@type":"SearchAction","target":{"@type":"EntryPoint","urlTemplate":"https:\/\/www.ugtcomunicaciones.es\/wordpress\/?s={search_term_string}"},"query-input":{"@type":"PropertyValueSpecification","valueRequired":true,"valueName":"search_term_string"}}],"inLanguage":"es"},{"@type":"Organization","@id":"https:\/\/www.ugtcomunicaciones.es\/wordpress\/#organization","name":"UGT Comunicaciones","url":"https:\/\/www.ugtcomunicaciones.es\/wordpress\/","logo":{"@type":"ImageObject","inLanguage":"es","@id":"https:\/\/www.ugtcomunicaciones.es\/wordpress\/#\/schema\/logo\/image\/","url":"https:\/\/www.ugtcomunicaciones.es\/wordpress\/wp-content\/uploads\/2024\/04\/comunicaciones_logo.png","contentUrl":"https:\/\/www.ugtcomunicaciones.es\/wordpress\/wp-content\/uploads\/2024\/04\/comunicaciones_logo.png","width":298,"height":81,"caption":"UGT Comunicaciones"},"image":{"@id":"https:\/\/www.ugtcomunicaciones.es\/wordpress\/#\/schema\/logo\/image\/"},"sameAs":["https:\/\/www.facebook.com\/ugt.comunicaciones\/","https:\/\/x.com\/ugtcom"]},{"@type":"Person","@id":"https:\/\/www.ugtcomunicaciones.es\/wordpress\/#\/schema\/person\/eba0fc3fe5b444531d94d4368cba89ed","name":"UGT","image":{"@type":"ImageObject","inLanguage":"es","@id":"https:\/\/secure.gravatar.com\/avatar\/2a16057d620a4c646bcfc171c4f23030879ebbdd346f0525bd5d4a564e57e13d?s=96&d=mm&r=g","url":"https:\/\/secure.gravatar.com\/avatar\/2a16057d620a4c646bcfc171c4f23030879ebbdd346f0525bd5d4a564e57e13d?s=96&d=mm&r=g","contentUrl":"https:\/\/secure.gravatar.com\/avatar\/2a16057d620a4c646bcfc171c4f23030879ebbdd346f0525bd5d4a564e57e13d?s=96&d=mm&r=g","caption":"UGT"}}]}},"_links":{"self":[{"href":"https:\/\/www.ugtcomunicaciones.es\/wordpress\/wp-json\/wp\/v2\/posts\/1310","targetHints":{"allow":["GET"]}}],"collection":[{"href":"https:\/\/www.ugtcomunicaciones.es\/wordpress\/wp-json\/wp\/v2\/posts"}],"about":[{"href":"https:\/\/www.ugtcomunicaciones.es\/wordpress\/wp-json\/wp\/v2\/types\/post"}],"author":[{"embeddable":true,"href":"https:\/\/www.ugtcomunicaciones.es\/wordpress\/wp-json\/wp\/v2\/users\/3"}],"replies":[{"embeddable":true,"href":"https:\/\/www.ugtcomunicaciones.es\/wordpress\/wp-json\/wp\/v2\/comments?post=1310"}],"version-history":[{"count":0,"href":"https:\/\/www.ugtcomunicaciones.es\/wordpress\/wp-json\/wp\/v2\/posts\/1310\/revisions"}],"wp:featuredmedia":[{"embeddable":true,"href":"https:\/\/www.ugtcomunicaciones.es\/wordpress\/wp-json\/wp\/v2\/media\/1312"}],"wp:attachment":[{"href":"https:\/\/www.ugtcomunicaciones.es\/wordpress\/wp-json\/wp\/v2\/media?parent=1310"}],"wp:term":[{"taxonomy":"category","embeddable":true,"href":"https:\/\/www.ugtcomunicaciones.es\/wordpress\/wp-json\/wp\/v2\/categories?post=1310"},{"taxonomy":"post_tag","embeddable":true,"href":"https:\/\/www.ugtcomunicaciones.es\/wordpress\/wp-json\/wp\/v2\/tags?post=1310"}],"curies":[{"name":"wp","href":"https:\/\/api.w.org\/{rel}","templated":true}]}}