{"id":1330,"date":"2017-04-12T08:25:36","date_gmt":"2017-04-12T07:25:36","guid":{"rendered":"http:\/\/www.ugtcom.h2301842.stratoserver.net\/wordpress\/wordpress\/?p=1330"},"modified":"2017-04-12T08:32:40","modified_gmt":"2017-04-12T07:32:40","slug":"comunicado-sentencia-conflicto-colectivo-teabla","status":"publish","type":"post","link":"https:\/\/www.ugtcomunicaciones.es\/wordpress\/comunicado-sentencia-conflicto-colectivo-teabla\/","title":{"rendered":"Comunicado \u00abSentencia sobre Conflicto Colectivo de Teabla\u00bb"},"content":{"rendered":"<p style=\"text-align: justify;\">Desde\u00a0 UGT\u00a0 os\u00a0 informamos,\u00a0 que\u00a0 la\u00a0 demanda\u00a0 sobre\u00a0 la\u00a0 reclamaci\u00f3n\u00a0 de\u00a0 cantidades\u00a0 y antig\u00fcedad\u00a0 de\u00a0 los\u00a0 compa\u00f1eros\u00a0 y\u00a0 las\u00a0 compa\u00f1eras\u00a0 de\u00a0 la\u00a0 antigua\u00a0 TeAbla\u00a0 interpuesta por\u00a0 nuestros\u00a0 compa\u00f1eros\u00a0 de\u00a0 CCOO,\u00a0 ha\u00a0 sido\u00a0 tramitada\u00a0 por\u00a0 el\u00a0 juzgado\u00a0 siendo\u00a0 esta rechazada en todos sus t\u00e9rminos.<\/p>\n<p style=\"text-align: justify;\">El\u00a0\u00a0\u00a0 tribunal\u00a0 ha\u00a0 declarado\u00a0 la\u00a0 inexistencia\u00a0 del\u00a0 derecho\u00a0 reclamado.\u00a0 Adem\u00e1s,\u00a0 se\u00a0 ha cumplido el plazo para interponer recurso sin que esto se haya producido, por lo que la sentencia es firme y ya nadie puede reclamar nada en este sentido. De\u00a0 esta\u00a0 manera,\u00a0 el\u00a0 juzgado\u00a0 ha\u00a0 venido\u00a0 a\u00a0 validar\u00a0 el\u00a0 proceso\u00a0 y\u00a0 negociaci\u00f3n\u00a0 realizado durante\u00a0 la\u00a0 integraci\u00f3n\u00a0 de\u00a0 los\u00a0 compa\u00f1eros\u00a0 y\u00a0 compa\u00f1eras\u00a0 de\u00a0 TeAbla\u00a0 por\u00a0 lo\u00a0 que\u00a0 se certifica,\u00a0 que\u00a0 el\u00a0 procedimiento\u00a0 realizado,\u00a0 tal\u00a0 y\u00a0 como,\u00a0 nos\u00a0 asesor\u00f3\u00a0 nuestro\u00a0 servicio jur\u00eddico, se produjo con todas las garant\u00edas legales pertinentes.<\/p>\n<p style=\"text-align: justify;\">En\u00a0 este\u00a0 sentido\u00a0 indicaros\u00a0 que,\u00a0 si\u00a0 en \u00a0UGT\u00a0 hubi\u00e9ramos\u00a0 tenido\u00a0 alguna\u00a0 duda\u00a0 sobre\u00a0 la legalidad\u00a0 del\u00a0 procedimiento,\u00a0 as\u00ed\u00a0 como,\u00a0 la\u00a0 posible\u00a0 vulneraci\u00f3n\u00a0 de\u00a0 derecho\u00a0 de\u00a0 los compa\u00f1eros\u00a0 y\u00a0 compa\u00f1eras\u00a0 que\u00a0 se\u00a0 integraban\u00a0 en\u00a0 Telyco,\u00a0 ante\u00a0 una\u00a0 situaci\u00f3n\u00a0 as\u00ed, habr\u00edamos demandado de la manera m\u00e1s firme posible y de forma generalizada, no s\u00f3lo en Madrid, sino en todo el Estado.<\/p>\n<p style=\"text-align: justify;\">Este\u00a0\u00a0\u00a0 procedimiento\u00a0 de\u00a0 Conflicto\u00a0 Colectivo\u00a0 a\u00a0 nivel\u00a0 nacional,\u00a0 es\u00a0 como\u00a0 el\u00a0 que\u00a0 UGT interpuso\u00a0 llegando\u00a0 a\u00a0 un acuerdo\u00a0 en\u00a0 el Servicio\u00a0 de\u00a0 Intermediaci\u00f3n\u00a0 y\u00a0 Arbitraje\u00a0 sobre las penalizaciones del ISC en el a\u00f1o 2015, que permiti\u00f3 eliminar\u00a0 las penalizaciones de\u00a0 Sistema\u00a0 de\u00a0 Retribuci\u00f3n\u00a0 Variable\u00a0 y\u00a0 consiguiendo\u00a0 as\u00ed,\u00a0 que\u00a0 se\u00a0 devolvieran\u00a0 las cantidades deducidas por ese concepto en todo el Estado y no solo en una provincia.<\/p>\n<p style=\"text-align: justify;\">En\u00a0 UGT\u00a0 preferimos\u00a0 hacer\u00a0 un\u00a0 estudio\u00a0 jur\u00eddico\u00a0 exhaustivo\u00a0 y\u00a0 previo\u00a0 ante\u00a0 cualquier cuesti\u00f3n conflictiva, con el fin de evitar el embarcar de manera irresponsable, a los compa\u00f1eros\u00a0 y\u00a0 compa\u00f1eras\u00a0 que\u00a0 conf\u00edan\u00a0 en\u00a0 nosotros\u00a0 y\u00a0 con\u00a0 esto,\u00a0 tambi\u00e9n\u00a0 evitamos\u00a0generar falsas expectativas que podr\u00e1n ser mal entendidas sobre todo si se generan en las cercan\u00edas de los procesos electorales que se llevan a cabo en Telyco.<\/p>\n<p style=\"text-align: justify;\">A\u00a0 nuestro\u00a0 juicio,\u00a0 interponer\u00a0 demandas\u00a0 de\u00a0 este\u00a0 tipo\u00a0 de\u00a0 manera\u00a0 irresponsable,\u00a0 podr\u00eda estar motivado por una estrategia electoral que pudo tener efectos en las Elecciones Sindicales\u00a0 de\u00a0 Madrid\u00a0 y\u00a0 en\u00a0 un\u00a0 futuro,\u00a0 en\u00a0 cualquier\u00a0 otro\u00a0 proceso\u00a0 electoral\u00a0 que\u00a0 se produzca en Telyco.<\/p>\n<p style=\"text-align: justify;\">Desde\u00a0\u00a0 UGT\u00a0\u00a0 entendemos\u00a0\u00a0 que\u00a0\u00a0 lo\u00a0\u00a0 responsable\u00a0\u00a0 es\u00a0\u00a0 plantear\u00a0\u00a0 objetivos\u00a0\u00a0 razonables, argumentados\u00a0 y\u00a0 viables,\u00a0 eludiendo\u00a0 exigencias\u00a0 ut\u00f3picas\u00a0 o\u00a0 irreales\u00a0 que\u00a0 creen\u00a0 falsas expectativas en los trabajadores y las trabajadoras.<\/p>\n","protected":false},"excerpt":{"rendered":"<p>Desde\u00a0 UGT\u00a0 os\u00a0 informamos,\u00a0 que\u00a0 la\u00a0 demanda\u00a0 sobre\u00a0 la\u00a0 reclamaci\u00f3n\u00a0 de\u00a0 cantidades\u00a0 y antig\u00fcedad\u00a0 de\u00a0 los\u00a0 compa\u00f1eros\u00a0 y\u00a0 las\u00a0 compa\u00f1eras\u00a0 de\u00a0 la\u00a0 antigua\u00a0 TeAbla\u00a0 interpuesta por\u00a0 nuestros\u00a0 compa\u00f1eros\u00a0 de\u00a0 CCOO,\u00a0 ha\u00a0 sido\u00a0 tramitada\u00a0 por\u00a0 el\u00a0 juzgado\u00a0 siendo\u00a0 esta rechazada en todos sus t\u00e9rminos. El\u00a0\u00a0\u00a0 tribunal\u00a0 ha\u00a0 declarado\u00a0 la\u00a0 inexistencia\u00a0 del\u00a0 derecho\u00a0 reclamado.\u00a0 Adem\u00e1s,\u00a0 se\u00a0 ha [&hellip;]<\/p>\n","protected":false},"author":3,"featured_media":1331,"comment_status":"open","ping_status":"closed","sticky":false,"template":"","format":"standard","meta":{"footnotes":""},"categories":[31,37],"tags":[],"class_list":["post-1330","post","type-post","status-publish","format-standard","has-post-thumbnail","hentry","category-telyco","category-telyco-telyco"],"yoast_head":"<!-- This site is optimized with the Yoast SEO Premium plugin v27.3 (Yoast SEO v27.4) - https:\/\/yoast.com\/product\/yoast-seo-premium-wordpress\/ -->\n<title>Comunicado &quot;Sentencia sobre Conflicto Colectivo de Teabla&quot; - UGT Comunicaciones<\/title>\n<meta name=\"robots\" content=\"index, follow, max-snippet:-1, max-image-preview:large, max-video-preview:-1\" \/>\n<link rel=\"canonical\" href=\"https:\/\/www.ugtcomunicaciones.es\/wordpress\/comunicado-sentencia-conflicto-colectivo-teabla\/\" \/>\n<meta property=\"og:locale\" content=\"es_ES\" \/>\n<meta property=\"og:type\" content=\"article\" \/>\n<meta property=\"og:title\" content=\"Comunicado &quot;Sentencia sobre Conflicto Colectivo de Teabla&quot;\" \/>\n<meta property=\"og:description\" content=\"Desde\u00a0 UGT\u00a0 os\u00a0 informamos,\u00a0 que\u00a0 la\u00a0 demanda\u00a0 sobre\u00a0 la\u00a0 reclamaci\u00f3n\u00a0 de\u00a0 cantidades\u00a0 y antig\u00fcedad\u00a0 de\u00a0 los\u00a0 compa\u00f1eros\u00a0 y\u00a0 las\u00a0 compa\u00f1eras\u00a0 de\u00a0 la\u00a0 antigua\u00a0 TeAbla\u00a0 interpuesta por\u00a0 nuestros\u00a0 compa\u00f1eros\u00a0 de\u00a0 CCOO,\u00a0 ha\u00a0 sido\u00a0 tramitada\u00a0 por\u00a0 el\u00a0 juzgado\u00a0 siendo\u00a0 esta rechazada en todos sus t\u00e9rminos. El\u00a0\u00a0\u00a0 tribunal\u00a0 ha\u00a0 declarado\u00a0 la\u00a0 inexistencia\u00a0 del\u00a0 derecho\u00a0 reclamado.\u00a0 Adem\u00e1s,\u00a0 se\u00a0 ha [&hellip;]\" \/>\n<meta property=\"og:url\" content=\"https:\/\/www.ugtcomunicaciones.es\/wordpress\/comunicado-sentencia-conflicto-colectivo-teabla\/\" \/>\n<meta property=\"og:site_name\" content=\"UGT Comunicaciones\" \/>\n<meta property=\"article:publisher\" content=\"https:\/\/www.facebook.com\/ugt.comunicaciones\/\" \/>\n<meta property=\"article:published_time\" content=\"2017-04-12T07:25:36+00:00\" \/>\n<meta property=\"article:modified_time\" content=\"2017-04-12T07:32:40+00:00\" \/>\n<meta property=\"og:image\" content=\"https:\/\/www.ugtcomunicaciones.es\/wordpress\/wp-content\/uploads\/2017\/04\/sentencia.jpg\" \/>\n\t<meta property=\"og:image:width\" content=\"538\" \/>\n\t<meta property=\"og:image:height\" content=\"331\" \/>\n\t<meta property=\"og:image:type\" content=\"image\/jpeg\" \/>\n<meta name=\"author\" content=\"UGT\" \/>\n<meta name=\"twitter:card\" content=\"summary_large_image\" \/>\n<meta name=\"twitter:creator\" content=\"@ugtcom\" \/>\n<meta name=\"twitter:site\" content=\"@ugtcom\" \/>\n<meta name=\"twitter:label1\" content=\"Escrito por\" \/>\n\t<meta name=\"twitter:data1\" content=\"UGT\" \/>\n\t<meta name=\"twitter:label2\" content=\"Tiempo de lectura\" \/>\n\t<meta name=\"twitter:data2\" content=\"2 minutos\" \/>\n<script type=\"application\/ld+json\" class=\"yoast-schema-graph\">{\"@context\":\"https:\\\/\\\/schema.org\",\"@graph\":[{\"@type\":\"Article\",\"@id\":\"https:\\\/\\\/www.ugtcomunicaciones.es\\\/wordpress\\\/comunicado-sentencia-conflicto-colectivo-teabla\\\/#article\",\"isPartOf\":{\"@id\":\"https:\\\/\\\/www.ugtcomunicaciones.es\\\/wordpress\\\/comunicado-sentencia-conflicto-colectivo-teabla\\\/\"},\"author\":{\"name\":\"UGT\",\"@id\":\"https:\\\/\\\/www.ugtcomunicaciones.es\\\/wordpress\\\/#\\\/schema\\\/person\\\/eba0fc3fe5b444531d94d4368cba89ed\"},\"headline\":\"Comunicado \u00abSentencia sobre Conflicto Colectivo de Teabla\u00bb\",\"datePublished\":\"2017-04-12T07:25:36+00:00\",\"dateModified\":\"2017-04-12T07:32:40+00:00\",\"mainEntityOfPage\":{\"@id\":\"https:\\\/\\\/www.ugtcomunicaciones.es\\\/wordpress\\\/comunicado-sentencia-conflicto-colectivo-teabla\\\/\"},\"wordCount\":432,\"commentCount\":0,\"publisher\":{\"@id\":\"https:\\\/\\\/www.ugtcomunicaciones.es\\\/wordpress\\\/#organization\"},\"image\":{\"@id\":\"https:\\\/\\\/www.ugtcomunicaciones.es\\\/wordpress\\\/comunicado-sentencia-conflicto-colectivo-teabla\\\/#primaryimage\"},\"thumbnailUrl\":\"https:\\\/\\\/www.ugtcomunicaciones.es\\\/wordpress\\\/wp-content\\\/uploads\\\/2017\\\/04\\\/sentencia.jpg\",\"articleSection\":[\"Telyco\",\"Telyco\"],\"inLanguage\":\"es\",\"potentialAction\":[{\"@type\":\"CommentAction\",\"name\":\"Comment\",\"target\":[\"https:\\\/\\\/www.ugtcomunicaciones.es\\\/wordpress\\\/comunicado-sentencia-conflicto-colectivo-teabla\\\/#respond\"]}]},{\"@type\":\"WebPage\",\"@id\":\"https:\\\/\\\/www.ugtcomunicaciones.es\\\/wordpress\\\/comunicado-sentencia-conflicto-colectivo-teabla\\\/\",\"url\":\"https:\\\/\\\/www.ugtcomunicaciones.es\\\/wordpress\\\/comunicado-sentencia-conflicto-colectivo-teabla\\\/\",\"name\":\"Comunicado \\\"Sentencia sobre Conflicto Colectivo de Teabla\\\" - UGT Comunicaciones\",\"isPartOf\":{\"@id\":\"https:\\\/\\\/www.ugtcomunicaciones.es\\\/wordpress\\\/#website\"},\"primaryImageOfPage\":{\"@id\":\"https:\\\/\\\/www.ugtcomunicaciones.es\\\/wordpress\\\/comunicado-sentencia-conflicto-colectivo-teabla\\\/#primaryimage\"},\"image\":{\"@id\":\"https:\\\/\\\/www.ugtcomunicaciones.es\\\/wordpress\\\/comunicado-sentencia-conflicto-colectivo-teabla\\\/#primaryimage\"},\"thumbnailUrl\":\"https:\\\/\\\/www.ugtcomunicaciones.es\\\/wordpress\\\/wp-content\\\/uploads\\\/2017\\\/04\\\/sentencia.jpg\",\"datePublished\":\"2017-04-12T07:25:36+00:00\",\"dateModified\":\"2017-04-12T07:32:40+00:00\",\"breadcrumb\":{\"@id\":\"https:\\\/\\\/www.ugtcomunicaciones.es\\\/wordpress\\\/comunicado-sentencia-conflicto-colectivo-teabla\\\/#breadcrumb\"},\"inLanguage\":\"es\",\"potentialAction\":[{\"@type\":\"ReadAction\",\"target\":[\"https:\\\/\\\/www.ugtcomunicaciones.es\\\/wordpress\\\/comunicado-sentencia-conflicto-colectivo-teabla\\\/\"]}]},{\"@type\":\"ImageObject\",\"inLanguage\":\"es\",\"@id\":\"https:\\\/\\\/www.ugtcomunicaciones.es\\\/wordpress\\\/comunicado-sentencia-conflicto-colectivo-teabla\\\/#primaryimage\",\"url\":\"https:\\\/\\\/www.ugtcomunicaciones.es\\\/wordpress\\\/wp-content\\\/uploads\\\/2017\\\/04\\\/sentencia.jpg\",\"contentUrl\":\"https:\\\/\\\/www.ugtcomunicaciones.es\\\/wordpress\\\/wp-content\\\/uploads\\\/2017\\\/04\\\/sentencia.jpg\",\"width\":538,\"height\":331},{\"@type\":\"BreadcrumbList\",\"@id\":\"https:\\\/\\\/www.ugtcomunicaciones.es\\\/wordpress\\\/comunicado-sentencia-conflicto-colectivo-teabla\\\/#breadcrumb\",\"itemListElement\":[{\"@type\":\"ListItem\",\"position\":1,\"name\":\"Portada\",\"item\":\"https:\\\/\\\/www.ugtcomunicaciones.es\\\/wordpress\\\/\"},{\"@type\":\"ListItem\",\"position\":2,\"name\":\"Comunicado \u00abSentencia sobre Conflicto Colectivo de Teabla\u00bb\"}]},{\"@type\":\"WebSite\",\"@id\":\"https:\\\/\\\/www.ugtcomunicaciones.es\\\/wordpress\\\/#website\",\"url\":\"https:\\\/\\\/www.ugtcomunicaciones.es\\\/wordpress\\\/\",\"name\":\"UGT Comunicaciones\",\"description\":\"Sindicato de Telecomunicaciones\",\"publisher\":{\"@id\":\"https:\\\/\\\/www.ugtcomunicaciones.es\\\/wordpress\\\/#organization\"},\"potentialAction\":[{\"@type\":\"SearchAction\",\"target\":{\"@type\":\"EntryPoint\",\"urlTemplate\":\"https:\\\/\\\/www.ugtcomunicaciones.es\\\/wordpress\\\/?s={search_term_string}\"},\"query-input\":{\"@type\":\"PropertyValueSpecification\",\"valueRequired\":true,\"valueName\":\"search_term_string\"}}],\"inLanguage\":\"es\"},{\"@type\":\"Organization\",\"@id\":\"https:\\\/\\\/www.ugtcomunicaciones.es\\\/wordpress\\\/#organization\",\"name\":\"UGT Comunicaciones\",\"url\":\"https:\\\/\\\/www.ugtcomunicaciones.es\\\/wordpress\\\/\",\"logo\":{\"@type\":\"ImageObject\",\"inLanguage\":\"es\",\"@id\":\"https:\\\/\\\/www.ugtcomunicaciones.es\\\/wordpress\\\/#\\\/schema\\\/logo\\\/image\\\/\",\"url\":\"https:\\\/\\\/www.ugtcomunicaciones.es\\\/wordpress\\\/wp-content\\\/uploads\\\/2024\\\/04\\\/comunicaciones_logo.png\",\"contentUrl\":\"https:\\\/\\\/www.ugtcomunicaciones.es\\\/wordpress\\\/wp-content\\\/uploads\\\/2024\\\/04\\\/comunicaciones_logo.png\",\"width\":298,\"height\":81,\"caption\":\"UGT Comunicaciones\"},\"image\":{\"@id\":\"https:\\\/\\\/www.ugtcomunicaciones.es\\\/wordpress\\\/#\\\/schema\\\/logo\\\/image\\\/\"},\"sameAs\":[\"https:\\\/\\\/www.facebook.com\\\/ugt.comunicaciones\\\/\",\"https:\\\/\\\/x.com\\\/ugtcom\"]},{\"@type\":\"Person\",\"@id\":\"https:\\\/\\\/www.ugtcomunicaciones.es\\\/wordpress\\\/#\\\/schema\\\/person\\\/eba0fc3fe5b444531d94d4368cba89ed\",\"name\":\"UGT\",\"image\":{\"@type\":\"ImageObject\",\"inLanguage\":\"es\",\"@id\":\"https:\\\/\\\/secure.gravatar.com\\\/avatar\\\/2a16057d620a4c646bcfc171c4f23030879ebbdd346f0525bd5d4a564e57e13d?s=96&d=mm&r=g\",\"url\":\"https:\\\/\\\/secure.gravatar.com\\\/avatar\\\/2a16057d620a4c646bcfc171c4f23030879ebbdd346f0525bd5d4a564e57e13d?s=96&d=mm&r=g\",\"contentUrl\":\"https:\\\/\\\/secure.gravatar.com\\\/avatar\\\/2a16057d620a4c646bcfc171c4f23030879ebbdd346f0525bd5d4a564e57e13d?s=96&d=mm&r=g\",\"caption\":\"UGT\"}}]}<\/script>\n<!-- \/ Yoast SEO Premium plugin. -->","yoast_head_json":{"title":"Comunicado \"Sentencia sobre Conflicto Colectivo de Teabla\" - UGT Comunicaciones","robots":{"index":"index","follow":"follow","max-snippet":"max-snippet:-1","max-image-preview":"max-image-preview:large","max-video-preview":"max-video-preview:-1"},"canonical":"https:\/\/www.ugtcomunicaciones.es\/wordpress\/comunicado-sentencia-conflicto-colectivo-teabla\/","og_locale":"es_ES","og_type":"article","og_title":"Comunicado \"Sentencia sobre Conflicto Colectivo de Teabla\"","og_description":"Desde\u00a0 UGT\u00a0 os\u00a0 informamos,\u00a0 que\u00a0 la\u00a0 demanda\u00a0 sobre\u00a0 la\u00a0 reclamaci\u00f3n\u00a0 de\u00a0 cantidades\u00a0 y antig\u00fcedad\u00a0 de\u00a0 los\u00a0 compa\u00f1eros\u00a0 y\u00a0 las\u00a0 compa\u00f1eras\u00a0 de\u00a0 la\u00a0 antigua\u00a0 TeAbla\u00a0 interpuesta por\u00a0 nuestros\u00a0 compa\u00f1eros\u00a0 de\u00a0 CCOO,\u00a0 ha\u00a0 sido\u00a0 tramitada\u00a0 por\u00a0 el\u00a0 juzgado\u00a0 siendo\u00a0 esta rechazada en todos sus t\u00e9rminos. El\u00a0\u00a0\u00a0 tribunal\u00a0 ha\u00a0 declarado\u00a0 la\u00a0 inexistencia\u00a0 del\u00a0 derecho\u00a0 reclamado.\u00a0 Adem\u00e1s,\u00a0 se\u00a0 ha [&hellip;]","og_url":"https:\/\/www.ugtcomunicaciones.es\/wordpress\/comunicado-sentencia-conflicto-colectivo-teabla\/","og_site_name":"UGT Comunicaciones","article_publisher":"https:\/\/www.facebook.com\/ugt.comunicaciones\/","article_published_time":"2017-04-12T07:25:36+00:00","article_modified_time":"2017-04-12T07:32:40+00:00","og_image":[{"width":538,"height":331,"url":"https:\/\/www.ugtcomunicaciones.es\/wordpress\/wp-content\/uploads\/2017\/04\/sentencia.jpg","type":"image\/jpeg"}],"author":"UGT","twitter_card":"summary_large_image","twitter_creator":"@ugtcom","twitter_site":"@ugtcom","twitter_misc":{"Escrito por":"UGT","Tiempo de lectura":"2 minutos"},"schema":{"@context":"https:\/\/schema.org","@graph":[{"@type":"Article","@id":"https:\/\/www.ugtcomunicaciones.es\/wordpress\/comunicado-sentencia-conflicto-colectivo-teabla\/#article","isPartOf":{"@id":"https:\/\/www.ugtcomunicaciones.es\/wordpress\/comunicado-sentencia-conflicto-colectivo-teabla\/"},"author":{"name":"UGT","@id":"https:\/\/www.ugtcomunicaciones.es\/wordpress\/#\/schema\/person\/eba0fc3fe5b444531d94d4368cba89ed"},"headline":"Comunicado \u00abSentencia sobre Conflicto Colectivo de Teabla\u00bb","datePublished":"2017-04-12T07:25:36+00:00","dateModified":"2017-04-12T07:32:40+00:00","mainEntityOfPage":{"@id":"https:\/\/www.ugtcomunicaciones.es\/wordpress\/comunicado-sentencia-conflicto-colectivo-teabla\/"},"wordCount":432,"commentCount":0,"publisher":{"@id":"https:\/\/www.ugtcomunicaciones.es\/wordpress\/#organization"},"image":{"@id":"https:\/\/www.ugtcomunicaciones.es\/wordpress\/comunicado-sentencia-conflicto-colectivo-teabla\/#primaryimage"},"thumbnailUrl":"https:\/\/www.ugtcomunicaciones.es\/wordpress\/wp-content\/uploads\/2017\/04\/sentencia.jpg","articleSection":["Telyco","Telyco"],"inLanguage":"es","potentialAction":[{"@type":"CommentAction","name":"Comment","target":["https:\/\/www.ugtcomunicaciones.es\/wordpress\/comunicado-sentencia-conflicto-colectivo-teabla\/#respond"]}]},{"@type":"WebPage","@id":"https:\/\/www.ugtcomunicaciones.es\/wordpress\/comunicado-sentencia-conflicto-colectivo-teabla\/","url":"https:\/\/www.ugtcomunicaciones.es\/wordpress\/comunicado-sentencia-conflicto-colectivo-teabla\/","name":"Comunicado \"Sentencia sobre Conflicto Colectivo de Teabla\" - UGT Comunicaciones","isPartOf":{"@id":"https:\/\/www.ugtcomunicaciones.es\/wordpress\/#website"},"primaryImageOfPage":{"@id":"https:\/\/www.ugtcomunicaciones.es\/wordpress\/comunicado-sentencia-conflicto-colectivo-teabla\/#primaryimage"},"image":{"@id":"https:\/\/www.ugtcomunicaciones.es\/wordpress\/comunicado-sentencia-conflicto-colectivo-teabla\/#primaryimage"},"thumbnailUrl":"https:\/\/www.ugtcomunicaciones.es\/wordpress\/wp-content\/uploads\/2017\/04\/sentencia.jpg","datePublished":"2017-04-12T07:25:36+00:00","dateModified":"2017-04-12T07:32:40+00:00","breadcrumb":{"@id":"https:\/\/www.ugtcomunicaciones.es\/wordpress\/comunicado-sentencia-conflicto-colectivo-teabla\/#breadcrumb"},"inLanguage":"es","potentialAction":[{"@type":"ReadAction","target":["https:\/\/www.ugtcomunicaciones.es\/wordpress\/comunicado-sentencia-conflicto-colectivo-teabla\/"]}]},{"@type":"ImageObject","inLanguage":"es","@id":"https:\/\/www.ugtcomunicaciones.es\/wordpress\/comunicado-sentencia-conflicto-colectivo-teabla\/#primaryimage","url":"https:\/\/www.ugtcomunicaciones.es\/wordpress\/wp-content\/uploads\/2017\/04\/sentencia.jpg","contentUrl":"https:\/\/www.ugtcomunicaciones.es\/wordpress\/wp-content\/uploads\/2017\/04\/sentencia.jpg","width":538,"height":331},{"@type":"BreadcrumbList","@id":"https:\/\/www.ugtcomunicaciones.es\/wordpress\/comunicado-sentencia-conflicto-colectivo-teabla\/#breadcrumb","itemListElement":[{"@type":"ListItem","position":1,"name":"Portada","item":"https:\/\/www.ugtcomunicaciones.es\/wordpress\/"},{"@type":"ListItem","position":2,"name":"Comunicado \u00abSentencia sobre Conflicto Colectivo de Teabla\u00bb"}]},{"@type":"WebSite","@id":"https:\/\/www.ugtcomunicaciones.es\/wordpress\/#website","url":"https:\/\/www.ugtcomunicaciones.es\/wordpress\/","name":"UGT Comunicaciones","description":"Sindicato de Telecomunicaciones","publisher":{"@id":"https:\/\/www.ugtcomunicaciones.es\/wordpress\/#organization"},"potentialAction":[{"@type":"SearchAction","target":{"@type":"EntryPoint","urlTemplate":"https:\/\/www.ugtcomunicaciones.es\/wordpress\/?s={search_term_string}"},"query-input":{"@type":"PropertyValueSpecification","valueRequired":true,"valueName":"search_term_string"}}],"inLanguage":"es"},{"@type":"Organization","@id":"https:\/\/www.ugtcomunicaciones.es\/wordpress\/#organization","name":"UGT Comunicaciones","url":"https:\/\/www.ugtcomunicaciones.es\/wordpress\/","logo":{"@type":"ImageObject","inLanguage":"es","@id":"https:\/\/www.ugtcomunicaciones.es\/wordpress\/#\/schema\/logo\/image\/","url":"https:\/\/www.ugtcomunicaciones.es\/wordpress\/wp-content\/uploads\/2024\/04\/comunicaciones_logo.png","contentUrl":"https:\/\/www.ugtcomunicaciones.es\/wordpress\/wp-content\/uploads\/2024\/04\/comunicaciones_logo.png","width":298,"height":81,"caption":"UGT Comunicaciones"},"image":{"@id":"https:\/\/www.ugtcomunicaciones.es\/wordpress\/#\/schema\/logo\/image\/"},"sameAs":["https:\/\/www.facebook.com\/ugt.comunicaciones\/","https:\/\/x.com\/ugtcom"]},{"@type":"Person","@id":"https:\/\/www.ugtcomunicaciones.es\/wordpress\/#\/schema\/person\/eba0fc3fe5b444531d94d4368cba89ed","name":"UGT","image":{"@type":"ImageObject","inLanguage":"es","@id":"https:\/\/secure.gravatar.com\/avatar\/2a16057d620a4c646bcfc171c4f23030879ebbdd346f0525bd5d4a564e57e13d?s=96&d=mm&r=g","url":"https:\/\/secure.gravatar.com\/avatar\/2a16057d620a4c646bcfc171c4f23030879ebbdd346f0525bd5d4a564e57e13d?s=96&d=mm&r=g","contentUrl":"https:\/\/secure.gravatar.com\/avatar\/2a16057d620a4c646bcfc171c4f23030879ebbdd346f0525bd5d4a564e57e13d?s=96&d=mm&r=g","caption":"UGT"}}]}},"_links":{"self":[{"href":"https:\/\/www.ugtcomunicaciones.es\/wordpress\/wp-json\/wp\/v2\/posts\/1330","targetHints":{"allow":["GET"]}}],"collection":[{"href":"https:\/\/www.ugtcomunicaciones.es\/wordpress\/wp-json\/wp\/v2\/posts"}],"about":[{"href":"https:\/\/www.ugtcomunicaciones.es\/wordpress\/wp-json\/wp\/v2\/types\/post"}],"author":[{"embeddable":true,"href":"https:\/\/www.ugtcomunicaciones.es\/wordpress\/wp-json\/wp\/v2\/users\/3"}],"replies":[{"embeddable":true,"href":"https:\/\/www.ugtcomunicaciones.es\/wordpress\/wp-json\/wp\/v2\/comments?post=1330"}],"version-history":[{"count":0,"href":"https:\/\/www.ugtcomunicaciones.es\/wordpress\/wp-json\/wp\/v2\/posts\/1330\/revisions"}],"wp:featuredmedia":[{"embeddable":true,"href":"https:\/\/www.ugtcomunicaciones.es\/wordpress\/wp-json\/wp\/v2\/media\/1331"}],"wp:attachment":[{"href":"https:\/\/www.ugtcomunicaciones.es\/wordpress\/wp-json\/wp\/v2\/media?parent=1330"}],"wp:term":[{"taxonomy":"category","embeddable":true,"href":"https:\/\/www.ugtcomunicaciones.es\/wordpress\/wp-json\/wp\/v2\/categories?post=1330"},{"taxonomy":"post_tag","embeddable":true,"href":"https:\/\/www.ugtcomunicaciones.es\/wordpress\/wp-json\/wp\/v2\/tags?post=1330"}],"curies":[{"name":"wp","href":"https:\/\/api.w.org\/{rel}","templated":true}]}}