{"id":135447,"date":"2018-03-05T12:57:30","date_gmt":"2018-03-05T10:57:30","guid":{"rendered":"http:\/\/ugtcomunicaciones.es\/wordpress\/?p=135447"},"modified":"2018-04-13T13:05:28","modified_gmt":"2018-04-13T11:05:28","slug":"reunion-del-comite-intercentros","status":"publish","type":"post","link":"https:\/\/www.ugtcomunicaciones.es\/wordpress\/reunion-del-comite-intercentros\/","title":{"rendered":"Reuni\u00f3n del Comit\u00e9 Intercentros"},"content":{"rendered":"<p style=\"text-align: justify;\">El pasado d\u00eda 1 de marzo se reuni\u00f3 el Comit\u00e9 Intercentros para analizar la situaci\u00f3n actual de la empresa.<\/p>\n<p style=\"text-align: justify;\">La empresa entreg\u00f3 al Comit\u00e9 Intercentros una memoria previa de la auditor\u00eda de los resultados correspondiente al a\u00f1o 2017 en el que se constata un beneficio despu\u00e9s de impuestos de 5 millones de \u20ac.<\/p>\n<p style=\"text-align: justify;\">As\u00ed mismo tambi\u00e9n se entregaron, los resultados de los objetivos de la paga de productividad del 2017. Seg\u00fan los datos facilitados, no se han alcanzado ninguno los objetivos necesarios para la consecuci\u00f3n de la paga de productividad<\/p>\n<p style=\"text-align: justify;\">En este sentido UGT, no ha agotado a\u00fan la v\u00eda de la negociaci\u00f3n, para que la empresa, como en a\u00f1os anteriores, promedie los resultados de los objetivos con el fin de que pueda cobrarse al menos uno.<\/p>\n<p style=\"text-align: justify;\">Con respecto a los objetivos para la paga de productividad del 2018, la empresa nos comunic\u00f3 que a\u00fan no los han definido, UGT ha insistido en que estos objetivos deben de ser comunicados en el plazo m\u00e1s breve posible.<\/p>\n<p style=\"text-align: justify;\">Por otro lado, la empresa informa que la partida de pr\u00e9stamos, que este a\u00f1o ascend\u00eda a 250.000 \u20ac, se ha agotado, habi\u00e9ndose realizado 80 solicitudes. Esto es independiente de la petici\u00f3n de anticipos de la n\u00f3mina que todav\u00eda sigue abierta.<\/p>\n<p style=\"text-align: justify;\">La Representaci\u00f3n de los Trabajadores de TELYCO apoyan la convocatoria de huelga, por la igualdad salarial de hombres y mujeres y contra la violencia de g\u00e9nero, del pr\u00f3ximo d\u00eda 8 de marzo. Se comunicar\u00e1 pr\u00f3ximamente los horarios acordados, para que todo trabajador y trabajadora que quiera, pueda ejercer este derecho.<\/p>\n<p style=\"text-align: justify;\">En cuanto al Telemarketing que se est\u00e1 haciendo en tiendas, UGT opina que se tiene que distinguir entre la posibilidad de cerrar la venta por tel\u00e9fono y el tratamiento de Bases de Datos que la empresa est\u00e1 obligando a realizar a los comerciales de las tiendas, para que los clientes acudan a la misma. El primero se regul\u00f3 en su d\u00eda, como una actividad voluntaria e incentivada. Las llamadas a las BBDD, es una actividad que la empresa est\u00e1 obligando a realizar a los comerciales.<\/p>\n<p style=\"text-align: justify;\">As\u00ed mismo, queremos aclarar, que en ning\u00fan caso UGT, ha firmado acuerdo alguno con la empresa para la realizaci\u00f3n de llamadas a BBDD de clientes. El acuerdo se circunscribi\u00f3 \u00fanicamente para el Piloto Emisii.<\/p>\n<p style=\"text-align: justify;\">Para no suscitar dudas el respecto, se trata de un Piloto que se est\u00e1 realizando en el Territorio Este, y que precisa de una herramienta consistente en un pc conectado a un tel\u00e9fono ACD o centralita que realiza llamadas mediante sistemas predictivos y que tiene la facultad de realizar las verificaciones verbales a los clientes mediante grabaci\u00f3n. Todo aquello que no se ajuste a este procedimiento realizado con personal voluntario queda fuera del acuerdo que este sindicato ha acordado.<\/p>\n","protected":false},"excerpt":{"rendered":"<p>El pasado d\u00eda 1 de marzo se reuni\u00f3 el Comit\u00e9 Intercentros para analizar la situaci\u00f3n actual de la empresa. La empresa entreg\u00f3 al Comit\u00e9 Intercentros una memoria previa de la auditor\u00eda de los resultados correspondiente al a\u00f1o 2017 en el que se constata un beneficio despu\u00e9s de impuestos de 5 millones de \u20ac. As\u00ed mismo [&hellip;]<\/p>\n","protected":false},"author":3,"featured_media":135448,"comment_status":"closed","ping_status":"closed","sticky":false,"template":"","format":"standard","meta":{"footnotes":""},"categories":[37,31],"tags":[],"class_list":["post-135447","post","type-post","status-publish","format-standard","has-post-thumbnail","hentry","category-telyco-telyco","category-telyco"],"yoast_head":"<!-- This site is optimized with the Yoast SEO Premium plugin v27.3 (Yoast SEO v27.4) - https:\/\/yoast.com\/product\/yoast-seo-premium-wordpress\/ -->\n<title>Reuni\u00f3n del Comit\u00e9 Intercentros - UGT Comunicaciones<\/title>\n<meta name=\"robots\" content=\"index, follow, max-snippet:-1, max-image-preview:large, max-video-preview:-1\" \/>\n<link rel=\"canonical\" href=\"https:\/\/www.ugtcomunicaciones.es\/wordpress\/reunion-del-comite-intercentros\/\" \/>\n<meta property=\"og:locale\" content=\"es_ES\" \/>\n<meta property=\"og:type\" content=\"article\" \/>\n<meta property=\"og:title\" content=\"Reuni\u00f3n del Comit\u00e9 Intercentros\" \/>\n<meta property=\"og:description\" content=\"El pasado d\u00eda 1 de marzo se reuni\u00f3 el Comit\u00e9 Intercentros para analizar la situaci\u00f3n actual de la empresa. La empresa entreg\u00f3 al Comit\u00e9 Intercentros una memoria previa de la auditor\u00eda de los resultados correspondiente al a\u00f1o 2017 en el que se constata un beneficio despu\u00e9s de impuestos de 5 millones de \u20ac. As\u00ed mismo [&hellip;]\" \/>\n<meta property=\"og:url\" content=\"https:\/\/www.ugtcomunicaciones.es\/wordpress\/reunion-del-comite-intercentros\/\" \/>\n<meta property=\"og:site_name\" content=\"UGT Comunicaciones\" \/>\n<meta property=\"article:publisher\" content=\"https:\/\/www.facebook.com\/ugt.comunicaciones\/\" \/>\n<meta property=\"article:published_time\" content=\"2018-03-05T10:57:30+00:00\" \/>\n<meta property=\"article:modified_time\" content=\"2018-04-13T11:05:28+00:00\" \/>\n<meta property=\"og:image\" content=\"https:\/\/www.ugtcomunicaciones.es\/wordpress\/wp-content\/uploads\/2018\/04\/team_meeting_table.png\" \/>\n\t<meta property=\"og:image:width\" content=\"728\" \/>\n\t<meta property=\"og:image:height\" content=\"444\" \/>\n\t<meta property=\"og:image:type\" content=\"image\/png\" \/>\n<meta name=\"author\" content=\"UGT\" \/>\n<meta name=\"twitter:card\" content=\"summary_large_image\" \/>\n<meta name=\"twitter:creator\" content=\"@ugtcom\" \/>\n<meta name=\"twitter:site\" content=\"@ugtcom\" \/>\n<meta name=\"twitter:label1\" content=\"Escrito por\" \/>\n\t<meta name=\"twitter:data1\" content=\"UGT\" \/>\n\t<meta name=\"twitter:label2\" content=\"Tiempo de lectura\" \/>\n\t<meta name=\"twitter:data2\" content=\"2 minutos\" \/>\n<script type=\"application\/ld+json\" class=\"yoast-schema-graph\">{\"@context\":\"https:\\\/\\\/schema.org\",\"@graph\":[{\"@type\":\"Article\",\"@id\":\"https:\\\/\\\/www.ugtcomunicaciones.es\\\/wordpress\\\/reunion-del-comite-intercentros\\\/#article\",\"isPartOf\":{\"@id\":\"https:\\\/\\\/www.ugtcomunicaciones.es\\\/wordpress\\\/reunion-del-comite-intercentros\\\/\"},\"author\":{\"name\":\"UGT\",\"@id\":\"https:\\\/\\\/www.ugtcomunicaciones.es\\\/wordpress\\\/#\\\/schema\\\/person\\\/eba0fc3fe5b444531d94d4368cba89ed\"},\"headline\":\"Reuni\u00f3n del Comit\u00e9 Intercentros\",\"datePublished\":\"2018-03-05T10:57:30+00:00\",\"dateModified\":\"2018-04-13T11:05:28+00:00\",\"mainEntityOfPage\":{\"@id\":\"https:\\\/\\\/www.ugtcomunicaciones.es\\\/wordpress\\\/reunion-del-comite-intercentros\\\/\"},\"wordCount\":481,\"publisher\":{\"@id\":\"https:\\\/\\\/www.ugtcomunicaciones.es\\\/wordpress\\\/#organization\"},\"image\":{\"@id\":\"https:\\\/\\\/www.ugtcomunicaciones.es\\\/wordpress\\\/reunion-del-comite-intercentros\\\/#primaryimage\"},\"thumbnailUrl\":\"https:\\\/\\\/www.ugtcomunicaciones.es\\\/wordpress\\\/wp-content\\\/uploads\\\/2018\\\/04\\\/team_meeting_table.png\",\"articleSection\":[\"Telyco\",\"Telyco\"],\"inLanguage\":\"es\"},{\"@type\":\"WebPage\",\"@id\":\"https:\\\/\\\/www.ugtcomunicaciones.es\\\/wordpress\\\/reunion-del-comite-intercentros\\\/\",\"url\":\"https:\\\/\\\/www.ugtcomunicaciones.es\\\/wordpress\\\/reunion-del-comite-intercentros\\\/\",\"name\":\"Reuni\u00f3n del Comit\u00e9 Intercentros - UGT Comunicaciones\",\"isPartOf\":{\"@id\":\"https:\\\/\\\/www.ugtcomunicaciones.es\\\/wordpress\\\/#website\"},\"primaryImageOfPage\":{\"@id\":\"https:\\\/\\\/www.ugtcomunicaciones.es\\\/wordpress\\\/reunion-del-comite-intercentros\\\/#primaryimage\"},\"image\":{\"@id\":\"https:\\\/\\\/www.ugtcomunicaciones.es\\\/wordpress\\\/reunion-del-comite-intercentros\\\/#primaryimage\"},\"thumbnailUrl\":\"https:\\\/\\\/www.ugtcomunicaciones.es\\\/wordpress\\\/wp-content\\\/uploads\\\/2018\\\/04\\\/team_meeting_table.png\",\"datePublished\":\"2018-03-05T10:57:30+00:00\",\"dateModified\":\"2018-04-13T11:05:28+00:00\",\"breadcrumb\":{\"@id\":\"https:\\\/\\\/www.ugtcomunicaciones.es\\\/wordpress\\\/reunion-del-comite-intercentros\\\/#breadcrumb\"},\"inLanguage\":\"es\",\"potentialAction\":[{\"@type\":\"ReadAction\",\"target\":[\"https:\\\/\\\/www.ugtcomunicaciones.es\\\/wordpress\\\/reunion-del-comite-intercentros\\\/\"]}]},{\"@type\":\"ImageObject\",\"inLanguage\":\"es\",\"@id\":\"https:\\\/\\\/www.ugtcomunicaciones.es\\\/wordpress\\\/reunion-del-comite-intercentros\\\/#primaryimage\",\"url\":\"https:\\\/\\\/www.ugtcomunicaciones.es\\\/wordpress\\\/wp-content\\\/uploads\\\/2018\\\/04\\\/team_meeting_table.png\",\"contentUrl\":\"https:\\\/\\\/www.ugtcomunicaciones.es\\\/wordpress\\\/wp-content\\\/uploads\\\/2018\\\/04\\\/team_meeting_table.png\",\"width\":728,\"height\":444,\"caption\":\"team_meeting_table\"},{\"@type\":\"BreadcrumbList\",\"@id\":\"https:\\\/\\\/www.ugtcomunicaciones.es\\\/wordpress\\\/reunion-del-comite-intercentros\\\/#breadcrumb\",\"itemListElement\":[{\"@type\":\"ListItem\",\"position\":1,\"name\":\"Portada\",\"item\":\"https:\\\/\\\/www.ugtcomunicaciones.es\\\/wordpress\\\/\"},{\"@type\":\"ListItem\",\"position\":2,\"name\":\"Reuni\u00f3n del Comit\u00e9 Intercentros\"}]},{\"@type\":\"WebSite\",\"@id\":\"https:\\\/\\\/www.ugtcomunicaciones.es\\\/wordpress\\\/#website\",\"url\":\"https:\\\/\\\/www.ugtcomunicaciones.es\\\/wordpress\\\/\",\"name\":\"UGT Comunicaciones\",\"description\":\"Sindicato de Telecomunicaciones\",\"publisher\":{\"@id\":\"https:\\\/\\\/www.ugtcomunicaciones.es\\\/wordpress\\\/#organization\"},\"potentialAction\":[{\"@type\":\"SearchAction\",\"target\":{\"@type\":\"EntryPoint\",\"urlTemplate\":\"https:\\\/\\\/www.ugtcomunicaciones.es\\\/wordpress\\\/?s={search_term_string}\"},\"query-input\":{\"@type\":\"PropertyValueSpecification\",\"valueRequired\":true,\"valueName\":\"search_term_string\"}}],\"inLanguage\":\"es\"},{\"@type\":\"Organization\",\"@id\":\"https:\\\/\\\/www.ugtcomunicaciones.es\\\/wordpress\\\/#organization\",\"name\":\"UGT Comunicaciones\",\"url\":\"https:\\\/\\\/www.ugtcomunicaciones.es\\\/wordpress\\\/\",\"logo\":{\"@type\":\"ImageObject\",\"inLanguage\":\"es\",\"@id\":\"https:\\\/\\\/www.ugtcomunicaciones.es\\\/wordpress\\\/#\\\/schema\\\/logo\\\/image\\\/\",\"url\":\"https:\\\/\\\/www.ugtcomunicaciones.es\\\/wordpress\\\/wp-content\\\/uploads\\\/2024\\\/04\\\/comunicaciones_logo.png\",\"contentUrl\":\"https:\\\/\\\/www.ugtcomunicaciones.es\\\/wordpress\\\/wp-content\\\/uploads\\\/2024\\\/04\\\/comunicaciones_logo.png\",\"width\":298,\"height\":81,\"caption\":\"UGT Comunicaciones\"},\"image\":{\"@id\":\"https:\\\/\\\/www.ugtcomunicaciones.es\\\/wordpress\\\/#\\\/schema\\\/logo\\\/image\\\/\"},\"sameAs\":[\"https:\\\/\\\/www.facebook.com\\\/ugt.comunicaciones\\\/\",\"https:\\\/\\\/x.com\\\/ugtcom\"]},{\"@type\":\"Person\",\"@id\":\"https:\\\/\\\/www.ugtcomunicaciones.es\\\/wordpress\\\/#\\\/schema\\\/person\\\/eba0fc3fe5b444531d94d4368cba89ed\",\"name\":\"UGT\",\"image\":{\"@type\":\"ImageObject\",\"inLanguage\":\"es\",\"@id\":\"https:\\\/\\\/secure.gravatar.com\\\/avatar\\\/2a16057d620a4c646bcfc171c4f23030879ebbdd346f0525bd5d4a564e57e13d?s=96&d=mm&r=g\",\"url\":\"https:\\\/\\\/secure.gravatar.com\\\/avatar\\\/2a16057d620a4c646bcfc171c4f23030879ebbdd346f0525bd5d4a564e57e13d?s=96&d=mm&r=g\",\"contentUrl\":\"https:\\\/\\\/secure.gravatar.com\\\/avatar\\\/2a16057d620a4c646bcfc171c4f23030879ebbdd346f0525bd5d4a564e57e13d?s=96&d=mm&r=g\",\"caption\":\"UGT\"}}]}<\/script>\n<!-- \/ Yoast SEO Premium plugin. -->","yoast_head_json":{"title":"Reuni\u00f3n del Comit\u00e9 Intercentros - UGT Comunicaciones","robots":{"index":"index","follow":"follow","max-snippet":"max-snippet:-1","max-image-preview":"max-image-preview:large","max-video-preview":"max-video-preview:-1"},"canonical":"https:\/\/www.ugtcomunicaciones.es\/wordpress\/reunion-del-comite-intercentros\/","og_locale":"es_ES","og_type":"article","og_title":"Reuni\u00f3n del Comit\u00e9 Intercentros","og_description":"El pasado d\u00eda 1 de marzo se reuni\u00f3 el Comit\u00e9 Intercentros para analizar la situaci\u00f3n actual de la empresa. La empresa entreg\u00f3 al Comit\u00e9 Intercentros una memoria previa de la auditor\u00eda de los resultados correspondiente al a\u00f1o 2017 en el que se constata un beneficio despu\u00e9s de impuestos de 5 millones de \u20ac. As\u00ed mismo [&hellip;]","og_url":"https:\/\/www.ugtcomunicaciones.es\/wordpress\/reunion-del-comite-intercentros\/","og_site_name":"UGT Comunicaciones","article_publisher":"https:\/\/www.facebook.com\/ugt.comunicaciones\/","article_published_time":"2018-03-05T10:57:30+00:00","article_modified_time":"2018-04-13T11:05:28+00:00","og_image":[{"width":728,"height":444,"url":"https:\/\/www.ugtcomunicaciones.es\/wordpress\/wp-content\/uploads\/2018\/04\/team_meeting_table.png","type":"image\/png"}],"author":"UGT","twitter_card":"summary_large_image","twitter_creator":"@ugtcom","twitter_site":"@ugtcom","twitter_misc":{"Escrito por":"UGT","Tiempo de lectura":"2 minutos"},"schema":{"@context":"https:\/\/schema.org","@graph":[{"@type":"Article","@id":"https:\/\/www.ugtcomunicaciones.es\/wordpress\/reunion-del-comite-intercentros\/#article","isPartOf":{"@id":"https:\/\/www.ugtcomunicaciones.es\/wordpress\/reunion-del-comite-intercentros\/"},"author":{"name":"UGT","@id":"https:\/\/www.ugtcomunicaciones.es\/wordpress\/#\/schema\/person\/eba0fc3fe5b444531d94d4368cba89ed"},"headline":"Reuni\u00f3n del Comit\u00e9 Intercentros","datePublished":"2018-03-05T10:57:30+00:00","dateModified":"2018-04-13T11:05:28+00:00","mainEntityOfPage":{"@id":"https:\/\/www.ugtcomunicaciones.es\/wordpress\/reunion-del-comite-intercentros\/"},"wordCount":481,"publisher":{"@id":"https:\/\/www.ugtcomunicaciones.es\/wordpress\/#organization"},"image":{"@id":"https:\/\/www.ugtcomunicaciones.es\/wordpress\/reunion-del-comite-intercentros\/#primaryimage"},"thumbnailUrl":"https:\/\/www.ugtcomunicaciones.es\/wordpress\/wp-content\/uploads\/2018\/04\/team_meeting_table.png","articleSection":["Telyco","Telyco"],"inLanguage":"es"},{"@type":"WebPage","@id":"https:\/\/www.ugtcomunicaciones.es\/wordpress\/reunion-del-comite-intercentros\/","url":"https:\/\/www.ugtcomunicaciones.es\/wordpress\/reunion-del-comite-intercentros\/","name":"Reuni\u00f3n del Comit\u00e9 Intercentros - UGT Comunicaciones","isPartOf":{"@id":"https:\/\/www.ugtcomunicaciones.es\/wordpress\/#website"},"primaryImageOfPage":{"@id":"https:\/\/www.ugtcomunicaciones.es\/wordpress\/reunion-del-comite-intercentros\/#primaryimage"},"image":{"@id":"https:\/\/www.ugtcomunicaciones.es\/wordpress\/reunion-del-comite-intercentros\/#primaryimage"},"thumbnailUrl":"https:\/\/www.ugtcomunicaciones.es\/wordpress\/wp-content\/uploads\/2018\/04\/team_meeting_table.png","datePublished":"2018-03-05T10:57:30+00:00","dateModified":"2018-04-13T11:05:28+00:00","breadcrumb":{"@id":"https:\/\/www.ugtcomunicaciones.es\/wordpress\/reunion-del-comite-intercentros\/#breadcrumb"},"inLanguage":"es","potentialAction":[{"@type":"ReadAction","target":["https:\/\/www.ugtcomunicaciones.es\/wordpress\/reunion-del-comite-intercentros\/"]}]},{"@type":"ImageObject","inLanguage":"es","@id":"https:\/\/www.ugtcomunicaciones.es\/wordpress\/reunion-del-comite-intercentros\/#primaryimage","url":"https:\/\/www.ugtcomunicaciones.es\/wordpress\/wp-content\/uploads\/2018\/04\/team_meeting_table.png","contentUrl":"https:\/\/www.ugtcomunicaciones.es\/wordpress\/wp-content\/uploads\/2018\/04\/team_meeting_table.png","width":728,"height":444,"caption":"team_meeting_table"},{"@type":"BreadcrumbList","@id":"https:\/\/www.ugtcomunicaciones.es\/wordpress\/reunion-del-comite-intercentros\/#breadcrumb","itemListElement":[{"@type":"ListItem","position":1,"name":"Portada","item":"https:\/\/www.ugtcomunicaciones.es\/wordpress\/"},{"@type":"ListItem","position":2,"name":"Reuni\u00f3n del Comit\u00e9 Intercentros"}]},{"@type":"WebSite","@id":"https:\/\/www.ugtcomunicaciones.es\/wordpress\/#website","url":"https:\/\/www.ugtcomunicaciones.es\/wordpress\/","name":"UGT Comunicaciones","description":"Sindicato de Telecomunicaciones","publisher":{"@id":"https:\/\/www.ugtcomunicaciones.es\/wordpress\/#organization"},"potentialAction":[{"@type":"SearchAction","target":{"@type":"EntryPoint","urlTemplate":"https:\/\/www.ugtcomunicaciones.es\/wordpress\/?s={search_term_string}"},"query-input":{"@type":"PropertyValueSpecification","valueRequired":true,"valueName":"search_term_string"}}],"inLanguage":"es"},{"@type":"Organization","@id":"https:\/\/www.ugtcomunicaciones.es\/wordpress\/#organization","name":"UGT Comunicaciones","url":"https:\/\/www.ugtcomunicaciones.es\/wordpress\/","logo":{"@type":"ImageObject","inLanguage":"es","@id":"https:\/\/www.ugtcomunicaciones.es\/wordpress\/#\/schema\/logo\/image\/","url":"https:\/\/www.ugtcomunicaciones.es\/wordpress\/wp-content\/uploads\/2024\/04\/comunicaciones_logo.png","contentUrl":"https:\/\/www.ugtcomunicaciones.es\/wordpress\/wp-content\/uploads\/2024\/04\/comunicaciones_logo.png","width":298,"height":81,"caption":"UGT Comunicaciones"},"image":{"@id":"https:\/\/www.ugtcomunicaciones.es\/wordpress\/#\/schema\/logo\/image\/"},"sameAs":["https:\/\/www.facebook.com\/ugt.comunicaciones\/","https:\/\/x.com\/ugtcom"]},{"@type":"Person","@id":"https:\/\/www.ugtcomunicaciones.es\/wordpress\/#\/schema\/person\/eba0fc3fe5b444531d94d4368cba89ed","name":"UGT","image":{"@type":"ImageObject","inLanguage":"es","@id":"https:\/\/secure.gravatar.com\/avatar\/2a16057d620a4c646bcfc171c4f23030879ebbdd346f0525bd5d4a564e57e13d?s=96&d=mm&r=g","url":"https:\/\/secure.gravatar.com\/avatar\/2a16057d620a4c646bcfc171c4f23030879ebbdd346f0525bd5d4a564e57e13d?s=96&d=mm&r=g","contentUrl":"https:\/\/secure.gravatar.com\/avatar\/2a16057d620a4c646bcfc171c4f23030879ebbdd346f0525bd5d4a564e57e13d?s=96&d=mm&r=g","caption":"UGT"}}]}},"_links":{"self":[{"href":"https:\/\/www.ugtcomunicaciones.es\/wordpress\/wp-json\/wp\/v2\/posts\/135447","targetHints":{"allow":["GET"]}}],"collection":[{"href":"https:\/\/www.ugtcomunicaciones.es\/wordpress\/wp-json\/wp\/v2\/posts"}],"about":[{"href":"https:\/\/www.ugtcomunicaciones.es\/wordpress\/wp-json\/wp\/v2\/types\/post"}],"author":[{"embeddable":true,"href":"https:\/\/www.ugtcomunicaciones.es\/wordpress\/wp-json\/wp\/v2\/users\/3"}],"replies":[{"embeddable":true,"href":"https:\/\/www.ugtcomunicaciones.es\/wordpress\/wp-json\/wp\/v2\/comments?post=135447"}],"version-history":[{"count":0,"href":"https:\/\/www.ugtcomunicaciones.es\/wordpress\/wp-json\/wp\/v2\/posts\/135447\/revisions"}],"wp:featuredmedia":[{"embeddable":true,"href":"https:\/\/www.ugtcomunicaciones.es\/wordpress\/wp-json\/wp\/v2\/media\/135448"}],"wp:attachment":[{"href":"https:\/\/www.ugtcomunicaciones.es\/wordpress\/wp-json\/wp\/v2\/media?parent=135447"}],"wp:term":[{"taxonomy":"category","embeddable":true,"href":"https:\/\/www.ugtcomunicaciones.es\/wordpress\/wp-json\/wp\/v2\/categories?post=135447"},{"taxonomy":"post_tag","embeddable":true,"href":"https:\/\/www.ugtcomunicaciones.es\/wordpress\/wp-json\/wp\/v2\/tags?post=135447"}],"curies":[{"name":"wp","href":"https:\/\/api.w.org\/{rel}","templated":true}]}}