{"id":135465,"date":"2018-02-08T13:18:39","date_gmt":"2018-02-08T11:18:39","guid":{"rendered":"http:\/\/ugtcomunicaciones.es\/wordpress\/?p=135465"},"modified":"2018-04-13T13:20:32","modified_gmt":"2018-04-13T11:20:32","slug":"reunion-comite-intercentros","status":"publish","type":"post","link":"https:\/\/www.ugtcomunicaciones.es\/wordpress\/reunion-comite-intercentros\/","title":{"rendered":"Reuni\u00f3n Comit\u00e9 Intercentros"},"content":{"rendered":"<p style=\"text-align: justify;\">Hoy d\u00eda 8 de febrero, se ha reunido el Comit\u00e9 Intercentros con la Empresa en una sesi\u00f3n informativa solicitada por UGT, con la finalidad de conocer los aspectos principales de la prueba piloto denominada \u201cPUDO\u201d que la Empresa ha puesto en funcionamiento en fechas recientes. Como bien sab\u00e9is el piloto consiste en habilitar un cierto n\u00famero de tiendas como punto de recogida y devoluciones de paqueter\u00eda de una importante plataforma de venta online.<\/p>\n<p style=\"text-align: justify;\">La Empresa nos ha informado de los principales objetivos a nivel comercial que consistir\u00edan en la captaci\u00f3n de nuevos clientes a ra\u00edz de la afluencia a tiendas, a fin de generar oportunidades de negocio y a la vez dar un servicio a nuestros propios clientes.<\/p>\n<p style=\"text-align: justify;\">La duraci\u00f3n de dicho piloto seg\u00fan nos han informado ser\u00eda hasta el 30 de Abril de 2018 con la intenci\u00f3n de que una vez concluida dicha prueba nos presentar\u00edan los resultados y las conclusiones obtenidas a fin de evaluar la viabilidad de dicho piloto.<\/p>\n<p style=\"text-align: justify;\">En esta sesi\u00f3n informativa, UGT ha puesto de relevancia los aspectos m\u00e1s destacados que se deben cumplir en materia de prevenci\u00f3n de riesgos laborales a la hora de la manipulaci\u00f3n, almacenaje y movimiento de paqueter\u00eda, que ser\u00e1 tratada en la pr\u00f3xima reuni\u00f3n del Comit\u00e9 de Seguridad y Salud.<\/p>\n<p style=\"text-align: justify;\">En la misma reuni\u00f3n, UGT ha formulado una bater\u00eda de preguntas que la Empresa ha contestado bajo la premisa de que se trata de un piloto y que no saben a priori las respuestas m\u00e1s relevantes, tales como, los vol\u00famenes de paqueter\u00eda, p\u00fablico objetivo, etc.<\/p>\n<p style=\"text-align: justify;\">En otro orden de cosas, se ha tratado con la Empresa el asunto concerniente a la responsabilidad de los comerciales punto de venta sobre las posibles incidencias que se produzcan en la entrega, recogida, manipulaci\u00f3n y almacenaje del material, en este sentido la misma nos informa, de la existencia de un seguro de responsabilidad y que en ning\u00fan caso el comercial ser\u00e1 sancionado por estos hechos.<\/p>\n<p style=\"text-align: justify;\">Desde UGT, manifestamos que cualquier piloto deber\u00eda ser previamente informado para su puesta en marcha, as\u00ed como, consensuado con la representaci\u00f3n de los trabajadores.<\/p>\n<p style=\"text-align: justify;\">Para terminar, desde UGT, queremos poner de manifiesto que no consideramos que lo tratado sea una funci\u00f3n del comercial punto de venta y a tal fin, hemos solicitado a la Empresa una reuni\u00f3n de la Comisi\u00f3n de Grupos Profesionales que deber\u00e1 tener lugar en pr\u00f3ximas fechas, en la que nos pronunciaremos una vez realizado el preceptivo estudio.<\/p>\n","protected":false},"excerpt":{"rendered":"<p>Hoy d\u00eda 8 de febrero, se ha reunido el Comit\u00e9 Intercentros con la Empresa en una sesi\u00f3n informativa solicitada por UGT, con la finalidad de conocer los aspectos principales de la prueba piloto denominada \u201cPUDO\u201d que la Empresa ha puesto en funcionamiento en fechas recientes. Como bien sab\u00e9is el piloto consiste en habilitar un cierto [&hellip;]<\/p>\n","protected":false},"author":3,"featured_media":135448,"comment_status":"closed","ping_status":"closed","sticky":false,"template":"","format":"standard","meta":{"footnotes":""},"categories":[31,37],"tags":[],"class_list":["post-135465","post","type-post","status-publish","format-standard","has-post-thumbnail","hentry","category-telyco","category-telyco-telyco"],"yoast_head":"<!-- This site is optimized with the Yoast SEO Premium plugin v27.3 (Yoast SEO v27.4) - https:\/\/yoast.com\/product\/yoast-seo-premium-wordpress\/ -->\n<title>Reuni\u00f3n Comit\u00e9 Intercentros - UGT Comunicaciones<\/title>\n<meta name=\"robots\" content=\"index, follow, max-snippet:-1, max-image-preview:large, max-video-preview:-1\" \/>\n<link rel=\"canonical\" href=\"https:\/\/www.ugtcomunicaciones.es\/wordpress\/reunion-comite-intercentros\/\" \/>\n<meta property=\"og:locale\" content=\"es_ES\" \/>\n<meta property=\"og:type\" content=\"article\" \/>\n<meta property=\"og:title\" content=\"Reuni\u00f3n Comit\u00e9 Intercentros\" \/>\n<meta property=\"og:description\" content=\"Hoy d\u00eda 8 de febrero, se ha reunido el Comit\u00e9 Intercentros con la Empresa en una sesi\u00f3n informativa solicitada por UGT, con la finalidad de conocer los aspectos principales de la prueba piloto denominada \u201cPUDO\u201d que la Empresa ha puesto en funcionamiento en fechas recientes. Como bien sab\u00e9is el piloto consiste en habilitar un cierto [&hellip;]\" \/>\n<meta property=\"og:url\" content=\"https:\/\/www.ugtcomunicaciones.es\/wordpress\/reunion-comite-intercentros\/\" \/>\n<meta property=\"og:site_name\" content=\"UGT Comunicaciones\" \/>\n<meta property=\"article:publisher\" content=\"https:\/\/www.facebook.com\/ugt.comunicaciones\/\" \/>\n<meta property=\"article:published_time\" content=\"2018-02-08T11:18:39+00:00\" \/>\n<meta property=\"article:modified_time\" content=\"2018-04-13T11:20:32+00:00\" \/>\n<meta property=\"og:image\" content=\"https:\/\/www.ugtcomunicaciones.es\/wordpress\/wp-content\/uploads\/2018\/04\/team_meeting_table.png\" \/>\n\t<meta property=\"og:image:width\" content=\"728\" \/>\n\t<meta property=\"og:image:height\" content=\"444\" \/>\n\t<meta property=\"og:image:type\" content=\"image\/png\" \/>\n<meta name=\"author\" content=\"UGT\" \/>\n<meta name=\"twitter:card\" content=\"summary_large_image\" \/>\n<meta name=\"twitter:creator\" content=\"@ugtcom\" \/>\n<meta name=\"twitter:site\" content=\"@ugtcom\" \/>\n<meta name=\"twitter:label1\" content=\"Escrito por\" \/>\n\t<meta name=\"twitter:data1\" content=\"UGT\" \/>\n\t<meta name=\"twitter:label2\" content=\"Tiempo de lectura\" \/>\n\t<meta name=\"twitter:data2\" content=\"2 minutos\" \/>\n<script type=\"application\/ld+json\" class=\"yoast-schema-graph\">{\"@context\":\"https:\\\/\\\/schema.org\",\"@graph\":[{\"@type\":\"Article\",\"@id\":\"https:\\\/\\\/www.ugtcomunicaciones.es\\\/wordpress\\\/reunion-comite-intercentros\\\/#article\",\"isPartOf\":{\"@id\":\"https:\\\/\\\/www.ugtcomunicaciones.es\\\/wordpress\\\/reunion-comite-intercentros\\\/\"},\"author\":{\"name\":\"UGT\",\"@id\":\"https:\\\/\\\/www.ugtcomunicaciones.es\\\/wordpress\\\/#\\\/schema\\\/person\\\/eba0fc3fe5b444531d94d4368cba89ed\"},\"headline\":\"Reuni\u00f3n Comit\u00e9 Intercentros\",\"datePublished\":\"2018-02-08T11:18:39+00:00\",\"dateModified\":\"2018-04-13T11:20:32+00:00\",\"mainEntityOfPage\":{\"@id\":\"https:\\\/\\\/www.ugtcomunicaciones.es\\\/wordpress\\\/reunion-comite-intercentros\\\/\"},\"wordCount\":437,\"publisher\":{\"@id\":\"https:\\\/\\\/www.ugtcomunicaciones.es\\\/wordpress\\\/#organization\"},\"image\":{\"@id\":\"https:\\\/\\\/www.ugtcomunicaciones.es\\\/wordpress\\\/reunion-comite-intercentros\\\/#primaryimage\"},\"thumbnailUrl\":\"https:\\\/\\\/www.ugtcomunicaciones.es\\\/wordpress\\\/wp-content\\\/uploads\\\/2018\\\/04\\\/team_meeting_table.png\",\"articleSection\":[\"Telyco\",\"Telyco\"],\"inLanguage\":\"es\"},{\"@type\":\"WebPage\",\"@id\":\"https:\\\/\\\/www.ugtcomunicaciones.es\\\/wordpress\\\/reunion-comite-intercentros\\\/\",\"url\":\"https:\\\/\\\/www.ugtcomunicaciones.es\\\/wordpress\\\/reunion-comite-intercentros\\\/\",\"name\":\"Reuni\u00f3n Comit\u00e9 Intercentros - UGT Comunicaciones\",\"isPartOf\":{\"@id\":\"https:\\\/\\\/www.ugtcomunicaciones.es\\\/wordpress\\\/#website\"},\"primaryImageOfPage\":{\"@id\":\"https:\\\/\\\/www.ugtcomunicaciones.es\\\/wordpress\\\/reunion-comite-intercentros\\\/#primaryimage\"},\"image\":{\"@id\":\"https:\\\/\\\/www.ugtcomunicaciones.es\\\/wordpress\\\/reunion-comite-intercentros\\\/#primaryimage\"},\"thumbnailUrl\":\"https:\\\/\\\/www.ugtcomunicaciones.es\\\/wordpress\\\/wp-content\\\/uploads\\\/2018\\\/04\\\/team_meeting_table.png\",\"datePublished\":\"2018-02-08T11:18:39+00:00\",\"dateModified\":\"2018-04-13T11:20:32+00:00\",\"breadcrumb\":{\"@id\":\"https:\\\/\\\/www.ugtcomunicaciones.es\\\/wordpress\\\/reunion-comite-intercentros\\\/#breadcrumb\"},\"inLanguage\":\"es\",\"potentialAction\":[{\"@type\":\"ReadAction\",\"target\":[\"https:\\\/\\\/www.ugtcomunicaciones.es\\\/wordpress\\\/reunion-comite-intercentros\\\/\"]}]},{\"@type\":\"ImageObject\",\"inLanguage\":\"es\",\"@id\":\"https:\\\/\\\/www.ugtcomunicaciones.es\\\/wordpress\\\/reunion-comite-intercentros\\\/#primaryimage\",\"url\":\"https:\\\/\\\/www.ugtcomunicaciones.es\\\/wordpress\\\/wp-content\\\/uploads\\\/2018\\\/04\\\/team_meeting_table.png\",\"contentUrl\":\"https:\\\/\\\/www.ugtcomunicaciones.es\\\/wordpress\\\/wp-content\\\/uploads\\\/2018\\\/04\\\/team_meeting_table.png\",\"width\":728,\"height\":444,\"caption\":\"team_meeting_table\"},{\"@type\":\"BreadcrumbList\",\"@id\":\"https:\\\/\\\/www.ugtcomunicaciones.es\\\/wordpress\\\/reunion-comite-intercentros\\\/#breadcrumb\",\"itemListElement\":[{\"@type\":\"ListItem\",\"position\":1,\"name\":\"Portada\",\"item\":\"https:\\\/\\\/www.ugtcomunicaciones.es\\\/wordpress\\\/\"},{\"@type\":\"ListItem\",\"position\":2,\"name\":\"Reuni\u00f3n Comit\u00e9 Intercentros\"}]},{\"@type\":\"WebSite\",\"@id\":\"https:\\\/\\\/www.ugtcomunicaciones.es\\\/wordpress\\\/#website\",\"url\":\"https:\\\/\\\/www.ugtcomunicaciones.es\\\/wordpress\\\/\",\"name\":\"UGT Comunicaciones\",\"description\":\"Sindicato de Telecomunicaciones\",\"publisher\":{\"@id\":\"https:\\\/\\\/www.ugtcomunicaciones.es\\\/wordpress\\\/#organization\"},\"potentialAction\":[{\"@type\":\"SearchAction\",\"target\":{\"@type\":\"EntryPoint\",\"urlTemplate\":\"https:\\\/\\\/www.ugtcomunicaciones.es\\\/wordpress\\\/?s={search_term_string}\"},\"query-input\":{\"@type\":\"PropertyValueSpecification\",\"valueRequired\":true,\"valueName\":\"search_term_string\"}}],\"inLanguage\":\"es\"},{\"@type\":\"Organization\",\"@id\":\"https:\\\/\\\/www.ugtcomunicaciones.es\\\/wordpress\\\/#organization\",\"name\":\"UGT Comunicaciones\",\"url\":\"https:\\\/\\\/www.ugtcomunicaciones.es\\\/wordpress\\\/\",\"logo\":{\"@type\":\"ImageObject\",\"inLanguage\":\"es\",\"@id\":\"https:\\\/\\\/www.ugtcomunicaciones.es\\\/wordpress\\\/#\\\/schema\\\/logo\\\/image\\\/\",\"url\":\"https:\\\/\\\/www.ugtcomunicaciones.es\\\/wordpress\\\/wp-content\\\/uploads\\\/2024\\\/04\\\/comunicaciones_logo.png\",\"contentUrl\":\"https:\\\/\\\/www.ugtcomunicaciones.es\\\/wordpress\\\/wp-content\\\/uploads\\\/2024\\\/04\\\/comunicaciones_logo.png\",\"width\":298,\"height\":81,\"caption\":\"UGT Comunicaciones\"},\"image\":{\"@id\":\"https:\\\/\\\/www.ugtcomunicaciones.es\\\/wordpress\\\/#\\\/schema\\\/logo\\\/image\\\/\"},\"sameAs\":[\"https:\\\/\\\/www.facebook.com\\\/ugt.comunicaciones\\\/\",\"https:\\\/\\\/x.com\\\/ugtcom\"]},{\"@type\":\"Person\",\"@id\":\"https:\\\/\\\/www.ugtcomunicaciones.es\\\/wordpress\\\/#\\\/schema\\\/person\\\/eba0fc3fe5b444531d94d4368cba89ed\",\"name\":\"UGT\",\"image\":{\"@type\":\"ImageObject\",\"inLanguage\":\"es\",\"@id\":\"https:\\\/\\\/secure.gravatar.com\\\/avatar\\\/2a16057d620a4c646bcfc171c4f23030879ebbdd346f0525bd5d4a564e57e13d?s=96&d=mm&r=g\",\"url\":\"https:\\\/\\\/secure.gravatar.com\\\/avatar\\\/2a16057d620a4c646bcfc171c4f23030879ebbdd346f0525bd5d4a564e57e13d?s=96&d=mm&r=g\",\"contentUrl\":\"https:\\\/\\\/secure.gravatar.com\\\/avatar\\\/2a16057d620a4c646bcfc171c4f23030879ebbdd346f0525bd5d4a564e57e13d?s=96&d=mm&r=g\",\"caption\":\"UGT\"}}]}<\/script>\n<!-- \/ Yoast SEO Premium plugin. -->","yoast_head_json":{"title":"Reuni\u00f3n Comit\u00e9 Intercentros - UGT Comunicaciones","robots":{"index":"index","follow":"follow","max-snippet":"max-snippet:-1","max-image-preview":"max-image-preview:large","max-video-preview":"max-video-preview:-1"},"canonical":"https:\/\/www.ugtcomunicaciones.es\/wordpress\/reunion-comite-intercentros\/","og_locale":"es_ES","og_type":"article","og_title":"Reuni\u00f3n Comit\u00e9 Intercentros","og_description":"Hoy d\u00eda 8 de febrero, se ha reunido el Comit\u00e9 Intercentros con la Empresa en una sesi\u00f3n informativa solicitada por UGT, con la finalidad de conocer los aspectos principales de la prueba piloto denominada \u201cPUDO\u201d que la Empresa ha puesto en funcionamiento en fechas recientes. Como bien sab\u00e9is el piloto consiste en habilitar un cierto [&hellip;]","og_url":"https:\/\/www.ugtcomunicaciones.es\/wordpress\/reunion-comite-intercentros\/","og_site_name":"UGT Comunicaciones","article_publisher":"https:\/\/www.facebook.com\/ugt.comunicaciones\/","article_published_time":"2018-02-08T11:18:39+00:00","article_modified_time":"2018-04-13T11:20:32+00:00","og_image":[{"width":728,"height":444,"url":"https:\/\/www.ugtcomunicaciones.es\/wordpress\/wp-content\/uploads\/2018\/04\/team_meeting_table.png","type":"image\/png"}],"author":"UGT","twitter_card":"summary_large_image","twitter_creator":"@ugtcom","twitter_site":"@ugtcom","twitter_misc":{"Escrito por":"UGT","Tiempo de lectura":"2 minutos"},"schema":{"@context":"https:\/\/schema.org","@graph":[{"@type":"Article","@id":"https:\/\/www.ugtcomunicaciones.es\/wordpress\/reunion-comite-intercentros\/#article","isPartOf":{"@id":"https:\/\/www.ugtcomunicaciones.es\/wordpress\/reunion-comite-intercentros\/"},"author":{"name":"UGT","@id":"https:\/\/www.ugtcomunicaciones.es\/wordpress\/#\/schema\/person\/eba0fc3fe5b444531d94d4368cba89ed"},"headline":"Reuni\u00f3n Comit\u00e9 Intercentros","datePublished":"2018-02-08T11:18:39+00:00","dateModified":"2018-04-13T11:20:32+00:00","mainEntityOfPage":{"@id":"https:\/\/www.ugtcomunicaciones.es\/wordpress\/reunion-comite-intercentros\/"},"wordCount":437,"publisher":{"@id":"https:\/\/www.ugtcomunicaciones.es\/wordpress\/#organization"},"image":{"@id":"https:\/\/www.ugtcomunicaciones.es\/wordpress\/reunion-comite-intercentros\/#primaryimage"},"thumbnailUrl":"https:\/\/www.ugtcomunicaciones.es\/wordpress\/wp-content\/uploads\/2018\/04\/team_meeting_table.png","articleSection":["Telyco","Telyco"],"inLanguage":"es"},{"@type":"WebPage","@id":"https:\/\/www.ugtcomunicaciones.es\/wordpress\/reunion-comite-intercentros\/","url":"https:\/\/www.ugtcomunicaciones.es\/wordpress\/reunion-comite-intercentros\/","name":"Reuni\u00f3n Comit\u00e9 Intercentros - UGT Comunicaciones","isPartOf":{"@id":"https:\/\/www.ugtcomunicaciones.es\/wordpress\/#website"},"primaryImageOfPage":{"@id":"https:\/\/www.ugtcomunicaciones.es\/wordpress\/reunion-comite-intercentros\/#primaryimage"},"image":{"@id":"https:\/\/www.ugtcomunicaciones.es\/wordpress\/reunion-comite-intercentros\/#primaryimage"},"thumbnailUrl":"https:\/\/www.ugtcomunicaciones.es\/wordpress\/wp-content\/uploads\/2018\/04\/team_meeting_table.png","datePublished":"2018-02-08T11:18:39+00:00","dateModified":"2018-04-13T11:20:32+00:00","breadcrumb":{"@id":"https:\/\/www.ugtcomunicaciones.es\/wordpress\/reunion-comite-intercentros\/#breadcrumb"},"inLanguage":"es","potentialAction":[{"@type":"ReadAction","target":["https:\/\/www.ugtcomunicaciones.es\/wordpress\/reunion-comite-intercentros\/"]}]},{"@type":"ImageObject","inLanguage":"es","@id":"https:\/\/www.ugtcomunicaciones.es\/wordpress\/reunion-comite-intercentros\/#primaryimage","url":"https:\/\/www.ugtcomunicaciones.es\/wordpress\/wp-content\/uploads\/2018\/04\/team_meeting_table.png","contentUrl":"https:\/\/www.ugtcomunicaciones.es\/wordpress\/wp-content\/uploads\/2018\/04\/team_meeting_table.png","width":728,"height":444,"caption":"team_meeting_table"},{"@type":"BreadcrumbList","@id":"https:\/\/www.ugtcomunicaciones.es\/wordpress\/reunion-comite-intercentros\/#breadcrumb","itemListElement":[{"@type":"ListItem","position":1,"name":"Portada","item":"https:\/\/www.ugtcomunicaciones.es\/wordpress\/"},{"@type":"ListItem","position":2,"name":"Reuni\u00f3n Comit\u00e9 Intercentros"}]},{"@type":"WebSite","@id":"https:\/\/www.ugtcomunicaciones.es\/wordpress\/#website","url":"https:\/\/www.ugtcomunicaciones.es\/wordpress\/","name":"UGT Comunicaciones","description":"Sindicato de Telecomunicaciones","publisher":{"@id":"https:\/\/www.ugtcomunicaciones.es\/wordpress\/#organization"},"potentialAction":[{"@type":"SearchAction","target":{"@type":"EntryPoint","urlTemplate":"https:\/\/www.ugtcomunicaciones.es\/wordpress\/?s={search_term_string}"},"query-input":{"@type":"PropertyValueSpecification","valueRequired":true,"valueName":"search_term_string"}}],"inLanguage":"es"},{"@type":"Organization","@id":"https:\/\/www.ugtcomunicaciones.es\/wordpress\/#organization","name":"UGT Comunicaciones","url":"https:\/\/www.ugtcomunicaciones.es\/wordpress\/","logo":{"@type":"ImageObject","inLanguage":"es","@id":"https:\/\/www.ugtcomunicaciones.es\/wordpress\/#\/schema\/logo\/image\/","url":"https:\/\/www.ugtcomunicaciones.es\/wordpress\/wp-content\/uploads\/2024\/04\/comunicaciones_logo.png","contentUrl":"https:\/\/www.ugtcomunicaciones.es\/wordpress\/wp-content\/uploads\/2024\/04\/comunicaciones_logo.png","width":298,"height":81,"caption":"UGT Comunicaciones"},"image":{"@id":"https:\/\/www.ugtcomunicaciones.es\/wordpress\/#\/schema\/logo\/image\/"},"sameAs":["https:\/\/www.facebook.com\/ugt.comunicaciones\/","https:\/\/x.com\/ugtcom"]},{"@type":"Person","@id":"https:\/\/www.ugtcomunicaciones.es\/wordpress\/#\/schema\/person\/eba0fc3fe5b444531d94d4368cba89ed","name":"UGT","image":{"@type":"ImageObject","inLanguage":"es","@id":"https:\/\/secure.gravatar.com\/avatar\/2a16057d620a4c646bcfc171c4f23030879ebbdd346f0525bd5d4a564e57e13d?s=96&d=mm&r=g","url":"https:\/\/secure.gravatar.com\/avatar\/2a16057d620a4c646bcfc171c4f23030879ebbdd346f0525bd5d4a564e57e13d?s=96&d=mm&r=g","contentUrl":"https:\/\/secure.gravatar.com\/avatar\/2a16057d620a4c646bcfc171c4f23030879ebbdd346f0525bd5d4a564e57e13d?s=96&d=mm&r=g","caption":"UGT"}}]}},"_links":{"self":[{"href":"https:\/\/www.ugtcomunicaciones.es\/wordpress\/wp-json\/wp\/v2\/posts\/135465","targetHints":{"allow":["GET"]}}],"collection":[{"href":"https:\/\/www.ugtcomunicaciones.es\/wordpress\/wp-json\/wp\/v2\/posts"}],"about":[{"href":"https:\/\/www.ugtcomunicaciones.es\/wordpress\/wp-json\/wp\/v2\/types\/post"}],"author":[{"embeddable":true,"href":"https:\/\/www.ugtcomunicaciones.es\/wordpress\/wp-json\/wp\/v2\/users\/3"}],"replies":[{"embeddable":true,"href":"https:\/\/www.ugtcomunicaciones.es\/wordpress\/wp-json\/wp\/v2\/comments?post=135465"}],"version-history":[{"count":0,"href":"https:\/\/www.ugtcomunicaciones.es\/wordpress\/wp-json\/wp\/v2\/posts\/135465\/revisions"}],"wp:featuredmedia":[{"embeddable":true,"href":"https:\/\/www.ugtcomunicaciones.es\/wordpress\/wp-json\/wp\/v2\/media\/135448"}],"wp:attachment":[{"href":"https:\/\/www.ugtcomunicaciones.es\/wordpress\/wp-json\/wp\/v2\/media?parent=135465"}],"wp:term":[{"taxonomy":"category","embeddable":true,"href":"https:\/\/www.ugtcomunicaciones.es\/wordpress\/wp-json\/wp\/v2\/categories?post=135465"},{"taxonomy":"post_tag","embeddable":true,"href":"https:\/\/www.ugtcomunicaciones.es\/wordpress\/wp-json\/wp\/v2\/tags?post=135465"}],"curies":[{"name":"wp","href":"https:\/\/api.w.org\/{rel}","templated":true}]}}