{"id":137440,"date":"2018-05-03T08:00:37","date_gmt":"2018-05-03T06:00:37","guid":{"rendered":"http:\/\/ugtcomunicaciones.es\/wordpress\/?p=137440"},"modified":"2018-04-24T16:30:15","modified_gmt":"2018-04-24T14:30:15","slug":"nota-mensual-cnmc-enero-2018","status":"publish","type":"post","link":"https:\/\/www.ugtcomunicaciones.es\/wordpress\/nota-mensual-cnmc-enero-2018\/","title":{"rendered":"Nota mensual CNMC enero 2018"},"content":{"rendered":"<p style=\"text-align: justify;\">El \u00faltimo mes de 2017 se cerr\u00f3 con muy buenas cifras en todas las l\u00edneas de negocio y con un claro nombre propio: M\u00e1sM\u00f3vil.<\/p>\n<p><img decoding=\"async\" class=\"size-full wp-image-140924 aligncenter lazyload\" data-src=\"http:\/\/ugtcomunicaciones.es\/wordpress\/wp-content\/uploads\/2018\/05\/Nota-mensual-enero-1.png\" alt=\"Nota-mensual-enero-1\" width=\"600\" height=\"203\" data-srcset=\"https:\/\/www.ugtcomunicaciones.es\/wordpress\/wp-content\/uploads\/2018\/05\/Nota-mensual-enero-1.png 600w, https:\/\/www.ugtcomunicaciones.es\/wordpress\/wp-content\/uploads\/2018\/05\/Nota-mensual-enero-1-300x102.png 300w\" data-sizes=\"(max-width: 600px) 100vw, 600px\" src=\"data:image\/svg+xml;base64,PHN2ZyB3aWR0aD0iMSIgaGVpZ2h0PSIxIiB4bWxucz0iaHR0cDovL3d3dy53My5vcmcvMjAwMC9zdmciPjwvc3ZnPg==\" style=\"--smush-placeholder-width: 600px; --smush-placeholder-aspect-ratio: 600\/203;\" \/><\/p>\n<p style=\"text-align: justify;\"><strong>Banda Ancha fija:<\/strong><\/p>\n<ul>\n<li style=\"text-align: justify;\">El crecimiento interanual qued\u00f3 ligeramente por encima del 4%, gracias a la fibra (casi 162.000 altas netas). El ADSL prosigue su ca\u00edda hacia la desaparici\u00f3n, mientras el cable HFC sigue, lenta pero inexorablemente, perdiendo cuota (-12.000). La penetraci\u00f3n casi alcanza las 31 l\u00edneas por cada 100 habitantes (30,9), a\u00fan lejos de la media europea.<\/li>\n<li style=\"text-align: justify;\">M\u00e1sM\u00f3vil se muestra intratable: sus ganancias multiplican por nueva a la suma de todos sus competidores (35.000 de M\u00e1sM\u00f3vil por 6.800 de Orange y 2.700 de Movistar). Vodafone no levanta las p\u00e9rdidas por poco (-400 bajas netas) y las OMV siguen en descenso: -1.900.<\/li>\n<li style=\"text-align: justify;\">En cuanto a cuotas de mercado, Telef\u00f3nica cada vez est\u00e1 m\u00e1s cerca de perder el 41% (41,17), las distancias entre Orange y Vodafone se acortan progresivamente (4,28%) y M\u00e1sM\u00f3vil da un salto hasta el 3,5%. Las OMV cada vez pierden m\u00e1s terreno (4,28%).<\/li>\n<li style=\"text-align: justify;\">El FTTH roza los 6,6 millones de conexiones, dominada por Telef\u00f3nica, pero cada vez m\u00e1s cerca de perder la cuota del 50% (51,9% en 2017 por un 62% de 2016).<\/li>\n<\/ul>\n<p><img decoding=\"async\" class=\"size-full wp-image-140926 aligncenter lazyload\" data-src=\"http:\/\/ugtcomunicaciones.es\/wordpress\/wp-content\/uploads\/2018\/05\/Nota-mensual-enero-2.png\" alt=\"Nota-mensual-enero-2\" width=\"600\" height=\"376\" data-srcset=\"https:\/\/www.ugtcomunicaciones.es\/wordpress\/wp-content\/uploads\/2018\/05\/Nota-mensual-enero-2.png 600w, https:\/\/www.ugtcomunicaciones.es\/wordpress\/wp-content\/uploads\/2018\/05\/Nota-mensual-enero-2-300x188.png 300w\" data-sizes=\"(max-width: 600px) 100vw, 600px\" src=\"data:image\/svg+xml;base64,PHN2ZyB3aWR0aD0iMSIgaGVpZ2h0PSIxIiB4bWxucz0iaHR0cDovL3d3dy53My5vcmcvMjAwMC9zdmciPjwvc3ZnPg==\" style=\"--smush-placeholder-width: 600px; --smush-placeholder-aspect-ratio: 600\/376;\" \/><\/p>\n<p><strong><img decoding=\"async\" class=\"size-full wp-image-140927 aligncenter lazyload\" data-src=\"http:\/\/ugtcomunicaciones.es\/wordpress\/wp-content\/uploads\/2018\/05\/Nota-mensual-enero-3.png\" alt=\"Nota-mensual-enero-3\" width=\"600\" height=\"331\" data-srcset=\"https:\/\/www.ugtcomunicaciones.es\/wordpress\/wp-content\/uploads\/2018\/05\/Nota-mensual-enero-3.png 600w, https:\/\/www.ugtcomunicaciones.es\/wordpress\/wp-content\/uploads\/2018\/05\/Nota-mensual-enero-3-300x166.png 300w\" data-sizes=\"(max-width: 600px) 100vw, 600px\" src=\"data:image\/svg+xml;base64,PHN2ZyB3aWR0aD0iMSIgaGVpZ2h0PSIxIiB4bWxucz0iaHR0cDovL3d3dy53My5vcmcvMjAwMC9zdmciPjwvc3ZnPg==\" style=\"--smush-placeholder-width: 600px; --smush-placeholder-aspect-ratio: 600\/331;\" \/><br \/>\n<\/strong><\/p>\n<p style=\"text-align: justify;\"><strong>Telefon\u00eda M\u00f3vil:<\/strong><\/p>\n<ul>\n<li style=\"text-align: justify;\">Octavo mes consecutivo en positivo, y adem\u00e1s ganando ritmo menor (86.388 vs. 16.545 de noviembre). La penetraci\u00f3n sube a las 111,8 l\u00edneas por cada 100 habitantes (la media de la UE-15 en 2016 era de 127).<\/li>\n<li style=\"text-align: justify;\">M\u00e1sM\u00f3vil vuelve a ser la ganadora, seguida por Movistar y Orange (77.000, 49.000 y 41.000, respectivamente). El resto de operadores firman un mes horrible, con especial menci\u00f3n a Vodafone, que repite la mala racha: -48.000 en diciembre y -52.000 en noviembre.<\/li>\n<li style=\"text-align: justify;\">Las cuotas de mercado quedan as\u00ed: Movistar, 30,16%; Orange 26,80%; Vodafone, 24,98%; M\u00e1sM\u00f3vil 9,60% y OMV 8,46%.<\/li>\n<\/ul>\n<p><img decoding=\"async\" class=\"size-full wp-image-140928 aligncenter lazyload\" data-src=\"http:\/\/ugtcomunicaciones.es\/wordpress\/wp-content\/uploads\/2018\/05\/Nota-mensual-enero-4.png\" alt=\"Nota-mensual-enero-4\" width=\"600\" height=\"341\" data-srcset=\"https:\/\/www.ugtcomunicaciones.es\/wordpress\/wp-content\/uploads\/2018\/05\/Nota-mensual-enero-4.png 600w, https:\/\/www.ugtcomunicaciones.es\/wordpress\/wp-content\/uploads\/2018\/05\/Nota-mensual-enero-4-300x171.png 300w\" data-sizes=\"(max-width: 600px) 100vw, 600px\" src=\"data:image\/svg+xml;base64,PHN2ZyB3aWR0aD0iMSIgaGVpZ2h0PSIxIiB4bWxucz0iaHR0cDovL3d3dy53My5vcmcvMjAwMC9zdmciPjwvc3ZnPg==\" style=\"--smush-placeholder-width: 600px; --smush-placeholder-aspect-ratio: 600\/341;\" \/><\/p>\n<p style=\"text-align: justify;\">En cuanto a la banda ancha m\u00f3vil, Orange rompe la tendencia negativa de meses anteriores, Vodafone ahonda su crisis y Movistar se alza ganadora:<\/p>\n<p><img decoding=\"async\" class=\"size-full wp-image-140929 aligncenter lazyload\" data-src=\"http:\/\/ugtcomunicaciones.es\/wordpress\/wp-content\/uploads\/2018\/05\/Nota-mensual-enero-5.png\" alt=\"Nota-mensual-enero-5\" width=\"329\" height=\"108\" data-srcset=\"https:\/\/www.ugtcomunicaciones.es\/wordpress\/wp-content\/uploads\/2018\/05\/Nota-mensual-enero-5.png 329w, https:\/\/www.ugtcomunicaciones.es\/wordpress\/wp-content\/uploads\/2018\/05\/Nota-mensual-enero-5-300x98.png 300w\" data-sizes=\"(max-width: 329px) 100vw, 329px\" src=\"data:image\/svg+xml;base64,PHN2ZyB3aWR0aD0iMSIgaGVpZ2h0PSIxIiB4bWxucz0iaHR0cDovL3d3dy53My5vcmcvMjAwMC9zdmciPjwvc3ZnPg==\" style=\"--smush-placeholder-width: 329px; --smush-placeholder-aspect-ratio: 329\/108;\" \/><\/p>\n<p style=\"text-align: justify;\">El parque de l\u00edneas m\u00f3viles gan\u00f3 86.388 l\u00edneas en diciembre. El incremento registrado en pospago de 167.007 compens\u00f3 el descenso de prepago, con 80.619 l\u00edneas menos. El mes cerr\u00f3 con una cifra de algo m\u00e1s de 52 millones l\u00edneas m\u00f3viles, lo que supone un 1,7% m\u00e1s que hace un a\u00f1o.<\/p>\n<p style=\"text-align: justify;\">La penetraci\u00f3n fue de 111,8 l\u00edneas por cada 100 habitantes, 1,7 puntos m\u00e1s que hace un a\u00f1o.<\/p>\n<p style=\"text-align: justify;\">Las l\u00edneas M2M se situaron en 4,9 millones de l\u00edneas, un 10,3% m\u00e1s que hace un a\u00f1o.<\/p>\n<p style=\"text-align: justify;\">En diciembre se portaron 622.233 n\u00fameros m\u00f3viles, lo que supone un 26,2% m\u00e1s que el volumen registrado en el mismo mes de 2016. Orange, M\u00e1sMovil y los OMV registraron saldos netos de portabilidad positivos, mientras que Vodafone y Movistar presentaron saldos negativos.<\/p>\n<p style=\"text-align: justify;\">En 2017 se portaron un total de 6,5 millones de n\u00fameros m\u00f3viles, un 15% m\u00e1s que el a\u00f1o anterior.<\/p>\n<p style=\"text-align: justify;\"><strong>Telefon\u00eda Fija<\/strong><strong>:<\/strong><\/p>\n<p style=\"text-align: justify;\">Mal mes, que rompe la tendencia de los tres meses anteriores: -10.500. No obstante, el segmento residencial s\u00ed mostro un saldo positivo, al contrario que el de Negocios (-15.000 bajas netas).<\/p>\n<p style=\"text-align: justify;\">El mes cerr\u00f3 con un total de 19,2 millones de l\u00edneas, lo que representa una penetraci\u00f3n de 41,4 l\u00edneas por cada 100 habitantes.<\/p>\n<p style=\"text-align: justify;\">En el mes de diciembre se portaron 192.718 n\u00fameros fijos, con un aumento del 23,3% respecto al mismo mes del a\u00f1o anterior.<\/p>\n<p style=\"text-align: justify;\">En 2017 se portaron m\u00e1s de 2,1 millones de n\u00fameros fijos, un 21% m\u00e1s que en el a\u00f1o anterior.<\/p>\n<p><strong><img decoding=\"async\" class=\"size-full wp-image-140930 aligncenter lazyload\" data-src=\"http:\/\/ugtcomunicaciones.es\/wordpress\/wp-content\/uploads\/2018\/05\/Nota-mensual-enero-6.png\" alt=\"Nota-mensual-enero-6\" width=\"489\" height=\"134\" data-srcset=\"https:\/\/www.ugtcomunicaciones.es\/wordpress\/wp-content\/uploads\/2018\/05\/Nota-mensual-enero-6.png 489w, https:\/\/www.ugtcomunicaciones.es\/wordpress\/wp-content\/uploads\/2018\/05\/Nota-mensual-enero-6-300x82.png 300w\" data-sizes=\"(max-width: 489px) 100vw, 489px\" src=\"data:image\/svg+xml;base64,PHN2ZyB3aWR0aD0iMSIgaGVpZ2h0PSIxIiB4bWxucz0iaHR0cDovL3d3dy53My5vcmcvMjAwMC9zdmciPjwvc3ZnPg==\" style=\"--smush-placeholder-width: 489px; --smush-placeholder-aspect-ratio: 489\/134;\" \/><\/strong><\/p>\n<h3 style=\"text-align: right;\"><span style=\"color: #ff0000;\"><strong>UGT<\/strong><\/span><strong> Comunicaciones<\/strong><\/h3>\n","protected":false},"excerpt":{"rendered":"<p>El \u00faltimo mes de 2017 se cerr\u00f3 con muy buenas cifras en todas las l\u00edneas de negocio y con un claro nombre propio: M\u00e1sM\u00f3vil. Banda Ancha fija: El crecimiento interanual qued\u00f3 ligeramente por encima del 4%, gracias a la fibra (casi 162.000 altas netas). El ADSL prosigue su ca\u00edda hacia la desaparici\u00f3n, mientras el cable [&hellip;]<\/p>\n","protected":false},"author":3,"featured_media":645,"comment_status":"closed","ping_status":"closed","sticky":false,"template":"","format":"standard","meta":{"footnotes":""},"categories":[13,12],"tags":[],"class_list":["post-137440","post","type-post","status-publish","format-standard","has-post-thumbnail","hentry","category-mercado-comunicaciones","category-regulacion"],"yoast_head":"<!-- This site is optimized with the Yoast SEO Premium plugin v27.3 (Yoast SEO v27.4) - https:\/\/yoast.com\/product\/yoast-seo-premium-wordpress\/ -->\n<title>Nota mensual CNMC enero 2018 - UGT Comunicaciones<\/title>\n<meta name=\"description\" content=\"El \u00faltimo mes de 2017 se cerr\u00f3 con muy buenas cifras en todas las l\u00edneas de negocio y con un claro nombre propio: M\u00e1sM\u00f3vil...\" \/>\n<meta name=\"robots\" content=\"index, follow, max-snippet:-1, max-image-preview:large, max-video-preview:-1\" \/>\n<link rel=\"canonical\" href=\"https:\/\/www.ugtcomunicaciones.es\/wordpress\/nota-mensual-cnmc-enero-2018\/\" \/>\n<meta property=\"og:locale\" content=\"es_ES\" \/>\n<meta property=\"og:type\" content=\"article\" \/>\n<meta property=\"og:title\" content=\"Nota mensual CNMC enero 2018\" \/>\n<meta property=\"og:description\" content=\"El \u00faltimo mes de 2017 se cerr\u00f3 con muy buenas cifras en todas las l\u00edneas de negocio y con un claro nombre propio: M\u00e1sM\u00f3vil...\" \/>\n<meta property=\"og:url\" content=\"https:\/\/www.ugtcomunicaciones.es\/wordpress\/nota-mensual-cnmc-enero-2018\/\" \/>\n<meta property=\"og:site_name\" content=\"UGT Comunicaciones\" \/>\n<meta property=\"article:publisher\" content=\"https:\/\/www.facebook.com\/ugt.comunicaciones\/\" \/>\n<meta property=\"article:published_time\" content=\"2018-05-03T06:00:37+00:00\" \/>\n<meta property=\"og:image\" content=\"https:\/\/www.ugtcomunicaciones.es\/wordpress\/wp-content\/uploads\/2017\/01\/CNMC_1.png\" \/>\n\t<meta property=\"og:image:width\" content=\"664\" \/>\n\t<meta property=\"og:image:height\" content=\"443\" \/>\n\t<meta property=\"og:image:type\" content=\"image\/png\" \/>\n<meta name=\"author\" content=\"UGT\" \/>\n<meta name=\"twitter:card\" content=\"summary_large_image\" \/>\n<meta name=\"twitter:creator\" content=\"@ugtcom\" \/>\n<meta name=\"twitter:site\" content=\"@ugtcom\" \/>\n<meta name=\"twitter:label1\" content=\"Escrito por\" \/>\n\t<meta name=\"twitter:data1\" content=\"UGT\" \/>\n\t<meta name=\"twitter:label2\" content=\"Tiempo de lectura\" \/>\n\t<meta name=\"twitter:data2\" content=\"3 minutos\" \/>\n<script type=\"application\/ld+json\" class=\"yoast-schema-graph\">{\"@context\":\"https:\\\/\\\/schema.org\",\"@graph\":[{\"@type\":\"Article\",\"@id\":\"https:\\\/\\\/www.ugtcomunicaciones.es\\\/wordpress\\\/nota-mensual-cnmc-enero-2018\\\/#article\",\"isPartOf\":{\"@id\":\"https:\\\/\\\/www.ugtcomunicaciones.es\\\/wordpress\\\/nota-mensual-cnmc-enero-2018\\\/\"},\"author\":{\"name\":\"UGT\",\"@id\":\"https:\\\/\\\/www.ugtcomunicaciones.es\\\/wordpress\\\/#\\\/schema\\\/person\\\/eba0fc3fe5b444531d94d4368cba89ed\"},\"headline\":\"Nota mensual CNMC enero 2018\",\"datePublished\":\"2018-05-03T06:00:37+00:00\",\"mainEntityOfPage\":{\"@id\":\"https:\\\/\\\/www.ugtcomunicaciones.es\\\/wordpress\\\/nota-mensual-cnmc-enero-2018\\\/\"},\"wordCount\":575,\"publisher\":{\"@id\":\"https:\\\/\\\/www.ugtcomunicaciones.es\\\/wordpress\\\/#organization\"},\"image\":{\"@id\":\"https:\\\/\\\/www.ugtcomunicaciones.es\\\/wordpress\\\/nota-mensual-cnmc-enero-2018\\\/#primaryimage\"},\"thumbnailUrl\":\"https:\\\/\\\/www.ugtcomunicaciones.es\\\/wordpress\\\/wp-content\\\/uploads\\\/2017\\\/01\\\/CNMC_1.png\",\"articleSection\":[\"Mercado Comunicaciones\",\"Regulaci\u00f3n\"],\"inLanguage\":\"es\"},{\"@type\":\"WebPage\",\"@id\":\"https:\\\/\\\/www.ugtcomunicaciones.es\\\/wordpress\\\/nota-mensual-cnmc-enero-2018\\\/\",\"url\":\"https:\\\/\\\/www.ugtcomunicaciones.es\\\/wordpress\\\/nota-mensual-cnmc-enero-2018\\\/\",\"name\":\"Nota mensual CNMC enero 2018 - UGT Comunicaciones\",\"isPartOf\":{\"@id\":\"https:\\\/\\\/www.ugtcomunicaciones.es\\\/wordpress\\\/#website\"},\"primaryImageOfPage\":{\"@id\":\"https:\\\/\\\/www.ugtcomunicaciones.es\\\/wordpress\\\/nota-mensual-cnmc-enero-2018\\\/#primaryimage\"},\"image\":{\"@id\":\"https:\\\/\\\/www.ugtcomunicaciones.es\\\/wordpress\\\/nota-mensual-cnmc-enero-2018\\\/#primaryimage\"},\"thumbnailUrl\":\"https:\\\/\\\/www.ugtcomunicaciones.es\\\/wordpress\\\/wp-content\\\/uploads\\\/2017\\\/01\\\/CNMC_1.png\",\"datePublished\":\"2018-05-03T06:00:37+00:00\",\"description\":\"El \u00faltimo mes de 2017 se cerr\u00f3 con muy buenas cifras en todas las l\u00edneas de negocio y con un claro nombre propio: M\u00e1sM\u00f3vil...\",\"breadcrumb\":{\"@id\":\"https:\\\/\\\/www.ugtcomunicaciones.es\\\/wordpress\\\/nota-mensual-cnmc-enero-2018\\\/#breadcrumb\"},\"inLanguage\":\"es\",\"potentialAction\":[{\"@type\":\"ReadAction\",\"target\":[\"https:\\\/\\\/www.ugtcomunicaciones.es\\\/wordpress\\\/nota-mensual-cnmc-enero-2018\\\/\"]}]},{\"@type\":\"ImageObject\",\"inLanguage\":\"es\",\"@id\":\"https:\\\/\\\/www.ugtcomunicaciones.es\\\/wordpress\\\/nota-mensual-cnmc-enero-2018\\\/#primaryimage\",\"url\":\"https:\\\/\\\/www.ugtcomunicaciones.es\\\/wordpress\\\/wp-content\\\/uploads\\\/2017\\\/01\\\/CNMC_1.png\",\"contentUrl\":\"https:\\\/\\\/www.ugtcomunicaciones.es\\\/wordpress\\\/wp-content\\\/uploads\\\/2017\\\/01\\\/CNMC_1.png\",\"width\":664,\"height\":443,\"caption\":\"CNMC\"},{\"@type\":\"BreadcrumbList\",\"@id\":\"https:\\\/\\\/www.ugtcomunicaciones.es\\\/wordpress\\\/nota-mensual-cnmc-enero-2018\\\/#breadcrumb\",\"itemListElement\":[{\"@type\":\"ListItem\",\"position\":1,\"name\":\"Portada\",\"item\":\"https:\\\/\\\/www.ugtcomunicaciones.es\\\/wordpress\\\/\"},{\"@type\":\"ListItem\",\"position\":2,\"name\":\"Nota mensual CNMC enero 2018\"}]},{\"@type\":\"WebSite\",\"@id\":\"https:\\\/\\\/www.ugtcomunicaciones.es\\\/wordpress\\\/#website\",\"url\":\"https:\\\/\\\/www.ugtcomunicaciones.es\\\/wordpress\\\/\",\"name\":\"UGT Comunicaciones\",\"description\":\"Sindicato de Telecomunicaciones\",\"publisher\":{\"@id\":\"https:\\\/\\\/www.ugtcomunicaciones.es\\\/wordpress\\\/#organization\"},\"potentialAction\":[{\"@type\":\"SearchAction\",\"target\":{\"@type\":\"EntryPoint\",\"urlTemplate\":\"https:\\\/\\\/www.ugtcomunicaciones.es\\\/wordpress\\\/?s={search_term_string}\"},\"query-input\":{\"@type\":\"PropertyValueSpecification\",\"valueRequired\":true,\"valueName\":\"search_term_string\"}}],\"inLanguage\":\"es\"},{\"@type\":\"Organization\",\"@id\":\"https:\\\/\\\/www.ugtcomunicaciones.es\\\/wordpress\\\/#organization\",\"name\":\"UGT Comunicaciones\",\"url\":\"https:\\\/\\\/www.ugtcomunicaciones.es\\\/wordpress\\\/\",\"logo\":{\"@type\":\"ImageObject\",\"inLanguage\":\"es\",\"@id\":\"https:\\\/\\\/www.ugtcomunicaciones.es\\\/wordpress\\\/#\\\/schema\\\/logo\\\/image\\\/\",\"url\":\"https:\\\/\\\/www.ugtcomunicaciones.es\\\/wordpress\\\/wp-content\\\/uploads\\\/2024\\\/04\\\/comunicaciones_logo.png\",\"contentUrl\":\"https:\\\/\\\/www.ugtcomunicaciones.es\\\/wordpress\\\/wp-content\\\/uploads\\\/2024\\\/04\\\/comunicaciones_logo.png\",\"width\":298,\"height\":81,\"caption\":\"UGT Comunicaciones\"},\"image\":{\"@id\":\"https:\\\/\\\/www.ugtcomunicaciones.es\\\/wordpress\\\/#\\\/schema\\\/logo\\\/image\\\/\"},\"sameAs\":[\"https:\\\/\\\/www.facebook.com\\\/ugt.comunicaciones\\\/\",\"https:\\\/\\\/x.com\\\/ugtcom\"]},{\"@type\":\"Person\",\"@id\":\"https:\\\/\\\/www.ugtcomunicaciones.es\\\/wordpress\\\/#\\\/schema\\\/person\\\/eba0fc3fe5b444531d94d4368cba89ed\",\"name\":\"UGT\",\"image\":{\"@type\":\"ImageObject\",\"inLanguage\":\"es\",\"@id\":\"https:\\\/\\\/secure.gravatar.com\\\/avatar\\\/2a16057d620a4c646bcfc171c4f23030879ebbdd346f0525bd5d4a564e57e13d?s=96&d=mm&r=g\",\"url\":\"https:\\\/\\\/secure.gravatar.com\\\/avatar\\\/2a16057d620a4c646bcfc171c4f23030879ebbdd346f0525bd5d4a564e57e13d?s=96&d=mm&r=g\",\"contentUrl\":\"https:\\\/\\\/secure.gravatar.com\\\/avatar\\\/2a16057d620a4c646bcfc171c4f23030879ebbdd346f0525bd5d4a564e57e13d?s=96&d=mm&r=g\",\"caption\":\"UGT\"}}]}<\/script>\n<!-- \/ Yoast SEO Premium plugin. -->","yoast_head_json":{"title":"Nota mensual CNMC enero 2018 - UGT Comunicaciones","description":"El \u00faltimo mes de 2017 se cerr\u00f3 con muy buenas cifras en todas las l\u00edneas de negocio y con un claro nombre propio: M\u00e1sM\u00f3vil...","robots":{"index":"index","follow":"follow","max-snippet":"max-snippet:-1","max-image-preview":"max-image-preview:large","max-video-preview":"max-video-preview:-1"},"canonical":"https:\/\/www.ugtcomunicaciones.es\/wordpress\/nota-mensual-cnmc-enero-2018\/","og_locale":"es_ES","og_type":"article","og_title":"Nota mensual CNMC enero 2018","og_description":"El \u00faltimo mes de 2017 se cerr\u00f3 con muy buenas cifras en todas las l\u00edneas de negocio y con un claro nombre propio: M\u00e1sM\u00f3vil...","og_url":"https:\/\/www.ugtcomunicaciones.es\/wordpress\/nota-mensual-cnmc-enero-2018\/","og_site_name":"UGT Comunicaciones","article_publisher":"https:\/\/www.facebook.com\/ugt.comunicaciones\/","article_published_time":"2018-05-03T06:00:37+00:00","og_image":[{"width":664,"height":443,"url":"https:\/\/www.ugtcomunicaciones.es\/wordpress\/wp-content\/uploads\/2017\/01\/CNMC_1.png","type":"image\/png"}],"author":"UGT","twitter_card":"summary_large_image","twitter_creator":"@ugtcom","twitter_site":"@ugtcom","twitter_misc":{"Escrito por":"UGT","Tiempo de lectura":"3 minutos"},"schema":{"@context":"https:\/\/schema.org","@graph":[{"@type":"Article","@id":"https:\/\/www.ugtcomunicaciones.es\/wordpress\/nota-mensual-cnmc-enero-2018\/#article","isPartOf":{"@id":"https:\/\/www.ugtcomunicaciones.es\/wordpress\/nota-mensual-cnmc-enero-2018\/"},"author":{"name":"UGT","@id":"https:\/\/www.ugtcomunicaciones.es\/wordpress\/#\/schema\/person\/eba0fc3fe5b444531d94d4368cba89ed"},"headline":"Nota mensual CNMC enero 2018","datePublished":"2018-05-03T06:00:37+00:00","mainEntityOfPage":{"@id":"https:\/\/www.ugtcomunicaciones.es\/wordpress\/nota-mensual-cnmc-enero-2018\/"},"wordCount":575,"publisher":{"@id":"https:\/\/www.ugtcomunicaciones.es\/wordpress\/#organization"},"image":{"@id":"https:\/\/www.ugtcomunicaciones.es\/wordpress\/nota-mensual-cnmc-enero-2018\/#primaryimage"},"thumbnailUrl":"https:\/\/www.ugtcomunicaciones.es\/wordpress\/wp-content\/uploads\/2017\/01\/CNMC_1.png","articleSection":["Mercado Comunicaciones","Regulaci\u00f3n"],"inLanguage":"es"},{"@type":"WebPage","@id":"https:\/\/www.ugtcomunicaciones.es\/wordpress\/nota-mensual-cnmc-enero-2018\/","url":"https:\/\/www.ugtcomunicaciones.es\/wordpress\/nota-mensual-cnmc-enero-2018\/","name":"Nota mensual CNMC enero 2018 - UGT Comunicaciones","isPartOf":{"@id":"https:\/\/www.ugtcomunicaciones.es\/wordpress\/#website"},"primaryImageOfPage":{"@id":"https:\/\/www.ugtcomunicaciones.es\/wordpress\/nota-mensual-cnmc-enero-2018\/#primaryimage"},"image":{"@id":"https:\/\/www.ugtcomunicaciones.es\/wordpress\/nota-mensual-cnmc-enero-2018\/#primaryimage"},"thumbnailUrl":"https:\/\/www.ugtcomunicaciones.es\/wordpress\/wp-content\/uploads\/2017\/01\/CNMC_1.png","datePublished":"2018-05-03T06:00:37+00:00","description":"El \u00faltimo mes de 2017 se cerr\u00f3 con muy buenas cifras en todas las l\u00edneas de negocio y con un claro nombre propio: M\u00e1sM\u00f3vil...","breadcrumb":{"@id":"https:\/\/www.ugtcomunicaciones.es\/wordpress\/nota-mensual-cnmc-enero-2018\/#breadcrumb"},"inLanguage":"es","potentialAction":[{"@type":"ReadAction","target":["https:\/\/www.ugtcomunicaciones.es\/wordpress\/nota-mensual-cnmc-enero-2018\/"]}]},{"@type":"ImageObject","inLanguage":"es","@id":"https:\/\/www.ugtcomunicaciones.es\/wordpress\/nota-mensual-cnmc-enero-2018\/#primaryimage","url":"https:\/\/www.ugtcomunicaciones.es\/wordpress\/wp-content\/uploads\/2017\/01\/CNMC_1.png","contentUrl":"https:\/\/www.ugtcomunicaciones.es\/wordpress\/wp-content\/uploads\/2017\/01\/CNMC_1.png","width":664,"height":443,"caption":"CNMC"},{"@type":"BreadcrumbList","@id":"https:\/\/www.ugtcomunicaciones.es\/wordpress\/nota-mensual-cnmc-enero-2018\/#breadcrumb","itemListElement":[{"@type":"ListItem","position":1,"name":"Portada","item":"https:\/\/www.ugtcomunicaciones.es\/wordpress\/"},{"@type":"ListItem","position":2,"name":"Nota mensual CNMC enero 2018"}]},{"@type":"WebSite","@id":"https:\/\/www.ugtcomunicaciones.es\/wordpress\/#website","url":"https:\/\/www.ugtcomunicaciones.es\/wordpress\/","name":"UGT Comunicaciones","description":"Sindicato de Telecomunicaciones","publisher":{"@id":"https:\/\/www.ugtcomunicaciones.es\/wordpress\/#organization"},"potentialAction":[{"@type":"SearchAction","target":{"@type":"EntryPoint","urlTemplate":"https:\/\/www.ugtcomunicaciones.es\/wordpress\/?s={search_term_string}"},"query-input":{"@type":"PropertyValueSpecification","valueRequired":true,"valueName":"search_term_string"}}],"inLanguage":"es"},{"@type":"Organization","@id":"https:\/\/www.ugtcomunicaciones.es\/wordpress\/#organization","name":"UGT Comunicaciones","url":"https:\/\/www.ugtcomunicaciones.es\/wordpress\/","logo":{"@type":"ImageObject","inLanguage":"es","@id":"https:\/\/www.ugtcomunicaciones.es\/wordpress\/#\/schema\/logo\/image\/","url":"https:\/\/www.ugtcomunicaciones.es\/wordpress\/wp-content\/uploads\/2024\/04\/comunicaciones_logo.png","contentUrl":"https:\/\/www.ugtcomunicaciones.es\/wordpress\/wp-content\/uploads\/2024\/04\/comunicaciones_logo.png","width":298,"height":81,"caption":"UGT Comunicaciones"},"image":{"@id":"https:\/\/www.ugtcomunicaciones.es\/wordpress\/#\/schema\/logo\/image\/"},"sameAs":["https:\/\/www.facebook.com\/ugt.comunicaciones\/","https:\/\/x.com\/ugtcom"]},{"@type":"Person","@id":"https:\/\/www.ugtcomunicaciones.es\/wordpress\/#\/schema\/person\/eba0fc3fe5b444531d94d4368cba89ed","name":"UGT","image":{"@type":"ImageObject","inLanguage":"es","@id":"https:\/\/secure.gravatar.com\/avatar\/2a16057d620a4c646bcfc171c4f23030879ebbdd346f0525bd5d4a564e57e13d?s=96&d=mm&r=g","url":"https:\/\/secure.gravatar.com\/avatar\/2a16057d620a4c646bcfc171c4f23030879ebbdd346f0525bd5d4a564e57e13d?s=96&d=mm&r=g","contentUrl":"https:\/\/secure.gravatar.com\/avatar\/2a16057d620a4c646bcfc171c4f23030879ebbdd346f0525bd5d4a564e57e13d?s=96&d=mm&r=g","caption":"UGT"}}]}},"_links":{"self":[{"href":"https:\/\/www.ugtcomunicaciones.es\/wordpress\/wp-json\/wp\/v2\/posts\/137440","targetHints":{"allow":["GET"]}}],"collection":[{"href":"https:\/\/www.ugtcomunicaciones.es\/wordpress\/wp-json\/wp\/v2\/posts"}],"about":[{"href":"https:\/\/www.ugtcomunicaciones.es\/wordpress\/wp-json\/wp\/v2\/types\/post"}],"author":[{"embeddable":true,"href":"https:\/\/www.ugtcomunicaciones.es\/wordpress\/wp-json\/wp\/v2\/users\/3"}],"replies":[{"embeddable":true,"href":"https:\/\/www.ugtcomunicaciones.es\/wordpress\/wp-json\/wp\/v2\/comments?post=137440"}],"version-history":[{"count":0,"href":"https:\/\/www.ugtcomunicaciones.es\/wordpress\/wp-json\/wp\/v2\/posts\/137440\/revisions"}],"wp:featuredmedia":[{"embeddable":true,"href":"https:\/\/www.ugtcomunicaciones.es\/wordpress\/wp-json\/wp\/v2\/media\/645"}],"wp:attachment":[{"href":"https:\/\/www.ugtcomunicaciones.es\/wordpress\/wp-json\/wp\/v2\/media?parent=137440"}],"wp:term":[{"taxonomy":"category","embeddable":true,"href":"https:\/\/www.ugtcomunicaciones.es\/wordpress\/wp-json\/wp\/v2\/categories?post=137440"},{"taxonomy":"post_tag","embeddable":true,"href":"https:\/\/www.ugtcomunicaciones.es\/wordpress\/wp-json\/wp\/v2\/tags?post=137440"}],"curies":[{"name":"wp","href":"https:\/\/api.w.org\/{rel}","templated":true}]}}