{"id":137912,"date":"2018-04-18T12:52:01","date_gmt":"2018-04-18T10:52:01","guid":{"rendered":"http:\/\/ugtcomunicaciones.es\/wordpress\/?p=137912"},"modified":"2018-04-25T10:29:39","modified_gmt":"2018-04-25T08:29:39","slug":"28a-trabajo-seguro-es-tu-salud-es-tu-derecho","status":"publish","type":"post","link":"https:\/\/www.ugtcomunicaciones.es\/wordpress\/28a-trabajo-seguro-es-tu-salud-es-tu-derecho\/","title":{"rendered":"Trabajo seguro es tu salud, es tu derecho"},"content":{"rendered":"<p style=\"text-align: justify;\"><img decoding=\"async\" class=\"aligncenter size-full wp-image-141351 lazyload\" data-src=\"http:\/\/ugtcomunicaciones.es\/wordpress\/wp-content\/uploads\/2018\/04\/portada-28A.jpg\" alt=\"portada-28A\" width=\"600\" height=\"330\" data-srcset=\"https:\/\/www.ugtcomunicaciones.es\/wordpress\/wp-content\/uploads\/2018\/04\/portada-28A.jpg 600w, https:\/\/www.ugtcomunicaciones.es\/wordpress\/wp-content\/uploads\/2018\/04\/portada-28A-300x165.jpg 300w\" data-sizes=\"(max-width: 600px) 100vw, 600px\" src=\"data:image\/svg+xml;base64,PHN2ZyB3aWR0aD0iMSIgaGVpZ2h0PSIxIiB4bWxucz0iaHR0cDovL3d3dy53My5vcmcvMjAwMC9zdmciPjwvc3ZnPg==\" style=\"--smush-placeholder-width: 600px; --smush-placeholder-aspect-ratio: 600\/330;\" \/>Con motivo del 28 de Abril, D\u00eda Internacional de la Seguridad y la Salud en el Trabajo, <strong><span style=\"color: #ff0000;\">UGT<\/span><\/strong> quiere reivindicar el trabajo seguro como forma de garantizar el derecho a la salud de las personas trabajadoras.<\/p>\n<p style=\"text-align: justify;\"><strong><span style=\"color: #ff0000;\">Trabajo seguro es combatir la precariedad. <\/span><\/strong><\/p>\n<p style=\"text-align: justify;\">La crisis, las reformas laborales y el desmantelamiento de la negociaci\u00f3n colectiva han contribuido a una extensi\u00f3n creciente de un modelo de relaciones laborales basado en la precariedad. Temporalidad, contrataci\u00f3n a tiempo parcial no deseada, escasa duraci\u00f3n de los contratos, alta rotaci\u00f3n en el empleo, cuando no, falta de relaci\u00f3n laboral bajo el paraguas de una falsa y mal llamada \u201ceconom\u00eda colaborativa\u201d, est\u00e1n deteriorando de manera grave las condiciones laborales. El incremento de intensidad y ritmos de trabajo, el aumento de las exigencias emocionales o la renuncia a ejercer derechos por miedo a perder el empleo est\u00e1n teniendo graves consecuencias en la salud y en la seguridad de la clase trabajadora. Pero adem\u00e1s, en el contexto de desigualdad en el que vivimos, hay colectivos que lo est\u00e1n sufriendo con especial rigor: mujeres, j\u00f3venes, migrantes, trabajadoras y trabajadores de edad avanzada o con diversidad funcional.<\/p>\n<p style=\"text-align: justify;\"><span style=\"color: #ff0000;\"><strong>Trabajo seguro es prevenir los accidentes laborales. <\/strong><\/span><\/p>\n<p style=\"text-align: justify;\">Desde 2013 coincidiendo con la aplicaci\u00f3n de la Reforma Laboral venimos sufriendo un constante incremento de la siniestralidad laboral. Durante estos 5 a\u00f1os, <strong>han fallecido 3.014 trabajadoras y trabajadores en accidente laboral<\/strong>, y la incidencia de los accidentes de trabajo durante la jornada laboral ha aumentado en un 16%. Todo ello, a pesar de la deficiente e interesada catalogaci\u00f3n de los accidentes: accidentes con graves consecuencias y largos periodos de recuperaci\u00f3n notificados como leves y accidentes leves que no se registran. A pesar, de que figuras como el \u201cdescanso preventivo\u201d o los \u201cpermisos retribuidos\u201d que ocultan accidentes sin notificar, se extienden por las empresas espa\u00f1olas. Y lo que es peor, a pesar de que cada vez m\u00e1s trabajadoras y trabajadores renuncian a su derecho a recuperar la salud por miedo a perder su puesto de trabajo.<\/p>\n<p style=\"text-align: justify;\"><span style=\"color: #ff0000;\"><strong>Trabajo seguro es declarar las enfermedades originadas por el trabajo. <\/strong><\/span><\/p>\n<p style=\"text-align: justify;\">Lo que no se registra, no se previene. Existe un enorme subregistro de las enfermedades de origen laboral debido a la mala praxis de las Mutuas en la determinaci\u00f3n de las contingencias, que derivan enfermedades profesionales a los Servicios P\u00fablicos de Salud para que sean tratadas como contingencias comunes, lastrando as\u00ed la prevenci\u00f3n de riesgos en las empresas y colapsando los Servicios P\u00fablicos de Salud. A esto hay que a\u00f1adir que desde el 2013, la cantidad de partes comunicados de baja por enfermedad profesional es m\u00e1s elevada en mujeres que en hombres. Algunas patolog\u00edas, como el s\u00edndrome del t\u00fanel carpiano, los n\u00f3dulos en las cuerdas vocales o las producidas por agentes biol\u00f3gicos, tienen rostro de mujer, a pesar de que en el RD de Enfermedades Profesionales faltan actividades laborales altamente feminizadas.<\/p>\n<p style=\"text-align: justify;\">La degradaci\u00f3n de las condiciones de trabajo hace que las enfermedades por exposici\u00f3n a riesgos psicosociales sean cada vez m\u00e1s prevalentes, aunque no se vean reflejadas en las estad\u00edsticas como contingencias profesionales. Una organizaci\u00f3n del trabajo t\u00f3xica, basada en el reforzamiento de la capacidad unilateral del empresariado, est\u00e1 en la base de un empeoramiento sist\u00e9mico de las condiciones de trabajo mediante un incremento de los ritmos y cargas de trabajo. Adem\u00e1s, aumentan los casos de acoso laboral, caso extremo de violencia en el entorno de trabajo y una de las formas m\u00e1s da\u00f1inas para la integridad y la salud, sobre todo en las mujeres, ya que desarrollan su trabajo en condiciones m\u00e1s precarias y en sectores como sanidad, educaci\u00f3n, cuidado dom\u00e9stico o trabajos de cara al p\u00fablico, en los que existe una mayor prevalencia de violencia f\u00edsica y psicol\u00f3gica, incluso sexual en alguno de ellos. Aumentan tambi\u00e9n, los casos y la frecuencia de agresiones debidos al deterioro de los servicios p\u00fablicos y se extiende el consumo de f\u00e1rmacos entre la poblaci\u00f3n trabajadora para poder soportar las condiciones cada vez m\u00e1s precarias, los ritmos y la excesiva carga de trabajo.<\/p>\n<p style=\"text-align: justify;\"><strong><span style=\"color: #ff0000;\">Trabajo seguro es defender tus derechos de forma colectiva.<\/span><\/strong><\/p>\n<p style=\"text-align: justify;\">La existencia de textos legales que reconocen derechos no es suficiente para su ejercicio efectivo. Las trabajadoras y los trabajadores tenemos derechos, pero para ejercerlos se requiere de la defensa de los mismos. La acci\u00f3n colectiva se configura como la \u00fanica opci\u00f3n. La \u00fanica alternativa que tenemos para hacer efectivo el ejercicio de este derecho constitucional a la seguridad y la salud en el trabajo es organizarnos junto a nuestras compa\u00f1eras y compa\u00f1eros en un sindicato de clase. Est\u00e1 m\u00e1s que demostrado y as\u00ed lo corroboran numerosos estudios, que los centros de trabajo con presencia sindical son centros de trabajo m\u00e1s seguros.<\/p>\n<p style=\"text-align: justify;\">Por ese motivo, desde <strong><span style=\"color: #ff0000;\">UGT<\/span><\/strong> animamos a las trabajadoras y trabajadores a qu\u00e9 defiendan su salud y su seguridad en el trabajo. Si en tu empresa no existe representaci\u00f3n legal de los trabajadores, acude al SINDICATO.<\/p>\n<h2 style=\"text-align: center;\"><strong>POR UN TRABAJO SEGURO<\/strong><br \/>\n<span style=\"color: #ff0000;\"><strong>ES TU SALUD, ES TU DERECHO<\/strong><\/span><\/h2>\n","protected":false},"excerpt":{"rendered":"<p>Con motivo del 28 de Abril, D\u00eda Internacional de la Seguridad y la Salud en el Trabajo, UGT quiere reivindicar el trabajo seguro como forma de garantizar el derecho a la salud de las personas trabajadoras. Trabajo seguro es combatir la precariedad. La crisis, las reformas laborales y el desmantelamiento de la negociaci\u00f3n colectiva han [&hellip;]<\/p>\n","protected":false},"author":3,"featured_media":0,"comment_status":"closed","ping_status":"closed","sticky":false,"template":"","format":"standard","meta":{"footnotes":""},"categories":[1],"tags":[],"class_list":["post-137912","post","type-post","status-publish","format-standard","hentry","category-uncategorized"],"yoast_head":"<!-- This site is optimized with the Yoast SEO Premium plugin v27.3 (Yoast SEO v27.4) - https:\/\/yoast.com\/product\/yoast-seo-premium-wordpress\/ -->\n<title>Trabajo seguro es tu salud, es tu derecho - UGT Comunicaciones<\/title>\n<meta name=\"description\" content=\"Con motivo del 28 de Abril, D\u00eda Internacional de la Seguridad y la Salud en el Trabajo, UGT quiere reivindicar el trabajo seguro como forma de garantizar el derecho a la salud de las personas trabajadoras.\" \/>\n<meta name=\"robots\" content=\"index, follow, max-snippet:-1, max-image-preview:large, max-video-preview:-1\" \/>\n<link rel=\"canonical\" href=\"https:\/\/www.ugtcomunicaciones.es\/wordpress\/28a-trabajo-seguro-es-tu-salud-es-tu-derecho\/\" \/>\n<meta property=\"og:locale\" content=\"es_ES\" \/>\n<meta property=\"og:type\" content=\"article\" \/>\n<meta property=\"og:title\" content=\"Trabajo seguro es tu salud, es tu derecho\" \/>\n<meta property=\"og:description\" content=\"Con motivo del 28 de Abril, D\u00eda Internacional de la Seguridad y la Salud en el Trabajo, UGT quiere reivindicar el trabajo seguro como forma de garantizar el derecho a la salud de las personas trabajadoras.\" \/>\n<meta property=\"og:url\" content=\"https:\/\/www.ugtcomunicaciones.es\/wordpress\/28a-trabajo-seguro-es-tu-salud-es-tu-derecho\/\" \/>\n<meta property=\"og:site_name\" content=\"UGT Comunicaciones\" \/>\n<meta property=\"article:publisher\" content=\"https:\/\/www.facebook.com\/ugt.comunicaciones\/\" \/>\n<meta property=\"article:published_time\" content=\"2018-04-18T10:52:01+00:00\" \/>\n<meta property=\"article:modified_time\" content=\"2018-04-25T08:29:39+00:00\" \/>\n<meta property=\"og:image\" content=\"http:\/\/ugtcomunicaciones.es\/wordpress\/wp-content\/uploads\/2018\/04\/portada-28A.jpg\" \/>\n<meta name=\"author\" content=\"UGT\" \/>\n<meta name=\"twitter:card\" content=\"summary_large_image\" \/>\n<meta name=\"twitter:creator\" content=\"@ugtcom\" \/>\n<meta name=\"twitter:site\" content=\"@ugtcom\" \/>\n<meta name=\"twitter:label1\" content=\"Escrito por\" \/>\n\t<meta name=\"twitter:data1\" content=\"UGT\" \/>\n\t<meta name=\"twitter:label2\" content=\"Tiempo de lectura\" \/>\n\t<meta name=\"twitter:data2\" content=\"4 minutos\" \/>\n<script type=\"application\/ld+json\" class=\"yoast-schema-graph\">{\"@context\":\"https:\\\/\\\/schema.org\",\"@graph\":[{\"@type\":\"Article\",\"@id\":\"https:\\\/\\\/www.ugtcomunicaciones.es\\\/wordpress\\\/28a-trabajo-seguro-es-tu-salud-es-tu-derecho\\\/#article\",\"isPartOf\":{\"@id\":\"https:\\\/\\\/www.ugtcomunicaciones.es\\\/wordpress\\\/28a-trabajo-seguro-es-tu-salud-es-tu-derecho\\\/\"},\"author\":{\"name\":\"UGT\",\"@id\":\"https:\\\/\\\/www.ugtcomunicaciones.es\\\/wordpress\\\/#\\\/schema\\\/person\\\/eba0fc3fe5b444531d94d4368cba89ed\"},\"headline\":\"Trabajo seguro es tu salud, es tu derecho\",\"datePublished\":\"2018-04-18T10:52:01+00:00\",\"dateModified\":\"2018-04-25T08:29:39+00:00\",\"mainEntityOfPage\":{\"@id\":\"https:\\\/\\\/www.ugtcomunicaciones.es\\\/wordpress\\\/28a-trabajo-seguro-es-tu-salud-es-tu-derecho\\\/\"},\"wordCount\":876,\"publisher\":{\"@id\":\"https:\\\/\\\/www.ugtcomunicaciones.es\\\/wordpress\\\/#organization\"},\"image\":{\"@id\":\"https:\\\/\\\/www.ugtcomunicaciones.es\\\/wordpress\\\/28a-trabajo-seguro-es-tu-salud-es-tu-derecho\\\/#primaryimage\"},\"thumbnailUrl\":\"http:\\\/\\\/ugtcomunicaciones.es\\\/wordpress\\\/wp-content\\\/uploads\\\/2018\\\/04\\\/portada-28A.jpg\",\"articleSection\":[\"Uncategorized\"],\"inLanguage\":\"es\"},{\"@type\":\"WebPage\",\"@id\":\"https:\\\/\\\/www.ugtcomunicaciones.es\\\/wordpress\\\/28a-trabajo-seguro-es-tu-salud-es-tu-derecho\\\/\",\"url\":\"https:\\\/\\\/www.ugtcomunicaciones.es\\\/wordpress\\\/28a-trabajo-seguro-es-tu-salud-es-tu-derecho\\\/\",\"name\":\"Trabajo seguro es tu salud, es tu derecho - UGT Comunicaciones\",\"isPartOf\":{\"@id\":\"https:\\\/\\\/www.ugtcomunicaciones.es\\\/wordpress\\\/#website\"},\"primaryImageOfPage\":{\"@id\":\"https:\\\/\\\/www.ugtcomunicaciones.es\\\/wordpress\\\/28a-trabajo-seguro-es-tu-salud-es-tu-derecho\\\/#primaryimage\"},\"image\":{\"@id\":\"https:\\\/\\\/www.ugtcomunicaciones.es\\\/wordpress\\\/28a-trabajo-seguro-es-tu-salud-es-tu-derecho\\\/#primaryimage\"},\"thumbnailUrl\":\"http:\\\/\\\/ugtcomunicaciones.es\\\/wordpress\\\/wp-content\\\/uploads\\\/2018\\\/04\\\/portada-28A.jpg\",\"datePublished\":\"2018-04-18T10:52:01+00:00\",\"dateModified\":\"2018-04-25T08:29:39+00:00\",\"description\":\"Con motivo del 28 de Abril, D\u00eda Internacional de la Seguridad y la Salud en el Trabajo, UGT quiere reivindicar el trabajo seguro como forma de garantizar el derecho a la salud de las personas trabajadoras.\",\"breadcrumb\":{\"@id\":\"https:\\\/\\\/www.ugtcomunicaciones.es\\\/wordpress\\\/28a-trabajo-seguro-es-tu-salud-es-tu-derecho\\\/#breadcrumb\"},\"inLanguage\":\"es\",\"potentialAction\":[{\"@type\":\"ReadAction\",\"target\":[\"https:\\\/\\\/www.ugtcomunicaciones.es\\\/wordpress\\\/28a-trabajo-seguro-es-tu-salud-es-tu-derecho\\\/\"]}]},{\"@type\":\"ImageObject\",\"inLanguage\":\"es\",\"@id\":\"https:\\\/\\\/www.ugtcomunicaciones.es\\\/wordpress\\\/28a-trabajo-seguro-es-tu-salud-es-tu-derecho\\\/#primaryimage\",\"url\":\"http:\\\/\\\/ugtcomunicaciones.es\\\/wordpress\\\/wp-content\\\/uploads\\\/2018\\\/04\\\/portada-28A.jpg\",\"contentUrl\":\"http:\\\/\\\/ugtcomunicaciones.es\\\/wordpress\\\/wp-content\\\/uploads\\\/2018\\\/04\\\/portada-28A.jpg\"},{\"@type\":\"BreadcrumbList\",\"@id\":\"https:\\\/\\\/www.ugtcomunicaciones.es\\\/wordpress\\\/28a-trabajo-seguro-es-tu-salud-es-tu-derecho\\\/#breadcrumb\",\"itemListElement\":[{\"@type\":\"ListItem\",\"position\":1,\"name\":\"Portada\",\"item\":\"https:\\\/\\\/www.ugtcomunicaciones.es\\\/wordpress\\\/\"},{\"@type\":\"ListItem\",\"position\":2,\"name\":\"Trabajo seguro es tu salud, es tu derecho\"}]},{\"@type\":\"WebSite\",\"@id\":\"https:\\\/\\\/www.ugtcomunicaciones.es\\\/wordpress\\\/#website\",\"url\":\"https:\\\/\\\/www.ugtcomunicaciones.es\\\/wordpress\\\/\",\"name\":\"UGT Comunicaciones\",\"description\":\"Sindicato de Telecomunicaciones\",\"publisher\":{\"@id\":\"https:\\\/\\\/www.ugtcomunicaciones.es\\\/wordpress\\\/#organization\"},\"potentialAction\":[{\"@type\":\"SearchAction\",\"target\":{\"@type\":\"EntryPoint\",\"urlTemplate\":\"https:\\\/\\\/www.ugtcomunicaciones.es\\\/wordpress\\\/?s={search_term_string}\"},\"query-input\":{\"@type\":\"PropertyValueSpecification\",\"valueRequired\":true,\"valueName\":\"search_term_string\"}}],\"inLanguage\":\"es\"},{\"@type\":\"Organization\",\"@id\":\"https:\\\/\\\/www.ugtcomunicaciones.es\\\/wordpress\\\/#organization\",\"name\":\"UGT Comunicaciones\",\"url\":\"https:\\\/\\\/www.ugtcomunicaciones.es\\\/wordpress\\\/\",\"logo\":{\"@type\":\"ImageObject\",\"inLanguage\":\"es\",\"@id\":\"https:\\\/\\\/www.ugtcomunicaciones.es\\\/wordpress\\\/#\\\/schema\\\/logo\\\/image\\\/\",\"url\":\"https:\\\/\\\/www.ugtcomunicaciones.es\\\/wordpress\\\/wp-content\\\/uploads\\\/2024\\\/04\\\/comunicaciones_logo.png\",\"contentUrl\":\"https:\\\/\\\/www.ugtcomunicaciones.es\\\/wordpress\\\/wp-content\\\/uploads\\\/2024\\\/04\\\/comunicaciones_logo.png\",\"width\":298,\"height\":81,\"caption\":\"UGT Comunicaciones\"},\"image\":{\"@id\":\"https:\\\/\\\/www.ugtcomunicaciones.es\\\/wordpress\\\/#\\\/schema\\\/logo\\\/image\\\/\"},\"sameAs\":[\"https:\\\/\\\/www.facebook.com\\\/ugt.comunicaciones\\\/\",\"https:\\\/\\\/x.com\\\/ugtcom\"]},{\"@type\":\"Person\",\"@id\":\"https:\\\/\\\/www.ugtcomunicaciones.es\\\/wordpress\\\/#\\\/schema\\\/person\\\/eba0fc3fe5b444531d94d4368cba89ed\",\"name\":\"UGT\",\"image\":{\"@type\":\"ImageObject\",\"inLanguage\":\"es\",\"@id\":\"https:\\\/\\\/secure.gravatar.com\\\/avatar\\\/2a16057d620a4c646bcfc171c4f23030879ebbdd346f0525bd5d4a564e57e13d?s=96&d=mm&r=g\",\"url\":\"https:\\\/\\\/secure.gravatar.com\\\/avatar\\\/2a16057d620a4c646bcfc171c4f23030879ebbdd346f0525bd5d4a564e57e13d?s=96&d=mm&r=g\",\"contentUrl\":\"https:\\\/\\\/secure.gravatar.com\\\/avatar\\\/2a16057d620a4c646bcfc171c4f23030879ebbdd346f0525bd5d4a564e57e13d?s=96&d=mm&r=g\",\"caption\":\"UGT\"}}]}<\/script>\n<!-- \/ Yoast SEO Premium plugin. -->","yoast_head_json":{"title":"Trabajo seguro es tu salud, es tu derecho - UGT Comunicaciones","description":"Con motivo del 28 de Abril, D\u00eda Internacional de la Seguridad y la Salud en el Trabajo, UGT quiere reivindicar el trabajo seguro como forma de garantizar el derecho a la salud de las personas trabajadoras.","robots":{"index":"index","follow":"follow","max-snippet":"max-snippet:-1","max-image-preview":"max-image-preview:large","max-video-preview":"max-video-preview:-1"},"canonical":"https:\/\/www.ugtcomunicaciones.es\/wordpress\/28a-trabajo-seguro-es-tu-salud-es-tu-derecho\/","og_locale":"es_ES","og_type":"article","og_title":"Trabajo seguro es tu salud, es tu derecho","og_description":"Con motivo del 28 de Abril, D\u00eda Internacional de la Seguridad y la Salud en el Trabajo, UGT quiere reivindicar el trabajo seguro como forma de garantizar el derecho a la salud de las personas trabajadoras.","og_url":"https:\/\/www.ugtcomunicaciones.es\/wordpress\/28a-trabajo-seguro-es-tu-salud-es-tu-derecho\/","og_site_name":"UGT Comunicaciones","article_publisher":"https:\/\/www.facebook.com\/ugt.comunicaciones\/","article_published_time":"2018-04-18T10:52:01+00:00","article_modified_time":"2018-04-25T08:29:39+00:00","og_image":[{"url":"http:\/\/ugtcomunicaciones.es\/wordpress\/wp-content\/uploads\/2018\/04\/portada-28A.jpg","type":"","width":"","height":""}],"author":"UGT","twitter_card":"summary_large_image","twitter_creator":"@ugtcom","twitter_site":"@ugtcom","twitter_misc":{"Escrito por":"UGT","Tiempo de lectura":"4 minutos"},"schema":{"@context":"https:\/\/schema.org","@graph":[{"@type":"Article","@id":"https:\/\/www.ugtcomunicaciones.es\/wordpress\/28a-trabajo-seguro-es-tu-salud-es-tu-derecho\/#article","isPartOf":{"@id":"https:\/\/www.ugtcomunicaciones.es\/wordpress\/28a-trabajo-seguro-es-tu-salud-es-tu-derecho\/"},"author":{"name":"UGT","@id":"https:\/\/www.ugtcomunicaciones.es\/wordpress\/#\/schema\/person\/eba0fc3fe5b444531d94d4368cba89ed"},"headline":"Trabajo seguro es tu salud, es tu derecho","datePublished":"2018-04-18T10:52:01+00:00","dateModified":"2018-04-25T08:29:39+00:00","mainEntityOfPage":{"@id":"https:\/\/www.ugtcomunicaciones.es\/wordpress\/28a-trabajo-seguro-es-tu-salud-es-tu-derecho\/"},"wordCount":876,"publisher":{"@id":"https:\/\/www.ugtcomunicaciones.es\/wordpress\/#organization"},"image":{"@id":"https:\/\/www.ugtcomunicaciones.es\/wordpress\/28a-trabajo-seguro-es-tu-salud-es-tu-derecho\/#primaryimage"},"thumbnailUrl":"http:\/\/ugtcomunicaciones.es\/wordpress\/wp-content\/uploads\/2018\/04\/portada-28A.jpg","articleSection":["Uncategorized"],"inLanguage":"es"},{"@type":"WebPage","@id":"https:\/\/www.ugtcomunicaciones.es\/wordpress\/28a-trabajo-seguro-es-tu-salud-es-tu-derecho\/","url":"https:\/\/www.ugtcomunicaciones.es\/wordpress\/28a-trabajo-seguro-es-tu-salud-es-tu-derecho\/","name":"Trabajo seguro es tu salud, es tu derecho - UGT Comunicaciones","isPartOf":{"@id":"https:\/\/www.ugtcomunicaciones.es\/wordpress\/#website"},"primaryImageOfPage":{"@id":"https:\/\/www.ugtcomunicaciones.es\/wordpress\/28a-trabajo-seguro-es-tu-salud-es-tu-derecho\/#primaryimage"},"image":{"@id":"https:\/\/www.ugtcomunicaciones.es\/wordpress\/28a-trabajo-seguro-es-tu-salud-es-tu-derecho\/#primaryimage"},"thumbnailUrl":"http:\/\/ugtcomunicaciones.es\/wordpress\/wp-content\/uploads\/2018\/04\/portada-28A.jpg","datePublished":"2018-04-18T10:52:01+00:00","dateModified":"2018-04-25T08:29:39+00:00","description":"Con motivo del 28 de Abril, D\u00eda Internacional de la Seguridad y la Salud en el Trabajo, UGT quiere reivindicar el trabajo seguro como forma de garantizar el derecho a la salud de las personas trabajadoras.","breadcrumb":{"@id":"https:\/\/www.ugtcomunicaciones.es\/wordpress\/28a-trabajo-seguro-es-tu-salud-es-tu-derecho\/#breadcrumb"},"inLanguage":"es","potentialAction":[{"@type":"ReadAction","target":["https:\/\/www.ugtcomunicaciones.es\/wordpress\/28a-trabajo-seguro-es-tu-salud-es-tu-derecho\/"]}]},{"@type":"ImageObject","inLanguage":"es","@id":"https:\/\/www.ugtcomunicaciones.es\/wordpress\/28a-trabajo-seguro-es-tu-salud-es-tu-derecho\/#primaryimage","url":"http:\/\/ugtcomunicaciones.es\/wordpress\/wp-content\/uploads\/2018\/04\/portada-28A.jpg","contentUrl":"http:\/\/ugtcomunicaciones.es\/wordpress\/wp-content\/uploads\/2018\/04\/portada-28A.jpg"},{"@type":"BreadcrumbList","@id":"https:\/\/www.ugtcomunicaciones.es\/wordpress\/28a-trabajo-seguro-es-tu-salud-es-tu-derecho\/#breadcrumb","itemListElement":[{"@type":"ListItem","position":1,"name":"Portada","item":"https:\/\/www.ugtcomunicaciones.es\/wordpress\/"},{"@type":"ListItem","position":2,"name":"Trabajo seguro es tu salud, es tu derecho"}]},{"@type":"WebSite","@id":"https:\/\/www.ugtcomunicaciones.es\/wordpress\/#website","url":"https:\/\/www.ugtcomunicaciones.es\/wordpress\/","name":"UGT Comunicaciones","description":"Sindicato de Telecomunicaciones","publisher":{"@id":"https:\/\/www.ugtcomunicaciones.es\/wordpress\/#organization"},"potentialAction":[{"@type":"SearchAction","target":{"@type":"EntryPoint","urlTemplate":"https:\/\/www.ugtcomunicaciones.es\/wordpress\/?s={search_term_string}"},"query-input":{"@type":"PropertyValueSpecification","valueRequired":true,"valueName":"search_term_string"}}],"inLanguage":"es"},{"@type":"Organization","@id":"https:\/\/www.ugtcomunicaciones.es\/wordpress\/#organization","name":"UGT Comunicaciones","url":"https:\/\/www.ugtcomunicaciones.es\/wordpress\/","logo":{"@type":"ImageObject","inLanguage":"es","@id":"https:\/\/www.ugtcomunicaciones.es\/wordpress\/#\/schema\/logo\/image\/","url":"https:\/\/www.ugtcomunicaciones.es\/wordpress\/wp-content\/uploads\/2024\/04\/comunicaciones_logo.png","contentUrl":"https:\/\/www.ugtcomunicaciones.es\/wordpress\/wp-content\/uploads\/2024\/04\/comunicaciones_logo.png","width":298,"height":81,"caption":"UGT Comunicaciones"},"image":{"@id":"https:\/\/www.ugtcomunicaciones.es\/wordpress\/#\/schema\/logo\/image\/"},"sameAs":["https:\/\/www.facebook.com\/ugt.comunicaciones\/","https:\/\/x.com\/ugtcom"]},{"@type":"Person","@id":"https:\/\/www.ugtcomunicaciones.es\/wordpress\/#\/schema\/person\/eba0fc3fe5b444531d94d4368cba89ed","name":"UGT","image":{"@type":"ImageObject","inLanguage":"es","@id":"https:\/\/secure.gravatar.com\/avatar\/2a16057d620a4c646bcfc171c4f23030879ebbdd346f0525bd5d4a564e57e13d?s=96&d=mm&r=g","url":"https:\/\/secure.gravatar.com\/avatar\/2a16057d620a4c646bcfc171c4f23030879ebbdd346f0525bd5d4a564e57e13d?s=96&d=mm&r=g","contentUrl":"https:\/\/secure.gravatar.com\/avatar\/2a16057d620a4c646bcfc171c4f23030879ebbdd346f0525bd5d4a564e57e13d?s=96&d=mm&r=g","caption":"UGT"}}]}},"_links":{"self":[{"href":"https:\/\/www.ugtcomunicaciones.es\/wordpress\/wp-json\/wp\/v2\/posts\/137912","targetHints":{"allow":["GET"]}}],"collection":[{"href":"https:\/\/www.ugtcomunicaciones.es\/wordpress\/wp-json\/wp\/v2\/posts"}],"about":[{"href":"https:\/\/www.ugtcomunicaciones.es\/wordpress\/wp-json\/wp\/v2\/types\/post"}],"author":[{"embeddable":true,"href":"https:\/\/www.ugtcomunicaciones.es\/wordpress\/wp-json\/wp\/v2\/users\/3"}],"replies":[{"embeddable":true,"href":"https:\/\/www.ugtcomunicaciones.es\/wordpress\/wp-json\/wp\/v2\/comments?post=137912"}],"version-history":[{"count":0,"href":"https:\/\/www.ugtcomunicaciones.es\/wordpress\/wp-json\/wp\/v2\/posts\/137912\/revisions"}],"wp:attachment":[{"href":"https:\/\/www.ugtcomunicaciones.es\/wordpress\/wp-json\/wp\/v2\/media?parent=137912"}],"wp:term":[{"taxonomy":"category","embeddable":true,"href":"https:\/\/www.ugtcomunicaciones.es\/wordpress\/wp-json\/wp\/v2\/categories?post=137912"},{"taxonomy":"post_tag","embeddable":true,"href":"https:\/\/www.ugtcomunicaciones.es\/wordpress\/wp-json\/wp\/v2\/tags?post=137912"}],"curies":[{"name":"wp","href":"https:\/\/api.w.org\/{rel}","templated":true}]}}