{"id":142426,"date":"2018-04-27T15:05:25","date_gmt":"2018-04-27T13:05:25","guid":{"rendered":"http:\/\/ugtcomunicaciones.es\/wordpress\/?p=142426"},"modified":"2018-04-27T12:36:56","modified_gmt":"2018-04-27T10:36:56","slug":"nuevo-modelo-organizativo","status":"publish","type":"post","link":"https:\/\/www.ugtcomunicaciones.es\/wordpress\/nuevo-modelo-organizativo\/","title":{"rendered":"Nuevo modelo organizativo"},"content":{"rendered":"<p style=\"text-align: justify;\"><strong><img decoding=\"async\" class=\"aligncenter size-full wp-image-142427 lazyload\" data-src=\"http:\/\/ugtcomunicaciones.es\/wordpress\/wp-content\/uploads\/2018\/04\/modelo-organizativo_web.jpg\" alt=\"\" width=\"640\" height=\"472\" data-srcset=\"https:\/\/www.ugtcomunicaciones.es\/wordpress\/wp-content\/uploads\/2018\/04\/modelo-organizativo_web.jpg 640w, https:\/\/www.ugtcomunicaciones.es\/wordpress\/wp-content\/uploads\/2018\/04\/modelo-organizativo_web-300x221.jpg 300w, https:\/\/www.ugtcomunicaciones.es\/wordpress\/wp-content\/uploads\/2018\/04\/modelo-organizativo_web-569x420.jpg 569w, https:\/\/www.ugtcomunicaciones.es\/wordpress\/wp-content\/uploads\/2018\/04\/modelo-organizativo_web-80x60.jpg 80w, https:\/\/www.ugtcomunicaciones.es\/wordpress\/wp-content\/uploads\/2018\/04\/modelo-organizativo_web-100x75.jpg 100w\" data-sizes=\"(max-width: 640px) 100vw, 640px\" src=\"data:image\/svg+xml;base64,PHN2ZyB3aWR0aD0iMSIgaGVpZ2h0PSIxIiB4bWxucz0iaHR0cDovL3d3dy53My5vcmcvMjAwMC9zdmciPjwvc3ZnPg==\" style=\"--smush-placeholder-width: 640px; --smush-placeholder-aspect-ratio: 640\/472;\" \/><\/strong>La empresa nos convoc\u00f3 a una reuni\u00f3n el 16 de Abril para informarnos de las ideas y proyectos que tienen para el futuro. Algunas de las cuales son <strong>aceptaciones expresas de los planteamientosy propuestas de <\/strong><strong>UGT <\/strong><strong>desde 2009<\/strong> y que han ido recopilando en los \u00faltimos meses en una especie de \u201ccat\u00e1logo\u201d de medidas. Aunque algunas de ellas no est\u00e1n para nada en nuestros planteamientos ni en nuestros objetivos. Pasemos a desarrollar lo principal acontecido en la reuni\u00f3n que dur\u00f3 casi 4 horas.<\/p>\n<p style=\"text-align: justify;\">La empresa se da cuenta ahora (2018) de que la plantilla siente una falta de reconocimiento en sus salarios y en su proyecci\u00f3n profesional, y que no conocemos claramente los procesos internos de RRHH, a\u00f1adido a las poco claras pol\u00edticas de beneficios especiales tipo Parking, por poner un ejemplo. Estos temas han sido puestos en conocimiento de la empresa por nuestro sindicato desde hace varios a\u00f1os, y no han hecho nada. Ahora quieren hacer algo, m\u00e1s vale tarde que nunca. Pero los representantes de <strong>UGT<\/strong> somos elegidos por vosotros y vosotras para conseguir mejorar vuestras condiciones de trabajo, por ello no perdemos tiempo en discusiones est\u00e9riles y nos ponemos a trabajar en ello siempre que sea beneficioso para la plantilla en su conjunto.<\/p>\n<p style=\"text-align: justify;\">Pretenden utilizar un sistema paralelo a las categor\u00edas\/puestos del Convenio que ya ven\u00eda funcionando en RRHH desde siempre para que se pueda mejorar lo anteriormente expuesto. Un sistema de clasificaci\u00f3n funcional y de niveles de contribuci\u00f3n muy ambiguo que nos deja profundas dudas ya que lo mezclan con temas m\u00e1s concretos que parecer\u00edan dibujar un escenario id\u00edlico. Este escenario id\u00edlico es el que la Direcci\u00f3n va a exponer a los mandos del TOP 200 para inocular en el conjunto de la plantilla la sensaci\u00f3n de que todo ser\u00e1 maravilloso, y encima es un regalo de la empresa.<\/p>\n<p style=\"text-align: justify;\">No es as\u00ed, el hecho de que algunos puntos concretos sean claramente positivos y aceptaciones expresas de las propuestas de <strong>UGT<\/strong> en el periodo 2009-2018 no puede aprovecharse para incluir \u201cde facto\u201d una negociaci\u00f3n de convenio \u201cencubierta\u201d sin articular a nuestro entender los mecanismos legales necesarios.<\/p>\n<p style=\"text-align: justify;\">Empezar\u00e9is a o\u00edr hablar de las 52 familias funcionales o de los 6 niveles de contribuci\u00f3n que se quieren crear, de c\u00f3mo estos dos factores determinar\u00edan nuestro desarrollo profesional y nuestras compensaciones, pero sin concreta la letra peque\u00f1a y s\u00f3lo contando los titulares m\u00e1s impactantes, y en ocasiones por qu\u00e9 no decirlo beneficiosos para la mayor\u00eda, para que los \u00e1rboles no nos dejen ver el bosque.<\/p>\n<p style=\"text-align: justify;\">Porque dicen tener como objetivo el concepto \u201cigual trabajo, igual salario\u201d (otra clara reivindicaci\u00f3n hist\u00f3rica de <strong>UGT<\/strong> en <strong>Orange<\/strong>, tanto en Convenios como en los Planes de Igualdad), o que si llevas 10 a\u00f1os acumulando experiencia se reconozca (nuevamente propuestas de <strong>UGT<\/strong>) \u2026 como si de repente hubieran hecho una recopilaci\u00f3n de las propuestas de nuestro sindicato y aprovecharan para introducir m\u00e1s cambios de calado que no tenemos claro todav\u00eda como podr\u00edan impactar en todos y todas.<\/p>\n<p style=\"text-align: justify;\">Algunos ejemplos concretos:<\/p>\n<ul style=\"text-align: justify;\">\n<li><strong>Renting para tod@s<\/strong>: fue propuesto por escrito por <strong>UGT<\/strong> en Enero de 2017 y con insistencia a partir de este pasado oto\u00f1o tras introducirlo en la fuerza comercial. Ahora lo aceptan e indican que en 2 semanas se podr\u00eda lanzar.<\/li>\n<li><strong>Plazas de parking:<\/strong> fue propuesto por escrito por <strong>UGT<\/strong> desde 2010 para que todos tuvieran y si no era posible se compensara a quienes no tuvieran. Ahora lo aceptan, y est\u00e1n dispuestos a dar un dinero a quienes vengan en un mismo coche, o aparquen en las campas, o vengan en bus, o en moto, o en bici. \u00bfPero cu\u00e1nto? \u00bfEn todos los territorios?<\/li>\n<li><strong>Categor\u00edas y carrera profesional<\/strong>: fue propuesto por escrito por <strong>UGT<\/strong> desde 2010 para estructurar la carrera profesional, la formaci\u00f3n y las actualizaciones de salarios, pero ahora nos plantean un sistema de uso interno de RRHH bajo su control y sin que a d\u00eda de hoy lo tengamos claro.<\/li>\n<li><strong>Reducir brechas salariales<\/strong>: fue propuesto por escrito por <strong>UGT<\/strong> desde 2010 y siguientes, ahora quieren hacerlo, pero no tenemos detalle concreto de c\u00f3mo y con qu\u00e9 mecanismos, s\u00f3lo ideas generales.<\/li>\n<li><strong>APP Cesi\u00f3n de Parking<\/strong>: propuesta por escrito por <strong>UGT<\/strong> en enero de 2017 e implantada en Marzo casi calcada. Buena noticia.<\/li>\n<li><strong>Teletrabajo<\/strong>: conseguimos introducir en Convenio un piloto en 2010, tras a\u00f1os de trabajo conseguimos que se ampliara en primavera de 2017 y ahora insistimos en seguir ampliando para flexibilizar horarios y permitir la conciliaci\u00f3n real.<\/li>\n<li><strong>Horarios de entrada y salida<\/strong>: cuando en 2010 <strong>UGT<\/strong> propuso entrar a las 7:30 y salir antes de las 18h nos llamaron locos. Pero en 2014 conseguimos adelantar la salida a partir de las 17:30\u2026 4 a\u00f1os de trabajo. Pero seguimos insistiendo y en la pasada primavera de 2017 conseguimos que la entrada se adelantara a las 7:30 y la salida a partir de las 17h. \u00a1\u00a1\u00a1 7 a\u00f1os para llegar a este punto \u00a1!! Y podemos seguir mejorando ya que se demuestra que la racionalizaci\u00f3n de horarios redunda en beneficio para la empresa y para la plantilla.<\/li>\n<\/ul>\n<p style=\"text-align: justify;\">Felicitamos a la empresa por sumarse a nuestras reivindicaciones hist\u00f3ricas, pero tambi\u00e9n les advertimos que estaremos muy vigilantes a movimientos organizativos y de estructura que pudieran laminar los derechos de todos y todas a la actualizaci\u00f3n salarial, la carrera profesional, la formaci\u00f3n, etc \u2026<\/p>\n","protected":false},"excerpt":{"rendered":"<p>La empresa nos convoc\u00f3 a una reuni\u00f3n el 16 de Abril para informarnos de las ideas y proyectos que tienen para el futuro. Algunas de las cuales son aceptaciones expresas de los planteamientosy propuestas de UGT desde 2009 y que han ido recopilando en los \u00faltimos meses en una especie de \u201ccat\u00e1logo\u201d de medidas. Aunque [&hellip;]<\/p>\n","protected":false},"author":3,"featured_media":142427,"comment_status":"closed","ping_status":"closed","sticky":false,"template":"","format":"standard","meta":{"footnotes":""},"categories":[35,36],"tags":[],"class_list":["post-142426","post","type-post","status-publish","format-standard","has-post-thumbnail","hentry","category-orange","category-orange_espagne"],"yoast_head":"<!-- This site is optimized with the Yoast SEO Premium plugin v27.3 (Yoast SEO v27.4) - https:\/\/yoast.com\/product\/yoast-seo-premium-wordpress\/ -->\n<title>Nuevo modelo organizativo - UGT Comunicaciones<\/title>\n<meta name=\"robots\" content=\"index, follow, max-snippet:-1, max-image-preview:large, max-video-preview:-1\" \/>\n<link rel=\"canonical\" href=\"https:\/\/www.ugtcomunicaciones.es\/wordpress\/nuevo-modelo-organizativo\/\" \/>\n<meta property=\"og:locale\" content=\"es_ES\" \/>\n<meta property=\"og:type\" content=\"article\" \/>\n<meta property=\"og:title\" content=\"Nuevo modelo organizativo\" \/>\n<meta property=\"og:description\" content=\"La empresa nos convoc\u00f3 a una reuni\u00f3n el 16 de Abril para informarnos de las ideas y proyectos que tienen para el futuro. Algunas de las cuales son aceptaciones expresas de los planteamientosy propuestas de UGT desde 2009 y que han ido recopilando en los \u00faltimos meses en una especie de \u201ccat\u00e1logo\u201d de medidas. Aunque [&hellip;]\" \/>\n<meta property=\"og:url\" content=\"https:\/\/www.ugtcomunicaciones.es\/wordpress\/nuevo-modelo-organizativo\/\" \/>\n<meta property=\"og:site_name\" content=\"UGT Comunicaciones\" \/>\n<meta property=\"article:publisher\" content=\"https:\/\/www.facebook.com\/ugt.comunicaciones\/\" \/>\n<meta property=\"article:published_time\" content=\"2018-04-27T13:05:25+00:00\" \/>\n<meta property=\"og:image\" content=\"https:\/\/www.ugtcomunicaciones.es\/wordpress\/wp-content\/uploads\/2018\/04\/modelo-organizativo_web.jpg\" \/>\n\t<meta property=\"og:image:width\" content=\"640\" \/>\n\t<meta property=\"og:image:height\" content=\"472\" \/>\n\t<meta property=\"og:image:type\" content=\"image\/jpeg\" \/>\n<meta name=\"author\" content=\"UGT\" \/>\n<meta name=\"twitter:card\" content=\"summary_large_image\" \/>\n<meta name=\"twitter:creator\" content=\"@ugtcom\" \/>\n<meta name=\"twitter:site\" content=\"@ugtcom\" \/>\n<meta name=\"twitter:label1\" content=\"Escrito por\" \/>\n\t<meta name=\"twitter:data1\" content=\"UGT\" \/>\n\t<meta name=\"twitter:label2\" content=\"Tiempo de lectura\" \/>\n\t<meta name=\"twitter:data2\" content=\"5 minutos\" \/>\n<script type=\"application\/ld+json\" class=\"yoast-schema-graph\">{\"@context\":\"https:\\\/\\\/schema.org\",\"@graph\":[{\"@type\":\"Article\",\"@id\":\"https:\\\/\\\/www.ugtcomunicaciones.es\\\/wordpress\\\/nuevo-modelo-organizativo\\\/#article\",\"isPartOf\":{\"@id\":\"https:\\\/\\\/www.ugtcomunicaciones.es\\\/wordpress\\\/nuevo-modelo-organizativo\\\/\"},\"author\":{\"name\":\"UGT\",\"@id\":\"https:\\\/\\\/www.ugtcomunicaciones.es\\\/wordpress\\\/#\\\/schema\\\/person\\\/eba0fc3fe5b444531d94d4368cba89ed\"},\"headline\":\"Nuevo modelo organizativo\",\"datePublished\":\"2018-04-27T13:05:25+00:00\",\"mainEntityOfPage\":{\"@id\":\"https:\\\/\\\/www.ugtcomunicaciones.es\\\/wordpress\\\/nuevo-modelo-organizativo\\\/\"},\"wordCount\":908,\"publisher\":{\"@id\":\"https:\\\/\\\/www.ugtcomunicaciones.es\\\/wordpress\\\/#organization\"},\"image\":{\"@id\":\"https:\\\/\\\/www.ugtcomunicaciones.es\\\/wordpress\\\/nuevo-modelo-organizativo\\\/#primaryimage\"},\"thumbnailUrl\":\"https:\\\/\\\/www.ugtcomunicaciones.es\\\/wordpress\\\/wp-content\\\/uploads\\\/2018\\\/04\\\/modelo-organizativo_web.jpg\",\"articleSection\":[\"Grupo MasOrange\",\"Orange Espa\u00f1a\"],\"inLanguage\":\"es\"},{\"@type\":\"WebPage\",\"@id\":\"https:\\\/\\\/www.ugtcomunicaciones.es\\\/wordpress\\\/nuevo-modelo-organizativo\\\/\",\"url\":\"https:\\\/\\\/www.ugtcomunicaciones.es\\\/wordpress\\\/nuevo-modelo-organizativo\\\/\",\"name\":\"Nuevo modelo organizativo - UGT Comunicaciones\",\"isPartOf\":{\"@id\":\"https:\\\/\\\/www.ugtcomunicaciones.es\\\/wordpress\\\/#website\"},\"primaryImageOfPage\":{\"@id\":\"https:\\\/\\\/www.ugtcomunicaciones.es\\\/wordpress\\\/nuevo-modelo-organizativo\\\/#primaryimage\"},\"image\":{\"@id\":\"https:\\\/\\\/www.ugtcomunicaciones.es\\\/wordpress\\\/nuevo-modelo-organizativo\\\/#primaryimage\"},\"thumbnailUrl\":\"https:\\\/\\\/www.ugtcomunicaciones.es\\\/wordpress\\\/wp-content\\\/uploads\\\/2018\\\/04\\\/modelo-organizativo_web.jpg\",\"datePublished\":\"2018-04-27T13:05:25+00:00\",\"breadcrumb\":{\"@id\":\"https:\\\/\\\/www.ugtcomunicaciones.es\\\/wordpress\\\/nuevo-modelo-organizativo\\\/#breadcrumb\"},\"inLanguage\":\"es\",\"potentialAction\":[{\"@type\":\"ReadAction\",\"target\":[\"https:\\\/\\\/www.ugtcomunicaciones.es\\\/wordpress\\\/nuevo-modelo-organizativo\\\/\"]}]},{\"@type\":\"ImageObject\",\"inLanguage\":\"es\",\"@id\":\"https:\\\/\\\/www.ugtcomunicaciones.es\\\/wordpress\\\/nuevo-modelo-organizativo\\\/#primaryimage\",\"url\":\"https:\\\/\\\/www.ugtcomunicaciones.es\\\/wordpress\\\/wp-content\\\/uploads\\\/2018\\\/04\\\/modelo-organizativo_web.jpg\",\"contentUrl\":\"https:\\\/\\\/www.ugtcomunicaciones.es\\\/wordpress\\\/wp-content\\\/uploads\\\/2018\\\/04\\\/modelo-organizativo_web.jpg\",\"width\":640,\"height\":472},{\"@type\":\"BreadcrumbList\",\"@id\":\"https:\\\/\\\/www.ugtcomunicaciones.es\\\/wordpress\\\/nuevo-modelo-organizativo\\\/#breadcrumb\",\"itemListElement\":[{\"@type\":\"ListItem\",\"position\":1,\"name\":\"Portada\",\"item\":\"https:\\\/\\\/www.ugtcomunicaciones.es\\\/wordpress\\\/\"},{\"@type\":\"ListItem\",\"position\":2,\"name\":\"Nuevo modelo organizativo\"}]},{\"@type\":\"WebSite\",\"@id\":\"https:\\\/\\\/www.ugtcomunicaciones.es\\\/wordpress\\\/#website\",\"url\":\"https:\\\/\\\/www.ugtcomunicaciones.es\\\/wordpress\\\/\",\"name\":\"UGT Comunicaciones\",\"description\":\"Sindicato de Telecomunicaciones\",\"publisher\":{\"@id\":\"https:\\\/\\\/www.ugtcomunicaciones.es\\\/wordpress\\\/#organization\"},\"potentialAction\":[{\"@type\":\"SearchAction\",\"target\":{\"@type\":\"EntryPoint\",\"urlTemplate\":\"https:\\\/\\\/www.ugtcomunicaciones.es\\\/wordpress\\\/?s={search_term_string}\"},\"query-input\":{\"@type\":\"PropertyValueSpecification\",\"valueRequired\":true,\"valueName\":\"search_term_string\"}}],\"inLanguage\":\"es\"},{\"@type\":\"Organization\",\"@id\":\"https:\\\/\\\/www.ugtcomunicaciones.es\\\/wordpress\\\/#organization\",\"name\":\"UGT Comunicaciones\",\"url\":\"https:\\\/\\\/www.ugtcomunicaciones.es\\\/wordpress\\\/\",\"logo\":{\"@type\":\"ImageObject\",\"inLanguage\":\"es\",\"@id\":\"https:\\\/\\\/www.ugtcomunicaciones.es\\\/wordpress\\\/#\\\/schema\\\/logo\\\/image\\\/\",\"url\":\"https:\\\/\\\/www.ugtcomunicaciones.es\\\/wordpress\\\/wp-content\\\/uploads\\\/2024\\\/04\\\/comunicaciones_logo.png\",\"contentUrl\":\"https:\\\/\\\/www.ugtcomunicaciones.es\\\/wordpress\\\/wp-content\\\/uploads\\\/2024\\\/04\\\/comunicaciones_logo.png\",\"width\":298,\"height\":81,\"caption\":\"UGT Comunicaciones\"},\"image\":{\"@id\":\"https:\\\/\\\/www.ugtcomunicaciones.es\\\/wordpress\\\/#\\\/schema\\\/logo\\\/image\\\/\"},\"sameAs\":[\"https:\\\/\\\/www.facebook.com\\\/ugt.comunicaciones\\\/\",\"https:\\\/\\\/x.com\\\/ugtcom\"]},{\"@type\":\"Person\",\"@id\":\"https:\\\/\\\/www.ugtcomunicaciones.es\\\/wordpress\\\/#\\\/schema\\\/person\\\/eba0fc3fe5b444531d94d4368cba89ed\",\"name\":\"UGT\",\"image\":{\"@type\":\"ImageObject\",\"inLanguage\":\"es\",\"@id\":\"https:\\\/\\\/secure.gravatar.com\\\/avatar\\\/2a16057d620a4c646bcfc171c4f23030879ebbdd346f0525bd5d4a564e57e13d?s=96&d=mm&r=g\",\"url\":\"https:\\\/\\\/secure.gravatar.com\\\/avatar\\\/2a16057d620a4c646bcfc171c4f23030879ebbdd346f0525bd5d4a564e57e13d?s=96&d=mm&r=g\",\"contentUrl\":\"https:\\\/\\\/secure.gravatar.com\\\/avatar\\\/2a16057d620a4c646bcfc171c4f23030879ebbdd346f0525bd5d4a564e57e13d?s=96&d=mm&r=g\",\"caption\":\"UGT\"}}]}<\/script>\n<!-- \/ Yoast SEO Premium plugin. -->","yoast_head_json":{"title":"Nuevo modelo organizativo - UGT Comunicaciones","robots":{"index":"index","follow":"follow","max-snippet":"max-snippet:-1","max-image-preview":"max-image-preview:large","max-video-preview":"max-video-preview:-1"},"canonical":"https:\/\/www.ugtcomunicaciones.es\/wordpress\/nuevo-modelo-organizativo\/","og_locale":"es_ES","og_type":"article","og_title":"Nuevo modelo organizativo","og_description":"La empresa nos convoc\u00f3 a una reuni\u00f3n el 16 de Abril para informarnos de las ideas y proyectos que tienen para el futuro. Algunas de las cuales son aceptaciones expresas de los planteamientosy propuestas de UGT desde 2009 y que han ido recopilando en los \u00faltimos meses en una especie de \u201ccat\u00e1logo\u201d de medidas. Aunque [&hellip;]","og_url":"https:\/\/www.ugtcomunicaciones.es\/wordpress\/nuevo-modelo-organizativo\/","og_site_name":"UGT Comunicaciones","article_publisher":"https:\/\/www.facebook.com\/ugt.comunicaciones\/","article_published_time":"2018-04-27T13:05:25+00:00","og_image":[{"width":640,"height":472,"url":"https:\/\/www.ugtcomunicaciones.es\/wordpress\/wp-content\/uploads\/2018\/04\/modelo-organizativo_web.jpg","type":"image\/jpeg"}],"author":"UGT","twitter_card":"summary_large_image","twitter_creator":"@ugtcom","twitter_site":"@ugtcom","twitter_misc":{"Escrito por":"UGT","Tiempo de lectura":"5 minutos"},"schema":{"@context":"https:\/\/schema.org","@graph":[{"@type":"Article","@id":"https:\/\/www.ugtcomunicaciones.es\/wordpress\/nuevo-modelo-organizativo\/#article","isPartOf":{"@id":"https:\/\/www.ugtcomunicaciones.es\/wordpress\/nuevo-modelo-organizativo\/"},"author":{"name":"UGT","@id":"https:\/\/www.ugtcomunicaciones.es\/wordpress\/#\/schema\/person\/eba0fc3fe5b444531d94d4368cba89ed"},"headline":"Nuevo modelo organizativo","datePublished":"2018-04-27T13:05:25+00:00","mainEntityOfPage":{"@id":"https:\/\/www.ugtcomunicaciones.es\/wordpress\/nuevo-modelo-organizativo\/"},"wordCount":908,"publisher":{"@id":"https:\/\/www.ugtcomunicaciones.es\/wordpress\/#organization"},"image":{"@id":"https:\/\/www.ugtcomunicaciones.es\/wordpress\/nuevo-modelo-organizativo\/#primaryimage"},"thumbnailUrl":"https:\/\/www.ugtcomunicaciones.es\/wordpress\/wp-content\/uploads\/2018\/04\/modelo-organizativo_web.jpg","articleSection":["Grupo MasOrange","Orange Espa\u00f1a"],"inLanguage":"es"},{"@type":"WebPage","@id":"https:\/\/www.ugtcomunicaciones.es\/wordpress\/nuevo-modelo-organizativo\/","url":"https:\/\/www.ugtcomunicaciones.es\/wordpress\/nuevo-modelo-organizativo\/","name":"Nuevo modelo organizativo - UGT Comunicaciones","isPartOf":{"@id":"https:\/\/www.ugtcomunicaciones.es\/wordpress\/#website"},"primaryImageOfPage":{"@id":"https:\/\/www.ugtcomunicaciones.es\/wordpress\/nuevo-modelo-organizativo\/#primaryimage"},"image":{"@id":"https:\/\/www.ugtcomunicaciones.es\/wordpress\/nuevo-modelo-organizativo\/#primaryimage"},"thumbnailUrl":"https:\/\/www.ugtcomunicaciones.es\/wordpress\/wp-content\/uploads\/2018\/04\/modelo-organizativo_web.jpg","datePublished":"2018-04-27T13:05:25+00:00","breadcrumb":{"@id":"https:\/\/www.ugtcomunicaciones.es\/wordpress\/nuevo-modelo-organizativo\/#breadcrumb"},"inLanguage":"es","potentialAction":[{"@type":"ReadAction","target":["https:\/\/www.ugtcomunicaciones.es\/wordpress\/nuevo-modelo-organizativo\/"]}]},{"@type":"ImageObject","inLanguage":"es","@id":"https:\/\/www.ugtcomunicaciones.es\/wordpress\/nuevo-modelo-organizativo\/#primaryimage","url":"https:\/\/www.ugtcomunicaciones.es\/wordpress\/wp-content\/uploads\/2018\/04\/modelo-organizativo_web.jpg","contentUrl":"https:\/\/www.ugtcomunicaciones.es\/wordpress\/wp-content\/uploads\/2018\/04\/modelo-organizativo_web.jpg","width":640,"height":472},{"@type":"BreadcrumbList","@id":"https:\/\/www.ugtcomunicaciones.es\/wordpress\/nuevo-modelo-organizativo\/#breadcrumb","itemListElement":[{"@type":"ListItem","position":1,"name":"Portada","item":"https:\/\/www.ugtcomunicaciones.es\/wordpress\/"},{"@type":"ListItem","position":2,"name":"Nuevo modelo organizativo"}]},{"@type":"WebSite","@id":"https:\/\/www.ugtcomunicaciones.es\/wordpress\/#website","url":"https:\/\/www.ugtcomunicaciones.es\/wordpress\/","name":"UGT Comunicaciones","description":"Sindicato de Telecomunicaciones","publisher":{"@id":"https:\/\/www.ugtcomunicaciones.es\/wordpress\/#organization"},"potentialAction":[{"@type":"SearchAction","target":{"@type":"EntryPoint","urlTemplate":"https:\/\/www.ugtcomunicaciones.es\/wordpress\/?s={search_term_string}"},"query-input":{"@type":"PropertyValueSpecification","valueRequired":true,"valueName":"search_term_string"}}],"inLanguage":"es"},{"@type":"Organization","@id":"https:\/\/www.ugtcomunicaciones.es\/wordpress\/#organization","name":"UGT Comunicaciones","url":"https:\/\/www.ugtcomunicaciones.es\/wordpress\/","logo":{"@type":"ImageObject","inLanguage":"es","@id":"https:\/\/www.ugtcomunicaciones.es\/wordpress\/#\/schema\/logo\/image\/","url":"https:\/\/www.ugtcomunicaciones.es\/wordpress\/wp-content\/uploads\/2024\/04\/comunicaciones_logo.png","contentUrl":"https:\/\/www.ugtcomunicaciones.es\/wordpress\/wp-content\/uploads\/2024\/04\/comunicaciones_logo.png","width":298,"height":81,"caption":"UGT Comunicaciones"},"image":{"@id":"https:\/\/www.ugtcomunicaciones.es\/wordpress\/#\/schema\/logo\/image\/"},"sameAs":["https:\/\/www.facebook.com\/ugt.comunicaciones\/","https:\/\/x.com\/ugtcom"]},{"@type":"Person","@id":"https:\/\/www.ugtcomunicaciones.es\/wordpress\/#\/schema\/person\/eba0fc3fe5b444531d94d4368cba89ed","name":"UGT","image":{"@type":"ImageObject","inLanguage":"es","@id":"https:\/\/secure.gravatar.com\/avatar\/2a16057d620a4c646bcfc171c4f23030879ebbdd346f0525bd5d4a564e57e13d?s=96&d=mm&r=g","url":"https:\/\/secure.gravatar.com\/avatar\/2a16057d620a4c646bcfc171c4f23030879ebbdd346f0525bd5d4a564e57e13d?s=96&d=mm&r=g","contentUrl":"https:\/\/secure.gravatar.com\/avatar\/2a16057d620a4c646bcfc171c4f23030879ebbdd346f0525bd5d4a564e57e13d?s=96&d=mm&r=g","caption":"UGT"}}]}},"_links":{"self":[{"href":"https:\/\/www.ugtcomunicaciones.es\/wordpress\/wp-json\/wp\/v2\/posts\/142426","targetHints":{"allow":["GET"]}}],"collection":[{"href":"https:\/\/www.ugtcomunicaciones.es\/wordpress\/wp-json\/wp\/v2\/posts"}],"about":[{"href":"https:\/\/www.ugtcomunicaciones.es\/wordpress\/wp-json\/wp\/v2\/types\/post"}],"author":[{"embeddable":true,"href":"https:\/\/www.ugtcomunicaciones.es\/wordpress\/wp-json\/wp\/v2\/users\/3"}],"replies":[{"embeddable":true,"href":"https:\/\/www.ugtcomunicaciones.es\/wordpress\/wp-json\/wp\/v2\/comments?post=142426"}],"version-history":[{"count":0,"href":"https:\/\/www.ugtcomunicaciones.es\/wordpress\/wp-json\/wp\/v2\/posts\/142426\/revisions"}],"wp:featuredmedia":[{"embeddable":true,"href":"https:\/\/www.ugtcomunicaciones.es\/wordpress\/wp-json\/wp\/v2\/media\/142427"}],"wp:attachment":[{"href":"https:\/\/www.ugtcomunicaciones.es\/wordpress\/wp-json\/wp\/v2\/media?parent=142426"}],"wp:term":[{"taxonomy":"category","embeddable":true,"href":"https:\/\/www.ugtcomunicaciones.es\/wordpress\/wp-json\/wp\/v2\/categories?post=142426"},{"taxonomy":"post_tag","embeddable":true,"href":"https:\/\/www.ugtcomunicaciones.es\/wordpress\/wp-json\/wp\/v2\/tags?post=142426"}],"curies":[{"name":"wp","href":"https:\/\/api.w.org\/{rel}","templated":true}]}}