{"id":142439,"date":"2018-04-27T15:04:17","date_gmt":"2018-04-27T13:04:17","guid":{"rendered":"http:\/\/ugtcomunicaciones.es\/wordpress\/?p=142439"},"modified":"2018-04-27T12:39:19","modified_gmt":"2018-04-27T10:39:19","slug":"alianza-mundial-orange","status":"publish","type":"post","link":"https:\/\/www.ugtcomunicaciones.es\/wordpress\/alianza-mundial-orange\/","title":{"rendered":"Alianza mundial orange"},"content":{"rendered":"<p style=\"text-align: justify;\"><img decoding=\"async\" class=\"size-full wp-image-142440 alignleft lazyload\" data-src=\"http:\/\/ugtcomunicaciones.es\/wordpress\/wp-content\/uploads\/2018\/04\/uni_web.jpg\" alt=\"\" width=\"640\" height=\"454\" data-srcset=\"https:\/\/www.ugtcomunicaciones.es\/wordpress\/wp-content\/uploads\/2018\/04\/uni_web.jpg 640w, https:\/\/www.ugtcomunicaciones.es\/wordpress\/wp-content\/uploads\/2018\/04\/uni_web-300x213.jpg 300w, https:\/\/www.ugtcomunicaciones.es\/wordpress\/wp-content\/uploads\/2018\/04\/uni_web-592x420.jpg 592w\" data-sizes=\"(max-width: 640px) 100vw, 640px\" src=\"data:image\/svg+xml;base64,PHN2ZyB3aWR0aD0iMSIgaGVpZ2h0PSIxIiB4bWxucz0iaHR0cDovL3d3dy53My5vcmcvMjAwMC9zdmciPjwvc3ZnPg==\" style=\"--smush-placeholder-width: 640px; --smush-placeholder-aspect-ratio: 640\/454;\" \/>La Federaci\u00f3n Sindical Internacional UNI, a la que pertenece <strong>UGT<\/strong>, consigui\u00f3 hace varios a\u00f1os que el Grupo <strong>Orange<\/strong> reconociera su capacidad de negociar acuerdos a nivel internacional. De esta manera, mientras cada sindicato tiene capacidad de negociaci\u00f3n en su pa\u00eds, nos organizamos en UNI para negociar directamente con el Grupo asuntos transnacionales. Con este esp\u00edritu naci\u00f3 la <strong>ALIANZA MUNDIAL ORANGE<\/strong> y entre el 9 y 11 de abril en Casabalanca hemos formalizado este foro y el funcionamiento del mismo en negociaci\u00f3n directa con la Direcci\u00f3n del Grupo en Francia.<\/p>\n<p style=\"text-align: justify;\">En la jornada del 9 de Abril los representantes sindicales de m\u00e1s de 20 pa\u00edses consensuamos los puntos a tratar con la Direcci\u00f3n para ratificar por escrito las intenciones. Para <strong>UGT<\/strong> la estabilidad y calidad del empleo y las condiciones laborales son lo prioritario.<\/p>\n<p style=\"text-align: justify;\">Pero la reuni\u00f3n con la Direcci\u00f3n del 10 de Abril comenz\u00f3 con una exposici\u00f3n no planificada donde el director de RRLL de Espa\u00f1a, entre otras intervenciones, expone como estamos en nuestra filial.<\/p>\n<p style=\"text-align: justify;\">Como consideramos que la visi\u00f3n que se est\u00e1 dando es sesgada intervenimos para matizar algunas cuestiones, en especial:<\/p>\n<ul style=\"text-align: justify;\">\n<li><strong>Protocolo contra el acoso<\/strong>: el protocolo original fue impuesto sin consenso y denunciado por <strong>UGT<\/strong> en la inspecci\u00f3n de trabajo, por ello ahora tenemos un protocolo consensuado tras ser sancionada <strong>Orange<\/strong> Espa\u00f1a.<\/li>\n<li><strong>Empleo<\/strong>: parece que no hay despidos, y parece que la direcci\u00f3n francesa es desconocedora de que en Espa\u00f1a, siempre sin salirse de la legalidad, se despide reconociendo posteriormente que es improcedente lo que hacen. Francia habla de Responsabilidad Social de la Empresa, de entornos Saludables, \u2026 \u00bfComparte Francia este punto?<\/li>\n<li><strong>Salud<\/strong>: los riesgos psicosociales son graves y cuando ves que a tu compa\u00f1er@ le despiden aun a pesar de sus buenos resultados el nivel de estr\u00e9s y ansiedad de los que se quedan se dispara.<\/li>\n<\/ul>\n<p style=\"text-align: justify;\">Varios pa\u00edses hacen referencia a estos temas de Espa\u00f1a y la Direcci\u00f3n Francesa pide que no se siga hablando en un foro internacional de un pa\u00eds concreto\u2026 <strong>\u00a1\u00a1\u00a1 PERO SON ELLOS QUIENES HAN QUERIDO \u201cPRESUMIR\u201d ANTE OTROS PAISES DE LO QUE SE HACE EN ESPA\u00d1A PLANTEANDO UN MONOGR\u00c1FICO NO PREVISTO !!!<\/strong><\/p>\n<p style=\"text-align: justify;\">Tras un descanso retomamos la reuni\u00f3n y recuperamos el orden del d\u00eda que la Direcci\u00f3n se hab\u00eda saltado. Al finalizar la jornada de la tarde conseguimos firmar un acuerdo con la Direcci\u00f3n del Grupo para articular las reuniones y foros donde nos encontraremos para alcanzar acuerdos y mejorar las cuestiones que nos preocupan.<\/p>\n<p style=\"text-align: justify;\">En la jornada del 11 de Abril los sindicatos integrantes de esta ALIANZA acordamos la manera en la que vamos a llegar a acuerdos entre nosotros, destacando que ser\u00e1 necesario al menos un 75% de apoyos para aprobar medidas lo cual pone al di\u00e1logo entre los sindicatos de los diferentes pa\u00edses en el centro de la estrategia sindical y cada acuerdo interno tendr\u00e1 una fuerte mayor\u00eda con la que negociar con el Grupo.<\/p>\n","protected":false},"excerpt":{"rendered":"<p>La Federaci\u00f3n Sindical Internacional UNI, a la que pertenece UGT, consigui\u00f3 hace varios a\u00f1os que el Grupo Orange reconociera su capacidad de negociar acuerdos a nivel internacional. De esta manera, mientras cada sindicato tiene capacidad de negociaci\u00f3n en su pa\u00eds, nos organizamos en UNI para negociar directamente con el Grupo asuntos transnacionales. Con este esp\u00edritu [&hellip;]<\/p>\n","protected":false},"author":3,"featured_media":142440,"comment_status":"closed","ping_status":"closed","sticky":false,"template":"","format":"standard","meta":{"footnotes":""},"categories":[35,36],"tags":[],"class_list":["post-142439","post","type-post","status-publish","format-standard","has-post-thumbnail","hentry","category-orange","category-orange_espagne"],"yoast_head":"<!-- This site is optimized with the Yoast SEO Premium plugin v27.3 (Yoast SEO v27.4) - https:\/\/yoast.com\/product\/yoast-seo-premium-wordpress\/ -->\n<title>Alianza mundial orange - UGT Comunicaciones<\/title>\n<meta name=\"robots\" content=\"index, follow, max-snippet:-1, max-image-preview:large, max-video-preview:-1\" \/>\n<link rel=\"canonical\" href=\"https:\/\/www.ugtcomunicaciones.es\/wordpress\/alianza-mundial-orange\/\" \/>\n<meta property=\"og:locale\" content=\"es_ES\" \/>\n<meta property=\"og:type\" content=\"article\" \/>\n<meta property=\"og:title\" content=\"Alianza mundial orange\" \/>\n<meta property=\"og:description\" content=\"La Federaci\u00f3n Sindical Internacional UNI, a la que pertenece UGT, consigui\u00f3 hace varios a\u00f1os que el Grupo Orange reconociera su capacidad de negociar acuerdos a nivel internacional. De esta manera, mientras cada sindicato tiene capacidad de negociaci\u00f3n en su pa\u00eds, nos organizamos en UNI para negociar directamente con el Grupo asuntos transnacionales. Con este esp\u00edritu [&hellip;]\" \/>\n<meta property=\"og:url\" content=\"https:\/\/www.ugtcomunicaciones.es\/wordpress\/alianza-mundial-orange\/\" \/>\n<meta property=\"og:site_name\" content=\"UGT Comunicaciones\" \/>\n<meta property=\"article:publisher\" content=\"https:\/\/www.facebook.com\/ugt.comunicaciones\/\" \/>\n<meta property=\"article:published_time\" content=\"2018-04-27T13:04:17+00:00\" \/>\n<meta property=\"og:image\" content=\"https:\/\/www.ugtcomunicaciones.es\/wordpress\/wp-content\/uploads\/2018\/04\/uni_web.jpg\" \/>\n\t<meta property=\"og:image:width\" content=\"640\" \/>\n\t<meta property=\"og:image:height\" content=\"454\" \/>\n\t<meta property=\"og:image:type\" content=\"image\/jpeg\" \/>\n<meta name=\"author\" content=\"UGT\" \/>\n<meta name=\"twitter:card\" content=\"summary_large_image\" \/>\n<meta name=\"twitter:creator\" content=\"@ugtcom\" \/>\n<meta name=\"twitter:site\" content=\"@ugtcom\" \/>\n<meta name=\"twitter:label1\" content=\"Escrito por\" \/>\n\t<meta name=\"twitter:data1\" content=\"UGT\" \/>\n\t<meta name=\"twitter:label2\" content=\"Tiempo de lectura\" \/>\n\t<meta name=\"twitter:data2\" content=\"3 minutos\" \/>\n<script type=\"application\/ld+json\" class=\"yoast-schema-graph\">{\"@context\":\"https:\\\/\\\/schema.org\",\"@graph\":[{\"@type\":\"Article\",\"@id\":\"https:\\\/\\\/www.ugtcomunicaciones.es\\\/wordpress\\\/alianza-mundial-orange\\\/#article\",\"isPartOf\":{\"@id\":\"https:\\\/\\\/www.ugtcomunicaciones.es\\\/wordpress\\\/alianza-mundial-orange\\\/\"},\"author\":{\"name\":\"UGT\",\"@id\":\"https:\\\/\\\/www.ugtcomunicaciones.es\\\/wordpress\\\/#\\\/schema\\\/person\\\/eba0fc3fe5b444531d94d4368cba89ed\"},\"headline\":\"Alianza mundial orange\",\"datePublished\":\"2018-04-27T13:04:17+00:00\",\"mainEntityOfPage\":{\"@id\":\"https:\\\/\\\/www.ugtcomunicaciones.es\\\/wordpress\\\/alianza-mundial-orange\\\/\"},\"wordCount\":505,\"publisher\":{\"@id\":\"https:\\\/\\\/www.ugtcomunicaciones.es\\\/wordpress\\\/#organization\"},\"image\":{\"@id\":\"https:\\\/\\\/www.ugtcomunicaciones.es\\\/wordpress\\\/alianza-mundial-orange\\\/#primaryimage\"},\"thumbnailUrl\":\"https:\\\/\\\/www.ugtcomunicaciones.es\\\/wordpress\\\/wp-content\\\/uploads\\\/2018\\\/04\\\/uni_web.jpg\",\"articleSection\":[\"Grupo MasOrange\",\"Orange Espa\u00f1a\"],\"inLanguage\":\"es\"},{\"@type\":\"WebPage\",\"@id\":\"https:\\\/\\\/www.ugtcomunicaciones.es\\\/wordpress\\\/alianza-mundial-orange\\\/\",\"url\":\"https:\\\/\\\/www.ugtcomunicaciones.es\\\/wordpress\\\/alianza-mundial-orange\\\/\",\"name\":\"Alianza mundial orange - UGT Comunicaciones\",\"isPartOf\":{\"@id\":\"https:\\\/\\\/www.ugtcomunicaciones.es\\\/wordpress\\\/#website\"},\"primaryImageOfPage\":{\"@id\":\"https:\\\/\\\/www.ugtcomunicaciones.es\\\/wordpress\\\/alianza-mundial-orange\\\/#primaryimage\"},\"image\":{\"@id\":\"https:\\\/\\\/www.ugtcomunicaciones.es\\\/wordpress\\\/alianza-mundial-orange\\\/#primaryimage\"},\"thumbnailUrl\":\"https:\\\/\\\/www.ugtcomunicaciones.es\\\/wordpress\\\/wp-content\\\/uploads\\\/2018\\\/04\\\/uni_web.jpg\",\"datePublished\":\"2018-04-27T13:04:17+00:00\",\"breadcrumb\":{\"@id\":\"https:\\\/\\\/www.ugtcomunicaciones.es\\\/wordpress\\\/alianza-mundial-orange\\\/#breadcrumb\"},\"inLanguage\":\"es\",\"potentialAction\":[{\"@type\":\"ReadAction\",\"target\":[\"https:\\\/\\\/www.ugtcomunicaciones.es\\\/wordpress\\\/alianza-mundial-orange\\\/\"]}]},{\"@type\":\"ImageObject\",\"inLanguage\":\"es\",\"@id\":\"https:\\\/\\\/www.ugtcomunicaciones.es\\\/wordpress\\\/alianza-mundial-orange\\\/#primaryimage\",\"url\":\"https:\\\/\\\/www.ugtcomunicaciones.es\\\/wordpress\\\/wp-content\\\/uploads\\\/2018\\\/04\\\/uni_web.jpg\",\"contentUrl\":\"https:\\\/\\\/www.ugtcomunicaciones.es\\\/wordpress\\\/wp-content\\\/uploads\\\/2018\\\/04\\\/uni_web.jpg\",\"width\":640,\"height\":454},{\"@type\":\"BreadcrumbList\",\"@id\":\"https:\\\/\\\/www.ugtcomunicaciones.es\\\/wordpress\\\/alianza-mundial-orange\\\/#breadcrumb\",\"itemListElement\":[{\"@type\":\"ListItem\",\"position\":1,\"name\":\"Portada\",\"item\":\"https:\\\/\\\/www.ugtcomunicaciones.es\\\/wordpress\\\/\"},{\"@type\":\"ListItem\",\"position\":2,\"name\":\"Alianza mundial orange\"}]},{\"@type\":\"WebSite\",\"@id\":\"https:\\\/\\\/www.ugtcomunicaciones.es\\\/wordpress\\\/#website\",\"url\":\"https:\\\/\\\/www.ugtcomunicaciones.es\\\/wordpress\\\/\",\"name\":\"UGT Comunicaciones\",\"description\":\"Sindicato de Telecomunicaciones\",\"publisher\":{\"@id\":\"https:\\\/\\\/www.ugtcomunicaciones.es\\\/wordpress\\\/#organization\"},\"potentialAction\":[{\"@type\":\"SearchAction\",\"target\":{\"@type\":\"EntryPoint\",\"urlTemplate\":\"https:\\\/\\\/www.ugtcomunicaciones.es\\\/wordpress\\\/?s={search_term_string}\"},\"query-input\":{\"@type\":\"PropertyValueSpecification\",\"valueRequired\":true,\"valueName\":\"search_term_string\"}}],\"inLanguage\":\"es\"},{\"@type\":\"Organization\",\"@id\":\"https:\\\/\\\/www.ugtcomunicaciones.es\\\/wordpress\\\/#organization\",\"name\":\"UGT Comunicaciones\",\"url\":\"https:\\\/\\\/www.ugtcomunicaciones.es\\\/wordpress\\\/\",\"logo\":{\"@type\":\"ImageObject\",\"inLanguage\":\"es\",\"@id\":\"https:\\\/\\\/www.ugtcomunicaciones.es\\\/wordpress\\\/#\\\/schema\\\/logo\\\/image\\\/\",\"url\":\"https:\\\/\\\/www.ugtcomunicaciones.es\\\/wordpress\\\/wp-content\\\/uploads\\\/2024\\\/04\\\/comunicaciones_logo.png\",\"contentUrl\":\"https:\\\/\\\/www.ugtcomunicaciones.es\\\/wordpress\\\/wp-content\\\/uploads\\\/2024\\\/04\\\/comunicaciones_logo.png\",\"width\":298,\"height\":81,\"caption\":\"UGT Comunicaciones\"},\"image\":{\"@id\":\"https:\\\/\\\/www.ugtcomunicaciones.es\\\/wordpress\\\/#\\\/schema\\\/logo\\\/image\\\/\"},\"sameAs\":[\"https:\\\/\\\/www.facebook.com\\\/ugt.comunicaciones\\\/\",\"https:\\\/\\\/x.com\\\/ugtcom\"]},{\"@type\":\"Person\",\"@id\":\"https:\\\/\\\/www.ugtcomunicaciones.es\\\/wordpress\\\/#\\\/schema\\\/person\\\/eba0fc3fe5b444531d94d4368cba89ed\",\"name\":\"UGT\",\"image\":{\"@type\":\"ImageObject\",\"inLanguage\":\"es\",\"@id\":\"https:\\\/\\\/secure.gravatar.com\\\/avatar\\\/2a16057d620a4c646bcfc171c4f23030879ebbdd346f0525bd5d4a564e57e13d?s=96&d=mm&r=g\",\"url\":\"https:\\\/\\\/secure.gravatar.com\\\/avatar\\\/2a16057d620a4c646bcfc171c4f23030879ebbdd346f0525bd5d4a564e57e13d?s=96&d=mm&r=g\",\"contentUrl\":\"https:\\\/\\\/secure.gravatar.com\\\/avatar\\\/2a16057d620a4c646bcfc171c4f23030879ebbdd346f0525bd5d4a564e57e13d?s=96&d=mm&r=g\",\"caption\":\"UGT\"}}]}<\/script>\n<!-- \/ Yoast SEO Premium plugin. -->","yoast_head_json":{"title":"Alianza mundial orange - UGT Comunicaciones","robots":{"index":"index","follow":"follow","max-snippet":"max-snippet:-1","max-image-preview":"max-image-preview:large","max-video-preview":"max-video-preview:-1"},"canonical":"https:\/\/www.ugtcomunicaciones.es\/wordpress\/alianza-mundial-orange\/","og_locale":"es_ES","og_type":"article","og_title":"Alianza mundial orange","og_description":"La Federaci\u00f3n Sindical Internacional UNI, a la que pertenece UGT, consigui\u00f3 hace varios a\u00f1os que el Grupo Orange reconociera su capacidad de negociar acuerdos a nivel internacional. De esta manera, mientras cada sindicato tiene capacidad de negociaci\u00f3n en su pa\u00eds, nos organizamos en UNI para negociar directamente con el Grupo asuntos transnacionales. Con este esp\u00edritu [&hellip;]","og_url":"https:\/\/www.ugtcomunicaciones.es\/wordpress\/alianza-mundial-orange\/","og_site_name":"UGT Comunicaciones","article_publisher":"https:\/\/www.facebook.com\/ugt.comunicaciones\/","article_published_time":"2018-04-27T13:04:17+00:00","og_image":[{"width":640,"height":454,"url":"https:\/\/www.ugtcomunicaciones.es\/wordpress\/wp-content\/uploads\/2018\/04\/uni_web.jpg","type":"image\/jpeg"}],"author":"UGT","twitter_card":"summary_large_image","twitter_creator":"@ugtcom","twitter_site":"@ugtcom","twitter_misc":{"Escrito por":"UGT","Tiempo de lectura":"3 minutos"},"schema":{"@context":"https:\/\/schema.org","@graph":[{"@type":"Article","@id":"https:\/\/www.ugtcomunicaciones.es\/wordpress\/alianza-mundial-orange\/#article","isPartOf":{"@id":"https:\/\/www.ugtcomunicaciones.es\/wordpress\/alianza-mundial-orange\/"},"author":{"name":"UGT","@id":"https:\/\/www.ugtcomunicaciones.es\/wordpress\/#\/schema\/person\/eba0fc3fe5b444531d94d4368cba89ed"},"headline":"Alianza mundial orange","datePublished":"2018-04-27T13:04:17+00:00","mainEntityOfPage":{"@id":"https:\/\/www.ugtcomunicaciones.es\/wordpress\/alianza-mundial-orange\/"},"wordCount":505,"publisher":{"@id":"https:\/\/www.ugtcomunicaciones.es\/wordpress\/#organization"},"image":{"@id":"https:\/\/www.ugtcomunicaciones.es\/wordpress\/alianza-mundial-orange\/#primaryimage"},"thumbnailUrl":"https:\/\/www.ugtcomunicaciones.es\/wordpress\/wp-content\/uploads\/2018\/04\/uni_web.jpg","articleSection":["Grupo MasOrange","Orange Espa\u00f1a"],"inLanguage":"es"},{"@type":"WebPage","@id":"https:\/\/www.ugtcomunicaciones.es\/wordpress\/alianza-mundial-orange\/","url":"https:\/\/www.ugtcomunicaciones.es\/wordpress\/alianza-mundial-orange\/","name":"Alianza mundial orange - UGT Comunicaciones","isPartOf":{"@id":"https:\/\/www.ugtcomunicaciones.es\/wordpress\/#website"},"primaryImageOfPage":{"@id":"https:\/\/www.ugtcomunicaciones.es\/wordpress\/alianza-mundial-orange\/#primaryimage"},"image":{"@id":"https:\/\/www.ugtcomunicaciones.es\/wordpress\/alianza-mundial-orange\/#primaryimage"},"thumbnailUrl":"https:\/\/www.ugtcomunicaciones.es\/wordpress\/wp-content\/uploads\/2018\/04\/uni_web.jpg","datePublished":"2018-04-27T13:04:17+00:00","breadcrumb":{"@id":"https:\/\/www.ugtcomunicaciones.es\/wordpress\/alianza-mundial-orange\/#breadcrumb"},"inLanguage":"es","potentialAction":[{"@type":"ReadAction","target":["https:\/\/www.ugtcomunicaciones.es\/wordpress\/alianza-mundial-orange\/"]}]},{"@type":"ImageObject","inLanguage":"es","@id":"https:\/\/www.ugtcomunicaciones.es\/wordpress\/alianza-mundial-orange\/#primaryimage","url":"https:\/\/www.ugtcomunicaciones.es\/wordpress\/wp-content\/uploads\/2018\/04\/uni_web.jpg","contentUrl":"https:\/\/www.ugtcomunicaciones.es\/wordpress\/wp-content\/uploads\/2018\/04\/uni_web.jpg","width":640,"height":454},{"@type":"BreadcrumbList","@id":"https:\/\/www.ugtcomunicaciones.es\/wordpress\/alianza-mundial-orange\/#breadcrumb","itemListElement":[{"@type":"ListItem","position":1,"name":"Portada","item":"https:\/\/www.ugtcomunicaciones.es\/wordpress\/"},{"@type":"ListItem","position":2,"name":"Alianza mundial orange"}]},{"@type":"WebSite","@id":"https:\/\/www.ugtcomunicaciones.es\/wordpress\/#website","url":"https:\/\/www.ugtcomunicaciones.es\/wordpress\/","name":"UGT Comunicaciones","description":"Sindicato de Telecomunicaciones","publisher":{"@id":"https:\/\/www.ugtcomunicaciones.es\/wordpress\/#organization"},"potentialAction":[{"@type":"SearchAction","target":{"@type":"EntryPoint","urlTemplate":"https:\/\/www.ugtcomunicaciones.es\/wordpress\/?s={search_term_string}"},"query-input":{"@type":"PropertyValueSpecification","valueRequired":true,"valueName":"search_term_string"}}],"inLanguage":"es"},{"@type":"Organization","@id":"https:\/\/www.ugtcomunicaciones.es\/wordpress\/#organization","name":"UGT Comunicaciones","url":"https:\/\/www.ugtcomunicaciones.es\/wordpress\/","logo":{"@type":"ImageObject","inLanguage":"es","@id":"https:\/\/www.ugtcomunicaciones.es\/wordpress\/#\/schema\/logo\/image\/","url":"https:\/\/www.ugtcomunicaciones.es\/wordpress\/wp-content\/uploads\/2024\/04\/comunicaciones_logo.png","contentUrl":"https:\/\/www.ugtcomunicaciones.es\/wordpress\/wp-content\/uploads\/2024\/04\/comunicaciones_logo.png","width":298,"height":81,"caption":"UGT Comunicaciones"},"image":{"@id":"https:\/\/www.ugtcomunicaciones.es\/wordpress\/#\/schema\/logo\/image\/"},"sameAs":["https:\/\/www.facebook.com\/ugt.comunicaciones\/","https:\/\/x.com\/ugtcom"]},{"@type":"Person","@id":"https:\/\/www.ugtcomunicaciones.es\/wordpress\/#\/schema\/person\/eba0fc3fe5b444531d94d4368cba89ed","name":"UGT","image":{"@type":"ImageObject","inLanguage":"es","@id":"https:\/\/secure.gravatar.com\/avatar\/2a16057d620a4c646bcfc171c4f23030879ebbdd346f0525bd5d4a564e57e13d?s=96&d=mm&r=g","url":"https:\/\/secure.gravatar.com\/avatar\/2a16057d620a4c646bcfc171c4f23030879ebbdd346f0525bd5d4a564e57e13d?s=96&d=mm&r=g","contentUrl":"https:\/\/secure.gravatar.com\/avatar\/2a16057d620a4c646bcfc171c4f23030879ebbdd346f0525bd5d4a564e57e13d?s=96&d=mm&r=g","caption":"UGT"}}]}},"_links":{"self":[{"href":"https:\/\/www.ugtcomunicaciones.es\/wordpress\/wp-json\/wp\/v2\/posts\/142439","targetHints":{"allow":["GET"]}}],"collection":[{"href":"https:\/\/www.ugtcomunicaciones.es\/wordpress\/wp-json\/wp\/v2\/posts"}],"about":[{"href":"https:\/\/www.ugtcomunicaciones.es\/wordpress\/wp-json\/wp\/v2\/types\/post"}],"author":[{"embeddable":true,"href":"https:\/\/www.ugtcomunicaciones.es\/wordpress\/wp-json\/wp\/v2\/users\/3"}],"replies":[{"embeddable":true,"href":"https:\/\/www.ugtcomunicaciones.es\/wordpress\/wp-json\/wp\/v2\/comments?post=142439"}],"version-history":[{"count":0,"href":"https:\/\/www.ugtcomunicaciones.es\/wordpress\/wp-json\/wp\/v2\/posts\/142439\/revisions"}],"wp:featuredmedia":[{"embeddable":true,"href":"https:\/\/www.ugtcomunicaciones.es\/wordpress\/wp-json\/wp\/v2\/media\/142440"}],"wp:attachment":[{"href":"https:\/\/www.ugtcomunicaciones.es\/wordpress\/wp-json\/wp\/v2\/media?parent=142439"}],"wp:term":[{"taxonomy":"category","embeddable":true,"href":"https:\/\/www.ugtcomunicaciones.es\/wordpress\/wp-json\/wp\/v2\/categories?post=142439"},{"taxonomy":"post_tag","embeddable":true,"href":"https:\/\/www.ugtcomunicaciones.es\/wordpress\/wp-json\/wp\/v2\/tags?post=142439"}],"curies":[{"name":"wp","href":"https:\/\/api.w.org\/{rel}","templated":true}]}}