{"id":143859,"date":"2018-04-30T13:32:01","date_gmt":"2018-04-30T11:32:01","guid":{"rendered":"http:\/\/ugtcomunicaciones.es\/wordpress\/?p=143859"},"modified":"2018-04-30T13:41:17","modified_gmt":"2018-04-30T11:41:17","slug":"manifiesto-1-de-mayo-de-2018","status":"publish","type":"post","link":"https:\/\/www.ugtcomunicaciones.es\/wordpress\/manifiesto-1-de-mayo-de-2018\/","title":{"rendered":"Manifiesto 1 de mayo de 2018"},"content":{"rendered":"<p style=\"text-align: justify;\"><img decoding=\"async\" class=\"wp-image-143911 alignleft lazyload\" data-src=\"http:\/\/ugtcomunicaciones.es\/wordpress\/wp-content\/uploads\/2018\/04\/1\u00bamayo_cartelA3_UGT_2018.jpg\" alt=\"\" width=\"263\" height=\"407\" src=\"data:image\/svg+xml;base64,PHN2ZyB3aWR0aD0iMSIgaGVpZ2h0PSIxIiB4bWxucz0iaHR0cDovL3d3dy53My5vcmcvMjAwMC9zdmciPjwvc3ZnPg==\" style=\"--smush-placeholder-width: 263px; --smush-placeholder-aspect-ratio: 263\/407;\" \/>La econom\u00eda espa\u00f1ola lleva cuatro a\u00f1os creciendo, un 3,1%\u00a0en 2017, y las previsiones son de un 2,7% para 2018. Ya\u00a0hay m\u00e1s empresas con beneficios que antes de la crisis y\u00a0los dividendos repartidos est\u00e1n en m\u00e1ximos.<\/p>\n<p style=\"text-align: justify;\">Pero la desigualdad\u00a0y\u00a0la\u00a0pobreza\u00a0est\u00e1n en\u00a0niveles\u00a0muy\u00a0superiores a\u00a0los\u00a0que\u00a0hab\u00eda antes de 2008. La pobreza se ha cronificado;\u00a01.210.000 hogares tienen a todos sus miembros activos en\u00a0paro y 1.200.000 personas carecen de ingresos de origen\u00a0laboral (salario, pensi\u00f3n, prestaci\u00f3n o subsidio). El empleo\u00a0crece, pero a costa de mayor precariedad. De hecho, sigue\u00a0aumentando el\u00a0 n\u00famero de personas que en nuestro pa\u00eds\u00a0se encuentran en riesgo de pobreza, ocupando Espa\u00f1a el\u00a0puesto 26 de 28 en la UE.<\/p>\n<p style=\"text-align: justify;\">La devaluaci\u00f3n salarial y la precarizaci\u00f3n de las condiciones\u00a0de trabajo, promovidas por la reforma laboral, fomentan una\u00a0recuperaci\u00f3n basada en un reparto desigual de la riqueza y<br \/>\nfomenta un modelo de crecimiento asentado en actividades\u00a0poco productivas.<\/p>\n<p style=\"text-align: justify;\">Esto se refleja en un mercado de trabajo caracterizado por:<\/p>\n<p style=\"text-align: justify;\">\u2022\u00a0Nueve de cada diez contratos realizados son temporales.\u00a0Y\u00a0la\u00a0duraci\u00f3n media de\u00a0esos\u00a0contratos\u00a0temporales\u00a0es\u00a0cada\u00a0vez\u00a0menor:\u00a0uno\u00a0de\u00a0cada cuatro\u00a0dura\u00a0menos\u00a0de\u00a0una<br \/>\nsemana.<br \/>\n\u2022\u00a0La rotaci\u00f3n laboral, tanto entre el empleo temporal\u00a0como entre el indefinido, ha\u00a0 aumentado con la crisis y\u00a0se ha acelerado tras la reforma laboral de 2012.<br \/>\n\u2022\u00a0La contrataci\u00f3n a tiempo parcial, en su mayor\u00eda involuntaria,\u00a0ha\u00a0ganado\u00a0peso\u00a0en\u00a0estos\u00a0 \u00a0\u00faltimos\u00a0a\u00f1os.\u00a0Adem\u00e1s,\u00a0el\u00a074%\u00a0del\u00a0empleo\u00a0a\u00a0tiempo\u00a0parcial\u00a0est\u00e1\u00a0ocupado\u00a0por\u00a0mujeres\u00a0(un o\u00a0de\u00a0los\u00a0culpables\u00a0de\u00a0la\u00a0brecha\u00a0salarial\u00a0 de g\u00e9nero).<br \/>\n\u2022\u00a0La mayor parte del empleo generado se ubica en\u00a0 actividades de bajo contenido tecnol\u00f3gico (91%) y s\u00f3lo\u00a0el 9% en ramas de industria y en los servicios de contenido\u00a0tecnol\u00f3gico\u00a0medio y alto.<\/p>\n<p style=\"text-align: justify;\">\u2022 Baja el paro, pero la cifra de personas desempleadas contin\u00faa siendo muy alta (3.766.700 personas, de las que 2 millones son mujeres). El paro de larga duraci\u00f3n, m\u00e1s de un a\u00f1o sin empleo, afecta ya al 50,4% de las personas desempleadas.<\/p>\n<p style=\"text-align: justify;\">\u2022 Los niveles de protecci\u00f3n contra el desempleo siguen en m\u00ednimos. Casi la mitad de los desempleados no percibe ninguna prestaci\u00f3n (1,56 millones de personas). Y el 14% de las personas con empleo son pobres.<\/p>\n<p style=\"text-align: justify;\">\u2022 Ha aumentado la siniestralidad laboral. Durante los \u00faltimos 5 a\u00f1os han fallecido m\u00e1s de 3.000 trabajadoras y trabajadores en accidente de trabajo. Y existe una gran cantidad de enfermedades de origen profesional no declaradas como tal.<\/p>\n<p style=\"text-align: justify;\">\u2022 La organizaci\u00f3n empresarial se transforma para maximizar el beneficio a costa de los derechos labora- les: desde la expansi\u00f3n de las empresas multiservicios con salarios m\u00ednimos y m\u00e1xima precariedad contractual, hasta el reciente fen\u00f3meno de las plataformas digitales que niegan el car\u00e1cter laboral de la relaci\u00f3n de trabajo y los derechos laborales b\u00e1sicos a sus trabajadoras\/es.<\/p>\n<p style=\"text-align: justify;\">\u2022Se est\u00e1n implantando f\u00f3rmulas abusivas de organizar el tiempo de trabajo con total discrecionalidad empresarial y con alargamientos de jornada que ni se retribuyen ni se compensan.<\/p>\n<p style=\"text-align: justify;\">\u2022Las mujeres dejaron de percibir, por un trabajo igual o de igual valor, casi 6.000 euros al a\u00f1o.<\/p>\n<p style=\"text-align: justify;\">\u2022Es inaceptable que el Gobierno en su proyecto de PGE 2018 reduzca de 200 a 80 millones la partida presupuestaria para combatir la violencia de g\u00e9nero, lo que expresa con crudeza la escasa voluntad del ejecutivo para acabar con las violencias machistas.<\/p>\n<p style=\"text-align: justify;\">\u2022 La acci\u00f3n en materia de conciliaci\u00f3n y corresponsabilidad, con medidas de ampliaci\u00f3n de permisos y licencias o reducci\u00f3n fiscal, es muy limitada y no responde a la necesidad de abrir el debate sobre la igualdad real y efectiva.<\/p>\n<p style=\"text-align: justify;\">\u2022 La infravaloraci\u00f3n de las tareas y ocupaciones fe- minizadas ahondan en la desprotecci\u00f3n y en la discriminaci\u00f3n. Es esencial la dignificaci\u00f3n del empleo dom\u00e9stico, su equiparaci\u00f3n laboral y la ratificaci\u00f3n del Convenio 189 de la OIT.<\/p>\n<p style=\"text-align: justify;\">La negociaci\u00f3n colectiva se encuentra encorsetada por las medidas regresivas adoptadas por las reformas laborales, y por la actitud de patronales y empresas que se resisten a revertir sobre las trabajadoras y trabajadores los efectos positivos del crecimiento de la econom\u00eda. Una muestra de esta conducta empresarial fue la imposibilidad de pactar el incremento salarial para 2017 en el marco del entonces vigente Acuerdo interprofesional para el Empleo y la Negociaci\u00f3n Colectiva y las grandes dificultades para avanzar en las negociaciones actuales en torno a un nuevo Acuerdo para 2018 y a\u00f1os posteriores.<\/p>\n<p style=\"text-align: justify;\">UGT exige, porque es de justicia, que en esta etapa de recuperaci\u00f3n econ\u00f3mica la negociaci\u00f3n colectiva refleje una mejora sustancial de los salarios en general y de los m\u00e1s bajos en particular, con cl\u00e1usula de garant\u00eda para proteger el incremento pactado de aumentos excesivos de los precios de los productos de consumo y con un aumento de los compromisos empresariales en relaci\u00f3n a la estabilidad y calidad del empleo, la reducci\u00f3n de las desigualdades, la protecci\u00f3n de la salud y la inversi\u00f3n pro- ductiva. Urge redistribuir la riqueza para reducir la brecha de la desigualdad y favorecer que colectivos como mujeres y j\u00f3venes mejoren su poder adquisitivo.<\/p>\n<p style=\"text-align: justify;\">El reciente acuerdo firmado en el \u00e1mbito del empleo p\u00fablico es un ejemplo en materia de recuperaci\u00f3n salarial y de la estabilidad del empleo, que habr\u00e1 que seguir desarrollando en otros niveles de negociaci\u00f3n con las Administraciones y organismos p\u00fablicos.<\/p>\n<p style=\"text-align: justify;\">UGT considera imprescindible recuperar el papel central de los convenios sectoriales estatales; as\u00ed como derogar los aspectos regresivos de las reformas laborales.<\/p>\n<p style=\"text-align: justify;\">UGT\u00a0 propone lanzar una creciente movilizaci\u00f3n laboral y social, que obligue tanto a las patronales como al Gobierno, y a los grupos parlamentarios que le dan soporte en el Parlamento, a abordar las reformas necesarias en materia de negociaci\u00f3n colectiva y de empleo de calidad.<\/p>\n<p style=\"text-align: justify;\">No olvidamos que 300 sindicalistas siguen encausados o condenados simplemente por manifestarse o participar en un piquete informativo, por defender los intereses de los trabajadores y trabajadoras. Exigimos su absoluci\u00f3n y la derogaci\u00f3n inmediata de la Ley Mordaza porque desde su imposici\u00f3n se ha perdido calidad democr\u00e1tica y libertades. Es necesario descriminalizar el derecho de huelga y de manifestaci\u00f3n.<\/p>\n<p style=\"text-align: justify;\">UGT considera que los Presupuestos Generales del Estado para 2018, con los que el Gobierno se esfuerza en dar una apariencia social, profundizan en las mismas pol\u00edticas regresivas, no contribuyen a repartir la riqueza ni apuestan por el cambio productivo. Las medidas incluidas en relaci\u00f3n a las pensiones son insuficientes; son medidas coyunturales, parciales en cuanto a su afectaci\u00f3n y err\u00f3neas en su orientaci\u00f3n, que no corrigen los efectos negativos que, para las y los pensionistas de hoy y de ma\u00f1ana, supone la reforma de las pensiones de 2013, adoptada de forma unilateral, por el Gobierno del PP y su mayor\u00eda parlamentaria.<\/p>\n<p style=\"text-align: justify;\">Seg\u00fan un estudio reciente, Espa\u00f1a se encuentra en situaci\u00f3n p\u00e9sima en lo que se refiere al cumplimiento de los objetivos de desarrollo sostenible (ODS). Los PGE no contribuyen a solucionar los problemas que han colocado a Espa\u00f1a est\u00e9 en la lista negra, de manera que ser\u00e1 im- posible que nuestro pa\u00eds pueda cumplir sus compromisos internacionales en ODS y la agenda 2030 de Naciones Unidas, tales como trabajo decente, fin de la pobreza, edu- caci\u00f3n de calidad, igualdad g\u00e9nero, etc.<\/p>\n<p style=\"text-align: justify;\">La amplitud y constancia de la movilizaci\u00f3n social en defensa de las pensiones ha hecho que el Gobierno tenga que modificar sus planteamientos iniciales, pero las medidas anunciadas son insuficientes. Proseguiremos e intensificaremos las movilizaciones.<\/p>\n<p style=\"text-align: justify;\">La garant\u00eda del Estado de Bienestar para toda la ciudadan\u00eda precisa de un sistema fiscal justo y suficiente, en lugar de recurrir sistem\u00e1ticamente al anuncio demag\u00f3gico de rebajas fiscales que nada solucionan y que terminan por beneficiar a los que m\u00e1s tienen.<\/p>\n<p style=\"text-align: justify;\">UGT exige la puesta en marcha inmediata de la Prestaci\u00f3n de Ingresos M\u00ednimos avalada por m\u00e1s de 700.000 firmas y que se est\u00e1 tramitando en el Parlamento, donde el PP y Ciudadanos la mantienen bloqueada desde hace m\u00e1s de un a\u00f1o. Urge tambi\u00e9n instaurar un sistema p\u00fablico de servicios sociales como el cuarto pilar del Estado de Bienestar y reformar el sistema de prestaciones por desempleo para garantizar una cobertura general y con una prestaci\u00f3n digna.<\/p>\n<p style=\"text-align: justify;\">Es necesario tambi\u00e9n abordar la igualdad de trato y oportunidades y la no discriminaci\u00f3n, velando por los derechos y la integraci\u00f3n laboral de los inmigrantes, de las personas trabajadoras con discapacidad, con distinta orientaci\u00f3n e identidad sexual, en riesgo de exclusi\u00f3n y de las personas que est\u00e1n afectadas por el VIH y el sida.<\/p>\n<p style=\"text-align: justify;\">Europa est\u00e1 viviendo su peor crisis de credibilidad y legitimidad desde la constituci\u00f3n de la Uni\u00f3n Europea. El avance de la ultraderecha, partidos xen\u00f3fobos, ultranacionalistas, populistas y euroesc\u00e9pticos est\u00e1 poniendo en peligro la construcci\u00f3n europea, que en su esencia apost\u00f3 por una Europa social y que parece quedar cada vez m\u00e1s limitada \u00fanicamente a una Uni\u00f3n Monetaria y financiera. Exigimos un cambio real de pol\u00edticas y que se sit\u00fae a la ciudadan\u00eda en el centro prioritario de actuaci\u00f3n. En este sentido es imprescindible dotar al pilar europeo de derechos sociales (PEDS) de las garant\u00edas financieras y de los instrumentos jur\u00eddicos que posibiliten a la ciudadan\u00eda europea convivir en\u00a0una sociedad m\u00e1s justa, fundamental para acabar con el antieurope\u00edsmo. Asimismo, exigimos al gobierno espa\u00f1ol que sus pol\u00edticas se ajusten a los compromisos que ha firmado con respecto al PEDS.<\/p>\n<p style=\"text-align: justify;\">Desde UGT trabajamos para construir una Europa m\u00e1s social. Como la Confederaci\u00f3n Europea de Sindicatos ha dejado claro, Europa necesita aumentos salariales para reducir las desigualdades e impulsar el crecimiento econ\u00f3mico; medidas para potenciar la negociaci\u00f3n colectiva; empleo estable y seguro con protecci\u00f3n social; mejores condiciones de trabajo; pol\u00edticas para acabar con la siniestralidad laboral; regulaci\u00f3n del tiempo de trabajo que permita conciliar la vida laboral con la personal y familiar; medidas que permitan acabar con la brecha salarial, el acoso y la violencia machista.<\/p>\n<p style=\"text-align: justify;\">UGT\u00a0 renueva su compromiso de solidaridad con los pueblos del mundo que defienden la libertad y con las trabajadoras y trabajadores que luchan por sus derechos sindicales, sociales y laborales. En este sentido, condenamos de forma en\u00e9rgica la agresi\u00f3n repetida del ej\u00e9rcito y del Gobierno de Israel contra el pueblo palestino; reiteramos el derecho del pueblo saharaui a la soberan\u00eda sobre tu territorio; y denunciamos tambi\u00e9n el retroceso de la democracia y el respeto a los derechos humanos y sociales que est\u00e1n agrav\u00e1ndose en muchos lugares del mundo y, significativamente, en Am\u00e9rica Latina. Queremos hacer menci\u00f3n especial a Brasil, donde las \u00e9lites econ\u00f3micas y los aparatos m\u00e1s reaccionarios del Estado han puesto en marcha mecanismos antidemocr\u00e1ticos y antisociales de cara a impedir que Lula da Silva pueda ser candidato a las elecciones presidenciales y que van a suponer que Brasil retorne a la injusticia y la desigualdad de la que hab\u00eda con- seguido empezar a huir.<\/p>\n","protected":false},"excerpt":{"rendered":"<p>La econom\u00eda espa\u00f1ola lleva cuatro a\u00f1os creciendo, un 3,1%\u00a0en 2017, y las previsiones son de un 2,7% para 2018. Ya\u00a0hay m\u00e1s empresas con beneficios que antes de la crisis y\u00a0los dividendos repartidos est\u00e1n en m\u00e1ximos. Pero la desigualdad\u00a0y\u00a0la\u00a0pobreza\u00a0est\u00e1n en\u00a0niveles\u00a0muy\u00a0superiores a\u00a0los\u00a0que\u00a0hab\u00eda antes de 2008. La pobreza se ha cronificado;\u00a01.210.000 hogares tienen a todos sus miembros activos [&hellip;]<\/p>\n","protected":false},"author":3,"featured_media":143911,"comment_status":"closed","ping_status":"closed","sticky":false,"template":"","format":"standard","meta":{"footnotes":""},"categories":[82],"tags":[],"class_list":["post-143859","post","type-post","status-publish","format-standard","has-post-thumbnail","hentry","category-portada"],"yoast_head":"<!-- This site is optimized with the Yoast SEO Premium plugin v27.3 (Yoast SEO v27.4) - https:\/\/yoast.com\/product\/yoast-seo-premium-wordpress\/ -->\n<title>Manifiesto 1 de mayo de 2018 - UGT Comunicaciones<\/title>\n<meta name=\"description\" content=\"En este 1 de Mayo, D\u00eda Internacional del Trabajo, desde UGT animamos a la participaci\u00f3n de las trabajadoras y trabajadores para luchar contra la creciente precariedad y desigualdad laboral, gravadas por los a\u00f1os de crisis econ\u00f3mica, por las reformas laborales y por las pol\u00edticas de austeridad desde la crisis en 2008;\" \/>\n<meta name=\"robots\" content=\"index, follow, max-snippet:-1, max-image-preview:large, max-video-preview:-1\" \/>\n<link rel=\"canonical\" href=\"https:\/\/www.ugtcomunicaciones.es\/wordpress\/manifiesto-1-de-mayo-de-2018\/\" \/>\n<meta property=\"og:locale\" content=\"es_ES\" \/>\n<meta property=\"og:type\" content=\"article\" \/>\n<meta property=\"og:title\" content=\"Manifiesto 1 de mayo de 2018\" \/>\n<meta property=\"og:description\" content=\"En este 1 de Mayo, D\u00eda Internacional del Trabajo, desde UGT animamos a la participaci\u00f3n de las trabajadoras y trabajadores para luchar contra la creciente precariedad y desigualdad laboral, gravadas por los a\u00f1os de crisis econ\u00f3mica, por las reformas laborales y por las pol\u00edticas de austeridad desde la crisis en 2008;\" \/>\n<meta property=\"og:url\" content=\"https:\/\/www.ugtcomunicaciones.es\/wordpress\/manifiesto-1-de-mayo-de-2018\/\" \/>\n<meta property=\"og:site_name\" content=\"UGT Comunicaciones\" \/>\n<meta property=\"article:publisher\" content=\"https:\/\/www.facebook.com\/ugt.comunicaciones\/\" \/>\n<meta property=\"article:published_time\" content=\"2018-04-30T11:32:01+00:00\" \/>\n<meta property=\"article:modified_time\" content=\"2018-04-30T11:41:17+00:00\" \/>\n<meta property=\"og:image\" content=\"https:\/\/www.ugtcomunicaciones.es\/wordpress\/wp-content\/uploads\/2018\/04\/1\u00bamayo_cartelA3_UGT_2018.jpg\" \/>\n\t<meta property=\"og:image:width\" content=\"400\" \/>\n\t<meta property=\"og:image:height\" content=\"566\" \/>\n\t<meta property=\"og:image:type\" content=\"image\/jpeg\" \/>\n<meta name=\"author\" content=\"UGT\" \/>\n<meta name=\"twitter:card\" content=\"summary_large_image\" \/>\n<meta name=\"twitter:creator\" content=\"@ugtcom\" \/>\n<meta name=\"twitter:site\" content=\"@ugtcom\" \/>\n<meta name=\"twitter:label1\" content=\"Escrito por\" \/>\n\t<meta name=\"twitter:data1\" content=\"UGT\" \/>\n\t<meta name=\"twitter:label2\" content=\"Tiempo de lectura\" \/>\n\t<meta name=\"twitter:data2\" content=\"9 minutos\" \/>\n<script type=\"application\/ld+json\" class=\"yoast-schema-graph\">{\"@context\":\"https:\\\/\\\/schema.org\",\"@graph\":[{\"@type\":\"Article\",\"@id\":\"https:\\\/\\\/www.ugtcomunicaciones.es\\\/wordpress\\\/manifiesto-1-de-mayo-de-2018\\\/#article\",\"isPartOf\":{\"@id\":\"https:\\\/\\\/www.ugtcomunicaciones.es\\\/wordpress\\\/manifiesto-1-de-mayo-de-2018\\\/\"},\"author\":{\"name\":\"UGT\",\"@id\":\"https:\\\/\\\/www.ugtcomunicaciones.es\\\/wordpress\\\/#\\\/schema\\\/person\\\/eba0fc3fe5b444531d94d4368cba89ed\"},\"headline\":\"Manifiesto 1 de mayo de 2018\",\"datePublished\":\"2018-04-30T11:32:01+00:00\",\"dateModified\":\"2018-04-30T11:41:17+00:00\",\"mainEntityOfPage\":{\"@id\":\"https:\\\/\\\/www.ugtcomunicaciones.es\\\/wordpress\\\/manifiesto-1-de-mayo-de-2018\\\/\"},\"wordCount\":1890,\"publisher\":{\"@id\":\"https:\\\/\\\/www.ugtcomunicaciones.es\\\/wordpress\\\/#organization\"},\"image\":{\"@id\":\"https:\\\/\\\/www.ugtcomunicaciones.es\\\/wordpress\\\/manifiesto-1-de-mayo-de-2018\\\/#primaryimage\"},\"thumbnailUrl\":\"https:\\\/\\\/www.ugtcomunicaciones.es\\\/wordpress\\\/wp-content\\\/uploads\\\/2018\\\/04\\\/1\u00bamayo_cartelA3_UGT_2018.jpg\",\"articleSection\":[\"Portada\"],\"inLanguage\":\"es\"},{\"@type\":\"WebPage\",\"@id\":\"https:\\\/\\\/www.ugtcomunicaciones.es\\\/wordpress\\\/manifiesto-1-de-mayo-de-2018\\\/\",\"url\":\"https:\\\/\\\/www.ugtcomunicaciones.es\\\/wordpress\\\/manifiesto-1-de-mayo-de-2018\\\/\",\"name\":\"Manifiesto 1 de mayo de 2018 - UGT Comunicaciones\",\"isPartOf\":{\"@id\":\"https:\\\/\\\/www.ugtcomunicaciones.es\\\/wordpress\\\/#website\"},\"primaryImageOfPage\":{\"@id\":\"https:\\\/\\\/www.ugtcomunicaciones.es\\\/wordpress\\\/manifiesto-1-de-mayo-de-2018\\\/#primaryimage\"},\"image\":{\"@id\":\"https:\\\/\\\/www.ugtcomunicaciones.es\\\/wordpress\\\/manifiesto-1-de-mayo-de-2018\\\/#primaryimage\"},\"thumbnailUrl\":\"https:\\\/\\\/www.ugtcomunicaciones.es\\\/wordpress\\\/wp-content\\\/uploads\\\/2018\\\/04\\\/1\u00bamayo_cartelA3_UGT_2018.jpg\",\"datePublished\":\"2018-04-30T11:32:01+00:00\",\"dateModified\":\"2018-04-30T11:41:17+00:00\",\"description\":\"En este 1 de Mayo, D\u00eda Internacional del Trabajo, desde UGT animamos a la participaci\u00f3n de las trabajadoras y trabajadores para luchar contra la creciente precariedad y desigualdad laboral, gravadas por los a\u00f1os de crisis econ\u00f3mica, por las reformas laborales y por las pol\u00edticas de austeridad desde la crisis en 2008;\",\"breadcrumb\":{\"@id\":\"https:\\\/\\\/www.ugtcomunicaciones.es\\\/wordpress\\\/manifiesto-1-de-mayo-de-2018\\\/#breadcrumb\"},\"inLanguage\":\"es\",\"potentialAction\":[{\"@type\":\"ReadAction\",\"target\":[\"https:\\\/\\\/www.ugtcomunicaciones.es\\\/wordpress\\\/manifiesto-1-de-mayo-de-2018\\\/\"]}]},{\"@type\":\"ImageObject\",\"inLanguage\":\"es\",\"@id\":\"https:\\\/\\\/www.ugtcomunicaciones.es\\\/wordpress\\\/manifiesto-1-de-mayo-de-2018\\\/#primaryimage\",\"url\":\"https:\\\/\\\/www.ugtcomunicaciones.es\\\/wordpress\\\/wp-content\\\/uploads\\\/2018\\\/04\\\/1\u00bamayo_cartelA3_UGT_2018.jpg\",\"contentUrl\":\"https:\\\/\\\/www.ugtcomunicaciones.es\\\/wordpress\\\/wp-content\\\/uploads\\\/2018\\\/04\\\/1\u00bamayo_cartelA3_UGT_2018.jpg\",\"width\":400,\"height\":566},{\"@type\":\"BreadcrumbList\",\"@id\":\"https:\\\/\\\/www.ugtcomunicaciones.es\\\/wordpress\\\/manifiesto-1-de-mayo-de-2018\\\/#breadcrumb\",\"itemListElement\":[{\"@type\":\"ListItem\",\"position\":1,\"name\":\"Portada\",\"item\":\"https:\\\/\\\/www.ugtcomunicaciones.es\\\/wordpress\\\/\"},{\"@type\":\"ListItem\",\"position\":2,\"name\":\"Manifiesto 1 de mayo de 2018\"}]},{\"@type\":\"WebSite\",\"@id\":\"https:\\\/\\\/www.ugtcomunicaciones.es\\\/wordpress\\\/#website\",\"url\":\"https:\\\/\\\/www.ugtcomunicaciones.es\\\/wordpress\\\/\",\"name\":\"UGT Comunicaciones\",\"description\":\"Sindicato de Telecomunicaciones\",\"publisher\":{\"@id\":\"https:\\\/\\\/www.ugtcomunicaciones.es\\\/wordpress\\\/#organization\"},\"potentialAction\":[{\"@type\":\"SearchAction\",\"target\":{\"@type\":\"EntryPoint\",\"urlTemplate\":\"https:\\\/\\\/www.ugtcomunicaciones.es\\\/wordpress\\\/?s={search_term_string}\"},\"query-input\":{\"@type\":\"PropertyValueSpecification\",\"valueRequired\":true,\"valueName\":\"search_term_string\"}}],\"inLanguage\":\"es\"},{\"@type\":\"Organization\",\"@id\":\"https:\\\/\\\/www.ugtcomunicaciones.es\\\/wordpress\\\/#organization\",\"name\":\"UGT Comunicaciones\",\"url\":\"https:\\\/\\\/www.ugtcomunicaciones.es\\\/wordpress\\\/\",\"logo\":{\"@type\":\"ImageObject\",\"inLanguage\":\"es\",\"@id\":\"https:\\\/\\\/www.ugtcomunicaciones.es\\\/wordpress\\\/#\\\/schema\\\/logo\\\/image\\\/\",\"url\":\"https:\\\/\\\/www.ugtcomunicaciones.es\\\/wordpress\\\/wp-content\\\/uploads\\\/2024\\\/04\\\/comunicaciones_logo.png\",\"contentUrl\":\"https:\\\/\\\/www.ugtcomunicaciones.es\\\/wordpress\\\/wp-content\\\/uploads\\\/2024\\\/04\\\/comunicaciones_logo.png\",\"width\":298,\"height\":81,\"caption\":\"UGT Comunicaciones\"},\"image\":{\"@id\":\"https:\\\/\\\/www.ugtcomunicaciones.es\\\/wordpress\\\/#\\\/schema\\\/logo\\\/image\\\/\"},\"sameAs\":[\"https:\\\/\\\/www.facebook.com\\\/ugt.comunicaciones\\\/\",\"https:\\\/\\\/x.com\\\/ugtcom\"]},{\"@type\":\"Person\",\"@id\":\"https:\\\/\\\/www.ugtcomunicaciones.es\\\/wordpress\\\/#\\\/schema\\\/person\\\/eba0fc3fe5b444531d94d4368cba89ed\",\"name\":\"UGT\",\"image\":{\"@type\":\"ImageObject\",\"inLanguage\":\"es\",\"@id\":\"https:\\\/\\\/secure.gravatar.com\\\/avatar\\\/2a16057d620a4c646bcfc171c4f23030879ebbdd346f0525bd5d4a564e57e13d?s=96&d=mm&r=g\",\"url\":\"https:\\\/\\\/secure.gravatar.com\\\/avatar\\\/2a16057d620a4c646bcfc171c4f23030879ebbdd346f0525bd5d4a564e57e13d?s=96&d=mm&r=g\",\"contentUrl\":\"https:\\\/\\\/secure.gravatar.com\\\/avatar\\\/2a16057d620a4c646bcfc171c4f23030879ebbdd346f0525bd5d4a564e57e13d?s=96&d=mm&r=g\",\"caption\":\"UGT\"}}]}<\/script>\n<!-- \/ Yoast SEO Premium plugin. -->","yoast_head_json":{"title":"Manifiesto 1 de mayo de 2018 - UGT Comunicaciones","description":"En este 1 de Mayo, D\u00eda Internacional del Trabajo, desde UGT animamos a la participaci\u00f3n de las trabajadoras y trabajadores para luchar contra la creciente precariedad y desigualdad laboral, gravadas por los a\u00f1os de crisis econ\u00f3mica, por las reformas laborales y por las pol\u00edticas de austeridad desde la crisis en 2008;","robots":{"index":"index","follow":"follow","max-snippet":"max-snippet:-1","max-image-preview":"max-image-preview:large","max-video-preview":"max-video-preview:-1"},"canonical":"https:\/\/www.ugtcomunicaciones.es\/wordpress\/manifiesto-1-de-mayo-de-2018\/","og_locale":"es_ES","og_type":"article","og_title":"Manifiesto 1 de mayo de 2018","og_description":"En este 1 de Mayo, D\u00eda Internacional del Trabajo, desde UGT animamos a la participaci\u00f3n de las trabajadoras y trabajadores para luchar contra la creciente precariedad y desigualdad laboral, gravadas por los a\u00f1os de crisis econ\u00f3mica, por las reformas laborales y por las pol\u00edticas de austeridad desde la crisis en 2008;","og_url":"https:\/\/www.ugtcomunicaciones.es\/wordpress\/manifiesto-1-de-mayo-de-2018\/","og_site_name":"UGT Comunicaciones","article_publisher":"https:\/\/www.facebook.com\/ugt.comunicaciones\/","article_published_time":"2018-04-30T11:32:01+00:00","article_modified_time":"2018-04-30T11:41:17+00:00","og_image":[{"width":400,"height":566,"url":"https:\/\/www.ugtcomunicaciones.es\/wordpress\/wp-content\/uploads\/2018\/04\/1\u00bamayo_cartelA3_UGT_2018.jpg","type":"image\/jpeg"}],"author":"UGT","twitter_card":"summary_large_image","twitter_creator":"@ugtcom","twitter_site":"@ugtcom","twitter_misc":{"Escrito por":"UGT","Tiempo de lectura":"9 minutos"},"schema":{"@context":"https:\/\/schema.org","@graph":[{"@type":"Article","@id":"https:\/\/www.ugtcomunicaciones.es\/wordpress\/manifiesto-1-de-mayo-de-2018\/#article","isPartOf":{"@id":"https:\/\/www.ugtcomunicaciones.es\/wordpress\/manifiesto-1-de-mayo-de-2018\/"},"author":{"name":"UGT","@id":"https:\/\/www.ugtcomunicaciones.es\/wordpress\/#\/schema\/person\/eba0fc3fe5b444531d94d4368cba89ed"},"headline":"Manifiesto 1 de mayo de 2018","datePublished":"2018-04-30T11:32:01+00:00","dateModified":"2018-04-30T11:41:17+00:00","mainEntityOfPage":{"@id":"https:\/\/www.ugtcomunicaciones.es\/wordpress\/manifiesto-1-de-mayo-de-2018\/"},"wordCount":1890,"publisher":{"@id":"https:\/\/www.ugtcomunicaciones.es\/wordpress\/#organization"},"image":{"@id":"https:\/\/www.ugtcomunicaciones.es\/wordpress\/manifiesto-1-de-mayo-de-2018\/#primaryimage"},"thumbnailUrl":"https:\/\/www.ugtcomunicaciones.es\/wordpress\/wp-content\/uploads\/2018\/04\/1\u00bamayo_cartelA3_UGT_2018.jpg","articleSection":["Portada"],"inLanguage":"es"},{"@type":"WebPage","@id":"https:\/\/www.ugtcomunicaciones.es\/wordpress\/manifiesto-1-de-mayo-de-2018\/","url":"https:\/\/www.ugtcomunicaciones.es\/wordpress\/manifiesto-1-de-mayo-de-2018\/","name":"Manifiesto 1 de mayo de 2018 - UGT Comunicaciones","isPartOf":{"@id":"https:\/\/www.ugtcomunicaciones.es\/wordpress\/#website"},"primaryImageOfPage":{"@id":"https:\/\/www.ugtcomunicaciones.es\/wordpress\/manifiesto-1-de-mayo-de-2018\/#primaryimage"},"image":{"@id":"https:\/\/www.ugtcomunicaciones.es\/wordpress\/manifiesto-1-de-mayo-de-2018\/#primaryimage"},"thumbnailUrl":"https:\/\/www.ugtcomunicaciones.es\/wordpress\/wp-content\/uploads\/2018\/04\/1\u00bamayo_cartelA3_UGT_2018.jpg","datePublished":"2018-04-30T11:32:01+00:00","dateModified":"2018-04-30T11:41:17+00:00","description":"En este 1 de Mayo, D\u00eda Internacional del Trabajo, desde UGT animamos a la participaci\u00f3n de las trabajadoras y trabajadores para luchar contra la creciente precariedad y desigualdad laboral, gravadas por los a\u00f1os de crisis econ\u00f3mica, por las reformas laborales y por las pol\u00edticas de austeridad desde la crisis en 2008;","breadcrumb":{"@id":"https:\/\/www.ugtcomunicaciones.es\/wordpress\/manifiesto-1-de-mayo-de-2018\/#breadcrumb"},"inLanguage":"es","potentialAction":[{"@type":"ReadAction","target":["https:\/\/www.ugtcomunicaciones.es\/wordpress\/manifiesto-1-de-mayo-de-2018\/"]}]},{"@type":"ImageObject","inLanguage":"es","@id":"https:\/\/www.ugtcomunicaciones.es\/wordpress\/manifiesto-1-de-mayo-de-2018\/#primaryimage","url":"https:\/\/www.ugtcomunicaciones.es\/wordpress\/wp-content\/uploads\/2018\/04\/1\u00bamayo_cartelA3_UGT_2018.jpg","contentUrl":"https:\/\/www.ugtcomunicaciones.es\/wordpress\/wp-content\/uploads\/2018\/04\/1\u00bamayo_cartelA3_UGT_2018.jpg","width":400,"height":566},{"@type":"BreadcrumbList","@id":"https:\/\/www.ugtcomunicaciones.es\/wordpress\/manifiesto-1-de-mayo-de-2018\/#breadcrumb","itemListElement":[{"@type":"ListItem","position":1,"name":"Portada","item":"https:\/\/www.ugtcomunicaciones.es\/wordpress\/"},{"@type":"ListItem","position":2,"name":"Manifiesto 1 de mayo de 2018"}]},{"@type":"WebSite","@id":"https:\/\/www.ugtcomunicaciones.es\/wordpress\/#website","url":"https:\/\/www.ugtcomunicaciones.es\/wordpress\/","name":"UGT Comunicaciones","description":"Sindicato de Telecomunicaciones","publisher":{"@id":"https:\/\/www.ugtcomunicaciones.es\/wordpress\/#organization"},"potentialAction":[{"@type":"SearchAction","target":{"@type":"EntryPoint","urlTemplate":"https:\/\/www.ugtcomunicaciones.es\/wordpress\/?s={search_term_string}"},"query-input":{"@type":"PropertyValueSpecification","valueRequired":true,"valueName":"search_term_string"}}],"inLanguage":"es"},{"@type":"Organization","@id":"https:\/\/www.ugtcomunicaciones.es\/wordpress\/#organization","name":"UGT Comunicaciones","url":"https:\/\/www.ugtcomunicaciones.es\/wordpress\/","logo":{"@type":"ImageObject","inLanguage":"es","@id":"https:\/\/www.ugtcomunicaciones.es\/wordpress\/#\/schema\/logo\/image\/","url":"https:\/\/www.ugtcomunicaciones.es\/wordpress\/wp-content\/uploads\/2024\/04\/comunicaciones_logo.png","contentUrl":"https:\/\/www.ugtcomunicaciones.es\/wordpress\/wp-content\/uploads\/2024\/04\/comunicaciones_logo.png","width":298,"height":81,"caption":"UGT Comunicaciones"},"image":{"@id":"https:\/\/www.ugtcomunicaciones.es\/wordpress\/#\/schema\/logo\/image\/"},"sameAs":["https:\/\/www.facebook.com\/ugt.comunicaciones\/","https:\/\/x.com\/ugtcom"]},{"@type":"Person","@id":"https:\/\/www.ugtcomunicaciones.es\/wordpress\/#\/schema\/person\/eba0fc3fe5b444531d94d4368cba89ed","name":"UGT","image":{"@type":"ImageObject","inLanguage":"es","@id":"https:\/\/secure.gravatar.com\/avatar\/2a16057d620a4c646bcfc171c4f23030879ebbdd346f0525bd5d4a564e57e13d?s=96&d=mm&r=g","url":"https:\/\/secure.gravatar.com\/avatar\/2a16057d620a4c646bcfc171c4f23030879ebbdd346f0525bd5d4a564e57e13d?s=96&d=mm&r=g","contentUrl":"https:\/\/secure.gravatar.com\/avatar\/2a16057d620a4c646bcfc171c4f23030879ebbdd346f0525bd5d4a564e57e13d?s=96&d=mm&r=g","caption":"UGT"}}]}},"_links":{"self":[{"href":"https:\/\/www.ugtcomunicaciones.es\/wordpress\/wp-json\/wp\/v2\/posts\/143859","targetHints":{"allow":["GET"]}}],"collection":[{"href":"https:\/\/www.ugtcomunicaciones.es\/wordpress\/wp-json\/wp\/v2\/posts"}],"about":[{"href":"https:\/\/www.ugtcomunicaciones.es\/wordpress\/wp-json\/wp\/v2\/types\/post"}],"author":[{"embeddable":true,"href":"https:\/\/www.ugtcomunicaciones.es\/wordpress\/wp-json\/wp\/v2\/users\/3"}],"replies":[{"embeddable":true,"href":"https:\/\/www.ugtcomunicaciones.es\/wordpress\/wp-json\/wp\/v2\/comments?post=143859"}],"version-history":[{"count":0,"href":"https:\/\/www.ugtcomunicaciones.es\/wordpress\/wp-json\/wp\/v2\/posts\/143859\/revisions"}],"wp:featuredmedia":[{"embeddable":true,"href":"https:\/\/www.ugtcomunicaciones.es\/wordpress\/wp-json\/wp\/v2\/media\/143911"}],"wp:attachment":[{"href":"https:\/\/www.ugtcomunicaciones.es\/wordpress\/wp-json\/wp\/v2\/media?parent=143859"}],"wp:term":[{"taxonomy":"category","embeddable":true,"href":"https:\/\/www.ugtcomunicaciones.es\/wordpress\/wp-json\/wp\/v2\/categories?post=143859"},{"taxonomy":"post_tag","embeddable":true,"href":"https:\/\/www.ugtcomunicaciones.es\/wordpress\/wp-json\/wp\/v2\/tags?post=143859"}],"curies":[{"name":"wp","href":"https:\/\/api.w.org\/{rel}","templated":true}]}}