{"id":145374,"date":"2018-05-16T08:00:53","date_gmt":"2018-05-16T06:00:53","guid":{"rendered":"http:\/\/ugtcomunicaciones.es\/wordpress\/?p=145374"},"modified":"2018-05-03T16:30:10","modified_gmt":"2018-05-03T14:30:10","slug":"la-brecha-digital-en-francia","status":"publish","type":"post","link":"https:\/\/www.ugtcomunicaciones.es\/wordpress\/la-brecha-digital-en-francia\/","title":{"rendered":"La Brecha Digital en Francia"},"content":{"rendered":"<p style=\"text-align: justify;\"><img decoding=\"async\" class=\"size-full wp-image-145471 alignleft lazyload\" data-src=\"http:\/\/ugtcomunicaciones.es\/wordpress\/wp-content\/uploads\/2018\/05\/La-brecha-Francia-5-1.png\" alt=\"La-brecha-Francia-5\" width=\"143\" height=\"78\" src=\"data:image\/svg+xml;base64,PHN2ZyB3aWR0aD0iMSIgaGVpZ2h0PSIxIiB4bWxucz0iaHR0cDovL3d3dy53My5vcmcvMjAwMC9zdmciPjwvc3ZnPg==\" style=\"--smush-placeholder-width: 143px; --smush-placeholder-aspect-ratio: 143\/78;\" \/>La Brecha Digital, como fen\u00f3meno de desigualdad social, es muy proclive a las comparativas, especialmente si hablamos de pa\u00edses vecinos y con econom\u00edas robustas y semejantes. Este es el caso de Francia y Espa\u00f1a, ambos fronterizos y que se encuentran dentro del denominado UE-5 (Alemania, Reino Unido, Francia, Italia y Espa\u00f1a). No obstante, existen limitaciones en estas comparativas, ya que las magnitudes usadas no son siempre las mismas en t\u00e9rminos de velocidad, cobertura o disponibilidad.<\/p>\n<p style=\"text-align: justify;\">El informe publicado<a href=\"#_ftn1\" name=\"_ftnref1\">[1]<\/a> por la organizaci\u00f3n de consumidores UFC-Que Choisir<a href=\"#_ftn2\" name=\"_ftnref2\">[2]<\/a> viene al caso para realizar esta comparativa y perfilas las diferencias y coincidencias sobre el tama\u00f1o y el alcance de la Brecha Digital de ambos Estados.<\/p>\n<p style=\"text-align: justify;\">Comenzando con el n\u00famero de personas que no pueden acceder a Internet, UFC-Que Choisir afirma que 7,5 millones de franceses no tienen cobertura de Internet a una velocidad superior a 3 Mbps. En Espa\u00f1a, seg\u00fan la investigaci\u00f3n de <strong>UGT <\/strong>basada en datos de la CNMC y del Ministerio de Agenda Digital, 5 millones de espa\u00f1oles est\u00e1n situados en zonas con una velocidad de conexi\u00f3n a Internet inferior a 30 Mbps y 1,12 millones de espa\u00f1oles y espa\u00f1olas nunca podr\u00e1n conectarse a Internet mediante una conexi\u00f3n de banda ancha. Expresado en otra magnitud, el 17% de las l\u00edneas (2,35 millones de accesos telef\u00f3nicos) no alcanzan los 10 Mbps de velocidad m\u00e1xima.<\/p>\n<p style=\"text-align: justify;\">Si hablamos en t\u00e9rminos territoriales, municipales en este caso, Que Choisir indica que la \u201cexclusi\u00f3n digital afecta principalmente a los municipios m\u00e1s peque\u00f1os de Francia\u201d. As\u00ed, \u201cen municipios con menos de 1000 habitantes, menos de dos tercios de la poblaci\u00f3n tiene acceso a Internet en buenas condiciones\u201d. El estudio destaca que las NGN est\u00e1n disponible para menos del 1% de los habitantes en Creuse o Dordogne, mientras que est\u00e1n para el 90% de los residentes de Par\u00eds o Hauts-de-Seine. Por nuestra parte, en Espa\u00f1a hay casi 50.000 n\u00facleos de poblaci\u00f3n situados en zonas con una velocidad de conexi\u00f3n a Internet inferior a 30 Mbps. A continuaci\u00f3n, se muestran dos gr\u00e1ficas con la cobertura de velocidad para cada pa\u00eds:<\/p>\n<p style=\"text-align: justify;\"><img decoding=\"async\" class=\"size-full wp-image-145473 aligncenter lazyload\" data-src=\"http:\/\/ugtcomunicaciones.es\/wordpress\/wp-content\/uploads\/2018\/05\/La-brecha-Francia-1.png\" alt=\"La-brecha-Francia-1\" width=\"579\" height=\"353\" data-srcset=\"https:\/\/www.ugtcomunicaciones.es\/wordpress\/wp-content\/uploads\/2018\/05\/La-brecha-Francia-1.png 579w, https:\/\/www.ugtcomunicaciones.es\/wordpress\/wp-content\/uploads\/2018\/05\/La-brecha-Francia-1-300x183.png 300w\" data-sizes=\"(max-width: 579px) 100vw, 579px\" src=\"data:image\/svg+xml;base64,PHN2ZyB3aWR0aD0iMSIgaGVpZ2h0PSIxIiB4bWxucz0iaHR0cDovL3d3dy53My5vcmcvMjAwMC9zdmciPjwvc3ZnPg==\" style=\"--smush-placeholder-width: 579px; --smush-placeholder-aspect-ratio: 579\/353;\" \/><\/p>\n<p style=\"text-align: justify;\"><img decoding=\"async\" class=\"size-full wp-image-145474 aligncenter lazyload\" data-src=\"http:\/\/ugtcomunicaciones.es\/wordpress\/wp-content\/uploads\/2018\/05\/La-brecha-Francia-2.png\" alt=\"La-brecha-Francia-2\" width=\"642\" height=\"231\" data-srcset=\"https:\/\/www.ugtcomunicaciones.es\/wordpress\/wp-content\/uploads\/2018\/05\/La-brecha-Francia-2.png 642w, https:\/\/www.ugtcomunicaciones.es\/wordpress\/wp-content\/uploads\/2018\/05\/La-brecha-Francia-2-300x108.png 300w, https:\/\/www.ugtcomunicaciones.es\/wordpress\/wp-content\/uploads\/2018\/05\/La-brecha-Francia-2-640x231.png 640w\" data-sizes=\"(max-width: 642px) 100vw, 642px\" src=\"data:image\/svg+xml;base64,PHN2ZyB3aWR0aD0iMSIgaGVpZ2h0PSIxIiB4bWxucz0iaHR0cDovL3d3dy53My5vcmcvMjAwMC9zdmciPjwvc3ZnPg==\" style=\"--smush-placeholder-width: 642px; --smush-placeholder-aspect-ratio: 642\/231;\" \/><\/p>\n<p style=\"text-align: justify;\">El documento de la asociaci\u00f3n de consumidores gala acaba revisando el estado de las redes de fibra \u00f3ptica. Con una contundencia poco com\u00fan, tilda los planes del gobierno franc\u00e9s para llevar la fibra al 80% de los franceses en 2022<a href=\"#_ftn3\" name=\"_ftnref3\">[3]<\/a> con una \u201cobra quim\u00e9rica\u201d, y que seg\u00fan sus propios c\u00e1lculos, no se alcanzar\u00eda antes de 2035, con 13 a\u00f1os de retraso.<\/p>\n<p style=\"text-align: justify;\">Cierto es que, seg\u00fan los datos de la OCDE (primer gr\u00e1fico a continuaci\u00f3n) y la Comisi\u00f3n Europea (segundo), Francia sufre un severo retraso en infraestructuras de \u00faltima generaci\u00f3n:<\/p>\n<p><img decoding=\"async\" class=\"size-full wp-image-145475 aligncenter lazyload\" data-src=\"http:\/\/ugtcomunicaciones.es\/wordpress\/wp-content\/uploads\/2018\/05\/La-brecha-Francia-3.png\" alt=\"La-brecha-Francia-3\" width=\"600\" height=\"227\" data-srcset=\"https:\/\/www.ugtcomunicaciones.es\/wordpress\/wp-content\/uploads\/2018\/05\/La-brecha-Francia-3.png 600w, https:\/\/www.ugtcomunicaciones.es\/wordpress\/wp-content\/uploads\/2018\/05\/La-brecha-Francia-3-300x114.png 300w\" data-sizes=\"(max-width: 600px) 100vw, 600px\" src=\"data:image\/svg+xml;base64,PHN2ZyB3aWR0aD0iMSIgaGVpZ2h0PSIxIiB4bWxucz0iaHR0cDovL3d3dy53My5vcmcvMjAwMC9zdmciPjwvc3ZnPg==\" style=\"--smush-placeholder-width: 600px; --smush-placeholder-aspect-ratio: 600\/227;\" \/><\/p>\n<p><img decoding=\"async\" class=\"size-full wp-image-145476 aligncenter lazyload\" data-src=\"http:\/\/ugtcomunicaciones.es\/wordpress\/wp-content\/uploads\/2018\/05\/La-brecha-Francia-4.png\" alt=\"La-brecha-Francia-4\" width=\"600\" height=\"275\" data-srcset=\"https:\/\/www.ugtcomunicaciones.es\/wordpress\/wp-content\/uploads\/2018\/05\/La-brecha-Francia-4.png 600w, https:\/\/www.ugtcomunicaciones.es\/wordpress\/wp-content\/uploads\/2018\/05\/La-brecha-Francia-4-300x138.png 300w\" data-sizes=\"(max-width: 600px) 100vw, 600px\" src=\"data:image\/svg+xml;base64,PHN2ZyB3aWR0aD0iMSIgaGVpZ2h0PSIxIiB4bWxucz0iaHR0cDovL3d3dy53My5vcmcvMjAwMC9zdmciPjwvc3ZnPg==\" style=\"--smush-placeholder-width: 600px; --smush-placeholder-aspect-ratio: 600\/275;\" \/><\/p>\n<p style=\"text-align: justify;\">Las conclusiones de esta breve comparativa parecen claras: Espa\u00f1a presenta mejores infraestructuras que Francia, especialmente en t\u00e9rminos de fibra \u00f3ptica, con una mejor cobertura de banda ancha en general.<\/p>\n<h3 style=\"text-align: right;\"><span style=\"color: #ff0000;\"><strong>UGT<\/strong><\/span><strong> Comunicaciones<\/strong><\/h3>\n<p>&nbsp;<\/p>\n<p><span style=\"font-size: xx-small;\"><a href=\"#_ftnref1\" name=\"_ftn1\">[1]<\/a> <a href=\"https:\/\/www.quechoisir.org\/action-ufc-que-choisir-transition-vers-le-tres-haut-debit-l-inadmissible-amplificateur-de-la-fracture-numerique-n46732\/\" target=\"_blank\" rel=\"noopener\">https:\/\/www.quechoisir.org\/a<\/a><br \/>\n<a href=\"#_ftnref2\" name=\"_ftn2\">[2]<\/a> <a href=\"https:\/\/www.quechoisir.org\/dossier-ufc-que-choisir-t587\/\" target=\"_blank\" rel=\"noopener\">https:\/\/www.quechoisir.org\/dossier-ufc-que-choisir-t587\/<\/a><br \/>\n<a href=\"#_ftnref3\" name=\"_ftn3\">[3]<\/a> <a href=\"https:\/\/www.economie.gouv.fr\/files\/files\/PDF\/rapport-final-paul-champsaur_2014.pdf\" target=\"_blank\" rel=\"noopener\">https:\/\/www.economie.gouv.fr\/files\/files\/PDF\/rapport-final-paul-champsaur_2014.pdf<\/a><\/span><\/p>\n","protected":false},"excerpt":{"rendered":"<p>La Brecha Digital, como fen\u00f3meno de desigualdad social, es muy proclive a las comparativas, especialmente si hablamos de pa\u00edses vecinos y con econom\u00edas robustas y semejantes. Este es el caso de Francia y Espa\u00f1a, ambos fronterizos y que se encuentran dentro del denominado UE-5 (Alemania, Reino Unido, Francia, Italia y Espa\u00f1a). No obstante, existen limitaciones [&hellip;]<\/p>\n","protected":false},"author":3,"featured_media":145477,"comment_status":"closed","ping_status":"closed","sticky":false,"template":"","format":"standard","meta":{"footnotes":""},"categories":[16,12],"tags":[],"class_list":["post-145374","post","type-post","status-publish","format-standard","has-post-thumbnail","hentry","category-internet","category-regulacion"],"yoast_head":"<!-- This site is optimized with the Yoast SEO Premium plugin v27.3 (Yoast SEO v27.4) - https:\/\/yoast.com\/product\/yoast-seo-premium-wordpress\/ -->\n<title>La Brecha Digital en Francia - UGT Comunicaciones<\/title>\n<meta name=\"description\" content=\"La Brecha Digital, como fen\u00f3meno de desigualdad social, es muy proclive a las comparativas, especialmente si hablamos de pa\u00edses vecinos y con econom\u00edas robustas y semejantes. Este es el caso de Francia y Espa\u00f1a, ambos fronterizos y que se encuentran dentro del denominado UE-5 (Alemania, Reino Unido, Francia...\" \/>\n<meta name=\"robots\" content=\"index, follow, max-snippet:-1, max-image-preview:large, max-video-preview:-1\" \/>\n<link rel=\"canonical\" href=\"https:\/\/www.ugtcomunicaciones.es\/wordpress\/la-brecha-digital-en-francia\/\" \/>\n<meta property=\"og:locale\" content=\"es_ES\" \/>\n<meta property=\"og:type\" content=\"article\" \/>\n<meta property=\"og:title\" content=\"La Brecha Digital en Francia\" \/>\n<meta property=\"og:description\" content=\"La Brecha Digital, como fen\u00f3meno de desigualdad social, es muy proclive a las comparativas, especialmente si hablamos de pa\u00edses vecinos y con econom\u00edas robustas y semejantes. Este es el caso de Francia y Espa\u00f1a, ambos fronterizos y que se encuentran dentro del denominado UE-5 (Alemania, Reino Unido, Francia...\" \/>\n<meta property=\"og:url\" content=\"https:\/\/www.ugtcomunicaciones.es\/wordpress\/la-brecha-digital-en-francia\/\" \/>\n<meta property=\"og:site_name\" content=\"UGT Comunicaciones\" \/>\n<meta property=\"article:publisher\" content=\"https:\/\/www.facebook.com\/ugt.comunicaciones\/\" \/>\n<meta property=\"article:published_time\" content=\"2018-05-16T06:00:53+00:00\" \/>\n<meta property=\"og:image\" content=\"https:\/\/www.ugtcomunicaciones.es\/wordpress\/wp-content\/uploads\/2018\/05\/La-brecha-Francia-6.png\" \/>\n\t<meta property=\"og:image:width\" content=\"600\" \/>\n\t<meta property=\"og:image:height\" content=\"527\" \/>\n\t<meta property=\"og:image:type\" content=\"image\/png\" \/>\n<meta name=\"author\" content=\"UGT\" \/>\n<meta name=\"twitter:card\" content=\"summary_large_image\" \/>\n<meta name=\"twitter:creator\" content=\"@ugtcom\" \/>\n<meta name=\"twitter:site\" content=\"@ugtcom\" \/>\n<meta name=\"twitter:label1\" content=\"Escrito por\" \/>\n\t<meta name=\"twitter:data1\" content=\"UGT\" \/>\n\t<meta name=\"twitter:label2\" content=\"Tiempo de lectura\" \/>\n\t<meta name=\"twitter:data2\" content=\"3 minutos\" \/>\n<script type=\"application\/ld+json\" class=\"yoast-schema-graph\">{\"@context\":\"https:\\\/\\\/schema.org\",\"@graph\":[{\"@type\":\"Article\",\"@id\":\"https:\\\/\\\/www.ugtcomunicaciones.es\\\/wordpress\\\/la-brecha-digital-en-francia\\\/#article\",\"isPartOf\":{\"@id\":\"https:\\\/\\\/www.ugtcomunicaciones.es\\\/wordpress\\\/la-brecha-digital-en-francia\\\/\"},\"author\":{\"name\":\"UGT\",\"@id\":\"https:\\\/\\\/www.ugtcomunicaciones.es\\\/wordpress\\\/#\\\/schema\\\/person\\\/eba0fc3fe5b444531d94d4368cba89ed\"},\"headline\":\"La Brecha Digital en Francia\",\"datePublished\":\"2018-05-16T06:00:53+00:00\",\"mainEntityOfPage\":{\"@id\":\"https:\\\/\\\/www.ugtcomunicaciones.es\\\/wordpress\\\/la-brecha-digital-en-francia\\\/\"},\"wordCount\":520,\"publisher\":{\"@id\":\"https:\\\/\\\/www.ugtcomunicaciones.es\\\/wordpress\\\/#organization\"},\"image\":{\"@id\":\"https:\\\/\\\/www.ugtcomunicaciones.es\\\/wordpress\\\/la-brecha-digital-en-francia\\\/#primaryimage\"},\"thumbnailUrl\":\"https:\\\/\\\/www.ugtcomunicaciones.es\\\/wordpress\\\/wp-content\\\/uploads\\\/2018\\\/05\\\/La-brecha-Francia-6.png\",\"articleSection\":[\"Internet\",\"Regulaci\u00f3n\"],\"inLanguage\":\"es\"},{\"@type\":\"WebPage\",\"@id\":\"https:\\\/\\\/www.ugtcomunicaciones.es\\\/wordpress\\\/la-brecha-digital-en-francia\\\/\",\"url\":\"https:\\\/\\\/www.ugtcomunicaciones.es\\\/wordpress\\\/la-brecha-digital-en-francia\\\/\",\"name\":\"La Brecha Digital en Francia - UGT Comunicaciones\",\"isPartOf\":{\"@id\":\"https:\\\/\\\/www.ugtcomunicaciones.es\\\/wordpress\\\/#website\"},\"primaryImageOfPage\":{\"@id\":\"https:\\\/\\\/www.ugtcomunicaciones.es\\\/wordpress\\\/la-brecha-digital-en-francia\\\/#primaryimage\"},\"image\":{\"@id\":\"https:\\\/\\\/www.ugtcomunicaciones.es\\\/wordpress\\\/la-brecha-digital-en-francia\\\/#primaryimage\"},\"thumbnailUrl\":\"https:\\\/\\\/www.ugtcomunicaciones.es\\\/wordpress\\\/wp-content\\\/uploads\\\/2018\\\/05\\\/La-brecha-Francia-6.png\",\"datePublished\":\"2018-05-16T06:00:53+00:00\",\"description\":\"La Brecha Digital, como fen\u00f3meno de desigualdad social, es muy proclive a las comparativas, especialmente si hablamos de pa\u00edses vecinos y con econom\u00edas robustas y semejantes. Este es el caso de Francia y Espa\u00f1a, ambos fronterizos y que se encuentran dentro del denominado UE-5 (Alemania, Reino Unido, Francia...\",\"breadcrumb\":{\"@id\":\"https:\\\/\\\/www.ugtcomunicaciones.es\\\/wordpress\\\/la-brecha-digital-en-francia\\\/#breadcrumb\"},\"inLanguage\":\"es\",\"potentialAction\":[{\"@type\":\"ReadAction\",\"target\":[\"https:\\\/\\\/www.ugtcomunicaciones.es\\\/wordpress\\\/la-brecha-digital-en-francia\\\/\"]}]},{\"@type\":\"ImageObject\",\"inLanguage\":\"es\",\"@id\":\"https:\\\/\\\/www.ugtcomunicaciones.es\\\/wordpress\\\/la-brecha-digital-en-francia\\\/#primaryimage\",\"url\":\"https:\\\/\\\/www.ugtcomunicaciones.es\\\/wordpress\\\/wp-content\\\/uploads\\\/2018\\\/05\\\/La-brecha-Francia-6.png\",\"contentUrl\":\"https:\\\/\\\/www.ugtcomunicaciones.es\\\/wordpress\\\/wp-content\\\/uploads\\\/2018\\\/05\\\/La-brecha-Francia-6.png\",\"width\":600,\"height\":527,\"caption\":\"La-brecha-Francia-6\"},{\"@type\":\"BreadcrumbList\",\"@id\":\"https:\\\/\\\/www.ugtcomunicaciones.es\\\/wordpress\\\/la-brecha-digital-en-francia\\\/#breadcrumb\",\"itemListElement\":[{\"@type\":\"ListItem\",\"position\":1,\"name\":\"Portada\",\"item\":\"https:\\\/\\\/www.ugtcomunicaciones.es\\\/wordpress\\\/\"},{\"@type\":\"ListItem\",\"position\":2,\"name\":\"La Brecha Digital en Francia\"}]},{\"@type\":\"WebSite\",\"@id\":\"https:\\\/\\\/www.ugtcomunicaciones.es\\\/wordpress\\\/#website\",\"url\":\"https:\\\/\\\/www.ugtcomunicaciones.es\\\/wordpress\\\/\",\"name\":\"UGT Comunicaciones\",\"description\":\"Sindicato de Telecomunicaciones\",\"publisher\":{\"@id\":\"https:\\\/\\\/www.ugtcomunicaciones.es\\\/wordpress\\\/#organization\"},\"potentialAction\":[{\"@type\":\"SearchAction\",\"target\":{\"@type\":\"EntryPoint\",\"urlTemplate\":\"https:\\\/\\\/www.ugtcomunicaciones.es\\\/wordpress\\\/?s={search_term_string}\"},\"query-input\":{\"@type\":\"PropertyValueSpecification\",\"valueRequired\":true,\"valueName\":\"search_term_string\"}}],\"inLanguage\":\"es\"},{\"@type\":\"Organization\",\"@id\":\"https:\\\/\\\/www.ugtcomunicaciones.es\\\/wordpress\\\/#organization\",\"name\":\"UGT Comunicaciones\",\"url\":\"https:\\\/\\\/www.ugtcomunicaciones.es\\\/wordpress\\\/\",\"logo\":{\"@type\":\"ImageObject\",\"inLanguage\":\"es\",\"@id\":\"https:\\\/\\\/www.ugtcomunicaciones.es\\\/wordpress\\\/#\\\/schema\\\/logo\\\/image\\\/\",\"url\":\"https:\\\/\\\/www.ugtcomunicaciones.es\\\/wordpress\\\/wp-content\\\/uploads\\\/2024\\\/04\\\/comunicaciones_logo.png\",\"contentUrl\":\"https:\\\/\\\/www.ugtcomunicaciones.es\\\/wordpress\\\/wp-content\\\/uploads\\\/2024\\\/04\\\/comunicaciones_logo.png\",\"width\":298,\"height\":81,\"caption\":\"UGT Comunicaciones\"},\"image\":{\"@id\":\"https:\\\/\\\/www.ugtcomunicaciones.es\\\/wordpress\\\/#\\\/schema\\\/logo\\\/image\\\/\"},\"sameAs\":[\"https:\\\/\\\/www.facebook.com\\\/ugt.comunicaciones\\\/\",\"https:\\\/\\\/x.com\\\/ugtcom\"]},{\"@type\":\"Person\",\"@id\":\"https:\\\/\\\/www.ugtcomunicaciones.es\\\/wordpress\\\/#\\\/schema\\\/person\\\/eba0fc3fe5b444531d94d4368cba89ed\",\"name\":\"UGT\",\"image\":{\"@type\":\"ImageObject\",\"inLanguage\":\"es\",\"@id\":\"https:\\\/\\\/secure.gravatar.com\\\/avatar\\\/2a16057d620a4c646bcfc171c4f23030879ebbdd346f0525bd5d4a564e57e13d?s=96&d=mm&r=g\",\"url\":\"https:\\\/\\\/secure.gravatar.com\\\/avatar\\\/2a16057d620a4c646bcfc171c4f23030879ebbdd346f0525bd5d4a564e57e13d?s=96&d=mm&r=g\",\"contentUrl\":\"https:\\\/\\\/secure.gravatar.com\\\/avatar\\\/2a16057d620a4c646bcfc171c4f23030879ebbdd346f0525bd5d4a564e57e13d?s=96&d=mm&r=g\",\"caption\":\"UGT\"}}]}<\/script>\n<!-- \/ Yoast SEO Premium plugin. -->","yoast_head_json":{"title":"La Brecha Digital en Francia - UGT Comunicaciones","description":"La Brecha Digital, como fen\u00f3meno de desigualdad social, es muy proclive a las comparativas, especialmente si hablamos de pa\u00edses vecinos y con econom\u00edas robustas y semejantes. Este es el caso de Francia y Espa\u00f1a, ambos fronterizos y que se encuentran dentro del denominado UE-5 (Alemania, Reino Unido, Francia...","robots":{"index":"index","follow":"follow","max-snippet":"max-snippet:-1","max-image-preview":"max-image-preview:large","max-video-preview":"max-video-preview:-1"},"canonical":"https:\/\/www.ugtcomunicaciones.es\/wordpress\/la-brecha-digital-en-francia\/","og_locale":"es_ES","og_type":"article","og_title":"La Brecha Digital en Francia","og_description":"La Brecha Digital, como fen\u00f3meno de desigualdad social, es muy proclive a las comparativas, especialmente si hablamos de pa\u00edses vecinos y con econom\u00edas robustas y semejantes. Este es el caso de Francia y Espa\u00f1a, ambos fronterizos y que se encuentran dentro del denominado UE-5 (Alemania, Reino Unido, Francia...","og_url":"https:\/\/www.ugtcomunicaciones.es\/wordpress\/la-brecha-digital-en-francia\/","og_site_name":"UGT Comunicaciones","article_publisher":"https:\/\/www.facebook.com\/ugt.comunicaciones\/","article_published_time":"2018-05-16T06:00:53+00:00","og_image":[{"width":600,"height":527,"url":"https:\/\/www.ugtcomunicaciones.es\/wordpress\/wp-content\/uploads\/2018\/05\/La-brecha-Francia-6.png","type":"image\/png"}],"author":"UGT","twitter_card":"summary_large_image","twitter_creator":"@ugtcom","twitter_site":"@ugtcom","twitter_misc":{"Escrito por":"UGT","Tiempo de lectura":"3 minutos"},"schema":{"@context":"https:\/\/schema.org","@graph":[{"@type":"Article","@id":"https:\/\/www.ugtcomunicaciones.es\/wordpress\/la-brecha-digital-en-francia\/#article","isPartOf":{"@id":"https:\/\/www.ugtcomunicaciones.es\/wordpress\/la-brecha-digital-en-francia\/"},"author":{"name":"UGT","@id":"https:\/\/www.ugtcomunicaciones.es\/wordpress\/#\/schema\/person\/eba0fc3fe5b444531d94d4368cba89ed"},"headline":"La Brecha Digital en Francia","datePublished":"2018-05-16T06:00:53+00:00","mainEntityOfPage":{"@id":"https:\/\/www.ugtcomunicaciones.es\/wordpress\/la-brecha-digital-en-francia\/"},"wordCount":520,"publisher":{"@id":"https:\/\/www.ugtcomunicaciones.es\/wordpress\/#organization"},"image":{"@id":"https:\/\/www.ugtcomunicaciones.es\/wordpress\/la-brecha-digital-en-francia\/#primaryimage"},"thumbnailUrl":"https:\/\/www.ugtcomunicaciones.es\/wordpress\/wp-content\/uploads\/2018\/05\/La-brecha-Francia-6.png","articleSection":["Internet","Regulaci\u00f3n"],"inLanguage":"es"},{"@type":"WebPage","@id":"https:\/\/www.ugtcomunicaciones.es\/wordpress\/la-brecha-digital-en-francia\/","url":"https:\/\/www.ugtcomunicaciones.es\/wordpress\/la-brecha-digital-en-francia\/","name":"La Brecha Digital en Francia - UGT Comunicaciones","isPartOf":{"@id":"https:\/\/www.ugtcomunicaciones.es\/wordpress\/#website"},"primaryImageOfPage":{"@id":"https:\/\/www.ugtcomunicaciones.es\/wordpress\/la-brecha-digital-en-francia\/#primaryimage"},"image":{"@id":"https:\/\/www.ugtcomunicaciones.es\/wordpress\/la-brecha-digital-en-francia\/#primaryimage"},"thumbnailUrl":"https:\/\/www.ugtcomunicaciones.es\/wordpress\/wp-content\/uploads\/2018\/05\/La-brecha-Francia-6.png","datePublished":"2018-05-16T06:00:53+00:00","description":"La Brecha Digital, como fen\u00f3meno de desigualdad social, es muy proclive a las comparativas, especialmente si hablamos de pa\u00edses vecinos y con econom\u00edas robustas y semejantes. Este es el caso de Francia y Espa\u00f1a, ambos fronterizos y que se encuentran dentro del denominado UE-5 (Alemania, Reino Unido, Francia...","breadcrumb":{"@id":"https:\/\/www.ugtcomunicaciones.es\/wordpress\/la-brecha-digital-en-francia\/#breadcrumb"},"inLanguage":"es","potentialAction":[{"@type":"ReadAction","target":["https:\/\/www.ugtcomunicaciones.es\/wordpress\/la-brecha-digital-en-francia\/"]}]},{"@type":"ImageObject","inLanguage":"es","@id":"https:\/\/www.ugtcomunicaciones.es\/wordpress\/la-brecha-digital-en-francia\/#primaryimage","url":"https:\/\/www.ugtcomunicaciones.es\/wordpress\/wp-content\/uploads\/2018\/05\/La-brecha-Francia-6.png","contentUrl":"https:\/\/www.ugtcomunicaciones.es\/wordpress\/wp-content\/uploads\/2018\/05\/La-brecha-Francia-6.png","width":600,"height":527,"caption":"La-brecha-Francia-6"},{"@type":"BreadcrumbList","@id":"https:\/\/www.ugtcomunicaciones.es\/wordpress\/la-brecha-digital-en-francia\/#breadcrumb","itemListElement":[{"@type":"ListItem","position":1,"name":"Portada","item":"https:\/\/www.ugtcomunicaciones.es\/wordpress\/"},{"@type":"ListItem","position":2,"name":"La Brecha Digital en Francia"}]},{"@type":"WebSite","@id":"https:\/\/www.ugtcomunicaciones.es\/wordpress\/#website","url":"https:\/\/www.ugtcomunicaciones.es\/wordpress\/","name":"UGT Comunicaciones","description":"Sindicato de Telecomunicaciones","publisher":{"@id":"https:\/\/www.ugtcomunicaciones.es\/wordpress\/#organization"},"potentialAction":[{"@type":"SearchAction","target":{"@type":"EntryPoint","urlTemplate":"https:\/\/www.ugtcomunicaciones.es\/wordpress\/?s={search_term_string}"},"query-input":{"@type":"PropertyValueSpecification","valueRequired":true,"valueName":"search_term_string"}}],"inLanguage":"es"},{"@type":"Organization","@id":"https:\/\/www.ugtcomunicaciones.es\/wordpress\/#organization","name":"UGT Comunicaciones","url":"https:\/\/www.ugtcomunicaciones.es\/wordpress\/","logo":{"@type":"ImageObject","inLanguage":"es","@id":"https:\/\/www.ugtcomunicaciones.es\/wordpress\/#\/schema\/logo\/image\/","url":"https:\/\/www.ugtcomunicaciones.es\/wordpress\/wp-content\/uploads\/2024\/04\/comunicaciones_logo.png","contentUrl":"https:\/\/www.ugtcomunicaciones.es\/wordpress\/wp-content\/uploads\/2024\/04\/comunicaciones_logo.png","width":298,"height":81,"caption":"UGT Comunicaciones"},"image":{"@id":"https:\/\/www.ugtcomunicaciones.es\/wordpress\/#\/schema\/logo\/image\/"},"sameAs":["https:\/\/www.facebook.com\/ugt.comunicaciones\/","https:\/\/x.com\/ugtcom"]},{"@type":"Person","@id":"https:\/\/www.ugtcomunicaciones.es\/wordpress\/#\/schema\/person\/eba0fc3fe5b444531d94d4368cba89ed","name":"UGT","image":{"@type":"ImageObject","inLanguage":"es","@id":"https:\/\/secure.gravatar.com\/avatar\/2a16057d620a4c646bcfc171c4f23030879ebbdd346f0525bd5d4a564e57e13d?s=96&d=mm&r=g","url":"https:\/\/secure.gravatar.com\/avatar\/2a16057d620a4c646bcfc171c4f23030879ebbdd346f0525bd5d4a564e57e13d?s=96&d=mm&r=g","contentUrl":"https:\/\/secure.gravatar.com\/avatar\/2a16057d620a4c646bcfc171c4f23030879ebbdd346f0525bd5d4a564e57e13d?s=96&d=mm&r=g","caption":"UGT"}}]}},"_links":{"self":[{"href":"https:\/\/www.ugtcomunicaciones.es\/wordpress\/wp-json\/wp\/v2\/posts\/145374","targetHints":{"allow":["GET"]}}],"collection":[{"href":"https:\/\/www.ugtcomunicaciones.es\/wordpress\/wp-json\/wp\/v2\/posts"}],"about":[{"href":"https:\/\/www.ugtcomunicaciones.es\/wordpress\/wp-json\/wp\/v2\/types\/post"}],"author":[{"embeddable":true,"href":"https:\/\/www.ugtcomunicaciones.es\/wordpress\/wp-json\/wp\/v2\/users\/3"}],"replies":[{"embeddable":true,"href":"https:\/\/www.ugtcomunicaciones.es\/wordpress\/wp-json\/wp\/v2\/comments?post=145374"}],"version-history":[{"count":0,"href":"https:\/\/www.ugtcomunicaciones.es\/wordpress\/wp-json\/wp\/v2\/posts\/145374\/revisions"}],"wp:featuredmedia":[{"embeddable":true,"href":"https:\/\/www.ugtcomunicaciones.es\/wordpress\/wp-json\/wp\/v2\/media\/145477"}],"wp:attachment":[{"href":"https:\/\/www.ugtcomunicaciones.es\/wordpress\/wp-json\/wp\/v2\/media?parent=145374"}],"wp:term":[{"taxonomy":"category","embeddable":true,"href":"https:\/\/www.ugtcomunicaciones.es\/wordpress\/wp-json\/wp\/v2\/categories?post=145374"},{"taxonomy":"post_tag","embeddable":true,"href":"https:\/\/www.ugtcomunicaciones.es\/wordpress\/wp-json\/wp\/v2\/tags?post=145374"}],"curies":[{"name":"wp","href":"https:\/\/api.w.org\/{rel}","templated":true}]}}