{"id":1492,"date":"2017-05-29T20:43:53","date_gmt":"2017-05-29T19:43:53","guid":{"rendered":"http:\/\/www.ugtcom.h2301842.stratoserver.net\/wordpress\/wordpress\/?p=1492"},"modified":"2017-06-26T11:43:24","modified_gmt":"2017-06-26T10:43:24","slug":"1492-2","status":"publish","type":"post","link":"https:\/\/www.ugtcomunicaciones.es\/wordpress\/1492-2\/","title":{"rendered":"Comision de Control del Plan de Pensiones &#8211; Primer Trimestre 2017"},"content":{"rendered":"<p style=\"text-align: justify;\">Se re\u00fane la Comisi\u00f3n de Control con el siguiente orden del d\u00eda:<\/p>\n<p style=\"text-align: justify;\">&#8211; Aprobaci\u00f3n de las Cuentas Anuales del Fondo, correspondientes al ejercicio cerrado a 31 de\u00a0diciembre de 2016.<br \/>\n&#8211; Informe sobre la situaci\u00f3n macroecon\u00f3mica y los mercados financieros. Evoluci\u00f3n del Fondo y\u00a0Pol\u00edtica de Inversiones.<br \/>\n&#8211; Ratificaci\u00f3n de la decisi\u00f3n tomada en la Subcomisi\u00f3n de Inversiones de invertir en el fondo Partners\u00a0Group Global Infrastructure 2015 Program.<\/p>\n<p style=\"text-align: justify;\"><strong>Revisi\u00f3n de las cuentas anuales<\/strong><\/p>\n<p style=\"text-align: justify;\">A fecha de 31 de diciembre de 2016 el n\u00famero de part\u00edcipes del fondo es de 3882. Como cifras a destacar, en movilizaciones a otros planes de pensiones hemos tenido salidas del\u00a0fondo por valor de 9.040.432\u20ac, fundamentalmente debidas al ERE. Y movilizaciones\u00a0procedentes de otros planes de pensiones, por valor de 3.325.310 \u20ac en su mayor\u00eda del\u00a0traspaso de los derechos consolidados procedente de la disoluci\u00f3n del Plan de Pensiones\u00a0de Ono.<br \/>\nLas aportaciones del promotor han supuesto algo m\u00e1s de 5 millones de euros y las de los\u00a0part\u00edcipes 2.666.549 \u20ac.<br \/>\nEn cuanto a los beneficios del Fondo imputados al Plan han alcanzado 4.795.329,94 \u20ac a\u00a0dicha fecha.<br \/>\nLas cuentas anuales fueron aprobadas y se firmaron por el auditor sin ning\u00fan tipo de\u00a0objeci\u00f3n o comentario.<\/p>\n<p style=\"text-align: justify;\"><strong>Evoluci\u00f3n financiera<br \/>\n<\/strong><br \/>\nUna vez aprobadas las cuentas anuales procedemos a revisar la evoluci\u00f3n financiera del\u00a0Fondo:<br \/>\nDurante el primer trimestre del a\u00f1o la rentabilidad del Fondo ha alcanzado el 3,5%,\u00a0situ\u00e1ndose a d\u00eda de ayer en el 4,10% de rentabilidad neta acumulada anual. Proviniendo la\u00a0aportaci\u00f3n de valor principalmente de la renta variable euro.<\/p>\n<p style=\"text-align: justify;\">Mantenemos las coberturas para la renta variable Euro y USA que tienen fecha de\u00a0vencimiento en 2017. Para renta variable euro tenemos una cobertura aproximada del 33%\u00a0de la exposici\u00f3n y en un rango de cobertura de 2900-2600 puntos, con una exposici\u00f3n al\u00a0mercado desde los 2900 hasta los 3500 puntos del Eurostoxx 50. A pesar de que el\u00a0mercado se sit\u00faa en este momento ligeramente por encima de esos 3500 puntos por el\u00a0momento no ampliamos la cobertura ya que el coste que supondr\u00eda no nos resultar\u00eda\u00a0beneficioso. En cuanto a renta variable USA la cobertura es del 40% aproximadamente, en\u00a0el rango desde 2100 a 1900 puntos y una exposici\u00f3n a mercado de desde los 2100 a los\u00a02450 puntos del S&amp;P.<\/p>\n<p style=\"text-align: justify;\"><strong>Invertir en fondo Partners Group Global Infrastructure 2015 Program<\/strong><\/p>\n<p style=\"text-align: justify;\">En reuni\u00f3n mantenida el pasado 30 de marzo la Subcomisi\u00f3n de inversiones decidi\u00f3\u00a0invertir hasta un 2,5% del patrimonio en el fondo Partners Group Global Infrastructure 2015\u00a0Program. Esta decisi\u00f3n se ratifica a d\u00eda de hoy por el pleno de la Comisi\u00f3n de Control con\u00a0la idea de seguir potenciando la inversi\u00f3n alternativa que aporte rentabilidad adicional. Se\u00a0trata de un fondo que invierte en infraestructuras de comunicaci\u00f3n, energ\u00edas renovables\u2026 \u00a0con una cartera de m\u00e1s de 100 proyectos empresariales y unas tasas de retorno entre el 7 y\u00a0el 10%.<br \/>\nLa comisi\u00f3n de control en el pr\u00f3ximo Bolet\u00edn de informaci\u00f3n trimestral har\u00e1 hincapi\u00e9 en\u00a0los buenos resultados de nuestro Plan de Pensiones con la intenci\u00f3n de seguir\u00a0foment\u00e1ndolo entre los empleados. La empresa por su parte nos comenta la intenci\u00f3n de\u00a0incluir informaci\u00f3n sobre el Plan de Pensiones en los monitores de televisi\u00f3n corporativos.<\/p>\n<p style=\"text-align: justify;\">Sin m\u00e1s temas a tratar nos emplazamos a la pr\u00f3xima reuni\u00f3n.<\/p>\n<p style=\"text-align: justify;\"><img decoding=\"async\" class=\"aligncenter wp-image-1494 size-full lazyload\" data-src=\"http:\/\/ugtcomunicaciones.es\/wordpress\/wp-content\/uploads\/2017\/05\/pensiones_VF_03-05-17.png\" alt=\"\" width=\"663\" height=\"524\" data-srcset=\"https:\/\/www.ugtcomunicaciones.es\/wordpress\/wp-content\/uploads\/2017\/05\/pensiones_VF_03-05-17.png 663w, https:\/\/www.ugtcomunicaciones.es\/wordpress\/wp-content\/uploads\/2017\/05\/pensiones_VF_03-05-17-300x237.png 300w, https:\/\/www.ugtcomunicaciones.es\/wordpress\/wp-content\/uploads\/2017\/05\/pensiones_VF_03-05-17-531x420.png 531w, https:\/\/www.ugtcomunicaciones.es\/wordpress\/wp-content\/uploads\/2017\/05\/pensiones_VF_03-05-17-640x506.png 640w\" data-sizes=\"(max-width: 663px) 100vw, 663px\" src=\"data:image\/svg+xml;base64,PHN2ZyB3aWR0aD0iMSIgaGVpZ2h0PSIxIiB4bWxucz0iaHR0cDovL3d3dy53My5vcmcvMjAwMC9zdmciPjwvc3ZnPg==\" style=\"--smush-placeholder-width: 663px; --smush-placeholder-aspect-ratio: 663\/524;\" \/><\/p>\n","protected":false},"excerpt":{"rendered":"<p>Se re\u00fane la Comisi\u00f3n de Control con el siguiente orden del d\u00eda: &#8211; Aprobaci\u00f3n de las Cuentas Anuales del Fondo, correspondientes al ejercicio cerrado a 31 de\u00a0diciembre de 2016. &#8211; Informe sobre la situaci\u00f3n macroecon\u00f3mica y los mercados financieros. Evoluci\u00f3n del Fondo y\u00a0Pol\u00edtica de Inversiones. &#8211; Ratificaci\u00f3n de la decisi\u00f3n tomada en la Subcomisi\u00f3n de [&hellip;]<\/p>\n","protected":false},"author":3,"featured_media":1493,"comment_status":"open","ping_status":"closed","sticky":false,"template":"","format":"standard","meta":{"footnotes":""},"categories":[27,28,29,48],"tags":[],"class_list":["post-1492","post","type-post","status-publish","format-standard","has-post-thumbnail","hentry","category-grupo-vodafone","category-vodafone-es","category-vodafone-ono","category-vodafone-servicios"],"yoast_head":"<!-- This site is optimized with the Yoast SEO Premium plugin v27.3 (Yoast SEO v27.4) - https:\/\/yoast.com\/product\/yoast-seo-premium-wordpress\/ -->\n<title>Comision de Control del Plan de Pensiones - Primer Trimestre 2017 - UGT Comunicaciones<\/title>\n<meta name=\"robots\" content=\"index, follow, max-snippet:-1, max-image-preview:large, max-video-preview:-1\" \/>\n<link rel=\"canonical\" href=\"https:\/\/www.ugtcomunicaciones.es\/wordpress\/1492-2\/\" \/>\n<meta property=\"og:locale\" content=\"es_ES\" \/>\n<meta property=\"og:type\" content=\"article\" \/>\n<meta property=\"og:title\" content=\"Comision de Control del Plan de Pensiones - Primer Trimestre 2017\" \/>\n<meta property=\"og:description\" content=\"Se re\u00fane la Comisi\u00f3n de Control con el siguiente orden del d\u00eda: &#8211; Aprobaci\u00f3n de las Cuentas Anuales del Fondo, correspondientes al ejercicio cerrado a 31 de\u00a0diciembre de 2016. &#8211; Informe sobre la situaci\u00f3n macroecon\u00f3mica y los mercados financieros. Evoluci\u00f3n del Fondo y\u00a0Pol\u00edtica de Inversiones. &#8211; Ratificaci\u00f3n de la decisi\u00f3n tomada en la Subcomisi\u00f3n de [&hellip;]\" \/>\n<meta property=\"og:url\" content=\"https:\/\/www.ugtcomunicaciones.es\/wordpress\/1492-2\/\" \/>\n<meta property=\"og:site_name\" content=\"UGT Comunicaciones\" \/>\n<meta property=\"article:publisher\" content=\"https:\/\/www.facebook.com\/ugt.comunicaciones\/\" \/>\n<meta property=\"article:published_time\" content=\"2017-05-29T19:43:53+00:00\" \/>\n<meta property=\"article:modified_time\" content=\"2017-06-26T10:43:24+00:00\" \/>\n<meta property=\"og:image\" content=\"https:\/\/www.ugtcomunicaciones.es\/wordpress\/wp-content\/uploads\/2017\/05\/PENSION.jpg\" \/>\n\t<meta property=\"og:image:width\" content=\"600\" \/>\n\t<meta property=\"og:image:height\" content=\"600\" \/>\n\t<meta property=\"og:image:type\" content=\"image\/jpeg\" \/>\n<meta name=\"author\" content=\"UGT\" \/>\n<meta name=\"twitter:card\" content=\"summary_large_image\" \/>\n<meta name=\"twitter:creator\" content=\"@ugtcom\" \/>\n<meta name=\"twitter:site\" content=\"@ugtcom\" \/>\n<meta name=\"twitter:label1\" content=\"Escrito por\" \/>\n\t<meta name=\"twitter:data1\" content=\"UGT\" \/>\n\t<meta name=\"twitter:label2\" content=\"Tiempo de lectura\" \/>\n\t<meta name=\"twitter:data2\" content=\"3 minutos\" \/>\n<script type=\"application\/ld+json\" class=\"yoast-schema-graph\">{\"@context\":\"https:\\\/\\\/schema.org\",\"@graph\":[{\"@type\":\"Article\",\"@id\":\"https:\\\/\\\/www.ugtcomunicaciones.es\\\/wordpress\\\/1492-2\\\/#article\",\"isPartOf\":{\"@id\":\"https:\\\/\\\/www.ugtcomunicaciones.es\\\/wordpress\\\/1492-2\\\/\"},\"author\":{\"name\":\"UGT\",\"@id\":\"https:\\\/\\\/www.ugtcomunicaciones.es\\\/wordpress\\\/#\\\/schema\\\/person\\\/eba0fc3fe5b444531d94d4368cba89ed\"},\"headline\":\"Comision de Control del Plan de Pensiones &#8211; Primer Trimestre 2017\",\"datePublished\":\"2017-05-29T19:43:53+00:00\",\"dateModified\":\"2017-06-26T10:43:24+00:00\",\"mainEntityOfPage\":{\"@id\":\"https:\\\/\\\/www.ugtcomunicaciones.es\\\/wordpress\\\/1492-2\\\/\"},\"wordCount\":575,\"commentCount\":0,\"publisher\":{\"@id\":\"https:\\\/\\\/www.ugtcomunicaciones.es\\\/wordpress\\\/#organization\"},\"image\":{\"@id\":\"https:\\\/\\\/www.ugtcomunicaciones.es\\\/wordpress\\\/1492-2\\\/#primaryimage\"},\"thumbnailUrl\":\"https:\\\/\\\/www.ugtcomunicaciones.es\\\/wordpress\\\/wp-content\\\/uploads\\\/2017\\\/05\\\/PENSION.jpg\",\"articleSection\":[\"Grupo Vodafone\",\"Vodafone Espa\u00f1a\",\"Vodafone ONO\",\"Vodafone Servicios\"],\"inLanguage\":\"es\",\"potentialAction\":[{\"@type\":\"CommentAction\",\"name\":\"Comment\",\"target\":[\"https:\\\/\\\/www.ugtcomunicaciones.es\\\/wordpress\\\/1492-2\\\/#respond\"]}]},{\"@type\":\"WebPage\",\"@id\":\"https:\\\/\\\/www.ugtcomunicaciones.es\\\/wordpress\\\/1492-2\\\/\",\"url\":\"https:\\\/\\\/www.ugtcomunicaciones.es\\\/wordpress\\\/1492-2\\\/\",\"name\":\"Comision de Control del Plan de Pensiones - Primer Trimestre 2017 - UGT Comunicaciones\",\"isPartOf\":{\"@id\":\"https:\\\/\\\/www.ugtcomunicaciones.es\\\/wordpress\\\/#website\"},\"primaryImageOfPage\":{\"@id\":\"https:\\\/\\\/www.ugtcomunicaciones.es\\\/wordpress\\\/1492-2\\\/#primaryimage\"},\"image\":{\"@id\":\"https:\\\/\\\/www.ugtcomunicaciones.es\\\/wordpress\\\/1492-2\\\/#primaryimage\"},\"thumbnailUrl\":\"https:\\\/\\\/www.ugtcomunicaciones.es\\\/wordpress\\\/wp-content\\\/uploads\\\/2017\\\/05\\\/PENSION.jpg\",\"datePublished\":\"2017-05-29T19:43:53+00:00\",\"dateModified\":\"2017-06-26T10:43:24+00:00\",\"breadcrumb\":{\"@id\":\"https:\\\/\\\/www.ugtcomunicaciones.es\\\/wordpress\\\/1492-2\\\/#breadcrumb\"},\"inLanguage\":\"es\",\"potentialAction\":[{\"@type\":\"ReadAction\",\"target\":[\"https:\\\/\\\/www.ugtcomunicaciones.es\\\/wordpress\\\/1492-2\\\/\"]}]},{\"@type\":\"ImageObject\",\"inLanguage\":\"es\",\"@id\":\"https:\\\/\\\/www.ugtcomunicaciones.es\\\/wordpress\\\/1492-2\\\/#primaryimage\",\"url\":\"https:\\\/\\\/www.ugtcomunicaciones.es\\\/wordpress\\\/wp-content\\\/uploads\\\/2017\\\/05\\\/PENSION.jpg\",\"contentUrl\":\"https:\\\/\\\/www.ugtcomunicaciones.es\\\/wordpress\\\/wp-content\\\/uploads\\\/2017\\\/05\\\/PENSION.jpg\",\"width\":600,\"height\":600},{\"@type\":\"BreadcrumbList\",\"@id\":\"https:\\\/\\\/www.ugtcomunicaciones.es\\\/wordpress\\\/1492-2\\\/#breadcrumb\",\"itemListElement\":[{\"@type\":\"ListItem\",\"position\":1,\"name\":\"Portada\",\"item\":\"https:\\\/\\\/www.ugtcomunicaciones.es\\\/wordpress\\\/\"},{\"@type\":\"ListItem\",\"position\":2,\"name\":\"Comision de Control del Plan de Pensiones &#8211; Primer Trimestre 2017\"}]},{\"@type\":\"WebSite\",\"@id\":\"https:\\\/\\\/www.ugtcomunicaciones.es\\\/wordpress\\\/#website\",\"url\":\"https:\\\/\\\/www.ugtcomunicaciones.es\\\/wordpress\\\/\",\"name\":\"UGT Comunicaciones\",\"description\":\"Sindicato de Telecomunicaciones\",\"publisher\":{\"@id\":\"https:\\\/\\\/www.ugtcomunicaciones.es\\\/wordpress\\\/#organization\"},\"potentialAction\":[{\"@type\":\"SearchAction\",\"target\":{\"@type\":\"EntryPoint\",\"urlTemplate\":\"https:\\\/\\\/www.ugtcomunicaciones.es\\\/wordpress\\\/?s={search_term_string}\"},\"query-input\":{\"@type\":\"PropertyValueSpecification\",\"valueRequired\":true,\"valueName\":\"search_term_string\"}}],\"inLanguage\":\"es\"},{\"@type\":\"Organization\",\"@id\":\"https:\\\/\\\/www.ugtcomunicaciones.es\\\/wordpress\\\/#organization\",\"name\":\"UGT Comunicaciones\",\"url\":\"https:\\\/\\\/www.ugtcomunicaciones.es\\\/wordpress\\\/\",\"logo\":{\"@type\":\"ImageObject\",\"inLanguage\":\"es\",\"@id\":\"https:\\\/\\\/www.ugtcomunicaciones.es\\\/wordpress\\\/#\\\/schema\\\/logo\\\/image\\\/\",\"url\":\"https:\\\/\\\/www.ugtcomunicaciones.es\\\/wordpress\\\/wp-content\\\/uploads\\\/2024\\\/04\\\/comunicaciones_logo.png\",\"contentUrl\":\"https:\\\/\\\/www.ugtcomunicaciones.es\\\/wordpress\\\/wp-content\\\/uploads\\\/2024\\\/04\\\/comunicaciones_logo.png\",\"width\":298,\"height\":81,\"caption\":\"UGT Comunicaciones\"},\"image\":{\"@id\":\"https:\\\/\\\/www.ugtcomunicaciones.es\\\/wordpress\\\/#\\\/schema\\\/logo\\\/image\\\/\"},\"sameAs\":[\"https:\\\/\\\/www.facebook.com\\\/ugt.comunicaciones\\\/\",\"https:\\\/\\\/x.com\\\/ugtcom\"]},{\"@type\":\"Person\",\"@id\":\"https:\\\/\\\/www.ugtcomunicaciones.es\\\/wordpress\\\/#\\\/schema\\\/person\\\/eba0fc3fe5b444531d94d4368cba89ed\",\"name\":\"UGT\",\"image\":{\"@type\":\"ImageObject\",\"inLanguage\":\"es\",\"@id\":\"https:\\\/\\\/secure.gravatar.com\\\/avatar\\\/2a16057d620a4c646bcfc171c4f23030879ebbdd346f0525bd5d4a564e57e13d?s=96&d=mm&r=g\",\"url\":\"https:\\\/\\\/secure.gravatar.com\\\/avatar\\\/2a16057d620a4c646bcfc171c4f23030879ebbdd346f0525bd5d4a564e57e13d?s=96&d=mm&r=g\",\"contentUrl\":\"https:\\\/\\\/secure.gravatar.com\\\/avatar\\\/2a16057d620a4c646bcfc171c4f23030879ebbdd346f0525bd5d4a564e57e13d?s=96&d=mm&r=g\",\"caption\":\"UGT\"}}]}<\/script>\n<!-- \/ Yoast SEO Premium plugin. -->","yoast_head_json":{"title":"Comision de Control del Plan de Pensiones - Primer Trimestre 2017 - UGT Comunicaciones","robots":{"index":"index","follow":"follow","max-snippet":"max-snippet:-1","max-image-preview":"max-image-preview:large","max-video-preview":"max-video-preview:-1"},"canonical":"https:\/\/www.ugtcomunicaciones.es\/wordpress\/1492-2\/","og_locale":"es_ES","og_type":"article","og_title":"Comision de Control del Plan de Pensiones - Primer Trimestre 2017","og_description":"Se re\u00fane la Comisi\u00f3n de Control con el siguiente orden del d\u00eda: &#8211; Aprobaci\u00f3n de las Cuentas Anuales del Fondo, correspondientes al ejercicio cerrado a 31 de\u00a0diciembre de 2016. &#8211; Informe sobre la situaci\u00f3n macroecon\u00f3mica y los mercados financieros. Evoluci\u00f3n del Fondo y\u00a0Pol\u00edtica de Inversiones. &#8211; Ratificaci\u00f3n de la decisi\u00f3n tomada en la Subcomisi\u00f3n de [&hellip;]","og_url":"https:\/\/www.ugtcomunicaciones.es\/wordpress\/1492-2\/","og_site_name":"UGT Comunicaciones","article_publisher":"https:\/\/www.facebook.com\/ugt.comunicaciones\/","article_published_time":"2017-05-29T19:43:53+00:00","article_modified_time":"2017-06-26T10:43:24+00:00","og_image":[{"width":600,"height":600,"url":"https:\/\/www.ugtcomunicaciones.es\/wordpress\/wp-content\/uploads\/2017\/05\/PENSION.jpg","type":"image\/jpeg"}],"author":"UGT","twitter_card":"summary_large_image","twitter_creator":"@ugtcom","twitter_site":"@ugtcom","twitter_misc":{"Escrito por":"UGT","Tiempo de lectura":"3 minutos"},"schema":{"@context":"https:\/\/schema.org","@graph":[{"@type":"Article","@id":"https:\/\/www.ugtcomunicaciones.es\/wordpress\/1492-2\/#article","isPartOf":{"@id":"https:\/\/www.ugtcomunicaciones.es\/wordpress\/1492-2\/"},"author":{"name":"UGT","@id":"https:\/\/www.ugtcomunicaciones.es\/wordpress\/#\/schema\/person\/eba0fc3fe5b444531d94d4368cba89ed"},"headline":"Comision de Control del Plan de Pensiones &#8211; Primer Trimestre 2017","datePublished":"2017-05-29T19:43:53+00:00","dateModified":"2017-06-26T10:43:24+00:00","mainEntityOfPage":{"@id":"https:\/\/www.ugtcomunicaciones.es\/wordpress\/1492-2\/"},"wordCount":575,"commentCount":0,"publisher":{"@id":"https:\/\/www.ugtcomunicaciones.es\/wordpress\/#organization"},"image":{"@id":"https:\/\/www.ugtcomunicaciones.es\/wordpress\/1492-2\/#primaryimage"},"thumbnailUrl":"https:\/\/www.ugtcomunicaciones.es\/wordpress\/wp-content\/uploads\/2017\/05\/PENSION.jpg","articleSection":["Grupo Vodafone","Vodafone Espa\u00f1a","Vodafone ONO","Vodafone Servicios"],"inLanguage":"es","potentialAction":[{"@type":"CommentAction","name":"Comment","target":["https:\/\/www.ugtcomunicaciones.es\/wordpress\/1492-2\/#respond"]}]},{"@type":"WebPage","@id":"https:\/\/www.ugtcomunicaciones.es\/wordpress\/1492-2\/","url":"https:\/\/www.ugtcomunicaciones.es\/wordpress\/1492-2\/","name":"Comision de Control del Plan de Pensiones - Primer Trimestre 2017 - UGT Comunicaciones","isPartOf":{"@id":"https:\/\/www.ugtcomunicaciones.es\/wordpress\/#website"},"primaryImageOfPage":{"@id":"https:\/\/www.ugtcomunicaciones.es\/wordpress\/1492-2\/#primaryimage"},"image":{"@id":"https:\/\/www.ugtcomunicaciones.es\/wordpress\/1492-2\/#primaryimage"},"thumbnailUrl":"https:\/\/www.ugtcomunicaciones.es\/wordpress\/wp-content\/uploads\/2017\/05\/PENSION.jpg","datePublished":"2017-05-29T19:43:53+00:00","dateModified":"2017-06-26T10:43:24+00:00","breadcrumb":{"@id":"https:\/\/www.ugtcomunicaciones.es\/wordpress\/1492-2\/#breadcrumb"},"inLanguage":"es","potentialAction":[{"@type":"ReadAction","target":["https:\/\/www.ugtcomunicaciones.es\/wordpress\/1492-2\/"]}]},{"@type":"ImageObject","inLanguage":"es","@id":"https:\/\/www.ugtcomunicaciones.es\/wordpress\/1492-2\/#primaryimage","url":"https:\/\/www.ugtcomunicaciones.es\/wordpress\/wp-content\/uploads\/2017\/05\/PENSION.jpg","contentUrl":"https:\/\/www.ugtcomunicaciones.es\/wordpress\/wp-content\/uploads\/2017\/05\/PENSION.jpg","width":600,"height":600},{"@type":"BreadcrumbList","@id":"https:\/\/www.ugtcomunicaciones.es\/wordpress\/1492-2\/#breadcrumb","itemListElement":[{"@type":"ListItem","position":1,"name":"Portada","item":"https:\/\/www.ugtcomunicaciones.es\/wordpress\/"},{"@type":"ListItem","position":2,"name":"Comision de Control del Plan de Pensiones &#8211; Primer Trimestre 2017"}]},{"@type":"WebSite","@id":"https:\/\/www.ugtcomunicaciones.es\/wordpress\/#website","url":"https:\/\/www.ugtcomunicaciones.es\/wordpress\/","name":"UGT Comunicaciones","description":"Sindicato de Telecomunicaciones","publisher":{"@id":"https:\/\/www.ugtcomunicaciones.es\/wordpress\/#organization"},"potentialAction":[{"@type":"SearchAction","target":{"@type":"EntryPoint","urlTemplate":"https:\/\/www.ugtcomunicaciones.es\/wordpress\/?s={search_term_string}"},"query-input":{"@type":"PropertyValueSpecification","valueRequired":true,"valueName":"search_term_string"}}],"inLanguage":"es"},{"@type":"Organization","@id":"https:\/\/www.ugtcomunicaciones.es\/wordpress\/#organization","name":"UGT Comunicaciones","url":"https:\/\/www.ugtcomunicaciones.es\/wordpress\/","logo":{"@type":"ImageObject","inLanguage":"es","@id":"https:\/\/www.ugtcomunicaciones.es\/wordpress\/#\/schema\/logo\/image\/","url":"https:\/\/www.ugtcomunicaciones.es\/wordpress\/wp-content\/uploads\/2024\/04\/comunicaciones_logo.png","contentUrl":"https:\/\/www.ugtcomunicaciones.es\/wordpress\/wp-content\/uploads\/2024\/04\/comunicaciones_logo.png","width":298,"height":81,"caption":"UGT Comunicaciones"},"image":{"@id":"https:\/\/www.ugtcomunicaciones.es\/wordpress\/#\/schema\/logo\/image\/"},"sameAs":["https:\/\/www.facebook.com\/ugt.comunicaciones\/","https:\/\/x.com\/ugtcom"]},{"@type":"Person","@id":"https:\/\/www.ugtcomunicaciones.es\/wordpress\/#\/schema\/person\/eba0fc3fe5b444531d94d4368cba89ed","name":"UGT","image":{"@type":"ImageObject","inLanguage":"es","@id":"https:\/\/secure.gravatar.com\/avatar\/2a16057d620a4c646bcfc171c4f23030879ebbdd346f0525bd5d4a564e57e13d?s=96&d=mm&r=g","url":"https:\/\/secure.gravatar.com\/avatar\/2a16057d620a4c646bcfc171c4f23030879ebbdd346f0525bd5d4a564e57e13d?s=96&d=mm&r=g","contentUrl":"https:\/\/secure.gravatar.com\/avatar\/2a16057d620a4c646bcfc171c4f23030879ebbdd346f0525bd5d4a564e57e13d?s=96&d=mm&r=g","caption":"UGT"}}]}},"_links":{"self":[{"href":"https:\/\/www.ugtcomunicaciones.es\/wordpress\/wp-json\/wp\/v2\/posts\/1492","targetHints":{"allow":["GET"]}}],"collection":[{"href":"https:\/\/www.ugtcomunicaciones.es\/wordpress\/wp-json\/wp\/v2\/posts"}],"about":[{"href":"https:\/\/www.ugtcomunicaciones.es\/wordpress\/wp-json\/wp\/v2\/types\/post"}],"author":[{"embeddable":true,"href":"https:\/\/www.ugtcomunicaciones.es\/wordpress\/wp-json\/wp\/v2\/users\/3"}],"replies":[{"embeddable":true,"href":"https:\/\/www.ugtcomunicaciones.es\/wordpress\/wp-json\/wp\/v2\/comments?post=1492"}],"version-history":[{"count":0,"href":"https:\/\/www.ugtcomunicaciones.es\/wordpress\/wp-json\/wp\/v2\/posts\/1492\/revisions"}],"wp:featuredmedia":[{"embeddable":true,"href":"https:\/\/www.ugtcomunicaciones.es\/wordpress\/wp-json\/wp\/v2\/media\/1493"}],"wp:attachment":[{"href":"https:\/\/www.ugtcomunicaciones.es\/wordpress\/wp-json\/wp\/v2\/media?parent=1492"}],"wp:term":[{"taxonomy":"category","embeddable":true,"href":"https:\/\/www.ugtcomunicaciones.es\/wordpress\/wp-json\/wp\/v2\/categories?post=1492"},{"taxonomy":"post_tag","embeddable":true,"href":"https:\/\/www.ugtcomunicaciones.es\/wordpress\/wp-json\/wp\/v2\/tags?post=1492"}],"curies":[{"name":"wp","href":"https:\/\/api.w.org\/{rel}","templated":true}]}}