{"id":1520,"date":"2017-06-12T10:15:12","date_gmt":"2017-06-12T09:15:12","guid":{"rendered":"http:\/\/www.ugtcom.h2301842.stratoserver.net\/wordpress\/wordpress\/?p=1520"},"modified":"2017-05-29T12:26:34","modified_gmt":"2017-05-29T11:26:34","slug":"especial-numero-75-las-12-noticias-mas-leidas","status":"publish","type":"post","link":"https:\/\/www.ugtcomunicaciones.es\/wordpress\/especial-numero-75-las-12-noticias-mas-leidas\/","title":{"rendered":"Especial n\u00famero 75: las 12 noticias m\u00e1s le\u00eddas"},"content":{"rendered":"<p style=\"text-align: justify\">Con motivo del n\u00famero 75 de estos boletines quincenales que venimos difundiendo desde 2014, hemos recopilado una selecci\u00f3n de las 12 noticias m\u00e1s le\u00eddas en nuestra web, como resumen y homenaje a este intenso periodo.<\/p>\n<p style=\"text-align: justify\">Efectivamente, en estos 3 a\u00f1os hemos publicado m\u00e1s de 650 art\u00edculos, en un aut\u00e9ntico ejercicio de transparencia e informaci\u00f3n a los trabajadores del Sector de las Comunicaciones, incluyendo todo tipo de asuntos y pol\u00e9micas, siempre desde una \u00f3ptica sindical y reivindicativa, pero tambi\u00e9n de opini\u00f3n y altura de miras. Sirva por tanto este breve repaso como una forma de poner en perspectiva un trabajo sindical \u00fanico en nuestro Sector.<\/p>\n<p><strong>Fracaso de reguladores y legisladores espa\u00f1oles para adaptarse a la era digital<br \/>\n<\/strong><a href=\"http:\/\/www.smcugt.org\/noticia\/fracaso-de-reguladores-y-legisladores-espanoles-para-adaptarse-a-la-era-digital-id-54369.htm\" target=\"_blank\" rel=\"noopener noreferrer\">http:\/\/www.smcugt.org\/noticia\/fracaso-de-reguladores-y-legisladores-espanoles-para-adaptarse-a-la-era-digital-id-54369.htm<\/a><\/p>\n<p style=\"text-align: justify\"><strong>Espa\u00f1a, campeona de Europa en destrucci\u00f3n de empleo tecnol\u00f3gico<br \/>\n<\/strong><a href=\"http:\/\/www.ugtcom.h2301842.stratoserver.net\/wordpress\/wordpress\/espana-campeona-de-europa-en-destruccion-de-empleo-tecnologico\/\" target=\"_blank\" rel=\"noopener noreferrer\">http:\/\/www.ugtcom.h2301842.stratoserver.net\/wordpress\/wordpress\/espana-campeona-de-europa-en-destruccion-de-empleo-tecnologico\/<\/a><\/p>\n<p style=\"text-align: justify\"><strong>La pol\u00edtica de precios a la baja y el papel de los reguladores desincentiva la inversi\u00f3n y perjudica el empleo de calidad<br \/>\n<\/strong><a href=\"http:\/\/www.smcugt.org\/noticia\/la-politica-de-precios-a-la-baja-y-el-papel-de-los-reguladores-desincentiva-la-inversion-y-perjudica-el-empleo-de-calidad-id-55193.htm\" target=\"_blank\" rel=\"noopener noreferrer\">http:\/\/www.smcugt.org\/noticia\/la-politica-de-precios-a-la-baja-y-el-papel-de-los-reguladores-desincentiva-la-inversion-y-perjudica-el-empleo-de-calidad-id-55193.htm<\/a><\/p>\n<p style=\"text-align: justify\"><span style=\"color: #ff0000\"><strong>UGT<\/strong><\/span><strong> Denuncia\u00a0la grav\u00edsima crisis de empleo que sufre el Sector de las Comunicaciones<br \/>\n<\/strong><a href=\"http:\/\/www.smcugt.org\/archivos\/elementos\/2016\/ugt_denuncia_la_gravisima_crisis.pdf\" target=\"_blank\" rel=\"noopener noreferrer\">http:\/\/www.smcugt.org\/archivos\/elementos\/2016\/ugt-denuncia-la-gravisima-crisis.pdf<\/a><\/p>\n<p style=\"text-align: justify\"><span style=\"color: #ff0000\"><strong>UGT<\/strong><\/span><strong><span style=\"color: #ff0000\">\u00a0<\/span>presenta a la Comisi\u00f3n Europea, a la patronal Etno y al resto de sindicatos europeos su modelo de sector<br \/>\n<\/strong><a href=\"http:\/\/www.smcugt.org\/archivos\/elementos\/2017\/ugt_presenta_a_la_comision_europea.pdf\" target=\"_blank\" rel=\"noopener noreferrer\">http:\/\/www.smcugt.org\/archivos\/elementos\/2017\/ugt-presenta-a-la-comision-europea.pdf<\/a><\/p>\n<p><strong>El Gobierno asume la propuesta de <span style=\"color: #ff0000\">UGT<\/span> de subvencionar los costes de la reantenizaci\u00f3n en los hogares<br \/>\n<\/strong><a href=\"http:\/\/www.smcugt.org\/noticia\/el-gobierno-asume-la-propuesta-de-ugt-de-subvencionar-los-costes-de-la-reantenizacion-en-los-hogares-id-45656.htm\" target=\"_blank\" rel=\"noopener noreferrer\">http:\/\/www.smcugt.org\/noticia\/el-gobierno-asume-la-propuesta-de-ugt-de-subvencionar-los-costes-de-la-reantenizacion-en-los-hogares-id-45656.htm<\/a><\/p>\n<p style=\"text-align: justify\"><strong>Jornadas sobre la Ley de Telecomunicaciones<br \/>\n<\/strong><a href=\"http:\/\/www.smcugt.org\/noticia\/jornadas-sobre-la-ley-de-telecomunicaciones-id-47928.htm\" target=\"_blank\" rel=\"noopener noreferrer\">http:\/\/www.smcugt.org\/noticia\/jornadas-sobre-la-ley-de-telecomunicaciones-id-47928.htm<\/a><\/p>\n<p style=\"text-align: justify\"><strong>M\u00e1s de 4 millones de espa\u00f1oles no podr\u00e1n conectarse a Internet, o lo har\u00e1n de manera deficiente<br \/>\n<\/strong><a href=\"http:\/\/www.smcugt.org\/noticia\/mas-de-4-millones-de-espanoles-no-podran-conectarse-a-internet-o-lo-haran-de-manera-deficiente-id-54839.htm\" target=\"_blank\" rel=\"noopener noreferrer\">www.smcugt.org\/noticia\/mas-de-4-millones-de-espanoles-no-podran-conectarse-a-internet-o-lo-haran-de-manera-deficiente-id-54839.htm<\/a><\/p>\n<p style=\"text-align: justify\"><strong>Declaraci\u00f3n conjunta de UNI y ETNO sobre Teletrabo<br \/>\n<\/strong><a href=\"http:\/\/www.smcugt.org\/archivos\/elementos\/2016\/declaracion_conjunta_de_uni_y_etno_sobre_teletrabajo__.pdf\" target=\"_blank\" rel=\"noopener noreferrer\">http:\/\/www.smcugt.org\/archivos\/elementos\/2016\/declaracion-conjunta-de-uni-y-etno-sobre-teletrabajo-.pdf<\/a><\/p>\n<p style=\"text-align: justify\"><span style=\"color: #ff0000\"><strong>UGT<\/strong><\/span><strong> negocia en Bruselas una regulaci\u00f3n europea que proteja el empleo<br \/>\n<\/strong><a href=\"http:\/\/www.smcugt.org\/archivos\/elementos\/2015\/ugt_negocia_en_bruselas_una_regulacion_europea_que_proteja.pdf\" target=\"_blank\" rel=\"noopener noreferrer\">http:\/\/www.smcugt.org\/archivos\/elementos\/2015\/ugt-negocia-en-bruselas-una-regulacion-europea-que-proteja-.pdf<\/a><\/p>\n<p style=\"text-align: left\"><strong>\u00a0<\/strong><strong>La liberalizaci\u00f3n del segundo dividendo digital es una oportunidad para el empleo en el sector de comunicaciones<br \/>\n<\/strong><a href=\"http:\/\/www.smcugt.org\/noticia\/la-liberalizacion-del-segundo-dividendo-digital-es-una-oportunidad-para-el-empleo-en-el-sector-de-comunicaciones-id-50571.htm\" target=\"_blank\" rel=\"noopener noreferrer\">http:\/\/www.smcugt.org\/noticia\/la-liberalizacion-del-segundo-dividendo-digital-es-una-oportunidad-para-el-empleo-en-el-sector-de-comunicaciones-id-50571.htm<\/a><\/p>\n<p style=\"text-align: left\"><strong>\u00a0<\/strong><span style=\"color: #ff0000\"><strong>UGT<\/strong><\/span><strong> promueve la Igualdad de g\u00e9nero en las Telecos Europeas<br \/>\n<\/strong><a href=\"http:\/\/www.smcugt.org\/noticia\/ugt-promueve-la-igualdad-de-genero-en-las-telecos-europeas-id-45680.htm\" target=\"_blank\" rel=\"noopener noreferrer\">http:\/\/www.smcugt.org\/noticia\/ugt-promueve-la-igualdad-de-genero-en-las-telecos-europeas-id-45680.htm<\/a><\/p>\n","protected":false},"excerpt":{"rendered":"<p>Con motivo del n\u00famero 75 de estos boletines quincenales que venimos difundiendo desde 2014, hemos recopilado una selecci\u00f3n de las 12 noticias m\u00e1s le\u00eddas en nuestra web, como resumen y homenaje a este intenso periodo. Efectivamente, en estos 3 a\u00f1os hemos publicado m\u00e1s de 650 art\u00edculos, en un aut\u00e9ntico ejercicio de transparencia e informaci\u00f3n a [&hellip;]<\/p>\n","protected":false},"author":3,"featured_media":1523,"comment_status":"open","ping_status":"closed","sticky":false,"template":"","format":"standard","meta":{"footnotes":""},"categories":[14,12],"tags":[],"class_list":["post-1520","post","type-post","status-publish","format-standard","has-post-thumbnail","hentry","category-opinion","category-regulacion"],"yoast_head":"<!-- This site is optimized with the Yoast SEO Premium plugin v27.3 (Yoast SEO v27.4) - https:\/\/yoast.com\/product\/yoast-seo-premium-wordpress\/ -->\n<title>Especial n\u00famero 75: las 12 noticias m\u00e1s le\u00eddas - UGT Comunicaciones<\/title>\n<meta name=\"robots\" content=\"index, follow, max-snippet:-1, max-image-preview:large, max-video-preview:-1\" \/>\n<link rel=\"canonical\" href=\"https:\/\/www.ugtcomunicaciones.es\/wordpress\/especial-numero-75-las-12-noticias-mas-leidas\/\" \/>\n<meta property=\"og:locale\" content=\"es_ES\" \/>\n<meta property=\"og:type\" content=\"article\" \/>\n<meta property=\"og:title\" content=\"Especial n\u00famero 75: las 12 noticias m\u00e1s le\u00eddas\" \/>\n<meta property=\"og:description\" content=\"Con motivo del n\u00famero 75 de estos boletines quincenales que venimos difundiendo desde 2014, hemos recopilado una selecci\u00f3n de las 12 noticias m\u00e1s le\u00eddas en nuestra web, como resumen y homenaje a este intenso periodo. Efectivamente, en estos 3 a\u00f1os hemos publicado m\u00e1s de 650 art\u00edculos, en un aut\u00e9ntico ejercicio de transparencia e informaci\u00f3n a [&hellip;]\" \/>\n<meta property=\"og:url\" content=\"https:\/\/www.ugtcomunicaciones.es\/wordpress\/especial-numero-75-las-12-noticias-mas-leidas\/\" \/>\n<meta property=\"og:site_name\" content=\"UGT Comunicaciones\" \/>\n<meta property=\"article:publisher\" content=\"https:\/\/www.facebook.com\/ugt.comunicaciones\/\" \/>\n<meta property=\"article:published_time\" content=\"2017-06-12T09:15:12+00:00\" \/>\n<meta property=\"og:image\" content=\"https:\/\/www.ugtcomunicaciones.es\/wordpress\/wp-content\/uploads\/2017\/06\/telefonino.png\" \/>\n\t<meta property=\"og:image:width\" content=\"579\" \/>\n\t<meta property=\"og:image:height\" content=\"175\" \/>\n\t<meta property=\"og:image:type\" content=\"image\/png\" \/>\n<meta name=\"author\" content=\"UGT\" \/>\n<meta name=\"twitter:card\" content=\"summary_large_image\" \/>\n<meta name=\"twitter:creator\" content=\"@ugtcom\" \/>\n<meta name=\"twitter:site\" content=\"@ugtcom\" \/>\n<meta name=\"twitter:label1\" content=\"Escrito por\" \/>\n\t<meta name=\"twitter:data1\" content=\"UGT\" \/>\n\t<meta name=\"twitter:label2\" content=\"Tiempo de lectura\" \/>\n\t<meta name=\"twitter:data2\" content=\"2 minutos\" \/>\n<script type=\"application\/ld+json\" class=\"yoast-schema-graph\">{\"@context\":\"https:\\\/\\\/schema.org\",\"@graph\":[{\"@type\":\"Article\",\"@id\":\"https:\\\/\\\/www.ugtcomunicaciones.es\\\/wordpress\\\/especial-numero-75-las-12-noticias-mas-leidas\\\/#article\",\"isPartOf\":{\"@id\":\"https:\\\/\\\/www.ugtcomunicaciones.es\\\/wordpress\\\/especial-numero-75-las-12-noticias-mas-leidas\\\/\"},\"author\":{\"name\":\"UGT\",\"@id\":\"https:\\\/\\\/www.ugtcomunicaciones.es\\\/wordpress\\\/#\\\/schema\\\/person\\\/eba0fc3fe5b444531d94d4368cba89ed\"},\"headline\":\"Especial n\u00famero 75: las 12 noticias m\u00e1s le\u00eddas\",\"datePublished\":\"2017-06-12T09:15:12+00:00\",\"mainEntityOfPage\":{\"@id\":\"https:\\\/\\\/www.ugtcomunicaciones.es\\\/wordpress\\\/especial-numero-75-las-12-noticias-mas-leidas\\\/\"},\"wordCount\":389,\"commentCount\":0,\"publisher\":{\"@id\":\"https:\\\/\\\/www.ugtcomunicaciones.es\\\/wordpress\\\/#organization\"},\"image\":{\"@id\":\"https:\\\/\\\/www.ugtcomunicaciones.es\\\/wordpress\\\/especial-numero-75-las-12-noticias-mas-leidas\\\/#primaryimage\"},\"thumbnailUrl\":\"https:\\\/\\\/www.ugtcomunicaciones.es\\\/wordpress\\\/wp-content\\\/uploads\\\/2017\\\/06\\\/telefonino.png\",\"articleSection\":[\"Opini\u00f3n\",\"Regulaci\u00f3n\"],\"inLanguage\":\"es\",\"potentialAction\":[{\"@type\":\"CommentAction\",\"name\":\"Comment\",\"target\":[\"https:\\\/\\\/www.ugtcomunicaciones.es\\\/wordpress\\\/especial-numero-75-las-12-noticias-mas-leidas\\\/#respond\"]}]},{\"@type\":\"WebPage\",\"@id\":\"https:\\\/\\\/www.ugtcomunicaciones.es\\\/wordpress\\\/especial-numero-75-las-12-noticias-mas-leidas\\\/\",\"url\":\"https:\\\/\\\/www.ugtcomunicaciones.es\\\/wordpress\\\/especial-numero-75-las-12-noticias-mas-leidas\\\/\",\"name\":\"Especial n\u00famero 75: las 12 noticias m\u00e1s le\u00eddas - UGT Comunicaciones\",\"isPartOf\":{\"@id\":\"https:\\\/\\\/www.ugtcomunicaciones.es\\\/wordpress\\\/#website\"},\"primaryImageOfPage\":{\"@id\":\"https:\\\/\\\/www.ugtcomunicaciones.es\\\/wordpress\\\/especial-numero-75-las-12-noticias-mas-leidas\\\/#primaryimage\"},\"image\":{\"@id\":\"https:\\\/\\\/www.ugtcomunicaciones.es\\\/wordpress\\\/especial-numero-75-las-12-noticias-mas-leidas\\\/#primaryimage\"},\"thumbnailUrl\":\"https:\\\/\\\/www.ugtcomunicaciones.es\\\/wordpress\\\/wp-content\\\/uploads\\\/2017\\\/06\\\/telefonino.png\",\"datePublished\":\"2017-06-12T09:15:12+00:00\",\"breadcrumb\":{\"@id\":\"https:\\\/\\\/www.ugtcomunicaciones.es\\\/wordpress\\\/especial-numero-75-las-12-noticias-mas-leidas\\\/#breadcrumb\"},\"inLanguage\":\"es\",\"potentialAction\":[{\"@type\":\"ReadAction\",\"target\":[\"https:\\\/\\\/www.ugtcomunicaciones.es\\\/wordpress\\\/especial-numero-75-las-12-noticias-mas-leidas\\\/\"]}]},{\"@type\":\"ImageObject\",\"inLanguage\":\"es\",\"@id\":\"https:\\\/\\\/www.ugtcomunicaciones.es\\\/wordpress\\\/especial-numero-75-las-12-noticias-mas-leidas\\\/#primaryimage\",\"url\":\"https:\\\/\\\/www.ugtcomunicaciones.es\\\/wordpress\\\/wp-content\\\/uploads\\\/2017\\\/06\\\/telefonino.png\",\"contentUrl\":\"https:\\\/\\\/www.ugtcomunicaciones.es\\\/wordpress\\\/wp-content\\\/uploads\\\/2017\\\/06\\\/telefonino.png\",\"width\":579,\"height\":175},{\"@type\":\"BreadcrumbList\",\"@id\":\"https:\\\/\\\/www.ugtcomunicaciones.es\\\/wordpress\\\/especial-numero-75-las-12-noticias-mas-leidas\\\/#breadcrumb\",\"itemListElement\":[{\"@type\":\"ListItem\",\"position\":1,\"name\":\"Portada\",\"item\":\"https:\\\/\\\/www.ugtcomunicaciones.es\\\/wordpress\\\/\"},{\"@type\":\"ListItem\",\"position\":2,\"name\":\"Especial n\u00famero 75: las 12 noticias m\u00e1s le\u00eddas\"}]},{\"@type\":\"WebSite\",\"@id\":\"https:\\\/\\\/www.ugtcomunicaciones.es\\\/wordpress\\\/#website\",\"url\":\"https:\\\/\\\/www.ugtcomunicaciones.es\\\/wordpress\\\/\",\"name\":\"UGT Comunicaciones\",\"description\":\"Sindicato de Telecomunicaciones\",\"publisher\":{\"@id\":\"https:\\\/\\\/www.ugtcomunicaciones.es\\\/wordpress\\\/#organization\"},\"potentialAction\":[{\"@type\":\"SearchAction\",\"target\":{\"@type\":\"EntryPoint\",\"urlTemplate\":\"https:\\\/\\\/www.ugtcomunicaciones.es\\\/wordpress\\\/?s={search_term_string}\"},\"query-input\":{\"@type\":\"PropertyValueSpecification\",\"valueRequired\":true,\"valueName\":\"search_term_string\"}}],\"inLanguage\":\"es\"},{\"@type\":\"Organization\",\"@id\":\"https:\\\/\\\/www.ugtcomunicaciones.es\\\/wordpress\\\/#organization\",\"name\":\"UGT Comunicaciones\",\"url\":\"https:\\\/\\\/www.ugtcomunicaciones.es\\\/wordpress\\\/\",\"logo\":{\"@type\":\"ImageObject\",\"inLanguage\":\"es\",\"@id\":\"https:\\\/\\\/www.ugtcomunicaciones.es\\\/wordpress\\\/#\\\/schema\\\/logo\\\/image\\\/\",\"url\":\"https:\\\/\\\/www.ugtcomunicaciones.es\\\/wordpress\\\/wp-content\\\/uploads\\\/2024\\\/04\\\/comunicaciones_logo.png\",\"contentUrl\":\"https:\\\/\\\/www.ugtcomunicaciones.es\\\/wordpress\\\/wp-content\\\/uploads\\\/2024\\\/04\\\/comunicaciones_logo.png\",\"width\":298,\"height\":81,\"caption\":\"UGT Comunicaciones\"},\"image\":{\"@id\":\"https:\\\/\\\/www.ugtcomunicaciones.es\\\/wordpress\\\/#\\\/schema\\\/logo\\\/image\\\/\"},\"sameAs\":[\"https:\\\/\\\/www.facebook.com\\\/ugt.comunicaciones\\\/\",\"https:\\\/\\\/x.com\\\/ugtcom\"]},{\"@type\":\"Person\",\"@id\":\"https:\\\/\\\/www.ugtcomunicaciones.es\\\/wordpress\\\/#\\\/schema\\\/person\\\/eba0fc3fe5b444531d94d4368cba89ed\",\"name\":\"UGT\",\"image\":{\"@type\":\"ImageObject\",\"inLanguage\":\"es\",\"@id\":\"https:\\\/\\\/secure.gravatar.com\\\/avatar\\\/2a16057d620a4c646bcfc171c4f23030879ebbdd346f0525bd5d4a564e57e13d?s=96&d=mm&r=g\",\"url\":\"https:\\\/\\\/secure.gravatar.com\\\/avatar\\\/2a16057d620a4c646bcfc171c4f23030879ebbdd346f0525bd5d4a564e57e13d?s=96&d=mm&r=g\",\"contentUrl\":\"https:\\\/\\\/secure.gravatar.com\\\/avatar\\\/2a16057d620a4c646bcfc171c4f23030879ebbdd346f0525bd5d4a564e57e13d?s=96&d=mm&r=g\",\"caption\":\"UGT\"}}]}<\/script>\n<!-- \/ Yoast SEO Premium plugin. -->","yoast_head_json":{"title":"Especial n\u00famero 75: las 12 noticias m\u00e1s le\u00eddas - UGT Comunicaciones","robots":{"index":"index","follow":"follow","max-snippet":"max-snippet:-1","max-image-preview":"max-image-preview:large","max-video-preview":"max-video-preview:-1"},"canonical":"https:\/\/www.ugtcomunicaciones.es\/wordpress\/especial-numero-75-las-12-noticias-mas-leidas\/","og_locale":"es_ES","og_type":"article","og_title":"Especial n\u00famero 75: las 12 noticias m\u00e1s le\u00eddas","og_description":"Con motivo del n\u00famero 75 de estos boletines quincenales que venimos difundiendo desde 2014, hemos recopilado una selecci\u00f3n de las 12 noticias m\u00e1s le\u00eddas en nuestra web, como resumen y homenaje a este intenso periodo. Efectivamente, en estos 3 a\u00f1os hemos publicado m\u00e1s de 650 art\u00edculos, en un aut\u00e9ntico ejercicio de transparencia e informaci\u00f3n a [&hellip;]","og_url":"https:\/\/www.ugtcomunicaciones.es\/wordpress\/especial-numero-75-las-12-noticias-mas-leidas\/","og_site_name":"UGT Comunicaciones","article_publisher":"https:\/\/www.facebook.com\/ugt.comunicaciones\/","article_published_time":"2017-06-12T09:15:12+00:00","og_image":[{"width":579,"height":175,"url":"https:\/\/www.ugtcomunicaciones.es\/wordpress\/wp-content\/uploads\/2017\/06\/telefonino.png","type":"image\/png"}],"author":"UGT","twitter_card":"summary_large_image","twitter_creator":"@ugtcom","twitter_site":"@ugtcom","twitter_misc":{"Escrito por":"UGT","Tiempo de lectura":"2 minutos"},"schema":{"@context":"https:\/\/schema.org","@graph":[{"@type":"Article","@id":"https:\/\/www.ugtcomunicaciones.es\/wordpress\/especial-numero-75-las-12-noticias-mas-leidas\/#article","isPartOf":{"@id":"https:\/\/www.ugtcomunicaciones.es\/wordpress\/especial-numero-75-las-12-noticias-mas-leidas\/"},"author":{"name":"UGT","@id":"https:\/\/www.ugtcomunicaciones.es\/wordpress\/#\/schema\/person\/eba0fc3fe5b444531d94d4368cba89ed"},"headline":"Especial n\u00famero 75: las 12 noticias m\u00e1s le\u00eddas","datePublished":"2017-06-12T09:15:12+00:00","mainEntityOfPage":{"@id":"https:\/\/www.ugtcomunicaciones.es\/wordpress\/especial-numero-75-las-12-noticias-mas-leidas\/"},"wordCount":389,"commentCount":0,"publisher":{"@id":"https:\/\/www.ugtcomunicaciones.es\/wordpress\/#organization"},"image":{"@id":"https:\/\/www.ugtcomunicaciones.es\/wordpress\/especial-numero-75-las-12-noticias-mas-leidas\/#primaryimage"},"thumbnailUrl":"https:\/\/www.ugtcomunicaciones.es\/wordpress\/wp-content\/uploads\/2017\/06\/telefonino.png","articleSection":["Opini\u00f3n","Regulaci\u00f3n"],"inLanguage":"es","potentialAction":[{"@type":"CommentAction","name":"Comment","target":["https:\/\/www.ugtcomunicaciones.es\/wordpress\/especial-numero-75-las-12-noticias-mas-leidas\/#respond"]}]},{"@type":"WebPage","@id":"https:\/\/www.ugtcomunicaciones.es\/wordpress\/especial-numero-75-las-12-noticias-mas-leidas\/","url":"https:\/\/www.ugtcomunicaciones.es\/wordpress\/especial-numero-75-las-12-noticias-mas-leidas\/","name":"Especial n\u00famero 75: las 12 noticias m\u00e1s le\u00eddas - UGT Comunicaciones","isPartOf":{"@id":"https:\/\/www.ugtcomunicaciones.es\/wordpress\/#website"},"primaryImageOfPage":{"@id":"https:\/\/www.ugtcomunicaciones.es\/wordpress\/especial-numero-75-las-12-noticias-mas-leidas\/#primaryimage"},"image":{"@id":"https:\/\/www.ugtcomunicaciones.es\/wordpress\/especial-numero-75-las-12-noticias-mas-leidas\/#primaryimage"},"thumbnailUrl":"https:\/\/www.ugtcomunicaciones.es\/wordpress\/wp-content\/uploads\/2017\/06\/telefonino.png","datePublished":"2017-06-12T09:15:12+00:00","breadcrumb":{"@id":"https:\/\/www.ugtcomunicaciones.es\/wordpress\/especial-numero-75-las-12-noticias-mas-leidas\/#breadcrumb"},"inLanguage":"es","potentialAction":[{"@type":"ReadAction","target":["https:\/\/www.ugtcomunicaciones.es\/wordpress\/especial-numero-75-las-12-noticias-mas-leidas\/"]}]},{"@type":"ImageObject","inLanguage":"es","@id":"https:\/\/www.ugtcomunicaciones.es\/wordpress\/especial-numero-75-las-12-noticias-mas-leidas\/#primaryimage","url":"https:\/\/www.ugtcomunicaciones.es\/wordpress\/wp-content\/uploads\/2017\/06\/telefonino.png","contentUrl":"https:\/\/www.ugtcomunicaciones.es\/wordpress\/wp-content\/uploads\/2017\/06\/telefonino.png","width":579,"height":175},{"@type":"BreadcrumbList","@id":"https:\/\/www.ugtcomunicaciones.es\/wordpress\/especial-numero-75-las-12-noticias-mas-leidas\/#breadcrumb","itemListElement":[{"@type":"ListItem","position":1,"name":"Portada","item":"https:\/\/www.ugtcomunicaciones.es\/wordpress\/"},{"@type":"ListItem","position":2,"name":"Especial n\u00famero 75: las 12 noticias m\u00e1s le\u00eddas"}]},{"@type":"WebSite","@id":"https:\/\/www.ugtcomunicaciones.es\/wordpress\/#website","url":"https:\/\/www.ugtcomunicaciones.es\/wordpress\/","name":"UGT Comunicaciones","description":"Sindicato de Telecomunicaciones","publisher":{"@id":"https:\/\/www.ugtcomunicaciones.es\/wordpress\/#organization"},"potentialAction":[{"@type":"SearchAction","target":{"@type":"EntryPoint","urlTemplate":"https:\/\/www.ugtcomunicaciones.es\/wordpress\/?s={search_term_string}"},"query-input":{"@type":"PropertyValueSpecification","valueRequired":true,"valueName":"search_term_string"}}],"inLanguage":"es"},{"@type":"Organization","@id":"https:\/\/www.ugtcomunicaciones.es\/wordpress\/#organization","name":"UGT Comunicaciones","url":"https:\/\/www.ugtcomunicaciones.es\/wordpress\/","logo":{"@type":"ImageObject","inLanguage":"es","@id":"https:\/\/www.ugtcomunicaciones.es\/wordpress\/#\/schema\/logo\/image\/","url":"https:\/\/www.ugtcomunicaciones.es\/wordpress\/wp-content\/uploads\/2024\/04\/comunicaciones_logo.png","contentUrl":"https:\/\/www.ugtcomunicaciones.es\/wordpress\/wp-content\/uploads\/2024\/04\/comunicaciones_logo.png","width":298,"height":81,"caption":"UGT Comunicaciones"},"image":{"@id":"https:\/\/www.ugtcomunicaciones.es\/wordpress\/#\/schema\/logo\/image\/"},"sameAs":["https:\/\/www.facebook.com\/ugt.comunicaciones\/","https:\/\/x.com\/ugtcom"]},{"@type":"Person","@id":"https:\/\/www.ugtcomunicaciones.es\/wordpress\/#\/schema\/person\/eba0fc3fe5b444531d94d4368cba89ed","name":"UGT","image":{"@type":"ImageObject","inLanguage":"es","@id":"https:\/\/secure.gravatar.com\/avatar\/2a16057d620a4c646bcfc171c4f23030879ebbdd346f0525bd5d4a564e57e13d?s=96&d=mm&r=g","url":"https:\/\/secure.gravatar.com\/avatar\/2a16057d620a4c646bcfc171c4f23030879ebbdd346f0525bd5d4a564e57e13d?s=96&d=mm&r=g","contentUrl":"https:\/\/secure.gravatar.com\/avatar\/2a16057d620a4c646bcfc171c4f23030879ebbdd346f0525bd5d4a564e57e13d?s=96&d=mm&r=g","caption":"UGT"}}]}},"_links":{"self":[{"href":"https:\/\/www.ugtcomunicaciones.es\/wordpress\/wp-json\/wp\/v2\/posts\/1520","targetHints":{"allow":["GET"]}}],"collection":[{"href":"https:\/\/www.ugtcomunicaciones.es\/wordpress\/wp-json\/wp\/v2\/posts"}],"about":[{"href":"https:\/\/www.ugtcomunicaciones.es\/wordpress\/wp-json\/wp\/v2\/types\/post"}],"author":[{"embeddable":true,"href":"https:\/\/www.ugtcomunicaciones.es\/wordpress\/wp-json\/wp\/v2\/users\/3"}],"replies":[{"embeddable":true,"href":"https:\/\/www.ugtcomunicaciones.es\/wordpress\/wp-json\/wp\/v2\/comments?post=1520"}],"version-history":[{"count":0,"href":"https:\/\/www.ugtcomunicaciones.es\/wordpress\/wp-json\/wp\/v2\/posts\/1520\/revisions"}],"wp:featuredmedia":[{"embeddable":true,"href":"https:\/\/www.ugtcomunicaciones.es\/wordpress\/wp-json\/wp\/v2\/media\/1523"}],"wp:attachment":[{"href":"https:\/\/www.ugtcomunicaciones.es\/wordpress\/wp-json\/wp\/v2\/media?parent=1520"}],"wp:term":[{"taxonomy":"category","embeddable":true,"href":"https:\/\/www.ugtcomunicaciones.es\/wordpress\/wp-json\/wp\/v2\/categories?post=1520"},{"taxonomy":"post_tag","embeddable":true,"href":"https:\/\/www.ugtcomunicaciones.es\/wordpress\/wp-json\/wp\/v2\/tags?post=1520"}],"curies":[{"name":"wp","href":"https:\/\/api.w.org\/{rel}","templated":true}]}}