{"id":1525,"date":"2017-06-12T10:30:56","date_gmt":"2017-06-12T09:30:56","guid":{"rendered":"http:\/\/www.ugtcom.h2301842.stratoserver.net\/wordpress\/wordpress\/?p=1525"},"modified":"2017-07-19T12:07:14","modified_gmt":"2017-07-19T10:07:14","slug":"1525-2","status":"publish","type":"post","link":"https:\/\/www.ugtcomunicaciones.es\/wordpress\/1525-2\/","title":{"rendered":"Nuevo paquete Telecom: UGT vuelve a llevar la voz de los trabajadores del Sector a Bruselas"},"content":{"rendered":"<p style=\"text-align: justify;\"><span style=\"color: #ff0000;\"><strong>UGT <\/strong><\/span><strong>Comunicaciones<\/strong> ha vuelto a llevar las reivindicaciones del Sector de las Comunicaciones al coraz\u00f3n de la pol\u00edtica europea: al Parlamento de la Uni\u00f3n Europea.<\/p>\n<p style=\"text-align: justify;\">En 2014 fuimos a Bruselas a defender un nuevo modelo de sector basado en el empleo de calidad, siendo el \u00fanico sindicato en realizar esta campa\u00f1a. Ahora, en 2017, la oportunidad que supone la pr\u00f3xima revisi\u00f3n de la normativa comunitaria -el denominado C\u00f3digo Europeo de las Comunicaciones Electr\u00f3nicas- nos ha hecho repetir la experiencia y hemos vuelto a reunirnos con la ponente de la nueva ley, la eurodiputada por el Partido Popular \u00a0y con los portavoces en la Comisi\u00f3n de Industria del europarlamento por el\u00a0 PSOE, Jos\u00e9 Blanco, e IU, Paloma L\u00f3pez, para explicarles las necesidades de los trabajadores y trabajadoras que componemos este Sector, acompa\u00f1ados por representantes del sindicato europeo UNI-ICTS.<\/p>\n<p><img decoding=\"async\" class=\"aligncenter wp-image-1526 size-full lazyload\" data-src=\"http:\/\/ugtcomunicaciones.es\/wordpress\/wp-content\/uploads\/2017\/05\/foto1.png\" alt=\"\" width=\"480\" height=\"394\" data-srcset=\"https:\/\/www.ugtcomunicaciones.es\/wordpress\/wp-content\/uploads\/2017\/05\/foto1.png 480w, https:\/\/www.ugtcomunicaciones.es\/wordpress\/wp-content\/uploads\/2017\/05\/foto1-300x246.png 300w\" data-sizes=\"(max-width: 480px) 100vw, 480px\" src=\"data:image\/svg+xml;base64,PHN2ZyB3aWR0aD0iMSIgaGVpZ2h0PSIxIiB4bWxucz0iaHR0cDovL3d3dy53My5vcmcvMjAwMC9zdmciPjwvc3ZnPg==\" style=\"--smush-placeholder-width: 480px; --smush-placeholder-aspect-ratio: 480\/394;\" \/><\/p>\n<p style=\"text-align: justify;\">En concreto, les hicimos entrega de tres documentos: el posicionamiento de <span style=\"color: #ff0000;\"><strong>UGT<\/strong><\/span> ante la nueva revisi\u00f3n del mercado de las telecos<a href=\"#_ftn1\" name=\"_ftnref1\">[1]<\/a>, nuestra respuesta al suprarregulador europeo, el BEREC, para cambiar la orientaci\u00f3n de su modelo legislativo<a href=\"#_ftn2\" name=\"_ftnref2\">[2]<\/a> y nuestro conocido modelo de Sector<a href=\"#_ftn3\" name=\"_ftnref3\">[3]<\/a>.<\/p>\n<p><img decoding=\"async\" class=\"aligncenter wp-image-1527 size-full lazyload\" data-src=\"http:\/\/ugtcomunicaciones.es\/wordpress\/wp-content\/uploads\/2017\/05\/foto2.png\" alt=\"\" width=\"480\" height=\"273\" data-srcset=\"https:\/\/www.ugtcomunicaciones.es\/wordpress\/wp-content\/uploads\/2017\/05\/foto2.png 480w, https:\/\/www.ugtcomunicaciones.es\/wordpress\/wp-content\/uploads\/2017\/05\/foto2-300x171.png 300w\" data-sizes=\"(max-width: 480px) 100vw, 480px\" src=\"data:image\/svg+xml;base64,PHN2ZyB3aWR0aD0iMSIgaGVpZ2h0PSIxIiB4bWxucz0iaHR0cDovL3d3dy53My5vcmcvMjAwMC9zdmciPjwvc3ZnPg==\" style=\"--smush-placeholder-width: 480px; --smush-placeholder-aspect-ratio: 480\/273;\" \/><\/p>\n<p style=\"text-align: justify;\">En todos estos encuentros, <span style=\"color: #ff0000;\"><strong>UGT<\/strong><\/span> ha vuelto a defender un modelo sectorial centrado en las personas, en el empleo de calidad, en la competencia en infraestructuras, en la inversi\u00f3n en redes de nueva generaci\u00f3n, en el segundo dividendo digital como veh\u00edculo para cerrar la brecha digital geogr\u00e1fica y en la necesidad de aumentar las cuant\u00edas de las ayudas p\u00fablicas a la banda ancha para conformar un Servicio Universal de alta velocidad para toda la ciudadan\u00eda espa\u00f1ola, independientemente de su residencia o situaci\u00f3n econ\u00f3mica.<\/p>\n<p style=\"text-align: justify;\"><span style=\"color: #ff0000;\"><strong>UGT<\/strong><\/span> confirma con esta ronda de reuniones su compromiso con los trabajadores del Sector de las Comunicaciones. Tenemos muy clara nuestra responsabilidad al ser elegidos como el Sindicato m\u00e1s votado y representativo del Sector: defender vuestros derechos y exigir mejoras, en donde sea preciso y ante quien sea necesario.<\/p>\n<p style=\"text-align: justify;\"><span style=\"color: #ff0000;\"><strong>UGT <\/strong><\/span>seguir\u00e1 ampliando los contactos con otros parlamentarios nacionales y europeos, reguladores de todo tipo y \u00e1mbito, e insistir\u00e1, como ya hicimos hace escasas fechas, ante el Ministerio de Agenda Digital en que es imprescindible y urgente un cambio de paradigma: nuestro Sector tiene que virar hacia el empleo y la mejora de los puestos de trabajo y las condiciones laborales.<\/p>\n<p><a href=\"#_ftnref1\" name=\"_ftn1\">[1]<\/a> <a href=\"http:\/\/www.smcugt.org\/archivos\/elementos\/2017\/postura_de_ugt_comunicaciones_sobre_la_propuesta_de_la_comision_europea..pdf\" target=\"_blank\" rel=\"noopener noreferrer\">http:\/\/www.smcugt.org\/archivos\/elementos\/2017\/postura-de-ugt-comunicaciones-sobre-la-propuesta-de-la-comision-europea.pdf<\/a><br \/>\n<a href=\"#_ftnref2\" name=\"_ftn2\">[2]<\/a> <a href=\"http:\/\/www.smcugt.org\/archivos\/elementos\/2017\/postura_de_ugt_comunicaciones_sobre_regulacion_sectorial_europea.pdf\" target=\"_blank\" rel=\"noopener noreferrer\">http:\/\/www.smcugt.org\/archivos\/elementos\/2017\/postura-de-ugt-comunicaciones-sobre-regulacion-sectorial-europea.pdf<\/a><br \/>\n<a href=\"#_ftnref3\" name=\"_ftn3\">[3]<\/a> <a href=\"http:\/\/www.smcugt.org\/archivos\/elementos\/2017\/ugt_proposal_for_communications_sector_in_europe_(1).pdf\" target=\"_blank\" rel=\"noopener noreferrer\">http:\/\/www.smcugt.org\/archivos\/elementos\/2017\/ugt-proposal-for-communications-sector-in-europe-(1).pdf<\/a><\/p>\n","protected":false},"excerpt":{"rendered":"<p>UGT Comunicaciones ha vuelto a llevar las reivindicaciones del Sector de las Comunicaciones al coraz\u00f3n de la pol\u00edtica europea: al Parlamento de la Uni\u00f3n Europea. En 2014 fuimos a Bruselas a defender un nuevo modelo de sector basado en el empleo de calidad, siendo el \u00fanico sindicato en realizar esta campa\u00f1a. Ahora, en 2017, la [&hellip;]<\/p>\n","protected":false},"author":3,"featured_media":1526,"comment_status":"open","ping_status":"closed","sticky":false,"template":"","format":"standard","meta":{"footnotes":""},"categories":[14,12],"tags":[],"class_list":["post-1525","post","type-post","status-publish","format-standard","has-post-thumbnail","hentry","category-opinion","category-regulacion"],"yoast_head":"<!-- This site is optimized with the Yoast SEO Premium plugin v27.3 (Yoast SEO v27.4) - https:\/\/yoast.com\/product\/yoast-seo-premium-wordpress\/ -->\n<title>Nuevo paquete Telecom: UGT vuelve a llevar la voz de los trabajadores del Sector a Bruselas - UGT Comunicaciones<\/title>\n<meta name=\"robots\" content=\"index, follow, max-snippet:-1, max-image-preview:large, max-video-preview:-1\" \/>\n<link rel=\"canonical\" href=\"https:\/\/www.ugtcomunicaciones.es\/wordpress\/1525-2\/\" \/>\n<meta property=\"og:locale\" content=\"es_ES\" \/>\n<meta property=\"og:type\" content=\"article\" \/>\n<meta property=\"og:title\" content=\"Nuevo paquete Telecom: UGT vuelve a llevar la voz de los trabajadores del Sector a Bruselas\" \/>\n<meta property=\"og:description\" content=\"UGT Comunicaciones ha vuelto a llevar las reivindicaciones del Sector de las Comunicaciones al coraz\u00f3n de la pol\u00edtica europea: al Parlamento de la Uni\u00f3n Europea. En 2014 fuimos a Bruselas a defender un nuevo modelo de sector basado en el empleo de calidad, siendo el \u00fanico sindicato en realizar esta campa\u00f1a. Ahora, en 2017, la [&hellip;]\" \/>\n<meta property=\"og:url\" content=\"https:\/\/www.ugtcomunicaciones.es\/wordpress\/1525-2\/\" \/>\n<meta property=\"og:site_name\" content=\"UGT Comunicaciones\" \/>\n<meta property=\"article:publisher\" content=\"https:\/\/www.facebook.com\/ugt.comunicaciones\/\" \/>\n<meta property=\"article:published_time\" content=\"2017-06-12T09:30:56+00:00\" \/>\n<meta property=\"article:modified_time\" content=\"2017-07-19T10:07:14+00:00\" \/>\n<meta property=\"og:image\" content=\"https:\/\/www.ugtcomunicaciones.es\/wordpress\/wp-content\/uploads\/2017\/05\/foto1.png\" \/>\n\t<meta property=\"og:image:width\" content=\"480\" \/>\n\t<meta property=\"og:image:height\" content=\"394\" \/>\n\t<meta property=\"og:image:type\" content=\"image\/png\" \/>\n<meta name=\"author\" content=\"UGT\" \/>\n<meta name=\"twitter:card\" content=\"summary_large_image\" \/>\n<meta name=\"twitter:creator\" content=\"@ugtcom\" \/>\n<meta name=\"twitter:site\" content=\"@ugtcom\" \/>\n<meta name=\"twitter:label1\" content=\"Escrito por\" \/>\n\t<meta name=\"twitter:data1\" content=\"UGT\" \/>\n\t<meta name=\"twitter:label2\" content=\"Tiempo de lectura\" \/>\n\t<meta name=\"twitter:data2\" content=\"2 minutos\" \/>\n<script type=\"application\/ld+json\" class=\"yoast-schema-graph\">{\"@context\":\"https:\\\/\\\/schema.org\",\"@graph\":[{\"@type\":\"Article\",\"@id\":\"https:\\\/\\\/www.ugtcomunicaciones.es\\\/wordpress\\\/1525-2\\\/#article\",\"isPartOf\":{\"@id\":\"https:\\\/\\\/www.ugtcomunicaciones.es\\\/wordpress\\\/1525-2\\\/\"},\"author\":{\"name\":\"UGT\",\"@id\":\"https:\\\/\\\/www.ugtcomunicaciones.es\\\/wordpress\\\/#\\\/schema\\\/person\\\/eba0fc3fe5b444531d94d4368cba89ed\"},\"headline\":\"Nuevo paquete Telecom: UGT vuelve a llevar la voz de los trabajadores del Sector a Bruselas\",\"datePublished\":\"2017-06-12T09:30:56+00:00\",\"dateModified\":\"2017-07-19T10:07:14+00:00\",\"mainEntityOfPage\":{\"@id\":\"https:\\\/\\\/www.ugtcomunicaciones.es\\\/wordpress\\\/1525-2\\\/\"},\"wordCount\":434,\"commentCount\":1,\"publisher\":{\"@id\":\"https:\\\/\\\/www.ugtcomunicaciones.es\\\/wordpress\\\/#organization\"},\"image\":{\"@id\":\"https:\\\/\\\/www.ugtcomunicaciones.es\\\/wordpress\\\/1525-2\\\/#primaryimage\"},\"thumbnailUrl\":\"https:\\\/\\\/www.ugtcomunicaciones.es\\\/wordpress\\\/wp-content\\\/uploads\\\/2017\\\/05\\\/foto1.png\",\"articleSection\":[\"Opini\u00f3n\",\"Regulaci\u00f3n\"],\"inLanguage\":\"es\",\"potentialAction\":[{\"@type\":\"CommentAction\",\"name\":\"Comment\",\"target\":[\"https:\\\/\\\/www.ugtcomunicaciones.es\\\/wordpress\\\/1525-2\\\/#respond\"]}]},{\"@type\":\"WebPage\",\"@id\":\"https:\\\/\\\/www.ugtcomunicaciones.es\\\/wordpress\\\/1525-2\\\/\",\"url\":\"https:\\\/\\\/www.ugtcomunicaciones.es\\\/wordpress\\\/1525-2\\\/\",\"name\":\"Nuevo paquete Telecom: UGT vuelve a llevar la voz de los trabajadores del Sector a Bruselas - UGT Comunicaciones\",\"isPartOf\":{\"@id\":\"https:\\\/\\\/www.ugtcomunicaciones.es\\\/wordpress\\\/#website\"},\"primaryImageOfPage\":{\"@id\":\"https:\\\/\\\/www.ugtcomunicaciones.es\\\/wordpress\\\/1525-2\\\/#primaryimage\"},\"image\":{\"@id\":\"https:\\\/\\\/www.ugtcomunicaciones.es\\\/wordpress\\\/1525-2\\\/#primaryimage\"},\"thumbnailUrl\":\"https:\\\/\\\/www.ugtcomunicaciones.es\\\/wordpress\\\/wp-content\\\/uploads\\\/2017\\\/05\\\/foto1.png\",\"datePublished\":\"2017-06-12T09:30:56+00:00\",\"dateModified\":\"2017-07-19T10:07:14+00:00\",\"breadcrumb\":{\"@id\":\"https:\\\/\\\/www.ugtcomunicaciones.es\\\/wordpress\\\/1525-2\\\/#breadcrumb\"},\"inLanguage\":\"es\",\"potentialAction\":[{\"@type\":\"ReadAction\",\"target\":[\"https:\\\/\\\/www.ugtcomunicaciones.es\\\/wordpress\\\/1525-2\\\/\"]}]},{\"@type\":\"ImageObject\",\"inLanguage\":\"es\",\"@id\":\"https:\\\/\\\/www.ugtcomunicaciones.es\\\/wordpress\\\/1525-2\\\/#primaryimage\",\"url\":\"https:\\\/\\\/www.ugtcomunicaciones.es\\\/wordpress\\\/wp-content\\\/uploads\\\/2017\\\/05\\\/foto1.png\",\"contentUrl\":\"https:\\\/\\\/www.ugtcomunicaciones.es\\\/wordpress\\\/wp-content\\\/uploads\\\/2017\\\/05\\\/foto1.png\",\"width\":480,\"height\":394},{\"@type\":\"BreadcrumbList\",\"@id\":\"https:\\\/\\\/www.ugtcomunicaciones.es\\\/wordpress\\\/1525-2\\\/#breadcrumb\",\"itemListElement\":[{\"@type\":\"ListItem\",\"position\":1,\"name\":\"Portada\",\"item\":\"https:\\\/\\\/www.ugtcomunicaciones.es\\\/wordpress\\\/\"},{\"@type\":\"ListItem\",\"position\":2,\"name\":\"Nuevo paquete Telecom: UGT vuelve a llevar la voz de los trabajadores del Sector a Bruselas\"}]},{\"@type\":\"WebSite\",\"@id\":\"https:\\\/\\\/www.ugtcomunicaciones.es\\\/wordpress\\\/#website\",\"url\":\"https:\\\/\\\/www.ugtcomunicaciones.es\\\/wordpress\\\/\",\"name\":\"UGT Comunicaciones\",\"description\":\"Sindicato de Telecomunicaciones\",\"publisher\":{\"@id\":\"https:\\\/\\\/www.ugtcomunicaciones.es\\\/wordpress\\\/#organization\"},\"potentialAction\":[{\"@type\":\"SearchAction\",\"target\":{\"@type\":\"EntryPoint\",\"urlTemplate\":\"https:\\\/\\\/www.ugtcomunicaciones.es\\\/wordpress\\\/?s={search_term_string}\"},\"query-input\":{\"@type\":\"PropertyValueSpecification\",\"valueRequired\":true,\"valueName\":\"search_term_string\"}}],\"inLanguage\":\"es\"},{\"@type\":\"Organization\",\"@id\":\"https:\\\/\\\/www.ugtcomunicaciones.es\\\/wordpress\\\/#organization\",\"name\":\"UGT Comunicaciones\",\"url\":\"https:\\\/\\\/www.ugtcomunicaciones.es\\\/wordpress\\\/\",\"logo\":{\"@type\":\"ImageObject\",\"inLanguage\":\"es\",\"@id\":\"https:\\\/\\\/www.ugtcomunicaciones.es\\\/wordpress\\\/#\\\/schema\\\/logo\\\/image\\\/\",\"url\":\"https:\\\/\\\/www.ugtcomunicaciones.es\\\/wordpress\\\/wp-content\\\/uploads\\\/2024\\\/04\\\/comunicaciones_logo.png\",\"contentUrl\":\"https:\\\/\\\/www.ugtcomunicaciones.es\\\/wordpress\\\/wp-content\\\/uploads\\\/2024\\\/04\\\/comunicaciones_logo.png\",\"width\":298,\"height\":81,\"caption\":\"UGT Comunicaciones\"},\"image\":{\"@id\":\"https:\\\/\\\/www.ugtcomunicaciones.es\\\/wordpress\\\/#\\\/schema\\\/logo\\\/image\\\/\"},\"sameAs\":[\"https:\\\/\\\/www.facebook.com\\\/ugt.comunicaciones\\\/\",\"https:\\\/\\\/x.com\\\/ugtcom\"]},{\"@type\":\"Person\",\"@id\":\"https:\\\/\\\/www.ugtcomunicaciones.es\\\/wordpress\\\/#\\\/schema\\\/person\\\/eba0fc3fe5b444531d94d4368cba89ed\",\"name\":\"UGT\",\"image\":{\"@type\":\"ImageObject\",\"inLanguage\":\"es\",\"@id\":\"https:\\\/\\\/secure.gravatar.com\\\/avatar\\\/2a16057d620a4c646bcfc171c4f23030879ebbdd346f0525bd5d4a564e57e13d?s=96&d=mm&r=g\",\"url\":\"https:\\\/\\\/secure.gravatar.com\\\/avatar\\\/2a16057d620a4c646bcfc171c4f23030879ebbdd346f0525bd5d4a564e57e13d?s=96&d=mm&r=g\",\"contentUrl\":\"https:\\\/\\\/secure.gravatar.com\\\/avatar\\\/2a16057d620a4c646bcfc171c4f23030879ebbdd346f0525bd5d4a564e57e13d?s=96&d=mm&r=g\",\"caption\":\"UGT\"}}]}<\/script>\n<!-- \/ Yoast SEO Premium plugin. -->","yoast_head_json":{"title":"Nuevo paquete Telecom: UGT vuelve a llevar la voz de los trabajadores del Sector a Bruselas - UGT Comunicaciones","robots":{"index":"index","follow":"follow","max-snippet":"max-snippet:-1","max-image-preview":"max-image-preview:large","max-video-preview":"max-video-preview:-1"},"canonical":"https:\/\/www.ugtcomunicaciones.es\/wordpress\/1525-2\/","og_locale":"es_ES","og_type":"article","og_title":"Nuevo paquete Telecom: UGT vuelve a llevar la voz de los trabajadores del Sector a Bruselas","og_description":"UGT Comunicaciones ha vuelto a llevar las reivindicaciones del Sector de las Comunicaciones al coraz\u00f3n de la pol\u00edtica europea: al Parlamento de la Uni\u00f3n Europea. En 2014 fuimos a Bruselas a defender un nuevo modelo de sector basado en el empleo de calidad, siendo el \u00fanico sindicato en realizar esta campa\u00f1a. Ahora, en 2017, la [&hellip;]","og_url":"https:\/\/www.ugtcomunicaciones.es\/wordpress\/1525-2\/","og_site_name":"UGT Comunicaciones","article_publisher":"https:\/\/www.facebook.com\/ugt.comunicaciones\/","article_published_time":"2017-06-12T09:30:56+00:00","article_modified_time":"2017-07-19T10:07:14+00:00","og_image":[{"width":480,"height":394,"url":"https:\/\/www.ugtcomunicaciones.es\/wordpress\/wp-content\/uploads\/2017\/05\/foto1.png","type":"image\/png"}],"author":"UGT","twitter_card":"summary_large_image","twitter_creator":"@ugtcom","twitter_site":"@ugtcom","twitter_misc":{"Escrito por":"UGT","Tiempo de lectura":"2 minutos"},"schema":{"@context":"https:\/\/schema.org","@graph":[{"@type":"Article","@id":"https:\/\/www.ugtcomunicaciones.es\/wordpress\/1525-2\/#article","isPartOf":{"@id":"https:\/\/www.ugtcomunicaciones.es\/wordpress\/1525-2\/"},"author":{"name":"UGT","@id":"https:\/\/www.ugtcomunicaciones.es\/wordpress\/#\/schema\/person\/eba0fc3fe5b444531d94d4368cba89ed"},"headline":"Nuevo paquete Telecom: UGT vuelve a llevar la voz de los trabajadores del Sector a Bruselas","datePublished":"2017-06-12T09:30:56+00:00","dateModified":"2017-07-19T10:07:14+00:00","mainEntityOfPage":{"@id":"https:\/\/www.ugtcomunicaciones.es\/wordpress\/1525-2\/"},"wordCount":434,"commentCount":1,"publisher":{"@id":"https:\/\/www.ugtcomunicaciones.es\/wordpress\/#organization"},"image":{"@id":"https:\/\/www.ugtcomunicaciones.es\/wordpress\/1525-2\/#primaryimage"},"thumbnailUrl":"https:\/\/www.ugtcomunicaciones.es\/wordpress\/wp-content\/uploads\/2017\/05\/foto1.png","articleSection":["Opini\u00f3n","Regulaci\u00f3n"],"inLanguage":"es","potentialAction":[{"@type":"CommentAction","name":"Comment","target":["https:\/\/www.ugtcomunicaciones.es\/wordpress\/1525-2\/#respond"]}]},{"@type":"WebPage","@id":"https:\/\/www.ugtcomunicaciones.es\/wordpress\/1525-2\/","url":"https:\/\/www.ugtcomunicaciones.es\/wordpress\/1525-2\/","name":"Nuevo paquete Telecom: UGT vuelve a llevar la voz de los trabajadores del Sector a Bruselas - UGT Comunicaciones","isPartOf":{"@id":"https:\/\/www.ugtcomunicaciones.es\/wordpress\/#website"},"primaryImageOfPage":{"@id":"https:\/\/www.ugtcomunicaciones.es\/wordpress\/1525-2\/#primaryimage"},"image":{"@id":"https:\/\/www.ugtcomunicaciones.es\/wordpress\/1525-2\/#primaryimage"},"thumbnailUrl":"https:\/\/www.ugtcomunicaciones.es\/wordpress\/wp-content\/uploads\/2017\/05\/foto1.png","datePublished":"2017-06-12T09:30:56+00:00","dateModified":"2017-07-19T10:07:14+00:00","breadcrumb":{"@id":"https:\/\/www.ugtcomunicaciones.es\/wordpress\/1525-2\/#breadcrumb"},"inLanguage":"es","potentialAction":[{"@type":"ReadAction","target":["https:\/\/www.ugtcomunicaciones.es\/wordpress\/1525-2\/"]}]},{"@type":"ImageObject","inLanguage":"es","@id":"https:\/\/www.ugtcomunicaciones.es\/wordpress\/1525-2\/#primaryimage","url":"https:\/\/www.ugtcomunicaciones.es\/wordpress\/wp-content\/uploads\/2017\/05\/foto1.png","contentUrl":"https:\/\/www.ugtcomunicaciones.es\/wordpress\/wp-content\/uploads\/2017\/05\/foto1.png","width":480,"height":394},{"@type":"BreadcrumbList","@id":"https:\/\/www.ugtcomunicaciones.es\/wordpress\/1525-2\/#breadcrumb","itemListElement":[{"@type":"ListItem","position":1,"name":"Portada","item":"https:\/\/www.ugtcomunicaciones.es\/wordpress\/"},{"@type":"ListItem","position":2,"name":"Nuevo paquete Telecom: UGT vuelve a llevar la voz de los trabajadores del Sector a Bruselas"}]},{"@type":"WebSite","@id":"https:\/\/www.ugtcomunicaciones.es\/wordpress\/#website","url":"https:\/\/www.ugtcomunicaciones.es\/wordpress\/","name":"UGT Comunicaciones","description":"Sindicato de Telecomunicaciones","publisher":{"@id":"https:\/\/www.ugtcomunicaciones.es\/wordpress\/#organization"},"potentialAction":[{"@type":"SearchAction","target":{"@type":"EntryPoint","urlTemplate":"https:\/\/www.ugtcomunicaciones.es\/wordpress\/?s={search_term_string}"},"query-input":{"@type":"PropertyValueSpecification","valueRequired":true,"valueName":"search_term_string"}}],"inLanguage":"es"},{"@type":"Organization","@id":"https:\/\/www.ugtcomunicaciones.es\/wordpress\/#organization","name":"UGT Comunicaciones","url":"https:\/\/www.ugtcomunicaciones.es\/wordpress\/","logo":{"@type":"ImageObject","inLanguage":"es","@id":"https:\/\/www.ugtcomunicaciones.es\/wordpress\/#\/schema\/logo\/image\/","url":"https:\/\/www.ugtcomunicaciones.es\/wordpress\/wp-content\/uploads\/2024\/04\/comunicaciones_logo.png","contentUrl":"https:\/\/www.ugtcomunicaciones.es\/wordpress\/wp-content\/uploads\/2024\/04\/comunicaciones_logo.png","width":298,"height":81,"caption":"UGT Comunicaciones"},"image":{"@id":"https:\/\/www.ugtcomunicaciones.es\/wordpress\/#\/schema\/logo\/image\/"},"sameAs":["https:\/\/www.facebook.com\/ugt.comunicaciones\/","https:\/\/x.com\/ugtcom"]},{"@type":"Person","@id":"https:\/\/www.ugtcomunicaciones.es\/wordpress\/#\/schema\/person\/eba0fc3fe5b444531d94d4368cba89ed","name":"UGT","image":{"@type":"ImageObject","inLanguage":"es","@id":"https:\/\/secure.gravatar.com\/avatar\/2a16057d620a4c646bcfc171c4f23030879ebbdd346f0525bd5d4a564e57e13d?s=96&d=mm&r=g","url":"https:\/\/secure.gravatar.com\/avatar\/2a16057d620a4c646bcfc171c4f23030879ebbdd346f0525bd5d4a564e57e13d?s=96&d=mm&r=g","contentUrl":"https:\/\/secure.gravatar.com\/avatar\/2a16057d620a4c646bcfc171c4f23030879ebbdd346f0525bd5d4a564e57e13d?s=96&d=mm&r=g","caption":"UGT"}}]}},"_links":{"self":[{"href":"https:\/\/www.ugtcomunicaciones.es\/wordpress\/wp-json\/wp\/v2\/posts\/1525","targetHints":{"allow":["GET"]}}],"collection":[{"href":"https:\/\/www.ugtcomunicaciones.es\/wordpress\/wp-json\/wp\/v2\/posts"}],"about":[{"href":"https:\/\/www.ugtcomunicaciones.es\/wordpress\/wp-json\/wp\/v2\/types\/post"}],"author":[{"embeddable":true,"href":"https:\/\/www.ugtcomunicaciones.es\/wordpress\/wp-json\/wp\/v2\/users\/3"}],"replies":[{"embeddable":true,"href":"https:\/\/www.ugtcomunicaciones.es\/wordpress\/wp-json\/wp\/v2\/comments?post=1525"}],"version-history":[{"count":0,"href":"https:\/\/www.ugtcomunicaciones.es\/wordpress\/wp-json\/wp\/v2\/posts\/1525\/revisions"}],"wp:featuredmedia":[{"embeddable":true,"href":"https:\/\/www.ugtcomunicaciones.es\/wordpress\/wp-json\/wp\/v2\/media\/1526"}],"wp:attachment":[{"href":"https:\/\/www.ugtcomunicaciones.es\/wordpress\/wp-json\/wp\/v2\/media?parent=1525"}],"wp:term":[{"taxonomy":"category","embeddable":true,"href":"https:\/\/www.ugtcomunicaciones.es\/wordpress\/wp-json\/wp\/v2\/categories?post=1525"},{"taxonomy":"post_tag","embeddable":true,"href":"https:\/\/www.ugtcomunicaciones.es\/wordpress\/wp-json\/wp\/v2\/tags?post=1525"}],"curies":[{"name":"wp","href":"https:\/\/api.w.org\/{rel}","templated":true}]}}