{"id":152505,"date":"2018-05-28T08:00:24","date_gmt":"2018-05-28T06:00:24","guid":{"rendered":"http:\/\/ugtcomunicaciones.es\/wordpress\/?p=152505"},"modified":"2018-05-17T11:38:29","modified_gmt":"2018-05-17T09:38:29","slug":"la-industria-espanola-no-esta-preparada-para-la-revolucion-digital","status":"publish","type":"post","link":"https:\/\/www.ugtcomunicaciones.es\/wordpress\/la-industria-espanola-no-esta-preparada-para-la-revolucion-digital\/","title":{"rendered":"La industria espa\u00f1ola no est\u00e1 preparada para la revoluci\u00f3n digital"},"content":{"rendered":"<p style=\"text-align: justify;\">No es ninguna noticia nueva. Nada que no se supiera o que no se adivinase en estudios anteriores. Pero la publicaci\u00f3n del \u00faltimo estudio del Foro Econ\u00f3mico Mundial (<em>Readiness for the Future of Production Report 2018<a href=\"#_ftn1\" name=\"_ftnref1\"><strong>[1]<\/strong><\/a><\/em>), pone de manifiesto, en incluso cuantifica, el alcance de dicho retraso.<\/p>\n<p style=\"text-align: justify;\">Las cifras son tan contundentes como vergonzantes: entre las 30 econom\u00edas mundiales m\u00e1s ricas, Espa\u00f1a ostenta un indigno vig\u00e9simo cuarto puesto en t\u00e9rminos de preparaci\u00f3n para la industria 4.0. A la altura de la Rep\u00fablica Checa y por detr\u00e1s de Israel y Malasia.<\/p>\n<p><img decoding=\"async\" class=\"size-full wp-image-152506 aligncenter lazyload\" data-src=\"http:\/\/ugtcomunicaciones.es\/wordpress\/wp-content\/uploads\/2018\/05\/subasta-01-28-05-18.png\" alt=\"subasta-01-28-05-18\" width=\"385\" height=\"522\" data-srcset=\"https:\/\/www.ugtcomunicaciones.es\/wordpress\/wp-content\/uploads\/2018\/05\/subasta-01-28-05-18.png 385w, https:\/\/www.ugtcomunicaciones.es\/wordpress\/wp-content\/uploads\/2018\/05\/subasta-01-28-05-18-221x300.png 221w, https:\/\/www.ugtcomunicaciones.es\/wordpress\/wp-content\/uploads\/2018\/05\/subasta-01-28-05-18-310x420.png 310w\" data-sizes=\"(max-width: 385px) 100vw, 385px\" src=\"data:image\/svg+xml;base64,PHN2ZyB3aWR0aD0iMSIgaGVpZ2h0PSIxIiB4bWxucz0iaHR0cDovL3d3dy53My5vcmcvMjAwMC9zdmciPjwvc3ZnPg==\" style=\"--smush-placeholder-width: 385px; --smush-placeholder-aspect-ratio: 385\/522;\" \/><\/p>\n<p style=\"text-align: justify;\">De hecho, Espa\u00f1a no se encuentra en el top 10 de las dos principales categor\u00edas (Estructura de la Producci\u00f3n\/ Habilitadores de la Producci\u00f3n).<\/p>\n<p><img decoding=\"async\" class=\"size-full wp-image-152528 aligncenter lazyload\" data-src=\"http:\/\/ugtcomunicaciones.es\/wordpress\/wp-content\/uploads\/2018\/05\/subasta-02-28-05-18.png\" alt=\"subasta-02-28-05-18\" width=\"600\" height=\"328\" data-srcset=\"https:\/\/www.ugtcomunicaciones.es\/wordpress\/wp-content\/uploads\/2018\/05\/subasta-02-28-05-18.png 600w, https:\/\/www.ugtcomunicaciones.es\/wordpress\/wp-content\/uploads\/2018\/05\/subasta-02-28-05-18-300x164.png 300w\" data-sizes=\"(max-width: 600px) 100vw, 600px\" src=\"data:image\/svg+xml;base64,PHN2ZyB3aWR0aD0iMSIgaGVpZ2h0PSIxIiB4bWxucz0iaHR0cDovL3d3dy53My5vcmcvMjAwMC9zdmciPjwvc3ZnPg==\" style=\"--smush-placeholder-width: 600px; --smush-placeholder-aspect-ratio: 600\/328;\" \/><\/p>\n<p style=\"text-align: justify;\">Encontr\u00e1ndose siempre lejos de la posici\u00f3n que deber\u00eda ostentar como potencia econ\u00f3mica entre las m\u00e1s grandes del mundo:<\/p>\n<p><img decoding=\"async\" class=\"size-full wp-image-152529 aligncenter lazyload\" data-src=\"http:\/\/ugtcomunicaciones.es\/wordpress\/wp-content\/uploads\/2018\/05\/subasta-03-28-05-18.png\" alt=\"subasta-03-28-05-18\" width=\"600\" height=\"421\" data-srcset=\"https:\/\/www.ugtcomunicaciones.es\/wordpress\/wp-content\/uploads\/2018\/05\/subasta-03-28-05-18.png 600w, https:\/\/www.ugtcomunicaciones.es\/wordpress\/wp-content\/uploads\/2018\/05\/subasta-03-28-05-18-300x211.png 300w, https:\/\/www.ugtcomunicaciones.es\/wordpress\/wp-content\/uploads\/2018\/05\/subasta-03-28-05-18-599x420.png 599w\" data-sizes=\"(max-width: 600px) 100vw, 600px\" src=\"data:image\/svg+xml;base64,PHN2ZyB3aWR0aD0iMSIgaGVpZ2h0PSIxIiB4bWxucz0iaHR0cDovL3d3dy53My5vcmcvMjAwMC9zdmciPjwvc3ZnPg==\" style=\"--smush-placeholder-width: 600px; --smush-placeholder-aspect-ratio: 600\/421;\" \/><\/p>\n<p><img decoding=\"async\" class=\"size-full wp-image-152530 aligncenter lazyload\" data-src=\"http:\/\/ugtcomunicaciones.es\/wordpress\/wp-content\/uploads\/2018\/05\/subasta-04-28-05-18.png\" alt=\"subasta-04-28-05-18\" width=\"600\" height=\"413\" data-srcset=\"https:\/\/www.ugtcomunicaciones.es\/wordpress\/wp-content\/uploads\/2018\/05\/subasta-04-28-05-18.png 600w, https:\/\/www.ugtcomunicaciones.es\/wordpress\/wp-content\/uploads\/2018\/05\/subasta-04-28-05-18-300x207.png 300w\" data-sizes=\"(max-width: 600px) 100vw, 600px\" src=\"data:image\/svg+xml;base64,PHN2ZyB3aWR0aD0iMSIgaGVpZ2h0PSIxIiB4bWxucz0iaHR0cDovL3d3dy53My5vcmcvMjAwMC9zdmciPjwvc3ZnPg==\" style=\"--smush-placeholder-width: 600px; --smush-placeholder-aspect-ratio: 600\/413;\" \/><\/p>\n<p style=\"text-align: justify;\">Los resultados de Espa\u00f1a son muy mediocres en todos los par\u00e1metros e \u00edtems analizados: nuestro ranking nunca supera la posici\u00f3n 24\u00ba posici\u00f3n, con sub\u00edndices por encima de la treinta hasta en cuatro ocasiones:<\/p>\n<p><img decoding=\"async\" class=\"size-full wp-image-152531 aligncenter lazyload\" data-src=\"http:\/\/ugtcomunicaciones.es\/wordpress\/wp-content\/uploads\/2018\/05\/subasta-05-28-05-18.png\" alt=\"subasta-05-28-05-18\" width=\"600\" height=\"356\" data-srcset=\"https:\/\/www.ugtcomunicaciones.es\/wordpress\/wp-content\/uploads\/2018\/05\/subasta-05-28-05-18.png 600w, https:\/\/www.ugtcomunicaciones.es\/wordpress\/wp-content\/uploads\/2018\/05\/subasta-05-28-05-18-300x178.png 300w\" data-sizes=\"(max-width: 600px) 100vw, 600px\" src=\"data:image\/svg+xml;base64,PHN2ZyB3aWR0aD0iMSIgaGVpZ2h0PSIxIiB4bWxucz0iaHR0cDovL3d3dy53My5vcmcvMjAwMC9zdmciPjwvc3ZnPg==\" style=\"--smush-placeholder-width: 600px; --smush-placeholder-aspect-ratio: 600\/356;\" \/><\/p>\n<p style=\"text-align: justify;\">Las principales carencias de Espa\u00f1a se encuentran en cuestiones largamente denunciadas por <span style=\"color: #ff0000;\"><strong>UGT<\/strong><\/span>, como las habilidades digitales de la poblaci\u00f3n (60\u00ba del mundo), la capacidad para atraer y retener el talento (64\u00ba), la capacidad del empresariado para poner en marcha ideas disruptivas (68\u00ba), el pensamiento cr\u00edtico en la ense\u00f1anza (66\u00ba) o las pr\u00e1cticas de contrataci\u00f3n y despido (82\u00ba).<\/p>\n<p style=\"text-align: justify;\">En resumen, la situaci\u00f3n de Espa\u00f1a para abrazar la cuarta revoluci\u00f3n industria es tan deficitaria que podr\u00eda calificarse de indigna e inadmisible.<\/p>\n<p style=\"text-align: justify;\">Los poderes p\u00fablicos deber\u00edan ponerse manos a la obra, ya mismo, para mitigar este desfase<a href=\"#_ftn2\" name=\"_ftnref2\">[2]<\/a>. Se hace imprescindible confeccionar un Plan Industrial, con un Gobierno que apueste realmente por la industria, que la regenere, la oriente y la convierta en el motor de creaci\u00f3n de empleo en nuestro pa\u00eds. Para ello hay que superar los principales d\u00e9ficits de nuestra industria actual. D\u00e9ficit en inversi\u00f3n, formaci\u00f3n y cualificaci\u00f3n profesional, en el nivel tecnol\u00f3gico, en el desfase en I+D, en la escasa dimensi\u00f3n de las empresas, hasta articular\u00a0actuaciones de car\u00e1cter horizontal y vertical, atendiendo las necesidades de cada sector y territorio. Se trata de hacer una pol\u00edtica de Estado que afecte al conjunto del Gobierno. Al Ministerio de Econom\u00eda o el de Hacienda (respecto a medidas fiscales, por ejemplo) el Ministerio de Medio Ambiente, pasando por el de Trabajo, o el de Fomento (como el mayor gestor de suelo industrial o de infraestructuras) o al de Educaci\u00f3n (con una formaci\u00f3n profesional dirigida a las nuevas necesidades de los sectores industriales).<\/p>\n<p style=\"text-align: justify;\">En definitiva, se hace imprescindible una pol\u00edtica activa, coordinada y consensuada con todos los agentes implicados, para que la industria se convierta en el principal motor econ\u00f3mico y de generaci\u00f3n de empleo estable y con derechos de nuestro pa\u00eds<a href=\"#_ftn3\" name=\"_ftnref3\">[3]<\/a>.<\/p>\n<h3 style=\"text-align: right;\"><span style=\"color: #ff0000;\"><strong>UGT<\/strong><\/span><strong> Comunicaciones<\/strong><\/h3>\n<p>&nbsp;<\/p>\n<p><span style=\"font-size: xx-small;\"><a href=\"#_ftnref1\" name=\"_ftn1\">[1]<\/a> <a href=\"https:\/\/www.weforum.org\/reports\/readiness-for-the-future-of-production-report-2018\" target=\"_blank\" rel=\"noopener\">https:\/\/www.weforum.org\/reports\/readiness-for-the-future-of-production-report-2018<\/a><br \/>\n<a href=\"#_ftnref2\" name=\"_ftn2\">[2]<\/a> <a href=\"https:\/\/cincodias.elpais.com\/cincodias\/2018\/01\/02\/mercados\/1514907143_326245.html\" target=\"_blank\" rel=\"noopener\">https:\/\/cincodias.elpais.com\/cincodias\/2018\/01\/02\/mercados\/1514907143_326245.html<\/a><br \/>\n<a href=\"#_ftnref3\" name=\"_ftn3\">[3]<\/a> <a href=\"http:\/\/www.ugt.es\/SitePages\/NoticiaDetalle.aspx?idElemento=2894\" target=\"_blank\" rel=\"noopener\">http:\/\/www.ugt.es\/SitePages\/NoticiaDetalle.aspx?idElemento=2894<\/a><\/span><\/p>\n","protected":false},"excerpt":{"rendered":"<p>No es ninguna noticia nueva. Nada que no se supiera o que no se adivinase en estudios anteriores. Pero la publicaci\u00f3n del \u00faltimo estudio del Foro Econ\u00f3mico Mundial (Readiness for the Future of Production Report 2018[1]), pone de manifiesto, en incluso cuantifica, el alcance de dicho retraso. Las cifras son tan contundentes como vergonzantes: entre [&hellip;]<\/p>\n","protected":false},"author":3,"featured_media":152543,"comment_status":"closed","ping_status":"closed","sticky":false,"template":"","format":"standard","meta":{"footnotes":""},"categories":[14,12],"tags":[],"class_list":["post-152505","post","type-post","status-publish","format-standard","has-post-thumbnail","hentry","category-opinion","category-regulacion"],"yoast_head":"<!-- This site is optimized with the Yoast SEO Premium plugin v27.3 (Yoast SEO v27.4) - https:\/\/yoast.com\/product\/yoast-seo-premium-wordpress\/ -->\n<title>La industria espa\u00f1ola no est\u00e1 preparada para la revoluci\u00f3n digital - UGT Comunicaciones<\/title>\n<meta name=\"description\" content=\"No es ninguna noticia nueva. Nada que no se supiera o que no se adivinase en estudios anteriores. Pero la publicaci\u00f3n del \u00faltimo estudio del Foro Econ\u00f3mico Mundial (Readiness for the Future of Production Report 2018), pone de manifiesto, en incluso cuantifica, el alcance de dicho retraso...\" \/>\n<meta name=\"robots\" content=\"index, follow, max-snippet:-1, max-image-preview:large, max-video-preview:-1\" \/>\n<link rel=\"canonical\" href=\"https:\/\/www.ugtcomunicaciones.es\/wordpress\/la-industria-espanola-no-esta-preparada-para-la-revolucion-digital\/\" \/>\n<meta property=\"og:locale\" content=\"es_ES\" \/>\n<meta property=\"og:type\" content=\"article\" \/>\n<meta property=\"og:title\" content=\"La industria espa\u00f1ola no est\u00e1 preparada para la revoluci\u00f3n digital\" \/>\n<meta property=\"og:description\" content=\"No es ninguna noticia nueva. Nada que no se supiera o que no se adivinase en estudios anteriores. Pero la publicaci\u00f3n del \u00faltimo estudio del Foro Econ\u00f3mico Mundial (Readiness for the Future of Production Report 2018), pone de manifiesto, en incluso cuantifica, el alcance de dicho retraso...\" \/>\n<meta property=\"og:url\" content=\"https:\/\/www.ugtcomunicaciones.es\/wordpress\/la-industria-espanola-no-esta-preparada-para-la-revolucion-digital\/\" \/>\n<meta property=\"og:site_name\" content=\"UGT Comunicaciones\" \/>\n<meta property=\"article:publisher\" content=\"https:\/\/www.facebook.com\/ugt.comunicaciones\/\" \/>\n<meta property=\"article:published_time\" content=\"2018-05-28T06:00:24+00:00\" \/>\n<meta property=\"og:image\" content=\"https:\/\/www.ugtcomunicaciones.es\/wordpress\/wp-content\/uploads\/2018\/05\/subasta-portada-28-05-18.jpg\" \/>\n\t<meta property=\"og:image:width\" content=\"600\" \/>\n\t<meta property=\"og:image:height\" content=\"400\" \/>\n\t<meta property=\"og:image:type\" content=\"image\/jpeg\" \/>\n<meta name=\"author\" content=\"UGT\" \/>\n<meta name=\"twitter:card\" content=\"summary_large_image\" \/>\n<meta name=\"twitter:creator\" content=\"@ugtcom\" \/>\n<meta name=\"twitter:site\" content=\"@ugtcom\" \/>\n<meta name=\"twitter:label1\" content=\"Escrito por\" \/>\n\t<meta name=\"twitter:data1\" content=\"UGT\" \/>\n\t<meta name=\"twitter:label2\" content=\"Tiempo de lectura\" \/>\n\t<meta name=\"twitter:data2\" content=\"3 minutos\" \/>\n<script type=\"application\/ld+json\" class=\"yoast-schema-graph\">{\"@context\":\"https:\\\/\\\/schema.org\",\"@graph\":[{\"@type\":\"Article\",\"@id\":\"https:\\\/\\\/www.ugtcomunicaciones.es\\\/wordpress\\\/la-industria-espanola-no-esta-preparada-para-la-revolucion-digital\\\/#article\",\"isPartOf\":{\"@id\":\"https:\\\/\\\/www.ugtcomunicaciones.es\\\/wordpress\\\/la-industria-espanola-no-esta-preparada-para-la-revolucion-digital\\\/\"},\"author\":{\"name\":\"UGT\",\"@id\":\"https:\\\/\\\/www.ugtcomunicaciones.es\\\/wordpress\\\/#\\\/schema\\\/person\\\/eba0fc3fe5b444531d94d4368cba89ed\"},\"headline\":\"La industria espa\u00f1ola no est\u00e1 preparada para la revoluci\u00f3n digital\",\"datePublished\":\"2018-05-28T06:00:24+00:00\",\"mainEntityOfPage\":{\"@id\":\"https:\\\/\\\/www.ugtcomunicaciones.es\\\/wordpress\\\/la-industria-espanola-no-esta-preparada-para-la-revolucion-digital\\\/\"},\"wordCount\":533,\"publisher\":{\"@id\":\"https:\\\/\\\/www.ugtcomunicaciones.es\\\/wordpress\\\/#organization\"},\"image\":{\"@id\":\"https:\\\/\\\/www.ugtcomunicaciones.es\\\/wordpress\\\/la-industria-espanola-no-esta-preparada-para-la-revolucion-digital\\\/#primaryimage\"},\"thumbnailUrl\":\"https:\\\/\\\/www.ugtcomunicaciones.es\\\/wordpress\\\/wp-content\\\/uploads\\\/2018\\\/05\\\/subasta-portada-28-05-18.jpg\",\"articleSection\":[\"Opini\u00f3n\",\"Regulaci\u00f3n\"],\"inLanguage\":\"es\"},{\"@type\":\"WebPage\",\"@id\":\"https:\\\/\\\/www.ugtcomunicaciones.es\\\/wordpress\\\/la-industria-espanola-no-esta-preparada-para-la-revolucion-digital\\\/\",\"url\":\"https:\\\/\\\/www.ugtcomunicaciones.es\\\/wordpress\\\/la-industria-espanola-no-esta-preparada-para-la-revolucion-digital\\\/\",\"name\":\"La industria espa\u00f1ola no est\u00e1 preparada para la revoluci\u00f3n digital - UGT Comunicaciones\",\"isPartOf\":{\"@id\":\"https:\\\/\\\/www.ugtcomunicaciones.es\\\/wordpress\\\/#website\"},\"primaryImageOfPage\":{\"@id\":\"https:\\\/\\\/www.ugtcomunicaciones.es\\\/wordpress\\\/la-industria-espanola-no-esta-preparada-para-la-revolucion-digital\\\/#primaryimage\"},\"image\":{\"@id\":\"https:\\\/\\\/www.ugtcomunicaciones.es\\\/wordpress\\\/la-industria-espanola-no-esta-preparada-para-la-revolucion-digital\\\/#primaryimage\"},\"thumbnailUrl\":\"https:\\\/\\\/www.ugtcomunicaciones.es\\\/wordpress\\\/wp-content\\\/uploads\\\/2018\\\/05\\\/subasta-portada-28-05-18.jpg\",\"datePublished\":\"2018-05-28T06:00:24+00:00\",\"description\":\"No es ninguna noticia nueva. Nada que no se supiera o que no se adivinase en estudios anteriores. Pero la publicaci\u00f3n del \u00faltimo estudio del Foro Econ\u00f3mico Mundial (Readiness for the Future of Production Report 2018), pone de manifiesto, en incluso cuantifica, el alcance de dicho retraso...\",\"breadcrumb\":{\"@id\":\"https:\\\/\\\/www.ugtcomunicaciones.es\\\/wordpress\\\/la-industria-espanola-no-esta-preparada-para-la-revolucion-digital\\\/#breadcrumb\"},\"inLanguage\":\"es\",\"potentialAction\":[{\"@type\":\"ReadAction\",\"target\":[\"https:\\\/\\\/www.ugtcomunicaciones.es\\\/wordpress\\\/la-industria-espanola-no-esta-preparada-para-la-revolucion-digital\\\/\"]}]},{\"@type\":\"ImageObject\",\"inLanguage\":\"es\",\"@id\":\"https:\\\/\\\/www.ugtcomunicaciones.es\\\/wordpress\\\/la-industria-espanola-no-esta-preparada-para-la-revolucion-digital\\\/#primaryimage\",\"url\":\"https:\\\/\\\/www.ugtcomunicaciones.es\\\/wordpress\\\/wp-content\\\/uploads\\\/2018\\\/05\\\/subasta-portada-28-05-18.jpg\",\"contentUrl\":\"https:\\\/\\\/www.ugtcomunicaciones.es\\\/wordpress\\\/wp-content\\\/uploads\\\/2018\\\/05\\\/subasta-portada-28-05-18.jpg\",\"width\":600,\"height\":400,\"caption\":\"subasta-portada-28-05-18\"},{\"@type\":\"BreadcrumbList\",\"@id\":\"https:\\\/\\\/www.ugtcomunicaciones.es\\\/wordpress\\\/la-industria-espanola-no-esta-preparada-para-la-revolucion-digital\\\/#breadcrumb\",\"itemListElement\":[{\"@type\":\"ListItem\",\"position\":1,\"name\":\"Portada\",\"item\":\"https:\\\/\\\/www.ugtcomunicaciones.es\\\/wordpress\\\/\"},{\"@type\":\"ListItem\",\"position\":2,\"name\":\"La industria espa\u00f1ola no est\u00e1 preparada para la revoluci\u00f3n digital\"}]},{\"@type\":\"WebSite\",\"@id\":\"https:\\\/\\\/www.ugtcomunicaciones.es\\\/wordpress\\\/#website\",\"url\":\"https:\\\/\\\/www.ugtcomunicaciones.es\\\/wordpress\\\/\",\"name\":\"UGT Comunicaciones\",\"description\":\"Sindicato de Telecomunicaciones\",\"publisher\":{\"@id\":\"https:\\\/\\\/www.ugtcomunicaciones.es\\\/wordpress\\\/#organization\"},\"potentialAction\":[{\"@type\":\"SearchAction\",\"target\":{\"@type\":\"EntryPoint\",\"urlTemplate\":\"https:\\\/\\\/www.ugtcomunicaciones.es\\\/wordpress\\\/?s={search_term_string}\"},\"query-input\":{\"@type\":\"PropertyValueSpecification\",\"valueRequired\":true,\"valueName\":\"search_term_string\"}}],\"inLanguage\":\"es\"},{\"@type\":\"Organization\",\"@id\":\"https:\\\/\\\/www.ugtcomunicaciones.es\\\/wordpress\\\/#organization\",\"name\":\"UGT Comunicaciones\",\"url\":\"https:\\\/\\\/www.ugtcomunicaciones.es\\\/wordpress\\\/\",\"logo\":{\"@type\":\"ImageObject\",\"inLanguage\":\"es\",\"@id\":\"https:\\\/\\\/www.ugtcomunicaciones.es\\\/wordpress\\\/#\\\/schema\\\/logo\\\/image\\\/\",\"url\":\"https:\\\/\\\/www.ugtcomunicaciones.es\\\/wordpress\\\/wp-content\\\/uploads\\\/2024\\\/04\\\/comunicaciones_logo.png\",\"contentUrl\":\"https:\\\/\\\/www.ugtcomunicaciones.es\\\/wordpress\\\/wp-content\\\/uploads\\\/2024\\\/04\\\/comunicaciones_logo.png\",\"width\":298,\"height\":81,\"caption\":\"UGT Comunicaciones\"},\"image\":{\"@id\":\"https:\\\/\\\/www.ugtcomunicaciones.es\\\/wordpress\\\/#\\\/schema\\\/logo\\\/image\\\/\"},\"sameAs\":[\"https:\\\/\\\/www.facebook.com\\\/ugt.comunicaciones\\\/\",\"https:\\\/\\\/x.com\\\/ugtcom\"]},{\"@type\":\"Person\",\"@id\":\"https:\\\/\\\/www.ugtcomunicaciones.es\\\/wordpress\\\/#\\\/schema\\\/person\\\/eba0fc3fe5b444531d94d4368cba89ed\",\"name\":\"UGT\",\"image\":{\"@type\":\"ImageObject\",\"inLanguage\":\"es\",\"@id\":\"https:\\\/\\\/secure.gravatar.com\\\/avatar\\\/2a16057d620a4c646bcfc171c4f23030879ebbdd346f0525bd5d4a564e57e13d?s=96&d=mm&r=g\",\"url\":\"https:\\\/\\\/secure.gravatar.com\\\/avatar\\\/2a16057d620a4c646bcfc171c4f23030879ebbdd346f0525bd5d4a564e57e13d?s=96&d=mm&r=g\",\"contentUrl\":\"https:\\\/\\\/secure.gravatar.com\\\/avatar\\\/2a16057d620a4c646bcfc171c4f23030879ebbdd346f0525bd5d4a564e57e13d?s=96&d=mm&r=g\",\"caption\":\"UGT\"}}]}<\/script>\n<!-- \/ Yoast SEO Premium plugin. -->","yoast_head_json":{"title":"La industria espa\u00f1ola no est\u00e1 preparada para la revoluci\u00f3n digital - UGT Comunicaciones","description":"No es ninguna noticia nueva. Nada que no se supiera o que no se adivinase en estudios anteriores. Pero la publicaci\u00f3n del \u00faltimo estudio del Foro Econ\u00f3mico Mundial (Readiness for the Future of Production Report 2018), pone de manifiesto, en incluso cuantifica, el alcance de dicho retraso...","robots":{"index":"index","follow":"follow","max-snippet":"max-snippet:-1","max-image-preview":"max-image-preview:large","max-video-preview":"max-video-preview:-1"},"canonical":"https:\/\/www.ugtcomunicaciones.es\/wordpress\/la-industria-espanola-no-esta-preparada-para-la-revolucion-digital\/","og_locale":"es_ES","og_type":"article","og_title":"La industria espa\u00f1ola no est\u00e1 preparada para la revoluci\u00f3n digital","og_description":"No es ninguna noticia nueva. Nada que no se supiera o que no se adivinase en estudios anteriores. Pero la publicaci\u00f3n del \u00faltimo estudio del Foro Econ\u00f3mico Mundial (Readiness for the Future of Production Report 2018), pone de manifiesto, en incluso cuantifica, el alcance de dicho retraso...","og_url":"https:\/\/www.ugtcomunicaciones.es\/wordpress\/la-industria-espanola-no-esta-preparada-para-la-revolucion-digital\/","og_site_name":"UGT Comunicaciones","article_publisher":"https:\/\/www.facebook.com\/ugt.comunicaciones\/","article_published_time":"2018-05-28T06:00:24+00:00","og_image":[{"width":600,"height":400,"url":"https:\/\/www.ugtcomunicaciones.es\/wordpress\/wp-content\/uploads\/2018\/05\/subasta-portada-28-05-18.jpg","type":"image\/jpeg"}],"author":"UGT","twitter_card":"summary_large_image","twitter_creator":"@ugtcom","twitter_site":"@ugtcom","twitter_misc":{"Escrito por":"UGT","Tiempo de lectura":"3 minutos"},"schema":{"@context":"https:\/\/schema.org","@graph":[{"@type":"Article","@id":"https:\/\/www.ugtcomunicaciones.es\/wordpress\/la-industria-espanola-no-esta-preparada-para-la-revolucion-digital\/#article","isPartOf":{"@id":"https:\/\/www.ugtcomunicaciones.es\/wordpress\/la-industria-espanola-no-esta-preparada-para-la-revolucion-digital\/"},"author":{"name":"UGT","@id":"https:\/\/www.ugtcomunicaciones.es\/wordpress\/#\/schema\/person\/eba0fc3fe5b444531d94d4368cba89ed"},"headline":"La industria espa\u00f1ola no est\u00e1 preparada para la revoluci\u00f3n digital","datePublished":"2018-05-28T06:00:24+00:00","mainEntityOfPage":{"@id":"https:\/\/www.ugtcomunicaciones.es\/wordpress\/la-industria-espanola-no-esta-preparada-para-la-revolucion-digital\/"},"wordCount":533,"publisher":{"@id":"https:\/\/www.ugtcomunicaciones.es\/wordpress\/#organization"},"image":{"@id":"https:\/\/www.ugtcomunicaciones.es\/wordpress\/la-industria-espanola-no-esta-preparada-para-la-revolucion-digital\/#primaryimage"},"thumbnailUrl":"https:\/\/www.ugtcomunicaciones.es\/wordpress\/wp-content\/uploads\/2018\/05\/subasta-portada-28-05-18.jpg","articleSection":["Opini\u00f3n","Regulaci\u00f3n"],"inLanguage":"es"},{"@type":"WebPage","@id":"https:\/\/www.ugtcomunicaciones.es\/wordpress\/la-industria-espanola-no-esta-preparada-para-la-revolucion-digital\/","url":"https:\/\/www.ugtcomunicaciones.es\/wordpress\/la-industria-espanola-no-esta-preparada-para-la-revolucion-digital\/","name":"La industria espa\u00f1ola no est\u00e1 preparada para la revoluci\u00f3n digital - UGT Comunicaciones","isPartOf":{"@id":"https:\/\/www.ugtcomunicaciones.es\/wordpress\/#website"},"primaryImageOfPage":{"@id":"https:\/\/www.ugtcomunicaciones.es\/wordpress\/la-industria-espanola-no-esta-preparada-para-la-revolucion-digital\/#primaryimage"},"image":{"@id":"https:\/\/www.ugtcomunicaciones.es\/wordpress\/la-industria-espanola-no-esta-preparada-para-la-revolucion-digital\/#primaryimage"},"thumbnailUrl":"https:\/\/www.ugtcomunicaciones.es\/wordpress\/wp-content\/uploads\/2018\/05\/subasta-portada-28-05-18.jpg","datePublished":"2018-05-28T06:00:24+00:00","description":"No es ninguna noticia nueva. Nada que no se supiera o que no se adivinase en estudios anteriores. Pero la publicaci\u00f3n del \u00faltimo estudio del Foro Econ\u00f3mico Mundial (Readiness for the Future of Production Report 2018), pone de manifiesto, en incluso cuantifica, el alcance de dicho retraso...","breadcrumb":{"@id":"https:\/\/www.ugtcomunicaciones.es\/wordpress\/la-industria-espanola-no-esta-preparada-para-la-revolucion-digital\/#breadcrumb"},"inLanguage":"es","potentialAction":[{"@type":"ReadAction","target":["https:\/\/www.ugtcomunicaciones.es\/wordpress\/la-industria-espanola-no-esta-preparada-para-la-revolucion-digital\/"]}]},{"@type":"ImageObject","inLanguage":"es","@id":"https:\/\/www.ugtcomunicaciones.es\/wordpress\/la-industria-espanola-no-esta-preparada-para-la-revolucion-digital\/#primaryimage","url":"https:\/\/www.ugtcomunicaciones.es\/wordpress\/wp-content\/uploads\/2018\/05\/subasta-portada-28-05-18.jpg","contentUrl":"https:\/\/www.ugtcomunicaciones.es\/wordpress\/wp-content\/uploads\/2018\/05\/subasta-portada-28-05-18.jpg","width":600,"height":400,"caption":"subasta-portada-28-05-18"},{"@type":"BreadcrumbList","@id":"https:\/\/www.ugtcomunicaciones.es\/wordpress\/la-industria-espanola-no-esta-preparada-para-la-revolucion-digital\/#breadcrumb","itemListElement":[{"@type":"ListItem","position":1,"name":"Portada","item":"https:\/\/www.ugtcomunicaciones.es\/wordpress\/"},{"@type":"ListItem","position":2,"name":"La industria espa\u00f1ola no est\u00e1 preparada para la revoluci\u00f3n digital"}]},{"@type":"WebSite","@id":"https:\/\/www.ugtcomunicaciones.es\/wordpress\/#website","url":"https:\/\/www.ugtcomunicaciones.es\/wordpress\/","name":"UGT Comunicaciones","description":"Sindicato de Telecomunicaciones","publisher":{"@id":"https:\/\/www.ugtcomunicaciones.es\/wordpress\/#organization"},"potentialAction":[{"@type":"SearchAction","target":{"@type":"EntryPoint","urlTemplate":"https:\/\/www.ugtcomunicaciones.es\/wordpress\/?s={search_term_string}"},"query-input":{"@type":"PropertyValueSpecification","valueRequired":true,"valueName":"search_term_string"}}],"inLanguage":"es"},{"@type":"Organization","@id":"https:\/\/www.ugtcomunicaciones.es\/wordpress\/#organization","name":"UGT Comunicaciones","url":"https:\/\/www.ugtcomunicaciones.es\/wordpress\/","logo":{"@type":"ImageObject","inLanguage":"es","@id":"https:\/\/www.ugtcomunicaciones.es\/wordpress\/#\/schema\/logo\/image\/","url":"https:\/\/www.ugtcomunicaciones.es\/wordpress\/wp-content\/uploads\/2024\/04\/comunicaciones_logo.png","contentUrl":"https:\/\/www.ugtcomunicaciones.es\/wordpress\/wp-content\/uploads\/2024\/04\/comunicaciones_logo.png","width":298,"height":81,"caption":"UGT Comunicaciones"},"image":{"@id":"https:\/\/www.ugtcomunicaciones.es\/wordpress\/#\/schema\/logo\/image\/"},"sameAs":["https:\/\/www.facebook.com\/ugt.comunicaciones\/","https:\/\/x.com\/ugtcom"]},{"@type":"Person","@id":"https:\/\/www.ugtcomunicaciones.es\/wordpress\/#\/schema\/person\/eba0fc3fe5b444531d94d4368cba89ed","name":"UGT","image":{"@type":"ImageObject","inLanguage":"es","@id":"https:\/\/secure.gravatar.com\/avatar\/2a16057d620a4c646bcfc171c4f23030879ebbdd346f0525bd5d4a564e57e13d?s=96&d=mm&r=g","url":"https:\/\/secure.gravatar.com\/avatar\/2a16057d620a4c646bcfc171c4f23030879ebbdd346f0525bd5d4a564e57e13d?s=96&d=mm&r=g","contentUrl":"https:\/\/secure.gravatar.com\/avatar\/2a16057d620a4c646bcfc171c4f23030879ebbdd346f0525bd5d4a564e57e13d?s=96&d=mm&r=g","caption":"UGT"}}]}},"_links":{"self":[{"href":"https:\/\/www.ugtcomunicaciones.es\/wordpress\/wp-json\/wp\/v2\/posts\/152505","targetHints":{"allow":["GET"]}}],"collection":[{"href":"https:\/\/www.ugtcomunicaciones.es\/wordpress\/wp-json\/wp\/v2\/posts"}],"about":[{"href":"https:\/\/www.ugtcomunicaciones.es\/wordpress\/wp-json\/wp\/v2\/types\/post"}],"author":[{"embeddable":true,"href":"https:\/\/www.ugtcomunicaciones.es\/wordpress\/wp-json\/wp\/v2\/users\/3"}],"replies":[{"embeddable":true,"href":"https:\/\/www.ugtcomunicaciones.es\/wordpress\/wp-json\/wp\/v2\/comments?post=152505"}],"version-history":[{"count":0,"href":"https:\/\/www.ugtcomunicaciones.es\/wordpress\/wp-json\/wp\/v2\/posts\/152505\/revisions"}],"wp:featuredmedia":[{"embeddable":true,"href":"https:\/\/www.ugtcomunicaciones.es\/wordpress\/wp-json\/wp\/v2\/media\/152543"}],"wp:attachment":[{"href":"https:\/\/www.ugtcomunicaciones.es\/wordpress\/wp-json\/wp\/v2\/media?parent=152505"}],"wp:term":[{"taxonomy":"category","embeddable":true,"href":"https:\/\/www.ugtcomunicaciones.es\/wordpress\/wp-json\/wp\/v2\/categories?post=152505"},{"taxonomy":"post_tag","embeddable":true,"href":"https:\/\/www.ugtcomunicaciones.es\/wordpress\/wp-json\/wp\/v2\/tags?post=152505"}],"curies":[{"name":"wp","href":"https:\/\/api.w.org\/{rel}","templated":true}]}}