{"id":1536,"date":"2017-06-12T11:15:01","date_gmt":"2017-06-12T10:15:01","guid":{"rendered":"http:\/\/www.ugtcom.h2301842.stratoserver.net\/wordpress\/wordpress\/?p=1536"},"modified":"2017-06-26T11:14:16","modified_gmt":"2017-06-26T10:14:16","slug":"analisis-geografico-las-ngn-espana-cnmc-junio-2016","status":"publish","type":"post","link":"https:\/\/www.ugtcomunicaciones.es\/wordpress\/analisis-geografico-las-ngn-espana-cnmc-junio-2016\/","title":{"rendered":"Analisis geogr\u00e1fico de las NGN en Espa\u00f1a, CNMC, junio 2016"},"content":{"rendered":"<p style=\"text-align: justify;\">La CNMC publica un seguimiento semestral sobre los servicios de banda ancha fija y despliegue de Redes de Nueva Generaci\u00f3n (NGA), en el caso que nos ocupa, sobre la base de datos de junio de 2016<a href=\"#_ftn1\" name=\"_ftnref1\">[1]<\/a>.<\/p>\n<p style=\"text-align: justify;\">A continuaci\u00f3n resaltamos los \u00edtems m\u00e1s relevantes:<\/p>\n<ul style=\"text-align: justify;\">\n<li style=\"text-align: justify;\">A nivel nacional, los datos del segundo trimestre de 2016 muestran que el volumen de accesos de banda ancha creci\u00f3 el 4,2% en el \u00faltimo a\u00f1o, hasta alcanzar los 13,59 millones de conexiones activas. Las cifras reflejan que los principales operadores alternativos (Orange y Vodafone) fueron los que tuvieron las mayores ganancias de accesos netos (358 mil accesos), con una p\u00e9rdida considerable de accesos basados en el xDSL que se compens\u00f3 con la contrataci\u00f3n de accesos FTTH (870 mil accesos m\u00e1s). Movistar, present\u00f3 una descenso de accesos xDSL (813 mil l\u00edneas menos) que se compens\u00f3 con el aumento en la contrataci\u00f3n de accesos FTTH (954 mil accesos m\u00e1s).<\/li>\n<\/ul>\n<p style=\"text-align: justify;\"><img decoding=\"async\" class=\"aligncenter wp-image-1537 size-full lazyload\" data-src=\"http:\/\/ugtcomunicaciones.es\/wordpress\/wp-content\/uploads\/2017\/05\/tabla-01.png\" alt=\"\" width=\"901\" height=\"372\" data-srcset=\"https:\/\/www.ugtcomunicaciones.es\/wordpress\/wp-content\/uploads\/2017\/05\/tabla-01.png 901w, https:\/\/www.ugtcomunicaciones.es\/wordpress\/wp-content\/uploads\/2017\/05\/tabla-01-300x124.png 300w, https:\/\/www.ugtcomunicaciones.es\/wordpress\/wp-content\/uploads\/2017\/05\/tabla-01-768x317.png 768w, https:\/\/www.ugtcomunicaciones.es\/wordpress\/wp-content\/uploads\/2017\/05\/tabla-01-640x264.png 640w, https:\/\/www.ugtcomunicaciones.es\/wordpress\/wp-content\/uploads\/2017\/05\/tabla-01-681x281.png 681w\" data-sizes=\"(max-width: 901px) 100vw, 901px\" src=\"data:image\/svg+xml;base64,PHN2ZyB3aWR0aD0iMSIgaGVpZ2h0PSIxIiB4bWxucz0iaHR0cDovL3d3dy53My5vcmcvMjAwMC9zdmciPjwvc3ZnPg==\" style=\"--smush-placeholder-width: 901px; --smush-placeholder-aspect-ratio: 901\/372;\" \/><img decoding=\"async\" class=\"aligncenter wp-image-1538 size-full lazyload\" data-src=\"http:\/\/ugtcomunicaciones.es\/wordpress\/wp-content\/uploads\/2017\/05\/barras-01.png\" alt=\"\" width=\"887\" height=\"491\" data-srcset=\"https:\/\/www.ugtcomunicaciones.es\/wordpress\/wp-content\/uploads\/2017\/05\/barras-01.png 887w, https:\/\/www.ugtcomunicaciones.es\/wordpress\/wp-content\/uploads\/2017\/05\/barras-01-300x166.png 300w, https:\/\/www.ugtcomunicaciones.es\/wordpress\/wp-content\/uploads\/2017\/05\/barras-01-768x425.png 768w, https:\/\/www.ugtcomunicaciones.es\/wordpress\/wp-content\/uploads\/2017\/05\/barras-01-759x420.png 759w, https:\/\/www.ugtcomunicaciones.es\/wordpress\/wp-content\/uploads\/2017\/05\/barras-01-640x354.png 640w, https:\/\/www.ugtcomunicaciones.es\/wordpress\/wp-content\/uploads\/2017\/05\/barras-01-681x377.png 681w\" data-sizes=\"(max-width: 887px) 100vw, 887px\" src=\"data:image\/svg+xml;base64,PHN2ZyB3aWR0aD0iMSIgaGVpZ2h0PSIxIiB4bWxucz0iaHR0cDovL3d3dy53My5vcmcvMjAwMC9zdmciPjwvc3ZnPg==\" style=\"--smush-placeholder-width: 887px; --smush-placeholder-aspect-ratio: 887\/491;\" \/><\/p>\n<p style=\"text-align: justify;\"><img decoding=\"async\" class=\"aligncenter wp-image-1539 size-full lazyload\" data-src=\"http:\/\/ugtcomunicaciones.es\/wordpress\/wp-content\/uploads\/2017\/05\/tabla-02.png\" alt=\"\" width=\"899\" height=\"442\" data-srcset=\"https:\/\/www.ugtcomunicaciones.es\/wordpress\/wp-content\/uploads\/2017\/05\/tabla-02.png 899w, https:\/\/www.ugtcomunicaciones.es\/wordpress\/wp-content\/uploads\/2017\/05\/tabla-02-300x147.png 300w, https:\/\/www.ugtcomunicaciones.es\/wordpress\/wp-content\/uploads\/2017\/05\/tabla-02-768x378.png 768w, https:\/\/www.ugtcomunicaciones.es\/wordpress\/wp-content\/uploads\/2017\/05\/tabla-02-854x420.png 854w, https:\/\/www.ugtcomunicaciones.es\/wordpress\/wp-content\/uploads\/2017\/05\/tabla-02-640x315.png 640w, https:\/\/www.ugtcomunicaciones.es\/wordpress\/wp-content\/uploads\/2017\/05\/tabla-02-681x335.png 681w\" data-sizes=\"(max-width: 899px) 100vw, 899px\" src=\"data:image\/svg+xml;base64,PHN2ZyB3aWR0aD0iMSIgaGVpZ2h0PSIxIiB4bWxucz0iaHR0cDovL3d3dy53My5vcmcvMjAwMC9zdmciPjwvc3ZnPg==\" style=\"--smush-placeholder-width: 899px; --smush-placeholder-aspect-ratio: 899\/442;\" \/><\/p>\n<ul style=\"text-align: justify;\">\n<li style=\"text-align: justify;\">La primera mitad del a\u00f1o 2016 continu\u00f3 con cifras elevadas de inversi\u00f3n en el despliegue de accesos de fibra hasta el hogar (FTTH) por parte de Movistar y de los operadores alternativos (principalmente Orange y Vodafone). De este modo, en junio de 2016 se alcanzaron un total de 27 millones de accesos FTTH desplegados frente a los 18,66 millones del a\u00f1o anterior. El volumen de accesos instalados HFC DOCSIS 3.0, que permite ofrecer conexiones de muy altas velocidades, se situ\u00f3 en los 10,14 millones de accesos.<\/li>\n<li style=\"text-align: justify;\">El an\u00e1lisis geogr\u00e1fico muestra que los operadores han incrementado el despliegue de redes FTTH en los municipios de mayor tama\u00f1o de poblaci\u00f3n y progresivamente tambi\u00e9n aumenta la presencia de estas redes en municipios de menor densidad de poblaci\u00f3n. Entre junio del a\u00f1o 2015 y junio del a\u00f1o 2016 se instalaron un total de 7,6 millones de nuevos accesos FTTH y el 94% de estos fueron desplegados en los municipios de m\u00e1s de 10.000 habitantes. Adem\u00e1s, los municipios de entre 10 mil y medio mill\u00f3n de habitantes experimentaron el mayor incremento de accesos NGA; en junio de 2016 sumaron el 86% de los nuevos accesos (casi 6,5 millones de accesos FTTH). Por otro lado, el mayor porcentaje de accesos HFC DOCSIS 3.0 se concentr\u00f3 en las ciudades de tama\u00f1o medio y grande, entre 100.000 y un mill\u00f3n de habitantes.<\/li>\n<\/ul>\n<p style=\"text-align: justify;\"><img decoding=\"async\" class=\"aligncenter wp-image-1540 size-full lazyload\" data-src=\"http:\/\/ugtcomunicaciones.es\/wordpress\/wp-content\/uploads\/2017\/05\/tabla-03.png\" alt=\"\" width=\"911\" height=\"404\" data-srcset=\"https:\/\/www.ugtcomunicaciones.es\/wordpress\/wp-content\/uploads\/2017\/05\/tabla-03.png 911w, https:\/\/www.ugtcomunicaciones.es\/wordpress\/wp-content\/uploads\/2017\/05\/tabla-03-300x133.png 300w, https:\/\/www.ugtcomunicaciones.es\/wordpress\/wp-content\/uploads\/2017\/05\/tabla-03-768x341.png 768w, https:\/\/www.ugtcomunicaciones.es\/wordpress\/wp-content\/uploads\/2017\/05\/tabla-03-640x284.png 640w, https:\/\/www.ugtcomunicaciones.es\/wordpress\/wp-content\/uploads\/2017\/05\/tabla-03-681x302.png 681w\" data-sizes=\"(max-width: 911px) 100vw, 911px\" src=\"data:image\/svg+xml;base64,PHN2ZyB3aWR0aD0iMSIgaGVpZ2h0PSIxIiB4bWxucz0iaHR0cDovL3d3dy53My5vcmcvMjAwMC9zdmciPjwvc3ZnPg==\" style=\"--smush-placeholder-width: 911px; --smush-placeholder-aspect-ratio: 911\/404;\" \/><\/p>\n<ul style=\"text-align: justify;\">\n<li style=\"text-align: justify;\">En paralelo al despliegue de accesos de fibra se\u00f1alado anteriormente, se produjo un aumento notable de la contrataci\u00f3n de accesos FTTH por parte de los usuarios. En junio de 2016, la cifra de accesos activos FTTH alcanz\u00f3 casi los 4 millones frente a los 2,18 millones de accesos del a\u00f1o anterior. Movistar capt\u00f3 el 53% de los nuevos accesos FTTH.<\/li>\n<\/ul>\n<p style=\"text-align: justify;\"><img decoding=\"async\" class=\"aligncenter wp-image-1541 size-full lazyload\" data-src=\"http:\/\/ugtcomunicaciones.es\/wordpress\/wp-content\/uploads\/2017\/05\/barras-02.png\" alt=\"\" width=\"901\" height=\"423\" data-srcset=\"https:\/\/www.ugtcomunicaciones.es\/wordpress\/wp-content\/uploads\/2017\/05\/barras-02.png 901w, https:\/\/www.ugtcomunicaciones.es\/wordpress\/wp-content\/uploads\/2017\/05\/barras-02-300x141.png 300w, https:\/\/www.ugtcomunicaciones.es\/wordpress\/wp-content\/uploads\/2017\/05\/barras-02-768x361.png 768w, https:\/\/www.ugtcomunicaciones.es\/wordpress\/wp-content\/uploads\/2017\/05\/barras-02-895x420.png 895w, https:\/\/www.ugtcomunicaciones.es\/wordpress\/wp-content\/uploads\/2017\/05\/barras-02-640x300.png 640w, https:\/\/www.ugtcomunicaciones.es\/wordpress\/wp-content\/uploads\/2017\/05\/barras-02-681x320.png 681w\" data-sizes=\"(max-width: 901px) 100vw, 901px\" src=\"data:image\/svg+xml;base64,PHN2ZyB3aWR0aD0iMSIgaGVpZ2h0PSIxIiB4bWxucz0iaHR0cDovL3d3dy53My5vcmcvMjAwMC9zdmciPjwvc3ZnPg==\" style=\"--smush-placeholder-width: 901px; --smush-placeholder-aspect-ratio: 901\/423;\" \/><\/p>\n<ul>\n<li style=\"text-align: justify;\">Los operadores alternativos intensificaron el despliegue de redes propias, en concreto, de redes FTTH; esto se tradujo en una reducci\u00f3n notable de la cuota de accesos activos xDSL en la mayor\u00eda de municipios de mayor tama\u00f1o, contrarrestado con el aumento de la contrataci\u00f3n de accesos FTTH en estas zonas. En concreto, en el \u00faltimo a\u00f1o, el porcentaje de los accesos xDSL de los operadores alternativos descendi\u00f3 en los municipios con una poblaci\u00f3n mayor a 10.000 habitantes y \u00fanicamente en aquellos municipios con escasa presencia de redes FTTH se produjo un aumento en la contrataci\u00f3n de accesos xDSL. Por el contrario, la cuota de accesos activos FTTH y HFC de estos operadores aument\u00f3 en todos los municipios y de un modo m\u00e1s intenso en las poblaciones de 50.000 o m\u00e1s habitantes, en las que la cuota aument\u00f3 en m\u00e1s de nueve puntos porcentuales.<\/li>\n<li style=\"text-align: justify;\">En el \u00faltimo a\u00f1o, Movistar aument\u00f3 las l\u00edneas de banda ancha activas en m\u00e1s de 151 mil accesos. El incremento de la contrataci\u00f3n de accesos FTTH compens\u00f3 el retroceso de accesos xDSL a trav\u00e9s del par de cobre.<\/li>\n<\/ul>\n<p><img decoding=\"async\" class=\"aligncenter wp-image-1542 size-full lazyload\" data-src=\"http:\/\/ugtcomunicaciones.es\/wordpress\/wp-content\/uploads\/2017\/05\/mapa-par-de-cobre.png\" alt=\"\" width=\"795\" height=\"603\" data-srcset=\"https:\/\/www.ugtcomunicaciones.es\/wordpress\/wp-content\/uploads\/2017\/05\/mapa-par-de-cobre.png 795w, https:\/\/www.ugtcomunicaciones.es\/wordpress\/wp-content\/uploads\/2017\/05\/mapa-par-de-cobre-300x228.png 300w, https:\/\/www.ugtcomunicaciones.es\/wordpress\/wp-content\/uploads\/2017\/05\/mapa-par-de-cobre-768x583.png 768w, https:\/\/www.ugtcomunicaciones.es\/wordpress\/wp-content\/uploads\/2017\/05\/mapa-par-de-cobre-554x420.png 554w, https:\/\/www.ugtcomunicaciones.es\/wordpress\/wp-content\/uploads\/2017\/05\/mapa-par-de-cobre-80x60.png 80w, https:\/\/www.ugtcomunicaciones.es\/wordpress\/wp-content\/uploads\/2017\/05\/mapa-par-de-cobre-100x75.png 100w, https:\/\/www.ugtcomunicaciones.es\/wordpress\/wp-content\/uploads\/2017\/05\/mapa-par-de-cobre-640x485.png 640w, https:\/\/www.ugtcomunicaciones.es\/wordpress\/wp-content\/uploads\/2017\/05\/mapa-par-de-cobre-681x517.png 681w\" data-sizes=\"(max-width: 795px) 100vw, 795px\" src=\"data:image\/svg+xml;base64,PHN2ZyB3aWR0aD0iMSIgaGVpZ2h0PSIxIiB4bWxucz0iaHR0cDovL3d3dy53My5vcmcvMjAwMC9zdmciPjwvc3ZnPg==\" style=\"--smush-placeholder-width: 795px; --smush-placeholder-aspect-ratio: 795\/603;\" \/><\/p>\n<ul>\n<li style=\"text-align: justify;\">Asimismo, la presi\u00f3n competitiva ejercida por los operadores alternativos, conllev\u00f3 que, \u00fanicamente en el municipio de Barcelona, Movistar consiguiera aumentar la cuota de l\u00edneas.<\/li>\n<li style=\"text-align: justify;\">En los municipios de Madrid y Barcelona, la cuota de accesos activos FTTH alcanz\u00f3 el 54,5% y 48,1% del total de accesos de banda ancha, respectivamente. Adem\u00e1s, en las poblaciones de entre 50.000 y un mill\u00f3n de habitantes el porcentaje de los accesos activos FTTH super\u00f3 el 34,2% del total de accesos de banda ancha, cifra superior a la media nacional que se situ\u00f3 en el 29,3%. Por lo que respecta a los accesos activos HFC DOCSIS 3.0, en los municipios con un tama\u00f1o de poblaci\u00f3n de entre 50.000 y un mill\u00f3n de habitantes, el porcentaje de accesos super\u00f3 la media nacional que se situ\u00f3 en el 18% del total de accesos activos de banda ancha.<\/li>\n<li style=\"text-align: justify;\">El an\u00e1lisis de los datos por central local muestra que los operadores que acceden al mercado final trav\u00e9s de bucle desagregado y, por lo tanto, est\u00e1n presentes en las centrales locales, no aumentaron presencia y cobertura de la red de par de cobre de Movistar. Por el contrario, se intensific\u00f3 la presi\u00f3n competitiva a Movistar en un mayor n\u00famero de centrales locales mediante redes de FTTH y HFC desplegadas por los operadores alternativos.<\/li>\n<li style=\"text-align: justify;\">Por \u00faltimo, las centrales con accesos FTTH activos aumentaron hasta las 2.221 centrales y en las cuales se alcanzaron los 11,43 millones de accesos activos de banda ancha (84,5% del total de accesos de banda ancha activos). En este conjunto de centrales la cuota de Movistar se situ\u00f3 en el 39,2%.<\/li>\n<\/ul>\n<p><img decoding=\"async\" class=\"aligncenter wp-image-1543 size-full lazyload\" data-src=\"http:\/\/ugtcomunicaciones.es\/wordpress\/wp-content\/uploads\/2017\/05\/barras-03.png\" alt=\"\" width=\"988\" height=\"532\" data-srcset=\"https:\/\/www.ugtcomunicaciones.es\/wordpress\/wp-content\/uploads\/2017\/05\/barras-03.png 988w, https:\/\/www.ugtcomunicaciones.es\/wordpress\/wp-content\/uploads\/2017\/05\/barras-03-300x162.png 300w, https:\/\/www.ugtcomunicaciones.es\/wordpress\/wp-content\/uploads\/2017\/05\/barras-03-768x414.png 768w, https:\/\/www.ugtcomunicaciones.es\/wordpress\/wp-content\/uploads\/2017\/05\/barras-03-780x420.png 780w, https:\/\/www.ugtcomunicaciones.es\/wordpress\/wp-content\/uploads\/2017\/05\/barras-03-640x345.png 640w, https:\/\/www.ugtcomunicaciones.es\/wordpress\/wp-content\/uploads\/2017\/05\/barras-03-681x367.png 681w\" data-sizes=\"(max-width: 988px) 100vw, 988px\" src=\"data:image\/svg+xml;base64,PHN2ZyB3aWR0aD0iMSIgaGVpZ2h0PSIxIiB4bWxucz0iaHR0cDovL3d3dy53My5vcmcvMjAwMC9zdmciPjwvc3ZnPg==\" style=\"--smush-placeholder-width: 988px; --smush-placeholder-aspect-ratio: 988\/532;\" \/><\/p>\n<p><a href=\"#_ftnref1\" name=\"_ftn1\">[1]<\/a> <a href=\"https:\/\/www.cnmc.es\/sites\/default\/files\/1595703_1.pdf\" target=\"_blank\" rel=\"noopener noreferrer\">https:\/\/www.cnmc.es\/sites\/default\/files\/1595703_1.pdf<\/a><\/p>\n","protected":false},"excerpt":{"rendered":"<p>La CNMC publica un seguimiento semestral sobre los servicios de banda ancha fija y despliegue de Redes de Nueva Generaci\u00f3n (NGA), en el caso que nos ocupa, sobre la base de datos de junio de 2016[1]. A continuaci\u00f3n resaltamos los \u00edtems m\u00e1s relevantes: A nivel nacional, los datos del segundo trimestre de 2016 muestran que [&hellip;]<\/p>\n","protected":false},"author":3,"featured_media":1303,"comment_status":"open","ping_status":"closed","sticky":false,"template":"","format":"standard","meta":{"footnotes":""},"categories":[13,12],"tags":[],"class_list":["post-1536","post","type-post","status-publish","format-standard","has-post-thumbnail","hentry","category-mercado-comunicaciones","category-regulacion"],"yoast_head":"<!-- This site is optimized with the Yoast SEO Premium plugin v27.3 (Yoast SEO v27.4) - https:\/\/yoast.com\/product\/yoast-seo-premium-wordpress\/ -->\n<title>Analisis geogr\u00e1fico de las NGN en Espa\u00f1a, CNMC, junio 2016 - UGT Comunicaciones<\/title>\n<meta name=\"robots\" content=\"index, follow, max-snippet:-1, max-image-preview:large, max-video-preview:-1\" \/>\n<link rel=\"canonical\" href=\"https:\/\/www.ugtcomunicaciones.es\/wordpress\/analisis-geografico-las-ngn-espana-cnmc-junio-2016\/\" \/>\n<meta property=\"og:locale\" content=\"es_ES\" \/>\n<meta property=\"og:type\" content=\"article\" \/>\n<meta property=\"og:title\" content=\"Analisis geogr\u00e1fico de las NGN en Espa\u00f1a, CNMC, junio 2016\" \/>\n<meta property=\"og:description\" content=\"La CNMC publica un seguimiento semestral sobre los servicios de banda ancha fija y despliegue de Redes de Nueva Generaci\u00f3n (NGA), en el caso que nos ocupa, sobre la base de datos de junio de 2016[1]. A continuaci\u00f3n resaltamos los \u00edtems m\u00e1s relevantes: A nivel nacional, los datos del segundo trimestre de 2016 muestran que [&hellip;]\" \/>\n<meta property=\"og:url\" content=\"https:\/\/www.ugtcomunicaciones.es\/wordpress\/analisis-geografico-las-ngn-espana-cnmc-junio-2016\/\" \/>\n<meta property=\"og:site_name\" content=\"UGT Comunicaciones\" \/>\n<meta property=\"article:publisher\" content=\"https:\/\/www.facebook.com\/ugt.comunicaciones\/\" \/>\n<meta property=\"article:published_time\" content=\"2017-06-12T10:15:01+00:00\" \/>\n<meta property=\"article:modified_time\" content=\"2017-06-26T10:14:16+00:00\" \/>\n<meta property=\"og:image\" content=\"https:\/\/www.ugtcomunicaciones.es\/wordpress\/wp-content\/uploads\/2017\/04\/internetfijomovil.png\" \/>\n\t<meta property=\"og:image:width\" content=\"233\" \/>\n\t<meta property=\"og:image:height\" content=\"216\" \/>\n\t<meta property=\"og:image:type\" content=\"image\/png\" \/>\n<meta name=\"author\" content=\"UGT\" \/>\n<meta name=\"twitter:card\" content=\"summary_large_image\" \/>\n<meta name=\"twitter:creator\" content=\"@ugtcom\" \/>\n<meta name=\"twitter:site\" content=\"@ugtcom\" \/>\n<meta name=\"twitter:label1\" content=\"Escrito por\" \/>\n\t<meta name=\"twitter:data1\" content=\"UGT\" \/>\n\t<meta name=\"twitter:label2\" content=\"Tiempo de lectura\" \/>\n\t<meta name=\"twitter:data2\" content=\"4 minutos\" \/>\n<script type=\"application\/ld+json\" class=\"yoast-schema-graph\">{\"@context\":\"https:\\\/\\\/schema.org\",\"@graph\":[{\"@type\":\"Article\",\"@id\":\"https:\\\/\\\/www.ugtcomunicaciones.es\\\/wordpress\\\/analisis-geografico-las-ngn-espana-cnmc-junio-2016\\\/#article\",\"isPartOf\":{\"@id\":\"https:\\\/\\\/www.ugtcomunicaciones.es\\\/wordpress\\\/analisis-geografico-las-ngn-espana-cnmc-junio-2016\\\/\"},\"author\":{\"name\":\"UGT\",\"@id\":\"https:\\\/\\\/www.ugtcomunicaciones.es\\\/wordpress\\\/#\\\/schema\\\/person\\\/eba0fc3fe5b444531d94d4368cba89ed\"},\"headline\":\"Analisis geogr\u00e1fico de las NGN en Espa\u00f1a, CNMC, junio 2016\",\"datePublished\":\"2017-06-12T10:15:01+00:00\",\"dateModified\":\"2017-06-26T10:14:16+00:00\",\"mainEntityOfPage\":{\"@id\":\"https:\\\/\\\/www.ugtcomunicaciones.es\\\/wordpress\\\/analisis-geografico-las-ngn-espana-cnmc-junio-2016\\\/\"},\"wordCount\":910,\"commentCount\":0,\"publisher\":{\"@id\":\"https:\\\/\\\/www.ugtcomunicaciones.es\\\/wordpress\\\/#organization\"},\"image\":{\"@id\":\"https:\\\/\\\/www.ugtcomunicaciones.es\\\/wordpress\\\/analisis-geografico-las-ngn-espana-cnmc-junio-2016\\\/#primaryimage\"},\"thumbnailUrl\":\"https:\\\/\\\/www.ugtcomunicaciones.es\\\/wordpress\\\/wp-content\\\/uploads\\\/2017\\\/04\\\/internetfijomovil.png\",\"articleSection\":[\"Mercado Comunicaciones\",\"Regulaci\u00f3n\"],\"inLanguage\":\"es\",\"potentialAction\":[{\"@type\":\"CommentAction\",\"name\":\"Comment\",\"target\":[\"https:\\\/\\\/www.ugtcomunicaciones.es\\\/wordpress\\\/analisis-geografico-las-ngn-espana-cnmc-junio-2016\\\/#respond\"]}]},{\"@type\":\"WebPage\",\"@id\":\"https:\\\/\\\/www.ugtcomunicaciones.es\\\/wordpress\\\/analisis-geografico-las-ngn-espana-cnmc-junio-2016\\\/\",\"url\":\"https:\\\/\\\/www.ugtcomunicaciones.es\\\/wordpress\\\/analisis-geografico-las-ngn-espana-cnmc-junio-2016\\\/\",\"name\":\"Analisis geogr\u00e1fico de las NGN en Espa\u00f1a, CNMC, junio 2016 - UGT Comunicaciones\",\"isPartOf\":{\"@id\":\"https:\\\/\\\/www.ugtcomunicaciones.es\\\/wordpress\\\/#website\"},\"primaryImageOfPage\":{\"@id\":\"https:\\\/\\\/www.ugtcomunicaciones.es\\\/wordpress\\\/analisis-geografico-las-ngn-espana-cnmc-junio-2016\\\/#primaryimage\"},\"image\":{\"@id\":\"https:\\\/\\\/www.ugtcomunicaciones.es\\\/wordpress\\\/analisis-geografico-las-ngn-espana-cnmc-junio-2016\\\/#primaryimage\"},\"thumbnailUrl\":\"https:\\\/\\\/www.ugtcomunicaciones.es\\\/wordpress\\\/wp-content\\\/uploads\\\/2017\\\/04\\\/internetfijomovil.png\",\"datePublished\":\"2017-06-12T10:15:01+00:00\",\"dateModified\":\"2017-06-26T10:14:16+00:00\",\"breadcrumb\":{\"@id\":\"https:\\\/\\\/www.ugtcomunicaciones.es\\\/wordpress\\\/analisis-geografico-las-ngn-espana-cnmc-junio-2016\\\/#breadcrumb\"},\"inLanguage\":\"es\",\"potentialAction\":[{\"@type\":\"ReadAction\",\"target\":[\"https:\\\/\\\/www.ugtcomunicaciones.es\\\/wordpress\\\/analisis-geografico-las-ngn-espana-cnmc-junio-2016\\\/\"]}]},{\"@type\":\"ImageObject\",\"inLanguage\":\"es\",\"@id\":\"https:\\\/\\\/www.ugtcomunicaciones.es\\\/wordpress\\\/analisis-geografico-las-ngn-espana-cnmc-junio-2016\\\/#primaryimage\",\"url\":\"https:\\\/\\\/www.ugtcomunicaciones.es\\\/wordpress\\\/wp-content\\\/uploads\\\/2017\\\/04\\\/internetfijomovil.png\",\"contentUrl\":\"https:\\\/\\\/www.ugtcomunicaciones.es\\\/wordpress\\\/wp-content\\\/uploads\\\/2017\\\/04\\\/internetfijomovil.png\",\"width\":233,\"height\":216,\"caption\":\"internetfijomovil\"},{\"@type\":\"BreadcrumbList\",\"@id\":\"https:\\\/\\\/www.ugtcomunicaciones.es\\\/wordpress\\\/analisis-geografico-las-ngn-espana-cnmc-junio-2016\\\/#breadcrumb\",\"itemListElement\":[{\"@type\":\"ListItem\",\"position\":1,\"name\":\"Portada\",\"item\":\"https:\\\/\\\/www.ugtcomunicaciones.es\\\/wordpress\\\/\"},{\"@type\":\"ListItem\",\"position\":2,\"name\":\"Analisis geogr\u00e1fico de las NGN en Espa\u00f1a, CNMC, junio 2016\"}]},{\"@type\":\"WebSite\",\"@id\":\"https:\\\/\\\/www.ugtcomunicaciones.es\\\/wordpress\\\/#website\",\"url\":\"https:\\\/\\\/www.ugtcomunicaciones.es\\\/wordpress\\\/\",\"name\":\"UGT Comunicaciones\",\"description\":\"Sindicato de Telecomunicaciones\",\"publisher\":{\"@id\":\"https:\\\/\\\/www.ugtcomunicaciones.es\\\/wordpress\\\/#organization\"},\"potentialAction\":[{\"@type\":\"SearchAction\",\"target\":{\"@type\":\"EntryPoint\",\"urlTemplate\":\"https:\\\/\\\/www.ugtcomunicaciones.es\\\/wordpress\\\/?s={search_term_string}\"},\"query-input\":{\"@type\":\"PropertyValueSpecification\",\"valueRequired\":true,\"valueName\":\"search_term_string\"}}],\"inLanguage\":\"es\"},{\"@type\":\"Organization\",\"@id\":\"https:\\\/\\\/www.ugtcomunicaciones.es\\\/wordpress\\\/#organization\",\"name\":\"UGT Comunicaciones\",\"url\":\"https:\\\/\\\/www.ugtcomunicaciones.es\\\/wordpress\\\/\",\"logo\":{\"@type\":\"ImageObject\",\"inLanguage\":\"es\",\"@id\":\"https:\\\/\\\/www.ugtcomunicaciones.es\\\/wordpress\\\/#\\\/schema\\\/logo\\\/image\\\/\",\"url\":\"https:\\\/\\\/www.ugtcomunicaciones.es\\\/wordpress\\\/wp-content\\\/uploads\\\/2024\\\/04\\\/comunicaciones_logo.png\",\"contentUrl\":\"https:\\\/\\\/www.ugtcomunicaciones.es\\\/wordpress\\\/wp-content\\\/uploads\\\/2024\\\/04\\\/comunicaciones_logo.png\",\"width\":298,\"height\":81,\"caption\":\"UGT Comunicaciones\"},\"image\":{\"@id\":\"https:\\\/\\\/www.ugtcomunicaciones.es\\\/wordpress\\\/#\\\/schema\\\/logo\\\/image\\\/\"},\"sameAs\":[\"https:\\\/\\\/www.facebook.com\\\/ugt.comunicaciones\\\/\",\"https:\\\/\\\/x.com\\\/ugtcom\"]},{\"@type\":\"Person\",\"@id\":\"https:\\\/\\\/www.ugtcomunicaciones.es\\\/wordpress\\\/#\\\/schema\\\/person\\\/eba0fc3fe5b444531d94d4368cba89ed\",\"name\":\"UGT\",\"image\":{\"@type\":\"ImageObject\",\"inLanguage\":\"es\",\"@id\":\"https:\\\/\\\/secure.gravatar.com\\\/avatar\\\/2a16057d620a4c646bcfc171c4f23030879ebbdd346f0525bd5d4a564e57e13d?s=96&d=mm&r=g\",\"url\":\"https:\\\/\\\/secure.gravatar.com\\\/avatar\\\/2a16057d620a4c646bcfc171c4f23030879ebbdd346f0525bd5d4a564e57e13d?s=96&d=mm&r=g\",\"contentUrl\":\"https:\\\/\\\/secure.gravatar.com\\\/avatar\\\/2a16057d620a4c646bcfc171c4f23030879ebbdd346f0525bd5d4a564e57e13d?s=96&d=mm&r=g\",\"caption\":\"UGT\"}}]}<\/script>\n<!-- \/ Yoast SEO Premium plugin. -->","yoast_head_json":{"title":"Analisis geogr\u00e1fico de las NGN en Espa\u00f1a, CNMC, junio 2016 - UGT Comunicaciones","robots":{"index":"index","follow":"follow","max-snippet":"max-snippet:-1","max-image-preview":"max-image-preview:large","max-video-preview":"max-video-preview:-1"},"canonical":"https:\/\/www.ugtcomunicaciones.es\/wordpress\/analisis-geografico-las-ngn-espana-cnmc-junio-2016\/","og_locale":"es_ES","og_type":"article","og_title":"Analisis geogr\u00e1fico de las NGN en Espa\u00f1a, CNMC, junio 2016","og_description":"La CNMC publica un seguimiento semestral sobre los servicios de banda ancha fija y despliegue de Redes de Nueva Generaci\u00f3n (NGA), en el caso que nos ocupa, sobre la base de datos de junio de 2016[1]. A continuaci\u00f3n resaltamos los \u00edtems m\u00e1s relevantes: A nivel nacional, los datos del segundo trimestre de 2016 muestran que [&hellip;]","og_url":"https:\/\/www.ugtcomunicaciones.es\/wordpress\/analisis-geografico-las-ngn-espana-cnmc-junio-2016\/","og_site_name":"UGT Comunicaciones","article_publisher":"https:\/\/www.facebook.com\/ugt.comunicaciones\/","article_published_time":"2017-06-12T10:15:01+00:00","article_modified_time":"2017-06-26T10:14:16+00:00","og_image":[{"width":233,"height":216,"url":"https:\/\/www.ugtcomunicaciones.es\/wordpress\/wp-content\/uploads\/2017\/04\/internetfijomovil.png","type":"image\/png"}],"author":"UGT","twitter_card":"summary_large_image","twitter_creator":"@ugtcom","twitter_site":"@ugtcom","twitter_misc":{"Escrito por":"UGT","Tiempo de lectura":"4 minutos"},"schema":{"@context":"https:\/\/schema.org","@graph":[{"@type":"Article","@id":"https:\/\/www.ugtcomunicaciones.es\/wordpress\/analisis-geografico-las-ngn-espana-cnmc-junio-2016\/#article","isPartOf":{"@id":"https:\/\/www.ugtcomunicaciones.es\/wordpress\/analisis-geografico-las-ngn-espana-cnmc-junio-2016\/"},"author":{"name":"UGT","@id":"https:\/\/www.ugtcomunicaciones.es\/wordpress\/#\/schema\/person\/eba0fc3fe5b444531d94d4368cba89ed"},"headline":"Analisis geogr\u00e1fico de las NGN en Espa\u00f1a, CNMC, junio 2016","datePublished":"2017-06-12T10:15:01+00:00","dateModified":"2017-06-26T10:14:16+00:00","mainEntityOfPage":{"@id":"https:\/\/www.ugtcomunicaciones.es\/wordpress\/analisis-geografico-las-ngn-espana-cnmc-junio-2016\/"},"wordCount":910,"commentCount":0,"publisher":{"@id":"https:\/\/www.ugtcomunicaciones.es\/wordpress\/#organization"},"image":{"@id":"https:\/\/www.ugtcomunicaciones.es\/wordpress\/analisis-geografico-las-ngn-espana-cnmc-junio-2016\/#primaryimage"},"thumbnailUrl":"https:\/\/www.ugtcomunicaciones.es\/wordpress\/wp-content\/uploads\/2017\/04\/internetfijomovil.png","articleSection":["Mercado Comunicaciones","Regulaci\u00f3n"],"inLanguage":"es","potentialAction":[{"@type":"CommentAction","name":"Comment","target":["https:\/\/www.ugtcomunicaciones.es\/wordpress\/analisis-geografico-las-ngn-espana-cnmc-junio-2016\/#respond"]}]},{"@type":"WebPage","@id":"https:\/\/www.ugtcomunicaciones.es\/wordpress\/analisis-geografico-las-ngn-espana-cnmc-junio-2016\/","url":"https:\/\/www.ugtcomunicaciones.es\/wordpress\/analisis-geografico-las-ngn-espana-cnmc-junio-2016\/","name":"Analisis geogr\u00e1fico de las NGN en Espa\u00f1a, CNMC, junio 2016 - UGT Comunicaciones","isPartOf":{"@id":"https:\/\/www.ugtcomunicaciones.es\/wordpress\/#website"},"primaryImageOfPage":{"@id":"https:\/\/www.ugtcomunicaciones.es\/wordpress\/analisis-geografico-las-ngn-espana-cnmc-junio-2016\/#primaryimage"},"image":{"@id":"https:\/\/www.ugtcomunicaciones.es\/wordpress\/analisis-geografico-las-ngn-espana-cnmc-junio-2016\/#primaryimage"},"thumbnailUrl":"https:\/\/www.ugtcomunicaciones.es\/wordpress\/wp-content\/uploads\/2017\/04\/internetfijomovil.png","datePublished":"2017-06-12T10:15:01+00:00","dateModified":"2017-06-26T10:14:16+00:00","breadcrumb":{"@id":"https:\/\/www.ugtcomunicaciones.es\/wordpress\/analisis-geografico-las-ngn-espana-cnmc-junio-2016\/#breadcrumb"},"inLanguage":"es","potentialAction":[{"@type":"ReadAction","target":["https:\/\/www.ugtcomunicaciones.es\/wordpress\/analisis-geografico-las-ngn-espana-cnmc-junio-2016\/"]}]},{"@type":"ImageObject","inLanguage":"es","@id":"https:\/\/www.ugtcomunicaciones.es\/wordpress\/analisis-geografico-las-ngn-espana-cnmc-junio-2016\/#primaryimage","url":"https:\/\/www.ugtcomunicaciones.es\/wordpress\/wp-content\/uploads\/2017\/04\/internetfijomovil.png","contentUrl":"https:\/\/www.ugtcomunicaciones.es\/wordpress\/wp-content\/uploads\/2017\/04\/internetfijomovil.png","width":233,"height":216,"caption":"internetfijomovil"},{"@type":"BreadcrumbList","@id":"https:\/\/www.ugtcomunicaciones.es\/wordpress\/analisis-geografico-las-ngn-espana-cnmc-junio-2016\/#breadcrumb","itemListElement":[{"@type":"ListItem","position":1,"name":"Portada","item":"https:\/\/www.ugtcomunicaciones.es\/wordpress\/"},{"@type":"ListItem","position":2,"name":"Analisis geogr\u00e1fico de las NGN en Espa\u00f1a, CNMC, junio 2016"}]},{"@type":"WebSite","@id":"https:\/\/www.ugtcomunicaciones.es\/wordpress\/#website","url":"https:\/\/www.ugtcomunicaciones.es\/wordpress\/","name":"UGT Comunicaciones","description":"Sindicato de Telecomunicaciones","publisher":{"@id":"https:\/\/www.ugtcomunicaciones.es\/wordpress\/#organization"},"potentialAction":[{"@type":"SearchAction","target":{"@type":"EntryPoint","urlTemplate":"https:\/\/www.ugtcomunicaciones.es\/wordpress\/?s={search_term_string}"},"query-input":{"@type":"PropertyValueSpecification","valueRequired":true,"valueName":"search_term_string"}}],"inLanguage":"es"},{"@type":"Organization","@id":"https:\/\/www.ugtcomunicaciones.es\/wordpress\/#organization","name":"UGT Comunicaciones","url":"https:\/\/www.ugtcomunicaciones.es\/wordpress\/","logo":{"@type":"ImageObject","inLanguage":"es","@id":"https:\/\/www.ugtcomunicaciones.es\/wordpress\/#\/schema\/logo\/image\/","url":"https:\/\/www.ugtcomunicaciones.es\/wordpress\/wp-content\/uploads\/2024\/04\/comunicaciones_logo.png","contentUrl":"https:\/\/www.ugtcomunicaciones.es\/wordpress\/wp-content\/uploads\/2024\/04\/comunicaciones_logo.png","width":298,"height":81,"caption":"UGT Comunicaciones"},"image":{"@id":"https:\/\/www.ugtcomunicaciones.es\/wordpress\/#\/schema\/logo\/image\/"},"sameAs":["https:\/\/www.facebook.com\/ugt.comunicaciones\/","https:\/\/x.com\/ugtcom"]},{"@type":"Person","@id":"https:\/\/www.ugtcomunicaciones.es\/wordpress\/#\/schema\/person\/eba0fc3fe5b444531d94d4368cba89ed","name":"UGT","image":{"@type":"ImageObject","inLanguage":"es","@id":"https:\/\/secure.gravatar.com\/avatar\/2a16057d620a4c646bcfc171c4f23030879ebbdd346f0525bd5d4a564e57e13d?s=96&d=mm&r=g","url":"https:\/\/secure.gravatar.com\/avatar\/2a16057d620a4c646bcfc171c4f23030879ebbdd346f0525bd5d4a564e57e13d?s=96&d=mm&r=g","contentUrl":"https:\/\/secure.gravatar.com\/avatar\/2a16057d620a4c646bcfc171c4f23030879ebbdd346f0525bd5d4a564e57e13d?s=96&d=mm&r=g","caption":"UGT"}}]}},"_links":{"self":[{"href":"https:\/\/www.ugtcomunicaciones.es\/wordpress\/wp-json\/wp\/v2\/posts\/1536","targetHints":{"allow":["GET"]}}],"collection":[{"href":"https:\/\/www.ugtcomunicaciones.es\/wordpress\/wp-json\/wp\/v2\/posts"}],"about":[{"href":"https:\/\/www.ugtcomunicaciones.es\/wordpress\/wp-json\/wp\/v2\/types\/post"}],"author":[{"embeddable":true,"href":"https:\/\/www.ugtcomunicaciones.es\/wordpress\/wp-json\/wp\/v2\/users\/3"}],"replies":[{"embeddable":true,"href":"https:\/\/www.ugtcomunicaciones.es\/wordpress\/wp-json\/wp\/v2\/comments?post=1536"}],"version-history":[{"count":0,"href":"https:\/\/www.ugtcomunicaciones.es\/wordpress\/wp-json\/wp\/v2\/posts\/1536\/revisions"}],"wp:featuredmedia":[{"embeddable":true,"href":"https:\/\/www.ugtcomunicaciones.es\/wordpress\/wp-json\/wp\/v2\/media\/1303"}],"wp:attachment":[{"href":"https:\/\/www.ugtcomunicaciones.es\/wordpress\/wp-json\/wp\/v2\/media?parent=1536"}],"wp:term":[{"taxonomy":"category","embeddable":true,"href":"https:\/\/www.ugtcomunicaciones.es\/wordpress\/wp-json\/wp\/v2\/categories?post=1536"},{"taxonomy":"post_tag","embeddable":true,"href":"https:\/\/www.ugtcomunicaciones.es\/wordpress\/wp-json\/wp\/v2\/tags?post=1536"}],"curies":[{"name":"wp","href":"https:\/\/api.w.org\/{rel}","templated":true}]}}