{"id":155461,"date":"2018-06-01T15:01:48","date_gmt":"2018-06-01T13:01:48","guid":{"rendered":"http:\/\/ugtcomunicaciones.es\/wordpress\/?p=155461"},"modified":"2018-05-24T10:24:08","modified_gmt":"2018-05-24T08:24:08","slug":"guardias-en-red","status":"publish","type":"post","link":"https:\/\/www.ugtcomunicaciones.es\/wordpress\/guardias-en-red\/","title":{"rendered":"Guardias en red"},"content":{"rendered":"<p style=\"text-align: justify;\">El \u00e1rea de RED con el argumento de reducir el n\u00famero de guardias\/intervenciones por t\u00e9cnico est\u00e1 poniendo en marcha un proyecto de unificar Zonas y separar las guardias por Tecnolog\u00eda (Ericsson-Huawei).<\/p>\n<p style=\"text-align: justify;\">Ya avisamos a finales de 2017 a RRHH de que se estaba gestando una medida as\u00ed, y alert\u00e1bamos de varios aspectos preocupantes que podr\u00edan darse. En las \u00faltimas fechas <span style=\"color: #ff0000;\"><strong>UGT<\/strong><\/span> <strong>ha pedido expresamente que no se ponga en marcha\u00a0 hasta no aclarar antes todas las dudas que nos genera. <\/strong><\/p>\n<p style=\"text-align: justify;\">El \u00e1rea ha hecho caso omiso y ha empezado a implantarlo, y m\u00e1s all\u00e1 de las consideraciones l\u00f3gicas de este tipo de medidas en las personas afectadas (carga de trabajo, impacto econ\u00f3mico, etc \u2026) se plantean cuestiones que pueden afectar directamente a la propia empresa, al negocio y a los clientes de <span style=\"color: #ff6600;\"><strong>Orange<\/strong><span style=\"color: #000000;\">.<\/span><\/span><\/p>\n<p style=\"text-align: justify;\">Si cuando se asum\u00eda la guardia de una zona ya se daban en ocasiones problemas de atenci\u00f3n de incidencias si se produc\u00edan varias activaciones debido al escaso n\u00famero de efectivos, esta posibilidad se multiplica al asumir varias zonas a la vez. Y entonces:<\/p>\n<p style=\"text-align: justify;\"><strong>\u00bfC\u00f3mo va a priorizar un t\u00e9cnico las incidencias de diferentes zonas?<\/strong><\/p>\n<p style=\"text-align: justify;\"><strong>\u00bfHabr\u00e1 zonas \u201cprivilegiadas\u201d en detrimento de otras?<\/strong><\/p>\n<p style=\"text-align: justify;\"><strong>\u00bfPresionar\u00e1n los Directores a los t\u00e9cnicos para priorizar incidencias de su zona? <\/strong><\/p>\n<p style=\"text-align: justify;\"><strong>\u00bfA qu\u00e9 Director de zona debe \u201cobedecer\u201d un t\u00e9cnico? <\/strong><\/p>\n<p style=\"text-align: justify;\"><strong>\u00a0<\/strong>Todo esto generar\u00e1 un estr\u00e9s en los t\u00e9cnicos inasumible que impacta en los riesgos psicosociales, un impacto en el servicio al no poder atender todas las incidencias, clientes con p\u00e9rdida de servicio, la consiguiente b\u00fasqueda de chivos expiatorios a los que echar las culpas\u2026.<\/p>\n<p style=\"text-align: justify;\">Pues bien, desde <span style=\"color: #ff0000;\"><strong>UGT<\/strong><\/span> avisamos: <strong>cualquier intento del que tengamos conocimiento de las \u00e1reas de RED o RRHH de tomar medidas o represalias hacia t\u00e9cnicos en estas situaciones cuando los \u00fanicos culpables son ellos por tomar estas decisiones err\u00e1ticas tendr\u00e1 una respuesta contundente de nuestro sindicato.<\/strong><\/p>\n","protected":false},"excerpt":{"rendered":"<p>El \u00e1rea de RED con el argumento de reducir el n\u00famero de guardias\/intervenciones por t\u00e9cnico est\u00e1 poniendo en marcha un proyecto de unificar Zonas y separar las guardias por Tecnolog\u00eda (Ericsson-Huawei). Ya avisamos a finales de 2017 a RRHH de que se estaba gestando una medida as\u00ed, y alert\u00e1bamos de varios aspectos preocupantes que podr\u00edan [&hellip;]<\/p>\n","protected":false},"author":3,"featured_media":155951,"comment_status":"closed","ping_status":"closed","sticky":false,"template":"","format":"standard","meta":{"footnotes":""},"categories":[35,36],"tags":[],"class_list":["post-155461","post","type-post","status-publish","format-standard","has-post-thumbnail","hentry","category-orange","category-orange_espagne"],"yoast_head":"<!-- This site is optimized with the Yoast SEO Premium plugin v27.3 (Yoast SEO v27.4) - https:\/\/yoast.com\/product\/yoast-seo-premium-wordpress\/ -->\n<title>Guardias en red - UGT Comunicaciones<\/title>\n<meta name=\"description\" content=\"El \u00e1rea de RED con el argumento de reducir el n\u00famero de guardias\/intervenciones por t\u00e9cnico est\u00e1 poniendo en marcha un proyecto de unificar Zonas y separar las guardias por Tecnolog\u00eda (Ericsson-Huawei)...\" \/>\n<meta name=\"robots\" content=\"index, follow, max-snippet:-1, max-image-preview:large, max-video-preview:-1\" \/>\n<link rel=\"canonical\" href=\"https:\/\/www.ugtcomunicaciones.es\/wordpress\/guardias-en-red\/\" \/>\n<meta property=\"og:locale\" content=\"es_ES\" \/>\n<meta property=\"og:type\" content=\"article\" \/>\n<meta property=\"og:title\" content=\"Guardias en red\" \/>\n<meta property=\"og:description\" content=\"El \u00e1rea de RED con el argumento de reducir el n\u00famero de guardias\/intervenciones por t\u00e9cnico est\u00e1 poniendo en marcha un proyecto de unificar Zonas y separar las guardias por Tecnolog\u00eda (Ericsson-Huawei)...\" \/>\n<meta property=\"og:url\" content=\"https:\/\/www.ugtcomunicaciones.es\/wordpress\/guardias-en-red\/\" \/>\n<meta property=\"og:site_name\" content=\"UGT Comunicaciones\" \/>\n<meta property=\"article:publisher\" content=\"https:\/\/www.facebook.com\/ugt.comunicaciones\/\" \/>\n<meta property=\"article:published_time\" content=\"2018-06-01T13:01:48+00:00\" \/>\n<meta property=\"og:image\" content=\"https:\/\/www.ugtcomunicaciones.es\/wordpress\/wp-content\/uploads\/2018\/06\/GUARDIAS-.jpg\" \/>\n\t<meta property=\"og:image:width\" content=\"392\" \/>\n\t<meta property=\"og:image:height\" content=\"284\" \/>\n\t<meta property=\"og:image:type\" content=\"image\/jpeg\" \/>\n<meta name=\"author\" content=\"UGT\" \/>\n<meta name=\"twitter:card\" content=\"summary_large_image\" \/>\n<meta name=\"twitter:creator\" content=\"@ugtcom\" \/>\n<meta name=\"twitter:site\" content=\"@ugtcom\" \/>\n<meta name=\"twitter:label1\" content=\"Escrito por\" \/>\n\t<meta name=\"twitter:data1\" content=\"UGT\" \/>\n\t<meta name=\"twitter:label2\" content=\"Tiempo de lectura\" \/>\n\t<meta name=\"twitter:data2\" content=\"2 minutos\" \/>\n<script type=\"application\/ld+json\" class=\"yoast-schema-graph\">{\"@context\":\"https:\\\/\\\/schema.org\",\"@graph\":[{\"@type\":\"Article\",\"@id\":\"https:\\\/\\\/www.ugtcomunicaciones.es\\\/wordpress\\\/guardias-en-red\\\/#article\",\"isPartOf\":{\"@id\":\"https:\\\/\\\/www.ugtcomunicaciones.es\\\/wordpress\\\/guardias-en-red\\\/\"},\"author\":{\"name\":\"UGT\",\"@id\":\"https:\\\/\\\/www.ugtcomunicaciones.es\\\/wordpress\\\/#\\\/schema\\\/person\\\/eba0fc3fe5b444531d94d4368cba89ed\"},\"headline\":\"Guardias en red\",\"datePublished\":\"2018-06-01T13:01:48+00:00\",\"mainEntityOfPage\":{\"@id\":\"https:\\\/\\\/www.ugtcomunicaciones.es\\\/wordpress\\\/guardias-en-red\\\/\"},\"wordCount\":330,\"publisher\":{\"@id\":\"https:\\\/\\\/www.ugtcomunicaciones.es\\\/wordpress\\\/#organization\"},\"image\":{\"@id\":\"https:\\\/\\\/www.ugtcomunicaciones.es\\\/wordpress\\\/guardias-en-red\\\/#primaryimage\"},\"thumbnailUrl\":\"https:\\\/\\\/www.ugtcomunicaciones.es\\\/wordpress\\\/wp-content\\\/uploads\\\/2018\\\/06\\\/GUARDIAS-.jpg\",\"articleSection\":[\"Grupo MasOrange\",\"Orange Espa\u00f1a\"],\"inLanguage\":\"es\"},{\"@type\":\"WebPage\",\"@id\":\"https:\\\/\\\/www.ugtcomunicaciones.es\\\/wordpress\\\/guardias-en-red\\\/\",\"url\":\"https:\\\/\\\/www.ugtcomunicaciones.es\\\/wordpress\\\/guardias-en-red\\\/\",\"name\":\"Guardias en red - UGT Comunicaciones\",\"isPartOf\":{\"@id\":\"https:\\\/\\\/www.ugtcomunicaciones.es\\\/wordpress\\\/#website\"},\"primaryImageOfPage\":{\"@id\":\"https:\\\/\\\/www.ugtcomunicaciones.es\\\/wordpress\\\/guardias-en-red\\\/#primaryimage\"},\"image\":{\"@id\":\"https:\\\/\\\/www.ugtcomunicaciones.es\\\/wordpress\\\/guardias-en-red\\\/#primaryimage\"},\"thumbnailUrl\":\"https:\\\/\\\/www.ugtcomunicaciones.es\\\/wordpress\\\/wp-content\\\/uploads\\\/2018\\\/06\\\/GUARDIAS-.jpg\",\"datePublished\":\"2018-06-01T13:01:48+00:00\",\"description\":\"El \u00e1rea de RED con el argumento de reducir el n\u00famero de guardias\\\/intervenciones por t\u00e9cnico est\u00e1 poniendo en marcha un proyecto de unificar Zonas y separar las guardias por Tecnolog\u00eda (Ericsson-Huawei)...\",\"breadcrumb\":{\"@id\":\"https:\\\/\\\/www.ugtcomunicaciones.es\\\/wordpress\\\/guardias-en-red\\\/#breadcrumb\"},\"inLanguage\":\"es\",\"potentialAction\":[{\"@type\":\"ReadAction\",\"target\":[\"https:\\\/\\\/www.ugtcomunicaciones.es\\\/wordpress\\\/guardias-en-red\\\/\"]}]},{\"@type\":\"ImageObject\",\"inLanguage\":\"es\",\"@id\":\"https:\\\/\\\/www.ugtcomunicaciones.es\\\/wordpress\\\/guardias-en-red\\\/#primaryimage\",\"url\":\"https:\\\/\\\/www.ugtcomunicaciones.es\\\/wordpress\\\/wp-content\\\/uploads\\\/2018\\\/06\\\/GUARDIAS-.jpg\",\"contentUrl\":\"https:\\\/\\\/www.ugtcomunicaciones.es\\\/wordpress\\\/wp-content\\\/uploads\\\/2018\\\/06\\\/GUARDIAS-.jpg\",\"width\":392,\"height\":284,\"caption\":\"GUARDIAS-\"},{\"@type\":\"BreadcrumbList\",\"@id\":\"https:\\\/\\\/www.ugtcomunicaciones.es\\\/wordpress\\\/guardias-en-red\\\/#breadcrumb\",\"itemListElement\":[{\"@type\":\"ListItem\",\"position\":1,\"name\":\"Portada\",\"item\":\"https:\\\/\\\/www.ugtcomunicaciones.es\\\/wordpress\\\/\"},{\"@type\":\"ListItem\",\"position\":2,\"name\":\"Guardias en red\"}]},{\"@type\":\"WebSite\",\"@id\":\"https:\\\/\\\/www.ugtcomunicaciones.es\\\/wordpress\\\/#website\",\"url\":\"https:\\\/\\\/www.ugtcomunicaciones.es\\\/wordpress\\\/\",\"name\":\"UGT Comunicaciones\",\"description\":\"Sindicato de Telecomunicaciones\",\"publisher\":{\"@id\":\"https:\\\/\\\/www.ugtcomunicaciones.es\\\/wordpress\\\/#organization\"},\"potentialAction\":[{\"@type\":\"SearchAction\",\"target\":{\"@type\":\"EntryPoint\",\"urlTemplate\":\"https:\\\/\\\/www.ugtcomunicaciones.es\\\/wordpress\\\/?s={search_term_string}\"},\"query-input\":{\"@type\":\"PropertyValueSpecification\",\"valueRequired\":true,\"valueName\":\"search_term_string\"}}],\"inLanguage\":\"es\"},{\"@type\":\"Organization\",\"@id\":\"https:\\\/\\\/www.ugtcomunicaciones.es\\\/wordpress\\\/#organization\",\"name\":\"UGT Comunicaciones\",\"url\":\"https:\\\/\\\/www.ugtcomunicaciones.es\\\/wordpress\\\/\",\"logo\":{\"@type\":\"ImageObject\",\"inLanguage\":\"es\",\"@id\":\"https:\\\/\\\/www.ugtcomunicaciones.es\\\/wordpress\\\/#\\\/schema\\\/logo\\\/image\\\/\",\"url\":\"https:\\\/\\\/www.ugtcomunicaciones.es\\\/wordpress\\\/wp-content\\\/uploads\\\/2024\\\/04\\\/comunicaciones_logo.png\",\"contentUrl\":\"https:\\\/\\\/www.ugtcomunicaciones.es\\\/wordpress\\\/wp-content\\\/uploads\\\/2024\\\/04\\\/comunicaciones_logo.png\",\"width\":298,\"height\":81,\"caption\":\"UGT Comunicaciones\"},\"image\":{\"@id\":\"https:\\\/\\\/www.ugtcomunicaciones.es\\\/wordpress\\\/#\\\/schema\\\/logo\\\/image\\\/\"},\"sameAs\":[\"https:\\\/\\\/www.facebook.com\\\/ugt.comunicaciones\\\/\",\"https:\\\/\\\/x.com\\\/ugtcom\"]},{\"@type\":\"Person\",\"@id\":\"https:\\\/\\\/www.ugtcomunicaciones.es\\\/wordpress\\\/#\\\/schema\\\/person\\\/eba0fc3fe5b444531d94d4368cba89ed\",\"name\":\"UGT\",\"image\":{\"@type\":\"ImageObject\",\"inLanguage\":\"es\",\"@id\":\"https:\\\/\\\/secure.gravatar.com\\\/avatar\\\/2a16057d620a4c646bcfc171c4f23030879ebbdd346f0525bd5d4a564e57e13d?s=96&d=mm&r=g\",\"url\":\"https:\\\/\\\/secure.gravatar.com\\\/avatar\\\/2a16057d620a4c646bcfc171c4f23030879ebbdd346f0525bd5d4a564e57e13d?s=96&d=mm&r=g\",\"contentUrl\":\"https:\\\/\\\/secure.gravatar.com\\\/avatar\\\/2a16057d620a4c646bcfc171c4f23030879ebbdd346f0525bd5d4a564e57e13d?s=96&d=mm&r=g\",\"caption\":\"UGT\"}}]}<\/script>\n<!-- \/ Yoast SEO Premium plugin. -->","yoast_head_json":{"title":"Guardias en red - UGT Comunicaciones","description":"El \u00e1rea de RED con el argumento de reducir el n\u00famero de guardias\/intervenciones por t\u00e9cnico est\u00e1 poniendo en marcha un proyecto de unificar Zonas y separar las guardias por Tecnolog\u00eda (Ericsson-Huawei)...","robots":{"index":"index","follow":"follow","max-snippet":"max-snippet:-1","max-image-preview":"max-image-preview:large","max-video-preview":"max-video-preview:-1"},"canonical":"https:\/\/www.ugtcomunicaciones.es\/wordpress\/guardias-en-red\/","og_locale":"es_ES","og_type":"article","og_title":"Guardias en red","og_description":"El \u00e1rea de RED con el argumento de reducir el n\u00famero de guardias\/intervenciones por t\u00e9cnico est\u00e1 poniendo en marcha un proyecto de unificar Zonas y separar las guardias por Tecnolog\u00eda (Ericsson-Huawei)...","og_url":"https:\/\/www.ugtcomunicaciones.es\/wordpress\/guardias-en-red\/","og_site_name":"UGT Comunicaciones","article_publisher":"https:\/\/www.facebook.com\/ugt.comunicaciones\/","article_published_time":"2018-06-01T13:01:48+00:00","og_image":[{"width":392,"height":284,"url":"https:\/\/www.ugtcomunicaciones.es\/wordpress\/wp-content\/uploads\/2018\/06\/GUARDIAS-.jpg","type":"image\/jpeg"}],"author":"UGT","twitter_card":"summary_large_image","twitter_creator":"@ugtcom","twitter_site":"@ugtcom","twitter_misc":{"Escrito por":"UGT","Tiempo de lectura":"2 minutos"},"schema":{"@context":"https:\/\/schema.org","@graph":[{"@type":"Article","@id":"https:\/\/www.ugtcomunicaciones.es\/wordpress\/guardias-en-red\/#article","isPartOf":{"@id":"https:\/\/www.ugtcomunicaciones.es\/wordpress\/guardias-en-red\/"},"author":{"name":"UGT","@id":"https:\/\/www.ugtcomunicaciones.es\/wordpress\/#\/schema\/person\/eba0fc3fe5b444531d94d4368cba89ed"},"headline":"Guardias en red","datePublished":"2018-06-01T13:01:48+00:00","mainEntityOfPage":{"@id":"https:\/\/www.ugtcomunicaciones.es\/wordpress\/guardias-en-red\/"},"wordCount":330,"publisher":{"@id":"https:\/\/www.ugtcomunicaciones.es\/wordpress\/#organization"},"image":{"@id":"https:\/\/www.ugtcomunicaciones.es\/wordpress\/guardias-en-red\/#primaryimage"},"thumbnailUrl":"https:\/\/www.ugtcomunicaciones.es\/wordpress\/wp-content\/uploads\/2018\/06\/GUARDIAS-.jpg","articleSection":["Grupo MasOrange","Orange Espa\u00f1a"],"inLanguage":"es"},{"@type":"WebPage","@id":"https:\/\/www.ugtcomunicaciones.es\/wordpress\/guardias-en-red\/","url":"https:\/\/www.ugtcomunicaciones.es\/wordpress\/guardias-en-red\/","name":"Guardias en red - UGT Comunicaciones","isPartOf":{"@id":"https:\/\/www.ugtcomunicaciones.es\/wordpress\/#website"},"primaryImageOfPage":{"@id":"https:\/\/www.ugtcomunicaciones.es\/wordpress\/guardias-en-red\/#primaryimage"},"image":{"@id":"https:\/\/www.ugtcomunicaciones.es\/wordpress\/guardias-en-red\/#primaryimage"},"thumbnailUrl":"https:\/\/www.ugtcomunicaciones.es\/wordpress\/wp-content\/uploads\/2018\/06\/GUARDIAS-.jpg","datePublished":"2018-06-01T13:01:48+00:00","description":"El \u00e1rea de RED con el argumento de reducir el n\u00famero de guardias\/intervenciones por t\u00e9cnico est\u00e1 poniendo en marcha un proyecto de unificar Zonas y separar las guardias por Tecnolog\u00eda (Ericsson-Huawei)...","breadcrumb":{"@id":"https:\/\/www.ugtcomunicaciones.es\/wordpress\/guardias-en-red\/#breadcrumb"},"inLanguage":"es","potentialAction":[{"@type":"ReadAction","target":["https:\/\/www.ugtcomunicaciones.es\/wordpress\/guardias-en-red\/"]}]},{"@type":"ImageObject","inLanguage":"es","@id":"https:\/\/www.ugtcomunicaciones.es\/wordpress\/guardias-en-red\/#primaryimage","url":"https:\/\/www.ugtcomunicaciones.es\/wordpress\/wp-content\/uploads\/2018\/06\/GUARDIAS-.jpg","contentUrl":"https:\/\/www.ugtcomunicaciones.es\/wordpress\/wp-content\/uploads\/2018\/06\/GUARDIAS-.jpg","width":392,"height":284,"caption":"GUARDIAS-"},{"@type":"BreadcrumbList","@id":"https:\/\/www.ugtcomunicaciones.es\/wordpress\/guardias-en-red\/#breadcrumb","itemListElement":[{"@type":"ListItem","position":1,"name":"Portada","item":"https:\/\/www.ugtcomunicaciones.es\/wordpress\/"},{"@type":"ListItem","position":2,"name":"Guardias en red"}]},{"@type":"WebSite","@id":"https:\/\/www.ugtcomunicaciones.es\/wordpress\/#website","url":"https:\/\/www.ugtcomunicaciones.es\/wordpress\/","name":"UGT Comunicaciones","description":"Sindicato de Telecomunicaciones","publisher":{"@id":"https:\/\/www.ugtcomunicaciones.es\/wordpress\/#organization"},"potentialAction":[{"@type":"SearchAction","target":{"@type":"EntryPoint","urlTemplate":"https:\/\/www.ugtcomunicaciones.es\/wordpress\/?s={search_term_string}"},"query-input":{"@type":"PropertyValueSpecification","valueRequired":true,"valueName":"search_term_string"}}],"inLanguage":"es"},{"@type":"Organization","@id":"https:\/\/www.ugtcomunicaciones.es\/wordpress\/#organization","name":"UGT Comunicaciones","url":"https:\/\/www.ugtcomunicaciones.es\/wordpress\/","logo":{"@type":"ImageObject","inLanguage":"es","@id":"https:\/\/www.ugtcomunicaciones.es\/wordpress\/#\/schema\/logo\/image\/","url":"https:\/\/www.ugtcomunicaciones.es\/wordpress\/wp-content\/uploads\/2024\/04\/comunicaciones_logo.png","contentUrl":"https:\/\/www.ugtcomunicaciones.es\/wordpress\/wp-content\/uploads\/2024\/04\/comunicaciones_logo.png","width":298,"height":81,"caption":"UGT Comunicaciones"},"image":{"@id":"https:\/\/www.ugtcomunicaciones.es\/wordpress\/#\/schema\/logo\/image\/"},"sameAs":["https:\/\/www.facebook.com\/ugt.comunicaciones\/","https:\/\/x.com\/ugtcom"]},{"@type":"Person","@id":"https:\/\/www.ugtcomunicaciones.es\/wordpress\/#\/schema\/person\/eba0fc3fe5b444531d94d4368cba89ed","name":"UGT","image":{"@type":"ImageObject","inLanguage":"es","@id":"https:\/\/secure.gravatar.com\/avatar\/2a16057d620a4c646bcfc171c4f23030879ebbdd346f0525bd5d4a564e57e13d?s=96&d=mm&r=g","url":"https:\/\/secure.gravatar.com\/avatar\/2a16057d620a4c646bcfc171c4f23030879ebbdd346f0525bd5d4a564e57e13d?s=96&d=mm&r=g","contentUrl":"https:\/\/secure.gravatar.com\/avatar\/2a16057d620a4c646bcfc171c4f23030879ebbdd346f0525bd5d4a564e57e13d?s=96&d=mm&r=g","caption":"UGT"}}]}},"_links":{"self":[{"href":"https:\/\/www.ugtcomunicaciones.es\/wordpress\/wp-json\/wp\/v2\/posts\/155461","targetHints":{"allow":["GET"]}}],"collection":[{"href":"https:\/\/www.ugtcomunicaciones.es\/wordpress\/wp-json\/wp\/v2\/posts"}],"about":[{"href":"https:\/\/www.ugtcomunicaciones.es\/wordpress\/wp-json\/wp\/v2\/types\/post"}],"author":[{"embeddable":true,"href":"https:\/\/www.ugtcomunicaciones.es\/wordpress\/wp-json\/wp\/v2\/users\/3"}],"replies":[{"embeddable":true,"href":"https:\/\/www.ugtcomunicaciones.es\/wordpress\/wp-json\/wp\/v2\/comments?post=155461"}],"version-history":[{"count":0,"href":"https:\/\/www.ugtcomunicaciones.es\/wordpress\/wp-json\/wp\/v2\/posts\/155461\/revisions"}],"wp:featuredmedia":[{"embeddable":true,"href":"https:\/\/www.ugtcomunicaciones.es\/wordpress\/wp-json\/wp\/v2\/media\/155951"}],"wp:attachment":[{"href":"https:\/\/www.ugtcomunicaciones.es\/wordpress\/wp-json\/wp\/v2\/media?parent=155461"}],"wp:term":[{"taxonomy":"category","embeddable":true,"href":"https:\/\/www.ugtcomunicaciones.es\/wordpress\/wp-json\/wp\/v2\/categories?post=155461"},{"taxonomy":"post_tag","embeddable":true,"href":"https:\/\/www.ugtcomunicaciones.es\/wordpress\/wp-json\/wp\/v2\/tags?post=155461"}],"curies":[{"name":"wp","href":"https:\/\/api.w.org\/{rel}","templated":true}]}}