{"id":158477,"date":"2018-06-11T08:00:37","date_gmt":"2018-06-11T06:00:37","guid":{"rendered":"http:\/\/ugtcomunicaciones.es\/wordpress\/?p=158477"},"modified":"2018-05-29T14:15:59","modified_gmt":"2018-05-29T12:15:59","slug":"la-tecnologia-al-servicio-de-nuestras-pensiones","status":"publish","type":"post","link":"https:\/\/www.ugtcomunicaciones.es\/wordpress\/la-tecnologia-al-servicio-de-nuestras-pensiones\/","title":{"rendered":"La tecnolog\u00eda al servicio de nuestras pensiones"},"content":{"rendered":"<p style=\"text-align: justify;\">Un sistema p\u00fablico de pensiones deficitario, como consecuencia de su insuficiente financiaci\u00f3n. Una nueva realidad mercantil, con nuevas empresas que se a\u00fapan al liderazgo en ingresos gracias a las tecnolog\u00edas digitales, pero que no reparten su riqueza y los beneficios de su productividad en Espa\u00f1a. Parece l\u00f3gico vincular ambas cuestiones, pero ha costado mucho hasta que nuestro Gobierno lo ha visto. Ha sido gracias a las movilizaciones de los pensionistas en la calle, e indirectamente, al camino marcado por la Comisi\u00f3n Europea. Pero empecemos por el principio\u2026<\/p>\n<p style=\"text-align: justify;\"><img decoding=\"async\" class=\"size-full wp-image-158478 alignleft lazyload\" data-src=\"http:\/\/ugtcomunicaciones.es\/wordpress\/wp-content\/uploads\/2018\/05\/tecnologia-01-11-06-18.jpg\" alt=\"tecnologia-01-11-06-18\" width=\"199\" height=\"129\" src=\"data:image\/svg+xml;base64,PHN2ZyB3aWR0aD0iMSIgaGVpZ2h0PSIxIiB4bWxucz0iaHR0cDovL3d3dy53My5vcmcvMjAwMC9zdmciPjwvc3ZnPg==\" style=\"--smush-placeholder-width: 199px; --smush-placeholder-aspect-ratio: 199\/129;\" \/>El Contrato Social establecido en las sociedades democr\u00e1ticas hab\u00eda formulado un axioma: el incremento de la productividad inherente implementaci\u00f3n de nuevas tecnolog\u00edas en las empresas hab\u00eda aparejado un incremento de los salarios y de las condiciones laborales. O dicho de forma sencilla, si una empresa florec\u00eda, normalmente gracias a puesta en marcha de productos novedosos, deb\u00eda repartir parte de sus ganancias entre trabajadores y Sociedad en forma de salarios e impuestos. Pero desde la d\u00e9cada de los 80 del siglo XX, y especialmente desde el inicio de la Gran Recesi\u00f3n, este paralelismo entre beneficios y salarios fue poco a poco desconect\u00e1ndose, hasta llegar al presente, en donde la productividad y los beneficios empresariales crecen a un ritmo mucho mayor que salarios e impuestos.<\/p>\n<p><img decoding=\"async\" class=\"size-full wp-image-158479 aligncenter lazyload\" data-src=\"http:\/\/ugtcomunicaciones.es\/wordpress\/wp-content\/uploads\/2018\/05\/tecnologia-02-11-06-18.png\" alt=\"tecnologia-02-11-06-18\" width=\"427\" height=\"316\" data-srcset=\"https:\/\/www.ugtcomunicaciones.es\/wordpress\/wp-content\/uploads\/2018\/05\/tecnologia-02-11-06-18.png 427w, https:\/\/www.ugtcomunicaciones.es\/wordpress\/wp-content\/uploads\/2018\/05\/tecnologia-02-11-06-18-300x222.png 300w, https:\/\/www.ugtcomunicaciones.es\/wordpress\/wp-content\/uploads\/2018\/05\/tecnologia-02-11-06-18-80x60.png 80w, https:\/\/www.ugtcomunicaciones.es\/wordpress\/wp-content\/uploads\/2018\/05\/tecnologia-02-11-06-18-100x75.png 100w\" data-sizes=\"(max-width: 427px) 100vw, 427px\" src=\"data:image\/svg+xml;base64,PHN2ZyB3aWR0aD0iMSIgaGVpZ2h0PSIxIiB4bWxucz0iaHR0cDovL3d3dy53My5vcmcvMjAwMC9zdmciPjwvc3ZnPg==\" style=\"--smush-placeholder-width: 427px; --smush-placeholder-aspect-ratio: 427\/316;\" \/><\/p>\n<p style=\"text-align: justify;\">De forma convergente a esta desconexi\u00f3n, han surgido una serie de empresas, basadas en nuevas tecnolog\u00edas digitales, que han ido creciendo hasta el punto de convertirse en las m\u00e1s ricas del mundo:<\/p>\n<p><img decoding=\"async\" class=\"size-full wp-image-158490 aligncenter lazyload\" data-src=\"http:\/\/ugtcomunicaciones.es\/wordpress\/wp-content\/uploads\/2018\/05\/tecnologia-03-11-06-18.png\" alt=\"tecnologia-03-11-06-18\" width=\"450\" height=\"488\" data-srcset=\"https:\/\/www.ugtcomunicaciones.es\/wordpress\/wp-content\/uploads\/2018\/05\/tecnologia-03-11-06-18.png 450w, https:\/\/www.ugtcomunicaciones.es\/wordpress\/wp-content\/uploads\/2018\/05\/tecnologia-03-11-06-18-277x300.png 277w, https:\/\/www.ugtcomunicaciones.es\/wordpress\/wp-content\/uploads\/2018\/05\/tecnologia-03-11-06-18-387x420.png 387w\" data-sizes=\"(max-width: 450px) 100vw, 450px\" src=\"data:image\/svg+xml;base64,PHN2ZyB3aWR0aD0iMSIgaGVpZ2h0PSIxIiB4bWxucz0iaHR0cDovL3d3dy53My5vcmcvMjAwMC9zdmciPjwvc3ZnPg==\" style=\"--smush-placeholder-width: 450px; --smush-placeholder-aspect-ratio: 450\/488;\" \/><\/p>\n<p style=\"text-align: justify;\">Estas empresas tienen como principal caracter\u00edstica, adem\u00e1s de su car\u00e1cter innovador y tecnol\u00f3gico, un capital humano poco numeroso, aunque muy especializado. La mayor\u00eda de estas compa\u00f1\u00edas emplean o contratan o pocos trabajadores, a pesar de su dimensi\u00f3n mercantil, en comparaci\u00f3n con otras de tama\u00f1o semejante, pero de sectores <em>no tecnol\u00f3gicos<\/em>. Veamos algunos ejemplos:<\/p>\n<p><img decoding=\"async\" class=\"size-full wp-image-158491 aligncenter lazyload\" data-src=\"http:\/\/ugtcomunicaciones.es\/wordpress\/wp-content\/uploads\/2018\/05\/tecnologia-04-11-06-18.png\" alt=\"tecnologia-04-11-06-18\" width=\"459\" height=\"587\" data-srcset=\"https:\/\/www.ugtcomunicaciones.es\/wordpress\/wp-content\/uploads\/2018\/05\/tecnologia-04-11-06-18.png 459w, https:\/\/www.ugtcomunicaciones.es\/wordpress\/wp-content\/uploads\/2018\/05\/tecnologia-04-11-06-18-235x300.png 235w, https:\/\/www.ugtcomunicaciones.es\/wordpress\/wp-content\/uploads\/2018\/05\/tecnologia-04-11-06-18-328x420.png 328w\" data-sizes=\"(max-width: 459px) 100vw, 459px\" src=\"data:image\/svg+xml;base64,PHN2ZyB3aWR0aD0iMSIgaGVpZ2h0PSIxIiB4bWxucz0iaHR0cDovL3d3dy53My5vcmcvMjAwMC9zdmciPjwvc3ZnPg==\" style=\"--smush-placeholder-width: 459px; --smush-placeholder-aspect-ratio: 459\/587;\" \/><\/p>\n<p style=\"text-align: justify;\">Como puede verse, el cambio de paradigma est\u00e1 servido. Si a esto le a\u00f1adimos que muchas de estas empresas digitales usan forma de tributaci\u00f3n muy <em>particulares<\/em>, moviendo su actividad fiscal a pa\u00edses de conveniencia, incluso fuera del propio continente en el que operan y sustancian sus beneficios, podemos entender, y comprobar, como el actual sistema de redistribuci\u00f3n de la productividad, los beneficios y la riqueza se rompe hasta acercarse a la quiebra.<\/p>\n<p style=\"text-align: justify;\">La primera en proponer una soluci\u00f3n paliativa a este desfase fue la Comisi\u00f3n Europea. A finales de marzo de este 2018 hac\u00eda p\u00fablico su iniciativa para que este tipo de empresas deslocalizadas \u201ctributasen de forma equitativa<a href=\"#_ftn1\" name=\"_ftnref1\">[1]<\/a>\u201d con las nacionales y europeas. La f\u00f3rmula propuesta era sencilla. Se considerar\u00edan \u201cplataformas digitales\u201d, en contraposici\u00f3n a las empresas \u201ctradicionales\u201d, aquellas que con un establecimiento virtual permanente en un Estado de la Uni\u00f3n y que facturasen 750 millones de euros a nivel mundial y de 50 millones de euros en la UE. A estas plataformas digitales, les ser\u00eda de aplicaci\u00f3n un \u201c<em>impuesto provisional\u00a0que abarque las principales actividades digitales actualmente exentas por completo de impuestos en la UE<\/em>\u201d. Este tributo ser recaudar\u00eda por cada Estado.<\/p>\n<p style=\"text-align: justify;\">La propia Comisi\u00f3n calculaba que <em>\u201cse podr\u00edan generar ingresos para los Estados miembros por valor de 5\u00a0000 millones de euros anuales si se aplicase el impuesto con un tipo del 3%\u201d<\/em>.<\/p>\n<p style=\"text-align: justify;\">Entre tanto, en Espa\u00f1a, un sentimiento de desamparo, injusticia e indignaci\u00f3n recorr\u00eda la Sociedad en general ante la falta de reparto de la riqueza, y especialmente, entre los pensionistas, que ve\u00edan mermados sus ingresos como consecuencia de la pr\u00e1ctica congelaci\u00f3n de sus pensiones<a href=\"#_ftn2\" name=\"_ftnref2\">[2]<\/a>.<\/p>\n<p style=\"text-align: justify;\">Despu\u00e9s de meses de absurda y burda resistencia, negando la posibilidad de subir las pensiones, con alusiones al simpl\u00f3n y mezquino <em>\u201cno se puede\u201d<\/em>, al Gobierno no le qued\u00f3 otra opci\u00f3n que subir las pensiones conforme al IPC. Y aqu\u00ed viene la novedad: para financiar este incremento recurre a la iniciativa europea, plagi\u00e1ndola directamente<a href=\"#_ftn3\" name=\"_ftnref3\">[3]<\/a>.<\/p>\n<p style=\"text-align: justify;\">Conforme a esta actuaci\u00f3n, el Gobierno ha remitido a Bruselas su remozado Programa de Estabilidad<a href=\"#_ftn4\" name=\"_ftnref4\">[4]<\/a>, en el que incluye <em>\u201cun nuevo impuesto sobre determinados servicios digitales\u201d, \u201cpermitir\u00e1n incrementar la recaudaci\u00f3n prevista en\u00a0600 millones de euros en 2018<a href=\"#_ftn5\" name=\"_ftnref5\"><strong>[5]<\/strong><\/a> y en 1.500 millones adicionales en 2019<a href=\"#_ftn6\" name=\"_ftnref6\"><strong>[6]<\/strong><\/a>\u201d<\/em>, sumando un total de 2.100 millones en dos a\u00f1os<a href=\"#_ftn7\" name=\"_ftnref7\">[7]<\/a>. Estamos hablando, en todo caso, de impuestos a compa\u00f1\u00edas digitales que no tributan en Espa\u00f1a, y no de los operadores, que ya abonan sus impuestos por estar radicados en nuestro pa\u00eds<a href=\"#_ftn8\" name=\"_ftnref8\">[8]<\/a>.<\/p>\n<p style=\"text-align: justify;\">A muchos economistas neoliberales, y por supuesto, a las propias compa\u00f1\u00edas afectadas por la nueva tributaci\u00f3n<a href=\"#_ftn9\" name=\"_ftnref9\">[9]<\/a>, este paso dado por el Gobierno les parece improvisado, recaudatorio<a href=\"#_ftn10\" name=\"_ftnref10\">[10]<\/a>, negativo y contrario \u201ca la innovaci\u00f3n\u201d.<\/p>\n<p style=\"text-align: justify;\">Con independencia de las opiniones de parte, la pregunta que debemos hacerlos para centrar el debate deber\u00eda ser: \u00bfes justo este impuesto?<\/p>\n<p style=\"text-align: justify;\">En opini\u00f3n de <strong><span style=\"color: #ff0000;\">UGT<\/span> Comunicaciones<\/strong>, s\u00ed. Por dos razones muy simples y creemos que sencillas de explicar. Primera, porque todas las empresas deben competir en pie de igualdad, tanto aquellas radicadas aqu\u00ed como aquellas que dicen ser de otros mundos y realidades.<\/p>\n<p style=\"text-align: justify;\">En segunda, y sin duda la m\u00e1s importante, porque estas empresas digitales deben empezar cumplir con sus obligaciones sociales y p\u00fablicas; deben entender que repartir su riqueza es un requisito imprescindible para estar entre nosotros. No caben excepciones en el Contrato Social existente entre trabajadores y empresas. No son diferentes ni especiales en este sentido. Y si vamos m\u00e1s all\u00e1, incluso deber\u00edan contribuir de forma m\u00e1s intensa a la Sociedad. Cualquier empresa <em>tradicional<\/em> no s\u00f3lo paga impuestos, sino que da empleo, contribuyendo con ello a mejorar nuestro sistema p\u00fablico, nuestro Estado del Bienestar.<\/p>\n<p style=\"text-align: justify;\">Si una compa\u00f1\u00eda, se llame como se llame, no paga impuestos y no da empleo, est\u00e1 fuera del sistema. No repartir sus ganancias, por uno u otro m\u00e9todo, es fallar a la Sociedad en su conjunto, por muy buenas que sean sus aplicaciones, sus servicios, sus productos o su software. Por mucho que nos puedan hacer la vida m\u00e1s f\u00e1cil, estas compa\u00f1\u00edas deben comenzar a entender que el sistema econ\u00f3mico en el que vivimos se sustenta en repartir la productividad, en ser parte activa del Bienestar de todos y todas.<\/p>\n<p style=\"text-align: justify;\">En resumen, deben comenzar a escribir en sus agendas, con letra grande y en la primera hoja, las palabras <strong>Responsabilidad Social Corporativa<\/strong>.<\/p>\n<h3 style=\"text-align: right;\"><span style=\"color: #ff0000;\"><strong>UGT<\/strong><\/span><strong> Comunicaciones<\/strong><\/h3>\n<p>&nbsp;<\/p>\n<p><span style=\"font-size: xx-small;\"><a href=\"#_ftnref1\" name=\"_ftn1\">[1]<\/a> <a href=\"http:\/\/europa.eu\/rapid\/press-release_IP-18-2041_es.htm\" target=\"_blank\" rel=\"noopener\">http:\/\/europa.eu\/rapid\/press-release_IP-18-2041_es.htm<\/a><br \/>\n<a href=\"#_ftnref2\" name=\"_ftn2\">[2]<\/a> <a href=\"h%20http:\/www.ugtcomunicaciones.es\/wordpress\/ugt-apoya-las-movilizaciones-por-las-pensiones\/%20;%20http:\/www.ugt.es\/SitePages\/NoticiaDetalle.aspx?idElemento=3788\" target=\"_blank\" rel=\"noopener\">h http:\/\/ugtcomunicaciones.es\/wordpress\/ugt-apoya-las-movilizaciones-por-las-pensiones\/ ; http:\/\/www.ugt.es\/SitePages\/NoticiaDetalle.aspx?idElemento=3788<\/a>; <a href=\"http:\/\/www.ugt.es\/SitePages\/NoticiaDetalle.aspx?idElemento=3809\" target=\"_blank\" rel=\"noopener\">http:\/\/www.ugt.es\/SitePages\/NoticiaDetalle.aspx?idElemento=3809<\/a>; <a href=\"http:\/\/www.ugt.es\/SitePages\/NoticiaDetalle.aspx?idElemento=3793\" target=\"_blank\" rel=\"noopener\">http:\/\/www.ugt.es\/SitePages\/NoticiaDetalle.aspx?idElemento=3793<\/a>; <a href=\"http:\/\/www.ugt.es\/SitePages\/NoticiaDetalle.aspx?idElemento=3761\" target=\"_blank\" rel=\"noopener\">http:\/\/www.ugt.es\/SitePages\/NoticiaDetalle.aspx?idElemento=3761<\/a>; <a href=\"http:\/\/www.ugt.es\/SitePages\/NoticiaDetalle.aspx?idElemento=3758\" target=\"_blank\" rel=\"noopener\">http:\/\/www.ugt.es\/SitePages\/NoticiaDetalle.aspx?idElemento=3758<\/a><br \/>\n<a href=\"#_ftnref3\" name=\"_ftn3\">[3]<\/a> <a href=\"https:\/\/elpais.com\/economia\/2018\/04\/28\/actualidad\/1524911412_619791.html\" target=\"_blank\" rel=\"noopener\">https:\/\/elpais.com\/economia\/2018\/04\/28\/actualidad\/1524911412_619791.html<\/a><br \/>\n<a href=\"#_ftnref4\" name=\"_ftn4\">[4]<\/a> <a href=\"http:\/\/www.mineco.gob.es\/stfls\/mineco\/comun\/pdf\/180503_np_estabilidad.pdf\" target=\"_blank\" rel=\"noopener\">http:\/\/www.mineco.gob.es\/stfls\/mineco\/comun\/pdf\/180503_np_estabilidad.pdf<\/a><br \/>\n<a href=\"#_ftnref5\" name=\"_ftn5\">[5]<\/a> <a href=\"http:\/\/www.expansion.com\/economia\/2018\/05\/01\/5ae7adfa468aeb423c8b4604.html\" target=\"_blank\" rel=\"noopener\">http:\/\/www.expansion.com\/economia\/2018\/05\/01\/5ae7adfa468aeb423c8b4604.html<\/a><br \/>\n<a href=\"#_ftnref6\" name=\"_ftn6\">[6]<\/a> <a href=\"http:\/\/www.elmundo.es\/economia\/2018\/05\/01\/5ae7b1ddca474176508b4639.html\" target=\"_blank\" rel=\"noopener\">http:\/\/www.elmundo.es\/economia\/2018\/05\/01\/5ae7b1ddca474176508b4639.html<\/a><br \/>\n<a href=\"#_ftnref7\" name=\"_ftn7\">[7]<\/a> <a href=\"https:\/\/elpais.com\/economia\/2018\/05\/01\/actualidad\/1525155257_981666.html\" target=\"_blank\" rel=\"noopener\">https:\/\/elpais.com\/economia\/2018\/05\/01\/actualidad\/1525155257_981666.html<\/a><br \/>\n<a href=\"#_ftnref8\" name=\"_ftn8\">[8]<\/a> <a href=\"http:\/\/www.expansion.com\/economia\/2018\/05\/24\/5b05c1d4e2704ec53e8b4611.html\" target=\"_blank\" rel=\"noopener\">http:\/\/www.expansion.com\/economia\/2018\/05\/24\/5b05c1d4e2704ec53e8b4611.html<\/a><br \/>\n<a href=\"#_ftnref9\" name=\"_ftn9\">[9]<\/a> <a href=\"https:\/\/cincodias.elpais.com\/cincodias\/2018\/04\/30\/companias\/1525114634_063089.html\" target=\"_blank\" rel=\"noopener\">https:\/\/cincodias.elpais.com\/cincodias\/2018\/04\/30\/companias\/1525114634_063089.html<\/a><br \/>\n<a href=\"#_ftnref10\" name=\"_ftn10\">[10]<\/a> <a href=\"http:\/\/www.europapress.es\/economia\/noticia-ametic-alerta-consecuencias-nuevo-impuesto-tecnologicas-financiar-pensiones-20180504181950.html\" target=\"_blank\" rel=\"noopener\">http:\/\/www.europapress.es\/economia\/noticia-ametic-alerta-consecuencias-nuevo-impuesto-tecnologicas-financiar-pensiones-20180504181950.html<\/a><\/span><\/p>\n","protected":false},"excerpt":{"rendered":"<p>Un sistema p\u00fablico de pensiones deficitario, como consecuencia de su insuficiente financiaci\u00f3n. Una nueva realidad mercantil, con nuevas empresas que se a\u00fapan al liderazgo en ingresos gracias a las tecnolog\u00edas digitales, pero que no reparten su riqueza y los beneficios de su productividad en Espa\u00f1a. Parece l\u00f3gico vincular ambas cuestiones, pero ha costado mucho hasta [&hellip;]<\/p>\n","protected":false},"author":3,"featured_media":158545,"comment_status":"closed","ping_status":"closed","sticky":false,"template":"","format":"standard","meta":{"footnotes":""},"categories":[14,12],"tags":[],"class_list":["post-158477","post","type-post","status-publish","format-standard","has-post-thumbnail","hentry","category-opinion","category-regulacion"],"yoast_head":"<!-- This site is optimized with the Yoast SEO Premium plugin v27.3 (Yoast SEO v27.4) - https:\/\/yoast.com\/product\/yoast-seo-premium-wordpress\/ -->\n<title>La tecnolog\u00eda al servicio de nuestras pensiones - UGT Comunicaciones<\/title>\n<meta name=\"description\" content=\"Un sistema p\u00fablico de pensiones deficitario, como consecuencia de su insuficiente financiaci\u00f3n. Una nueva realidad mercantil, con nuevas empresas que se a\u00fapan al liderazgo en ingresos gracias a las tecnolog\u00edas digitales, pero que no reparten su riqueza y los beneficios de su productividad en Espa\u00f1a...\" \/>\n<meta name=\"robots\" content=\"index, follow, max-snippet:-1, max-image-preview:large, max-video-preview:-1\" \/>\n<link rel=\"canonical\" href=\"https:\/\/www.ugtcomunicaciones.es\/wordpress\/la-tecnologia-al-servicio-de-nuestras-pensiones\/\" \/>\n<meta property=\"og:locale\" content=\"es_ES\" \/>\n<meta property=\"og:type\" content=\"article\" \/>\n<meta property=\"og:title\" content=\"La tecnolog\u00eda al servicio de nuestras pensiones\" \/>\n<meta property=\"og:description\" content=\"Un sistema p\u00fablico de pensiones deficitario, como consecuencia de su insuficiente financiaci\u00f3n. Una nueva realidad mercantil, con nuevas empresas que se a\u00fapan al liderazgo en ingresos gracias a las tecnolog\u00edas digitales, pero que no reparten su riqueza y los beneficios de su productividad en Espa\u00f1a...\" \/>\n<meta property=\"og:url\" content=\"https:\/\/www.ugtcomunicaciones.es\/wordpress\/la-tecnologia-al-servicio-de-nuestras-pensiones\/\" \/>\n<meta property=\"og:site_name\" content=\"UGT Comunicaciones\" \/>\n<meta property=\"article:publisher\" content=\"https:\/\/www.facebook.com\/ugt.comunicaciones\/\" \/>\n<meta property=\"article:published_time\" content=\"2018-06-11T06:00:37+00:00\" \/>\n<meta property=\"og:image\" content=\"https:\/\/www.ugtcomunicaciones.es\/wordpress\/wp-content\/uploads\/2018\/05\/tecnologia-portada-11-06-18.jpg\" \/>\n\t<meta property=\"og:image:width\" content=\"600\" \/>\n\t<meta property=\"og:image:height\" content=\"340\" \/>\n\t<meta property=\"og:image:type\" content=\"image\/jpeg\" \/>\n<meta name=\"author\" content=\"UGT\" \/>\n<meta name=\"twitter:card\" content=\"summary_large_image\" \/>\n<meta name=\"twitter:creator\" content=\"@ugtcom\" \/>\n<meta name=\"twitter:site\" content=\"@ugtcom\" \/>\n<meta name=\"twitter:label1\" content=\"Escrito por\" \/>\n\t<meta name=\"twitter:data1\" content=\"UGT\" \/>\n\t<meta name=\"twitter:label2\" content=\"Tiempo de lectura\" \/>\n\t<meta name=\"twitter:data2\" content=\"6 minutos\" \/>\n<script type=\"application\/ld+json\" class=\"yoast-schema-graph\">{\"@context\":\"https:\\\/\\\/schema.org\",\"@graph\":[{\"@type\":\"Article\",\"@id\":\"https:\\\/\\\/www.ugtcomunicaciones.es\\\/wordpress\\\/la-tecnologia-al-servicio-de-nuestras-pensiones\\\/#article\",\"isPartOf\":{\"@id\":\"https:\\\/\\\/www.ugtcomunicaciones.es\\\/wordpress\\\/la-tecnologia-al-servicio-de-nuestras-pensiones\\\/\"},\"author\":{\"name\":\"UGT\",\"@id\":\"https:\\\/\\\/www.ugtcomunicaciones.es\\\/wordpress\\\/#\\\/schema\\\/person\\\/eba0fc3fe5b444531d94d4368cba89ed\"},\"headline\":\"La tecnolog\u00eda al servicio de nuestras pensiones\",\"datePublished\":\"2018-06-11T06:00:37+00:00\",\"mainEntityOfPage\":{\"@id\":\"https:\\\/\\\/www.ugtcomunicaciones.es\\\/wordpress\\\/la-tecnologia-al-servicio-de-nuestras-pensiones\\\/\"},\"wordCount\":1211,\"publisher\":{\"@id\":\"https:\\\/\\\/www.ugtcomunicaciones.es\\\/wordpress\\\/#organization\"},\"image\":{\"@id\":\"https:\\\/\\\/www.ugtcomunicaciones.es\\\/wordpress\\\/la-tecnologia-al-servicio-de-nuestras-pensiones\\\/#primaryimage\"},\"thumbnailUrl\":\"https:\\\/\\\/www.ugtcomunicaciones.es\\\/wordpress\\\/wp-content\\\/uploads\\\/2018\\\/05\\\/tecnologia-portada-11-06-18.jpg\",\"articleSection\":[\"Opini\u00f3n\",\"Regulaci\u00f3n\"],\"inLanguage\":\"es\"},{\"@type\":\"WebPage\",\"@id\":\"https:\\\/\\\/www.ugtcomunicaciones.es\\\/wordpress\\\/la-tecnologia-al-servicio-de-nuestras-pensiones\\\/\",\"url\":\"https:\\\/\\\/www.ugtcomunicaciones.es\\\/wordpress\\\/la-tecnologia-al-servicio-de-nuestras-pensiones\\\/\",\"name\":\"La tecnolog\u00eda al servicio de nuestras pensiones - UGT Comunicaciones\",\"isPartOf\":{\"@id\":\"https:\\\/\\\/www.ugtcomunicaciones.es\\\/wordpress\\\/#website\"},\"primaryImageOfPage\":{\"@id\":\"https:\\\/\\\/www.ugtcomunicaciones.es\\\/wordpress\\\/la-tecnologia-al-servicio-de-nuestras-pensiones\\\/#primaryimage\"},\"image\":{\"@id\":\"https:\\\/\\\/www.ugtcomunicaciones.es\\\/wordpress\\\/la-tecnologia-al-servicio-de-nuestras-pensiones\\\/#primaryimage\"},\"thumbnailUrl\":\"https:\\\/\\\/www.ugtcomunicaciones.es\\\/wordpress\\\/wp-content\\\/uploads\\\/2018\\\/05\\\/tecnologia-portada-11-06-18.jpg\",\"datePublished\":\"2018-06-11T06:00:37+00:00\",\"description\":\"Un sistema p\u00fablico de pensiones deficitario, como consecuencia de su insuficiente financiaci\u00f3n. Una nueva realidad mercantil, con nuevas empresas que se a\u00fapan al liderazgo en ingresos gracias a las tecnolog\u00edas digitales, pero que no reparten su riqueza y los beneficios de su productividad en Espa\u00f1a...\",\"breadcrumb\":{\"@id\":\"https:\\\/\\\/www.ugtcomunicaciones.es\\\/wordpress\\\/la-tecnologia-al-servicio-de-nuestras-pensiones\\\/#breadcrumb\"},\"inLanguage\":\"es\",\"potentialAction\":[{\"@type\":\"ReadAction\",\"target\":[\"https:\\\/\\\/www.ugtcomunicaciones.es\\\/wordpress\\\/la-tecnologia-al-servicio-de-nuestras-pensiones\\\/\"]}]},{\"@type\":\"ImageObject\",\"inLanguage\":\"es\",\"@id\":\"https:\\\/\\\/www.ugtcomunicaciones.es\\\/wordpress\\\/la-tecnologia-al-servicio-de-nuestras-pensiones\\\/#primaryimage\",\"url\":\"https:\\\/\\\/www.ugtcomunicaciones.es\\\/wordpress\\\/wp-content\\\/uploads\\\/2018\\\/05\\\/tecnologia-portada-11-06-18.jpg\",\"contentUrl\":\"https:\\\/\\\/www.ugtcomunicaciones.es\\\/wordpress\\\/wp-content\\\/uploads\\\/2018\\\/05\\\/tecnologia-portada-11-06-18.jpg\",\"width\":600,\"height\":340,\"caption\":\"tecnologia-portada-11-06-18\"},{\"@type\":\"BreadcrumbList\",\"@id\":\"https:\\\/\\\/www.ugtcomunicaciones.es\\\/wordpress\\\/la-tecnologia-al-servicio-de-nuestras-pensiones\\\/#breadcrumb\",\"itemListElement\":[{\"@type\":\"ListItem\",\"position\":1,\"name\":\"Portada\",\"item\":\"https:\\\/\\\/www.ugtcomunicaciones.es\\\/wordpress\\\/\"},{\"@type\":\"ListItem\",\"position\":2,\"name\":\"La tecnolog\u00eda al servicio de nuestras pensiones\"}]},{\"@type\":\"WebSite\",\"@id\":\"https:\\\/\\\/www.ugtcomunicaciones.es\\\/wordpress\\\/#website\",\"url\":\"https:\\\/\\\/www.ugtcomunicaciones.es\\\/wordpress\\\/\",\"name\":\"UGT Comunicaciones\",\"description\":\"Sindicato de Telecomunicaciones\",\"publisher\":{\"@id\":\"https:\\\/\\\/www.ugtcomunicaciones.es\\\/wordpress\\\/#organization\"},\"potentialAction\":[{\"@type\":\"SearchAction\",\"target\":{\"@type\":\"EntryPoint\",\"urlTemplate\":\"https:\\\/\\\/www.ugtcomunicaciones.es\\\/wordpress\\\/?s={search_term_string}\"},\"query-input\":{\"@type\":\"PropertyValueSpecification\",\"valueRequired\":true,\"valueName\":\"search_term_string\"}}],\"inLanguage\":\"es\"},{\"@type\":\"Organization\",\"@id\":\"https:\\\/\\\/www.ugtcomunicaciones.es\\\/wordpress\\\/#organization\",\"name\":\"UGT Comunicaciones\",\"url\":\"https:\\\/\\\/www.ugtcomunicaciones.es\\\/wordpress\\\/\",\"logo\":{\"@type\":\"ImageObject\",\"inLanguage\":\"es\",\"@id\":\"https:\\\/\\\/www.ugtcomunicaciones.es\\\/wordpress\\\/#\\\/schema\\\/logo\\\/image\\\/\",\"url\":\"https:\\\/\\\/www.ugtcomunicaciones.es\\\/wordpress\\\/wp-content\\\/uploads\\\/2024\\\/04\\\/comunicaciones_logo.png\",\"contentUrl\":\"https:\\\/\\\/www.ugtcomunicaciones.es\\\/wordpress\\\/wp-content\\\/uploads\\\/2024\\\/04\\\/comunicaciones_logo.png\",\"width\":298,\"height\":81,\"caption\":\"UGT Comunicaciones\"},\"image\":{\"@id\":\"https:\\\/\\\/www.ugtcomunicaciones.es\\\/wordpress\\\/#\\\/schema\\\/logo\\\/image\\\/\"},\"sameAs\":[\"https:\\\/\\\/www.facebook.com\\\/ugt.comunicaciones\\\/\",\"https:\\\/\\\/x.com\\\/ugtcom\"]},{\"@type\":\"Person\",\"@id\":\"https:\\\/\\\/www.ugtcomunicaciones.es\\\/wordpress\\\/#\\\/schema\\\/person\\\/eba0fc3fe5b444531d94d4368cba89ed\",\"name\":\"UGT\",\"image\":{\"@type\":\"ImageObject\",\"inLanguage\":\"es\",\"@id\":\"https:\\\/\\\/secure.gravatar.com\\\/avatar\\\/2a16057d620a4c646bcfc171c4f23030879ebbdd346f0525bd5d4a564e57e13d?s=96&d=mm&r=g\",\"url\":\"https:\\\/\\\/secure.gravatar.com\\\/avatar\\\/2a16057d620a4c646bcfc171c4f23030879ebbdd346f0525bd5d4a564e57e13d?s=96&d=mm&r=g\",\"contentUrl\":\"https:\\\/\\\/secure.gravatar.com\\\/avatar\\\/2a16057d620a4c646bcfc171c4f23030879ebbdd346f0525bd5d4a564e57e13d?s=96&d=mm&r=g\",\"caption\":\"UGT\"}}]}<\/script>\n<!-- \/ Yoast SEO Premium plugin. -->","yoast_head_json":{"title":"La tecnolog\u00eda al servicio de nuestras pensiones - UGT Comunicaciones","description":"Un sistema p\u00fablico de pensiones deficitario, como consecuencia de su insuficiente financiaci\u00f3n. Una nueva realidad mercantil, con nuevas empresas que se a\u00fapan al liderazgo en ingresos gracias a las tecnolog\u00edas digitales, pero que no reparten su riqueza y los beneficios de su productividad en Espa\u00f1a...","robots":{"index":"index","follow":"follow","max-snippet":"max-snippet:-1","max-image-preview":"max-image-preview:large","max-video-preview":"max-video-preview:-1"},"canonical":"https:\/\/www.ugtcomunicaciones.es\/wordpress\/la-tecnologia-al-servicio-de-nuestras-pensiones\/","og_locale":"es_ES","og_type":"article","og_title":"La tecnolog\u00eda al servicio de nuestras pensiones","og_description":"Un sistema p\u00fablico de pensiones deficitario, como consecuencia de su insuficiente financiaci\u00f3n. Una nueva realidad mercantil, con nuevas empresas que se a\u00fapan al liderazgo en ingresos gracias a las tecnolog\u00edas digitales, pero que no reparten su riqueza y los beneficios de su productividad en Espa\u00f1a...","og_url":"https:\/\/www.ugtcomunicaciones.es\/wordpress\/la-tecnologia-al-servicio-de-nuestras-pensiones\/","og_site_name":"UGT Comunicaciones","article_publisher":"https:\/\/www.facebook.com\/ugt.comunicaciones\/","article_published_time":"2018-06-11T06:00:37+00:00","og_image":[{"width":600,"height":340,"url":"https:\/\/www.ugtcomunicaciones.es\/wordpress\/wp-content\/uploads\/2018\/05\/tecnologia-portada-11-06-18.jpg","type":"image\/jpeg"}],"author":"UGT","twitter_card":"summary_large_image","twitter_creator":"@ugtcom","twitter_site":"@ugtcom","twitter_misc":{"Escrito por":"UGT","Tiempo de lectura":"6 minutos"},"schema":{"@context":"https:\/\/schema.org","@graph":[{"@type":"Article","@id":"https:\/\/www.ugtcomunicaciones.es\/wordpress\/la-tecnologia-al-servicio-de-nuestras-pensiones\/#article","isPartOf":{"@id":"https:\/\/www.ugtcomunicaciones.es\/wordpress\/la-tecnologia-al-servicio-de-nuestras-pensiones\/"},"author":{"name":"UGT","@id":"https:\/\/www.ugtcomunicaciones.es\/wordpress\/#\/schema\/person\/eba0fc3fe5b444531d94d4368cba89ed"},"headline":"La tecnolog\u00eda al servicio de nuestras pensiones","datePublished":"2018-06-11T06:00:37+00:00","mainEntityOfPage":{"@id":"https:\/\/www.ugtcomunicaciones.es\/wordpress\/la-tecnologia-al-servicio-de-nuestras-pensiones\/"},"wordCount":1211,"publisher":{"@id":"https:\/\/www.ugtcomunicaciones.es\/wordpress\/#organization"},"image":{"@id":"https:\/\/www.ugtcomunicaciones.es\/wordpress\/la-tecnologia-al-servicio-de-nuestras-pensiones\/#primaryimage"},"thumbnailUrl":"https:\/\/www.ugtcomunicaciones.es\/wordpress\/wp-content\/uploads\/2018\/05\/tecnologia-portada-11-06-18.jpg","articleSection":["Opini\u00f3n","Regulaci\u00f3n"],"inLanguage":"es"},{"@type":"WebPage","@id":"https:\/\/www.ugtcomunicaciones.es\/wordpress\/la-tecnologia-al-servicio-de-nuestras-pensiones\/","url":"https:\/\/www.ugtcomunicaciones.es\/wordpress\/la-tecnologia-al-servicio-de-nuestras-pensiones\/","name":"La tecnolog\u00eda al servicio de nuestras pensiones - UGT Comunicaciones","isPartOf":{"@id":"https:\/\/www.ugtcomunicaciones.es\/wordpress\/#website"},"primaryImageOfPage":{"@id":"https:\/\/www.ugtcomunicaciones.es\/wordpress\/la-tecnologia-al-servicio-de-nuestras-pensiones\/#primaryimage"},"image":{"@id":"https:\/\/www.ugtcomunicaciones.es\/wordpress\/la-tecnologia-al-servicio-de-nuestras-pensiones\/#primaryimage"},"thumbnailUrl":"https:\/\/www.ugtcomunicaciones.es\/wordpress\/wp-content\/uploads\/2018\/05\/tecnologia-portada-11-06-18.jpg","datePublished":"2018-06-11T06:00:37+00:00","description":"Un sistema p\u00fablico de pensiones deficitario, como consecuencia de su insuficiente financiaci\u00f3n. Una nueva realidad mercantil, con nuevas empresas que se a\u00fapan al liderazgo en ingresos gracias a las tecnolog\u00edas digitales, pero que no reparten su riqueza y los beneficios de su productividad en Espa\u00f1a...","breadcrumb":{"@id":"https:\/\/www.ugtcomunicaciones.es\/wordpress\/la-tecnologia-al-servicio-de-nuestras-pensiones\/#breadcrumb"},"inLanguage":"es","potentialAction":[{"@type":"ReadAction","target":["https:\/\/www.ugtcomunicaciones.es\/wordpress\/la-tecnologia-al-servicio-de-nuestras-pensiones\/"]}]},{"@type":"ImageObject","inLanguage":"es","@id":"https:\/\/www.ugtcomunicaciones.es\/wordpress\/la-tecnologia-al-servicio-de-nuestras-pensiones\/#primaryimage","url":"https:\/\/www.ugtcomunicaciones.es\/wordpress\/wp-content\/uploads\/2018\/05\/tecnologia-portada-11-06-18.jpg","contentUrl":"https:\/\/www.ugtcomunicaciones.es\/wordpress\/wp-content\/uploads\/2018\/05\/tecnologia-portada-11-06-18.jpg","width":600,"height":340,"caption":"tecnologia-portada-11-06-18"},{"@type":"BreadcrumbList","@id":"https:\/\/www.ugtcomunicaciones.es\/wordpress\/la-tecnologia-al-servicio-de-nuestras-pensiones\/#breadcrumb","itemListElement":[{"@type":"ListItem","position":1,"name":"Portada","item":"https:\/\/www.ugtcomunicaciones.es\/wordpress\/"},{"@type":"ListItem","position":2,"name":"La tecnolog\u00eda al servicio de nuestras pensiones"}]},{"@type":"WebSite","@id":"https:\/\/www.ugtcomunicaciones.es\/wordpress\/#website","url":"https:\/\/www.ugtcomunicaciones.es\/wordpress\/","name":"UGT Comunicaciones","description":"Sindicato de Telecomunicaciones","publisher":{"@id":"https:\/\/www.ugtcomunicaciones.es\/wordpress\/#organization"},"potentialAction":[{"@type":"SearchAction","target":{"@type":"EntryPoint","urlTemplate":"https:\/\/www.ugtcomunicaciones.es\/wordpress\/?s={search_term_string}"},"query-input":{"@type":"PropertyValueSpecification","valueRequired":true,"valueName":"search_term_string"}}],"inLanguage":"es"},{"@type":"Organization","@id":"https:\/\/www.ugtcomunicaciones.es\/wordpress\/#organization","name":"UGT Comunicaciones","url":"https:\/\/www.ugtcomunicaciones.es\/wordpress\/","logo":{"@type":"ImageObject","inLanguage":"es","@id":"https:\/\/www.ugtcomunicaciones.es\/wordpress\/#\/schema\/logo\/image\/","url":"https:\/\/www.ugtcomunicaciones.es\/wordpress\/wp-content\/uploads\/2024\/04\/comunicaciones_logo.png","contentUrl":"https:\/\/www.ugtcomunicaciones.es\/wordpress\/wp-content\/uploads\/2024\/04\/comunicaciones_logo.png","width":298,"height":81,"caption":"UGT Comunicaciones"},"image":{"@id":"https:\/\/www.ugtcomunicaciones.es\/wordpress\/#\/schema\/logo\/image\/"},"sameAs":["https:\/\/www.facebook.com\/ugt.comunicaciones\/","https:\/\/x.com\/ugtcom"]},{"@type":"Person","@id":"https:\/\/www.ugtcomunicaciones.es\/wordpress\/#\/schema\/person\/eba0fc3fe5b444531d94d4368cba89ed","name":"UGT","image":{"@type":"ImageObject","inLanguage":"es","@id":"https:\/\/secure.gravatar.com\/avatar\/2a16057d620a4c646bcfc171c4f23030879ebbdd346f0525bd5d4a564e57e13d?s=96&d=mm&r=g","url":"https:\/\/secure.gravatar.com\/avatar\/2a16057d620a4c646bcfc171c4f23030879ebbdd346f0525bd5d4a564e57e13d?s=96&d=mm&r=g","contentUrl":"https:\/\/secure.gravatar.com\/avatar\/2a16057d620a4c646bcfc171c4f23030879ebbdd346f0525bd5d4a564e57e13d?s=96&d=mm&r=g","caption":"UGT"}}]}},"_links":{"self":[{"href":"https:\/\/www.ugtcomunicaciones.es\/wordpress\/wp-json\/wp\/v2\/posts\/158477","targetHints":{"allow":["GET"]}}],"collection":[{"href":"https:\/\/www.ugtcomunicaciones.es\/wordpress\/wp-json\/wp\/v2\/posts"}],"about":[{"href":"https:\/\/www.ugtcomunicaciones.es\/wordpress\/wp-json\/wp\/v2\/types\/post"}],"author":[{"embeddable":true,"href":"https:\/\/www.ugtcomunicaciones.es\/wordpress\/wp-json\/wp\/v2\/users\/3"}],"replies":[{"embeddable":true,"href":"https:\/\/www.ugtcomunicaciones.es\/wordpress\/wp-json\/wp\/v2\/comments?post=158477"}],"version-history":[{"count":0,"href":"https:\/\/www.ugtcomunicaciones.es\/wordpress\/wp-json\/wp\/v2\/posts\/158477\/revisions"}],"wp:featuredmedia":[{"embeddable":true,"href":"https:\/\/www.ugtcomunicaciones.es\/wordpress\/wp-json\/wp\/v2\/media\/158545"}],"wp:attachment":[{"href":"https:\/\/www.ugtcomunicaciones.es\/wordpress\/wp-json\/wp\/v2\/media?parent=158477"}],"wp:term":[{"taxonomy":"category","embeddable":true,"href":"https:\/\/www.ugtcomunicaciones.es\/wordpress\/wp-json\/wp\/v2\/categories?post=158477"},{"taxonomy":"post_tag","embeddable":true,"href":"https:\/\/www.ugtcomunicaciones.es\/wordpress\/wp-json\/wp\/v2\/tags?post=158477"}],"curies":[{"name":"wp","href":"https:\/\/api.w.org\/{rel}","templated":true}]}}