{"id":1588,"date":"2017-06-26T09:15:20","date_gmt":"2017-06-26T08:15:20","guid":{"rendered":"http:\/\/www.ugtcom.h2301842.stratoserver.net\/wordpress\/wordpress\/?p=1588"},"modified":"2017-06-26T09:27:51","modified_gmt":"2017-06-26T08:27:51","slug":"las-telecomunicaciones-la-economia-contabilidad-nacional","status":"publish","type":"post","link":"https:\/\/www.ugtcomunicaciones.es\/wordpress\/las-telecomunicaciones-la-economia-contabilidad-nacional\/","title":{"rendered":"Las telecomunicaciones en la econom\u00eda y contabilidad nacional"},"content":{"rendered":"<p style=\"text-align: justify;\">En sus informes anuales de principios de siglo, la otrora CMT, luego reconvertida en CNMC, presum\u00edan del peso de las telecomunicaciones en la econom\u00eda espa\u00f1ola.<\/p>\n<p style=\"text-align: justify;\">Por ejemplo, el Informe Anual de 2001 de la CMT abr\u00eda as\u00ed sus l\u00edneas: <em>\u201cDurante 2001 los Servicios de Telecomunicaciones, Audiovisuales y Telem\u00e1ticos han seguido aumentando el volumen de facturaci\u00f3n nominal a un ritmo pr\u00f3ximo al 14% anual, mejorando los resultados de la explotaci\u00f3n del conjunto del sector en un 136%. El empleo creci\u00f3 hasta m\u00e1s de 94.000 empleados, creci\u00f3 la facturaci\u00f3n por empleado y creci\u00f3 <u>la participaci\u00f3n del sector en el Producto Interior Bruto hasta alcanzar el 4,34%<\/u>\u201d<\/em>.<\/p>\n<p style=\"text-align: justify;\">Se pueden encontrar m\u00e1s ejemplos en a\u00f1os posteriores, hasta que, sin mediar argumentos, estas referencias al PIB y a la Contabilidad Nacional<a href=\"#_ftn1\" name=\"_ftnref1\">[1]<\/a> comienzan a ser relegadas a un segundo plano hasta pasarse de puntillas en tablas situadas al final de cada memoria anual. El motivo: <strong>quiz\u00e1s que no hubiese nada de qu\u00e9 presumir<\/strong>.<\/p>\n<p style=\"text-align: justify;\">Efectivamente, <u>el peso de las telecomunicaciones en la econom\u00eda espa\u00f1ola y en el PIB ha ido perdiendo fuelle hasta perder casi el 40% de su valor en una d\u00e9cada<\/u>. Y lo que es peor: la tendencia es a que esta participaci\u00f3n sea cada vez menos, puesto que cada a\u00f1o perdemos m\u00e1s protagonismo.<\/p>\n<p style=\"text-align: justify;\">La evoluci\u00f3n de las telecomunicaciones en el PIB tocaron techo en 2004, en plena explosi\u00f3n de la telefon\u00eda m\u00f3vil y cuando la banda ancha empezaba a ser una realidad. Los ingresos totales del Sector alcanzaron el 4,66% del PIB, mientras que los ingresos por servicios minoristas se auparon hasta el 3,7%. A partir de este momento, las telecos comenzaron un descenso del que no se vislumbra fin y que pueden condenar a nuestro Sector a un papel testimonial dentro de la econom\u00eda nacional: en 2015, el ratio de ingresos globales y minoristas se quedaron en unos paup\u00e9rrimos 2,85% y 2,35%:<img decoding=\"async\" class=\"aligncenter wp-image-1589 size-full lazyload\" data-src=\"http:\/\/ugtcomunicaciones.es\/wordpress\/wp-content\/uploads\/2017\/06\/barras-05.png\" alt=\"\" width=\"642\" height=\"350\" data-srcset=\"https:\/\/www.ugtcomunicaciones.es\/wordpress\/wp-content\/uploads\/2017\/06\/barras-05.png 642w, https:\/\/www.ugtcomunicaciones.es\/wordpress\/wp-content\/uploads\/2017\/06\/barras-05-300x164.png 300w, https:\/\/www.ugtcomunicaciones.es\/wordpress\/wp-content\/uploads\/2017\/06\/barras-05-640x350.png 640w\" data-sizes=\"(max-width: 642px) 100vw, 642px\" src=\"data:image\/svg+xml;base64,PHN2ZyB3aWR0aD0iMSIgaGVpZ2h0PSIxIiB4bWxucz0iaHR0cDovL3d3dy53My5vcmcvMjAwMC9zdmciPjwvc3ZnPg==\" style=\"--smush-placeholder-width: 642px; --smush-placeholder-aspect-ratio: 642\/350;\" \/><img decoding=\"async\" class=\"aligncenter wp-image-1590 size-full lazyload\" data-src=\"http:\/\/www.ugtcom.h2301842.stratoserver.net\/wordpress\/wordpress\/wp-content\/uploads\/2017\/06\/barras-06.png\" alt=\"\" width=\"642\" height=\"340\" data-srcset=\"https:\/\/www.ugtcomunicaciones.es\/wordpress\/wp-content\/uploads\/2017\/06\/barras-06.png 642w, https:\/\/www.ugtcomunicaciones.es\/wordpress\/wp-content\/uploads\/2017\/06\/barras-06-300x160.png 300w, https:\/\/www.ugtcomunicaciones.es\/wordpress\/wp-content\/uploads\/2017\/06\/barras-06-640x340.png 640w\" data-sizes=\"(max-width: 642px) 100vw, 642px\" src=\"data:image\/svg+xml;base64,PHN2ZyB3aWR0aD0iMSIgaGVpZ2h0PSIxIiB4bWxucz0iaHR0cDovL3d3dy53My5vcmcvMjAwMC9zdmciPjwvc3ZnPg==\" style=\"--smush-placeholder-width: 642px; --smush-placeholder-aspect-ratio: 642\/340;\" \/><\/p>\n<p style=\"text-align: justify;\">Las cifras son tan evidentes como abrumadoras: las telecomunicaciones han pasado de tener un papel relevante y poderoso en nuestra econom\u00eda a ostentar un rol secundario. Por hacer unas meras comparativas: la Industria representa el 16,4% del PIB espa\u00f1ol; el Sector Servicios, casi el 67%, y dentro de \u00e9ste, Informaci\u00f3n y Comunicaciones, s\u00f3lo el 3,8%:<img decoding=\"async\" class=\"aligncenter wp-image-1592 size-full lazyload\" data-src=\"http:\/\/ugtcomunicaciones.es\/wordpress\/wp-content\/uploads\/2017\/06\/tabla-05-.png\" alt=\"\" width=\"642\" height=\"362\" data-srcset=\"https:\/\/www.ugtcomunicaciones.es\/wordpress\/wp-content\/uploads\/2017\/06\/tabla-05-.png 642w, https:\/\/www.ugtcomunicaciones.es\/wordpress\/wp-content\/uploads\/2017\/06\/tabla-05--300x169.png 300w, https:\/\/www.ugtcomunicaciones.es\/wordpress\/wp-content\/uploads\/2017\/06\/tabla-05--640x361.png 640w\" data-sizes=\"(max-width: 642px) 100vw, 642px\" src=\"data:image\/svg+xml;base64,PHN2ZyB3aWR0aD0iMSIgaGVpZ2h0PSIxIiB4bWxucz0iaHR0cDovL3d3dy53My5vcmcvMjAwMC9zdmciPjwvc3ZnPg==\" style=\"--smush-placeholder-width: 642px; --smush-placeholder-aspect-ratio: 642\/362;\" \/><\/p>\n<p style=\"text-align: justify;\">La extrapolaci\u00f3n de estos datos al empleo es a\u00fan m\u00e1s negativa: en toda la serie nunca ha existido un a\u00f1o en el que no haya descendido el porcentaje de empleo sectorial sobre el total, desde el 0,73% de 1998 al 0,27 de 2015; una brutal disminuci\u00f3n del 63%:<img decoding=\"async\" class=\"aligncenter wp-image-1593 size-full lazyload\" data-src=\"http:\/\/ugtcomunicaciones.es\/wordpress\/wp-content\/uploads\/2017\/06\/linea-01.png\" alt=\"\" width=\"659\" height=\"224\" data-srcset=\"https:\/\/www.ugtcomunicaciones.es\/wordpress\/wp-content\/uploads\/2017\/06\/linea-01.png 659w, https:\/\/www.ugtcomunicaciones.es\/wordpress\/wp-content\/uploads\/2017\/06\/linea-01-300x102.png 300w, https:\/\/www.ugtcomunicaciones.es\/wordpress\/wp-content\/uploads\/2017\/06\/linea-01-640x218.png 640w\" data-sizes=\"(max-width: 659px) 100vw, 659px\" src=\"data:image\/svg+xml;base64,PHN2ZyB3aWR0aD0iMSIgaGVpZ2h0PSIxIiB4bWxucz0iaHR0cDovL3d3dy53My5vcmcvMjAwMC9zdmciPjwvc3ZnPg==\" style=\"--smush-placeholder-width: 659px; --smush-placeholder-aspect-ratio: 659\/224;\" \/><\/p>\n<p style=\"text-align: justify;\">Pero, parad\u00f3jicamente, el nivel de inversi\u00f3n desplegado por las operadoras de telecomunicaciones ha mantenido una media anual muy elevada, en torno a 5.450 millones de euros anuales. O, dicho de otro modo, aunque con altibajos, el Sector de las Comunicaciones ha seguido invirtiendo millones de euros de forma habitual aun a pesar de ir perdiendo importancia en la econom\u00eda espa\u00f1ola; de hecho, la inversi\u00f3n en 2015 es la misma que en 2002, 2007 0 2011:<img decoding=\"async\" class=\"aligncenter wp-image-1594 size-full lazyload\" data-src=\"http:\/\/ugtcomunicaciones.es\/wordpress\/wp-content\/uploads\/2017\/06\/barras-07.png\" alt=\"\" width=\"642\" height=\"385\" data-srcset=\"https:\/\/www.ugtcomunicaciones.es\/wordpress\/wp-content\/uploads\/2017\/06\/barras-07.png 642w, https:\/\/www.ugtcomunicaciones.es\/wordpress\/wp-content\/uploads\/2017\/06\/barras-07-300x180.png 300w, https:\/\/www.ugtcomunicaciones.es\/wordpress\/wp-content\/uploads\/2017\/06\/barras-07-640x384.png 640w\" data-sizes=\"(max-width: 642px) 100vw, 642px\" src=\"data:image\/svg+xml;base64,PHN2ZyB3aWR0aD0iMSIgaGVpZ2h0PSIxIiB4bWxucz0iaHR0cDovL3d3dy53My5vcmcvMjAwMC9zdmciPjwvc3ZnPg==\" style=\"--smush-placeholder-width: 642px; --smush-placeholder-aspect-ratio: 642\/385;\" \/><\/p>\n<p style=\"text-align: justify;\">Estas cifras hablan por s\u00ed solas: o se pone remedio, o nuestro Sector pasar\u00e1 a representar una actividad econ\u00f3mica muy secundaria, casi residual, dentro del contexto econ\u00f3mico nacional.<\/p>\n<p style=\"text-align: justify;\">De nuevo, la din\u00e1mica de competencia sectorial basada en la competencia sobre precios, auspiciada por reguladores y legisladores, se revela como la causante de esta penosa situaci\u00f3n. Tal y como hemos denunciado en reiteradas ocasiones<a href=\"#_ftn2\" name=\"_ftnref2\">[2]<\/a>, una regulaci\u00f3n que \u00fanicamente persiga la retracci\u00f3n de los precios es un inmenso error que nuestra econom\u00eda acabar\u00e1 pagando antes o despu\u00e9s.<\/p>\n<p style=\"text-align: justify;\">Una Sociedad digitalizada, en donde todo y todos estaremos conectados, no podr\u00e1 desarrollarse plenamente si las infraestructuras claves en donde se soportan estas conexiones se encuentran en un estado de infravaloraci\u00f3n, o incluso, de pura recesi\u00f3n econ\u00f3mica y tecnol\u00f3gica.<\/p>\n<p style=\"text-align: justify;\">Reiteramos que es preciso reformular la situaci\u00f3n sectorial y evolucionarla hacia un Modelo Sectorial m\u00e1s justo y adecuado<a href=\"#_ftn3\" name=\"_ftnref3\">[3]<\/a>.<\/p>\n<p style=\"text-align: justify;\">Un Modelo Sectorial de car\u00e1cter europeo y basado en tres pilares fundamentales: el fomento y la consolidaci\u00f3n del empleo, junto con la mejora constante de las condiciones laborales en los puestos de trabajo; la instauraci\u00f3n de una competencia efectiva en infraestructuras que estimule la inversi\u00f3n en redes ultrarr\u00e1pidas y, por \u00faltimo, la expansi\u00f3n del Servicio Universal, el cierre de la Brecha Digital y la vigilancia y seguimiento de la Calidad del Servicio.<\/p>\n<p style=\"text-align: justify;\">S\u00f3lo as\u00ed nuestro Sector podr\u00e1 volver a ejercer su papel clave en el desarrollo de una Sociedad de la Informaci\u00f3n y el Conocimiento y retomar su papel estrat\u00e9gico dentro de la Econom\u00eda Digital.<\/p>\n<p style=\"text-align: justify;\"><a href=\"#_ftnref1\" name=\"_ftn1\">[1]<\/a> El objetivo m\u00e1s relevante de los\u00a0Sistemas de Cuentas Econ\u00f3micas, como la Contabilidad Nacional,\u00a0es ofrecer una representaci\u00f3n cuantificada de una realidad econ\u00f3mica, referida a \u00e1mbitos espaciales y temporales determinados, que sea lo m\u00e1s actual, sistem\u00e1tica, completa y fiable posible. Es calculada por el INE de forma trimestral y anual: <a href=\"http:\/\/www.ine.es\/jaxi\/menu.do?type=pcaxis&amp;path=\/t35\/p008\/&amp;file=inebase\" target=\"_blank\" rel=\"noopener noreferrer\">http:\/\/www.ine.es\/jaxi\/menu.do?type=pcaxis&amp;path=\/t35\/p008\/&amp;file=inebase<\/a><\/p>\n<p style=\"text-align: left;\"><a href=\"#_ftnref2\" name=\"_ftn2\">[2]<\/a> <a href=\"http:\/\/ugtcomunicaciones.es\/wordpress\/noticia\/ugt-comunicaciones-advierte-sobre-los-riesgos-que-para-el-empleo-tiene-un-sector-inmerso-en-una-perenne-guerra-de-precios-id-52765.htm\" target=\"_blank\" rel=\"noopener noreferrer\">http:\/\/ugtcomunicaciones.es\/wordpress\/noticia\/ugt-comunicaciones-advierte-sobre-los-riesgos-que-para-el-empleo-tiene-un-sector-inmerso-en-una-perenne-guerra-de-precios-id-52765.htm<\/a><\/p>\n<p style=\"text-align: left;\"><a href=\"#_ftnref3\" name=\"_ftn3\">[3]<\/a> <a href=\"http:\/\/ugt-comunicaciones-madrid.es\/wp-content\/uploads\/2016\/03\/UGT-PRESENTA-A-LA-COMISIoN-EUROPEA.pdf\" target=\"_blank\" rel=\"noopener noreferrer\">http:\/\/ugt-comunicaciones-madrid.es\/wp-content\/uploads\/2016\/03\/UGT-PRESENTA-A-LA-COMISIoN-EUROPEA.pdf<\/a><\/p>\n","protected":false},"excerpt":{"rendered":"<p>En sus informes anuales de principios de siglo, la otrora CMT, luego reconvertida en CNMC, presum\u00edan del peso de las telecomunicaciones en la econom\u00eda espa\u00f1ola. Por ejemplo, el Informe Anual de 2001 de la CMT abr\u00eda as\u00ed sus l\u00edneas: \u201cDurante 2001 los Servicios de Telecomunicaciones, Audiovisuales y Telem\u00e1ticos han seguido aumentando el volumen de facturaci\u00f3n [&hellip;]<\/p>\n","protected":false},"author":3,"featured_media":1595,"comment_status":"open","ping_status":"closed","sticky":false,"template":"","format":"standard","meta":{"footnotes":""},"categories":[14,12],"tags":[],"class_list":["post-1588","post","type-post","status-publish","format-standard","has-post-thumbnail","hentry","category-opinion","category-regulacion"],"yoast_head":"<!-- This site is optimized with the Yoast SEO Premium plugin v27.3 (Yoast SEO v27.4) - https:\/\/yoast.com\/product\/yoast-seo-premium-wordpress\/ -->\n<title>Las telecomunicaciones en la econom\u00eda y contabilidad nacional - UGT Comunicaciones<\/title>\n<meta name=\"robots\" content=\"index, follow, max-snippet:-1, max-image-preview:large, max-video-preview:-1\" \/>\n<link rel=\"canonical\" href=\"https:\/\/www.ugtcomunicaciones.es\/wordpress\/las-telecomunicaciones-la-economia-contabilidad-nacional\/\" \/>\n<meta property=\"og:locale\" content=\"es_ES\" \/>\n<meta property=\"og:type\" content=\"article\" \/>\n<meta property=\"og:title\" content=\"Las telecomunicaciones en la econom\u00eda y contabilidad nacional\" \/>\n<meta property=\"og:description\" content=\"En sus informes anuales de principios de siglo, la otrora CMT, luego reconvertida en CNMC, presum\u00edan del peso de las telecomunicaciones en la econom\u00eda espa\u00f1ola. Por ejemplo, el Informe Anual de 2001 de la CMT abr\u00eda as\u00ed sus l\u00edneas: \u201cDurante 2001 los Servicios de Telecomunicaciones, Audiovisuales y Telem\u00e1ticos han seguido aumentando el volumen de facturaci\u00f3n [&hellip;]\" \/>\n<meta property=\"og:url\" content=\"https:\/\/www.ugtcomunicaciones.es\/wordpress\/las-telecomunicaciones-la-economia-contabilidad-nacional\/\" \/>\n<meta property=\"og:site_name\" content=\"UGT Comunicaciones\" \/>\n<meta property=\"article:publisher\" content=\"https:\/\/www.facebook.com\/ugt.comunicaciones\/\" \/>\n<meta property=\"article:published_time\" content=\"2017-06-26T08:15:20+00:00\" \/>\n<meta property=\"article:modified_time\" content=\"2017-06-26T08:27:51+00:00\" \/>\n<meta property=\"og:image\" content=\"https:\/\/www.ugtcomunicaciones.es\/wordpress\/wp-content\/uploads\/2017\/06\/internet-y-economia.png\" \/>\n\t<meta property=\"og:image:width\" content=\"770\" \/>\n\t<meta property=\"og:image:height\" content=\"420\" \/>\n\t<meta property=\"og:image:type\" content=\"image\/png\" \/>\n<meta name=\"author\" content=\"UGT\" \/>\n<meta name=\"twitter:card\" content=\"summary_large_image\" \/>\n<meta name=\"twitter:creator\" content=\"@ugtcom\" \/>\n<meta name=\"twitter:site\" content=\"@ugtcom\" \/>\n<meta name=\"twitter:label1\" content=\"Escrito por\" \/>\n\t<meta name=\"twitter:data1\" content=\"UGT\" \/>\n\t<meta name=\"twitter:label2\" content=\"Tiempo de lectura\" \/>\n\t<meta name=\"twitter:data2\" content=\"4 minutos\" \/>\n<script type=\"application\/ld+json\" class=\"yoast-schema-graph\">{\"@context\":\"https:\\\/\\\/schema.org\",\"@graph\":[{\"@type\":\"Article\",\"@id\":\"https:\\\/\\\/www.ugtcomunicaciones.es\\\/wordpress\\\/las-telecomunicaciones-la-economia-contabilidad-nacional\\\/#article\",\"isPartOf\":{\"@id\":\"https:\\\/\\\/www.ugtcomunicaciones.es\\\/wordpress\\\/las-telecomunicaciones-la-economia-contabilidad-nacional\\\/\"},\"author\":{\"name\":\"UGT\",\"@id\":\"https:\\\/\\\/www.ugtcomunicaciones.es\\\/wordpress\\\/#\\\/schema\\\/person\\\/eba0fc3fe5b444531d94d4368cba89ed\"},\"headline\":\"Las telecomunicaciones en la econom\u00eda y contabilidad nacional\",\"datePublished\":\"2017-06-26T08:15:20+00:00\",\"dateModified\":\"2017-06-26T08:27:51+00:00\",\"mainEntityOfPage\":{\"@id\":\"https:\\\/\\\/www.ugtcomunicaciones.es\\\/wordpress\\\/las-telecomunicaciones-la-economia-contabilidad-nacional\\\/\"},\"wordCount\":867,\"commentCount\":0,\"publisher\":{\"@id\":\"https:\\\/\\\/www.ugtcomunicaciones.es\\\/wordpress\\\/#organization\"},\"image\":{\"@id\":\"https:\\\/\\\/www.ugtcomunicaciones.es\\\/wordpress\\\/las-telecomunicaciones-la-economia-contabilidad-nacional\\\/#primaryimage\"},\"thumbnailUrl\":\"https:\\\/\\\/www.ugtcomunicaciones.es\\\/wordpress\\\/wp-content\\\/uploads\\\/2017\\\/06\\\/internet-y-economia.png\",\"articleSection\":[\"Opini\u00f3n\",\"Regulaci\u00f3n\"],\"inLanguage\":\"es\",\"potentialAction\":[{\"@type\":\"CommentAction\",\"name\":\"Comment\",\"target\":[\"https:\\\/\\\/www.ugtcomunicaciones.es\\\/wordpress\\\/las-telecomunicaciones-la-economia-contabilidad-nacional\\\/#respond\"]}]},{\"@type\":\"WebPage\",\"@id\":\"https:\\\/\\\/www.ugtcomunicaciones.es\\\/wordpress\\\/las-telecomunicaciones-la-economia-contabilidad-nacional\\\/\",\"url\":\"https:\\\/\\\/www.ugtcomunicaciones.es\\\/wordpress\\\/las-telecomunicaciones-la-economia-contabilidad-nacional\\\/\",\"name\":\"Las telecomunicaciones en la econom\u00eda y contabilidad nacional - UGT Comunicaciones\",\"isPartOf\":{\"@id\":\"https:\\\/\\\/www.ugtcomunicaciones.es\\\/wordpress\\\/#website\"},\"primaryImageOfPage\":{\"@id\":\"https:\\\/\\\/www.ugtcomunicaciones.es\\\/wordpress\\\/las-telecomunicaciones-la-economia-contabilidad-nacional\\\/#primaryimage\"},\"image\":{\"@id\":\"https:\\\/\\\/www.ugtcomunicaciones.es\\\/wordpress\\\/las-telecomunicaciones-la-economia-contabilidad-nacional\\\/#primaryimage\"},\"thumbnailUrl\":\"https:\\\/\\\/www.ugtcomunicaciones.es\\\/wordpress\\\/wp-content\\\/uploads\\\/2017\\\/06\\\/internet-y-economia.png\",\"datePublished\":\"2017-06-26T08:15:20+00:00\",\"dateModified\":\"2017-06-26T08:27:51+00:00\",\"breadcrumb\":{\"@id\":\"https:\\\/\\\/www.ugtcomunicaciones.es\\\/wordpress\\\/las-telecomunicaciones-la-economia-contabilidad-nacional\\\/#breadcrumb\"},\"inLanguage\":\"es\",\"potentialAction\":[{\"@type\":\"ReadAction\",\"target\":[\"https:\\\/\\\/www.ugtcomunicaciones.es\\\/wordpress\\\/las-telecomunicaciones-la-economia-contabilidad-nacional\\\/\"]}]},{\"@type\":\"ImageObject\",\"inLanguage\":\"es\",\"@id\":\"https:\\\/\\\/www.ugtcomunicaciones.es\\\/wordpress\\\/las-telecomunicaciones-la-economia-contabilidad-nacional\\\/#primaryimage\",\"url\":\"https:\\\/\\\/www.ugtcomunicaciones.es\\\/wordpress\\\/wp-content\\\/uploads\\\/2017\\\/06\\\/internet-y-economia.png\",\"contentUrl\":\"https:\\\/\\\/www.ugtcomunicaciones.es\\\/wordpress\\\/wp-content\\\/uploads\\\/2017\\\/06\\\/internet-y-economia.png\",\"width\":770,\"height\":420},{\"@type\":\"BreadcrumbList\",\"@id\":\"https:\\\/\\\/www.ugtcomunicaciones.es\\\/wordpress\\\/las-telecomunicaciones-la-economia-contabilidad-nacional\\\/#breadcrumb\",\"itemListElement\":[{\"@type\":\"ListItem\",\"position\":1,\"name\":\"Portada\",\"item\":\"https:\\\/\\\/www.ugtcomunicaciones.es\\\/wordpress\\\/\"},{\"@type\":\"ListItem\",\"position\":2,\"name\":\"Las telecomunicaciones en la econom\u00eda y contabilidad nacional\"}]},{\"@type\":\"WebSite\",\"@id\":\"https:\\\/\\\/www.ugtcomunicaciones.es\\\/wordpress\\\/#website\",\"url\":\"https:\\\/\\\/www.ugtcomunicaciones.es\\\/wordpress\\\/\",\"name\":\"UGT Comunicaciones\",\"description\":\"Sindicato de Telecomunicaciones\",\"publisher\":{\"@id\":\"https:\\\/\\\/www.ugtcomunicaciones.es\\\/wordpress\\\/#organization\"},\"potentialAction\":[{\"@type\":\"SearchAction\",\"target\":{\"@type\":\"EntryPoint\",\"urlTemplate\":\"https:\\\/\\\/www.ugtcomunicaciones.es\\\/wordpress\\\/?s={search_term_string}\"},\"query-input\":{\"@type\":\"PropertyValueSpecification\",\"valueRequired\":true,\"valueName\":\"search_term_string\"}}],\"inLanguage\":\"es\"},{\"@type\":\"Organization\",\"@id\":\"https:\\\/\\\/www.ugtcomunicaciones.es\\\/wordpress\\\/#organization\",\"name\":\"UGT Comunicaciones\",\"url\":\"https:\\\/\\\/www.ugtcomunicaciones.es\\\/wordpress\\\/\",\"logo\":{\"@type\":\"ImageObject\",\"inLanguage\":\"es\",\"@id\":\"https:\\\/\\\/www.ugtcomunicaciones.es\\\/wordpress\\\/#\\\/schema\\\/logo\\\/image\\\/\",\"url\":\"https:\\\/\\\/www.ugtcomunicaciones.es\\\/wordpress\\\/wp-content\\\/uploads\\\/2024\\\/04\\\/comunicaciones_logo.png\",\"contentUrl\":\"https:\\\/\\\/www.ugtcomunicaciones.es\\\/wordpress\\\/wp-content\\\/uploads\\\/2024\\\/04\\\/comunicaciones_logo.png\",\"width\":298,\"height\":81,\"caption\":\"UGT Comunicaciones\"},\"image\":{\"@id\":\"https:\\\/\\\/www.ugtcomunicaciones.es\\\/wordpress\\\/#\\\/schema\\\/logo\\\/image\\\/\"},\"sameAs\":[\"https:\\\/\\\/www.facebook.com\\\/ugt.comunicaciones\\\/\",\"https:\\\/\\\/x.com\\\/ugtcom\"]},{\"@type\":\"Person\",\"@id\":\"https:\\\/\\\/www.ugtcomunicaciones.es\\\/wordpress\\\/#\\\/schema\\\/person\\\/eba0fc3fe5b444531d94d4368cba89ed\",\"name\":\"UGT\",\"image\":{\"@type\":\"ImageObject\",\"inLanguage\":\"es\",\"@id\":\"https:\\\/\\\/secure.gravatar.com\\\/avatar\\\/2a16057d620a4c646bcfc171c4f23030879ebbdd346f0525bd5d4a564e57e13d?s=96&d=mm&r=g\",\"url\":\"https:\\\/\\\/secure.gravatar.com\\\/avatar\\\/2a16057d620a4c646bcfc171c4f23030879ebbdd346f0525bd5d4a564e57e13d?s=96&d=mm&r=g\",\"contentUrl\":\"https:\\\/\\\/secure.gravatar.com\\\/avatar\\\/2a16057d620a4c646bcfc171c4f23030879ebbdd346f0525bd5d4a564e57e13d?s=96&d=mm&r=g\",\"caption\":\"UGT\"}}]}<\/script>\n<!-- \/ Yoast SEO Premium plugin. -->","yoast_head_json":{"title":"Las telecomunicaciones en la econom\u00eda y contabilidad nacional - UGT Comunicaciones","robots":{"index":"index","follow":"follow","max-snippet":"max-snippet:-1","max-image-preview":"max-image-preview:large","max-video-preview":"max-video-preview:-1"},"canonical":"https:\/\/www.ugtcomunicaciones.es\/wordpress\/las-telecomunicaciones-la-economia-contabilidad-nacional\/","og_locale":"es_ES","og_type":"article","og_title":"Las telecomunicaciones en la econom\u00eda y contabilidad nacional","og_description":"En sus informes anuales de principios de siglo, la otrora CMT, luego reconvertida en CNMC, presum\u00edan del peso de las telecomunicaciones en la econom\u00eda espa\u00f1ola. Por ejemplo, el Informe Anual de 2001 de la CMT abr\u00eda as\u00ed sus l\u00edneas: \u201cDurante 2001 los Servicios de Telecomunicaciones, Audiovisuales y Telem\u00e1ticos han seguido aumentando el volumen de facturaci\u00f3n [&hellip;]","og_url":"https:\/\/www.ugtcomunicaciones.es\/wordpress\/las-telecomunicaciones-la-economia-contabilidad-nacional\/","og_site_name":"UGT Comunicaciones","article_publisher":"https:\/\/www.facebook.com\/ugt.comunicaciones\/","article_published_time":"2017-06-26T08:15:20+00:00","article_modified_time":"2017-06-26T08:27:51+00:00","og_image":[{"width":770,"height":420,"url":"https:\/\/www.ugtcomunicaciones.es\/wordpress\/wp-content\/uploads\/2017\/06\/internet-y-economia.png","type":"image\/png"}],"author":"UGT","twitter_card":"summary_large_image","twitter_creator":"@ugtcom","twitter_site":"@ugtcom","twitter_misc":{"Escrito por":"UGT","Tiempo de lectura":"4 minutos"},"schema":{"@context":"https:\/\/schema.org","@graph":[{"@type":"Article","@id":"https:\/\/www.ugtcomunicaciones.es\/wordpress\/las-telecomunicaciones-la-economia-contabilidad-nacional\/#article","isPartOf":{"@id":"https:\/\/www.ugtcomunicaciones.es\/wordpress\/las-telecomunicaciones-la-economia-contabilidad-nacional\/"},"author":{"name":"UGT","@id":"https:\/\/www.ugtcomunicaciones.es\/wordpress\/#\/schema\/person\/eba0fc3fe5b444531d94d4368cba89ed"},"headline":"Las telecomunicaciones en la econom\u00eda y contabilidad nacional","datePublished":"2017-06-26T08:15:20+00:00","dateModified":"2017-06-26T08:27:51+00:00","mainEntityOfPage":{"@id":"https:\/\/www.ugtcomunicaciones.es\/wordpress\/las-telecomunicaciones-la-economia-contabilidad-nacional\/"},"wordCount":867,"commentCount":0,"publisher":{"@id":"https:\/\/www.ugtcomunicaciones.es\/wordpress\/#organization"},"image":{"@id":"https:\/\/www.ugtcomunicaciones.es\/wordpress\/las-telecomunicaciones-la-economia-contabilidad-nacional\/#primaryimage"},"thumbnailUrl":"https:\/\/www.ugtcomunicaciones.es\/wordpress\/wp-content\/uploads\/2017\/06\/internet-y-economia.png","articleSection":["Opini\u00f3n","Regulaci\u00f3n"],"inLanguage":"es","potentialAction":[{"@type":"CommentAction","name":"Comment","target":["https:\/\/www.ugtcomunicaciones.es\/wordpress\/las-telecomunicaciones-la-economia-contabilidad-nacional\/#respond"]}]},{"@type":"WebPage","@id":"https:\/\/www.ugtcomunicaciones.es\/wordpress\/las-telecomunicaciones-la-economia-contabilidad-nacional\/","url":"https:\/\/www.ugtcomunicaciones.es\/wordpress\/las-telecomunicaciones-la-economia-contabilidad-nacional\/","name":"Las telecomunicaciones en la econom\u00eda y contabilidad nacional - UGT Comunicaciones","isPartOf":{"@id":"https:\/\/www.ugtcomunicaciones.es\/wordpress\/#website"},"primaryImageOfPage":{"@id":"https:\/\/www.ugtcomunicaciones.es\/wordpress\/las-telecomunicaciones-la-economia-contabilidad-nacional\/#primaryimage"},"image":{"@id":"https:\/\/www.ugtcomunicaciones.es\/wordpress\/las-telecomunicaciones-la-economia-contabilidad-nacional\/#primaryimage"},"thumbnailUrl":"https:\/\/www.ugtcomunicaciones.es\/wordpress\/wp-content\/uploads\/2017\/06\/internet-y-economia.png","datePublished":"2017-06-26T08:15:20+00:00","dateModified":"2017-06-26T08:27:51+00:00","breadcrumb":{"@id":"https:\/\/www.ugtcomunicaciones.es\/wordpress\/las-telecomunicaciones-la-economia-contabilidad-nacional\/#breadcrumb"},"inLanguage":"es","potentialAction":[{"@type":"ReadAction","target":["https:\/\/www.ugtcomunicaciones.es\/wordpress\/las-telecomunicaciones-la-economia-contabilidad-nacional\/"]}]},{"@type":"ImageObject","inLanguage":"es","@id":"https:\/\/www.ugtcomunicaciones.es\/wordpress\/las-telecomunicaciones-la-economia-contabilidad-nacional\/#primaryimage","url":"https:\/\/www.ugtcomunicaciones.es\/wordpress\/wp-content\/uploads\/2017\/06\/internet-y-economia.png","contentUrl":"https:\/\/www.ugtcomunicaciones.es\/wordpress\/wp-content\/uploads\/2017\/06\/internet-y-economia.png","width":770,"height":420},{"@type":"BreadcrumbList","@id":"https:\/\/www.ugtcomunicaciones.es\/wordpress\/las-telecomunicaciones-la-economia-contabilidad-nacional\/#breadcrumb","itemListElement":[{"@type":"ListItem","position":1,"name":"Portada","item":"https:\/\/www.ugtcomunicaciones.es\/wordpress\/"},{"@type":"ListItem","position":2,"name":"Las telecomunicaciones en la econom\u00eda y contabilidad nacional"}]},{"@type":"WebSite","@id":"https:\/\/www.ugtcomunicaciones.es\/wordpress\/#website","url":"https:\/\/www.ugtcomunicaciones.es\/wordpress\/","name":"UGT Comunicaciones","description":"Sindicato de Telecomunicaciones","publisher":{"@id":"https:\/\/www.ugtcomunicaciones.es\/wordpress\/#organization"},"potentialAction":[{"@type":"SearchAction","target":{"@type":"EntryPoint","urlTemplate":"https:\/\/www.ugtcomunicaciones.es\/wordpress\/?s={search_term_string}"},"query-input":{"@type":"PropertyValueSpecification","valueRequired":true,"valueName":"search_term_string"}}],"inLanguage":"es"},{"@type":"Organization","@id":"https:\/\/www.ugtcomunicaciones.es\/wordpress\/#organization","name":"UGT Comunicaciones","url":"https:\/\/www.ugtcomunicaciones.es\/wordpress\/","logo":{"@type":"ImageObject","inLanguage":"es","@id":"https:\/\/www.ugtcomunicaciones.es\/wordpress\/#\/schema\/logo\/image\/","url":"https:\/\/www.ugtcomunicaciones.es\/wordpress\/wp-content\/uploads\/2024\/04\/comunicaciones_logo.png","contentUrl":"https:\/\/www.ugtcomunicaciones.es\/wordpress\/wp-content\/uploads\/2024\/04\/comunicaciones_logo.png","width":298,"height":81,"caption":"UGT Comunicaciones"},"image":{"@id":"https:\/\/www.ugtcomunicaciones.es\/wordpress\/#\/schema\/logo\/image\/"},"sameAs":["https:\/\/www.facebook.com\/ugt.comunicaciones\/","https:\/\/x.com\/ugtcom"]},{"@type":"Person","@id":"https:\/\/www.ugtcomunicaciones.es\/wordpress\/#\/schema\/person\/eba0fc3fe5b444531d94d4368cba89ed","name":"UGT","image":{"@type":"ImageObject","inLanguage":"es","@id":"https:\/\/secure.gravatar.com\/avatar\/2a16057d620a4c646bcfc171c4f23030879ebbdd346f0525bd5d4a564e57e13d?s=96&d=mm&r=g","url":"https:\/\/secure.gravatar.com\/avatar\/2a16057d620a4c646bcfc171c4f23030879ebbdd346f0525bd5d4a564e57e13d?s=96&d=mm&r=g","contentUrl":"https:\/\/secure.gravatar.com\/avatar\/2a16057d620a4c646bcfc171c4f23030879ebbdd346f0525bd5d4a564e57e13d?s=96&d=mm&r=g","caption":"UGT"}}]}},"_links":{"self":[{"href":"https:\/\/www.ugtcomunicaciones.es\/wordpress\/wp-json\/wp\/v2\/posts\/1588","targetHints":{"allow":["GET"]}}],"collection":[{"href":"https:\/\/www.ugtcomunicaciones.es\/wordpress\/wp-json\/wp\/v2\/posts"}],"about":[{"href":"https:\/\/www.ugtcomunicaciones.es\/wordpress\/wp-json\/wp\/v2\/types\/post"}],"author":[{"embeddable":true,"href":"https:\/\/www.ugtcomunicaciones.es\/wordpress\/wp-json\/wp\/v2\/users\/3"}],"replies":[{"embeddable":true,"href":"https:\/\/www.ugtcomunicaciones.es\/wordpress\/wp-json\/wp\/v2\/comments?post=1588"}],"version-history":[{"count":0,"href":"https:\/\/www.ugtcomunicaciones.es\/wordpress\/wp-json\/wp\/v2\/posts\/1588\/revisions"}],"wp:featuredmedia":[{"embeddable":true,"href":"https:\/\/www.ugtcomunicaciones.es\/wordpress\/wp-json\/wp\/v2\/media\/1595"}],"wp:attachment":[{"href":"https:\/\/www.ugtcomunicaciones.es\/wordpress\/wp-json\/wp\/v2\/media?parent=1588"}],"wp:term":[{"taxonomy":"category","embeddable":true,"href":"https:\/\/www.ugtcomunicaciones.es\/wordpress\/wp-json\/wp\/v2\/categories?post=1588"},{"taxonomy":"post_tag","embeddable":true,"href":"https:\/\/www.ugtcomunicaciones.es\/wordpress\/wp-json\/wp\/v2\/tags?post=1588"}],"curies":[{"name":"wp","href":"https:\/\/api.w.org\/{rel}","templated":true}]}}