{"id":1601,"date":"2017-06-26T10:00:09","date_gmt":"2017-06-26T09:00:09","guid":{"rendered":"http:\/\/www.ugtcom.h2301842.stratoserver.net\/wordpress\/wordpress\/?p=1601"},"modified":"2017-06-26T09:24:49","modified_gmt":"2017-06-26T08:24:49","slug":"nota-mensual-cnmc-telecos-marzo-2017","status":"publish","type":"post","link":"https:\/\/www.ugtcomunicaciones.es\/wordpress\/nota-mensual-cnmc-telecos-marzo-2017\/","title":{"rendered":"Nota mensual CNMC-Telecos marzo 2017"},"content":{"rendered":"<p style=\"text-align: justify;\">Marzo retoma la senda del crecimiento en l\u00edneas generales, mejorando en mucho a febrero. El mercado m\u00f3vil se reactiva, tanto en voz como en banda ancha, mientras que la banda ancha fija parece confirmar los s\u00edntomas de agotamiento de meses precedentes.<\/p>\n<p style=\"text-align: justify;\"><img decoding=\"async\" class=\"aligncenter wp-image-1602 size-full lazyload\" data-src=\"http:\/\/ugtcomunicaciones.es\/wordpress\/wp-content\/uploads\/2017\/06\/lineas-junio-2017.png\" alt=\"\" width=\"771\" height=\"240\" data-srcset=\"https:\/\/www.ugtcomunicaciones.es\/wordpress\/wp-content\/uploads\/2017\/06\/lineas-junio-2017.png 771w, https:\/\/www.ugtcomunicaciones.es\/wordpress\/wp-content\/uploads\/2017\/06\/lineas-junio-2017-300x93.png 300w, https:\/\/www.ugtcomunicaciones.es\/wordpress\/wp-content\/uploads\/2017\/06\/lineas-junio-2017-768x239.png 768w, https:\/\/www.ugtcomunicaciones.es\/wordpress\/wp-content\/uploads\/2017\/06\/lineas-junio-2017-640x199.png 640w, https:\/\/www.ugtcomunicaciones.es\/wordpress\/wp-content\/uploads\/2017\/06\/lineas-junio-2017-681x212.png 681w\" data-sizes=\"(max-width: 771px) 100vw, 771px\" src=\"data:image\/svg+xml;base64,PHN2ZyB3aWR0aD0iMSIgaGVpZ2h0PSIxIiB4bWxucz0iaHR0cDovL3d3dy53My5vcmcvMjAwMC9zdmciPjwvc3ZnPg==\" style=\"--smush-placeholder-width: 771px; --smush-placeholder-aspect-ratio: 771\/240;\" \/><\/p>\n<p style=\"text-align: justify;\"><strong>Banda Ancha fija:<\/strong><\/p>\n<ul>\n<li style=\"padding-left: 60px;\">Quiz\u00e1s el \u00edtem m\u00e1s destacado sea la par\u00e1lisis del cable HFC, que ha pasado de +5.500 altas netas en enero a menos de 700 en marzo. Lo que contin\u00faa invariable es el trasvase entre FTTH y ADSL: 137.000 vs. -97.000. Esta sustituci\u00f3n hace que el ADSL baje de los 6 millones de accesos por primera vez desde septiembre de 2007.<\/li>\n<li style=\"padding-left: 60px;\">La fibra \u00f3ptica ya supera los 5,3 millones de accesos totales. Telef\u00f3nica sigue perdiendo cuota en esta tecnolog\u00eda, hasta el 58,9%. El cable HFC persiste en los 2,56 millones de accesos. La penetraci\u00f3n de la banda ancha sigue in crescendo hasta rozar las 30 l\u00edneas por 100 habitantes.<\/li>\n<li style=\"padding-left: 60px;\">Desde el punto de vista de los competidores, Telef\u00f3nica es la gran perdedora, con 25.200 accesos menos. En el otro lado, M\u00e1sM\u00f3vil, que acumula 28.500 altas. No le desmerecen ni Vodafone ni Orange, con 20.000 y 19.000 altas cada una.<img decoding=\"async\" class=\"aligncenter wp-image-1603 size-full lazyload\" data-src=\"http:\/\/ugtcomunicaciones.es\/wordpress\/wp-content\/uploads\/2017\/06\/ganacia-lineas-b.ancha-junio-2017.png\" alt=\"\" width=\"642\" height=\"345\" data-srcset=\"https:\/\/www.ugtcomunicaciones.es\/wordpress\/wp-content\/uploads\/2017\/06\/ganacia-lineas-b.ancha-junio-2017.png 642w, https:\/\/www.ugtcomunicaciones.es\/wordpress\/wp-content\/uploads\/2017\/06\/ganacia-lineas-b.ancha-junio-2017-300x160.png 300w, https:\/\/www.ugtcomunicaciones.es\/wordpress\/wp-content\/uploads\/2017\/06\/ganacia-lineas-b.ancha-junio-2017-640x345.png 640w\" data-sizes=\"(max-width: 642px) 100vw, 642px\" src=\"data:image\/svg+xml;base64,PHN2ZyB3aWR0aD0iMSIgaGVpZ2h0PSIxIiB4bWxucz0iaHR0cDovL3d3dy53My5vcmcvMjAwMC9zdmciPjwvc3ZnPg==\" style=\"--smush-placeholder-width: 642px; --smush-placeholder-aspect-ratio: 642\/345;\" \/><img decoding=\"async\" class=\"aligncenter wp-image-1604 size-full lazyload\" data-src=\"http:\/\/ugtcomunicaciones.es\/wordpress\/wp-content\/uploads\/2017\/06\/cuota-mercado-junio-2017.png\" alt=\"\" width=\"642\" height=\"299\" data-srcset=\"https:\/\/www.ugtcomunicaciones.es\/wordpress\/wp-content\/uploads\/2017\/06\/cuota-mercado-junio-2017.png 642w, https:\/\/www.ugtcomunicaciones.es\/wordpress\/wp-content\/uploads\/2017\/06\/cuota-mercado-junio-2017-300x140.png 300w, https:\/\/www.ugtcomunicaciones.es\/wordpress\/wp-content\/uploads\/2017\/06\/cuota-mercado-junio-2017-640x299.png 640w\" data-sizes=\"(max-width: 642px) 100vw, 642px\" src=\"data:image\/svg+xml;base64,PHN2ZyB3aWR0aD0iMSIgaGVpZ2h0PSIxIiB4bWxucz0iaHR0cDovL3d3dy53My5vcmcvMjAwMC9zdmciPjwvc3ZnPg==\" style=\"--smush-placeholder-width: 642px; --smush-placeholder-aspect-ratio: 642\/299;\" \/><\/li>\n<\/ul>\n<p style=\"text-align: justify;\"><strong>\u00a0Telefon\u00eda M\u00f3vil:<\/strong><\/p>\n<ul>\n<li style=\"padding-left: 60px;\">Comparado con febrero, se trata de un buen mes, pero con crecimientos muy mediocres (836 nuevas altas). De hecho, el crecimiento interanual es de poco m\u00e1s de un 1%, con una penetraci\u00f3n estancada en las 110,1 l\u00edneas por cada 100 habitantes.<\/li>\n<li style=\"padding-left: 60px;\">Despu\u00e9s de meses muy titubeantes, las OMV recuperan el resuello, con 75.600 altas. Las p\u00e9rdidas vienen desde Vodafone, con casi 81.000 bajas netas. M\u00e1sM\u00f3vil, despu\u00e9s de meses de pujanza, se queda en unas discretas 1.450 altas. Movistar confirma su buena racha con 34.400 altas y Orange pincha levemente, con -11.000 l\u00edneas nuevas en su parque.<\/li>\n<li style=\"padding-left: 60px;\">Movistar recupera el 30% de cuota de mercado (30,03%) gracias a los buenos resultados de estos meses. Algo similar les pasa a las OMV, que recuperan el 8% (8,12), pero siguen detr\u00e1s de M\u00e1sM\u00f3vil (8,72%). Orange sigue manteniendo su distancia de seguridad con Vodafone: 1,99 p.p.<img decoding=\"async\" class=\"aligncenter wp-image-1605 size-full lazyload\" data-src=\"http:\/\/ugtcomunicaciones.es\/wordpress\/wp-content\/uploads\/2017\/06\/ganancia-lineas-movil-junio-2017.png\" alt=\"\" width=\"516\" height=\"209\" data-srcset=\"https:\/\/www.ugtcomunicaciones.es\/wordpress\/wp-content\/uploads\/2017\/06\/ganancia-lineas-movil-junio-2017.png 516w, https:\/\/www.ugtcomunicaciones.es\/wordpress\/wp-content\/uploads\/2017\/06\/ganancia-lineas-movil-junio-2017-300x122.png 300w\" data-sizes=\"(max-width: 516px) 100vw, 516px\" src=\"data:image\/svg+xml;base64,PHN2ZyB3aWR0aD0iMSIgaGVpZ2h0PSIxIiB4bWxucz0iaHR0cDovL3d3dy53My5vcmcvMjAwMC9zdmciPjwvc3ZnPg==\" style=\"--smush-placeholder-width: 516px; --smush-placeholder-aspect-ratio: 516\/209;\" \/><img decoding=\"async\" class=\"aligncenter wp-image-1606 size-full lazyload\" data-src=\"http:\/\/ugtcomunicaciones.es\/wordpress\/wp-content\/uploads\/2017\/06\/cuota-lineas-movil-junio-2017.png\" alt=\"\" width=\"459\" height=\"232\" data-srcset=\"https:\/\/www.ugtcomunicaciones.es\/wordpress\/wp-content\/uploads\/2017\/06\/cuota-lineas-movil-junio-2017.png 459w, https:\/\/www.ugtcomunicaciones.es\/wordpress\/wp-content\/uploads\/2017\/06\/cuota-lineas-movil-junio-2017-300x152.png 300w\" data-sizes=\"(max-width: 459px) 100vw, 459px\" src=\"data:image\/svg+xml;base64,PHN2ZyB3aWR0aD0iMSIgaGVpZ2h0PSIxIiB4bWxucz0iaHR0cDovL3d3dy53My5vcmcvMjAwMC9zdmciPjwvc3ZnPg==\" style=\"--smush-placeholder-width: 459px; --smush-placeholder-aspect-ratio: 459\/232;\" \/><\/li>\n<\/ul>\n<p style=\"text-align: justify;\">En cuanto a la banda ancha m\u00f3vil, Movistar sufre una sangr\u00eda de -108.000 clientes. Le siguen en p\u00e9rdidas las OMV y Vodafone (-62.000 y -53.000). Las dos vencedoras son Orange y M\u00e1sM\u00f3vil con 41.000 y 34.000 altas, respectivamente.<img decoding=\"async\" class=\"aligncenter wp-image-1607 size-full lazyload\" data-src=\"http:\/\/ugtcomunicaciones.es\/wordpress\/wp-content\/uploads\/2017\/06\/saldo-cuota-junio-2017.png\" alt=\"\" width=\"448\" height=\"152\" data-srcset=\"https:\/\/www.ugtcomunicaciones.es\/wordpress\/wp-content\/uploads\/2017\/06\/saldo-cuota-junio-2017.png 448w, https:\/\/www.ugtcomunicaciones.es\/wordpress\/wp-content\/uploads\/2017\/06\/saldo-cuota-junio-2017-300x102.png 300w\" data-sizes=\"(max-width: 448px) 100vw, 448px\" src=\"data:image\/svg+xml;base64,PHN2ZyB3aWR0aD0iMSIgaGVpZ2h0PSIxIiB4bWxucz0iaHR0cDovL3d3dy53My5vcmcvMjAwMC9zdmciPjwvc3ZnPg==\" style=\"--smush-placeholder-width: 448px; --smush-placeholder-aspect-ratio: 448\/152;\" \/><\/p>\n<p style=\"text-align: justify;\">Las l\u00edneas exclusivas de datos fueron 1.711.655 y la penetraci\u00f3n, considerando tambi\u00e9n las l\u00edneas de voz con banda ancha m\u00f3vil, fue de 89,8 l\u00edneas por cada 100 habitantes, lo que representa 5 puntos m\u00e1s que hace un a\u00f1o. Por otro lado, las l\u00edneas M2M se situaron en 4,43 millones, un 17,5% m\u00e1s que hace un a\u00f1o.<\/p>\n<p style=\"text-align: justify;\"><strong>Telefon\u00eda Fija:<\/strong><\/p>\n<p style=\"text-align: justify;\">Vuelve al crecimiento, que lleva cinco meses ininterrumpido hasta febrero. El total de l\u00edneas fijas aument\u00f3 en 18.486 en el mes de marzo y alcanz\u00f3 los 19,16 millones, lo que representa una penetraci\u00f3n de 41,3 l\u00edneas por cada 100 habitantes.<\/p>\n<p style=\"text-align: justify;\"><strong>\u00a0<img decoding=\"async\" class=\"aligncenter wp-image-1608 size-full lazyload\" data-src=\"http:\/\/ugtcomunicaciones.es\/wordpress\/wp-content\/uploads\/2017\/06\/numero-lineas-fijas-junio-2017.png\" alt=\"\" width=\"651\" height=\"199\" data-srcset=\"https:\/\/www.ugtcomunicaciones.es\/wordpress\/wp-content\/uploads\/2017\/06\/numero-lineas-fijas-junio-2017.png 651w, https:\/\/www.ugtcomunicaciones.es\/wordpress\/wp-content\/uploads\/2017\/06\/numero-lineas-fijas-junio-2017-300x92.png 300w, https:\/\/www.ugtcomunicaciones.es\/wordpress\/wp-content\/uploads\/2017\/06\/numero-lineas-fijas-junio-2017-640x196.png 640w\" data-sizes=\"(max-width: 651px) 100vw, 651px\" src=\"data:image\/svg+xml;base64,PHN2ZyB3aWR0aD0iMSIgaGVpZ2h0PSIxIiB4bWxucz0iaHR0cDovL3d3dy53My5vcmcvMjAwMC9zdmciPjwvc3ZnPg==\" style=\"--smush-placeholder-width: 651px; --smush-placeholder-aspect-ratio: 651\/199;\" \/><\/strong><\/p>\n","protected":false},"excerpt":{"rendered":"<p>Marzo retoma la senda del crecimiento en l\u00edneas generales, mejorando en mucho a febrero. El mercado m\u00f3vil se reactiva, tanto en voz como en banda ancha, mientras que la banda ancha fija parece confirmar los s\u00edntomas de agotamiento de meses precedentes. Banda Ancha fija: Quiz\u00e1s el \u00edtem m\u00e1s destacado sea la par\u00e1lisis del cable HFC, [&hellip;]<\/p>\n","protected":false},"author":3,"featured_media":645,"comment_status":"open","ping_status":"closed","sticky":false,"template":"","format":"standard","meta":{"footnotes":""},"categories":[13,12],"tags":[],"class_list":["post-1601","post","type-post","status-publish","format-standard","has-post-thumbnail","hentry","category-mercado-comunicaciones","category-regulacion"],"yoast_head":"<!-- This site is optimized with the Yoast SEO Premium plugin v27.3 (Yoast SEO v27.4) - https:\/\/yoast.com\/product\/yoast-seo-premium-wordpress\/ -->\n<title>Nota mensual CNMC-Telecos marzo 2017 - UGT Comunicaciones<\/title>\n<meta name=\"robots\" content=\"index, follow, max-snippet:-1, max-image-preview:large, max-video-preview:-1\" \/>\n<link rel=\"canonical\" href=\"https:\/\/www.ugtcomunicaciones.es\/wordpress\/nota-mensual-cnmc-telecos-marzo-2017\/\" \/>\n<meta property=\"og:locale\" content=\"es_ES\" \/>\n<meta property=\"og:type\" content=\"article\" \/>\n<meta property=\"og:title\" content=\"Nota mensual CNMC-Telecos marzo 2017\" \/>\n<meta property=\"og:description\" content=\"Marzo retoma la senda del crecimiento en l\u00edneas generales, mejorando en mucho a febrero. El mercado m\u00f3vil se reactiva, tanto en voz como en banda ancha, mientras que la banda ancha fija parece confirmar los s\u00edntomas de agotamiento de meses precedentes. Banda Ancha fija: Quiz\u00e1s el \u00edtem m\u00e1s destacado sea la par\u00e1lisis del cable HFC, [&hellip;]\" \/>\n<meta property=\"og:url\" content=\"https:\/\/www.ugtcomunicaciones.es\/wordpress\/nota-mensual-cnmc-telecos-marzo-2017\/\" \/>\n<meta property=\"og:site_name\" content=\"UGT Comunicaciones\" \/>\n<meta property=\"article:publisher\" content=\"https:\/\/www.facebook.com\/ugt.comunicaciones\/\" \/>\n<meta property=\"article:published_time\" content=\"2017-06-26T09:00:09+00:00\" \/>\n<meta property=\"og:image\" content=\"https:\/\/www.ugtcomunicaciones.es\/wordpress\/wp-content\/uploads\/2017\/01\/CNMC_1.png\" \/>\n\t<meta property=\"og:image:width\" content=\"664\" \/>\n\t<meta property=\"og:image:height\" content=\"443\" \/>\n\t<meta property=\"og:image:type\" content=\"image\/png\" \/>\n<meta name=\"author\" content=\"UGT\" \/>\n<meta name=\"twitter:card\" content=\"summary_large_image\" \/>\n<meta name=\"twitter:creator\" content=\"@ugtcom\" \/>\n<meta name=\"twitter:site\" content=\"@ugtcom\" \/>\n<meta name=\"twitter:label1\" content=\"Escrito por\" \/>\n\t<meta name=\"twitter:data1\" content=\"UGT\" \/>\n\t<meta name=\"twitter:label2\" content=\"Tiempo de lectura\" \/>\n\t<meta name=\"twitter:data2\" content=\"2 minutos\" \/>\n<script type=\"application\/ld+json\" class=\"yoast-schema-graph\">{\"@context\":\"https:\\\/\\\/schema.org\",\"@graph\":[{\"@type\":\"Article\",\"@id\":\"https:\\\/\\\/www.ugtcomunicaciones.es\\\/wordpress\\\/nota-mensual-cnmc-telecos-marzo-2017\\\/#article\",\"isPartOf\":{\"@id\":\"https:\\\/\\\/www.ugtcomunicaciones.es\\\/wordpress\\\/nota-mensual-cnmc-telecos-marzo-2017\\\/\"},\"author\":{\"name\":\"UGT\",\"@id\":\"https:\\\/\\\/www.ugtcomunicaciones.es\\\/wordpress\\\/#\\\/schema\\\/person\\\/eba0fc3fe5b444531d94d4368cba89ed\"},\"headline\":\"Nota mensual CNMC-Telecos marzo 2017\",\"datePublished\":\"2017-06-26T09:00:09+00:00\",\"mainEntityOfPage\":{\"@id\":\"https:\\\/\\\/www.ugtcomunicaciones.es\\\/wordpress\\\/nota-mensual-cnmc-telecos-marzo-2017\\\/\"},\"wordCount\":487,\"commentCount\":0,\"publisher\":{\"@id\":\"https:\\\/\\\/www.ugtcomunicaciones.es\\\/wordpress\\\/#organization\"},\"image\":{\"@id\":\"https:\\\/\\\/www.ugtcomunicaciones.es\\\/wordpress\\\/nota-mensual-cnmc-telecos-marzo-2017\\\/#primaryimage\"},\"thumbnailUrl\":\"https:\\\/\\\/www.ugtcomunicaciones.es\\\/wordpress\\\/wp-content\\\/uploads\\\/2017\\\/01\\\/CNMC_1.png\",\"articleSection\":[\"Mercado Comunicaciones\",\"Regulaci\u00f3n\"],\"inLanguage\":\"es\",\"potentialAction\":[{\"@type\":\"CommentAction\",\"name\":\"Comment\",\"target\":[\"https:\\\/\\\/www.ugtcomunicaciones.es\\\/wordpress\\\/nota-mensual-cnmc-telecos-marzo-2017\\\/#respond\"]}]},{\"@type\":\"WebPage\",\"@id\":\"https:\\\/\\\/www.ugtcomunicaciones.es\\\/wordpress\\\/nota-mensual-cnmc-telecos-marzo-2017\\\/\",\"url\":\"https:\\\/\\\/www.ugtcomunicaciones.es\\\/wordpress\\\/nota-mensual-cnmc-telecos-marzo-2017\\\/\",\"name\":\"Nota mensual CNMC-Telecos marzo 2017 - UGT Comunicaciones\",\"isPartOf\":{\"@id\":\"https:\\\/\\\/www.ugtcomunicaciones.es\\\/wordpress\\\/#website\"},\"primaryImageOfPage\":{\"@id\":\"https:\\\/\\\/www.ugtcomunicaciones.es\\\/wordpress\\\/nota-mensual-cnmc-telecos-marzo-2017\\\/#primaryimage\"},\"image\":{\"@id\":\"https:\\\/\\\/www.ugtcomunicaciones.es\\\/wordpress\\\/nota-mensual-cnmc-telecos-marzo-2017\\\/#primaryimage\"},\"thumbnailUrl\":\"https:\\\/\\\/www.ugtcomunicaciones.es\\\/wordpress\\\/wp-content\\\/uploads\\\/2017\\\/01\\\/CNMC_1.png\",\"datePublished\":\"2017-06-26T09:00:09+00:00\",\"breadcrumb\":{\"@id\":\"https:\\\/\\\/www.ugtcomunicaciones.es\\\/wordpress\\\/nota-mensual-cnmc-telecos-marzo-2017\\\/#breadcrumb\"},\"inLanguage\":\"es\",\"potentialAction\":[{\"@type\":\"ReadAction\",\"target\":[\"https:\\\/\\\/www.ugtcomunicaciones.es\\\/wordpress\\\/nota-mensual-cnmc-telecos-marzo-2017\\\/\"]}]},{\"@type\":\"ImageObject\",\"inLanguage\":\"es\",\"@id\":\"https:\\\/\\\/www.ugtcomunicaciones.es\\\/wordpress\\\/nota-mensual-cnmc-telecos-marzo-2017\\\/#primaryimage\",\"url\":\"https:\\\/\\\/www.ugtcomunicaciones.es\\\/wordpress\\\/wp-content\\\/uploads\\\/2017\\\/01\\\/CNMC_1.png\",\"contentUrl\":\"https:\\\/\\\/www.ugtcomunicaciones.es\\\/wordpress\\\/wp-content\\\/uploads\\\/2017\\\/01\\\/CNMC_1.png\",\"width\":664,\"height\":443,\"caption\":\"CNMC\"},{\"@type\":\"BreadcrumbList\",\"@id\":\"https:\\\/\\\/www.ugtcomunicaciones.es\\\/wordpress\\\/nota-mensual-cnmc-telecos-marzo-2017\\\/#breadcrumb\",\"itemListElement\":[{\"@type\":\"ListItem\",\"position\":1,\"name\":\"Portada\",\"item\":\"https:\\\/\\\/www.ugtcomunicaciones.es\\\/wordpress\\\/\"},{\"@type\":\"ListItem\",\"position\":2,\"name\":\"Nota mensual CNMC-Telecos marzo 2017\"}]},{\"@type\":\"WebSite\",\"@id\":\"https:\\\/\\\/www.ugtcomunicaciones.es\\\/wordpress\\\/#website\",\"url\":\"https:\\\/\\\/www.ugtcomunicaciones.es\\\/wordpress\\\/\",\"name\":\"UGT Comunicaciones\",\"description\":\"Sindicato de Telecomunicaciones\",\"publisher\":{\"@id\":\"https:\\\/\\\/www.ugtcomunicaciones.es\\\/wordpress\\\/#organization\"},\"potentialAction\":[{\"@type\":\"SearchAction\",\"target\":{\"@type\":\"EntryPoint\",\"urlTemplate\":\"https:\\\/\\\/www.ugtcomunicaciones.es\\\/wordpress\\\/?s={search_term_string}\"},\"query-input\":{\"@type\":\"PropertyValueSpecification\",\"valueRequired\":true,\"valueName\":\"search_term_string\"}}],\"inLanguage\":\"es\"},{\"@type\":\"Organization\",\"@id\":\"https:\\\/\\\/www.ugtcomunicaciones.es\\\/wordpress\\\/#organization\",\"name\":\"UGT Comunicaciones\",\"url\":\"https:\\\/\\\/www.ugtcomunicaciones.es\\\/wordpress\\\/\",\"logo\":{\"@type\":\"ImageObject\",\"inLanguage\":\"es\",\"@id\":\"https:\\\/\\\/www.ugtcomunicaciones.es\\\/wordpress\\\/#\\\/schema\\\/logo\\\/image\\\/\",\"url\":\"https:\\\/\\\/www.ugtcomunicaciones.es\\\/wordpress\\\/wp-content\\\/uploads\\\/2024\\\/04\\\/comunicaciones_logo.png\",\"contentUrl\":\"https:\\\/\\\/www.ugtcomunicaciones.es\\\/wordpress\\\/wp-content\\\/uploads\\\/2024\\\/04\\\/comunicaciones_logo.png\",\"width\":298,\"height\":81,\"caption\":\"UGT Comunicaciones\"},\"image\":{\"@id\":\"https:\\\/\\\/www.ugtcomunicaciones.es\\\/wordpress\\\/#\\\/schema\\\/logo\\\/image\\\/\"},\"sameAs\":[\"https:\\\/\\\/www.facebook.com\\\/ugt.comunicaciones\\\/\",\"https:\\\/\\\/x.com\\\/ugtcom\"]},{\"@type\":\"Person\",\"@id\":\"https:\\\/\\\/www.ugtcomunicaciones.es\\\/wordpress\\\/#\\\/schema\\\/person\\\/eba0fc3fe5b444531d94d4368cba89ed\",\"name\":\"UGT\",\"image\":{\"@type\":\"ImageObject\",\"inLanguage\":\"es\",\"@id\":\"https:\\\/\\\/secure.gravatar.com\\\/avatar\\\/2a16057d620a4c646bcfc171c4f23030879ebbdd346f0525bd5d4a564e57e13d?s=96&d=mm&r=g\",\"url\":\"https:\\\/\\\/secure.gravatar.com\\\/avatar\\\/2a16057d620a4c646bcfc171c4f23030879ebbdd346f0525bd5d4a564e57e13d?s=96&d=mm&r=g\",\"contentUrl\":\"https:\\\/\\\/secure.gravatar.com\\\/avatar\\\/2a16057d620a4c646bcfc171c4f23030879ebbdd346f0525bd5d4a564e57e13d?s=96&d=mm&r=g\",\"caption\":\"UGT\"}}]}<\/script>\n<!-- \/ Yoast SEO Premium plugin. -->","yoast_head_json":{"title":"Nota mensual CNMC-Telecos marzo 2017 - UGT Comunicaciones","robots":{"index":"index","follow":"follow","max-snippet":"max-snippet:-1","max-image-preview":"max-image-preview:large","max-video-preview":"max-video-preview:-1"},"canonical":"https:\/\/www.ugtcomunicaciones.es\/wordpress\/nota-mensual-cnmc-telecos-marzo-2017\/","og_locale":"es_ES","og_type":"article","og_title":"Nota mensual CNMC-Telecos marzo 2017","og_description":"Marzo retoma la senda del crecimiento en l\u00edneas generales, mejorando en mucho a febrero. El mercado m\u00f3vil se reactiva, tanto en voz como en banda ancha, mientras que la banda ancha fija parece confirmar los s\u00edntomas de agotamiento de meses precedentes. Banda Ancha fija: Quiz\u00e1s el \u00edtem m\u00e1s destacado sea la par\u00e1lisis del cable HFC, [&hellip;]","og_url":"https:\/\/www.ugtcomunicaciones.es\/wordpress\/nota-mensual-cnmc-telecos-marzo-2017\/","og_site_name":"UGT Comunicaciones","article_publisher":"https:\/\/www.facebook.com\/ugt.comunicaciones\/","article_published_time":"2017-06-26T09:00:09+00:00","og_image":[{"width":664,"height":443,"url":"https:\/\/www.ugtcomunicaciones.es\/wordpress\/wp-content\/uploads\/2017\/01\/CNMC_1.png","type":"image\/png"}],"author":"UGT","twitter_card":"summary_large_image","twitter_creator":"@ugtcom","twitter_site":"@ugtcom","twitter_misc":{"Escrito por":"UGT","Tiempo de lectura":"2 minutos"},"schema":{"@context":"https:\/\/schema.org","@graph":[{"@type":"Article","@id":"https:\/\/www.ugtcomunicaciones.es\/wordpress\/nota-mensual-cnmc-telecos-marzo-2017\/#article","isPartOf":{"@id":"https:\/\/www.ugtcomunicaciones.es\/wordpress\/nota-mensual-cnmc-telecos-marzo-2017\/"},"author":{"name":"UGT","@id":"https:\/\/www.ugtcomunicaciones.es\/wordpress\/#\/schema\/person\/eba0fc3fe5b444531d94d4368cba89ed"},"headline":"Nota mensual CNMC-Telecos marzo 2017","datePublished":"2017-06-26T09:00:09+00:00","mainEntityOfPage":{"@id":"https:\/\/www.ugtcomunicaciones.es\/wordpress\/nota-mensual-cnmc-telecos-marzo-2017\/"},"wordCount":487,"commentCount":0,"publisher":{"@id":"https:\/\/www.ugtcomunicaciones.es\/wordpress\/#organization"},"image":{"@id":"https:\/\/www.ugtcomunicaciones.es\/wordpress\/nota-mensual-cnmc-telecos-marzo-2017\/#primaryimage"},"thumbnailUrl":"https:\/\/www.ugtcomunicaciones.es\/wordpress\/wp-content\/uploads\/2017\/01\/CNMC_1.png","articleSection":["Mercado Comunicaciones","Regulaci\u00f3n"],"inLanguage":"es","potentialAction":[{"@type":"CommentAction","name":"Comment","target":["https:\/\/www.ugtcomunicaciones.es\/wordpress\/nota-mensual-cnmc-telecos-marzo-2017\/#respond"]}]},{"@type":"WebPage","@id":"https:\/\/www.ugtcomunicaciones.es\/wordpress\/nota-mensual-cnmc-telecos-marzo-2017\/","url":"https:\/\/www.ugtcomunicaciones.es\/wordpress\/nota-mensual-cnmc-telecos-marzo-2017\/","name":"Nota mensual CNMC-Telecos marzo 2017 - UGT Comunicaciones","isPartOf":{"@id":"https:\/\/www.ugtcomunicaciones.es\/wordpress\/#website"},"primaryImageOfPage":{"@id":"https:\/\/www.ugtcomunicaciones.es\/wordpress\/nota-mensual-cnmc-telecos-marzo-2017\/#primaryimage"},"image":{"@id":"https:\/\/www.ugtcomunicaciones.es\/wordpress\/nota-mensual-cnmc-telecos-marzo-2017\/#primaryimage"},"thumbnailUrl":"https:\/\/www.ugtcomunicaciones.es\/wordpress\/wp-content\/uploads\/2017\/01\/CNMC_1.png","datePublished":"2017-06-26T09:00:09+00:00","breadcrumb":{"@id":"https:\/\/www.ugtcomunicaciones.es\/wordpress\/nota-mensual-cnmc-telecos-marzo-2017\/#breadcrumb"},"inLanguage":"es","potentialAction":[{"@type":"ReadAction","target":["https:\/\/www.ugtcomunicaciones.es\/wordpress\/nota-mensual-cnmc-telecos-marzo-2017\/"]}]},{"@type":"ImageObject","inLanguage":"es","@id":"https:\/\/www.ugtcomunicaciones.es\/wordpress\/nota-mensual-cnmc-telecos-marzo-2017\/#primaryimage","url":"https:\/\/www.ugtcomunicaciones.es\/wordpress\/wp-content\/uploads\/2017\/01\/CNMC_1.png","contentUrl":"https:\/\/www.ugtcomunicaciones.es\/wordpress\/wp-content\/uploads\/2017\/01\/CNMC_1.png","width":664,"height":443,"caption":"CNMC"},{"@type":"BreadcrumbList","@id":"https:\/\/www.ugtcomunicaciones.es\/wordpress\/nota-mensual-cnmc-telecos-marzo-2017\/#breadcrumb","itemListElement":[{"@type":"ListItem","position":1,"name":"Portada","item":"https:\/\/www.ugtcomunicaciones.es\/wordpress\/"},{"@type":"ListItem","position":2,"name":"Nota mensual CNMC-Telecos marzo 2017"}]},{"@type":"WebSite","@id":"https:\/\/www.ugtcomunicaciones.es\/wordpress\/#website","url":"https:\/\/www.ugtcomunicaciones.es\/wordpress\/","name":"UGT Comunicaciones","description":"Sindicato de Telecomunicaciones","publisher":{"@id":"https:\/\/www.ugtcomunicaciones.es\/wordpress\/#organization"},"potentialAction":[{"@type":"SearchAction","target":{"@type":"EntryPoint","urlTemplate":"https:\/\/www.ugtcomunicaciones.es\/wordpress\/?s={search_term_string}"},"query-input":{"@type":"PropertyValueSpecification","valueRequired":true,"valueName":"search_term_string"}}],"inLanguage":"es"},{"@type":"Organization","@id":"https:\/\/www.ugtcomunicaciones.es\/wordpress\/#organization","name":"UGT Comunicaciones","url":"https:\/\/www.ugtcomunicaciones.es\/wordpress\/","logo":{"@type":"ImageObject","inLanguage":"es","@id":"https:\/\/www.ugtcomunicaciones.es\/wordpress\/#\/schema\/logo\/image\/","url":"https:\/\/www.ugtcomunicaciones.es\/wordpress\/wp-content\/uploads\/2024\/04\/comunicaciones_logo.png","contentUrl":"https:\/\/www.ugtcomunicaciones.es\/wordpress\/wp-content\/uploads\/2024\/04\/comunicaciones_logo.png","width":298,"height":81,"caption":"UGT Comunicaciones"},"image":{"@id":"https:\/\/www.ugtcomunicaciones.es\/wordpress\/#\/schema\/logo\/image\/"},"sameAs":["https:\/\/www.facebook.com\/ugt.comunicaciones\/","https:\/\/x.com\/ugtcom"]},{"@type":"Person","@id":"https:\/\/www.ugtcomunicaciones.es\/wordpress\/#\/schema\/person\/eba0fc3fe5b444531d94d4368cba89ed","name":"UGT","image":{"@type":"ImageObject","inLanguage":"es","@id":"https:\/\/secure.gravatar.com\/avatar\/2a16057d620a4c646bcfc171c4f23030879ebbdd346f0525bd5d4a564e57e13d?s=96&d=mm&r=g","url":"https:\/\/secure.gravatar.com\/avatar\/2a16057d620a4c646bcfc171c4f23030879ebbdd346f0525bd5d4a564e57e13d?s=96&d=mm&r=g","contentUrl":"https:\/\/secure.gravatar.com\/avatar\/2a16057d620a4c646bcfc171c4f23030879ebbdd346f0525bd5d4a564e57e13d?s=96&d=mm&r=g","caption":"UGT"}}]}},"_links":{"self":[{"href":"https:\/\/www.ugtcomunicaciones.es\/wordpress\/wp-json\/wp\/v2\/posts\/1601","targetHints":{"allow":["GET"]}}],"collection":[{"href":"https:\/\/www.ugtcomunicaciones.es\/wordpress\/wp-json\/wp\/v2\/posts"}],"about":[{"href":"https:\/\/www.ugtcomunicaciones.es\/wordpress\/wp-json\/wp\/v2\/types\/post"}],"author":[{"embeddable":true,"href":"https:\/\/www.ugtcomunicaciones.es\/wordpress\/wp-json\/wp\/v2\/users\/3"}],"replies":[{"embeddable":true,"href":"https:\/\/www.ugtcomunicaciones.es\/wordpress\/wp-json\/wp\/v2\/comments?post=1601"}],"version-history":[{"count":0,"href":"https:\/\/www.ugtcomunicaciones.es\/wordpress\/wp-json\/wp\/v2\/posts\/1601\/revisions"}],"wp:featuredmedia":[{"embeddable":true,"href":"https:\/\/www.ugtcomunicaciones.es\/wordpress\/wp-json\/wp\/v2\/media\/645"}],"wp:attachment":[{"href":"https:\/\/www.ugtcomunicaciones.es\/wordpress\/wp-json\/wp\/v2\/media?parent=1601"}],"wp:term":[{"taxonomy":"category","embeddable":true,"href":"https:\/\/www.ugtcomunicaciones.es\/wordpress\/wp-json\/wp\/v2\/categories?post=1601"},{"taxonomy":"post_tag","embeddable":true,"href":"https:\/\/www.ugtcomunicaciones.es\/wordpress\/wp-json\/wp\/v2\/tags?post=1601"}],"curies":[{"name":"wp","href":"https:\/\/api.w.org\/{rel}","templated":true}]}}