{"id":16827,"date":"2017-09-04T08:00:48","date_gmt":"2017-09-04T06:00:48","guid":{"rendered":"http:\/\/ugtcomunicaciones.es\/wordpress\/?p=16827"},"modified":"2017-08-22T12:06:14","modified_gmt":"2017-08-22T10:06:14","slug":"san-marino-primer-pais-5g","status":"publish","type":"post","link":"https:\/\/www.ugtcomunicaciones.es\/wordpress\/san-marino-primer-pais-5g\/","title":{"rendered":"San Marino: Primer pa\u00eds 5G"},"content":{"rendered":"<p style=\"text-align: justify;\"><img decoding=\"async\" class=\"aligncenter size-full wp-image-16838 lazyload\" data-src=\"http:\/\/ugtcomunicaciones.es\/wordpress\/wp-content\/uploads\/2017\/09\/san_marino_2.jpg\" alt=\"\" width=\"600\" height=\"220\" data-srcset=\"https:\/\/www.ugtcomunicaciones.es\/wordpress\/wp-content\/uploads\/2017\/09\/san_marino_2.jpg 600w, https:\/\/www.ugtcomunicaciones.es\/wordpress\/wp-content\/uploads\/2017\/09\/san_marino_2-300x110.jpg 300w\" data-sizes=\"(max-width: 600px) 100vw, 600px\" src=\"data:image\/svg+xml;base64,PHN2ZyB3aWR0aD0iMSIgaGVpZ2h0PSIxIiB4bWxucz0iaHR0cDovL3d3dy53My5vcmcvMjAwMC9zdmciPjwvc3ZnPg==\" style=\"--smush-placeholder-width: 600px; --smush-placeholder-aspect-ratio: 600\/220;\" \/>San Marino es un peque\u00f1o pa\u00eds de 61 km\u00b2 y algo m\u00e1s de 33.000 habitantes, enclavado en los Apeninos. El terreno est\u00e1 formado por altas monta\u00f1as: la capital se alza en la cumbre de una gran monta\u00f1a denominada Titano (739 msnm), el punto m\u00e1s alto del pa\u00eds.<\/p>\n<p style=\"text-align: justify;\">Es una ciudad de trazado medieval, con serpenteantes callejuelas de firme empedrado y rodeada por fortificaciones y murallas. Su principal fuente de ingresos es el turismo, motivo por el que sus edificios y calles gozan de una especial protecci\u00f3n. Turismo y banca han elevado el nivel de vida en San Marino y los ingresos de sus habitantes est\u00e1n a la par de las zonas m\u00e1s desarrolladas de Italia.<\/p>\n<p style=\"text-align: justify;\">Como podemos apreciar en las im\u00e1genes, las antenas no contribuyen especialmente a la atm\u00f3sfera m\u00e1gica de su patrimonio hist\u00f3rico:<\/p>\n<p style=\"text-align: justify;\">Tal vez sean \u00e9stos los motivos por los que San Marino y Telecom Italia Mobile hayan decidido firmar un Memorando de Entendimiento (MoU) para que sea el primer pa\u00eds 5G del mundo. Telecom Italia tambi\u00e9n est\u00e1 probando la red 5G en Mil\u00e1n y Tur\u00edn, pero San Marino brinda mayor libertad para realizar ensayos debido a que, al ser un estado independiente, tiene menos restricciones en el uso de las frecuencias de radio respecto a lo que ocurre en Italia. Los territorios peque\u00f1os ya han sido utilizados en el pasado para ensayos tecnol\u00f3gicos, como la Isla de Man, donde se realiz\u00f3 la primera prueba de 3G en el Reino Unido.<\/p>\n<p style=\"text-align: justify;\">A partir de este a\u00f1o TIM comenzar\u00e1 a actualizar los emplazamientos de telefon\u00eda m\u00f3vil con 4.5G, lo que adelanta algunas de las caracter\u00edsticas de 5G tales como torres de m\u00e1stil evolucionadas (MIMO4x4), Agregaci\u00f3n de Portadoras\u00a0 (Carrier Aggregation), modulaci\u00f3n superior y arquitectura Cloud, as\u00ed como \u201csmall cells\u201d con m\u00e1stiles de baja potencia y escaso impacto ambiental sobre el centro hist\u00f3rico, que forma parte de la Herencia Mundial de la Unesco.<\/p>\n<p style=\"text-align: justify;\">El proyecto \u201cSan Marino 5G\u201d encara el banco de pruebas de todas las tecnolog\u00eda y servicios 5G de forma progresiva, con el objeto de hacer disponible al p\u00fablico, negocios y gobierno local una nueva infraestructura m\u00f3vil con una capacidad 10 veces superior a la tecnolog\u00eda 4G y conectando m\u00faltiples dispositivos, adelant\u00e1ndose a la fecha tope de 2020 que se ha autoimpuesto la Uni\u00f3n Europea y favoreciendo la creaci\u00f3n de un ecosistema compuesto por empresas locales, gobierno de San Marino,\u00a0 Universidad y centros de investigaci\u00f3n, hospitales, fuerzas de seguridad del estado, Oficina Nacional de Turismo y transportes.<\/p>\n<p style=\"text-align: justify;\">Giovanni Ferigo, jefe de tecnolog\u00eda de Telecom Italia Mobile, defiende que Europa fue clave en el desarrollo de la tecnolog\u00eda 2G, pero que perdi\u00f3 su posici\u00f3n de liderazgo frente a Asia en el 3G y respecto a EEUU en el 4G. El a\u00f1o pasado, la Comisi\u00f3n Europea public\u00f3 un plan de acci\u00f3n para el 5G tras calcular que, gracias a esta tecnolog\u00eda, sectores como la sanidad, los transportes, los autom\u00f3viles y los servicios p\u00fablicos obtendr\u00edan unos beneficios econ\u00f3micos de 133.000 millones de euros para 2025. Se espera que la construcci\u00f3n de la red 5G a lo largo de Europa tenga un coste de 56.000 millones de euros, y podr\u00eda crear 2,3 millones de puestos de trabajo.<\/p>\n<p>&nbsp;<\/p>\n<h3 style=\"text-align: right;\"><span style=\"color: #ff0000;\"><strong>UGT<\/strong><\/span><strong> Comunicaciones<\/strong><\/h3>\n<p>Fuentes:<\/p>\n<p><span style=\"font-size: xx-small;\"><a href=\"https:\/\/es.wikipedia.org\/wiki\/San_Marino\" target=\"_blank\" rel=\"noopener\">https:\/\/es.wikipedia.org\/wiki\/San_Marino<\/a><br \/>\n<a href=\"http:\/\/www.telecomitalia.com\/tit\/en\/archivio\/media\/note-stampa\/corporate\/2017\/TIM-Repubblica-San-Marino-MoU-5G-ENG.html\" target=\"_blank\" rel=\"noopener\">http:\/\/www.telecomitalia.com\/tit\/en\/archivio\/media\/note-stampa\/corporate\/2017\/TIM-Repubblica-San-Marino-MoU-5G-ENG.html<\/a><br \/>\n<a href=\"http:\/\/www.expansion.com\/empresas\/tecnologia\/2017\/07\/18\/596cfc15268e3ee5738b45af.html\" target=\"_blank\" rel=\"noopener\">http:\/\/www.expansion.com\/empresas\/tecnologia\/2017\/07\/18\/596cfc15268e3ee5738b45af.html<\/a><br \/>\n<a href=\"https:\/\/www.totaltele.com\/497578\/TIM-to-make-San-Marino-Europes-first-5G-state\" target=\"_blank\" rel=\"noopener\">https:\/\/www.totaltele.com\/\/497578\/TIM-to-make-San-Marino-Europes-first-5G-state<\/a><\/span><\/p>\n<p>&nbsp;<\/p>\n","protected":false},"excerpt":{"rendered":"<p>San Marino es un peque\u00f1o pa\u00eds de 61 km\u00b2 y algo m\u00e1s de 33.000 habitantes, enclavado en los Apeninos. El terreno est\u00e1 formado por altas monta\u00f1as: la capital se alza en la cumbre de una gran monta\u00f1a denominada Titano (739 msnm), el punto m\u00e1s alto del pa\u00eds. Es una ciudad de trazado medieval, con serpenteantes [&hellip;]<\/p>\n","protected":false},"author":3,"featured_media":16839,"comment_status":"open","ping_status":"closed","sticky":false,"template":"","format":"standard","meta":{"footnotes":""},"categories":[13,12],"tags":[],"class_list":["post-16827","post","type-post","status-publish","format-standard","has-post-thumbnail","hentry","category-mercado-comunicaciones","category-regulacion"],"yoast_head":"<!-- This site is optimized with the Yoast SEO Premium plugin v27.3 (Yoast SEO v27.4) - https:\/\/yoast.com\/product\/yoast-seo-premium-wordpress\/ -->\n<title>San Marino: Primer pa\u00eds 5G - UGT Comunicaciones<\/title>\n<meta name=\"description\" content=\"El proyecto \u201cSan Marino 5G\u201d encara el banco de pruebas de todas las tecnolog\u00eda y servicios 5G de forma progresiva con una capacidad 10 veces superior.\" \/>\n<meta name=\"robots\" content=\"index, follow, max-snippet:-1, max-image-preview:large, max-video-preview:-1\" \/>\n<link rel=\"canonical\" href=\"https:\/\/www.ugtcomunicaciones.es\/wordpress\/san-marino-primer-pais-5g\/\" \/>\n<meta property=\"og:locale\" content=\"es_ES\" \/>\n<meta property=\"og:type\" content=\"article\" \/>\n<meta property=\"og:title\" content=\"San Marino: Primer pa\u00eds 5G\" \/>\n<meta property=\"og:description\" content=\"El proyecto \u201cSan Marino 5G\u201d encara el banco de pruebas de todas las tecnolog\u00eda y servicios 5G de forma progresiva con una capacidad 10 veces superior.\" \/>\n<meta property=\"og:url\" content=\"https:\/\/www.ugtcomunicaciones.es\/wordpress\/san-marino-primer-pais-5g\/\" \/>\n<meta property=\"og:site_name\" content=\"UGT Comunicaciones\" \/>\n<meta property=\"article:publisher\" content=\"https:\/\/www.facebook.com\/ugt.comunicaciones\/\" \/>\n<meta property=\"article:published_time\" content=\"2017-09-04T06:00:48+00:00\" \/>\n<meta property=\"og:image\" content=\"https:\/\/www.ugtcomunicaciones.es\/wordpress\/wp-content\/uploads\/2017\/09\/san_marino1.jpg\" \/>\n\t<meta property=\"og:image:width\" content=\"600\" \/>\n\t<meta property=\"og:image:height\" content=\"450\" \/>\n\t<meta property=\"og:image:type\" content=\"image\/jpeg\" \/>\n<meta name=\"author\" content=\"UGT\" \/>\n<meta name=\"twitter:card\" content=\"summary_large_image\" \/>\n<meta name=\"twitter:creator\" content=\"@ugtcom\" \/>\n<meta name=\"twitter:site\" content=\"@ugtcom\" \/>\n<meta name=\"twitter:label1\" content=\"Escrito por\" \/>\n\t<meta name=\"twitter:data1\" content=\"UGT\" \/>\n\t<meta name=\"twitter:label2\" content=\"Tiempo de lectura\" \/>\n\t<meta name=\"twitter:data2\" content=\"3 minutos\" \/>\n<script type=\"application\/ld+json\" class=\"yoast-schema-graph\">{\"@context\":\"https:\\\/\\\/schema.org\",\"@graph\":[{\"@type\":\"Article\",\"@id\":\"https:\\\/\\\/www.ugtcomunicaciones.es\\\/wordpress\\\/san-marino-primer-pais-5g\\\/#article\",\"isPartOf\":{\"@id\":\"https:\\\/\\\/www.ugtcomunicaciones.es\\\/wordpress\\\/san-marino-primer-pais-5g\\\/\"},\"author\":{\"name\":\"UGT\",\"@id\":\"https:\\\/\\\/www.ugtcomunicaciones.es\\\/wordpress\\\/#\\\/schema\\\/person\\\/eba0fc3fe5b444531d94d4368cba89ed\"},\"headline\":\"San Marino: Primer pa\u00eds 5G\",\"datePublished\":\"2017-09-04T06:00:48+00:00\",\"mainEntityOfPage\":{\"@id\":\"https:\\\/\\\/www.ugtcomunicaciones.es\\\/wordpress\\\/san-marino-primer-pais-5g\\\/\"},\"wordCount\":616,\"commentCount\":0,\"publisher\":{\"@id\":\"https:\\\/\\\/www.ugtcomunicaciones.es\\\/wordpress\\\/#organization\"},\"image\":{\"@id\":\"https:\\\/\\\/www.ugtcomunicaciones.es\\\/wordpress\\\/san-marino-primer-pais-5g\\\/#primaryimage\"},\"thumbnailUrl\":\"https:\\\/\\\/www.ugtcomunicaciones.es\\\/wordpress\\\/wp-content\\\/uploads\\\/2017\\\/09\\\/san_marino1.jpg\",\"articleSection\":[\"Mercado Comunicaciones\",\"Regulaci\u00f3n\"],\"inLanguage\":\"es\",\"potentialAction\":[{\"@type\":\"CommentAction\",\"name\":\"Comment\",\"target\":[\"https:\\\/\\\/www.ugtcomunicaciones.es\\\/wordpress\\\/san-marino-primer-pais-5g\\\/#respond\"]}]},{\"@type\":\"WebPage\",\"@id\":\"https:\\\/\\\/www.ugtcomunicaciones.es\\\/wordpress\\\/san-marino-primer-pais-5g\\\/\",\"url\":\"https:\\\/\\\/www.ugtcomunicaciones.es\\\/wordpress\\\/san-marino-primer-pais-5g\\\/\",\"name\":\"San Marino: Primer pa\u00eds 5G - UGT Comunicaciones\",\"isPartOf\":{\"@id\":\"https:\\\/\\\/www.ugtcomunicaciones.es\\\/wordpress\\\/#website\"},\"primaryImageOfPage\":{\"@id\":\"https:\\\/\\\/www.ugtcomunicaciones.es\\\/wordpress\\\/san-marino-primer-pais-5g\\\/#primaryimage\"},\"image\":{\"@id\":\"https:\\\/\\\/www.ugtcomunicaciones.es\\\/wordpress\\\/san-marino-primer-pais-5g\\\/#primaryimage\"},\"thumbnailUrl\":\"https:\\\/\\\/www.ugtcomunicaciones.es\\\/wordpress\\\/wp-content\\\/uploads\\\/2017\\\/09\\\/san_marino1.jpg\",\"datePublished\":\"2017-09-04T06:00:48+00:00\",\"description\":\"El proyecto \u201cSan Marino 5G\u201d encara el banco de pruebas de todas las tecnolog\u00eda y servicios 5G de forma progresiva con una capacidad 10 veces superior.\",\"breadcrumb\":{\"@id\":\"https:\\\/\\\/www.ugtcomunicaciones.es\\\/wordpress\\\/san-marino-primer-pais-5g\\\/#breadcrumb\"},\"inLanguage\":\"es\",\"potentialAction\":[{\"@type\":\"ReadAction\",\"target\":[\"https:\\\/\\\/www.ugtcomunicaciones.es\\\/wordpress\\\/san-marino-primer-pais-5g\\\/\"]}]},{\"@type\":\"ImageObject\",\"inLanguage\":\"es\",\"@id\":\"https:\\\/\\\/www.ugtcomunicaciones.es\\\/wordpress\\\/san-marino-primer-pais-5g\\\/#primaryimage\",\"url\":\"https:\\\/\\\/www.ugtcomunicaciones.es\\\/wordpress\\\/wp-content\\\/uploads\\\/2017\\\/09\\\/san_marino1.jpg\",\"contentUrl\":\"https:\\\/\\\/www.ugtcomunicaciones.es\\\/wordpress\\\/wp-content\\\/uploads\\\/2017\\\/09\\\/san_marino1.jpg\",\"width\":600,\"height\":450},{\"@type\":\"BreadcrumbList\",\"@id\":\"https:\\\/\\\/www.ugtcomunicaciones.es\\\/wordpress\\\/san-marino-primer-pais-5g\\\/#breadcrumb\",\"itemListElement\":[{\"@type\":\"ListItem\",\"position\":1,\"name\":\"Portada\",\"item\":\"https:\\\/\\\/www.ugtcomunicaciones.es\\\/wordpress\\\/\"},{\"@type\":\"ListItem\",\"position\":2,\"name\":\"San Marino: Primer pa\u00eds 5G\"}]},{\"@type\":\"WebSite\",\"@id\":\"https:\\\/\\\/www.ugtcomunicaciones.es\\\/wordpress\\\/#website\",\"url\":\"https:\\\/\\\/www.ugtcomunicaciones.es\\\/wordpress\\\/\",\"name\":\"UGT Comunicaciones\",\"description\":\"Sindicato de Telecomunicaciones\",\"publisher\":{\"@id\":\"https:\\\/\\\/www.ugtcomunicaciones.es\\\/wordpress\\\/#organization\"},\"potentialAction\":[{\"@type\":\"SearchAction\",\"target\":{\"@type\":\"EntryPoint\",\"urlTemplate\":\"https:\\\/\\\/www.ugtcomunicaciones.es\\\/wordpress\\\/?s={search_term_string}\"},\"query-input\":{\"@type\":\"PropertyValueSpecification\",\"valueRequired\":true,\"valueName\":\"search_term_string\"}}],\"inLanguage\":\"es\"},{\"@type\":\"Organization\",\"@id\":\"https:\\\/\\\/www.ugtcomunicaciones.es\\\/wordpress\\\/#organization\",\"name\":\"UGT Comunicaciones\",\"url\":\"https:\\\/\\\/www.ugtcomunicaciones.es\\\/wordpress\\\/\",\"logo\":{\"@type\":\"ImageObject\",\"inLanguage\":\"es\",\"@id\":\"https:\\\/\\\/www.ugtcomunicaciones.es\\\/wordpress\\\/#\\\/schema\\\/logo\\\/image\\\/\",\"url\":\"https:\\\/\\\/www.ugtcomunicaciones.es\\\/wordpress\\\/wp-content\\\/uploads\\\/2024\\\/04\\\/comunicaciones_logo.png\",\"contentUrl\":\"https:\\\/\\\/www.ugtcomunicaciones.es\\\/wordpress\\\/wp-content\\\/uploads\\\/2024\\\/04\\\/comunicaciones_logo.png\",\"width\":298,\"height\":81,\"caption\":\"UGT Comunicaciones\"},\"image\":{\"@id\":\"https:\\\/\\\/www.ugtcomunicaciones.es\\\/wordpress\\\/#\\\/schema\\\/logo\\\/image\\\/\"},\"sameAs\":[\"https:\\\/\\\/www.facebook.com\\\/ugt.comunicaciones\\\/\",\"https:\\\/\\\/x.com\\\/ugtcom\"]},{\"@type\":\"Person\",\"@id\":\"https:\\\/\\\/www.ugtcomunicaciones.es\\\/wordpress\\\/#\\\/schema\\\/person\\\/eba0fc3fe5b444531d94d4368cba89ed\",\"name\":\"UGT\",\"image\":{\"@type\":\"ImageObject\",\"inLanguage\":\"es\",\"@id\":\"https:\\\/\\\/secure.gravatar.com\\\/avatar\\\/2a16057d620a4c646bcfc171c4f23030879ebbdd346f0525bd5d4a564e57e13d?s=96&d=mm&r=g\",\"url\":\"https:\\\/\\\/secure.gravatar.com\\\/avatar\\\/2a16057d620a4c646bcfc171c4f23030879ebbdd346f0525bd5d4a564e57e13d?s=96&d=mm&r=g\",\"contentUrl\":\"https:\\\/\\\/secure.gravatar.com\\\/avatar\\\/2a16057d620a4c646bcfc171c4f23030879ebbdd346f0525bd5d4a564e57e13d?s=96&d=mm&r=g\",\"caption\":\"UGT\"}}]}<\/script>\n<!-- \/ Yoast SEO Premium plugin. -->","yoast_head_json":{"title":"San Marino: Primer pa\u00eds 5G - UGT Comunicaciones","description":"El proyecto \u201cSan Marino 5G\u201d encara el banco de pruebas de todas las tecnolog\u00eda y servicios 5G de forma progresiva con una capacidad 10 veces superior.","robots":{"index":"index","follow":"follow","max-snippet":"max-snippet:-1","max-image-preview":"max-image-preview:large","max-video-preview":"max-video-preview:-1"},"canonical":"https:\/\/www.ugtcomunicaciones.es\/wordpress\/san-marino-primer-pais-5g\/","og_locale":"es_ES","og_type":"article","og_title":"San Marino: Primer pa\u00eds 5G","og_description":"El proyecto \u201cSan Marino 5G\u201d encara el banco de pruebas de todas las tecnolog\u00eda y servicios 5G de forma progresiva con una capacidad 10 veces superior.","og_url":"https:\/\/www.ugtcomunicaciones.es\/wordpress\/san-marino-primer-pais-5g\/","og_site_name":"UGT Comunicaciones","article_publisher":"https:\/\/www.facebook.com\/ugt.comunicaciones\/","article_published_time":"2017-09-04T06:00:48+00:00","og_image":[{"width":600,"height":450,"url":"https:\/\/www.ugtcomunicaciones.es\/wordpress\/wp-content\/uploads\/2017\/09\/san_marino1.jpg","type":"image\/jpeg"}],"author":"UGT","twitter_card":"summary_large_image","twitter_creator":"@ugtcom","twitter_site":"@ugtcom","twitter_misc":{"Escrito por":"UGT","Tiempo de lectura":"3 minutos"},"schema":{"@context":"https:\/\/schema.org","@graph":[{"@type":"Article","@id":"https:\/\/www.ugtcomunicaciones.es\/wordpress\/san-marino-primer-pais-5g\/#article","isPartOf":{"@id":"https:\/\/www.ugtcomunicaciones.es\/wordpress\/san-marino-primer-pais-5g\/"},"author":{"name":"UGT","@id":"https:\/\/www.ugtcomunicaciones.es\/wordpress\/#\/schema\/person\/eba0fc3fe5b444531d94d4368cba89ed"},"headline":"San Marino: Primer pa\u00eds 5G","datePublished":"2017-09-04T06:00:48+00:00","mainEntityOfPage":{"@id":"https:\/\/www.ugtcomunicaciones.es\/wordpress\/san-marino-primer-pais-5g\/"},"wordCount":616,"commentCount":0,"publisher":{"@id":"https:\/\/www.ugtcomunicaciones.es\/wordpress\/#organization"},"image":{"@id":"https:\/\/www.ugtcomunicaciones.es\/wordpress\/san-marino-primer-pais-5g\/#primaryimage"},"thumbnailUrl":"https:\/\/www.ugtcomunicaciones.es\/wordpress\/wp-content\/uploads\/2017\/09\/san_marino1.jpg","articleSection":["Mercado Comunicaciones","Regulaci\u00f3n"],"inLanguage":"es","potentialAction":[{"@type":"CommentAction","name":"Comment","target":["https:\/\/www.ugtcomunicaciones.es\/wordpress\/san-marino-primer-pais-5g\/#respond"]}]},{"@type":"WebPage","@id":"https:\/\/www.ugtcomunicaciones.es\/wordpress\/san-marino-primer-pais-5g\/","url":"https:\/\/www.ugtcomunicaciones.es\/wordpress\/san-marino-primer-pais-5g\/","name":"San Marino: Primer pa\u00eds 5G - UGT Comunicaciones","isPartOf":{"@id":"https:\/\/www.ugtcomunicaciones.es\/wordpress\/#website"},"primaryImageOfPage":{"@id":"https:\/\/www.ugtcomunicaciones.es\/wordpress\/san-marino-primer-pais-5g\/#primaryimage"},"image":{"@id":"https:\/\/www.ugtcomunicaciones.es\/wordpress\/san-marino-primer-pais-5g\/#primaryimage"},"thumbnailUrl":"https:\/\/www.ugtcomunicaciones.es\/wordpress\/wp-content\/uploads\/2017\/09\/san_marino1.jpg","datePublished":"2017-09-04T06:00:48+00:00","description":"El proyecto \u201cSan Marino 5G\u201d encara el banco de pruebas de todas las tecnolog\u00eda y servicios 5G de forma progresiva con una capacidad 10 veces superior.","breadcrumb":{"@id":"https:\/\/www.ugtcomunicaciones.es\/wordpress\/san-marino-primer-pais-5g\/#breadcrumb"},"inLanguage":"es","potentialAction":[{"@type":"ReadAction","target":["https:\/\/www.ugtcomunicaciones.es\/wordpress\/san-marino-primer-pais-5g\/"]}]},{"@type":"ImageObject","inLanguage":"es","@id":"https:\/\/www.ugtcomunicaciones.es\/wordpress\/san-marino-primer-pais-5g\/#primaryimage","url":"https:\/\/www.ugtcomunicaciones.es\/wordpress\/wp-content\/uploads\/2017\/09\/san_marino1.jpg","contentUrl":"https:\/\/www.ugtcomunicaciones.es\/wordpress\/wp-content\/uploads\/2017\/09\/san_marino1.jpg","width":600,"height":450},{"@type":"BreadcrumbList","@id":"https:\/\/www.ugtcomunicaciones.es\/wordpress\/san-marino-primer-pais-5g\/#breadcrumb","itemListElement":[{"@type":"ListItem","position":1,"name":"Portada","item":"https:\/\/www.ugtcomunicaciones.es\/wordpress\/"},{"@type":"ListItem","position":2,"name":"San Marino: Primer pa\u00eds 5G"}]},{"@type":"WebSite","@id":"https:\/\/www.ugtcomunicaciones.es\/wordpress\/#website","url":"https:\/\/www.ugtcomunicaciones.es\/wordpress\/","name":"UGT Comunicaciones","description":"Sindicato de Telecomunicaciones","publisher":{"@id":"https:\/\/www.ugtcomunicaciones.es\/wordpress\/#organization"},"potentialAction":[{"@type":"SearchAction","target":{"@type":"EntryPoint","urlTemplate":"https:\/\/www.ugtcomunicaciones.es\/wordpress\/?s={search_term_string}"},"query-input":{"@type":"PropertyValueSpecification","valueRequired":true,"valueName":"search_term_string"}}],"inLanguage":"es"},{"@type":"Organization","@id":"https:\/\/www.ugtcomunicaciones.es\/wordpress\/#organization","name":"UGT Comunicaciones","url":"https:\/\/www.ugtcomunicaciones.es\/wordpress\/","logo":{"@type":"ImageObject","inLanguage":"es","@id":"https:\/\/www.ugtcomunicaciones.es\/wordpress\/#\/schema\/logo\/image\/","url":"https:\/\/www.ugtcomunicaciones.es\/wordpress\/wp-content\/uploads\/2024\/04\/comunicaciones_logo.png","contentUrl":"https:\/\/www.ugtcomunicaciones.es\/wordpress\/wp-content\/uploads\/2024\/04\/comunicaciones_logo.png","width":298,"height":81,"caption":"UGT Comunicaciones"},"image":{"@id":"https:\/\/www.ugtcomunicaciones.es\/wordpress\/#\/schema\/logo\/image\/"},"sameAs":["https:\/\/www.facebook.com\/ugt.comunicaciones\/","https:\/\/x.com\/ugtcom"]},{"@type":"Person","@id":"https:\/\/www.ugtcomunicaciones.es\/wordpress\/#\/schema\/person\/eba0fc3fe5b444531d94d4368cba89ed","name":"UGT","image":{"@type":"ImageObject","inLanguage":"es","@id":"https:\/\/secure.gravatar.com\/avatar\/2a16057d620a4c646bcfc171c4f23030879ebbdd346f0525bd5d4a564e57e13d?s=96&d=mm&r=g","url":"https:\/\/secure.gravatar.com\/avatar\/2a16057d620a4c646bcfc171c4f23030879ebbdd346f0525bd5d4a564e57e13d?s=96&d=mm&r=g","contentUrl":"https:\/\/secure.gravatar.com\/avatar\/2a16057d620a4c646bcfc171c4f23030879ebbdd346f0525bd5d4a564e57e13d?s=96&d=mm&r=g","caption":"UGT"}}]}},"_links":{"self":[{"href":"https:\/\/www.ugtcomunicaciones.es\/wordpress\/wp-json\/wp\/v2\/posts\/16827","targetHints":{"allow":["GET"]}}],"collection":[{"href":"https:\/\/www.ugtcomunicaciones.es\/wordpress\/wp-json\/wp\/v2\/posts"}],"about":[{"href":"https:\/\/www.ugtcomunicaciones.es\/wordpress\/wp-json\/wp\/v2\/types\/post"}],"author":[{"embeddable":true,"href":"https:\/\/www.ugtcomunicaciones.es\/wordpress\/wp-json\/wp\/v2\/users\/3"}],"replies":[{"embeddable":true,"href":"https:\/\/www.ugtcomunicaciones.es\/wordpress\/wp-json\/wp\/v2\/comments?post=16827"}],"version-history":[{"count":0,"href":"https:\/\/www.ugtcomunicaciones.es\/wordpress\/wp-json\/wp\/v2\/posts\/16827\/revisions"}],"wp:featuredmedia":[{"embeddable":true,"href":"https:\/\/www.ugtcomunicaciones.es\/wordpress\/wp-json\/wp\/v2\/media\/16839"}],"wp:attachment":[{"href":"https:\/\/www.ugtcomunicaciones.es\/wordpress\/wp-json\/wp\/v2\/media?parent=16827"}],"wp:term":[{"taxonomy":"category","embeddable":true,"href":"https:\/\/www.ugtcomunicaciones.es\/wordpress\/wp-json\/wp\/v2\/categories?post=16827"},{"taxonomy":"post_tag","embeddable":true,"href":"https:\/\/www.ugtcomunicaciones.es\/wordpress\/wp-json\/wp\/v2\/tags?post=16827"}],"curies":[{"name":"wp","href":"https:\/\/api.w.org\/{rel}","templated":true}]}}