{"id":16893,"date":"2017-09-04T08:00:46","date_gmt":"2017-09-04T06:00:46","guid":{"rendered":"http:\/\/ugtcomunicaciones.es\/wordpress\/?p=16893"},"modified":"2017-08-22T09:18:46","modified_gmt":"2017-08-22T07:18:46","slug":"nota-mensual-cnmc-telecos-junio-2017","status":"publish","type":"post","link":"https:\/\/www.ugtcomunicaciones.es\/wordpress\/nota-mensual-cnmc-telecos-junio-2017\/","title":{"rendered":"Nota mensual CNMC-Telecos junio 2017"},"content":{"rendered":"<p style=\"text-align: justify;\">El verano le ha sentado bien a los negocios: la banda ancha m\u00f3vil no deja de crecer a buen ritmo, la voz m\u00f3vil tambi\u00e9n muestra buena salud y la banda ancha fija sigue en positivo, aunque a un paso menor. No obstante, junio tiene un nombre propio: M\u00e1sM\u00f3vil, que ha arrasado en casi todos los mercados.<\/p>\n<p><img decoding=\"async\" class=\"size-full wp-image-16894 aligncenter lazyload\" data-src=\"http:\/\/ugtcomunicaciones.es\/wordpress\/wp-content\/uploads\/2017\/08\/nota-mensual-01-04-09-17.png\" alt=\"\" width=\"600\" height=\"201\" data-srcset=\"https:\/\/www.ugtcomunicaciones.es\/wordpress\/wp-content\/uploads\/2017\/08\/nota-mensual-01-04-09-17.png 600w, https:\/\/www.ugtcomunicaciones.es\/wordpress\/wp-content\/uploads\/2017\/08\/nota-mensual-01-04-09-17-300x101.png 300w\" data-sizes=\"(max-width: 600px) 100vw, 600px\" src=\"data:image\/svg+xml;base64,PHN2ZyB3aWR0aD0iMSIgaGVpZ2h0PSIxIiB4bWxucz0iaHR0cDovL3d3dy53My5vcmcvMjAwMC9zdmciPjwvc3ZnPg==\" style=\"--smush-placeholder-width: 600px; --smush-placeholder-aspect-ratio: 600\/201;\" \/><\/p>\n<p style=\"text-align: justify;\"><strong>Banda Ancha fija:<\/strong><\/p>\n<ul style=\"text-align: justify;\">\n<li>Con un incremento de 22.000 l\u00edneas parece cada d\u00eda m\u00e1s estancado. El cable HFC se recupera del mes anterior: 10.684 vs -5.659 l\u00edneas. La sustituci\u00f3n de cobre por fibra es ya imparable: -97.841 vs. 97.583.<\/li>\n<li>Gracias a estos leves, pero persistentes aumentos, la penetraci\u00f3n alcanza supera la barrera psicol\u00f3gica de las 30 l\u00edneas por 100 habitantes (30,1). Telef\u00f3nica baja al 56,8% de cuota en esta tecnolog\u00eda (66% hace un a\u00f1o).<\/li>\n<li>M\u00e1sM\u00f3vil barre el mercado y se hace con 26.600 l\u00edneas, mientras la segunda es la \u00fanica que gana clientes entre las 4 \u201cgrandes\u201d es Vodafone, con unas escu\u00e1lidas 300 altas netas. Orange, Movistar y el resto de operadores pierden clientes (-2.600, -800, -1.500, respectivamente).<\/li>\n<li>En cuento a cuota de mercado, Telef\u00f3nica se sigue sobre el 42%, Orange y Vodafone mantienen sus diferencias (28,41% vs. 23,14%), M\u00e1sM\u00f3vil tutea al 2% (1,87%) y el resto, dif\u00edcilmente lograr\u00e1 recuperar el 5% a corto plazo (4,45%).<\/li>\n<\/ul>\n<p style=\"text-align: justify;\"><strong>\u00a0<img decoding=\"async\" class=\"size-full wp-image-16904 aligncenter lazyload\" data-src=\"http:\/\/ugtcomunicaciones.es\/wordpress\/wp-content\/uploads\/2017\/08\/nota-mensual-02-04-09-17.png\" alt=\"\" width=\"583\" height=\"392\" data-srcset=\"https:\/\/www.ugtcomunicaciones.es\/wordpress\/wp-content\/uploads\/2017\/08\/nota-mensual-02-04-09-17.png 583w, https:\/\/www.ugtcomunicaciones.es\/wordpress\/wp-content\/uploads\/2017\/08\/nota-mensual-02-04-09-17-300x202.png 300w, https:\/\/www.ugtcomunicaciones.es\/wordpress\/wp-content\/uploads\/2017\/08\/nota-mensual-02-04-09-17-537x360.png 537w\" data-sizes=\"(max-width: 583px) 100vw, 583px\" src=\"data:image\/svg+xml;base64,PHN2ZyB3aWR0aD0iMSIgaGVpZ2h0PSIxIiB4bWxucz0iaHR0cDovL3d3dy53My5vcmcvMjAwMC9zdmciPjwvc3ZnPg==\" style=\"--smush-placeholder-width: 583px; --smush-placeholder-aspect-ratio: 583\/392;\" \/><\/strong><\/p>\n<p style=\"text-align: justify;\"><strong>Telefon\u00eda M\u00f3vil:<\/strong><\/p>\n<ul style=\"text-align: justify;\">\n<li>Consolida el buen mes de mayo (+100.00 por +122.000). Gracias a esta racha el acumulado anual vuelve a positivo, con una penetraci\u00f3n que sube hasta las 110,4 l\u00edneas por cada 100 habitantes (la media de la UE-15 en 2016 era de 127).<\/li>\n<li>Al igual que en la banda macha, M\u00e1sM\u00f3vil ha estado intratable: +51.330 altas. Le sigue Vodafone, con +28.720, y ya muy lejos las OMV y Movistar (15.550 y 8.060). El \u00fanico que pierde cuota en Orange, con -3.630.<\/li>\n<li>Movistar pierde el 30% de cuota de mercado por muy poco (29,99%). M\u00e1sM\u00f3vil se acerca al 9% (8,82%). Las OMV confirman el 8% (8,31%). Orange y Vodafone siguen marc\u00e1ndose las distancias alrededor del 2%.<img decoding=\"async\" class=\"size-full wp-image-16905 aligncenter lazyload\" data-src=\"http:\/\/ugtcomunicaciones.es\/wordpress\/wp-content\/uploads\/2017\/08\/nota-mensual-03-04-09-17.png\" alt=\"\" width=\"600\" height=\"388\" data-srcset=\"https:\/\/www.ugtcomunicaciones.es\/wordpress\/wp-content\/uploads\/2017\/08\/nota-mensual-03-04-09-17.png 600w, https:\/\/www.ugtcomunicaciones.es\/wordpress\/wp-content\/uploads\/2017\/08\/nota-mensual-03-04-09-17-300x194.png 300w, https:\/\/www.ugtcomunicaciones.es\/wordpress\/wp-content\/uploads\/2017\/08\/nota-mensual-03-04-09-17-341x220.png 341w\" data-sizes=\"(max-width: 600px) 100vw, 600px\" src=\"data:image\/svg+xml;base64,PHN2ZyB3aWR0aD0iMSIgaGVpZ2h0PSIxIiB4bWxucz0iaHR0cDovL3d3dy53My5vcmcvMjAwMC9zdmciPjwvc3ZnPg==\" style=\"--smush-placeholder-width: 600px; --smush-placeholder-aspect-ratio: 600\/388;\" \/><\/li>\n<\/ul>\n<p style=\"text-align: justify;\">En cuanto a la banda ancha m\u00f3vil, todos los operadores ganan clientela, liderados por las OMV, en plena yincana (+122.000 en junio; -182.000 en mayo), y seguidos por Movistar (+63.000, que se recupera de tres meses desastrosos), Vodafone (+48.600), Orange (28.750) y M\u00e1sM\u00f3vil (22.300).<\/p>\n<p><img decoding=\"async\" class=\"size-full wp-image-16906 aligncenter lazyload\" data-src=\"http:\/\/ugtcomunicaciones.es\/wordpress\/wp-content\/uploads\/2017\/08\/nota-mensual-04-04-09-17.png\" alt=\"\" width=\"423\" height=\"140\" data-srcset=\"https:\/\/www.ugtcomunicaciones.es\/wordpress\/wp-content\/uploads\/2017\/08\/nota-mensual-04-04-09-17.png 423w, https:\/\/www.ugtcomunicaciones.es\/wordpress\/wp-content\/uploads\/2017\/08\/nota-mensual-04-04-09-17-300x99.png 300w\" data-sizes=\"(max-width: 423px) 100vw, 423px\" src=\"data:image\/svg+xml;base64,PHN2ZyB3aWR0aD0iMSIgaGVpZ2h0PSIxIiB4bWxucz0iaHR0cDovL3d3dy53My5vcmcvMjAwMC9zdmciPjwvc3ZnPg==\" style=\"--smush-placeholder-width: 423px; --smush-placeholder-aspect-ratio: 423\/140;\" \/><\/p>\n<p style=\"text-align: justify;\">La penetraci\u00f3n fue de 110,4 l\u00edneas por cada 100 habitantes, 0,8 d\u00e9cimas m\u00e1s que hace un a\u00f1o. Las l\u00edneas M2M se situaron en 4.646.429 l\u00edneas, un 12,5% m\u00e1s que hace un a\u00f1o.<\/p>\n<p style=\"text-align: justify;\">En junio se port<\/p>\n<p style=\"text-align: justify;\">aron 506.197 n\u00fameros m\u00f3viles, lo que supone un 15,2% m\u00e1s que el volumen registrado en el mismo mes de 2016. OMV y M\u00e1sM\u00f3vil registraron saldos netos de portabilidad positivos, mientras que Movistar, Orange y Vodafone presentaron saldo negativo.<\/p>\n<p style=\"text-align: justify;\"><strong>Telefon\u00eda Fija:<\/strong><\/p>\n<p style=\"text-align: justify;\">Se rompe la tendencia de tres meses de consecutivos con ganancias: -31.402 l\u00edneas. El total en Espa\u00f1a se queda en 19,15 millones l\u00edneas fijas, que representa una penetraci\u00f3n de 41,2 l\u00edneas por cada 100 habitantes.<\/p>\n<p style=\"text-align: justify;\"><strong>\u00a0<img decoding=\"async\" class=\"size-full wp-image-16907 aligncenter lazyload\" data-src=\"http:\/\/ugtcomunicaciones.es\/wordpress\/wp-content\/uploads\/2017\/08\/nota-mensual-05-04-09-17.png\" alt=\"\" width=\"600\" height=\"176\" data-srcset=\"https:\/\/www.ugtcomunicaciones.es\/wordpress\/wp-content\/uploads\/2017\/08\/nota-mensual-05-04-09-17.png 600w, https:\/\/www.ugtcomunicaciones.es\/wordpress\/wp-content\/uploads\/2017\/08\/nota-mensual-05-04-09-17-300x88.png 300w\" data-sizes=\"(max-width: 600px) 100vw, 600px\" src=\"data:image\/svg+xml;base64,PHN2ZyB3aWR0aD0iMSIgaGVpZ2h0PSIxIiB4bWxucz0iaHR0cDovL3d3dy53My5vcmcvMjAwMC9zdmciPjwvc3ZnPg==\" style=\"--smush-placeholder-width: 600px; --smush-placeholder-aspect-ratio: 600\/176;\" \/><\/strong><\/p>\n<p style=\"text-align: justify;\"><strong>\u00a0<\/strong><\/p>\n<h3 style=\"text-align: right;\"><span style=\"color: #ff0000;\"><strong>UGT<\/strong><\/span><strong> Comunicaciones<\/strong><\/h3>\n","protected":false},"excerpt":{"rendered":"<p>El verano le ha sentado bien a los negocios: la banda ancha m\u00f3vil no deja de crecer a buen ritmo, la voz m\u00f3vil tambi\u00e9n muestra buena salud y la banda ancha fija sigue en positivo, aunque a un paso menor. No obstante, junio tiene un nombre propio: M\u00e1sM\u00f3vil, que ha arrasado en casi todos los [&hellip;]<\/p>\n","protected":false},"author":3,"featured_media":645,"comment_status":"open","ping_status":"closed","sticky":false,"template":"","format":"standard","meta":{"footnotes":""},"categories":[13,12],"tags":[],"class_list":["post-16893","post","type-post","status-publish","format-standard","has-post-thumbnail","hentry","category-mercado-comunicaciones","category-regulacion"],"yoast_head":"<!-- This site is optimized with the Yoast SEO Premium plugin v27.3 (Yoast SEO v27.4) - https:\/\/yoast.com\/product\/yoast-seo-premium-wordpress\/ -->\n<title>Nota mensual CNMC-Telecos junio 2017 - UGT Comunicaciones<\/title>\n<meta name=\"description\" content=\"Nota mensual CNMC: la banda ancha m\u00f3vil no deja de crecer a buen ritmo, la voz m\u00f3vil muestra buena salud y la banda ancha fija sigue en positivo.\" \/>\n<meta name=\"robots\" content=\"index, follow, max-snippet:-1, max-image-preview:large, max-video-preview:-1\" \/>\n<link rel=\"canonical\" href=\"https:\/\/www.ugtcomunicaciones.es\/wordpress\/nota-mensual-cnmc-telecos-junio-2017\/\" \/>\n<meta property=\"og:locale\" content=\"es_ES\" \/>\n<meta property=\"og:type\" content=\"article\" \/>\n<meta property=\"og:title\" content=\"Nota mensual CNMC-Telecos junio 2017\" \/>\n<meta property=\"og:description\" content=\"Nota mensual CNMC: la banda ancha m\u00f3vil no deja de crecer a buen ritmo, la voz m\u00f3vil muestra buena salud y la banda ancha fija sigue en positivo.\" \/>\n<meta property=\"og:url\" content=\"https:\/\/www.ugtcomunicaciones.es\/wordpress\/nota-mensual-cnmc-telecos-junio-2017\/\" \/>\n<meta property=\"og:site_name\" content=\"UGT Comunicaciones\" \/>\n<meta property=\"article:publisher\" content=\"https:\/\/www.facebook.com\/ugt.comunicaciones\/\" \/>\n<meta property=\"article:published_time\" content=\"2017-09-04T06:00:46+00:00\" \/>\n<meta property=\"og:image\" content=\"https:\/\/www.ugtcomunicaciones.es\/wordpress\/wp-content\/uploads\/2017\/01\/CNMC_1.png\" \/>\n\t<meta property=\"og:image:width\" content=\"664\" \/>\n\t<meta property=\"og:image:height\" content=\"443\" \/>\n\t<meta property=\"og:image:type\" content=\"image\/png\" \/>\n<meta name=\"author\" content=\"UGT\" \/>\n<meta name=\"twitter:card\" content=\"summary_large_image\" \/>\n<meta name=\"twitter:creator\" content=\"@ugtcom\" \/>\n<meta name=\"twitter:site\" content=\"@ugtcom\" \/>\n<meta name=\"twitter:label1\" content=\"Escrito por\" \/>\n\t<meta name=\"twitter:data1\" content=\"UGT\" \/>\n\t<meta name=\"twitter:label2\" content=\"Tiempo de lectura\" \/>\n\t<meta name=\"twitter:data2\" content=\"2 minutos\" \/>\n<script type=\"application\/ld+json\" class=\"yoast-schema-graph\">{\"@context\":\"https:\\\/\\\/schema.org\",\"@graph\":[{\"@type\":\"Article\",\"@id\":\"https:\\\/\\\/www.ugtcomunicaciones.es\\\/wordpress\\\/nota-mensual-cnmc-telecos-junio-2017\\\/#article\",\"isPartOf\":{\"@id\":\"https:\\\/\\\/www.ugtcomunicaciones.es\\\/wordpress\\\/nota-mensual-cnmc-telecos-junio-2017\\\/\"},\"author\":{\"name\":\"UGT\",\"@id\":\"https:\\\/\\\/www.ugtcomunicaciones.es\\\/wordpress\\\/#\\\/schema\\\/person\\\/eba0fc3fe5b444531d94d4368cba89ed\"},\"headline\":\"Nota mensual CNMC-Telecos junio 2017\",\"datePublished\":\"2017-09-04T06:00:46+00:00\",\"mainEntityOfPage\":{\"@id\":\"https:\\\/\\\/www.ugtcomunicaciones.es\\\/wordpress\\\/nota-mensual-cnmc-telecos-junio-2017\\\/\"},\"wordCount\":494,\"commentCount\":0,\"publisher\":{\"@id\":\"https:\\\/\\\/www.ugtcomunicaciones.es\\\/wordpress\\\/#organization\"},\"image\":{\"@id\":\"https:\\\/\\\/www.ugtcomunicaciones.es\\\/wordpress\\\/nota-mensual-cnmc-telecos-junio-2017\\\/#primaryimage\"},\"thumbnailUrl\":\"https:\\\/\\\/www.ugtcomunicaciones.es\\\/wordpress\\\/wp-content\\\/uploads\\\/2017\\\/01\\\/CNMC_1.png\",\"articleSection\":[\"Mercado Comunicaciones\",\"Regulaci\u00f3n\"],\"inLanguage\":\"es\",\"potentialAction\":[{\"@type\":\"CommentAction\",\"name\":\"Comment\",\"target\":[\"https:\\\/\\\/www.ugtcomunicaciones.es\\\/wordpress\\\/nota-mensual-cnmc-telecos-junio-2017\\\/#respond\"]}]},{\"@type\":\"WebPage\",\"@id\":\"https:\\\/\\\/www.ugtcomunicaciones.es\\\/wordpress\\\/nota-mensual-cnmc-telecos-junio-2017\\\/\",\"url\":\"https:\\\/\\\/www.ugtcomunicaciones.es\\\/wordpress\\\/nota-mensual-cnmc-telecos-junio-2017\\\/\",\"name\":\"Nota mensual CNMC-Telecos junio 2017 - UGT Comunicaciones\",\"isPartOf\":{\"@id\":\"https:\\\/\\\/www.ugtcomunicaciones.es\\\/wordpress\\\/#website\"},\"primaryImageOfPage\":{\"@id\":\"https:\\\/\\\/www.ugtcomunicaciones.es\\\/wordpress\\\/nota-mensual-cnmc-telecos-junio-2017\\\/#primaryimage\"},\"image\":{\"@id\":\"https:\\\/\\\/www.ugtcomunicaciones.es\\\/wordpress\\\/nota-mensual-cnmc-telecos-junio-2017\\\/#primaryimage\"},\"thumbnailUrl\":\"https:\\\/\\\/www.ugtcomunicaciones.es\\\/wordpress\\\/wp-content\\\/uploads\\\/2017\\\/01\\\/CNMC_1.png\",\"datePublished\":\"2017-09-04T06:00:46+00:00\",\"description\":\"Nota mensual CNMC: la banda ancha m\u00f3vil no deja de crecer a buen ritmo, la voz m\u00f3vil muestra buena salud y la banda ancha fija sigue en positivo.\",\"breadcrumb\":{\"@id\":\"https:\\\/\\\/www.ugtcomunicaciones.es\\\/wordpress\\\/nota-mensual-cnmc-telecos-junio-2017\\\/#breadcrumb\"},\"inLanguage\":\"es\",\"potentialAction\":[{\"@type\":\"ReadAction\",\"target\":[\"https:\\\/\\\/www.ugtcomunicaciones.es\\\/wordpress\\\/nota-mensual-cnmc-telecos-junio-2017\\\/\"]}]},{\"@type\":\"ImageObject\",\"inLanguage\":\"es\",\"@id\":\"https:\\\/\\\/www.ugtcomunicaciones.es\\\/wordpress\\\/nota-mensual-cnmc-telecos-junio-2017\\\/#primaryimage\",\"url\":\"https:\\\/\\\/www.ugtcomunicaciones.es\\\/wordpress\\\/wp-content\\\/uploads\\\/2017\\\/01\\\/CNMC_1.png\",\"contentUrl\":\"https:\\\/\\\/www.ugtcomunicaciones.es\\\/wordpress\\\/wp-content\\\/uploads\\\/2017\\\/01\\\/CNMC_1.png\",\"width\":664,\"height\":443,\"caption\":\"CNMC\"},{\"@type\":\"BreadcrumbList\",\"@id\":\"https:\\\/\\\/www.ugtcomunicaciones.es\\\/wordpress\\\/nota-mensual-cnmc-telecos-junio-2017\\\/#breadcrumb\",\"itemListElement\":[{\"@type\":\"ListItem\",\"position\":1,\"name\":\"Portada\",\"item\":\"https:\\\/\\\/www.ugtcomunicaciones.es\\\/wordpress\\\/\"},{\"@type\":\"ListItem\",\"position\":2,\"name\":\"Nota mensual CNMC-Telecos junio 2017\"}]},{\"@type\":\"WebSite\",\"@id\":\"https:\\\/\\\/www.ugtcomunicaciones.es\\\/wordpress\\\/#website\",\"url\":\"https:\\\/\\\/www.ugtcomunicaciones.es\\\/wordpress\\\/\",\"name\":\"UGT Comunicaciones\",\"description\":\"Sindicato de Telecomunicaciones\",\"publisher\":{\"@id\":\"https:\\\/\\\/www.ugtcomunicaciones.es\\\/wordpress\\\/#organization\"},\"potentialAction\":[{\"@type\":\"SearchAction\",\"target\":{\"@type\":\"EntryPoint\",\"urlTemplate\":\"https:\\\/\\\/www.ugtcomunicaciones.es\\\/wordpress\\\/?s={search_term_string}\"},\"query-input\":{\"@type\":\"PropertyValueSpecification\",\"valueRequired\":true,\"valueName\":\"search_term_string\"}}],\"inLanguage\":\"es\"},{\"@type\":\"Organization\",\"@id\":\"https:\\\/\\\/www.ugtcomunicaciones.es\\\/wordpress\\\/#organization\",\"name\":\"UGT Comunicaciones\",\"url\":\"https:\\\/\\\/www.ugtcomunicaciones.es\\\/wordpress\\\/\",\"logo\":{\"@type\":\"ImageObject\",\"inLanguage\":\"es\",\"@id\":\"https:\\\/\\\/www.ugtcomunicaciones.es\\\/wordpress\\\/#\\\/schema\\\/logo\\\/image\\\/\",\"url\":\"https:\\\/\\\/www.ugtcomunicaciones.es\\\/wordpress\\\/wp-content\\\/uploads\\\/2024\\\/04\\\/comunicaciones_logo.png\",\"contentUrl\":\"https:\\\/\\\/www.ugtcomunicaciones.es\\\/wordpress\\\/wp-content\\\/uploads\\\/2024\\\/04\\\/comunicaciones_logo.png\",\"width\":298,\"height\":81,\"caption\":\"UGT Comunicaciones\"},\"image\":{\"@id\":\"https:\\\/\\\/www.ugtcomunicaciones.es\\\/wordpress\\\/#\\\/schema\\\/logo\\\/image\\\/\"},\"sameAs\":[\"https:\\\/\\\/www.facebook.com\\\/ugt.comunicaciones\\\/\",\"https:\\\/\\\/x.com\\\/ugtcom\"]},{\"@type\":\"Person\",\"@id\":\"https:\\\/\\\/www.ugtcomunicaciones.es\\\/wordpress\\\/#\\\/schema\\\/person\\\/eba0fc3fe5b444531d94d4368cba89ed\",\"name\":\"UGT\",\"image\":{\"@type\":\"ImageObject\",\"inLanguage\":\"es\",\"@id\":\"https:\\\/\\\/secure.gravatar.com\\\/avatar\\\/2a16057d620a4c646bcfc171c4f23030879ebbdd346f0525bd5d4a564e57e13d?s=96&d=mm&r=g\",\"url\":\"https:\\\/\\\/secure.gravatar.com\\\/avatar\\\/2a16057d620a4c646bcfc171c4f23030879ebbdd346f0525bd5d4a564e57e13d?s=96&d=mm&r=g\",\"contentUrl\":\"https:\\\/\\\/secure.gravatar.com\\\/avatar\\\/2a16057d620a4c646bcfc171c4f23030879ebbdd346f0525bd5d4a564e57e13d?s=96&d=mm&r=g\",\"caption\":\"UGT\"}}]}<\/script>\n<!-- \/ Yoast SEO Premium plugin. -->","yoast_head_json":{"title":"Nota mensual CNMC-Telecos junio 2017 - UGT Comunicaciones","description":"Nota mensual CNMC: la banda ancha m\u00f3vil no deja de crecer a buen ritmo, la voz m\u00f3vil muestra buena salud y la banda ancha fija sigue en positivo.","robots":{"index":"index","follow":"follow","max-snippet":"max-snippet:-1","max-image-preview":"max-image-preview:large","max-video-preview":"max-video-preview:-1"},"canonical":"https:\/\/www.ugtcomunicaciones.es\/wordpress\/nota-mensual-cnmc-telecos-junio-2017\/","og_locale":"es_ES","og_type":"article","og_title":"Nota mensual CNMC-Telecos junio 2017","og_description":"Nota mensual CNMC: la banda ancha m\u00f3vil no deja de crecer a buen ritmo, la voz m\u00f3vil muestra buena salud y la banda ancha fija sigue en positivo.","og_url":"https:\/\/www.ugtcomunicaciones.es\/wordpress\/nota-mensual-cnmc-telecos-junio-2017\/","og_site_name":"UGT Comunicaciones","article_publisher":"https:\/\/www.facebook.com\/ugt.comunicaciones\/","article_published_time":"2017-09-04T06:00:46+00:00","og_image":[{"width":664,"height":443,"url":"https:\/\/www.ugtcomunicaciones.es\/wordpress\/wp-content\/uploads\/2017\/01\/CNMC_1.png","type":"image\/png"}],"author":"UGT","twitter_card":"summary_large_image","twitter_creator":"@ugtcom","twitter_site":"@ugtcom","twitter_misc":{"Escrito por":"UGT","Tiempo de lectura":"2 minutos"},"schema":{"@context":"https:\/\/schema.org","@graph":[{"@type":"Article","@id":"https:\/\/www.ugtcomunicaciones.es\/wordpress\/nota-mensual-cnmc-telecos-junio-2017\/#article","isPartOf":{"@id":"https:\/\/www.ugtcomunicaciones.es\/wordpress\/nota-mensual-cnmc-telecos-junio-2017\/"},"author":{"name":"UGT","@id":"https:\/\/www.ugtcomunicaciones.es\/wordpress\/#\/schema\/person\/eba0fc3fe5b444531d94d4368cba89ed"},"headline":"Nota mensual CNMC-Telecos junio 2017","datePublished":"2017-09-04T06:00:46+00:00","mainEntityOfPage":{"@id":"https:\/\/www.ugtcomunicaciones.es\/wordpress\/nota-mensual-cnmc-telecos-junio-2017\/"},"wordCount":494,"commentCount":0,"publisher":{"@id":"https:\/\/www.ugtcomunicaciones.es\/wordpress\/#organization"},"image":{"@id":"https:\/\/www.ugtcomunicaciones.es\/wordpress\/nota-mensual-cnmc-telecos-junio-2017\/#primaryimage"},"thumbnailUrl":"https:\/\/www.ugtcomunicaciones.es\/wordpress\/wp-content\/uploads\/2017\/01\/CNMC_1.png","articleSection":["Mercado Comunicaciones","Regulaci\u00f3n"],"inLanguage":"es","potentialAction":[{"@type":"CommentAction","name":"Comment","target":["https:\/\/www.ugtcomunicaciones.es\/wordpress\/nota-mensual-cnmc-telecos-junio-2017\/#respond"]}]},{"@type":"WebPage","@id":"https:\/\/www.ugtcomunicaciones.es\/wordpress\/nota-mensual-cnmc-telecos-junio-2017\/","url":"https:\/\/www.ugtcomunicaciones.es\/wordpress\/nota-mensual-cnmc-telecos-junio-2017\/","name":"Nota mensual CNMC-Telecos junio 2017 - UGT Comunicaciones","isPartOf":{"@id":"https:\/\/www.ugtcomunicaciones.es\/wordpress\/#website"},"primaryImageOfPage":{"@id":"https:\/\/www.ugtcomunicaciones.es\/wordpress\/nota-mensual-cnmc-telecos-junio-2017\/#primaryimage"},"image":{"@id":"https:\/\/www.ugtcomunicaciones.es\/wordpress\/nota-mensual-cnmc-telecos-junio-2017\/#primaryimage"},"thumbnailUrl":"https:\/\/www.ugtcomunicaciones.es\/wordpress\/wp-content\/uploads\/2017\/01\/CNMC_1.png","datePublished":"2017-09-04T06:00:46+00:00","description":"Nota mensual CNMC: la banda ancha m\u00f3vil no deja de crecer a buen ritmo, la voz m\u00f3vil muestra buena salud y la banda ancha fija sigue en positivo.","breadcrumb":{"@id":"https:\/\/www.ugtcomunicaciones.es\/wordpress\/nota-mensual-cnmc-telecos-junio-2017\/#breadcrumb"},"inLanguage":"es","potentialAction":[{"@type":"ReadAction","target":["https:\/\/www.ugtcomunicaciones.es\/wordpress\/nota-mensual-cnmc-telecos-junio-2017\/"]}]},{"@type":"ImageObject","inLanguage":"es","@id":"https:\/\/www.ugtcomunicaciones.es\/wordpress\/nota-mensual-cnmc-telecos-junio-2017\/#primaryimage","url":"https:\/\/www.ugtcomunicaciones.es\/wordpress\/wp-content\/uploads\/2017\/01\/CNMC_1.png","contentUrl":"https:\/\/www.ugtcomunicaciones.es\/wordpress\/wp-content\/uploads\/2017\/01\/CNMC_1.png","width":664,"height":443,"caption":"CNMC"},{"@type":"BreadcrumbList","@id":"https:\/\/www.ugtcomunicaciones.es\/wordpress\/nota-mensual-cnmc-telecos-junio-2017\/#breadcrumb","itemListElement":[{"@type":"ListItem","position":1,"name":"Portada","item":"https:\/\/www.ugtcomunicaciones.es\/wordpress\/"},{"@type":"ListItem","position":2,"name":"Nota mensual CNMC-Telecos junio 2017"}]},{"@type":"WebSite","@id":"https:\/\/www.ugtcomunicaciones.es\/wordpress\/#website","url":"https:\/\/www.ugtcomunicaciones.es\/wordpress\/","name":"UGT Comunicaciones","description":"Sindicato de Telecomunicaciones","publisher":{"@id":"https:\/\/www.ugtcomunicaciones.es\/wordpress\/#organization"},"potentialAction":[{"@type":"SearchAction","target":{"@type":"EntryPoint","urlTemplate":"https:\/\/www.ugtcomunicaciones.es\/wordpress\/?s={search_term_string}"},"query-input":{"@type":"PropertyValueSpecification","valueRequired":true,"valueName":"search_term_string"}}],"inLanguage":"es"},{"@type":"Organization","@id":"https:\/\/www.ugtcomunicaciones.es\/wordpress\/#organization","name":"UGT Comunicaciones","url":"https:\/\/www.ugtcomunicaciones.es\/wordpress\/","logo":{"@type":"ImageObject","inLanguage":"es","@id":"https:\/\/www.ugtcomunicaciones.es\/wordpress\/#\/schema\/logo\/image\/","url":"https:\/\/www.ugtcomunicaciones.es\/wordpress\/wp-content\/uploads\/2024\/04\/comunicaciones_logo.png","contentUrl":"https:\/\/www.ugtcomunicaciones.es\/wordpress\/wp-content\/uploads\/2024\/04\/comunicaciones_logo.png","width":298,"height":81,"caption":"UGT Comunicaciones"},"image":{"@id":"https:\/\/www.ugtcomunicaciones.es\/wordpress\/#\/schema\/logo\/image\/"},"sameAs":["https:\/\/www.facebook.com\/ugt.comunicaciones\/","https:\/\/x.com\/ugtcom"]},{"@type":"Person","@id":"https:\/\/www.ugtcomunicaciones.es\/wordpress\/#\/schema\/person\/eba0fc3fe5b444531d94d4368cba89ed","name":"UGT","image":{"@type":"ImageObject","inLanguage":"es","@id":"https:\/\/secure.gravatar.com\/avatar\/2a16057d620a4c646bcfc171c4f23030879ebbdd346f0525bd5d4a564e57e13d?s=96&d=mm&r=g","url":"https:\/\/secure.gravatar.com\/avatar\/2a16057d620a4c646bcfc171c4f23030879ebbdd346f0525bd5d4a564e57e13d?s=96&d=mm&r=g","contentUrl":"https:\/\/secure.gravatar.com\/avatar\/2a16057d620a4c646bcfc171c4f23030879ebbdd346f0525bd5d4a564e57e13d?s=96&d=mm&r=g","caption":"UGT"}}]}},"_links":{"self":[{"href":"https:\/\/www.ugtcomunicaciones.es\/wordpress\/wp-json\/wp\/v2\/posts\/16893","targetHints":{"allow":["GET"]}}],"collection":[{"href":"https:\/\/www.ugtcomunicaciones.es\/wordpress\/wp-json\/wp\/v2\/posts"}],"about":[{"href":"https:\/\/www.ugtcomunicaciones.es\/wordpress\/wp-json\/wp\/v2\/types\/post"}],"author":[{"embeddable":true,"href":"https:\/\/www.ugtcomunicaciones.es\/wordpress\/wp-json\/wp\/v2\/users\/3"}],"replies":[{"embeddable":true,"href":"https:\/\/www.ugtcomunicaciones.es\/wordpress\/wp-json\/wp\/v2\/comments?post=16893"}],"version-history":[{"count":0,"href":"https:\/\/www.ugtcomunicaciones.es\/wordpress\/wp-json\/wp\/v2\/posts\/16893\/revisions"}],"wp:featuredmedia":[{"embeddable":true,"href":"https:\/\/www.ugtcomunicaciones.es\/wordpress\/wp-json\/wp\/v2\/media\/645"}],"wp:attachment":[{"href":"https:\/\/www.ugtcomunicaciones.es\/wordpress\/wp-json\/wp\/v2\/media?parent=16893"}],"wp:term":[{"taxonomy":"category","embeddable":true,"href":"https:\/\/www.ugtcomunicaciones.es\/wordpress\/wp-json\/wp\/v2\/categories?post=16893"},{"taxonomy":"post_tag","embeddable":true,"href":"https:\/\/www.ugtcomunicaciones.es\/wordpress\/wp-json\/wp\/v2\/tags?post=16893"}],"curies":[{"name":"wp","href":"https:\/\/api.w.org\/{rel}","templated":true}]}}