{"id":1927,"date":"2017-07-10T08:00:36","date_gmt":"2017-07-10T06:00:36","guid":{"rendered":"http:\/\/ugtcomunicaciones.es\/wordpress\/?p=1927"},"modified":"2017-07-10T09:47:23","modified_gmt":"2017-07-10T07:47:23","slug":"ugt-uni-la-principal-patronal-europea-telecomunicaciones-claman-marco-regulador-estimule-empleo-crecimiento-economico-primer-acuerdo-estas-caracteristicas-sector","status":"publish","type":"post","link":"https:\/\/www.ugtcomunicaciones.es\/wordpress\/ugt-uni-la-principal-patronal-europea-telecomunicaciones-claman-marco-regulador-estimule-empleo-crecimiento-economico-primer-acuerdo-estas-caracteristicas-sector\/","title":{"rendered":"UGT, UNI y la principal patronal europea de telecomunicaciones claman por un marco regulador que estimule el empleo y el crecimiento econ\u00f3mico Primer acuerdo de estas caracter\u00edsticas en nuestro Sector."},"content":{"rendered":"<p style=\"text-align: justify;\">Las iniciativas de <strong><span style=\"color: #ff0000;\">UGT<\/span> Comunicaciones<\/strong> de viajar a Bruselas para defender el empleo y las condiciones laborales en nuestro sector comienzan a tener resultados<a href=\"#_ftn1\" name=\"_ftnref1\">[1]<\/a>.<\/p>\n<p style=\"text-align: justify;\">En estrecha colaboraci\u00f3n con UNI-ICTS<a href=\"#_ftn2\" name=\"_ftnref2\">[2]<\/a>, la patronal de las principales telecos europeas (ETNO<a href=\"#_ftn3\" name=\"_ftnref3\">[3]<\/a>), hemos acordado un posicionamiento conjunto de los interlocutores sociales para conformar una normativa sectorial que estimule la creaci\u00f3n de empleo y un crecimiento econ\u00f3mico sostenible<a href=\"#_ftn4\" name=\"_ftnref4\">[4]<\/a>.<\/p>\n<p style=\"text-align: justify;\">El posicionamiento hace un clar\u00edsimo llamamiento a reguladores y legisladores europeos, para que en este periodo de reforma legislativa del denominado C\u00f3digo de Comunicaciones Electr\u00f3nicas, tengan en cuenta la opini\u00f3n de los interlocutores sociales del sector.<\/p>\n<p style=\"text-align: justify;\">As\u00ed, y tal como ha defendido hist\u00f3ricamente <span style=\"color: #ff0000;\"><strong>UGT<\/strong><\/span>, el documento invita a que, por fin, se regule de cara a los trabajadores y trabajadoras que componemos este sector. Que podamos, entre todos, construir un sector en donde <em>\u201clas oportunidades para los trabajadores se maximicen\u201d<\/em>, donde se puedan crear \u201cnuevos y mejores empleos de calidad\u201d. De hecho, ambas partes consideramos que <em>\u201cen el actual debate parlamentario, no hay ninguna referencia relevante al objetivo clave de crear y defender los empleos en el sector de las comunicaciones\u201d<\/em>.<\/p>\n<p style=\"text-align: justify;\">Por tanto, patronal y sindicatos, proponemos que la regulaci\u00f3n se centre en el empleo, mediante una competencia sostenible que pivote sobre la inversi\u00f3n en infraestructuras, rehuyendo de la competencia sobre precios. En resumen, y como bien explica el acuerdo, es preciso <em>\u201cun nuevo enfoque para la regulaci\u00f3n de las telecomunicaciones que combine incentivos para la innovaci\u00f3n\u201d <\/em>y <em>\u201cque aseguren el mantenimiento de los empleos actuales y la creaci\u00f3n de nuevos, de mayor calidad\u201d<\/em>.<\/p>\n<p style=\"text-align: justify;\">Para ello, es imprescindible una fuerte apuesta por liderar el despliegue del 5G, por la armonizaci\u00f3n paneuropea del espectro, por proteger los derechos de los usuarios sin perder nunca de vista la innovaci\u00f3n.<\/p>\n<p style=\"text-align: justify;\">Adem\u00e1s, y tal y como defiende <span style=\"color: #ff0000;\"><strong>UGT<\/strong><\/span>, es necesario no s\u00f3lo invertir en redes, sino tambi\u00e9n en personas. La segunda Brecha Digital<a href=\"#_ftn5\" name=\"_ftnref5\">[5]<\/a>, que sufre una parte de la ciudadan\u00eda, y la falta de competencias y habilidades digitales de la fuerza laboral, que influyen de forma decisiva en la empleabilidad de los trabajadores, son otros aspectos que patronal y sindicatos estamos de acuerdo en que es imprescindible potenciar desde la formaci\u00f3n docente hasta la formaci\u00f3n continua en el puesto de trabajo.<\/p>\n<p style=\"text-align: justify;\">Nunca hasta la fecha, patronal y sindicatos europeos hemos estado tan de acuerdo en la necesidad de instar a los legisladores europeos a <em>\u201cvelar porque el fomento del crecimiento y el empleo sea un objetivo clave\u201d<\/em> y a proponer <em>\u201cm\u00e1s incentivos a la inversi\u00f3n, a la innovaci\u00f3n y a la creaci\u00f3n de empleo\u201d<\/em>.<\/p>\n<p style=\"text-align: justify;\"><img decoding=\"async\" class=\"size-full wp-image-2005 alignright lazyload\" data-src=\"http:\/\/ugtcomunicaciones.es\/wordpress\/wp-content\/uploads\/2017\/07\/Firma-UGT.png\" alt=\"\" width=\"252\" height=\"49\" src=\"data:image\/svg+xml;base64,PHN2ZyB3aWR0aD0iMSIgaGVpZ2h0PSIxIiB4bWxucz0iaHR0cDovL3d3dy53My5vcmcvMjAwMC9zdmciPjwvc3ZnPg==\" style=\"--smush-placeholder-width: 252px; --smush-placeholder-aspect-ratio: 252\/49;\" \/><\/p>\n<p>&nbsp;<\/p>\n<p>&nbsp;<\/p>\n<p><span style=\"font-size: xx-small;\"><a href=\"#_ftnref1\" name=\"_ftn1\">[1]<\/a> <a href=\"http:\/\/ugtcomunicaciones.es\/wordpress\/1525-2\/\" target=\"_blank\" rel=\"noopener noreferrer\">http:\/\/ugtcomunicaciones.es\/wordpress\/1525-2\/<\/a>; <a href=\"http:\/\/ugtcomunicaciones.es\/wordpress\/ugt-unico-sindicato-europeo-acudir-al-suprarregulador-europeo-defender-empleo\/\" target=\"_blank\" rel=\"noopener noreferrer\">http:\/\/ugtcomunicaciones.es\/wordpress\/ugt-unico-sindicato-europeo-acudir-al-suprarregulador-europeo-defender-empleo\/<\/a>; <a href=\"http:\/\/www.smcugt.org\/archivos\/elementos\/2017\/69comite_sectorial_de_dialogo_social_en_telecomunicaciones_mayo_2017.pdf\" target=\"_blank\" rel=\"noopener noreferrer\">http:\/\/www.smcugt.org\/archivos\/elementos\/2017\/69comite_sectorial_de_dialogo_social_en_telecomunicaciones_mayo_2017.pdf<\/a><br \/>\n<a href=\"#_ftnref2\" name=\"_ftn2\">[2]<\/a> <a href=\"http:\/\/www.uniglobalunion.org\/sectors\/icts\/news\" target=\"_blank\" rel=\"noopener noreferrer\">http:\/\/www.uniglobalunion.org\/sectors\/icts\/news<\/a><br \/>\n<a href=\"#_ftnref3\" name=\"_ftn3\">[3]<\/a> <a href=\"https:\/\/etno.eu\/\" target=\"_blank\" rel=\"noopener noreferrer\">https:\/\/etno.eu\/<\/a><br \/>\n<a href=\"#_ftnref4\" name=\"_ftn4\">[4]<\/a> <a href=\"https:\/\/etno.eu\/news\/etno\/2017\/911\" target=\"_blank\" rel=\"noopener noreferrer\">https:\/\/etno.eu\/news\/etno\/2017\/911<\/a><br \/>\n<a href=\"#_ftnref5\" name=\"_ftn5\">[5]<\/a> <a href=\"http:\/\/www.ugt.es\/Publicaciones\/BRECHADIGITAL_WEB.pdf\" target=\"_blank\" rel=\"noopener noreferrer\">http:\/\/www.ugt.es\/Publicaciones\/BRECHADIGITAL_WEB.pdf<\/a><\/span><\/p>\n","protected":false},"excerpt":{"rendered":"<p>Las iniciativas de UGT Comunicaciones de viajar a Bruselas para defender el empleo y las condiciones laborales en nuestro sector comienzan a tener resultados[1]. En estrecha colaboraci\u00f3n con UNI-ICTS[2], la patronal de las principales telecos europeas (ETNO[3]), hemos acordado un posicionamiento conjunto de los interlocutores sociales para conformar una normativa sectorial que estimule la creaci\u00f3n [&hellip;]<\/p>\n","protected":false},"author":3,"featured_media":1928,"comment_status":"open","ping_status":"closed","sticky":false,"template":"","format":"standard","meta":{"footnotes":""},"categories":[14,12],"tags":[],"class_list":["post-1927","post","type-post","status-publish","format-standard","has-post-thumbnail","hentry","category-opinion","category-regulacion"],"yoast_head":"<!-- This site is optimized with the Yoast SEO Premium plugin v27.3 (Yoast SEO v27.4) - https:\/\/yoast.com\/product\/yoast-seo-premium-wordpress\/ -->\n<title>UGT, UNI y la principal patronal europea de telecomunicaciones claman por un marco regulador que estimule el empleo y el crecimiento econ\u00f3mico Primer acuerdo de estas caracter\u00edsticas en nuestro Sector. - UGT Comunicaciones<\/title>\n<meta name=\"robots\" content=\"index, follow, max-snippet:-1, max-image-preview:large, max-video-preview:-1\" \/>\n<link rel=\"canonical\" href=\"https:\/\/www.ugtcomunicaciones.es\/wordpress\/ugt-uni-la-principal-patronal-europea-telecomunicaciones-claman-marco-regulador-estimule-empleo-crecimiento-economico-primer-acuerdo-estas-caracteristicas-sector\/\" \/>\n<meta property=\"og:locale\" content=\"es_ES\" \/>\n<meta property=\"og:type\" content=\"article\" \/>\n<meta property=\"og:title\" content=\"UGT, UNI y la principal patronal europea de telecomunicaciones claman por un marco regulador que estimule el empleo y el crecimiento econ\u00f3mico Primer acuerdo de estas caracter\u00edsticas en nuestro Sector.\" \/>\n<meta property=\"og:description\" content=\"Las iniciativas de UGT Comunicaciones de viajar a Bruselas para defender el empleo y las condiciones laborales en nuestro sector comienzan a tener resultados[1]. En estrecha colaboraci\u00f3n con UNI-ICTS[2], la patronal de las principales telecos europeas (ETNO[3]), hemos acordado un posicionamiento conjunto de los interlocutores sociales para conformar una normativa sectorial que estimule la creaci\u00f3n [&hellip;]\" \/>\n<meta property=\"og:url\" content=\"https:\/\/www.ugtcomunicaciones.es\/wordpress\/ugt-uni-la-principal-patronal-europea-telecomunicaciones-claman-marco-regulador-estimule-empleo-crecimiento-economico-primer-acuerdo-estas-caracteristicas-sector\/\" \/>\n<meta property=\"og:site_name\" content=\"UGT Comunicaciones\" \/>\n<meta property=\"article:publisher\" content=\"https:\/\/www.facebook.com\/ugt.comunicaciones\/\" \/>\n<meta property=\"article:published_time\" content=\"2017-07-10T06:00:36+00:00\" \/>\n<meta property=\"article:modified_time\" content=\"2017-07-10T07:47:23+00:00\" \/>\n<meta property=\"og:image\" content=\"https:\/\/www.ugtcomunicaciones.es\/wordpress\/wp-content\/uploads\/2017\/06\/apreton-mano.jpg\" \/>\n\t<meta property=\"og:image:width\" content=\"425\" \/>\n\t<meta property=\"og:image:height\" content=\"254\" \/>\n\t<meta property=\"og:image:type\" content=\"image\/jpeg\" \/>\n<meta name=\"author\" content=\"UGT\" \/>\n<meta name=\"twitter:card\" content=\"summary_large_image\" \/>\n<meta name=\"twitter:creator\" content=\"@ugtcom\" \/>\n<meta name=\"twitter:site\" content=\"@ugtcom\" \/>\n<meta name=\"twitter:label1\" content=\"Escrito por\" \/>\n\t<meta name=\"twitter:data1\" content=\"UGT\" \/>\n\t<meta name=\"twitter:label2\" content=\"Tiempo de lectura\" \/>\n\t<meta name=\"twitter:data2\" content=\"2 minutos\" \/>\n<script type=\"application\/ld+json\" class=\"yoast-schema-graph\">{\"@context\":\"https:\\\/\\\/schema.org\",\"@graph\":[{\"@type\":\"Article\",\"@id\":\"https:\\\/\\\/www.ugtcomunicaciones.es\\\/wordpress\\\/ugt-uni-la-principal-patronal-europea-telecomunicaciones-claman-marco-regulador-estimule-empleo-crecimiento-economico-primer-acuerdo-estas-caracteristicas-sector\\\/#article\",\"isPartOf\":{\"@id\":\"https:\\\/\\\/www.ugtcomunicaciones.es\\\/wordpress\\\/ugt-uni-la-principal-patronal-europea-telecomunicaciones-claman-marco-regulador-estimule-empleo-crecimiento-economico-primer-acuerdo-estas-caracteristicas-sector\\\/\"},\"author\":{\"name\":\"UGT\",\"@id\":\"https:\\\/\\\/www.ugtcomunicaciones.es\\\/wordpress\\\/#\\\/schema\\\/person\\\/eba0fc3fe5b444531d94d4368cba89ed\"},\"headline\":\"UGT, UNI y la principal patronal europea de telecomunicaciones claman por un marco regulador que estimule el empleo y el crecimiento econ\u00f3mico Primer acuerdo de estas caracter\u00edsticas en nuestro Sector.\",\"datePublished\":\"2017-07-10T06:00:36+00:00\",\"dateModified\":\"2017-07-10T07:47:23+00:00\",\"mainEntityOfPage\":{\"@id\":\"https:\\\/\\\/www.ugtcomunicaciones.es\\\/wordpress\\\/ugt-uni-la-principal-patronal-europea-telecomunicaciones-claman-marco-regulador-estimule-empleo-crecimiento-economico-primer-acuerdo-estas-caracteristicas-sector\\\/\"},\"wordCount\":529,\"commentCount\":4,\"publisher\":{\"@id\":\"https:\\\/\\\/www.ugtcomunicaciones.es\\\/wordpress\\\/#organization\"},\"image\":{\"@id\":\"https:\\\/\\\/www.ugtcomunicaciones.es\\\/wordpress\\\/ugt-uni-la-principal-patronal-europea-telecomunicaciones-claman-marco-regulador-estimule-empleo-crecimiento-economico-primer-acuerdo-estas-caracteristicas-sector\\\/#primaryimage\"},\"thumbnailUrl\":\"https:\\\/\\\/www.ugtcomunicaciones.es\\\/wordpress\\\/wp-content\\\/uploads\\\/2017\\\/06\\\/apreton-mano.jpg\",\"articleSection\":[\"Opini\u00f3n\",\"Regulaci\u00f3n\"],\"inLanguage\":\"es\",\"potentialAction\":[{\"@type\":\"CommentAction\",\"name\":\"Comment\",\"target\":[\"https:\\\/\\\/www.ugtcomunicaciones.es\\\/wordpress\\\/ugt-uni-la-principal-patronal-europea-telecomunicaciones-claman-marco-regulador-estimule-empleo-crecimiento-economico-primer-acuerdo-estas-caracteristicas-sector\\\/#respond\"]}]},{\"@type\":\"WebPage\",\"@id\":\"https:\\\/\\\/www.ugtcomunicaciones.es\\\/wordpress\\\/ugt-uni-la-principal-patronal-europea-telecomunicaciones-claman-marco-regulador-estimule-empleo-crecimiento-economico-primer-acuerdo-estas-caracteristicas-sector\\\/\",\"url\":\"https:\\\/\\\/www.ugtcomunicaciones.es\\\/wordpress\\\/ugt-uni-la-principal-patronal-europea-telecomunicaciones-claman-marco-regulador-estimule-empleo-crecimiento-economico-primer-acuerdo-estas-caracteristicas-sector\\\/\",\"name\":\"UGT, UNI y la principal patronal europea de telecomunicaciones claman por un marco regulador que estimule el empleo y el crecimiento econ\u00f3mico Primer acuerdo de estas caracter\u00edsticas en nuestro Sector. - UGT Comunicaciones\",\"isPartOf\":{\"@id\":\"https:\\\/\\\/www.ugtcomunicaciones.es\\\/wordpress\\\/#website\"},\"primaryImageOfPage\":{\"@id\":\"https:\\\/\\\/www.ugtcomunicaciones.es\\\/wordpress\\\/ugt-uni-la-principal-patronal-europea-telecomunicaciones-claman-marco-regulador-estimule-empleo-crecimiento-economico-primer-acuerdo-estas-caracteristicas-sector\\\/#primaryimage\"},\"image\":{\"@id\":\"https:\\\/\\\/www.ugtcomunicaciones.es\\\/wordpress\\\/ugt-uni-la-principal-patronal-europea-telecomunicaciones-claman-marco-regulador-estimule-empleo-crecimiento-economico-primer-acuerdo-estas-caracteristicas-sector\\\/#primaryimage\"},\"thumbnailUrl\":\"https:\\\/\\\/www.ugtcomunicaciones.es\\\/wordpress\\\/wp-content\\\/uploads\\\/2017\\\/06\\\/apreton-mano.jpg\",\"datePublished\":\"2017-07-10T06:00:36+00:00\",\"dateModified\":\"2017-07-10T07:47:23+00:00\",\"breadcrumb\":{\"@id\":\"https:\\\/\\\/www.ugtcomunicaciones.es\\\/wordpress\\\/ugt-uni-la-principal-patronal-europea-telecomunicaciones-claman-marco-regulador-estimule-empleo-crecimiento-economico-primer-acuerdo-estas-caracteristicas-sector\\\/#breadcrumb\"},\"inLanguage\":\"es\",\"potentialAction\":[{\"@type\":\"ReadAction\",\"target\":[\"https:\\\/\\\/www.ugtcomunicaciones.es\\\/wordpress\\\/ugt-uni-la-principal-patronal-europea-telecomunicaciones-claman-marco-regulador-estimule-empleo-crecimiento-economico-primer-acuerdo-estas-caracteristicas-sector\\\/\"]}]},{\"@type\":\"ImageObject\",\"inLanguage\":\"es\",\"@id\":\"https:\\\/\\\/www.ugtcomunicaciones.es\\\/wordpress\\\/ugt-uni-la-principal-patronal-europea-telecomunicaciones-claman-marco-regulador-estimule-empleo-crecimiento-economico-primer-acuerdo-estas-caracteristicas-sector\\\/#primaryimage\",\"url\":\"https:\\\/\\\/www.ugtcomunicaciones.es\\\/wordpress\\\/wp-content\\\/uploads\\\/2017\\\/06\\\/apreton-mano.jpg\",\"contentUrl\":\"https:\\\/\\\/www.ugtcomunicaciones.es\\\/wordpress\\\/wp-content\\\/uploads\\\/2017\\\/06\\\/apreton-mano.jpg\",\"width\":425,\"height\":254},{\"@type\":\"BreadcrumbList\",\"@id\":\"https:\\\/\\\/www.ugtcomunicaciones.es\\\/wordpress\\\/ugt-uni-la-principal-patronal-europea-telecomunicaciones-claman-marco-regulador-estimule-empleo-crecimiento-economico-primer-acuerdo-estas-caracteristicas-sector\\\/#breadcrumb\",\"itemListElement\":[{\"@type\":\"ListItem\",\"position\":1,\"name\":\"Portada\",\"item\":\"https:\\\/\\\/www.ugtcomunicaciones.es\\\/wordpress\\\/\"},{\"@type\":\"ListItem\",\"position\":2,\"name\":\"UGT, UNI y la principal patronal europea de telecomunicaciones claman por un marco regulador que estimule el empleo y el crecimiento econ\u00f3mico Primer acuerdo de estas caracter\u00edsticas en nuestro Sector.\"}]},{\"@type\":\"WebSite\",\"@id\":\"https:\\\/\\\/www.ugtcomunicaciones.es\\\/wordpress\\\/#website\",\"url\":\"https:\\\/\\\/www.ugtcomunicaciones.es\\\/wordpress\\\/\",\"name\":\"UGT Comunicaciones\",\"description\":\"Sindicato de Telecomunicaciones\",\"publisher\":{\"@id\":\"https:\\\/\\\/www.ugtcomunicaciones.es\\\/wordpress\\\/#organization\"},\"potentialAction\":[{\"@type\":\"SearchAction\",\"target\":{\"@type\":\"EntryPoint\",\"urlTemplate\":\"https:\\\/\\\/www.ugtcomunicaciones.es\\\/wordpress\\\/?s={search_term_string}\"},\"query-input\":{\"@type\":\"PropertyValueSpecification\",\"valueRequired\":true,\"valueName\":\"search_term_string\"}}],\"inLanguage\":\"es\"},{\"@type\":\"Organization\",\"@id\":\"https:\\\/\\\/www.ugtcomunicaciones.es\\\/wordpress\\\/#organization\",\"name\":\"UGT Comunicaciones\",\"url\":\"https:\\\/\\\/www.ugtcomunicaciones.es\\\/wordpress\\\/\",\"logo\":{\"@type\":\"ImageObject\",\"inLanguage\":\"es\",\"@id\":\"https:\\\/\\\/www.ugtcomunicaciones.es\\\/wordpress\\\/#\\\/schema\\\/logo\\\/image\\\/\",\"url\":\"https:\\\/\\\/www.ugtcomunicaciones.es\\\/wordpress\\\/wp-content\\\/uploads\\\/2024\\\/04\\\/comunicaciones_logo.png\",\"contentUrl\":\"https:\\\/\\\/www.ugtcomunicaciones.es\\\/wordpress\\\/wp-content\\\/uploads\\\/2024\\\/04\\\/comunicaciones_logo.png\",\"width\":298,\"height\":81,\"caption\":\"UGT Comunicaciones\"},\"image\":{\"@id\":\"https:\\\/\\\/www.ugtcomunicaciones.es\\\/wordpress\\\/#\\\/schema\\\/logo\\\/image\\\/\"},\"sameAs\":[\"https:\\\/\\\/www.facebook.com\\\/ugt.comunicaciones\\\/\",\"https:\\\/\\\/x.com\\\/ugtcom\"]},{\"@type\":\"Person\",\"@id\":\"https:\\\/\\\/www.ugtcomunicaciones.es\\\/wordpress\\\/#\\\/schema\\\/person\\\/eba0fc3fe5b444531d94d4368cba89ed\",\"name\":\"UGT\",\"image\":{\"@type\":\"ImageObject\",\"inLanguage\":\"es\",\"@id\":\"https:\\\/\\\/secure.gravatar.com\\\/avatar\\\/2a16057d620a4c646bcfc171c4f23030879ebbdd346f0525bd5d4a564e57e13d?s=96&d=mm&r=g\",\"url\":\"https:\\\/\\\/secure.gravatar.com\\\/avatar\\\/2a16057d620a4c646bcfc171c4f23030879ebbdd346f0525bd5d4a564e57e13d?s=96&d=mm&r=g\",\"contentUrl\":\"https:\\\/\\\/secure.gravatar.com\\\/avatar\\\/2a16057d620a4c646bcfc171c4f23030879ebbdd346f0525bd5d4a564e57e13d?s=96&d=mm&r=g\",\"caption\":\"UGT\"}}]}<\/script>\n<!-- \/ Yoast SEO Premium plugin. -->","yoast_head_json":{"title":"UGT, UNI y la principal patronal europea de telecomunicaciones claman por un marco regulador que estimule el empleo y el crecimiento econ\u00f3mico Primer acuerdo de estas caracter\u00edsticas en nuestro Sector. - UGT Comunicaciones","robots":{"index":"index","follow":"follow","max-snippet":"max-snippet:-1","max-image-preview":"max-image-preview:large","max-video-preview":"max-video-preview:-1"},"canonical":"https:\/\/www.ugtcomunicaciones.es\/wordpress\/ugt-uni-la-principal-patronal-europea-telecomunicaciones-claman-marco-regulador-estimule-empleo-crecimiento-economico-primer-acuerdo-estas-caracteristicas-sector\/","og_locale":"es_ES","og_type":"article","og_title":"UGT, UNI y la principal patronal europea de telecomunicaciones claman por un marco regulador que estimule el empleo y el crecimiento econ\u00f3mico Primer acuerdo de estas caracter\u00edsticas en nuestro Sector.","og_description":"Las iniciativas de UGT Comunicaciones de viajar a Bruselas para defender el empleo y las condiciones laborales en nuestro sector comienzan a tener resultados[1]. En estrecha colaboraci\u00f3n con UNI-ICTS[2], la patronal de las principales telecos europeas (ETNO[3]), hemos acordado un posicionamiento conjunto de los interlocutores sociales para conformar una normativa sectorial que estimule la creaci\u00f3n [&hellip;]","og_url":"https:\/\/www.ugtcomunicaciones.es\/wordpress\/ugt-uni-la-principal-patronal-europea-telecomunicaciones-claman-marco-regulador-estimule-empleo-crecimiento-economico-primer-acuerdo-estas-caracteristicas-sector\/","og_site_name":"UGT Comunicaciones","article_publisher":"https:\/\/www.facebook.com\/ugt.comunicaciones\/","article_published_time":"2017-07-10T06:00:36+00:00","article_modified_time":"2017-07-10T07:47:23+00:00","og_image":[{"width":425,"height":254,"url":"https:\/\/www.ugtcomunicaciones.es\/wordpress\/wp-content\/uploads\/2017\/06\/apreton-mano.jpg","type":"image\/jpeg"}],"author":"UGT","twitter_card":"summary_large_image","twitter_creator":"@ugtcom","twitter_site":"@ugtcom","twitter_misc":{"Escrito por":"UGT","Tiempo de lectura":"2 minutos"},"schema":{"@context":"https:\/\/schema.org","@graph":[{"@type":"Article","@id":"https:\/\/www.ugtcomunicaciones.es\/wordpress\/ugt-uni-la-principal-patronal-europea-telecomunicaciones-claman-marco-regulador-estimule-empleo-crecimiento-economico-primer-acuerdo-estas-caracteristicas-sector\/#article","isPartOf":{"@id":"https:\/\/www.ugtcomunicaciones.es\/wordpress\/ugt-uni-la-principal-patronal-europea-telecomunicaciones-claman-marco-regulador-estimule-empleo-crecimiento-economico-primer-acuerdo-estas-caracteristicas-sector\/"},"author":{"name":"UGT","@id":"https:\/\/www.ugtcomunicaciones.es\/wordpress\/#\/schema\/person\/eba0fc3fe5b444531d94d4368cba89ed"},"headline":"UGT, UNI y la principal patronal europea de telecomunicaciones claman por un marco regulador que estimule el empleo y el crecimiento econ\u00f3mico Primer acuerdo de estas caracter\u00edsticas en nuestro Sector.","datePublished":"2017-07-10T06:00:36+00:00","dateModified":"2017-07-10T07:47:23+00:00","mainEntityOfPage":{"@id":"https:\/\/www.ugtcomunicaciones.es\/wordpress\/ugt-uni-la-principal-patronal-europea-telecomunicaciones-claman-marco-regulador-estimule-empleo-crecimiento-economico-primer-acuerdo-estas-caracteristicas-sector\/"},"wordCount":529,"commentCount":4,"publisher":{"@id":"https:\/\/www.ugtcomunicaciones.es\/wordpress\/#organization"},"image":{"@id":"https:\/\/www.ugtcomunicaciones.es\/wordpress\/ugt-uni-la-principal-patronal-europea-telecomunicaciones-claman-marco-regulador-estimule-empleo-crecimiento-economico-primer-acuerdo-estas-caracteristicas-sector\/#primaryimage"},"thumbnailUrl":"https:\/\/www.ugtcomunicaciones.es\/wordpress\/wp-content\/uploads\/2017\/06\/apreton-mano.jpg","articleSection":["Opini\u00f3n","Regulaci\u00f3n"],"inLanguage":"es","potentialAction":[{"@type":"CommentAction","name":"Comment","target":["https:\/\/www.ugtcomunicaciones.es\/wordpress\/ugt-uni-la-principal-patronal-europea-telecomunicaciones-claman-marco-regulador-estimule-empleo-crecimiento-economico-primer-acuerdo-estas-caracteristicas-sector\/#respond"]}]},{"@type":"WebPage","@id":"https:\/\/www.ugtcomunicaciones.es\/wordpress\/ugt-uni-la-principal-patronal-europea-telecomunicaciones-claman-marco-regulador-estimule-empleo-crecimiento-economico-primer-acuerdo-estas-caracteristicas-sector\/","url":"https:\/\/www.ugtcomunicaciones.es\/wordpress\/ugt-uni-la-principal-patronal-europea-telecomunicaciones-claman-marco-regulador-estimule-empleo-crecimiento-economico-primer-acuerdo-estas-caracteristicas-sector\/","name":"UGT, UNI y la principal patronal europea de telecomunicaciones claman por un marco regulador que estimule el empleo y el crecimiento econ\u00f3mico Primer acuerdo de estas caracter\u00edsticas en nuestro Sector. - UGT Comunicaciones","isPartOf":{"@id":"https:\/\/www.ugtcomunicaciones.es\/wordpress\/#website"},"primaryImageOfPage":{"@id":"https:\/\/www.ugtcomunicaciones.es\/wordpress\/ugt-uni-la-principal-patronal-europea-telecomunicaciones-claman-marco-regulador-estimule-empleo-crecimiento-economico-primer-acuerdo-estas-caracteristicas-sector\/#primaryimage"},"image":{"@id":"https:\/\/www.ugtcomunicaciones.es\/wordpress\/ugt-uni-la-principal-patronal-europea-telecomunicaciones-claman-marco-regulador-estimule-empleo-crecimiento-economico-primer-acuerdo-estas-caracteristicas-sector\/#primaryimage"},"thumbnailUrl":"https:\/\/www.ugtcomunicaciones.es\/wordpress\/wp-content\/uploads\/2017\/06\/apreton-mano.jpg","datePublished":"2017-07-10T06:00:36+00:00","dateModified":"2017-07-10T07:47:23+00:00","breadcrumb":{"@id":"https:\/\/www.ugtcomunicaciones.es\/wordpress\/ugt-uni-la-principal-patronal-europea-telecomunicaciones-claman-marco-regulador-estimule-empleo-crecimiento-economico-primer-acuerdo-estas-caracteristicas-sector\/#breadcrumb"},"inLanguage":"es","potentialAction":[{"@type":"ReadAction","target":["https:\/\/www.ugtcomunicaciones.es\/wordpress\/ugt-uni-la-principal-patronal-europea-telecomunicaciones-claman-marco-regulador-estimule-empleo-crecimiento-economico-primer-acuerdo-estas-caracteristicas-sector\/"]}]},{"@type":"ImageObject","inLanguage":"es","@id":"https:\/\/www.ugtcomunicaciones.es\/wordpress\/ugt-uni-la-principal-patronal-europea-telecomunicaciones-claman-marco-regulador-estimule-empleo-crecimiento-economico-primer-acuerdo-estas-caracteristicas-sector\/#primaryimage","url":"https:\/\/www.ugtcomunicaciones.es\/wordpress\/wp-content\/uploads\/2017\/06\/apreton-mano.jpg","contentUrl":"https:\/\/www.ugtcomunicaciones.es\/wordpress\/wp-content\/uploads\/2017\/06\/apreton-mano.jpg","width":425,"height":254},{"@type":"BreadcrumbList","@id":"https:\/\/www.ugtcomunicaciones.es\/wordpress\/ugt-uni-la-principal-patronal-europea-telecomunicaciones-claman-marco-regulador-estimule-empleo-crecimiento-economico-primer-acuerdo-estas-caracteristicas-sector\/#breadcrumb","itemListElement":[{"@type":"ListItem","position":1,"name":"Portada","item":"https:\/\/www.ugtcomunicaciones.es\/wordpress\/"},{"@type":"ListItem","position":2,"name":"UGT, UNI y la principal patronal europea de telecomunicaciones claman por un marco regulador que estimule el empleo y el crecimiento econ\u00f3mico Primer acuerdo de estas caracter\u00edsticas en nuestro Sector."}]},{"@type":"WebSite","@id":"https:\/\/www.ugtcomunicaciones.es\/wordpress\/#website","url":"https:\/\/www.ugtcomunicaciones.es\/wordpress\/","name":"UGT Comunicaciones","description":"Sindicato de Telecomunicaciones","publisher":{"@id":"https:\/\/www.ugtcomunicaciones.es\/wordpress\/#organization"},"potentialAction":[{"@type":"SearchAction","target":{"@type":"EntryPoint","urlTemplate":"https:\/\/www.ugtcomunicaciones.es\/wordpress\/?s={search_term_string}"},"query-input":{"@type":"PropertyValueSpecification","valueRequired":true,"valueName":"search_term_string"}}],"inLanguage":"es"},{"@type":"Organization","@id":"https:\/\/www.ugtcomunicaciones.es\/wordpress\/#organization","name":"UGT Comunicaciones","url":"https:\/\/www.ugtcomunicaciones.es\/wordpress\/","logo":{"@type":"ImageObject","inLanguage":"es","@id":"https:\/\/www.ugtcomunicaciones.es\/wordpress\/#\/schema\/logo\/image\/","url":"https:\/\/www.ugtcomunicaciones.es\/wordpress\/wp-content\/uploads\/2024\/04\/comunicaciones_logo.png","contentUrl":"https:\/\/www.ugtcomunicaciones.es\/wordpress\/wp-content\/uploads\/2024\/04\/comunicaciones_logo.png","width":298,"height":81,"caption":"UGT Comunicaciones"},"image":{"@id":"https:\/\/www.ugtcomunicaciones.es\/wordpress\/#\/schema\/logo\/image\/"},"sameAs":["https:\/\/www.facebook.com\/ugt.comunicaciones\/","https:\/\/x.com\/ugtcom"]},{"@type":"Person","@id":"https:\/\/www.ugtcomunicaciones.es\/wordpress\/#\/schema\/person\/eba0fc3fe5b444531d94d4368cba89ed","name":"UGT","image":{"@type":"ImageObject","inLanguage":"es","@id":"https:\/\/secure.gravatar.com\/avatar\/2a16057d620a4c646bcfc171c4f23030879ebbdd346f0525bd5d4a564e57e13d?s=96&d=mm&r=g","url":"https:\/\/secure.gravatar.com\/avatar\/2a16057d620a4c646bcfc171c4f23030879ebbdd346f0525bd5d4a564e57e13d?s=96&d=mm&r=g","contentUrl":"https:\/\/secure.gravatar.com\/avatar\/2a16057d620a4c646bcfc171c4f23030879ebbdd346f0525bd5d4a564e57e13d?s=96&d=mm&r=g","caption":"UGT"}}]}},"_links":{"self":[{"href":"https:\/\/www.ugtcomunicaciones.es\/wordpress\/wp-json\/wp\/v2\/posts\/1927","targetHints":{"allow":["GET"]}}],"collection":[{"href":"https:\/\/www.ugtcomunicaciones.es\/wordpress\/wp-json\/wp\/v2\/posts"}],"about":[{"href":"https:\/\/www.ugtcomunicaciones.es\/wordpress\/wp-json\/wp\/v2\/types\/post"}],"author":[{"embeddable":true,"href":"https:\/\/www.ugtcomunicaciones.es\/wordpress\/wp-json\/wp\/v2\/users\/3"}],"replies":[{"embeddable":true,"href":"https:\/\/www.ugtcomunicaciones.es\/wordpress\/wp-json\/wp\/v2\/comments?post=1927"}],"version-history":[{"count":0,"href":"https:\/\/www.ugtcomunicaciones.es\/wordpress\/wp-json\/wp\/v2\/posts\/1927\/revisions"}],"wp:featuredmedia":[{"embeddable":true,"href":"https:\/\/www.ugtcomunicaciones.es\/wordpress\/wp-json\/wp\/v2\/media\/1928"}],"wp:attachment":[{"href":"https:\/\/www.ugtcomunicaciones.es\/wordpress\/wp-json\/wp\/v2\/media?parent=1927"}],"wp:term":[{"taxonomy":"category","embeddable":true,"href":"https:\/\/www.ugtcomunicaciones.es\/wordpress\/wp-json\/wp\/v2\/categories?post=1927"},{"taxonomy":"post_tag","embeddable":true,"href":"https:\/\/www.ugtcomunicaciones.es\/wordpress\/wp-json\/wp\/v2\/tags?post=1927"}],"curies":[{"name":"wp","href":"https:\/\/api.w.org\/{rel}","templated":true}]}}