{"id":1969,"date":"2017-07-10T08:00:59","date_gmt":"2017-07-10T06:00:59","guid":{"rendered":"http:\/\/ugtcomunicaciones.es\/wordpress\/?p=1969"},"modified":"2017-07-10T09:55:24","modified_gmt":"2017-07-10T07:55:24","slug":"dar-cobertura-ftth-todos-la-ue-costaria-156-000-me","status":"publish","type":"post","link":"https:\/\/www.ugtcomunicaciones.es\/wordpress\/dar-cobertura-ftth-todos-la-ue-costaria-156-000-me\/","title":{"rendered":"Dar cobertura FTTH para todos en la UE costar\u00eda 156.000 M\u20ac"},"content":{"rendered":"<p style=\"text-align: justify;\">FTTH Council Europe, una de las organizaciones industriales m\u00e1s importantes de Europa<img decoding=\"async\" class=\"size-full wp-image-1970 alignright lazyload\" data-src=\"http:\/\/ugtcomunicaciones.es\/wordpress\/wp-content\/uploads\/2017\/06\/fhce.png\" alt=\"\" width=\"176\" height=\"71\" src=\"data:image\/svg+xml;base64,PHN2ZyB3aWR0aD0iMSIgaGVpZ2h0PSIxIiB4bWxucz0iaHR0cDovL3d3dy53My5vcmcvMjAwMC9zdmciPjwvc3ZnPg==\" style=\"--smush-placeholder-width: 176px; --smush-placeholder-aspect-ratio: 176\/71;\" \/> en el entorno de las redes de fibra \u00f3ptica hasta el hogar, y que cuenta como miembros a empresas tan reconocibles de nuestro sector como Nokia, Mitsubishi, Huawei o Ericsson, ha publicado un estudio actualizado que cifra en 156.000 millones de euros el coste para dar cobertura plena de fibra en toda la Uni\u00f3n Europea<a href=\"#_ftn1\" name=\"_ftnref1\">[1]<\/a>.<\/p>\n<p style=\"text-align: justify;\">El modelo de coste supone la conexi\u00f3n mediante FTTH del 50% de los hogares de la Uni\u00f3n, con el 100% pasado por fibra.<\/p>\n<p style=\"text-align: justify;\">Pero esta cifra podr\u00eda reducirse en un 12%, hasta los 137 mil millones, si se reutilizasen de forma correcta las infraestructuras pasivas existentes y aplicando de forma eficaz la directiva de reducci\u00f3n de costes, coordinando las obras civiles entre las empresas interesadas<a href=\"#_ftn2\" name=\"_ftnref2\">[2]<\/a>.<\/p>\n<p style=\"text-align: justify;\">De forma complementaria a la presentaci\u00f3n de este estudio, FTTH Council ha presentado<a href=\"#_ftn3\" name=\"_ftnref3\">[3]<\/a>, con la ayuda de IDATE, los \u00faltimos datos de penetraci\u00f3n de esta tecnolog\u00eda, a fecha de septiembre de 2016.<\/p>\n<p style=\"text-align: justify;\">De este modo, la penetraci\u00f3n de las soluciones FTTH\/B alcanza ya el 9,4% en la UE, con un incremento interanual de conexiones superior al 23%, hasta los 44,3 millones de clientes de aumento entre 2015 y 2016. Los hogares pasados por cifra suben hasta los 148 millones en los 39 pa\u00edses analizados; en la UE28 el n\u00famero de clientes de fibra est\u00e1 entorno a las 20 millones y medio.<\/p>\n<p style=\"text-align: justify;\">El ranking europeo por pa\u00edses sumando las tecnolog\u00edas FTTH y FTTB est\u00e1 liderado por Letonia, seguido muy cerca por Suecia y Lituania. Si nos ce\u00f1imos al FTTH, la primera ser\u00eda Noruega, con un 28% de hogares pasados. Le siguen Portugal con un 26% y Espa\u00f1a con 25%:<\/p>\n<p style=\"text-align: justify;\"><img decoding=\"async\" class=\"size-full wp-image-1971 aligncenter lazyload\" data-src=\"http:\/\/ugtcomunicaciones.es\/wordpress\/wp-content\/uploads\/2017\/06\/implantacion.png\" alt=\"\" width=\"738\" height=\"458\" data-srcset=\"https:\/\/www.ugtcomunicaciones.es\/wordpress\/wp-content\/uploads\/2017\/06\/implantacion.png 738w, https:\/\/www.ugtcomunicaciones.es\/wordpress\/wp-content\/uploads\/2017\/06\/implantacion-300x186.png 300w, https:\/\/www.ugtcomunicaciones.es\/wordpress\/wp-content\/uploads\/2017\/06\/implantacion-677x420.png 677w, https:\/\/www.ugtcomunicaciones.es\/wordpress\/wp-content\/uploads\/2017\/06\/implantacion-640x397.png 640w, https:\/\/www.ugtcomunicaciones.es\/wordpress\/wp-content\/uploads\/2017\/06\/implantacion-681x423.png 681w\" data-sizes=\"(max-width: 738px) 100vw, 738px\" src=\"data:image\/svg+xml;base64,PHN2ZyB3aWR0aD0iMSIgaGVpZ2h0PSIxIiB4bWxucz0iaHR0cDovL3d3dy53My5vcmcvMjAwMC9zdmciPjwvc3ZnPg==\" style=\"--smush-placeholder-width: 738px; --smush-placeholder-aspect-ratio: 738\/458;\" \/><\/p>\n<p style=\"text-align: justify;\">Desde el punto de vista de las previsiones a corto plazo, Rusia liderar\u00e1 en 2019 el indicador de hogares pasados por fibra, con Espa\u00f1a a continuaci\u00f3n:<\/p>\n<p style=\"text-align: justify;\"><img decoding=\"async\" class=\"size-full wp-image-1972 aligncenter lazyload\" data-src=\"http:\/\/ugtcomunicaciones.es\/wordpress\/wp-content\/uploads\/2017\/06\/barras-10-07-2017.png\" alt=\"\" width=\"642\" height=\"217\" data-srcset=\"https:\/\/www.ugtcomunicaciones.es\/wordpress\/wp-content\/uploads\/2017\/06\/barras-10-07-2017.png 642w, https:\/\/www.ugtcomunicaciones.es\/wordpress\/wp-content\/uploads\/2017\/06\/barras-10-07-2017-300x101.png 300w, https:\/\/www.ugtcomunicaciones.es\/wordpress\/wp-content\/uploads\/2017\/06\/barras-10-07-2017-640x217.png 640w\" data-sizes=\"(max-width: 642px) 100vw, 642px\" src=\"data:image\/svg+xml;base64,PHN2ZyB3aWR0aD0iMSIgaGVpZ2h0PSIxIiB4bWxucz0iaHR0cDovL3d3dy53My5vcmcvMjAwMC9zdmciPjwvc3ZnPg==\" style=\"--smush-placeholder-width: 642px; --smush-placeholder-aspect-ratio: 642\/217;\" \/><\/p>\n<p style=\"text-align: justify;\">Finalmente, la panor\u00e1mica internacional que presentan los datos de FTTH Council e IDATE sigue otorgando una clara preponderancia a los pa\u00edses asi\u00e1ticos \u2013 Corea del Sur<a href=\"#_ftn4\" name=\"_ftnref4\">[4]<\/a>, Singapur<a href=\"#_ftn5\" name=\"_ftnref5\">[5]<\/a>, Hong Kong, Jap\u00f3n-, con los primeros pa\u00edses europeos a partir del octavo puesto, y Espa\u00f1a en 19\u00ba:<\/p>\n<p style=\"text-align: justify;\"><img decoding=\"async\" class=\"size-full wp-image-1973 aligncenter lazyload\" data-src=\"http:\/\/ugtcomunicaciones.es\/wordpress\/wp-content\/uploads\/2017\/06\/implantacion-mundial-10-07-2017.png\" alt=\"\" width=\"741\" height=\"479\" data-srcset=\"https:\/\/www.ugtcomunicaciones.es\/wordpress\/wp-content\/uploads\/2017\/06\/implantacion-mundial-10-07-2017.png 741w, https:\/\/www.ugtcomunicaciones.es\/wordpress\/wp-content\/uploads\/2017\/06\/implantacion-mundial-10-07-2017-300x194.png 300w, https:\/\/www.ugtcomunicaciones.es\/wordpress\/wp-content\/uploads\/2017\/06\/implantacion-mundial-10-07-2017-650x420.png 650w, https:\/\/www.ugtcomunicaciones.es\/wordpress\/wp-content\/uploads\/2017\/06\/implantacion-mundial-10-07-2017-341x220.png 341w, https:\/\/www.ugtcomunicaciones.es\/wordpress\/wp-content\/uploads\/2017\/06\/implantacion-mundial-10-07-2017-640x414.png 640w, https:\/\/www.ugtcomunicaciones.es\/wordpress\/wp-content\/uploads\/2017\/06\/implantacion-mundial-10-07-2017-681x440.png 681w\" data-sizes=\"(max-width: 741px) 100vw, 741px\" src=\"data:image\/svg+xml;base64,PHN2ZyB3aWR0aD0iMSIgaGVpZ2h0PSIxIiB4bWxucz0iaHR0cDovL3d3dy53My5vcmcvMjAwMC9zdmciPjwvc3ZnPg==\" style=\"--smush-placeholder-width: 741px; --smush-placeholder-aspect-ratio: 741\/479;\" \/><img decoding=\"async\" class=\"size-full wp-image-2005 alignright lazyload\" data-src=\"http:\/\/ugtcomunicaciones.es\/wordpress\/wp-content\/uploads\/2017\/07\/Firma-UGT.png\" alt=\"\" width=\"252\" height=\"49\" src=\"data:image\/svg+xml;base64,PHN2ZyB3aWR0aD0iMSIgaGVpZ2h0PSIxIiB4bWxucz0iaHR0cDovL3d3dy53My5vcmcvMjAwMC9zdmciPjwvc3ZnPg==\" style=\"--smush-placeholder-width: 252px; --smush-placeholder-aspect-ratio: 252\/49;\" \/><\/p>\n<p>&nbsp;<\/p>\n<p>&nbsp;<\/p>\n<p><span style=\"font-size: xx-small;\"><a href=\"#_ftnref1\" name=\"_ftn1\">[1]<\/a> <a href=\"http:\/\/www.ftthcouncil.eu\/home\/latest-news\/cost-study-deploying-ftth-throughout-eu?news_id=3763&amp;back=\/home\" target=\"_blank\" rel=\"noopener noreferrer\">http:\/\/www.ftthcouncil.eu\/home\/latest-news\/cost-study-deploying-ftth-throughout-eu?news_id=3763&amp;back=\/home<\/a><br \/>\n<a href=\"#_ftnref2\" name=\"_ftn2\">[2]<\/a> <a href=\"http:\/\/smcugt.org\/archivos\/elementos\/2016\/el_gobierno_transpone_la_directiva_de_reduccion.pdf\" target=\"_blank\" rel=\"noopener noreferrer\">http:\/\/smcugt.org\/archivos\/elementos\/2016\/el_gobierno_transpone_la_directiva_de_reduccion.pdf<\/a><br \/>\n<a href=\"#_ftnref3\" name=\"_ftn3\">[3]<\/a> <a href=\"http:\/\/ftthcouncil.eu\/documents\/PressReleases\/2017\/PR20170215_FTTHranking_panorama_award.pdf\" target=\"_blank\" rel=\"noopener noreferrer\">http:\/\/ftthcouncil.eu\/documents\/PressReleases\/2017\/PR20170215_FTTHranking_panorama_award.pdf<\/a><br \/>\n<a href=\"#_ftnref4\" name=\"_ftn4\">[4]<\/a> <a href=\"http:\/\/smcugt.org\/archivos\/elementos\/2016\/corea_la_mejor_red_de_fibra_del_mundo.pdf\" target=\"_blank\" rel=\"noopener noreferrer\">http:\/\/smcugt.org\/archivos\/elementos\/2016\/corea_la_mejor_red_de_fibra_del_mundo.pdf<\/a><br \/>\n<a href=\"#_ftnref5\" name=\"_ftn5\">[5]<\/a> <a href=\"http:\/\/www.smcugt.org\/archivos\/elementos\/2015\/singapur_primer_pais_del_mundo.pdf\" target=\"_blank\" rel=\"noopener noreferrer\">http:\/\/www.smcugt.org\/archivos\/elementos\/2015\/singapur_primer_pais_del_mundo.pdf<\/a><\/span><\/p>\n","protected":false},"excerpt":{"rendered":"<p>FTTH Council Europe, una de las organizaciones industriales m\u00e1s importantes de Europa en el entorno de las redes de fibra \u00f3ptica hasta el hogar, y que cuenta como miembros a empresas tan reconocibles de nuestro sector como Nokia, Mitsubishi, Huawei o Ericsson, ha publicado un estudio actualizado que cifra en 156.000 millones de euros el [&hellip;]<\/p>\n","protected":false},"author":3,"featured_media":1974,"comment_status":"open","ping_status":"closed","sticky":false,"template":"","format":"standard","meta":{"footnotes":""},"categories":[13,12],"tags":[],"class_list":["post-1969","post","type-post","status-publish","format-standard","has-post-thumbnail","hentry","category-mercado-comunicaciones","category-regulacion"],"yoast_head":"<!-- This site is optimized with the Yoast SEO Premium plugin v27.3 (Yoast SEO v27.4) - https:\/\/yoast.com\/product\/yoast-seo-premium-wordpress\/ -->\n<title>Dar cobertura FTTH para todos en la UE costar\u00eda 156.000 M\u20ac - UGT Comunicaciones<\/title>\n<meta name=\"robots\" content=\"index, follow, max-snippet:-1, max-image-preview:large, max-video-preview:-1\" \/>\n<link rel=\"canonical\" href=\"https:\/\/www.ugtcomunicaciones.es\/wordpress\/dar-cobertura-ftth-todos-la-ue-costaria-156-000-me\/\" \/>\n<meta property=\"og:locale\" content=\"es_ES\" \/>\n<meta property=\"og:type\" content=\"article\" \/>\n<meta property=\"og:title\" content=\"Dar cobertura FTTH para todos en la UE costar\u00eda 156.000 M\u20ac\" \/>\n<meta property=\"og:description\" content=\"FTTH Council Europe, una de las organizaciones industriales m\u00e1s importantes de Europa en el entorno de las redes de fibra \u00f3ptica hasta el hogar, y que cuenta como miembros a empresas tan reconocibles de nuestro sector como Nokia, Mitsubishi, Huawei o Ericsson, ha publicado un estudio actualizado que cifra en 156.000 millones de euros el [&hellip;]\" \/>\n<meta property=\"og:url\" content=\"https:\/\/www.ugtcomunicaciones.es\/wordpress\/dar-cobertura-ftth-todos-la-ue-costaria-156-000-me\/\" \/>\n<meta property=\"og:site_name\" content=\"UGT Comunicaciones\" \/>\n<meta property=\"article:publisher\" content=\"https:\/\/www.facebook.com\/ugt.comunicaciones\/\" \/>\n<meta property=\"article:published_time\" content=\"2017-07-10T06:00:59+00:00\" \/>\n<meta property=\"article:modified_time\" content=\"2017-07-10T07:55:24+00:00\" \/>\n<meta property=\"og:image\" content=\"https:\/\/www.ugtcomunicaciones.es\/wordpress\/wp-content\/uploads\/2017\/06\/redes-ftth-tecnologia-.png\" \/>\n\t<meta property=\"og:image:width\" content=\"388\" \/>\n\t<meta property=\"og:image:height\" content=\"277\" \/>\n\t<meta property=\"og:image:type\" content=\"image\/png\" \/>\n<meta name=\"author\" content=\"UGT\" \/>\n<meta name=\"twitter:card\" content=\"summary_large_image\" \/>\n<meta name=\"twitter:creator\" content=\"@ugtcom\" \/>\n<meta name=\"twitter:site\" content=\"@ugtcom\" \/>\n<meta name=\"twitter:label1\" content=\"Escrito por\" \/>\n\t<meta name=\"twitter:data1\" content=\"UGT\" \/>\n\t<meta name=\"twitter:label2\" content=\"Tiempo de lectura\" \/>\n\t<meta name=\"twitter:data2\" content=\"2 minutos\" \/>\n<script type=\"application\/ld+json\" class=\"yoast-schema-graph\">{\"@context\":\"https:\\\/\\\/schema.org\",\"@graph\":[{\"@type\":\"Article\",\"@id\":\"https:\\\/\\\/www.ugtcomunicaciones.es\\\/wordpress\\\/dar-cobertura-ftth-todos-la-ue-costaria-156-000-me\\\/#article\",\"isPartOf\":{\"@id\":\"https:\\\/\\\/www.ugtcomunicaciones.es\\\/wordpress\\\/dar-cobertura-ftth-todos-la-ue-costaria-156-000-me\\\/\"},\"author\":{\"name\":\"UGT\",\"@id\":\"https:\\\/\\\/www.ugtcomunicaciones.es\\\/wordpress\\\/#\\\/schema\\\/person\\\/eba0fc3fe5b444531d94d4368cba89ed\"},\"headline\":\"Dar cobertura FTTH para todos en la UE costar\u00eda 156.000 M\u20ac\",\"datePublished\":\"2017-07-10T06:00:59+00:00\",\"dateModified\":\"2017-07-10T07:55:24+00:00\",\"mainEntityOfPage\":{\"@id\":\"https:\\\/\\\/www.ugtcomunicaciones.es\\\/wordpress\\\/dar-cobertura-ftth-todos-la-ue-costaria-156-000-me\\\/\"},\"wordCount\":430,\"commentCount\":0,\"publisher\":{\"@id\":\"https:\\\/\\\/www.ugtcomunicaciones.es\\\/wordpress\\\/#organization\"},\"image\":{\"@id\":\"https:\\\/\\\/www.ugtcomunicaciones.es\\\/wordpress\\\/dar-cobertura-ftth-todos-la-ue-costaria-156-000-me\\\/#primaryimage\"},\"thumbnailUrl\":\"https:\\\/\\\/www.ugtcomunicaciones.es\\\/wordpress\\\/wp-content\\\/uploads\\\/2017\\\/06\\\/redes-ftth-tecnologia-.png\",\"articleSection\":[\"Mercado Comunicaciones\",\"Regulaci\u00f3n\"],\"inLanguage\":\"es\",\"potentialAction\":[{\"@type\":\"CommentAction\",\"name\":\"Comment\",\"target\":[\"https:\\\/\\\/www.ugtcomunicaciones.es\\\/wordpress\\\/dar-cobertura-ftth-todos-la-ue-costaria-156-000-me\\\/#respond\"]}]},{\"@type\":\"WebPage\",\"@id\":\"https:\\\/\\\/www.ugtcomunicaciones.es\\\/wordpress\\\/dar-cobertura-ftth-todos-la-ue-costaria-156-000-me\\\/\",\"url\":\"https:\\\/\\\/www.ugtcomunicaciones.es\\\/wordpress\\\/dar-cobertura-ftth-todos-la-ue-costaria-156-000-me\\\/\",\"name\":\"Dar cobertura FTTH para todos en la UE costar\u00eda 156.000 M\u20ac - UGT Comunicaciones\",\"isPartOf\":{\"@id\":\"https:\\\/\\\/www.ugtcomunicaciones.es\\\/wordpress\\\/#website\"},\"primaryImageOfPage\":{\"@id\":\"https:\\\/\\\/www.ugtcomunicaciones.es\\\/wordpress\\\/dar-cobertura-ftth-todos-la-ue-costaria-156-000-me\\\/#primaryimage\"},\"image\":{\"@id\":\"https:\\\/\\\/www.ugtcomunicaciones.es\\\/wordpress\\\/dar-cobertura-ftth-todos-la-ue-costaria-156-000-me\\\/#primaryimage\"},\"thumbnailUrl\":\"https:\\\/\\\/www.ugtcomunicaciones.es\\\/wordpress\\\/wp-content\\\/uploads\\\/2017\\\/06\\\/redes-ftth-tecnologia-.png\",\"datePublished\":\"2017-07-10T06:00:59+00:00\",\"dateModified\":\"2017-07-10T07:55:24+00:00\",\"breadcrumb\":{\"@id\":\"https:\\\/\\\/www.ugtcomunicaciones.es\\\/wordpress\\\/dar-cobertura-ftth-todos-la-ue-costaria-156-000-me\\\/#breadcrumb\"},\"inLanguage\":\"es\",\"potentialAction\":[{\"@type\":\"ReadAction\",\"target\":[\"https:\\\/\\\/www.ugtcomunicaciones.es\\\/wordpress\\\/dar-cobertura-ftth-todos-la-ue-costaria-156-000-me\\\/\"]}]},{\"@type\":\"ImageObject\",\"inLanguage\":\"es\",\"@id\":\"https:\\\/\\\/www.ugtcomunicaciones.es\\\/wordpress\\\/dar-cobertura-ftth-todos-la-ue-costaria-156-000-me\\\/#primaryimage\",\"url\":\"https:\\\/\\\/www.ugtcomunicaciones.es\\\/wordpress\\\/wp-content\\\/uploads\\\/2017\\\/06\\\/redes-ftth-tecnologia-.png\",\"contentUrl\":\"https:\\\/\\\/www.ugtcomunicaciones.es\\\/wordpress\\\/wp-content\\\/uploads\\\/2017\\\/06\\\/redes-ftth-tecnologia-.png\",\"width\":388,\"height\":277},{\"@type\":\"BreadcrumbList\",\"@id\":\"https:\\\/\\\/www.ugtcomunicaciones.es\\\/wordpress\\\/dar-cobertura-ftth-todos-la-ue-costaria-156-000-me\\\/#breadcrumb\",\"itemListElement\":[{\"@type\":\"ListItem\",\"position\":1,\"name\":\"Portada\",\"item\":\"https:\\\/\\\/www.ugtcomunicaciones.es\\\/wordpress\\\/\"},{\"@type\":\"ListItem\",\"position\":2,\"name\":\"Dar cobertura FTTH para todos en la UE costar\u00eda 156.000 M\u20ac\"}]},{\"@type\":\"WebSite\",\"@id\":\"https:\\\/\\\/www.ugtcomunicaciones.es\\\/wordpress\\\/#website\",\"url\":\"https:\\\/\\\/www.ugtcomunicaciones.es\\\/wordpress\\\/\",\"name\":\"UGT Comunicaciones\",\"description\":\"Sindicato de Telecomunicaciones\",\"publisher\":{\"@id\":\"https:\\\/\\\/www.ugtcomunicaciones.es\\\/wordpress\\\/#organization\"},\"potentialAction\":[{\"@type\":\"SearchAction\",\"target\":{\"@type\":\"EntryPoint\",\"urlTemplate\":\"https:\\\/\\\/www.ugtcomunicaciones.es\\\/wordpress\\\/?s={search_term_string}\"},\"query-input\":{\"@type\":\"PropertyValueSpecification\",\"valueRequired\":true,\"valueName\":\"search_term_string\"}}],\"inLanguage\":\"es\"},{\"@type\":\"Organization\",\"@id\":\"https:\\\/\\\/www.ugtcomunicaciones.es\\\/wordpress\\\/#organization\",\"name\":\"UGT Comunicaciones\",\"url\":\"https:\\\/\\\/www.ugtcomunicaciones.es\\\/wordpress\\\/\",\"logo\":{\"@type\":\"ImageObject\",\"inLanguage\":\"es\",\"@id\":\"https:\\\/\\\/www.ugtcomunicaciones.es\\\/wordpress\\\/#\\\/schema\\\/logo\\\/image\\\/\",\"url\":\"https:\\\/\\\/www.ugtcomunicaciones.es\\\/wordpress\\\/wp-content\\\/uploads\\\/2024\\\/04\\\/comunicaciones_logo.png\",\"contentUrl\":\"https:\\\/\\\/www.ugtcomunicaciones.es\\\/wordpress\\\/wp-content\\\/uploads\\\/2024\\\/04\\\/comunicaciones_logo.png\",\"width\":298,\"height\":81,\"caption\":\"UGT Comunicaciones\"},\"image\":{\"@id\":\"https:\\\/\\\/www.ugtcomunicaciones.es\\\/wordpress\\\/#\\\/schema\\\/logo\\\/image\\\/\"},\"sameAs\":[\"https:\\\/\\\/www.facebook.com\\\/ugt.comunicaciones\\\/\",\"https:\\\/\\\/x.com\\\/ugtcom\"]},{\"@type\":\"Person\",\"@id\":\"https:\\\/\\\/www.ugtcomunicaciones.es\\\/wordpress\\\/#\\\/schema\\\/person\\\/eba0fc3fe5b444531d94d4368cba89ed\",\"name\":\"UGT\",\"image\":{\"@type\":\"ImageObject\",\"inLanguage\":\"es\",\"@id\":\"https:\\\/\\\/secure.gravatar.com\\\/avatar\\\/2a16057d620a4c646bcfc171c4f23030879ebbdd346f0525bd5d4a564e57e13d?s=96&d=mm&r=g\",\"url\":\"https:\\\/\\\/secure.gravatar.com\\\/avatar\\\/2a16057d620a4c646bcfc171c4f23030879ebbdd346f0525bd5d4a564e57e13d?s=96&d=mm&r=g\",\"contentUrl\":\"https:\\\/\\\/secure.gravatar.com\\\/avatar\\\/2a16057d620a4c646bcfc171c4f23030879ebbdd346f0525bd5d4a564e57e13d?s=96&d=mm&r=g\",\"caption\":\"UGT\"}}]}<\/script>\n<!-- \/ Yoast SEO Premium plugin. -->","yoast_head_json":{"title":"Dar cobertura FTTH para todos en la UE costar\u00eda 156.000 M\u20ac - UGT Comunicaciones","robots":{"index":"index","follow":"follow","max-snippet":"max-snippet:-1","max-image-preview":"max-image-preview:large","max-video-preview":"max-video-preview:-1"},"canonical":"https:\/\/www.ugtcomunicaciones.es\/wordpress\/dar-cobertura-ftth-todos-la-ue-costaria-156-000-me\/","og_locale":"es_ES","og_type":"article","og_title":"Dar cobertura FTTH para todos en la UE costar\u00eda 156.000 M\u20ac","og_description":"FTTH Council Europe, una de las organizaciones industriales m\u00e1s importantes de Europa en el entorno de las redes de fibra \u00f3ptica hasta el hogar, y que cuenta como miembros a empresas tan reconocibles de nuestro sector como Nokia, Mitsubishi, Huawei o Ericsson, ha publicado un estudio actualizado que cifra en 156.000 millones de euros el [&hellip;]","og_url":"https:\/\/www.ugtcomunicaciones.es\/wordpress\/dar-cobertura-ftth-todos-la-ue-costaria-156-000-me\/","og_site_name":"UGT Comunicaciones","article_publisher":"https:\/\/www.facebook.com\/ugt.comunicaciones\/","article_published_time":"2017-07-10T06:00:59+00:00","article_modified_time":"2017-07-10T07:55:24+00:00","og_image":[{"width":388,"height":277,"url":"https:\/\/www.ugtcomunicaciones.es\/wordpress\/wp-content\/uploads\/2017\/06\/redes-ftth-tecnologia-.png","type":"image\/png"}],"author":"UGT","twitter_card":"summary_large_image","twitter_creator":"@ugtcom","twitter_site":"@ugtcom","twitter_misc":{"Escrito por":"UGT","Tiempo de lectura":"2 minutos"},"schema":{"@context":"https:\/\/schema.org","@graph":[{"@type":"Article","@id":"https:\/\/www.ugtcomunicaciones.es\/wordpress\/dar-cobertura-ftth-todos-la-ue-costaria-156-000-me\/#article","isPartOf":{"@id":"https:\/\/www.ugtcomunicaciones.es\/wordpress\/dar-cobertura-ftth-todos-la-ue-costaria-156-000-me\/"},"author":{"name":"UGT","@id":"https:\/\/www.ugtcomunicaciones.es\/wordpress\/#\/schema\/person\/eba0fc3fe5b444531d94d4368cba89ed"},"headline":"Dar cobertura FTTH para todos en la UE costar\u00eda 156.000 M\u20ac","datePublished":"2017-07-10T06:00:59+00:00","dateModified":"2017-07-10T07:55:24+00:00","mainEntityOfPage":{"@id":"https:\/\/www.ugtcomunicaciones.es\/wordpress\/dar-cobertura-ftth-todos-la-ue-costaria-156-000-me\/"},"wordCount":430,"commentCount":0,"publisher":{"@id":"https:\/\/www.ugtcomunicaciones.es\/wordpress\/#organization"},"image":{"@id":"https:\/\/www.ugtcomunicaciones.es\/wordpress\/dar-cobertura-ftth-todos-la-ue-costaria-156-000-me\/#primaryimage"},"thumbnailUrl":"https:\/\/www.ugtcomunicaciones.es\/wordpress\/wp-content\/uploads\/2017\/06\/redes-ftth-tecnologia-.png","articleSection":["Mercado Comunicaciones","Regulaci\u00f3n"],"inLanguage":"es","potentialAction":[{"@type":"CommentAction","name":"Comment","target":["https:\/\/www.ugtcomunicaciones.es\/wordpress\/dar-cobertura-ftth-todos-la-ue-costaria-156-000-me\/#respond"]}]},{"@type":"WebPage","@id":"https:\/\/www.ugtcomunicaciones.es\/wordpress\/dar-cobertura-ftth-todos-la-ue-costaria-156-000-me\/","url":"https:\/\/www.ugtcomunicaciones.es\/wordpress\/dar-cobertura-ftth-todos-la-ue-costaria-156-000-me\/","name":"Dar cobertura FTTH para todos en la UE costar\u00eda 156.000 M\u20ac - UGT Comunicaciones","isPartOf":{"@id":"https:\/\/www.ugtcomunicaciones.es\/wordpress\/#website"},"primaryImageOfPage":{"@id":"https:\/\/www.ugtcomunicaciones.es\/wordpress\/dar-cobertura-ftth-todos-la-ue-costaria-156-000-me\/#primaryimage"},"image":{"@id":"https:\/\/www.ugtcomunicaciones.es\/wordpress\/dar-cobertura-ftth-todos-la-ue-costaria-156-000-me\/#primaryimage"},"thumbnailUrl":"https:\/\/www.ugtcomunicaciones.es\/wordpress\/wp-content\/uploads\/2017\/06\/redes-ftth-tecnologia-.png","datePublished":"2017-07-10T06:00:59+00:00","dateModified":"2017-07-10T07:55:24+00:00","breadcrumb":{"@id":"https:\/\/www.ugtcomunicaciones.es\/wordpress\/dar-cobertura-ftth-todos-la-ue-costaria-156-000-me\/#breadcrumb"},"inLanguage":"es","potentialAction":[{"@type":"ReadAction","target":["https:\/\/www.ugtcomunicaciones.es\/wordpress\/dar-cobertura-ftth-todos-la-ue-costaria-156-000-me\/"]}]},{"@type":"ImageObject","inLanguage":"es","@id":"https:\/\/www.ugtcomunicaciones.es\/wordpress\/dar-cobertura-ftth-todos-la-ue-costaria-156-000-me\/#primaryimage","url":"https:\/\/www.ugtcomunicaciones.es\/wordpress\/wp-content\/uploads\/2017\/06\/redes-ftth-tecnologia-.png","contentUrl":"https:\/\/www.ugtcomunicaciones.es\/wordpress\/wp-content\/uploads\/2017\/06\/redes-ftth-tecnologia-.png","width":388,"height":277},{"@type":"BreadcrumbList","@id":"https:\/\/www.ugtcomunicaciones.es\/wordpress\/dar-cobertura-ftth-todos-la-ue-costaria-156-000-me\/#breadcrumb","itemListElement":[{"@type":"ListItem","position":1,"name":"Portada","item":"https:\/\/www.ugtcomunicaciones.es\/wordpress\/"},{"@type":"ListItem","position":2,"name":"Dar cobertura FTTH para todos en la UE costar\u00eda 156.000 M\u20ac"}]},{"@type":"WebSite","@id":"https:\/\/www.ugtcomunicaciones.es\/wordpress\/#website","url":"https:\/\/www.ugtcomunicaciones.es\/wordpress\/","name":"UGT Comunicaciones","description":"Sindicato de Telecomunicaciones","publisher":{"@id":"https:\/\/www.ugtcomunicaciones.es\/wordpress\/#organization"},"potentialAction":[{"@type":"SearchAction","target":{"@type":"EntryPoint","urlTemplate":"https:\/\/www.ugtcomunicaciones.es\/wordpress\/?s={search_term_string}"},"query-input":{"@type":"PropertyValueSpecification","valueRequired":true,"valueName":"search_term_string"}}],"inLanguage":"es"},{"@type":"Organization","@id":"https:\/\/www.ugtcomunicaciones.es\/wordpress\/#organization","name":"UGT Comunicaciones","url":"https:\/\/www.ugtcomunicaciones.es\/wordpress\/","logo":{"@type":"ImageObject","inLanguage":"es","@id":"https:\/\/www.ugtcomunicaciones.es\/wordpress\/#\/schema\/logo\/image\/","url":"https:\/\/www.ugtcomunicaciones.es\/wordpress\/wp-content\/uploads\/2024\/04\/comunicaciones_logo.png","contentUrl":"https:\/\/www.ugtcomunicaciones.es\/wordpress\/wp-content\/uploads\/2024\/04\/comunicaciones_logo.png","width":298,"height":81,"caption":"UGT Comunicaciones"},"image":{"@id":"https:\/\/www.ugtcomunicaciones.es\/wordpress\/#\/schema\/logo\/image\/"},"sameAs":["https:\/\/www.facebook.com\/ugt.comunicaciones\/","https:\/\/x.com\/ugtcom"]},{"@type":"Person","@id":"https:\/\/www.ugtcomunicaciones.es\/wordpress\/#\/schema\/person\/eba0fc3fe5b444531d94d4368cba89ed","name":"UGT","image":{"@type":"ImageObject","inLanguage":"es","@id":"https:\/\/secure.gravatar.com\/avatar\/2a16057d620a4c646bcfc171c4f23030879ebbdd346f0525bd5d4a564e57e13d?s=96&d=mm&r=g","url":"https:\/\/secure.gravatar.com\/avatar\/2a16057d620a4c646bcfc171c4f23030879ebbdd346f0525bd5d4a564e57e13d?s=96&d=mm&r=g","contentUrl":"https:\/\/secure.gravatar.com\/avatar\/2a16057d620a4c646bcfc171c4f23030879ebbdd346f0525bd5d4a564e57e13d?s=96&d=mm&r=g","caption":"UGT"}}]}},"_links":{"self":[{"href":"https:\/\/www.ugtcomunicaciones.es\/wordpress\/wp-json\/wp\/v2\/posts\/1969","targetHints":{"allow":["GET"]}}],"collection":[{"href":"https:\/\/www.ugtcomunicaciones.es\/wordpress\/wp-json\/wp\/v2\/posts"}],"about":[{"href":"https:\/\/www.ugtcomunicaciones.es\/wordpress\/wp-json\/wp\/v2\/types\/post"}],"author":[{"embeddable":true,"href":"https:\/\/www.ugtcomunicaciones.es\/wordpress\/wp-json\/wp\/v2\/users\/3"}],"replies":[{"embeddable":true,"href":"https:\/\/www.ugtcomunicaciones.es\/wordpress\/wp-json\/wp\/v2\/comments?post=1969"}],"version-history":[{"count":0,"href":"https:\/\/www.ugtcomunicaciones.es\/wordpress\/wp-json\/wp\/v2\/posts\/1969\/revisions"}],"wp:featuredmedia":[{"embeddable":true,"href":"https:\/\/www.ugtcomunicaciones.es\/wordpress\/wp-json\/wp\/v2\/media\/1974"}],"wp:attachment":[{"href":"https:\/\/www.ugtcomunicaciones.es\/wordpress\/wp-json\/wp\/v2\/media?parent=1969"}],"wp:term":[{"taxonomy":"category","embeddable":true,"href":"https:\/\/www.ugtcomunicaciones.es\/wordpress\/wp-json\/wp\/v2\/categories?post=1969"},{"taxonomy":"post_tag","embeddable":true,"href":"https:\/\/www.ugtcomunicaciones.es\/wordpress\/wp-json\/wp\/v2\/tags?post=1969"}],"curies":[{"name":"wp","href":"https:\/\/api.w.org\/{rel}","templated":true}]}}