{"id":206916,"date":"2018-09-17T08:00:24","date_gmt":"2018-09-17T06:00:24","guid":{"rendered":"http:\/\/ugtcomunicaciones.es\/wordpress\/?p=206916"},"modified":"2018-09-05T10:17:25","modified_gmt":"2018-09-05T08:17:25","slug":"cuatro-telecos-espanolas-entre-las-mas-digitalizadas","status":"publish","type":"post","link":"https:\/\/www.ugtcomunicaciones.es\/wordpress\/cuatro-telecos-espanolas-entre-las-mas-digitalizadas\/","title":{"rendered":"Cuatro Telecos &#8216;espa\u00f1olas&#8217; entre las m\u00e1s digitalizadas"},"content":{"rendered":"<p style=\"text-align: justify;\"><img decoding=\"async\" class=\"size-full wp-image-206917 alignleft lazyload\" data-src=\"http:\/\/ugtcomunicaciones.es\/wordpress\/wp-content\/uploads\/2018\/09\/cuatro_telecos_1.jpg\" alt=\"\" width=\"223\" height=\"41\" src=\"data:image\/svg+xml;base64,PHN2ZyB3aWR0aD0iMSIgaGVpZ2h0PSIxIiB4bWxucz0iaHR0cDovL3d3dy53My5vcmcvMjAwMC9zdmciPjwvc3ZnPg==\" style=\"--smush-placeholder-width: 223px; --smush-placeholder-aspect-ratio: 223\/41;\" \/><span style=\"text-align: justify;\">La carrera de las telecos para transformar sus estrategias de negocio, muy laminadas por<\/span><span style=\"text-align: justify;\">\u00a0la aparici\u00f3n de las OTT y las OMV, mucho m\u00e1s din\u00e1micas, innovadoras y apegadas a los requerimientos de los consumidores, comienza a dar sus frutos.<\/span><\/p>\n<p style=\"text-align: justify;\">Morgan Stanley, una de las entidades financieras m\u00e1s potentes del mundo, ha evaluado esta transici\u00f3n emprendida por las telecos tradicionales hacia compa\u00f1\u00edas mucho m\u00e1s digitales, y por tanto, \u00e1giles, eficientes y cercanas a la nueva realidad social y econ\u00f3mica de sus potenciales clientes.<\/p>\n<p style=\"text-align: justify;\">La aproximaci\u00f3n comprende cuatro bloques principales: Redes de Acceso, Sistemas IT, Experiencia de Clientes y Data Analytics\/Inteligencia Artificial.<\/p>\n<p style=\"text-align: justify;\">Una de las primeras conclusiones del documento cifra el valor de convertirse en una \u201ctelco digital\u201d: nada m\u00e1s y nada menos que 5,5 pp en m\u00e1rgenes operativos, redundando en una mayor valoraci\u00f3n del patrimonio y en un incremento del valor en t\u00e9rminos de inversi\u00f3n+capitalizaci\u00f3n+deuda muy relevantes. O como manifiesta la prensa<a href=\"#_ftn1\" name=\"_ftnref1\">[1]<\/a>, \u201c<em>la digitalizaci\u00f3n podr\u00eda impulsar entre un 20% y un 35% el flujo de caja operativo\u201d, que \u201cequivaldr\u00eda a un incremento similar en el valor de la empresa (EV: capitalizaci\u00f3n + deuda) y de hasta un 50% en el valor del equity (para accionistas)\u201d<\/em>:<\/p>\n<p style=\"text-align: justify;\"><img decoding=\"async\" class=\"aligncenter wp-image-206921 size-full lazyload\" data-src=\"http:\/\/ugtcomunicaciones.es\/wordpress\/wp-content\/uploads\/2018\/09\/cuatro_telecos_2.png\" alt=\"\" width=\"642\" height=\"241\" data-srcset=\"https:\/\/www.ugtcomunicaciones.es\/wordpress\/wp-content\/uploads\/2018\/09\/cuatro_telecos_2.png 642w, https:\/\/www.ugtcomunicaciones.es\/wordpress\/wp-content\/uploads\/2018\/09\/cuatro_telecos_2-300x113.png 300w, https:\/\/www.ugtcomunicaciones.es\/wordpress\/wp-content\/uploads\/2018\/09\/cuatro_telecos_2-640x241.png 640w\" data-sizes=\"(max-width: 642px) 100vw, 642px\" src=\"data:image\/svg+xml;base64,PHN2ZyB3aWR0aD0iMSIgaGVpZ2h0PSIxIiB4bWxucz0iaHR0cDovL3d3dy53My5vcmcvMjAwMC9zdmciPjwvc3ZnPg==\" style=\"--smush-placeholder-width: 642px; --smush-placeholder-aspect-ratio: 642\/241;\" \/><\/p>\n<p style=\"text-align: justify;\"><img decoding=\"async\" class=\"aligncenter wp-image-206920 size-full lazyload\" data-src=\"http:\/\/ugtcomunicaciones.es\/wordpress\/wp-content\/uploads\/2018\/09\/cuatro_telecos_3.png\" alt=\"\" width=\"642\" height=\"309\" data-srcset=\"https:\/\/www.ugtcomunicaciones.es\/wordpress\/wp-content\/uploads\/2018\/09\/cuatro_telecos_3.png 642w, https:\/\/www.ugtcomunicaciones.es\/wordpress\/wp-content\/uploads\/2018\/09\/cuatro_telecos_3-300x144.png 300w, https:\/\/www.ugtcomunicaciones.es\/wordpress\/wp-content\/uploads\/2018\/09\/cuatro_telecos_3-640x309.png 640w\" data-sizes=\"(max-width: 642px) 100vw, 642px\" src=\"data:image\/svg+xml;base64,PHN2ZyB3aWR0aD0iMSIgaGVpZ2h0PSIxIiB4bWxucz0iaHR0cDovL3d3dy53My5vcmcvMjAwMC9zdmciPjwvc3ZnPg==\" style=\"--smush-placeholder-width: 642px; --smush-placeholder-aspect-ratio: 642\/309;\" \/><\/p>\n<p style=\"text-align: justify;\">Bas\u00e1ndose en los cuatro citados bloques, el estudio coloca a Telef\u00f3nica a la cabeza de la digitalizaci\u00f3n, seguida de otras tres operadoras espa\u00f1olas: Vodafone, Euskatel y Orange. Por poner un ejemplo comparativo, Telecom Italia ocupa el \u00faltimo puesto, a 30 puntos de Telef\u00f3nica:<\/p>\n<p style=\"text-align: justify;\"><img decoding=\"async\" class=\"aligncenter wp-image-206919 size-full lazyload\" data-src=\"http:\/\/ugtcomunicaciones.es\/wordpress\/wp-content\/uploads\/2018\/09\/cuatro_telecos_4.png\" alt=\"\" width=\"642\" height=\"269\" data-srcset=\"https:\/\/www.ugtcomunicaciones.es\/wordpress\/wp-content\/uploads\/2018\/09\/cuatro_telecos_4.png 642w, https:\/\/www.ugtcomunicaciones.es\/wordpress\/wp-content\/uploads\/2018\/09\/cuatro_telecos_4-300x126.png 300w, https:\/\/www.ugtcomunicaciones.es\/wordpress\/wp-content\/uploads\/2018\/09\/cuatro_telecos_4-640x269.png 640w\" data-sizes=\"(max-width: 642px) 100vw, 642px\" src=\"data:image\/svg+xml;base64,PHN2ZyB3aWR0aD0iMSIgaGVpZ2h0PSIxIiB4bWxucz0iaHR0cDovL3d3dy53My5vcmcvMjAwMC9zdmciPjwvc3ZnPg==\" style=\"--smush-placeholder-width: 642px; --smush-placeholder-aspect-ratio: 642\/269;\" \/><\/p>\n<p style=\"text-align: justify;\">El liderazgo de Telef\u00f3nica se cimenta en la fortaleza de sus redes de fibra y 4G, en su unificaci\u00f3n de tecnolog\u00edas IT y en sus avanzados procesos de Anal\u00edtica de Datos, con Aura y Lucas como m\u00e1ximos exponentes. Vodafone destaca en cobertura m\u00f3vil y atenci\u00f3n al cliente online, Euskatel en la potencia de su red NGN, aspecto que comparte con Orange.<\/p>\n<p><img decoding=\"async\" class=\"aligncenter wp-image-206918 size-full lazyload\" data-src=\"http:\/\/ugtcomunicaciones.es\/wordpress\/wp-content\/uploads\/2018\/09\/cuatro_telecos_5.png\" alt=\"\" width=\"737\" height=\"243\" data-srcset=\"https:\/\/www.ugtcomunicaciones.es\/wordpress\/wp-content\/uploads\/2018\/09\/cuatro_telecos_5.png 737w, https:\/\/www.ugtcomunicaciones.es\/wordpress\/wp-content\/uploads\/2018\/09\/cuatro_telecos_5-300x99.png 300w, https:\/\/www.ugtcomunicaciones.es\/wordpress\/wp-content\/uploads\/2018\/09\/cuatro_telecos_5-640x211.png 640w, https:\/\/www.ugtcomunicaciones.es\/wordpress\/wp-content\/uploads\/2018\/09\/cuatro_telecos_5-681x225.png 681w\" data-sizes=\"(max-width: 737px) 100vw, 737px\" src=\"data:image\/svg+xml;base64,PHN2ZyB3aWR0aD0iMSIgaGVpZ2h0PSIxIiB4bWxucz0iaHR0cDovL3d3dy53My5vcmcvMjAwMC9zdmciPjwvc3ZnPg==\" style=\"--smush-placeholder-width: 737px; --smush-placeholder-aspect-ratio: 737\/243;\" \/><\/p>\n<p style=\"text-align: justify;\">Seg\u00fan avanza El Economista, citando el estudio, \u00ab<em>el proceso de digitalizaci\u00f3n abarca diez a\u00f1os, aunque las mejoras materiales comienzan a percibirse a partir del cuarto o quinto a\u00f1o. \u00abMientras que las eficiencias son peque\u00f1as al principio de la de digitalizaci\u00f3n, \u00e9stas pueden crecer de forma exponencial a medida que se avanza en cada uno de los procesos de digitalizaci\u00f3n, ya que esperamos que los h\u00e1bitos de los clientes evolucionen a medida que los operadores se someten a la transformaci\u00f3n digital\u00bb\u00bb<\/em>.<\/p>\n<p style=\"text-align: justify;\">Tal y como hemos expresado en m\u00faltiples ocasiones, <span style=\"color: #ff0000;\"><strong>UGT<\/strong><\/span><strong> Comunicaciones<\/strong> apoya cualquier proceso de mejora de nuestras empresas que aumente su competitividad y su eficiencia, por lo que nos congratula que las telecos espa\u00f1olas lideren esta clasificaci\u00f3n sobre el proceso de transformaci\u00f3n digital. De hecho, estas mejoras, al redundar directamente en un incremento de la productividad y de los beneficios, deben acabar aumentando las condiciones salariales y socio-laborales de todos los empleados.<\/p>\n<p style=\"text-align: justify;\">El esfuerzo adaptativo de las plantillas, que acrecientan sus capacidades y habilidades, a veces sin toda la formaci\u00f3n necesaria, para acompa\u00f1ar este proceso con la m\u00e1xima implicaci\u00f3n posible, demostrando una alt\u00edsima profesionalidad, debe ser recompensada como se merece.<\/p>\n<p style=\"text-align: justify;\"><span style=\"color: #ff0000;\"><strong>UGT<\/strong><\/span> considera, a la luz de estos positivos datos, que en las pr\u00f3ximas negociaciones colectivas que se celebren en estas empresas, se deben concretar verdaderas recompensas en forma de mejora de salarios y conciliaci\u00f3n; se trata de confeccionar un verdadero reconocimiento a los trabajadores y trabajadoras que, gracias a nuestro trabajo y compromiso, hemos contribuido de forma decisiva a que este proceso de transformaci\u00f3n digital se est\u00e9 concretando con \u00e9xito.<\/p>\n<h4 style=\"text-align: right;\"><span style=\"color: #ff0000;\"><strong>UGT<\/strong><\/span><strong> Comunicaciones<\/strong><\/h4>\n<p><span style=\"font-size: xx-small;\"><a href=\"#_ftnref1\" name=\"_ftn1\">[1]<\/a> <a href=\"http:\/\/www.eleconomista.es\/empresas-finanzas\/noticias\/9270767\/07\/18\/Telefonica-lidera-el-ranking-de-las-telecos-mas-digitales-.html\" target=\"_blank\" rel=\"noopener\">http:\/\/www.eleconomista.es\/empresas-finanzas\/noticias\/9270767\/07\/18\/Telefonica-lidera-el-ranking-de-las-telecos-mas-digitales-.html<\/a><\/span><\/p>\n","protected":false},"excerpt":{"rendered":"<p>La carrera de las telecos para transformar sus estrategias de negocio, muy laminadas por\u00a0la aparici\u00f3n de las OTT y las OMV, mucho m\u00e1s din\u00e1micas, innovadoras y apegadas a los requerimientos de los consumidores, comienza a dar sus frutos. Morgan Stanley, una de las entidades financieras m\u00e1s potentes del mundo, ha evaluado esta transici\u00f3n emprendida por [&hellip;]<\/p>\n","protected":false},"author":3,"featured_media":206935,"comment_status":"closed","ping_status":"closed","sticky":false,"template":"","format":"standard","meta":{"footnotes":""},"categories":[14,12],"tags":[],"class_list":["post-206916","post","type-post","status-publish","format-standard","has-post-thumbnail","hentry","category-opinion","category-regulacion"],"yoast_head":"<!-- This site is optimized with the Yoast SEO Premium plugin v27.3 (Yoast SEO v27.4) - https:\/\/yoast.com\/product\/yoast-seo-premium-wordpress\/ -->\n<title>Cuatro Telecos &#039;espa\u00f1olas&#039; entre las m\u00e1s digitalizadas - UGT Comunicaciones<\/title>\n<meta name=\"description\" content=\"La carrera de las telecos para transformar sus estrategias de negocio, muy laminadas por la aparici\u00f3n de las OTT y las OMV, mucho m\u00e1s din\u00e1micas\" \/>\n<meta name=\"robots\" content=\"index, follow, max-snippet:-1, max-image-preview:large, max-video-preview:-1\" \/>\n<link rel=\"canonical\" href=\"https:\/\/www.ugtcomunicaciones.es\/wordpress\/cuatro-telecos-espanolas-entre-las-mas-digitalizadas\/\" \/>\n<meta property=\"og:locale\" content=\"es_ES\" \/>\n<meta property=\"og:type\" content=\"article\" \/>\n<meta property=\"og:title\" content=\"Cuatro Telecos &#039;espa\u00f1olas&#039; entre las m\u00e1s digitalizadas\" \/>\n<meta property=\"og:description\" content=\"La carrera de las telecos para transformar sus estrategias de negocio, muy laminadas por la aparici\u00f3n de las OTT y las OMV, mucho m\u00e1s din\u00e1micas\" \/>\n<meta property=\"og:url\" content=\"https:\/\/www.ugtcomunicaciones.es\/wordpress\/cuatro-telecos-espanolas-entre-las-mas-digitalizadas\/\" \/>\n<meta property=\"og:site_name\" content=\"UGT Comunicaciones\" \/>\n<meta property=\"article:publisher\" content=\"https:\/\/www.facebook.com\/ugt.comunicaciones\/\" \/>\n<meta property=\"article:published_time\" content=\"2018-09-17T06:00:24+00:00\" \/>\n<meta property=\"og:image\" content=\"https:\/\/www.ugtcomunicaciones.es\/wordpress\/wp-content\/uploads\/2018\/09\/cuatro_telecos_2.jpg\" \/>\n\t<meta property=\"og:image:width\" content=\"715\" \/>\n\t<meta property=\"og:image:height\" content=\"431\" \/>\n\t<meta property=\"og:image:type\" content=\"image\/jpeg\" \/>\n<meta name=\"author\" content=\"UGT\" \/>\n<meta name=\"twitter:card\" content=\"summary_large_image\" \/>\n<meta name=\"twitter:creator\" content=\"@ugtcom\" \/>\n<meta name=\"twitter:site\" content=\"@ugtcom\" \/>\n<meta name=\"twitter:label1\" content=\"Escrito por\" \/>\n\t<meta name=\"twitter:data1\" content=\"UGT\" \/>\n\t<meta name=\"twitter:label2\" content=\"Tiempo de lectura\" \/>\n\t<meta name=\"twitter:data2\" content=\"3 minutos\" \/>\n<script type=\"application\/ld+json\" class=\"yoast-schema-graph\">{\"@context\":\"https:\\\/\\\/schema.org\",\"@graph\":[{\"@type\":\"Article\",\"@id\":\"https:\\\/\\\/www.ugtcomunicaciones.es\\\/wordpress\\\/cuatro-telecos-espanolas-entre-las-mas-digitalizadas\\\/#article\",\"isPartOf\":{\"@id\":\"https:\\\/\\\/www.ugtcomunicaciones.es\\\/wordpress\\\/cuatro-telecos-espanolas-entre-las-mas-digitalizadas\\\/\"},\"author\":{\"name\":\"UGT\",\"@id\":\"https:\\\/\\\/www.ugtcomunicaciones.es\\\/wordpress\\\/#\\\/schema\\\/person\\\/eba0fc3fe5b444531d94d4368cba89ed\"},\"headline\":\"Cuatro Telecos &#8216;espa\u00f1olas&#8217; entre las m\u00e1s digitalizadas\",\"datePublished\":\"2018-09-17T06:00:24+00:00\",\"mainEntityOfPage\":{\"@id\":\"https:\\\/\\\/www.ugtcomunicaciones.es\\\/wordpress\\\/cuatro-telecos-espanolas-entre-las-mas-digitalizadas\\\/\"},\"wordCount\":626,\"publisher\":{\"@id\":\"https:\\\/\\\/www.ugtcomunicaciones.es\\\/wordpress\\\/#organization\"},\"image\":{\"@id\":\"https:\\\/\\\/www.ugtcomunicaciones.es\\\/wordpress\\\/cuatro-telecos-espanolas-entre-las-mas-digitalizadas\\\/#primaryimage\"},\"thumbnailUrl\":\"https:\\\/\\\/www.ugtcomunicaciones.es\\\/wordpress\\\/wp-content\\\/uploads\\\/2018\\\/09\\\/cuatro_telecos_2.jpg\",\"articleSection\":[\"Opini\u00f3n\",\"Regulaci\u00f3n\"],\"inLanguage\":\"es\"},{\"@type\":\"WebPage\",\"@id\":\"https:\\\/\\\/www.ugtcomunicaciones.es\\\/wordpress\\\/cuatro-telecos-espanolas-entre-las-mas-digitalizadas\\\/\",\"url\":\"https:\\\/\\\/www.ugtcomunicaciones.es\\\/wordpress\\\/cuatro-telecos-espanolas-entre-las-mas-digitalizadas\\\/\",\"name\":\"Cuatro Telecos 'espa\u00f1olas' entre las m\u00e1s digitalizadas - UGT Comunicaciones\",\"isPartOf\":{\"@id\":\"https:\\\/\\\/www.ugtcomunicaciones.es\\\/wordpress\\\/#website\"},\"primaryImageOfPage\":{\"@id\":\"https:\\\/\\\/www.ugtcomunicaciones.es\\\/wordpress\\\/cuatro-telecos-espanolas-entre-las-mas-digitalizadas\\\/#primaryimage\"},\"image\":{\"@id\":\"https:\\\/\\\/www.ugtcomunicaciones.es\\\/wordpress\\\/cuatro-telecos-espanolas-entre-las-mas-digitalizadas\\\/#primaryimage\"},\"thumbnailUrl\":\"https:\\\/\\\/www.ugtcomunicaciones.es\\\/wordpress\\\/wp-content\\\/uploads\\\/2018\\\/09\\\/cuatro_telecos_2.jpg\",\"datePublished\":\"2018-09-17T06:00:24+00:00\",\"description\":\"La carrera de las telecos para transformar sus estrategias de negocio, muy laminadas por la aparici\u00f3n de las OTT y las OMV, mucho m\u00e1s din\u00e1micas\",\"breadcrumb\":{\"@id\":\"https:\\\/\\\/www.ugtcomunicaciones.es\\\/wordpress\\\/cuatro-telecos-espanolas-entre-las-mas-digitalizadas\\\/#breadcrumb\"},\"inLanguage\":\"es\",\"potentialAction\":[{\"@type\":\"ReadAction\",\"target\":[\"https:\\\/\\\/www.ugtcomunicaciones.es\\\/wordpress\\\/cuatro-telecos-espanolas-entre-las-mas-digitalizadas\\\/\"]}]},{\"@type\":\"ImageObject\",\"inLanguage\":\"es\",\"@id\":\"https:\\\/\\\/www.ugtcomunicaciones.es\\\/wordpress\\\/cuatro-telecos-espanolas-entre-las-mas-digitalizadas\\\/#primaryimage\",\"url\":\"https:\\\/\\\/www.ugtcomunicaciones.es\\\/wordpress\\\/wp-content\\\/uploads\\\/2018\\\/09\\\/cuatro_telecos_2.jpg\",\"contentUrl\":\"https:\\\/\\\/www.ugtcomunicaciones.es\\\/wordpress\\\/wp-content\\\/uploads\\\/2018\\\/09\\\/cuatro_telecos_2.jpg\",\"width\":715,\"height\":431,\"caption\":\"cuatro_telecos_2\"},{\"@type\":\"BreadcrumbList\",\"@id\":\"https:\\\/\\\/www.ugtcomunicaciones.es\\\/wordpress\\\/cuatro-telecos-espanolas-entre-las-mas-digitalizadas\\\/#breadcrumb\",\"itemListElement\":[{\"@type\":\"ListItem\",\"position\":1,\"name\":\"Portada\",\"item\":\"https:\\\/\\\/www.ugtcomunicaciones.es\\\/wordpress\\\/\"},{\"@type\":\"ListItem\",\"position\":2,\"name\":\"Cuatro Telecos &#8216;espa\u00f1olas&#8217; entre las m\u00e1s digitalizadas\"}]},{\"@type\":\"WebSite\",\"@id\":\"https:\\\/\\\/www.ugtcomunicaciones.es\\\/wordpress\\\/#website\",\"url\":\"https:\\\/\\\/www.ugtcomunicaciones.es\\\/wordpress\\\/\",\"name\":\"UGT Comunicaciones\",\"description\":\"Sindicato de Telecomunicaciones\",\"publisher\":{\"@id\":\"https:\\\/\\\/www.ugtcomunicaciones.es\\\/wordpress\\\/#organization\"},\"potentialAction\":[{\"@type\":\"SearchAction\",\"target\":{\"@type\":\"EntryPoint\",\"urlTemplate\":\"https:\\\/\\\/www.ugtcomunicaciones.es\\\/wordpress\\\/?s={search_term_string}\"},\"query-input\":{\"@type\":\"PropertyValueSpecification\",\"valueRequired\":true,\"valueName\":\"search_term_string\"}}],\"inLanguage\":\"es\"},{\"@type\":\"Organization\",\"@id\":\"https:\\\/\\\/www.ugtcomunicaciones.es\\\/wordpress\\\/#organization\",\"name\":\"UGT Comunicaciones\",\"url\":\"https:\\\/\\\/www.ugtcomunicaciones.es\\\/wordpress\\\/\",\"logo\":{\"@type\":\"ImageObject\",\"inLanguage\":\"es\",\"@id\":\"https:\\\/\\\/www.ugtcomunicaciones.es\\\/wordpress\\\/#\\\/schema\\\/logo\\\/image\\\/\",\"url\":\"https:\\\/\\\/www.ugtcomunicaciones.es\\\/wordpress\\\/wp-content\\\/uploads\\\/2024\\\/04\\\/comunicaciones_logo.png\",\"contentUrl\":\"https:\\\/\\\/www.ugtcomunicaciones.es\\\/wordpress\\\/wp-content\\\/uploads\\\/2024\\\/04\\\/comunicaciones_logo.png\",\"width\":298,\"height\":81,\"caption\":\"UGT Comunicaciones\"},\"image\":{\"@id\":\"https:\\\/\\\/www.ugtcomunicaciones.es\\\/wordpress\\\/#\\\/schema\\\/logo\\\/image\\\/\"},\"sameAs\":[\"https:\\\/\\\/www.facebook.com\\\/ugt.comunicaciones\\\/\",\"https:\\\/\\\/x.com\\\/ugtcom\"]},{\"@type\":\"Person\",\"@id\":\"https:\\\/\\\/www.ugtcomunicaciones.es\\\/wordpress\\\/#\\\/schema\\\/person\\\/eba0fc3fe5b444531d94d4368cba89ed\",\"name\":\"UGT\",\"image\":{\"@type\":\"ImageObject\",\"inLanguage\":\"es\",\"@id\":\"https:\\\/\\\/secure.gravatar.com\\\/avatar\\\/2a16057d620a4c646bcfc171c4f23030879ebbdd346f0525bd5d4a564e57e13d?s=96&d=mm&r=g\",\"url\":\"https:\\\/\\\/secure.gravatar.com\\\/avatar\\\/2a16057d620a4c646bcfc171c4f23030879ebbdd346f0525bd5d4a564e57e13d?s=96&d=mm&r=g\",\"contentUrl\":\"https:\\\/\\\/secure.gravatar.com\\\/avatar\\\/2a16057d620a4c646bcfc171c4f23030879ebbdd346f0525bd5d4a564e57e13d?s=96&d=mm&r=g\",\"caption\":\"UGT\"}}]}<\/script>\n<!-- \/ Yoast SEO Premium plugin. -->","yoast_head_json":{"title":"Cuatro Telecos 'espa\u00f1olas' entre las m\u00e1s digitalizadas - UGT Comunicaciones","description":"La carrera de las telecos para transformar sus estrategias de negocio, muy laminadas por la aparici\u00f3n de las OTT y las OMV, mucho m\u00e1s din\u00e1micas","robots":{"index":"index","follow":"follow","max-snippet":"max-snippet:-1","max-image-preview":"max-image-preview:large","max-video-preview":"max-video-preview:-1"},"canonical":"https:\/\/www.ugtcomunicaciones.es\/wordpress\/cuatro-telecos-espanolas-entre-las-mas-digitalizadas\/","og_locale":"es_ES","og_type":"article","og_title":"Cuatro Telecos 'espa\u00f1olas' entre las m\u00e1s digitalizadas","og_description":"La carrera de las telecos para transformar sus estrategias de negocio, muy laminadas por la aparici\u00f3n de las OTT y las OMV, mucho m\u00e1s din\u00e1micas","og_url":"https:\/\/www.ugtcomunicaciones.es\/wordpress\/cuatro-telecos-espanolas-entre-las-mas-digitalizadas\/","og_site_name":"UGT Comunicaciones","article_publisher":"https:\/\/www.facebook.com\/ugt.comunicaciones\/","article_published_time":"2018-09-17T06:00:24+00:00","og_image":[{"width":715,"height":431,"url":"https:\/\/www.ugtcomunicaciones.es\/wordpress\/wp-content\/uploads\/2018\/09\/cuatro_telecos_2.jpg","type":"image\/jpeg"}],"author":"UGT","twitter_card":"summary_large_image","twitter_creator":"@ugtcom","twitter_site":"@ugtcom","twitter_misc":{"Escrito por":"UGT","Tiempo de lectura":"3 minutos"},"schema":{"@context":"https:\/\/schema.org","@graph":[{"@type":"Article","@id":"https:\/\/www.ugtcomunicaciones.es\/wordpress\/cuatro-telecos-espanolas-entre-las-mas-digitalizadas\/#article","isPartOf":{"@id":"https:\/\/www.ugtcomunicaciones.es\/wordpress\/cuatro-telecos-espanolas-entre-las-mas-digitalizadas\/"},"author":{"name":"UGT","@id":"https:\/\/www.ugtcomunicaciones.es\/wordpress\/#\/schema\/person\/eba0fc3fe5b444531d94d4368cba89ed"},"headline":"Cuatro Telecos &#8216;espa\u00f1olas&#8217; entre las m\u00e1s digitalizadas","datePublished":"2018-09-17T06:00:24+00:00","mainEntityOfPage":{"@id":"https:\/\/www.ugtcomunicaciones.es\/wordpress\/cuatro-telecos-espanolas-entre-las-mas-digitalizadas\/"},"wordCount":626,"publisher":{"@id":"https:\/\/www.ugtcomunicaciones.es\/wordpress\/#organization"},"image":{"@id":"https:\/\/www.ugtcomunicaciones.es\/wordpress\/cuatro-telecos-espanolas-entre-las-mas-digitalizadas\/#primaryimage"},"thumbnailUrl":"https:\/\/www.ugtcomunicaciones.es\/wordpress\/wp-content\/uploads\/2018\/09\/cuatro_telecos_2.jpg","articleSection":["Opini\u00f3n","Regulaci\u00f3n"],"inLanguage":"es"},{"@type":"WebPage","@id":"https:\/\/www.ugtcomunicaciones.es\/wordpress\/cuatro-telecos-espanolas-entre-las-mas-digitalizadas\/","url":"https:\/\/www.ugtcomunicaciones.es\/wordpress\/cuatro-telecos-espanolas-entre-las-mas-digitalizadas\/","name":"Cuatro Telecos 'espa\u00f1olas' entre las m\u00e1s digitalizadas - UGT Comunicaciones","isPartOf":{"@id":"https:\/\/www.ugtcomunicaciones.es\/wordpress\/#website"},"primaryImageOfPage":{"@id":"https:\/\/www.ugtcomunicaciones.es\/wordpress\/cuatro-telecos-espanolas-entre-las-mas-digitalizadas\/#primaryimage"},"image":{"@id":"https:\/\/www.ugtcomunicaciones.es\/wordpress\/cuatro-telecos-espanolas-entre-las-mas-digitalizadas\/#primaryimage"},"thumbnailUrl":"https:\/\/www.ugtcomunicaciones.es\/wordpress\/wp-content\/uploads\/2018\/09\/cuatro_telecos_2.jpg","datePublished":"2018-09-17T06:00:24+00:00","description":"La carrera de las telecos para transformar sus estrategias de negocio, muy laminadas por la aparici\u00f3n de las OTT y las OMV, mucho m\u00e1s din\u00e1micas","breadcrumb":{"@id":"https:\/\/www.ugtcomunicaciones.es\/wordpress\/cuatro-telecos-espanolas-entre-las-mas-digitalizadas\/#breadcrumb"},"inLanguage":"es","potentialAction":[{"@type":"ReadAction","target":["https:\/\/www.ugtcomunicaciones.es\/wordpress\/cuatro-telecos-espanolas-entre-las-mas-digitalizadas\/"]}]},{"@type":"ImageObject","inLanguage":"es","@id":"https:\/\/www.ugtcomunicaciones.es\/wordpress\/cuatro-telecos-espanolas-entre-las-mas-digitalizadas\/#primaryimage","url":"https:\/\/www.ugtcomunicaciones.es\/wordpress\/wp-content\/uploads\/2018\/09\/cuatro_telecos_2.jpg","contentUrl":"https:\/\/www.ugtcomunicaciones.es\/wordpress\/wp-content\/uploads\/2018\/09\/cuatro_telecos_2.jpg","width":715,"height":431,"caption":"cuatro_telecos_2"},{"@type":"BreadcrumbList","@id":"https:\/\/www.ugtcomunicaciones.es\/wordpress\/cuatro-telecos-espanolas-entre-las-mas-digitalizadas\/#breadcrumb","itemListElement":[{"@type":"ListItem","position":1,"name":"Portada","item":"https:\/\/www.ugtcomunicaciones.es\/wordpress\/"},{"@type":"ListItem","position":2,"name":"Cuatro Telecos &#8216;espa\u00f1olas&#8217; entre las m\u00e1s digitalizadas"}]},{"@type":"WebSite","@id":"https:\/\/www.ugtcomunicaciones.es\/wordpress\/#website","url":"https:\/\/www.ugtcomunicaciones.es\/wordpress\/","name":"UGT Comunicaciones","description":"Sindicato de Telecomunicaciones","publisher":{"@id":"https:\/\/www.ugtcomunicaciones.es\/wordpress\/#organization"},"potentialAction":[{"@type":"SearchAction","target":{"@type":"EntryPoint","urlTemplate":"https:\/\/www.ugtcomunicaciones.es\/wordpress\/?s={search_term_string}"},"query-input":{"@type":"PropertyValueSpecification","valueRequired":true,"valueName":"search_term_string"}}],"inLanguage":"es"},{"@type":"Organization","@id":"https:\/\/www.ugtcomunicaciones.es\/wordpress\/#organization","name":"UGT Comunicaciones","url":"https:\/\/www.ugtcomunicaciones.es\/wordpress\/","logo":{"@type":"ImageObject","inLanguage":"es","@id":"https:\/\/www.ugtcomunicaciones.es\/wordpress\/#\/schema\/logo\/image\/","url":"https:\/\/www.ugtcomunicaciones.es\/wordpress\/wp-content\/uploads\/2024\/04\/comunicaciones_logo.png","contentUrl":"https:\/\/www.ugtcomunicaciones.es\/wordpress\/wp-content\/uploads\/2024\/04\/comunicaciones_logo.png","width":298,"height":81,"caption":"UGT Comunicaciones"},"image":{"@id":"https:\/\/www.ugtcomunicaciones.es\/wordpress\/#\/schema\/logo\/image\/"},"sameAs":["https:\/\/www.facebook.com\/ugt.comunicaciones\/","https:\/\/x.com\/ugtcom"]},{"@type":"Person","@id":"https:\/\/www.ugtcomunicaciones.es\/wordpress\/#\/schema\/person\/eba0fc3fe5b444531d94d4368cba89ed","name":"UGT","image":{"@type":"ImageObject","inLanguage":"es","@id":"https:\/\/secure.gravatar.com\/avatar\/2a16057d620a4c646bcfc171c4f23030879ebbdd346f0525bd5d4a564e57e13d?s=96&d=mm&r=g","url":"https:\/\/secure.gravatar.com\/avatar\/2a16057d620a4c646bcfc171c4f23030879ebbdd346f0525bd5d4a564e57e13d?s=96&d=mm&r=g","contentUrl":"https:\/\/secure.gravatar.com\/avatar\/2a16057d620a4c646bcfc171c4f23030879ebbdd346f0525bd5d4a564e57e13d?s=96&d=mm&r=g","caption":"UGT"}}]}},"_links":{"self":[{"href":"https:\/\/www.ugtcomunicaciones.es\/wordpress\/wp-json\/wp\/v2\/posts\/206916","targetHints":{"allow":["GET"]}}],"collection":[{"href":"https:\/\/www.ugtcomunicaciones.es\/wordpress\/wp-json\/wp\/v2\/posts"}],"about":[{"href":"https:\/\/www.ugtcomunicaciones.es\/wordpress\/wp-json\/wp\/v2\/types\/post"}],"author":[{"embeddable":true,"href":"https:\/\/www.ugtcomunicaciones.es\/wordpress\/wp-json\/wp\/v2\/users\/3"}],"replies":[{"embeddable":true,"href":"https:\/\/www.ugtcomunicaciones.es\/wordpress\/wp-json\/wp\/v2\/comments?post=206916"}],"version-history":[{"count":0,"href":"https:\/\/www.ugtcomunicaciones.es\/wordpress\/wp-json\/wp\/v2\/posts\/206916\/revisions"}],"wp:featuredmedia":[{"embeddable":true,"href":"https:\/\/www.ugtcomunicaciones.es\/wordpress\/wp-json\/wp\/v2\/media\/206935"}],"wp:attachment":[{"href":"https:\/\/www.ugtcomunicaciones.es\/wordpress\/wp-json\/wp\/v2\/media?parent=206916"}],"wp:term":[{"taxonomy":"category","embeddable":true,"href":"https:\/\/www.ugtcomunicaciones.es\/wordpress\/wp-json\/wp\/v2\/categories?post=206916"},{"taxonomy":"post_tag","embeddable":true,"href":"https:\/\/www.ugtcomunicaciones.es\/wordpress\/wp-json\/wp\/v2\/tags?post=206916"}],"curies":[{"name":"wp","href":"https:\/\/api.w.org\/{rel}","templated":true}]}}