{"id":214204,"date":"2018-10-01T08:00:54","date_gmt":"2018-10-01T06:00:54","guid":{"rendered":"http:\/\/ugtcomunicaciones.es\/wordpress\/?p=214204"},"modified":"2018-09-19T12:36:41","modified_gmt":"2018-09-19T10:36:41","slug":"impacto-de-la-digitalizacion-en-el-empleo-de-las-telecos","status":"publish","type":"post","link":"https:\/\/www.ugtcomunicaciones.es\/wordpress\/impacto-de-la-digitalizacion-en-el-empleo-de-las-telecos\/","title":{"rendered":"Impacto de la digitalizaci\u00f3n en el empleo de las telecos"},"content":{"rendered":"<p style=\"text-align: justify;\">Pocos son los estudios hol\u00edsticos que miden el impacto de la digitalizaci\u00f3n en el empleo de las operadoras de telecomunicaciones a nivel europeo, por lo que creemos pertinente traer al primer plano este documento realizado por el banco estadounidense Goldman Sachs.<\/p>\n<p style=\"text-align: justify;\">Bajo una particular tesis denominada como \u2018Digital divergence\u2019, el banco de inversi\u00f3n<img decoding=\"async\" class=\"size-full wp-image-214221 alignright lazyload\" data-src=\"http:\/\/ugtcomunicaciones.es\/wordpress\/wp-content\/uploads\/2018\/09\/Impacto-1.jpg\" alt=\"\" width=\"214\" height=\"64\" src=\"data:image\/svg+xml;base64,PHN2ZyB3aWR0aD0iMSIgaGVpZ2h0PSIxIiB4bWxucz0iaHR0cDovL3d3dy53My5vcmcvMjAwMC9zdmciPjwvc3ZnPg==\" style=\"--smush-placeholder-width: 214px; --smush-placeholder-aspect-ratio: 214\/64;\" \/> considera que los mercados no est\u00e1n aprovechando la oportunidad que est\u00e1 brindando la digitalizaci\u00f3n al sector de las telecomunicaciones, entendi\u00e9ndose \u00e9sta como una catalizadora de reducci\u00f3n de costes. En concreto, y siempre bajo la tesis de Goldman Sachs, el trinomio compuesto por la automatizaci\u00f3n, inteligencia artificial y <em>big data<\/em> reducir\u00e1 el OPEX<a href=\"#_ftn1\" name=\"_ftnref1\">[1]<\/a> en un 30% en 10 a\u00f1os, lo que aumentar\u00eda el crecimiento del EBITDA en 2 pp anuales y <strong>podr\u00eda reducir a la mitad los puestos de trabajo con tareas f\u00e1ciles de automatizar<\/strong>. De hecho, estas cifras incluso podr\u00edan ser mayores, de hasta una reducci\u00f3n del 75% de puestos automatizables en 5 a\u00f1os<a href=\"#_ftn2\" name=\"_ftnref2\">[2]<\/a>.<\/p>\n<p style=\"text-align: justify;\"><img decoding=\"async\" class=\"aligncenter wp-image-214220 size-full lazyload\" data-src=\"http:\/\/ugtcomunicaciones.es\/wordpress\/wp-content\/uploads\/2018\/09\/Impacto-2.jpg\" alt=\"\" width=\"642\" height=\"234\" data-srcset=\"https:\/\/www.ugtcomunicaciones.es\/wordpress\/wp-content\/uploads\/2018\/09\/Impacto-2.jpg 642w, https:\/\/www.ugtcomunicaciones.es\/wordpress\/wp-content\/uploads\/2018\/09\/Impacto-2-300x109.jpg 300w, https:\/\/www.ugtcomunicaciones.es\/wordpress\/wp-content\/uploads\/2018\/09\/Impacto-2-640x234.jpg 640w\" data-sizes=\"(max-width: 642px) 100vw, 642px\" src=\"data:image\/svg+xml;base64,PHN2ZyB3aWR0aD0iMSIgaGVpZ2h0PSIxIiB4bWxucz0iaHR0cDovL3d3dy53My5vcmcvMjAwMC9zdmciPjwvc3ZnPg==\" style=\"--smush-placeholder-width: 642px; --smush-placeholder-aspect-ratio: 642\/234;\" \/><\/p>\n<p>&nbsp;<\/p>\n<p style=\"text-align: justify;\">Construye este vaticinio sobre las evidencias halladas en el mercado, como que Vodafone espera que los robots atiendan el 60% de las gestiones de los clientes en 2021, desde el 1% de 2018 o que muchas empresas comienzan a sustituir empleos humanos por algoritmos, como Telenor, Telia o Telecom Italia <a href=\"#_ftn3\" name=\"_ftnref3\">[3]<\/a>.<\/p>\n<p style=\"text-align: justify;\"><img decoding=\"async\" class=\"aligncenter wp-image-214219 size-full lazyload\" data-src=\"http:\/\/ugtcomunicaciones.es\/wordpress\/wp-content\/uploads\/2018\/09\/Impacto-3.jpg\" alt=\"\" width=\"642\" height=\"569\" data-srcset=\"https:\/\/www.ugtcomunicaciones.es\/wordpress\/wp-content\/uploads\/2018\/09\/Impacto-3.jpg 642w, https:\/\/www.ugtcomunicaciones.es\/wordpress\/wp-content\/uploads\/2018\/09\/Impacto-3-300x266.jpg 300w, https:\/\/www.ugtcomunicaciones.es\/wordpress\/wp-content\/uploads\/2018\/09\/Impacto-3-474x420.jpg 474w, https:\/\/www.ugtcomunicaciones.es\/wordpress\/wp-content\/uploads\/2018\/09\/Impacto-3-640x567.jpg 640w\" data-sizes=\"(max-width: 642px) 100vw, 642px\" src=\"data:image\/svg+xml;base64,PHN2ZyB3aWR0aD0iMSIgaGVpZ2h0PSIxIiB4bWxucz0iaHR0cDovL3d3dy53My5vcmcvMjAwMC9zdmciPjwvc3ZnPg==\" style=\"--smush-placeholder-width: 642px; --smush-placeholder-aspect-ratio: 642\/569;\" \/><\/p>\n<p style=\"text-align: justify;\">De hecho, si se hace un an\u00e1lisis extremo a extremo de toda la cadena de valor de las telecos, se observa que, con las tecnolog\u00edas existentes hoy en d\u00eda, podr\u00eda digitalizarse una gran parte de dicha cadena, prescindiendo cada vez m\u00e1s del \u201cfactor humano\u201d. La siguiente imagen representa esta evoluci\u00f3n tecnol\u00f3gica:<\/p>\n<p style=\"text-align: justify;\"><img decoding=\"async\" class=\"aligncenter wp-image-214218 size-full lazyload\" data-src=\"http:\/\/ugtcomunicaciones.es\/wordpress\/wp-content\/uploads\/2018\/09\/Impacto-4.jpg\" alt=\"\" width=\"642\" height=\"408\" data-srcset=\"https:\/\/www.ugtcomunicaciones.es\/wordpress\/wp-content\/uploads\/2018\/09\/Impacto-4.jpg 642w, https:\/\/www.ugtcomunicaciones.es\/wordpress\/wp-content\/uploads\/2018\/09\/Impacto-4-300x191.jpg 300w, https:\/\/www.ugtcomunicaciones.es\/wordpress\/wp-content\/uploads\/2018\/09\/Impacto-4-640x407.jpg 640w\" data-sizes=\"(max-width: 642px) 100vw, 642px\" src=\"data:image\/svg+xml;base64,PHN2ZyB3aWR0aD0iMSIgaGVpZ2h0PSIxIiB4bWxucz0iaHR0cDovL3d3dy53My5vcmcvMjAwMC9zdmciPjwvc3ZnPg==\" style=\"--smush-placeholder-width: 642px; --smush-placeholder-aspect-ratio: 642\/408;\" \/><\/p>\n<p style=\"text-align: justify;\">Incluso se especifican los factores que intervienen en esta brutal reducci\u00f3n de costes laborales, como los gastos del personal o el aumento de la flexibilidad\u2026<\/p>\n<p style=\"text-align: justify;\"><img decoding=\"async\" class=\"aligncenter wp-image-214217 size-full lazyload\" data-src=\"http:\/\/ugtcomunicaciones.es\/wordpress\/wp-content\/uploads\/2018\/09\/Impacto-5.jpg\" alt=\"\" width=\"567\" height=\"469\" data-srcset=\"https:\/\/www.ugtcomunicaciones.es\/wordpress\/wp-content\/uploads\/2018\/09\/Impacto-5.jpg 567w, https:\/\/www.ugtcomunicaciones.es\/wordpress\/wp-content\/uploads\/2018\/09\/Impacto-5-300x248.jpg 300w, https:\/\/www.ugtcomunicaciones.es\/wordpress\/wp-content\/uploads\/2018\/09\/Impacto-5-508x420.jpg 508w\" data-sizes=\"(max-width: 567px) 100vw, 567px\" src=\"data:image\/svg+xml;base64,PHN2ZyB3aWR0aD0iMSIgaGVpZ2h0PSIxIiB4bWxucz0iaHR0cDovL3d3dy53My5vcmcvMjAwMC9zdmciPjwvc3ZnPg==\" style=\"--smush-placeholder-width: 567px; --smush-placeholder-aspect-ratio: 567\/469;\" \/><\/p>\n<p style=\"text-align: justify;\">..e incluso se tasan los puestos de trabajo \u201caltamente\u201d automatizables: un 15% de los ingenieros, un 20% del personal de atenci\u00f3n al cliente y un 5% de \u201cotros\u201d.<\/p>\n<p style=\"text-align: justify;\"><img decoding=\"async\" class=\"aligncenter wp-image-214216 size-full lazyload\" data-src=\"http:\/\/ugtcomunicaciones.es\/wordpress\/wp-content\/uploads\/2018\/09\/Impacto-6.jpg\" alt=\"\" width=\"555\" height=\"400\" data-srcset=\"https:\/\/www.ugtcomunicaciones.es\/wordpress\/wp-content\/uploads\/2018\/09\/Impacto-6.jpg 555w, https:\/\/www.ugtcomunicaciones.es\/wordpress\/wp-content\/uploads\/2018\/09\/Impacto-6-300x216.jpg 300w\" data-sizes=\"(max-width: 555px) 100vw, 555px\" src=\"data:image\/svg+xml;base64,PHN2ZyB3aWR0aD0iMSIgaGVpZ2h0PSIxIiB4bWxucz0iaHR0cDovL3d3dy53My5vcmcvMjAwMC9zdmciPjwvc3ZnPg==\" style=\"--smush-placeholder-width: 555px; --smush-placeholder-aspect-ratio: 555\/400;\" \/><\/p>\n<p style=\"text-align: justify;\">Para ilustrar estas previsiones, se proponen una serie de ejemplos, como el apuntado antes de Vodafone y los chatbots o el de Deutsche Telekom, que multiplicar\u00e1 por dos y por tres el n\u00famero de contactos digitales con los clientes:<\/p>\n<p style=\"text-align: justify;\"><img decoding=\"async\" class=\"aligncenter wp-image-214215 size-full lazyload\" data-src=\"http:\/\/ugtcomunicaciones.es\/wordpress\/wp-content\/uploads\/2018\/09\/Impacto-7.jpg\" alt=\"\" width=\"397\" height=\"326\" data-srcset=\"https:\/\/www.ugtcomunicaciones.es\/wordpress\/wp-content\/uploads\/2018\/09\/Impacto-7.jpg 397w, https:\/\/www.ugtcomunicaciones.es\/wordpress\/wp-content\/uploads\/2018\/09\/Impacto-7-300x246.jpg 300w\" data-sizes=\"(max-width: 397px) 100vw, 397px\" src=\"data:image\/svg+xml;base64,PHN2ZyB3aWR0aD0iMSIgaGVpZ2h0PSIxIiB4bWxucz0iaHR0cDovL3d3dy53My5vcmcvMjAwMC9zdmciPjwvc3ZnPg==\" style=\"--smush-placeholder-width: 397px; --smush-placeholder-aspect-ratio: 397\/326;\" \/><\/p>\n<p style=\"text-align: justify;\"><span style=\"color: #ff0000;\"><strong>UGT<\/strong><\/span><strong> Comunicaciones<\/strong> rechaza de plano las conclusiones de este estudio. Estando de acuerdo con que es necesario modernizar cualquier empresa para poder competir en un mercado tan sumamente complejo como es el de las telecomunicaciones, dicha competencia no se puede centrar, \u00fanicamente, en reducir plantillas y costes laborales.<\/p>\n<p style=\"text-align: justify;\">Nadie duda de que el progreso digital es necesario, e incluso casi imparable, pero no puede ser a costa de eliminar empleo, o en su defecto, laminar las condiciones laborales de los trabajadores y trabajadoras que componemos este sector.<\/p>\n<p style=\"text-align: justify;\">El factor humano fue, es y ser\u00e1 siempre imprescindible en cualquier actividad econ\u00f3mica. El trato cercano, la empat\u00eda, la creatividad y las relaciones sociales son determinantes a la hora de tratar al cliente y son, en la pr\u00e1ctica, una clave diferencial a la hora de competir. No es compatible enviar mensajes del tipo \u201cnuestro principal activo son nuestros empleados\u201d mientras se estudia c\u00f3mo reducir empleos de forma masiva.<\/p>\n<p style=\"text-align: justify;\"><span style=\"color: #ff0000;\"><strong>UGT <\/strong><\/span>considera que cualquier plan de digitalizaci\u00f3n y automatizaci\u00f3n debe ir acompa\u00f1ado de un plan integral de formaci\u00f3n y reconversi\u00f3n laboral para todos los trabajadores afectados. La modernizaci\u00f3n de cualquier empresa debe ir acompa\u00f1ada de un aumento de las capacidades de los trabajadores. Por definici\u00f3n, hay que sincronizar el progreso tecnol\u00f3gico de los medios de producci\u00f3n con la adaptaci\u00f3n de los trabajadores a los nuevos requerimientos del mercado de trabajo.<\/p>\n<p style=\"text-align: justify;\"><span style=\"color: #ff0000;\"><strong>UGT <\/strong><\/span>siempre emplear\u00e1 el Dialogo Social como medio para equilibrar derechos e intereses de los trabajadores con las necesidades de las empresas, en la b\u00fasqueda de un consenso que sea beneficioso para todas las partes implicadas; pero si el objetivo final de una compa\u00f1\u00eda es la mera sustituci\u00f3n de empleo por algoritmos, para \u00fanicamente aumentar sus beneficios, nos tendr\u00e1 enfrente, con toda la intensidad, convicci\u00f3n y contundencia posibles.<\/p>\n<p style=\"text-align: right;\"><strong><span style=\"color: #ff0000;\">UGT<\/span> Comunicaciones<\/strong><\/p>\n<p><span style=\"font-size: xx-small;\"><br \/>\n<a href=\"#_ftnref1\" name=\"_ftn1\">[1]<\/a> <a href=\"https:\/\/es.wikipedia.org\/wiki\/Opex\" target=\"_blank\" rel=\"noopener\">https:\/\/es.wikipedia.org\/wiki\/Opex<\/a><br \/>\n<a href=\"#_ftnref2\" name=\"_ftn2\">[2]<\/a> La consultora TM Forum incluso se atreve a dar cifras en el Reino Unido: 48.000 empleos menos en una d\u00e9cada, <a href=\"https:\/\/www.totaltele.com\/500733\/UK-telcos-could-shed-48000-jobs-over-the-next-decade\" target=\"_blank\" rel=\"noopener\">https:\/\/www.totaltele.com\/\/500733\/UK-telcos-could-shed-48000-jobs-over-the-next-decade<\/a><br \/>\n<a href=\"#_ftnref3\" name=\"_ftn3\">[3]<\/a> <a href=\"http:\/\/ugtcomunicaciones.es\/wordpress\/efectos-de-fusion-y-automatizacion-1-000-despidos-2\/\" target=\"_blank\" rel=\"noopener\">http:\/\/ugtcomunicaciones.es\/wordpress\/efectos-de-fusion-y-automatizacion-1-000-despidos-2\/<\/a>; <a href=\"http:\/\/ugtcomunicaciones.es\/wordpress\/la-automatizacion-casi-total-llega-a-las-redes\/\" target=\"_blank\" rel=\"noopener\">http:\/\/ugtcomunicaciones.es\/wordpress\/la-automatizacion-casi-total-llega-a-las-redes\/<\/a>; <a href=\"http:\/\/ugtcomunicaciones.es\/wordpress\/123951-2\/\" target=\"_blank\" rel=\"noopener\">http:\/\/ugtcomunicaciones.es\/wordpress\/123951-2\/<\/a>; <a href=\"http:\/\/ugtcomunicaciones.es\/wordpress\/las-principales-telecos-del-mundo-destruyen-84-000-empleos-menos-dos-anos\/\" target=\"_blank\" rel=\"noopener\">http:\/\/ugtcomunicaciones.es\/wordpress\/las-principales-telecos-del-mundo<\/a><\/span><\/p>\n","protected":false},"excerpt":{"rendered":"<p>Pocos son los estudios hol\u00edsticos que miden el impacto de la digitalizaci\u00f3n en el empleo de las operadoras de telecomunicaciones a nivel europeo, por lo que creemos pertinente traer al primer plano este documento realizado por el banco estadounidense Goldman Sachs. Bajo una particular tesis denominada como \u2018Digital divergence\u2019, el banco de inversi\u00f3n considera que [&hellip;]<\/p>\n","protected":false},"author":3,"featured_media":214224,"comment_status":"closed","ping_status":"closed","sticky":false,"template":"","format":"standard","meta":{"footnotes":""},"categories":[14,12],"tags":[],"class_list":["post-214204","post","type-post","status-publish","format-standard","has-post-thumbnail","hentry","category-opinion","category-regulacion"],"yoast_head":"<!-- This site is optimized with the Yoast SEO Premium plugin v27.3 (Yoast SEO v27.4) - https:\/\/yoast.com\/product\/yoast-seo-premium-wordpress\/ -->\n<title>Impacto de la digitalizaci\u00f3n en el empleo de las telecos - UGT Comunicaciones<\/title>\n<meta name=\"description\" content=\"Pocos son los estudios hol\u00edsticos que miden el impacto de la digitalizaci\u00f3n en el empleo de las operadoras de telecomunicaciones a nivel europeo\" \/>\n<meta name=\"robots\" content=\"index, follow, max-snippet:-1, max-image-preview:large, max-video-preview:-1\" \/>\n<link rel=\"canonical\" href=\"https:\/\/www.ugtcomunicaciones.es\/wordpress\/impacto-de-la-digitalizacion-en-el-empleo-de-las-telecos\/\" \/>\n<meta property=\"og:locale\" content=\"es_ES\" \/>\n<meta property=\"og:type\" content=\"article\" \/>\n<meta property=\"og:title\" content=\"Impacto de la digitalizaci\u00f3n en el empleo de las telecos\" \/>\n<meta property=\"og:description\" content=\"Pocos son los estudios hol\u00edsticos que miden el impacto de la digitalizaci\u00f3n en el empleo de las operadoras de telecomunicaciones a nivel europeo\" \/>\n<meta property=\"og:url\" content=\"https:\/\/www.ugtcomunicaciones.es\/wordpress\/impacto-de-la-digitalizacion-en-el-empleo-de-las-telecos\/\" \/>\n<meta property=\"og:site_name\" content=\"UGT Comunicaciones\" \/>\n<meta property=\"article:publisher\" content=\"https:\/\/www.facebook.com\/ugt.comunicaciones\/\" \/>\n<meta property=\"article:published_time\" content=\"2018-10-01T06:00:54+00:00\" \/>\n<meta property=\"og:image\" content=\"https:\/\/www.ugtcomunicaciones.es\/wordpress\/wp-content\/uploads\/2018\/10\/Impacto-8-e1537353276533.jpg\" \/>\n\t<meta property=\"og:image:width\" content=\"600\" \/>\n\t<meta property=\"og:image:height\" content=\"332\" \/>\n\t<meta property=\"og:image:type\" content=\"image\/jpeg\" \/>\n<meta name=\"author\" content=\"UGT\" \/>\n<meta name=\"twitter:card\" content=\"summary_large_image\" \/>\n<meta name=\"twitter:creator\" content=\"@ugtcom\" \/>\n<meta name=\"twitter:site\" content=\"@ugtcom\" \/>\n<meta name=\"twitter:label1\" content=\"Escrito por\" \/>\n\t<meta name=\"twitter:data1\" content=\"UGT\" \/>\n\t<meta name=\"twitter:label2\" content=\"Tiempo de lectura\" \/>\n\t<meta name=\"twitter:data2\" content=\"4 minutos\" \/>\n<script type=\"application\/ld+json\" class=\"yoast-schema-graph\">{\"@context\":\"https:\\\/\\\/schema.org\",\"@graph\":[{\"@type\":\"Article\",\"@id\":\"https:\\\/\\\/www.ugtcomunicaciones.es\\\/wordpress\\\/impacto-de-la-digitalizacion-en-el-empleo-de-las-telecos\\\/#article\",\"isPartOf\":{\"@id\":\"https:\\\/\\\/www.ugtcomunicaciones.es\\\/wordpress\\\/impacto-de-la-digitalizacion-en-el-empleo-de-las-telecos\\\/\"},\"author\":{\"name\":\"UGT\",\"@id\":\"https:\\\/\\\/www.ugtcomunicaciones.es\\\/wordpress\\\/#\\\/schema\\\/person\\\/eba0fc3fe5b444531d94d4368cba89ed\"},\"headline\":\"Impacto de la digitalizaci\u00f3n en el empleo de las telecos\",\"datePublished\":\"2018-10-01T06:00:54+00:00\",\"mainEntityOfPage\":{\"@id\":\"https:\\\/\\\/www.ugtcomunicaciones.es\\\/wordpress\\\/impacto-de-la-digitalizacion-en-el-empleo-de-las-telecos\\\/\"},\"wordCount\":743,\"publisher\":{\"@id\":\"https:\\\/\\\/www.ugtcomunicaciones.es\\\/wordpress\\\/#organization\"},\"image\":{\"@id\":\"https:\\\/\\\/www.ugtcomunicaciones.es\\\/wordpress\\\/impacto-de-la-digitalizacion-en-el-empleo-de-las-telecos\\\/#primaryimage\"},\"thumbnailUrl\":\"https:\\\/\\\/www.ugtcomunicaciones.es\\\/wordpress\\\/wp-content\\\/uploads\\\/2018\\\/10\\\/Impacto-8-e1537353276533.jpg\",\"articleSection\":[\"Opini\u00f3n\",\"Regulaci\u00f3n\"],\"inLanguage\":\"es\"},{\"@type\":\"WebPage\",\"@id\":\"https:\\\/\\\/www.ugtcomunicaciones.es\\\/wordpress\\\/impacto-de-la-digitalizacion-en-el-empleo-de-las-telecos\\\/\",\"url\":\"https:\\\/\\\/www.ugtcomunicaciones.es\\\/wordpress\\\/impacto-de-la-digitalizacion-en-el-empleo-de-las-telecos\\\/\",\"name\":\"Impacto de la digitalizaci\u00f3n en el empleo de las telecos - UGT Comunicaciones\",\"isPartOf\":{\"@id\":\"https:\\\/\\\/www.ugtcomunicaciones.es\\\/wordpress\\\/#website\"},\"primaryImageOfPage\":{\"@id\":\"https:\\\/\\\/www.ugtcomunicaciones.es\\\/wordpress\\\/impacto-de-la-digitalizacion-en-el-empleo-de-las-telecos\\\/#primaryimage\"},\"image\":{\"@id\":\"https:\\\/\\\/www.ugtcomunicaciones.es\\\/wordpress\\\/impacto-de-la-digitalizacion-en-el-empleo-de-las-telecos\\\/#primaryimage\"},\"thumbnailUrl\":\"https:\\\/\\\/www.ugtcomunicaciones.es\\\/wordpress\\\/wp-content\\\/uploads\\\/2018\\\/10\\\/Impacto-8-e1537353276533.jpg\",\"datePublished\":\"2018-10-01T06:00:54+00:00\",\"description\":\"Pocos son los estudios hol\u00edsticos que miden el impacto de la digitalizaci\u00f3n en el empleo de las operadoras de telecomunicaciones a nivel europeo\",\"breadcrumb\":{\"@id\":\"https:\\\/\\\/www.ugtcomunicaciones.es\\\/wordpress\\\/impacto-de-la-digitalizacion-en-el-empleo-de-las-telecos\\\/#breadcrumb\"},\"inLanguage\":\"es\",\"potentialAction\":[{\"@type\":\"ReadAction\",\"target\":[\"https:\\\/\\\/www.ugtcomunicaciones.es\\\/wordpress\\\/impacto-de-la-digitalizacion-en-el-empleo-de-las-telecos\\\/\"]}]},{\"@type\":\"ImageObject\",\"inLanguage\":\"es\",\"@id\":\"https:\\\/\\\/www.ugtcomunicaciones.es\\\/wordpress\\\/impacto-de-la-digitalizacion-en-el-empleo-de-las-telecos\\\/#primaryimage\",\"url\":\"https:\\\/\\\/www.ugtcomunicaciones.es\\\/wordpress\\\/wp-content\\\/uploads\\\/2018\\\/10\\\/Impacto-8-e1537353276533.jpg\",\"contentUrl\":\"https:\\\/\\\/www.ugtcomunicaciones.es\\\/wordpress\\\/wp-content\\\/uploads\\\/2018\\\/10\\\/Impacto-8-e1537353276533.jpg\",\"width\":600,\"height\":332,\"caption\":\"Impacto-8\"},{\"@type\":\"BreadcrumbList\",\"@id\":\"https:\\\/\\\/www.ugtcomunicaciones.es\\\/wordpress\\\/impacto-de-la-digitalizacion-en-el-empleo-de-las-telecos\\\/#breadcrumb\",\"itemListElement\":[{\"@type\":\"ListItem\",\"position\":1,\"name\":\"Portada\",\"item\":\"https:\\\/\\\/www.ugtcomunicaciones.es\\\/wordpress\\\/\"},{\"@type\":\"ListItem\",\"position\":2,\"name\":\"Impacto de la digitalizaci\u00f3n en el empleo de las telecos\"}]},{\"@type\":\"WebSite\",\"@id\":\"https:\\\/\\\/www.ugtcomunicaciones.es\\\/wordpress\\\/#website\",\"url\":\"https:\\\/\\\/www.ugtcomunicaciones.es\\\/wordpress\\\/\",\"name\":\"UGT Comunicaciones\",\"description\":\"Sindicato de Telecomunicaciones\",\"publisher\":{\"@id\":\"https:\\\/\\\/www.ugtcomunicaciones.es\\\/wordpress\\\/#organization\"},\"potentialAction\":[{\"@type\":\"SearchAction\",\"target\":{\"@type\":\"EntryPoint\",\"urlTemplate\":\"https:\\\/\\\/www.ugtcomunicaciones.es\\\/wordpress\\\/?s={search_term_string}\"},\"query-input\":{\"@type\":\"PropertyValueSpecification\",\"valueRequired\":true,\"valueName\":\"search_term_string\"}}],\"inLanguage\":\"es\"},{\"@type\":\"Organization\",\"@id\":\"https:\\\/\\\/www.ugtcomunicaciones.es\\\/wordpress\\\/#organization\",\"name\":\"UGT Comunicaciones\",\"url\":\"https:\\\/\\\/www.ugtcomunicaciones.es\\\/wordpress\\\/\",\"logo\":{\"@type\":\"ImageObject\",\"inLanguage\":\"es\",\"@id\":\"https:\\\/\\\/www.ugtcomunicaciones.es\\\/wordpress\\\/#\\\/schema\\\/logo\\\/image\\\/\",\"url\":\"https:\\\/\\\/www.ugtcomunicaciones.es\\\/wordpress\\\/wp-content\\\/uploads\\\/2024\\\/04\\\/comunicaciones_logo.png\",\"contentUrl\":\"https:\\\/\\\/www.ugtcomunicaciones.es\\\/wordpress\\\/wp-content\\\/uploads\\\/2024\\\/04\\\/comunicaciones_logo.png\",\"width\":298,\"height\":81,\"caption\":\"UGT Comunicaciones\"},\"image\":{\"@id\":\"https:\\\/\\\/www.ugtcomunicaciones.es\\\/wordpress\\\/#\\\/schema\\\/logo\\\/image\\\/\"},\"sameAs\":[\"https:\\\/\\\/www.facebook.com\\\/ugt.comunicaciones\\\/\",\"https:\\\/\\\/x.com\\\/ugtcom\"]},{\"@type\":\"Person\",\"@id\":\"https:\\\/\\\/www.ugtcomunicaciones.es\\\/wordpress\\\/#\\\/schema\\\/person\\\/eba0fc3fe5b444531d94d4368cba89ed\",\"name\":\"UGT\",\"image\":{\"@type\":\"ImageObject\",\"inLanguage\":\"es\",\"@id\":\"https:\\\/\\\/secure.gravatar.com\\\/avatar\\\/2a16057d620a4c646bcfc171c4f23030879ebbdd346f0525bd5d4a564e57e13d?s=96&d=mm&r=g\",\"url\":\"https:\\\/\\\/secure.gravatar.com\\\/avatar\\\/2a16057d620a4c646bcfc171c4f23030879ebbdd346f0525bd5d4a564e57e13d?s=96&d=mm&r=g\",\"contentUrl\":\"https:\\\/\\\/secure.gravatar.com\\\/avatar\\\/2a16057d620a4c646bcfc171c4f23030879ebbdd346f0525bd5d4a564e57e13d?s=96&d=mm&r=g\",\"caption\":\"UGT\"}}]}<\/script>\n<!-- \/ Yoast SEO Premium plugin. -->","yoast_head_json":{"title":"Impacto de la digitalizaci\u00f3n en el empleo de las telecos - UGT Comunicaciones","description":"Pocos son los estudios hol\u00edsticos que miden el impacto de la digitalizaci\u00f3n en el empleo de las operadoras de telecomunicaciones a nivel europeo","robots":{"index":"index","follow":"follow","max-snippet":"max-snippet:-1","max-image-preview":"max-image-preview:large","max-video-preview":"max-video-preview:-1"},"canonical":"https:\/\/www.ugtcomunicaciones.es\/wordpress\/impacto-de-la-digitalizacion-en-el-empleo-de-las-telecos\/","og_locale":"es_ES","og_type":"article","og_title":"Impacto de la digitalizaci\u00f3n en el empleo de las telecos","og_description":"Pocos son los estudios hol\u00edsticos que miden el impacto de la digitalizaci\u00f3n en el empleo de las operadoras de telecomunicaciones a nivel europeo","og_url":"https:\/\/www.ugtcomunicaciones.es\/wordpress\/impacto-de-la-digitalizacion-en-el-empleo-de-las-telecos\/","og_site_name":"UGT Comunicaciones","article_publisher":"https:\/\/www.facebook.com\/ugt.comunicaciones\/","article_published_time":"2018-10-01T06:00:54+00:00","og_image":[{"width":600,"height":332,"url":"https:\/\/www.ugtcomunicaciones.es\/wordpress\/wp-content\/uploads\/2018\/10\/Impacto-8-e1537353276533.jpg","type":"image\/jpeg"}],"author":"UGT","twitter_card":"summary_large_image","twitter_creator":"@ugtcom","twitter_site":"@ugtcom","twitter_misc":{"Escrito por":"UGT","Tiempo de lectura":"4 minutos"},"schema":{"@context":"https:\/\/schema.org","@graph":[{"@type":"Article","@id":"https:\/\/www.ugtcomunicaciones.es\/wordpress\/impacto-de-la-digitalizacion-en-el-empleo-de-las-telecos\/#article","isPartOf":{"@id":"https:\/\/www.ugtcomunicaciones.es\/wordpress\/impacto-de-la-digitalizacion-en-el-empleo-de-las-telecos\/"},"author":{"name":"UGT","@id":"https:\/\/www.ugtcomunicaciones.es\/wordpress\/#\/schema\/person\/eba0fc3fe5b444531d94d4368cba89ed"},"headline":"Impacto de la digitalizaci\u00f3n en el empleo de las telecos","datePublished":"2018-10-01T06:00:54+00:00","mainEntityOfPage":{"@id":"https:\/\/www.ugtcomunicaciones.es\/wordpress\/impacto-de-la-digitalizacion-en-el-empleo-de-las-telecos\/"},"wordCount":743,"publisher":{"@id":"https:\/\/www.ugtcomunicaciones.es\/wordpress\/#organization"},"image":{"@id":"https:\/\/www.ugtcomunicaciones.es\/wordpress\/impacto-de-la-digitalizacion-en-el-empleo-de-las-telecos\/#primaryimage"},"thumbnailUrl":"https:\/\/www.ugtcomunicaciones.es\/wordpress\/wp-content\/uploads\/2018\/10\/Impacto-8-e1537353276533.jpg","articleSection":["Opini\u00f3n","Regulaci\u00f3n"],"inLanguage":"es"},{"@type":"WebPage","@id":"https:\/\/www.ugtcomunicaciones.es\/wordpress\/impacto-de-la-digitalizacion-en-el-empleo-de-las-telecos\/","url":"https:\/\/www.ugtcomunicaciones.es\/wordpress\/impacto-de-la-digitalizacion-en-el-empleo-de-las-telecos\/","name":"Impacto de la digitalizaci\u00f3n en el empleo de las telecos - UGT Comunicaciones","isPartOf":{"@id":"https:\/\/www.ugtcomunicaciones.es\/wordpress\/#website"},"primaryImageOfPage":{"@id":"https:\/\/www.ugtcomunicaciones.es\/wordpress\/impacto-de-la-digitalizacion-en-el-empleo-de-las-telecos\/#primaryimage"},"image":{"@id":"https:\/\/www.ugtcomunicaciones.es\/wordpress\/impacto-de-la-digitalizacion-en-el-empleo-de-las-telecos\/#primaryimage"},"thumbnailUrl":"https:\/\/www.ugtcomunicaciones.es\/wordpress\/wp-content\/uploads\/2018\/10\/Impacto-8-e1537353276533.jpg","datePublished":"2018-10-01T06:00:54+00:00","description":"Pocos son los estudios hol\u00edsticos que miden el impacto de la digitalizaci\u00f3n en el empleo de las operadoras de telecomunicaciones a nivel europeo","breadcrumb":{"@id":"https:\/\/www.ugtcomunicaciones.es\/wordpress\/impacto-de-la-digitalizacion-en-el-empleo-de-las-telecos\/#breadcrumb"},"inLanguage":"es","potentialAction":[{"@type":"ReadAction","target":["https:\/\/www.ugtcomunicaciones.es\/wordpress\/impacto-de-la-digitalizacion-en-el-empleo-de-las-telecos\/"]}]},{"@type":"ImageObject","inLanguage":"es","@id":"https:\/\/www.ugtcomunicaciones.es\/wordpress\/impacto-de-la-digitalizacion-en-el-empleo-de-las-telecos\/#primaryimage","url":"https:\/\/www.ugtcomunicaciones.es\/wordpress\/wp-content\/uploads\/2018\/10\/Impacto-8-e1537353276533.jpg","contentUrl":"https:\/\/www.ugtcomunicaciones.es\/wordpress\/wp-content\/uploads\/2018\/10\/Impacto-8-e1537353276533.jpg","width":600,"height":332,"caption":"Impacto-8"},{"@type":"BreadcrumbList","@id":"https:\/\/www.ugtcomunicaciones.es\/wordpress\/impacto-de-la-digitalizacion-en-el-empleo-de-las-telecos\/#breadcrumb","itemListElement":[{"@type":"ListItem","position":1,"name":"Portada","item":"https:\/\/www.ugtcomunicaciones.es\/wordpress\/"},{"@type":"ListItem","position":2,"name":"Impacto de la digitalizaci\u00f3n en el empleo de las telecos"}]},{"@type":"WebSite","@id":"https:\/\/www.ugtcomunicaciones.es\/wordpress\/#website","url":"https:\/\/www.ugtcomunicaciones.es\/wordpress\/","name":"UGT Comunicaciones","description":"Sindicato de Telecomunicaciones","publisher":{"@id":"https:\/\/www.ugtcomunicaciones.es\/wordpress\/#organization"},"potentialAction":[{"@type":"SearchAction","target":{"@type":"EntryPoint","urlTemplate":"https:\/\/www.ugtcomunicaciones.es\/wordpress\/?s={search_term_string}"},"query-input":{"@type":"PropertyValueSpecification","valueRequired":true,"valueName":"search_term_string"}}],"inLanguage":"es"},{"@type":"Organization","@id":"https:\/\/www.ugtcomunicaciones.es\/wordpress\/#organization","name":"UGT Comunicaciones","url":"https:\/\/www.ugtcomunicaciones.es\/wordpress\/","logo":{"@type":"ImageObject","inLanguage":"es","@id":"https:\/\/www.ugtcomunicaciones.es\/wordpress\/#\/schema\/logo\/image\/","url":"https:\/\/www.ugtcomunicaciones.es\/wordpress\/wp-content\/uploads\/2024\/04\/comunicaciones_logo.png","contentUrl":"https:\/\/www.ugtcomunicaciones.es\/wordpress\/wp-content\/uploads\/2024\/04\/comunicaciones_logo.png","width":298,"height":81,"caption":"UGT Comunicaciones"},"image":{"@id":"https:\/\/www.ugtcomunicaciones.es\/wordpress\/#\/schema\/logo\/image\/"},"sameAs":["https:\/\/www.facebook.com\/ugt.comunicaciones\/","https:\/\/x.com\/ugtcom"]},{"@type":"Person","@id":"https:\/\/www.ugtcomunicaciones.es\/wordpress\/#\/schema\/person\/eba0fc3fe5b444531d94d4368cba89ed","name":"UGT","image":{"@type":"ImageObject","inLanguage":"es","@id":"https:\/\/secure.gravatar.com\/avatar\/2a16057d620a4c646bcfc171c4f23030879ebbdd346f0525bd5d4a564e57e13d?s=96&d=mm&r=g","url":"https:\/\/secure.gravatar.com\/avatar\/2a16057d620a4c646bcfc171c4f23030879ebbdd346f0525bd5d4a564e57e13d?s=96&d=mm&r=g","contentUrl":"https:\/\/secure.gravatar.com\/avatar\/2a16057d620a4c646bcfc171c4f23030879ebbdd346f0525bd5d4a564e57e13d?s=96&d=mm&r=g","caption":"UGT"}}]}},"_links":{"self":[{"href":"https:\/\/www.ugtcomunicaciones.es\/wordpress\/wp-json\/wp\/v2\/posts\/214204","targetHints":{"allow":["GET"]}}],"collection":[{"href":"https:\/\/www.ugtcomunicaciones.es\/wordpress\/wp-json\/wp\/v2\/posts"}],"about":[{"href":"https:\/\/www.ugtcomunicaciones.es\/wordpress\/wp-json\/wp\/v2\/types\/post"}],"author":[{"embeddable":true,"href":"https:\/\/www.ugtcomunicaciones.es\/wordpress\/wp-json\/wp\/v2\/users\/3"}],"replies":[{"embeddable":true,"href":"https:\/\/www.ugtcomunicaciones.es\/wordpress\/wp-json\/wp\/v2\/comments?post=214204"}],"version-history":[{"count":0,"href":"https:\/\/www.ugtcomunicaciones.es\/wordpress\/wp-json\/wp\/v2\/posts\/214204\/revisions"}],"wp:featuredmedia":[{"embeddable":true,"href":"https:\/\/www.ugtcomunicaciones.es\/wordpress\/wp-json\/wp\/v2\/media\/214224"}],"wp:attachment":[{"href":"https:\/\/www.ugtcomunicaciones.es\/wordpress\/wp-json\/wp\/v2\/media?parent=214204"}],"wp:term":[{"taxonomy":"category","embeddable":true,"href":"https:\/\/www.ugtcomunicaciones.es\/wordpress\/wp-json\/wp\/v2\/categories?post=214204"},{"taxonomy":"post_tag","embeddable":true,"href":"https:\/\/www.ugtcomunicaciones.es\/wordpress\/wp-json\/wp\/v2\/tags?post=214204"}],"curies":[{"name":"wp","href":"https:\/\/api.w.org\/{rel}","templated":true}]}}