{"id":217106,"date":"2018-10-01T08:00:22","date_gmt":"2018-10-01T06:00:22","guid":{"rendered":"http:\/\/ugtcomunicaciones.es\/wordpress\/?p=217106"},"modified":"2018-09-25T11:54:40","modified_gmt":"2018-09-25T09:54:40","slug":"ugt-en-el-32o-encuentro-de-la-economia-digital-y-las-telecomunicaciones","status":"publish","type":"post","link":"https:\/\/www.ugtcomunicaciones.es\/wordpress\/ugt-en-el-32o-encuentro-de-la-economia-digital-y-las-telecomunicaciones\/","title":{"rendered":"UGT en el 32\u00ba encuentro de la econom\u00eda digital y las telecomunicaciones"},"content":{"rendered":"<p style=\"text-align: justify;\"><span style=\"color: #ff0000;\"><strong>UGT<\/strong><\/span> ha vuelto a asistir a una de las citas imprescindibles del a\u00f1o, que viene celebr\u00e1ndose desde hace treinta y dos a\u00f1os en Santander y organizada por la patronal AMETIC y la Universidad Men\u00e9ndez Pelayo: el XXXII Encuentro de la Econom\u00eda Digital y las Telecomunicaciones.<\/p>\n<p style=\"text-align: justify;\">Celebrada a primeros de septiembre bajo el lema <strong>\u201cDando voz a la industria digital\u201d<\/strong>, el evento congreg\u00f3 a los principales actores del contexto digital, con intervenciones y mesas redondas dignas de menci\u00f3n. Entre todas ellas, queremos destacar las tres siguientes:<\/p>\n<ul style=\"text-align: justify;\">\n<li><strong>Ministra de Industria (Reyes Maroto)<\/strong>: La Ministra efectu\u00f3 un discurso en defensa de un desarrollo econ\u00f3mico del pa\u00eds desde la tecnolog\u00eda y el avance digital. As\u00ed, afirmo que \u201c\u201cla industria, el comercio y el turismo est\u00e1n afrontando el desaf\u00edo de la transformaci\u00f3n digital, la cual constituye una de las principales palancas para mejorar el crecimiento econ\u00f3mico, la competitividad empresarial y el bienestar social\u201d, a\u00f1adiendo que \u201cesta transformaci\u00f3n ha proporcionado niveles de crecimiento y bienestar sin precedentes, pero es necesario promover un nuevo modelo econ\u00f3mico, en el que la industria digital sea uno de los protagonistas principales\u201d. Adem\u00e1s, destac\u00f3 que \u201cdesde el ministerio, estamos apostando por impulsar la inversi\u00f3n en innovaci\u00f3n y en tecnolog\u00edas asociadas a la digitalizaci\u00f3n, fomentar el emprendimiento y potenciar la atracci\u00f3n de talento, una de las tareas pendientes que tienen nuestras empresas<a href=\"#_ftn1\" name=\"_ftnref1\">[1]<\/a>\u201d. Reyes Maroto no rehuy\u00f3 del debate de la fiscalidad y la tasa Google<a href=\"#_ftn2\" name=\"_ftnref2\">[2]<\/a> (\u201cEstamos dise\u00f1ando una fiscalidad m\u00e1s acorde al siglo XXI<a href=\"#_ftn3\" name=\"_ftnref3\">[3]<\/a>\u201d), pero tampoco dio detalles de los planes del Gobierno. Por \u00faltimo, la Ministra prometi\u00f3 un aumento de la partida presupuestaria, para digitalizaci\u00f3n, entre advertencias a la oposici\u00f3n: \u201cEs importante mejorarlos, pero no votar en contra de algo que puede cambiar el d\u00eda a d\u00eda de la vida de las personas y las empresas. Ser\u00e1n los grupos que voten en contra los que tendr\u00e1n que explicar por qu\u00e9 lo hacen<a href=\"#_ftn4\" name=\"_ftnref4\">[4]<\/a>\u201d.<\/li>\n<\/ul>\n<ul style=\"text-align: justify;\">\n<li><strong>Secretario de Estado de Avance Digital (Francisco Polo)<\/strong>: El SEAD ha indicado que el mayor compromiso del Gobierno en esta materia es no dejar a nadie atr\u00e1s, mitigando las desigualdades, para que todos se puedan aprovechar de una Espa\u00f1a emprendedora, protagonizada por una econom\u00eda sostenible y justa. De hecho, ha afirmado que \u201cel Gobierno debe ser la mano visible que impulse el progreso en este pa\u00eds\u201d, con apuestas decididas por el 5G (una tecnolog\u00eda que ha calificado de esencial, destacando los pilotos que se est\u00e1n poniendo en marcha y el Plan Nacional de Territorios Inteligentes), generar \u201cecosistemas atractivos para las mujeres\u201d, para hacer de Espa\u00f1a un referente internacional en Innovaci\u00f3n: \u201cDebemos mirar al futuro y ser ambiciosos. Estamos a tiempo de que la digitalizaci\u00f3n repercuta en un mundo mejor y m\u00e1s justo para todos. Lo que tengamos que hacer, hag\u00e1moslo, pero hag\u00e1moslo ya<a href=\"#_ftn5\" name=\"_ftnref5\">[5]<\/a>\u201d.<\/li>\n<\/ul>\n<ul>\n<li style=\"text-align: justify;\"><strong>Director general de Telecomunicaciones (Roberto S\u00e1nchez)<\/strong>: En el papel de moderador de una de las mesas redondas, el Director General anunci\u00f3 que las operadoras adjudicatarias de la subasta del 5G<a href=\"#_ftn6\" name=\"_ftnref6\">[6]<\/a> podr\u00e1n ya disponer de dicho espectro a finales de este a\u00f1o<a href=\"#_ftn7\" name=\"_ftnref7\">[7]<\/a>, siempre y cuando las operadoras se pongan de acuerdo en la agrupaci\u00f3n de los bloques de frecuencias adjudicados (el objetivo es aprovechar este espectro de la forma m\u00e1s eficiente). El Director General tambi\u00e9n anunci\u00f3 la convocatoria de las ayudas para los pilotos 5G, con una partida de 20 millones de euros, y que el a\u00f1o pr\u00f3ximo se efectuar\u00e1 otro proceso similar, con nueva dotaci\u00f3n presupuestaria<a href=\"#_ftn8\" name=\"_ftnref8\">[8]<\/a>.<\/li>\n<\/ul>\n<h4 style=\"text-align: right;\"><span style=\"color: #ff0000;\"><strong>UGT<\/strong><\/span><strong> Comunicaciones<\/strong><\/h4>\n<p><span style=\"font-size: xx-small;\"><br \/>\n<a href=\"#_ftnref1\" name=\"_ftn1\">[1]<\/a> <a href=\"https:\/\/ametic.es\/es\/prensa\/la-ministra-reyes-maroto-apuesta-por-la-industria-digital-como-protagonista-del-nuevo-modelo\" target=\"_blank\" rel=\"noopener\">https:\/\/ametic.es\/es\/prensa\/la-ministra-reyes-maroto-apuesta-por-la-industria-digital-como-protagonista-del-nuevo-modelo<\/a><br \/>\n<a href=\"#_ftnref2\" name=\"_ftn2\">[2]<\/a> <a href=\"http:\/\/ugtcomunicaciones.es\/wordpress\/la-tecnologia-al-servicio-de-nuestras-pensiones\/\" target=\"_blank\" rel=\"noopener\">http:\/\/ugtcomunicaciones.es\/wordpress\/la-tecnologia-al-servicio-de-nuestras-pensiones\/<\/a><br \/>\n<a href=\"#_ftnref3\" name=\"_ftn3\">[3]<\/a> <a href=\"http:\/\/www.redestelecom.es\/ferias\/noticias\/1107323001203\/reyes-maroto-reitera-santander-compromiso-del-gobierno-economia-digital.1.html\" target=\"_blank\" rel=\"noopener\">http:\/\/www.redestelecom.es\/ferias\/noticias\/110<\/a><br \/>\n<a href=\"#_ftnref4\" name=\"_ftn4\">[4]<\/a> <a href=\"https:\/\/www.eldiario.es\/tecnologia\/Gobierno-intensificara-apuesta-digital-Presupuestos_0_810519303.html\" target=\"_blank\" rel=\"noopener\">https:\/\/www.eldiario.es\/tecnologia\/Gobierno-intensificara-apuesta-digital-Presupuestos_0_810519303.html<\/a><br \/>\n<a href=\"#_ftnref5\" name=\"_ftn5\">[5]<\/a> <a href=\"https:\/\/ametic.es\/es\/prensa\/el-secretario-de-estado-de-avance-digital-y-el-secretario-general-de-industria-clausuran-el\" target=\"_blank\" rel=\"noopener\">https:\/\/ametic.es\/es\/prensa\/el-secretario-de-estado-de-avance-digital-y-el-secretario-general-de-industria-clausuran-el<\/a><br \/>\n<a href=\"#_ftnref6\" name=\"_ftn6\">[6]<\/a> <a href=\"http:\/\/www.mineco.gob.es\/portal\/site\/mineco\/menuitem.ac30f9268750bd56a0b0240e026041a0\/?vgnextoid=b476beb7ae7a4610VgnVCM1000001d04140aRCRD&amp;vgnextchannel=864e154527515310VgnVCM1000001d04140aRCRD\" target=\"_blank\" rel=\"noopener\">http:\/\/www.mineco.gob.es\/portal\/site\/mineco\/m<\/a><br \/>\n<a href=\"#_ftnref7\" name=\"_ftn7\">[7]<\/a> <a href=\"https:\/\/elpais.com\/economia\/2018\/09\/05\/actualidad\/1536147391_952520.html\" target=\"_blank\" rel=\"noopener\">https:\/\/elpais.com\/economia\/2018\/09\/05\/actualidad\/1536147391_952520.html<\/a><br \/>\n<a href=\"#_ftnref8\" name=\"_ftn8\">[8]<\/a> <a href=\"https:\/\/www.elespanol.com\/economia\/empresas\/20180903\/telecos-podran-disponer-frecuencias-final-ano\/335217422_0.html\" target=\"_blank\" rel=\"noopener\">https:\/\/www.elespanol.com\/economia\/empresas\/20180903\/telecos-podran-disponer-frecuencias-final-ano\/335217422_0.html<\/a><\/span><\/p>\n","protected":false},"excerpt":{"rendered":"<p>UGT ha vuelto a asistir a una de las citas imprescindibles del a\u00f1o, que viene celebr\u00e1ndose desde hace treinta y dos a\u00f1os en Santander y organizada por la patronal AMETIC y la Universidad Men\u00e9ndez Pelayo: el XXXII Encuentro de la Econom\u00eda Digital y las Telecomunicaciones. Celebrada a primeros de septiembre bajo el lema \u201cDando voz [&hellip;]<\/p>\n","protected":false},"author":3,"featured_media":217122,"comment_status":"closed","ping_status":"closed","sticky":false,"template":"","format":"standard","meta":{"footnotes":""},"categories":[13,12],"tags":[],"class_list":["post-217106","post","type-post","status-publish","format-standard","has-post-thumbnail","hentry","category-mercado-comunicaciones","category-regulacion"],"yoast_head":"<!-- This site is optimized with the Yoast SEO Premium plugin v27.3 (Yoast SEO v27.4) - https:\/\/yoast.com\/product\/yoast-seo-premium-wordpress\/ -->\n<title>UGT en el 32\u00ba encuentro de la econom\u00eda digital y las telecomunicaciones - UGT Comunicaciones<\/title>\n<meta name=\"description\" content=\"UGT ha vuelto a asistir a una de las citas imprescindibles del a\u00f1o, que viene celebr\u00e1ndose desde hace treinta y dos a\u00f1os en Santander y organizada por la...\" \/>\n<meta name=\"robots\" content=\"index, follow, max-snippet:-1, max-image-preview:large, max-video-preview:-1\" \/>\n<link rel=\"canonical\" href=\"https:\/\/www.ugtcomunicaciones.es\/wordpress\/ugt-en-el-32o-encuentro-de-la-economia-digital-y-las-telecomunicaciones\/\" \/>\n<meta property=\"og:locale\" content=\"es_ES\" \/>\n<meta property=\"og:type\" content=\"article\" \/>\n<meta property=\"og:title\" content=\"UGT en el 32\u00ba encuentro de la econom\u00eda digital y las telecomunicaciones\" \/>\n<meta property=\"og:description\" content=\"UGT ha vuelto a asistir a una de las citas imprescindibles del a\u00f1o, que viene celebr\u00e1ndose desde hace treinta y dos a\u00f1os en Santander y organizada por la...\" \/>\n<meta property=\"og:url\" content=\"https:\/\/www.ugtcomunicaciones.es\/wordpress\/ugt-en-el-32o-encuentro-de-la-economia-digital-y-las-telecomunicaciones\/\" \/>\n<meta property=\"og:site_name\" content=\"UGT Comunicaciones\" \/>\n<meta property=\"article:publisher\" content=\"https:\/\/www.facebook.com\/ugt.comunicaciones\/\" \/>\n<meta property=\"article:published_time\" content=\"2018-10-01T06:00:22+00:00\" \/>\n<meta property=\"og:image\" content=\"https:\/\/www.ugtcomunicaciones.es\/wordpress\/wp-content\/uploads\/2018\/10\/32_Encuentro_digital-e1537869148657.jpg\" \/>\n\t<meta property=\"og:image:width\" content=\"600\" \/>\n\t<meta property=\"og:image:height\" content=\"330\" \/>\n\t<meta property=\"og:image:type\" content=\"image\/jpeg\" \/>\n<meta name=\"author\" content=\"UGT\" \/>\n<meta name=\"twitter:card\" content=\"summary_large_image\" \/>\n<meta name=\"twitter:creator\" content=\"@ugtcom\" \/>\n<meta name=\"twitter:site\" content=\"@ugtcom\" \/>\n<meta name=\"twitter:label1\" content=\"Escrito por\" \/>\n\t<meta name=\"twitter:data1\" content=\"UGT\" \/>\n\t<meta name=\"twitter:label2\" content=\"Tiempo de lectura\" \/>\n\t<meta name=\"twitter:data2\" content=\"3 minutos\" \/>\n<script type=\"application\/ld+json\" class=\"yoast-schema-graph\">{\"@context\":\"https:\\\/\\\/schema.org\",\"@graph\":[{\"@type\":\"Article\",\"@id\":\"https:\\\/\\\/www.ugtcomunicaciones.es\\\/wordpress\\\/ugt-en-el-32o-encuentro-de-la-economia-digital-y-las-telecomunicaciones\\\/#article\",\"isPartOf\":{\"@id\":\"https:\\\/\\\/www.ugtcomunicaciones.es\\\/wordpress\\\/ugt-en-el-32o-encuentro-de-la-economia-digital-y-las-telecomunicaciones\\\/\"},\"author\":{\"name\":\"UGT\",\"@id\":\"https:\\\/\\\/www.ugtcomunicaciones.es\\\/wordpress\\\/#\\\/schema\\\/person\\\/eba0fc3fe5b444531d94d4368cba89ed\"},\"headline\":\"UGT en el 32\u00ba encuentro de la econom\u00eda digital y las telecomunicaciones\",\"datePublished\":\"2018-10-01T06:00:22+00:00\",\"mainEntityOfPage\":{\"@id\":\"https:\\\/\\\/www.ugtcomunicaciones.es\\\/wordpress\\\/ugt-en-el-32o-encuentro-de-la-economia-digital-y-las-telecomunicaciones\\\/\"},\"wordCount\":677,\"publisher\":{\"@id\":\"https:\\\/\\\/www.ugtcomunicaciones.es\\\/wordpress\\\/#organization\"},\"image\":{\"@id\":\"https:\\\/\\\/www.ugtcomunicaciones.es\\\/wordpress\\\/ugt-en-el-32o-encuentro-de-la-economia-digital-y-las-telecomunicaciones\\\/#primaryimage\"},\"thumbnailUrl\":\"https:\\\/\\\/www.ugtcomunicaciones.es\\\/wordpress\\\/wp-content\\\/uploads\\\/2018\\\/10\\\/32_Encuentro_digital-e1537869148657.jpg\",\"articleSection\":[\"Mercado Comunicaciones\",\"Regulaci\u00f3n\"],\"inLanguage\":\"es\"},{\"@type\":\"WebPage\",\"@id\":\"https:\\\/\\\/www.ugtcomunicaciones.es\\\/wordpress\\\/ugt-en-el-32o-encuentro-de-la-economia-digital-y-las-telecomunicaciones\\\/\",\"url\":\"https:\\\/\\\/www.ugtcomunicaciones.es\\\/wordpress\\\/ugt-en-el-32o-encuentro-de-la-economia-digital-y-las-telecomunicaciones\\\/\",\"name\":\"UGT en el 32\u00ba encuentro de la econom\u00eda digital y las telecomunicaciones - UGT Comunicaciones\",\"isPartOf\":{\"@id\":\"https:\\\/\\\/www.ugtcomunicaciones.es\\\/wordpress\\\/#website\"},\"primaryImageOfPage\":{\"@id\":\"https:\\\/\\\/www.ugtcomunicaciones.es\\\/wordpress\\\/ugt-en-el-32o-encuentro-de-la-economia-digital-y-las-telecomunicaciones\\\/#primaryimage\"},\"image\":{\"@id\":\"https:\\\/\\\/www.ugtcomunicaciones.es\\\/wordpress\\\/ugt-en-el-32o-encuentro-de-la-economia-digital-y-las-telecomunicaciones\\\/#primaryimage\"},\"thumbnailUrl\":\"https:\\\/\\\/www.ugtcomunicaciones.es\\\/wordpress\\\/wp-content\\\/uploads\\\/2018\\\/10\\\/32_Encuentro_digital-e1537869148657.jpg\",\"datePublished\":\"2018-10-01T06:00:22+00:00\",\"description\":\"UGT ha vuelto a asistir a una de las citas imprescindibles del a\u00f1o, que viene celebr\u00e1ndose desde hace treinta y dos a\u00f1os en Santander y organizada por la...\",\"breadcrumb\":{\"@id\":\"https:\\\/\\\/www.ugtcomunicaciones.es\\\/wordpress\\\/ugt-en-el-32o-encuentro-de-la-economia-digital-y-las-telecomunicaciones\\\/#breadcrumb\"},\"inLanguage\":\"es\",\"potentialAction\":[{\"@type\":\"ReadAction\",\"target\":[\"https:\\\/\\\/www.ugtcomunicaciones.es\\\/wordpress\\\/ugt-en-el-32o-encuentro-de-la-economia-digital-y-las-telecomunicaciones\\\/\"]}]},{\"@type\":\"ImageObject\",\"inLanguage\":\"es\",\"@id\":\"https:\\\/\\\/www.ugtcomunicaciones.es\\\/wordpress\\\/ugt-en-el-32o-encuentro-de-la-economia-digital-y-las-telecomunicaciones\\\/#primaryimage\",\"url\":\"https:\\\/\\\/www.ugtcomunicaciones.es\\\/wordpress\\\/wp-content\\\/uploads\\\/2018\\\/10\\\/32_Encuentro_digital-e1537869148657.jpg\",\"contentUrl\":\"https:\\\/\\\/www.ugtcomunicaciones.es\\\/wordpress\\\/wp-content\\\/uploads\\\/2018\\\/10\\\/32_Encuentro_digital-e1537869148657.jpg\",\"width\":600,\"height\":330},{\"@type\":\"BreadcrumbList\",\"@id\":\"https:\\\/\\\/www.ugtcomunicaciones.es\\\/wordpress\\\/ugt-en-el-32o-encuentro-de-la-economia-digital-y-las-telecomunicaciones\\\/#breadcrumb\",\"itemListElement\":[{\"@type\":\"ListItem\",\"position\":1,\"name\":\"Portada\",\"item\":\"https:\\\/\\\/www.ugtcomunicaciones.es\\\/wordpress\\\/\"},{\"@type\":\"ListItem\",\"position\":2,\"name\":\"UGT en el 32\u00ba encuentro de la econom\u00eda digital y las telecomunicaciones\"}]},{\"@type\":\"WebSite\",\"@id\":\"https:\\\/\\\/www.ugtcomunicaciones.es\\\/wordpress\\\/#website\",\"url\":\"https:\\\/\\\/www.ugtcomunicaciones.es\\\/wordpress\\\/\",\"name\":\"UGT Comunicaciones\",\"description\":\"Sindicato de Telecomunicaciones\",\"publisher\":{\"@id\":\"https:\\\/\\\/www.ugtcomunicaciones.es\\\/wordpress\\\/#organization\"},\"potentialAction\":[{\"@type\":\"SearchAction\",\"target\":{\"@type\":\"EntryPoint\",\"urlTemplate\":\"https:\\\/\\\/www.ugtcomunicaciones.es\\\/wordpress\\\/?s={search_term_string}\"},\"query-input\":{\"@type\":\"PropertyValueSpecification\",\"valueRequired\":true,\"valueName\":\"search_term_string\"}}],\"inLanguage\":\"es\"},{\"@type\":\"Organization\",\"@id\":\"https:\\\/\\\/www.ugtcomunicaciones.es\\\/wordpress\\\/#organization\",\"name\":\"UGT Comunicaciones\",\"url\":\"https:\\\/\\\/www.ugtcomunicaciones.es\\\/wordpress\\\/\",\"logo\":{\"@type\":\"ImageObject\",\"inLanguage\":\"es\",\"@id\":\"https:\\\/\\\/www.ugtcomunicaciones.es\\\/wordpress\\\/#\\\/schema\\\/logo\\\/image\\\/\",\"url\":\"https:\\\/\\\/www.ugtcomunicaciones.es\\\/wordpress\\\/wp-content\\\/uploads\\\/2024\\\/04\\\/comunicaciones_logo.png\",\"contentUrl\":\"https:\\\/\\\/www.ugtcomunicaciones.es\\\/wordpress\\\/wp-content\\\/uploads\\\/2024\\\/04\\\/comunicaciones_logo.png\",\"width\":298,\"height\":81,\"caption\":\"UGT Comunicaciones\"},\"image\":{\"@id\":\"https:\\\/\\\/www.ugtcomunicaciones.es\\\/wordpress\\\/#\\\/schema\\\/logo\\\/image\\\/\"},\"sameAs\":[\"https:\\\/\\\/www.facebook.com\\\/ugt.comunicaciones\\\/\",\"https:\\\/\\\/x.com\\\/ugtcom\"]},{\"@type\":\"Person\",\"@id\":\"https:\\\/\\\/www.ugtcomunicaciones.es\\\/wordpress\\\/#\\\/schema\\\/person\\\/eba0fc3fe5b444531d94d4368cba89ed\",\"name\":\"UGT\",\"image\":{\"@type\":\"ImageObject\",\"inLanguage\":\"es\",\"@id\":\"https:\\\/\\\/secure.gravatar.com\\\/avatar\\\/2a16057d620a4c646bcfc171c4f23030879ebbdd346f0525bd5d4a564e57e13d?s=96&d=mm&r=g\",\"url\":\"https:\\\/\\\/secure.gravatar.com\\\/avatar\\\/2a16057d620a4c646bcfc171c4f23030879ebbdd346f0525bd5d4a564e57e13d?s=96&d=mm&r=g\",\"contentUrl\":\"https:\\\/\\\/secure.gravatar.com\\\/avatar\\\/2a16057d620a4c646bcfc171c4f23030879ebbdd346f0525bd5d4a564e57e13d?s=96&d=mm&r=g\",\"caption\":\"UGT\"}}]}<\/script>\n<!-- \/ Yoast SEO Premium plugin. -->","yoast_head_json":{"title":"UGT en el 32\u00ba encuentro de la econom\u00eda digital y las telecomunicaciones - UGT Comunicaciones","description":"UGT ha vuelto a asistir a una de las citas imprescindibles del a\u00f1o, que viene celebr\u00e1ndose desde hace treinta y dos a\u00f1os en Santander y organizada por la...","robots":{"index":"index","follow":"follow","max-snippet":"max-snippet:-1","max-image-preview":"max-image-preview:large","max-video-preview":"max-video-preview:-1"},"canonical":"https:\/\/www.ugtcomunicaciones.es\/wordpress\/ugt-en-el-32o-encuentro-de-la-economia-digital-y-las-telecomunicaciones\/","og_locale":"es_ES","og_type":"article","og_title":"UGT en el 32\u00ba encuentro de la econom\u00eda digital y las telecomunicaciones","og_description":"UGT ha vuelto a asistir a una de las citas imprescindibles del a\u00f1o, que viene celebr\u00e1ndose desde hace treinta y dos a\u00f1os en Santander y organizada por la...","og_url":"https:\/\/www.ugtcomunicaciones.es\/wordpress\/ugt-en-el-32o-encuentro-de-la-economia-digital-y-las-telecomunicaciones\/","og_site_name":"UGT Comunicaciones","article_publisher":"https:\/\/www.facebook.com\/ugt.comunicaciones\/","article_published_time":"2018-10-01T06:00:22+00:00","og_image":[{"width":600,"height":330,"url":"https:\/\/www.ugtcomunicaciones.es\/wordpress\/wp-content\/uploads\/2018\/10\/32_Encuentro_digital-e1537869148657.jpg","type":"image\/jpeg"}],"author":"UGT","twitter_card":"summary_large_image","twitter_creator":"@ugtcom","twitter_site":"@ugtcom","twitter_misc":{"Escrito por":"UGT","Tiempo de lectura":"3 minutos"},"schema":{"@context":"https:\/\/schema.org","@graph":[{"@type":"Article","@id":"https:\/\/www.ugtcomunicaciones.es\/wordpress\/ugt-en-el-32o-encuentro-de-la-economia-digital-y-las-telecomunicaciones\/#article","isPartOf":{"@id":"https:\/\/www.ugtcomunicaciones.es\/wordpress\/ugt-en-el-32o-encuentro-de-la-economia-digital-y-las-telecomunicaciones\/"},"author":{"name":"UGT","@id":"https:\/\/www.ugtcomunicaciones.es\/wordpress\/#\/schema\/person\/eba0fc3fe5b444531d94d4368cba89ed"},"headline":"UGT en el 32\u00ba encuentro de la econom\u00eda digital y las telecomunicaciones","datePublished":"2018-10-01T06:00:22+00:00","mainEntityOfPage":{"@id":"https:\/\/www.ugtcomunicaciones.es\/wordpress\/ugt-en-el-32o-encuentro-de-la-economia-digital-y-las-telecomunicaciones\/"},"wordCount":677,"publisher":{"@id":"https:\/\/www.ugtcomunicaciones.es\/wordpress\/#organization"},"image":{"@id":"https:\/\/www.ugtcomunicaciones.es\/wordpress\/ugt-en-el-32o-encuentro-de-la-economia-digital-y-las-telecomunicaciones\/#primaryimage"},"thumbnailUrl":"https:\/\/www.ugtcomunicaciones.es\/wordpress\/wp-content\/uploads\/2018\/10\/32_Encuentro_digital-e1537869148657.jpg","articleSection":["Mercado Comunicaciones","Regulaci\u00f3n"],"inLanguage":"es"},{"@type":"WebPage","@id":"https:\/\/www.ugtcomunicaciones.es\/wordpress\/ugt-en-el-32o-encuentro-de-la-economia-digital-y-las-telecomunicaciones\/","url":"https:\/\/www.ugtcomunicaciones.es\/wordpress\/ugt-en-el-32o-encuentro-de-la-economia-digital-y-las-telecomunicaciones\/","name":"UGT en el 32\u00ba encuentro de la econom\u00eda digital y las telecomunicaciones - UGT Comunicaciones","isPartOf":{"@id":"https:\/\/www.ugtcomunicaciones.es\/wordpress\/#website"},"primaryImageOfPage":{"@id":"https:\/\/www.ugtcomunicaciones.es\/wordpress\/ugt-en-el-32o-encuentro-de-la-economia-digital-y-las-telecomunicaciones\/#primaryimage"},"image":{"@id":"https:\/\/www.ugtcomunicaciones.es\/wordpress\/ugt-en-el-32o-encuentro-de-la-economia-digital-y-las-telecomunicaciones\/#primaryimage"},"thumbnailUrl":"https:\/\/www.ugtcomunicaciones.es\/wordpress\/wp-content\/uploads\/2018\/10\/32_Encuentro_digital-e1537869148657.jpg","datePublished":"2018-10-01T06:00:22+00:00","description":"UGT ha vuelto a asistir a una de las citas imprescindibles del a\u00f1o, que viene celebr\u00e1ndose desde hace treinta y dos a\u00f1os en Santander y organizada por la...","breadcrumb":{"@id":"https:\/\/www.ugtcomunicaciones.es\/wordpress\/ugt-en-el-32o-encuentro-de-la-economia-digital-y-las-telecomunicaciones\/#breadcrumb"},"inLanguage":"es","potentialAction":[{"@type":"ReadAction","target":["https:\/\/www.ugtcomunicaciones.es\/wordpress\/ugt-en-el-32o-encuentro-de-la-economia-digital-y-las-telecomunicaciones\/"]}]},{"@type":"ImageObject","inLanguage":"es","@id":"https:\/\/www.ugtcomunicaciones.es\/wordpress\/ugt-en-el-32o-encuentro-de-la-economia-digital-y-las-telecomunicaciones\/#primaryimage","url":"https:\/\/www.ugtcomunicaciones.es\/wordpress\/wp-content\/uploads\/2018\/10\/32_Encuentro_digital-e1537869148657.jpg","contentUrl":"https:\/\/www.ugtcomunicaciones.es\/wordpress\/wp-content\/uploads\/2018\/10\/32_Encuentro_digital-e1537869148657.jpg","width":600,"height":330},{"@type":"BreadcrumbList","@id":"https:\/\/www.ugtcomunicaciones.es\/wordpress\/ugt-en-el-32o-encuentro-de-la-economia-digital-y-las-telecomunicaciones\/#breadcrumb","itemListElement":[{"@type":"ListItem","position":1,"name":"Portada","item":"https:\/\/www.ugtcomunicaciones.es\/wordpress\/"},{"@type":"ListItem","position":2,"name":"UGT en el 32\u00ba encuentro de la econom\u00eda digital y las telecomunicaciones"}]},{"@type":"WebSite","@id":"https:\/\/www.ugtcomunicaciones.es\/wordpress\/#website","url":"https:\/\/www.ugtcomunicaciones.es\/wordpress\/","name":"UGT Comunicaciones","description":"Sindicato de Telecomunicaciones","publisher":{"@id":"https:\/\/www.ugtcomunicaciones.es\/wordpress\/#organization"},"potentialAction":[{"@type":"SearchAction","target":{"@type":"EntryPoint","urlTemplate":"https:\/\/www.ugtcomunicaciones.es\/wordpress\/?s={search_term_string}"},"query-input":{"@type":"PropertyValueSpecification","valueRequired":true,"valueName":"search_term_string"}}],"inLanguage":"es"},{"@type":"Organization","@id":"https:\/\/www.ugtcomunicaciones.es\/wordpress\/#organization","name":"UGT Comunicaciones","url":"https:\/\/www.ugtcomunicaciones.es\/wordpress\/","logo":{"@type":"ImageObject","inLanguage":"es","@id":"https:\/\/www.ugtcomunicaciones.es\/wordpress\/#\/schema\/logo\/image\/","url":"https:\/\/www.ugtcomunicaciones.es\/wordpress\/wp-content\/uploads\/2024\/04\/comunicaciones_logo.png","contentUrl":"https:\/\/www.ugtcomunicaciones.es\/wordpress\/wp-content\/uploads\/2024\/04\/comunicaciones_logo.png","width":298,"height":81,"caption":"UGT Comunicaciones"},"image":{"@id":"https:\/\/www.ugtcomunicaciones.es\/wordpress\/#\/schema\/logo\/image\/"},"sameAs":["https:\/\/www.facebook.com\/ugt.comunicaciones\/","https:\/\/x.com\/ugtcom"]},{"@type":"Person","@id":"https:\/\/www.ugtcomunicaciones.es\/wordpress\/#\/schema\/person\/eba0fc3fe5b444531d94d4368cba89ed","name":"UGT","image":{"@type":"ImageObject","inLanguage":"es","@id":"https:\/\/secure.gravatar.com\/avatar\/2a16057d620a4c646bcfc171c4f23030879ebbdd346f0525bd5d4a564e57e13d?s=96&d=mm&r=g","url":"https:\/\/secure.gravatar.com\/avatar\/2a16057d620a4c646bcfc171c4f23030879ebbdd346f0525bd5d4a564e57e13d?s=96&d=mm&r=g","contentUrl":"https:\/\/secure.gravatar.com\/avatar\/2a16057d620a4c646bcfc171c4f23030879ebbdd346f0525bd5d4a564e57e13d?s=96&d=mm&r=g","caption":"UGT"}}]}},"_links":{"self":[{"href":"https:\/\/www.ugtcomunicaciones.es\/wordpress\/wp-json\/wp\/v2\/posts\/217106","targetHints":{"allow":["GET"]}}],"collection":[{"href":"https:\/\/www.ugtcomunicaciones.es\/wordpress\/wp-json\/wp\/v2\/posts"}],"about":[{"href":"https:\/\/www.ugtcomunicaciones.es\/wordpress\/wp-json\/wp\/v2\/types\/post"}],"author":[{"embeddable":true,"href":"https:\/\/www.ugtcomunicaciones.es\/wordpress\/wp-json\/wp\/v2\/users\/3"}],"replies":[{"embeddable":true,"href":"https:\/\/www.ugtcomunicaciones.es\/wordpress\/wp-json\/wp\/v2\/comments?post=217106"}],"version-history":[{"count":0,"href":"https:\/\/www.ugtcomunicaciones.es\/wordpress\/wp-json\/wp\/v2\/posts\/217106\/revisions"}],"wp:featuredmedia":[{"embeddable":true,"href":"https:\/\/www.ugtcomunicaciones.es\/wordpress\/wp-json\/wp\/v2\/media\/217122"}],"wp:attachment":[{"href":"https:\/\/www.ugtcomunicaciones.es\/wordpress\/wp-json\/wp\/v2\/media?parent=217106"}],"wp:term":[{"taxonomy":"category","embeddable":true,"href":"https:\/\/www.ugtcomunicaciones.es\/wordpress\/wp-json\/wp\/v2\/categories?post=217106"},{"taxonomy":"post_tag","embeddable":true,"href":"https:\/\/www.ugtcomunicaciones.es\/wordpress\/wp-json\/wp\/v2\/tags?post=217106"}],"curies":[{"name":"wp","href":"https:\/\/api.w.org\/{rel}","templated":true}]}}