{"id":233944,"date":"2018-11-12T06:00:23","date_gmt":"2018-11-12T04:00:23","guid":{"rendered":"http:\/\/ugtcomunicaciones.es\/wordpress\/?p=233944"},"modified":"2018-10-29T13:26:48","modified_gmt":"2018-10-29T11:26:48","slug":"todavia-un-millon-de-empresas-no-disponen-de-conexion-a-internet-y-web-corporativa","status":"publish","type":"post","link":"https:\/\/www.ugtcomunicaciones.es\/wordpress\/todavia-un-millon-de-empresas-no-disponen-de-conexion-a-internet-y-web-corporativa\/","title":{"rendered":"Todav\u00eda un mill\u00f3n de empresas no disponen de conexi\u00f3n a internet y web corporativa"},"content":{"rendered":"<ul>\n<li style=\"text-align: justify;\">El tejido empresarial espa\u00f1ol sigue sin abrazar la modernizaci\u00f3n tecnol\u00f3gica, ignorando una transformaci\u00f3n digital clave para su sostenibilidad y competitividad.<\/li>\n<li style=\"text-align: justify;\">M\u00e1s de 954.000 empresas afirman no disponer de conexi\u00f3n a Internet ni de p\u00e1gina web corporativa. La cifra de empresas desconectadas ha aumentado casi un 2% en s\u00f3lo un a\u00f1o.<\/li>\n<li style=\"text-align: justify;\">Una de cada cuatro microempresas no usa ordenadores en su actividad empresarial.<\/li>\n<li style=\"text-align: justify;\">Las corporaciones no dotan a sus trabajadores de medios para trabajar en movilidad: s\u00f3lo un 30% de los trabajadores disponen de un port\u00e1til con conexi\u00f3n a Internet.<\/li>\n<li style=\"text-align: justify;\">\u00danicamente un 1% de las compa\u00f1\u00edas venden mediante comercio electr\u00f3nico, pr\u00e1cticamente las mismas que un a\u00f1o atr\u00e1s.<\/li>\n<li style=\"text-align: justify;\">Aunque la presencia en las redes sociales aumenta (casi el 50% de las PYMES), el <em>cloud computing<\/em> y el <em>big data<\/em> siguen siendo residuales (1% en ambos casos).<\/li>\n<li style=\"text-align: justify;\">Las diferencias entre los diversos sectores son muy elevadas, revelando un desequilibrio en el ritmo de adaptaci\u00f3n que acabar\u00e1 repercutiendo en el progreso de nuestra econom\u00eda.<\/li>\n<\/ul>\n<p style=\"text-align: justify;\">La publicaci\u00f3n de informe anual e-PYME, versi\u00f3n de 2017, por parte del Observatorio Nacional de las Telecomunicaciones y de la Sociedad de la Informaci\u00f3n (ONTSI), confirma la resistencia de las empresas espa\u00f1olas a cualquier cambio que implique la modernizaci\u00f3n de estructuras tradicionales.<\/p>\n<p style=\"text-align: justify;\">Nuestro tejido empresarial, compuesto en casi en su totalidad por microempresas, peque\u00f1as y medianas empresas (99,4% del total), presenta, a\u00f1o a a\u00f1o, una actitud reflectar\u00eda e impenetrable a las nuevas tecnolog\u00edas. De las 3,3 millones de empresas registradas, casi un mill\u00f3n no dispone de conexi\u00f3n a Internet ni de p\u00e1gina web corporativa; o dicho de otro modo, est\u00e1n fuera de la plataforma m\u00e1s universal y conocida del mundo.<\/p>\n<p style=\"text-align: justify;\">Este grado de aislamiento digital es mucho mayor cuanto m\u00e1s peque\u00f1a en la empresa. As\u00ed, las microempresas, aquellas con menos de 9 asalariados, presentan ratios de exclusi\u00f3n superiores a las PYMES y muy superiores que las grandes empresas (de m\u00e1s de 200 o m\u00e1s empleados). Por ejemplo, una de cada cuatro microempresas no dispone ni de un ordenador, factor impensable en empresas de mayor tama\u00f1o.<\/p>\n<p style=\"text-align: justify;\">La movilidad que aportan las TIC tambi\u00e9n son minoritarias entre las PYMES: los trabajadores dotados con port\u00e1tiles con capacidad de conexi\u00f3n m\u00f3vil y para uso empresarial son minor\u00eda: un 38,2% en las microempresas y un 27,5% en las PYMES.<\/p>\n<p style=\"text-align: justify;\">Pero el aspecto que demuestra el gran retraso del tejido empresarial en t\u00e9rminos de desarrollo tecnol\u00f3gico es el referido a las ventas por medios electr\u00f3nicos: en la era del <em>e-commerce<\/em>, \u00fanicamente un 1% de las compa\u00f1\u00edas venden sus productos por medios telem\u00e1ticos. Adem\u00e1s, este atraso tecnol\u00f3gico va acompa\u00f1ado de una par\u00e1lisis preocupante: el n\u00famero de empresas que venden por Internet ha descendido un 1% desde 2015.<\/p>\n<p style=\"text-align: justify;\">Si la venta electr\u00f3nica no se extiende entre las empresas, dif\u00edcilmente podremos ver otras tecnolog\u00edas punteras, como el big data y la computaci\u00f3n en la nube, que resultan anecd\u00f3ticas entre las peque\u00f1as empresas (un 1% del total). M\u00e1s aceptaci\u00f3n tienen las redes sociales, que alcanzan casi el 50% de las compa\u00f1\u00edas, aunque el estudio no analiza el dinamismo de las mismas.<\/p>\n<p style=\"text-align: justify;\">A pesar de ser aplicaciones fundamentales para negocios del presente y del futuro, con un marcado car\u00e1cter transversal, las diferencias entre sectores son muy amplias. Por ejemplo, mientras las PYMES encuadradas en el segmento de hoteles y viajes disponen de p\u00e1gina web, solo 7% de las microempresas del sector del transporte la ofrecen. Otro tanto podr\u00edamos decir en presencia en redes sociales: 85% de las PYMES en sector de la TIC est\u00e1n en ellas, por un 15% de las microempresas de la construcci\u00f3n.<\/p>\n<p style=\"text-align: justify;\">Si a estas desoladoras cifras se suma que s\u00f3lo un 4% de las pymes imparten formaci\u00f3n digital a sus plantillas y que \u00fanicamente la mitad de los trabajadores espa\u00f1oles utilizan un ordenador conectado a Internet en su trabajo habitual, podemos extraer como conclusi\u00f3n que nuestro tejido productivo se aferra a un peligroso inmovilismo tecnol\u00f3gico.<\/p>\n<p style=\"text-align: justify;\"><span style=\"color: #ff0000;\"><strong>UGT<\/strong><\/span> reclama a empresarios y legisladores un profundo cambio de mentalidad. El futuro competitivo de nuestras empresas, y por tanto, la prosperidad de nuestra econom\u00eda y la mejora de las condiciones laborales de los trabajadores, depende de una transformaci\u00f3n digital que nos coloque a la altura de otras potencias mundiales an\u00e1logas a la nuestra. Si no efectuamos una migraci\u00f3n r\u00e1pida y exitosa a la nueva econom\u00eda digital, otros lo har\u00e1n por nosotros, poniendo en peligro miles de puestos de trabajo y el futuro de nuestro pa\u00eds. Es hora de despertar y de subirse al tren que lleva hacia el futuro.<\/p>\n\n\n<h3 style=\"text-align: right;\"><strong><span style=\"color: #ff0000;\">UGT<\/span> Comunicaciones<\/strong><br><strong>Sector Estatal<\/strong><\/h3>\n\n\n\n<p><\/p>\n","protected":false},"excerpt":{"rendered":"<p>El tejido empresarial espa\u00f1ol sigue sin abrazar la modernizaci\u00f3n tecnol\u00f3gica, ignorando una transformaci\u00f3n digital clave para su sostenibilidad y competitividad. M\u00e1s de 954.000 empresas afirman no disponer de conexi\u00f3n a Internet ni de p\u00e1gina web corporativa. La cifra de empresas desconectadas ha aumentado casi un 2% en s\u00f3lo un a\u00f1o. Una de cada cuatro microempresas [&hellip;]<\/p>\n","protected":false},"author":3,"featured_media":233945,"comment_status":"closed","ping_status":"closed","sticky":false,"template":"","format":"standard","meta":{"footnotes":""},"categories":[14,12],"tags":[],"class_list":["post-233944","post","type-post","status-publish","format-standard","has-post-thumbnail","hentry","category-opinion","category-regulacion"],"yoast_head":"<!-- This site is optimized with the Yoast SEO Premium plugin v27.3 (Yoast SEO v27.4) - https:\/\/yoast.com\/product\/yoast-seo-premium-wordpress\/ -->\n<title>Todav\u00eda un mill\u00f3n de empresas no disponen de conexi\u00f3n a internet y web corporativa - UGT Comunicaciones<\/title>\n<meta name=\"description\" content=\"El tejido empresarial espa\u00f1ol sigue sin abrazar la modernizaci\u00f3n tecnol\u00f3gica, ignorando una transformaci\u00f3n digital clave para su sostenibilidad y...\" \/>\n<meta name=\"robots\" content=\"index, follow, max-snippet:-1, max-image-preview:large, max-video-preview:-1\" \/>\n<link rel=\"canonical\" href=\"https:\/\/www.ugtcomunicaciones.es\/wordpress\/todavia-un-millon-de-empresas-no-disponen-de-conexion-a-internet-y-web-corporativa\/\" \/>\n<meta property=\"og:locale\" content=\"es_ES\" \/>\n<meta property=\"og:type\" content=\"article\" \/>\n<meta property=\"og:title\" content=\"Todav\u00eda un mill\u00f3n de empresas no disponen de conexi\u00f3n a internet y web corporativa\" \/>\n<meta property=\"og:description\" content=\"El tejido empresarial espa\u00f1ol sigue sin abrazar la modernizaci\u00f3n tecnol\u00f3gica, ignorando una transformaci\u00f3n digital clave para su sostenibilidad y...\" \/>\n<meta property=\"og:url\" content=\"https:\/\/www.ugtcomunicaciones.es\/wordpress\/todavia-un-millon-de-empresas-no-disponen-de-conexion-a-internet-y-web-corporativa\/\" \/>\n<meta property=\"og:site_name\" content=\"UGT Comunicaciones\" \/>\n<meta property=\"article:publisher\" content=\"https:\/\/www.facebook.com\/ugt.comunicaciones\/\" \/>\n<meta property=\"article:published_time\" content=\"2018-11-12T04:00:23+00:00\" \/>\n<meta property=\"og:image\" content=\"https:\/\/www.ugtcomunicaciones.es\/wordpress\/wp-content\/uploads\/2018\/10\/empresas-no-digitalizadas-portadas-12-11-18.jpg\" \/>\n\t<meta property=\"og:image:width\" content=\"600\" \/>\n\t<meta property=\"og:image:height\" content=\"288\" \/>\n\t<meta property=\"og:image:type\" content=\"image\/jpeg\" \/>\n<meta name=\"author\" content=\"UGT\" \/>\n<meta name=\"twitter:card\" content=\"summary_large_image\" \/>\n<meta name=\"twitter:creator\" content=\"@ugtcom\" \/>\n<meta name=\"twitter:site\" content=\"@ugtcom\" \/>\n<meta name=\"twitter:label1\" content=\"Escrito por\" \/>\n\t<meta name=\"twitter:data1\" content=\"UGT\" \/>\n\t<meta name=\"twitter:label2\" content=\"Tiempo de lectura\" \/>\n\t<meta name=\"twitter:data2\" content=\"4 minutos\" \/>\n<script type=\"application\/ld+json\" class=\"yoast-schema-graph\">{\"@context\":\"https:\\\/\\\/schema.org\",\"@graph\":[{\"@type\":\"Article\",\"@id\":\"https:\\\/\\\/www.ugtcomunicaciones.es\\\/wordpress\\\/todavia-un-millon-de-empresas-no-disponen-de-conexion-a-internet-y-web-corporativa\\\/#article\",\"isPartOf\":{\"@id\":\"https:\\\/\\\/www.ugtcomunicaciones.es\\\/wordpress\\\/todavia-un-millon-de-empresas-no-disponen-de-conexion-a-internet-y-web-corporativa\\\/\"},\"author\":{\"name\":\"UGT\",\"@id\":\"https:\\\/\\\/www.ugtcomunicaciones.es\\\/wordpress\\\/#\\\/schema\\\/person\\\/eba0fc3fe5b444531d94d4368cba89ed\"},\"headline\":\"Todav\u00eda un mill\u00f3n de empresas no disponen de conexi\u00f3n a internet y web corporativa\",\"datePublished\":\"2018-11-12T04:00:23+00:00\",\"mainEntityOfPage\":{\"@id\":\"https:\\\/\\\/www.ugtcomunicaciones.es\\\/wordpress\\\/todavia-un-millon-de-empresas-no-disponen-de-conexion-a-internet-y-web-corporativa\\\/\"},\"wordCount\":815,\"publisher\":{\"@id\":\"https:\\\/\\\/www.ugtcomunicaciones.es\\\/wordpress\\\/#organization\"},\"image\":{\"@id\":\"https:\\\/\\\/www.ugtcomunicaciones.es\\\/wordpress\\\/todavia-un-millon-de-empresas-no-disponen-de-conexion-a-internet-y-web-corporativa\\\/#primaryimage\"},\"thumbnailUrl\":\"https:\\\/\\\/www.ugtcomunicaciones.es\\\/wordpress\\\/wp-content\\\/uploads\\\/2018\\\/10\\\/empresas-no-digitalizadas-portadas-12-11-18.jpg\",\"articleSection\":[\"Opini\u00f3n\",\"Regulaci\u00f3n\"],\"inLanguage\":\"es\"},{\"@type\":\"WebPage\",\"@id\":\"https:\\\/\\\/www.ugtcomunicaciones.es\\\/wordpress\\\/todavia-un-millon-de-empresas-no-disponen-de-conexion-a-internet-y-web-corporativa\\\/\",\"url\":\"https:\\\/\\\/www.ugtcomunicaciones.es\\\/wordpress\\\/todavia-un-millon-de-empresas-no-disponen-de-conexion-a-internet-y-web-corporativa\\\/\",\"name\":\"Todav\u00eda un mill\u00f3n de empresas no disponen de conexi\u00f3n a internet y web corporativa - UGT Comunicaciones\",\"isPartOf\":{\"@id\":\"https:\\\/\\\/www.ugtcomunicaciones.es\\\/wordpress\\\/#website\"},\"primaryImageOfPage\":{\"@id\":\"https:\\\/\\\/www.ugtcomunicaciones.es\\\/wordpress\\\/todavia-un-millon-de-empresas-no-disponen-de-conexion-a-internet-y-web-corporativa\\\/#primaryimage\"},\"image\":{\"@id\":\"https:\\\/\\\/www.ugtcomunicaciones.es\\\/wordpress\\\/todavia-un-millon-de-empresas-no-disponen-de-conexion-a-internet-y-web-corporativa\\\/#primaryimage\"},\"thumbnailUrl\":\"https:\\\/\\\/www.ugtcomunicaciones.es\\\/wordpress\\\/wp-content\\\/uploads\\\/2018\\\/10\\\/empresas-no-digitalizadas-portadas-12-11-18.jpg\",\"datePublished\":\"2018-11-12T04:00:23+00:00\",\"description\":\"El tejido empresarial espa\u00f1ol sigue sin abrazar la modernizaci\u00f3n tecnol\u00f3gica, ignorando una transformaci\u00f3n digital clave para su sostenibilidad y...\",\"breadcrumb\":{\"@id\":\"https:\\\/\\\/www.ugtcomunicaciones.es\\\/wordpress\\\/todavia-un-millon-de-empresas-no-disponen-de-conexion-a-internet-y-web-corporativa\\\/#breadcrumb\"},\"inLanguage\":\"es\",\"potentialAction\":[{\"@type\":\"ReadAction\",\"target\":[\"https:\\\/\\\/www.ugtcomunicaciones.es\\\/wordpress\\\/todavia-un-millon-de-empresas-no-disponen-de-conexion-a-internet-y-web-corporativa\\\/\"]}]},{\"@type\":\"ImageObject\",\"inLanguage\":\"es\",\"@id\":\"https:\\\/\\\/www.ugtcomunicaciones.es\\\/wordpress\\\/todavia-un-millon-de-empresas-no-disponen-de-conexion-a-internet-y-web-corporativa\\\/#primaryimage\",\"url\":\"https:\\\/\\\/www.ugtcomunicaciones.es\\\/wordpress\\\/wp-content\\\/uploads\\\/2018\\\/10\\\/empresas-no-digitalizadas-portadas-12-11-18.jpg\",\"contentUrl\":\"https:\\\/\\\/www.ugtcomunicaciones.es\\\/wordpress\\\/wp-content\\\/uploads\\\/2018\\\/10\\\/empresas-no-digitalizadas-portadas-12-11-18.jpg\",\"width\":600,\"height\":288,\"caption\":\"empresas-no-digitalizadas-portadas-12-11-18\"},{\"@type\":\"BreadcrumbList\",\"@id\":\"https:\\\/\\\/www.ugtcomunicaciones.es\\\/wordpress\\\/todavia-un-millon-de-empresas-no-disponen-de-conexion-a-internet-y-web-corporativa\\\/#breadcrumb\",\"itemListElement\":[{\"@type\":\"ListItem\",\"position\":1,\"name\":\"Portada\",\"item\":\"https:\\\/\\\/www.ugtcomunicaciones.es\\\/wordpress\\\/\"},{\"@type\":\"ListItem\",\"position\":2,\"name\":\"Todav\u00eda un mill\u00f3n de empresas no disponen de conexi\u00f3n a internet y web corporativa\"}]},{\"@type\":\"WebSite\",\"@id\":\"https:\\\/\\\/www.ugtcomunicaciones.es\\\/wordpress\\\/#website\",\"url\":\"https:\\\/\\\/www.ugtcomunicaciones.es\\\/wordpress\\\/\",\"name\":\"UGT Comunicaciones\",\"description\":\"Sindicato de Telecomunicaciones\",\"publisher\":{\"@id\":\"https:\\\/\\\/www.ugtcomunicaciones.es\\\/wordpress\\\/#organization\"},\"potentialAction\":[{\"@type\":\"SearchAction\",\"target\":{\"@type\":\"EntryPoint\",\"urlTemplate\":\"https:\\\/\\\/www.ugtcomunicaciones.es\\\/wordpress\\\/?s={search_term_string}\"},\"query-input\":{\"@type\":\"PropertyValueSpecification\",\"valueRequired\":true,\"valueName\":\"search_term_string\"}}],\"inLanguage\":\"es\"},{\"@type\":\"Organization\",\"@id\":\"https:\\\/\\\/www.ugtcomunicaciones.es\\\/wordpress\\\/#organization\",\"name\":\"UGT Comunicaciones\",\"url\":\"https:\\\/\\\/www.ugtcomunicaciones.es\\\/wordpress\\\/\",\"logo\":{\"@type\":\"ImageObject\",\"inLanguage\":\"es\",\"@id\":\"https:\\\/\\\/www.ugtcomunicaciones.es\\\/wordpress\\\/#\\\/schema\\\/logo\\\/image\\\/\",\"url\":\"https:\\\/\\\/www.ugtcomunicaciones.es\\\/wordpress\\\/wp-content\\\/uploads\\\/2024\\\/04\\\/comunicaciones_logo.png\",\"contentUrl\":\"https:\\\/\\\/www.ugtcomunicaciones.es\\\/wordpress\\\/wp-content\\\/uploads\\\/2024\\\/04\\\/comunicaciones_logo.png\",\"width\":298,\"height\":81,\"caption\":\"UGT Comunicaciones\"},\"image\":{\"@id\":\"https:\\\/\\\/www.ugtcomunicaciones.es\\\/wordpress\\\/#\\\/schema\\\/logo\\\/image\\\/\"},\"sameAs\":[\"https:\\\/\\\/www.facebook.com\\\/ugt.comunicaciones\\\/\",\"https:\\\/\\\/x.com\\\/ugtcom\"]},{\"@type\":\"Person\",\"@id\":\"https:\\\/\\\/www.ugtcomunicaciones.es\\\/wordpress\\\/#\\\/schema\\\/person\\\/eba0fc3fe5b444531d94d4368cba89ed\",\"name\":\"UGT\",\"image\":{\"@type\":\"ImageObject\",\"inLanguage\":\"es\",\"@id\":\"https:\\\/\\\/secure.gravatar.com\\\/avatar\\\/2a16057d620a4c646bcfc171c4f23030879ebbdd346f0525bd5d4a564e57e13d?s=96&d=mm&r=g\",\"url\":\"https:\\\/\\\/secure.gravatar.com\\\/avatar\\\/2a16057d620a4c646bcfc171c4f23030879ebbdd346f0525bd5d4a564e57e13d?s=96&d=mm&r=g\",\"contentUrl\":\"https:\\\/\\\/secure.gravatar.com\\\/avatar\\\/2a16057d620a4c646bcfc171c4f23030879ebbdd346f0525bd5d4a564e57e13d?s=96&d=mm&r=g\",\"caption\":\"UGT\"}}]}<\/script>\n<!-- \/ Yoast SEO Premium plugin. -->","yoast_head_json":{"title":"Todav\u00eda un mill\u00f3n de empresas no disponen de conexi\u00f3n a internet y web corporativa - UGT Comunicaciones","description":"El tejido empresarial espa\u00f1ol sigue sin abrazar la modernizaci\u00f3n tecnol\u00f3gica, ignorando una transformaci\u00f3n digital clave para su sostenibilidad y...","robots":{"index":"index","follow":"follow","max-snippet":"max-snippet:-1","max-image-preview":"max-image-preview:large","max-video-preview":"max-video-preview:-1"},"canonical":"https:\/\/www.ugtcomunicaciones.es\/wordpress\/todavia-un-millon-de-empresas-no-disponen-de-conexion-a-internet-y-web-corporativa\/","og_locale":"es_ES","og_type":"article","og_title":"Todav\u00eda un mill\u00f3n de empresas no disponen de conexi\u00f3n a internet y web corporativa","og_description":"El tejido empresarial espa\u00f1ol sigue sin abrazar la modernizaci\u00f3n tecnol\u00f3gica, ignorando una transformaci\u00f3n digital clave para su sostenibilidad y...","og_url":"https:\/\/www.ugtcomunicaciones.es\/wordpress\/todavia-un-millon-de-empresas-no-disponen-de-conexion-a-internet-y-web-corporativa\/","og_site_name":"UGT Comunicaciones","article_publisher":"https:\/\/www.facebook.com\/ugt.comunicaciones\/","article_published_time":"2018-11-12T04:00:23+00:00","og_image":[{"width":600,"height":288,"url":"https:\/\/www.ugtcomunicaciones.es\/wordpress\/wp-content\/uploads\/2018\/10\/empresas-no-digitalizadas-portadas-12-11-18.jpg","type":"image\/jpeg"}],"author":"UGT","twitter_card":"summary_large_image","twitter_creator":"@ugtcom","twitter_site":"@ugtcom","twitter_misc":{"Escrito por":"UGT","Tiempo de lectura":"4 minutos"},"schema":{"@context":"https:\/\/schema.org","@graph":[{"@type":"Article","@id":"https:\/\/www.ugtcomunicaciones.es\/wordpress\/todavia-un-millon-de-empresas-no-disponen-de-conexion-a-internet-y-web-corporativa\/#article","isPartOf":{"@id":"https:\/\/www.ugtcomunicaciones.es\/wordpress\/todavia-un-millon-de-empresas-no-disponen-de-conexion-a-internet-y-web-corporativa\/"},"author":{"name":"UGT","@id":"https:\/\/www.ugtcomunicaciones.es\/wordpress\/#\/schema\/person\/eba0fc3fe5b444531d94d4368cba89ed"},"headline":"Todav\u00eda un mill\u00f3n de empresas no disponen de conexi\u00f3n a internet y web corporativa","datePublished":"2018-11-12T04:00:23+00:00","mainEntityOfPage":{"@id":"https:\/\/www.ugtcomunicaciones.es\/wordpress\/todavia-un-millon-de-empresas-no-disponen-de-conexion-a-internet-y-web-corporativa\/"},"wordCount":815,"publisher":{"@id":"https:\/\/www.ugtcomunicaciones.es\/wordpress\/#organization"},"image":{"@id":"https:\/\/www.ugtcomunicaciones.es\/wordpress\/todavia-un-millon-de-empresas-no-disponen-de-conexion-a-internet-y-web-corporativa\/#primaryimage"},"thumbnailUrl":"https:\/\/www.ugtcomunicaciones.es\/wordpress\/wp-content\/uploads\/2018\/10\/empresas-no-digitalizadas-portadas-12-11-18.jpg","articleSection":["Opini\u00f3n","Regulaci\u00f3n"],"inLanguage":"es"},{"@type":"WebPage","@id":"https:\/\/www.ugtcomunicaciones.es\/wordpress\/todavia-un-millon-de-empresas-no-disponen-de-conexion-a-internet-y-web-corporativa\/","url":"https:\/\/www.ugtcomunicaciones.es\/wordpress\/todavia-un-millon-de-empresas-no-disponen-de-conexion-a-internet-y-web-corporativa\/","name":"Todav\u00eda un mill\u00f3n de empresas no disponen de conexi\u00f3n a internet y web corporativa - UGT Comunicaciones","isPartOf":{"@id":"https:\/\/www.ugtcomunicaciones.es\/wordpress\/#website"},"primaryImageOfPage":{"@id":"https:\/\/www.ugtcomunicaciones.es\/wordpress\/todavia-un-millon-de-empresas-no-disponen-de-conexion-a-internet-y-web-corporativa\/#primaryimage"},"image":{"@id":"https:\/\/www.ugtcomunicaciones.es\/wordpress\/todavia-un-millon-de-empresas-no-disponen-de-conexion-a-internet-y-web-corporativa\/#primaryimage"},"thumbnailUrl":"https:\/\/www.ugtcomunicaciones.es\/wordpress\/wp-content\/uploads\/2018\/10\/empresas-no-digitalizadas-portadas-12-11-18.jpg","datePublished":"2018-11-12T04:00:23+00:00","description":"El tejido empresarial espa\u00f1ol sigue sin abrazar la modernizaci\u00f3n tecnol\u00f3gica, ignorando una transformaci\u00f3n digital clave para su sostenibilidad y...","breadcrumb":{"@id":"https:\/\/www.ugtcomunicaciones.es\/wordpress\/todavia-un-millon-de-empresas-no-disponen-de-conexion-a-internet-y-web-corporativa\/#breadcrumb"},"inLanguage":"es","potentialAction":[{"@type":"ReadAction","target":["https:\/\/www.ugtcomunicaciones.es\/wordpress\/todavia-un-millon-de-empresas-no-disponen-de-conexion-a-internet-y-web-corporativa\/"]}]},{"@type":"ImageObject","inLanguage":"es","@id":"https:\/\/www.ugtcomunicaciones.es\/wordpress\/todavia-un-millon-de-empresas-no-disponen-de-conexion-a-internet-y-web-corporativa\/#primaryimage","url":"https:\/\/www.ugtcomunicaciones.es\/wordpress\/wp-content\/uploads\/2018\/10\/empresas-no-digitalizadas-portadas-12-11-18.jpg","contentUrl":"https:\/\/www.ugtcomunicaciones.es\/wordpress\/wp-content\/uploads\/2018\/10\/empresas-no-digitalizadas-portadas-12-11-18.jpg","width":600,"height":288,"caption":"empresas-no-digitalizadas-portadas-12-11-18"},{"@type":"BreadcrumbList","@id":"https:\/\/www.ugtcomunicaciones.es\/wordpress\/todavia-un-millon-de-empresas-no-disponen-de-conexion-a-internet-y-web-corporativa\/#breadcrumb","itemListElement":[{"@type":"ListItem","position":1,"name":"Portada","item":"https:\/\/www.ugtcomunicaciones.es\/wordpress\/"},{"@type":"ListItem","position":2,"name":"Todav\u00eda un mill\u00f3n de empresas no disponen de conexi\u00f3n a internet y web corporativa"}]},{"@type":"WebSite","@id":"https:\/\/www.ugtcomunicaciones.es\/wordpress\/#website","url":"https:\/\/www.ugtcomunicaciones.es\/wordpress\/","name":"UGT Comunicaciones","description":"Sindicato de Telecomunicaciones","publisher":{"@id":"https:\/\/www.ugtcomunicaciones.es\/wordpress\/#organization"},"potentialAction":[{"@type":"SearchAction","target":{"@type":"EntryPoint","urlTemplate":"https:\/\/www.ugtcomunicaciones.es\/wordpress\/?s={search_term_string}"},"query-input":{"@type":"PropertyValueSpecification","valueRequired":true,"valueName":"search_term_string"}}],"inLanguage":"es"},{"@type":"Organization","@id":"https:\/\/www.ugtcomunicaciones.es\/wordpress\/#organization","name":"UGT Comunicaciones","url":"https:\/\/www.ugtcomunicaciones.es\/wordpress\/","logo":{"@type":"ImageObject","inLanguage":"es","@id":"https:\/\/www.ugtcomunicaciones.es\/wordpress\/#\/schema\/logo\/image\/","url":"https:\/\/www.ugtcomunicaciones.es\/wordpress\/wp-content\/uploads\/2024\/04\/comunicaciones_logo.png","contentUrl":"https:\/\/www.ugtcomunicaciones.es\/wordpress\/wp-content\/uploads\/2024\/04\/comunicaciones_logo.png","width":298,"height":81,"caption":"UGT Comunicaciones"},"image":{"@id":"https:\/\/www.ugtcomunicaciones.es\/wordpress\/#\/schema\/logo\/image\/"},"sameAs":["https:\/\/www.facebook.com\/ugt.comunicaciones\/","https:\/\/x.com\/ugtcom"]},{"@type":"Person","@id":"https:\/\/www.ugtcomunicaciones.es\/wordpress\/#\/schema\/person\/eba0fc3fe5b444531d94d4368cba89ed","name":"UGT","image":{"@type":"ImageObject","inLanguage":"es","@id":"https:\/\/secure.gravatar.com\/avatar\/2a16057d620a4c646bcfc171c4f23030879ebbdd346f0525bd5d4a564e57e13d?s=96&d=mm&r=g","url":"https:\/\/secure.gravatar.com\/avatar\/2a16057d620a4c646bcfc171c4f23030879ebbdd346f0525bd5d4a564e57e13d?s=96&d=mm&r=g","contentUrl":"https:\/\/secure.gravatar.com\/avatar\/2a16057d620a4c646bcfc171c4f23030879ebbdd346f0525bd5d4a564e57e13d?s=96&d=mm&r=g","caption":"UGT"}}]}},"_links":{"self":[{"href":"https:\/\/www.ugtcomunicaciones.es\/wordpress\/wp-json\/wp\/v2\/posts\/233944","targetHints":{"allow":["GET"]}}],"collection":[{"href":"https:\/\/www.ugtcomunicaciones.es\/wordpress\/wp-json\/wp\/v2\/posts"}],"about":[{"href":"https:\/\/www.ugtcomunicaciones.es\/wordpress\/wp-json\/wp\/v2\/types\/post"}],"author":[{"embeddable":true,"href":"https:\/\/www.ugtcomunicaciones.es\/wordpress\/wp-json\/wp\/v2\/users\/3"}],"replies":[{"embeddable":true,"href":"https:\/\/www.ugtcomunicaciones.es\/wordpress\/wp-json\/wp\/v2\/comments?post=233944"}],"version-history":[{"count":0,"href":"https:\/\/www.ugtcomunicaciones.es\/wordpress\/wp-json\/wp\/v2\/posts\/233944\/revisions"}],"wp:featuredmedia":[{"embeddable":true,"href":"https:\/\/www.ugtcomunicaciones.es\/wordpress\/wp-json\/wp\/v2\/media\/233945"}],"wp:attachment":[{"href":"https:\/\/www.ugtcomunicaciones.es\/wordpress\/wp-json\/wp\/v2\/media?parent=233944"}],"wp:term":[{"taxonomy":"category","embeddable":true,"href":"https:\/\/www.ugtcomunicaciones.es\/wordpress\/wp-json\/wp\/v2\/categories?post=233944"},{"taxonomy":"post_tag","embeddable":true,"href":"https:\/\/www.ugtcomunicaciones.es\/wordpress\/wp-json\/wp\/v2\/tags?post=233944"}],"curies":[{"name":"wp","href":"https:\/\/api.w.org\/{rel}","templated":true}]}}