{"id":237878,"date":"2018-10-29T08:00:09","date_gmt":"2018-10-29T06:00:09","guid":{"rendered":"http:\/\/ugtcomunicaciones.es\/wordpress\/?p=237878"},"modified":"2018-11-06T12:43:15","modified_gmt":"2018-11-06T10:43:15","slug":"necesidad-de-un-nuevo-proyecto-en-comercial","status":"publish","type":"post","link":"https:\/\/www.ugtcomunicaciones.es\/wordpress\/necesidad-de-un-nuevo-proyecto-en-comercial\/","title":{"rendered":"Necesidad de un nuevo proyecto en comercial"},"content":{"rendered":"\n<figure class=\"wp-block-image\"><img decoding=\"async\" width=\"588\" height=\"280\" data-src=\"http:\/\/ugtcomunicaciones.es\/wordpress\/wp-content\/uploads\/2018\/11\/asesoramiento-tecnico.jpg\" alt=\"comercial\" class=\"wp-image-237899 lazyload\" data-srcset=\"https:\/\/www.ugtcomunicaciones.es\/wordpress\/wp-content\/uploads\/2018\/11\/asesoramiento-tecnico.jpg 588w, https:\/\/www.ugtcomunicaciones.es\/wordpress\/wp-content\/uploads\/2018\/11\/asesoramiento-tecnico-300x143.jpg 300w\" data-sizes=\"(max-width: 588px) 100vw, 588px\" src=\"data:image\/svg+xml;base64,PHN2ZyB3aWR0aD0iMSIgaGVpZ2h0PSIxIiB4bWxucz0iaHR0cDovL3d3dy53My5vcmcvMjAwMC9zdmciPjwvc3ZnPg==\" style=\"--smush-placeholder-width: 588px; --smush-placeholder-aspect-ratio: 588\/280;\" \/><\/figure>\n\n\n\n<p class=\"justificado\">Desde&nbsp;<strong>UGT<\/strong>&nbsp;venimos demandando desde hace tiempo&nbsp;<strong>un nuevo modelo<\/strong>&nbsp;para comercial, acorde con la transformaci\u00f3n que clientes y empresa vienen experimentando por el cambio de paradigma tecnol\u00f3gico, econ\u00f3mico y social introducido por los nuevos usos de la tecnolog\u00eda, lo que se ha convenido en llamar la&nbsp;<strong>Transformaci\u00f3n Digital<\/strong>.<\/p>\n\n\n\n<p class=\"justificado\">Para&nbsp;<strong>UGT<\/strong>&nbsp;es imperativo que trabajadores y empresa puedan acometer ese proceso de transformaci\u00f3n digital de forma conjunta, con par\u00e1metros establecidos desde la&nbsp;<strong>negociaci\u00f3n y el consenso<\/strong>&nbsp;y sobre todo, en la medida de lo posible, con&nbsp;<strong>respuestas anticipadas a los posibles cambios<\/strong>&nbsp;que, como consecuencia de la innovaci\u00f3n digital, se pudieran producir en los m\u00e9todos o sistemas de producci\u00f3n, siempre con el objetivo \u00faltimo y prioritario de&nbsp;<strong>mantener puestos de trabajo&nbsp;<\/strong>y condiciones econ\u00f3micas, sociales y laborales.<\/p>\n\n\n\n<p class=\"justificado\">Mientras la empresa anuncia en todos los foros posibles su disposici\u00f3n para participar en el proceso de la Transformaci\u00f3n Digital y presume de su capacidad tecnol\u00f3gica y financiera para participar en ese proceso, que compara con una nueva revoluci\u00f3n industrial, desde&nbsp;<strong>UGT<\/strong>&nbsp;venimos se\u00f1alando que el grado del \u00e9xito empresarial en dicho proceso&nbsp;<strong>depender\u00e1 en gran medida de los trabajadores y trabajadoras&nbsp;<\/strong>que, en definitiva, ser\u00e1n<strong>&nbsp;los verdaderos protagonistas&nbsp;<\/strong>e impulsores de esos cambios.<\/p>\n\n\n\n<p class=\"justificado\">En esa l\u00ednea, convencidos de que el actual modelo de Comercial est\u00e1 agotado y no puede atender todos los aspectos del nuevo mundo digital,&nbsp;<strong>UGT<\/strong>&nbsp;viene&nbsp;<strong>demandando un nuevo proyecto para Comercial, que revitalice el \u00e1rea y sea la punta de lanza del proceso de transformaci\u00f3n digital en marcha<\/strong>.<\/p>\n\n\n\n<p class=\"justificado\">Comercial ha asumido sistem\u00e1ticamente todos los cambios que la empresa ha necesitado para adaptarnos a las exigencias de nuestros clientes, de forma que&nbsp;<strong>nadie puede poner en duda la capacidad de los trabajadores y trabajadoras del \u00e1rea para afrontar cualquier nuevo desaf\u00edo, que debe realizarse con su participaci\u00f3n,&nbsp;<\/strong>mediante&nbsp;<strong>un nuevo modelo de comercial,&nbsp;<\/strong>que atienda adecuadamente a nuestros clientes a la par que resuelva los problemas del \u00e1rea,&nbsp;<strong>utilice apropiadamente las capacidades de nuestros profesionales, potencie sus habilidades y les proporcione una adecuada compensaci\u00f3n.&nbsp;<\/strong>.<\/p>\n\n\n\n<p class=\"justificado\"><strong>Por ello,&nbsp;UGT&nbsp;demanda que se re\u00fana urgentemente la mesa de comercial a fin de abordar las disfunciones del actual modelo, paliar los problemas existentes en el \u00e1rea respecto a carterizaci\u00f3n, inestabilidad de objetivos, herramientas, etc., resolver situaciones enquistadas, como los ABTC, abordar en profundidad una remodelaci\u00f3n de la actual carrera de comercial, a nuestro juicio ya obsoleta, y concretar definitivamente la nueva figura del vendedor presencial, m\u00e1s acorde con la realidad del sector y de nuestros clientes.<\/strong><\/p>\n\n\n\n<h3 style=\"text-align: right;\"><strong><span style=\"color: #ff0000;\">UGT<\/span> Comunicaciones<\/strong><br><strong>Sector Estatal<\/strong><\/h3>\n","protected":false},"excerpt":{"rendered":"<p>Desde&nbsp;UGT&nbsp;venimos demandando desde hace tiempo&nbsp;un nuevo modelo&nbsp;para comercial, acorde con la transformaci\u00f3n que clientes y empresa vienen experimentando por el cambio de paradigma tecnol\u00f3gico, econ\u00f3mico y social introducido por los nuevos usos de la tecnolog\u00eda, lo que se ha convenido en llamar la&nbsp;Transformaci\u00f3n Digital. Para&nbsp;UGT&nbsp;es imperativo que trabajadores y empresa puedan acometer ese proceso de [&hellip;]<\/p>\n","protected":false},"author":3,"featured_media":237899,"comment_status":"closed","ping_status":"closed","sticky":false,"template":"","format":"standard","meta":{"footnotes":""},"categories":[8,25,7,26],"tags":[],"class_list":["post-237878","post","type-post","status-publish","format-standard","has-post-thumbnail","hentry","category-telefonica-cev","category-telefonica","category-telefonica-moviles","category-telefonica-soluciones"],"yoast_head":"<!-- This site is optimized with the Yoast SEO Premium plugin v27.3 (Yoast SEO v27.4) - https:\/\/yoast.com\/product\/yoast-seo-premium-wordpress\/ -->\n<title>Necesidad de un nuevo proyecto en comercial - UGT Comunicaciones<\/title>\n<meta name=\"robots\" content=\"index, follow, max-snippet:-1, max-image-preview:large, max-video-preview:-1\" \/>\n<link rel=\"canonical\" href=\"https:\/\/www.ugtcomunicaciones.es\/wordpress\/necesidad-de-un-nuevo-proyecto-en-comercial\/\" \/>\n<meta property=\"og:locale\" content=\"es_ES\" \/>\n<meta property=\"og:type\" content=\"article\" \/>\n<meta property=\"og:title\" content=\"Necesidad de un nuevo proyecto en comercial\" \/>\n<meta property=\"og:description\" content=\"Desde&nbsp;UGT&nbsp;venimos demandando desde hace tiempo&nbsp;un nuevo modelo&nbsp;para comercial, acorde con la transformaci\u00f3n que clientes y empresa vienen experimentando por el cambio de paradigma tecnol\u00f3gico, econ\u00f3mico y social introducido por los nuevos usos de la tecnolog\u00eda, lo que se ha convenido en llamar la&nbsp;Transformaci\u00f3n Digital. Para&nbsp;UGT&nbsp;es imperativo que trabajadores y empresa puedan acometer ese proceso de [&hellip;]\" \/>\n<meta property=\"og:url\" content=\"https:\/\/www.ugtcomunicaciones.es\/wordpress\/necesidad-de-un-nuevo-proyecto-en-comercial\/\" \/>\n<meta property=\"og:site_name\" content=\"UGT Comunicaciones\" \/>\n<meta property=\"article:publisher\" content=\"https:\/\/www.facebook.com\/ugt.comunicaciones\/\" \/>\n<meta property=\"article:published_time\" content=\"2018-10-29T06:00:09+00:00\" \/>\n<meta property=\"article:modified_time\" content=\"2018-11-06T10:43:15+00:00\" \/>\n<meta property=\"og:image\" content=\"https:\/\/www.ugtcomunicaciones.es\/wordpress\/wp-content\/uploads\/2018\/11\/asesoramiento-tecnico.jpg\" \/>\n\t<meta property=\"og:image:width\" content=\"588\" \/>\n\t<meta property=\"og:image:height\" content=\"280\" \/>\n\t<meta property=\"og:image:type\" content=\"image\/jpeg\" \/>\n<meta name=\"author\" content=\"UGT\" \/>\n<meta name=\"twitter:card\" content=\"summary_large_image\" \/>\n<meta name=\"twitter:creator\" content=\"@ugtcom\" \/>\n<meta name=\"twitter:site\" content=\"@ugtcom\" \/>\n<meta name=\"twitter:label1\" content=\"Escrito por\" \/>\n\t<meta name=\"twitter:data1\" content=\"UGT\" \/>\n\t<meta name=\"twitter:label2\" content=\"Tiempo de lectura\" \/>\n\t<meta name=\"twitter:data2\" content=\"2 minutos\" \/>\n<script type=\"application\/ld+json\" class=\"yoast-schema-graph\">{\"@context\":\"https:\\\/\\\/schema.org\",\"@graph\":[{\"@type\":\"Article\",\"@id\":\"https:\\\/\\\/www.ugtcomunicaciones.es\\\/wordpress\\\/necesidad-de-un-nuevo-proyecto-en-comercial\\\/#article\",\"isPartOf\":{\"@id\":\"https:\\\/\\\/www.ugtcomunicaciones.es\\\/wordpress\\\/necesidad-de-un-nuevo-proyecto-en-comercial\\\/\"},\"author\":{\"name\":\"UGT\",\"@id\":\"https:\\\/\\\/www.ugtcomunicaciones.es\\\/wordpress\\\/#\\\/schema\\\/person\\\/eba0fc3fe5b444531d94d4368cba89ed\"},\"headline\":\"Necesidad de un nuevo proyecto en comercial\",\"datePublished\":\"2018-10-29T06:00:09+00:00\",\"dateModified\":\"2018-11-06T10:43:15+00:00\",\"mainEntityOfPage\":{\"@id\":\"https:\\\/\\\/www.ugtcomunicaciones.es\\\/wordpress\\\/necesidad-de-un-nuevo-proyecto-en-comercial\\\/\"},\"wordCount\":478,\"publisher\":{\"@id\":\"https:\\\/\\\/www.ugtcomunicaciones.es\\\/wordpress\\\/#organization\"},\"image\":{\"@id\":\"https:\\\/\\\/www.ugtcomunicaciones.es\\\/wordpress\\\/necesidad-de-un-nuevo-proyecto-en-comercial\\\/#primaryimage\"},\"thumbnailUrl\":\"https:\\\/\\\/www.ugtcomunicaciones.es\\\/wordpress\\\/wp-content\\\/uploads\\\/2018\\\/11\\\/asesoramiento-tecnico.jpg\",\"articleSection\":[\"Telef\u00f3nica CEV\",\"Telef\u00f3nica de Espa\u00f1a\",\"Telef\u00f3nica M\u00f3viles\",\"Telef\u00f3nica Soluciones\"],\"inLanguage\":\"es\"},{\"@type\":\"WebPage\",\"@id\":\"https:\\\/\\\/www.ugtcomunicaciones.es\\\/wordpress\\\/necesidad-de-un-nuevo-proyecto-en-comercial\\\/\",\"url\":\"https:\\\/\\\/www.ugtcomunicaciones.es\\\/wordpress\\\/necesidad-de-un-nuevo-proyecto-en-comercial\\\/\",\"name\":\"Necesidad de un nuevo proyecto en comercial - UGT Comunicaciones\",\"isPartOf\":{\"@id\":\"https:\\\/\\\/www.ugtcomunicaciones.es\\\/wordpress\\\/#website\"},\"primaryImageOfPage\":{\"@id\":\"https:\\\/\\\/www.ugtcomunicaciones.es\\\/wordpress\\\/necesidad-de-un-nuevo-proyecto-en-comercial\\\/#primaryimage\"},\"image\":{\"@id\":\"https:\\\/\\\/www.ugtcomunicaciones.es\\\/wordpress\\\/necesidad-de-un-nuevo-proyecto-en-comercial\\\/#primaryimage\"},\"thumbnailUrl\":\"https:\\\/\\\/www.ugtcomunicaciones.es\\\/wordpress\\\/wp-content\\\/uploads\\\/2018\\\/11\\\/asesoramiento-tecnico.jpg\",\"datePublished\":\"2018-10-29T06:00:09+00:00\",\"dateModified\":\"2018-11-06T10:43:15+00:00\",\"breadcrumb\":{\"@id\":\"https:\\\/\\\/www.ugtcomunicaciones.es\\\/wordpress\\\/necesidad-de-un-nuevo-proyecto-en-comercial\\\/#breadcrumb\"},\"inLanguage\":\"es\",\"potentialAction\":[{\"@type\":\"ReadAction\",\"target\":[\"https:\\\/\\\/www.ugtcomunicaciones.es\\\/wordpress\\\/necesidad-de-un-nuevo-proyecto-en-comercial\\\/\"]}]},{\"@type\":\"ImageObject\",\"inLanguage\":\"es\",\"@id\":\"https:\\\/\\\/www.ugtcomunicaciones.es\\\/wordpress\\\/necesidad-de-un-nuevo-proyecto-en-comercial\\\/#primaryimage\",\"url\":\"https:\\\/\\\/www.ugtcomunicaciones.es\\\/wordpress\\\/wp-content\\\/uploads\\\/2018\\\/11\\\/asesoramiento-tecnico.jpg\",\"contentUrl\":\"https:\\\/\\\/www.ugtcomunicaciones.es\\\/wordpress\\\/wp-content\\\/uploads\\\/2018\\\/11\\\/asesoramiento-tecnico.jpg\",\"width\":588,\"height\":280,\"caption\":\"comercial\"},{\"@type\":\"BreadcrumbList\",\"@id\":\"https:\\\/\\\/www.ugtcomunicaciones.es\\\/wordpress\\\/necesidad-de-un-nuevo-proyecto-en-comercial\\\/#breadcrumb\",\"itemListElement\":[{\"@type\":\"ListItem\",\"position\":1,\"name\":\"Portada\",\"item\":\"https:\\\/\\\/www.ugtcomunicaciones.es\\\/wordpress\\\/\"},{\"@type\":\"ListItem\",\"position\":2,\"name\":\"Necesidad de un nuevo proyecto en comercial\"}]},{\"@type\":\"WebSite\",\"@id\":\"https:\\\/\\\/www.ugtcomunicaciones.es\\\/wordpress\\\/#website\",\"url\":\"https:\\\/\\\/www.ugtcomunicaciones.es\\\/wordpress\\\/\",\"name\":\"UGT Comunicaciones\",\"description\":\"Sindicato de Telecomunicaciones\",\"publisher\":{\"@id\":\"https:\\\/\\\/www.ugtcomunicaciones.es\\\/wordpress\\\/#organization\"},\"potentialAction\":[{\"@type\":\"SearchAction\",\"target\":{\"@type\":\"EntryPoint\",\"urlTemplate\":\"https:\\\/\\\/www.ugtcomunicaciones.es\\\/wordpress\\\/?s={search_term_string}\"},\"query-input\":{\"@type\":\"PropertyValueSpecification\",\"valueRequired\":true,\"valueName\":\"search_term_string\"}}],\"inLanguage\":\"es\"},{\"@type\":\"Organization\",\"@id\":\"https:\\\/\\\/www.ugtcomunicaciones.es\\\/wordpress\\\/#organization\",\"name\":\"UGT Comunicaciones\",\"url\":\"https:\\\/\\\/www.ugtcomunicaciones.es\\\/wordpress\\\/\",\"logo\":{\"@type\":\"ImageObject\",\"inLanguage\":\"es\",\"@id\":\"https:\\\/\\\/www.ugtcomunicaciones.es\\\/wordpress\\\/#\\\/schema\\\/logo\\\/image\\\/\",\"url\":\"https:\\\/\\\/www.ugtcomunicaciones.es\\\/wordpress\\\/wp-content\\\/uploads\\\/2024\\\/04\\\/comunicaciones_logo.png\",\"contentUrl\":\"https:\\\/\\\/www.ugtcomunicaciones.es\\\/wordpress\\\/wp-content\\\/uploads\\\/2024\\\/04\\\/comunicaciones_logo.png\",\"width\":298,\"height\":81,\"caption\":\"UGT Comunicaciones\"},\"image\":{\"@id\":\"https:\\\/\\\/www.ugtcomunicaciones.es\\\/wordpress\\\/#\\\/schema\\\/logo\\\/image\\\/\"},\"sameAs\":[\"https:\\\/\\\/www.facebook.com\\\/ugt.comunicaciones\\\/\",\"https:\\\/\\\/x.com\\\/ugtcom\"]},{\"@type\":\"Person\",\"@id\":\"https:\\\/\\\/www.ugtcomunicaciones.es\\\/wordpress\\\/#\\\/schema\\\/person\\\/eba0fc3fe5b444531d94d4368cba89ed\",\"name\":\"UGT\",\"image\":{\"@type\":\"ImageObject\",\"inLanguage\":\"es\",\"@id\":\"https:\\\/\\\/secure.gravatar.com\\\/avatar\\\/2a16057d620a4c646bcfc171c4f23030879ebbdd346f0525bd5d4a564e57e13d?s=96&d=mm&r=g\",\"url\":\"https:\\\/\\\/secure.gravatar.com\\\/avatar\\\/2a16057d620a4c646bcfc171c4f23030879ebbdd346f0525bd5d4a564e57e13d?s=96&d=mm&r=g\",\"contentUrl\":\"https:\\\/\\\/secure.gravatar.com\\\/avatar\\\/2a16057d620a4c646bcfc171c4f23030879ebbdd346f0525bd5d4a564e57e13d?s=96&d=mm&r=g\",\"caption\":\"UGT\"}}]}<\/script>\n<!-- \/ Yoast SEO Premium plugin. -->","yoast_head_json":{"title":"Necesidad de un nuevo proyecto en comercial - UGT Comunicaciones","robots":{"index":"index","follow":"follow","max-snippet":"max-snippet:-1","max-image-preview":"max-image-preview:large","max-video-preview":"max-video-preview:-1"},"canonical":"https:\/\/www.ugtcomunicaciones.es\/wordpress\/necesidad-de-un-nuevo-proyecto-en-comercial\/","og_locale":"es_ES","og_type":"article","og_title":"Necesidad de un nuevo proyecto en comercial","og_description":"Desde&nbsp;UGT&nbsp;venimos demandando desde hace tiempo&nbsp;un nuevo modelo&nbsp;para comercial, acorde con la transformaci\u00f3n que clientes y empresa vienen experimentando por el cambio de paradigma tecnol\u00f3gico, econ\u00f3mico y social introducido por los nuevos usos de la tecnolog\u00eda, lo que se ha convenido en llamar la&nbsp;Transformaci\u00f3n Digital. Para&nbsp;UGT&nbsp;es imperativo que trabajadores y empresa puedan acometer ese proceso de [&hellip;]","og_url":"https:\/\/www.ugtcomunicaciones.es\/wordpress\/necesidad-de-un-nuevo-proyecto-en-comercial\/","og_site_name":"UGT Comunicaciones","article_publisher":"https:\/\/www.facebook.com\/ugt.comunicaciones\/","article_published_time":"2018-10-29T06:00:09+00:00","article_modified_time":"2018-11-06T10:43:15+00:00","og_image":[{"width":588,"height":280,"url":"https:\/\/www.ugtcomunicaciones.es\/wordpress\/wp-content\/uploads\/2018\/11\/asesoramiento-tecnico.jpg","type":"image\/jpeg"}],"author":"UGT","twitter_card":"summary_large_image","twitter_creator":"@ugtcom","twitter_site":"@ugtcom","twitter_misc":{"Escrito por":"UGT","Tiempo de lectura":"2 minutos"},"schema":{"@context":"https:\/\/schema.org","@graph":[{"@type":"Article","@id":"https:\/\/www.ugtcomunicaciones.es\/wordpress\/necesidad-de-un-nuevo-proyecto-en-comercial\/#article","isPartOf":{"@id":"https:\/\/www.ugtcomunicaciones.es\/wordpress\/necesidad-de-un-nuevo-proyecto-en-comercial\/"},"author":{"name":"UGT","@id":"https:\/\/www.ugtcomunicaciones.es\/wordpress\/#\/schema\/person\/eba0fc3fe5b444531d94d4368cba89ed"},"headline":"Necesidad de un nuevo proyecto en comercial","datePublished":"2018-10-29T06:00:09+00:00","dateModified":"2018-11-06T10:43:15+00:00","mainEntityOfPage":{"@id":"https:\/\/www.ugtcomunicaciones.es\/wordpress\/necesidad-de-un-nuevo-proyecto-en-comercial\/"},"wordCount":478,"publisher":{"@id":"https:\/\/www.ugtcomunicaciones.es\/wordpress\/#organization"},"image":{"@id":"https:\/\/www.ugtcomunicaciones.es\/wordpress\/necesidad-de-un-nuevo-proyecto-en-comercial\/#primaryimage"},"thumbnailUrl":"https:\/\/www.ugtcomunicaciones.es\/wordpress\/wp-content\/uploads\/2018\/11\/asesoramiento-tecnico.jpg","articleSection":["Telef\u00f3nica CEV","Telef\u00f3nica de Espa\u00f1a","Telef\u00f3nica M\u00f3viles","Telef\u00f3nica Soluciones"],"inLanguage":"es"},{"@type":"WebPage","@id":"https:\/\/www.ugtcomunicaciones.es\/wordpress\/necesidad-de-un-nuevo-proyecto-en-comercial\/","url":"https:\/\/www.ugtcomunicaciones.es\/wordpress\/necesidad-de-un-nuevo-proyecto-en-comercial\/","name":"Necesidad de un nuevo proyecto en comercial - UGT Comunicaciones","isPartOf":{"@id":"https:\/\/www.ugtcomunicaciones.es\/wordpress\/#website"},"primaryImageOfPage":{"@id":"https:\/\/www.ugtcomunicaciones.es\/wordpress\/necesidad-de-un-nuevo-proyecto-en-comercial\/#primaryimage"},"image":{"@id":"https:\/\/www.ugtcomunicaciones.es\/wordpress\/necesidad-de-un-nuevo-proyecto-en-comercial\/#primaryimage"},"thumbnailUrl":"https:\/\/www.ugtcomunicaciones.es\/wordpress\/wp-content\/uploads\/2018\/11\/asesoramiento-tecnico.jpg","datePublished":"2018-10-29T06:00:09+00:00","dateModified":"2018-11-06T10:43:15+00:00","breadcrumb":{"@id":"https:\/\/www.ugtcomunicaciones.es\/wordpress\/necesidad-de-un-nuevo-proyecto-en-comercial\/#breadcrumb"},"inLanguage":"es","potentialAction":[{"@type":"ReadAction","target":["https:\/\/www.ugtcomunicaciones.es\/wordpress\/necesidad-de-un-nuevo-proyecto-en-comercial\/"]}]},{"@type":"ImageObject","inLanguage":"es","@id":"https:\/\/www.ugtcomunicaciones.es\/wordpress\/necesidad-de-un-nuevo-proyecto-en-comercial\/#primaryimage","url":"https:\/\/www.ugtcomunicaciones.es\/wordpress\/wp-content\/uploads\/2018\/11\/asesoramiento-tecnico.jpg","contentUrl":"https:\/\/www.ugtcomunicaciones.es\/wordpress\/wp-content\/uploads\/2018\/11\/asesoramiento-tecnico.jpg","width":588,"height":280,"caption":"comercial"},{"@type":"BreadcrumbList","@id":"https:\/\/www.ugtcomunicaciones.es\/wordpress\/necesidad-de-un-nuevo-proyecto-en-comercial\/#breadcrumb","itemListElement":[{"@type":"ListItem","position":1,"name":"Portada","item":"https:\/\/www.ugtcomunicaciones.es\/wordpress\/"},{"@type":"ListItem","position":2,"name":"Necesidad de un nuevo proyecto en comercial"}]},{"@type":"WebSite","@id":"https:\/\/www.ugtcomunicaciones.es\/wordpress\/#website","url":"https:\/\/www.ugtcomunicaciones.es\/wordpress\/","name":"UGT Comunicaciones","description":"Sindicato de Telecomunicaciones","publisher":{"@id":"https:\/\/www.ugtcomunicaciones.es\/wordpress\/#organization"},"potentialAction":[{"@type":"SearchAction","target":{"@type":"EntryPoint","urlTemplate":"https:\/\/www.ugtcomunicaciones.es\/wordpress\/?s={search_term_string}"},"query-input":{"@type":"PropertyValueSpecification","valueRequired":true,"valueName":"search_term_string"}}],"inLanguage":"es"},{"@type":"Organization","@id":"https:\/\/www.ugtcomunicaciones.es\/wordpress\/#organization","name":"UGT Comunicaciones","url":"https:\/\/www.ugtcomunicaciones.es\/wordpress\/","logo":{"@type":"ImageObject","inLanguage":"es","@id":"https:\/\/www.ugtcomunicaciones.es\/wordpress\/#\/schema\/logo\/image\/","url":"https:\/\/www.ugtcomunicaciones.es\/wordpress\/wp-content\/uploads\/2024\/04\/comunicaciones_logo.png","contentUrl":"https:\/\/www.ugtcomunicaciones.es\/wordpress\/wp-content\/uploads\/2024\/04\/comunicaciones_logo.png","width":298,"height":81,"caption":"UGT Comunicaciones"},"image":{"@id":"https:\/\/www.ugtcomunicaciones.es\/wordpress\/#\/schema\/logo\/image\/"},"sameAs":["https:\/\/www.facebook.com\/ugt.comunicaciones\/","https:\/\/x.com\/ugtcom"]},{"@type":"Person","@id":"https:\/\/www.ugtcomunicaciones.es\/wordpress\/#\/schema\/person\/eba0fc3fe5b444531d94d4368cba89ed","name":"UGT","image":{"@type":"ImageObject","inLanguage":"es","@id":"https:\/\/secure.gravatar.com\/avatar\/2a16057d620a4c646bcfc171c4f23030879ebbdd346f0525bd5d4a564e57e13d?s=96&d=mm&r=g","url":"https:\/\/secure.gravatar.com\/avatar\/2a16057d620a4c646bcfc171c4f23030879ebbdd346f0525bd5d4a564e57e13d?s=96&d=mm&r=g","contentUrl":"https:\/\/secure.gravatar.com\/avatar\/2a16057d620a4c646bcfc171c4f23030879ebbdd346f0525bd5d4a564e57e13d?s=96&d=mm&r=g","caption":"UGT"}}]}},"_links":{"self":[{"href":"https:\/\/www.ugtcomunicaciones.es\/wordpress\/wp-json\/wp\/v2\/posts\/237878","targetHints":{"allow":["GET"]}}],"collection":[{"href":"https:\/\/www.ugtcomunicaciones.es\/wordpress\/wp-json\/wp\/v2\/posts"}],"about":[{"href":"https:\/\/www.ugtcomunicaciones.es\/wordpress\/wp-json\/wp\/v2\/types\/post"}],"author":[{"embeddable":true,"href":"https:\/\/www.ugtcomunicaciones.es\/wordpress\/wp-json\/wp\/v2\/users\/3"}],"replies":[{"embeddable":true,"href":"https:\/\/www.ugtcomunicaciones.es\/wordpress\/wp-json\/wp\/v2\/comments?post=237878"}],"version-history":[{"count":0,"href":"https:\/\/www.ugtcomunicaciones.es\/wordpress\/wp-json\/wp\/v2\/posts\/237878\/revisions"}],"wp:featuredmedia":[{"embeddable":true,"href":"https:\/\/www.ugtcomunicaciones.es\/wordpress\/wp-json\/wp\/v2\/media\/237899"}],"wp:attachment":[{"href":"https:\/\/www.ugtcomunicaciones.es\/wordpress\/wp-json\/wp\/v2\/media?parent=237878"}],"wp:term":[{"taxonomy":"category","embeddable":true,"href":"https:\/\/www.ugtcomunicaciones.es\/wordpress\/wp-json\/wp\/v2\/categories?post=237878"},{"taxonomy":"post_tag","embeddable":true,"href":"https:\/\/www.ugtcomunicaciones.es\/wordpress\/wp-json\/wp\/v2\/tags?post=237878"}],"curies":[{"name":"wp","href":"https:\/\/api.w.org\/{rel}","templated":true}]}}