{"id":241585,"date":"2018-11-26T07:00:02","date_gmt":"2018-11-26T05:00:02","guid":{"rendered":"http:\/\/ugtcomunicaciones.es\/wordpress\/?p=241585"},"modified":"2018-11-13T17:44:46","modified_gmt":"2018-11-13T15:44:46","slug":"el-reino-unido-se-rinde-a-la-evidencia-sin-fibra-total-hasta-2033","status":"publish","type":"post","link":"https:\/\/www.ugtcomunicaciones.es\/wordpress\/el-reino-unido-se-rinde-a-la-evidencia-sin-fibra-total-hasta-2033\/","title":{"rendered":"El Reino Unido se rinde a la evidencia: sin fibra total hasta 2033"},"content":{"rendered":"<p style=\"text-align: justify;\">Nunca ha resultado m\u00e1s apropiado el dicho que dice <em>\u201cdonde falta la previsi\u00f3n, faltar\u00e1 provisi\u00f3n\u201d<\/em>: el Gobierno brit\u00e1nico comienza a asumir como la falta de pol\u00edticas adecuadas, la ausencia de una regulaci\u00f3n pro-inversora, su equivocada apuesta por el VDSL (como en Alemania<a href=\"#_ftn1\" name=\"_ftnref1\">[1]<\/a>) y el tibio papel del principal operador (BT y su nefasta separaci\u00f3n funcional, Openreach<a href=\"#_ftn2\" name=\"_ftnref2\">[2]<\/a>) le condena a tener unas infraestructuras de telecomunicaciones antiguas por muchos a\u00f1os m\u00e1s.<\/p>\n<p style=\"text-align: justify;\">Las siguientes gr\u00e1ficas son tan significativas como reveladoras:<\/p>\n\n\n<figure class=\"wp-block-image\"><img decoding=\"async\" width=\"683\" height=\"345\" data-src=\"http:\/\/ugtcomunicaciones.es\/wordpress\/wp-content\/uploads\/2018\/11\/el-reino-unido-1.png\" alt=\"\" class=\"wp-image-241596 lazyload\" data-srcset=\"https:\/\/www.ugtcomunicaciones.es\/wordpress\/wp-content\/uploads\/2018\/11\/el-reino-unido-1.png 683w, https:\/\/www.ugtcomunicaciones.es\/wordpress\/wp-content\/uploads\/2018\/11\/el-reino-unido-1-300x152.png 300w, https:\/\/www.ugtcomunicaciones.es\/wordpress\/wp-content\/uploads\/2018\/11\/el-reino-unido-1-640x323.png 640w, https:\/\/www.ugtcomunicaciones.es\/wordpress\/wp-content\/uploads\/2018\/11\/el-reino-unido-1-681x345.png 681w\" data-sizes=\"(max-width: 683px) 100vw, 683px\" src=\"data:image\/svg+xml;base64,PHN2ZyB3aWR0aD0iMSIgaGVpZ2h0PSIxIiB4bWxucz0iaHR0cDovL3d3dy53My5vcmcvMjAwMC9zdmciPjwvc3ZnPg==\" style=\"--smush-placeholder-width: 683px; --smush-placeholder-aspect-ratio: 683\/345;\" \/><\/figure>\n\n\n\n<div class=\"wp-block-image\"><figure class=\"aligncenter\"><img decoding=\"async\" width=\"624\" height=\"558\" data-src=\"http:\/\/ugtcomunicaciones.es\/wordpress\/wp-content\/uploads\/2018\/11\/el-reino-unido-2.png\" alt=\"\" class=\"wp-image-241597 lazyload\" data-srcset=\"https:\/\/www.ugtcomunicaciones.es\/wordpress\/wp-content\/uploads\/2018\/11\/el-reino-unido-2.png 624w, https:\/\/www.ugtcomunicaciones.es\/wordpress\/wp-content\/uploads\/2018\/11\/el-reino-unido-2-300x268.png 300w, https:\/\/www.ugtcomunicaciones.es\/wordpress\/wp-content\/uploads\/2018\/11\/el-reino-unido-2-470x420.png 470w\" data-sizes=\"(max-width: 624px) 100vw, 624px\" src=\"data:image\/svg+xml;base64,PHN2ZyB3aWR0aD0iMSIgaGVpZ2h0PSIxIiB4bWxucz0iaHR0cDovL3d3dy53My5vcmcvMjAwMC9zdmciPjwvc3ZnPg==\" style=\"--smush-placeholder-width: 624px; --smush-placeholder-aspect-ratio: 624\/558;\" \/><\/figure><\/div>\n\n\n\n<div class=\"wp-block-image\"><figure class=\"aligncenter\"><img decoding=\"async\" width=\"642\" height=\"494\" data-src=\"http:\/\/ugtcomunicaciones.es\/wordpress\/wp-content\/uploads\/2018\/11\/el-reino-unido-3.png\" alt=\"\" class=\"wp-image-241598 lazyload\" data-srcset=\"https:\/\/www.ugtcomunicaciones.es\/wordpress\/wp-content\/uploads\/2018\/11\/el-reino-unido-3.png 642w, https:\/\/www.ugtcomunicaciones.es\/wordpress\/wp-content\/uploads\/2018\/11\/el-reino-unido-3-300x231.png 300w, https:\/\/www.ugtcomunicaciones.es\/wordpress\/wp-content\/uploads\/2018\/11\/el-reino-unido-3-546x420.png 546w, https:\/\/www.ugtcomunicaciones.es\/wordpress\/wp-content\/uploads\/2018\/11\/el-reino-unido-3-640x492.png 640w\" data-sizes=\"(max-width: 642px) 100vw, 642px\" src=\"data:image\/svg+xml;base64,PHN2ZyB3aWR0aD0iMSIgaGVpZ2h0PSIxIiB4bWxucz0iaHR0cDovL3d3dy53My5vcmcvMjAwMC9zdmciPjwvc3ZnPg==\" style=\"--smush-placeholder-width: 642px; --smush-placeholder-aspect-ratio: 642\/494;\" \/><\/figure><\/div>\n\n\n<p style=\"text-align: justify;\">Tal d\u00e9ficit de redes FTTH, sin duda las \u00fanicas que pueden soportar la celeb\u00e9rrima Sociedad Gigabit<a href=\"#_ftn1\" name=\"_ftnref1\">[1]<\/a>, ha obligado al gobierno isle\u00f1o a delinear una revisi\u00f3n completa de sus pol\u00edticas sectoriales. Este cambio de paso se concreta en un documento pol\u00edtico, el <em>F<\/em><em>uture Telecoms Infrastructure Review<\/em> (FTIR), que propone alcanzar \u201c15 millones de instalaciones conectadas a fibra total para el a\u00f1o 2025, con cobertura en todas partes del pa\u00eds para 2033<a href=\"#_ftn2\" name=\"_ftnref2\">[2]<\/a>\u201d, representando \u201cuna hoja de ruta clara para el despliegue de la red de fibra en el Reino Unido, en un intento de proporcionar claridad para agilizar la inversi\u00f3n en infraestructura de red de fibra<a href=\"#_ftn3\" name=\"_ftnref3\">[3]<\/a>\u201d.<\/p>\n<p style=\"text-align: justify;\">No es necesario recordar que Espa\u00f1a ya ha iniciado su proceso de cierre de la red cobre, que culminar\u00e1 en 2022<a href=\"#_ftn4\" name=\"_ftnref4\">[4]<\/a>, es decir, 11 a\u00f1os antes de una de las potencias econ\u00f3micas m\u00e1s influyentes y fuertes del mundo<a href=\"#_ftn5\" name=\"_ftnref5\">[5]<\/a>.<\/p>\n<p style=\"text-align: justify;\">Como no pod\u00eda ser de otra forma, las cr\u00edticas a este plan no se han hecho esperar. Quiz\u00e1s la m\u00e1s relevante sea la protagonizada por el Institute of Directors (IoD), una organizaci\u00f3n de \u201cl\u00edderes empresariales<a href=\"#_ftn6\" name=\"_ftnref6\">[6]<\/a>\u201d, que ha afeado la poca ambici\u00f3n del gobierno, llegando a afirma que \u201cdesafortunadamente, las empresas est\u00e1n pagando el precio por el descuido de la conectividad de fibra total.\u00a0Estamos trotando mientras el resto del mundo est\u00e1 esprintando.\u00a0Necesitamos una fecha de cierre del cobre en 2025 o poco despu\u00e9s<a href=\"#_ftn7\" name=\"_ftnref7\">[7]<\/a>\u201d.<\/p>\n<p style=\"text-align: justify;\">La situaci\u00f3n del Reino Unido nos recuerda mucho a la Italia<a href=\"#_ftn8\" name=\"_ftnref8\">[8]<\/a>, aunque con matices. Ambos pa\u00edses sufren un brutal retraso en redes de nueva generaci\u00f3n, sobre todo por la nula inversi\u00f3n de su operador de referencia nacional (BT y TIM), aunque sorprende que ambos pa\u00edses vayan a coincidir en el mismo error, pero diferido en el tiempo: la Separaci\u00f3n Funcional de su operador incumbente.<\/p>\n<p style=\"text-align: justify;\">Si el pecado original proviene del Reino Unido, al separar a BT de su red hace m\u00e1s de una d\u00e9cada, creando una filial que se demostrado inoperante para invertir en fibra, Italia opta por este mismo camino para Telecom Italia, precisamente por su incapacidad para invertir en redes FTTH. Es decir, lo que no vale para UK, parece la soluci\u00f3n para Italia, aunque mucho nos tememos los palos de ciego de ambos pa\u00edses tienen suficiente recorrido para agravar a\u00fan m\u00e1s su penosa situaci\u00f3n.<\/p>\n<p><a href=\"#_ftnref1\" name=\"_ftn1\"><\/a><\/p>\n\n\n<h3 style=\"text-align: right;\"><strong><span style=\"color: #ff0000;\">UGT<\/span> Comunicaciones<\/strong><br><strong>Sector Estatal<\/strong><\/h3>\n\n\n\n<hr class=\"wp-block-separator\"\/>\n\n\n\n<p style=\"font-size:9px\"><a href=\"#_ftnref1\">[1]<\/a> <a rel=\"noreferrer noopener\" aria-label=\"[1] https:\/\/www.coit.es\/eventos\/hacia-la-sociedad-del-gigabit (abre en una nueva pesta\u00f1a)\" href=\"https:\/\/www.coit.es\/eventos\/hacia-la-sociedad-del-gigabit\" target=\"_blank\">https:\/\/www.coit.es\/eventos\/hacia-la-sociedad-del-gigabit<\/a><br><a href=\"http:\/\/ugtcomunicaciones.es\/wordpress\/wp-admin\/post.php?post=241585&amp;action=edit#_ftnref2\">[2]<\/a>&nbsp;<a rel=\"noreferrer noopener\" aria-label=\"[1] https:\/\/www.coit.es\/eventos\/hacia-la-sociedad-del-gigabit\n[2]&nbsp;https:\/\/www.gov.uk\/government\/publications\/future-telecoms-infrastructure-review\n (abre en una nueva pesta\u00f1a)\" href=\"https:\/\/www.gov.uk\/government\/publications\/future-telecoms-infrastructure-review\" target=\"_blank\">https:\/\/www.gov.uk\/government\/publications\/future-telecoms-infrastructure-review<\/a><br><a href=\"http:\/\/ugtcomunicaciones.es\/wordpress\/wp-admin\/post.php?post=241585&amp;action=edit#_ftnref3\">[3]<\/a>&nbsp;<a href=\"https:\/\/www.totaltele.com\/500676\/UK-government-launches-its-vision-for-a-full-fibre-future\">https:\/\/www.totaltele.com\/500676\/UK-government-launches-its-vision-for-a-full-fibre-future<\/a><br><a href=\"http:\/\/ugtcomunicaciones.es\/wordpress\/wp-admin\/post.php?post=241585&amp;action=edit#_ftnref4\">[4]<\/a>&nbsp;<a rel=\"noreferrer noopener\" aria-label=\"[1] https:\/\/www.coit.es\/eventos\/hacia-la-sociedad-del-gigabit\n[2]&nbsp;https:\/\/www.gov.uk\/government\/publications\/future-telecoms-infrastructure-review\n[3]&nbsp;https:\/\/www.totaltele.com\/500676\/UK-government-launches-its-vision-for-a-full-fibre-future\n\n[4]&nbsp;http:\/\/ugtcomunicaciones.es\/wordpress\/telefonica-pone-fecha-al-fin-de-la-red-de-cobre-2022\/\n (abre en una nueva pesta\u00f1a)\" href=\"http:\/\/ugtcomunicaciones.es\/wordpress\/telefonica-pone-fecha-al-fin-de-la-red-de-cobre-2022\/\" target=\"_blank\">http:\/\/ugtcomunicaciones.es\/wordpress\/telefonica-pone-fecha-al-fin-de-la-red-de-cobre-2022\/<\/a><br><a href=\"http:\/\/ugtcomunicaciones.es\/wordpress\/wp-admin\/post.php?post=241585&amp;action=edit#_ftnref5\">[5]<\/a>&nbsp;<a rel=\"noreferrer noopener\" aria-label=\"[1] https:\/\/www.coit.es\/eventos\/hacia-la-sociedad-del-gigabit\n[2]&nbsp;https:\/\/www.gov.uk\/government\/publications\/future-telecoms-infrastructure-review\n[3]&nbsp;https:\/\/www.totaltele.com\/500676\/UK-government-launches-its-vision-for-a-full-fibre-future\n[4]&nbsp;http:\/\/ugtcomunicaciones.es\/wordpress\/telefonica-pone-fecha-al-fin-de-la-red-de-cobre-2022\/\n[5]&nbsp;http:\/\/www.europapress.es\/economia\/noticia-pallete-urge-reino-unido-seguir-ejemplo-espana-fibra-optica-no-perder-revolucion-digital-20180828141649.html\n (abre en una nueva pesta\u00f1a)\" href=\"http:\/\/www.europapress.es\/economia\/noticia-pallete-urge-reino-unido-seguir-ejemplo-espana-fibra-optica-no-perder-revolucion-digital-20180828141649.html\" target=\"_blank\">http:\/\/www.europapress.es\/economia\/noticia-pallete-urge-reino-unido-seguir-ejemplo-espana-fibra-optica-no-perder-revolucion-digital-20180828141649.html<\/a><br><a href=\"http:\/\/ugtcomunicaciones.es\/wordpress\/wp-admin\/post.php?post=241585&amp;action=edit#_ftnref6\">[6]<\/a>&nbsp;<a rel=\"noreferrer noopener\" aria-label=\"[1] https:\/\/www.coit.es\/eventos\/hacia-la-sociedad-del-gigabit\n[2]&nbsp;https:\/\/www.gov.uk\/government\/publications\/future-telecoms-infrastructure-review\n[3]&nbsp;https:\/\/www.totaltele.com\/500676\/UK-government-launches-its-vision-for-a-full-fibre-future\n[4]&nbsp;http:\/\/ugtcomunicaciones.es\/wordpress\/telefonica-pone-fecha-al-fin-de-la-red-de-cobre-2022\/\n[5]&nbsp;http:\/\/www.europapress.es\/economia\/noticia-pallete-urge-reino-unido-seguir-ejemplo-espana-fibra-optica-no-perder-revolucion-digital-20180828141649.html\n[6]&nbsp;https:\/\/www.iod.com\/about\n (abre en una nueva pesta\u00f1a)\" href=\"https:\/\/www.iod.com\/about\" target=\"_blank\">https:\/\/www.iod.com\/about<\/a><br><a href=\"http:\/\/ugtcomunicaciones.es\/wordpress\/wp-admin\/post.php?post=241585&amp;action=edit#_ftnref7\">[7]<\/a>&nbsp;<a rel=\"noreferrer noopener\" aria-label=\"[1] https:\/\/www.coit.es\/eventos\/hacia-la-sociedad-del-gigabit\n[2]&nbsp;https:\/\/www.gov.uk\/government\/publications\/future-telecoms-infrastructure-review\n[3]&nbsp;https:\/\/www.totaltele.com\/500676\/UK-government-launches-its-vision-for-a-full-fibre-future\n[4]&nbsp;http:\/\/ugtcomunicaciones.es\/wordpress\/telefonica-pone-fecha-al-fin-de-la-red-de-cobre-2022\/\n[5]&nbsp;http:\/\/www.europapress.es\/economia\/noticia-pallete-urge-reino-unido-seguir-ejemplo-espana-fibra-optica-no-perder-revolucion-digital-20180828141649.html\n[6]&nbsp;https:\/\/www.iod.com\/about\n[7]&nbsp;https:\/\/www.bbc.co.uk\/news\/technology-45018515\n (abre en una nueva pesta\u00f1a)\" href=\"https:\/\/www.bbc.co.uk\/news\/technology-45018515\" target=\"_blank\">https:\/\/www.bbc.co.uk\/news\/technology-45018515<\/a><br><a href=\"http:\/\/ugtcomunicaciones.es\/wordpress\/wp-admin\/post.php?post=241585&amp;action=edit#_ftnref8\">[8]<\/a>&nbsp;<a href=\"http:\/\/ugtcomunicaciones.es\/wordpress\/el-avispero-de-telecom-italia\/\" target=\"_blank\" rel=\"noreferrer noopener\" aria-label=\"[1] https:\/\/www.coit.es\/eventos\/hacia-la-sociedad-del-gigabit\n[2]&nbsp;https:\/\/www.gov.uk\/government\/publications\/future-telecoms-infrastructure-review\n[3]&nbsp;https:\/\/www.totaltele.com\/500676\/UK-government-launches-its-vision-for-a-full-fibre-future\n[4]&nbsp;http:\/\/ugtcomunicaciones.es\/wordpress\/telefonica-pone-fecha-al-fin-de-la-red-de-cobre-2022\/\n[5]&nbsp;http:\/\/www.europapress.es\/economia\/noticia-pallete-urge-reino-unido-seguir-ejemplo-espana-fibra-optica-no-perder-revolucion-digital-20180828141649.html\n[6]&nbsp;https:\/\/www.iod.com\/about\n[7]&nbsp;https:\/\/www.bbc.co.uk\/news\/technology-45018515\n[8]&nbsp;http:\/\/ugtcomunicaciones.es\/wordpress\/el-avispero-de-telecom-italia\/\n (abre en una nueva pesta\u00f1a)\">http:\/\/ugtcomunicaciones.es\/wordpress\/el-avispero-de-telecom-italia\/<\/a><br><\/p>\n","protected":false},"excerpt":{"rendered":"<p>Nunca ha resultado m\u00e1s apropiado el dicho que dice \u201cdonde falta la previsi\u00f3n, faltar\u00e1 provisi\u00f3n\u201d: el Gobierno brit\u00e1nico comienza a asumir como la falta de pol\u00edticas adecuadas, la ausencia de una regulaci\u00f3n pro-inversora, su equivocada apuesta por el VDSL (como en Alemania[1]) y el tibio papel del principal operador (BT y su nefasta separaci\u00f3n funcional, [&hellip;]<\/p>\n","protected":false},"author":3,"featured_media":241635,"comment_status":"closed","ping_status":"closed","sticky":false,"template":"","format":"standard","meta":{"footnotes":""},"categories":[14,12],"tags":[],"class_list":["post-241585","post","type-post","status-publish","format-standard","has-post-thumbnail","hentry","category-opinion","category-regulacion"],"yoast_head":"<!-- This site is optimized with the Yoast SEO Premium plugin v27.3 (Yoast SEO v27.4) - https:\/\/yoast.com\/product\/yoast-seo-premium-wordpress\/ -->\n<title>El Reino Unido se rinde a la evidencia: sin fibra total hasta 2033 - UGT Comunicaciones<\/title>\n<meta name=\"description\" content=\"El Gobierno brit\u00e1nico comienza a asumir como la falta de pol\u00edticas adecuadas, la ausencia de una regulaci\u00f3n pro-inversora, su equivocada apuesta por el VDSL\" \/>\n<meta name=\"robots\" content=\"index, follow, max-snippet:-1, max-image-preview:large, max-video-preview:-1\" \/>\n<link rel=\"canonical\" href=\"https:\/\/www.ugtcomunicaciones.es\/wordpress\/el-reino-unido-se-rinde-a-la-evidencia-sin-fibra-total-hasta-2033\/\" \/>\n<meta property=\"og:locale\" content=\"es_ES\" \/>\n<meta property=\"og:type\" content=\"article\" \/>\n<meta property=\"og:title\" content=\"El Reino Unido se rinde a la evidencia: sin fibra total hasta 2033\" \/>\n<meta property=\"og:description\" content=\"El Gobierno brit\u00e1nico comienza a asumir como la falta de pol\u00edticas adecuadas, la ausencia de una regulaci\u00f3n pro-inversora, su equivocada apuesta por el VDSL\" \/>\n<meta property=\"og:url\" content=\"https:\/\/www.ugtcomunicaciones.es\/wordpress\/el-reino-unido-se-rinde-a-la-evidencia-sin-fibra-total-hasta-2033\/\" \/>\n<meta property=\"og:site_name\" content=\"UGT Comunicaciones\" \/>\n<meta property=\"article:publisher\" content=\"https:\/\/www.facebook.com\/ugt.comunicaciones\/\" \/>\n<meta property=\"article:published_time\" content=\"2018-11-26T05:00:02+00:00\" \/>\n<meta property=\"og:image\" content=\"https:\/\/www.ugtcomunicaciones.es\/wordpress\/wp-content\/uploads\/2018\/11\/el-reino-unido-4-e1542110066514.jpg\" \/>\n\t<meta property=\"og:image:width\" content=\"400\" \/>\n\t<meta property=\"og:image:height\" content=\"227\" \/>\n\t<meta property=\"og:image:type\" content=\"image\/jpeg\" \/>\n<meta name=\"author\" content=\"UGT\" \/>\n<meta name=\"twitter:card\" content=\"summary_large_image\" \/>\n<meta name=\"twitter:creator\" content=\"@ugtcom\" \/>\n<meta name=\"twitter:site\" content=\"@ugtcom\" \/>\n<meta name=\"twitter:label1\" content=\"Escrito por\" \/>\n\t<meta name=\"twitter:data1\" content=\"UGT\" \/>\n\t<meta name=\"twitter:label2\" content=\"Tiempo de lectura\" \/>\n\t<meta name=\"twitter:data2\" content=\"3 minutos\" \/>\n<script type=\"application\/ld+json\" class=\"yoast-schema-graph\">{\"@context\":\"https:\\\/\\\/schema.org\",\"@graph\":[{\"@type\":\"Article\",\"@id\":\"https:\\\/\\\/www.ugtcomunicaciones.es\\\/wordpress\\\/el-reino-unido-se-rinde-a-la-evidencia-sin-fibra-total-hasta-2033\\\/#article\",\"isPartOf\":{\"@id\":\"https:\\\/\\\/www.ugtcomunicaciones.es\\\/wordpress\\\/el-reino-unido-se-rinde-a-la-evidencia-sin-fibra-total-hasta-2033\\\/\"},\"author\":{\"name\":\"UGT\",\"@id\":\"https:\\\/\\\/www.ugtcomunicaciones.es\\\/wordpress\\\/#\\\/schema\\\/person\\\/eba0fc3fe5b444531d94d4368cba89ed\"},\"headline\":\"El Reino Unido se rinde a la evidencia: sin fibra total hasta 2033\",\"datePublished\":\"2018-11-26T05:00:02+00:00\",\"mainEntityOfPage\":{\"@id\":\"https:\\\/\\\/www.ugtcomunicaciones.es\\\/wordpress\\\/el-reino-unido-se-rinde-a-la-evidencia-sin-fibra-total-hasta-2033\\\/\"},\"wordCount\":556,\"publisher\":{\"@id\":\"https:\\\/\\\/www.ugtcomunicaciones.es\\\/wordpress\\\/#organization\"},\"image\":{\"@id\":\"https:\\\/\\\/www.ugtcomunicaciones.es\\\/wordpress\\\/el-reino-unido-se-rinde-a-la-evidencia-sin-fibra-total-hasta-2033\\\/#primaryimage\"},\"thumbnailUrl\":\"https:\\\/\\\/www.ugtcomunicaciones.es\\\/wordpress\\\/wp-content\\\/uploads\\\/2018\\\/11\\\/el-reino-unido-4-e1542110066514.jpg\",\"articleSection\":[\"Opini\u00f3n\",\"Regulaci\u00f3n\"],\"inLanguage\":\"es\"},{\"@type\":\"WebPage\",\"@id\":\"https:\\\/\\\/www.ugtcomunicaciones.es\\\/wordpress\\\/el-reino-unido-se-rinde-a-la-evidencia-sin-fibra-total-hasta-2033\\\/\",\"url\":\"https:\\\/\\\/www.ugtcomunicaciones.es\\\/wordpress\\\/el-reino-unido-se-rinde-a-la-evidencia-sin-fibra-total-hasta-2033\\\/\",\"name\":\"El Reino Unido se rinde a la evidencia: sin fibra total hasta 2033 - UGT Comunicaciones\",\"isPartOf\":{\"@id\":\"https:\\\/\\\/www.ugtcomunicaciones.es\\\/wordpress\\\/#website\"},\"primaryImageOfPage\":{\"@id\":\"https:\\\/\\\/www.ugtcomunicaciones.es\\\/wordpress\\\/el-reino-unido-se-rinde-a-la-evidencia-sin-fibra-total-hasta-2033\\\/#primaryimage\"},\"image\":{\"@id\":\"https:\\\/\\\/www.ugtcomunicaciones.es\\\/wordpress\\\/el-reino-unido-se-rinde-a-la-evidencia-sin-fibra-total-hasta-2033\\\/#primaryimage\"},\"thumbnailUrl\":\"https:\\\/\\\/www.ugtcomunicaciones.es\\\/wordpress\\\/wp-content\\\/uploads\\\/2018\\\/11\\\/el-reino-unido-4-e1542110066514.jpg\",\"datePublished\":\"2018-11-26T05:00:02+00:00\",\"description\":\"El Gobierno brit\u00e1nico comienza a asumir como la falta de pol\u00edticas adecuadas, la ausencia de una regulaci\u00f3n pro-inversora, su equivocada apuesta por el VDSL\",\"breadcrumb\":{\"@id\":\"https:\\\/\\\/www.ugtcomunicaciones.es\\\/wordpress\\\/el-reino-unido-se-rinde-a-la-evidencia-sin-fibra-total-hasta-2033\\\/#breadcrumb\"},\"inLanguage\":\"es\",\"potentialAction\":[{\"@type\":\"ReadAction\",\"target\":[\"https:\\\/\\\/www.ugtcomunicaciones.es\\\/wordpress\\\/el-reino-unido-se-rinde-a-la-evidencia-sin-fibra-total-hasta-2033\\\/\"]}]},{\"@type\":\"ImageObject\",\"inLanguage\":\"es\",\"@id\":\"https:\\\/\\\/www.ugtcomunicaciones.es\\\/wordpress\\\/el-reino-unido-se-rinde-a-la-evidencia-sin-fibra-total-hasta-2033\\\/#primaryimage\",\"url\":\"https:\\\/\\\/www.ugtcomunicaciones.es\\\/wordpress\\\/wp-content\\\/uploads\\\/2018\\\/11\\\/el-reino-unido-4-e1542110066514.jpg\",\"contentUrl\":\"https:\\\/\\\/www.ugtcomunicaciones.es\\\/wordpress\\\/wp-content\\\/uploads\\\/2018\\\/11\\\/el-reino-unido-4-e1542110066514.jpg\",\"width\":400,\"height\":227,\"caption\":\"el reino unido-4\"},{\"@type\":\"BreadcrumbList\",\"@id\":\"https:\\\/\\\/www.ugtcomunicaciones.es\\\/wordpress\\\/el-reino-unido-se-rinde-a-la-evidencia-sin-fibra-total-hasta-2033\\\/#breadcrumb\",\"itemListElement\":[{\"@type\":\"ListItem\",\"position\":1,\"name\":\"Portada\",\"item\":\"https:\\\/\\\/www.ugtcomunicaciones.es\\\/wordpress\\\/\"},{\"@type\":\"ListItem\",\"position\":2,\"name\":\"El Reino Unido se rinde a la evidencia: sin fibra total hasta 2033\"}]},{\"@type\":\"WebSite\",\"@id\":\"https:\\\/\\\/www.ugtcomunicaciones.es\\\/wordpress\\\/#website\",\"url\":\"https:\\\/\\\/www.ugtcomunicaciones.es\\\/wordpress\\\/\",\"name\":\"UGT Comunicaciones\",\"description\":\"Sindicato de Telecomunicaciones\",\"publisher\":{\"@id\":\"https:\\\/\\\/www.ugtcomunicaciones.es\\\/wordpress\\\/#organization\"},\"potentialAction\":[{\"@type\":\"SearchAction\",\"target\":{\"@type\":\"EntryPoint\",\"urlTemplate\":\"https:\\\/\\\/www.ugtcomunicaciones.es\\\/wordpress\\\/?s={search_term_string}\"},\"query-input\":{\"@type\":\"PropertyValueSpecification\",\"valueRequired\":true,\"valueName\":\"search_term_string\"}}],\"inLanguage\":\"es\"},{\"@type\":\"Organization\",\"@id\":\"https:\\\/\\\/www.ugtcomunicaciones.es\\\/wordpress\\\/#organization\",\"name\":\"UGT Comunicaciones\",\"url\":\"https:\\\/\\\/www.ugtcomunicaciones.es\\\/wordpress\\\/\",\"logo\":{\"@type\":\"ImageObject\",\"inLanguage\":\"es\",\"@id\":\"https:\\\/\\\/www.ugtcomunicaciones.es\\\/wordpress\\\/#\\\/schema\\\/logo\\\/image\\\/\",\"url\":\"https:\\\/\\\/www.ugtcomunicaciones.es\\\/wordpress\\\/wp-content\\\/uploads\\\/2024\\\/04\\\/comunicaciones_logo.png\",\"contentUrl\":\"https:\\\/\\\/www.ugtcomunicaciones.es\\\/wordpress\\\/wp-content\\\/uploads\\\/2024\\\/04\\\/comunicaciones_logo.png\",\"width\":298,\"height\":81,\"caption\":\"UGT Comunicaciones\"},\"image\":{\"@id\":\"https:\\\/\\\/www.ugtcomunicaciones.es\\\/wordpress\\\/#\\\/schema\\\/logo\\\/image\\\/\"},\"sameAs\":[\"https:\\\/\\\/www.facebook.com\\\/ugt.comunicaciones\\\/\",\"https:\\\/\\\/x.com\\\/ugtcom\"]},{\"@type\":\"Person\",\"@id\":\"https:\\\/\\\/www.ugtcomunicaciones.es\\\/wordpress\\\/#\\\/schema\\\/person\\\/eba0fc3fe5b444531d94d4368cba89ed\",\"name\":\"UGT\",\"image\":{\"@type\":\"ImageObject\",\"inLanguage\":\"es\",\"@id\":\"https:\\\/\\\/secure.gravatar.com\\\/avatar\\\/2a16057d620a4c646bcfc171c4f23030879ebbdd346f0525bd5d4a564e57e13d?s=96&d=mm&r=g\",\"url\":\"https:\\\/\\\/secure.gravatar.com\\\/avatar\\\/2a16057d620a4c646bcfc171c4f23030879ebbdd346f0525bd5d4a564e57e13d?s=96&d=mm&r=g\",\"contentUrl\":\"https:\\\/\\\/secure.gravatar.com\\\/avatar\\\/2a16057d620a4c646bcfc171c4f23030879ebbdd346f0525bd5d4a564e57e13d?s=96&d=mm&r=g\",\"caption\":\"UGT\"}}]}<\/script>\n<!-- \/ Yoast SEO Premium plugin. -->","yoast_head_json":{"title":"El Reino Unido se rinde a la evidencia: sin fibra total hasta 2033 - UGT Comunicaciones","description":"El Gobierno brit\u00e1nico comienza a asumir como la falta de pol\u00edticas adecuadas, la ausencia de una regulaci\u00f3n pro-inversora, su equivocada apuesta por el VDSL","robots":{"index":"index","follow":"follow","max-snippet":"max-snippet:-1","max-image-preview":"max-image-preview:large","max-video-preview":"max-video-preview:-1"},"canonical":"https:\/\/www.ugtcomunicaciones.es\/wordpress\/el-reino-unido-se-rinde-a-la-evidencia-sin-fibra-total-hasta-2033\/","og_locale":"es_ES","og_type":"article","og_title":"El Reino Unido se rinde a la evidencia: sin fibra total hasta 2033","og_description":"El Gobierno brit\u00e1nico comienza a asumir como la falta de pol\u00edticas adecuadas, la ausencia de una regulaci\u00f3n pro-inversora, su equivocada apuesta por el VDSL","og_url":"https:\/\/www.ugtcomunicaciones.es\/wordpress\/el-reino-unido-se-rinde-a-la-evidencia-sin-fibra-total-hasta-2033\/","og_site_name":"UGT Comunicaciones","article_publisher":"https:\/\/www.facebook.com\/ugt.comunicaciones\/","article_published_time":"2018-11-26T05:00:02+00:00","og_image":[{"width":400,"height":227,"url":"https:\/\/www.ugtcomunicaciones.es\/wordpress\/wp-content\/uploads\/2018\/11\/el-reino-unido-4-e1542110066514.jpg","type":"image\/jpeg"}],"author":"UGT","twitter_card":"summary_large_image","twitter_creator":"@ugtcom","twitter_site":"@ugtcom","twitter_misc":{"Escrito por":"UGT","Tiempo de lectura":"3 minutos"},"schema":{"@context":"https:\/\/schema.org","@graph":[{"@type":"Article","@id":"https:\/\/www.ugtcomunicaciones.es\/wordpress\/el-reino-unido-se-rinde-a-la-evidencia-sin-fibra-total-hasta-2033\/#article","isPartOf":{"@id":"https:\/\/www.ugtcomunicaciones.es\/wordpress\/el-reino-unido-se-rinde-a-la-evidencia-sin-fibra-total-hasta-2033\/"},"author":{"name":"UGT","@id":"https:\/\/www.ugtcomunicaciones.es\/wordpress\/#\/schema\/person\/eba0fc3fe5b444531d94d4368cba89ed"},"headline":"El Reino Unido se rinde a la evidencia: sin fibra total hasta 2033","datePublished":"2018-11-26T05:00:02+00:00","mainEntityOfPage":{"@id":"https:\/\/www.ugtcomunicaciones.es\/wordpress\/el-reino-unido-se-rinde-a-la-evidencia-sin-fibra-total-hasta-2033\/"},"wordCount":556,"publisher":{"@id":"https:\/\/www.ugtcomunicaciones.es\/wordpress\/#organization"},"image":{"@id":"https:\/\/www.ugtcomunicaciones.es\/wordpress\/el-reino-unido-se-rinde-a-la-evidencia-sin-fibra-total-hasta-2033\/#primaryimage"},"thumbnailUrl":"https:\/\/www.ugtcomunicaciones.es\/wordpress\/wp-content\/uploads\/2018\/11\/el-reino-unido-4-e1542110066514.jpg","articleSection":["Opini\u00f3n","Regulaci\u00f3n"],"inLanguage":"es"},{"@type":"WebPage","@id":"https:\/\/www.ugtcomunicaciones.es\/wordpress\/el-reino-unido-se-rinde-a-la-evidencia-sin-fibra-total-hasta-2033\/","url":"https:\/\/www.ugtcomunicaciones.es\/wordpress\/el-reino-unido-se-rinde-a-la-evidencia-sin-fibra-total-hasta-2033\/","name":"El Reino Unido se rinde a la evidencia: sin fibra total hasta 2033 - UGT Comunicaciones","isPartOf":{"@id":"https:\/\/www.ugtcomunicaciones.es\/wordpress\/#website"},"primaryImageOfPage":{"@id":"https:\/\/www.ugtcomunicaciones.es\/wordpress\/el-reino-unido-se-rinde-a-la-evidencia-sin-fibra-total-hasta-2033\/#primaryimage"},"image":{"@id":"https:\/\/www.ugtcomunicaciones.es\/wordpress\/el-reino-unido-se-rinde-a-la-evidencia-sin-fibra-total-hasta-2033\/#primaryimage"},"thumbnailUrl":"https:\/\/www.ugtcomunicaciones.es\/wordpress\/wp-content\/uploads\/2018\/11\/el-reino-unido-4-e1542110066514.jpg","datePublished":"2018-11-26T05:00:02+00:00","description":"El Gobierno brit\u00e1nico comienza a asumir como la falta de pol\u00edticas adecuadas, la ausencia de una regulaci\u00f3n pro-inversora, su equivocada apuesta por el VDSL","breadcrumb":{"@id":"https:\/\/www.ugtcomunicaciones.es\/wordpress\/el-reino-unido-se-rinde-a-la-evidencia-sin-fibra-total-hasta-2033\/#breadcrumb"},"inLanguage":"es","potentialAction":[{"@type":"ReadAction","target":["https:\/\/www.ugtcomunicaciones.es\/wordpress\/el-reino-unido-se-rinde-a-la-evidencia-sin-fibra-total-hasta-2033\/"]}]},{"@type":"ImageObject","inLanguage":"es","@id":"https:\/\/www.ugtcomunicaciones.es\/wordpress\/el-reino-unido-se-rinde-a-la-evidencia-sin-fibra-total-hasta-2033\/#primaryimage","url":"https:\/\/www.ugtcomunicaciones.es\/wordpress\/wp-content\/uploads\/2018\/11\/el-reino-unido-4-e1542110066514.jpg","contentUrl":"https:\/\/www.ugtcomunicaciones.es\/wordpress\/wp-content\/uploads\/2018\/11\/el-reino-unido-4-e1542110066514.jpg","width":400,"height":227,"caption":"el reino unido-4"},{"@type":"BreadcrumbList","@id":"https:\/\/www.ugtcomunicaciones.es\/wordpress\/el-reino-unido-se-rinde-a-la-evidencia-sin-fibra-total-hasta-2033\/#breadcrumb","itemListElement":[{"@type":"ListItem","position":1,"name":"Portada","item":"https:\/\/www.ugtcomunicaciones.es\/wordpress\/"},{"@type":"ListItem","position":2,"name":"El Reino Unido se rinde a la evidencia: sin fibra total hasta 2033"}]},{"@type":"WebSite","@id":"https:\/\/www.ugtcomunicaciones.es\/wordpress\/#website","url":"https:\/\/www.ugtcomunicaciones.es\/wordpress\/","name":"UGT Comunicaciones","description":"Sindicato de Telecomunicaciones","publisher":{"@id":"https:\/\/www.ugtcomunicaciones.es\/wordpress\/#organization"},"potentialAction":[{"@type":"SearchAction","target":{"@type":"EntryPoint","urlTemplate":"https:\/\/www.ugtcomunicaciones.es\/wordpress\/?s={search_term_string}"},"query-input":{"@type":"PropertyValueSpecification","valueRequired":true,"valueName":"search_term_string"}}],"inLanguage":"es"},{"@type":"Organization","@id":"https:\/\/www.ugtcomunicaciones.es\/wordpress\/#organization","name":"UGT Comunicaciones","url":"https:\/\/www.ugtcomunicaciones.es\/wordpress\/","logo":{"@type":"ImageObject","inLanguage":"es","@id":"https:\/\/www.ugtcomunicaciones.es\/wordpress\/#\/schema\/logo\/image\/","url":"https:\/\/www.ugtcomunicaciones.es\/wordpress\/wp-content\/uploads\/2024\/04\/comunicaciones_logo.png","contentUrl":"https:\/\/www.ugtcomunicaciones.es\/wordpress\/wp-content\/uploads\/2024\/04\/comunicaciones_logo.png","width":298,"height":81,"caption":"UGT Comunicaciones"},"image":{"@id":"https:\/\/www.ugtcomunicaciones.es\/wordpress\/#\/schema\/logo\/image\/"},"sameAs":["https:\/\/www.facebook.com\/ugt.comunicaciones\/","https:\/\/x.com\/ugtcom"]},{"@type":"Person","@id":"https:\/\/www.ugtcomunicaciones.es\/wordpress\/#\/schema\/person\/eba0fc3fe5b444531d94d4368cba89ed","name":"UGT","image":{"@type":"ImageObject","inLanguage":"es","@id":"https:\/\/secure.gravatar.com\/avatar\/2a16057d620a4c646bcfc171c4f23030879ebbdd346f0525bd5d4a564e57e13d?s=96&d=mm&r=g","url":"https:\/\/secure.gravatar.com\/avatar\/2a16057d620a4c646bcfc171c4f23030879ebbdd346f0525bd5d4a564e57e13d?s=96&d=mm&r=g","contentUrl":"https:\/\/secure.gravatar.com\/avatar\/2a16057d620a4c646bcfc171c4f23030879ebbdd346f0525bd5d4a564e57e13d?s=96&d=mm&r=g","caption":"UGT"}}]}},"_links":{"self":[{"href":"https:\/\/www.ugtcomunicaciones.es\/wordpress\/wp-json\/wp\/v2\/posts\/241585","targetHints":{"allow":["GET"]}}],"collection":[{"href":"https:\/\/www.ugtcomunicaciones.es\/wordpress\/wp-json\/wp\/v2\/posts"}],"about":[{"href":"https:\/\/www.ugtcomunicaciones.es\/wordpress\/wp-json\/wp\/v2\/types\/post"}],"author":[{"embeddable":true,"href":"https:\/\/www.ugtcomunicaciones.es\/wordpress\/wp-json\/wp\/v2\/users\/3"}],"replies":[{"embeddable":true,"href":"https:\/\/www.ugtcomunicaciones.es\/wordpress\/wp-json\/wp\/v2\/comments?post=241585"}],"version-history":[{"count":0,"href":"https:\/\/www.ugtcomunicaciones.es\/wordpress\/wp-json\/wp\/v2\/posts\/241585\/revisions"}],"wp:featuredmedia":[{"embeddable":true,"href":"https:\/\/www.ugtcomunicaciones.es\/wordpress\/wp-json\/wp\/v2\/media\/241635"}],"wp:attachment":[{"href":"https:\/\/www.ugtcomunicaciones.es\/wordpress\/wp-json\/wp\/v2\/media?parent=241585"}],"wp:term":[{"taxonomy":"category","embeddable":true,"href":"https:\/\/www.ugtcomunicaciones.es\/wordpress\/wp-json\/wp\/v2\/categories?post=241585"},{"taxonomy":"post_tag","embeddable":true,"href":"https:\/\/www.ugtcomunicaciones.es\/wordpress\/wp-json\/wp\/v2\/tags?post=241585"}],"curies":[{"name":"wp","href":"https:\/\/api.w.org\/{rel}","templated":true}]}}