{"id":241599,"date":"2018-11-08T13:40:23","date_gmt":"2018-11-08T11:40:23","guid":{"rendered":"http:\/\/ugtcomunicaciones.es\/wordpress\/?p=241599"},"modified":"2018-11-13T13:05:17","modified_gmt":"2018-11-13T11:05:17","slug":"telefonica-comunica-a-la-cnmv-la-venta-de-antares-a-catalana-occidente","status":"publish","type":"post","link":"https:\/\/www.ugtcomunicaciones.es\/wordpress\/telefonica-comunica-a-la-cnmv-la-venta-de-antares-a-catalana-occidente\/","title":{"rendered":"Telef\u00f3nica comunica a la CNMV la venta de Antares a Catalana Occidente"},"content":{"rendered":"\n<figure class=\"wp-block-image\"><img decoding=\"async\" width=\"640\" height=\"270\" data-src=\"http:\/\/ugtcomunicaciones.es\/wordpress\/wp-content\/uploads\/2018\/11\/catalana_occ.jpg\" alt=\"\" class=\"wp-image-241600 lazyload\" data-srcset=\"https:\/\/www.ugtcomunicaciones.es\/wordpress\/wp-content\/uploads\/2018\/11\/catalana_occ.jpg 640w, https:\/\/www.ugtcomunicaciones.es\/wordpress\/wp-content\/uploads\/2018\/11\/catalana_occ-300x127.jpg 300w\" data-sizes=\"(max-width: 640px) 100vw, 640px\" src=\"data:image\/svg+xml;base64,PHN2ZyB3aWR0aD0iMSIgaGVpZ2h0PSIxIiB4bWxucz0iaHR0cDovL3d3dy53My5vcmcvMjAwMC9zdmciPjwvc3ZnPg==\" style=\"--smush-placeholder-width: 640px; --smush-placeholder-aspect-ratio: 640\/270;\" \/><\/figure>\n\n\n\n<p class=\"justificado\">La  Empresa, tras manejar varios posibles compradores, ha optado       \n      finalmente por  vender Antares a la aseguradora <strong>Catalana        \n      Occidente<\/strong>, hecho que ha comunicado a la Comisi\u00f3n Nacional del     \n        Mercado de  Valores (CNMV) hoy mismo, al tratarse de una empresa \n      cotizada       en bolsa.<br><br> Telef\u00f3nica&nbsp; ha optado por Catalana \n      Occidente        principalmente por <strong>su reputada solvencia  y su \n      larga tradici\u00f3n en       el sector<\/strong>. <br><br> Recordemos  que, una \n      vez conocidas las       intenciones de Telef\u00f3nica de desprenderse de  \n      Antares ,<strong>UGT<\/strong>ha mantenido distintos contactos con la direcci\u00f3n a fin de       \n      trasladar nuestra  visi\u00f3n sobre los aspectos de la venta que, m\u00e1s all\u00e1 de  \n           su dimensi\u00f3n financiera,  ten\u00eda que cumplir una serie de requisitos \n      que        <strong>garantizasen las prestaciones que en materia de salud y \n      seguros       ven\u00eda  prest\u00e1ndonos Antares<\/strong>.<br><br> As\u00ed, exigimos \n      a Telef\u00f3nica       que la nueva aseguradora  deb\u00eda garantizar <strong>las \n      prestaciones,&nbsp;        atenci\u00f3n, servicios y coberturas m\u00e9dicas, \n      respetando estrictamente las        condiciones de las p\u00f3lizas<\/strong> \n      existentes y, en todo caso, establecer        <strong>la  posibilidad de \n      mejoras<\/strong> que hist\u00f3ricamente venimos       demandando, \n      reivindicando  que en los distintos contactos con las       diferentes \n      aseguradoras se  trasladase a cada posible comprador nuestro       inter\u00e9s \n      en <strong>mantener intactos<\/strong> <strong>los derechos        \n      <\/strong>y <strong>atender las necesidades y expectativas de los       \n      trabajadores y  trabajadoras<\/strong> respecto <strong>a las coberturas    \n         que hoy disfrutamos y de las que  aspiramos a alcanzar en el       \n      futuro.<\/strong><br><br> A ese respecto, Telef\u00f3nica nos ha informado que   \n          nuestras  reivindicaciones est\u00e1n asumidas&nbsp; y  garantizadas, de \n      forma       que<strong> todas las  p\u00f3lizas se mantienen en los mismos \n      t\u00e9rminos y       condiciones existentes<\/strong>, tanto  para los actuales \n      activos como       para quienes se acogieron es su d\u00eda a PSI u  otros \n      planes de       desvinculaci\u00f3n voluntaria, solventando adem\u00e1s los \n      problemas  derivados de       la dispersi\u00f3n geogr\u00e1fica,&nbsp;  al aumentar \n      considerablemente el n\u00famero       de cuadros m\u00e9dicos disponibles.<\/p>\n\n\n\n<p class=\"justificado\">Desde<strong> UGT<\/strong><strong> hemos   \n          exigido<\/strong> una cl\u00e1usula por la que las <strong>tres p\u00f3lizas      \n       derivadas del Seguro de Sueldo se puedan trasladar a otras        \n      compa\u00f1\u00edas<\/strong>, si as\u00ed lo consideramos, sin ninguna       \n      penalizaci\u00f3n.&nbsp;<br><br>      Ante nuestra insistencia, se gestionar\u00e1   \n           <strong>un tiempo de transici\u00f3n, con el mismo funcionamiento<\/strong> \n      al       actual,  hasta el pleno funcionamiento del servicio de la nueva   \n          aseguradora.&nbsp;<\/p>\n\n\n\n<p class=\"justificado\">Tras la comunicaci\u00f3n del  hecho relevante a la CNMV, la compra tendr\u00e1   \n          que <strong>ser autorizada tanto por el Regulador como por la \n      Direcci\u00f3n de       Seguros<\/strong>,  por lo que la operaci\u00f3n no concluir\u00e1 \n      inmediatamente. En       todo caso, para<strong> \n      UGT<\/strong>, sin       entrar a valorar la idoneidad u oportunidad \n      de la venta, lo        verdaderamente importante es que, en virtud de los \n      acuerdos colectivos y       de  nuestra vigilancia de los mismos, est\u00e1n \n      garantizados <strong>los       derechos adquiridos  por los trabajadores y \n      trabajadoras, se mantienen las       mismas garant\u00edas y  coberturas \n      actuales y se posibilita su mejora y       ampliaci\u00f3n futuras<\/strong>, lo \n      que  sin duda redundar\u00e1 en una mejor salud       y progreso de los \n      trabajadores y  trabajadoras. <\/p>\n\n\n\n<h3 style=\"text-align: right;\"><strong><span style=\"color: #ff0000;\">UGT<\/span> Comunicaciones<\/strong><br><strong>Sector Estatal<\/strong><\/h3>\n","protected":false},"excerpt":{"rendered":"<p>La Empresa, tras manejar varios posibles compradores, ha optado finalmente por vender Antares a la aseguradora Catalana Occidente, hecho que ha comunicado a la Comisi\u00f3n Nacional del Mercado de Valores (CNMV) hoy mismo, al tratarse de una empresa cotizada en bolsa. Telef\u00f3nica&nbsp; ha optado por Catalana Occidente principalmente por su reputada solvencia y su larga [&hellip;]<\/p>\n","protected":false},"author":3,"featured_media":241600,"comment_status":"closed","ping_status":"closed","sticky":false,"template":"","format":"standard","meta":{"footnotes":""},"categories":[8,25,7,26,31,37],"tags":[],"class_list":["post-241599","post","type-post","status-publish","format-standard","has-post-thumbnail","hentry","category-telefonica-cev","category-telefonica","category-telefonica-moviles","category-telefonica-soluciones","category-telyco","category-telyco-telyco"],"yoast_head":"<!-- This site is optimized with the Yoast SEO Premium plugin v27.3 (Yoast SEO v27.4) - https:\/\/yoast.com\/product\/yoast-seo-premium-wordpress\/ -->\n<title>Telef\u00f3nica comunica a la CNMV la venta de Antares a Catalana Occidente - UGT Comunicaciones<\/title>\n<meta name=\"robots\" content=\"index, follow, max-snippet:-1, max-image-preview:large, max-video-preview:-1\" \/>\n<link rel=\"canonical\" href=\"https:\/\/www.ugtcomunicaciones.es\/wordpress\/telefonica-comunica-a-la-cnmv-la-venta-de-antares-a-catalana-occidente\/\" \/>\n<meta property=\"og:locale\" content=\"es_ES\" \/>\n<meta property=\"og:type\" content=\"article\" \/>\n<meta property=\"og:title\" content=\"Telef\u00f3nica comunica a la CNMV la venta de Antares a Catalana Occidente\" \/>\n<meta property=\"og:description\" content=\"La Empresa, tras manejar varios posibles compradores, ha optado finalmente por vender Antares a la aseguradora Catalana Occidente, hecho que ha comunicado a la Comisi\u00f3n Nacional del Mercado de Valores (CNMV) hoy mismo, al tratarse de una empresa cotizada en bolsa. Telef\u00f3nica&nbsp; ha optado por Catalana Occidente principalmente por su reputada solvencia y su larga [&hellip;]\" \/>\n<meta property=\"og:url\" content=\"https:\/\/www.ugtcomunicaciones.es\/wordpress\/telefonica-comunica-a-la-cnmv-la-venta-de-antares-a-catalana-occidente\/\" \/>\n<meta property=\"og:site_name\" content=\"UGT Comunicaciones\" \/>\n<meta property=\"article:publisher\" content=\"https:\/\/www.facebook.com\/ugt.comunicaciones\/\" \/>\n<meta property=\"article:published_time\" content=\"2018-11-08T11:40:23+00:00\" \/>\n<meta property=\"article:modified_time\" content=\"2018-11-13T11:05:17+00:00\" \/>\n<meta property=\"og:image\" content=\"https:\/\/www.ugtcomunicaciones.es\/wordpress\/wp-content\/uploads\/2018\/11\/catalana_occ.jpg\" \/>\n\t<meta property=\"og:image:width\" content=\"640\" \/>\n\t<meta property=\"og:image:height\" content=\"270\" \/>\n\t<meta property=\"og:image:type\" content=\"image\/jpeg\" \/>\n<meta name=\"author\" content=\"UGT\" \/>\n<meta name=\"twitter:card\" content=\"summary_large_image\" \/>\n<meta name=\"twitter:creator\" content=\"@ugtcom\" \/>\n<meta name=\"twitter:site\" content=\"@ugtcom\" \/>\n<meta name=\"twitter:label1\" content=\"Escrito por\" \/>\n\t<meta name=\"twitter:data1\" content=\"UGT\" \/>\n\t<meta name=\"twitter:label2\" content=\"Tiempo de lectura\" \/>\n\t<meta name=\"twitter:data2\" content=\"2 minutos\" \/>\n<script type=\"application\/ld+json\" class=\"yoast-schema-graph\">{\"@context\":\"https:\\\/\\\/schema.org\",\"@graph\":[{\"@type\":\"Article\",\"@id\":\"https:\\\/\\\/www.ugtcomunicaciones.es\\\/wordpress\\\/telefonica-comunica-a-la-cnmv-la-venta-de-antares-a-catalana-occidente\\\/#article\",\"isPartOf\":{\"@id\":\"https:\\\/\\\/www.ugtcomunicaciones.es\\\/wordpress\\\/telefonica-comunica-a-la-cnmv-la-venta-de-antares-a-catalana-occidente\\\/\"},\"author\":{\"name\":\"UGT\",\"@id\":\"https:\\\/\\\/www.ugtcomunicaciones.es\\\/wordpress\\\/#\\\/schema\\\/person\\\/eba0fc3fe5b444531d94d4368cba89ed\"},\"headline\":\"Telef\u00f3nica comunica a la CNMV la venta de Antares a Catalana Occidente\",\"datePublished\":\"2018-11-08T11:40:23+00:00\",\"dateModified\":\"2018-11-13T11:05:17+00:00\",\"mainEntityOfPage\":{\"@id\":\"https:\\\/\\\/www.ugtcomunicaciones.es\\\/wordpress\\\/telefonica-comunica-a-la-cnmv-la-venta-de-antares-a-catalana-occidente\\\/\"},\"wordCount\":499,\"publisher\":{\"@id\":\"https:\\\/\\\/www.ugtcomunicaciones.es\\\/wordpress\\\/#organization\"},\"image\":{\"@id\":\"https:\\\/\\\/www.ugtcomunicaciones.es\\\/wordpress\\\/telefonica-comunica-a-la-cnmv-la-venta-de-antares-a-catalana-occidente\\\/#primaryimage\"},\"thumbnailUrl\":\"https:\\\/\\\/www.ugtcomunicaciones.es\\\/wordpress\\\/wp-content\\\/uploads\\\/2018\\\/11\\\/catalana_occ.jpg\",\"articleSection\":[\"Telef\u00f3nica CEV\",\"Telef\u00f3nica de Espa\u00f1a\",\"Telef\u00f3nica M\u00f3viles\",\"Telef\u00f3nica Soluciones\",\"Telyco\",\"Telyco\"],\"inLanguage\":\"es\"},{\"@type\":\"WebPage\",\"@id\":\"https:\\\/\\\/www.ugtcomunicaciones.es\\\/wordpress\\\/telefonica-comunica-a-la-cnmv-la-venta-de-antares-a-catalana-occidente\\\/\",\"url\":\"https:\\\/\\\/www.ugtcomunicaciones.es\\\/wordpress\\\/telefonica-comunica-a-la-cnmv-la-venta-de-antares-a-catalana-occidente\\\/\",\"name\":\"Telef\u00f3nica comunica a la CNMV la venta de Antares a Catalana Occidente - UGT Comunicaciones\",\"isPartOf\":{\"@id\":\"https:\\\/\\\/www.ugtcomunicaciones.es\\\/wordpress\\\/#website\"},\"primaryImageOfPage\":{\"@id\":\"https:\\\/\\\/www.ugtcomunicaciones.es\\\/wordpress\\\/telefonica-comunica-a-la-cnmv-la-venta-de-antares-a-catalana-occidente\\\/#primaryimage\"},\"image\":{\"@id\":\"https:\\\/\\\/www.ugtcomunicaciones.es\\\/wordpress\\\/telefonica-comunica-a-la-cnmv-la-venta-de-antares-a-catalana-occidente\\\/#primaryimage\"},\"thumbnailUrl\":\"https:\\\/\\\/www.ugtcomunicaciones.es\\\/wordpress\\\/wp-content\\\/uploads\\\/2018\\\/11\\\/catalana_occ.jpg\",\"datePublished\":\"2018-11-08T11:40:23+00:00\",\"dateModified\":\"2018-11-13T11:05:17+00:00\",\"breadcrumb\":{\"@id\":\"https:\\\/\\\/www.ugtcomunicaciones.es\\\/wordpress\\\/telefonica-comunica-a-la-cnmv-la-venta-de-antares-a-catalana-occidente\\\/#breadcrumb\"},\"inLanguage\":\"es\",\"potentialAction\":[{\"@type\":\"ReadAction\",\"target\":[\"https:\\\/\\\/www.ugtcomunicaciones.es\\\/wordpress\\\/telefonica-comunica-a-la-cnmv-la-venta-de-antares-a-catalana-occidente\\\/\"]}]},{\"@type\":\"ImageObject\",\"inLanguage\":\"es\",\"@id\":\"https:\\\/\\\/www.ugtcomunicaciones.es\\\/wordpress\\\/telefonica-comunica-a-la-cnmv-la-venta-de-antares-a-catalana-occidente\\\/#primaryimage\",\"url\":\"https:\\\/\\\/www.ugtcomunicaciones.es\\\/wordpress\\\/wp-content\\\/uploads\\\/2018\\\/11\\\/catalana_occ.jpg\",\"contentUrl\":\"https:\\\/\\\/www.ugtcomunicaciones.es\\\/wordpress\\\/wp-content\\\/uploads\\\/2018\\\/11\\\/catalana_occ.jpg\",\"width\":640,\"height\":270},{\"@type\":\"BreadcrumbList\",\"@id\":\"https:\\\/\\\/www.ugtcomunicaciones.es\\\/wordpress\\\/telefonica-comunica-a-la-cnmv-la-venta-de-antares-a-catalana-occidente\\\/#breadcrumb\",\"itemListElement\":[{\"@type\":\"ListItem\",\"position\":1,\"name\":\"Portada\",\"item\":\"https:\\\/\\\/www.ugtcomunicaciones.es\\\/wordpress\\\/\"},{\"@type\":\"ListItem\",\"position\":2,\"name\":\"Telef\u00f3nica comunica a la CNMV la venta de Antares a Catalana Occidente\"}]},{\"@type\":\"WebSite\",\"@id\":\"https:\\\/\\\/www.ugtcomunicaciones.es\\\/wordpress\\\/#website\",\"url\":\"https:\\\/\\\/www.ugtcomunicaciones.es\\\/wordpress\\\/\",\"name\":\"UGT Comunicaciones\",\"description\":\"Sindicato de Telecomunicaciones\",\"publisher\":{\"@id\":\"https:\\\/\\\/www.ugtcomunicaciones.es\\\/wordpress\\\/#organization\"},\"potentialAction\":[{\"@type\":\"SearchAction\",\"target\":{\"@type\":\"EntryPoint\",\"urlTemplate\":\"https:\\\/\\\/www.ugtcomunicaciones.es\\\/wordpress\\\/?s={search_term_string}\"},\"query-input\":{\"@type\":\"PropertyValueSpecification\",\"valueRequired\":true,\"valueName\":\"search_term_string\"}}],\"inLanguage\":\"es\"},{\"@type\":\"Organization\",\"@id\":\"https:\\\/\\\/www.ugtcomunicaciones.es\\\/wordpress\\\/#organization\",\"name\":\"UGT Comunicaciones\",\"url\":\"https:\\\/\\\/www.ugtcomunicaciones.es\\\/wordpress\\\/\",\"logo\":{\"@type\":\"ImageObject\",\"inLanguage\":\"es\",\"@id\":\"https:\\\/\\\/www.ugtcomunicaciones.es\\\/wordpress\\\/#\\\/schema\\\/logo\\\/image\\\/\",\"url\":\"https:\\\/\\\/www.ugtcomunicaciones.es\\\/wordpress\\\/wp-content\\\/uploads\\\/2024\\\/04\\\/comunicaciones_logo.png\",\"contentUrl\":\"https:\\\/\\\/www.ugtcomunicaciones.es\\\/wordpress\\\/wp-content\\\/uploads\\\/2024\\\/04\\\/comunicaciones_logo.png\",\"width\":298,\"height\":81,\"caption\":\"UGT Comunicaciones\"},\"image\":{\"@id\":\"https:\\\/\\\/www.ugtcomunicaciones.es\\\/wordpress\\\/#\\\/schema\\\/logo\\\/image\\\/\"},\"sameAs\":[\"https:\\\/\\\/www.facebook.com\\\/ugt.comunicaciones\\\/\",\"https:\\\/\\\/x.com\\\/ugtcom\"]},{\"@type\":\"Person\",\"@id\":\"https:\\\/\\\/www.ugtcomunicaciones.es\\\/wordpress\\\/#\\\/schema\\\/person\\\/eba0fc3fe5b444531d94d4368cba89ed\",\"name\":\"UGT\",\"image\":{\"@type\":\"ImageObject\",\"inLanguage\":\"es\",\"@id\":\"https:\\\/\\\/secure.gravatar.com\\\/avatar\\\/2a16057d620a4c646bcfc171c4f23030879ebbdd346f0525bd5d4a564e57e13d?s=96&d=mm&r=g\",\"url\":\"https:\\\/\\\/secure.gravatar.com\\\/avatar\\\/2a16057d620a4c646bcfc171c4f23030879ebbdd346f0525bd5d4a564e57e13d?s=96&d=mm&r=g\",\"contentUrl\":\"https:\\\/\\\/secure.gravatar.com\\\/avatar\\\/2a16057d620a4c646bcfc171c4f23030879ebbdd346f0525bd5d4a564e57e13d?s=96&d=mm&r=g\",\"caption\":\"UGT\"}}]}<\/script>\n<!-- \/ Yoast SEO Premium plugin. -->","yoast_head_json":{"title":"Telef\u00f3nica comunica a la CNMV la venta de Antares a Catalana Occidente - UGT Comunicaciones","robots":{"index":"index","follow":"follow","max-snippet":"max-snippet:-1","max-image-preview":"max-image-preview:large","max-video-preview":"max-video-preview:-1"},"canonical":"https:\/\/www.ugtcomunicaciones.es\/wordpress\/telefonica-comunica-a-la-cnmv-la-venta-de-antares-a-catalana-occidente\/","og_locale":"es_ES","og_type":"article","og_title":"Telef\u00f3nica comunica a la CNMV la venta de Antares a Catalana Occidente","og_description":"La Empresa, tras manejar varios posibles compradores, ha optado finalmente por vender Antares a la aseguradora Catalana Occidente, hecho que ha comunicado a la Comisi\u00f3n Nacional del Mercado de Valores (CNMV) hoy mismo, al tratarse de una empresa cotizada en bolsa. Telef\u00f3nica&nbsp; ha optado por Catalana Occidente principalmente por su reputada solvencia y su larga [&hellip;]","og_url":"https:\/\/www.ugtcomunicaciones.es\/wordpress\/telefonica-comunica-a-la-cnmv-la-venta-de-antares-a-catalana-occidente\/","og_site_name":"UGT Comunicaciones","article_publisher":"https:\/\/www.facebook.com\/ugt.comunicaciones\/","article_published_time":"2018-11-08T11:40:23+00:00","article_modified_time":"2018-11-13T11:05:17+00:00","og_image":[{"width":640,"height":270,"url":"https:\/\/www.ugtcomunicaciones.es\/wordpress\/wp-content\/uploads\/2018\/11\/catalana_occ.jpg","type":"image\/jpeg"}],"author":"UGT","twitter_card":"summary_large_image","twitter_creator":"@ugtcom","twitter_site":"@ugtcom","twitter_misc":{"Escrito por":"UGT","Tiempo de lectura":"2 minutos"},"schema":{"@context":"https:\/\/schema.org","@graph":[{"@type":"Article","@id":"https:\/\/www.ugtcomunicaciones.es\/wordpress\/telefonica-comunica-a-la-cnmv-la-venta-de-antares-a-catalana-occidente\/#article","isPartOf":{"@id":"https:\/\/www.ugtcomunicaciones.es\/wordpress\/telefonica-comunica-a-la-cnmv-la-venta-de-antares-a-catalana-occidente\/"},"author":{"name":"UGT","@id":"https:\/\/www.ugtcomunicaciones.es\/wordpress\/#\/schema\/person\/eba0fc3fe5b444531d94d4368cba89ed"},"headline":"Telef\u00f3nica comunica a la CNMV la venta de Antares a Catalana Occidente","datePublished":"2018-11-08T11:40:23+00:00","dateModified":"2018-11-13T11:05:17+00:00","mainEntityOfPage":{"@id":"https:\/\/www.ugtcomunicaciones.es\/wordpress\/telefonica-comunica-a-la-cnmv-la-venta-de-antares-a-catalana-occidente\/"},"wordCount":499,"publisher":{"@id":"https:\/\/www.ugtcomunicaciones.es\/wordpress\/#organization"},"image":{"@id":"https:\/\/www.ugtcomunicaciones.es\/wordpress\/telefonica-comunica-a-la-cnmv-la-venta-de-antares-a-catalana-occidente\/#primaryimage"},"thumbnailUrl":"https:\/\/www.ugtcomunicaciones.es\/wordpress\/wp-content\/uploads\/2018\/11\/catalana_occ.jpg","articleSection":["Telef\u00f3nica CEV","Telef\u00f3nica de Espa\u00f1a","Telef\u00f3nica M\u00f3viles","Telef\u00f3nica Soluciones","Telyco","Telyco"],"inLanguage":"es"},{"@type":"WebPage","@id":"https:\/\/www.ugtcomunicaciones.es\/wordpress\/telefonica-comunica-a-la-cnmv-la-venta-de-antares-a-catalana-occidente\/","url":"https:\/\/www.ugtcomunicaciones.es\/wordpress\/telefonica-comunica-a-la-cnmv-la-venta-de-antares-a-catalana-occidente\/","name":"Telef\u00f3nica comunica a la CNMV la venta de Antares a Catalana Occidente - UGT Comunicaciones","isPartOf":{"@id":"https:\/\/www.ugtcomunicaciones.es\/wordpress\/#website"},"primaryImageOfPage":{"@id":"https:\/\/www.ugtcomunicaciones.es\/wordpress\/telefonica-comunica-a-la-cnmv-la-venta-de-antares-a-catalana-occidente\/#primaryimage"},"image":{"@id":"https:\/\/www.ugtcomunicaciones.es\/wordpress\/telefonica-comunica-a-la-cnmv-la-venta-de-antares-a-catalana-occidente\/#primaryimage"},"thumbnailUrl":"https:\/\/www.ugtcomunicaciones.es\/wordpress\/wp-content\/uploads\/2018\/11\/catalana_occ.jpg","datePublished":"2018-11-08T11:40:23+00:00","dateModified":"2018-11-13T11:05:17+00:00","breadcrumb":{"@id":"https:\/\/www.ugtcomunicaciones.es\/wordpress\/telefonica-comunica-a-la-cnmv-la-venta-de-antares-a-catalana-occidente\/#breadcrumb"},"inLanguage":"es","potentialAction":[{"@type":"ReadAction","target":["https:\/\/www.ugtcomunicaciones.es\/wordpress\/telefonica-comunica-a-la-cnmv-la-venta-de-antares-a-catalana-occidente\/"]}]},{"@type":"ImageObject","inLanguage":"es","@id":"https:\/\/www.ugtcomunicaciones.es\/wordpress\/telefonica-comunica-a-la-cnmv-la-venta-de-antares-a-catalana-occidente\/#primaryimage","url":"https:\/\/www.ugtcomunicaciones.es\/wordpress\/wp-content\/uploads\/2018\/11\/catalana_occ.jpg","contentUrl":"https:\/\/www.ugtcomunicaciones.es\/wordpress\/wp-content\/uploads\/2018\/11\/catalana_occ.jpg","width":640,"height":270},{"@type":"BreadcrumbList","@id":"https:\/\/www.ugtcomunicaciones.es\/wordpress\/telefonica-comunica-a-la-cnmv-la-venta-de-antares-a-catalana-occidente\/#breadcrumb","itemListElement":[{"@type":"ListItem","position":1,"name":"Portada","item":"https:\/\/www.ugtcomunicaciones.es\/wordpress\/"},{"@type":"ListItem","position":2,"name":"Telef\u00f3nica comunica a la CNMV la venta de Antares a Catalana Occidente"}]},{"@type":"WebSite","@id":"https:\/\/www.ugtcomunicaciones.es\/wordpress\/#website","url":"https:\/\/www.ugtcomunicaciones.es\/wordpress\/","name":"UGT Comunicaciones","description":"Sindicato de Telecomunicaciones","publisher":{"@id":"https:\/\/www.ugtcomunicaciones.es\/wordpress\/#organization"},"potentialAction":[{"@type":"SearchAction","target":{"@type":"EntryPoint","urlTemplate":"https:\/\/www.ugtcomunicaciones.es\/wordpress\/?s={search_term_string}"},"query-input":{"@type":"PropertyValueSpecification","valueRequired":true,"valueName":"search_term_string"}}],"inLanguage":"es"},{"@type":"Organization","@id":"https:\/\/www.ugtcomunicaciones.es\/wordpress\/#organization","name":"UGT Comunicaciones","url":"https:\/\/www.ugtcomunicaciones.es\/wordpress\/","logo":{"@type":"ImageObject","inLanguage":"es","@id":"https:\/\/www.ugtcomunicaciones.es\/wordpress\/#\/schema\/logo\/image\/","url":"https:\/\/www.ugtcomunicaciones.es\/wordpress\/wp-content\/uploads\/2024\/04\/comunicaciones_logo.png","contentUrl":"https:\/\/www.ugtcomunicaciones.es\/wordpress\/wp-content\/uploads\/2024\/04\/comunicaciones_logo.png","width":298,"height":81,"caption":"UGT Comunicaciones"},"image":{"@id":"https:\/\/www.ugtcomunicaciones.es\/wordpress\/#\/schema\/logo\/image\/"},"sameAs":["https:\/\/www.facebook.com\/ugt.comunicaciones\/","https:\/\/x.com\/ugtcom"]},{"@type":"Person","@id":"https:\/\/www.ugtcomunicaciones.es\/wordpress\/#\/schema\/person\/eba0fc3fe5b444531d94d4368cba89ed","name":"UGT","image":{"@type":"ImageObject","inLanguage":"es","@id":"https:\/\/secure.gravatar.com\/avatar\/2a16057d620a4c646bcfc171c4f23030879ebbdd346f0525bd5d4a564e57e13d?s=96&d=mm&r=g","url":"https:\/\/secure.gravatar.com\/avatar\/2a16057d620a4c646bcfc171c4f23030879ebbdd346f0525bd5d4a564e57e13d?s=96&d=mm&r=g","contentUrl":"https:\/\/secure.gravatar.com\/avatar\/2a16057d620a4c646bcfc171c4f23030879ebbdd346f0525bd5d4a564e57e13d?s=96&d=mm&r=g","caption":"UGT"}}]}},"_links":{"self":[{"href":"https:\/\/www.ugtcomunicaciones.es\/wordpress\/wp-json\/wp\/v2\/posts\/241599","targetHints":{"allow":["GET"]}}],"collection":[{"href":"https:\/\/www.ugtcomunicaciones.es\/wordpress\/wp-json\/wp\/v2\/posts"}],"about":[{"href":"https:\/\/www.ugtcomunicaciones.es\/wordpress\/wp-json\/wp\/v2\/types\/post"}],"author":[{"embeddable":true,"href":"https:\/\/www.ugtcomunicaciones.es\/wordpress\/wp-json\/wp\/v2\/users\/3"}],"replies":[{"embeddable":true,"href":"https:\/\/www.ugtcomunicaciones.es\/wordpress\/wp-json\/wp\/v2\/comments?post=241599"}],"version-history":[{"count":0,"href":"https:\/\/www.ugtcomunicaciones.es\/wordpress\/wp-json\/wp\/v2\/posts\/241599\/revisions"}],"wp:featuredmedia":[{"embeddable":true,"href":"https:\/\/www.ugtcomunicaciones.es\/wordpress\/wp-json\/wp\/v2\/media\/241600"}],"wp:attachment":[{"href":"https:\/\/www.ugtcomunicaciones.es\/wordpress\/wp-json\/wp\/v2\/media?parent=241599"}],"wp:term":[{"taxonomy":"category","embeddable":true,"href":"https:\/\/www.ugtcomunicaciones.es\/wordpress\/wp-json\/wp\/v2\/categories?post=241599"},{"taxonomy":"post_tag","embeddable":true,"href":"https:\/\/www.ugtcomunicaciones.es\/wordpress\/wp-json\/wp\/v2\/tags?post=241599"}],"curies":[{"name":"wp","href":"https:\/\/api.w.org\/{rel}","templated":true}]}}