{"id":241687,"date":"2018-11-26T07:00:45","date_gmt":"2018-11-26T05:00:45","guid":{"rendered":"http:\/\/ugtcomunicaciones.es\/wordpress\/?p=241687"},"modified":"2018-11-13T15:29:56","modified_gmt":"2018-11-13T13:29:56","slug":"state-of-broadband-2018","status":"publish","type":"post","link":"https:\/\/www.ugtcomunicaciones.es\/wordpress\/state-of-broadband-2018\/","title":{"rendered":"State of Broadband 2018"},"content":{"rendered":"\n<div class=\"wp-block-image\"><figure class=\"alignleft\"><img decoding=\"async\" width=\"152\" height=\"133\" data-src=\"http:\/\/ugtcomunicaciones.es\/wordpress\/wp-content\/uploads\/2018\/11\/State-Broadband-01-26-11-18.png\" alt=\"\" class=\"wp-image-241689 lazyload\" src=\"data:image\/svg+xml;base64,PHN2ZyB3aWR0aD0iMSIgaGVpZ2h0PSIxIiB4bWxucz0iaHR0cDovL3d3dy53My5vcmcvMjAwMC9zdmciPjwvc3ZnPg==\" style=\"--smush-placeholder-width: 152px; --smush-placeholder-aspect-ratio: 152\/133;\" \/><\/figure><\/div>\n\n\n<p style=\"text-align: justify;\">La Comisi\u00f3n de la Banda Ancha para el Desarrollo Sostenible<a href=\"#_ftn1\" name=\"_ftnref1\">[1]<\/a>, una organizaci\u00f3n internacional dependiente de UNESCO, confecciona anualmente un informe sobre el Estado de la Banda Ancha en el mundo, en la que repasa las pol\u00edticas de los gobiernos para alcanzar las siete metas\u00a0fijadas por la Uni\u00f3n Internacional de Telecomunicaciones (UIT) para 2025<a href=\"#_ftn2\" name=\"_ftnref2\">[2]<\/a>, que son las siguientes:<\/p>\n\n<ol>\n<li style=\"text-align: justify;\">En 2025, todos los pa\u00edses deben disponer de un plan o estrategia de banda ancha financiada, o incluir la banda ancha en sus definiciones de acceso y servicio universales.<\/li>\n<li style=\"text-align: justify;\">En 2025, los servicios de banda ancha b\u00e1sicos deben ser asequibles en los pa\u00edses en desarrollo, representando menos del 2% de la renta nacional bruta mensual per c\u00e1pita.<\/li>\n<li style=\"text-align: justify;\">En 2025 el \u00edndice de penetraci\u00f3n de la banda ancha\/usuarios de Internet debe alcanzar: 75% mundial, 65% en los pa\u00edses en desarrollo y 35% en los pa\u00edses menos adelantados.<\/li>\n<li style=\"text-align: justify;\">En 2025, el 60% de los j\u00f3venes y adultos debe haber logrado al menos un m\u00ednimo nivel de competencias en aptitudes digitales sostenibles.<\/li>\n<li style=\"text-align: justify;\">En 2025, el 40% de la poblaci\u00f3n mundial debe utilizar servicios financieros digitales.<\/li>\n<li style=\"text-align: justify;\">En 2025, el porcentaje de microempresas y peque\u00f1as y medianas empresas desconectadas debe haberse reducido un 50% por sector.<\/li>\n<li style=\"text-align: justify;\">En 2025, debe haberse logrado la igualdad de g\u00e9nero en todas las metas.<\/li>\n<\/ol>\n<p style=\"text-align: justify;\">Para 2018<a href=\"#_ftn3\" name=\"_ftnref3\">[3]<\/a>, las conclusiones del informe se resumen as\u00ed<a href=\"#_ftn4\" name=\"_ftnref4\">[4]<\/a>:<\/p>\n<p style=\"text-align: justify;\"><strong>Hacer universal la pol\u00edtica en materia de banda ancha (Meta 1)<\/strong><\/p>\n<p style=\"text-align: justify;\">Se est\u00e1n logrando avances en la formulaci\u00f3n de pol\u00edticas de banda ancha por los pa\u00edses, pero s\u00f3lo de manera gradual. El n\u00famero total de pa\u00edses con un Plan Nacional de Banda Ancha (PNBA) ha experimentado un incremento neto de tres, del 80 % (156 pa\u00edses) al 81 % (159 pa\u00edses). Adem\u00e1s. Varios pa\u00edses han aprobado sus PNBA (p.e. Bolivia, Rep\u00fablica Democr\u00e1tica del Congo, Maldivas, Mal\u00ed y Kuwait), mientras que los PNBA de otros pa\u00edses ya han vencido.<\/p>\n\n\n<div class=\"wp-block-image\"><figure class=\"aligncenter\"><img decoding=\"async\" width=\"600\" height=\"346\" data-src=\"http:\/\/ugtcomunicaciones.es\/wordpress\/wp-content\/uploads\/2018\/11\/State-Broadband-02-26-11-18.png\" alt=\"\" class=\"wp-image-241690 lazyload\" data-srcset=\"https:\/\/www.ugtcomunicaciones.es\/wordpress\/wp-content\/uploads\/2018\/11\/State-Broadband-02-26-11-18.png 600w, https:\/\/www.ugtcomunicaciones.es\/wordpress\/wp-content\/uploads\/2018\/11\/State-Broadband-02-26-11-18-300x173.png 300w\" data-sizes=\"(max-width: 600px) 100vw, 600px\" src=\"data:image\/svg+xml;base64,PHN2ZyB3aWR0aD0iMSIgaGVpZ2h0PSIxIiB4bWxucz0iaHR0cDovL3d3dy53My5vcmcvMjAwMC9zdmciPjwvc3ZnPg==\" style=\"--smush-placeholder-width: 600px; --smush-placeholder-aspect-ratio: 600\/346;\" \/><\/figure><\/div>\n\n\n<p style=\"text-align: justify;\"><strong>Lograr que la banda ancha resulte asequible (Meta 2)<\/strong><\/p>\n<p style=\"text-align: justify;\">La Comisi\u00f3n de la Banda Ancha, en sus nuevas\u00a0<em>Metas para 2025<\/em>, ha reducido el umbral meta de asequibilidad de los servicios de banda ancha desde menos del 5 % a menos del 2 % del producto interior bruto nacional mensual per c\u00e1pita. Esta nueva meta ayudar\u00e1 en especial a los grupos de menores ingresos de los pa\u00edses en desarrollo y menos adelantados a lograr la conectividad. El cambio de la meta resulta no obstante en un menor n\u00famero de pa\u00edses que superan el umbral de asequibilidad. En lo que ata\u00f1e a la asequibilidad de la banda ancha fija, son 73 pa\u00edses los que han alcanzado la nueva meta, y 122 los que a\u00fan han de alcanzarla. En lo que respecta a la asequibilidad de la banda ancha m\u00f3vil, 109 pa\u00edses han alcanzado esta meta, y 86 pa\u00edses a\u00fan no la han alcanzado.<\/p>\n\n\n<div class=\"wp-block-image\"><figure class=\"aligncenter\"><img decoding=\"async\" width=\"600\" height=\"254\" data-src=\"http:\/\/ugtcomunicaciones.es\/wordpress\/wp-content\/uploads\/2018\/11\/State-Broadband-03-26-11-18.png\" alt=\"\" class=\"wp-image-241704 lazyload\" data-srcset=\"https:\/\/www.ugtcomunicaciones.es\/wordpress\/wp-content\/uploads\/2018\/11\/State-Broadband-03-26-11-18.png 600w, https:\/\/www.ugtcomunicaciones.es\/wordpress\/wp-content\/uploads\/2018\/11\/State-Broadband-03-26-11-18-300x127.png 300w\" data-sizes=\"(max-width: 600px) 100vw, 600px\" src=\"data:image\/svg+xml;base64,PHN2ZyB3aWR0aD0iMSIgaGVpZ2h0PSIxIiB4bWxucz0iaHR0cDovL3d3dy53My5vcmcvMjAwMC9zdmciPjwvc3ZnPg==\" style=\"--smush-placeholder-width: 600px; --smush-placeholder-aspect-ratio: 600\/254;\" \/><\/figure><\/div>\n\n\n<p style=\"text-align: justify;\"><strong>Poner a la gente en l\u00ednea (Meta 3)<\/strong><\/p>\n<p style=\"text-align: justify;\">En el informe se hace hincapi\u00e9 en los desaf\u00edos que implica poner en l\u00ednea a la \u00abotra mitad\u00bb de la poblaci\u00f3n mundial, observando que ha llevado m\u00e1s de 25 a\u00f1os poner en l\u00ednea a casi la mitad del mundo \u2013 principalmente conectando a quienes viven en zonas urbanas y de f\u00e1cil acceso. Ser\u00e1 dif\u00edcil poner en l\u00ednea a una cuarta parte adicional de la poblaci\u00f3n mundial en los pr\u00f3ximos siete a\u00f1os con las actuales tasas de crecimiento demogr\u00e1fico del 5 % anual \u2013 especialmente en los pa\u00edses en desarrollo y menos adelantados.<\/p>\n\n\n<figure class=\"wp-block-image\"><img decoding=\"async\" width=\"591\" height=\"600\" data-src=\"http:\/\/ugtcomunicaciones.es\/wordpress\/wp-content\/uploads\/2018\/11\/State-Broadband-04-26-11-18.png\" alt=\"\" class=\"wp-image-241706 lazyload\" data-srcset=\"https:\/\/www.ugtcomunicaciones.es\/wordpress\/wp-content\/uploads\/2018\/11\/State-Broadband-04-26-11-18.png 591w, https:\/\/www.ugtcomunicaciones.es\/wordpress\/wp-content\/uploads\/2018\/11\/State-Broadband-04-26-11-18-296x300.png 296w, https:\/\/www.ugtcomunicaciones.es\/wordpress\/wp-content\/uploads\/2018\/11\/State-Broadband-04-26-11-18-414x420.png 414w\" data-sizes=\"(max-width: 591px) 100vw, 591px\" src=\"data:image\/svg+xml;base64,PHN2ZyB3aWR0aD0iMSIgaGVpZ2h0PSIxIiB4bWxucz0iaHR0cDovL3d3dy53My5vcmcvMjAwMC9zdmciPjwvc3ZnPg==\" style=\"--smush-placeholder-width: 591px; --smush-placeholder-aspect-ratio: 591\/600;\" \/><\/figure>\n\n\n<p><strong>Adquirir calificaciones y alfabetizaci\u00f3n digitales m\u00ednimas (Meta 4)<\/strong><\/p>\n<p>En el informe se cita la baja disponibilidad de datos relacionados con las calificaciones digitales, y se muestra c\u00f3mo los promedios mundiales en materia de calificaciones digitales var\u00edan del 5,2 % (utilizaci\u00f3n de un lenguaje de programaci\u00f3n) al 43,7 % (transferencia de archivos). Como tal, identifica la necesidad de definir lo que puede considerarse un \u00abnivel m\u00ednimo de dominio de las calificaciones digitales\u00bb y de incrementar la recolecci\u00f3n de datos para medir los avances de manera efectiva.<\/p>\n\n\n<div class=\"wp-block-image\"><figure class=\"aligncenter\"><img decoding=\"async\" width=\"600\" height=\"370\" data-src=\"http:\/\/ugtcomunicaciones.es\/wordpress\/wp-content\/uploads\/2018\/11\/State-Broadband-05-26-11-18.png\" alt=\"\" class=\"wp-image-241707 lazyload\" data-srcset=\"https:\/\/www.ugtcomunicaciones.es\/wordpress\/wp-content\/uploads\/2018\/11\/State-Broadband-05-26-11-18.png 600w, https:\/\/www.ugtcomunicaciones.es\/wordpress\/wp-content\/uploads\/2018\/11\/State-Broadband-05-26-11-18-300x185.png 300w\" data-sizes=\"(max-width: 600px) 100vw, 600px\" src=\"data:image\/svg+xml;base64,PHN2ZyB3aWR0aD0iMSIgaGVpZ2h0PSIxIiB4bWxucz0iaHR0cDovL3d3dy53My5vcmcvMjAwMC9zdmciPjwvc3ZnPg==\" style=\"--smush-placeholder-width: 600px; --smush-placeholder-aspect-ratio: 600\/370;\" \/><\/figure><\/div>\n\n\n<p style=\"text-align: justify;\"><strong>Utilizar servicios financieros digitales (Meta 5)<\/strong><\/p>\n<p style=\"text-align: justify;\">En el informe se cita el r\u00e1pido crecimiento de la utilizaci\u00f3n de los servicios financieros digitales \u2013 en la actualidad el 15,8 % de la poblaci\u00f3n mundial y el 21,4 % de la poblaci\u00f3n adulta mundial, y se anticipa un crecimiento hasta el 40 % de la poblaci\u00f3n mundial para 2025.<\/p>\n\n\n<div class=\"wp-block-image\"><figure class=\"aligncenter\"><img decoding=\"async\" width=\"600\" height=\"404\" data-src=\"http:\/\/ugtcomunicaciones.es\/wordpress\/wp-content\/uploads\/2018\/11\/State-Broadband-06-26-11-18.png\" alt=\"\" class=\"wp-image-241709 lazyload\" data-srcset=\"https:\/\/www.ugtcomunicaciones.es\/wordpress\/wp-content\/uploads\/2018\/11\/State-Broadband-06-26-11-18.png 600w, https:\/\/www.ugtcomunicaciones.es\/wordpress\/wp-content\/uploads\/2018\/11\/State-Broadband-06-26-11-18-300x202.png 300w\" data-sizes=\"(max-width: 600px) 100vw, 600px\" src=\"data:image\/svg+xml;base64,PHN2ZyB3aWR0aD0iMSIgaGVpZ2h0PSIxIiB4bWxucz0iaHR0cDovL3d3dy53My5vcmcvMjAwMC9zdmciPjwvc3ZnPg==\" style=\"--smush-placeholder-width: 600px; --smush-placeholder-aspect-ratio: 600\/404;\" \/><\/figure><\/div>\n\n\n<p style=\"text-align: justify;\"><strong>Poner a las empresas en l\u00ednea (Meta 6)<\/strong><\/p>\n<p style=\"text-align: justify;\">En el informe se identifican los factores habilitadores clave para poner en l\u00ednea a m\u00e1s empresas y peque\u00f1as y medianas empresas. Esto incluye la creaci\u00f3n de entornos legales y reglamentarios propicios, el aumento de las calificaciones y la alfabetizaci\u00f3n digitales, y la reducci\u00f3n de costes tales como los aranceles de importaci\u00f3n sobre los equipos y servicios de telecomunicaciones\/TIC.<\/p>\n\n\n<div class=\"wp-block-image\"><figure class=\"aligncenter\"><img decoding=\"async\" width=\"600\" height=\"465\" data-src=\"http:\/\/ugtcomunicaciones.es\/wordpress\/wp-content\/uploads\/2018\/11\/State-Broadband-07-26-11-18.png\" alt=\"\" class=\"wp-image-241710 lazyload\" data-srcset=\"https:\/\/www.ugtcomunicaciones.es\/wordpress\/wp-content\/uploads\/2018\/11\/State-Broadband-07-26-11-18.png 600w, https:\/\/www.ugtcomunicaciones.es\/wordpress\/wp-content\/uploads\/2018\/11\/State-Broadband-07-26-11-18-300x233.png 300w, https:\/\/www.ugtcomunicaciones.es\/wordpress\/wp-content\/uploads\/2018\/11\/State-Broadband-07-26-11-18-542x420.png 542w\" data-sizes=\"(max-width: 600px) 100vw, 600px\" src=\"data:image\/svg+xml;base64,PHN2ZyB3aWR0aD0iMSIgaGVpZ2h0PSIxIiB4bWxucz0iaHR0cDovL3d3dy53My5vcmcvMjAwMC9zdmciPjwvc3ZnPg==\" style=\"--smush-placeholder-width: 600px; --smush-placeholder-aspect-ratio: 600\/465;\" \/><\/figure><\/div>\n\n\n<p style=\"text-align: justify;\"><strong>Lograr la igualdad de g\u00e9nero en el acceso a la banda ancha (Meta 7)<\/strong><\/p>\n<p style=\"text-align: justify;\">En el informe se destaca que, con arreglo a los datos m\u00e1s recientes disponibles, la brecha digital de g\u00e9nero creci\u00f3 de hecho del 11 % en 2013 al 11,6 % en 2016; y que las mujeres son, en promedio, un 26 % menos proclives a utilizar la Internet m\u00f3vil que los hombres. En el informe se detectan crecientes esfuerzos mundiales para resolver la brecha digital, incluida la Asociaci\u00f3n Mundial EQUALS<a href=\"#_ftn5\" name=\"_ftnref5\">[5]<\/a>, y as\u00ed ofrece una visi\u00f3n optimista respecto del logro de la igualdad de g\u00e9nero en el acceso a la banda ancha para 2025.<\/p>\n<p><a href=\"#_ftnref1\" name=\"_ftn1\"><\/a><\/p>\n\n\n<div class=\"wp-block-image\"><figure class=\"aligncenter\"><img decoding=\"async\" width=\"600\" height=\"374\" data-src=\"http:\/\/ugtcomunicaciones.es\/wordpress\/wp-content\/uploads\/2018\/11\/State-Broadband-08-26-11-18.png\" alt=\"\" class=\"wp-image-241712 lazyload\" data-srcset=\"https:\/\/www.ugtcomunicaciones.es\/wordpress\/wp-content\/uploads\/2018\/11\/State-Broadband-08-26-11-18.png 600w, https:\/\/www.ugtcomunicaciones.es\/wordpress\/wp-content\/uploads\/2018\/11\/State-Broadband-08-26-11-18-300x187.png 300w\" data-sizes=\"(max-width: 600px) 100vw, 600px\" src=\"data:image\/svg+xml;base64,PHN2ZyB3aWR0aD0iMSIgaGVpZ2h0PSIxIiB4bWxucz0iaHR0cDovL3d3dy53My5vcmcvMjAwMC9zdmciPjwvc3ZnPg==\" style=\"--smush-placeholder-width: 600px; --smush-placeholder-aspect-ratio: 600\/374;\" \/><\/figure><\/div>\n\n\n\n<h3 style=\"text-align: right;\"><strong><span style=\"color: #ff0000;\">UGT<\/span> Comunicaciones<\/strong><br><strong>Sector Estatal<\/strong><\/h3>\n\n\n\n<hr class=\"wp-block-separator\"\/>\n\n\n\n<p style=\"font-size:9px\"><a href=\"#_ftnref1\">[1]<\/a> <a rel=\"noreferrer noopener\" aria-label=\"[1] https:\/\/www.broadbandcommission.org\/Pages\/default.aspx (abre en una nueva pesta\u00f1a)\" href=\"https:\/\/www.broadbandcommission.org\/Pages\/default.aspx\" target=\"_blank\">https:\/\/www.broadbandcommission.org\/Pages\/default.aspx<\/a><br><a href=\"http:\/\/ugtcomunicaciones.es\/wordpress\/wp-admin\/post.php?post=241687&amp;action=edit#_ftnref2\">[2]<\/a>\u00a0<a rel=\"noreferrer noopener\" href=\"https:\/\/www.broadbandcommission.org\/Documents\/Translated%20Documents\/Targets\/Targets2025%20Spanish.pdf\" target=\"_blank\">https:\/\/www.broadbandcommission.org\/Documents\/Translated%20Documents\/Targets\/Targets2025%20Spanish.pdf<\/a><br><a href=\"http:\/\/ugtcomunicaciones.es\/wordpress\/wp-admin\/post.php?post=241687&amp;action=edit#_ftnref3\">[3]<\/a>\u00a0<a rel=\"noreferrer noopener\" href=\"http:\/\/reports.broadbandcommission.org\/state-of-broadband-2018\/home\/\" target=\"_blank\">http:\/\/reports.broadbandcommission.org\/state-of-broadband-2018\/home\/<\/a><br><a href=\"http:\/\/ugtcomunicaciones.es\/wordpress\/wp-admin\/post.php?post=241687&amp;action=edit#_ftnref4\">[4]<\/a>\u00a0<a rel=\"noreferrer noopener\" href=\"https:\/\/www.totaltele.com\/501058\/Mind-the-gap-new-study-reveals-widening-digital-divide-between-men-and-women\" target=\"_blank\">https:\/\/www.totaltele.com\/\/501058\/Mind-the-gap-new-study-reveals-widening-digital-divide-between-men-and-women<\/a><br><a href=\"http:\/\/ugtcomunicaciones.es\/wordpress\/wp-admin\/post.php?post=241687&amp;action=edit#_ftnref5\">[5]<\/a>\u00a0<a rel=\"noreferrer noopener\" href=\"http:\/\/www.equals.org\/\" target=\"_blank\">www.equals.org<\/a>\u00a0<br><\/p>\n","protected":false},"excerpt":{"rendered":"<p>La Comisi\u00f3n de la Banda Ancha para el Desarrollo Sostenible[1], una organizaci\u00f3n internacional dependiente de UNESCO, confecciona anualmente un informe sobre el Estado de la Banda Ancha en el mundo, en la que repasa las pol\u00edticas de los gobiernos para alcanzar las siete metas\u00a0fijadas por la Uni\u00f3n Internacional de Telecomunicaciones (UIT) para 2025[2], que son [&hellip;]<\/p>\n","protected":false},"author":3,"featured_media":241716,"comment_status":"closed","ping_status":"closed","sticky":false,"template":"","format":"standard","meta":{"footnotes":""},"categories":[13,12],"tags":[],"class_list":["post-241687","post","type-post","status-publish","format-standard","has-post-thumbnail","hentry","category-mercado-comunicaciones","category-regulacion"],"yoast_head":"<!-- This site is optimized with the Yoast SEO Premium plugin v27.3 (Yoast SEO v27.4) - https:\/\/yoast.com\/product\/yoast-seo-premium-wordpress\/ -->\n<title>State of Broadband 2018 - UGT Comunicaciones<\/title>\n<meta name=\"description\" content=\"La Comisi\u00f3n de la Banda Ancha para el Desarrollo Sostenible, una organizaci\u00f3n internacional dependiente de UNESCO, confecciona anualmente un informe...\" \/>\n<meta name=\"robots\" content=\"index, follow, max-snippet:-1, max-image-preview:large, max-video-preview:-1\" \/>\n<link rel=\"canonical\" href=\"https:\/\/www.ugtcomunicaciones.es\/wordpress\/state-of-broadband-2018\/\" \/>\n<meta property=\"og:locale\" content=\"es_ES\" \/>\n<meta property=\"og:type\" content=\"article\" \/>\n<meta property=\"og:title\" content=\"State of Broadband 2018\" \/>\n<meta property=\"og:description\" content=\"La Comisi\u00f3n de la Banda Ancha para el Desarrollo Sostenible, una organizaci\u00f3n internacional dependiente de UNESCO, confecciona anualmente un informe...\" \/>\n<meta property=\"og:url\" content=\"https:\/\/www.ugtcomunicaciones.es\/wordpress\/state-of-broadband-2018\/\" \/>\n<meta property=\"og:site_name\" content=\"UGT Comunicaciones\" \/>\n<meta property=\"article:publisher\" content=\"https:\/\/www.facebook.com\/ugt.comunicaciones\/\" \/>\n<meta property=\"article:published_time\" content=\"2018-11-26T05:00:45+00:00\" \/>\n<meta property=\"og:image\" content=\"https:\/\/www.ugtcomunicaciones.es\/wordpress\/wp-content\/uploads\/2018\/11\/State-Broadband-potada-26-11-18.jpg\" \/>\n\t<meta property=\"og:image:width\" content=\"600\" \/>\n\t<meta property=\"og:image:height\" content=\"203\" \/>\n\t<meta property=\"og:image:type\" content=\"image\/jpeg\" \/>\n<meta name=\"author\" content=\"UGT\" \/>\n<meta name=\"twitter:card\" content=\"summary_large_image\" \/>\n<meta name=\"twitter:creator\" content=\"@ugtcom\" \/>\n<meta name=\"twitter:site\" content=\"@ugtcom\" \/>\n<meta name=\"twitter:label1\" content=\"Escrito por\" \/>\n\t<meta name=\"twitter:data1\" content=\"UGT\" \/>\n\t<meta name=\"twitter:label2\" content=\"Tiempo de lectura\" \/>\n\t<meta name=\"twitter:data2\" content=\"5 minutos\" \/>\n<script type=\"application\/ld+json\" class=\"yoast-schema-graph\">{\"@context\":\"https:\\\/\\\/schema.org\",\"@graph\":[{\"@type\":\"Article\",\"@id\":\"https:\\\/\\\/www.ugtcomunicaciones.es\\\/wordpress\\\/state-of-broadband-2018\\\/#article\",\"isPartOf\":{\"@id\":\"https:\\\/\\\/www.ugtcomunicaciones.es\\\/wordpress\\\/state-of-broadband-2018\\\/\"},\"author\":{\"name\":\"UGT\",\"@id\":\"https:\\\/\\\/www.ugtcomunicaciones.es\\\/wordpress\\\/#\\\/schema\\\/person\\\/eba0fc3fe5b444531d94d4368cba89ed\"},\"headline\":\"State of Broadband 2018\",\"datePublished\":\"2018-11-26T05:00:45+00:00\",\"mainEntityOfPage\":{\"@id\":\"https:\\\/\\\/www.ugtcomunicaciones.es\\\/wordpress\\\/state-of-broadband-2018\\\/\"},\"wordCount\":936,\"publisher\":{\"@id\":\"https:\\\/\\\/www.ugtcomunicaciones.es\\\/wordpress\\\/#organization\"},\"image\":{\"@id\":\"https:\\\/\\\/www.ugtcomunicaciones.es\\\/wordpress\\\/state-of-broadband-2018\\\/#primaryimage\"},\"thumbnailUrl\":\"https:\\\/\\\/www.ugtcomunicaciones.es\\\/wordpress\\\/wp-content\\\/uploads\\\/2018\\\/11\\\/State-Broadband-potada-26-11-18.jpg\",\"articleSection\":[\"Mercado Comunicaciones\",\"Regulaci\u00f3n\"],\"inLanguage\":\"es\"},{\"@type\":\"WebPage\",\"@id\":\"https:\\\/\\\/www.ugtcomunicaciones.es\\\/wordpress\\\/state-of-broadband-2018\\\/\",\"url\":\"https:\\\/\\\/www.ugtcomunicaciones.es\\\/wordpress\\\/state-of-broadband-2018\\\/\",\"name\":\"State of Broadband 2018 - UGT Comunicaciones\",\"isPartOf\":{\"@id\":\"https:\\\/\\\/www.ugtcomunicaciones.es\\\/wordpress\\\/#website\"},\"primaryImageOfPage\":{\"@id\":\"https:\\\/\\\/www.ugtcomunicaciones.es\\\/wordpress\\\/state-of-broadband-2018\\\/#primaryimage\"},\"image\":{\"@id\":\"https:\\\/\\\/www.ugtcomunicaciones.es\\\/wordpress\\\/state-of-broadband-2018\\\/#primaryimage\"},\"thumbnailUrl\":\"https:\\\/\\\/www.ugtcomunicaciones.es\\\/wordpress\\\/wp-content\\\/uploads\\\/2018\\\/11\\\/State-Broadband-potada-26-11-18.jpg\",\"datePublished\":\"2018-11-26T05:00:45+00:00\",\"description\":\"La Comisi\u00f3n de la Banda Ancha para el Desarrollo Sostenible, una organizaci\u00f3n internacional dependiente de UNESCO, confecciona anualmente un informe...\",\"breadcrumb\":{\"@id\":\"https:\\\/\\\/www.ugtcomunicaciones.es\\\/wordpress\\\/state-of-broadband-2018\\\/#breadcrumb\"},\"inLanguage\":\"es\",\"potentialAction\":[{\"@type\":\"ReadAction\",\"target\":[\"https:\\\/\\\/www.ugtcomunicaciones.es\\\/wordpress\\\/state-of-broadband-2018\\\/\"]}]},{\"@type\":\"ImageObject\",\"inLanguage\":\"es\",\"@id\":\"https:\\\/\\\/www.ugtcomunicaciones.es\\\/wordpress\\\/state-of-broadband-2018\\\/#primaryimage\",\"url\":\"https:\\\/\\\/www.ugtcomunicaciones.es\\\/wordpress\\\/wp-content\\\/uploads\\\/2018\\\/11\\\/State-Broadband-potada-26-11-18.jpg\",\"contentUrl\":\"https:\\\/\\\/www.ugtcomunicaciones.es\\\/wordpress\\\/wp-content\\\/uploads\\\/2018\\\/11\\\/State-Broadband-potada-26-11-18.jpg\",\"width\":600,\"height\":203,\"caption\":\"State-Broadband-potada-26-11-18\"},{\"@type\":\"BreadcrumbList\",\"@id\":\"https:\\\/\\\/www.ugtcomunicaciones.es\\\/wordpress\\\/state-of-broadband-2018\\\/#breadcrumb\",\"itemListElement\":[{\"@type\":\"ListItem\",\"position\":1,\"name\":\"Portada\",\"item\":\"https:\\\/\\\/www.ugtcomunicaciones.es\\\/wordpress\\\/\"},{\"@type\":\"ListItem\",\"position\":2,\"name\":\"State of Broadband 2018\"}]},{\"@type\":\"WebSite\",\"@id\":\"https:\\\/\\\/www.ugtcomunicaciones.es\\\/wordpress\\\/#website\",\"url\":\"https:\\\/\\\/www.ugtcomunicaciones.es\\\/wordpress\\\/\",\"name\":\"UGT Comunicaciones\",\"description\":\"Sindicato de Telecomunicaciones\",\"publisher\":{\"@id\":\"https:\\\/\\\/www.ugtcomunicaciones.es\\\/wordpress\\\/#organization\"},\"potentialAction\":[{\"@type\":\"SearchAction\",\"target\":{\"@type\":\"EntryPoint\",\"urlTemplate\":\"https:\\\/\\\/www.ugtcomunicaciones.es\\\/wordpress\\\/?s={search_term_string}\"},\"query-input\":{\"@type\":\"PropertyValueSpecification\",\"valueRequired\":true,\"valueName\":\"search_term_string\"}}],\"inLanguage\":\"es\"},{\"@type\":\"Organization\",\"@id\":\"https:\\\/\\\/www.ugtcomunicaciones.es\\\/wordpress\\\/#organization\",\"name\":\"UGT Comunicaciones\",\"url\":\"https:\\\/\\\/www.ugtcomunicaciones.es\\\/wordpress\\\/\",\"logo\":{\"@type\":\"ImageObject\",\"inLanguage\":\"es\",\"@id\":\"https:\\\/\\\/www.ugtcomunicaciones.es\\\/wordpress\\\/#\\\/schema\\\/logo\\\/image\\\/\",\"url\":\"https:\\\/\\\/www.ugtcomunicaciones.es\\\/wordpress\\\/wp-content\\\/uploads\\\/2024\\\/04\\\/comunicaciones_logo.png\",\"contentUrl\":\"https:\\\/\\\/www.ugtcomunicaciones.es\\\/wordpress\\\/wp-content\\\/uploads\\\/2024\\\/04\\\/comunicaciones_logo.png\",\"width\":298,\"height\":81,\"caption\":\"UGT Comunicaciones\"},\"image\":{\"@id\":\"https:\\\/\\\/www.ugtcomunicaciones.es\\\/wordpress\\\/#\\\/schema\\\/logo\\\/image\\\/\"},\"sameAs\":[\"https:\\\/\\\/www.facebook.com\\\/ugt.comunicaciones\\\/\",\"https:\\\/\\\/x.com\\\/ugtcom\"]},{\"@type\":\"Person\",\"@id\":\"https:\\\/\\\/www.ugtcomunicaciones.es\\\/wordpress\\\/#\\\/schema\\\/person\\\/eba0fc3fe5b444531d94d4368cba89ed\",\"name\":\"UGT\",\"image\":{\"@type\":\"ImageObject\",\"inLanguage\":\"es\",\"@id\":\"https:\\\/\\\/secure.gravatar.com\\\/avatar\\\/2a16057d620a4c646bcfc171c4f23030879ebbdd346f0525bd5d4a564e57e13d?s=96&d=mm&r=g\",\"url\":\"https:\\\/\\\/secure.gravatar.com\\\/avatar\\\/2a16057d620a4c646bcfc171c4f23030879ebbdd346f0525bd5d4a564e57e13d?s=96&d=mm&r=g\",\"contentUrl\":\"https:\\\/\\\/secure.gravatar.com\\\/avatar\\\/2a16057d620a4c646bcfc171c4f23030879ebbdd346f0525bd5d4a564e57e13d?s=96&d=mm&r=g\",\"caption\":\"UGT\"}}]}<\/script>\n<!-- \/ Yoast SEO Premium plugin. -->","yoast_head_json":{"title":"State of Broadband 2018 - UGT Comunicaciones","description":"La Comisi\u00f3n de la Banda Ancha para el Desarrollo Sostenible, una organizaci\u00f3n internacional dependiente de UNESCO, confecciona anualmente un informe...","robots":{"index":"index","follow":"follow","max-snippet":"max-snippet:-1","max-image-preview":"max-image-preview:large","max-video-preview":"max-video-preview:-1"},"canonical":"https:\/\/www.ugtcomunicaciones.es\/wordpress\/state-of-broadband-2018\/","og_locale":"es_ES","og_type":"article","og_title":"State of Broadband 2018","og_description":"La Comisi\u00f3n de la Banda Ancha para el Desarrollo Sostenible, una organizaci\u00f3n internacional dependiente de UNESCO, confecciona anualmente un informe...","og_url":"https:\/\/www.ugtcomunicaciones.es\/wordpress\/state-of-broadband-2018\/","og_site_name":"UGT Comunicaciones","article_publisher":"https:\/\/www.facebook.com\/ugt.comunicaciones\/","article_published_time":"2018-11-26T05:00:45+00:00","og_image":[{"width":600,"height":203,"url":"https:\/\/www.ugtcomunicaciones.es\/wordpress\/wp-content\/uploads\/2018\/11\/State-Broadband-potada-26-11-18.jpg","type":"image\/jpeg"}],"author":"UGT","twitter_card":"summary_large_image","twitter_creator":"@ugtcom","twitter_site":"@ugtcom","twitter_misc":{"Escrito por":"UGT","Tiempo de lectura":"5 minutos"},"schema":{"@context":"https:\/\/schema.org","@graph":[{"@type":"Article","@id":"https:\/\/www.ugtcomunicaciones.es\/wordpress\/state-of-broadband-2018\/#article","isPartOf":{"@id":"https:\/\/www.ugtcomunicaciones.es\/wordpress\/state-of-broadband-2018\/"},"author":{"name":"UGT","@id":"https:\/\/www.ugtcomunicaciones.es\/wordpress\/#\/schema\/person\/eba0fc3fe5b444531d94d4368cba89ed"},"headline":"State of Broadband 2018","datePublished":"2018-11-26T05:00:45+00:00","mainEntityOfPage":{"@id":"https:\/\/www.ugtcomunicaciones.es\/wordpress\/state-of-broadband-2018\/"},"wordCount":936,"publisher":{"@id":"https:\/\/www.ugtcomunicaciones.es\/wordpress\/#organization"},"image":{"@id":"https:\/\/www.ugtcomunicaciones.es\/wordpress\/state-of-broadband-2018\/#primaryimage"},"thumbnailUrl":"https:\/\/www.ugtcomunicaciones.es\/wordpress\/wp-content\/uploads\/2018\/11\/State-Broadband-potada-26-11-18.jpg","articleSection":["Mercado Comunicaciones","Regulaci\u00f3n"],"inLanguage":"es"},{"@type":"WebPage","@id":"https:\/\/www.ugtcomunicaciones.es\/wordpress\/state-of-broadband-2018\/","url":"https:\/\/www.ugtcomunicaciones.es\/wordpress\/state-of-broadband-2018\/","name":"State of Broadband 2018 - UGT Comunicaciones","isPartOf":{"@id":"https:\/\/www.ugtcomunicaciones.es\/wordpress\/#website"},"primaryImageOfPage":{"@id":"https:\/\/www.ugtcomunicaciones.es\/wordpress\/state-of-broadband-2018\/#primaryimage"},"image":{"@id":"https:\/\/www.ugtcomunicaciones.es\/wordpress\/state-of-broadband-2018\/#primaryimage"},"thumbnailUrl":"https:\/\/www.ugtcomunicaciones.es\/wordpress\/wp-content\/uploads\/2018\/11\/State-Broadband-potada-26-11-18.jpg","datePublished":"2018-11-26T05:00:45+00:00","description":"La Comisi\u00f3n de la Banda Ancha para el Desarrollo Sostenible, una organizaci\u00f3n internacional dependiente de UNESCO, confecciona anualmente un informe...","breadcrumb":{"@id":"https:\/\/www.ugtcomunicaciones.es\/wordpress\/state-of-broadband-2018\/#breadcrumb"},"inLanguage":"es","potentialAction":[{"@type":"ReadAction","target":["https:\/\/www.ugtcomunicaciones.es\/wordpress\/state-of-broadband-2018\/"]}]},{"@type":"ImageObject","inLanguage":"es","@id":"https:\/\/www.ugtcomunicaciones.es\/wordpress\/state-of-broadband-2018\/#primaryimage","url":"https:\/\/www.ugtcomunicaciones.es\/wordpress\/wp-content\/uploads\/2018\/11\/State-Broadband-potada-26-11-18.jpg","contentUrl":"https:\/\/www.ugtcomunicaciones.es\/wordpress\/wp-content\/uploads\/2018\/11\/State-Broadband-potada-26-11-18.jpg","width":600,"height":203,"caption":"State-Broadband-potada-26-11-18"},{"@type":"BreadcrumbList","@id":"https:\/\/www.ugtcomunicaciones.es\/wordpress\/state-of-broadband-2018\/#breadcrumb","itemListElement":[{"@type":"ListItem","position":1,"name":"Portada","item":"https:\/\/www.ugtcomunicaciones.es\/wordpress\/"},{"@type":"ListItem","position":2,"name":"State of Broadband 2018"}]},{"@type":"WebSite","@id":"https:\/\/www.ugtcomunicaciones.es\/wordpress\/#website","url":"https:\/\/www.ugtcomunicaciones.es\/wordpress\/","name":"UGT Comunicaciones","description":"Sindicato de Telecomunicaciones","publisher":{"@id":"https:\/\/www.ugtcomunicaciones.es\/wordpress\/#organization"},"potentialAction":[{"@type":"SearchAction","target":{"@type":"EntryPoint","urlTemplate":"https:\/\/www.ugtcomunicaciones.es\/wordpress\/?s={search_term_string}"},"query-input":{"@type":"PropertyValueSpecification","valueRequired":true,"valueName":"search_term_string"}}],"inLanguage":"es"},{"@type":"Organization","@id":"https:\/\/www.ugtcomunicaciones.es\/wordpress\/#organization","name":"UGT Comunicaciones","url":"https:\/\/www.ugtcomunicaciones.es\/wordpress\/","logo":{"@type":"ImageObject","inLanguage":"es","@id":"https:\/\/www.ugtcomunicaciones.es\/wordpress\/#\/schema\/logo\/image\/","url":"https:\/\/www.ugtcomunicaciones.es\/wordpress\/wp-content\/uploads\/2024\/04\/comunicaciones_logo.png","contentUrl":"https:\/\/www.ugtcomunicaciones.es\/wordpress\/wp-content\/uploads\/2024\/04\/comunicaciones_logo.png","width":298,"height":81,"caption":"UGT Comunicaciones"},"image":{"@id":"https:\/\/www.ugtcomunicaciones.es\/wordpress\/#\/schema\/logo\/image\/"},"sameAs":["https:\/\/www.facebook.com\/ugt.comunicaciones\/","https:\/\/x.com\/ugtcom"]},{"@type":"Person","@id":"https:\/\/www.ugtcomunicaciones.es\/wordpress\/#\/schema\/person\/eba0fc3fe5b444531d94d4368cba89ed","name":"UGT","image":{"@type":"ImageObject","inLanguage":"es","@id":"https:\/\/secure.gravatar.com\/avatar\/2a16057d620a4c646bcfc171c4f23030879ebbdd346f0525bd5d4a564e57e13d?s=96&d=mm&r=g","url":"https:\/\/secure.gravatar.com\/avatar\/2a16057d620a4c646bcfc171c4f23030879ebbdd346f0525bd5d4a564e57e13d?s=96&d=mm&r=g","contentUrl":"https:\/\/secure.gravatar.com\/avatar\/2a16057d620a4c646bcfc171c4f23030879ebbdd346f0525bd5d4a564e57e13d?s=96&d=mm&r=g","caption":"UGT"}}]}},"_links":{"self":[{"href":"https:\/\/www.ugtcomunicaciones.es\/wordpress\/wp-json\/wp\/v2\/posts\/241687","targetHints":{"allow":["GET"]}}],"collection":[{"href":"https:\/\/www.ugtcomunicaciones.es\/wordpress\/wp-json\/wp\/v2\/posts"}],"about":[{"href":"https:\/\/www.ugtcomunicaciones.es\/wordpress\/wp-json\/wp\/v2\/types\/post"}],"author":[{"embeddable":true,"href":"https:\/\/www.ugtcomunicaciones.es\/wordpress\/wp-json\/wp\/v2\/users\/3"}],"replies":[{"embeddable":true,"href":"https:\/\/www.ugtcomunicaciones.es\/wordpress\/wp-json\/wp\/v2\/comments?post=241687"}],"version-history":[{"count":0,"href":"https:\/\/www.ugtcomunicaciones.es\/wordpress\/wp-json\/wp\/v2\/posts\/241687\/revisions"}],"wp:featuredmedia":[{"embeddable":true,"href":"https:\/\/www.ugtcomunicaciones.es\/wordpress\/wp-json\/wp\/v2\/media\/241716"}],"wp:attachment":[{"href":"https:\/\/www.ugtcomunicaciones.es\/wordpress\/wp-json\/wp\/v2\/media?parent=241687"}],"wp:term":[{"taxonomy":"category","embeddable":true,"href":"https:\/\/www.ugtcomunicaciones.es\/wordpress\/wp-json\/wp\/v2\/categories?post=241687"},{"taxonomy":"post_tag","embeddable":true,"href":"https:\/\/www.ugtcomunicaciones.es\/wordpress\/wp-json\/wp\/v2\/tags?post=241687"}],"curies":[{"name":"wp","href":"https:\/\/api.w.org\/{rel}","templated":true}]}}