{"id":249580,"date":"2018-12-10T07:00:32","date_gmt":"2018-12-10T05:00:32","guid":{"rendered":"http:\/\/ugtcomunicaciones.es\/wordpress\/?p=249580"},"modified":"2018-11-29T11:12:54","modified_gmt":"2018-11-29T09:12:54","slug":"la-digitalizacion-y-la-automatizacion-eliminan-440-empleos-en-la-operadora-optus","status":"publish","type":"post","link":"https:\/\/www.ugtcomunicaciones.es\/wordpress\/la-digitalizacion-y-la-automatizacion-eliminan-440-empleos-en-la-operadora-optus\/","title":{"rendered":"La digitalizaci\u00f3n y la automatizaci\u00f3n eliminan 440 empleos en la operadora OPTUS"},"content":{"rendered":"\n<p class=\"justificado\">Nuevo indicio que apunta a que los procesos de automatizaci\u00f3n de procesos y operativas ser\u00e1n el pr\u00f3ximo caballo de batalla contra en el empleo en nuestro Sector.<\/p>\n\n\n\n<div class=\"wp-block-image\"><figure class=\"alignleft\"><img decoding=\"async\" width=\"117\" height=\"119\" data-src=\"http:\/\/ugtcomunicaciones.es\/wordpress\/wp-content\/uploads\/2018\/11\/logo-singtel-optus.png\" alt=\"\" class=\"wp-image-249591 lazyload\" src=\"data:image\/svg+xml;base64,PHN2ZyB3aWR0aD0iMSIgaGVpZ2h0PSIxIiB4bWxucz0iaHR0cDovL3d3dy53My5vcmcvMjAwMC9zdmciPjwvc3ZnPg==\" style=\"--smush-placeholder-width: 117px; --smush-placeholder-aspect-ratio: 117\/119;\" \/><\/figure><\/div>\n\n\n\n<p class=\"justificado\">Si hace unas semanas habl\u00e1bamos del estudio de Goldman Sachs, que vaticinaba elevad\u00edsimas tasas de reemplazado de trabajadores por algoritmos, en esta ocasi\u00f3n pasamos ya, directamente, de la teor\u00eda a la pr\u00e1ctica: la operadora australiana Optus reducir\u00e1 el 12% de su plantilla como consecuencia de la digitalizaci\u00f3n de su negocio.<\/p>\n\n\n\n<p class=\"justificado\">Optus, propiedad a su vez de Singtel, de origen singapurense, es el segundo operador de telecomunicaciones en Australia<a href=\"#_ftn1\">[1]<\/a>y da empleo a 8400 trabajadores y trabajadoras, por lo que la relevancia de la noticia es evidente. <\/p>\n\n\n\n<p class=\"justificado\">La compa\u00f1\u00eda comunic\u00f3 internamente sus planes de reducci\u00f3n de plantilla,noticia que salt\u00f3 a los medios de comunicaci\u00f3n locales<a href=\"#_ftn2\">[2]<\/a>,que solicitaron declaraciones a la operador. Pues bien, \u00e9sta afirm\u00f3, sin ning\u00fan rubor, que esta reducci\u00f3n es la consecuencia de los procesos de \u201cdigitalizaci\u00f3n y automatizaci\u00f3n\u201d que est\u00e1 abordando la compa\u00f1\u00eda.<\/p>\n\n\n\n<p class=\"justificado\">Este proceso de automatizaci\u00f3n de procesos recibe el pomposo nombre de IDAHO (I Drive Accountability y Healthy Organization), proyecto sobre el cual est\u00e1 pivotando toda la estrategia empresarial, y que es usando como mantra los ejecutivos de la compa\u00f1\u00eda de telecomunicaciones, que lo describen como un nuevo \u00abestilo de trabajo\u00bb focalizado en la digitalizaci\u00f3n del trabajo\u201d. <\/p>\n\n\n\n<p class=\"justificado\">Estos despidos se suman a otros 320 ya ejecutados a principios de a\u00f1o y a los surgidos como consecuencia del cierre de su filiallow-cost, Virgin, que suprimi\u00f3 otros 200 puestos de trabajo.<\/p>\n\n\n\n<div class=\"wp-block-image\"><figure class=\"alignleft\"><img decoding=\"async\" width=\"195\" height=\"108\" data-src=\"http:\/\/ugtcomunicaciones.es\/wordpress\/wp-content\/uploads\/2018\/11\/logo-cepu.png\" alt=\"\" class=\"wp-image-249592 lazyload\" src=\"data:image\/svg+xml;base64,PHN2ZyB3aWR0aD0iMSIgaGVpZ2h0PSIxIiB4bWxucz0iaHR0cDovL3d3dy53My5vcmcvMjAwMC9zdmciPjwvc3ZnPg==\" style=\"--smush-placeholder-width: 195px; --smush-placeholder-aspect-ratio: 195\/108;\" \/><\/figure><\/div>\n\n\n\n<p class=\"justificado\">En declaraciones a la prensa, el representante del sindicato m\u00e1s representativo en Optus, CEPU<a href=\"#_ftn3\">[3]<\/a>, describi\u00f3 la decisi\u00f3n de la compa\u00f1\u00eda como \u201cabsolutamente devastadora\u201d,a\u00f1adiendo: \u00abOptus ha eliminado m\u00e1s de 1000 empleos en cuatro meses.\u00a0Esto es una desgracia. Optus est\u00e1 mostrando un claro desprecio por su fuerza de trabajo al continuar recortando cientos depuestos de trabajo sin ninguna consulta con la fuerza laboral, mientras han estado sentados a la mesa con el sindicato para negociar un nuevo acuerdo de empresa\u00bb.<\/p>\n\n\n<p style=\"text-align: justify;\"><strong><span style=\"color: #ff0000;\">UGT<\/span> Comunicaciones<\/strong>\u00a0quiere trasladar nuestro total apoyo y completa solidaridad con los compa\u00f1eros de Optus y sus representantes que, sinduda alguna, est\u00e1n sufriendo una tremenda injusticia.<\/p>\n\n<p style=\"text-align: justify;\">Al respecto de los planes de Optus, y de cualquier otra empresa, para digitalizar sus procesos y automatizar parte de sus operaciones,\u00a0<span style=\"color: #ff0000;\"><strong>UGT<\/strong><\/span>\u00a0quiere insistir en el mismo argumentario que anteriores ocasiones:<\/p>\n\n\n<p class=\"justificado\">Estando de acuerdo con que es necesario modernizar cualquier empresa para poder competir en un mercado tan sumamente complejo como es el de las telecomunicaciones, dicha competencia no se puede centrar, \u00fanicamente, en reducir plantillas y costes laborales.\u00a0 <\/p>\n\n\n\n<p class=\"justificado\">Nadie duda de que el progreso digital es necesario, e incluso casi imparable, pero no puede ser a costa de eliminar empleo, o en su defecto,laminar las condiciones laborales de los trabajadores y trabajadoras que componemos este sector.<\/p>\n\n\n\n<p class=\"justificado\">El factor humano fue, es y ser\u00e1 siempre imprescindible en cualquier actividad econ\u00f3mica. El trato cercano, la empat\u00eda, la creatividad y las relaciones sociales son determinantes a la hora de tratar al cliente y son, en la pr\u00e1ctica, una clave diferencial a la hora de competir. No es compatible enviar mensajes del tipo \u201cnuestro principal activo son nuestros empleados\u201dmientras se estudia c\u00f3mo reducir empleos de forma masiva.<\/p>\n\n\n<p style=\"text-align: justify;\"><strong><span style=\"color: #ff0000;\">UGT<\/span>\u00a0<\/strong>considera que cualquierplan de digitalizaci\u00f3n y automatizaci\u00f3n debe ir acompa\u00f1ado de un plan integralde formaci\u00f3n y reconversi\u00f3n laboral para todos los trabajadores afectados. Lamodernizaci\u00f3n de cualquier empresa debe ir acompa\u00f1ada de un aumento de lascapacidades de los trabajadores. Por definici\u00f3n, hay que sincronizar elprogreso tecnol\u00f3gico de los medios de producci\u00f3n con la adaptaci\u00f3n de lostrabajadores a los nuevos requerimientos del mercado de trabajo.<\/p>\n<p style=\"text-align: justify;\"><strong><span style=\"color: #ff0000;\">UGT<\/span>\u00a0<\/strong>siempre emplear\u00e1 elDialogo Social como medio para equilibrar derechos e intereses de lostrabajadores con las necesidades de las empresas, en la b\u00fasqueda de un consensoque sea beneficioso para todas las partes implicadas; pero si el objetivo finalde una compa\u00f1\u00eda es la mera sustituci\u00f3n de empleo por algoritmos, para\u00fanicamente aumentar sus beneficios, nos tendr\u00e1 enfrente, con toda la intensidad,convicci\u00f3n y contundencia posibles.<\/p>\n\n\n<h3 style=\"text-align: right;\"><strong><span style=\"color: #ff0000;\">UGT<\/span> Comunicaciones<\/strong><br><strong>Sector Estatal<\/strong><\/h3>\n\n\n\n<hr class=\"wp-block-separator\"\/>\n\n\n\n<p style=\"font-size:9px\"><a href=\"#_ftnref1\">[1]<\/a> <a rel=\"noreferrer noopener\" aria-label=\"[1] https:\/\/www.lightreading.com\/automation\/australias-optus-to-cut-440-jobs-blames-automation---reports\/d\/d-id\/745551 (abre en una nueva pesta\u00f1a)\" href=\"https:\/\/www.lightreading.com\/automation\/australias-optus-to-cut-440-jobs-blames-automation---reports\/d\/d-id\/745551\" target=\"_blank\">https:\/\/www.lightreading.com\/automation\/australias-optus-to-cut-440-jobs-blames-automation&#8212;reports\/d\/d-id\/745551<\/a><br><a href=\"http:\/\/ugtcomunicaciones.es\/wordpress\/wp-admin\/post.php?post=249580&amp;action=edit#_ftnref2\">[2]<\/a>\u00a0<a rel=\"noreferrer noopener\" href=\"https:\/\/www.smh.com.au\/business\/companies\/digitisation-and-automation-optus-to-make-440-staff-redundant-20180821-p4zyve.html\" target=\"_blank\">https:\/\/www.smh.com.au\/business\/companies\/digitisation-and-automation-optus-to-make-440-staff-redundant-20180821-p4zyve.html<\/a><br><a href=\"http:\/\/ugtcomunicaciones.es\/wordpress\/wp-admin\/post.php?post=249580&amp;action=edit#_ftnref3\">[3]<\/a>\u00a0<a rel=\"noreferrer noopener\" href=\"http:\/\/www.cepu.org\/\" target=\"_blank\">http:\/\/www.cepu.org\/<\/a><br><\/p>\n\n\n\n<p><br><\/p>\n\n\n\n<p><br><\/p>\n","protected":false},"excerpt":{"rendered":"<p>Nuevo indicio que apunta a que los procesos de automatizaci\u00f3n de procesos y operativas ser\u00e1n el pr\u00f3ximo caballo de batalla contra en el empleo en nuestro Sector. Si hace unas semanas habl\u00e1bamos del estudio de Goldman Sachs, que vaticinaba elevad\u00edsimas tasas de reemplazado de trabajadores por algoritmos, en esta ocasi\u00f3n pasamos ya, directamente, de la [&hellip;]<\/p>\n","protected":false},"author":3,"featured_media":249611,"comment_status":"closed","ping_status":"closed","sticky":false,"template":"","format":"standard","meta":{"footnotes":""},"categories":[14,12],"tags":[],"class_list":["post-249580","post","type-post","status-publish","format-standard","has-post-thumbnail","hentry","category-opinion","category-regulacion"],"yoast_head":"<!-- This site is optimized with the Yoast SEO Premium plugin v27.3 (Yoast SEO v27.4) - https:\/\/yoast.com\/product\/yoast-seo-premium-wordpress\/ -->\n<title>La digitalizaci\u00f3n y la automatizaci\u00f3n eliminan 440 empleos en la operadora OPTUS - UGT Comunicaciones<\/title>\n<meta name=\"description\" content=\"Nuevo indicio que apunta a que los procesos de automatizaci\u00f3n de procesos y operativas ser\u00e1n el pr\u00f3ximo caballo de batalla contra en el empleo en nuestro...\" \/>\n<meta name=\"robots\" content=\"index, follow, max-snippet:-1, max-image-preview:large, max-video-preview:-1\" \/>\n<link rel=\"canonical\" href=\"https:\/\/www.ugtcomunicaciones.es\/wordpress\/la-digitalizacion-y-la-automatizacion-eliminan-440-empleos-en-la-operadora-optus\/\" \/>\n<meta property=\"og:locale\" content=\"es_ES\" \/>\n<meta property=\"og:type\" content=\"article\" \/>\n<meta property=\"og:title\" content=\"La digitalizaci\u00f3n y la automatizaci\u00f3n eliminan 440 empleos en la operadora OPTUS\" \/>\n<meta property=\"og:description\" content=\"Nuevo indicio que apunta a que los procesos de automatizaci\u00f3n de procesos y operativas ser\u00e1n el pr\u00f3ximo caballo de batalla contra en el empleo en nuestro...\" \/>\n<meta property=\"og:url\" content=\"https:\/\/www.ugtcomunicaciones.es\/wordpress\/la-digitalizacion-y-la-automatizacion-eliminan-440-empleos-en-la-operadora-optus\/\" \/>\n<meta property=\"og:site_name\" content=\"UGT Comunicaciones\" \/>\n<meta property=\"article:publisher\" content=\"https:\/\/www.facebook.com\/ugt.comunicaciones\/\" \/>\n<meta property=\"article:published_time\" content=\"2018-12-10T05:00:32+00:00\" \/>\n<meta property=\"og:image\" content=\"https:\/\/www.ugtcomunicaciones.es\/wordpress\/wp-content\/uploads\/2018\/11\/optus.jpg\" \/>\n\t<meta property=\"og:image:width\" content=\"600\" \/>\n\t<meta property=\"og:image:height\" content=\"561\" \/>\n\t<meta property=\"og:image:type\" content=\"image\/jpeg\" \/>\n<meta name=\"author\" content=\"UGT\" \/>\n<meta name=\"twitter:card\" content=\"summary_large_image\" \/>\n<meta name=\"twitter:creator\" content=\"@ugtcom\" \/>\n<meta name=\"twitter:site\" content=\"@ugtcom\" \/>\n<meta name=\"twitter:label1\" content=\"Escrito por\" \/>\n\t<meta name=\"twitter:data1\" content=\"UGT\" \/>\n\t<meta name=\"twitter:label2\" content=\"Tiempo de lectura\" \/>\n\t<meta name=\"twitter:data2\" content=\"4 minutos\" \/>\n<script type=\"application\/ld+json\" class=\"yoast-schema-graph\">{\"@context\":\"https:\\\/\\\/schema.org\",\"@graph\":[{\"@type\":\"Article\",\"@id\":\"https:\\\/\\\/www.ugtcomunicaciones.es\\\/wordpress\\\/la-digitalizacion-y-la-automatizacion-eliminan-440-empleos-en-la-operadora-optus\\\/#article\",\"isPartOf\":{\"@id\":\"https:\\\/\\\/www.ugtcomunicaciones.es\\\/wordpress\\\/la-digitalizacion-y-la-automatizacion-eliminan-440-empleos-en-la-operadora-optus\\\/\"},\"author\":{\"name\":\"UGT\",\"@id\":\"https:\\\/\\\/www.ugtcomunicaciones.es\\\/wordpress\\\/#\\\/schema\\\/person\\\/eba0fc3fe5b444531d94d4368cba89ed\"},\"headline\":\"La digitalizaci\u00f3n y la automatizaci\u00f3n eliminan 440 empleos en la operadora OPTUS\",\"datePublished\":\"2018-12-10T05:00:32+00:00\",\"mainEntityOfPage\":{\"@id\":\"https:\\\/\\\/www.ugtcomunicaciones.es\\\/wordpress\\\/la-digitalizacion-y-la-automatizacion-eliminan-440-empleos-en-la-operadora-optus\\\/\"},\"wordCount\":742,\"publisher\":{\"@id\":\"https:\\\/\\\/www.ugtcomunicaciones.es\\\/wordpress\\\/#organization\"},\"image\":{\"@id\":\"https:\\\/\\\/www.ugtcomunicaciones.es\\\/wordpress\\\/la-digitalizacion-y-la-automatizacion-eliminan-440-empleos-en-la-operadora-optus\\\/#primaryimage\"},\"thumbnailUrl\":\"https:\\\/\\\/www.ugtcomunicaciones.es\\\/wordpress\\\/wp-content\\\/uploads\\\/2018\\\/11\\\/optus.jpg\",\"articleSection\":[\"Opini\u00f3n\",\"Regulaci\u00f3n\"],\"inLanguage\":\"es\"},{\"@type\":\"WebPage\",\"@id\":\"https:\\\/\\\/www.ugtcomunicaciones.es\\\/wordpress\\\/la-digitalizacion-y-la-automatizacion-eliminan-440-empleos-en-la-operadora-optus\\\/\",\"url\":\"https:\\\/\\\/www.ugtcomunicaciones.es\\\/wordpress\\\/la-digitalizacion-y-la-automatizacion-eliminan-440-empleos-en-la-operadora-optus\\\/\",\"name\":\"La digitalizaci\u00f3n y la automatizaci\u00f3n eliminan 440 empleos en la operadora OPTUS - UGT Comunicaciones\",\"isPartOf\":{\"@id\":\"https:\\\/\\\/www.ugtcomunicaciones.es\\\/wordpress\\\/#website\"},\"primaryImageOfPage\":{\"@id\":\"https:\\\/\\\/www.ugtcomunicaciones.es\\\/wordpress\\\/la-digitalizacion-y-la-automatizacion-eliminan-440-empleos-en-la-operadora-optus\\\/#primaryimage\"},\"image\":{\"@id\":\"https:\\\/\\\/www.ugtcomunicaciones.es\\\/wordpress\\\/la-digitalizacion-y-la-automatizacion-eliminan-440-empleos-en-la-operadora-optus\\\/#primaryimage\"},\"thumbnailUrl\":\"https:\\\/\\\/www.ugtcomunicaciones.es\\\/wordpress\\\/wp-content\\\/uploads\\\/2018\\\/11\\\/optus.jpg\",\"datePublished\":\"2018-12-10T05:00:32+00:00\",\"description\":\"Nuevo indicio que apunta a que los procesos de automatizaci\u00f3n de procesos y operativas ser\u00e1n el pr\u00f3ximo caballo de batalla contra en el empleo en nuestro...\",\"breadcrumb\":{\"@id\":\"https:\\\/\\\/www.ugtcomunicaciones.es\\\/wordpress\\\/la-digitalizacion-y-la-automatizacion-eliminan-440-empleos-en-la-operadora-optus\\\/#breadcrumb\"},\"inLanguage\":\"es\",\"potentialAction\":[{\"@type\":\"ReadAction\",\"target\":[\"https:\\\/\\\/www.ugtcomunicaciones.es\\\/wordpress\\\/la-digitalizacion-y-la-automatizacion-eliminan-440-empleos-en-la-operadora-optus\\\/\"]}]},{\"@type\":\"ImageObject\",\"inLanguage\":\"es\",\"@id\":\"https:\\\/\\\/www.ugtcomunicaciones.es\\\/wordpress\\\/la-digitalizacion-y-la-automatizacion-eliminan-440-empleos-en-la-operadora-optus\\\/#primaryimage\",\"url\":\"https:\\\/\\\/www.ugtcomunicaciones.es\\\/wordpress\\\/wp-content\\\/uploads\\\/2018\\\/11\\\/optus.jpg\",\"contentUrl\":\"https:\\\/\\\/www.ugtcomunicaciones.es\\\/wordpress\\\/wp-content\\\/uploads\\\/2018\\\/11\\\/optus.jpg\",\"width\":600,\"height\":561,\"caption\":\"optus\"},{\"@type\":\"BreadcrumbList\",\"@id\":\"https:\\\/\\\/www.ugtcomunicaciones.es\\\/wordpress\\\/la-digitalizacion-y-la-automatizacion-eliminan-440-empleos-en-la-operadora-optus\\\/#breadcrumb\",\"itemListElement\":[{\"@type\":\"ListItem\",\"position\":1,\"name\":\"Portada\",\"item\":\"https:\\\/\\\/www.ugtcomunicaciones.es\\\/wordpress\\\/\"},{\"@type\":\"ListItem\",\"position\":2,\"name\":\"La digitalizaci\u00f3n y la automatizaci\u00f3n eliminan 440 empleos en la operadora OPTUS\"}]},{\"@type\":\"WebSite\",\"@id\":\"https:\\\/\\\/www.ugtcomunicaciones.es\\\/wordpress\\\/#website\",\"url\":\"https:\\\/\\\/www.ugtcomunicaciones.es\\\/wordpress\\\/\",\"name\":\"UGT Comunicaciones\",\"description\":\"Sindicato de Telecomunicaciones\",\"publisher\":{\"@id\":\"https:\\\/\\\/www.ugtcomunicaciones.es\\\/wordpress\\\/#organization\"},\"potentialAction\":[{\"@type\":\"SearchAction\",\"target\":{\"@type\":\"EntryPoint\",\"urlTemplate\":\"https:\\\/\\\/www.ugtcomunicaciones.es\\\/wordpress\\\/?s={search_term_string}\"},\"query-input\":{\"@type\":\"PropertyValueSpecification\",\"valueRequired\":true,\"valueName\":\"search_term_string\"}}],\"inLanguage\":\"es\"},{\"@type\":\"Organization\",\"@id\":\"https:\\\/\\\/www.ugtcomunicaciones.es\\\/wordpress\\\/#organization\",\"name\":\"UGT Comunicaciones\",\"url\":\"https:\\\/\\\/www.ugtcomunicaciones.es\\\/wordpress\\\/\",\"logo\":{\"@type\":\"ImageObject\",\"inLanguage\":\"es\",\"@id\":\"https:\\\/\\\/www.ugtcomunicaciones.es\\\/wordpress\\\/#\\\/schema\\\/logo\\\/image\\\/\",\"url\":\"https:\\\/\\\/www.ugtcomunicaciones.es\\\/wordpress\\\/wp-content\\\/uploads\\\/2024\\\/04\\\/comunicaciones_logo.png\",\"contentUrl\":\"https:\\\/\\\/www.ugtcomunicaciones.es\\\/wordpress\\\/wp-content\\\/uploads\\\/2024\\\/04\\\/comunicaciones_logo.png\",\"width\":298,\"height\":81,\"caption\":\"UGT Comunicaciones\"},\"image\":{\"@id\":\"https:\\\/\\\/www.ugtcomunicaciones.es\\\/wordpress\\\/#\\\/schema\\\/logo\\\/image\\\/\"},\"sameAs\":[\"https:\\\/\\\/www.facebook.com\\\/ugt.comunicaciones\\\/\",\"https:\\\/\\\/x.com\\\/ugtcom\"]},{\"@type\":\"Person\",\"@id\":\"https:\\\/\\\/www.ugtcomunicaciones.es\\\/wordpress\\\/#\\\/schema\\\/person\\\/eba0fc3fe5b444531d94d4368cba89ed\",\"name\":\"UGT\",\"image\":{\"@type\":\"ImageObject\",\"inLanguage\":\"es\",\"@id\":\"https:\\\/\\\/secure.gravatar.com\\\/avatar\\\/2a16057d620a4c646bcfc171c4f23030879ebbdd346f0525bd5d4a564e57e13d?s=96&d=mm&r=g\",\"url\":\"https:\\\/\\\/secure.gravatar.com\\\/avatar\\\/2a16057d620a4c646bcfc171c4f23030879ebbdd346f0525bd5d4a564e57e13d?s=96&d=mm&r=g\",\"contentUrl\":\"https:\\\/\\\/secure.gravatar.com\\\/avatar\\\/2a16057d620a4c646bcfc171c4f23030879ebbdd346f0525bd5d4a564e57e13d?s=96&d=mm&r=g\",\"caption\":\"UGT\"}}]}<\/script>\n<!-- \/ Yoast SEO Premium plugin. -->","yoast_head_json":{"title":"La digitalizaci\u00f3n y la automatizaci\u00f3n eliminan 440 empleos en la operadora OPTUS - UGT Comunicaciones","description":"Nuevo indicio que apunta a que los procesos de automatizaci\u00f3n de procesos y operativas ser\u00e1n el pr\u00f3ximo caballo de batalla contra en el empleo en nuestro...","robots":{"index":"index","follow":"follow","max-snippet":"max-snippet:-1","max-image-preview":"max-image-preview:large","max-video-preview":"max-video-preview:-1"},"canonical":"https:\/\/www.ugtcomunicaciones.es\/wordpress\/la-digitalizacion-y-la-automatizacion-eliminan-440-empleos-en-la-operadora-optus\/","og_locale":"es_ES","og_type":"article","og_title":"La digitalizaci\u00f3n y la automatizaci\u00f3n eliminan 440 empleos en la operadora OPTUS","og_description":"Nuevo indicio que apunta a que los procesos de automatizaci\u00f3n de procesos y operativas ser\u00e1n el pr\u00f3ximo caballo de batalla contra en el empleo en nuestro...","og_url":"https:\/\/www.ugtcomunicaciones.es\/wordpress\/la-digitalizacion-y-la-automatizacion-eliminan-440-empleos-en-la-operadora-optus\/","og_site_name":"UGT Comunicaciones","article_publisher":"https:\/\/www.facebook.com\/ugt.comunicaciones\/","article_published_time":"2018-12-10T05:00:32+00:00","og_image":[{"width":600,"height":561,"url":"https:\/\/www.ugtcomunicaciones.es\/wordpress\/wp-content\/uploads\/2018\/11\/optus.jpg","type":"image\/jpeg"}],"author":"UGT","twitter_card":"summary_large_image","twitter_creator":"@ugtcom","twitter_site":"@ugtcom","twitter_misc":{"Escrito por":"UGT","Tiempo de lectura":"4 minutos"},"schema":{"@context":"https:\/\/schema.org","@graph":[{"@type":"Article","@id":"https:\/\/www.ugtcomunicaciones.es\/wordpress\/la-digitalizacion-y-la-automatizacion-eliminan-440-empleos-en-la-operadora-optus\/#article","isPartOf":{"@id":"https:\/\/www.ugtcomunicaciones.es\/wordpress\/la-digitalizacion-y-la-automatizacion-eliminan-440-empleos-en-la-operadora-optus\/"},"author":{"name":"UGT","@id":"https:\/\/www.ugtcomunicaciones.es\/wordpress\/#\/schema\/person\/eba0fc3fe5b444531d94d4368cba89ed"},"headline":"La digitalizaci\u00f3n y la automatizaci\u00f3n eliminan 440 empleos en la operadora OPTUS","datePublished":"2018-12-10T05:00:32+00:00","mainEntityOfPage":{"@id":"https:\/\/www.ugtcomunicaciones.es\/wordpress\/la-digitalizacion-y-la-automatizacion-eliminan-440-empleos-en-la-operadora-optus\/"},"wordCount":742,"publisher":{"@id":"https:\/\/www.ugtcomunicaciones.es\/wordpress\/#organization"},"image":{"@id":"https:\/\/www.ugtcomunicaciones.es\/wordpress\/la-digitalizacion-y-la-automatizacion-eliminan-440-empleos-en-la-operadora-optus\/#primaryimage"},"thumbnailUrl":"https:\/\/www.ugtcomunicaciones.es\/wordpress\/wp-content\/uploads\/2018\/11\/optus.jpg","articleSection":["Opini\u00f3n","Regulaci\u00f3n"],"inLanguage":"es"},{"@type":"WebPage","@id":"https:\/\/www.ugtcomunicaciones.es\/wordpress\/la-digitalizacion-y-la-automatizacion-eliminan-440-empleos-en-la-operadora-optus\/","url":"https:\/\/www.ugtcomunicaciones.es\/wordpress\/la-digitalizacion-y-la-automatizacion-eliminan-440-empleos-en-la-operadora-optus\/","name":"La digitalizaci\u00f3n y la automatizaci\u00f3n eliminan 440 empleos en la operadora OPTUS - UGT Comunicaciones","isPartOf":{"@id":"https:\/\/www.ugtcomunicaciones.es\/wordpress\/#website"},"primaryImageOfPage":{"@id":"https:\/\/www.ugtcomunicaciones.es\/wordpress\/la-digitalizacion-y-la-automatizacion-eliminan-440-empleos-en-la-operadora-optus\/#primaryimage"},"image":{"@id":"https:\/\/www.ugtcomunicaciones.es\/wordpress\/la-digitalizacion-y-la-automatizacion-eliminan-440-empleos-en-la-operadora-optus\/#primaryimage"},"thumbnailUrl":"https:\/\/www.ugtcomunicaciones.es\/wordpress\/wp-content\/uploads\/2018\/11\/optus.jpg","datePublished":"2018-12-10T05:00:32+00:00","description":"Nuevo indicio que apunta a que los procesos de automatizaci\u00f3n de procesos y operativas ser\u00e1n el pr\u00f3ximo caballo de batalla contra en el empleo en nuestro...","breadcrumb":{"@id":"https:\/\/www.ugtcomunicaciones.es\/wordpress\/la-digitalizacion-y-la-automatizacion-eliminan-440-empleos-en-la-operadora-optus\/#breadcrumb"},"inLanguage":"es","potentialAction":[{"@type":"ReadAction","target":["https:\/\/www.ugtcomunicaciones.es\/wordpress\/la-digitalizacion-y-la-automatizacion-eliminan-440-empleos-en-la-operadora-optus\/"]}]},{"@type":"ImageObject","inLanguage":"es","@id":"https:\/\/www.ugtcomunicaciones.es\/wordpress\/la-digitalizacion-y-la-automatizacion-eliminan-440-empleos-en-la-operadora-optus\/#primaryimage","url":"https:\/\/www.ugtcomunicaciones.es\/wordpress\/wp-content\/uploads\/2018\/11\/optus.jpg","contentUrl":"https:\/\/www.ugtcomunicaciones.es\/wordpress\/wp-content\/uploads\/2018\/11\/optus.jpg","width":600,"height":561,"caption":"optus"},{"@type":"BreadcrumbList","@id":"https:\/\/www.ugtcomunicaciones.es\/wordpress\/la-digitalizacion-y-la-automatizacion-eliminan-440-empleos-en-la-operadora-optus\/#breadcrumb","itemListElement":[{"@type":"ListItem","position":1,"name":"Portada","item":"https:\/\/www.ugtcomunicaciones.es\/wordpress\/"},{"@type":"ListItem","position":2,"name":"La digitalizaci\u00f3n y la automatizaci\u00f3n eliminan 440 empleos en la operadora OPTUS"}]},{"@type":"WebSite","@id":"https:\/\/www.ugtcomunicaciones.es\/wordpress\/#website","url":"https:\/\/www.ugtcomunicaciones.es\/wordpress\/","name":"UGT Comunicaciones","description":"Sindicato de Telecomunicaciones","publisher":{"@id":"https:\/\/www.ugtcomunicaciones.es\/wordpress\/#organization"},"potentialAction":[{"@type":"SearchAction","target":{"@type":"EntryPoint","urlTemplate":"https:\/\/www.ugtcomunicaciones.es\/wordpress\/?s={search_term_string}"},"query-input":{"@type":"PropertyValueSpecification","valueRequired":true,"valueName":"search_term_string"}}],"inLanguage":"es"},{"@type":"Organization","@id":"https:\/\/www.ugtcomunicaciones.es\/wordpress\/#organization","name":"UGT Comunicaciones","url":"https:\/\/www.ugtcomunicaciones.es\/wordpress\/","logo":{"@type":"ImageObject","inLanguage":"es","@id":"https:\/\/www.ugtcomunicaciones.es\/wordpress\/#\/schema\/logo\/image\/","url":"https:\/\/www.ugtcomunicaciones.es\/wordpress\/wp-content\/uploads\/2024\/04\/comunicaciones_logo.png","contentUrl":"https:\/\/www.ugtcomunicaciones.es\/wordpress\/wp-content\/uploads\/2024\/04\/comunicaciones_logo.png","width":298,"height":81,"caption":"UGT Comunicaciones"},"image":{"@id":"https:\/\/www.ugtcomunicaciones.es\/wordpress\/#\/schema\/logo\/image\/"},"sameAs":["https:\/\/www.facebook.com\/ugt.comunicaciones\/","https:\/\/x.com\/ugtcom"]},{"@type":"Person","@id":"https:\/\/www.ugtcomunicaciones.es\/wordpress\/#\/schema\/person\/eba0fc3fe5b444531d94d4368cba89ed","name":"UGT","image":{"@type":"ImageObject","inLanguage":"es","@id":"https:\/\/secure.gravatar.com\/avatar\/2a16057d620a4c646bcfc171c4f23030879ebbdd346f0525bd5d4a564e57e13d?s=96&d=mm&r=g","url":"https:\/\/secure.gravatar.com\/avatar\/2a16057d620a4c646bcfc171c4f23030879ebbdd346f0525bd5d4a564e57e13d?s=96&d=mm&r=g","contentUrl":"https:\/\/secure.gravatar.com\/avatar\/2a16057d620a4c646bcfc171c4f23030879ebbdd346f0525bd5d4a564e57e13d?s=96&d=mm&r=g","caption":"UGT"}}]}},"_links":{"self":[{"href":"https:\/\/www.ugtcomunicaciones.es\/wordpress\/wp-json\/wp\/v2\/posts\/249580","targetHints":{"allow":["GET"]}}],"collection":[{"href":"https:\/\/www.ugtcomunicaciones.es\/wordpress\/wp-json\/wp\/v2\/posts"}],"about":[{"href":"https:\/\/www.ugtcomunicaciones.es\/wordpress\/wp-json\/wp\/v2\/types\/post"}],"author":[{"embeddable":true,"href":"https:\/\/www.ugtcomunicaciones.es\/wordpress\/wp-json\/wp\/v2\/users\/3"}],"replies":[{"embeddable":true,"href":"https:\/\/www.ugtcomunicaciones.es\/wordpress\/wp-json\/wp\/v2\/comments?post=249580"}],"version-history":[{"count":0,"href":"https:\/\/www.ugtcomunicaciones.es\/wordpress\/wp-json\/wp\/v2\/posts\/249580\/revisions"}],"wp:featuredmedia":[{"embeddable":true,"href":"https:\/\/www.ugtcomunicaciones.es\/wordpress\/wp-json\/wp\/v2\/media\/249611"}],"wp:attachment":[{"href":"https:\/\/www.ugtcomunicaciones.es\/wordpress\/wp-json\/wp\/v2\/media?parent=249580"}],"wp:term":[{"taxonomy":"category","embeddable":true,"href":"https:\/\/www.ugtcomunicaciones.es\/wordpress\/wp-json\/wp\/v2\/categories?post=249580"},{"taxonomy":"post_tag","embeddable":true,"href":"https:\/\/www.ugtcomunicaciones.es\/wordpress\/wp-json\/wp\/v2\/tags?post=249580"}],"curies":[{"name":"wp","href":"https:\/\/api.w.org\/{rel}","templated":true}]}}