{"id":249680,"date":"2018-12-10T07:00:35","date_gmt":"2018-12-10T05:00:35","guid":{"rendered":"http:\/\/ugtcomunicaciones.es\/wordpress\/?p=249680"},"modified":"2018-11-29T13:02:09","modified_gmt":"2018-11-29T11:02:09","slug":"el-mercado-no-para-masmovil-compra-lebara","status":"publish","type":"post","link":"https:\/\/www.ugtcomunicaciones.es\/wordpress\/el-mercado-no-para-masmovil-compra-lebara\/","title":{"rendered":"El mercado no para: M\u00c1SM\u00d3VIL compra LEBARA"},"content":{"rendered":"\n<p class=\"justificado\">Si unos d\u00edas antes fue Orange, que con su adquisici\u00f3n de Rep\u00fablica M\u00f3vil daba la sorpresa,pocos d\u00edas despu\u00e9s le tocaba el turno a M\u00e1sM\u00f3vil, que se hac\u00eda con la OMV Lebara, un virtual que comercializa \u201cservicios prepago para el segmento \u00e9tnico<a href=\"#_ftn1\">[1]<\/a>\u201d.<\/p>\n\n\n\n<p class=\"justificado\">La operaci\u00f3n, cifrada en un m\u00e1ximo de 55 millones de euros (50 en primera instancia, los otros cinco pendientes de resultados y de compromisos), aumenta el parque de clientes de M\u00e1sM\u00f3vil en 420.000 nuevos clientes, con un ARPU de 10euros<a href=\"#_ftn2\">[2]<\/a>.Esta cantidad supone pagar 130 euros por cliente en la operaci\u00f3n de compra-venta<a href=\"#_ftn3\">[3]<\/a>. <\/p>\n\n\n\n<p class=\"justificado\">M\u00e1sM\u00f3vil asegura que la compra <em>\u201cgenerar\u00e1 un relevante potencial de mejora de la rentabilidad de \u201cLebara Espa\u00f1a\u201d,resultando en un EBITDA aproximado de unos 24M\u20ac sobre la facturaci\u00f3n de los \u00faltimos 12 meses\u201d<\/em>,adem\u00e1s de aumentar su n\u00famero de clientes hasta los 7,5 millones.<\/p>\n\n\n\n<div class=\"wp-block-image\"><figure class=\"alignleft\"><img decoding=\"async\" width=\"300\" height=\"85\" data-src=\"http:\/\/ugtcomunicaciones.es\/wordpress\/wp-content\/uploads\/2018\/11\/logo-lebara-300x85.png\" alt=\"logo-lebara\" class=\"wp-image-249681 lazyload\" data-srcset=\"https:\/\/www.ugtcomunicaciones.es\/wordpress\/wp-content\/uploads\/2018\/11\/logo-lebara-300x85.png 300w, https:\/\/www.ugtcomunicaciones.es\/wordpress\/wp-content\/uploads\/2018\/11\/logo-lebara.png 451w\" data-sizes=\"(max-width: 300px) 100vw, 300px\" src=\"data:image\/svg+xml;base64,PHN2ZyB3aWR0aD0iMSIgaGVpZ2h0PSIxIiB4bWxucz0iaHR0cDovL3d3dy53My5vcmcvMjAwMC9zdmciPjwvc3ZnPg==\" style=\"--smush-placeholder-width: 300px; --smush-placeholder-aspect-ratio: 300\/85;\" \/><\/figure><\/div>\n\n\n\n<p class=\"justificado\">El principal damnificado por esta operaci\u00f3n es Vodafone, que pierde como operador anfitri\u00f3n un OMV que alquilaba su red, y por tanto, su ingresos mayoristas se ver\u00e1n afectados negativamente.<\/p>\n\n\n\n<p class=\"justificado\">Desde un punto de vista de competencia, la adquisici\u00f3n consolida la posici\u00f3n de M\u00e1sM\u00f3vil como cuarto operador, aumentando su cuota de mercado casi un punto, hasta rozar el 12%. Las OMV, como conjunto, agudizan su tendencia de retrocesos, hasta el punto de perder el 8% de cuota:<\/p>\n\n\n\n<p class=\"justificado\"><strong>Cuotas de mercado antes de la adquisici\u00f3n de Lebara por M\u00e1sM\u00f3vil<\/strong><\/p>\n\n\n\n<div class=\"wp-block-image\"><figure class=\"aligncenter\"><img decoding=\"async\" width=\"480\" height=\"288\" data-src=\"http:\/\/ugtcomunicaciones.es\/wordpress\/wp-content\/uploads\/2018\/11\/lebara-01-10-12-18.png\" alt=\"lebara-01-10-12-18\" class=\"wp-image-249692 lazyload\" data-srcset=\"https:\/\/www.ugtcomunicaciones.es\/wordpress\/wp-content\/uploads\/2018\/11\/lebara-01-10-12-18.png 480w, https:\/\/www.ugtcomunicaciones.es\/wordpress\/wp-content\/uploads\/2018\/11\/lebara-01-10-12-18-300x180.png 300w\" data-sizes=\"(max-width: 480px) 100vw, 480px\" src=\"data:image\/svg+xml;base64,PHN2ZyB3aWR0aD0iMSIgaGVpZ2h0PSIxIiB4bWxucz0iaHR0cDovL3d3dy53My5vcmcvMjAwMC9zdmciPjwvc3ZnPg==\" style=\"--smush-placeholder-width: 480px; --smush-placeholder-aspect-ratio: 480\/288;\" \/><\/figure><\/div>\n\n\n\n<p class=\"justificado\"><strong>Cuotas de mercado despu\u00e9s de la adquisici\u00f3n de Lebara por M\u00e1sM\u00f3vil<\/strong><\/p>\n\n\n\n<div class=\"wp-block-image\"><figure class=\"aligncenter\"><img decoding=\"async\" width=\"480\" height=\"288\" data-src=\"http:\/\/ugtcomunicaciones.es\/wordpress\/wp-content\/uploads\/2018\/11\/lebara-02-10-12-18.png\" alt=\"lebara-02-10-12-18\" class=\"wp-image-249693 lazyload\" data-srcset=\"https:\/\/www.ugtcomunicaciones.es\/wordpress\/wp-content\/uploads\/2018\/11\/lebara-02-10-12-18.png 480w, https:\/\/www.ugtcomunicaciones.es\/wordpress\/wp-content\/uploads\/2018\/11\/lebara-02-10-12-18-300x180.png 300w\" data-sizes=\"(max-width: 480px) 100vw, 480px\" src=\"data:image\/svg+xml;base64,PHN2ZyB3aWR0aD0iMSIgaGVpZ2h0PSIxIiB4bWxucz0iaHR0cDovL3d3dy53My5vcmcvMjAwMC9zdmciPjwvc3ZnPg==\" style=\"--smush-placeholder-width: 480px; --smush-placeholder-aspect-ratio: 480\/288;\" \/><\/figure><\/div>\n\n\n\n<h3 style=\"text-align: right;\"><strong><span style=\"color: #ff0000;\">UGT<\/span> Comunicaciones<\/strong><br><strong>Sector Estatal<\/strong><\/h3>\n\n\n\n<hr class=\"wp-block-separator\"\/>\n\n\n\n<p style=\"font-size:9px\"><a href=\"#_ftnref1\">[1]<\/a> <a href=\"http:\/\/www.grupomasmovil.com\/wp-content\/uploads\/2018\/11\/181121_Nota-de-prensa-Lebara.pdf\" target=\"_blank\" rel=\"noreferrer noopener\" aria-label=\"[1] http:\/\/www.grupomasmovil.com\/wp-content\/uploads\/2018\/11\/181121_Nota-de-prensa-Lebara.pdf\n[2]\u00a0https:\/\/cincodias.elpais.com\/cincodias\/2018\/11\/21\/companias\/1542786242_385082.html\n[3]\u00a0https:\/\/www.eleconomista.es\/empresas-finanzas\/noticias\/9533307\/11\/18\/MasMovil-compra-a-su-rival-Lebara-Mobile-por-55-millones-de-euros.html\n (abre en una nueva pesta\u00f1a)\">http:\/\/www.grupomasmovil.com\/wp-content\/uploads\/2018\/11\/181121_Nota-de-prensa-Lebara.pdf<\/a><br><a href=\"http:\/\/ugtcomunicaciones.es\/wordpress\/wp-admin\/post.php?post=249680&amp;action=edit#_ftnref2\">[2]<\/a>\u00a0<a rel=\"noreferrer noopener\" aria-label=\"[1] http:\/\/www.grupomasmovil.com\/wp-content\/uploads\/2018\/11\/181121_Nota-de-prensa-Lebara.pdf\n[2]\u00a0https:\/\/cincodias.elpais.com\/cincodias\/2018\/11\/21\/companias\/1542786242_385082.html\n[3]\u00a0https:\/\/www.eleconomista.es\/empresas-finanzas\/noticias\/9533307\/11\/18\/MasMovil-compra-a-su-rival-Lebara-Mobile-por-55-millones-de-euros.html\n (abre en una nueva pesta\u00f1a)\" href=\"https:\/\/cincodias.elpais.com\/cincodias\/2018\/11\/21\/companias\/1542786242_385082.html\" target=\"_blank\">https:\/\/cincodias.elpais.com\/cincodias\/2018\/11\/21\/companias\/1542786242_385082.html<\/a><br><a href=\"http:\/\/ugtcomunicaciones.es\/wordpress\/wp-admin\/post.php?post=249680&amp;action=edit#_ftnref3\">[3]<\/a>\u00a0<a rel=\"noreferrer noopener\" aria-label=\"[1] http:\/\/www.grupomasmovil.com\/wp-content\/uploads\/2018\/11\/181121_Nota-de-prensa-Lebara.pdf\n[2]\u00a0https:\/\/cincodias.elpais.com\/cincodias\/2018\/11\/21\/companias\/1542786242_385082.html\n[3]\u00a0https:\/\/www.eleconomista.es\/empresas-finanzas\/noticias\/9533307\/11\/18\/MasMovil-compra-a-su-rival-Lebara-Mobile-por-55-millones-de-euros.html\n (abre en una nueva pesta\u00f1a)\" href=\"https:\/\/www.eleconomista.es\/empresas-finanzas\/noticias\/9533307\/11\/18\/MasMovil-compra-a-su-rival-Lebara-Mobile-por-55-millones-de-euros.html\" target=\"_blank\">https:\/\/www.eleconomista.es\/empresas-finanzas\/noticias\/9533307\/11\/18\/MasMovil-compra-a-su-rival-Lebara-Mobile-por-55-millones-de-euros.html<\/a><br><\/p>\n\n\n\n<p><a href=\"#_ftnref2\"><\/a><\/p>\n\n\n\n<p><br><\/p>\n","protected":false},"excerpt":{"rendered":"<p>Si unos d\u00edas antes fue Orange, que con su adquisici\u00f3n de Rep\u00fablica M\u00f3vil daba la sorpresa,pocos d\u00edas despu\u00e9s le tocaba el turno a M\u00e1sM\u00f3vil, que se hac\u00eda con la OMV Lebara, un virtual que comercializa \u201cservicios prepago para el segmento \u00e9tnico[1]\u201d. La operaci\u00f3n, cifrada en un m\u00e1ximo de 55 millones de euros (50 en primera [&hellip;]<\/p>\n","protected":false},"author":3,"featured_media":249698,"comment_status":"closed","ping_status":"closed","sticky":false,"template":"","format":"standard","meta":{"footnotes":""},"categories":[13,12],"tags":[],"class_list":["post-249680","post","type-post","status-publish","format-standard","has-post-thumbnail","hentry","category-mercado-comunicaciones","category-regulacion"],"yoast_head":"<!-- This site is optimized with the Yoast SEO Premium plugin v27.3 (Yoast SEO v27.4) - https:\/\/yoast.com\/product\/yoast-seo-premium-wordpress\/ -->\n<title>El mercado no para: M\u00c1SM\u00d3VIL compra LEBARA - UGT Comunicaciones<\/title>\n<meta name=\"description\" content=\"Si unos d\u00edas antes fue Orange, con su adquisici\u00f3n de Rep\u00fablica M\u00f3vil,pocos d\u00edas despu\u00e9s le tocaba el turno a M\u00e1sM\u00f3vil, que se hac\u00eda con la OMV Lebara...\" \/>\n<meta name=\"robots\" content=\"index, follow, max-snippet:-1, max-image-preview:large, max-video-preview:-1\" \/>\n<link rel=\"canonical\" href=\"https:\/\/www.ugtcomunicaciones.es\/wordpress\/el-mercado-no-para-masmovil-compra-lebara\/\" \/>\n<meta property=\"og:locale\" content=\"es_ES\" \/>\n<meta property=\"og:type\" content=\"article\" \/>\n<meta property=\"og:title\" content=\"El mercado no para: M\u00c1SM\u00d3VIL compra LEBARA\" \/>\n<meta property=\"og:description\" content=\"Si unos d\u00edas antes fue Orange, con su adquisici\u00f3n de Rep\u00fablica M\u00f3vil,pocos d\u00edas despu\u00e9s le tocaba el turno a M\u00e1sM\u00f3vil, que se hac\u00eda con la OMV Lebara...\" \/>\n<meta property=\"og:url\" content=\"https:\/\/www.ugtcomunicaciones.es\/wordpress\/el-mercado-no-para-masmovil-compra-lebara\/\" \/>\n<meta property=\"og:site_name\" content=\"UGT Comunicaciones\" \/>\n<meta property=\"article:publisher\" content=\"https:\/\/www.facebook.com\/ugt.comunicaciones\/\" \/>\n<meta property=\"article:published_time\" content=\"2018-12-10T05:00:35+00:00\" \/>\n<meta property=\"og:image\" content=\"https:\/\/www.ugtcomunicaciones.es\/wordpress\/wp-content\/uploads\/2018\/11\/lebara-portada-10-12-18.jpg\" \/>\n\t<meta property=\"og:image:width\" content=\"600\" \/>\n\t<meta property=\"og:image:height\" content=\"338\" \/>\n\t<meta property=\"og:image:type\" content=\"image\/jpeg\" \/>\n<meta name=\"author\" content=\"UGT\" \/>\n<meta name=\"twitter:card\" content=\"summary_large_image\" \/>\n<meta name=\"twitter:creator\" content=\"@ugtcom\" \/>\n<meta name=\"twitter:site\" content=\"@ugtcom\" \/>\n<meta name=\"twitter:label1\" content=\"Escrito por\" \/>\n\t<meta name=\"twitter:data1\" content=\"UGT\" \/>\n\t<meta name=\"twitter:label2\" content=\"Tiempo de lectura\" \/>\n\t<meta name=\"twitter:data2\" content=\"1 minuto\" \/>\n<script type=\"application\/ld+json\" class=\"yoast-schema-graph\">{\"@context\":\"https:\\\/\\\/schema.org\",\"@graph\":[{\"@type\":\"Article\",\"@id\":\"https:\\\/\\\/www.ugtcomunicaciones.es\\\/wordpress\\\/el-mercado-no-para-masmovil-compra-lebara\\\/#article\",\"isPartOf\":{\"@id\":\"https:\\\/\\\/www.ugtcomunicaciones.es\\\/wordpress\\\/el-mercado-no-para-masmovil-compra-lebara\\\/\"},\"author\":{\"name\":\"UGT\",\"@id\":\"https:\\\/\\\/www.ugtcomunicaciones.es\\\/wordpress\\\/#\\\/schema\\\/person\\\/eba0fc3fe5b444531d94d4368cba89ed\"},\"headline\":\"El mercado no para: M\u00c1SM\u00d3VIL compra LEBARA\",\"datePublished\":\"2018-12-10T05:00:35+00:00\",\"mainEntityOfPage\":{\"@id\":\"https:\\\/\\\/www.ugtcomunicaciones.es\\\/wordpress\\\/el-mercado-no-para-masmovil-compra-lebara\\\/\"},\"wordCount\":296,\"publisher\":{\"@id\":\"https:\\\/\\\/www.ugtcomunicaciones.es\\\/wordpress\\\/#organization\"},\"image\":{\"@id\":\"https:\\\/\\\/www.ugtcomunicaciones.es\\\/wordpress\\\/el-mercado-no-para-masmovil-compra-lebara\\\/#primaryimage\"},\"thumbnailUrl\":\"https:\\\/\\\/www.ugtcomunicaciones.es\\\/wordpress\\\/wp-content\\\/uploads\\\/2018\\\/11\\\/lebara-portada-10-12-18.jpg\",\"articleSection\":[\"Mercado Comunicaciones\",\"Regulaci\u00f3n\"],\"inLanguage\":\"es\"},{\"@type\":\"WebPage\",\"@id\":\"https:\\\/\\\/www.ugtcomunicaciones.es\\\/wordpress\\\/el-mercado-no-para-masmovil-compra-lebara\\\/\",\"url\":\"https:\\\/\\\/www.ugtcomunicaciones.es\\\/wordpress\\\/el-mercado-no-para-masmovil-compra-lebara\\\/\",\"name\":\"El mercado no para: M\u00c1SM\u00d3VIL compra LEBARA - UGT Comunicaciones\",\"isPartOf\":{\"@id\":\"https:\\\/\\\/www.ugtcomunicaciones.es\\\/wordpress\\\/#website\"},\"primaryImageOfPage\":{\"@id\":\"https:\\\/\\\/www.ugtcomunicaciones.es\\\/wordpress\\\/el-mercado-no-para-masmovil-compra-lebara\\\/#primaryimage\"},\"image\":{\"@id\":\"https:\\\/\\\/www.ugtcomunicaciones.es\\\/wordpress\\\/el-mercado-no-para-masmovil-compra-lebara\\\/#primaryimage\"},\"thumbnailUrl\":\"https:\\\/\\\/www.ugtcomunicaciones.es\\\/wordpress\\\/wp-content\\\/uploads\\\/2018\\\/11\\\/lebara-portada-10-12-18.jpg\",\"datePublished\":\"2018-12-10T05:00:35+00:00\",\"description\":\"Si unos d\u00edas antes fue Orange, con su adquisici\u00f3n de Rep\u00fablica M\u00f3vil,pocos d\u00edas despu\u00e9s le tocaba el turno a M\u00e1sM\u00f3vil, que se hac\u00eda con la OMV Lebara...\",\"breadcrumb\":{\"@id\":\"https:\\\/\\\/www.ugtcomunicaciones.es\\\/wordpress\\\/el-mercado-no-para-masmovil-compra-lebara\\\/#breadcrumb\"},\"inLanguage\":\"es\",\"potentialAction\":[{\"@type\":\"ReadAction\",\"target\":[\"https:\\\/\\\/www.ugtcomunicaciones.es\\\/wordpress\\\/el-mercado-no-para-masmovil-compra-lebara\\\/\"]}]},{\"@type\":\"ImageObject\",\"inLanguage\":\"es\",\"@id\":\"https:\\\/\\\/www.ugtcomunicaciones.es\\\/wordpress\\\/el-mercado-no-para-masmovil-compra-lebara\\\/#primaryimage\",\"url\":\"https:\\\/\\\/www.ugtcomunicaciones.es\\\/wordpress\\\/wp-content\\\/uploads\\\/2018\\\/11\\\/lebara-portada-10-12-18.jpg\",\"contentUrl\":\"https:\\\/\\\/www.ugtcomunicaciones.es\\\/wordpress\\\/wp-content\\\/uploads\\\/2018\\\/11\\\/lebara-portada-10-12-18.jpg\",\"width\":600,\"height\":338,\"caption\":\"lebara-portada-10-12-18\"},{\"@type\":\"BreadcrumbList\",\"@id\":\"https:\\\/\\\/www.ugtcomunicaciones.es\\\/wordpress\\\/el-mercado-no-para-masmovil-compra-lebara\\\/#breadcrumb\",\"itemListElement\":[{\"@type\":\"ListItem\",\"position\":1,\"name\":\"Portada\",\"item\":\"https:\\\/\\\/www.ugtcomunicaciones.es\\\/wordpress\\\/\"},{\"@type\":\"ListItem\",\"position\":2,\"name\":\"El mercado no para: M\u00c1SM\u00d3VIL compra LEBARA\"}]},{\"@type\":\"WebSite\",\"@id\":\"https:\\\/\\\/www.ugtcomunicaciones.es\\\/wordpress\\\/#website\",\"url\":\"https:\\\/\\\/www.ugtcomunicaciones.es\\\/wordpress\\\/\",\"name\":\"UGT Comunicaciones\",\"description\":\"Sindicato de Telecomunicaciones\",\"publisher\":{\"@id\":\"https:\\\/\\\/www.ugtcomunicaciones.es\\\/wordpress\\\/#organization\"},\"potentialAction\":[{\"@type\":\"SearchAction\",\"target\":{\"@type\":\"EntryPoint\",\"urlTemplate\":\"https:\\\/\\\/www.ugtcomunicaciones.es\\\/wordpress\\\/?s={search_term_string}\"},\"query-input\":{\"@type\":\"PropertyValueSpecification\",\"valueRequired\":true,\"valueName\":\"search_term_string\"}}],\"inLanguage\":\"es\"},{\"@type\":\"Organization\",\"@id\":\"https:\\\/\\\/www.ugtcomunicaciones.es\\\/wordpress\\\/#organization\",\"name\":\"UGT Comunicaciones\",\"url\":\"https:\\\/\\\/www.ugtcomunicaciones.es\\\/wordpress\\\/\",\"logo\":{\"@type\":\"ImageObject\",\"inLanguage\":\"es\",\"@id\":\"https:\\\/\\\/www.ugtcomunicaciones.es\\\/wordpress\\\/#\\\/schema\\\/logo\\\/image\\\/\",\"url\":\"https:\\\/\\\/www.ugtcomunicaciones.es\\\/wordpress\\\/wp-content\\\/uploads\\\/2024\\\/04\\\/comunicaciones_logo.png\",\"contentUrl\":\"https:\\\/\\\/www.ugtcomunicaciones.es\\\/wordpress\\\/wp-content\\\/uploads\\\/2024\\\/04\\\/comunicaciones_logo.png\",\"width\":298,\"height\":81,\"caption\":\"UGT Comunicaciones\"},\"image\":{\"@id\":\"https:\\\/\\\/www.ugtcomunicaciones.es\\\/wordpress\\\/#\\\/schema\\\/logo\\\/image\\\/\"},\"sameAs\":[\"https:\\\/\\\/www.facebook.com\\\/ugt.comunicaciones\\\/\",\"https:\\\/\\\/x.com\\\/ugtcom\"]},{\"@type\":\"Person\",\"@id\":\"https:\\\/\\\/www.ugtcomunicaciones.es\\\/wordpress\\\/#\\\/schema\\\/person\\\/eba0fc3fe5b444531d94d4368cba89ed\",\"name\":\"UGT\",\"image\":{\"@type\":\"ImageObject\",\"inLanguage\":\"es\",\"@id\":\"https:\\\/\\\/secure.gravatar.com\\\/avatar\\\/2a16057d620a4c646bcfc171c4f23030879ebbdd346f0525bd5d4a564e57e13d?s=96&d=mm&r=g\",\"url\":\"https:\\\/\\\/secure.gravatar.com\\\/avatar\\\/2a16057d620a4c646bcfc171c4f23030879ebbdd346f0525bd5d4a564e57e13d?s=96&d=mm&r=g\",\"contentUrl\":\"https:\\\/\\\/secure.gravatar.com\\\/avatar\\\/2a16057d620a4c646bcfc171c4f23030879ebbdd346f0525bd5d4a564e57e13d?s=96&d=mm&r=g\",\"caption\":\"UGT\"}}]}<\/script>\n<!-- \/ Yoast SEO Premium plugin. -->","yoast_head_json":{"title":"El mercado no para: M\u00c1SM\u00d3VIL compra LEBARA - UGT Comunicaciones","description":"Si unos d\u00edas antes fue Orange, con su adquisici\u00f3n de Rep\u00fablica M\u00f3vil,pocos d\u00edas despu\u00e9s le tocaba el turno a M\u00e1sM\u00f3vil, que se hac\u00eda con la OMV Lebara...","robots":{"index":"index","follow":"follow","max-snippet":"max-snippet:-1","max-image-preview":"max-image-preview:large","max-video-preview":"max-video-preview:-1"},"canonical":"https:\/\/www.ugtcomunicaciones.es\/wordpress\/el-mercado-no-para-masmovil-compra-lebara\/","og_locale":"es_ES","og_type":"article","og_title":"El mercado no para: M\u00c1SM\u00d3VIL compra LEBARA","og_description":"Si unos d\u00edas antes fue Orange, con su adquisici\u00f3n de Rep\u00fablica M\u00f3vil,pocos d\u00edas despu\u00e9s le tocaba el turno a M\u00e1sM\u00f3vil, que se hac\u00eda con la OMV Lebara...","og_url":"https:\/\/www.ugtcomunicaciones.es\/wordpress\/el-mercado-no-para-masmovil-compra-lebara\/","og_site_name":"UGT Comunicaciones","article_publisher":"https:\/\/www.facebook.com\/ugt.comunicaciones\/","article_published_time":"2018-12-10T05:00:35+00:00","og_image":[{"width":600,"height":338,"url":"https:\/\/www.ugtcomunicaciones.es\/wordpress\/wp-content\/uploads\/2018\/11\/lebara-portada-10-12-18.jpg","type":"image\/jpeg"}],"author":"UGT","twitter_card":"summary_large_image","twitter_creator":"@ugtcom","twitter_site":"@ugtcom","twitter_misc":{"Escrito por":"UGT","Tiempo de lectura":"1 minuto"},"schema":{"@context":"https:\/\/schema.org","@graph":[{"@type":"Article","@id":"https:\/\/www.ugtcomunicaciones.es\/wordpress\/el-mercado-no-para-masmovil-compra-lebara\/#article","isPartOf":{"@id":"https:\/\/www.ugtcomunicaciones.es\/wordpress\/el-mercado-no-para-masmovil-compra-lebara\/"},"author":{"name":"UGT","@id":"https:\/\/www.ugtcomunicaciones.es\/wordpress\/#\/schema\/person\/eba0fc3fe5b444531d94d4368cba89ed"},"headline":"El mercado no para: M\u00c1SM\u00d3VIL compra LEBARA","datePublished":"2018-12-10T05:00:35+00:00","mainEntityOfPage":{"@id":"https:\/\/www.ugtcomunicaciones.es\/wordpress\/el-mercado-no-para-masmovil-compra-lebara\/"},"wordCount":296,"publisher":{"@id":"https:\/\/www.ugtcomunicaciones.es\/wordpress\/#organization"},"image":{"@id":"https:\/\/www.ugtcomunicaciones.es\/wordpress\/el-mercado-no-para-masmovil-compra-lebara\/#primaryimage"},"thumbnailUrl":"https:\/\/www.ugtcomunicaciones.es\/wordpress\/wp-content\/uploads\/2018\/11\/lebara-portada-10-12-18.jpg","articleSection":["Mercado Comunicaciones","Regulaci\u00f3n"],"inLanguage":"es"},{"@type":"WebPage","@id":"https:\/\/www.ugtcomunicaciones.es\/wordpress\/el-mercado-no-para-masmovil-compra-lebara\/","url":"https:\/\/www.ugtcomunicaciones.es\/wordpress\/el-mercado-no-para-masmovil-compra-lebara\/","name":"El mercado no para: M\u00c1SM\u00d3VIL compra LEBARA - UGT Comunicaciones","isPartOf":{"@id":"https:\/\/www.ugtcomunicaciones.es\/wordpress\/#website"},"primaryImageOfPage":{"@id":"https:\/\/www.ugtcomunicaciones.es\/wordpress\/el-mercado-no-para-masmovil-compra-lebara\/#primaryimage"},"image":{"@id":"https:\/\/www.ugtcomunicaciones.es\/wordpress\/el-mercado-no-para-masmovil-compra-lebara\/#primaryimage"},"thumbnailUrl":"https:\/\/www.ugtcomunicaciones.es\/wordpress\/wp-content\/uploads\/2018\/11\/lebara-portada-10-12-18.jpg","datePublished":"2018-12-10T05:00:35+00:00","description":"Si unos d\u00edas antes fue Orange, con su adquisici\u00f3n de Rep\u00fablica M\u00f3vil,pocos d\u00edas despu\u00e9s le tocaba el turno a M\u00e1sM\u00f3vil, que se hac\u00eda con la OMV Lebara...","breadcrumb":{"@id":"https:\/\/www.ugtcomunicaciones.es\/wordpress\/el-mercado-no-para-masmovil-compra-lebara\/#breadcrumb"},"inLanguage":"es","potentialAction":[{"@type":"ReadAction","target":["https:\/\/www.ugtcomunicaciones.es\/wordpress\/el-mercado-no-para-masmovil-compra-lebara\/"]}]},{"@type":"ImageObject","inLanguage":"es","@id":"https:\/\/www.ugtcomunicaciones.es\/wordpress\/el-mercado-no-para-masmovil-compra-lebara\/#primaryimage","url":"https:\/\/www.ugtcomunicaciones.es\/wordpress\/wp-content\/uploads\/2018\/11\/lebara-portada-10-12-18.jpg","contentUrl":"https:\/\/www.ugtcomunicaciones.es\/wordpress\/wp-content\/uploads\/2018\/11\/lebara-portada-10-12-18.jpg","width":600,"height":338,"caption":"lebara-portada-10-12-18"},{"@type":"BreadcrumbList","@id":"https:\/\/www.ugtcomunicaciones.es\/wordpress\/el-mercado-no-para-masmovil-compra-lebara\/#breadcrumb","itemListElement":[{"@type":"ListItem","position":1,"name":"Portada","item":"https:\/\/www.ugtcomunicaciones.es\/wordpress\/"},{"@type":"ListItem","position":2,"name":"El mercado no para: M\u00c1SM\u00d3VIL compra LEBARA"}]},{"@type":"WebSite","@id":"https:\/\/www.ugtcomunicaciones.es\/wordpress\/#website","url":"https:\/\/www.ugtcomunicaciones.es\/wordpress\/","name":"UGT Comunicaciones","description":"Sindicato de Telecomunicaciones","publisher":{"@id":"https:\/\/www.ugtcomunicaciones.es\/wordpress\/#organization"},"potentialAction":[{"@type":"SearchAction","target":{"@type":"EntryPoint","urlTemplate":"https:\/\/www.ugtcomunicaciones.es\/wordpress\/?s={search_term_string}"},"query-input":{"@type":"PropertyValueSpecification","valueRequired":true,"valueName":"search_term_string"}}],"inLanguage":"es"},{"@type":"Organization","@id":"https:\/\/www.ugtcomunicaciones.es\/wordpress\/#organization","name":"UGT Comunicaciones","url":"https:\/\/www.ugtcomunicaciones.es\/wordpress\/","logo":{"@type":"ImageObject","inLanguage":"es","@id":"https:\/\/www.ugtcomunicaciones.es\/wordpress\/#\/schema\/logo\/image\/","url":"https:\/\/www.ugtcomunicaciones.es\/wordpress\/wp-content\/uploads\/2024\/04\/comunicaciones_logo.png","contentUrl":"https:\/\/www.ugtcomunicaciones.es\/wordpress\/wp-content\/uploads\/2024\/04\/comunicaciones_logo.png","width":298,"height":81,"caption":"UGT Comunicaciones"},"image":{"@id":"https:\/\/www.ugtcomunicaciones.es\/wordpress\/#\/schema\/logo\/image\/"},"sameAs":["https:\/\/www.facebook.com\/ugt.comunicaciones\/","https:\/\/x.com\/ugtcom"]},{"@type":"Person","@id":"https:\/\/www.ugtcomunicaciones.es\/wordpress\/#\/schema\/person\/eba0fc3fe5b444531d94d4368cba89ed","name":"UGT","image":{"@type":"ImageObject","inLanguage":"es","@id":"https:\/\/secure.gravatar.com\/avatar\/2a16057d620a4c646bcfc171c4f23030879ebbdd346f0525bd5d4a564e57e13d?s=96&d=mm&r=g","url":"https:\/\/secure.gravatar.com\/avatar\/2a16057d620a4c646bcfc171c4f23030879ebbdd346f0525bd5d4a564e57e13d?s=96&d=mm&r=g","contentUrl":"https:\/\/secure.gravatar.com\/avatar\/2a16057d620a4c646bcfc171c4f23030879ebbdd346f0525bd5d4a564e57e13d?s=96&d=mm&r=g","caption":"UGT"}}]}},"_links":{"self":[{"href":"https:\/\/www.ugtcomunicaciones.es\/wordpress\/wp-json\/wp\/v2\/posts\/249680","targetHints":{"allow":["GET"]}}],"collection":[{"href":"https:\/\/www.ugtcomunicaciones.es\/wordpress\/wp-json\/wp\/v2\/posts"}],"about":[{"href":"https:\/\/www.ugtcomunicaciones.es\/wordpress\/wp-json\/wp\/v2\/types\/post"}],"author":[{"embeddable":true,"href":"https:\/\/www.ugtcomunicaciones.es\/wordpress\/wp-json\/wp\/v2\/users\/3"}],"replies":[{"embeddable":true,"href":"https:\/\/www.ugtcomunicaciones.es\/wordpress\/wp-json\/wp\/v2\/comments?post=249680"}],"version-history":[{"count":0,"href":"https:\/\/www.ugtcomunicaciones.es\/wordpress\/wp-json\/wp\/v2\/posts\/249680\/revisions"}],"wp:featuredmedia":[{"embeddable":true,"href":"https:\/\/www.ugtcomunicaciones.es\/wordpress\/wp-json\/wp\/v2\/media\/249698"}],"wp:attachment":[{"href":"https:\/\/www.ugtcomunicaciones.es\/wordpress\/wp-json\/wp\/v2\/media?parent=249680"}],"wp:term":[{"taxonomy":"category","embeddable":true,"href":"https:\/\/www.ugtcomunicaciones.es\/wordpress\/wp-json\/wp\/v2\/categories?post=249680"},{"taxonomy":"post_tag","embeddable":true,"href":"https:\/\/www.ugtcomunicaciones.es\/wordpress\/wp-json\/wp\/v2\/tags?post=249680"}],"curies":[{"name":"wp","href":"https:\/\/api.w.org\/{rel}","templated":true}]}}